{"id":1804810,"date":"2026-08-31T17:10:48","date_gmt":"2026-08-31T20:10:48","guid":{"rendered":"https:\/\/www.estrategiaconcursos.com.br\/blog\/?p=1804810"},"modified":"2026-08-31T17:10:52","modified_gmt":"2026-08-31T20:10:52","slug":"concurso-camara-assis-inscricoes","status":"publish","type":"post","link":"https:\/\/www.estrategiaconcursos.com.br\/blog\/concurso-camara-assis-inscricoes\/","title":{"rendered":"Concurso C\u00e2mara de Assis:\u00a0inscri\u00e7\u00f5es est\u00e3o abertas"},"content":{"rendered":"\n<p class=\"wp-block-paragraph\"><strong><em>Com taxa que varia de R$ 65 a R$ 155, inscri\u00e7\u00f5es devem ser feitas at\u00e9 o m\u00eas de outubro; saiba como participar<\/em><\/strong><\/p>\n\n\n\n<p class=\"wp-block-paragraph\">Est\u00e3o oficialmente abertas as inscri\u00e7\u00f5es do \u00a0<strong><a href=\"https:\/\/www.estrategiaconcursos.com.br\/cursosPorConcurso\/camara-assis-sp\/\" target=\"_blank\" rel=\"noopener\">C\u00e2mara Municipal de Assis<\/a><\/strong>. O certame oferta <strong>8 vagas imediatas, al\u00e9m de forma\u00e7\u00e3o de cadastro reserva<\/strong>.<\/p>\n\n\n\n<p class=\"wp-block-paragraph\">As oportunidades s\u00e3o distribu\u00eddas\u00a0em <strong>todos os n\u00edveis de escolaridade<\/strong>, e os sal\u00e1rios iniciais variam de <strong>R$ 1.437,64 a R$ 8.510,00<\/strong>.<\/p>\n\n\n\n<p class=\"wp-block-paragraph\">Com organiza\u00e7\u00e3o da <strong>Vunesp<\/strong>, as inscri\u00e7\u00f5es devem ser feitas at\u00e9 o dia <strong>08 de outubro<\/strong>, ao custo de <strong>R$ 65,00 para o n\u00edvel fundamental<\/strong>, <strong>R$ 80,00 para n\u00edvel m\u00e9dio<\/strong> e <strong>R$ 155,00 para n\u00edvel superior<\/strong>.<\/p>\n\n\n\n<p class=\"wp-block-paragraph\">No dia <strong>29 de novembro de 2026<\/strong>, os candidatos ser\u00e3o avaliados por meio de <strong>prova objetiva, discursiva e pr\u00e1tico-profissional<\/strong>, a depender do cargo. <\/p>\n\n\n\n<ul class=\"wp-block-list has-black-color has-very-light-gray-to-cyan-bluish-gray-gradient-background has-text-color has-background\">\n<li><strong>Edital<\/strong>:<a href=\"https:\/\/dhg1h5j42swfq.cloudfront.net\/2026\/08\/25222631\/edital-concurso-camara-de-assis-2026.pdf\"> edital C\u00e2mara Municipal de Assis<\/a><\/li>\n<\/ul>\n\n\n\n<div class=\"container\" id=\"boxes\">\n  <div class=\"row\">\n\n    <div class=\"col-sm\">\n      <div class=\"banner-camaras\" id=\"box-assinatura\">\n        <h3 class=\"titulo-assinatura\">Concurso C\u00e2mara de Assis<\/h3>\n        <p class=\"subtitulo-assinatura\">Conhe\u00e7a os cursos<\/p>\n        <div class=\"box-botao\">\n          <a class=\"btn-assinatura\" target=\"_blank\" href=\"https:\/\/www.estrategiaconcursos.com.br\/cursosPorConcurso\/camara-assis-sp\/\" role=\"button\" rel=\"noopener noreferrer\">Conhe\u00e7a mais<\/a>\n        <\/div>\n      <\/div>\n     \n    <\/div>\n\n  <\/div>\n<\/div>\n\n\n\n<h2 id=\"concurso-2025\" class=\"wp-block-heading\">Principais datas do Concurso C\u00e2mara de Assis<\/h2>\n\n\n\n<ul class=\"wp-block-list\">\n<li><strong>Inscri\u00e7\u00f5es:<\/strong> 31 de agosto a 08 de outubro<\/li>\n\n\n\n<li><strong>Isen\u00e7\u00e3o da taxa: <\/strong>31 de agosto a 1\u00ba de setembro<\/li>\n\n\n\n<li><strong>Pagamento da taxa: <\/strong>expresso no boleto<\/li>\n\n\n\n<li><strong>Data da prova objetiva: <\/strong>29 de novembro<\/li>\n<\/ul>\n\n\n\n<h2 id=\"cargos\" class=\"wp-block-heading\">Cargos e vagas do Concurso C\u00e2mara de Assis<\/h2>\n\n\n\n<figure class=\"wp-block-table is-style-stripes\"><table class=\"has-fixed-layout\"><thead><tr><th class=\"has-text-align-center\" data-align=\"center\">Cargo<\/th><th class=\"has-text-align-center\" data-align=\"center\">N\u00edvel de forma\u00e7\u00e3o<\/th><th class=\"has-text-align-center\" data-align=\"center\">Vagas<\/th><th class=\"has-text-align-center\" data-align=\"center\">Sal\u00e1rio<\/th><\/tr><\/thead><tbody><tr><td class=\"has-text-align-center\" data-align=\"center\">Ajudante de Servi\u00e7os<\/td><td class=\"has-text-align-center\" data-align=\"center\">Fundamental<\/td><td class=\"has-text-align-center\" data-align=\"center\">CR<\/td><td class=\"has-text-align-center\" data-align=\"center\">R$ 1.437,64<\/td><\/tr><tr><td class=\"has-text-align-center\" data-align=\"center\">Agente Legislativo<\/td><td class=\"has-text-align-center\" data-align=\"center\">M\u00e9dio<\/td><td class=\"has-text-align-center\" data-align=\"center\">3<\/td><td class=\"has-text-align-center\" data-align=\"center\">R$ 2.074,11<\/td><\/tr><tr><td class=\"has-text-align-center\" data-align=\"center\">Assistente T\u00e9cnico Cont\u00e1bil<\/td><td class=\"has-text-align-center\" data-align=\"center\">M\u00e9dio\/T\u00e9cnico<\/td><td class=\"has-text-align-center\" data-align=\"center\">1<\/td><td class=\"has-text-align-center\" data-align=\"center\">R$ 2.586,19<\/td><\/tr><tr><td class=\"has-text-align-center\" data-align=\"center\">Assistente T\u00e9cnico de \u00c1udio e V\u00eddeo<\/td><td class=\"has-text-align-center\" data-align=\"center\">M\u00e9dio\/T\u00e9cnico<\/td><td class=\"has-text-align-center\" data-align=\"center\">CR<\/td><td class=\"has-text-align-center\" data-align=\"center\">R$ 2.586,19<\/td><\/tr><tr><td class=\"has-text-align-center\" data-align=\"center\">Assistente T\u00e9cnico de Inform\u00e1tica<\/td><td class=\"has-text-align-center\" data-align=\"center\">M\u00e9dio\/T\u00e9cnico<\/td><td class=\"has-text-align-center\" data-align=\"center\">CR<\/td><td class=\"has-text-align-center\" data-align=\"center\">R$ 2.586,19<\/td><\/tr><tr><td class=\"has-text-align-center\" data-align=\"center\">Assistente T\u00e9cnico de Recursos Humanos<\/td><td class=\"has-text-align-center\" data-align=\"center\">M\u00e9dio\/T\u00e9cnico<\/td><td class=\"has-text-align-center\" data-align=\"center\">1<\/td><td class=\"has-text-align-center\" data-align=\"center\">R$ 2.586,19<\/td><\/tr><tr><td class=\"has-text-align-center\" data-align=\"center\">Motorista<\/td><td class=\"has-text-align-center\" data-align=\"center\">M\u00e9dio<\/td><td class=\"has-text-align-center\" data-align=\"center\">1<\/td><td class=\"has-text-align-center\" data-align=\"center\">R$ 2.014,90<\/td><\/tr><tr><td class=\"has-text-align-center\" data-align=\"center\">Analista de Sistemas<\/td><td class=\"has-text-align-center\" data-align=\"center\">Superior<\/td><td class=\"has-text-align-center\" data-align=\"center\">1<\/td><td class=\"has-text-align-center\" data-align=\"center\">R$ 3.388,93<\/td><\/tr><tr><td class=\"has-text-align-center\" data-align=\"center\">Controlador Interno<\/td><td class=\"has-text-align-center\" data-align=\"center\">Superior<\/td><td class=\"has-text-align-center\" data-align=\"center\">1<\/td><td class=\"has-text-align-center\" data-align=\"center\">R$ 4.262,79<\/td><\/tr><tr><td class=\"has-text-align-center\" data-align=\"center\">Procurador Legislativo<\/td><td class=\"has-text-align-center\" data-align=\"center\">Superior<\/td><td class=\"has-text-align-center\" data-align=\"center\">CR<\/td><td class=\"has-text-align-center\" data-align=\"center\">R$ 8.510,00<\/td><\/tr><\/tbody><\/table><\/figure>\n\n\n\n<h2 id=\"etapas\" class=\"wp-block-heading\">Etapas de provas<\/h2>\n\n\n\n<p class=\"wp-block-paragraph\">Os candidatos devidamente inscritos no Concurso C\u00e2mara de Assis ser\u00e3o avaliados mediante aplica\u00e7\u00e3o das seguintes etapas:<\/p>\n\n\n\n<ul class=\"wp-block-list\">\n<li><strong>Prova Objetiva<\/strong>, de car\u00e1ter eliminat\u00f3rio e classificat\u00f3rio, para todos os cargos;<\/li>\n\n\n\n<li><strong>Prova Pr\u00e1tica<\/strong>, de car\u00e1ter eliminat\u00f3rio, para o cargo de Motorista;<\/li>\n\n\n\n<li><strong>Prova Discursiva<\/strong>, de car\u00e1ter eliminat\u00f3rio e classificat\u00f3rio, para os cargos de Analista de Sistemas e Controlador Interno;<\/li>\n\n\n\n<li><strong>Pe\u00e7a Pr\u00e1tica<\/strong>, de car\u00e1ter eliminat\u00f3rio e classificat\u00f3rio, para o cargo de Procurador Legislativo; e<\/li>\n\n\n\n<li><strong>Prova de T\u00edtulos<\/strong>, de car\u00e1ter classificat\u00f3rio, para os cargos de Analista de Sistemas, Controlador Interno e Procurador Legislativo.<\/li>\n<\/ul>\n\n\n\n<p class=\"has-text-align-center wp-block-paragraph\"><em><strong>Para ficar por dentro de todas as informa\u00e7\u00f5es sobre o Concurso C\u00e2mara de Assos 2026, que est\u00e1 com edital publicado, n\u00e3o deixe de conferir nosso artigo completo sobre a sele\u00e7\u00e3o:<\/strong><\/em><\/p>\n\n\n\n<p class=\"has-text-align-center has-very-light-gray-to-cyan-bluish-gray-gradient-background has-background wp-block-paragraph\"><strong><a href=\"https:\/\/www.estrategiaconcursos.com.br\/blog\/concurso-camara-de-assis-sp\/\">Concurso C\u00e2mara de Assis<\/a><\/strong><\/p>\n\n\n\n<hr class=\"wp-block-separator has-css-opacity\"\/>\n\n\n\n<h2 class=\"wp-block-heading has-text-align-center\" id=\"cursos\">Quer estudar para o concurso?<\/h2>\n\n\n\n<div class=\"container\" id=\"boxes\">\n  <div class=\"row\">\n\n    <div class=\"col-sm\">\n      <div class=\"banner-camaras\" id=\"box-assinatura\">\n        <h3 class=\"titulo-assinatura\">Concurso C\u00e2mara de Assis<\/h3>\n        <p class=\"subtitulo-assinatura\">Conhe\u00e7a os cursos<\/p>\n        <div class=\"box-botao\">\n          <a class=\"btn-assinatura\" target=\"_blank\" href=\"https:\/\/www.estrategiaconcursos.com.br\/cursosPorConcurso\/camara-assis-sp\/\" role=\"button\" rel=\"noopener noreferrer\">Conhe\u00e7a mais<\/a>\n        <\/div>\n      <\/div>\n     \n    <\/div>\n\n  <\/div>\n<\/div>\n\n\n\n<div class=\"container\" id=\"boxes\">\n  <div class=\"row\">\n\n    <div class=\"col-sm\">\n      <div class=\"estrategia\" id=\"box-assinatura\">\n        <h3 class=\"titulo-assinatura\">Assinatura Concursos<\/h3>\n        <p class=\"subtitulo-assinatura\">Assinatura de 1 ano ou 2 anos<\/p>\n        <div class=\"box-botao\">\n          <a class=\"btn-assinatura\" target=\"_blank\" href=\"https:\/\/www.estrategiaconcursos.com.br\/blog\/assinaturas\/\" role=\"button\" rel=\"noopener noreferrer\">ASSINE AGORA<\/a>\n        <\/div>\n      <\/div><\/div><\/div><\/div>\n\n\n\n<h2 class=\"wp-block-heading has-text-align-center\" id=\"h-quer-saber-tudo-sobre-concursos-previstos-confira-nossos-artigos\">Quer saber tudo sobre concursos previstos? Confira  nossos artigos!<\/h2>\n\n\n\n<ul class=\"wp-block-list\">\n<li><a href=\"https:\/\/www.estrategiaconcursos.com.br\/blog\/concursos-abertos\/\" target=\"_blank\" rel=\"noreferrer noopener\">Concursos Abertos<\/a><\/li>\n\n\n\n<li><a href=\"https:\/\/www.estrategiaconcursos.com.br\/blog\/concursos-camaras-municipais\/\" target=\"_blank\" rel=\"noreferrer noopener\">Concursos C\u00e2maras Municipais<\/a><\/li>\n\n\n\n<li><a href=\"https:\/\/www.estrategiaconcursos.com.br\/blog\/concursos-area-legislativa\/\" target=\"_blank\" rel=\"noreferrer noopener\">Concursos Legislativos<\/a><\/li>\n\n\n\n<li><a href=\"https:\/\/www.estrategiaconcursos.com.br\/blog\/concursos-2026\/\" target=\"_blank\" rel=\"noreferrer noopener\">Concursos 2026<\/a><\/li>\n\n\n\n<li><a href=\"https:\/\/www.estrategiaconcursos.com.br\/blog\/concursos-2027\/\" target=\"_blank\" rel=\"noreferrer noopener\">Concursos 2027<\/a><\/li>\n<\/ul>\n\n\n\n<figure class=\"wp-block-image size-large is-resized\"><img loading=\"lazy\" decoding=\"async\" width=\"1024\" height=\"632\" src=\"https:\/\/dhg1h5j42swfq.cloudfront.net\/2025\/06\/27101122\/ficha-tecnica-1-1024x632.png\" alt=\"Informa\u00e7\u00f5es do Concurso C\u00e2mara de Pedra Branca\" class=\"wp-image-702728\" style=\"aspect-ratio:1.620253164556962;width:282px;height:auto\" srcset=\"https:\/\/dhg1h5j42swfq.cloudfront.net\/2025\/06\/27101122\/ficha-tecnica-1-1024x632.png 1024w, https:\/\/dhg1h5j42swfq.cloudfront.net\/2025\/06\/27101122\/ficha-tecnica-1-300x185.png 300w, https:\/\/dhg1h5j42swfq.cloudfront.net\/2025\/06\/27101122\/ficha-tecnica-1-768x474.png 768w, https:\/\/dhg1h5j42swfq.cloudfront.net\/2025\/06\/27101122\/ficha-tecnica-1-1536x948.png 1536w, https:\/\/dhg1h5j42swfq.cloudfront.net\/2025\/06\/27101122\/ficha-tecnica-1-610x377.png 610w, https:\/\/dhg1h5j42swfq.cloudfront.net\/2025\/06\/27101122\/ficha-tecnica-1.png 1571w\" sizes=\"auto, (max-width: 1024px) 100vw, 1024px\" \/><\/figure>\n\n\n\n<h3 id=\"ficha\" class=\"wp-block-heading\">Informa\u00e7\u00f5es do Concurso C\u00e2mara de Assis\/SP<\/h3>\n\n\n\n<ul class=\"wp-block-list\">\n<li><strong>Data da prova<\/strong>: 29\/11\/2026<\/li>\n\n\n\n<li><strong>Vagas<\/strong>: 8 + CR<\/li>\n\n\n\n<li><strong>Cargos<\/strong>: diversos<\/li>\n\n\n\n<li><strong>Banca:<\/strong> Vunesp<\/li>\n\n\n\n<li><strong>Escolaridade<\/strong>: n\u00edveis fundamental, m\u00e9dio, t\u00e9cnico e superior<\/li>\n\n\n\n<li><strong>Edital:<\/strong> <a href=\"https:\/\/dhg1h5j42swfq.cloudfront.net\/2026\/08\/25222631\/edital-concurso-camara-de-assis-2026.pdf\" target=\"_blank\" rel=\"noreferrer noopener nofollow\">edital CM C\u00e2mara de Assis 2026<\/a><\/li>\n<\/ul>\n","protected":false},"excerpt":{"rendered":"<p>Com taxa que varia de R$ 65 a R$ 155, inscri\u00e7\u00f5es devem ser feitas at\u00e9 o m\u00eas de outubro; saiba como participar Est\u00e3o oficialmente abertas as inscri\u00e7\u00f5es do \u00a0C\u00e2mara Municipal de Assis. O certame oferta 8 vagas imediatas, al\u00e9m de forma\u00e7\u00e3o de cadastro reserva. As oportunidades s\u00e3o distribu\u00eddas\u00a0em todos os n\u00edveis de escolaridade, e os [&hellip;]<\/p>\n","protected":false},"author":3198,"featured_media":1096074,"comment_status":"open","ping_status":"closed","sticky":false,"template":"","format":"standard","meta":{"_acf_changed":false,"post_tipo":"news","footnotes":""},"categories":[214992,220219],"tags":[],"tax_estado":[219989],"class_list":["post-1804810","post","type-post","status-publish","format-standard","has-post-thumbnail","hentry","category-concursos-administrativos","category-noticias","tax_estado-sp"],"acf":[],"yoast_head":"<!-- This site is optimized with the Yoast SEO Premium plugin v28.1 (Yoast SEO v28.1) - https:\/\/yoast.com\/product\/yoast-seo-premium-wordpress\/ -->\n<title>Concurso C\u00e2mara de Assis:\u00a0inscri\u00e7\u00f5es est\u00e3o abertas<\/title>\n<meta name=\"description\" content=\"Com taxa que varia de R$ 65 a R$ 155, inscri\u00e7\u00f5es devem ser feitas at\u00e9 o m\u00eas de outubro; saiba como participar\" \/>\n<meta name=\"robots\" content=\"index, follow, max-snippet:-1, max-image-preview:large, max-video-preview:-1\" \/>\n<link rel=\"canonical\" href=\"https:\/\/www.estrategiaconcursos.com.br\/blog\/concurso-camara-assis-inscricoes\/\" \/>\n<meta property=\"og:locale\" content=\"pt_BR\" \/>\n<meta property=\"og:type\" content=\"article\" \/>\n<meta property=\"og:title\" content=\"Concurso C\u00e2mara de Assis:\u00a0inscri\u00e7\u00f5es est\u00e3o abertas\" \/>\n<meta property=\"og:description\" content=\"Com taxa que varia de R$ 65 a R$ 155, inscri\u00e7\u00f5es devem ser feitas at\u00e9 o m\u00eas de outubro; saiba como participar\" \/>\n<meta property=\"og:url\" content=\"https:\/\/www.estrategiaconcursos.com.br\/blog\/concurso-camara-assis-inscricoes\/\" \/>\n<meta property=\"og:site_name\" content=\"Estrat\u00e9gia Concursos\" \/>\n<meta property=\"article:published_time\" content=\"2026-08-31T20:10:48+00:00\" \/>\n<meta property=\"article:modified_time\" content=\"2026-08-31T20:10:52+00:00\" \/>\n<meta property=\"og:image\" content=\"https:\/\/dhg1h5j42swfq.cloudfront.net\/2022\/09\/16121343\/concursos-camaras.jpg\" \/>\n\t<meta property=\"og:image:width\" content=\"768\" \/>\n\t<meta property=\"og:image:height\" content=\"432\" \/>\n\t<meta property=\"og:image:type\" content=\"image\/jpeg\" \/>\n<meta name=\"author\" content=\"Beatriz Santana\" \/>\n<meta name=\"twitter:card\" content=\"summary_large_image\" \/>\n<meta name=\"twitter:creator\" content=\"@EstratConcursos\" \/>\n<meta name=\"twitter:site\" content=\"@EstratConcursos\" \/>\n<meta name=\"twitter:label1\" content=\"Escrito por\" \/>\n\t<meta name=\"twitter:data1\" content=\"Beatriz Santana\" \/>\n\t<meta name=\"twitter:label2\" content=\"Est. tempo de leitura\" \/>\n\t<meta name=\"twitter:data2\" content=\"2 minutos\" \/>\n<script type=\"application\/ld+json\" class=\"yoast-schema-graph\">{\"@context\":\"https:\\\/\\\/schema.org\",\"@graph\":[{\"@type\":\"NewsArticle\",\"@id\":\"https:\\\/\\\/www.estrategiaconcursos.com.br\\\/blog\\\/concurso-camara-assis-inscricoes\\\/#article\",\"isPartOf\":{\"@id\":\"https:\\\/\\\/www.estrategiaconcursos.com.br\\\/blog\\\/concurso-camara-assis-inscricoes\\\/\"},\"author\":{\"name\":\"Beatriz Santana\",\"@id\":\"https:\\\/\\\/blog-estrategia.mystagingwebsite.com\\\/#\\\/schema\\\/person\\\/a56155f43f08308d944a2f1b6283727d\"},\"headline\":\"Concurso C\u00e2mara de Assis:\u00a0inscri\u00e7\u00f5es est\u00e3o abertas\",\"datePublished\":\"2026-08-31T20:10:48+00:00\",\"dateModified\":\"2026-08-31T20:10:52+00:00\",\"mainEntityOfPage\":{\"@id\":\"https:\\\/\\\/www.estrategiaconcursos.com.br\\\/blog\\\/concurso-camara-assis-inscricoes\\\/\"},\"wordCount\":518,\"commentCount\":0,\"publisher\":{\"@id\":\"https:\\\/\\\/blog-estrategia.mystagingwebsite.com\\\/#organization\"},\"image\":{\"@id\":\"https:\\\/\\\/www.estrategiaconcursos.com.br\\\/blog\\\/concurso-camara-assis-inscricoes\\\/#primaryimage\"},\"thumbnailUrl\":\"https:\\\/\\\/dhg1h5j42swfq.cloudfront.net\\\/2022\\\/09\\\/16121343\\\/concursos-camaras.jpg\",\"articleSection\":[\"Executivo (Administrativa)\",\"\u00daltimas not\u00edcias\"],\"inLanguage\":\"pt-BR\",\"potentialAction\":[{\"@type\":\"CommentAction\",\"name\":\"Comment\",\"target\":[\"https:\\\/\\\/www.estrategiaconcursos.com.br\\\/blog\\\/concurso-camara-assis-inscricoes\\\/#respond\"]}],\"copyrightYear\":\"2026\",\"copyrightHolder\":{\"@id\":\"https:\\\/\\\/www.estrategiaconcursos.com.br\\\/blog\\\/#organization\"}},{\"@type\":\"WebPage\",\"@id\":\"https:\\\/\\\/www.estrategiaconcursos.com.br\\\/blog\\\/concurso-camara-assis-inscricoes\\\/\",\"url\":\"https:\\\/\\\/www.estrategiaconcursos.com.br\\\/blog\\\/concurso-camara-assis-inscricoes\\\/\",\"name\":\"Concurso C\u00e2mara de Assis:\u00a0inscri\u00e7\u00f5es est\u00e3o abertas\",\"isPartOf\":{\"@id\":\"https:\\\/\\\/blog-estrategia.mystagingwebsite.com\\\/#website\"},\"primaryImageOfPage\":{\"@id\":\"https:\\\/\\\/www.estrategiaconcursos.com.br\\\/blog\\\/concurso-camara-assis-inscricoes\\\/#primaryimage\"},\"image\":{\"@id\":\"https:\\\/\\\/www.estrategiaconcursos.com.br\\\/blog\\\/concurso-camara-assis-inscricoes\\\/#primaryimage\"},\"thumbnailUrl\":\"https:\\\/\\\/dhg1h5j42swfq.cloudfront.net\\\/2022\\\/09\\\/16121343\\\/concursos-camaras.jpg\",\"datePublished\":\"2026-08-31T20:10:48+00:00\",\"dateModified\":\"2026-08-31T20:10:52+00:00\",\"description\":\"Com taxa que varia de R$ 65 a R$ 155, inscri\u00e7\u00f5es devem ser feitas at\u00e9 o m\u00eas de outubro; saiba como participar\",\"breadcrumb\":{\"@id\":\"https:\\\/\\\/www.estrategiaconcursos.com.br\\\/blog\\\/concurso-camara-assis-inscricoes\\\/#breadcrumb\"},\"inLanguage\":\"pt-BR\",\"potentialAction\":[{\"@type\":\"ReadAction\",\"target\":[\"https:\\\/\\\/www.estrategiaconcursos.com.br\\\/blog\\\/concurso-camara-assis-inscricoes\\\/\"]}]},{\"@type\":\"ImageObject\",\"inLanguage\":\"pt-BR\",\"@id\":\"https:\\\/\\\/www.estrategiaconcursos.com.br\\\/blog\\\/concurso-camara-assis-inscricoes\\\/#primaryimage\",\"url\":\"https:\\\/\\\/dhg1h5j42swfq.cloudfront.net\\\/2022\\\/09\\\/16121343\\\/concursos-camaras.jpg\",\"contentUrl\":\"https:\\\/\\\/dhg1h5j42swfq.cloudfront.net\\\/2022\\\/09\\\/16121343\\\/concursos-camaras.jpg\",\"width\":768,\"height\":432,\"caption\":\"Concursos C\u00e2maras\"},{\"@type\":\"BreadcrumbList\",\"@id\":\"https:\\\/\\\/www.estrategiaconcursos.com.br\\\/blog\\\/concurso-camara-assis-inscricoes\\\/#breadcrumb\",\"itemListElement\":[{\"@type\":\"ListItem\",\"position\":1,\"name\":\"In\u00edcio\",\"item\":\"https:\\\/\\\/blog-estrategia.mystagingwebsite.com\\\/\"},{\"@type\":\"ListItem\",\"position\":2,\"name\":\"Concurso C\u00e2mara de Assis:\u00a0inscri\u00e7\u00f5es est\u00e3o abertas\"}]},{\"@type\":\"WebSite\",\"@id\":\"https:\\\/\\\/blog-estrategia.mystagingwebsite.com\\\/#website\",\"url\":\"https:\\\/\\\/blog-estrategia.mystagingwebsite.com\\\/\",\"name\":\"Estrat\u00e9gia Concursos\",\"description\":\"O blog da Estrat\u00e9gia Concursos traz not\u00edcias sobre concursos e artigos de professores oferecendo cursos para concursos (pdf + videaulas) no site.\",\"publisher\":{\"@id\":\"https:\\\/\\\/blog-estrategia.mystagingwebsite.com\\\/#organization\"},\"potentialAction\":[{\"@type\":\"SearchAction\",\"target\":{\"@type\":\"EntryPoint\",\"urlTemplate\":\"https:\\\/\\\/blog-estrategia.mystagingwebsite.com\\\/?s={search_term_string}\"},\"query-input\":{\"@type\":\"PropertyValueSpecification\",\"valueRequired\":true,\"valueName\":\"search_term_string\"}}],\"inLanguage\":\"pt-BR\"},{\"@type\":\"Organization\",\"@id\":\"https:\\\/\\\/blog-estrategia.mystagingwebsite.com\\\/#organization\",\"name\":\"Estrat\u00e9gia Concursos\",\"url\":\"https:\\\/\\\/blog-estrategia.mystagingwebsite.com\\\/\",\"logo\":{\"@type\":\"ImageObject\",\"inLanguage\":\"pt-BR\",\"@id\":\"https:\\\/\\\/blog-estrategia.mystagingwebsite.com\\\/#\\\/schema\\\/logo\\\/image\\\/\",\"url\":\"https:\\\/\\\/dhg1h5j42swfq.cloudfront.net\\\/2025\\\/06\\\/03203428\\\/logo_concursos-1.jpg\",\"contentUrl\":\"https:\\\/\\\/dhg1h5j42swfq.cloudfront.net\\\/2025\\\/06\\\/03203428\\\/logo_concursos-1.jpg\",\"width\":230,\"height\":60,\"caption\":\"Estrat\u00e9gia Concursos\"},\"image\":{\"@id\":\"https:\\\/\\\/blog-estrategia.mystagingwebsite.com\\\/#\\\/schema\\\/logo\\\/image\\\/\"},\"sameAs\":[\"https:\\\/\\\/x.com\\\/EstratConcursos\"]},{\"@type\":\"Person\",\"@id\":\"https:\\\/\\\/blog-estrategia.mystagingwebsite.com\\\/#\\\/schema\\\/person\\\/a56155f43f08308d944a2f1b6283727d\",\"name\":\"Beatriz Santana\",\"image\":{\"@type\":\"ImageObject\",\"inLanguage\":\"pt-BR\",\"@id\":\"https:\\\/\\\/secure.gravatar.com\\\/avatar\\\/7547daa5690cb7ee1592e1cb137350cfe51b8b309b136617f253fbddf7a0531c?s=96&d=mm&r=g\",\"url\":\"https:\\\/\\\/secure.gravatar.com\\\/avatar\\\/7547daa5690cb7ee1592e1cb137350cfe51b8b309b136617f253fbddf7a0531c?s=96&d=mm&r=g\",\"contentUrl\":\"https:\\\/\\\/secure.gravatar.com\\\/avatar\\\/7547daa5690cb7ee1592e1cb137350cfe51b8b309b136617f253fbddf7a0531c?s=96&d=mm&r=g\",\"caption\":\"Beatriz Santana\"},\"description\":\"Jornalista formada pela Unesp, com mais de 4 anos de experi\u00eancia na cobertura de educa\u00e7\u00e3o e de processos seletivos.\",\"url\":\"https:\\\/\\\/www.estrategiaconcursos.com.br\\\/blog\\\/author\\\/beatriz-santanaestrategia-com\\\/\"}]}<\/script>\n<!-- \/ Yoast SEO Premium plugin. -->","yoast_head_json":{"title":"Concurso C\u00e2mara de Assis:\u00a0inscri\u00e7\u00f5es est\u00e3o abertas","description":"Com taxa que varia de R$ 65 a R$ 155, inscri\u00e7\u00f5es devem ser feitas at\u00e9 o m\u00eas de outubro; saiba como participar","robots":{"index":"index","follow":"follow","max-snippet":"max-snippet:-1","max-image-preview":"max-image-preview:large","max-video-preview":"max-video-preview:-1"},"canonical":"https:\/\/www.estrategiaconcursos.com.br\/blog\/concurso-camara-assis-inscricoes\/","og_locale":"pt_BR","og_type":"article","og_title":"Concurso C\u00e2mara de Assis:\u00a0inscri\u00e7\u00f5es est\u00e3o abertas","og_description":"Com taxa que varia de R$ 65 a R$ 155, inscri\u00e7\u00f5es devem ser feitas at\u00e9 o m\u00eas de outubro; saiba como participar","og_url":"https:\/\/www.estrategiaconcursos.com.br\/blog\/concurso-camara-assis-inscricoes\/","og_site_name":"Estrat\u00e9gia Concursos","article_published_time":"2026-08-31T20:10:48+00:00","article_modified_time":"2026-08-31T20:10:52+00:00","og_image":[{"width":768,"height":432,"url":"https:\/\/dhg1h5j42swfq.cloudfront.net\/2022\/09\/16121343\/concursos-camaras.jpg","type":"image\/jpeg"}],"author":"Beatriz Santana","twitter_card":"summary_large_image","twitter_creator":"@EstratConcursos","twitter_site":"@EstratConcursos","twitter_misc":{"Escrito por":"Beatriz Santana","Est. tempo de leitura":"2 minutos"},"schema":{"@context":"https:\/\/schema.org","@graph":[{"@type":"NewsArticle","@id":"https:\/\/www.estrategiaconcursos.com.br\/blog\/concurso-camara-assis-inscricoes\/#article","isPartOf":{"@id":"https:\/\/www.estrategiaconcursos.com.br\/blog\/concurso-camara-assis-inscricoes\/"},"author":{"name":"Beatriz Santana","@id":"https:\/\/blog-estrategia.mystagingwebsite.com\/#\/schema\/person\/a56155f43f08308d944a2f1b6283727d"},"headline":"Concurso C\u00e2mara de Assis:\u00a0inscri\u00e7\u00f5es est\u00e3o abertas","datePublished":"2026-08-31T20:10:48+00:00","dateModified":"2026-08-31T20:10:52+00:00","mainEntityOfPage":{"@id":"https:\/\/www.estrategiaconcursos.com.br\/blog\/concurso-camara-assis-inscricoes\/"},"wordCount":518,"commentCount":0,"publisher":{"@id":"https:\/\/blog-estrategia.mystagingwebsite.com\/#organization"},"image":{"@id":"https:\/\/www.estrategiaconcursos.com.br\/blog\/concurso-camara-assis-inscricoes\/#primaryimage"},"thumbnailUrl":"https:\/\/dhg1h5j42swfq.cloudfront.net\/2022\/09\/16121343\/concursos-camaras.jpg","articleSection":["Executivo (Administrativa)","\u00daltimas not\u00edcias"],"inLanguage":"pt-BR","potentialAction":[{"@type":"CommentAction","name":"Comment","target":["https:\/\/www.estrategiaconcursos.com.br\/blog\/concurso-camara-assis-inscricoes\/#respond"]}],"copyrightYear":"2026","copyrightHolder":{"@id":"https:\/\/www.estrategiaconcursos.com.br\/blog\/#organization"}},{"@type":"WebPage","@id":"https:\/\/www.estrategiaconcursos.com.br\/blog\/concurso-camara-assis-inscricoes\/","url":"https:\/\/www.estrategiaconcursos.com.br\/blog\/concurso-camara-assis-inscricoes\/","name":"Concurso C\u00e2mara de Assis:\u00a0inscri\u00e7\u00f5es est\u00e3o abertas","isPartOf":{"@id":"https:\/\/blog-estrategia.mystagingwebsite.com\/#website"},"primaryImageOfPage":{"@id":"https:\/\/www.estrategiaconcursos.com.br\/blog\/concurso-camara-assis-inscricoes\/#primaryimage"},"image":{"@id":"https:\/\/www.estrategiaconcursos.com.br\/blog\/concurso-camara-assis-inscricoes\/#primaryimage"},"thumbnailUrl":"https:\/\/dhg1h5j42swfq.cloudfront.net\/2022\/09\/16121343\/concursos-camaras.jpg","datePublished":"2026-08-31T20:10:48+00:00","dateModified":"2026-08-31T20:10:52+00:00","description":"Com taxa que varia de R$ 65 a R$ 155, inscri\u00e7\u00f5es devem ser feitas at\u00e9 o m\u00eas de outubro; saiba como participar","breadcrumb":{"@id":"https:\/\/www.estrategiaconcursos.com.br\/blog\/concurso-camara-assis-inscricoes\/#breadcrumb"},"inLanguage":"pt-BR","potentialAction":[{"@type":"ReadAction","target":["https:\/\/www.estrategiaconcursos.com.br\/blog\/concurso-camara-assis-inscricoes\/"]}]},{"@type":"ImageObject","inLanguage":"pt-BR","@id":"https:\/\/www.estrategiaconcursos.com.br\/blog\/concurso-camara-assis-inscricoes\/#primaryimage","url":"https:\/\/dhg1h5j42swfq.cloudfront.net\/2022\/09\/16121343\/concursos-camaras.jpg","contentUrl":"https:\/\/dhg1h5j42swfq.cloudfront.net\/2022\/09\/16121343\/concursos-camaras.jpg","width":768,"height":432,"caption":"Concursos C\u00e2maras"},{"@type":"BreadcrumbList","@id":"https:\/\/www.estrategiaconcursos.com.br\/blog\/concurso-camara-assis-inscricoes\/#breadcrumb","itemListElement":[{"@type":"ListItem","position":1,"name":"In\u00edcio","item":"https:\/\/blog-estrategia.mystagingwebsite.com\/"},{"@type":"ListItem","position":2,"name":"Concurso C\u00e2mara de Assis:\u00a0inscri\u00e7\u00f5es est\u00e3o abertas"}]},{"@type":"WebSite","@id":"https:\/\/blog-estrategia.mystagingwebsite.com\/#website","url":"https:\/\/blog-estrategia.mystagingwebsite.com\/","name":"Estrat\u00e9gia Concursos","description":"O blog da Estrat\u00e9gia Concursos traz not\u00edcias sobre concursos e artigos de professores oferecendo cursos para concursos (pdf + videaulas) no site.","publisher":{"@id":"https:\/\/blog-estrategia.mystagingwebsite.com\/#organization"},"potentialAction":[{"@type":"SearchAction","target":{"@type":"EntryPoint","urlTemplate":"https:\/\/blog-estrategia.mystagingwebsite.com\/?s={search_term_string}"},"query-input":{"@type":"PropertyValueSpecification","valueRequired":true,"valueName":"search_term_string"}}],"inLanguage":"pt-BR"},{"@type":"Organization","@id":"https:\/\/blog-estrategia.mystagingwebsite.com\/#organization","name":"Estrat\u00e9gia Concursos","url":"https:\/\/blog-estrategia.mystagingwebsite.com\/","logo":{"@type":"ImageObject","inLanguage":"pt-BR","@id":"https:\/\/blog-estrategia.mystagingwebsite.com\/#\/schema\/logo\/image\/","url":"https:\/\/dhg1h5j42swfq.cloudfront.net\/2025\/06\/03203428\/logo_concursos-1.jpg","contentUrl":"https:\/\/dhg1h5j42swfq.cloudfront.net\/2025\/06\/03203428\/logo_concursos-1.jpg","width":230,"height":60,"caption":"Estrat\u00e9gia Concursos"},"image":{"@id":"https:\/\/blog-estrategia.mystagingwebsite.com\/#\/schema\/logo\/image\/"},"sameAs":["https:\/\/x.com\/EstratConcursos"]},{"@type":"Person","@id":"https:\/\/blog-estrategia.mystagingwebsite.com\/#\/schema\/person\/a56155f43f08308d944a2f1b6283727d","name":"Beatriz Santana","image":{"@type":"ImageObject","inLanguage":"pt-BR","@id":"https:\/\/secure.gravatar.com\/avatar\/7547daa5690cb7ee1592e1cb137350cfe51b8b309b136617f253fbddf7a0531c?s=96&d=mm&r=g","url":"https:\/\/secure.gravatar.com\/avatar\/7547daa5690cb7ee1592e1cb137350cfe51b8b309b136617f253fbddf7a0531c?s=96&d=mm&r=g","contentUrl":"https:\/\/secure.gravatar.com\/avatar\/7547daa5690cb7ee1592e1cb137350cfe51b8b309b136617f253fbddf7a0531c?s=96&d=mm&r=g","caption":"Beatriz Santana"},"description":"Jornalista formada pela Unesp, com mais de 4 anos de experi\u00eancia na cobertura de educa\u00e7\u00e3o e de processos seletivos.","url":"https:\/\/www.estrategiaconcursos.com.br\/blog\/author\/beatriz-santanaestrategia-com\/"}]}},"_links":{"self":[{"href":"https:\/\/www.estrategiaconcursos.com.br\/blog\/wp-json\/wp\/v2\/posts\/1804810","targetHints":{"allow":["GET"]}}],"collection":[{"href":"https:\/\/www.estrategiaconcursos.com.br\/blog\/wp-json\/wp\/v2\/posts"}],"about":[{"href":"https:\/\/www.estrategiaconcursos.com.br\/blog\/wp-json\/wp\/v2\/types\/post"}],"author":[{"embeddable":true,"href":"https:\/\/www.estrategiaconcursos.com.br\/blog\/wp-json\/wp\/v2\/users\/3198"}],"replies":[{"embeddable":true,"href":"https:\/\/www.estrategiaconcursos.com.br\/blog\/wp-json\/wp\/v2\/comments?post=1804810"}],"version-history":[{"count":1,"href":"https:\/\/www.estrategiaconcursos.com.br\/blog\/wp-json\/wp\/v2\/posts\/1804810\/revisions"}],"predecessor-version":[{"id":1804813,"href":"https:\/\/www.estrategiaconcursos.com.br\/blog\/wp-json\/wp\/v2\/posts\/1804810\/revisions\/1804813"}],"wp:featuredmedia":[{"embeddable":true,"href":"https:\/\/www.estrategiaconcursos.com.br\/blog\/wp-json\/wp\/v2\/media\/1096074"}],"wp:attachment":[{"href":"https:\/\/www.estrategiaconcursos.com.br\/blog\/wp-json\/wp\/v2\/media?parent=1804810"}],"wp:term":[{"taxonomy":"category","embeddable":true,"href":"https:\/\/www.estrategiaconcursos.com.br\/blog\/wp-json\/wp\/v2\/categories?post=1804810"},{"taxonomy":"post_tag","embeddable":true,"href":"https:\/\/www.estrategiaconcursos.com.br\/blog\/wp-json\/wp\/v2\/tags?post=1804810"},{"taxonomy":"tax_estado","embeddable":true,"href":"https:\/\/www.estrategiaconcursos.com.br\/blog\/wp-json\/wp\/v2\/tax_estado?post=1804810"}],"curies":[{"name":"wp","href":"https:\/\/api.w.org\/{rel}","templated":true}]}}