{"id":1804656,"date":"2026-08-31T08:46:45","date_gmt":"2026-08-31T11:46:45","guid":{"rendered":"https:\/\/www.estrategiaconcursos.com.br\/blog\/?p=1804656"},"modified":"2026-08-31T08:53:33","modified_gmt":"2026-08-31T11:53:33","slug":"concurso-seduc-pa-2026-edital-publicado","status":"publish","type":"post","link":"https:\/\/www.estrategiaconcursos.com.br\/blog\/concurso-seduc-pa-2026-edital-publicado\/","title":{"rendered":"Edital SEDUC PA 2026: edital publicado com 2 mil vagas"},"content":{"rendered":"\n<p class=\"wp-block-paragraph\" id=\"h-\"><strong><em>O edital do Concurso SEDUC PA acaba de ser divulgado e oferece oportunidades para n\u00edveis m\u00e9dio e superior, com sal\u00e1rios de at\u00e9 R$ 6 mil <\/em><\/strong><\/p>\n\n\n\n<p class=\"wp-block-paragraph\">O edital do concurso da <strong><\/strong><strong><a href=\"https:\/\/www.estrategiaconcursos.com.br\/cursosPorConcurso\/seduc-pa\/\" target=\"_blank\" rel=\"noopener\">Secretaria de Educa\u00e7\u00e3o do Estado do Par\u00e1<\/a><\/strong>\u00a0 (SEDUC PA) foi publicado com a oferta de <strong>2 mil vagas<\/strong> imediatas, al\u00e9m da forma\u00e7\u00e3o de cadastro de reserva, para diversos cargos e escolaridades. A <strong>Funda\u00e7\u00e3o Get\u00falio Vargas (FGV)<\/strong> \u00e9 a institui\u00e7\u00e3o definida como banca organizadora respons\u00e1vel pela sele\u00e7\u00e3o.<\/p>\n\n\n\n<p class=\"wp-block-paragraph\">Com isso, os candidatos que desejam ingressar na rede estadual de ensino devem realizar o cadastro de forma totalmente online. O procedimento estar\u00e1 dispon\u00edvel no site da banca das 16h do dia 31 de agosto at\u00e9 as 16h do dia 1\u00ba de outubro.<\/p>\n\n\n\n<p class=\"wp-block-paragraph\">Al\u00e9m disso, a valida\u00e7\u00e3o da candidatura exige o pagamento de uma taxa de inscri\u00e7\u00e3o. O valor cobrado \u00e9 de <strong>R$ 85<\/strong> para os cargos de Ensino M\u00e9dio, <strong>R$ 135<\/strong> para os cargos de n\u00edvel superior da \u00e1rea administrativa e <strong>R$ 185<\/strong> para as fun\u00e7\u00f5es de Professor e Especialista. <\/p>\n\n\n\n<p class=\"wp-block-paragraph\">No dia <strong>29 de novembro<\/strong>, os candidatos ser\u00e3o avaliados por meio de uma prova objetiva de m\u00faltipla escolha. A depender do cargo, outras etapas ainda ser\u00e3o aplicadas.<\/p>\n\n\n\n<ul class=\"wp-block-list has-very-light-gray-to-cyan-bluish-gray-gradient-background has-background\">\n<li><strong>Edital<\/strong>: <a href=\"https:\/\/dhg1h5j42swfq.cloudfront.net\/2026\/08\/31083126\/seduc-pa-edital.pdf\" target=\"_blank\" rel=\"noreferrer noopener\">edital SEDUC PA 2026<\/a><\/li>\n<\/ul>\n\n\n\n<div class=\"col-sm\">\n      <div class=\"banner-estrategia\" id=\"box-assinatura\">\n        <h3 class=\"titulo-assinatura\">Cursos para SEDUC PA<\/h3>\n        <p class=\"subtitulo-assinatura\">Conhe\u00e7a os cursos<\/p>\n        <div class=\"box-botao\">\n          <a class=\"btn-assinatura\" target=\"_blank\" href=\"https:\/\/www.estrategiaconcursos.com.br\/cursosPorConcurso\/seduc-pa\/\" role=\"button\" rel=\"noopener noreferrer\">Conhe\u00e7a mais<\/a>\n        <\/div>\n      <\/div>\n      <p class=\"texto-auxiliar\">Prepare-se com o melhor material e com quem mais aprova em Concursos P\u00fablicos em todo o pa\u00eds.<\/p>\n    <\/div>\n\n\n\n<h2 id=\"h-principais-datas-do-edital-seduc-pa\" class=\"wp-block-heading\">Principais datas do edital SEDUC PA<\/h2>\n\n\n\n<ul class=\"wp-block-list\">\n<li><strong>Inscri\u00e7\u00f5es:<\/strong> 31 de agosto a 1\u00ba de outubro <\/li>\n\n\n\n<li><strong>Isen\u00e7\u00e3o da taxa:<\/strong> 31 de agosto a 03 de setembro <\/li>\n\n\n\n<li><strong>Pagamento da taxa: <\/strong>at\u00e9 o dia 02 de outubro <\/li>\n\n\n\n<li><strong>Data da prova objetiva: <\/strong>29 de novembro <\/li>\n<\/ul>\n\n\n\n<h2 class=\"wp-block-heading\">Cargos, vagas e sal\u00e1rios do Concurso SEDUC PA<\/h2>\n\n\n\n<h3 id=\"h-cargos-de-nivel-medio\" class=\"wp-block-heading\">Cargos de n\u00edvel m\u00e9dio<\/h3>\n\n\n\n<figure class=\"wp-block-table is-style-stripes\"><table class=\"has-fixed-layout\"><thead><tr><td class=\"has-text-align-center\" data-align=\"center\"><strong>Cargos<\/strong><\/td><td class=\"has-text-align-center\" data-align=\"center\"><strong>Total de Vagas<\/strong><\/td><td class=\"has-text-align-center\" data-align=\"center\"><strong>Sal\u00e1rio (R$)<\/strong><\/td><\/tr><\/thead><tbody><tr><td class=\"has-text-align-center\" data-align=\"center\">Assistente de Gest\u00e3o Governamental e Educacional<\/td><td class=\"has-text-align-center\" data-align=\"center\">49<\/td><td class=\"has-text-align-center\" data-align=\"center\">1.864,29<\/td><\/tr><\/tbody><\/table><\/figure>\n\n\n\n<h3 id=\"h-cargos-de-nivel-superior-area-administrativa-e-pedagogica\" class=\"wp-block-heading\">Cargos de n\u00edvel superior (\u00c1rea Administrativa e Pedag\u00f3gica)<\/h3>\n\n\n\n<figure class=\"wp-block-table is-style-stripes\"><table class=\"has-fixed-layout\"><thead><tr><td class=\"has-text-align-center\" data-align=\"center\"><strong>Cargos \/ Especialidade<\/strong><\/td><td class=\"has-text-align-center\" data-align=\"center\"><strong>Total de Vagas<\/strong><\/td><td class=\"has-text-align-center\" data-align=\"center\"><strong>Sal\u00e1rio (R$)<\/strong><\/td><\/tr><\/thead><tbody><tr><td class=\"has-text-align-center\" data-align=\"center\">Especialista em Educa\u00e7\u00e3o<\/td><td class=\"has-text-align-center\" data-align=\"center\">112 + CR<\/td><td class=\"has-text-align-center\" data-align=\"center\">6.590,47<\/td><\/tr><tr><td class=\"has-text-align-center\" data-align=\"center\">Analista de Gest\u00e3o Governamental e Pol. Educacional &#8211; Administra\u00e7\u00e3o<\/td><td class=\"has-text-align-center\" data-align=\"center\">06 + CR<\/td><td class=\"has-text-align-center\" data-align=\"center\">5.907,63<\/td><\/tr><tr><td class=\"has-text-align-center\" data-align=\"center\">Analista de Gest\u00e3o Governamental e Pol. Educacional &#8211; Ci\u00eancias Cont\u00e1beis<\/td><td class=\"has-text-align-center\" data-align=\"center\">40 + CR<\/td><td class=\"has-text-align-center\" data-align=\"center\">5.907,63<\/td><\/tr><tr><td class=\"has-text-align-center\" data-align=\"center\">Analista de Gest\u00e3o Governamental e Pol. Educacional &#8211; Ci\u00eancias Econ\u00f4micas<\/td><td class=\"has-text-align-center\" data-align=\"center\">06 + CR<\/td><td class=\"has-text-align-center\" data-align=\"center\">5.907,63<\/td><\/tr><tr><td class=\"has-text-align-center\" data-align=\"center\">Analista de Gest\u00e3o Governamental e Pol. Educacional &#8211; Estat\u00edstica<\/td><td class=\"has-text-align-center\" data-align=\"center\">06 + CR<\/td><td class=\"has-text-align-center\" data-align=\"center\">5.907,63<\/td><\/tr><tr><td class=\"has-text-align-center\" data-align=\"center\">Analista de Gest\u00e3o Governamental e Infra. Educacional &#8211; Arquitetura e Urbanismo<\/td><td class=\"has-text-align-center\" data-align=\"center\">06 + CR<\/td><td class=\"has-text-align-center\" data-align=\"center\">5.907,63<\/td><\/tr><tr><td class=\"has-text-align-center\" data-align=\"center\">Analista de Gest\u00e3o Governamental e Infra. Educacional &#8211; Engenharia Civil<\/td><td class=\"has-text-align-center\" data-align=\"center\">18 + CR<\/td><td class=\"has-text-align-center\" data-align=\"center\">5.907,63<\/td><\/tr><tr><td class=\"has-text-align-center\" data-align=\"center\">Analista de Gest\u00e3o Governamental e Infra. Educacional &#8211; Engenharia El\u00e9trica<\/td><td class=\"has-text-align-center\" data-align=\"center\">19 + CR<\/td><td class=\"has-text-align-center\" data-align=\"center\">5.907,63<\/td><\/tr><tr><td class=\"has-text-align-center\" data-align=\"center\">Analista de Suporte Educacional &#8211; Nutri\u00e7\u00e3o<\/td><td class=\"has-text-align-center\" data-align=\"center\">06 + CR<\/td><td class=\"has-text-align-center\" data-align=\"center\">5.907,63<\/td><\/tr><tr><td class=\"has-text-align-center\" data-align=\"center\">Analista de Suporte Educacional &#8211; Psicologia<\/td><td class=\"has-text-align-center\" data-align=\"center\">19 + CR<\/td><td class=\"has-text-align-center\" data-align=\"center\">5.907,63<\/td><\/tr><tr><td class=\"has-text-align-center\" data-align=\"center\">Analista de Suporte Educacional &#8211; Servi\u00e7o Social<\/td><td class=\"has-text-align-center\" data-align=\"center\">19 + CR<\/td><td class=\"has-text-align-center\" data-align=\"center\">5.907,63<\/td><\/tr><\/tbody><\/table><\/figure>\n\n\n\n<h3 id=\"h-cargos-de-nivel-superior-magisterio-professor-classe-i\" class=\"wp-block-heading\">Cargos de n\u00edvel superior (Magist\u00e9rio &#8211; Professor Classe I)<\/h3>\n\n\n\n<figure class=\"wp-block-table is-style-stripes\"><table class=\"has-fixed-layout\"><thead><tr><td class=\"has-text-align-center\" data-align=\"center\"><strong>Disciplina \/ Forma\u00e7\u00e3o<\/strong><\/td><td class=\"has-text-align-center\" data-align=\"center\"><strong>Total de Vagas<\/strong><\/td><td class=\"has-text-align-center\" data-align=\"center\"><strong>Sal\u00e1rio (R$)<\/strong><\/td><\/tr><\/thead><tbody><tr><td class=\"has-text-align-center\" data-align=\"center\">Matem\u00e1tica<\/td><td class=\"has-text-align-center\" data-align=\"center\">238 + CR<\/td><td class=\"has-text-align-center\" data-align=\"center\">4.393,64<\/td><\/tr><tr><td class=\"has-text-align-center\" data-align=\"center\">L\u00edngua Portuguesa<\/td><td class=\"has-text-align-center\" data-align=\"center\">213 + CR<\/td><td class=\"has-text-align-center\" data-align=\"center\">4.393,64<\/td><\/tr><tr><td class=\"has-text-align-center\" data-align=\"center\">Hist\u00f3ria<\/td><td class=\"has-text-align-center\" data-align=\"center\">112 + CR<\/td><td class=\"has-text-align-center\" data-align=\"center\">4.393,64<\/td><\/tr><tr><td class=\"has-text-align-center\" data-align=\"center\">Geografia<\/td><td class=\"has-text-align-center\" data-align=\"center\">116 + CR<\/td><td class=\"has-text-align-center\" data-align=\"center\">4.393,64<\/td><\/tr><tr><td class=\"has-text-align-center\" data-align=\"center\">Filosofia<\/td><td class=\"has-text-align-center\" data-align=\"center\">82 + CR<\/td><td class=\"has-text-align-center\" data-align=\"center\">4.393,64<\/td><\/tr><tr><td class=\"has-text-align-center\" data-align=\"center\">Sociologia<\/td><td class=\"has-text-align-center\" data-align=\"center\">83 + CR<\/td><td class=\"has-text-align-center\" data-align=\"center\">4.393,64<\/td><\/tr><tr><td class=\"has-text-align-center\" data-align=\"center\">F\u00edsica<\/td><td class=\"has-text-align-center\" data-align=\"center\">150 + CR<\/td><td class=\"has-text-align-center\" data-align=\"center\">4.393,64<\/td><\/tr><tr><td class=\"has-text-align-center\" data-align=\"center\">Qu\u00edmica<\/td><td class=\"has-text-align-center\" data-align=\"center\">135 + CR<\/td><td class=\"has-text-align-center\" data-align=\"center\">4.393,64<\/td><\/tr><tr><td class=\"has-text-align-center\" data-align=\"center\">Biologia<\/td><td class=\"has-text-align-center\" data-align=\"center\">121 + CR<\/td><td class=\"has-text-align-center\" data-align=\"center\">4.393,64<\/td><\/tr><tr><td class=\"has-text-align-center\" data-align=\"center\">L\u00edngua Inglesa<\/td><td class=\"has-text-align-center\" data-align=\"center\">127 + CR<\/td><td class=\"has-text-align-center\" data-align=\"center\">4.393,64<\/td><\/tr><tr><td class=\"has-text-align-center\" data-align=\"center\">Artes<\/td><td class=\"has-text-align-center\" data-align=\"center\">119 + CR<\/td><td class=\"has-text-align-center\" data-align=\"center\">4.393,64<\/td><\/tr><tr><td class=\"has-text-align-center\" data-align=\"center\">Educa\u00e7\u00e3o F\u00edsica<\/td><td class=\"has-text-align-center\" data-align=\"center\">110 + CR<\/td><td class=\"has-text-align-center\" data-align=\"center\">4.393,64<\/td><\/tr><tr><td class=\"has-text-align-center\" data-align=\"center\">Educa\u00e7\u00e3o Especial &#8211; AEE<\/td><td class=\"has-text-align-center\" data-align=\"center\">86 + CR<\/td><td class=\"has-text-align-center\" data-align=\"center\">5.614,10<strong>*<\/strong><\/td><\/tr><tr><td class=\"has-text-align-center\" data-align=\"center\">Educa\u00e7\u00e3o Especial &#8211; LIBRAS<\/td><td class=\"has-text-align-center\" data-align=\"center\">02 + CR<\/td><td class=\"has-text-align-center\" data-align=\"center\">5.614,10<strong>*<\/strong><\/td><\/tr><\/tbody><\/table><\/figure>\n\n\n\n<p class=\"wp-block-paragraph\"><em>(Nota: O sal\u00e1rio dos cargos de Educa\u00e7\u00e3o Especial AEE e LIBRAS j\u00e1 inclui a Gratifica\u00e7\u00e3o de Magist\u00e9rio em Educa\u00e7\u00e3o Especial &#8211; GMEE).<\/em><\/p>\n\n\n\n<h2 id=\"h-etapas-de-prova-do-edital-seduc-pa\" class=\"wp-block-heading\">Etapas de prova do edital SEDUC PA <\/h2>\n\n\n\n<figure class=\"wp-block-table is-style-stripes\"><table><thead><tr><td class=\"has-text-align-center\" data-align=\"center\"><strong>Cargo<\/strong><\/td><td class=\"has-text-align-center\" data-align=\"center\"><strong>Prova Objetiva<\/strong><\/td><td class=\"has-text-align-center\" data-align=\"center\"><strong>Prova Discursiva<\/strong><\/td><td class=\"has-text-align-center\" data-align=\"center\"><strong>Prova Pr\u00e1tica<\/strong><\/td><td class=\"has-text-align-center\" data-align=\"center\"><strong>Avalia\u00e7\u00e3o de T\u00edtulos<\/strong><\/td><\/tr><\/thead><tbody><tr><td class=\"has-text-align-center\" data-align=\"center\">Professor Classe I<\/td><td class=\"has-text-align-center\" data-align=\"center\">Sim<\/td><td class=\"has-text-align-center\" data-align=\"center\">Sim<\/td><td class=\"has-text-align-center\" data-align=\"center\">Sim (defesa de plano de aula)<\/td><td class=\"has-text-align-center\" data-align=\"center\">Sim<\/td><\/tr><tr><td class=\"has-text-align-center\" data-align=\"center\">Especialista em Educa\u00e7\u00e3o<\/td><td class=\"has-text-align-center\" data-align=\"center\">Sim<\/td><td class=\"has-text-align-center\" data-align=\"center\">Sim<\/td><td class=\"has-text-align-center\" data-align=\"center\">Sim (defesa de plano de gest\u00e3o pedag\u00f3gica)<\/td><td class=\"has-text-align-center\" data-align=\"center\">Sim<\/td><\/tr><tr><td class=\"has-text-align-center\" data-align=\"center\">Analista de Suporte Educacional; Analista de Gest\u00e3o Governamental e Infraestrutura Educacional; Analista de Gest\u00e3o Governamental e Pol\u00edtica Educacional<\/td><td class=\"has-text-align-center\" data-align=\"center\">Sim<\/td><td class=\"has-text-align-center\" data-align=\"center\">Sim<\/td><td class=\"has-text-align-center\" data-align=\"center\">N\u00e3o<\/td><td class=\"has-text-align-center\" data-align=\"center\">Sim<\/td><\/tr><tr><td class=\"has-text-align-center\" data-align=\"center\">Assistente de Gest\u00e3o Governamental e Educacional<\/td><td class=\"has-text-align-center\" data-align=\"center\">Sim<\/td><td class=\"has-text-align-center\" data-align=\"center\">N\u00e3o<\/td><td class=\"has-text-align-center\" data-align=\"center\">N\u00e3o<\/td><td class=\"has-text-align-center\" data-align=\"center\">N\u00e3o<\/td><\/tr><\/tbody><\/table><\/figure>\n\n\n\n<h3 class=\"wp-block-heading\">Prova objetiva<\/h3>\n\n\n\n<p class=\"wp-block-paragraph\">A avalia\u00e7\u00e3o ser\u00e1 composta por 60 quest\u00f5es de m\u00faltipla escolha, divididas em m\u00f3dulos de conhecimentos b\u00e1sicos e espec\u00edficos. O candidato precisar\u00e1 atingir pontua\u00e7\u00e3o m\u00ednima para evitar a desclassifica\u00e7\u00e3o.<\/p>\n\n\n\n<h3 class=\"wp-block-heading\">Prova discursiva<\/h3>\n\n\n\n<p class=\"wp-block-paragraph\">A fase exigir\u00e1 a resolu\u00e7\u00e3o de duas situa\u00e7\u00f5es estruturadas sobre o contexto escolar, visando avaliar a clareza e o dom\u00ednio do conte\u00fado da especialidade.<\/p>\n\n\n\n<h3 class=\"wp-block-heading\">Prova pr\u00e1tica<\/h3>\n\n\n\n<p class=\"wp-block-paragraph\">Os docentes realizar\u00e3o a defesa de um plano de aula, enquanto os especialistas dever\u00e3o apresentar um plano de gest\u00e3o pedag\u00f3gica presencialmente perante uma banca examinadora.<\/p>\n\n\n\n<h3 class=\"wp-block-heading\">Avalia\u00e7\u00e3o de t\u00edtulos<\/h3>\n\n\n\n<p class=\"wp-block-paragraph\">Especializa\u00e7\u00f5es, mestrados e doutorados conceder\u00e3o pontos adicionais, permitindo ao candidato elevar sua posi\u00e7\u00e3o na listagem final de classifica\u00e7\u00e3o.<\/p>\n\n\n\n<p class=\"has-text-align-center wp-block-paragraph\"><em>Para ficar por dentro de todas as informa\u00e7\u00f5es sobre o Concurso Seduc PA, que est\u00e1 com seu edital publicado, n\u00e3o deixe de conferir nosso artigo completo sobre a sele\u00e7\u00e3o:<\/em><\/p>\n\n\n\n<p class=\"has-text-align-center has-very-light-gray-to-cyan-bluish-gray-gradient-background has-background has-medium-font-size wp-block-paragraph\"><strong><a href=\"https:\/\/www.estrategiaconcursos.com.br\/blog\/concurso-seduc-pa\/\" target=\"_blank\" rel=\"noreferrer noopener\">Concurso Seduc PA<\/a><\/strong><\/p>\n\n\n\n<hr class=\"wp-block-separator has-alpha-channel-opacity\"\/>\n\n\n\n<h2 class=\"wp-block-heading has-text-align-center\" id=\"h-quer-saber-tudo-sobre-concursos-previstos-confira-nossos-artigos\">Quer saber tudo sobre concursos previstos? Confira nossos artigos!<\/h2>\n\n\n\n<ul class=\"wp-block-list\">\n<li><a href=\"https:\/\/www.estrategiaconcursos.com.br\/blog\/concursos-abertos\/\" target=\"_blank\" rel=\"noreferrer noopener\">Concursos abertos<\/a><\/li>\n\n\n\n<li><a href=\"https:\/\/www.estrategiaconcursos.com.br\/blog\/concursos-educacao\/\">Concursos educa\u00e7\u00e3o<\/a><\/li>\n\n\n\n<li><a href=\"https:\/\/www.estrategiaconcursos.com.br\/blog\/concursos-2026\/\">Concursos 2026<\/a><\/li>\n\n\n\n<li><a href=\"https:\/\/www.estrategiaconcursos.com.br\/blog\/concursos-2027\/\" target=\"_blank\" rel=\"noreferrer noopener\">Concursos 2027<\/a><\/li>\n<\/ul>\n\n\n\n<h2 class=\"wp-block-heading has-text-align-center\" id=\"assinatura-e-cursos\"><em>Quer estudar para o concurso SEDUC PA?<\/em><\/h2>\n\n\n\n<p class=\"has-text-align-center wp-block-paragraph\"><em>Gostou desta oportunidade e deseja come\u00e7ar a se preparar agora mesmo? Ent\u00e3o, confira os nossos cursos e comece a estudar:<\/em><\/p>\n\n\n\n<div class=\"col-sm\">\n      <div class=\"banner-estrategia\" id=\"box-assinatura\">\n        <h3 class=\"titulo-assinatura\">Cursos para SEDUC PA<\/h3>\n        <p class=\"subtitulo-assinatura\">Conhe\u00e7a os cursos<\/p>\n        <div class=\"box-botao\">\n          <a class=\"btn-assinatura\" target=\"_blank\" href=\"https:\/\/www.estrategiaconcursos.com.br\/cursosPorConcurso\/seduc-pa\/\" role=\"button\" rel=\"noopener noreferrer\">Conhe\u00e7a mais<\/a>\n        <\/div>\n      <\/div>\n      <p class=\"texto-auxiliar\">Prepare-se com o melhor material e com quem mais aprova em Concursos P\u00fablicos em todo o pa\u00eds.<\/p>\n    <\/div>\n\n\n\n<div class=\"container\" id=\"boxes\">\n  <div class=\"row\">\n\n    <div class=\"col-sm\">\n      <div class=\"estrategia\" id=\"box-assinatura\">\n        <h3 class=\"titulo-assinatura\">Assinatura Concursos<\/h3>\n        <p class=\"subtitulo-assinatura\">Assinatura de 1 ano ou 2 anos<\/p>\n        <div class=\"box-botao\">\n          <a class=\"btn-assinatura\" target=\"_blank\" href=\"https:\/\/www.estrategiaconcursos.com.br\/blog\/assinaturas\/\" role=\"button\" rel=\"noopener noreferrer\">ASSINE AGORA<\/a>\n        <\/div>\n      <\/div>\n     \n    <\/div><\/div><\/div>\n\n\n\n<figure class=\"wp-block-image size-large is-resized\"><img loading=\"lazy\" decoding=\"async\" width=\"1024\" height=\"632\" src=\"https:\/\/dhg1h5j42swfq.cloudfront.net\/2021\/04\/05171352\/ficha-tecnica-33-1024x632.png\" alt=\"\" class=\"wp-image-707823\" style=\"aspect-ratio:1.627906976744186;width:300px;height:auto\" srcset=\"https:\/\/dhg1h5j42swfq.cloudfront.net\/2021\/04\/05171352\/ficha-tecnica-33-1024x632.png 1024w, https:\/\/dhg1h5j42swfq.cloudfront.net\/2021\/04\/05171352\/ficha-tecnica-33-300x185.png 300w, https:\/\/dhg1h5j42swfq.cloudfront.net\/2021\/04\/05171352\/ficha-tecnica-33-768x474.png 768w, https:\/\/dhg1h5j42swfq.cloudfront.net\/2021\/04\/05171352\/ficha-tecnica-33-1536x948.png 1536w, https:\/\/dhg1h5j42swfq.cloudfront.net\/2021\/04\/05171352\/ficha-tecnica-33-610x377.png 610w, https:\/\/dhg1h5j42swfq.cloudfront.net\/2021\/04\/05171352\/ficha-tecnica-33.png 1571w\" sizes=\"auto, (max-width: 1024px) 100vw, 1024px\" \/><\/figure>\n\n\n\n<h4 id=\"ficha\" class=\"wp-block-heading\"><strong>Informa\u00e7\u00f5es sobre o edital SEDUC PA<\/strong><\/h4>\n\n\n\n<ul class=\"wp-block-list\">\n<li><strong>Data da prova:<\/strong> 29\/11\/2026<\/li>\n\n\n\n<li><strong>Vagas<\/strong>: 2.000<\/li>\n\n\n\n<li><strong>Cargos<\/strong>: Professor e fun\u00e7\u00f5es administrativas<\/li>\n\n\n\n<li><strong>Banca<\/strong>: FGV<\/li>\n\n\n\n<li><strong>Escolaridade<\/strong>: m\u00e9dio e superior<\/li>\n\n\n\n<li><strong>Edital<\/strong>: <a href=\"https:\/\/dhg1h5j42swfq.cloudfront.net\/2026\/08\/31083126\/seduc-pa-edital.pdf\" target=\"_blank\" rel=\"noreferrer noopener\">edital SEDUC PA 2026<\/a><\/li>\n<\/ul>\n","protected":false},"excerpt":{"rendered":"<p>O edital do Concurso SEDUC PA acaba de ser divulgado e oferece oportunidades para n\u00edveis m\u00e9dio e superior, com sal\u00e1rios de at\u00e9 R$ 6 mil O edital do concurso da Secretaria de Educa\u00e7\u00e3o do Estado do Par\u00e1\u00a0 (SEDUC PA) foi publicado com a oferta de 2 mil vagas imediatas, al\u00e9m da forma\u00e7\u00e3o de cadastro de [&hellip;]<\/p>\n","protected":false},"author":659,"featured_media":841222,"comment_status":"open","ping_status":"closed","sticky":false,"template":"","format":"standard","meta":{"_acf_changed":false,"post_tipo":"news","footnotes":""},"categories":[3766,220219],"tags":[],"tax_estado":[219977],"class_list":["post-1804656","post","type-post","status-publish","format-standard","has-post-thumbnail","hentry","category-educacional","category-noticias","tax_estado-pa"],"acf":[],"yoast_head":"<!-- This site is optimized with the Yoast SEO Premium plugin v28.1 (Yoast SEO v28.1) - https:\/\/yoast.com\/product\/yoast-seo-premium-wordpress\/ -->\n<title>Edital SEDUC PA 2026: edital publicado com 2 mil vagas<\/title>\n<meta name=\"description\" content=\"Confira o edital do Concurso Seduc PA com vagas para n\u00edveis m\u00e9dio e superior e sal\u00e1rios de at\u00e9 R$ 6 mil. Inscri\u00e7\u00f5es at\u00e9 outubro.\" \/>\n<meta name=\"robots\" content=\"index, follow, max-snippet:-1, max-image-preview:large, max-video-preview:-1\" \/>\n<link rel=\"canonical\" href=\"https:\/\/www.estrategiaconcursos.com.br\/blog\/concurso-seduc-pa-2026-edital-publicado\/\" \/>\n<meta property=\"og:locale\" content=\"pt_BR\" \/>\n<meta property=\"og:type\" content=\"article\" \/>\n<meta property=\"og:title\" content=\"Edital SEDUC PA 2026: edital publicado com 2 mil vagas\" \/>\n<meta property=\"og:description\" content=\"Confira o edital do Concurso Seduc PA com vagas para n\u00edveis m\u00e9dio e superior e sal\u00e1rios de at\u00e9 R$ 6 mil. Inscri\u00e7\u00f5es at\u00e9 outubro.\" \/>\n<meta property=\"og:url\" content=\"https:\/\/www.estrategiaconcursos.com.br\/blog\/concurso-seduc-pa-2026-edital-publicado\/\" \/>\n<meta property=\"og:site_name\" content=\"Estrat\u00e9gia Concursos\" \/>\n<meta property=\"article:published_time\" content=\"2026-08-31T11:46:45+00:00\" \/>\n<meta property=\"article:modified_time\" content=\"2026-08-31T11:53:33+00:00\" \/>\n<meta property=\"og:image\" content=\"https:\/\/dhg1h5j42swfq.cloudfront.net\/2021\/06\/20102644\/seduc-pa.jpeg\" \/>\n\t<meta property=\"og:image:width\" content=\"768\" \/>\n\t<meta property=\"og:image:height\" content=\"432\" \/>\n\t<meta property=\"og:image:type\" content=\"image\/jpeg\" \/>\n<meta name=\"author\" content=\"Camila Leite\" \/>\n<meta name=\"twitter:card\" content=\"summary_large_image\" \/>\n<meta name=\"twitter:creator\" content=\"@EstratConcursos\" \/>\n<meta name=\"twitter:site\" content=\"@EstratConcursos\" \/>\n<meta name=\"twitter:label1\" content=\"Escrito por\" \/>\n\t<meta name=\"twitter:data1\" content=\"Camila Leite\" \/>\n\t<meta name=\"twitter:label2\" content=\"Est. tempo de leitura\" \/>\n\t<meta name=\"twitter:data2\" content=\"4 minutos\" \/>\n<script type=\"application\/ld+json\" class=\"yoast-schema-graph\">{\"@context\":\"https:\\\/\\\/schema.org\",\"@graph\":[{\"@type\":\"NewsArticle\",\"@id\":\"https:\\\/\\\/www.estrategiaconcursos.com.br\\\/blog\\\/concurso-seduc-pa-2026-edital-publicado\\\/#article\",\"isPartOf\":{\"@id\":\"https:\\\/\\\/www.estrategiaconcursos.com.br\\\/blog\\\/concurso-seduc-pa-2026-edital-publicado\\\/\"},\"author\":{\"name\":\"Camila Leite\",\"@id\":\"https:\\\/\\\/blog-estrategia.mystagingwebsite.com\\\/#\\\/schema\\\/person\\\/84ecdc6eb58d3cf1689bf76c5cd8fb38\"},\"headline\":\"Edital SEDUC PA 2026: edital publicado com 2 mil vagas\",\"datePublished\":\"2026-08-31T11:46:45+00:00\",\"dateModified\":\"2026-08-31T11:53:33+00:00\",\"mainEntityOfPage\":{\"@id\":\"https:\\\/\\\/www.estrategiaconcursos.com.br\\\/blog\\\/concurso-seduc-pa-2026-edital-publicado\\\/\"},\"wordCount\":905,\"commentCount\":0,\"publisher\":{\"@id\":\"https:\\\/\\\/blog-estrategia.mystagingwebsite.com\\\/#organization\"},\"image\":{\"@id\":\"https:\\\/\\\/www.estrategiaconcursos.com.br\\\/blog\\\/concurso-seduc-pa-2026-edital-publicado\\\/#primaryimage\"},\"thumbnailUrl\":\"https:\\\/\\\/dhg1h5j42swfq.cloudfront.net\\\/2021\\\/06\\\/20102644\\\/seduc-pa.jpeg\",\"articleSection\":[\"Educa\u00e7\u00e3o\",\"\u00daltimas not\u00edcias\"],\"inLanguage\":\"pt-BR\",\"potentialAction\":[{\"@type\":\"CommentAction\",\"name\":\"Comment\",\"target\":[\"https:\\\/\\\/www.estrategiaconcursos.com.br\\\/blog\\\/concurso-seduc-pa-2026-edital-publicado\\\/#respond\"]}],\"copyrightYear\":\"2026\",\"copyrightHolder\":{\"@id\":\"https:\\\/\\\/www.estrategiaconcursos.com.br\\\/blog\\\/#organization\"}},{\"@type\":\"WebPage\",\"@id\":\"https:\\\/\\\/www.estrategiaconcursos.com.br\\\/blog\\\/concurso-seduc-pa-2026-edital-publicado\\\/\",\"url\":\"https:\\\/\\\/www.estrategiaconcursos.com.br\\\/blog\\\/concurso-seduc-pa-2026-edital-publicado\\\/\",\"name\":\"Edital SEDUC PA 2026: edital publicado com 2 mil vagas\",\"isPartOf\":{\"@id\":\"https:\\\/\\\/blog-estrategia.mystagingwebsite.com\\\/#website\"},\"primaryImageOfPage\":{\"@id\":\"https:\\\/\\\/www.estrategiaconcursos.com.br\\\/blog\\\/concurso-seduc-pa-2026-edital-publicado\\\/#primaryimage\"},\"image\":{\"@id\":\"https:\\\/\\\/www.estrategiaconcursos.com.br\\\/blog\\\/concurso-seduc-pa-2026-edital-publicado\\\/#primaryimage\"},\"thumbnailUrl\":\"https:\\\/\\\/dhg1h5j42swfq.cloudfront.net\\\/2021\\\/06\\\/20102644\\\/seduc-pa.jpeg\",\"datePublished\":\"2026-08-31T11:46:45+00:00\",\"dateModified\":\"2026-08-31T11:53:33+00:00\",\"description\":\"Confira o edital do Concurso Seduc PA com vagas para n\u00edveis m\u00e9dio e superior e sal\u00e1rios de at\u00e9 R$ 6 mil. Inscri\u00e7\u00f5es at\u00e9 outubro.\",\"breadcrumb\":{\"@id\":\"https:\\\/\\\/www.estrategiaconcursos.com.br\\\/blog\\\/concurso-seduc-pa-2026-edital-publicado\\\/#breadcrumb\"},\"inLanguage\":\"pt-BR\",\"potentialAction\":[{\"@type\":\"ReadAction\",\"target\":[\"https:\\\/\\\/www.estrategiaconcursos.com.br\\\/blog\\\/concurso-seduc-pa-2026-edital-publicado\\\/\"]}]},{\"@type\":\"ImageObject\",\"inLanguage\":\"pt-BR\",\"@id\":\"https:\\\/\\\/www.estrategiaconcursos.com.br\\\/blog\\\/concurso-seduc-pa-2026-edital-publicado\\\/#primaryimage\",\"url\":\"https:\\\/\\\/dhg1h5j42swfq.cloudfront.net\\\/2021\\\/06\\\/20102644\\\/seduc-pa.jpeg\",\"contentUrl\":\"https:\\\/\\\/dhg1h5j42swfq.cloudfront.net\\\/2021\\\/06\\\/20102644\\\/seduc-pa.jpeg\",\"width\":768,\"height\":432,\"caption\":\"concurso seduc pa\"},{\"@type\":\"BreadcrumbList\",\"@id\":\"https:\\\/\\\/www.estrategiaconcursos.com.br\\\/blog\\\/concurso-seduc-pa-2026-edital-publicado\\\/#breadcrumb\",\"itemListElement\":[{\"@type\":\"ListItem\",\"position\":1,\"name\":\"In\u00edcio\",\"item\":\"https:\\\/\\\/blog-estrategia.mystagingwebsite.com\\\/\"},{\"@type\":\"ListItem\",\"position\":2,\"name\":\"Edital SEDUC PA 2026: edital publicado com 2 mil vagas\"}]},{\"@type\":\"WebSite\",\"@id\":\"https:\\\/\\\/blog-estrategia.mystagingwebsite.com\\\/#website\",\"url\":\"https:\\\/\\\/blog-estrategia.mystagingwebsite.com\\\/\",\"name\":\"Estrat\u00e9gia Concursos\",\"description\":\"O blog da Estrat\u00e9gia Concursos traz not\u00edcias sobre concursos e artigos de professores oferecendo cursos para concursos (pdf + videaulas) no site.\",\"publisher\":{\"@id\":\"https:\\\/\\\/blog-estrategia.mystagingwebsite.com\\\/#organization\"},\"potentialAction\":[{\"@type\":\"SearchAction\",\"target\":{\"@type\":\"EntryPoint\",\"urlTemplate\":\"https:\\\/\\\/blog-estrategia.mystagingwebsite.com\\\/?s={search_term_string}\"},\"query-input\":{\"@type\":\"PropertyValueSpecification\",\"valueRequired\":true,\"valueName\":\"search_term_string\"}}],\"inLanguage\":\"pt-BR\"},{\"@type\":\"Organization\",\"@id\":\"https:\\\/\\\/blog-estrategia.mystagingwebsite.com\\\/#organization\",\"name\":\"Estrat\u00e9gia Concursos\",\"url\":\"https:\\\/\\\/blog-estrategia.mystagingwebsite.com\\\/\",\"logo\":{\"@type\":\"ImageObject\",\"inLanguage\":\"pt-BR\",\"@id\":\"https:\\\/\\\/blog-estrategia.mystagingwebsite.com\\\/#\\\/schema\\\/logo\\\/image\\\/\",\"url\":\"https:\\\/\\\/dhg1h5j42swfq.cloudfront.net\\\/2025\\\/06\\\/03203428\\\/logo_concursos-1.jpg\",\"contentUrl\":\"https:\\\/\\\/dhg1h5j42swfq.cloudfront.net\\\/2025\\\/06\\\/03203428\\\/logo_concursos-1.jpg\",\"width\":230,\"height\":60,\"caption\":\"Estrat\u00e9gia Concursos\"},\"image\":{\"@id\":\"https:\\\/\\\/blog-estrategia.mystagingwebsite.com\\\/#\\\/schema\\\/logo\\\/image\\\/\"},\"sameAs\":[\"https:\\\/\\\/x.com\\\/EstratConcursos\"]},{\"@type\":\"Person\",\"@id\":\"https:\\\/\\\/blog-estrategia.mystagingwebsite.com\\\/#\\\/schema\\\/person\\\/84ecdc6eb58d3cf1689bf76c5cd8fb38\",\"name\":\"Camila Leite\",\"image\":{\"@type\":\"ImageObject\",\"inLanguage\":\"pt-BR\",\"@id\":\"https:\\\/\\\/secure.gravatar.com\\\/avatar\\\/f2f8faef639c8a2bfb7fb909912a56917f4c3a0aed064500168e2fb8ea55cf61?s=96&d=mm&r=g\",\"url\":\"https:\\\/\\\/secure.gravatar.com\\\/avatar\\\/f2f8faef639c8a2bfb7fb909912a56917f4c3a0aed064500168e2fb8ea55cf61?s=96&d=mm&r=g\",\"contentUrl\":\"https:\\\/\\\/secure.gravatar.com\\\/avatar\\\/f2f8faef639c8a2bfb7fb909912a56917f4c3a0aed064500168e2fb8ea55cf61?s=96&d=mm&r=g\",\"caption\":\"Camila Leite\"},\"description\":\"Formada em Design Gr\u00e1fico e em Propaganda e Marketing pela UNIP, integra a equipe de jornalismo do Estrat\u00e9gia Concursos desde 2018. Ao longo dos anos, construiu uma s\u00f3lida experi\u00eancia na produ\u00e7\u00e3o de conte\u00fado informativo e relevante para concurseiros. Desde 2020, atua na cobertura das \u00e1reas Fiscal \u2014 com \u00eanfase nas Secretarias de Fazenda (Sefaz) das regi\u00f5es Sul e Sudeste \u2014, al\u00e9m da cobertura de concursos federais, como CNU, Petrobras, CGU, Receita Federal, ag\u00eancias reguladoras (Anvisa, ANAC, entre outras) e INSS. Mant\u00e9m contato direto com os principais \u00f3rg\u00e3os p\u00fablicos, acompanhando editais, atualiza\u00e7\u00f5es e movimenta\u00e7\u00f5es importantes para os candidatos.\",\"sameAs\":[\"https:\\\/\\\/www.linkedin.com\\\/in\\\/camila-pinheiro-leite-9ba135b6\\\/\"],\"url\":\"https:\\\/\\\/www.estrategiaconcursos.com.br\\\/blog\\\/author\\\/camila-leiteestrategiaconcursos-com-br\\\/\"}]}<\/script>\n<!-- \/ Yoast SEO Premium plugin. -->","yoast_head_json":{"title":"Edital SEDUC PA 2026: edital publicado com 2 mil vagas","description":"Confira o edital do Concurso Seduc PA com vagas para n\u00edveis m\u00e9dio e superior e sal\u00e1rios de at\u00e9 R$ 6 mil. Inscri\u00e7\u00f5es at\u00e9 outubro.","robots":{"index":"index","follow":"follow","max-snippet":"max-snippet:-1","max-image-preview":"max-image-preview:large","max-video-preview":"max-video-preview:-1"},"canonical":"https:\/\/www.estrategiaconcursos.com.br\/blog\/concurso-seduc-pa-2026-edital-publicado\/","og_locale":"pt_BR","og_type":"article","og_title":"Edital SEDUC PA 2026: edital publicado com 2 mil vagas","og_description":"Confira o edital do Concurso Seduc PA com vagas para n\u00edveis m\u00e9dio e superior e sal\u00e1rios de at\u00e9 R$ 6 mil. Inscri\u00e7\u00f5es at\u00e9 outubro.","og_url":"https:\/\/www.estrategiaconcursos.com.br\/blog\/concurso-seduc-pa-2026-edital-publicado\/","og_site_name":"Estrat\u00e9gia Concursos","article_published_time":"2026-08-31T11:46:45+00:00","article_modified_time":"2026-08-31T11:53:33+00:00","og_image":[{"width":768,"height":432,"url":"https:\/\/dhg1h5j42swfq.cloudfront.net\/2021\/06\/20102644\/seduc-pa.jpeg","type":"image\/jpeg"}],"author":"Camila Leite","twitter_card":"summary_large_image","twitter_creator":"@EstratConcursos","twitter_site":"@EstratConcursos","twitter_misc":{"Escrito por":"Camila Leite","Est. tempo de leitura":"4 minutos"},"schema":{"@context":"https:\/\/schema.org","@graph":[{"@type":"NewsArticle","@id":"https:\/\/www.estrategiaconcursos.com.br\/blog\/concurso-seduc-pa-2026-edital-publicado\/#article","isPartOf":{"@id":"https:\/\/www.estrategiaconcursos.com.br\/blog\/concurso-seduc-pa-2026-edital-publicado\/"},"author":{"name":"Camila Leite","@id":"https:\/\/blog-estrategia.mystagingwebsite.com\/#\/schema\/person\/84ecdc6eb58d3cf1689bf76c5cd8fb38"},"headline":"Edital SEDUC PA 2026: edital publicado com 2 mil vagas","datePublished":"2026-08-31T11:46:45+00:00","dateModified":"2026-08-31T11:53:33+00:00","mainEntityOfPage":{"@id":"https:\/\/www.estrategiaconcursos.com.br\/blog\/concurso-seduc-pa-2026-edital-publicado\/"},"wordCount":905,"commentCount":0,"publisher":{"@id":"https:\/\/blog-estrategia.mystagingwebsite.com\/#organization"},"image":{"@id":"https:\/\/www.estrategiaconcursos.com.br\/blog\/concurso-seduc-pa-2026-edital-publicado\/#primaryimage"},"thumbnailUrl":"https:\/\/dhg1h5j42swfq.cloudfront.net\/2021\/06\/20102644\/seduc-pa.jpeg","articleSection":["Educa\u00e7\u00e3o","\u00daltimas not\u00edcias"],"inLanguage":"pt-BR","potentialAction":[{"@type":"CommentAction","name":"Comment","target":["https:\/\/www.estrategiaconcursos.com.br\/blog\/concurso-seduc-pa-2026-edital-publicado\/#respond"]}],"copyrightYear":"2026","copyrightHolder":{"@id":"https:\/\/www.estrategiaconcursos.com.br\/blog\/#organization"}},{"@type":"WebPage","@id":"https:\/\/www.estrategiaconcursos.com.br\/blog\/concurso-seduc-pa-2026-edital-publicado\/","url":"https:\/\/www.estrategiaconcursos.com.br\/blog\/concurso-seduc-pa-2026-edital-publicado\/","name":"Edital SEDUC PA 2026: edital publicado com 2 mil vagas","isPartOf":{"@id":"https:\/\/blog-estrategia.mystagingwebsite.com\/#website"},"primaryImageOfPage":{"@id":"https:\/\/www.estrategiaconcursos.com.br\/blog\/concurso-seduc-pa-2026-edital-publicado\/#primaryimage"},"image":{"@id":"https:\/\/www.estrategiaconcursos.com.br\/blog\/concurso-seduc-pa-2026-edital-publicado\/#primaryimage"},"thumbnailUrl":"https:\/\/dhg1h5j42swfq.cloudfront.net\/2021\/06\/20102644\/seduc-pa.jpeg","datePublished":"2026-08-31T11:46:45+00:00","dateModified":"2026-08-31T11:53:33+00:00","description":"Confira o edital do Concurso Seduc PA com vagas para n\u00edveis m\u00e9dio e superior e sal\u00e1rios de at\u00e9 R$ 6 mil. Inscri\u00e7\u00f5es at\u00e9 outubro.","breadcrumb":{"@id":"https:\/\/www.estrategiaconcursos.com.br\/blog\/concurso-seduc-pa-2026-edital-publicado\/#breadcrumb"},"inLanguage":"pt-BR","potentialAction":[{"@type":"ReadAction","target":["https:\/\/www.estrategiaconcursos.com.br\/blog\/concurso-seduc-pa-2026-edital-publicado\/"]}]},{"@type":"ImageObject","inLanguage":"pt-BR","@id":"https:\/\/www.estrategiaconcursos.com.br\/blog\/concurso-seduc-pa-2026-edital-publicado\/#primaryimage","url":"https:\/\/dhg1h5j42swfq.cloudfront.net\/2021\/06\/20102644\/seduc-pa.jpeg","contentUrl":"https:\/\/dhg1h5j42swfq.cloudfront.net\/2021\/06\/20102644\/seduc-pa.jpeg","width":768,"height":432,"caption":"concurso seduc pa"},{"@type":"BreadcrumbList","@id":"https:\/\/www.estrategiaconcursos.com.br\/blog\/concurso-seduc-pa-2026-edital-publicado\/#breadcrumb","itemListElement":[{"@type":"ListItem","position":1,"name":"In\u00edcio","item":"https:\/\/blog-estrategia.mystagingwebsite.com\/"},{"@type":"ListItem","position":2,"name":"Edital SEDUC PA 2026: edital publicado com 2 mil vagas"}]},{"@type":"WebSite","@id":"https:\/\/blog-estrategia.mystagingwebsite.com\/#website","url":"https:\/\/blog-estrategia.mystagingwebsite.com\/","name":"Estrat\u00e9gia Concursos","description":"O blog da Estrat\u00e9gia Concursos traz not\u00edcias sobre concursos e artigos de professores oferecendo cursos para concursos (pdf + videaulas) no site.","publisher":{"@id":"https:\/\/blog-estrategia.mystagingwebsite.com\/#organization"},"potentialAction":[{"@type":"SearchAction","target":{"@type":"EntryPoint","urlTemplate":"https:\/\/blog-estrategia.mystagingwebsite.com\/?s={search_term_string}"},"query-input":{"@type":"PropertyValueSpecification","valueRequired":true,"valueName":"search_term_string"}}],"inLanguage":"pt-BR"},{"@type":"Organization","@id":"https:\/\/blog-estrategia.mystagingwebsite.com\/#organization","name":"Estrat\u00e9gia Concursos","url":"https:\/\/blog-estrategia.mystagingwebsite.com\/","logo":{"@type":"ImageObject","inLanguage":"pt-BR","@id":"https:\/\/blog-estrategia.mystagingwebsite.com\/#\/schema\/logo\/image\/","url":"https:\/\/dhg1h5j42swfq.cloudfront.net\/2025\/06\/03203428\/logo_concursos-1.jpg","contentUrl":"https:\/\/dhg1h5j42swfq.cloudfront.net\/2025\/06\/03203428\/logo_concursos-1.jpg","width":230,"height":60,"caption":"Estrat\u00e9gia Concursos"},"image":{"@id":"https:\/\/blog-estrategia.mystagingwebsite.com\/#\/schema\/logo\/image\/"},"sameAs":["https:\/\/x.com\/EstratConcursos"]},{"@type":"Person","@id":"https:\/\/blog-estrategia.mystagingwebsite.com\/#\/schema\/person\/84ecdc6eb58d3cf1689bf76c5cd8fb38","name":"Camila Leite","image":{"@type":"ImageObject","inLanguage":"pt-BR","@id":"https:\/\/secure.gravatar.com\/avatar\/f2f8faef639c8a2bfb7fb909912a56917f4c3a0aed064500168e2fb8ea55cf61?s=96&d=mm&r=g","url":"https:\/\/secure.gravatar.com\/avatar\/f2f8faef639c8a2bfb7fb909912a56917f4c3a0aed064500168e2fb8ea55cf61?s=96&d=mm&r=g","contentUrl":"https:\/\/secure.gravatar.com\/avatar\/f2f8faef639c8a2bfb7fb909912a56917f4c3a0aed064500168e2fb8ea55cf61?s=96&d=mm&r=g","caption":"Camila Leite"},"description":"Formada em Design Gr\u00e1fico e em Propaganda e Marketing pela UNIP, integra a equipe de jornalismo do Estrat\u00e9gia Concursos desde 2018. Ao longo dos anos, construiu uma s\u00f3lida experi\u00eancia na produ\u00e7\u00e3o de conte\u00fado informativo e relevante para concurseiros. Desde 2020, atua na cobertura das \u00e1reas Fiscal \u2014 com \u00eanfase nas Secretarias de Fazenda (Sefaz) das regi\u00f5es Sul e Sudeste \u2014, al\u00e9m da cobertura de concursos federais, como CNU, Petrobras, CGU, Receita Federal, ag\u00eancias reguladoras (Anvisa, ANAC, entre outras) e INSS. Mant\u00e9m contato direto com os principais \u00f3rg\u00e3os p\u00fablicos, acompanhando editais, atualiza\u00e7\u00f5es e movimenta\u00e7\u00f5es importantes para os candidatos.","sameAs":["https:\/\/www.linkedin.com\/in\/camila-pinheiro-leite-9ba135b6\/"],"url":"https:\/\/www.estrategiaconcursos.com.br\/blog\/author\/camila-leiteestrategiaconcursos-com-br\/"}]}},"_links":{"self":[{"href":"https:\/\/www.estrategiaconcursos.com.br\/blog\/wp-json\/wp\/v2\/posts\/1804656","targetHints":{"allow":["GET"]}}],"collection":[{"href":"https:\/\/www.estrategiaconcursos.com.br\/blog\/wp-json\/wp\/v2\/posts"}],"about":[{"href":"https:\/\/www.estrategiaconcursos.com.br\/blog\/wp-json\/wp\/v2\/types\/post"}],"author":[{"embeddable":true,"href":"https:\/\/www.estrategiaconcursos.com.br\/blog\/wp-json\/wp\/v2\/users\/659"}],"replies":[{"embeddable":true,"href":"https:\/\/www.estrategiaconcursos.com.br\/blog\/wp-json\/wp\/v2\/comments?post=1804656"}],"version-history":[{"count":2,"href":"https:\/\/www.estrategiaconcursos.com.br\/blog\/wp-json\/wp\/v2\/posts\/1804656\/revisions"}],"predecessor-version":[{"id":1804665,"href":"https:\/\/www.estrategiaconcursos.com.br\/blog\/wp-json\/wp\/v2\/posts\/1804656\/revisions\/1804665"}],"wp:featuredmedia":[{"embeddable":true,"href":"https:\/\/www.estrategiaconcursos.com.br\/blog\/wp-json\/wp\/v2\/media\/841222"}],"wp:attachment":[{"href":"https:\/\/www.estrategiaconcursos.com.br\/blog\/wp-json\/wp\/v2\/media?parent=1804656"}],"wp:term":[{"taxonomy":"category","embeddable":true,"href":"https:\/\/www.estrategiaconcursos.com.br\/blog\/wp-json\/wp\/v2\/categories?post=1804656"},{"taxonomy":"post_tag","embeddable":true,"href":"https:\/\/www.estrategiaconcursos.com.br\/blog\/wp-json\/wp\/v2\/tags?post=1804656"},{"taxonomy":"tax_estado","embeddable":true,"href":"https:\/\/www.estrategiaconcursos.com.br\/blog\/wp-json\/wp\/v2\/tax_estado?post=1804656"}],"curies":[{"name":"wp","href":"https:\/\/api.w.org\/{rel}","templated":true}]}}