{"id":1804546,"date":"2026-09-01T07:30:00","date_gmt":"2026-09-01T10:30:00","guid":{"rendered":"https:\/\/www.estrategiaconcursos.com.br\/blog\/?p=1804546"},"modified":"2026-08-31T17:14:00","modified_gmt":"2026-08-31T20:14:00","slug":"editais-concursos-previstos-setembro-2026","status":"publish","type":"post","link":"https:\/\/www.estrategiaconcursos.com.br\/blog\/editais-concursos-previstos-setembro-2026\/","title":{"rendered":"Concursos 2026: 28 editais previstos para setembro"},"content":{"rendered":"\n<p class=\"wp-block-paragraph\" style=\"font-size:clamp(16.293px, 1.018rem + ((1vw - 3.2px) * 0.854), 25px);\"><strong><em>Conhe\u00e7a os editais de concursos previstos para setembro de 2026!<\/em><\/strong><\/p>\n\n\n\n<p class=\"wp-block-paragraph\">O m\u00eas de <a href=\"https:\/\/www.estrategiaconcursos.com.br\/blog\/principais-editais-concursos-agosto-2026\/\" target=\"_blank\" rel=\"noreferrer noopener\">agosto<\/a> trouxe excelentes oportunidades no mundo dos concursos p\u00fablicos e, agora em setembro de 2026, n\u00e3o deve ser diferente!<\/p>\n\n\n\n<p class=\"wp-block-paragraph\">Isso porque diversos editais j\u00e1 foram oficialmente anunciados para as pr\u00f3ximas semanas ou est\u00e3o com banca organizadora definida\/contratada. <\/p>\n\n\n\n<p class=\"wp-block-paragraph\">Ao longo deste artigo, reunimos os&nbsp;<strong>principais editais de concursos previstos para o m\u00eas de setembro<\/strong>, assim como informa\u00e7\u00f5es de n\u00famero de vagas, cargos, sal\u00e1rios e banca. Confira:<\/p>\n\n\n\n<ul id=\"indice\" class=\"wp-block-list\">\n<li><a href=\"#seguranca-publica\">Seguran\u00e7a p\u00fablica<\/a><\/li>\n\n\n\n<li><a href=\"#tribunais\">Tribunais<\/a><\/li>\n\n\n\n<li><a href=\"#fiscais\">Fiscais<\/a><\/li>\n\n\n\n<li><a href=\"#saude\">Sa\u00fade<\/a><\/li>\n\n\n\n<li><a href=\"#edu\">Educa\u00e7\u00e3o<\/a><\/li>\n\n\n\n<li><a href=\"#outras\">Outras oportunidades<\/a><\/li>\n<\/ul>\n\n\n\n<div class=\"container\" id=\"boxes\">\n  <div class=\"row\">\n\n    <div class=\"col-sm\">\n      <div class=\"estrategia\" id=\"box-assinatura\">\n        <h3 class=\"titulo-assinatura\">Assinatura Concursos<\/h3>\n        <p class=\"subtitulo-assinatura\">Assinatura de 1 ano ou 2 anos<\/p>\n        <div class=\"box-botao\">\n          <a class=\"btn-assinatura\" target=\"_blank\" href=\"https:\/\/www.estrategiaconcursos.com.br\/blog\/assinaturas\/\" role=\"button\" rel=\"noopener noreferrer\">ASSINE AGORA<\/a>\n        <\/div>\n      <\/div>\n     \n    <\/div><\/div><\/div>\n\n\n\n<h2 class=\"wp-block-heading has-text-align-center has-background\" id=\"seguranca-publica\" style=\"background-color:#e1eaf2\">Seguran\u00e7a P\u00fablica<\/h2>\n\n\n\n<h3 id=\"h-concurso-pm-sp-policia-militar-do-estado-de-sao-paulo\" class=\"wp-block-heading\"><a href=\"https:\/\/www.estrategiaconcursos.com.br\/blog\/concurso-pm-sp\/\" target=\"_blank\" rel=\"noreferrer noopener\">Concurso PM SP<\/a> &#8211; <em>Pol\u00edcia Militar do Estado de S\u00e3o Paulo<\/em><\/h3>\n\n\n\n<ul id=\"block-397b025a-d0a5-49af-b53a-be4c35b28e6f\" class=\"wp-block-list\">\n<li><strong><\/strong><strong><\/strong><strong><\/strong><strong>Banca<\/strong>:&nbsp;a definir<\/li>\n\n\n\n<li><strong>Cargos:&nbsp;<\/strong>Soldado<\/li>\n\n\n\n<li><strong>Forma\u00e7\u00e3o<\/strong>:&nbsp;m\u00e9dio<\/li>\n\n\n\n<li><strong>Vagas:<\/strong>&nbsp;2.000<\/li>\n\n\n\n<li><strong>Sal\u00e1rio<\/strong>:&nbsp;R$ 5.055,53<\/li>\n\n\n\n<li><a href=\"https:\/\/www.estrategiaconcursos.com.br\/cursosPorConcurso\/policia-militar-de-sao-paulo-pm-sp\/\" target=\"_blank\" rel=\"noreferrer noopener\">Cursos PM SP<\/a><\/li>\n<\/ul>\n\n\n\n<h3 id=\"block-b19b4d81-2e0b-4f91-bb51-f49ebc2ae7fa\" class=\"wp-block-heading\"><a href=\"https:\/\/www.estrategiaconcursos.com.br\/blog\/concurso-policia-penal-pb\/\" target=\"_blank\" rel=\"noreferrer noopener\">Concurso Pol\u00edcia Penal PB<\/a> <\/h3>\n\n\n\n<ul class=\"wp-block-list\">\n<li><strong>Banca<\/strong>:&nbsp;Idecan<\/li>\n\n\n\n<li><strong>Cargos:<\/strong>&nbsp;Policial Penal<\/li>\n\n\n\n<li><strong>Forma\u00e7\u00e3o<\/strong>: n\u00edvel superior<\/li>\n\n\n\n<li><strong>Vagas:&nbsp;<\/strong>1.000<\/li>\n\n\n\n<li><strong>Sal\u00e1rio<\/strong>:&nbsp;R$ 4.844,14<\/li>\n\n\n\n<li><a href=\"https:\/\/www.estrategiaconcursos.com.br\/blog\/curso\/policia-penal-pb-policial-penal-pacote-completo\/\" target=\"_blank\" rel=\"noreferrer noopener\">Cursos PPPB<\/a><\/li>\n<\/ul>\n\n\n\n<h3 id=\"h-concurso-pc-rj-policia-civil-do-estado-do-rio-de-janeiro\" class=\"wp-block-heading\"><a href=\"https:\/\/www.estrategiaconcursos.com.br\/blog\/concurso-policia-civil-rj\/\" target=\"_blank\" rel=\"noreferrer noopener\">Concurso PC RJ<\/a> &#8211; <em>Pol\u00edcia Civil do Estado do Rio de Janeiro<\/em><\/h3>\n\n\n\n<ul class=\"wp-block-list\">\n<li><strong>Banca<\/strong>:&nbsp;FGV<\/li>\n\n\n\n<li><strong>Cargos:<\/strong>&nbsp;diversos<\/li>\n\n\n\n<li><strong>Forma\u00e7\u00e3o:<\/strong>&nbsp;superior<\/li>\n\n\n\n<li><strong>Vagas:<\/strong>&nbsp;414<\/li>\n\n\n\n<li><strong>Sal\u00e1rio:&nbsp;<\/strong>R$ 13.981,45 a R$ 26.981,77<\/li>\n\n\n\n<li><a href=\"https:\/\/www.estrategiaconcursos.com.br\/cursosPorConcurso\/policia-civil-rj-pc-rj\/\" target=\"_blank\" rel=\"noreferrer noopener\">Cursos PC RJ<\/a><\/li>\n<\/ul>\n\n\n\n<h3 id=\"h-concurso-pc-ap-policia-civil-do-estado-do-amapa\" class=\"wp-block-heading\"><a href=\"https:\/\/www.estrategiaconcursos.com.br\/blog\/concurso-pc-ap\/\" target=\"_blank\" rel=\"noreferrer noopener\">Concurso PC AP<\/a> &#8211; <em>Pol\u00edcia Civil do Estado do Amap\u00e1<\/em><\/h3>\n\n\n\n<ul class=\"wp-block-list\">\n<li><strong><\/strong><strong>Banca<\/strong>:&nbsp;Cesgranrio<\/li>\n\n\n\n<li><strong>Cargos:<\/strong>&nbsp;Oficial Investigador e Delegado<\/li>\n\n\n\n<li><strong>Forma\u00e7\u00e3o:<\/strong>&nbsp;m\u00e9dio e superior<\/li>\n\n\n\n<li><strong>Vagas:<\/strong>&nbsp;295 CR<\/li>\n\n\n\n<li><strong>Sal\u00e1rio:&nbsp;<\/strong>R$ 6.067,95 a R$ 16.650,89<\/li>\n\n\n\n<li><a href=\"https:\/\/www.estrategiaconcursos.com.br\/cursosPorConcurso\/policia-civil-do-amapa-pc-ap\/\" target=\"_blank\" rel=\"noreferrer noopener\">Cursos PC AP<\/a><\/li>\n<\/ul>\n\n\n\n<h3 id=\"h-concurso-pc-to-policia-civil-do-estado-do-tocantins\" class=\"wp-block-heading\"><a href=\"https:\/\/www.estrategiaconcursos.com.br\/blog\/concurso-pc-to\/\" target=\"_blank\" rel=\"noopener\">Concurso PC TO<\/a> &#8211; <em>Pol\u00edcia Civil do Estado do Tocantins<\/em><\/h3>\n\n\n\n<ul class=\"wp-block-list\">\n<li><strong>Banca<\/strong>:\u00a0a definir<\/li>\n\n\n\n<li><strong>Cargos:\u00a0<\/strong>Delegado, Perito oficial e Oficial Investigador<\/li>\n\n\n\n<li><strong>Forma\u00e7\u00e3o:<\/strong>\u00a0superior<\/li>\n\n\n\n<li><strong>Vagas:<\/strong>\u00a0452<\/li>\n\n\n\n<li><strong>Sal\u00e1rio:<\/strong>\u00a0R$ 9.274,48 a\u00a0R$ 25.259,62<\/li>\n\n\n\n<li><a href=\"https:\/\/www.estrategiaconcursos.com.br\/cursosPorConcurso\/policia-civil-do-amapa-pc-ap\/\" target=\"_blank\" rel=\"noreferrer noopener\">Cursos PC TO<\/a><\/li>\n<\/ul>\n\n\n\n<h3 id=\"h-concurso-pm-sc-policia-militar-do-estado-de-santa-catarina\" class=\"wp-block-heading\"><a href=\"https:\/\/www.estrategiaconcursos.com.br\/blog\/concurso-pm-sc\/\" target=\"_blank\" rel=\"noreferrer noopener\">Concurso PM SC<\/a> &#8211; <em>Pol\u00edcia Militar do Estado de Santa Catarina<\/em><\/h3>\n\n\n\n<ul class=\"wp-block-list\">\n<li><strong><\/strong><strong>Banca<\/strong>:\u00a0Instituto AOCP<\/li>\n\n\n\n<li><strong>Cargos:&nbsp;<\/strong>Soldado<\/li>\n\n\n\n<li><strong>Forma\u00e7\u00e3o<\/strong>:&nbsp;n\u00edvel superior<\/li>\n\n\n\n<li><strong>Vagas:<\/strong>&nbsp;500<\/li>\n\n\n\n<li><strong>Sal\u00e1rio<\/strong>:&nbsp;R$ 6.000,00<\/li>\n\n\n\n<li><a href=\"https:\/\/www.estrategiaconcursos.com.br\/cursosPorConcurso\/policia-militar-de-santa-catarina-pm-sc\/\" target=\"_blank\" rel=\"noreferrer noopener\">Cursos PM SC<\/a><\/li>\n<\/ul>\n\n\n\n<h3 id=\"h-concurso-pmerj-policia-militar-do-estado-do-rio-de-janeiro\" class=\"wp-block-heading\"><a href=\"https:\/\/www.estrategiaconcursos.com.br\/blog\/concurso-pmerj\/\" target=\"_blank\" rel=\"noopener\">Concurso PMERJ<\/a> &#8211; <em>Pol\u00edcia Militar do Estado do Rio de Janeiro<\/em><\/h3>\n\n\n\n<ul class=\"wp-block-list\">\n<li><strong><\/strong><strong><\/strong><strong>Banca<\/strong>:\u00a0FGV<\/li>\n\n\n\n<li><strong>Cargos:\u00a0<\/strong>Oficial<\/li>\n\n\n\n<li><strong>Forma\u00e7\u00e3o<\/strong>:\u00a0n\u00edvel superior<\/li>\n\n\n\n<li><strong>Vagas:<\/strong>\u00a0100<\/li>\n\n\n\n<li><strong>Sal\u00e1rio<\/strong>:\u00a0R$ 10.348,18 (2\u00ba Tenente)<\/li>\n\n\n\n<li><a href=\"https:\/\/www.estrategiaconcursos.com.br\/cursosPorConcurso\/policia-militar-do-rio-de-janeiro-pm-rj\/\" target=\"_blank\" rel=\"noreferrer noopener\">Cursos PMRJ<\/a><\/li>\n<\/ul>\n\n\n\n<h2 class=\"wp-block-heading has-text-align-center has-background\" id=\"tribunais\" style=\"background-color:#e1eaf2\">Tribunais\/Procuradorias\/Minist\u00e9rios P\u00fablicos<\/h2>\n\n\n\n<h3 id=\"h-concurso-trt-8-ap-pa-tribunal-regional-do-trabalho-da-8\u00aa-regiao\" class=\"wp-block-heading\"><a href=\"https:\/\/www.estrategiaconcursos.com.br\/blog\/concurso-trt-8\/\" target=\"_blank\" rel=\"noopener\">Concurso TRT 8 (AP\/PA)<\/a> &#8211; <em><strong>Tribunal Regional do Trabalho da 8\u00aa Regi\u00e3o<\/strong>\u00a0<\/em><\/h3>\n\n\n\n<ul class=\"wp-block-list\">\n<li><strong>Banca:\u00a0<\/strong>FCC<\/li>\n\n\n\n<li><strong>Cargos:<\/strong>\u00a0T\u00e9cnico e Analista Judici\u00e1rio<\/li>\n\n\n\n<li><strong>Forma\u00e7\u00e3o<\/strong>:\u00a0n\u00edvel superior<\/li>\n\n\n\n<li><strong>Vagas:<\/strong>\u00a0CR<\/li>\n\n\n\n<li><strong>Sal\u00e1rio<\/strong>:\u00a0R$\u00a09.776,74 a R$ 18.380,18 <\/li>\n\n\n\n<li><a href=\"https:\/\/www.estrategiaconcursos.com.br\/cursosPorConcurso\/trt-8-regiao-para-e-amapa-171\/\" target=\"_blank\" rel=\"noreferrer noopener\">Cursos TRT 8<\/a><\/li>\n<\/ul>\n\n\n\n<h3 id=\"h-concurso-dpe-pb-defensoria-publica-do-estado-da-paraiba\" class=\"wp-block-heading\"><a href=\"https:\/\/www.estrategiaconcursos.com.br\/blog\/concurso-dpe-pb-2026-escolha-da-banca-iniciada\/\">Concurso DPE PB<\/a> &#8211; <em>Defensoria P\u00fablica do Estado da Para\u00edba\u00a0<\/em><\/h3>\n\n\n\n<ul class=\"wp-block-list\">\n<li><strong><\/strong><strong>Banca<\/strong>:\u00a0FCC<\/li>\n\n\n\n<li><strong>Cargos<\/strong>: diversos<\/li>\n\n\n\n<li><strong>Forma\u00e7\u00e3o:\u00a0<\/strong>m\u00e9dio e superior<\/li>\n\n\n\n<li><strong>Vagas:<\/strong>\u00a020<\/li>\n\n\n\n<li><strong>Sal\u00e1rio:\u00a0<\/strong>at\u00e9 R$4.500,00<\/li>\n\n\n\n<li><a href=\"https:\/\/www.estrategiaconcursos.com.br\/cursosPorConcurso\/dpe-pb\/\" target=\"_blank\" rel=\"noreferrer noopener\">Cursos DPE PB<\/a><\/li>\n<\/ul>\n\n\n\n<h3 id=\"h-concurso-dpe-am-defensoria-publica-do-estado-do-amazonas\" class=\"wp-block-heading\"><a href=\"https:\/\/www.estrategiaconcursos.com.br\/blog\/concurso-dpe-am\/\">Concurso DPE AM<\/a> &#8211; <em>Defensoria P\u00fablica do Estado do Amazonas<\/em><\/h3>\n\n\n\n<ul class=\"wp-block-list\">\n<li><strong><\/strong><strong><\/strong><strong>Banca<\/strong>:\u00a0FCC<\/li>\n\n\n\n<li><strong>Cargos:<\/strong>\u00a0diversos<\/li>\n\n\n\n<li><strong>Forma\u00e7\u00e3o:\u00a0<\/strong>n\u00edvel superior e m\u00e9dio<\/li>\n\n\n\n<li><strong>Vagas:<\/strong>\u00a005 + CR<\/li>\n\n\n\n<li><strong>Sal\u00e1rio:\u00a0<\/strong>R$ 4.713,02 a R$ 8.006,38<\/li>\n\n\n\n<li><strong>Cursos:\u00a0<\/strong><a href=\"https:\/\/www.estrategiaconcursos.com.br\/cursosPorConcurso\/dpe-am\/\">DPE AM<\/a><\/li>\n<\/ul>\n\n\n\n<h3 id=\"h-concurso-dpdf-defensoria-publica-do-distrito-federal\" class=\"wp-block-heading\"><a href=\"https:\/\/www.estrategiaconcursos.com.br\/blog\/concurso-dpdf\/\">Concurso DPDF<\/a> <em>&#8211; Defensoria P\u00fablica do Distrito Federal<\/em><\/h3>\n\n\n\n<ul class=\"wp-block-list\">\n<li><strong><\/strong><strong>Banca<\/strong>:&nbsp;Instituto Access<\/li>\n\n\n\n<li><strong>Cargo:<\/strong>&nbsp;Analista de Apoio \u00e0 Assist\u00eancia Judici\u00e1ria<\/li>\n\n\n\n<li><strong>Vagas:<\/strong>&nbsp;7 + CR<\/li>\n\n\n\n<li><strong>Forma\u00e7\u00e3o:&nbsp;<\/strong>n\u00edvel superior<\/li>\n\n\n\n<li><strong>Sal\u00e1rio:<\/strong>&nbsp;R$ 8.828,12<\/li>\n\n\n\n<li><a href=\"https:\/\/www.estrategiaconcursos.com.br\/cursosPorConcurso\/dpdf-defensoria-publica-do-distrito-federal-diversos-cargos\/\" target=\"_blank\" rel=\"noreferrer noopener\">Cursos DPDF<\/a><\/li>\n<\/ul>\n\n\n\n<h2 class=\"wp-block-heading has-text-align-center has-background\" id=\"fiscais\" style=\"background-color:#e1eaf2\">Fiscais<\/h2>\n\n\n\n<h3 id=\"h-concurso-sefaz-df-secretaria-da-fazenda-do-distrito-federal\" class=\"wp-block-heading\"><a href=\"https:\/\/www.estrategiaconcursos.com.br\/blog\/concurso-sefaz-df\/\" target=\"_blank\" rel=\"noreferrer noopener\">Concurso Sefaz DF<\/a> &#8211; <em>Secretaria da Fazenda do Distrito Federal<\/em><\/h3>\n\n\n\n<ul class=\"wp-block-list\">\n<li><strong><\/strong><strong>Banca<\/strong>:&nbsp;Cebraspe<\/li>\n\n\n\n<li><strong>Cargos:<\/strong>&nbsp;Auditor Fiscal<\/li>\n\n\n\n<li><strong>Forma\u00e7\u00e3o:&nbsp;<\/strong>N\u00edvel superior<\/li>\n\n\n\n<li><strong>Vagas:&nbsp;<\/strong>115 + 150 CR<\/li>\n\n\n\n<li><strong>Sal\u00e1rio:<\/strong>&nbsp;R$ 21.849,14<\/li>\n\n\n\n<li><a href=\"https:\/\/www.estrategiaconcursos.com.br\/cursosPorConcurso\/sefaz-df-279\/\" target=\"_blank\" rel=\"noreferrer noopener\">Cursos Sefaz DF<\/a><\/li>\n<\/ul>\n\n\n\n<h3 id=\"h-concurso-sefaz-sc-secretaria-da-fazenda-de-santa-catarina\" class=\"wp-block-heading\"><a href=\"https:\/\/www.estrategiaconcursos.com.br\/blog\/concurso-sefaz-sc\/\" target=\"_blank\" rel=\"noreferrer noopener\">Concurso Sefaz SC<\/a> &#8211; <em>Secretaria da Fazenda de Santa Catarina <\/em><\/h3>\n\n\n\n<ul class=\"wp-block-list\">\n<li><strong>Banca<\/strong>:&nbsp;FCC<\/li>\n\n\n\n<li><strong>Cargos:<\/strong>&nbsp;Auditor Estadual de Finan\u00e7as P\u00fablicas<\/li>\n\n\n\n<li><strong>Vagas:<\/strong>&nbsp;50<\/li>\n\n\n\n<li><strong>Forma\u00e7\u00e3o:&nbsp;<\/strong>n\u00edvel superior<\/li>\n\n\n\n<li><strong>Sal\u00e1rio:<\/strong>&nbsp;R$ 15.112,36<\/li>\n\n\n\n<li><a href=\"https:\/\/www.estrategiaconcursos.com.br\/cursosPorConcurso\/secretaria-da-fazenda-do-estado-de-santa-catarina-sefaz-sc\/\" target=\"_blank\" rel=\"noreferrer noopener\">Cursos Sefaz SC<\/a><\/li>\n<\/ul>\n\n\n\n<h3 id=\"h-concurso-iss-curitiba-nbsp-pr\" class=\"wp-block-heading\"><a href=\"https:\/\/www.estrategiaconcursos.com.br\/blog\/concurso-iss-curitiba\/\" target=\"_blank\" rel=\"noreferrer noopener\">Concurso ISS Curitiba<\/a>&nbsp;(PR)<\/h3>\n\n\n\n<ul class=\"wp-block-list\">\n<li><strong>Banca:<\/strong>&nbsp;Fafipa<\/li>\n\n\n\n<li><strong>Cargos:&nbsp;<\/strong>Auditor Fiscal<\/li>\n\n\n\n<li><strong>Forma\u00e7\u00e3o<\/strong>: n\u00edvel superior<\/li>\n\n\n\n<li><strong>Vagas:&nbsp;<\/strong>10<\/li>\n\n\n\n<li><strong>Sal\u00e1rio:<\/strong>&nbsp;R$ 16.815,41<\/li>\n\n\n\n<li><a href=\"https:\/\/www.estrategiaconcursos.com.br\/cursosPorConcurso\/prefeitura-municipal-de-curitiba\/\" target=\"_blank\" rel=\"noreferrer noopener\">Cursos ISS Curitiba<\/a><\/li>\n<\/ul>\n\n\n\n<h3 class=\"wp-block-heading\"><a href=\"https:\/\/www.estrategiaconcursos.com.br\/blog\/concurso-iss-blumenau-sc\/\" target=\"_blank\" rel=\"noopener\">Concurso ISS Blumenau<\/a>&nbsp;(SC)<\/h3>\n\n\n\n<ul class=\"wp-block-list\">\n<li><strong><\/strong><strong>Banca<\/strong>:\u00a0Furb<\/li>\n\n\n\n<li><strong>Cargos:\u00a0<\/strong>Auditor Fiscal Tribut\u00e1rio<\/li>\n\n\n\n<li><strong>Forma\u00e7\u00e3o<\/strong>: n\u00edvel superior<\/li>\n\n\n\n<li><strong>Vagas:<\/strong>\u00a001 + CR<\/li>\n\n\n\n<li><strong>Sal\u00e1rio:<\/strong>\u00a0R$ 7.005,99<\/li>\n<\/ul>\n\n\n\n<h2 class=\"wp-block-heading has-text-align-center has-background\" id=\"saude\" style=\"background-color:#e1eaf2\">Sa\u00fade<\/h2>\n\n\n\n<h3 id=\"h-concurso-semusa-porto-velho-ro-secretaria-de-saude-de-porto-velho\" class=\"wp-block-heading\"><a href=\"https:\/\/www.estrategiaconcursos.com.br\/blog\/concurso-semusa-porto-velho\/\" target=\"_blank\" rel=\"noreferrer noopener\">Concurso SEMUSA Porto Velho<\/a> (RO)- <em>Secretaria de Sa\u00fade de Porto Velho\u00a0<\/em><\/h3>\n\n\n\n<ul class=\"wp-block-list\">\n<li><strong><\/strong><strong>Banca<\/strong>:&nbsp;IBGP<\/li>\n\n\n\n<li><strong>Cargo:&nbsp;<\/strong>diversos<\/li>\n\n\n\n<li><strong>Forma\u00e7\u00e3o:\u00a0<\/strong>fundamental, m\u00e9dio, t\u00e9cnico e superior<\/li>\n\n\n\n<li><strong>Vagas:<\/strong>\u00a0659 + 1.589 CR<\/li>\n\n\n\n<li><strong>Sal\u00e1rio:<\/strong>\u00a0a definir<\/li>\n\n\n\n<li><a href=\"https:\/\/www.estrategiaconcursos.com.br\/cursosPorConcurso\/prefeitura-municipal-de-porto-velho-ro\/\" target=\"_blank\" rel=\"noreferrer noopener\">Cursos SEMUSA Porto Velho<\/a><\/li>\n<\/ul>\n\n\n\n<h3 id=\"h-concurso-sesa-ap-secretaria-de-estado-da-saude-do-amapa\" class=\"wp-block-heading\"><a href=\"https:\/\/www.estrategiaconcursos.com.br\/blog\/concurso-sesa-ap\/\" target=\"_blank\" rel=\"noopener\">Concurso SESA AP<\/a> <em>&#8211; Secretaria de Estado da Sa\u00fade do Amap\u00e1<\/em><\/h3>\n\n\n\n<ul class=\"wp-block-list\">\n<li><strong><\/strong><strong>Banca<\/strong>: Instituto AOCP<\/li>\n\n\n\n<li><strong>Cargos:\u00a0<\/strong>v\u00e1rios<\/li>\n\n\n\n<li><strong>Forma\u00e7\u00e3o<\/strong>:\u00a0m\u00e9dio, t\u00e9cnico e superior<\/li>\n\n\n\n<li><strong>Vagas<\/strong>: 1.815 CR<\/li>\n\n\n\n<li><strong>Sal\u00e1rio<\/strong>:\u00a0R$ 1.747,46 a R$ 6.112,98\u00a0<em>(\u00faltimo edital)<\/em><\/li>\n\n\n\n<li><a href=\"https:\/\/www.estrategiaconcursos.com.br\/cursosPorConcurso\/secretaria-de-estado-de-saude-do-amapa-sesa-ap\/\" target=\"_blank\" rel=\"noreferrer noopener\">Cursos SESA AP<\/a><\/li>\n<\/ul>\n\n\n\n<h3 id=\"h-concurso-sesau-ro-secretaria-de-estado-da-saude-de-rondonia\" class=\"wp-block-heading\"><a href=\"https:\/\/www.estrategiaconcursos.com.br\/blog\/concurso-sesau-ro\/\" target=\"_blank\" rel=\"noopener\">Concurso SESAU RO<\/a> &#8211; <em>Secretaria de Estado da Sa\u00fade de Rond\u00f4nia<\/em><\/h3>\n\n\n\n<ul class=\"wp-block-list\">\n<li><strong>Banca<\/strong>: IDECAN<\/li>\n\n\n\n<li><strong>Cargos:\u00a0<\/strong>diversos<\/li>\n\n\n\n<li><strong>Forma\u00e7\u00e3o:\u00a0<\/strong>m\u00e9dio, t\u00e9cnico e superior<\/li>\n\n\n\n<li><strong>Vagas:<\/strong>\u00a02.395<\/li>\n\n\n\n<li><strong>Sal\u00e1rio:<\/strong>\u00a0R$ 1.450,91 a R$ 12.047,24 [\u00faltimo edital]<\/li>\n\n\n\n<li><a href=\"https:\/\/www.estrategiaconcursos.com.br\/cursosPorConcurso\/sesau-ro\/\" target=\"_blank\" rel=\"noreferrer noopener\">Cursos SESAU RO<\/a><\/li>\n<\/ul>\n\n\n\n<h3 id=\"h-concurso-ses-sp-secretaria-de-estado-de-saude-de-sao-paulo\" class=\"wp-block-heading\"><a href=\"https:\/\/www.estrategiaconcursos.com.br\/blog\/concurso-ses-sp\/\" target=\"_blank\" rel=\"noreferrer noopener\">Concurso SES SP<\/a> &#8211; <em>Secretaria de Estado de Sa\u00fade de S\u00e3o Paulo<\/em><\/h3>\n\n\n\n<ul class=\"wp-block-list\">\n<li><strong>Banca<\/strong>:&nbsp;Legalle<\/li>\n\n\n\n<li><strong>Cargos:&nbsp;<\/strong>M\u00e9dico I, Agente T\u00e9cnico de Assist\u00eancia \u00e0 Sa\u00fade, Oficial de Sa\u00fade, Enfermeiro e T\u00e9cnico de Enfermagem<\/li>\n\n\n\n<li><strong>Forma\u00e7\u00e3o<\/strong>:&nbsp;n\u00edveis m\u00e9dio e superior<\/li>\n\n\n\n<li><strong>Vagas<\/strong>: 17<\/li>\n\n\n\n<li><strong>Sal\u00e1rio:<\/strong>&nbsp;R$ 3.221,60 e R$ 7.900,60 + vantagens<em> (\u00faltimo edital)<\/em><\/li>\n\n\n\n<li><a href=\"https:\/\/www.estrategiaconcursos.com.br\/cursosPorConcurso\/secretaria-de-estado-da-saude-de-sao-paulo-ses-sp\/\" target=\"_blank\" rel=\"noreferrer noopener\">Cursos SES SP<\/a> <\/li>\n<\/ul>\n\n\n\n<h2 class=\"wp-block-heading has-text-align-center has-background\" id=\"edu\" style=\"background-color:#e1eaf2\">Educa\u00e7\u00e3o<\/h2>\n\n\n\n<h3 id=\"h-concurso-semed-porto-velho-ro-secretaria-de-educacao-de-porto-velho\" class=\"wp-block-heading\"><a href=\"https:\/\/www.estrategiaconcursos.com.br\/blog\/concurso-semed-porto-velho\/\" target=\"_blank\" rel=\"noopener\">Concurso Semed Porto Velho<\/a> (RO)- <em>Secretaria de Educa\u00e7\u00e3o de Porto Velho\u00a0<\/em><\/h3>\n\n\n\n<ul class=\"wp-block-list\">\n<li><strong><\/strong><strong>Banca<\/strong>:\u00a0IBGP<\/li>\n\n\n\n<li><strong>Cargo:\u00a0<\/strong>diversos<\/li>\n\n\n\n<li><strong>Forma\u00e7\u00e3o:\u00a0<\/strong>n\u00edveis m\u00e9dio e superior<\/li>\n\n\n\n<li><strong>Vagas:<\/strong>\u00a0430<\/li>\n\n\n\n<li><strong>Sal\u00e1rio:<\/strong>\u00a0entre R$ 1.251,05 e R$ 2.046,11 [\u00faltimo edital]<\/li>\n\n\n\n<li><a href=\"https:\/\/www.estrategiaconcursos.com.br\/cursosPorConcurso\/secretaria-de-educacao-do-municipio-de-porto-velho-semed-porto-velho\/\" target=\"_blank\" rel=\"noreferrer noopener\">Cursos SEMED Porto Velho<\/a><\/li>\n<\/ul>\n\n\n\n<h3 id=\"h-concurso-seduc-am-secretaria-de-estado-de-educacao-do-amazonas\" class=\"wp-block-heading\"><a href=\"https:\/\/www.estrategiaconcursos.com.br\/blog\/concurso-seduc-am\/\">Concurso Seduc AM<\/a> &#8211; <em>Secretaria de Estado de Educa\u00e7\u00e3o do Amazonas<\/em><\/h3>\n\n\n\n<ul class=\"wp-block-list\">\n<li><strong>Banca<\/strong>: Cesgranrio<\/li>\n\n\n\n<li><strong>Cargo:\u00a0<\/strong>diversos<\/li>\n\n\n\n<li><strong>Forma\u00e7\u00e3o:\u00a0<\/strong>n\u00edveis m\u00e9dio e superior<\/li>\n\n\n\n<li><strong>Vagas:<\/strong>\u00a0mais de 7,8 mil<\/li>\n\n\n\n<li><strong>Sal\u00e1rio:<\/strong>\u00a0R$ 1.525,06 a R$ 4.143,06 [\u00faltimo edital]<\/li>\n\n\n\n<li><a href=\"https:\/\/www.estrategiaconcursos.com.br\/cursosPorConcurso\/seduc-am\/\" target=\"_blank\" rel=\"noreferrer noopener\">Cursos Seduc AM<\/a><\/li>\n<\/ul>\n\n\n\n<h2 class=\"wp-block-heading has-text-align-center has-background\" id=\"outras\" style=\"background-color:#e1eaf2\">Outras oportunidades<\/h2>\n\n\n\n<h3 class=\"wp-block-heading\"><a href=\"https:\/\/www.estrategiaconcursos.com.br\/blog\/concurso-alepa\/\" target=\"_blank\" rel=\"noopener\">Concurso ALEPA<\/a><\/h3>\n\n\n\n<ul class=\"wp-block-list\">\n<li><strong>Banca:<\/strong>\u00a0Funda\u00e7\u00e3o CETAP<\/li>\n\n\n\n<li><strong>Cargos:<\/strong>\u00a0a definir<\/li>\n\n\n\n<li><strong>Forma\u00e7\u00e3o<\/strong>:\u00a0m\u00e9dio e superior<\/li>\n\n\n\n<li><strong>Vagas:<\/strong>\u00a0a definir<\/li>\n\n\n\n<li><strong>Sal\u00e1rio:<\/strong>\u00a0R$ 2.991,79 a R$ 3.290,98<\/li>\n<\/ul>\n\n\n\n<h3 id=\"h-concurso-casan-sc-companhia-catarinense-de-aguas-e-saneamento\" class=\"wp-block-heading\"><a href=\"https:\/\/www.estrategiaconcursos.com.br\/blog\/concurso-casan\/\" target=\"_blank\" rel=\"noopener\">Concurso CASAN<\/a>\u00a0(SC) &#8211; <em>Companhia Catarinense de \u00c1guas e Saneamento<\/em><\/h3>\n\n\n\n<ul class=\"wp-block-list\">\n<li><strong><\/strong><strong>Banca<\/strong>:\u00a0Instituto AOCP<\/li>\n\n\n\n<li><strong>Cargo<\/strong>: diversos<\/li>\n\n\n\n<li><strong>Forma\u00e7\u00e3o<\/strong>: n\u00edveis m\u00e9dio, t\u00e9cnico e superior<\/li>\n\n\n\n<li><strong>Vagas:\u00a0<\/strong>49<\/li>\n\n\n\n<li><strong>Sal\u00e1rio:<\/strong>\u00a0R$ 2.553,38 a R$ 9.532,86<em>\u00a0(\u00faltimo edital)<\/em><\/li>\n<\/ul>\n\n\n\n<h3 id=\"h-concurso-ipam-porto-velho-ro-instituto-de-previdencia-e-assistencia-dos-servidores-do-municipio-de-porto-velho\" class=\"wp-block-heading\"><a href=\"https:\/\/www.estrategiaconcursos.com.br\/blog\/concurso-ipam-porto-velho\/\" target=\"_blank\" rel=\"noopener\">Concurso IPAM Porto Velho<\/a> (RO) &#8211; <em>Instituto de Previd\u00eancia e Assist\u00eancia dos Servidores do Munic\u00edpio de Porto Velho<\/em><\/h3>\n\n\n\n<ul class=\"wp-block-list\">\n<li><strong>Situa\u00e7\u00e3o<\/strong>: banca definida (IBADE)<\/li>\n\n\n\n<li><strong>Cargos:\u00a0<\/strong>Analista e T\u00e9cnico Aut\u00e1rquico<\/li>\n\n\n\n<li><strong>Forma\u00e7\u00e3o<\/strong>:\u00a0n\u00edvel m\u00e9dio e superior<\/li>\n\n\n\n<li><strong>Vagas:<\/strong>\u00a025 + 46 CR<\/li>\n\n\n\n<li><strong>Sal\u00e1rio:<\/strong>\u00a0R$ 3 mil a R$ 5 mil + gratifica\u00e7\u00f5es<\/li>\n<\/ul>\n\n\n\n<h3 id=\"h-concurso-eppgg-ba-especialista-em-politicas-publicas-e-gestao-governamental\" class=\"wp-block-heading\"><a href=\"https:\/\/www.estrategiaconcursos.com.br\/blog\/concurso-eppgg-ba-e-autorizado-serao-185-vagas\/\" target=\"_blank\" rel=\"noreferrer noopener\">Concurso EPPGG BA<\/a> &#8211; <em>Especialista em Pol\u00edticas P\u00fablicas e Gest\u00e3o Governamental<\/em><\/h3>\n\n\n\n<ul class=\"wp-block-list\">\n<li><strong>Banca<\/strong>: Funda\u00e7\u00e3o Cesgranrio<\/li>\n\n\n\n<li><strong>Cargos:&nbsp;<\/strong>Especialista em Pol\u00edticas P\u00fablicas e Gest\u00e3o Governamental<\/li>\n\n\n\n<li><strong>Forma\u00e7\u00e3o<\/strong>: n\u00edvel superior<\/li>\n\n\n\n<li><strong>Vagas:&nbsp;<\/strong>50<\/li>\n\n\n\n<li><strong>Sal\u00e1rio:<\/strong>&nbsp;cerca de R$ 10 mil<\/li>\n<\/ul>\n\n\n\n<h3 id=\"h-concurso-sp-parcerias-nbsp-companhia-sao-paulo-de-parcerias\" class=\"wp-block-heading\"><a href=\"https:\/\/www.estrategiaconcursos.com.br\/blog\/concurso-sp-parcerias\/\" target=\"_blank\" rel=\"noreferrer noopener\">Concurso SP Parcerias<\/a>&nbsp;<em>&#8211; Companhia S\u00e3o Paulo de Parcerias<\/em><\/h3>\n\n\n\n<ul class=\"wp-block-list\">\n<li><strong><\/strong><strong><\/strong><strong><\/strong><strong>Banca<\/strong>:&nbsp;Instituto Access<\/li>\n\n\n\n<li><strong>Cargos:<\/strong>&nbsp;Analista Quantitativo J\u00fanior, Analista Arquitet\u00f4nico J\u00fanior e Analista Administrativo J\u00fanior<\/li>\n\n\n\n<li><strong>Forma\u00e7\u00e3o<\/strong>: n\u00edvel superior<\/li>\n\n\n\n<li><strong>Vagas:&nbsp;<\/strong>5 + 25 CR<\/li>\n\n\n\n<li><strong>Sal\u00e1rio:<\/strong>&nbsp;R$ 6.200,00<\/li>\n<\/ul>\n\n\n\n<h3 id=\"h-concurso-inb-nbsp-industrias-nucleares-do-brasil\" class=\"wp-block-heading\"><a href=\"https:\/\/www.estrategiaconcursos.com.br\/blog\/concurso-inb\/\" target=\"_blank\" rel=\"noreferrer noopener\">Concurso INB<\/a>&nbsp;<em>&#8211; Ind\u00fastrias Nucleares do Brasil<\/em><\/h3>\n\n\n\n<ul class=\"wp-block-list\">\n<li><strong>Banca<\/strong>:&nbsp;FGV<\/li>\n\n\n\n<li><strong>Cargos:&nbsp;<\/strong>v\u00e1rios<\/li>\n\n\n\n<li><strong>Forma\u00e7\u00e3o<\/strong>: n\u00edveis m\u00e9dio, t\u00e9cnico e superior<\/li>\n\n\n\n<li><strong>Vagas:&nbsp;<\/strong>CR<\/li>\n\n\n\n<li><strong>Sal\u00e1rio:<\/strong> a definir<\/li>\n<\/ul>\n\n\n\n<h3 id=\"h-concurso-sema-mt-secretaria-de-meio-ambiente-de-mato-grosso\" class=\"wp-block-heading\"><a href=\"https:\/\/www.estrategiaconcursos.com.br\/blog\/concurso-sema-mt\/\" target=\"_blank\" rel=\"noreferrer noopener\">Concurso SEMA MT<\/a> &#8211; <em>Secretaria de Meio Ambiente de Mato Grosso<\/em><\/h3>\n\n\n\n<ul class=\"wp-block-list\">\n<li><strong><\/strong><strong><\/strong><strong>Banca<\/strong>: Funda\u00e7\u00e3o Cesgranrio<\/li>\n\n\n\n<li><strong>Cargos:<\/strong>&nbsp;Analista<\/li>\n\n\n\n<li><strong>Vagas:<\/strong>&nbsp;150<\/li>\n\n\n\n<li><strong>Forma\u00e7\u00e3o:<\/strong>&nbsp;n\u00edvel superior<\/li>\n\n\n\n<li><strong>Sal\u00e1rio:<\/strong>&nbsp;R$ 9.954,43<\/li>\n\n\n\n<li><a href=\"https:\/\/www.estrategiaconcursos.com.br\/cursosPorConcurso\/sema-mt\/\" target=\"_blank\" rel=\"noreferrer noopener\">Cursos SEMA MT<\/a><\/li>\n<\/ul>\n\n\n\n<figure class=\"wp-block-image aligncenter is-resized\" id=\"block-24a62cb1-0d29-4ded-adfc-2d957b474d71\"><img decoding=\"async\" src=\"https:\/\/dhg1h5j42swfq.cloudfront.net\/2020\/09\/18141901\/Coruja_Concursos%404x-506x1024.png\" alt=\"Logo do Estrat\u00e9gia Concursos - Editais previstos para setembro de 2026\" style=\"aspect-ratio:0.48;width:24px;height:auto\"\/><\/figure>\n\n\n\n<p class=\"has-text-align-center has-medium-font-size wp-block-paragraph\" id=\"block-8e70be70-d6bd-45f4-852e-cc94cb5d259c\"><em>Para conferir outros editais previstos de concursos, n\u00e3o s\u00f3 para setembro, mas tamb\u00e9m para todo o ano de 2026, acesse os artigos abaixo:<\/em><\/p>\n\n\n\n<ul class=\"wp-block-list\">\n<li><a href=\"https:\/\/www.estrategiaconcursos.com.br\/blog\/concursos-abertos\/\" target=\"_blank\" rel=\"noreferrer noopener\">Concursos Abertos<\/a><\/li>\n\n\n\n<li><a href=\"https:\/\/www.estrategiaconcursos.com.br\/blog\/concursos-2025\/\" target=\"_blank\" rel=\"noreferrer noopener\">Concursos 2026<\/a><\/li>\n\n\n\n<li><a href=\"https:\/\/www.estrategiaconcursos.com.br\/blog\/concursos-2027\/\" target=\"_blank\" rel=\"noreferrer noopener\">Concursos 2027<\/a><\/li>\n<\/ul>\n\n\n\n<div class=\"container\" id=\"boxes\">\n  <div class=\"row\">\n\n    <div class=\"col-sm\">\n      <div class=\"estrategia\" id=\"box-assinatura\">\n        <h3 class=\"titulo-assinatura\">Assinatura Concursos<\/h3>\n        <p class=\"subtitulo-assinatura\">Assinatura de 1 ano ou 2 anos<\/p>\n        <div class=\"box-botao\">\n          <a class=\"btn-assinatura\" target=\"_blank\" href=\"https:\/\/www.estrategiaconcursos.com.br\/blog\/assinaturas\/\" role=\"button\" rel=\"noopener noreferrer\">ASSINE AGORA<\/a>\n        <\/div>\n      <\/div>\n     \n    <\/div><\/div><\/div>\n","protected":false},"excerpt":{"rendered":"<p>Conhe\u00e7a os editais de concursos previstos para setembro de 2026! O m\u00eas de agosto trouxe excelentes oportunidades no mundo dos concursos p\u00fablicos e, agora em setembro de 2026, n\u00e3o deve ser diferente! Isso porque diversos editais j\u00e1 foram oficialmente anunciados para as pr\u00f3ximas semanas ou est\u00e3o com banca organizadora definida\/contratada. Ao longo deste artigo, reunimos [&hellip;]<\/p>\n","protected":false},"author":659,"featured_media":1571644,"comment_status":"open","ping_status":"closed","sticky":false,"template":"","format":"standard","meta":{"_acf_changed":false,"post_tipo":"news","footnotes":""},"categories":[1,220219],"tags":[],"tax_estado":[219963],"class_list":["post-1804546","post","type-post","status-publish","format-standard","has-post-thumbnail","hentry","category-cursos-e-concursos","category-noticias","tax_estado-concursos-federais"],"acf":[],"yoast_head":"<!-- This site is optimized with the Yoast SEO Premium plugin v28.1 (Yoast SEO v28.1) - https:\/\/yoast.com\/product\/yoast-seo-premium-wordpress\/ -->\n<title>Concursos 2026: 28 editais previstos para setembro<\/title>\n<meta name=\"description\" content=\"O m\u00eas de setembro de 2026 chega com a promessa de cerca de 28 editais. Acesse esse artigo e veja quais s\u00e3o os concursos!\" \/>\n<meta name=\"robots\" content=\"index, follow, max-snippet:-1, max-image-preview:large, max-video-preview:-1\" \/>\n<link rel=\"canonical\" href=\"https:\/\/www.estrategiaconcursos.com.br\/blog\/editais-concursos-previstos-setembro-2026\/\" \/>\n<meta property=\"og:locale\" content=\"pt_BR\" \/>\n<meta property=\"og:type\" content=\"article\" \/>\n<meta property=\"og:title\" content=\"Concursos 2026: 28 editais previstos para setembro\" \/>\n<meta property=\"og:description\" content=\"O m\u00eas de setembro de 2026 chega com a promessa de cerca de 28 editais. Acesse esse artigo e veja quais s\u00e3o os concursos!\" \/>\n<meta property=\"og:url\" content=\"https:\/\/www.estrategiaconcursos.com.br\/blog\/editais-concursos-previstos-setembro-2026\/\" \/>\n<meta property=\"og:site_name\" content=\"Estrat\u00e9gia Concursos\" \/>\n<meta property=\"article:published_time\" content=\"2026-09-01T10:30:00+00:00\" \/>\n<meta property=\"og:image\" content=\"https:\/\/dhg1h5j42swfq.cloudfront.net\/2025\/05\/05161312\/concursos-2026.jpg\" \/>\n\t<meta property=\"og:image:width\" content=\"768\" \/>\n\t<meta property=\"og:image:height\" content=\"432\" \/>\n\t<meta property=\"og:image:type\" content=\"image\/jpeg\" \/>\n<meta name=\"author\" content=\"Camila Leite\" \/>\n<meta name=\"twitter:card\" content=\"summary_large_image\" \/>\n<meta name=\"twitter:creator\" content=\"@EstratConcursos\" \/>\n<meta name=\"twitter:site\" content=\"@EstratConcursos\" \/>\n<meta name=\"twitter:label1\" content=\"Escrito por\" \/>\n\t<meta name=\"twitter:data1\" content=\"Camila Leite\" \/>\n\t<meta name=\"twitter:label2\" content=\"Est. tempo de leitura\" \/>\n\t<meta name=\"twitter:data2\" content=\"6 minutos\" \/>\n<script type=\"application\/ld+json\" class=\"yoast-schema-graph\">{\"@context\":\"https:\\\/\\\/schema.org\",\"@graph\":[{\"@type\":\"NewsArticle\",\"@id\":\"https:\\\/\\\/www.estrategiaconcursos.com.br\\\/blog\\\/editais-concursos-previstos-setembro-2026\\\/#article\",\"isPartOf\":{\"@id\":\"https:\\\/\\\/www.estrategiaconcursos.com.br\\\/blog\\\/editais-concursos-previstos-setembro-2026\\\/\"},\"author\":{\"name\":\"Camila Leite\",\"@id\":\"https:\\\/\\\/blog-estrategia.mystagingwebsite.com\\\/#\\\/schema\\\/person\\\/84ecdc6eb58d3cf1689bf76c5cd8fb38\"},\"headline\":\"Concursos 2026: 28 editais previstos para setembro\",\"datePublished\":\"2026-09-01T10:30:00+00:00\",\"mainEntityOfPage\":{\"@id\":\"https:\\\/\\\/www.estrategiaconcursos.com.br\\\/blog\\\/editais-concursos-previstos-setembro-2026\\\/\"},\"wordCount\":1158,\"commentCount\":0,\"publisher\":{\"@id\":\"https:\\\/\\\/blog-estrategia.mystagingwebsite.com\\\/#organization\"},\"image\":{\"@id\":\"https:\\\/\\\/www.estrategiaconcursos.com.br\\\/blog\\\/editais-concursos-previstos-setembro-2026\\\/#primaryimage\"},\"thumbnailUrl\":\"https:\\\/\\\/dhg1h5j42swfq.cloudfront.net\\\/2025\\\/05\\\/05161312\\\/concursos-2026.jpg\",\"articleSection\":[\"Concursos P\u00fablicos\",\"\u00daltimas not\u00edcias\"],\"inLanguage\":\"pt-BR\",\"potentialAction\":[{\"@type\":\"CommentAction\",\"name\":\"Comment\",\"target\":[\"https:\\\/\\\/www.estrategiaconcursos.com.br\\\/blog\\\/editais-concursos-previstos-setembro-2026\\\/#respond\"]}],\"copyrightYear\":\"2026\",\"copyrightHolder\":{\"@id\":\"https:\\\/\\\/www.estrategiaconcursos.com.br\\\/blog\\\/#organization\"}},{\"@type\":\"WebPage\",\"@id\":\"https:\\\/\\\/www.estrategiaconcursos.com.br\\\/blog\\\/editais-concursos-previstos-setembro-2026\\\/\",\"url\":\"https:\\\/\\\/www.estrategiaconcursos.com.br\\\/blog\\\/editais-concursos-previstos-setembro-2026\\\/\",\"name\":\"Concursos 2026: 28 editais previstos para setembro\",\"isPartOf\":{\"@id\":\"https:\\\/\\\/blog-estrategia.mystagingwebsite.com\\\/#website\"},\"primaryImageOfPage\":{\"@id\":\"https:\\\/\\\/www.estrategiaconcursos.com.br\\\/blog\\\/editais-concursos-previstos-setembro-2026\\\/#primaryimage\"},\"image\":{\"@id\":\"https:\\\/\\\/www.estrategiaconcursos.com.br\\\/blog\\\/editais-concursos-previstos-setembro-2026\\\/#primaryimage\"},\"thumbnailUrl\":\"https:\\\/\\\/dhg1h5j42swfq.cloudfront.net\\\/2025\\\/05\\\/05161312\\\/concursos-2026.jpg\",\"datePublished\":\"2026-09-01T10:30:00+00:00\",\"description\":\"O m\u00eas de setembro de 2026 chega com a promessa de cerca de 28 editais. Acesse esse artigo e veja quais s\u00e3o os concursos!\",\"breadcrumb\":{\"@id\":\"https:\\\/\\\/www.estrategiaconcursos.com.br\\\/blog\\\/editais-concursos-previstos-setembro-2026\\\/#breadcrumb\"},\"inLanguage\":\"pt-BR\",\"potentialAction\":[{\"@type\":\"ReadAction\",\"target\":[\"https:\\\/\\\/www.estrategiaconcursos.com.br\\\/blog\\\/editais-concursos-previstos-setembro-2026\\\/\"]}]},{\"@type\":\"ImageObject\",\"inLanguage\":\"pt-BR\",\"@id\":\"https:\\\/\\\/www.estrategiaconcursos.com.br\\\/blog\\\/editais-concursos-previstos-setembro-2026\\\/#primaryimage\",\"url\":\"https:\\\/\\\/dhg1h5j42swfq.cloudfront.net\\\/2025\\\/05\\\/05161312\\\/concursos-2026.jpg\",\"contentUrl\":\"https:\\\/\\\/dhg1h5j42swfq.cloudfront.net\\\/2025\\\/05\\\/05161312\\\/concursos-2026.jpg\",\"width\":768,\"height\":432,\"caption\":\"Concursos P\u00fablicos\"},{\"@type\":\"BreadcrumbList\",\"@id\":\"https:\\\/\\\/www.estrategiaconcursos.com.br\\\/blog\\\/editais-concursos-previstos-setembro-2026\\\/#breadcrumb\",\"itemListElement\":[{\"@type\":\"ListItem\",\"position\":1,\"name\":\"In\u00edcio\",\"item\":\"https:\\\/\\\/blog-estrategia.mystagingwebsite.com\\\/\"},{\"@type\":\"ListItem\",\"position\":2,\"name\":\"Concursos 2026: 28 editais previstos para setembro\"}]},{\"@type\":\"WebSite\",\"@id\":\"https:\\\/\\\/blog-estrategia.mystagingwebsite.com\\\/#website\",\"url\":\"https:\\\/\\\/blog-estrategia.mystagingwebsite.com\\\/\",\"name\":\"Estrat\u00e9gia Concursos\",\"description\":\"O blog da Estrat\u00e9gia Concursos traz not\u00edcias sobre concursos e artigos de professores oferecendo cursos para concursos (pdf + videaulas) no site.\",\"publisher\":{\"@id\":\"https:\\\/\\\/blog-estrategia.mystagingwebsite.com\\\/#organization\"},\"potentialAction\":[{\"@type\":\"SearchAction\",\"target\":{\"@type\":\"EntryPoint\",\"urlTemplate\":\"https:\\\/\\\/blog-estrategia.mystagingwebsite.com\\\/?s={search_term_string}\"},\"query-input\":{\"@type\":\"PropertyValueSpecification\",\"valueRequired\":true,\"valueName\":\"search_term_string\"}}],\"inLanguage\":\"pt-BR\"},{\"@type\":\"Organization\",\"@id\":\"https:\\\/\\\/blog-estrategia.mystagingwebsite.com\\\/#organization\",\"name\":\"Estrat\u00e9gia Concursos\",\"url\":\"https:\\\/\\\/blog-estrategia.mystagingwebsite.com\\\/\",\"logo\":{\"@type\":\"ImageObject\",\"inLanguage\":\"pt-BR\",\"@id\":\"https:\\\/\\\/blog-estrategia.mystagingwebsite.com\\\/#\\\/schema\\\/logo\\\/image\\\/\",\"url\":\"https:\\\/\\\/dhg1h5j42swfq.cloudfront.net\\\/2025\\\/06\\\/03203428\\\/logo_concursos-1.jpg\",\"contentUrl\":\"https:\\\/\\\/dhg1h5j42swfq.cloudfront.net\\\/2025\\\/06\\\/03203428\\\/logo_concursos-1.jpg\",\"width\":230,\"height\":60,\"caption\":\"Estrat\u00e9gia Concursos\"},\"image\":{\"@id\":\"https:\\\/\\\/blog-estrategia.mystagingwebsite.com\\\/#\\\/schema\\\/logo\\\/image\\\/\"},\"sameAs\":[\"https:\\\/\\\/x.com\\\/EstratConcursos\"]},{\"@type\":\"Person\",\"@id\":\"https:\\\/\\\/blog-estrategia.mystagingwebsite.com\\\/#\\\/schema\\\/person\\\/84ecdc6eb58d3cf1689bf76c5cd8fb38\",\"name\":\"Camila Leite\",\"image\":{\"@type\":\"ImageObject\",\"inLanguage\":\"pt-BR\",\"@id\":\"https:\\\/\\\/secure.gravatar.com\\\/avatar\\\/f2f8faef639c8a2bfb7fb909912a56917f4c3a0aed064500168e2fb8ea55cf61?s=96&d=mm&r=g\",\"url\":\"https:\\\/\\\/secure.gravatar.com\\\/avatar\\\/f2f8faef639c8a2bfb7fb909912a56917f4c3a0aed064500168e2fb8ea55cf61?s=96&d=mm&r=g\",\"contentUrl\":\"https:\\\/\\\/secure.gravatar.com\\\/avatar\\\/f2f8faef639c8a2bfb7fb909912a56917f4c3a0aed064500168e2fb8ea55cf61?s=96&d=mm&r=g\",\"caption\":\"Camila Leite\"},\"description\":\"Formada em Design Gr\u00e1fico e em Propaganda e Marketing pela UNIP, integra a equipe de jornalismo do Estrat\u00e9gia Concursos desde 2018. Ao longo dos anos, construiu uma s\u00f3lida experi\u00eancia na produ\u00e7\u00e3o de conte\u00fado informativo e relevante para concurseiros. Desde 2020, atua na cobertura das \u00e1reas Fiscal \u2014 com \u00eanfase nas Secretarias de Fazenda (Sefaz) das regi\u00f5es Sul e Sudeste \u2014, al\u00e9m da cobertura de concursos federais, como CNU, Petrobras, CGU, Receita Federal, ag\u00eancias reguladoras (Anvisa, ANAC, entre outras) e INSS. Mant\u00e9m contato direto com os principais \u00f3rg\u00e3os p\u00fablicos, acompanhando editais, atualiza\u00e7\u00f5es e movimenta\u00e7\u00f5es importantes para os candidatos.\",\"sameAs\":[\"https:\\\/\\\/www.linkedin.com\\\/in\\\/camila-pinheiro-leite-9ba135b6\\\/\"],\"url\":\"https:\\\/\\\/www.estrategiaconcursos.com.br\\\/blog\\\/author\\\/camila-leiteestrategiaconcursos-com-br\\\/\"}]}<\/script>\n<!-- \/ Yoast SEO Premium plugin. -->","yoast_head_json":{"title":"Concursos 2026: 28 editais previstos para setembro","description":"O m\u00eas de setembro de 2026 chega com a promessa de cerca de 28 editais. Acesse esse artigo e veja quais s\u00e3o os concursos!","robots":{"index":"index","follow":"follow","max-snippet":"max-snippet:-1","max-image-preview":"max-image-preview:large","max-video-preview":"max-video-preview:-1"},"canonical":"https:\/\/www.estrategiaconcursos.com.br\/blog\/editais-concursos-previstos-setembro-2026\/","og_locale":"pt_BR","og_type":"article","og_title":"Concursos 2026: 28 editais previstos para setembro","og_description":"O m\u00eas de setembro de 2026 chega com a promessa de cerca de 28 editais. Acesse esse artigo e veja quais s\u00e3o os concursos!","og_url":"https:\/\/www.estrategiaconcursos.com.br\/blog\/editais-concursos-previstos-setembro-2026\/","og_site_name":"Estrat\u00e9gia Concursos","article_published_time":"2026-09-01T10:30:00+00:00","og_image":[{"width":768,"height":432,"url":"https:\/\/dhg1h5j42swfq.cloudfront.net\/2025\/05\/05161312\/concursos-2026.jpg","type":"image\/jpeg"}],"author":"Camila Leite","twitter_card":"summary_large_image","twitter_creator":"@EstratConcursos","twitter_site":"@EstratConcursos","twitter_misc":{"Escrito por":"Camila Leite","Est. tempo de leitura":"6 minutos"},"schema":{"@context":"https:\/\/schema.org","@graph":[{"@type":"NewsArticle","@id":"https:\/\/www.estrategiaconcursos.com.br\/blog\/editais-concursos-previstos-setembro-2026\/#article","isPartOf":{"@id":"https:\/\/www.estrategiaconcursos.com.br\/blog\/editais-concursos-previstos-setembro-2026\/"},"author":{"name":"Camila Leite","@id":"https:\/\/blog-estrategia.mystagingwebsite.com\/#\/schema\/person\/84ecdc6eb58d3cf1689bf76c5cd8fb38"},"headline":"Concursos 2026: 28 editais previstos para setembro","datePublished":"2026-09-01T10:30:00+00:00","mainEntityOfPage":{"@id":"https:\/\/www.estrategiaconcursos.com.br\/blog\/editais-concursos-previstos-setembro-2026\/"},"wordCount":1158,"commentCount":0,"publisher":{"@id":"https:\/\/blog-estrategia.mystagingwebsite.com\/#organization"},"image":{"@id":"https:\/\/www.estrategiaconcursos.com.br\/blog\/editais-concursos-previstos-setembro-2026\/#primaryimage"},"thumbnailUrl":"https:\/\/dhg1h5j42swfq.cloudfront.net\/2025\/05\/05161312\/concursos-2026.jpg","articleSection":["Concursos P\u00fablicos","\u00daltimas not\u00edcias"],"inLanguage":"pt-BR","potentialAction":[{"@type":"CommentAction","name":"Comment","target":["https:\/\/www.estrategiaconcursos.com.br\/blog\/editais-concursos-previstos-setembro-2026\/#respond"]}],"copyrightYear":"2026","copyrightHolder":{"@id":"https:\/\/www.estrategiaconcursos.com.br\/blog\/#organization"}},{"@type":"WebPage","@id":"https:\/\/www.estrategiaconcursos.com.br\/blog\/editais-concursos-previstos-setembro-2026\/","url":"https:\/\/www.estrategiaconcursos.com.br\/blog\/editais-concursos-previstos-setembro-2026\/","name":"Concursos 2026: 28 editais previstos para setembro","isPartOf":{"@id":"https:\/\/blog-estrategia.mystagingwebsite.com\/#website"},"primaryImageOfPage":{"@id":"https:\/\/www.estrategiaconcursos.com.br\/blog\/editais-concursos-previstos-setembro-2026\/#primaryimage"},"image":{"@id":"https:\/\/www.estrategiaconcursos.com.br\/blog\/editais-concursos-previstos-setembro-2026\/#primaryimage"},"thumbnailUrl":"https:\/\/dhg1h5j42swfq.cloudfront.net\/2025\/05\/05161312\/concursos-2026.jpg","datePublished":"2026-09-01T10:30:00+00:00","description":"O m\u00eas de setembro de 2026 chega com a promessa de cerca de 28 editais. Acesse esse artigo e veja quais s\u00e3o os concursos!","breadcrumb":{"@id":"https:\/\/www.estrategiaconcursos.com.br\/blog\/editais-concursos-previstos-setembro-2026\/#breadcrumb"},"inLanguage":"pt-BR","potentialAction":[{"@type":"ReadAction","target":["https:\/\/www.estrategiaconcursos.com.br\/blog\/editais-concursos-previstos-setembro-2026\/"]}]},{"@type":"ImageObject","inLanguage":"pt-BR","@id":"https:\/\/www.estrategiaconcursos.com.br\/blog\/editais-concursos-previstos-setembro-2026\/#primaryimage","url":"https:\/\/dhg1h5j42swfq.cloudfront.net\/2025\/05\/05161312\/concursos-2026.jpg","contentUrl":"https:\/\/dhg1h5j42swfq.cloudfront.net\/2025\/05\/05161312\/concursos-2026.jpg","width":768,"height":432,"caption":"Concursos P\u00fablicos"},{"@type":"BreadcrumbList","@id":"https:\/\/www.estrategiaconcursos.com.br\/blog\/editais-concursos-previstos-setembro-2026\/#breadcrumb","itemListElement":[{"@type":"ListItem","position":1,"name":"In\u00edcio","item":"https:\/\/blog-estrategia.mystagingwebsite.com\/"},{"@type":"ListItem","position":2,"name":"Concursos 2026: 28 editais previstos para setembro"}]},{"@type":"WebSite","@id":"https:\/\/blog-estrategia.mystagingwebsite.com\/#website","url":"https:\/\/blog-estrategia.mystagingwebsite.com\/","name":"Estrat\u00e9gia Concursos","description":"O blog da Estrat\u00e9gia Concursos traz not\u00edcias sobre concursos e artigos de professores oferecendo cursos para concursos (pdf + videaulas) no site.","publisher":{"@id":"https:\/\/blog-estrategia.mystagingwebsite.com\/#organization"},"potentialAction":[{"@type":"SearchAction","target":{"@type":"EntryPoint","urlTemplate":"https:\/\/blog-estrategia.mystagingwebsite.com\/?s={search_term_string}"},"query-input":{"@type":"PropertyValueSpecification","valueRequired":true,"valueName":"search_term_string"}}],"inLanguage":"pt-BR"},{"@type":"Organization","@id":"https:\/\/blog-estrategia.mystagingwebsite.com\/#organization","name":"Estrat\u00e9gia Concursos","url":"https:\/\/blog-estrategia.mystagingwebsite.com\/","logo":{"@type":"ImageObject","inLanguage":"pt-BR","@id":"https:\/\/blog-estrategia.mystagingwebsite.com\/#\/schema\/logo\/image\/","url":"https:\/\/dhg1h5j42swfq.cloudfront.net\/2025\/06\/03203428\/logo_concursos-1.jpg","contentUrl":"https:\/\/dhg1h5j42swfq.cloudfront.net\/2025\/06\/03203428\/logo_concursos-1.jpg","width":230,"height":60,"caption":"Estrat\u00e9gia Concursos"},"image":{"@id":"https:\/\/blog-estrategia.mystagingwebsite.com\/#\/schema\/logo\/image\/"},"sameAs":["https:\/\/x.com\/EstratConcursos"]},{"@type":"Person","@id":"https:\/\/blog-estrategia.mystagingwebsite.com\/#\/schema\/person\/84ecdc6eb58d3cf1689bf76c5cd8fb38","name":"Camila Leite","image":{"@type":"ImageObject","inLanguage":"pt-BR","@id":"https:\/\/secure.gravatar.com\/avatar\/f2f8faef639c8a2bfb7fb909912a56917f4c3a0aed064500168e2fb8ea55cf61?s=96&d=mm&r=g","url":"https:\/\/secure.gravatar.com\/avatar\/f2f8faef639c8a2bfb7fb909912a56917f4c3a0aed064500168e2fb8ea55cf61?s=96&d=mm&r=g","contentUrl":"https:\/\/secure.gravatar.com\/avatar\/f2f8faef639c8a2bfb7fb909912a56917f4c3a0aed064500168e2fb8ea55cf61?s=96&d=mm&r=g","caption":"Camila Leite"},"description":"Formada em Design Gr\u00e1fico e em Propaganda e Marketing pela UNIP, integra a equipe de jornalismo do Estrat\u00e9gia Concursos desde 2018. Ao longo dos anos, construiu uma s\u00f3lida experi\u00eancia na produ\u00e7\u00e3o de conte\u00fado informativo e relevante para concurseiros. Desde 2020, atua na cobertura das \u00e1reas Fiscal \u2014 com \u00eanfase nas Secretarias de Fazenda (Sefaz) das regi\u00f5es Sul e Sudeste \u2014, al\u00e9m da cobertura de concursos federais, como CNU, Petrobras, CGU, Receita Federal, ag\u00eancias reguladoras (Anvisa, ANAC, entre outras) e INSS. Mant\u00e9m contato direto com os principais \u00f3rg\u00e3os p\u00fablicos, acompanhando editais, atualiza\u00e7\u00f5es e movimenta\u00e7\u00f5es importantes para os candidatos.","sameAs":["https:\/\/www.linkedin.com\/in\/camila-pinheiro-leite-9ba135b6\/"],"url":"https:\/\/www.estrategiaconcursos.com.br\/blog\/author\/camila-leiteestrategiaconcursos-com-br\/"}]}},"_links":{"self":[{"href":"https:\/\/www.estrategiaconcursos.com.br\/blog\/wp-json\/wp\/v2\/posts\/1804546","targetHints":{"allow":["GET"]}}],"collection":[{"href":"https:\/\/www.estrategiaconcursos.com.br\/blog\/wp-json\/wp\/v2\/posts"}],"about":[{"href":"https:\/\/www.estrategiaconcursos.com.br\/blog\/wp-json\/wp\/v2\/types\/post"}],"author":[{"embeddable":true,"href":"https:\/\/www.estrategiaconcursos.com.br\/blog\/wp-json\/wp\/v2\/users\/659"}],"replies":[{"embeddable":true,"href":"https:\/\/www.estrategiaconcursos.com.br\/blog\/wp-json\/wp\/v2\/comments?post=1804546"}],"version-history":[{"count":3,"href":"https:\/\/www.estrategiaconcursos.com.br\/blog\/wp-json\/wp\/v2\/posts\/1804546\/revisions"}],"predecessor-version":[{"id":1804814,"href":"https:\/\/www.estrategiaconcursos.com.br\/blog\/wp-json\/wp\/v2\/posts\/1804546\/revisions\/1804814"}],"wp:featuredmedia":[{"embeddable":true,"href":"https:\/\/www.estrategiaconcursos.com.br\/blog\/wp-json\/wp\/v2\/media\/1571644"}],"wp:attachment":[{"href":"https:\/\/www.estrategiaconcursos.com.br\/blog\/wp-json\/wp\/v2\/media?parent=1804546"}],"wp:term":[{"taxonomy":"category","embeddable":true,"href":"https:\/\/www.estrategiaconcursos.com.br\/blog\/wp-json\/wp\/v2\/categories?post=1804546"},{"taxonomy":"post_tag","embeddable":true,"href":"https:\/\/www.estrategiaconcursos.com.br\/blog\/wp-json\/wp\/v2\/tags?post=1804546"},{"taxonomy":"tax_estado","embeddable":true,"href":"https:\/\/www.estrategiaconcursos.com.br\/blog\/wp-json\/wp\/v2\/tax_estado?post=1804546"}],"curies":[{"name":"wp","href":"https:\/\/api.w.org\/{rel}","templated":true}]}}