{"id":1804541,"date":"2026-08-30T07:00:00","date_gmt":"2026-08-30T10:00:00","guid":{"rendered":"https:\/\/www.estrategiaconcursos.com.br\/blog\/?p=1804541"},"modified":"2026-08-30T13:39:55","modified_gmt":"2026-08-30T16:39:55","slug":"gabarito-extraoficial-ibge-correcao-acq","status":"publish","type":"post","link":"https:\/\/www.estrategiaconcursos.com.br\/blog\/gabarito-extraoficial-ibge-correcao-acq\/","title":{"rendered":"Gabarito Extraoficial IBGE: veja a corre\u00e7\u00e3o de ACQ"},"content":{"rendered":"\n<p class=\"wp-block-paragraph\" style=\"font-size:clamp(15.747px, 0.984rem + ((1vw - 3.2px) * 0.809), 24px);\"><strong><em>Confira neste artigo a corre\u00e7\u00e3o ao vivo e o gabarito extraoficial da prova do Concurso IBGE para ACQl<\/em><\/strong><\/p>\n\n\n\n<p class=\"wp-block-paragraph\">Neste domingo (30) foram aplicadas as <strong>provas do<\/strong> <strong>processo seletivo do<\/strong> <strong><a href=\"https:\/\/www.estrategiaconcursos.com.br\/cursosPorConcurso\/ibge-204\/\" target=\"_blank\" rel=\"noopener\">Instituto Brasileiro de Geografia e Estat\u00edstica<\/a>\u00a0(Concurso IBGE)<\/strong>.<\/p>\n\n\n\n<p class=\"wp-block-paragraph\">Com organiza\u00e7\u00e3o da banca Instituto Avalia, mais de 106.281 mil candidatos inscritos disputam <strong>1.414 vagas<\/strong> para <strong>Agente Censit\u00e1rio de Qualidade<\/strong> \u2013 ACQ (n\u00edvel m\u00e9dio).<\/p>\n\n\n\n<p class=\"wp-block-paragraph\">Dito isso, o nosso time de especialistas estar\u00e1 ao seu lado durante essa etapa t\u00e3o importante, realizando a corre\u00e7\u00e3o <strong>AO VIVO<\/strong>.<\/p>\n\n\n\n<p class=\"wp-block-paragraph\">A ideia \u00e9 que aqueles que participaram das provas possam conferir, de forma antecipada, seu desempenho por meio do nosso Gabarito Extraoficial. Participe tamb\u00e9m <a href=\"https:\/\/www.estrategiaconcursos.com.br\/blog\/ranking-classificatorio-concurso-ibge-acq\/\" target=\"_blank\" rel=\"noreferrer noopener\">do Ranking Classificat\u00f3rio<\/a>.<\/p>\n\n\n\n<h2 id=\"h-gabarito-extraoficial-ibge-acq\" class=\"wp-block-heading\">Gabarito Extraoficial IBGE &#8211; ACQ<\/h2>\n\n\n\n<figure class=\"wp-block-embed is-type-video is-provider-youtube wp-block-embed-youtube wp-embed-aspect-16-9 wp-has-aspect-ratio\"><div class=\"wp-block-embed__wrapper\">\n<div class=\"lyte-wrapper\" style=\"width:853px;max-width:100%;margin:5px;\"><div class=\"lyMe\" id=\"WYL_bXtKusG1w_s\"><div id=\"lyte_bXtKusG1w_s\" data-src=\"\/\/i.ytimg.com\/vi\/bXtKusG1w_s\/hqdefault.jpg\" class=\"pL\"><div class=\"tC\"><div class=\"tT\"><\/div><\/div><div class=\"play\"><\/div><div class=\"ctrl\"><div class=\"Lctrl\"><\/div><div class=\"Rctrl\"><\/div><\/div><\/div><noscript><a href=\"https:\/\/youtu.be\/bXtKusG1w_s\" rel=\"nofollow\"><img loading=\"lazy\" decoding=\"async\" src=\"https:\/\/i.ytimg.com\/vi\/bXtKusG1w_s\/0.jpg\" alt=\"YouTube video thumbnail\" width=\"853\" height=\"460\" \/><br \/>Assista a este v\u00eddeo no YouTube<\/a><\/noscript><\/div><\/div><div class=\"lL\" style=\"max-width:100%;width:853px;margin:5px;\"><\/div>\n<\/div><\/figure>\n\n\n\n<figure class=\"wp-block-table is-style-stripes\"><table class=\"has-fixed-layout\"><tbody><tr><td><strong>Disciplina<\/strong><\/td><td class=\"has-text-align-center\" data-align=\"center\"><strong>Professor<\/strong><\/td><\/tr><tr><td>L\u00edngua Portuguesa<\/td><td class=\"has-text-align-center\" data-align=\"center\">Fabr\u00edcio Dutra<\/td><\/tr><tr><td>Racioc\u00ednio L\u00f3gico Quantitativo<\/td><td class=\"has-text-align-center\" data-align=\"center\">Brunno Lima<\/td><\/tr><tr><td>Geografia<\/td><td class=\"has-text-align-center\" data-align=\"center\">Leandro Sgnori<\/td><\/tr><tr><td>Conhecimentos T\u00e9cnicos<\/td><td class=\"has-text-align-center\" data-align=\"center\">Leandro Sgnori<\/td><\/tr><\/tbody><\/table><\/figure>\n\n\n\n<p class=\"has-vivid-red-color has-text-color has-link-color wp-elements-1 wp-block-paragraph\">Aten\u00e7\u00e3o! Fique atento aos enunciados, pois a ordem das quest\u00f5es pode variar para cada vers\u00e3o de prova.<\/p>\n\n\n\n<h3 id=\"h-prova-tipo-3\" class=\"wp-block-heading\"><strong>PROVA TIPO 3<\/strong><\/h3>\n\n\n\n<h4 class=\"wp-block-heading has-text-align-center\" id=\"h-lingua-portuguesa\"><strong>L\u00cdNGUA PORTUGUESA<\/strong><\/h4>\n\n\n\n<p class=\"wp-block-paragraph\"><strong>Quest\u00e3o 01:<\/strong>\u00a0No trecho &#8220;Eu escuto com os ouvidos&#8230;, em destaque expressa&#8230;&#8221;<br \/><strong><em>Resposta:<\/em><\/strong> E<\/p>\n\n\n\n<p class=\"wp-block-paragraph\"><strong>Quest\u00e3o 02:<\/strong> No trecho &#8220;Eu escuto com os ouvidos&#8230;, em destaque introduz&#8230;&#8221;<br \/><strong><em>Resposta:<\/em><\/strong> E<\/p>\n\n\n\n<p class=\"wp-block-paragraph\"><strong>Quest\u00e3o 03:<\/strong>\u00a0Assinale a alternativa que apresenta o objetivo&#8230;<br \/><strong><em>Resposta:<\/em><\/strong> C<\/p>\n\n\n\n<p class=\"wp-block-paragraph\"><strong>Quest\u00e3o 04:<\/strong>\u00a0Assinale a alternativa que apresenta a rela\u00e7\u00e3o&#8230;<br \/><strong><em>Resposta:<\/em><\/strong> A<\/p>\n\n\n\n<p class=\"wp-block-paragraph\"><strong>Quest\u00e3o 05:<\/strong>\u00a0Assinale a alternativa que analisa corretamente&#8230;<br \/><strong><em>Resposta:<\/em><\/strong> D<\/p>\n\n\n\n<p class=\"wp-block-paragraph\"><strong>Quest\u00e3o 06:<\/strong>\u00a0Ao longo do texto 1, o autor&#8230;<br \/><strong><em>Resposta:<\/em><\/strong> B<\/p>\n\n\n\n<p class=\"wp-block-paragraph\"><strong>Quest\u00e3o 07:<\/strong>\u00a0Assinale a alternativa que apresenta a fun\u00e7\u00e3o&#8230;<br \/><strong><em>Resposta:<\/em><\/strong> B<\/p>\n\n\n\n<p class=\"wp-block-paragraph\"><strong>Quest\u00e3o 08:<\/strong>\u00a0De acordo com o texto 2&#8230;<br \/><strong><em>Resposta:<\/em><\/strong> C<\/p>\n\n\n\n<p class=\"wp-block-paragraph\"><strong>Quest\u00e3o 09:<\/strong>\u00a0A apresenta\u00e7\u00e3o &#8220;Na ocasi\u00e3o&#8221;&#8230;<br \/><strong><em>Resposta:<\/em><\/strong> A<\/p>\n\n\n\n<p class=\"wp-block-paragraph\"><strong>Quest\u00e3o 10:<\/strong>\u00a0O objetivo principal do texto 2&#8230;<br \/><strong><em>Resposta:<\/em><\/strong> E<\/p>\n\n\n\n<p class=\"wp-block-paragraph\"><strong>Quest\u00e3o 11:<\/strong>\u00a0Considere o trecho do texto 2 a seguir.<br \/><strong><em>Resposta:<\/em><\/strong> A<\/p>\n\n\n\n<p class=\"wp-block-paragraph\"><strong>Quest\u00e3o 12:<\/strong>\u00a0De acordo com o texto 2, qual o fato&#8230;<br \/><strong><em>Resposta:<\/em><\/strong> D<\/p>\n\n\n\n<p class=\"wp-block-paragraph\"><strong>Quest\u00e3o 13:<\/strong>\u00a0Assinale a alternativa que apresenta a palavra&#8230;<br \/><strong><em>Resposta:<\/em><\/strong> B<\/p>\n\n\n\n<p class=\"wp-block-paragraph\"><strong>Quest\u00e3o 14:<\/strong>\u00a0Assinale a alternativa em que a reescrita do trecho&#8230;<br \/><strong><em>Resposta:<\/em><\/strong> B<\/p>\n\n\n\n<p class=\"wp-block-paragraph\"><strong>Quest\u00e3o 15:<\/strong>\u00a0Assinale a alternativa  que apresenta a rela\u00e7\u00e3o&#8230;<br \/><strong><em>Resposta:<\/em><\/strong> C<\/p>\n\n\n\n<h4 class=\"wp-block-heading has-text-align-center\" id=\"h-raciocinio-logico\"><strong>RACIOC\u00cdNIO L\u00d3GICO<\/strong><\/h4>\n\n\n\n<p class=\"wp-block-paragraph\"><strong>Quest\u00e3o 16:<\/strong>\u00a0Um agente constatou que um recenseador&#8230;<br \/><strong><em>Resposta:<\/em><\/strong> B<\/p>\n\n\n\n<p class=\"wp-block-paragraph\"><strong>Quest\u00e3o 17:<\/strong>\u00a0Visando diminuir as perdas&#8230;<br \/><strong><em>Resposta:<\/em><\/strong> C<\/p>\n\n\n\n<p class=\"wp-block-paragraph\"><strong>Quest\u00e3o 18:<\/strong>\u00a0Em um mapa de geoprocessamento&#8230;<br \/><strong><em>Resposta:<\/em><\/strong> B<\/p>\n\n\n\n<p class=\"wp-block-paragraph\"><strong>Quest\u00e3o 19:<\/strong>\u00a0Um agente encarregado de monitorar&#8230;<br \/><strong><em>Resposta:<\/em><\/strong> E<\/p>\n\n\n\n<p class=\"wp-block-paragraph\"><strong>Quest\u00e3o 20:<\/strong>\u00a0Durante o treinamento dos recenseadores&#8230;<br \/><strong><em>Resposta:<\/em><\/strong> D<\/p>\n\n\n\n<p class=\"wp-block-paragraph\"><strong>Quest\u00e3o 21:<\/strong>\u00a0Um agente do IBGE realiza um exame&#8230;<br \/><strong><em>Resposta:<\/em><\/strong> A<\/p>\n\n\n\n<p class=\"wp-block-paragraph\"><strong>Quest\u00e3o 22:<\/strong>\u00a0Um recenseador precisa identificar&#8230;<br \/><strong><em>Resposta:<\/em><\/strong> D<\/p>\n\n\n\n<p class=\"wp-block-paragraph\"><strong>Quest\u00e3o 23:<\/strong>\u00a0Considere tr\u00eas conjuntos de dados&#8230;<br \/><strong><em>Resposta:<\/em><\/strong> C<\/p>\n\n\n\n<p class=\"wp-block-paragraph\"><strong>Quest\u00e3o 24:<\/strong>\u00a0Ao examinar o relat\u00f3rio final&#8230;<br \/><strong><em>Resposta:<\/em><\/strong> A<\/p>\n\n\n\n<p class=\"wp-block-paragraph\"><strong>Quest\u00e3o 25:<\/strong>\u00a0Para planejar a log\u00edstica financeira&#8230;<br \/><strong><em>Resposta:<\/em><\/strong> E<\/p>\n\n\n\n<h4 class=\"wp-block-heading has-text-align-center\" id=\"h-geografia\"><strong>GEOGRAFIA<\/strong><\/h4>\n\n\n\n<p class=\"wp-block-paragraph\"><strong>Quest\u00e3o 26:<\/strong>\u00a0Esse tipo de agricultura re\u00fane&#8230;<br \/><strong><em>Resposta:<\/em><\/strong> D<\/p>\n\n\n\n<p class=\"wp-block-paragraph\"><strong>Quest\u00e3o 27:<\/strong>\u00a0A nomenclatura &#8220;Abril Vermelho&#8221;&#8230;<br \/><strong><em>Resposta:<\/em><\/strong> E<\/p>\n\n\n\n<p class=\"wp-block-paragraph\"><strong>Quest\u00e3o 28:<\/strong>\u00a0Os quilombolas representam&#8230;<br \/><strong><em>Resposta:<\/em><\/strong> A<\/p>\n\n\n\n<p class=\"wp-block-paragraph\"><strong>Quest\u00e3o 29:<\/strong>\u00a0Tocantins \u00e9 o estado mais novo&#8230;<br \/><strong><em>Resposta:<\/em><\/strong> C<\/p>\n\n\n\n<p class=\"wp-block-paragraph\"><strong>Quest\u00e3o 30:<\/strong>\u00a0Com o objetivo de que cada&#8230;<br \/><strong><em>Resposta:<\/em><\/strong> B<\/p>\n\n\n\n<p class=\"wp-block-paragraph\"><strong>Quest\u00e3o 31:<\/strong>\u00a0Atualmente, a agropecu\u00e1ria \u00e9 uma das&#8230;<br \/><strong><em>Resposta:<\/em><\/strong> C<\/p>\n\n\n\n<p class=\"wp-block-paragraph\"><strong>Quest\u00e3o 32:<\/strong>\u00a0Assinale a alternativa que caracteriza&#8230;<br \/><strong><em>Resposta:<\/em><\/strong> D<\/p>\n\n\n\n<p class=\"wp-block-paragraph\"><strong>Quest\u00e3o 33:<\/strong>\u00a0Sobe a localiza\u00e7\u00e3o do territ\u00f3rio&#8230;<br \/><strong><em>Resposta:<\/em><\/strong> C<\/p>\n\n\n\n<p class=\"wp-block-paragraph\"><strong>Quest\u00e3o 34:<\/strong>\u00a0Principal produto extrativismo acreano&#8230;<br \/><strong><em>Resposta:<\/em><\/strong> E<\/p>\n\n\n\n<p class=\"wp-block-paragraph\"><strong>Quest\u00e3o 35:<\/strong>\u00a0O termo &#8220;escala cartogr\u00e1fica&#8221;&#8230;<br \/><strong><em>Resposta:<\/em><\/strong> B<\/p>\n\n\n\n<p class=\"wp-block-paragraph\"><strong>Quest\u00e3o 36:<\/strong>\u00a0Os fusos hor\u00e1rios representam&#8230;<br \/><strong><em>Resposta:<\/em><\/strong> B<\/p>\n\n\n\n<p class=\"wp-block-paragraph\"><strong>Quest\u00e3o 37:<\/strong>\u00a0Localizada nos estados do Amazonas&#8230;<br \/><strong><em>Resposta:<\/em><\/strong> B<\/p>\n\n\n\n<p class=\"wp-block-paragraph\"><strong>Quest\u00e3o 38:<\/strong>\u00a0A partir da d\u00e9cada de 1970&#8230;<br \/><strong><em>Resposta:<\/em><\/strong> D<\/p>\n\n\n\n<p class=\"wp-block-paragraph\"><strong>Quest\u00e3o 39:<\/strong>\u00a0Agricultura, pecu\u00e1ria&#8230;<br \/><strong><em>Resposta:<\/em><\/strong> A<\/p>\n\n\n\n<p class=\"wp-block-paragraph\"><strong>Quest\u00e3o 40:<\/strong>\u00a0A estrutura fundi\u00e1ria de um pa\u00eds&#8230;<br \/><strong><em>Resposta:<\/em><\/strong> E<\/p>\n\n\n\n<h4 class=\"wp-block-heading has-text-align-center\" id=\"h-conhecimentos-tecnicos\"><strong>CONHECIMENTOS T\u00c9CNICOS<\/strong><\/h4>\n\n\n\n<p class=\"wp-block-paragraph\"><strong>Quest\u00e3o 41:<\/strong>\u00a0O Censo Agro registrar\u00e1&#8230;<br \/><strong><em>Resposta:<\/em><\/strong> D<\/p>\n\n\n\n<p class=\"wp-block-paragraph\"><strong>Quest\u00e3o 42:<\/strong>\u00a0O Brasil possui \u00e1rea territorial&#8230;<br \/><strong><em>Resposta:<\/em><\/strong>D<\/p>\n\n\n\n<p class=\"wp-block-paragraph\"><strong>Quest\u00e3o 43:<\/strong>\u00a0A distribui\u00e7\u00e3o geogr\u00e1fica \u00e9 fundamental&#8230;<br \/><strong><em>Resposta:<\/em><\/strong> B<\/p>\n\n\n\n<p class=\"wp-block-paragraph\"><strong>Quest\u00e3o 44:<\/strong>\u00a0Os povos e as comunidades&#8230;<br \/><strong><em>Resposta:<\/em><\/strong> E<\/p>\n\n\n\n<p class=\"wp-block-paragraph\"><strong>Quest\u00e3o 45:<\/strong>\u00a0O primeiro Censo Agropecu\u00e1rio&#8230;<br \/><strong><em>Resposta:<\/em><\/strong> C<\/p>\n\n\n\n<p class=\"wp-block-paragraph\"><strong>Quest\u00e3o 46:<\/strong>\u00a0O Instituto Brasileiro de Geografia&#8230;<br \/><strong><em>Resposta:<\/em><\/strong> E  <\/p>\n\n\n\n<p class=\"wp-block-paragraph\"><strong>Quest\u00e3o 47:<\/strong>\u00a0O recenseador, na posse de seu tablet&#8230;<br \/><strong><em>Resposta:<\/em><\/strong> B<\/p>\n\n\n\n<p class=\"wp-block-paragraph\"><strong>Quest\u00e3o 48:<\/strong>\u00a0O IBGE contar\u00e1 com estruturas&#8230;<br \/><strong><em>Resposta:<\/em><\/strong> A<\/p>\n\n\n\n<p class=\"wp-block-paragraph\"><strong>Quest\u00e3o 49:<\/strong>\u00a0O IBGE disponibilizar\u00e1 uma estrutura&#8230;<br \/><strong><em>Resposta:<\/em><\/strong> C<\/p>\n\n\n\n<p class=\"wp-block-paragraph\"><strong>Quest\u00e3o 50:<\/strong>\u00a0Um estabelecimento rural&#8230;<br \/><strong><em>Resposta:<\/em><\/strong> C<\/p>\n\n\n\n<p class=\"wp-block-paragraph\"><strong>Quest\u00e3o 51:<\/strong>\u00a0\u00c9 importante que as pessoas&#8230;<br \/><strong><em>Resposta:<\/em><\/strong> B<\/p>\n\n\n\n<p class=\"wp-block-paragraph\"><strong>Quest\u00e3o 52:<\/strong>\u00a0No canto superior do descritivo&#8230;<br \/><strong><em>Resposta:<\/em><\/strong> D<\/p>\n\n\n\n<p class=\"wp-block-paragraph\"><strong>Quest\u00e3o 53:<\/strong>\u00a0Em algumas situa\u00e7\u00f5es, o recenseador&#8230;<br \/><strong><em>Resposta:<\/em><\/strong> E<\/p>\n\n\n\n<p class=\"wp-block-paragraph\"><strong>Quest\u00e3o 54:<\/strong>\u00a0\u00c9 essencial ter uma atitude&#8230;<br \/><strong><em>Resposta:<\/em><\/strong> A<\/p>\n\n\n\n<p class=\"wp-block-paragraph\"><strong>Quest\u00e3o 55:<\/strong>\u00a0Ao visitar um estabelecimento distante&#8230;<br \/><strong><em>Resposta:<\/em><\/strong> A<\/p>\n\n\n\n<p class=\"wp-block-paragraph\"><strong>Quest\u00e3o 56:<\/strong>\u00a0O 12\u00ba Censo Agropecu\u00e1rio, Florestal&#8230;<br \/><strong><em>Resposta:<\/em><\/strong> B<\/p>\n\n\n\n<p class=\"wp-block-paragraph\"><strong>Quest\u00e3o 57:<\/strong>\u00a0Ao chegar a um estabelecimento para aplicar&#8230;<br \/><strong><em>Resposta:<\/em><\/strong> E<\/p>\n\n\n\n<p class=\"wp-block-paragraph\"><strong>Quest\u00e3o 58:<\/strong>\u00a0Para o desempenho das fun\u00e7\u00f5es&#8230;<br \/><strong><em>Resposta:<\/em><\/strong> B<\/p>\n\n\n\n<p class=\"wp-block-paragraph\"><strong>Quest\u00e3o 59:<\/strong>\u00a0Ap\u00f3s a finaliza\u00e7\u00e3o da coleta&#8230;<br \/><strong><em>Resposta:<\/em><\/strong> A<\/p>\n\n\n\n<p class=\"wp-block-paragraph\"><strong>Quest\u00e3o 60:<\/strong>\u00a0O setor censit\u00e1rio s\u00e3o limites definidos&#8230;<br \/><strong><em>Resposta:<\/em><\/strong> A<\/p>\n\n\n\n<p class=\"has-text-align-center wp-block-paragraph\" id=\"h-para-saber-mais-sobre-o-concurso-camara-dos-deputados-acesse-nosso-artigo-na-integra\"><em>Para saber mais sobre o processo seletivo do IBGE 2026, acesse nosso artigo na \u00edntegra:<\/em><\/p>\n\n\n\n<p class=\"has-text-align-center has-cyan-bluish-gray-background-color has-background wp-block-paragraph\" id=\"curso\" style=\"font-size:clamp(14.642px, 0.915rem + ((1vw - 3.2px) * 0.721), 22px);\"><strong>Saiba mais: <a href=\"https:\/\/www.estrategiaconcursos.com.br\/blog\/concurso-ibge\/\" target=\"_blank\" rel=\"noreferrer noopener\">Concurso IBGE<\/a><\/strong><\/p>\n\n\n\n<p class=\"has-text-align-center wp-block-paragraph\" id=\"h-quer-saber-tudo-sobre-concursos-previstos-confira-nossos-artigos\" style=\"font-size:clamp(17.905px, 1.119rem + ((1vw - 3.2px) * 0.99), 28px);\"><strong>Quer saber tudo sobre concursos previstos?<br \/>Confira nossos artigos!<\/strong><\/p>\n\n\n\n<ul class=\"wp-block-list\">\n<li><a href=\"https:\/\/www.estrategiaconcursos.com.br\/blog\/concursos-abertos\/\" target=\"_blank\" rel=\"noreferrer noopener\">Concursos Abertos<\/a><\/li>\n\n\n\n<li><a href=\"https:\/\/www.estrategiaconcursos.com.br\/blog\/concursos-federais\/\" target=\"_blank\" rel=\"noreferrer noopener\">Concursos Federais<\/a><\/li>\n\n\n\n<li><a href=\"https:\/\/www.estrategiaconcursos.com.br\/blog\/concurso-administrativos\/\" target=\"_blank\" rel=\"noreferrer noopener\">Concursos Administrativos<\/a><\/li>\n\n\n\n<li><a href=\"https:\/\/www.estrategiaconcursos.com.br\/blog\/concursos-2026\/\" target=\"_blank\" rel=\"noreferrer noopener\">Concursos 2026<\/a><\/li>\n\n\n\n<li><a href=\"https:\/\/www.estrategiaconcursos.com.br\/blog\/concursos-2027\/\" target=\"_blank\" rel=\"noreferrer noopener\">Concursos 2027<\/a><\/li>\n<\/ul>\n\n\n\n<div id=\"boxes\" class=\"container\">\n<div class=\"row\">\n<div class=\"col-sm\">\n<div id=\"box-assinatura\" class=\"banner-ibge-ec\">\n<h3 class=\"titulo-assinatura\">Cursos IBGE<\/h3>\n<p class=\"subtitulo-assinatura\">Inicie a sua prepara\u00e7\u00e3o para o concurso IBGE<\/p>\n<div class=\"box-botao\"><a class=\"btn-assinatura\" role=\"button\" href=\"https:\/\/www.estrategiaconcursos.com.br\/cursosPorConcurso\/ibge-204\/\" target=\"_blank\" rel=\"noopener noreferrer\">EXPLORAR CURSOS<\/a><\/div>\n<\/div>\n<\/div>\n<\/div>\n<\/div>\n\n\n\n<div class=\"container\" id=\"boxes\">\n  <div class=\"row\">\n\n    <div class=\"col-sm\">\n      <div class=\"estrategia\" id=\"box-assinatura\">\n        <h3 class=\"titulo-assinatura\">Assinatura Concursos<\/h3>\n        <p class=\"subtitulo-assinatura\">Assinatura de 1 ano ou 2 anos<\/p>\n        <div class=\"box-botao\">\n          <a class=\"btn-assinatura\" target=\"_blank\" href=\"https:\/\/www.estrategiaconcursos.com.br\/blog\/assinaturas\/\" role=\"button\" rel=\"noopener noreferrer\">ASSINE AGORA<\/a>\n        <\/div>\n      <\/div><\/div><\/div><\/div>\n","protected":false},"excerpt":{"rendered":"<p>Confira neste artigo a corre\u00e7\u00e3o ao vivo e o gabarito extraoficial da prova do Concurso IBGE para ACQl Neste domingo (30) foram aplicadas as provas do processo seletivo do Instituto Brasileiro de Geografia e Estat\u00edstica\u00a0(Concurso IBGE). Com organiza\u00e7\u00e3o da banca Instituto Avalia, mais de 106.281 mil candidatos inscritos disputam 1.414 vagas para Agente Censit\u00e1rio de [&hellip;]<\/p>\n","protected":false},"author":2134,"featured_media":1804549,"comment_status":"open","ping_status":"closed","sticky":false,"template":"","format":"standard","meta":{"_acf_changed":false,"post_tipo":"news","footnotes":""},"categories":[214992,220219],"tags":[],"tax_estado":[219963],"class_list":["post-1804541","post","type-post","status-publish","format-standard","has-post-thumbnail","hentry","category-concursos-administrativos","category-noticias","tax_estado-concursos-federais"],"acf":[],"yoast_head":"<!-- This site is optimized with the Yoast SEO Premium plugin v28.1 (Yoast SEO v28.1) - https:\/\/yoast.com\/product\/yoast-seo-premium-wordpress\/ -->\n<title>Gabarito Extraoficial IBGE: veja a corre\u00e7\u00e3o de ACQ<\/title>\n<meta name=\"description\" content=\"Acompanhe a corre\u00e7\u00e3o ao vivo e confira o gabarito extraoficial do Concurso IBGE para Agente Censit\u00e1rio de Qualidade (ACQ)!\" \/>\n<meta name=\"robots\" content=\"index, follow, max-snippet:-1, max-image-preview:large, max-video-preview:-1\" \/>\n<link rel=\"canonical\" href=\"https:\/\/www.estrategiaconcursos.com.br\/blog\/gabarito-extraoficial-ibge-correcao-acq\/\" \/>\n<meta property=\"og:locale\" content=\"pt_BR\" \/>\n<meta property=\"og:type\" content=\"article\" \/>\n<meta property=\"og:title\" content=\"Gabarito Extraoficial IBGE: veja a corre\u00e7\u00e3o de ACQ\" \/>\n<meta property=\"og:description\" content=\"Acompanhe a corre\u00e7\u00e3o ao vivo e confira o gabarito extraoficial do Concurso IBGE para Agente Censit\u00e1rio de Qualidade (ACQ)!\" \/>\n<meta property=\"og:url\" content=\"https:\/\/www.estrategiaconcursos.com.br\/blog\/gabarito-extraoficial-ibge-correcao-acq\/\" \/>\n<meta property=\"og:site_name\" content=\"Estrat\u00e9gia Concursos\" \/>\n<meta property=\"article:published_time\" content=\"2026-08-30T10:00:00+00:00\" \/>\n<meta property=\"article:modified_time\" content=\"2026-08-30T16:39:55+00:00\" \/>\n<meta property=\"og:image\" content=\"https:\/\/dhg1h5j42swfq.cloudfront.net\/2026\/08\/29115701\/ytb_concurso.jpg\" \/>\n\t<meta property=\"og:image:width\" content=\"1280\" \/>\n\t<meta property=\"og:image:height\" content=\"720\" \/>\n\t<meta property=\"og:image:type\" content=\"image\/jpeg\" \/>\n<meta name=\"author\" content=\"Rafaela Teixeira\" \/>\n<meta name=\"twitter:card\" content=\"summary_large_image\" \/>\n<meta name=\"twitter:creator\" content=\"@EstratConcursos\" \/>\n<meta name=\"twitter:site\" content=\"@EstratConcursos\" \/>\n<meta name=\"twitter:label1\" content=\"Escrito por\" \/>\n\t<meta name=\"twitter:data1\" content=\"Rafaela Teixeira\" \/>\n\t<meta name=\"twitter:label2\" content=\"Est. tempo de leitura\" \/>\n\t<meta name=\"twitter:data2\" content=\"4 minutos\" \/>\n<script type=\"application\/ld+json\" class=\"yoast-schema-graph\">{\"@context\":\"https:\\\/\\\/schema.org\",\"@graph\":[{\"@type\":\"NewsArticle\",\"@id\":\"https:\\\/\\\/www.estrategiaconcursos.com.br\\\/blog\\\/gabarito-extraoficial-ibge-correcao-acq\\\/#article\",\"isPartOf\":{\"@id\":\"https:\\\/\\\/www.estrategiaconcursos.com.br\\\/blog\\\/gabarito-extraoficial-ibge-correcao-acq\\\/\"},\"author\":{\"name\":\"Rafaela Teixeira\",\"@id\":\"https:\\\/\\\/blog-estrategia.mystagingwebsite.com\\\/#\\\/schema\\\/person\\\/e75352021ea7f60781c599934f916eb1\"},\"headline\":\"Gabarito Extraoficial IBGE: veja a corre\u00e7\u00e3o de ACQ\",\"datePublished\":\"2026-08-30T10:00:00+00:00\",\"dateModified\":\"2026-08-30T16:39:55+00:00\",\"mainEntityOfPage\":{\"@id\":\"https:\\\/\\\/www.estrategiaconcursos.com.br\\\/blog\\\/gabarito-extraoficial-ibge-correcao-acq\\\/\"},\"wordCount\":838,\"commentCount\":0,\"publisher\":{\"@id\":\"https:\\\/\\\/blog-estrategia.mystagingwebsite.com\\\/#organization\"},\"image\":{\"@id\":\"https:\\\/\\\/www.estrategiaconcursos.com.br\\\/blog\\\/gabarito-extraoficial-ibge-correcao-acq\\\/#primaryimage\"},\"thumbnailUrl\":\"https:\\\/\\\/dhg1h5j42swfq.cloudfront.net\\\/2026\\\/08\\\/29115701\\\/ytb_concurso.jpg\",\"articleSection\":[\"Executivo (Administrativa)\",\"\u00daltimas not\u00edcias\"],\"inLanguage\":\"pt-BR\",\"potentialAction\":[{\"@type\":\"CommentAction\",\"name\":\"Comment\",\"target\":[\"https:\\\/\\\/www.estrategiaconcursos.com.br\\\/blog\\\/gabarito-extraoficial-ibge-correcao-acq\\\/#respond\"]}],\"copyrightYear\":\"2026\",\"copyrightHolder\":{\"@id\":\"https:\\\/\\\/www.estrategiaconcursos.com.br\\\/blog\\\/#organization\"}},{\"@type\":\"WebPage\",\"@id\":\"https:\\\/\\\/www.estrategiaconcursos.com.br\\\/blog\\\/gabarito-extraoficial-ibge-correcao-acq\\\/\",\"url\":\"https:\\\/\\\/www.estrategiaconcursos.com.br\\\/blog\\\/gabarito-extraoficial-ibge-correcao-acq\\\/\",\"name\":\"Gabarito Extraoficial IBGE: veja a corre\u00e7\u00e3o de ACQ\",\"isPartOf\":{\"@id\":\"https:\\\/\\\/blog-estrategia.mystagingwebsite.com\\\/#website\"},\"primaryImageOfPage\":{\"@id\":\"https:\\\/\\\/www.estrategiaconcursos.com.br\\\/blog\\\/gabarito-extraoficial-ibge-correcao-acq\\\/#primaryimage\"},\"image\":{\"@id\":\"https:\\\/\\\/www.estrategiaconcursos.com.br\\\/blog\\\/gabarito-extraoficial-ibge-correcao-acq\\\/#primaryimage\"},\"thumbnailUrl\":\"https:\\\/\\\/dhg1h5j42swfq.cloudfront.net\\\/2026\\\/08\\\/29115701\\\/ytb_concurso.jpg\",\"datePublished\":\"2026-08-30T10:00:00+00:00\",\"dateModified\":\"2026-08-30T16:39:55+00:00\",\"description\":\"Acompanhe a corre\u00e7\u00e3o ao vivo e confira o gabarito extraoficial do Concurso IBGE para Agente Censit\u00e1rio de Qualidade (ACQ)!\",\"breadcrumb\":{\"@id\":\"https:\\\/\\\/www.estrategiaconcursos.com.br\\\/blog\\\/gabarito-extraoficial-ibge-correcao-acq\\\/#breadcrumb\"},\"inLanguage\":\"pt-BR\",\"potentialAction\":[{\"@type\":\"ReadAction\",\"target\":[\"https:\\\/\\\/www.estrategiaconcursos.com.br\\\/blog\\\/gabarito-extraoficial-ibge-correcao-acq\\\/\"]}]},{\"@type\":\"ImageObject\",\"inLanguage\":\"pt-BR\",\"@id\":\"https:\\\/\\\/www.estrategiaconcursos.com.br\\\/blog\\\/gabarito-extraoficial-ibge-correcao-acq\\\/#primaryimage\",\"url\":\"https:\\\/\\\/dhg1h5j42swfq.cloudfront.net\\\/2026\\\/08\\\/29115701\\\/ytb_concurso.jpg\",\"contentUrl\":\"https:\\\/\\\/dhg1h5j42swfq.cloudfront.net\\\/2026\\\/08\\\/29115701\\\/ytb_concurso.jpg\",\"width\":1280,\"height\":720},{\"@type\":\"BreadcrumbList\",\"@id\":\"https:\\\/\\\/www.estrategiaconcursos.com.br\\\/blog\\\/gabarito-extraoficial-ibge-correcao-acq\\\/#breadcrumb\",\"itemListElement\":[{\"@type\":\"ListItem\",\"position\":1,\"name\":\"In\u00edcio\",\"item\":\"https:\\\/\\\/blog-estrategia.mystagingwebsite.com\\\/\"},{\"@type\":\"ListItem\",\"position\":2,\"name\":\"Gabarito Extraoficial IBGE: veja a corre\u00e7\u00e3o de ACQ\"}]},{\"@type\":\"WebSite\",\"@id\":\"https:\\\/\\\/blog-estrategia.mystagingwebsite.com\\\/#website\",\"url\":\"https:\\\/\\\/blog-estrategia.mystagingwebsite.com\\\/\",\"name\":\"Estrat\u00e9gia Concursos\",\"description\":\"O blog da Estrat\u00e9gia Concursos traz not\u00edcias sobre concursos e artigos de professores oferecendo cursos para concursos (pdf + videaulas) no site.\",\"publisher\":{\"@id\":\"https:\\\/\\\/blog-estrategia.mystagingwebsite.com\\\/#organization\"},\"potentialAction\":[{\"@type\":\"SearchAction\",\"target\":{\"@type\":\"EntryPoint\",\"urlTemplate\":\"https:\\\/\\\/blog-estrategia.mystagingwebsite.com\\\/?s={search_term_string}\"},\"query-input\":{\"@type\":\"PropertyValueSpecification\",\"valueRequired\":true,\"valueName\":\"search_term_string\"}}],\"inLanguage\":\"pt-BR\"},{\"@type\":\"Organization\",\"@id\":\"https:\\\/\\\/blog-estrategia.mystagingwebsite.com\\\/#organization\",\"name\":\"Estrat\u00e9gia Concursos\",\"url\":\"https:\\\/\\\/blog-estrategia.mystagingwebsite.com\\\/\",\"logo\":{\"@type\":\"ImageObject\",\"inLanguage\":\"pt-BR\",\"@id\":\"https:\\\/\\\/blog-estrategia.mystagingwebsite.com\\\/#\\\/schema\\\/logo\\\/image\\\/\",\"url\":\"https:\\\/\\\/dhg1h5j42swfq.cloudfront.net\\\/2025\\\/06\\\/03203428\\\/logo_concursos-1.jpg\",\"contentUrl\":\"https:\\\/\\\/dhg1h5j42swfq.cloudfront.net\\\/2025\\\/06\\\/03203428\\\/logo_concursos-1.jpg\",\"width\":230,\"height\":60,\"caption\":\"Estrat\u00e9gia Concursos\"},\"image\":{\"@id\":\"https:\\\/\\\/blog-estrategia.mystagingwebsite.com\\\/#\\\/schema\\\/logo\\\/image\\\/\"},\"sameAs\":[\"https:\\\/\\\/x.com\\\/EstratConcursos\"]},{\"@type\":\"Person\",\"@id\":\"https:\\\/\\\/blog-estrategia.mystagingwebsite.com\\\/#\\\/schema\\\/person\\\/e75352021ea7f60781c599934f916eb1\",\"name\":\"Rafaela Teixeira\",\"image\":{\"@type\":\"ImageObject\",\"inLanguage\":\"pt-BR\",\"@id\":\"https:\\\/\\\/secure.gravatar.com\\\/avatar\\\/8a349a2b22039b1ee88fc06461487c950fd6aa411ea8af8633314b43334ae793?s=96&d=mm&r=g\",\"url\":\"https:\\\/\\\/secure.gravatar.com\\\/avatar\\\/8a349a2b22039b1ee88fc06461487c950fd6aa411ea8af8633314b43334ae793?s=96&d=mm&r=g\",\"contentUrl\":\"https:\\\/\\\/secure.gravatar.com\\\/avatar\\\/8a349a2b22039b1ee88fc06461487c950fd6aa411ea8af8633314b43334ae793?s=96&d=mm&r=g\",\"caption\":\"Rafaela Teixeira\"},\"description\":\"Rafaela Teixeira \u00e9 advogada conveniada \u00e0 Defensoria P\u00fablica de S\u00e3o Paulo pela OAB, com experi\u00eancia em reda\u00e7\u00e3o jur\u00eddica e atua\u00e7\u00e3o em institui\u00e7\u00f5es p\u00fablicas, incluindo est\u00e1gio no Tribunal Regional Eleitoral de S\u00e3o Paulo (TRE-SP). Possui mais de 8 anos de experi\u00eancia na produ\u00e7\u00e3o de conte\u00fados voltados ao nicho de concursos p\u00fablicos, com foco em apura\u00e7\u00e3o jornal\u00edstica, an\u00e1lise de editais e pesquisa de informa\u00e7\u00f5es diretamente em \u00f3rg\u00e3os e fontes oficiais. No Blog do Estrat\u00e9gia Concursos, atua como Analista de Conte\u00fado S\u00eanior e \u00e9 respons\u00e1vel pelo jornalismo do per\u00edodo noturno e da madrugada, com atua\u00e7\u00e3o transversal na cobertura de not\u00edcias, acompanhando as principais movimenta\u00e7\u00f5es e organizando prioridades para garantir a continuidade, precis\u00e3o e atualiza\u00e7\u00e3o das publica\u00e7\u00f5es.\",\"url\":\"https:\\\/\\\/www.estrategiaconcursos.com.br\\\/blog\\\/author\\\/rafaela-teixeira\\\/\"}]}<\/script>\n<!-- \/ Yoast SEO Premium plugin. -->","yoast_head_json":{"title":"Gabarito Extraoficial IBGE: veja a corre\u00e7\u00e3o de ACQ","description":"Acompanhe a corre\u00e7\u00e3o ao vivo e confira o gabarito extraoficial do Concurso IBGE para Agente Censit\u00e1rio de Qualidade (ACQ)!","robots":{"index":"index","follow":"follow","max-snippet":"max-snippet:-1","max-image-preview":"max-image-preview:large","max-video-preview":"max-video-preview:-1"},"canonical":"https:\/\/www.estrategiaconcursos.com.br\/blog\/gabarito-extraoficial-ibge-correcao-acq\/","og_locale":"pt_BR","og_type":"article","og_title":"Gabarito Extraoficial IBGE: veja a corre\u00e7\u00e3o de ACQ","og_description":"Acompanhe a corre\u00e7\u00e3o ao vivo e confira o gabarito extraoficial do Concurso IBGE para Agente Censit\u00e1rio de Qualidade (ACQ)!","og_url":"https:\/\/www.estrategiaconcursos.com.br\/blog\/gabarito-extraoficial-ibge-correcao-acq\/","og_site_name":"Estrat\u00e9gia Concursos","article_published_time":"2026-08-30T10:00:00+00:00","article_modified_time":"2026-08-30T16:39:55+00:00","og_image":[{"width":1280,"height":720,"url":"https:\/\/dhg1h5j42swfq.cloudfront.net\/2026\/08\/29115701\/ytb_concurso.jpg","type":"image\/jpeg"}],"author":"Rafaela Teixeira","twitter_card":"summary_large_image","twitter_creator":"@EstratConcursos","twitter_site":"@EstratConcursos","twitter_misc":{"Escrito por":"Rafaela Teixeira","Est. tempo de leitura":"4 minutos"},"schema":{"@context":"https:\/\/schema.org","@graph":[{"@type":"NewsArticle","@id":"https:\/\/www.estrategiaconcursos.com.br\/blog\/gabarito-extraoficial-ibge-correcao-acq\/#article","isPartOf":{"@id":"https:\/\/www.estrategiaconcursos.com.br\/blog\/gabarito-extraoficial-ibge-correcao-acq\/"},"author":{"name":"Rafaela Teixeira","@id":"https:\/\/blog-estrategia.mystagingwebsite.com\/#\/schema\/person\/e75352021ea7f60781c599934f916eb1"},"headline":"Gabarito Extraoficial IBGE: veja a corre\u00e7\u00e3o de ACQ","datePublished":"2026-08-30T10:00:00+00:00","dateModified":"2026-08-30T16:39:55+00:00","mainEntityOfPage":{"@id":"https:\/\/www.estrategiaconcursos.com.br\/blog\/gabarito-extraoficial-ibge-correcao-acq\/"},"wordCount":838,"commentCount":0,"publisher":{"@id":"https:\/\/blog-estrategia.mystagingwebsite.com\/#organization"},"image":{"@id":"https:\/\/www.estrategiaconcursos.com.br\/blog\/gabarito-extraoficial-ibge-correcao-acq\/#primaryimage"},"thumbnailUrl":"https:\/\/dhg1h5j42swfq.cloudfront.net\/2026\/08\/29115701\/ytb_concurso.jpg","articleSection":["Executivo (Administrativa)","\u00daltimas not\u00edcias"],"inLanguage":"pt-BR","potentialAction":[{"@type":"CommentAction","name":"Comment","target":["https:\/\/www.estrategiaconcursos.com.br\/blog\/gabarito-extraoficial-ibge-correcao-acq\/#respond"]}],"copyrightYear":"2026","copyrightHolder":{"@id":"https:\/\/www.estrategiaconcursos.com.br\/blog\/#organization"}},{"@type":"WebPage","@id":"https:\/\/www.estrategiaconcursos.com.br\/blog\/gabarito-extraoficial-ibge-correcao-acq\/","url":"https:\/\/www.estrategiaconcursos.com.br\/blog\/gabarito-extraoficial-ibge-correcao-acq\/","name":"Gabarito Extraoficial IBGE: veja a corre\u00e7\u00e3o de ACQ","isPartOf":{"@id":"https:\/\/blog-estrategia.mystagingwebsite.com\/#website"},"primaryImageOfPage":{"@id":"https:\/\/www.estrategiaconcursos.com.br\/blog\/gabarito-extraoficial-ibge-correcao-acq\/#primaryimage"},"image":{"@id":"https:\/\/www.estrategiaconcursos.com.br\/blog\/gabarito-extraoficial-ibge-correcao-acq\/#primaryimage"},"thumbnailUrl":"https:\/\/dhg1h5j42swfq.cloudfront.net\/2026\/08\/29115701\/ytb_concurso.jpg","datePublished":"2026-08-30T10:00:00+00:00","dateModified":"2026-08-30T16:39:55+00:00","description":"Acompanhe a corre\u00e7\u00e3o ao vivo e confira o gabarito extraoficial do Concurso IBGE para Agente Censit\u00e1rio de Qualidade (ACQ)!","breadcrumb":{"@id":"https:\/\/www.estrategiaconcursos.com.br\/blog\/gabarito-extraoficial-ibge-correcao-acq\/#breadcrumb"},"inLanguage":"pt-BR","potentialAction":[{"@type":"ReadAction","target":["https:\/\/www.estrategiaconcursos.com.br\/blog\/gabarito-extraoficial-ibge-correcao-acq\/"]}]},{"@type":"ImageObject","inLanguage":"pt-BR","@id":"https:\/\/www.estrategiaconcursos.com.br\/blog\/gabarito-extraoficial-ibge-correcao-acq\/#primaryimage","url":"https:\/\/dhg1h5j42swfq.cloudfront.net\/2026\/08\/29115701\/ytb_concurso.jpg","contentUrl":"https:\/\/dhg1h5j42swfq.cloudfront.net\/2026\/08\/29115701\/ytb_concurso.jpg","width":1280,"height":720},{"@type":"BreadcrumbList","@id":"https:\/\/www.estrategiaconcursos.com.br\/blog\/gabarito-extraoficial-ibge-correcao-acq\/#breadcrumb","itemListElement":[{"@type":"ListItem","position":1,"name":"In\u00edcio","item":"https:\/\/blog-estrategia.mystagingwebsite.com\/"},{"@type":"ListItem","position":2,"name":"Gabarito Extraoficial IBGE: veja a corre\u00e7\u00e3o de ACQ"}]},{"@type":"WebSite","@id":"https:\/\/blog-estrategia.mystagingwebsite.com\/#website","url":"https:\/\/blog-estrategia.mystagingwebsite.com\/","name":"Estrat\u00e9gia Concursos","description":"O blog da Estrat\u00e9gia Concursos traz not\u00edcias sobre concursos e artigos de professores oferecendo cursos para concursos (pdf + videaulas) no site.","publisher":{"@id":"https:\/\/blog-estrategia.mystagingwebsite.com\/#organization"},"potentialAction":[{"@type":"SearchAction","target":{"@type":"EntryPoint","urlTemplate":"https:\/\/blog-estrategia.mystagingwebsite.com\/?s={search_term_string}"},"query-input":{"@type":"PropertyValueSpecification","valueRequired":true,"valueName":"search_term_string"}}],"inLanguage":"pt-BR"},{"@type":"Organization","@id":"https:\/\/blog-estrategia.mystagingwebsite.com\/#organization","name":"Estrat\u00e9gia Concursos","url":"https:\/\/blog-estrategia.mystagingwebsite.com\/","logo":{"@type":"ImageObject","inLanguage":"pt-BR","@id":"https:\/\/blog-estrategia.mystagingwebsite.com\/#\/schema\/logo\/image\/","url":"https:\/\/dhg1h5j42swfq.cloudfront.net\/2025\/06\/03203428\/logo_concursos-1.jpg","contentUrl":"https:\/\/dhg1h5j42swfq.cloudfront.net\/2025\/06\/03203428\/logo_concursos-1.jpg","width":230,"height":60,"caption":"Estrat\u00e9gia Concursos"},"image":{"@id":"https:\/\/blog-estrategia.mystagingwebsite.com\/#\/schema\/logo\/image\/"},"sameAs":["https:\/\/x.com\/EstratConcursos"]},{"@type":"Person","@id":"https:\/\/blog-estrategia.mystagingwebsite.com\/#\/schema\/person\/e75352021ea7f60781c599934f916eb1","name":"Rafaela Teixeira","image":{"@type":"ImageObject","inLanguage":"pt-BR","@id":"https:\/\/secure.gravatar.com\/avatar\/8a349a2b22039b1ee88fc06461487c950fd6aa411ea8af8633314b43334ae793?s=96&d=mm&r=g","url":"https:\/\/secure.gravatar.com\/avatar\/8a349a2b22039b1ee88fc06461487c950fd6aa411ea8af8633314b43334ae793?s=96&d=mm&r=g","contentUrl":"https:\/\/secure.gravatar.com\/avatar\/8a349a2b22039b1ee88fc06461487c950fd6aa411ea8af8633314b43334ae793?s=96&d=mm&r=g","caption":"Rafaela Teixeira"},"description":"Rafaela Teixeira \u00e9 advogada conveniada \u00e0 Defensoria P\u00fablica de S\u00e3o Paulo pela OAB, com experi\u00eancia em reda\u00e7\u00e3o jur\u00eddica e atua\u00e7\u00e3o em institui\u00e7\u00f5es p\u00fablicas, incluindo est\u00e1gio no Tribunal Regional Eleitoral de S\u00e3o Paulo (TRE-SP). Possui mais de 8 anos de experi\u00eancia na produ\u00e7\u00e3o de conte\u00fados voltados ao nicho de concursos p\u00fablicos, com foco em apura\u00e7\u00e3o jornal\u00edstica, an\u00e1lise de editais e pesquisa de informa\u00e7\u00f5es diretamente em \u00f3rg\u00e3os e fontes oficiais. No Blog do Estrat\u00e9gia Concursos, atua como Analista de Conte\u00fado S\u00eanior e \u00e9 respons\u00e1vel pelo jornalismo do per\u00edodo noturno e da madrugada, com atua\u00e7\u00e3o transversal na cobertura de not\u00edcias, acompanhando as principais movimenta\u00e7\u00f5es e organizando prioridades para garantir a continuidade, precis\u00e3o e atualiza\u00e7\u00e3o das publica\u00e7\u00f5es.","url":"https:\/\/www.estrategiaconcursos.com.br\/blog\/author\/rafaela-teixeira\/"}]}},"_links":{"self":[{"href":"https:\/\/www.estrategiaconcursos.com.br\/blog\/wp-json\/wp\/v2\/posts\/1804541","targetHints":{"allow":["GET"]}}],"collection":[{"href":"https:\/\/www.estrategiaconcursos.com.br\/blog\/wp-json\/wp\/v2\/posts"}],"about":[{"href":"https:\/\/www.estrategiaconcursos.com.br\/blog\/wp-json\/wp\/v2\/types\/post"}],"author":[{"embeddable":true,"href":"https:\/\/www.estrategiaconcursos.com.br\/blog\/wp-json\/wp\/v2\/users\/2134"}],"replies":[{"embeddable":true,"href":"https:\/\/www.estrategiaconcursos.com.br\/blog\/wp-json\/wp\/v2\/comments?post=1804541"}],"version-history":[{"count":13,"href":"https:\/\/www.estrategiaconcursos.com.br\/blog\/wp-json\/wp\/v2\/posts\/1804541\/revisions"}],"predecessor-version":[{"id":1804608,"href":"https:\/\/www.estrategiaconcursos.com.br\/blog\/wp-json\/wp\/v2\/posts\/1804541\/revisions\/1804608"}],"wp:featuredmedia":[{"embeddable":true,"href":"https:\/\/www.estrategiaconcursos.com.br\/blog\/wp-json\/wp\/v2\/media\/1804549"}],"wp:attachment":[{"href":"https:\/\/www.estrategiaconcursos.com.br\/blog\/wp-json\/wp\/v2\/media?parent=1804541"}],"wp:term":[{"taxonomy":"category","embeddable":true,"href":"https:\/\/www.estrategiaconcursos.com.br\/blog\/wp-json\/wp\/v2\/categories?post=1804541"},{"taxonomy":"post_tag","embeddable":true,"href":"https:\/\/www.estrategiaconcursos.com.br\/blog\/wp-json\/wp\/v2\/tags?post=1804541"},{"taxonomy":"tax_estado","embeddable":true,"href":"https:\/\/www.estrategiaconcursos.com.br\/blog\/wp-json\/wp\/v2\/tax_estado?post=1804541"}],"curies":[{"name":"wp","href":"https:\/\/api.w.org\/{rel}","templated":true}]}}