{"id":1804051,"date":"2026-08-27T17:05:00","date_gmt":"2026-08-27T20:05:00","guid":{"rendered":"https:\/\/www.estrategiaconcursos.com.br\/blog\/?p=1804051"},"modified":"2026-08-27T17:56:45","modified_gmt":"2026-08-27T20:56:45","slug":"concurso-trt-8-contrato-fcc-assinado","status":"publish","type":"post","link":"https:\/\/www.estrategiaconcursos.com.br\/blog\/concurso-trt-8-contrato-fcc-assinado\/","title":{"rendered":"Concurso TRT 8: contrato com a FCC assinado"},"content":{"rendered":"\n<p class=\"wp-block-paragraph\"><strong><em>Novo concurso TRT 8 deve oferecer sal\u00e1rios iniciais de at\u00e9 R$ 18,3 mil, al\u00e9m de benef\u00edcios; contrato com a banca assinado!<\/em><\/strong><\/p>\n\n\n\n<p class=\"wp-block-paragraph\">O Tribunal Regional do Trabalho da 8\u00aa Regi\u00e3o (TRT-8), com jurisdi\u00e7\u00e3o nos estados do <strong>Par\u00e1 e Amap\u00e1<\/strong>, avan\u00e7ou nos preparativos para seu novo concurso p\u00fablico. <\/p>\n\n\n\n<p class=\"wp-block-paragraph\">Isso porque o \u00f3rg\u00e3o assinou o <strong>Contrato TRT8 n\u00ba 34\/2026<\/strong> com a <strong>Funda\u00e7\u00e3o Carlos Chagas (FCC)<\/strong>, respons\u00e1vel pela organiza\u00e7\u00e3o e realiza\u00e7\u00e3o do certame.<\/p>\n\n\n\n<p class=\"wp-block-paragraph\">A assinatura do contrato representa uma importante etapa para a publica\u00e7\u00e3o do edital, que contemplar\u00e1 oportunidades para o quadro de servidores do tribunal.<\/p>\n\n\n\n<p class=\"wp-block-paragraph\">A nova sele\u00e7\u00e3o ser\u00e1 destinada \u00e0s fun\u00e7\u00f5es de<strong> Analista Judici\u00e1rio e T\u00e9cnico Judici\u00e1rio<\/strong>, cujos sal\u00e1rios podem chegar a R$ 18,3 mil.<\/p>\n\n\n\n<figure class=\"wp-block-image aligncenter size-large\"><img loading=\"lazy\" decoding=\"async\" width=\"1024\" height=\"586\" src=\"https:\/\/dhg1h5j42swfq.cloudfront.net\/2026\/08\/27172154\/design-sem-nome-1024x586.png\" alt=\"Concurso TRT 8: contrato com a banca assinado\" class=\"wp-image-1804052\" srcset=\"https:\/\/dhg1h5j42swfq.cloudfront.net\/2026\/08\/27172154\/design-sem-nome-1024x586.png 1024w, https:\/\/dhg1h5j42swfq.cloudfront.net\/2026\/08\/27172154\/design-sem-nome-300x172.png 300w, https:\/\/dhg1h5j42swfq.cloudfront.net\/2026\/08\/27172154\/design-sem-nome-768x440.png 768w, https:\/\/dhg1h5j42swfq.cloudfront.net\/2026\/08\/27172154\/design-sem-nome-150x86.png 150w, https:\/\/dhg1h5j42swfq.cloudfront.net\/2026\/08\/27172154\/design-sem-nome.png 1162w\" sizes=\"auto, (max-width: 1024px) 100vw, 1024px\" \/><figcaption class=\"wp-element-caption\">Concurso TRT 8: contrato com a banca assinado<\/figcaption><\/figure>\n\n\n\n<div class=\"container\" id=\"boxes\">\n  <div class=\"row\">\n\n    <div class=\"col-sm\">\n      <div class=\"banner-tribunal\" id=\"box-assinatura\">\n        <h3 class=\"titulo-assinatura\">Cursos para TRT 8<\/h3>\n        <p class=\"subtitulo-assinatura\">Conhe\u00e7a os cursos<\/p>\n        <div class=\"box-botao\">\n          <a class=\"btn-assinatura\" target=\"_blank\" href=\"https:\/\/www.estrategiaconcursos.com.br\/cursosPorConcurso\/trt-8-regiao-para-e-amapa-171\/\" role=\"button\" rel=\"noopener noreferrer\">Conhe\u00e7a mais<\/a>\n        <\/div>\n      <\/div>\n      <p class=\"texto-auxiliar\">Prepare-se com o melhor material e com quem mais aprova em Concursos P\u00fablicos em todo o pa\u00eds.<\/p>\n    <\/div>\n\n  <\/div>\n<\/div>\n\n\n\n<h3 id=\"h-e-quais-serao-os-cargos-do-novo-concurso-trt-8\" class=\"wp-block-heading\">E quais ser\u00e3o os cargos do novo Concurso TRT 8?<\/h3>\n\n\n\n<p class=\"wp-block-paragraph\">De acordo com informa\u00e7\u00f5es do \u00f3rg\u00e3o, o certame contar\u00e1 com vagas em cadastro de reserva, nas fun\u00e7\u00f5es de Analista e T\u00e9cnico Judici\u00e1rio, ambas de n\u00edvel superior.<\/p>\n\n\n\n<figure class=\"wp-block-table is-style-stripes\"><table class=\"has-fixed-layout\"><thead><tr><th>Cargo<\/th><th class=\"has-text-align-center\" data-align=\"center\">\u00c1rea\/Especialidade<\/th><th class=\"has-text-align-center\" data-align=\"center\">Remunera\u00e7\u00e3o inicial<\/th><\/tr><\/thead><tbody><tr><td>Analista Judici\u00e1rio<\/td><td class=\"has-text-align-center\" data-align=\"center\">\u00c1rea Judici\u00e1ria<\/td><td class=\"has-text-align-center\" data-align=\"center\">R$ 16.040,88<\/td><\/tr><tr><td>Analista Judici\u00e1rio<\/td><td class=\"has-text-align-center\" data-align=\"center\">\u00c1rea Judici\u00e1ria \u2013 Especialidade Oficial de Justi\u00e7a Avaliador Federal<\/td><td class=\"has-text-align-center\" data-align=\"center\">R$ 18.380,18<\/td><\/tr><tr><td>Analista Judici\u00e1rio<\/td><td class=\"has-text-align-center\" data-align=\"center\">\u00c1rea Administrativa<\/td><td class=\"has-text-align-center\" data-align=\"center\">R$ 16.040,88<\/td><\/tr><tr><td>Analista Judici\u00e1rio<\/td><td class=\"has-text-align-center\" data-align=\"center\">Apoio Especializado \u2013 Tecnologia da Informa\u00e7\u00e3o<\/td><td class=\"has-text-align-center\" data-align=\"center\">R$ 16.040,88<\/td><\/tr><tr><td>Analista Judici\u00e1rio<\/td><td class=\"has-text-align-center\" data-align=\"center\">Apoio Especializado \u2013 Contabilidade<\/td><td class=\"has-text-align-center\" data-align=\"center\">R$ 16.040,88<\/td><\/tr><tr><td>Analista Judici\u00e1rio<\/td><td class=\"has-text-align-center\" data-align=\"center\">Apoio Especializado \u2013 Estat\u00edstica<\/td><td class=\"has-text-align-center\" data-align=\"center\">R$ 16.040,88<\/td><\/tr><tr><td>Analista Judici\u00e1rio<\/td><td class=\"has-text-align-center\" data-align=\"center\">Apoio Especializado \u2013 Comunica\u00e7\u00e3o Social<\/td><td class=\"has-text-align-center\" data-align=\"center\">R$ 16.040,88<\/td><\/tr><tr><td>Analista Judici\u00e1rio<\/td><td class=\"has-text-align-center\" data-align=\"center\">Apoio Especializado \u2013 Arquitetura<\/td><td class=\"has-text-align-center\" data-align=\"center\">R$ 16.040,88<\/td><\/tr><tr><td>Analista Judici\u00e1rio<\/td><td class=\"has-text-align-center\" data-align=\"center\">Apoio Especializado \u2013 Arquivologia<\/td><td class=\"has-text-align-center\" data-align=\"center\">R$ 16.040,88<\/td><\/tr><tr><td>Analista Judici\u00e1rio<\/td><td class=\"has-text-align-center\" data-align=\"center\">Apoio Especializado \u2013 Biblioteconomia<\/td><td class=\"has-text-align-center\" data-align=\"center\">R$ 16.040,88<\/td><\/tr><tr><td>Analista Judici\u00e1rio<\/td><td class=\"has-text-align-center\" data-align=\"center\">Apoio Especializado \u2013 Enfermagem<\/td><td class=\"has-text-align-center\" data-align=\"center\">R$ 16.040,88<\/td><\/tr><tr><td>Analista Judici\u00e1rio<\/td><td class=\"has-text-align-center\" data-align=\"center\">Apoio Especializado \u2013 Engenharia Civil<\/td><td class=\"has-text-align-center\" data-align=\"center\">R$ 16.040,88<\/td><\/tr><tr><td>Analista Judici\u00e1rio<\/td><td class=\"has-text-align-center\" data-align=\"center\">Apoio Especializado \u2013 Engenharia El\u00e9trica<\/td><td class=\"has-text-align-center\" data-align=\"center\">R$ 16.040,88<\/td><\/tr><tr><td>Analista Judici\u00e1rio<\/td><td class=\"has-text-align-center\" data-align=\"center\">Apoio Especializado \u2013 Engenharia\/Seguran\u00e7a do Trabalho<\/td><td class=\"has-text-align-center\" data-align=\"center\">R$ 16.040,88<\/td><\/tr><tr><td>Analista Judici\u00e1rio<\/td><td class=\"has-text-align-center\" data-align=\"center\">Apoio Especializado \u2013 Medicina<\/td><td class=\"has-text-align-center\" data-align=\"center\">R$ 16.040,88<\/td><\/tr><tr><td>Analista Judici\u00e1rio<\/td><td class=\"has-text-align-center\" data-align=\"center\">Apoio Especializado \u2013 Medicina do Trabalho<\/td><td class=\"has-text-align-center\" data-align=\"center\">R$ 16.040,88<\/td><\/tr><tr><td>Analista Judici\u00e1rio<\/td><td class=\"has-text-align-center\" data-align=\"center\">Apoio Especializado \u2013 Odontologia<\/td><td class=\"has-text-align-center\" data-align=\"center\">R$ 16.040,88<\/td><\/tr><tr><td>Analista Judici\u00e1rio<\/td><td class=\"has-text-align-center\" data-align=\"center\">Apoio Especializado \u2013 Psicologia<\/td><td class=\"has-text-align-center\" data-align=\"center\">R$ 16.040,88<\/td><\/tr><tr><td>Analista Judici\u00e1rio<\/td><td class=\"has-text-align-center\" data-align=\"center\">Apoio Especializado \u2013 Servi\u00e7o Social<\/td><td class=\"has-text-align-center\" data-align=\"center\">R$ 16.040,88<\/td><\/tr><tr><td>Analista Judici\u00e1rio<\/td><td class=\"has-text-align-center\" data-align=\"center\">Apoio Especializado \u2013 Hist\u00f3ria<\/td><td class=\"has-text-align-center\" data-align=\"center\">R$ 16.040,88<\/td><\/tr><tr><td>T\u00e9cnico Judici\u00e1rio<\/td><td class=\"has-text-align-center\" data-align=\"center\">\u00c1rea Administrativa<\/td><td class=\"has-text-align-center\" data-align=\"center\">R$ 9.776,71<\/td><\/tr><tr><td>T\u00e9cnico Judici\u00e1rio<\/td><td class=\"has-text-align-center\" data-align=\"center\">\u00c1rea Administrativa \u2013 Agente da Pol\u00edcia Judicial<\/td><td class=\"has-text-align-center\" data-align=\"center\">R$ 10.795,12<\/td><\/tr><tr><td>T\u00e9cnico Judici\u00e1rio<\/td><td class=\"has-text-align-center\" data-align=\"center\">Apoio Especializado \u2013 Enfermagem<\/td><td class=\"has-text-align-center\" data-align=\"center\">R$ 9.776,71<\/td><\/tr><tr><td>T\u00e9cnico Judici\u00e1rio<\/td><td class=\"has-text-align-center\" data-align=\"center\">Apoio Especializado \u2013 Tecnologia da Informa\u00e7\u00e3o<\/td><td class=\"has-text-align-center\" data-align=\"center\">R$ 9.776,71<\/td><\/tr><\/tbody><\/table><\/figure>\n\n\n\n<p class=\"wp-block-paragraph\">Ademais, conv\u00e9m frisar que o o novo concurso contar\u00e1 com <strong>provas objetiva e discursiva<\/strong>, com aplica\u00e7\u00e3o nas cidades de <strong>Bel\u00e9m, Marab\u00e1 e Santar\u00e9m, no Par\u00e1, e Macap\u00e1, no Amap\u00e1<\/strong>.<\/p>\n\n\n\n<p class=\"wp-block-paragraph\">Tamb\u00e9m haver\u00e1 realiza\u00e7\u00e3o de <strong>avalia\u00e7\u00e3o biopsicossocial<\/strong> e <strong>procedimento de heteroidentifica\u00e7\u00e3o<\/strong>, ambos com previs\u00e3o de ocorrer exclusivamente em <strong>Bel\u00e9m (PA)<\/strong>. <\/p>\n\n\n\n<p class=\"wp-block-paragraph\">No mais, ser\u00e1 aplicado <strong>Teste de Aptid\u00e3o F\u00edsica (TAF)<\/strong> para o cargo de <strong>T\u00e9cnico Judici\u00e1rio \u2013 \u00c1rea Administrativa \u2013 Especialidade Agente da Pol\u00edcia Judicial<\/strong>. As demais regras e etapas do certame dever\u00e3o ser confirmadas com a publica\u00e7\u00e3o do edital.<\/p>\n\n\n\n<p class=\"wp-block-paragraph\">uisito <strong>curso superior em qualquer \u00e1rea<\/strong>, incluindo licenciatura plena ou tecn\u00f3logo, al\u00e9m de <strong>Carteira Nacional de Habilita\u00e7\u00e3o (CNH) na categoria \u201cB\u201d ou superior<\/strong>. <\/p>\n\n\n\n<p class=\"wp-block-paragraph\">Para ficar por dentro dos detalhes do contrato assinado com a FCC, banca do Concurso TRT 8, acesse o link abaixo:<\/p>\n\n\n\n<p class=\"has-text-align-center has-blush-light-purple-gradient-background has-background has-medium-font-size wp-block-paragraph\"><strong>Saiba mais: <a href=\"https:\/\/www.estrategiaconcursos.com.br\/blog\/concurso-trt-8\/\" target=\"_blank\" rel=\"noreferrer noopener\">concurso TRT 8 (AP\/PA)<\/a><\/strong><\/p>\n\n\n\n<h2 class=\"wp-block-heading has-text-align-center\" id=\"h-quer-saber-tudo-sobre-concursos-previstos-confira-nossos-artigos\">Quer saber tudo sobre concursos previstos?<br \/>Confira nossos artigos!<\/h2>\n\n\n\n<ul class=\"wp-block-list\">\n<li><a href=\"https:\/\/www.estrategiaconcursos.com.br\/blog\/concursos-abertos\/\" target=\"_blank\" rel=\"noreferrer noopener\">Concursos abertos<\/a><\/li>\n\n\n\n<li><a href=\"https:\/\/www.estrategiaconcursos.com.br\/blog\/concursos-2023\/\" target=\"_blank\" rel=\"noreferrer noopener\">Concursos 2026<\/a><\/li>\n\n\n\n<li><a href=\"https:\/\/www.estrategiaconcursos.com.br\/blog\/concursos-2027\/\" target=\"_blank\" rel=\"noreferrer noopener\">Concursos 2027<\/a><\/li>\n\n\n\n<li><a href=\"https:\/\/www.estrategiaconcursos.com.br\/blog\/concursos-tribunais-2022\/\" target=\"_blank\" rel=\"noreferrer noopener\">Concursos Tribunais<\/a><\/li>\n<\/ul>\n\n\n\n<h2 class=\"wp-block-heading has-text-align-center\" id=\"h-quer-estudar-para-o-concurso-trt-8\">Quer estudar para o concurso TRT 8?<\/h2>\n\n\n\n<div class=\"container\" id=\"boxes\">\n  <div class=\"row\">\n\n    <div class=\"col-sm\">\n      <div class=\"banner-tribunal\" id=\"box-assinatura\">\n        <h3 class=\"titulo-assinatura\">Cursos para TRT 8<\/h3>\n        <p class=\"subtitulo-assinatura\">Conhe\u00e7a os cursos<\/p>\n        <div class=\"box-botao\">\n          <a class=\"btn-assinatura\" target=\"_blank\" href=\"https:\/\/www.estrategiaconcursos.com.br\/cursosPorConcurso\/trt-8-regiao-para-e-amapa-171\/\" role=\"button\" rel=\"noopener noreferrer\">Conhe\u00e7a mais<\/a>\n        <\/div>\n      <\/div>\n      <p class=\"texto-auxiliar\">Prepare-se com o melhor material e com quem mais aprova em Concursos P\u00fablicos em todo o pa\u00eds.<\/p>\n    <\/div>\n\n  <\/div>\n<\/div>\n\n\n\n<p class=\"wp-block-paragraph\"><\/p>\n","protected":false},"excerpt":{"rendered":"<p>Novo concurso TRT 8 deve oferecer sal\u00e1rios iniciais de at\u00e9 R$ 18,3 mil, al\u00e9m de benef\u00edcios; contrato com a banca assinado! O Tribunal Regional do Trabalho da 8\u00aa Regi\u00e3o (TRT-8), com jurisdi\u00e7\u00e3o nos estados do Par\u00e1 e Amap\u00e1, avan\u00e7ou nos preparativos para seu novo concurso p\u00fablico. Isso porque o \u00f3rg\u00e3o assinou o Contrato TRT8 n\u00ba [&hellip;]<\/p>\n","protected":false},"author":2134,"featured_media":1110897,"comment_status":"open","ping_status":"closed","sticky":false,"template":"","format":"standard","meta":{"_acf_changed":false,"post_tipo":"news","footnotes":""},"categories":[220737,222236,220219],"tags":[],"tax_estado":[219967,219977],"class_list":["post-1804051","post","type-post","status-publish","format-standard","has-post-thumbnail","hentry","category-tribunais-tribunais","category-tribunal-regional-do-trabalho","category-noticias","tax_estado-ap","tax_estado-pa"],"acf":[],"yoast_head":"<!-- This site is optimized with the Yoast SEO Premium plugin v28.1 (Yoast SEO v28.1) - https:\/\/yoast.com\/product\/yoast-seo-premium-wordpress\/ -->\n<title>Concurso TRT 8: contrato com a FCC assinado<\/title>\n<meta name=\"description\" content=\"Novo concurso TRT 8 deve oferecer sal\u00e1rios iniciais de at\u00e9 R$ 16.041,21, al\u00e9m de benef\u00edcios; contrato com a banca assinado! Confira!\" \/>\n<meta name=\"robots\" content=\"index, follow, max-snippet:-1, max-image-preview:large, max-video-preview:-1\" \/>\n<link rel=\"canonical\" href=\"https:\/\/www.estrategiaconcursos.com.br\/blog\/concurso-trt-8-contrato-fcc-assinado\/\" \/>\n<meta property=\"og:locale\" content=\"pt_BR\" \/>\n<meta property=\"og:type\" content=\"article\" \/>\n<meta property=\"og:title\" content=\"Concurso TRT 8: contrato com a FCC assinado\" \/>\n<meta property=\"og:description\" content=\"Novo concurso TRT 8 deve oferecer sal\u00e1rios iniciais de at\u00e9 R$ 16.041,21, al\u00e9m de benef\u00edcios; contrato com a banca assinado! Confira!\" \/>\n<meta property=\"og:url\" content=\"https:\/\/www.estrategiaconcursos.com.br\/blog\/concurso-trt-8-contrato-fcc-assinado\/\" \/>\n<meta property=\"og:site_name\" content=\"Estrat\u00e9gia Concursos\" \/>\n<meta property=\"article:published_time\" content=\"2026-08-27T20:05:00+00:00\" \/>\n<meta property=\"article:modified_time\" content=\"2026-08-27T20:56:45+00:00\" \/>\n<meta property=\"og:image\" content=\"https:\/\/dhg1h5j42swfq.cloudfront.net\/2022\/10\/17115533\/concurso_trt-8.jpeg\" \/>\n\t<meta property=\"og:image:width\" content=\"768\" \/>\n\t<meta property=\"og:image:height\" content=\"432\" \/>\n\t<meta property=\"og:image:type\" content=\"image\/jpeg\" \/>\n<meta name=\"author\" content=\"Rafaela Teixeira\" \/>\n<meta name=\"twitter:card\" content=\"summary_large_image\" \/>\n<meta name=\"twitter:creator\" content=\"@EstratConcursos\" \/>\n<meta name=\"twitter:site\" content=\"@EstratConcursos\" \/>\n<meta name=\"twitter:label1\" content=\"Escrito por\" \/>\n\t<meta name=\"twitter:data1\" content=\"Rafaela Teixeira\" \/>\n\t<meta name=\"twitter:label2\" content=\"Est. tempo de leitura\" \/>\n\t<meta name=\"twitter:data2\" content=\"3 minutos\" \/>\n<script type=\"application\/ld+json\" class=\"yoast-schema-graph\">{\"@context\":\"https:\\\/\\\/schema.org\",\"@graph\":[{\"@type\":\"NewsArticle\",\"@id\":\"https:\\\/\\\/www.estrategiaconcursos.com.br\\\/blog\\\/concurso-trt-8-contrato-fcc-assinado\\\/#article\",\"isPartOf\":{\"@id\":\"https:\\\/\\\/www.estrategiaconcursos.com.br\\\/blog\\\/concurso-trt-8-contrato-fcc-assinado\\\/\"},\"author\":{\"name\":\"Rafaela Teixeira\",\"@id\":\"https:\\\/\\\/blog-estrategia.mystagingwebsite.com\\\/#\\\/schema\\\/person\\\/e75352021ea7f60781c599934f916eb1\"},\"headline\":\"Concurso TRT 8: contrato com a FCC assinado\",\"datePublished\":\"2026-08-27T20:05:00+00:00\",\"dateModified\":\"2026-08-27T20:56:45+00:00\",\"mainEntityOfPage\":{\"@id\":\"https:\\\/\\\/www.estrategiaconcursos.com.br\\\/blog\\\/concurso-trt-8-contrato-fcc-assinado\\\/\"},\"wordCount\":624,\"commentCount\":0,\"publisher\":{\"@id\":\"https:\\\/\\\/blog-estrategia.mystagingwebsite.com\\\/#organization\"},\"image\":{\"@id\":\"https:\\\/\\\/www.estrategiaconcursos.com.br\\\/blog\\\/concurso-trt-8-contrato-fcc-assinado\\\/#primaryimage\"},\"thumbnailUrl\":\"https:\\\/\\\/dhg1h5j42swfq.cloudfront.net\\\/2022\\\/10\\\/17115533\\\/concurso_trt-8.jpeg\",\"articleSection\":[\"Tribunais\",\"Tribunal Regional do Trabalho\",\"\u00daltimas not\u00edcias\"],\"inLanguage\":\"pt-BR\",\"potentialAction\":[{\"@type\":\"CommentAction\",\"name\":\"Comment\",\"target\":[\"https:\\\/\\\/www.estrategiaconcursos.com.br\\\/blog\\\/concurso-trt-8-contrato-fcc-assinado\\\/#respond\"]}],\"copyrightYear\":\"2026\",\"copyrightHolder\":{\"@id\":\"https:\\\/\\\/www.estrategiaconcursos.com.br\\\/blog\\\/#organization\"}},{\"@type\":\"WebPage\",\"@id\":\"https:\\\/\\\/www.estrategiaconcursos.com.br\\\/blog\\\/concurso-trt-8-contrato-fcc-assinado\\\/\",\"url\":\"https:\\\/\\\/www.estrategiaconcursos.com.br\\\/blog\\\/concurso-trt-8-contrato-fcc-assinado\\\/\",\"name\":\"Concurso TRT 8: contrato com a FCC assinado\",\"isPartOf\":{\"@id\":\"https:\\\/\\\/blog-estrategia.mystagingwebsite.com\\\/#website\"},\"primaryImageOfPage\":{\"@id\":\"https:\\\/\\\/www.estrategiaconcursos.com.br\\\/blog\\\/concurso-trt-8-contrato-fcc-assinado\\\/#primaryimage\"},\"image\":{\"@id\":\"https:\\\/\\\/www.estrategiaconcursos.com.br\\\/blog\\\/concurso-trt-8-contrato-fcc-assinado\\\/#primaryimage\"},\"thumbnailUrl\":\"https:\\\/\\\/dhg1h5j42swfq.cloudfront.net\\\/2022\\\/10\\\/17115533\\\/concurso_trt-8.jpeg\",\"datePublished\":\"2026-08-27T20:05:00+00:00\",\"dateModified\":\"2026-08-27T20:56:45+00:00\",\"description\":\"Novo concurso TRT 8 deve oferecer sal\u00e1rios iniciais de at\u00e9 R$ 16.041,21, al\u00e9m de benef\u00edcios; contrato com a banca assinado! Confira!\",\"breadcrumb\":{\"@id\":\"https:\\\/\\\/www.estrategiaconcursos.com.br\\\/blog\\\/concurso-trt-8-contrato-fcc-assinado\\\/#breadcrumb\"},\"inLanguage\":\"pt-BR\",\"potentialAction\":[{\"@type\":\"ReadAction\",\"target\":[\"https:\\\/\\\/www.estrategiaconcursos.com.br\\\/blog\\\/concurso-trt-8-contrato-fcc-assinado\\\/\"]}]},{\"@type\":\"ImageObject\",\"inLanguage\":\"pt-BR\",\"@id\":\"https:\\\/\\\/www.estrategiaconcursos.com.br\\\/blog\\\/concurso-trt-8-contrato-fcc-assinado\\\/#primaryimage\",\"url\":\"https:\\\/\\\/dhg1h5j42swfq.cloudfront.net\\\/2022\\\/10\\\/17115533\\\/concurso_trt-8.jpeg\",\"contentUrl\":\"https:\\\/\\\/dhg1h5j42swfq.cloudfront.net\\\/2022\\\/10\\\/17115533\\\/concurso_trt-8.jpeg\",\"width\":768,\"height\":432},{\"@type\":\"BreadcrumbList\",\"@id\":\"https:\\\/\\\/www.estrategiaconcursos.com.br\\\/blog\\\/concurso-trt-8-contrato-fcc-assinado\\\/#breadcrumb\",\"itemListElement\":[{\"@type\":\"ListItem\",\"position\":1,\"name\":\"In\u00edcio\",\"item\":\"https:\\\/\\\/blog-estrategia.mystagingwebsite.com\\\/\"},{\"@type\":\"ListItem\",\"position\":2,\"name\":\"Concurso TRT 8: contrato com a FCC assinado\"}]},{\"@type\":\"WebSite\",\"@id\":\"https:\\\/\\\/blog-estrategia.mystagingwebsite.com\\\/#website\",\"url\":\"https:\\\/\\\/blog-estrategia.mystagingwebsite.com\\\/\",\"name\":\"Estrat\u00e9gia Concursos\",\"description\":\"O blog da Estrat\u00e9gia Concursos traz not\u00edcias sobre concursos e artigos de professores oferecendo cursos para concursos (pdf + videaulas) no site.\",\"publisher\":{\"@id\":\"https:\\\/\\\/blog-estrategia.mystagingwebsite.com\\\/#organization\"},\"potentialAction\":[{\"@type\":\"SearchAction\",\"target\":{\"@type\":\"EntryPoint\",\"urlTemplate\":\"https:\\\/\\\/blog-estrategia.mystagingwebsite.com\\\/?s={search_term_string}\"},\"query-input\":{\"@type\":\"PropertyValueSpecification\",\"valueRequired\":true,\"valueName\":\"search_term_string\"}}],\"inLanguage\":\"pt-BR\"},{\"@type\":\"Organization\",\"@id\":\"https:\\\/\\\/blog-estrategia.mystagingwebsite.com\\\/#organization\",\"name\":\"Estrat\u00e9gia Concursos\",\"url\":\"https:\\\/\\\/blog-estrategia.mystagingwebsite.com\\\/\",\"logo\":{\"@type\":\"ImageObject\",\"inLanguage\":\"pt-BR\",\"@id\":\"https:\\\/\\\/blog-estrategia.mystagingwebsite.com\\\/#\\\/schema\\\/logo\\\/image\\\/\",\"url\":\"https:\\\/\\\/dhg1h5j42swfq.cloudfront.net\\\/2025\\\/06\\\/03203428\\\/logo_concursos-1.jpg\",\"contentUrl\":\"https:\\\/\\\/dhg1h5j42swfq.cloudfront.net\\\/2025\\\/06\\\/03203428\\\/logo_concursos-1.jpg\",\"width\":230,\"height\":60,\"caption\":\"Estrat\u00e9gia Concursos\"},\"image\":{\"@id\":\"https:\\\/\\\/blog-estrategia.mystagingwebsite.com\\\/#\\\/schema\\\/logo\\\/image\\\/\"},\"sameAs\":[\"https:\\\/\\\/x.com\\\/EstratConcursos\"]},{\"@type\":\"Person\",\"@id\":\"https:\\\/\\\/blog-estrategia.mystagingwebsite.com\\\/#\\\/schema\\\/person\\\/e75352021ea7f60781c599934f916eb1\",\"name\":\"Rafaela Teixeira\",\"image\":{\"@type\":\"ImageObject\",\"inLanguage\":\"pt-BR\",\"@id\":\"https:\\\/\\\/secure.gravatar.com\\\/avatar\\\/8a349a2b22039b1ee88fc06461487c950fd6aa411ea8af8633314b43334ae793?s=96&d=mm&r=g\",\"url\":\"https:\\\/\\\/secure.gravatar.com\\\/avatar\\\/8a349a2b22039b1ee88fc06461487c950fd6aa411ea8af8633314b43334ae793?s=96&d=mm&r=g\",\"contentUrl\":\"https:\\\/\\\/secure.gravatar.com\\\/avatar\\\/8a349a2b22039b1ee88fc06461487c950fd6aa411ea8af8633314b43334ae793?s=96&d=mm&r=g\",\"caption\":\"Rafaela Teixeira\"},\"description\":\"Rafaela Teixeira \u00e9 advogada conveniada \u00e0 Defensoria P\u00fablica de S\u00e3o Paulo pela OAB, com experi\u00eancia em reda\u00e7\u00e3o jur\u00eddica e atua\u00e7\u00e3o em institui\u00e7\u00f5es p\u00fablicas, incluindo est\u00e1gio no Tribunal Regional Eleitoral de S\u00e3o Paulo (TRE-SP). Possui mais de 8 anos de experi\u00eancia na produ\u00e7\u00e3o de conte\u00fados voltados ao nicho de concursos p\u00fablicos, com foco em apura\u00e7\u00e3o jornal\u00edstica, an\u00e1lise de editais e pesquisa de informa\u00e7\u00f5es diretamente em \u00f3rg\u00e3os e fontes oficiais. No Blog do Estrat\u00e9gia Concursos, atua como Analista de Conte\u00fado S\u00eanior e \u00e9 respons\u00e1vel pelo jornalismo do per\u00edodo noturno e da madrugada, com atua\u00e7\u00e3o transversal na cobertura de not\u00edcias, acompanhando as principais movimenta\u00e7\u00f5es e organizando prioridades para garantir a continuidade, precis\u00e3o e atualiza\u00e7\u00e3o das publica\u00e7\u00f5es.\",\"url\":\"https:\\\/\\\/www.estrategiaconcursos.com.br\\\/blog\\\/author\\\/rafaela-teixeira\\\/\"}]}<\/script>\n<!-- \/ Yoast SEO Premium plugin. -->","yoast_head_json":{"title":"Concurso TRT 8: contrato com a FCC assinado","description":"Novo concurso TRT 8 deve oferecer sal\u00e1rios iniciais de at\u00e9 R$ 16.041,21, al\u00e9m de benef\u00edcios; contrato com a banca assinado! Confira!","robots":{"index":"index","follow":"follow","max-snippet":"max-snippet:-1","max-image-preview":"max-image-preview:large","max-video-preview":"max-video-preview:-1"},"canonical":"https:\/\/www.estrategiaconcursos.com.br\/blog\/concurso-trt-8-contrato-fcc-assinado\/","og_locale":"pt_BR","og_type":"article","og_title":"Concurso TRT 8: contrato com a FCC assinado","og_description":"Novo concurso TRT 8 deve oferecer sal\u00e1rios iniciais de at\u00e9 R$ 16.041,21, al\u00e9m de benef\u00edcios; contrato com a banca assinado! Confira!","og_url":"https:\/\/www.estrategiaconcursos.com.br\/blog\/concurso-trt-8-contrato-fcc-assinado\/","og_site_name":"Estrat\u00e9gia Concursos","article_published_time":"2026-08-27T20:05:00+00:00","article_modified_time":"2026-08-27T20:56:45+00:00","og_image":[{"width":768,"height":432,"url":"https:\/\/dhg1h5j42swfq.cloudfront.net\/2022\/10\/17115533\/concurso_trt-8.jpeg","type":"image\/jpeg"}],"author":"Rafaela Teixeira","twitter_card":"summary_large_image","twitter_creator":"@EstratConcursos","twitter_site":"@EstratConcursos","twitter_misc":{"Escrito por":"Rafaela Teixeira","Est. tempo de leitura":"3 minutos"},"schema":{"@context":"https:\/\/schema.org","@graph":[{"@type":"NewsArticle","@id":"https:\/\/www.estrategiaconcursos.com.br\/blog\/concurso-trt-8-contrato-fcc-assinado\/#article","isPartOf":{"@id":"https:\/\/www.estrategiaconcursos.com.br\/blog\/concurso-trt-8-contrato-fcc-assinado\/"},"author":{"name":"Rafaela Teixeira","@id":"https:\/\/blog-estrategia.mystagingwebsite.com\/#\/schema\/person\/e75352021ea7f60781c599934f916eb1"},"headline":"Concurso TRT 8: contrato com a FCC assinado","datePublished":"2026-08-27T20:05:00+00:00","dateModified":"2026-08-27T20:56:45+00:00","mainEntityOfPage":{"@id":"https:\/\/www.estrategiaconcursos.com.br\/blog\/concurso-trt-8-contrato-fcc-assinado\/"},"wordCount":624,"commentCount":0,"publisher":{"@id":"https:\/\/blog-estrategia.mystagingwebsite.com\/#organization"},"image":{"@id":"https:\/\/www.estrategiaconcursos.com.br\/blog\/concurso-trt-8-contrato-fcc-assinado\/#primaryimage"},"thumbnailUrl":"https:\/\/dhg1h5j42swfq.cloudfront.net\/2022\/10\/17115533\/concurso_trt-8.jpeg","articleSection":["Tribunais","Tribunal Regional do Trabalho","\u00daltimas not\u00edcias"],"inLanguage":"pt-BR","potentialAction":[{"@type":"CommentAction","name":"Comment","target":["https:\/\/www.estrategiaconcursos.com.br\/blog\/concurso-trt-8-contrato-fcc-assinado\/#respond"]}],"copyrightYear":"2026","copyrightHolder":{"@id":"https:\/\/www.estrategiaconcursos.com.br\/blog\/#organization"}},{"@type":"WebPage","@id":"https:\/\/www.estrategiaconcursos.com.br\/blog\/concurso-trt-8-contrato-fcc-assinado\/","url":"https:\/\/www.estrategiaconcursos.com.br\/blog\/concurso-trt-8-contrato-fcc-assinado\/","name":"Concurso TRT 8: contrato com a FCC assinado","isPartOf":{"@id":"https:\/\/blog-estrategia.mystagingwebsite.com\/#website"},"primaryImageOfPage":{"@id":"https:\/\/www.estrategiaconcursos.com.br\/blog\/concurso-trt-8-contrato-fcc-assinado\/#primaryimage"},"image":{"@id":"https:\/\/www.estrategiaconcursos.com.br\/blog\/concurso-trt-8-contrato-fcc-assinado\/#primaryimage"},"thumbnailUrl":"https:\/\/dhg1h5j42swfq.cloudfront.net\/2022\/10\/17115533\/concurso_trt-8.jpeg","datePublished":"2026-08-27T20:05:00+00:00","dateModified":"2026-08-27T20:56:45+00:00","description":"Novo concurso TRT 8 deve oferecer sal\u00e1rios iniciais de at\u00e9 R$ 16.041,21, al\u00e9m de benef\u00edcios; contrato com a banca assinado! Confira!","breadcrumb":{"@id":"https:\/\/www.estrategiaconcursos.com.br\/blog\/concurso-trt-8-contrato-fcc-assinado\/#breadcrumb"},"inLanguage":"pt-BR","potentialAction":[{"@type":"ReadAction","target":["https:\/\/www.estrategiaconcursos.com.br\/blog\/concurso-trt-8-contrato-fcc-assinado\/"]}]},{"@type":"ImageObject","inLanguage":"pt-BR","@id":"https:\/\/www.estrategiaconcursos.com.br\/blog\/concurso-trt-8-contrato-fcc-assinado\/#primaryimage","url":"https:\/\/dhg1h5j42swfq.cloudfront.net\/2022\/10\/17115533\/concurso_trt-8.jpeg","contentUrl":"https:\/\/dhg1h5j42swfq.cloudfront.net\/2022\/10\/17115533\/concurso_trt-8.jpeg","width":768,"height":432},{"@type":"BreadcrumbList","@id":"https:\/\/www.estrategiaconcursos.com.br\/blog\/concurso-trt-8-contrato-fcc-assinado\/#breadcrumb","itemListElement":[{"@type":"ListItem","position":1,"name":"In\u00edcio","item":"https:\/\/blog-estrategia.mystagingwebsite.com\/"},{"@type":"ListItem","position":2,"name":"Concurso TRT 8: contrato com a FCC assinado"}]},{"@type":"WebSite","@id":"https:\/\/blog-estrategia.mystagingwebsite.com\/#website","url":"https:\/\/blog-estrategia.mystagingwebsite.com\/","name":"Estrat\u00e9gia Concursos","description":"O blog da Estrat\u00e9gia Concursos traz not\u00edcias sobre concursos e artigos de professores oferecendo cursos para concursos (pdf + videaulas) no site.","publisher":{"@id":"https:\/\/blog-estrategia.mystagingwebsite.com\/#organization"},"potentialAction":[{"@type":"SearchAction","target":{"@type":"EntryPoint","urlTemplate":"https:\/\/blog-estrategia.mystagingwebsite.com\/?s={search_term_string}"},"query-input":{"@type":"PropertyValueSpecification","valueRequired":true,"valueName":"search_term_string"}}],"inLanguage":"pt-BR"},{"@type":"Organization","@id":"https:\/\/blog-estrategia.mystagingwebsite.com\/#organization","name":"Estrat\u00e9gia Concursos","url":"https:\/\/blog-estrategia.mystagingwebsite.com\/","logo":{"@type":"ImageObject","inLanguage":"pt-BR","@id":"https:\/\/blog-estrategia.mystagingwebsite.com\/#\/schema\/logo\/image\/","url":"https:\/\/dhg1h5j42swfq.cloudfront.net\/2025\/06\/03203428\/logo_concursos-1.jpg","contentUrl":"https:\/\/dhg1h5j42swfq.cloudfront.net\/2025\/06\/03203428\/logo_concursos-1.jpg","width":230,"height":60,"caption":"Estrat\u00e9gia Concursos"},"image":{"@id":"https:\/\/blog-estrategia.mystagingwebsite.com\/#\/schema\/logo\/image\/"},"sameAs":["https:\/\/x.com\/EstratConcursos"]},{"@type":"Person","@id":"https:\/\/blog-estrategia.mystagingwebsite.com\/#\/schema\/person\/e75352021ea7f60781c599934f916eb1","name":"Rafaela Teixeira","image":{"@type":"ImageObject","inLanguage":"pt-BR","@id":"https:\/\/secure.gravatar.com\/avatar\/8a349a2b22039b1ee88fc06461487c950fd6aa411ea8af8633314b43334ae793?s=96&d=mm&r=g","url":"https:\/\/secure.gravatar.com\/avatar\/8a349a2b22039b1ee88fc06461487c950fd6aa411ea8af8633314b43334ae793?s=96&d=mm&r=g","contentUrl":"https:\/\/secure.gravatar.com\/avatar\/8a349a2b22039b1ee88fc06461487c950fd6aa411ea8af8633314b43334ae793?s=96&d=mm&r=g","caption":"Rafaela Teixeira"},"description":"Rafaela Teixeira \u00e9 advogada conveniada \u00e0 Defensoria P\u00fablica de S\u00e3o Paulo pela OAB, com experi\u00eancia em reda\u00e7\u00e3o jur\u00eddica e atua\u00e7\u00e3o em institui\u00e7\u00f5es p\u00fablicas, incluindo est\u00e1gio no Tribunal Regional Eleitoral de S\u00e3o Paulo (TRE-SP). Possui mais de 8 anos de experi\u00eancia na produ\u00e7\u00e3o de conte\u00fados voltados ao nicho de concursos p\u00fablicos, com foco em apura\u00e7\u00e3o jornal\u00edstica, an\u00e1lise de editais e pesquisa de informa\u00e7\u00f5es diretamente em \u00f3rg\u00e3os e fontes oficiais. No Blog do Estrat\u00e9gia Concursos, atua como Analista de Conte\u00fado S\u00eanior e \u00e9 respons\u00e1vel pelo jornalismo do per\u00edodo noturno e da madrugada, com atua\u00e7\u00e3o transversal na cobertura de not\u00edcias, acompanhando as principais movimenta\u00e7\u00f5es e organizando prioridades para garantir a continuidade, precis\u00e3o e atualiza\u00e7\u00e3o das publica\u00e7\u00f5es.","url":"https:\/\/www.estrategiaconcursos.com.br\/blog\/author\/rafaela-teixeira\/"}]}},"_links":{"self":[{"href":"https:\/\/www.estrategiaconcursos.com.br\/blog\/wp-json\/wp\/v2\/posts\/1804051","targetHints":{"allow":["GET"]}}],"collection":[{"href":"https:\/\/www.estrategiaconcursos.com.br\/blog\/wp-json\/wp\/v2\/posts"}],"about":[{"href":"https:\/\/www.estrategiaconcursos.com.br\/blog\/wp-json\/wp\/v2\/types\/post"}],"author":[{"embeddable":true,"href":"https:\/\/www.estrategiaconcursos.com.br\/blog\/wp-json\/wp\/v2\/users\/2134"}],"replies":[{"embeddable":true,"href":"https:\/\/www.estrategiaconcursos.com.br\/blog\/wp-json\/wp\/v2\/comments?post=1804051"}],"version-history":[{"count":7,"href":"https:\/\/www.estrategiaconcursos.com.br\/blog\/wp-json\/wp\/v2\/posts\/1804051\/revisions"}],"predecessor-version":[{"id":1804075,"href":"https:\/\/www.estrategiaconcursos.com.br\/blog\/wp-json\/wp\/v2\/posts\/1804051\/revisions\/1804075"}],"wp:featuredmedia":[{"embeddable":true,"href":"https:\/\/www.estrategiaconcursos.com.br\/blog\/wp-json\/wp\/v2\/media\/1110897"}],"wp:attachment":[{"href":"https:\/\/www.estrategiaconcursos.com.br\/blog\/wp-json\/wp\/v2\/media?parent=1804051"}],"wp:term":[{"taxonomy":"category","embeddable":true,"href":"https:\/\/www.estrategiaconcursos.com.br\/blog\/wp-json\/wp\/v2\/categories?post=1804051"},{"taxonomy":"post_tag","embeddable":true,"href":"https:\/\/www.estrategiaconcursos.com.br\/blog\/wp-json\/wp\/v2\/tags?post=1804051"},{"taxonomy":"tax_estado","embeddable":true,"href":"https:\/\/www.estrategiaconcursos.com.br\/blog\/wp-json\/wp\/v2\/tax_estado?post=1804051"}],"curies":[{"name":"wp","href":"https:\/\/api.w.org\/{rel}","templated":true}]}}