{"id":18034,"date":"2014-09-17T09:31:00","date_gmt":"2014-09-17T12:31:00","guid":{"rendered":"https:\/\/www.estrategiaconcursos.com.br\/blog\/?p=18034"},"modified":"2015-01-05T14:44:16","modified_gmt":"2015-01-05T17:44:16","slug":"prova-anatel-tecnico-administrativo-arm-e-arquivologia","status":"publish","type":"post","link":"https:\/\/www.estrategiaconcursos.com.br\/blog\/prova-anatel-tecnico-administrativo-arm-e-arquivologia\/","title":{"rendered":"Prova ANATEL &#8211; T\u00e9cnico Administrativo ARM e Arquivologia"},"content":{"rendered":"<p>Bom dia meus caros!<\/p>\n<p>Fiquei muito contente com a prova da ANATEL! E suponho que voc\u00ea tenha ficado. Prova honesta e que n\u00e3o se afastou muito do que o CESPE costuma cobrar nos \u00faltimos 3 anos.<\/p>\n<p>Assim, n\u00e3o identifiquei quaisquer recursos para as quest\u00f5es 69 a 110 da prova do Cargo 13 (T\u00e9cnico Administrativo), quest\u00f5es estas que correspondem \u00e0s disciplinas de Administra\u00e7\u00e3o de Recursos Materiais e Arquivologia.<\/p>\n<p>Mas esta \u00e9 s\u00f3 minha opini\u00e7\u00e3o :P. Se, por qualquer raz\u00e3o, voc\u00ea discorda, meu email sempre est\u00e1 \u00e0 disposi\u00e7\u00e3o para esclarecimentos: felipepetrachini@estrategiaconcursos.com.br<\/p>\n<p>Abra\u00e7o<\/p>\n","protected":false},"excerpt":{"rendered":"<p>Bom dia meus caros! Fiquei muito contente com a prova da ANATEL! E suponho que voc\u00ea tenha ficado. Prova honesta e que n\u00e3o se afastou muito do que o CESPE costuma cobrar nos \u00faltimos 3 anos. Assim, n\u00e3o identifiquei quaisquer recursos para as quest\u00f5es 69 a 110 da prova do Cargo 13 (T\u00e9cnico Administrativo), quest\u00f5es [&hellip;]<\/p>\n","protected":false},"author":98,"featured_media":0,"comment_status":"open","ping_status":"open","sticky":false,"template":"","format":"standard","meta":{"post_tipo":"article","footnotes":""},"categories":[],"tags":[563,564],"tax_estado":[],"class_list":["post-18034","post","type-post","status-publish","format-standard","hentry","tag-anatel","tag-arquivologia"],"acf":[],"yoast_head":"<!-- This site is optimized with the Yoast SEO Premium plugin v27.2 (Yoast SEO v27.2) - https:\/\/yoast.com\/product\/yoast-seo-premium-wordpress\/ -->\n<title>Prova ANATEL - T\u00e9cnico Administrativo ARM e Arquivologia<\/title>\n<meta name=\"robots\" content=\"index, follow, max-snippet:-1, max-image-preview:large, max-video-preview:-1\" \/>\n<link rel=\"canonical\" href=\"https:\/\/www.estrategiaconcursos.com.br\/blog\/prova-anatel-tecnico-administrativo-arm-e-arquivologia\/\" \/>\n<meta property=\"og:locale\" content=\"pt_BR\" \/>\n<meta property=\"og:type\" content=\"article\" \/>\n<meta property=\"og:title\" content=\"Prova ANATEL - T\u00e9cnico Administrativo ARM e Arquivologia\" \/>\n<meta property=\"og:description\" content=\"Bom dia meus caros! Fiquei muito contente com a prova da ANATEL! E suponho que voc\u00ea tenha ficado. Prova honesta e que n\u00e3o se afastou muito do que o CESPE costuma cobrar nos \u00faltimos 3 anos. Assim, n\u00e3o identifiquei quaisquer recursos para as quest\u00f5es 69 a 110 da prova do Cargo 13 (T\u00e9cnico Administrativo), quest\u00f5es [&hellip;]\" \/>\n<meta property=\"og:url\" content=\"https:\/\/www.estrategiaconcursos.com.br\/blog\/prova-anatel-tecnico-administrativo-arm-e-arquivologia\/\" \/>\n<meta property=\"og:site_name\" content=\"Estrat\u00e9gia Concursos\" \/>\n<meta property=\"article:published_time\" content=\"2014-09-17T12:31:00+00:00\" \/>\n<meta property=\"article:modified_time\" content=\"2015-01-05T17:44:16+00:00\" \/>\n<meta name=\"author\" content=\"Felipe Petrachini\" \/>\n<meta name=\"twitter:card\" content=\"summary_large_image\" \/>\n<meta name=\"twitter:creator\" content=\"@EstratConcursos\" \/>\n<meta name=\"twitter:site\" content=\"@EstratConcursos\" \/>\n<meta name=\"twitter:label1\" content=\"Escrito por\" \/>\n\t<meta name=\"twitter:data1\" content=\"Felipe Petrachini\" \/>\n<script type=\"application\/ld+json\" class=\"yoast-schema-graph\">{\"@context\":\"https:\/\/schema.org\",\"@graph\":[{\"@type\":\"NewsArticle\",\"@id\":\"https:\/\/www.estrategiaconcursos.com.br\/blog\/prova-anatel-tecnico-administrativo-arm-e-arquivologia\/#article\",\"isPartOf\":{\"@id\":\"https:\/\/www.estrategiaconcursos.com.br\/blog\/prova-anatel-tecnico-administrativo-arm-e-arquivologia\/\"},\"author\":{\"name\":\"Felipe Petrachini\",\"@id\":\"https:\/\/www.estrategiaconcursos.com.br\/blog\/#\/schema\/person\/1dca5c4c8e88e15778ef9a9da52226b3\"},\"headline\":\"Prova ANATEL &#8211; T\u00e9cnico Administrativo ARM e Arquivologia\",\"datePublished\":\"2014-09-17T12:31:00+00:00\",\"dateModified\":\"2015-01-05T17:44:16+00:00\",\"mainEntityOfPage\":{\"@id\":\"https:\/\/www.estrategiaconcursos.com.br\/blog\/prova-anatel-tecnico-administrativo-arm-e-arquivologia\/\"},\"wordCount\":106,\"commentCount\":0,\"publisher\":{\"@id\":\"https:\/\/www.estrategiaconcursos.com.br\/blog\/#organization\"},\"keywords\":[\"Anatel\",\"Arquivologia\"],\"inLanguage\":\"pt-BR\",\"potentialAction\":[{\"@type\":\"CommentAction\",\"name\":\"Comment\",\"target\":[\"https:\/\/www.estrategiaconcursos.com.br\/blog\/prova-anatel-tecnico-administrativo-arm-e-arquivologia\/#respond\"]}],\"copyrightYear\":\"2014\",\"copyrightHolder\":{\"@id\":\"https:\/\/www.estrategiaconcursos.com.br\/blog\/#organization\"}},{\"@type\":\"WebPage\",\"@id\":\"https:\/\/www.estrategiaconcursos.com.br\/blog\/prova-anatel-tecnico-administrativo-arm-e-arquivologia\/\",\"url\":\"https:\/\/www.estrategiaconcursos.com.br\/blog\/prova-anatel-tecnico-administrativo-arm-e-arquivologia\/\",\"name\":\"Prova ANATEL - T\u00e9cnico Administrativo ARM e Arquivologia\",\"isPartOf\":{\"@id\":\"https:\/\/www.estrategiaconcursos.com.br\/blog\/#website\"},\"datePublished\":\"2014-09-17T12:31:00+00:00\",\"dateModified\":\"2015-01-05T17:44:16+00:00\",\"breadcrumb\":{\"@id\":\"https:\/\/www.estrategiaconcursos.com.br\/blog\/prova-anatel-tecnico-administrativo-arm-e-arquivologia\/#breadcrumb\"},\"inLanguage\":\"pt-BR\",\"potentialAction\":[{\"@type\":\"ReadAction\",\"target\":[\"https:\/\/www.estrategiaconcursos.com.br\/blog\/prova-anatel-tecnico-administrativo-arm-e-arquivologia\/\"]}]},{\"@type\":\"BreadcrumbList\",\"@id\":\"https:\/\/www.estrategiaconcursos.com.br\/blog\/prova-anatel-tecnico-administrativo-arm-e-arquivologia\/#breadcrumb\",\"itemListElement\":[{\"@type\":\"ListItem\",\"position\":1,\"name\":\"In\u00edcio\",\"item\":\"https:\/\/www.estrategiaconcursos.com.br\/blog\/\"},{\"@type\":\"ListItem\",\"position\":2,\"name\":\"Prova ANATEL &#8211; T\u00e9cnico Administrativo ARM e Arquivologia\"}]},{\"@type\":\"WebSite\",\"@id\":\"https:\/\/www.estrategiaconcursos.com.br\/blog\/#website\",\"url\":\"https:\/\/www.estrategiaconcursos.com.br\/blog\/\",\"name\":\"Estrat\u00e9gia Concursos\",\"description\":\"O blog da Estrat\u00e9gia Concursos traz not\u00edcias sobre concursos e artigos de professores oferecendo cursos para concursos (pdf + videaulas) no site.\",\"publisher\":{\"@id\":\"https:\/\/www.estrategiaconcursos.com.br\/blog\/#organization\"},\"potentialAction\":[{\"@type\":\"SearchAction\",\"target\":{\"@type\":\"EntryPoint\",\"urlTemplate\":\"https:\/\/www.estrategiaconcursos.com.br\/blog\/?s={search_term_string}\"},\"query-input\":{\"@type\":\"PropertyValueSpecification\",\"valueRequired\":true,\"valueName\":\"search_term_string\"}}],\"inLanguage\":\"pt-BR\"},{\"@type\":\"Organization\",\"@id\":\"https:\/\/www.estrategiaconcursos.com.br\/blog\/#organization\",\"name\":\"Estrat\u00e9gia Concursos\",\"url\":\"https:\/\/www.estrategiaconcursos.com.br\/blog\/\",\"logo\":{\"@type\":\"ImageObject\",\"inLanguage\":\"pt-BR\",\"@id\":\"https:\/\/www.estrategiaconcursos.com.br\/blog\/#\/schema\/logo\/image\/\",\"url\":\"https:\/\/dhg1h5j42swfq.cloudfront.net\/2025\/06\/03203428\/logo_concursos-1.jpg\",\"contentUrl\":\"https:\/\/dhg1h5j42swfq.cloudfront.net\/2025\/06\/03203428\/logo_concursos-1.jpg\",\"width\":230,\"height\":60,\"caption\":\"Estrat\u00e9gia Concursos\"},\"image\":{\"@id\":\"https:\/\/www.estrategiaconcursos.com.br\/blog\/#\/schema\/logo\/image\/\"},\"sameAs\":[\"https:\/\/x.com\/EstratConcursos\"]},{\"@type\":\"Person\",\"@id\":\"https:\/\/www.estrategiaconcursos.com.br\/blog\/#\/schema\/person\/1dca5c4c8e88e15778ef9a9da52226b3\",\"name\":\"Felipe Petrachini\",\"image\":{\"@type\":\"ImageObject\",\"inLanguage\":\"pt-BR\",\"@id\":\"https:\/\/secure.gravatar.com\/avatar\/5885210e98adbb37d5de4d90cc8c8351476bd568fb251b2d8d5addd9e221fb19?s=96&d=mm&r=g\",\"url\":\"https:\/\/secure.gravatar.com\/avatar\/5885210e98adbb37d5de4d90cc8c8351476bd568fb251b2d8d5addd9e221fb19?s=96&d=mm&r=g\",\"contentUrl\":\"https:\/\/secure.gravatar.com\/avatar\/5885210e98adbb37d5de4d90cc8c8351476bd568fb251b2d8d5addd9e221fb19?s=96&d=mm&r=g\",\"caption\":\"Felipe Petrachini\"},\"url\":\"https:\/\/www.estrategiaconcursos.com.br\/blog\/author\/felipepetrachiniestrategiaconcursos-com-br\/\"}]}<\/script>\n<!-- \/ Yoast SEO Premium plugin. -->","yoast_head_json":{"title":"Prova ANATEL - T\u00e9cnico Administrativo ARM e Arquivologia","robots":{"index":"index","follow":"follow","max-snippet":"max-snippet:-1","max-image-preview":"max-image-preview:large","max-video-preview":"max-video-preview:-1"},"canonical":"https:\/\/www.estrategiaconcursos.com.br\/blog\/prova-anatel-tecnico-administrativo-arm-e-arquivologia\/","og_locale":"pt_BR","og_type":"article","og_title":"Prova ANATEL - T\u00e9cnico Administrativo ARM e Arquivologia","og_description":"Bom dia meus caros! Fiquei muito contente com a prova da ANATEL! E suponho que voc\u00ea tenha ficado. Prova honesta e que n\u00e3o se afastou muito do que o CESPE costuma cobrar nos \u00faltimos 3 anos. Assim, n\u00e3o identifiquei quaisquer recursos para as quest\u00f5es 69 a 110 da prova do Cargo 13 (T\u00e9cnico Administrativo), quest\u00f5es [&hellip;]","og_url":"https:\/\/www.estrategiaconcursos.com.br\/blog\/prova-anatel-tecnico-administrativo-arm-e-arquivologia\/","og_site_name":"Estrat\u00e9gia Concursos","article_published_time":"2014-09-17T12:31:00+00:00","article_modified_time":"2015-01-05T17:44:16+00:00","author":"Felipe Petrachini","twitter_card":"summary_large_image","twitter_creator":"@EstratConcursos","twitter_site":"@EstratConcursos","twitter_misc":{"Escrito por":"Felipe Petrachini"},"schema":{"@context":"https:\/\/schema.org","@graph":[{"@type":"NewsArticle","@id":"https:\/\/www.estrategiaconcursos.com.br\/blog\/prova-anatel-tecnico-administrativo-arm-e-arquivologia\/#article","isPartOf":{"@id":"https:\/\/www.estrategiaconcursos.com.br\/blog\/prova-anatel-tecnico-administrativo-arm-e-arquivologia\/"},"author":{"name":"Felipe Petrachini","@id":"https:\/\/www.estrategiaconcursos.com.br\/blog\/#\/schema\/person\/1dca5c4c8e88e15778ef9a9da52226b3"},"headline":"Prova ANATEL &#8211; T\u00e9cnico Administrativo ARM e Arquivologia","datePublished":"2014-09-17T12:31:00+00:00","dateModified":"2015-01-05T17:44:16+00:00","mainEntityOfPage":{"@id":"https:\/\/www.estrategiaconcursos.com.br\/blog\/prova-anatel-tecnico-administrativo-arm-e-arquivologia\/"},"wordCount":106,"commentCount":0,"publisher":{"@id":"https:\/\/www.estrategiaconcursos.com.br\/blog\/#organization"},"keywords":["Anatel","Arquivologia"],"inLanguage":"pt-BR","potentialAction":[{"@type":"CommentAction","name":"Comment","target":["https:\/\/www.estrategiaconcursos.com.br\/blog\/prova-anatel-tecnico-administrativo-arm-e-arquivologia\/#respond"]}],"copyrightYear":"2014","copyrightHolder":{"@id":"https:\/\/www.estrategiaconcursos.com.br\/blog\/#organization"}},{"@type":"WebPage","@id":"https:\/\/www.estrategiaconcursos.com.br\/blog\/prova-anatel-tecnico-administrativo-arm-e-arquivologia\/","url":"https:\/\/www.estrategiaconcursos.com.br\/blog\/prova-anatel-tecnico-administrativo-arm-e-arquivologia\/","name":"Prova ANATEL - T\u00e9cnico Administrativo ARM e Arquivologia","isPartOf":{"@id":"https:\/\/www.estrategiaconcursos.com.br\/blog\/#website"},"datePublished":"2014-09-17T12:31:00+00:00","dateModified":"2015-01-05T17:44:16+00:00","breadcrumb":{"@id":"https:\/\/www.estrategiaconcursos.com.br\/blog\/prova-anatel-tecnico-administrativo-arm-e-arquivologia\/#breadcrumb"},"inLanguage":"pt-BR","potentialAction":[{"@type":"ReadAction","target":["https:\/\/www.estrategiaconcursos.com.br\/blog\/prova-anatel-tecnico-administrativo-arm-e-arquivologia\/"]}]},{"@type":"BreadcrumbList","@id":"https:\/\/www.estrategiaconcursos.com.br\/blog\/prova-anatel-tecnico-administrativo-arm-e-arquivologia\/#breadcrumb","itemListElement":[{"@type":"ListItem","position":1,"name":"In\u00edcio","item":"https:\/\/www.estrategiaconcursos.com.br\/blog\/"},{"@type":"ListItem","position":2,"name":"Prova ANATEL &#8211; T\u00e9cnico Administrativo ARM e Arquivologia"}]},{"@type":"WebSite","@id":"https:\/\/www.estrategiaconcursos.com.br\/blog\/#website","url":"https:\/\/www.estrategiaconcursos.com.br\/blog\/","name":"Estrat\u00e9gia Concursos","description":"O blog da Estrat\u00e9gia Concursos traz not\u00edcias sobre concursos e artigos de professores oferecendo cursos para concursos (pdf + videaulas) no site.","publisher":{"@id":"https:\/\/www.estrategiaconcursos.com.br\/blog\/#organization"},"potentialAction":[{"@type":"SearchAction","target":{"@type":"EntryPoint","urlTemplate":"https:\/\/www.estrategiaconcursos.com.br\/blog\/?s={search_term_string}"},"query-input":{"@type":"PropertyValueSpecification","valueRequired":true,"valueName":"search_term_string"}}],"inLanguage":"pt-BR"},{"@type":"Organization","@id":"https:\/\/www.estrategiaconcursos.com.br\/blog\/#organization","name":"Estrat\u00e9gia Concursos","url":"https:\/\/www.estrategiaconcursos.com.br\/blog\/","logo":{"@type":"ImageObject","inLanguage":"pt-BR","@id":"https:\/\/www.estrategiaconcursos.com.br\/blog\/#\/schema\/logo\/image\/","url":"https:\/\/dhg1h5j42swfq.cloudfront.net\/2025\/06\/03203428\/logo_concursos-1.jpg","contentUrl":"https:\/\/dhg1h5j42swfq.cloudfront.net\/2025\/06\/03203428\/logo_concursos-1.jpg","width":230,"height":60,"caption":"Estrat\u00e9gia Concursos"},"image":{"@id":"https:\/\/www.estrategiaconcursos.com.br\/blog\/#\/schema\/logo\/image\/"},"sameAs":["https:\/\/x.com\/EstratConcursos"]},{"@type":"Person","@id":"https:\/\/www.estrategiaconcursos.com.br\/blog\/#\/schema\/person\/1dca5c4c8e88e15778ef9a9da52226b3","name":"Felipe Petrachini","image":{"@type":"ImageObject","inLanguage":"pt-BR","@id":"https:\/\/secure.gravatar.com\/avatar\/5885210e98adbb37d5de4d90cc8c8351476bd568fb251b2d8d5addd9e221fb19?s=96&d=mm&r=g","url":"https:\/\/secure.gravatar.com\/avatar\/5885210e98adbb37d5de4d90cc8c8351476bd568fb251b2d8d5addd9e221fb19?s=96&d=mm&r=g","contentUrl":"https:\/\/secure.gravatar.com\/avatar\/5885210e98adbb37d5de4d90cc8c8351476bd568fb251b2d8d5addd9e221fb19?s=96&d=mm&r=g","caption":"Felipe Petrachini"},"url":"https:\/\/www.estrategiaconcursos.com.br\/blog\/author\/felipepetrachiniestrategiaconcursos-com-br\/"}]}},"_links":{"self":[{"href":"https:\/\/www.estrategiaconcursos.com.br\/blog\/wp-json\/wp\/v2\/posts\/18034","targetHints":{"allow":["GET"]}}],"collection":[{"href":"https:\/\/www.estrategiaconcursos.com.br\/blog\/wp-json\/wp\/v2\/posts"}],"about":[{"href":"https:\/\/www.estrategiaconcursos.com.br\/blog\/wp-json\/wp\/v2\/types\/post"}],"author":[{"embeddable":true,"href":"https:\/\/www.estrategiaconcursos.com.br\/blog\/wp-json\/wp\/v2\/users\/98"}],"replies":[{"embeddable":true,"href":"https:\/\/www.estrategiaconcursos.com.br\/blog\/wp-json\/wp\/v2\/comments?post=18034"}],"version-history":[{"count":1,"href":"https:\/\/www.estrategiaconcursos.com.br\/blog\/wp-json\/wp\/v2\/posts\/18034\/revisions"}],"predecessor-version":[{"id":18131,"href":"https:\/\/www.estrategiaconcursos.com.br\/blog\/wp-json\/wp\/v2\/posts\/18034\/revisions\/18131"}],"wp:attachment":[{"href":"https:\/\/www.estrategiaconcursos.com.br\/blog\/wp-json\/wp\/v2\/media?parent=18034"}],"wp:term":[{"taxonomy":"category","embeddable":true,"href":"https:\/\/www.estrategiaconcursos.com.br\/blog\/wp-json\/wp\/v2\/categories?post=18034"},{"taxonomy":"post_tag","embeddable":true,"href":"https:\/\/www.estrategiaconcursos.com.br\/blog\/wp-json\/wp\/v2\/tags?post=18034"},{"taxonomy":"tax_estado","embeddable":true,"href":"https:\/\/www.estrategiaconcursos.com.br\/blog\/wp-json\/wp\/v2\/tax_estado?post=18034"}],"curies":[{"name":"wp","href":"https:\/\/api.w.org\/{rel}","templated":true}]}}