{"id":18027,"date":"2014-09-15T08:40:14","date_gmt":"2014-09-15T11:40:14","guid":{"rendered":"https:\/\/www.estrategiaconcursos.com.br\/blog\/?p=18027"},"modified":"2015-01-05T14:49:13","modified_gmt":"2015-01-05T17:49:13","slug":"festas-de-final-de-ano-espanhol-para-mdic-abin-e-rfb-traducao-livre-252014","status":"publish","type":"post","link":"https:\/\/www.estrategiaconcursos.com.br\/blog\/festas-de-final-de-ano-espanhol-para-mdic-abin-e-rfb-traducao-livre-252014\/","title":{"rendered":"Festas de final de ano + Espanhol para MDIC, ABIN e RFB + tradu\u00e7\u00e3o livre 25\/2014"},"content":{"rendered":"<p><span style=\"color: #0000ff\">Ol\u00e1 a todos!<\/span><\/p>\n<p><span style=\"color: #0000ff\">O final do ano est\u00e1 chegando e aqueles que pretendem deixar um espa\u00e7o na sua agenda de estudos para passar as festas com sua fam\u00edlia e amigos precisam se programar agora. Dessa forma, informo que as aulas dos Cursos de Espanhol para o MDIC, a ABIN e a RFB estar\u00e3o todas finalizadas antes das festas.<\/span><\/p>\n<p><span style=\"text-decoration: underline\"><a href=\"https:\/\/www.estrategiaconcursos.com.br\/cursosPorProfessor\/adinoel-sebastiao-3238\/\"><span style=\"color: #0000ff;text-decoration: underline\">Clique aqui para conferir o cronograma das aulas nas &#8220;aulas demonstrativas&#8221; dos cursos citados.<\/span><\/a><\/span><\/p>\n<p><span style=\"color: #0000ff\">Boa semana de estudos.<\/span><\/p>\n<p><span style=\"color: #0000ff\">Professor Adino\u00e9l Sebasti\u00e3o<\/span><br \/>\n&#8212;&#8212;&#8212;&#8211;<br \/>\n<strong>TEXTO<\/strong><br \/>\n<strong> Falc\u00f3n: Estamos EN una crisis econ\u00f3mica terrible CON un pa\u00eds improductivo<\/strong><br \/>\nEl gobernador DE Lara, Henri Falc\u00f3n, desestim\u00f3 la implementaci\u00f3n DE la tarjeta DE &#8220;Abastecimiento Seguro&#8221; del Gobierno, Y calific\u00f3 la acci\u00f3n POR parte del Ejecutivo COMO un irrespeto A la producci\u00f3n nacional, evidenciando adem\u00e1s QUE &#8220;estamos EN una situaci\u00f3n DE crisis econ\u00f3mica terrible CON un pa\u00eds improductivo&#8221; producto DE las pol\u00edticas err\u00e1ticas del Ejecutivo Nacional&#8221;.<br \/>\nAsegur\u00f3 el gobernador, QUE &#8220;los radicalismos no ofrecen resultados A ning\u00fan gobierno Y EN ese aspecto record\u00f3 QUE la pol\u00edtica DE expropiaci\u00f3n, confiscaci\u00f3n Y persecuci\u00f3n A la iniciativa privada, implementada hace a\u00f1os atr\u00e1s, condujo al pa\u00eds al estado QUE vive actualmente Venezuela&#8221;.<br \/>\nEN la reflexi\u00f3n cit\u00f3 QUE el pa\u00eds depende casi totalmente DE las importaciones, mantiene paralizada la actividad econ\u00f3mica, padece serios desequilibrios sociales ENTRE ellos el problema DE la violencia Y la inseguridad, no hay empleos, no hay atractivos, no hay confianza Y lo QUE hay es incertidumbre, lo cual conlleva A QUE nadie quiera venir A invertir EN nuestro pa\u00eds, acot\u00f3.<br \/>\nHizo alusi\u00f3n A QUE el consumidor actualmente al llegar A una farmacia solo puede comprar dos prestobarbas Y no las QUE quiera, al ir A un supermercado tienes derecho A adquirir un solo pote DE leche, lo cual ocurre EN pa\u00edses QUE &#8220;no producen Y EN Venezuela no se est\u00e1 produciendo&#8221;. Agreg\u00f3 QUE no se puede producir EN un pa\u00eds DONDE no hay incentivos al productor PARA la producci\u00f3n nacional Y lo hecho EN Venezuela. Todo lo contrario se le persigue, se le agobia, las reglas no son claras YA QUE continuamente est\u00e1n inventando nuevas leyes, apunt\u00f3.<br \/>\nPlante\u00f3 QUE la situaci\u00f3n reinante genera frustraciones Y DE all\u00ed QUE las manifestaciones DE calle encabezadas POR el movimiento estudiantil &#8220;tienen toda raz\u00f3n Y legitimidad YA QUE muchos DE esos j\u00f3venes se sienten frustrados antes DE graduarse EN las universidades PORQUE saben QUE no hay empleo, no tienen posibilidad DE tener acceso A una vivienda O un veh\u00edculo ENTRE otras necesidades prioritarias.<br \/>\nExplic\u00f3 QUE EN Venezuela hay atraso permanente MIENTRAS QUE EN otros pa\u00edses CON el modelo progresista DE Chile Y Brasil hay avance econ\u00f3mico, al igual QUE EN otros pa\u00edses COMO Ecuador Y Nicaragua, as\u00ed COMO la propia Bolivia QUE tiene acuerdos CON Estados Unidos.<br \/>\n&#8220;Nosotros aplaudimos Y vimos CON benepl\u00e1cito la reuni\u00f3n QUE sostuvo el gobierno nacional CON el sector empresarial, PERO definitivamente hay QUE actuar Y concretar acciones, PORQUE SI no el pa\u00eds se nos puede ir DE las manos, se puede ir al abismo Y advirti\u00f3 &#8220;puede ser peor el remedio QUE la enfermedad&#8221;.<br \/>\nPARA el gobernador Falc\u00f3n &#8220;todo esto hay QUE verlo CON mucho cuidado YA QUE algunas veces se le generan expectativas A mucha gente Y terminan defraudados Y desmotivados&#8221;, apunt\u00f3.<br \/>\nInsisti\u00f3, QUE PARA instaurar la mesa DE di\u00e1logo, tal COMO se\u00f1ala la MUD, hay QUE establecer ciertas condiciones COMO abordar la impunidad QUE tanto da\u00f1o le hace A la administraci\u00f3n DE justicia Y A la poblaci\u00f3n, la situaci\u00f3n DE grupos armados supuestamente conformados POR las propias estructuras del partido DE gobierno, motorizados armados amparados POR la Guardia Nacional Bolivariana Y la Polic\u00eda Nacional arremetiendo DE manera violenta CONTRA la poblaci\u00f3n desarmada Y CONTRA los estudiantes.<br \/>\nHabl\u00f3 DE la liberaci\u00f3n DE detenidos SIN justificaci\u00f3n alguna, as\u00ed COMO tambi\u00e9n aplicar medida humanitaria A Iv\u00e1n Simonovis, ENTRE otros.<br \/>\nOtra materia PARA dialogar es la reintitucionalizaci\u00f3n del pa\u00eds Y darle verdadera autonom\u00eda e independencia A las instituciones supuestamente aut\u00f3nomas, ENTRE ellas el Poder Judicial Y la Defensor\u00eda del Pueblo.<br \/>\nInsisti\u00f3 QUE el di\u00e1logo debe ser sincero, abierto, inclusivo Y el di\u00e1logo EN funci\u00f3n del pa\u00eds, no EN funci\u00f3n DE un partido O DE un dirigente DE partido YA QUE &#8220;nosotros creemos QUE es mejor dialogar A tiempo A tener QUE hacerlo BAJO unas condiciones DE crisis m\u00e1s agudas O A un costo social terrible&#8221;, asegur\u00f3.<br \/>\nEl mandatario regional coincide CON Henrique Capriles EN la necesidad DE hablarle claro al pa\u00eds Y m\u00e1s adelante agreg\u00f3 QUE los \u00fanicos mecanismos PARA salir DE los gobiernos electos EN elecciones son los mecanismos QUE establecen la Constituci\u00f3n Y las leyes.<br \/>\nFonte: http:\/\/www.eluniversal.com\/nacional-y-politica\/140317\/falcon-estamos-en-una-crisis-economica-terrible-com-un-pais-improducti<\/p>\n<p><strong>TEXTO<\/strong><br \/>\n<strong> Falc\u00f3n: Estamos EN una crisis econ\u00f3mica terrible CON un pa\u00eds improductivo<\/strong><br \/>\n<span style=\"color: #3366ff\"><strong> Falc\u00f3n: Estamos em uma crise econ\u00f4mica terr\u00edvel com um pa\u00eds improdutivo<\/strong><\/span><\/p>\n<p>El gobernador DE Lara, Henri Falc\u00f3n, desestim\u00f3 la implementaci\u00f3n DE la tarjeta DE &#8220;Abastecimiento Seguro&#8221; del Gobierno, Y calific\u00f3 la acci\u00f3n POR parte del Ejecutivo COMO un irrespeto A la producci\u00f3n nacional, evidenciando adem\u00e1s QUE &#8220;estamos EN una situaci\u00f3n DE crisis econ\u00f3mica terrible CON un pa\u00eds improductivo&#8221; producto DE las pol\u00edticas err\u00e1ticas del Ejecutivo Nacional&#8221;.<br \/>\n<span style=\"color: #3366ff\">O governador de Lara, Henri Falc\u00f3n, desestimou (depreciou) a implementa\u00e7\u00e3o da faixa de \u201cAbastecimento Seguro\u201d do Governo, e qualificou a a\u00e7\u00e3o por parte do Executivo como um desrespeito \u00e0 produ\u00e7\u00e3o nacional, evidenciando al\u00e9m disso \u201cestamos em uma situa\u00e7\u00e3o de crise econ\u00f4mica terr\u00edvel com um pa\u00eds improdutivo\u201d produto das pol\u00edticas err\u00e1ticas do Executivo Nacional\u201d.<\/span><\/p>\n<p>Asegur\u00f3 el gobernador, QUE &#8220;los radicalismos no ofrecen resultados A ning\u00fan gobierno Y EN ese aspecto record\u00f3 QUE la pol\u00edtica DE expropiaci\u00f3n, confiscaci\u00f3n Y persecuci\u00f3n A la iniciativa privada, implementada hace a\u00f1os atr\u00e1s, condujo al pa\u00eds al estado QUE vive actualmente Venezuela&#8221;.<br \/>\n<span style=\"color: #3366ff\">Assegurou o governador, que \u201cos radicalismos n\u00e3o oferecem resultados a nenhum governo e nesse aspecto recordou que a pol\u00edtica de expropria\u00e7\u00e3o, confisco e persecu\u00e7\u00e3o \u00e0 iniciativa privada, implementada anos atr\u00e1s, conduz o pa\u00eds ao estado que vive atualmente a Venezuela\u201d.<\/span><\/p>\n<p>EN la reflexi\u00f3n cit\u00f3 QUE el pa\u00eds depende casi totalmente DE las importaciones, mantiene paralizada la actividad econ\u00f3mica, padece serios desequilibrios sociales ENTRE ellos el problema DE la violencia Y la inseguridad, no hay empleos, no hay atractivos, no hay confianza Y lo QUE hay es incertidumbre, lo cual conlleva A QUE nadie quiera venir A invertir EN nuestro pa\u00eds, acot\u00f3.<br \/>\n<span style=\"color: #3366ff\">Na reflex\u00e3o citou que o pa\u00eds depende quase totalmente das importa\u00e7\u00f5es, mant\u00e9m paralisada a atividade econ\u00f4mica, padece de s\u00e9rios desequil\u00edbrios sociais entre eles o problema da viol\u00eancia e a inseguran\u00e7a, n\u00e3o h\u00e1 empregos, n\u00e3o atrativos, n\u00e3o h\u00e1 confian\u00e7a e o que h\u00e1 \u00e9 incerteza, a qual leva a que ningu\u00e9m queira vir a investir em nosso pa\u00eds, delimitou.<\/span><\/p>\n<p>Hizo alusi\u00f3n A QUE el consumidor actualmente al llegar A una farmacia solo puede comprar dos prestobarbas Y no las QUE quiera, al ir A un supermercado tienes derecho A adquirir un solo pote DE leche, lo cual ocurre EN pa\u00edses QUE &#8220;no producen Y EN Venezuela no se est\u00e1 produciendo&#8221;. Agreg\u00f3 QUE no se puede producir EN un pa\u00eds DONDE no hay incentivos al productor PARA la producci\u00f3n nacional Y lo hecho EN Venezuela. Todo lo contrario se le persigue, se le agobia, las reglas no son claras YA QUE continuamente est\u00e1n inventando nuevas leyes, apunt\u00f3.<br \/>\n<span style=\"color: #3366ff\">Fez alus\u00e3o a que o consumidor atualmente ao chegar a uma farm\u00e1cia somente pode comprar dois prestobarbas e n\u00e3o aos que queira*, ao ir a um supermercado tem direito a adquirir somente um pacote de leite, o qual ocorre em pa\u00edses que \u201cn\u00e3o produzem e na Venezuela n\u00e3o se est\u00e1 produzindo\u201d. Acrescentou que n\u00e3o se pode produzir em um pa\u00eds onde n\u00e3o h\u00e1 incentivos ao produtor para a produ\u00e7\u00e3o nacional e o \u201cfeito\u201d na Venezuela. Todo o contr\u00e1rio \u00e9 perseguido, \u00e9 oprimido, as regras n\u00e3o s\u00e3o claras j\u00e1 que continuamente est\u00e3o inventando novas leis, apontou.<\/span><br \/>\n<span style=\"color: #3366ff\"> *o consumidor somente pode comprar 2 aparelhos de barbear e n\u00e3o a quantidade que queira (quatro, cinco, etc).<\/span><\/p>\n<p>Plante\u00f3 QUE la situaci\u00f3n reinante genera frustraciones Y DE all\u00ed QUE las manifestaciones DE calle encabezadas POR el movimiento estudiantil &#8220;tienen toda raz\u00f3n Y legitimidad YA QUE muchos DE esos j\u00f3venes se sienten frustrados antes DE graduarse EN las universidades PORQUE saben QUE no hay empleo, no tienen posibilidad DE tener acceso A una vivienda O un veh\u00edculo ENTRE otras necesidades prioritarias.<br \/>\n<span style=\"color: #3366ff\">Explicou que a situa\u00e7\u00e3o reinante gera frusta\u00e7\u00f5es e desse modo as manifesta\u00e7\u00f5es das ruas encabe\u00e7adas pelo movimento estudantil \u201ct\u00eam toda raz\u00e3o e legitimidade j\u00e1 que muitos desses jovens sentem-se frustados antes de graduar-se nas universidades porque sabem que n\u00e3o h\u00e1 emprego, n\u00e3o t\u00eam possibilidade de ter acesso a uma habita\u00e7\u00e3o ou um ve\u00edculo entre outras necessidades priorit\u00e1rias.<\/span><\/p>\n<p>Explic\u00f3 QUE EN Venezuela hay atraso permanente MIENTRAS QUE EN otros pa\u00edses CON el modelo progresista DE Chile Y Brasil hay avance econ\u00f3mico, al igual QUE EN otros pa\u00edses COMO Ecuador Y Nicaragua, as\u00ed COMO la propia Bolivia QUE tiene acuerdos CON Estados Unidos.<br \/>\n<span style=\"color: #3366ff\">Explicou que na Venezuela h\u00e1 atraso permanente enquanto que em outros pa\u00edses com modelo progressitas do Chile e do Brasil h\u00e1 avan\u00e7o econ\u00f4mico, igual que em outros pa\u00edses como Equador e Nicar\u00e1gua, assim como a pr\u00f3pria Bol\u00edvia que tem acordos com os Estados Unidos.<\/span><\/p>\n<p>&#8220;Nosotros aplaudimos Y vimos CON benepl\u00e1cito la reuni\u00f3n QUE sostuvo el gobierno nacional CON el sector empresarial, PERO definitivamente hay QUE actuar Y concretar acciones, PORQUE SI no el pa\u00eds se nos puede ir DE las manos, se puede ir al abismo Y advirti\u00f3 &#8220;puede ser peor el remedio QUE la enfermedad&#8221;.<br \/>\n<span style=\"color: #3366ff\">\u201cN\u00f3s aplaudimos e vemos com aprova\u00e7\u00e3o a reuni\u00e3o que sustentou o governo nacional com o setor empresarial, por\u00e9m definitivamente h\u00e1 que atuar e concretizar as a\u00e7\u00f5es, porque sen\u00e3o o pa\u00eds n\u00e3o se pode dar as m\u00e3os, pode-se ir ao abismo, pode ser pior o rem\u00e9dio que a doen\u00e7a\u201d, advertiu.<\/span><\/p>\n<p>PARA el gobernador Falc\u00f3n &#8220;todo esto hay QUE verlo CON mucho cuidado YA QUE algunas veces se le generan expectativas A mucha gente Y terminan defraudados Y desmotivados&#8221;, apunt\u00f3.<br \/>\n<span style=\"color: #3366ff\">Para o governador Falc\u00f3n \u201ctodo isso h\u00e1 que se ver com muito cuidado j\u00e1 que algumas vezes geram expectativas a muita gente e terminam defraudados e desmotivados\u201d, apontou.<\/span><\/p>\n<p>Insisti\u00f3, QUE PARA instaurar la mesa DE di\u00e1logo, tal COMO se\u00f1ala la MUD, hay QUE establecer ciertas condiciones COMO abordar la impunidad QUE tanto da\u00f1o le hace A la administraci\u00f3n DE justicia Y A la poblaci\u00f3n, la situaci\u00f3n DE grupos armados supuestamente conformados POR las propias estructuras del partido DE gobierno, motorizados armados amparados POR la Guardia Nacional Bolivariana Y la Polic\u00eda Nacional arremetiendo DE manera violenta CONTRA la poblaci\u00f3n desarmada Y CONTRA los estudiantes.<br \/>\n<span style=\"color: #3366ff\">Insistiu, que para instaurar a mesa de di\u00e1logo, tal como assinala a MUD, h\u00e1 que estabelecer certas condi\u00e7\u00f5es como abordar a impunidade que tanto dano faz para a administra\u00e7\u00e3o de Justi\u00e7a e a popula\u00e7\u00e3o, a situa\u00e7\u00e3o de grupos armados supostamente conformados pelas pr\u00f3prias estruturas do partido de governo, motorizados armados amparados pela Guarda Nacional Bolivariana e pela Policia Nacional arremetendo de maneira violenta contra a popula\u00e7\u00e3o desarmada e contra os estudante.<\/span><\/p>\n<p>Habl\u00f3 DE la liberaci\u00f3n DE detenidos SIN justificaci\u00f3n alguna, as\u00ed COMO tambi\u00e9n aplicar medida humanitaria A Iv\u00e1n Simonovis, ENTRE otros.<br \/>\n<span style=\"color: #3366ff\">Falou da libera\u00e7\u00e3o de detidos sem justificativa alguma, assim como tamb\u00e9m aplicar medidas humanit\u00e1ria a Iv\u00e1n Simonovis, entre outros.<\/span><\/p>\n<p>Otra materia PARA dialogar es la reintitucionalizaci\u00f3n del pa\u00eds Y darle verdadera autonom\u00eda e independencia A las instituciones supuestamente aut\u00f3nomas, ENTRE ellas el Poder Judicial Y la Defensor\u00eda del Pueblo.<br \/>\n<span style=\"color: #3366ff\">Outra maneira para dialogar \u00e9 a reinstitucionaliza\u00e7\u00e3o do pa\u00eds e dar verdadeira autonomia e independ\u00eancia \u00e0s institui\u00e7\u00f5es supostamente aut\u00f4nomas, entre elas o Poder Judici\u00e1rio e a Defensoria do Povo.<\/span><\/p>\n<p>Insisti\u00f3 QUE el di\u00e1logo debe ser sincero, abierto, inclusivo Y el di\u00e1logo EN funci\u00f3n del pa\u00eds, no EN funci\u00f3n DE un partido O DE un dirigente DE partido YA QUE &#8220;nosotros creemos QUE es mejor dialogar A tiempo A tener QUE hacerlo BAJO unas condiciones DE crisis m\u00e1s agudas O A un costo social terrible&#8221;, asegur\u00f3.<br \/>\n<span style=\"color: #3366ff\">Insistiu que o di\u00e1logo deve ser sincero, aberto, inclusive e o di\u00e1logo em fun\u00e7\u00e3o do pa\u00eds, n\u00e3o em fun\u00e7\u00e3o de um partido ou de um dirigente de partido j\u00e1 que \u201cn\u00f3s cremos que \u00e9 melhor dialogar a tempo a ter que faz\u00ea-lo debaixo de condi\u00e7\u00f5es de crise mais aguda ou a um custo social terr\u00edvel\u201d, assegurou.<\/span><\/p>\n<p>El mandatario regional coincide CON Henrique Capriles EN la necesidad DE hablarle claro al pa\u00eds Y m\u00e1s adelante agreg\u00f3 QUE los \u00fanicos mecanismos PARA salir DE los gobiernos electos EN elecciones son los mecanismos QUE establecen la Constituci\u00f3n Y las leyes.<br \/>\n<span style=\"color: #3366ff\">O mandat\u00e1rio regional coincide com Henrique Capriles na necessidade de se falar claro ao pa\u00eds e mais adiante acrescentou que os \u00fanicos mecanismos para sair dos governos eleitos nas elei\u00e7\u00f5es s\u00e3o os mecanismos que estabelecem a Constitui\u00e7\u00e3o e as leis.<\/span><\/p>\n<p>Fonte: http:\/\/www.eluniversal.com\/nacional-y-politica\/140317\/falcon-estamos-en-una-crisis-economica-terrible-com-un-pais-improducti<\/p>\n","protected":false},"excerpt":{"rendered":"<p>Ol\u00e1 a todos! O final do ano est\u00e1 chegando e aqueles que pretendem deixar um espa\u00e7o na sua agenda de estudos para passar as festas com sua fam\u00edlia e amigos precisam se programar agora. Dessa forma, informo que as aulas dos Cursos de Espanhol para o MDIC, a ABIN e a RFB estar\u00e3o todas finalizadas [&hellip;]<\/p>\n","protected":false},"author":121,"featured_media":0,"comment_status":"open","ping_status":"open","sticky":false,"template":"","format":"standard","meta":{"post_tipo":"article","footnotes":""},"categories":[1],"tags":[499,484],"tax_estado":[],"class_list":["post-18027","post","type-post","status-publish","format-standard","hentry","category-cursos-e-concursos","tag-espanhol","tag-receita-federal"],"acf":[],"yoast_head":"<!-- This site is optimized with the Yoast SEO Premium plugin v27.2 (Yoast SEO v27.2) - https:\/\/yoast.com\/product\/yoast-seo-premium-wordpress\/ -->\n<title>Festas de final de ano + Espanhol para MDIC, ABIN e RFB + tradu\u00e7\u00e3o livre 25\/2014<\/title>\n<meta name=\"robots\" content=\"index, follow, max-snippet:-1, max-image-preview:large, max-video-preview:-1\" \/>\n<link rel=\"canonical\" href=\"https:\/\/www.estrategiaconcursos.com.br\/blog\/festas-de-final-de-ano-espanhol-para-mdic-abin-e-rfb-traducao-livre-252014\/\" \/>\n<meta property=\"og:locale\" content=\"pt_BR\" \/>\n<meta property=\"og:type\" content=\"article\" \/>\n<meta property=\"og:title\" content=\"Festas de final de ano + Espanhol para MDIC, ABIN e RFB + tradu\u00e7\u00e3o livre 25\/2014\" \/>\n<meta property=\"og:description\" content=\"Ol\u00e1 a todos! O final do ano est\u00e1 chegando e aqueles que pretendem deixar um espa\u00e7o na sua agenda de estudos para passar as festas com sua fam\u00edlia e amigos precisam se programar agora. Dessa forma, informo que as aulas dos Cursos de Espanhol para o MDIC, a ABIN e a RFB estar\u00e3o todas finalizadas [&hellip;]\" \/>\n<meta property=\"og:url\" content=\"https:\/\/www.estrategiaconcursos.com.br\/blog\/festas-de-final-de-ano-espanhol-para-mdic-abin-e-rfb-traducao-livre-252014\/\" \/>\n<meta property=\"og:site_name\" content=\"Estrat\u00e9gia Concursos\" \/>\n<meta property=\"article:published_time\" content=\"2014-09-15T11:40:14+00:00\" \/>\n<meta property=\"article:modified_time\" content=\"2015-01-05T17:49:13+00:00\" \/>\n<meta name=\"author\" content=\"Adino\u00e9l Sebasti\u00e3o\" \/>\n<meta name=\"twitter:card\" content=\"summary_large_image\" \/>\n<meta name=\"twitter:creator\" content=\"@EstratConcursos\" \/>\n<meta name=\"twitter:site\" content=\"@EstratConcursos\" \/>\n<meta name=\"twitter:label1\" content=\"Escrito por\" \/>\n\t<meta name=\"twitter:data1\" content=\"Adino\u00e9l Sebasti\u00e3o\" \/>\n\t<meta name=\"twitter:label2\" content=\"Est. tempo de leitura\" \/>\n\t<meta name=\"twitter:data2\" content=\"12 minutos\" \/>\n<script type=\"application\/ld+json\" class=\"yoast-schema-graph\">{\"@context\":\"https:\/\/schema.org\",\"@graph\":[{\"@type\":\"NewsArticle\",\"@id\":\"https:\/\/www.estrategiaconcursos.com.br\/blog\/festas-de-final-de-ano-espanhol-para-mdic-abin-e-rfb-traducao-livre-252014\/#article\",\"isPartOf\":{\"@id\":\"https:\/\/www.estrategiaconcursos.com.br\/blog\/festas-de-final-de-ano-espanhol-para-mdic-abin-e-rfb-traducao-livre-252014\/\"},\"author\":{\"name\":\"Adino\u00e9l Sebasti\u00e3o\",\"@id\":\"https:\/\/www.estrategiaconcursos.com.br\/blog\/#\/schema\/person\/e6feecd7273067598aae46392fc9f322\"},\"headline\":\"Festas de final de ano + Espanhol para MDIC, ABIN e RFB + tradu\u00e7\u00e3o livre 25\/2014\",\"datePublished\":\"2014-09-15T11:40:14+00:00\",\"dateModified\":\"2015-01-05T17:49:13+00:00\",\"mainEntityOfPage\":{\"@id\":\"https:\/\/www.estrategiaconcursos.com.br\/blog\/festas-de-final-de-ano-espanhol-para-mdic-abin-e-rfb-traducao-livre-252014\/\"},\"wordCount\":2374,\"commentCount\":0,\"publisher\":{\"@id\":\"https:\/\/www.estrategiaconcursos.com.br\/blog\/#organization\"},\"keywords\":[\"Espanhol\",\"Receita Federal\"],\"articleSection\":[\"Concursos P\u00fablicos\"],\"inLanguage\":\"pt-BR\",\"potentialAction\":[{\"@type\":\"CommentAction\",\"name\":\"Comment\",\"target\":[\"https:\/\/www.estrategiaconcursos.com.br\/blog\/festas-de-final-de-ano-espanhol-para-mdic-abin-e-rfb-traducao-livre-252014\/#respond\"]}],\"copyrightYear\":\"2014\",\"copyrightHolder\":{\"@id\":\"https:\/\/www.estrategiaconcursos.com.br\/blog\/#organization\"}},{\"@type\":\"WebPage\",\"@id\":\"https:\/\/www.estrategiaconcursos.com.br\/blog\/festas-de-final-de-ano-espanhol-para-mdic-abin-e-rfb-traducao-livre-252014\/\",\"url\":\"https:\/\/www.estrategiaconcursos.com.br\/blog\/festas-de-final-de-ano-espanhol-para-mdic-abin-e-rfb-traducao-livre-252014\/\",\"name\":\"Festas de final de ano + Espanhol para MDIC, ABIN e RFB + tradu\u00e7\u00e3o livre 25\/2014\",\"isPartOf\":{\"@id\":\"https:\/\/www.estrategiaconcursos.com.br\/blog\/#website\"},\"datePublished\":\"2014-09-15T11:40:14+00:00\",\"dateModified\":\"2015-01-05T17:49:13+00:00\",\"breadcrumb\":{\"@id\":\"https:\/\/www.estrategiaconcursos.com.br\/blog\/festas-de-final-de-ano-espanhol-para-mdic-abin-e-rfb-traducao-livre-252014\/#breadcrumb\"},\"inLanguage\":\"pt-BR\",\"potentialAction\":[{\"@type\":\"ReadAction\",\"target\":[\"https:\/\/www.estrategiaconcursos.com.br\/blog\/festas-de-final-de-ano-espanhol-para-mdic-abin-e-rfb-traducao-livre-252014\/\"]}]},{\"@type\":\"BreadcrumbList\",\"@id\":\"https:\/\/www.estrategiaconcursos.com.br\/blog\/festas-de-final-de-ano-espanhol-para-mdic-abin-e-rfb-traducao-livre-252014\/#breadcrumb\",\"itemListElement\":[{\"@type\":\"ListItem\",\"position\":1,\"name\":\"In\u00edcio\",\"item\":\"https:\/\/www.estrategiaconcursos.com.br\/blog\/\"},{\"@type\":\"ListItem\",\"position\":2,\"name\":\"Festas de final de ano + Espanhol para MDIC, ABIN e RFB + tradu\u00e7\u00e3o livre 25\/2014\"}]},{\"@type\":\"WebSite\",\"@id\":\"https:\/\/www.estrategiaconcursos.com.br\/blog\/#website\",\"url\":\"https:\/\/www.estrategiaconcursos.com.br\/blog\/\",\"name\":\"Estrat\u00e9gia Concursos\",\"description\":\"O blog da Estrat\u00e9gia Concursos traz not\u00edcias sobre concursos e artigos de professores oferecendo cursos para concursos (pdf + videaulas) no site.\",\"publisher\":{\"@id\":\"https:\/\/www.estrategiaconcursos.com.br\/blog\/#organization\"},\"potentialAction\":[{\"@type\":\"SearchAction\",\"target\":{\"@type\":\"EntryPoint\",\"urlTemplate\":\"https:\/\/www.estrategiaconcursos.com.br\/blog\/?s={search_term_string}\"},\"query-input\":{\"@type\":\"PropertyValueSpecification\",\"valueRequired\":true,\"valueName\":\"search_term_string\"}}],\"inLanguage\":\"pt-BR\"},{\"@type\":\"Organization\",\"@id\":\"https:\/\/www.estrategiaconcursos.com.br\/blog\/#organization\",\"name\":\"Estrat\u00e9gia Concursos\",\"url\":\"https:\/\/www.estrategiaconcursos.com.br\/blog\/\",\"logo\":{\"@type\":\"ImageObject\",\"inLanguage\":\"pt-BR\",\"@id\":\"https:\/\/www.estrategiaconcursos.com.br\/blog\/#\/schema\/logo\/image\/\",\"url\":\"https:\/\/dhg1h5j42swfq.cloudfront.net\/2025\/06\/03203428\/logo_concursos-1.jpg\",\"contentUrl\":\"https:\/\/dhg1h5j42swfq.cloudfront.net\/2025\/06\/03203428\/logo_concursos-1.jpg\",\"width\":230,\"height\":60,\"caption\":\"Estrat\u00e9gia Concursos\"},\"image\":{\"@id\":\"https:\/\/www.estrategiaconcursos.com.br\/blog\/#\/schema\/logo\/image\/\"},\"sameAs\":[\"https:\/\/x.com\/EstratConcursos\"]},{\"@type\":\"Person\",\"@id\":\"https:\/\/www.estrategiaconcursos.com.br\/blog\/#\/schema\/person\/e6feecd7273067598aae46392fc9f322\",\"name\":\"Adino\u00e9l Sebasti\u00e3o\",\"image\":{\"@type\":\"ImageObject\",\"inLanguage\":\"pt-BR\",\"@id\":\"https:\/\/secure.gravatar.com\/avatar\/d076dd9a00cb1c92545aae4fae60d3013922a1a2e7e9599a079da4450204b8cd?s=96&d=mm&r=g\",\"url\":\"https:\/\/secure.gravatar.com\/avatar\/d076dd9a00cb1c92545aae4fae60d3013922a1a2e7e9599a079da4450204b8cd?s=96&d=mm&r=g\",\"contentUrl\":\"https:\/\/secure.gravatar.com\/avatar\/d076dd9a00cb1c92545aae4fae60d3013922a1a2e7e9599a079da4450204b8cd?s=96&d=mm&r=g\",\"caption\":\"Adino\u00e9l Sebasti\u00e3o\"},\"description\":\"Meu nome \u00e9 ADINO\u00c9L SEBASTI\u00c3O. Sou formado em Ci\u00eancias Cont\u00e1beis pela Funda\u00e7\u00e3o Faculdade de Ci\u00eancias Econ\u00f4micas de Apucarana-PR (FECEA). Sou Auditor-Fiscal do Trabalho (AFT). Estou lotado em Bras\u00edlia-DF na Secretaria de Inspe\u00e7\u00e3o do Trabalho em Bras\u00edlia-DF. Fui aprovado no concurso de AFT-2013. Esse concurso, segundo o CESPE, teve 48.035. Fui Analista Tribut\u00e1rio da Receita Federal (ATRFB) por mais de 22 anos (1991 a 2013). Sou autor do site \\\"www.adinoel.com\\\" e sou colaborador com tradu\u00e7\u00f5es livres de Ingl\u00eas e de Espanhol em alguns sites de concursos. J\u00e1 atuei como professor e tutor online da ESAF (aulas de inform\u00e1tica, palestras, funcionamento do CAC, etc). Elaborei\/elaboro aulas de Espanhol, Ingl\u00eas e Portugu\u00eas para concursos. Possuo v\u00e1rios cursos de forma\u00e7\u00e3o pessoal, entre eles destaco: curso de Espanhol no Instituto Cervantes da Espanha; curso de Ingl\u00eas nas escolas FISK; curso online \\\"Mejores Pr\u00e1cticas en la Administraci\u00f3n Tributaria, Ed. 9\\\", do Instituto de Estudios Fiscales e da Fundaci\u00f3n CEDDET da Espanha.\",\"url\":\"https:\/\/www.estrategiaconcursos.com.br\/blog\/author\/adinoel-sebastiaogmail-com\/\"}]}<\/script>\n<!-- \/ Yoast SEO Premium plugin. -->","yoast_head_json":{"title":"Festas de final de ano + Espanhol para MDIC, ABIN e RFB + tradu\u00e7\u00e3o livre 25\/2014","robots":{"index":"index","follow":"follow","max-snippet":"max-snippet:-1","max-image-preview":"max-image-preview:large","max-video-preview":"max-video-preview:-1"},"canonical":"https:\/\/www.estrategiaconcursos.com.br\/blog\/festas-de-final-de-ano-espanhol-para-mdic-abin-e-rfb-traducao-livre-252014\/","og_locale":"pt_BR","og_type":"article","og_title":"Festas de final de ano + Espanhol para MDIC, ABIN e RFB + tradu\u00e7\u00e3o livre 25\/2014","og_description":"Ol\u00e1 a todos! O final do ano est\u00e1 chegando e aqueles que pretendem deixar um espa\u00e7o na sua agenda de estudos para passar as festas com sua fam\u00edlia e amigos precisam se programar agora. Dessa forma, informo que as aulas dos Cursos de Espanhol para o MDIC, a ABIN e a RFB estar\u00e3o todas finalizadas [&hellip;]","og_url":"https:\/\/www.estrategiaconcursos.com.br\/blog\/festas-de-final-de-ano-espanhol-para-mdic-abin-e-rfb-traducao-livre-252014\/","og_site_name":"Estrat\u00e9gia Concursos","article_published_time":"2014-09-15T11:40:14+00:00","article_modified_time":"2015-01-05T17:49:13+00:00","author":"Adino\u00e9l Sebasti\u00e3o","twitter_card":"summary_large_image","twitter_creator":"@EstratConcursos","twitter_site":"@EstratConcursos","twitter_misc":{"Escrito por":"Adino\u00e9l Sebasti\u00e3o","Est. tempo de leitura":"12 minutos"},"schema":{"@context":"https:\/\/schema.org","@graph":[{"@type":"NewsArticle","@id":"https:\/\/www.estrategiaconcursos.com.br\/blog\/festas-de-final-de-ano-espanhol-para-mdic-abin-e-rfb-traducao-livre-252014\/#article","isPartOf":{"@id":"https:\/\/www.estrategiaconcursos.com.br\/blog\/festas-de-final-de-ano-espanhol-para-mdic-abin-e-rfb-traducao-livre-252014\/"},"author":{"name":"Adino\u00e9l Sebasti\u00e3o","@id":"https:\/\/www.estrategiaconcursos.com.br\/blog\/#\/schema\/person\/e6feecd7273067598aae46392fc9f322"},"headline":"Festas de final de ano + Espanhol para MDIC, ABIN e RFB + tradu\u00e7\u00e3o livre 25\/2014","datePublished":"2014-09-15T11:40:14+00:00","dateModified":"2015-01-05T17:49:13+00:00","mainEntityOfPage":{"@id":"https:\/\/www.estrategiaconcursos.com.br\/blog\/festas-de-final-de-ano-espanhol-para-mdic-abin-e-rfb-traducao-livre-252014\/"},"wordCount":2374,"commentCount":0,"publisher":{"@id":"https:\/\/www.estrategiaconcursos.com.br\/blog\/#organization"},"keywords":["Espanhol","Receita Federal"],"articleSection":["Concursos P\u00fablicos"],"inLanguage":"pt-BR","potentialAction":[{"@type":"CommentAction","name":"Comment","target":["https:\/\/www.estrategiaconcursos.com.br\/blog\/festas-de-final-de-ano-espanhol-para-mdic-abin-e-rfb-traducao-livre-252014\/#respond"]}],"copyrightYear":"2014","copyrightHolder":{"@id":"https:\/\/www.estrategiaconcursos.com.br\/blog\/#organization"}},{"@type":"WebPage","@id":"https:\/\/www.estrategiaconcursos.com.br\/blog\/festas-de-final-de-ano-espanhol-para-mdic-abin-e-rfb-traducao-livre-252014\/","url":"https:\/\/www.estrategiaconcursos.com.br\/blog\/festas-de-final-de-ano-espanhol-para-mdic-abin-e-rfb-traducao-livre-252014\/","name":"Festas de final de ano + Espanhol para MDIC, ABIN e RFB + tradu\u00e7\u00e3o livre 25\/2014","isPartOf":{"@id":"https:\/\/www.estrategiaconcursos.com.br\/blog\/#website"},"datePublished":"2014-09-15T11:40:14+00:00","dateModified":"2015-01-05T17:49:13+00:00","breadcrumb":{"@id":"https:\/\/www.estrategiaconcursos.com.br\/blog\/festas-de-final-de-ano-espanhol-para-mdic-abin-e-rfb-traducao-livre-252014\/#breadcrumb"},"inLanguage":"pt-BR","potentialAction":[{"@type":"ReadAction","target":["https:\/\/www.estrategiaconcursos.com.br\/blog\/festas-de-final-de-ano-espanhol-para-mdic-abin-e-rfb-traducao-livre-252014\/"]}]},{"@type":"BreadcrumbList","@id":"https:\/\/www.estrategiaconcursos.com.br\/blog\/festas-de-final-de-ano-espanhol-para-mdic-abin-e-rfb-traducao-livre-252014\/#breadcrumb","itemListElement":[{"@type":"ListItem","position":1,"name":"In\u00edcio","item":"https:\/\/www.estrategiaconcursos.com.br\/blog\/"},{"@type":"ListItem","position":2,"name":"Festas de final de ano + Espanhol para MDIC, ABIN e RFB + tradu\u00e7\u00e3o livre 25\/2014"}]},{"@type":"WebSite","@id":"https:\/\/www.estrategiaconcursos.com.br\/blog\/#website","url":"https:\/\/www.estrategiaconcursos.com.br\/blog\/","name":"Estrat\u00e9gia Concursos","description":"O blog da Estrat\u00e9gia Concursos traz not\u00edcias sobre concursos e artigos de professores oferecendo cursos para concursos (pdf + videaulas) no site.","publisher":{"@id":"https:\/\/www.estrategiaconcursos.com.br\/blog\/#organization"},"potentialAction":[{"@type":"SearchAction","target":{"@type":"EntryPoint","urlTemplate":"https:\/\/www.estrategiaconcursos.com.br\/blog\/?s={search_term_string}"},"query-input":{"@type":"PropertyValueSpecification","valueRequired":true,"valueName":"search_term_string"}}],"inLanguage":"pt-BR"},{"@type":"Organization","@id":"https:\/\/www.estrategiaconcursos.com.br\/blog\/#organization","name":"Estrat\u00e9gia Concursos","url":"https:\/\/www.estrategiaconcursos.com.br\/blog\/","logo":{"@type":"ImageObject","inLanguage":"pt-BR","@id":"https:\/\/www.estrategiaconcursos.com.br\/blog\/#\/schema\/logo\/image\/","url":"https:\/\/dhg1h5j42swfq.cloudfront.net\/2025\/06\/03203428\/logo_concursos-1.jpg","contentUrl":"https:\/\/dhg1h5j42swfq.cloudfront.net\/2025\/06\/03203428\/logo_concursos-1.jpg","width":230,"height":60,"caption":"Estrat\u00e9gia Concursos"},"image":{"@id":"https:\/\/www.estrategiaconcursos.com.br\/blog\/#\/schema\/logo\/image\/"},"sameAs":["https:\/\/x.com\/EstratConcursos"]},{"@type":"Person","@id":"https:\/\/www.estrategiaconcursos.com.br\/blog\/#\/schema\/person\/e6feecd7273067598aae46392fc9f322","name":"Adino\u00e9l Sebasti\u00e3o","image":{"@type":"ImageObject","inLanguage":"pt-BR","@id":"https:\/\/secure.gravatar.com\/avatar\/d076dd9a00cb1c92545aae4fae60d3013922a1a2e7e9599a079da4450204b8cd?s=96&d=mm&r=g","url":"https:\/\/secure.gravatar.com\/avatar\/d076dd9a00cb1c92545aae4fae60d3013922a1a2e7e9599a079da4450204b8cd?s=96&d=mm&r=g","contentUrl":"https:\/\/secure.gravatar.com\/avatar\/d076dd9a00cb1c92545aae4fae60d3013922a1a2e7e9599a079da4450204b8cd?s=96&d=mm&r=g","caption":"Adino\u00e9l Sebasti\u00e3o"},"description":"Meu nome \u00e9 ADINO\u00c9L SEBASTI\u00c3O. Sou formado em Ci\u00eancias Cont\u00e1beis pela Funda\u00e7\u00e3o Faculdade de Ci\u00eancias Econ\u00f4micas de Apucarana-PR (FECEA). Sou Auditor-Fiscal do Trabalho (AFT). Estou lotado em Bras\u00edlia-DF na Secretaria de Inspe\u00e7\u00e3o do Trabalho em Bras\u00edlia-DF. Fui aprovado no concurso de AFT-2013. Esse concurso, segundo o CESPE, teve 48.035. Fui Analista Tribut\u00e1rio da Receita Federal (ATRFB) por mais de 22 anos (1991 a 2013). Sou autor do site \"www.adinoel.com\" e sou colaborador com tradu\u00e7\u00f5es livres de Ingl\u00eas e de Espanhol em alguns sites de concursos. J\u00e1 atuei como professor e tutor online da ESAF (aulas de inform\u00e1tica, palestras, funcionamento do CAC, etc). Elaborei\/elaboro aulas de Espanhol, Ingl\u00eas e Portugu\u00eas para concursos. Possuo v\u00e1rios cursos de forma\u00e7\u00e3o pessoal, entre eles destaco: curso de Espanhol no Instituto Cervantes da Espanha; curso de Ingl\u00eas nas escolas FISK; curso online \"Mejores Pr\u00e1cticas en la Administraci\u00f3n Tributaria, Ed. 9\", do Instituto de Estudios Fiscales e da Fundaci\u00f3n CEDDET da Espanha.","url":"https:\/\/www.estrategiaconcursos.com.br\/blog\/author\/adinoel-sebastiaogmail-com\/"}]}},"_links":{"self":[{"href":"https:\/\/www.estrategiaconcursos.com.br\/blog\/wp-json\/wp\/v2\/posts\/18027","targetHints":{"allow":["GET"]}}],"collection":[{"href":"https:\/\/www.estrategiaconcursos.com.br\/blog\/wp-json\/wp\/v2\/posts"}],"about":[{"href":"https:\/\/www.estrategiaconcursos.com.br\/blog\/wp-json\/wp\/v2\/types\/post"}],"author":[{"embeddable":true,"href":"https:\/\/www.estrategiaconcursos.com.br\/blog\/wp-json\/wp\/v2\/users\/121"}],"replies":[{"embeddable":true,"href":"https:\/\/www.estrategiaconcursos.com.br\/blog\/wp-json\/wp\/v2\/comments?post=18027"}],"version-history":[{"count":3,"href":"https:\/\/www.estrategiaconcursos.com.br\/blog\/wp-json\/wp\/v2\/posts\/18027\/revisions"}],"predecessor-version":[{"id":18030,"href":"https:\/\/www.estrategiaconcursos.com.br\/blog\/wp-json\/wp\/v2\/posts\/18027\/revisions\/18030"}],"wp:attachment":[{"href":"https:\/\/www.estrategiaconcursos.com.br\/blog\/wp-json\/wp\/v2\/media?parent=18027"}],"wp:term":[{"taxonomy":"category","embeddable":true,"href":"https:\/\/www.estrategiaconcursos.com.br\/blog\/wp-json\/wp\/v2\/categories?post=18027"},{"taxonomy":"post_tag","embeddable":true,"href":"https:\/\/www.estrategiaconcursos.com.br\/blog\/wp-json\/wp\/v2\/tags?post=18027"},{"taxonomy":"tax_estado","embeddable":true,"href":"https:\/\/www.estrategiaconcursos.com.br\/blog\/wp-json\/wp\/v2\/tax_estado?post=18027"}],"curies":[{"name":"wp","href":"https:\/\/api.w.org\/{rel}","templated":true}]}}