{"id":17964,"date":"2014-09-12T11:30:30","date_gmt":"2014-09-12T14:30:30","guid":{"rendered":"https:\/\/www.estrategiaconcursos.com.br\/blog\/?p=17964"},"modified":"2015-01-05T16:22:54","modified_gmt":"2015-01-05T19:22:54","slug":"prova-de-analista-de-ti-trtrj-comentarios-e-recurso-3","status":"publish","type":"post","link":"https:\/\/www.estrategiaconcursos.com.br\/blog\/prova-de-analista-de-ti-trtrj-comentarios-e-recurso-3\/","title":{"rendered":"Prova de Analista de TI \u2013 TRT\/RJ \u2013 Coment\u00e1rios e Recurso"},"content":{"rendered":"<p>Galera,<\/p>\n<p>convenhamos: a FCC pegou leve demais! A prova foi muito tranquila e, da nossa parte da mat\u00e9ria, tivemos apenas 7 quest\u00f5es (34, 35, 36, 37, 51, 52, 53)! Infelizmente, n\u00e3o achei nenhuma oportunidade de recurso, vamos coment\u00e1-las?<\/p>\n<p>&nbsp;<\/p>\n<p><strong>34. (FCC \u2013 2014 \u2013 TRT\/1 \u2013 Analista de Sistemas) <\/strong>Diagramas de casos de uso constituem-se em um tipo de diagrama definido na UML. Segundo a UML 2.4.1, em um diagrama de casos de uso,<\/p>\n<p>a)\u00a0\u00a0\u00a0 um ator pode ser representado apenas pelo s\u00edmbolo do \u201cstick man\u201d.<\/p>\n<p>b)\u00a0\u00a0 s\u00f3 pode haver representado um \u00fanico ator.<\/p>\n<p>c)\u00a0\u00a0\u00a0 o n\u00famero de atores e de casos de uso sempre deve ser o mesmo.<\/p>\n<p>d)\u00a0\u00a0 s\u00f3 pode haver representado um \u00fanico caso de uso.<\/p>\n<p>e)\u00a0\u00a0\u00a0 um ator pode ser representado pelo \u201cstick man\u201d ou por um ret\u00e2ngulo com a express\u00e3o &lt;&lt;actor&gt;&gt;.<\/p>\n<p>&nbsp;<\/p>\n<p><strong>Coment\u00e1rios:<\/strong><\/p>\n<p>Um Diagrama de Casos de Uso pode ter diversos atores e diversos casos de uso,\u00a0\u00a0 inclusive pode ter mais de um ator por caso de uso! <em>E como representar um caso de uso?<\/em> Ora, atrav\u00e9s de um stickman ou atrav\u00e9s de estere\u00f3tipos, i.e., um ret\u00e2ngulo com o nome &lt;&lt;actor&gt;&gt;.<\/p>\n<p style=\"text-align: right\"><strong>Gabarito:<\/strong> E<\/p>\n<p>&nbsp;<\/p>\n<p><strong>35. (FCC \u2013 2014 \u2013 TRT\/1 \u2013 Analista de Sistemas) <\/strong>Segundo o RUP (Rational Unified Process) a:<\/p>\n<p>a)\u00a0\u00a0\u00a0 fase de constru\u00e7\u00e3o pode ser composta por diversas itera\u00e7\u00f5es.<\/p>\n<p>b)\u00a0\u00a0 fase de transi\u00e7\u00e3o abrange apenas uma \u00fanica itera\u00e7\u00e3o.<\/p>\n<p>c)\u00a0\u00a0\u00a0 disciplina de desenvolvimento tem atividade mais intensa na fase de concep\u00e7\u00e3o.<\/p>\n<p>d)\u00a0\u00a0 disciplina de requisitos tem atividade mais intensa na fase de constru\u00e7\u00e3o.<\/p>\n<p>e)\u00a0\u00a0\u00a0 fase de elabora\u00e7\u00e3o \u00e9 composta por, no m\u00ednimo, 3 itera\u00e7\u00f5es.<\/p>\n<p>&nbsp;<\/p>\n<p><strong>Coment\u00e1rios:<\/strong><\/p>\n<p>(a) Galera, qualquer fase pode ser composta por diversas itera\u00e7\u00f5es \u2013 a fase de Inicia\u00e7\u00e3o, Elabora\u00e7\u00e3o, Constru\u00e7\u00e3o ou Transi\u00e7\u00e3o;<\/p>\n<p>(b) N\u00e3o existe um valor m\u00e1ximo, m\u00ednimo ou definido \u2013 cada fase pode ter quantas itera\u00e7\u00f5es forem necess\u00e1rias no projeto;<\/p>\n<p>(c) Primeiro, \u00e9 mais comum o nome implementa\u00e7\u00e3o (em vez de desenvolvimento). Segundo, ela \u00e9 mais intensa na fase de constru\u00e7\u00e3o;<\/p>\n<p>(d) N\u00e3o, a disciplina de requisitos tem atividade mais intensa na fase de inicia\u00e7\u00e3o \u2013 basta lembrar que ela ocorre no come\u00e7o do processo de desenvolvimento;<\/p>\n<p>(e) N\u00e3o existe um valor m\u00e1ximo, m\u00ednimo ou definido \u2013 cada fase pode ter quantas itera\u00e7\u00f5es forem necess\u00e1rias no projeto.<\/p>\n<p style=\"text-align: right\"><strong>Gabarito:<\/strong> A<\/p>\n<p>&nbsp;<\/p>\n<p><strong>36. (FCC \u2013 2014 \u2013 TRT\/1 \u2013 Analista de Sistemas) <\/strong>A qualidade de software constitui-se em um fator de grande import\u00e2ncia no seu desenvolvimento. Dentre as propriedades utilizadas para determinar a qualidade de software,<\/p>\n<p>a)\u00a0\u00a0\u00a0 mede-se, exclusivamente, a qualidade da documenta\u00e7\u00e3o produzida para o software.<\/p>\n<p>b)\u00a0\u00a0 verifica-se a satisfa\u00e7\u00e3o de requisitos estabelecidos, incluindo o desempenho.<\/p>\n<p>c)\u00a0\u00a0\u00a0 n\u00e3o se abrange quest\u00f5es relativas \u00e0 interface do software.<\/p>\n<p>d)\u00a0\u00a0 n\u00e3o h\u00e1 preocupa\u00e7\u00e3o com a facilidade de manuten\u00e7\u00e3o do software.<\/p>\n<p>e)\u00a0\u00a0\u00a0 n\u00e3o se inclui a confiabilidade esperada do software.<\/p>\n<p>&nbsp;<\/p>\n<p><strong>Coment\u00e1rios:<\/strong><\/p>\n<p>(a) <em>Apenas a documenta\u00e7\u00e3o?<\/em> N\u00e3o, inclusive a documenta\u00e7\u00e3o \u2013 mas medem-se diversos aspectos do software;<\/p>\n<p>(b) Perfeito, verifica se os requisitos estabelecidos foram satisfeitos pelo software em desenvolvimento \u2013 tanto funcionais como n\u00e3o-funcionais (ex: desempenho);<\/p>\n<p>(c) Abrange, sim! Na verdade, abrange-se tanto requisitos funcionais como n\u00e3o-funcionais (ex: interface);<\/p>\n<p>(d) H\u00e1 preocupa\u00e7\u00e3o, sim! Facilidade de manuten\u00e7\u00e3o de software \u00e9 um requisito n\u00e3o-funcional que deve ter preocupa\u00e7\u00e3o com a qualidade;<\/p>\n<p>(e) Inclui, sim! Esse tamb\u00e9m \u00e9 um requisito n\u00e3o-funcional que deve ser inclu\u00eddo na preocupa\u00e7\u00e3o com a qualidade de um software.<\/p>\n<p style=\"text-align: right\"><strong>Gabarito:<\/strong> B<\/p>\n<p>&nbsp;<\/p>\n<p><strong>37. (FCC \u2013 2014 \u2013 TRT\/1 \u2013 Analista de Sistemas) <\/strong>Considerando o teste de software, h\u00e1 o chamado teste de unidade, que consiste em testar:<\/p>\n<p>a)\u00a0\u00a0\u00a0 o software completo, incluindo todos os seus componentes ou m\u00f3dulos, no ambiente de testes.<\/p>\n<p>b)\u00a0\u00a0 o funcionamento dos compiladores que estiverem sendo utilizados no desenvolvimento do software.<\/p>\n<p>c)\u00a0\u00a0\u00a0 individualmente, componentes ou m\u00f3dulos de software que, posteriormente devem ser testados de maneira integrada.<\/p>\n<p>d)\u00a0\u00a0 o software completo em seu ambiente final de opera\u00e7\u00e3o, j\u00e1 com o hardware base do projeto.<\/p>\n<p>e)\u00a0\u00a0\u00a0 apenas componentes ou m\u00f3dulos de software cujo c\u00f3digo fonte tenha mais de 100 linhas.<\/p>\n<p>&nbsp;<\/p>\n<p><strong>Coment\u00e1rios:<\/strong><\/p>\n<p>(a)<em> Software completo? Incluindo todos os seus componentes ou m\u00f3dulos? No ambiente de testes? <\/em>Isso \u00e9 um Teste Alfa!<\/p>\n<p>(b) Testes de Unidade n\u00e3o t\u00eam nenhuma rela\u00e7\u00e3o com funcionamento de compiladores;<\/p>\n<p>(c) Perfeito, testam-se componentes e m\u00f3dulos individualmente e, posteriormente, testa-se em conjunto no Teste de Integra\u00e7\u00e3o;<\/p>\n<p>(d) <em>Software completo? Em seu ambiente final de opera\u00e7\u00e3o? Com o hardware base do projeto?<\/em> Isso \u00e9 um Teste Beta!<\/p>\n<p>(e) Esse item n\u00e3o faz o menor sentido! N\u00e3o \u00e9 porque \u00e9 um Teste de Unidade que ele \u00e9 pequeno \u2013 n\u00e3o h\u00e1 rela\u00e7\u00e3o com a quantidade de linhas.<\/p>\n<p style=\"text-align: right\"><strong>Gabarito:<\/strong> C<\/p>\n<p>&nbsp;<\/p>\n<p><strong>51. (FCC \u2013 2014 \u2013 TRT\/1 \u2013 Analista de Sistemas) <\/strong>Considere o programa a seguir, elaborado na linguagem HTML:<\/p>\n<p><em>&lt;html&gt;<\/em><\/p>\n<p><em>&lt;body&gt;<\/em><\/p>\n<p><em>&lt;p&gt;&lt;a href=&#8221;#heading1&#8243;&gt; Parte 1&lt;\/a&gt;&lt;\/p&gt;<\/em><\/p>\n<p><em>&lt;h1 id=&#8221;heading1&#8243;&gt;Parte 1 do site&lt;\/h1&gt;<\/em><\/p>\n<p><em>&lt;p&gt;Texto da Parte 1&lt;\/p&gt;<\/em><\/p>\n<p><em>&lt;\/body&gt;<\/em><\/p>\n<p><em>&lt;\/html&gt;<\/em><\/p>\n<p>A fun\u00e7\u00e3o da 3a e 4a linhas \u00e9:<\/p>\n<p>a)\u00a0\u00a0\u00a0 criar um link interno, para a regi\u00e3o com o nome &#8220;Parte 1 do site&#8221;.<\/p>\n<p>b)\u00a0\u00a0 criar o t\u00edtulo &#8220;Parte 1&#8221; que apare\u00e7a da barra do navegador.<\/p>\n<p>c)\u00a0\u00a0\u00a0 abrir o arquivo texto &#8220;Parte 1&#8221; e exibi-lo ap\u00f3s o cabe\u00e7alho &#8220;Parte 1 do site&#8221;.<\/p>\n<p>d)\u00a0\u00a0 exibir a imagem Parte1.jpg como plano de fundo da p\u00e1gina.<\/p>\n<p>e)\u00a0\u00a0\u00a0 escrever na tela &#8220;Parte 1&#8221; em letras grandes e &#8220;Parte 1 do site&#8221; em letras pequenas.<\/p>\n<p>&nbsp;<\/p>\n<p><strong>Coment\u00e1rios:<\/strong><\/p>\n<p><em>Vamos entender o c\u00f3digo?<\/em><\/p>\n<p>A tag <strong><em>&lt;p&gt;<\/em><\/strong> cria um par\u00e1grafo! Dentro desse par\u00e1grafo, a tag <strong><em>&lt;a&gt;<\/em><\/strong> cria um link de nome <strong><em>Parte 1<\/em><\/strong> em que <strong><em>href=\u201d#heading1\u201d<\/em><\/strong>\u00e9 o endere\u00e7o para a pr\u00f3pria p\u00e1gina!<\/p>\n<p>Galera, em geral, o link \u00e9 uma URL para outra p\u00e1gina da internet. No entanto, algumas vezes queremos um link interno \u2013 para a mesma p\u00e1gina.<\/p>\n<p>Para tal, utilizamos o s\u00edmbolo de cerquilha (#) mais o nome do header. Na quest\u00e3o, o header se chama <strong><em>heading1<\/em><\/strong>.<\/p>\n<p>Na linha seguinte, temos o <strong><em>header h1<\/em><\/strong> de nome <strong><em>heading1<\/em><\/strong>, cujo texto \u00e9 <strong><em>Parte 1 do site<\/em><\/strong>. <em>Perfeito? <\/em>Funciona como um \u00edndice!<\/p>\n<p>Logo, quando o usu\u00e1rio clicar no link da linha anterior, ele ser\u00e1 direcionado para o heading, onde est\u00e1 escrito <strong><em>Parte 1 do site<\/em><\/strong>. <em>Bacana?<\/em><\/p>\n<p>Portanto, essas linhas criar\u00e3o um link interno para a regi\u00e3o com o nome Parte 1 do site. <em>Entendido?<\/em><\/p>\n<p style=\"text-align: right\"><strong>Gabarito:<\/strong> A<\/p>\n<p>&nbsp;<\/p>\n<p><strong>52. (FCC \u2013 2014 \u2013 TRT\/1 \u2013 Analista de Sistemas) <\/strong>Deseja-se que uma p\u00e1gina criada a partir da linguagem HTML, apresente o seguinte texto e figura:<\/p>\n<p>Para tanto, elaborou-se o seguinte programa:<\/p>\n<p><em>&lt;html&gt;<\/em><\/p>\n<p><em>&lt;body&gt;<\/em><\/p>\n<p><em>comando x<\/em><\/p>\n<p><em>&lt;p&gt;Casa t\u00e9rrea em terreno de 500 m2, 180 m2 de \u00e1rea constru\u00edda, com 3 quartos (1 suite), banheiro, salas para<\/em><\/p>\n<p><em>3 ambientes, lavabo, copa-cozinha, \u00e1rea de servi\u00e7o, quintal e vaga para 3 carros.&lt;\/p&gt;<\/em><\/p>\n<p><em>&lt;\/body&gt;<\/em><\/p>\n<p><em>&lt;\/html&gt;<\/em><\/p>\n<p>Supondo que a imagem da casa se encontre no arquivo casa123.jpg, um comando que poderia ser colocado no lugar do comando x, para apresentar o resultado desejado \u00e9:<\/p>\n<p>a)\u00a0\u00a0\u00a0 &lt;img =casa123.jpg style right\/&gt;<\/p>\n<p>b)\u00a0\u00a0 &lt;img src=&#8221;casa123.jpg&#8221; style= &#8220;float:right;&#8221; \/&gt;<\/p>\n<p>c)\u00a0\u00a0\u00a0 &lt;img src=casa123.jpg style= place:right; \/&gt;<\/p>\n<p>d)\u00a0\u00a0 &lt;img=\u201dcasa123.jpg\u201d place=\u201dright\u201d\/&gt;<\/p>\n<p>e)\u00a0\u00a0\u00a0 &lt;img=casa123.jpg style align =right\/&gt;<\/p>\n<p>&nbsp;<\/p>\n<p><strong>Coment\u00e1rios:<\/strong><\/p>\n<p>Bem, a casa deve ficar do lado direito do texto! Logo, basta utilizar a tag <strong><em>&lt;img&gt;<\/em><\/strong> com o atributo <strong><em>src=\u201dcasa123.jpg\u201d<\/em><\/strong> para informar a localiza\u00e7\u00e3o da imagem e o atributo <strong><em>&lt;style&gt;<\/em><\/strong> para informar declara\u00e7\u00f5es CSS que se aplicam a essa tag.<\/p>\n<p>Esse atributo n\u00e3o \u00e9 espec\u00edfico da tag <strong><em>&lt;img&gt;<\/em><\/strong>, ele faz parte dos atributos globais aplic\u00e1veis a qualquer elemento. A propriedade <strong><em>float:right<\/em><\/strong> do CSS permite que uma imagem seja posicionada no texto na parte direita.<\/p>\n<p style=\"text-align: right\"><strong>Gabarito:<\/strong> B<\/p>\n<p>&nbsp;<\/p>\n<p><strong>53. (FCC \u2013 2014 \u2013 TRT\/1 \u2013 Analista de Sistemas) <\/strong>O trecho de programa a seguir foi elaborado na linguagem HTML com JavaScript e ser\u00e1 aberto por um navegador que as suporte.<\/p>\n<p><em>&lt;html&gt;<\/em><\/p>\n<p><em>&lt;body&gt;<\/em><\/p>\n<p><em>&lt;h1&gt;P\u00e1gina Principal&lt;\/h1&gt;<\/em><\/p>\n<p><em>&lt;form&gt;<\/em><\/p>\n<p><em>comando y<\/em><\/p>\n<p><em>&lt;\/form&gt;<\/em><\/p>\n<p><em>&lt;\/body&gt;<\/em><\/p>\n<p><em>&lt;\/html&gt;<\/em><\/p>\n<p>O comando que deve ser colocado no lugar do comando y, de modo que, ao se pressionar o bot\u00e3o Nova P\u00e1gina, seja aberta a p\u00e1gina P1.html, \u00e9:<\/p>\n<p>a)\u00a0\u00a0\u00a0 &lt;input type = &#8220;button&#8221; text=&#8221;Nova P\u00e1gina&#8221; click=&#8221;window.location=&#8217;P1.html'&#8221;&gt;<\/p>\n<p>b)\u00a0\u00a0 &lt;input type=&#8221;button&#8221; text=&#8221;Nova P\u00e1gina&#8221; onclick = &#8220;window.location=&#8217;P1.html'&#8221;&gt;<\/p>\n<p>c)\u00a0\u00a0\u00a0 &lt;input type=&#8221;onbutton&#8221; text=&#8221;Nova P\u00e1gina&#8221; onclick = &#8220;window.location=&#8217;P1.html'&#8221;&gt;<\/p>\n<p>d)\u00a0\u00a0 &lt;input type=&#8221;button&#8221; value=&#8221;Nova P\u00e1gina&#8221; onclick = &#8220;window.location=&#8217;P1.html'&#8221;&gt;<\/p>\n<p>e)\u00a0\u00a0\u00a0 &lt;input type=&#8221;onbutton&#8221; value=&#8221;Nova P\u00e1gina&#8221; click = &#8220;window.location=&#8217;P1.html'&#8221;&gt;<\/p>\n<p>&nbsp;<\/p>\n<p><strong>Coment\u00e1rios:<\/strong><\/p>\n<p>Bem, basta saber usar a tag <strong><em>&lt;input&gt;<\/em><\/strong>! Ela serve para receber dados. O atributo com valor <strong><em>type=\u201dbutton\u201d<\/em><\/strong> especifica um bot\u00e3o cujo nome \u00e9 <strong><em>value=\u201dNova P\u00e1gina\u201d<\/em><\/strong> e o evento <strong><em>onclick = &#8220;window.location=&#8217;P1.html'&#8221;<\/em><\/strong> leva o usu\u00e1rio que clica nesse bot\u00e3o \u00e0 p\u00e1gina <strong><em>P1.html<\/em><\/strong>.<\/p>\n<p style=\"text-align: right\"><strong>Gabarito:<\/strong> D<\/p>\n","protected":false},"excerpt":{"rendered":"<p>Galera, convenhamos: a FCC pegou leve demais! A prova foi muito tranquila e, da nossa parte da mat\u00e9ria, tivemos apenas 7 quest\u00f5es (34, 35, 36, 37, 51, 52, 53)! Infelizmente, n\u00e3o achei nenhuma oportunidade de recurso, vamos coment\u00e1-las? &nbsp; 34. (FCC \u2013 2014 \u2013 TRT\/1 \u2013 Analista de Sistemas) Diagramas de casos de uso constituem-se [&hellip;]<\/p>\n","protected":false},"author":131,"featured_media":0,"comment_status":"open","ping_status":"open","sticky":false,"template":"","format":"standard","meta":{"post_tipo":"article","footnotes":""},"categories":[],"tags":[572],"tax_estado":[],"class_list":["post-17964","post","type-post","status-publish","format-standard","hentry","tag-trt-rj"],"acf":[],"yoast_head":"<!-- This site is optimized with the Yoast SEO Premium plugin v27.2 (Yoast SEO v27.2) - https:\/\/yoast.com\/product\/yoast-seo-premium-wordpress\/ -->\n<title>Prova de Analista de TI \u2013 TRT\/RJ \u2013 Coment\u00e1rios e Recurso<\/title>\n<meta name=\"robots\" content=\"index, follow, max-snippet:-1, max-image-preview:large, max-video-preview:-1\" \/>\n<link rel=\"canonical\" href=\"https:\/\/www.estrategiaconcursos.com.br\/blog\/prova-de-analista-de-ti-trtrj-comentarios-e-recurso-3\/\" \/>\n<meta property=\"og:locale\" content=\"pt_BR\" \/>\n<meta property=\"og:type\" content=\"article\" \/>\n<meta property=\"og:title\" content=\"Prova de Analista de TI \u2013 TRT\/RJ \u2013 Coment\u00e1rios e Recurso\" \/>\n<meta property=\"og:description\" content=\"Galera, convenhamos: a FCC pegou leve demais! A prova foi muito tranquila e, da nossa parte da mat\u00e9ria, tivemos apenas 7 quest\u00f5es (34, 35, 36, 37, 51, 52, 53)! Infelizmente, n\u00e3o achei nenhuma oportunidade de recurso, vamos coment\u00e1-las? &nbsp; 34. (FCC \u2013 2014 \u2013 TRT\/1 \u2013 Analista de Sistemas) Diagramas de casos de uso constituem-se [&hellip;]\" \/>\n<meta property=\"og:url\" content=\"https:\/\/www.estrategiaconcursos.com.br\/blog\/prova-de-analista-de-ti-trtrj-comentarios-e-recurso-3\/\" \/>\n<meta property=\"og:site_name\" content=\"Estrat\u00e9gia Concursos\" \/>\n<meta property=\"article:author\" content=\"https:\/\/www.facebook.com\/professordiegocarvalho\" \/>\n<meta property=\"article:published_time\" content=\"2014-09-12T14:30:30+00:00\" \/>\n<meta property=\"article:modified_time\" content=\"2015-01-05T19:22:54+00:00\" \/>\n<meta name=\"author\" content=\"Diego Carvalho\" \/>\n<meta name=\"twitter:card\" content=\"summary_large_image\" \/>\n<meta name=\"twitter:creator\" content=\"@EstratConcursos\" \/>\n<meta name=\"twitter:site\" content=\"@EstratConcursos\" \/>\n<meta name=\"twitter:label1\" content=\"Escrito por\" \/>\n\t<meta name=\"twitter:data1\" content=\"Diego Carvalho\" \/>\n\t<meta name=\"twitter:label2\" content=\"Est. tempo de leitura\" \/>\n\t<meta name=\"twitter:data2\" content=\"8 minutos\" \/>\n<script type=\"application\/ld+json\" class=\"yoast-schema-graph\">{\"@context\":\"https:\/\/schema.org\",\"@graph\":[{\"@type\":\"NewsArticle\",\"@id\":\"https:\/\/www.estrategiaconcursos.com.br\/blog\/prova-de-analista-de-ti-trtrj-comentarios-e-recurso-3\/#article\",\"isPartOf\":{\"@id\":\"https:\/\/www.estrategiaconcursos.com.br\/blog\/prova-de-analista-de-ti-trtrj-comentarios-e-recurso-3\/\"},\"author\":{\"name\":\"Diego Carvalho\",\"@id\":\"https:\/\/www.estrategiaconcursos.com.br\/blog\/#\/schema\/person\/b08bbef10b0f37fbc6ce86a6aa80277a\"},\"headline\":\"Prova de Analista de TI \u2013 TRT\/RJ \u2013 Coment\u00e1rios e Recurso\",\"datePublished\":\"2014-09-12T14:30:30+00:00\",\"dateModified\":\"2015-01-05T19:22:54+00:00\",\"mainEntityOfPage\":{\"@id\":\"https:\/\/www.estrategiaconcursos.com.br\/blog\/prova-de-analista-de-ti-trtrj-comentarios-e-recurso-3\/\"},\"wordCount\":1566,\"commentCount\":0,\"publisher\":{\"@id\":\"https:\/\/www.estrategiaconcursos.com.br\/blog\/#organization\"},\"keywords\":[\"TRT-RJ\"],\"inLanguage\":\"pt-BR\",\"potentialAction\":[{\"@type\":\"CommentAction\",\"name\":\"Comment\",\"target\":[\"https:\/\/www.estrategiaconcursos.com.br\/blog\/prova-de-analista-de-ti-trtrj-comentarios-e-recurso-3\/#respond\"]}],\"copyrightYear\":\"2014\",\"copyrightHolder\":{\"@id\":\"https:\/\/www.estrategiaconcursos.com.br\/blog\/#organization\"}},{\"@type\":\"WebPage\",\"@id\":\"https:\/\/www.estrategiaconcursos.com.br\/blog\/prova-de-analista-de-ti-trtrj-comentarios-e-recurso-3\/\",\"url\":\"https:\/\/www.estrategiaconcursos.com.br\/blog\/prova-de-analista-de-ti-trtrj-comentarios-e-recurso-3\/\",\"name\":\"Prova de Analista de TI \u2013 TRT\/RJ \u2013 Coment\u00e1rios e Recurso\",\"isPartOf\":{\"@id\":\"https:\/\/www.estrategiaconcursos.com.br\/blog\/#website\"},\"datePublished\":\"2014-09-12T14:30:30+00:00\",\"dateModified\":\"2015-01-05T19:22:54+00:00\",\"breadcrumb\":{\"@id\":\"https:\/\/www.estrategiaconcursos.com.br\/blog\/prova-de-analista-de-ti-trtrj-comentarios-e-recurso-3\/#breadcrumb\"},\"inLanguage\":\"pt-BR\",\"potentialAction\":[{\"@type\":\"ReadAction\",\"target\":[\"https:\/\/www.estrategiaconcursos.com.br\/blog\/prova-de-analista-de-ti-trtrj-comentarios-e-recurso-3\/\"]}]},{\"@type\":\"BreadcrumbList\",\"@id\":\"https:\/\/www.estrategiaconcursos.com.br\/blog\/prova-de-analista-de-ti-trtrj-comentarios-e-recurso-3\/#breadcrumb\",\"itemListElement\":[{\"@type\":\"ListItem\",\"position\":1,\"name\":\"In\u00edcio\",\"item\":\"https:\/\/www.estrategiaconcursos.com.br\/blog\/\"},{\"@type\":\"ListItem\",\"position\":2,\"name\":\"Prova de Analista de TI \u2013 TRT\/RJ \u2013 Coment\u00e1rios e Recurso\"}]},{\"@type\":\"WebSite\",\"@id\":\"https:\/\/www.estrategiaconcursos.com.br\/blog\/#website\",\"url\":\"https:\/\/www.estrategiaconcursos.com.br\/blog\/\",\"name\":\"Estrat\u00e9gia Concursos\",\"description\":\"O blog da Estrat\u00e9gia Concursos traz not\u00edcias sobre concursos e artigos de professores oferecendo cursos para concursos (pdf + videaulas) no site.\",\"publisher\":{\"@id\":\"https:\/\/www.estrategiaconcursos.com.br\/blog\/#organization\"},\"potentialAction\":[{\"@type\":\"SearchAction\",\"target\":{\"@type\":\"EntryPoint\",\"urlTemplate\":\"https:\/\/www.estrategiaconcursos.com.br\/blog\/?s={search_term_string}\"},\"query-input\":{\"@type\":\"PropertyValueSpecification\",\"valueRequired\":true,\"valueName\":\"search_term_string\"}}],\"inLanguage\":\"pt-BR\"},{\"@type\":\"Organization\",\"@id\":\"https:\/\/www.estrategiaconcursos.com.br\/blog\/#organization\",\"name\":\"Estrat\u00e9gia Concursos\",\"url\":\"https:\/\/www.estrategiaconcursos.com.br\/blog\/\",\"logo\":{\"@type\":\"ImageObject\",\"inLanguage\":\"pt-BR\",\"@id\":\"https:\/\/www.estrategiaconcursos.com.br\/blog\/#\/schema\/logo\/image\/\",\"url\":\"https:\/\/dhg1h5j42swfq.cloudfront.net\/2025\/06\/03203428\/logo_concursos-1.jpg\",\"contentUrl\":\"https:\/\/dhg1h5j42swfq.cloudfront.net\/2025\/06\/03203428\/logo_concursos-1.jpg\",\"width\":230,\"height\":60,\"caption\":\"Estrat\u00e9gia Concursos\"},\"image\":{\"@id\":\"https:\/\/www.estrategiaconcursos.com.br\/blog\/#\/schema\/logo\/image\/\"},\"sameAs\":[\"https:\/\/x.com\/EstratConcursos\"]},{\"@type\":\"Person\",\"@id\":\"https:\/\/www.estrategiaconcursos.com.br\/blog\/#\/schema\/person\/b08bbef10b0f37fbc6ce86a6aa80277a\",\"name\":\"Diego Carvalho\",\"image\":{\"@type\":\"ImageObject\",\"inLanguage\":\"pt-BR\",\"@id\":\"https:\/\/secure.gravatar.com\/avatar\/e3fd76be5281c8c126d28597cc00d560d6b334adfe6a97ba68555907f72640a2?s=96&d=mm&r=g\",\"url\":\"https:\/\/secure.gravatar.com\/avatar\/e3fd76be5281c8c126d28597cc00d560d6b334adfe6a97ba68555907f72640a2?s=96&d=mm&r=g\",\"contentUrl\":\"https:\/\/secure.gravatar.com\/avatar\/e3fd76be5281c8c126d28597cc00d560d6b334adfe6a97ba68555907f72640a2?s=96&d=mm&r=g\",\"caption\":\"Diego Carvalho\"},\"sameAs\":[\"https:\/\/www.facebook.com\/professordiegocarvalho\"],\"url\":\"https:\/\/www.estrategiaconcursos.com.br\/blog\/author\/diegoestrategiaconcursos-com-br\/\"}]}<\/script>\n<!-- \/ Yoast SEO Premium plugin. -->","yoast_head_json":{"title":"Prova de Analista de TI \u2013 TRT\/RJ \u2013 Coment\u00e1rios e Recurso","robots":{"index":"index","follow":"follow","max-snippet":"max-snippet:-1","max-image-preview":"max-image-preview:large","max-video-preview":"max-video-preview:-1"},"canonical":"https:\/\/www.estrategiaconcursos.com.br\/blog\/prova-de-analista-de-ti-trtrj-comentarios-e-recurso-3\/","og_locale":"pt_BR","og_type":"article","og_title":"Prova de Analista de TI \u2013 TRT\/RJ \u2013 Coment\u00e1rios e Recurso","og_description":"Galera, convenhamos: a FCC pegou leve demais! A prova foi muito tranquila e, da nossa parte da mat\u00e9ria, tivemos apenas 7 quest\u00f5es (34, 35, 36, 37, 51, 52, 53)! Infelizmente, n\u00e3o achei nenhuma oportunidade de recurso, vamos coment\u00e1-las? &nbsp; 34. (FCC \u2013 2014 \u2013 TRT\/1 \u2013 Analista de Sistemas) Diagramas de casos de uso constituem-se [&hellip;]","og_url":"https:\/\/www.estrategiaconcursos.com.br\/blog\/prova-de-analista-de-ti-trtrj-comentarios-e-recurso-3\/","og_site_name":"Estrat\u00e9gia Concursos","article_author":"https:\/\/www.facebook.com\/professordiegocarvalho","article_published_time":"2014-09-12T14:30:30+00:00","article_modified_time":"2015-01-05T19:22:54+00:00","author":"Diego Carvalho","twitter_card":"summary_large_image","twitter_creator":"@EstratConcursos","twitter_site":"@EstratConcursos","twitter_misc":{"Escrito por":"Diego Carvalho","Est. tempo de leitura":"8 minutos"},"schema":{"@context":"https:\/\/schema.org","@graph":[{"@type":"NewsArticle","@id":"https:\/\/www.estrategiaconcursos.com.br\/blog\/prova-de-analista-de-ti-trtrj-comentarios-e-recurso-3\/#article","isPartOf":{"@id":"https:\/\/www.estrategiaconcursos.com.br\/blog\/prova-de-analista-de-ti-trtrj-comentarios-e-recurso-3\/"},"author":{"name":"Diego Carvalho","@id":"https:\/\/www.estrategiaconcursos.com.br\/blog\/#\/schema\/person\/b08bbef10b0f37fbc6ce86a6aa80277a"},"headline":"Prova de Analista de TI \u2013 TRT\/RJ \u2013 Coment\u00e1rios e Recurso","datePublished":"2014-09-12T14:30:30+00:00","dateModified":"2015-01-05T19:22:54+00:00","mainEntityOfPage":{"@id":"https:\/\/www.estrategiaconcursos.com.br\/blog\/prova-de-analista-de-ti-trtrj-comentarios-e-recurso-3\/"},"wordCount":1566,"commentCount":0,"publisher":{"@id":"https:\/\/www.estrategiaconcursos.com.br\/blog\/#organization"},"keywords":["TRT-RJ"],"inLanguage":"pt-BR","potentialAction":[{"@type":"CommentAction","name":"Comment","target":["https:\/\/www.estrategiaconcursos.com.br\/blog\/prova-de-analista-de-ti-trtrj-comentarios-e-recurso-3\/#respond"]}],"copyrightYear":"2014","copyrightHolder":{"@id":"https:\/\/www.estrategiaconcursos.com.br\/blog\/#organization"}},{"@type":"WebPage","@id":"https:\/\/www.estrategiaconcursos.com.br\/blog\/prova-de-analista-de-ti-trtrj-comentarios-e-recurso-3\/","url":"https:\/\/www.estrategiaconcursos.com.br\/blog\/prova-de-analista-de-ti-trtrj-comentarios-e-recurso-3\/","name":"Prova de Analista de TI \u2013 TRT\/RJ \u2013 Coment\u00e1rios e Recurso","isPartOf":{"@id":"https:\/\/www.estrategiaconcursos.com.br\/blog\/#website"},"datePublished":"2014-09-12T14:30:30+00:00","dateModified":"2015-01-05T19:22:54+00:00","breadcrumb":{"@id":"https:\/\/www.estrategiaconcursos.com.br\/blog\/prova-de-analista-de-ti-trtrj-comentarios-e-recurso-3\/#breadcrumb"},"inLanguage":"pt-BR","potentialAction":[{"@type":"ReadAction","target":["https:\/\/www.estrategiaconcursos.com.br\/blog\/prova-de-analista-de-ti-trtrj-comentarios-e-recurso-3\/"]}]},{"@type":"BreadcrumbList","@id":"https:\/\/www.estrategiaconcursos.com.br\/blog\/prova-de-analista-de-ti-trtrj-comentarios-e-recurso-3\/#breadcrumb","itemListElement":[{"@type":"ListItem","position":1,"name":"In\u00edcio","item":"https:\/\/www.estrategiaconcursos.com.br\/blog\/"},{"@type":"ListItem","position":2,"name":"Prova de Analista de TI \u2013 TRT\/RJ \u2013 Coment\u00e1rios e Recurso"}]},{"@type":"WebSite","@id":"https:\/\/www.estrategiaconcursos.com.br\/blog\/#website","url":"https:\/\/www.estrategiaconcursos.com.br\/blog\/","name":"Estrat\u00e9gia Concursos","description":"O blog da Estrat\u00e9gia Concursos traz not\u00edcias sobre concursos e artigos de professores oferecendo cursos para concursos (pdf + videaulas) no site.","publisher":{"@id":"https:\/\/www.estrategiaconcursos.com.br\/blog\/#organization"},"potentialAction":[{"@type":"SearchAction","target":{"@type":"EntryPoint","urlTemplate":"https:\/\/www.estrategiaconcursos.com.br\/blog\/?s={search_term_string}"},"query-input":{"@type":"PropertyValueSpecification","valueRequired":true,"valueName":"search_term_string"}}],"inLanguage":"pt-BR"},{"@type":"Organization","@id":"https:\/\/www.estrategiaconcursos.com.br\/blog\/#organization","name":"Estrat\u00e9gia Concursos","url":"https:\/\/www.estrategiaconcursos.com.br\/blog\/","logo":{"@type":"ImageObject","inLanguage":"pt-BR","@id":"https:\/\/www.estrategiaconcursos.com.br\/blog\/#\/schema\/logo\/image\/","url":"https:\/\/dhg1h5j42swfq.cloudfront.net\/2025\/06\/03203428\/logo_concursos-1.jpg","contentUrl":"https:\/\/dhg1h5j42swfq.cloudfront.net\/2025\/06\/03203428\/logo_concursos-1.jpg","width":230,"height":60,"caption":"Estrat\u00e9gia Concursos"},"image":{"@id":"https:\/\/www.estrategiaconcursos.com.br\/blog\/#\/schema\/logo\/image\/"},"sameAs":["https:\/\/x.com\/EstratConcursos"]},{"@type":"Person","@id":"https:\/\/www.estrategiaconcursos.com.br\/blog\/#\/schema\/person\/b08bbef10b0f37fbc6ce86a6aa80277a","name":"Diego Carvalho","image":{"@type":"ImageObject","inLanguage":"pt-BR","@id":"https:\/\/secure.gravatar.com\/avatar\/e3fd76be5281c8c126d28597cc00d560d6b334adfe6a97ba68555907f72640a2?s=96&d=mm&r=g","url":"https:\/\/secure.gravatar.com\/avatar\/e3fd76be5281c8c126d28597cc00d560d6b334adfe6a97ba68555907f72640a2?s=96&d=mm&r=g","contentUrl":"https:\/\/secure.gravatar.com\/avatar\/e3fd76be5281c8c126d28597cc00d560d6b334adfe6a97ba68555907f72640a2?s=96&d=mm&r=g","caption":"Diego Carvalho"},"sameAs":["https:\/\/www.facebook.com\/professordiegocarvalho"],"url":"https:\/\/www.estrategiaconcursos.com.br\/blog\/author\/diegoestrategiaconcursos-com-br\/"}]}},"_links":{"self":[{"href":"https:\/\/www.estrategiaconcursos.com.br\/blog\/wp-json\/wp\/v2\/posts\/17964","targetHints":{"allow":["GET"]}}],"collection":[{"href":"https:\/\/www.estrategiaconcursos.com.br\/blog\/wp-json\/wp\/v2\/posts"}],"about":[{"href":"https:\/\/www.estrategiaconcursos.com.br\/blog\/wp-json\/wp\/v2\/types\/post"}],"author":[{"embeddable":true,"href":"https:\/\/www.estrategiaconcursos.com.br\/blog\/wp-json\/wp\/v2\/users\/131"}],"replies":[{"embeddable":true,"href":"https:\/\/www.estrategiaconcursos.com.br\/blog\/wp-json\/wp\/v2\/comments?post=17964"}],"version-history":[{"count":3,"href":"https:\/\/www.estrategiaconcursos.com.br\/blog\/wp-json\/wp\/v2\/posts\/17964\/revisions"}],"predecessor-version":[{"id":17968,"href":"https:\/\/www.estrategiaconcursos.com.br\/blog\/wp-json\/wp\/v2\/posts\/17964\/revisions\/17968"}],"wp:attachment":[{"href":"https:\/\/www.estrategiaconcursos.com.br\/blog\/wp-json\/wp\/v2\/media?parent=17964"}],"wp:term":[{"taxonomy":"category","embeddable":true,"href":"https:\/\/www.estrategiaconcursos.com.br\/blog\/wp-json\/wp\/v2\/categories?post=17964"},{"taxonomy":"post_tag","embeddable":true,"href":"https:\/\/www.estrategiaconcursos.com.br\/blog\/wp-json\/wp\/v2\/tags?post=17964"},{"taxonomy":"tax_estado","embeddable":true,"href":"https:\/\/www.estrategiaconcursos.com.br\/blog\/wp-json\/wp\/v2\/tax_estado?post=17964"}],"curies":[{"name":"wp","href":"https:\/\/api.w.org\/{rel}","templated":true}]}}