{"id":17955,"date":"2014-09-11T16:56:25","date_gmt":"2014-09-11T19:56:25","guid":{"rendered":"https:\/\/www.estrategiaconcursos.com.br\/blog\/?p=17955"},"modified":"2018-09-28T18:20:03","modified_gmt":"2018-09-28T21:20:03","slug":"prova-de-analista-de-ti-trtrj-comentarios-e-recurso","status":"publish","type":"post","link":"https:\/\/www.estrategiaconcursos.com.br\/blog\/prova-de-analista-de-ti-trtrj-comentarios-e-recurso\/","title":{"rendered":"Prova de Analista de TI &#8211; TRT\/RJ &#8211; Coment\u00e1rios e Recurso"},"content":{"rendered":"<p style=\"text-align: justify;\">Ol\u00e1 amigos e amigas de TI!<\/p>\n<p style=\"text-align: justify;\">\u00c9 hora de fazermos uma an\u00e1lise da rec\u00e9m-aplicada prova de Analista Judici\u00e1rio &#8211; Tecnologia da Informa\u00e7\u00e3o para o TRT\/RJ. Foi\u00a0uma grande oportunidade para profissionais do ramo.<\/p>\n<p style=\"text-align: justify;\">J\u00e1 faz algum tempo (anos) que a FCC \u00e9 a banca que mais aplica provas de Tecnologia da Informa\u00e7\u00e3o no\u00a0pa\u00eds. A base de exerc\u00edcios da banca \u00e9 a mais vasta e atualizada. E, ultimamente, apesar de cada vez mais dif\u00edceis, as provas t\u00eam\u00a0sido muito bem elaboradas, vide TCE\/RS, TRT\/PB e TRT\/SP. J\u00e1 que a gente critica tanto quando\u00a0as provas s\u00e3o mal elaboradas, cabe tamb\u00e9m elogiar quando as coisas andam bem. :)<\/p>\n<p style=\"text-align: justify;\">Por isso, n\u00e3o posso esconder o certo desapontamento com a banca, que &#8220;desprezou&#8221; nesta prova assuntos como o PMBOK, o COBIT e a ITIL (representada em uma quest\u00e3o boba). Fazer o candidato estudar assuntos t\u00e3o vastos para n\u00e3o cobrar em prova \u00e9 frustrante para quem se preparou. Mas, enfim, esta \u00e9 uma realidade no meio concurseiro&#8230;.<\/p>\n<p style=\"text-align: justify;\">Quanto a recursos, vi uma brecha para a anula\u00e7\u00e3o da seguinte quest\u00e3o:<\/p>\n<p style=\"text-align: justify;\"><strong>O sistema operacional Linux Red Hat permite o uso de diversos sistemas de arquivos de disco. Uma raz\u00e3o para escolher o Ext4 ao inv\u00e9s do JFS2 \u00e9<\/strong><\/p>\n<p style=\"text-align: justify;\">(A) a maior capacidade de armazenamento do Ext4 se comparada com a capacidade do JFS2.<br \/>\n(B) o fato do Ext4 realizar o jornaling apenas de metadados, o que aumenta o seu desempenho.<br \/>\n(C) a exist\u00eancia do recurso de compress\u00e3o de dados no Ext4, o que aumenta a velocidade de acesso aos dados.<br \/>\n(D) a exist\u00eancia do recurso de superblocos que mant\u00e9m informa\u00e7\u00f5es sobre o sistema de arquivos.<br \/>\n<strong>(E) o fato do Ext4 possuir recursos de jornaling de maior confiabilidade de dados que o JFS2 &#8211; gabarito da banca.<\/strong><\/p>\n<p style=\"text-align: justify;\">Nesta quest\u00e3o, entendo que a <span style=\"text-decoration: underline; color: #ff0000;\"><strong>alternativa (A) tamb\u00e9m pode ser considerada como correta, conduzindo \u00e0 anula\u00e7\u00e3o da quest\u00e3o<\/strong><\/span>.<\/p>\n<p style=\"text-align: justify;\">Segundo o pr\u00f3prio site da Red Hat, a vers\u00e3o 7 do Red Hat consegue montar parti\u00e7\u00f5es EXT4 de at\u00e9 50 TB. Confira em:<\/p>\n<p style=\"text-align: justify;\"><span style=\"color: #0000ff;\"><strong><a href=\"https:\/\/access.redhat.com\/articles\/rhel-limits\"><span style=\"color: #0000ff;\">https:\/\/access.redhat.com\/articles\/rhel-limits<\/span><\/a><\/strong><\/span><\/p>\n<p style=\"text-align: justify;\">Ao passo que a parti\u00e7\u00e3o JFS2, mesmo em SOs 64-bits, n\u00e3o pode exceder 32TB de parti\u00e7\u00e3o, segundo a IBM.<\/p>\n<p style=\"text-align: justify;\"><span style=\"color: #0000ff;\"><strong><a href=\"http:\/\/www-01.ibm.com\/support\/knowledgecenter\/ssw_aix_53\/com.ibm.aix.baseadmn\/doc\/baseadmndita\/jfs2sizelim.htm?lang=en\"><span style=\"color: #0000ff;\">http:\/\/www-01.ibm.com\/support\/knowledgecenter\/ssw_aix_53\/com.ibm.aix.baseadmn\/doc\/baseadmndita\/jfs2sizelim.htm?lang=en<\/span><\/a><\/strong><\/span><\/p>\n<p style=\"text-align: justify;\">Portanto, <span style=\"text-decoration: underline;\"><strong>entendo que essa quest\u00e3o deva ser anulada, por existirem duas alternativas corretas<\/strong><\/span>.<\/p>\n<p style=\"text-align: justify;\">Bons recursos a todos, e que venham mais aprova\u00e7\u00f5es!<\/p>\n<p style=\"text-align: justify;\">Grande abra\u00e7o!<\/p>\n","protected":false},"excerpt":{"rendered":"<p>Ol\u00e1 amigos e amigas de TI! \u00c9 hora de fazermos uma an\u00e1lise da rec\u00e9m-aplicada prova de Analista Judici\u00e1rio &#8211; Tecnologia da Informa\u00e7\u00e3o para o TRT\/RJ. Foi\u00a0uma grande oportunidade para profissionais do ramo. J\u00e1 faz algum tempo (anos) que a FCC \u00e9 a banca que mais aplica provas de Tecnologia da Informa\u00e7\u00e3o no\u00a0pa\u00eds. A base de [&hellip;]<\/p>\n","protected":false},"author":48,"featured_media":0,"comment_status":"open","ping_status":"open","sticky":false,"template":"","format":"standard","meta":{"post_tipo":"article","footnotes":""},"categories":[],"tags":[572],"tax_estado":[],"class_list":["post-17955","post","type-post","status-publish","format-standard","hentry","tag-trt-rj"],"acf":[],"yoast_head":"<!-- This site is optimized with the Yoast SEO Premium plugin v27.2 (Yoast SEO v27.2) - https:\/\/yoast.com\/product\/yoast-seo-premium-wordpress\/ -->\n<title>Prova de Analista de TI - TRT\/RJ - Coment\u00e1rios e Recurso<\/title>\n<meta name=\"robots\" content=\"index, follow, max-snippet:-1, max-image-preview:large, max-video-preview:-1\" \/>\n<link rel=\"canonical\" href=\"https:\/\/www.estrategiaconcursos.com.br\/blog\/prova-de-analista-de-ti-trtrj-comentarios-e-recurso\/\" \/>\n<meta property=\"og:locale\" content=\"pt_BR\" \/>\n<meta property=\"og:type\" content=\"article\" \/>\n<meta property=\"og:title\" content=\"Prova de Analista de TI - TRT\/RJ - Coment\u00e1rios e Recurso\" \/>\n<meta property=\"og:description\" content=\"Ol\u00e1 amigos e amigas de TI! \u00c9 hora de fazermos uma an\u00e1lise da rec\u00e9m-aplicada prova de Analista Judici\u00e1rio &#8211; Tecnologia da Informa\u00e7\u00e3o para o TRT\/RJ. Foi\u00a0uma grande oportunidade para profissionais do ramo. J\u00e1 faz algum tempo (anos) que a FCC \u00e9 a banca que mais aplica provas de Tecnologia da Informa\u00e7\u00e3o no\u00a0pa\u00eds. A base de [&hellip;]\" \/>\n<meta property=\"og:url\" content=\"https:\/\/www.estrategiaconcursos.com.br\/blog\/prova-de-analista-de-ti-trtrj-comentarios-e-recurso\/\" \/>\n<meta property=\"og:site_name\" content=\"Estrat\u00e9gia Concursos\" \/>\n<meta property=\"article:published_time\" content=\"2014-09-11T19:56:25+00:00\" \/>\n<meta property=\"article:modified_time\" content=\"2018-09-28T21:20:03+00:00\" \/>\n<meta name=\"author\" content=\"Coordena\u00e7\u00e3o\" \/>\n<meta name=\"twitter:card\" content=\"summary_large_image\" \/>\n<meta name=\"twitter:creator\" content=\"@EstratConcursos\" \/>\n<meta name=\"twitter:site\" content=\"@EstratConcursos\" \/>\n<meta name=\"twitter:label1\" content=\"Escrito por\" \/>\n\t<meta name=\"twitter:data1\" content=\"Coordena\u00e7\u00e3o\" \/>\n\t<meta name=\"twitter:label2\" content=\"Est. tempo de leitura\" \/>\n\t<meta name=\"twitter:data2\" content=\"2 minutos\" \/>\n<script type=\"application\/ld+json\" class=\"yoast-schema-graph\">{\"@context\":\"https:\/\/schema.org\",\"@graph\":[{\"@type\":\"NewsArticle\",\"@id\":\"https:\/\/www.estrategiaconcursos.com.br\/blog\/prova-de-analista-de-ti-trtrj-comentarios-e-recurso\/#article\",\"isPartOf\":{\"@id\":\"https:\/\/www.estrategiaconcursos.com.br\/blog\/prova-de-analista-de-ti-trtrj-comentarios-e-recurso\/\"},\"author\":{\"name\":\"Coordena\u00e7\u00e3o\",\"@id\":\"https:\/\/www.estrategiaconcursos.com.br\/blog\/#\/schema\/person\/cdad40b5818eb228a838461fcd656da7\"},\"headline\":\"Prova de Analista de TI &#8211; TRT\/RJ &#8211; Coment\u00e1rios e Recurso\",\"datePublished\":\"2014-09-11T19:56:25+00:00\",\"dateModified\":\"2018-09-28T21:20:03+00:00\",\"mainEntityOfPage\":{\"@id\":\"https:\/\/www.estrategiaconcursos.com.br\/blog\/prova-de-analista-de-ti-trtrj-comentarios-e-recurso\/\"},\"wordCount\":443,\"commentCount\":0,\"publisher\":{\"@id\":\"https:\/\/www.estrategiaconcursos.com.br\/blog\/#organization\"},\"keywords\":[\"TRT-RJ\"],\"inLanguage\":\"pt-BR\",\"potentialAction\":[{\"@type\":\"CommentAction\",\"name\":\"Comment\",\"target\":[\"https:\/\/www.estrategiaconcursos.com.br\/blog\/prova-de-analista-de-ti-trtrj-comentarios-e-recurso\/#respond\"]}],\"copyrightYear\":\"2014\",\"copyrightHolder\":{\"@id\":\"https:\/\/www.estrategiaconcursos.com.br\/blog\/#organization\"}},{\"@type\":\"WebPage\",\"@id\":\"https:\/\/www.estrategiaconcursos.com.br\/blog\/prova-de-analista-de-ti-trtrj-comentarios-e-recurso\/\",\"url\":\"https:\/\/www.estrategiaconcursos.com.br\/blog\/prova-de-analista-de-ti-trtrj-comentarios-e-recurso\/\",\"name\":\"Prova de Analista de TI - TRT\/RJ - Coment\u00e1rios e Recurso\",\"isPartOf\":{\"@id\":\"https:\/\/www.estrategiaconcursos.com.br\/blog\/#website\"},\"datePublished\":\"2014-09-11T19:56:25+00:00\",\"dateModified\":\"2018-09-28T21:20:03+00:00\",\"breadcrumb\":{\"@id\":\"https:\/\/www.estrategiaconcursos.com.br\/blog\/prova-de-analista-de-ti-trtrj-comentarios-e-recurso\/#breadcrumb\"},\"inLanguage\":\"pt-BR\",\"potentialAction\":[{\"@type\":\"ReadAction\",\"target\":[\"https:\/\/www.estrategiaconcursos.com.br\/blog\/prova-de-analista-de-ti-trtrj-comentarios-e-recurso\/\"]}]},{\"@type\":\"BreadcrumbList\",\"@id\":\"https:\/\/www.estrategiaconcursos.com.br\/blog\/prova-de-analista-de-ti-trtrj-comentarios-e-recurso\/#breadcrumb\",\"itemListElement\":[{\"@type\":\"ListItem\",\"position\":1,\"name\":\"In\u00edcio\",\"item\":\"https:\/\/www.estrategiaconcursos.com.br\/blog\/\"},{\"@type\":\"ListItem\",\"position\":2,\"name\":\"Prova de Analista de TI &#8211; TRT\/RJ &#8211; Coment\u00e1rios e Recurso\"}]},{\"@type\":\"WebSite\",\"@id\":\"https:\/\/www.estrategiaconcursos.com.br\/blog\/#website\",\"url\":\"https:\/\/www.estrategiaconcursos.com.br\/blog\/\",\"name\":\"Estrat\u00e9gia Concursos\",\"description\":\"O blog da Estrat\u00e9gia Concursos traz not\u00edcias sobre concursos e artigos de professores oferecendo cursos para concursos (pdf + videaulas) no site.\",\"publisher\":{\"@id\":\"https:\/\/www.estrategiaconcursos.com.br\/blog\/#organization\"},\"potentialAction\":[{\"@type\":\"SearchAction\",\"target\":{\"@type\":\"EntryPoint\",\"urlTemplate\":\"https:\/\/www.estrategiaconcursos.com.br\/blog\/?s={search_term_string}\"},\"query-input\":{\"@type\":\"PropertyValueSpecification\",\"valueRequired\":true,\"valueName\":\"search_term_string\"}}],\"inLanguage\":\"pt-BR\"},{\"@type\":\"Organization\",\"@id\":\"https:\/\/www.estrategiaconcursos.com.br\/blog\/#organization\",\"name\":\"Estrat\u00e9gia Concursos\",\"url\":\"https:\/\/www.estrategiaconcursos.com.br\/blog\/\",\"logo\":{\"@type\":\"ImageObject\",\"inLanguage\":\"pt-BR\",\"@id\":\"https:\/\/www.estrategiaconcursos.com.br\/blog\/#\/schema\/logo\/image\/\",\"url\":\"https:\/\/dhg1h5j42swfq.cloudfront.net\/2025\/06\/03203428\/logo_concursos-1.jpg\",\"contentUrl\":\"https:\/\/dhg1h5j42swfq.cloudfront.net\/2025\/06\/03203428\/logo_concursos-1.jpg\",\"width\":230,\"height\":60,\"caption\":\"Estrat\u00e9gia Concursos\"},\"image\":{\"@id\":\"https:\/\/www.estrategiaconcursos.com.br\/blog\/#\/schema\/logo\/image\/\"},\"sameAs\":[\"https:\/\/x.com\/EstratConcursos\"]},{\"@type\":\"Person\",\"@id\":\"https:\/\/www.estrategiaconcursos.com.br\/blog\/#\/schema\/person\/cdad40b5818eb228a838461fcd656da7\",\"name\":\"Coordena\u00e7\u00e3o\",\"image\":{\"@type\":\"ImageObject\",\"inLanguage\":\"pt-BR\",\"@id\":\"https:\/\/secure.gravatar.com\/avatar\/a413b22da0f5009c634f6c4586a2dbe5207074fd5becd88db5183b8069ef25e4?s=96&d=mm&r=g\",\"url\":\"https:\/\/secure.gravatar.com\/avatar\/a413b22da0f5009c634f6c4586a2dbe5207074fd5becd88db5183b8069ef25e4?s=96&d=mm&r=g\",\"contentUrl\":\"https:\/\/secure.gravatar.com\/avatar\/a413b22da0f5009c634f6c4586a2dbe5207074fd5becd88db5183b8069ef25e4?s=96&d=mm&r=g\",\"caption\":\"Coordena\u00e7\u00e3o\"},\"url\":\"https:\/\/www.estrategiaconcursos.com.br\/blog\/author\/contatoestrategiaconcursos-com-br\/\"}]}<\/script>\n<!-- \/ Yoast SEO Premium plugin. -->","yoast_head_json":{"title":"Prova de Analista de TI - TRT\/RJ - Coment\u00e1rios e Recurso","robots":{"index":"index","follow":"follow","max-snippet":"max-snippet:-1","max-image-preview":"max-image-preview:large","max-video-preview":"max-video-preview:-1"},"canonical":"https:\/\/www.estrategiaconcursos.com.br\/blog\/prova-de-analista-de-ti-trtrj-comentarios-e-recurso\/","og_locale":"pt_BR","og_type":"article","og_title":"Prova de Analista de TI - TRT\/RJ - Coment\u00e1rios e Recurso","og_description":"Ol\u00e1 amigos e amigas de TI! \u00c9 hora de fazermos uma an\u00e1lise da rec\u00e9m-aplicada prova de Analista Judici\u00e1rio &#8211; Tecnologia da Informa\u00e7\u00e3o para o TRT\/RJ. Foi\u00a0uma grande oportunidade para profissionais do ramo. J\u00e1 faz algum tempo (anos) que a FCC \u00e9 a banca que mais aplica provas de Tecnologia da Informa\u00e7\u00e3o no\u00a0pa\u00eds. A base de [&hellip;]","og_url":"https:\/\/www.estrategiaconcursos.com.br\/blog\/prova-de-analista-de-ti-trtrj-comentarios-e-recurso\/","og_site_name":"Estrat\u00e9gia Concursos","article_published_time":"2014-09-11T19:56:25+00:00","article_modified_time":"2018-09-28T21:20:03+00:00","author":"Coordena\u00e7\u00e3o","twitter_card":"summary_large_image","twitter_creator":"@EstratConcursos","twitter_site":"@EstratConcursos","twitter_misc":{"Escrito por":"Coordena\u00e7\u00e3o","Est. tempo de leitura":"2 minutos"},"schema":{"@context":"https:\/\/schema.org","@graph":[{"@type":"NewsArticle","@id":"https:\/\/www.estrategiaconcursos.com.br\/blog\/prova-de-analista-de-ti-trtrj-comentarios-e-recurso\/#article","isPartOf":{"@id":"https:\/\/www.estrategiaconcursos.com.br\/blog\/prova-de-analista-de-ti-trtrj-comentarios-e-recurso\/"},"author":{"name":"Coordena\u00e7\u00e3o","@id":"https:\/\/www.estrategiaconcursos.com.br\/blog\/#\/schema\/person\/cdad40b5818eb228a838461fcd656da7"},"headline":"Prova de Analista de TI &#8211; TRT\/RJ &#8211; Coment\u00e1rios e Recurso","datePublished":"2014-09-11T19:56:25+00:00","dateModified":"2018-09-28T21:20:03+00:00","mainEntityOfPage":{"@id":"https:\/\/www.estrategiaconcursos.com.br\/blog\/prova-de-analista-de-ti-trtrj-comentarios-e-recurso\/"},"wordCount":443,"commentCount":0,"publisher":{"@id":"https:\/\/www.estrategiaconcursos.com.br\/blog\/#organization"},"keywords":["TRT-RJ"],"inLanguage":"pt-BR","potentialAction":[{"@type":"CommentAction","name":"Comment","target":["https:\/\/www.estrategiaconcursos.com.br\/blog\/prova-de-analista-de-ti-trtrj-comentarios-e-recurso\/#respond"]}],"copyrightYear":"2014","copyrightHolder":{"@id":"https:\/\/www.estrategiaconcursos.com.br\/blog\/#organization"}},{"@type":"WebPage","@id":"https:\/\/www.estrategiaconcursos.com.br\/blog\/prova-de-analista-de-ti-trtrj-comentarios-e-recurso\/","url":"https:\/\/www.estrategiaconcursos.com.br\/blog\/prova-de-analista-de-ti-trtrj-comentarios-e-recurso\/","name":"Prova de Analista de TI - TRT\/RJ - Coment\u00e1rios e Recurso","isPartOf":{"@id":"https:\/\/www.estrategiaconcursos.com.br\/blog\/#website"},"datePublished":"2014-09-11T19:56:25+00:00","dateModified":"2018-09-28T21:20:03+00:00","breadcrumb":{"@id":"https:\/\/www.estrategiaconcursos.com.br\/blog\/prova-de-analista-de-ti-trtrj-comentarios-e-recurso\/#breadcrumb"},"inLanguage":"pt-BR","potentialAction":[{"@type":"ReadAction","target":["https:\/\/www.estrategiaconcursos.com.br\/blog\/prova-de-analista-de-ti-trtrj-comentarios-e-recurso\/"]}]},{"@type":"BreadcrumbList","@id":"https:\/\/www.estrategiaconcursos.com.br\/blog\/prova-de-analista-de-ti-trtrj-comentarios-e-recurso\/#breadcrumb","itemListElement":[{"@type":"ListItem","position":1,"name":"In\u00edcio","item":"https:\/\/www.estrategiaconcursos.com.br\/blog\/"},{"@type":"ListItem","position":2,"name":"Prova de Analista de TI &#8211; TRT\/RJ &#8211; Coment\u00e1rios e Recurso"}]},{"@type":"WebSite","@id":"https:\/\/www.estrategiaconcursos.com.br\/blog\/#website","url":"https:\/\/www.estrategiaconcursos.com.br\/blog\/","name":"Estrat\u00e9gia Concursos","description":"O blog da Estrat\u00e9gia Concursos traz not\u00edcias sobre concursos e artigos de professores oferecendo cursos para concursos (pdf + videaulas) no site.","publisher":{"@id":"https:\/\/www.estrategiaconcursos.com.br\/blog\/#organization"},"potentialAction":[{"@type":"SearchAction","target":{"@type":"EntryPoint","urlTemplate":"https:\/\/www.estrategiaconcursos.com.br\/blog\/?s={search_term_string}"},"query-input":{"@type":"PropertyValueSpecification","valueRequired":true,"valueName":"search_term_string"}}],"inLanguage":"pt-BR"},{"@type":"Organization","@id":"https:\/\/www.estrategiaconcursos.com.br\/blog\/#organization","name":"Estrat\u00e9gia Concursos","url":"https:\/\/www.estrategiaconcursos.com.br\/blog\/","logo":{"@type":"ImageObject","inLanguage":"pt-BR","@id":"https:\/\/www.estrategiaconcursos.com.br\/blog\/#\/schema\/logo\/image\/","url":"https:\/\/dhg1h5j42swfq.cloudfront.net\/2025\/06\/03203428\/logo_concursos-1.jpg","contentUrl":"https:\/\/dhg1h5j42swfq.cloudfront.net\/2025\/06\/03203428\/logo_concursos-1.jpg","width":230,"height":60,"caption":"Estrat\u00e9gia Concursos"},"image":{"@id":"https:\/\/www.estrategiaconcursos.com.br\/blog\/#\/schema\/logo\/image\/"},"sameAs":["https:\/\/x.com\/EstratConcursos"]},{"@type":"Person","@id":"https:\/\/www.estrategiaconcursos.com.br\/blog\/#\/schema\/person\/cdad40b5818eb228a838461fcd656da7","name":"Coordena\u00e7\u00e3o","image":{"@type":"ImageObject","inLanguage":"pt-BR","@id":"https:\/\/secure.gravatar.com\/avatar\/a413b22da0f5009c634f6c4586a2dbe5207074fd5becd88db5183b8069ef25e4?s=96&d=mm&r=g","url":"https:\/\/secure.gravatar.com\/avatar\/a413b22da0f5009c634f6c4586a2dbe5207074fd5becd88db5183b8069ef25e4?s=96&d=mm&r=g","contentUrl":"https:\/\/secure.gravatar.com\/avatar\/a413b22da0f5009c634f6c4586a2dbe5207074fd5becd88db5183b8069ef25e4?s=96&d=mm&r=g","caption":"Coordena\u00e7\u00e3o"},"url":"https:\/\/www.estrategiaconcursos.com.br\/blog\/author\/contatoestrategiaconcursos-com-br\/"}]}},"_links":{"self":[{"href":"https:\/\/www.estrategiaconcursos.com.br\/blog\/wp-json\/wp\/v2\/posts\/17955","targetHints":{"allow":["GET"]}}],"collection":[{"href":"https:\/\/www.estrategiaconcursos.com.br\/blog\/wp-json\/wp\/v2\/posts"}],"about":[{"href":"https:\/\/www.estrategiaconcursos.com.br\/blog\/wp-json\/wp\/v2\/types\/post"}],"author":[{"embeddable":true,"href":"https:\/\/www.estrategiaconcursos.com.br\/blog\/wp-json\/wp\/v2\/users\/48"}],"replies":[{"embeddable":true,"href":"https:\/\/www.estrategiaconcursos.com.br\/blog\/wp-json\/wp\/v2\/comments?post=17955"}],"version-history":[{"count":4,"href":"https:\/\/www.estrategiaconcursos.com.br\/blog\/wp-json\/wp\/v2\/posts\/17955\/revisions"}],"predecessor-version":[{"id":144156,"href":"https:\/\/www.estrategiaconcursos.com.br\/blog\/wp-json\/wp\/v2\/posts\/17955\/revisions\/144156"}],"wp:attachment":[{"href":"https:\/\/www.estrategiaconcursos.com.br\/blog\/wp-json\/wp\/v2\/media?parent=17955"}],"wp:term":[{"taxonomy":"category","embeddable":true,"href":"https:\/\/www.estrategiaconcursos.com.br\/blog\/wp-json\/wp\/v2\/categories?post=17955"},{"taxonomy":"post_tag","embeddable":true,"href":"https:\/\/www.estrategiaconcursos.com.br\/blog\/wp-json\/wp\/v2\/tags?post=17955"},{"taxonomy":"tax_estado","embeddable":true,"href":"https:\/\/www.estrategiaconcursos.com.br\/blog\/wp-json\/wp\/v2\/tax_estado?post=17955"}],"curies":[{"name":"wp","href":"https:\/\/api.w.org\/{rel}","templated":true}]}}