{"id":17947,"date":"2015-08-26T20:00:35","date_gmt":"2015-08-26T23:00:35","guid":{"rendered":"https:\/\/www.estrategiaconcursos.com.br\/blog\/?post_type=noticia&#038;p=17947"},"modified":"2015-08-28T10:58:10","modified_gmt":"2015-08-28T13:58:10","slug":"entrevista-em-video-barbara-bianco-aprovada-no-concurso-do-banco-central-para-o-cargo-de-analista","status":"publish","type":"post","link":"https:\/\/www.estrategiaconcursos.com.br\/blog\/entrevista-em-video-barbara-bianco-aprovada-no-concurso-do-banco-central-para-o-cargo-de-analista\/","title":{"rendered":"ENTREVISTA EM V\u00cdDEO: B\u00e1rbara Bianco &#8211; Aprovada no concurso do Banco Central para o cargo de analista"},"content":{"rendered":"<p style=\"text-align: justify;\"><span style=\"color: #000000;\">Para quem pertence ao mundo dos concursos, \u00e9 muito comum ouvir a frase &#8220;vida de concurseiro n\u00e3o \u00e9 f\u00e1cil&#8221;. De fato, n\u00e3o \u00e9. \u00c9 preciso ter disciplina, foco, for\u00e7a de vontade e muitas vezes \u00e9 preciso\u00a0<\/span><span style=\"color: #000000;\">saber superar a decep\u00e7\u00e3o de\u00a0uma reprova\u00e7\u00e3o. Mas para alguns, os desafios n\u00e3o param por a\u00ed. Aprovada\u00a0no concurso do Banco Central para o cargo de analista, B\u00e1rbara Bianco, de 36 anos, precisou vencer mais um desafio durante sua caminhada: superar a grande dor de perder a sua m\u00e3e, que faleceu \u00e0s\u00a0v\u00e9speras\u00a0da prova.<\/span><\/p>\n<p style=\"text-align: justify;\"><span style=\"color: #000000;\">Foram momentos de ang\u00fastia e dor, deixando-a estagnada. Mas quando temos f\u00e9 &#8211; n\u00e3o me refiro t\u00e3o somente a f\u00e9 ligada a religi\u00e3o, mas tamb\u00e9m a f\u00e9 que vem da confian\u00e7a em n\u00f3s mesmos, na certeza de que ainda temos for\u00e7as para seguir em frente &#8211; somos capazes de vencer todos os obst\u00e1culos. E foi assim que B\u00e1rbara alcan\u00e7ou sua t\u00e3o sonhada e esperada aprova\u00e7\u00e3o.<\/span><\/p>\n<p style=\"text-align: justify;\"><span style=\"color: #000000;\">Confira a entrevista de B\u00e1rbara Bianco, a segunda da s\u00e9rie de entrevistas em v\u00eddeo que iremos postar, diariamente, at\u00e9 o final deste m\u00eas.<\/span><\/p>\n<div class=\"lyte-wrapper\" style=\"width:853px;max-width:100%;margin:5px;\"><div class=\"lyMe\" id=\"WYL__-4D4xrSpgc\"><div id=\"lyte__-4D4xrSpgc\" data-src=\"\/\/i.ytimg.com\/vi\/_-4D4xrSpgc\/hqdefault.jpg\" class=\"pL\"><div class=\"tC\"><div class=\"tT\"><\/div><\/div><div class=\"play\"><\/div><div class=\"ctrl\"><div class=\"Lctrl\"><\/div><div class=\"Rctrl\"><\/div><\/div><\/div><noscript><a href=\"https:\/\/youtu.be\/_-4D4xrSpgc\" rel=\"nofollow\"><img loading=\"lazy\" decoding=\"async\" src=\"https:\/\/i.ytimg.com\/vi\/_-4D4xrSpgc\/0.jpg\" alt=\"YouTube video thumbnail\" width=\"853\" height=\"460\" \/><br \/>Assista a este v\u00eddeo no YouTube<\/a><\/noscript><\/div><\/div><div class=\"lL\" style=\"max-width:100%;width:853px;margin:5px;\"><\/div><\/p>\n<p style=\"color: #58585b; text-align: justify;\"><span style=\"color: #000000;\">Outras entrevistas em:<\/span><\/p>\n<p style=\"color: #58585b; text-align: justify;\"><span style=\"color: #0000ff;\"><span style=\"color: #0000ff;\">&gt;\u00a0<a href=\"https:\/\/www.estrategiaconcursos.com.br\/depoimentos\/\">https:\/\/www.estrategiaconcursos.com.br\/depoimentos\/<\/a><\/span><\/span><\/p>\n<p style=\"color: #58585b; text-align: justify;\">&gt;\u00a0<a href=\"https:\/\/www.estrategiaconcursos.com.br\/cursosPorConcurso\/bacen-banco-central-do-brasil-13\/\">Cursos para Concurso BACEN<\/a><\/p>\n<p style=\"color: #58585b; text-align: justify;\"><span style=\"color: #000000;\">Assessoria de Comunica\u00e7\u00e3o<\/span><\/p>\n<p style=\"color: #58585b; text-align: justify;\"><span style=\"color: #000000;\">comunicacao@estrategiaconcursos.com.br<\/span><\/p>\n","protected":false},"excerpt":{"rendered":"<p>Para quem pertence ao mundo dos concursos, \u00e9 muito comum ouvir a frase &#8220;vida de concurseiro n\u00e3o \u00e9 f\u00e1cil&#8221;. De fato, n\u00e3o \u00e9. \u00c9 preciso ter disciplina, foco, for\u00e7a de vontade e muitas vezes \u00e9 preciso\u00a0saber superar a decep\u00e7\u00e3o de\u00a0uma reprova\u00e7\u00e3o. Mas para alguns, os desafios n\u00e3o param por a\u00ed. Aprovada\u00a0no concurso do Banco Central [&hellip;]<\/p>\n","protected":false},"author":1,"featured_media":0,"comment_status":"closed","ping_status":"closed","sticky":false,"template":"","format":"standard","meta":{"post_tipo":"news","footnotes":""},"categories":[1],"tags":[568,3],"tax_estado":[],"class_list":["post-17947","post","type-post","status-publish","format-standard","hentry","category-cursos-e-concursos","tag-aprovados","tag-bacen"],"acf":[],"yoast_head":"<!-- This site is optimized with the Yoast SEO Premium plugin v27.2 (Yoast SEO v27.2) - https:\/\/yoast.com\/product\/yoast-seo-premium-wordpress\/ -->\n<title>ENTREVISTA EM V\u00cdDEO: B\u00e1rbara Bianco, aprovada no concurso do BACEN<\/title>\n<meta name=\"description\" content=\"Confira a entrevista em v\u00eddeo com B\u00e1rbara Bianco, aprovada no concurso do BACEN para o cargo de analista.\" \/>\n<meta name=\"robots\" content=\"index, follow, max-snippet:-1, max-image-preview:large, max-video-preview:-1\" \/>\n<link rel=\"canonical\" href=\"https:\/\/www.estrategiaconcursos.com.br\/blog\/entrevista-em-video-barbara-bianco-aprovada-no-concurso-do-banco-central-para-o-cargo-de-analista\/\" \/>\n<meta property=\"og:locale\" content=\"pt_BR\" \/>\n<meta property=\"og:type\" content=\"article\" \/>\n<meta property=\"og:title\" content=\"ENTREVISTA EM V\u00cdDEO: B\u00e1rbara Bianco - Aprovada no concurso do Banco Central para o cargo de analista\" \/>\n<meta property=\"og:description\" content=\"Confira a entrevista em v\u00eddeo com B\u00e1rbara Bianco, aprovada no concurso do BACEN para o cargo de analista.\" \/>\n<meta property=\"og:url\" content=\"https:\/\/www.estrategiaconcursos.com.br\/blog\/entrevista-em-video-barbara-bianco-aprovada-no-concurso-do-banco-central-para-o-cargo-de-analista\/\" \/>\n<meta property=\"og:site_name\" content=\"Estrat\u00e9gia Concursos\" \/>\n<meta property=\"article:author\" content=\"https:\/\/www.facebook.com\/EstrategiaConcursos\" \/>\n<meta property=\"article:published_time\" content=\"2015-08-26T23:00:35+00:00\" \/>\n<meta property=\"article:modified_time\" content=\"2015-08-28T13:58:10+00:00\" \/>\n<meta name=\"author\" content=\"Coordena\u00e7\u00e3o\" \/>\n<meta name=\"twitter:card\" content=\"summary_large_image\" \/>\n<meta name=\"twitter:creator\" content=\"@EstratConcursos\" \/>\n<meta name=\"twitter:site\" content=\"@EstratConcursos\" \/>\n<meta name=\"twitter:label1\" content=\"Escrito por\" \/>\n\t<meta name=\"twitter:data1\" content=\"Coordena\u00e7\u00e3o\" \/>\n\t<meta name=\"twitter:label2\" content=\"Est. tempo de leitura\" \/>\n\t<meta name=\"twitter:data2\" content=\"1 minuto\" \/>\n<script type=\"application\/ld+json\" class=\"yoast-schema-graph\">{\"@context\":\"https:\/\/schema.org\",\"@graph\":[{\"@type\":\"NewsArticle\",\"@id\":\"https:\/\/www.estrategiaconcursos.com.br\/blog\/entrevista-em-video-barbara-bianco-aprovada-no-concurso-do-banco-central-para-o-cargo-de-analista\/#article\",\"isPartOf\":{\"@id\":\"https:\/\/www.estrategiaconcursos.com.br\/blog\/entrevista-em-video-barbara-bianco-aprovada-no-concurso-do-banco-central-para-o-cargo-de-analista\/\"},\"author\":{\"name\":\"Coordena\u00e7\u00e3o\",\"@id\":\"https:\/\/www.estrategiaconcursos.com.br\/blog\/#\/schema\/person\/b4a388c97673c5f483d72185668afa1f\"},\"headline\":\"ENTREVISTA EM V\u00cdDEO: B\u00e1rbara Bianco &#8211; Aprovada no concurso do Banco Central para o cargo de analista\",\"datePublished\":\"2015-08-26T23:00:35+00:00\",\"dateModified\":\"2015-08-28T13:58:10+00:00\",\"mainEntityOfPage\":{\"@id\":\"https:\/\/www.estrategiaconcursos.com.br\/blog\/entrevista-em-video-barbara-bianco-aprovada-no-concurso-do-banco-central-para-o-cargo-de-analista\/\"},\"wordCount\":242,\"publisher\":{\"@id\":\"https:\/\/www.estrategiaconcursos.com.br\/blog\/#organization\"},\"keywords\":[\"Aprovados\",\"Bacen\"],\"articleSection\":[\"Concursos P\u00fablicos\"],\"inLanguage\":\"pt-BR\",\"copyrightYear\":\"2015\",\"copyrightHolder\":{\"@id\":\"https:\/\/www.estrategiaconcursos.com.br\/blog\/#organization\"}},{\"@type\":\"WebPage\",\"@id\":\"https:\/\/www.estrategiaconcursos.com.br\/blog\/entrevista-em-video-barbara-bianco-aprovada-no-concurso-do-banco-central-para-o-cargo-de-analista\/\",\"url\":\"https:\/\/www.estrategiaconcursos.com.br\/blog\/entrevista-em-video-barbara-bianco-aprovada-no-concurso-do-banco-central-para-o-cargo-de-analista\/\",\"name\":\"ENTREVISTA EM V\u00cdDEO: B\u00e1rbara Bianco, aprovada no concurso do BACEN\",\"isPartOf\":{\"@id\":\"https:\/\/www.estrategiaconcursos.com.br\/blog\/#website\"},\"datePublished\":\"2015-08-26T23:00:35+00:00\",\"dateModified\":\"2015-08-28T13:58:10+00:00\",\"description\":\"Confira a entrevista em v\u00eddeo com B\u00e1rbara Bianco, aprovada no concurso do BACEN para o cargo de analista.\",\"breadcrumb\":{\"@id\":\"https:\/\/www.estrategiaconcursos.com.br\/blog\/entrevista-em-video-barbara-bianco-aprovada-no-concurso-do-banco-central-para-o-cargo-de-analista\/#breadcrumb\"},\"inLanguage\":\"pt-BR\",\"potentialAction\":[{\"@type\":\"ReadAction\",\"target\":[\"https:\/\/www.estrategiaconcursos.com.br\/blog\/entrevista-em-video-barbara-bianco-aprovada-no-concurso-do-banco-central-para-o-cargo-de-analista\/\"]}]},{\"@type\":\"BreadcrumbList\",\"@id\":\"https:\/\/www.estrategiaconcursos.com.br\/blog\/entrevista-em-video-barbara-bianco-aprovada-no-concurso-do-banco-central-para-o-cargo-de-analista\/#breadcrumb\",\"itemListElement\":[{\"@type\":\"ListItem\",\"position\":1,\"name\":\"In\u00edcio\",\"item\":\"https:\/\/www.estrategiaconcursos.com.br\/blog\/\"},{\"@type\":\"ListItem\",\"position\":2,\"name\":\"ENTREVISTA EM V\u00cdDEO: B\u00e1rbara Bianco &#8211; Aprovada no concurso do Banco Central para o cargo de analista\"}]},{\"@type\":\"WebSite\",\"@id\":\"https:\/\/www.estrategiaconcursos.com.br\/blog\/#website\",\"url\":\"https:\/\/www.estrategiaconcursos.com.br\/blog\/\",\"name\":\"Estrat\u00e9gia Concursos\",\"description\":\"O blog da Estrat\u00e9gia Concursos traz not\u00edcias sobre concursos e artigos de professores oferecendo cursos para concursos (pdf + videaulas) no site.\",\"publisher\":{\"@id\":\"https:\/\/www.estrategiaconcursos.com.br\/blog\/#organization\"},\"potentialAction\":[{\"@type\":\"SearchAction\",\"target\":{\"@type\":\"EntryPoint\",\"urlTemplate\":\"https:\/\/www.estrategiaconcursos.com.br\/blog\/?s={search_term_string}\"},\"query-input\":{\"@type\":\"PropertyValueSpecification\",\"valueRequired\":true,\"valueName\":\"search_term_string\"}}],\"inLanguage\":\"pt-BR\"},{\"@type\":\"Organization\",\"@id\":\"https:\/\/www.estrategiaconcursos.com.br\/blog\/#organization\",\"name\":\"Estrat\u00e9gia Concursos\",\"url\":\"https:\/\/www.estrategiaconcursos.com.br\/blog\/\",\"logo\":{\"@type\":\"ImageObject\",\"inLanguage\":\"pt-BR\",\"@id\":\"https:\/\/www.estrategiaconcursos.com.br\/blog\/#\/schema\/logo\/image\/\",\"url\":\"https:\/\/dhg1h5j42swfq.cloudfront.net\/2025\/06\/03203428\/logo_concursos-1.jpg\",\"contentUrl\":\"https:\/\/dhg1h5j42swfq.cloudfront.net\/2025\/06\/03203428\/logo_concursos-1.jpg\",\"width\":230,\"height\":60,\"caption\":\"Estrat\u00e9gia Concursos\"},\"image\":{\"@id\":\"https:\/\/www.estrategiaconcursos.com.br\/blog\/#\/schema\/logo\/image\/\"},\"sameAs\":[\"https:\/\/x.com\/EstratConcursos\"]},{\"@type\":\"Person\",\"@id\":\"https:\/\/www.estrategiaconcursos.com.br\/blog\/#\/schema\/person\/b4a388c97673c5f483d72185668afa1f\",\"name\":\"Coordena\u00e7\u00e3o\",\"image\":{\"@type\":\"ImageObject\",\"inLanguage\":\"pt-BR\",\"@id\":\"https:\/\/secure.gravatar.com\/avatar\/b720319e4c9a967eb58678d110f4fe35452fc5d5f97b202bac7b8acceb18c6ad?s=96&d=mm&r=g\",\"url\":\"https:\/\/secure.gravatar.com\/avatar\/b720319e4c9a967eb58678d110f4fe35452fc5d5f97b202bac7b8acceb18c6ad?s=96&d=mm&r=g\",\"contentUrl\":\"https:\/\/secure.gravatar.com\/avatar\/b720319e4c9a967eb58678d110f4fe35452fc5d5f97b202bac7b8acceb18c6ad?s=96&d=mm&r=g\",\"caption\":\"Coordena\u00e7\u00e3o\"},\"sameAs\":[\"https:\/\/www.facebook.com\/EstrategiaConcursos\",\"https:\/\/x.com\/EstratConcursos\"],\"url\":\"https:\/\/www.estrategiaconcursos.com.br\/blog\/author\/estrategia2013\/\"}]}<\/script>\n<!-- \/ Yoast SEO Premium plugin. -->","yoast_head_json":{"title":"ENTREVISTA EM V\u00cdDEO: B\u00e1rbara Bianco, aprovada no concurso do BACEN","description":"Confira a entrevista em v\u00eddeo com B\u00e1rbara Bianco, aprovada no concurso do BACEN para o cargo de analista.","robots":{"index":"index","follow":"follow","max-snippet":"max-snippet:-1","max-image-preview":"max-image-preview:large","max-video-preview":"max-video-preview:-1"},"canonical":"https:\/\/www.estrategiaconcursos.com.br\/blog\/entrevista-em-video-barbara-bianco-aprovada-no-concurso-do-banco-central-para-o-cargo-de-analista\/","og_locale":"pt_BR","og_type":"article","og_title":"ENTREVISTA EM V\u00cdDEO: B\u00e1rbara Bianco - Aprovada no concurso do Banco Central para o cargo de analista","og_description":"Confira a entrevista em v\u00eddeo com B\u00e1rbara Bianco, aprovada no concurso do BACEN para o cargo de analista.","og_url":"https:\/\/www.estrategiaconcursos.com.br\/blog\/entrevista-em-video-barbara-bianco-aprovada-no-concurso-do-banco-central-para-o-cargo-de-analista\/","og_site_name":"Estrat\u00e9gia Concursos","article_author":"https:\/\/www.facebook.com\/EstrategiaConcursos","article_published_time":"2015-08-26T23:00:35+00:00","article_modified_time":"2015-08-28T13:58:10+00:00","author":"Coordena\u00e7\u00e3o","twitter_card":"summary_large_image","twitter_creator":"@EstratConcursos","twitter_site":"@EstratConcursos","twitter_misc":{"Escrito por":"Coordena\u00e7\u00e3o","Est. tempo de leitura":"1 minuto"},"schema":{"@context":"https:\/\/schema.org","@graph":[{"@type":"NewsArticle","@id":"https:\/\/www.estrategiaconcursos.com.br\/blog\/entrevista-em-video-barbara-bianco-aprovada-no-concurso-do-banco-central-para-o-cargo-de-analista\/#article","isPartOf":{"@id":"https:\/\/www.estrategiaconcursos.com.br\/blog\/entrevista-em-video-barbara-bianco-aprovada-no-concurso-do-banco-central-para-o-cargo-de-analista\/"},"author":{"name":"Coordena\u00e7\u00e3o","@id":"https:\/\/www.estrategiaconcursos.com.br\/blog\/#\/schema\/person\/b4a388c97673c5f483d72185668afa1f"},"headline":"ENTREVISTA EM V\u00cdDEO: B\u00e1rbara Bianco &#8211; Aprovada no concurso do Banco Central para o cargo de analista","datePublished":"2015-08-26T23:00:35+00:00","dateModified":"2015-08-28T13:58:10+00:00","mainEntityOfPage":{"@id":"https:\/\/www.estrategiaconcursos.com.br\/blog\/entrevista-em-video-barbara-bianco-aprovada-no-concurso-do-banco-central-para-o-cargo-de-analista\/"},"wordCount":242,"publisher":{"@id":"https:\/\/www.estrategiaconcursos.com.br\/blog\/#organization"},"keywords":["Aprovados","Bacen"],"articleSection":["Concursos P\u00fablicos"],"inLanguage":"pt-BR","copyrightYear":"2015","copyrightHolder":{"@id":"https:\/\/www.estrategiaconcursos.com.br\/blog\/#organization"}},{"@type":"WebPage","@id":"https:\/\/www.estrategiaconcursos.com.br\/blog\/entrevista-em-video-barbara-bianco-aprovada-no-concurso-do-banco-central-para-o-cargo-de-analista\/","url":"https:\/\/www.estrategiaconcursos.com.br\/blog\/entrevista-em-video-barbara-bianco-aprovada-no-concurso-do-banco-central-para-o-cargo-de-analista\/","name":"ENTREVISTA EM V\u00cdDEO: B\u00e1rbara Bianco, aprovada no concurso do BACEN","isPartOf":{"@id":"https:\/\/www.estrategiaconcursos.com.br\/blog\/#website"},"datePublished":"2015-08-26T23:00:35+00:00","dateModified":"2015-08-28T13:58:10+00:00","description":"Confira a entrevista em v\u00eddeo com B\u00e1rbara Bianco, aprovada no concurso do BACEN para o cargo de analista.","breadcrumb":{"@id":"https:\/\/www.estrategiaconcursos.com.br\/blog\/entrevista-em-video-barbara-bianco-aprovada-no-concurso-do-banco-central-para-o-cargo-de-analista\/#breadcrumb"},"inLanguage":"pt-BR","potentialAction":[{"@type":"ReadAction","target":["https:\/\/www.estrategiaconcursos.com.br\/blog\/entrevista-em-video-barbara-bianco-aprovada-no-concurso-do-banco-central-para-o-cargo-de-analista\/"]}]},{"@type":"BreadcrumbList","@id":"https:\/\/www.estrategiaconcursos.com.br\/blog\/entrevista-em-video-barbara-bianco-aprovada-no-concurso-do-banco-central-para-o-cargo-de-analista\/#breadcrumb","itemListElement":[{"@type":"ListItem","position":1,"name":"In\u00edcio","item":"https:\/\/www.estrategiaconcursos.com.br\/blog\/"},{"@type":"ListItem","position":2,"name":"ENTREVISTA EM V\u00cdDEO: B\u00e1rbara Bianco &#8211; Aprovada no concurso do Banco Central para o cargo de analista"}]},{"@type":"WebSite","@id":"https:\/\/www.estrategiaconcursos.com.br\/blog\/#website","url":"https:\/\/www.estrategiaconcursos.com.br\/blog\/","name":"Estrat\u00e9gia Concursos","description":"O blog da Estrat\u00e9gia Concursos traz not\u00edcias sobre concursos e artigos de professores oferecendo cursos para concursos (pdf + videaulas) no site.","publisher":{"@id":"https:\/\/www.estrategiaconcursos.com.br\/blog\/#organization"},"potentialAction":[{"@type":"SearchAction","target":{"@type":"EntryPoint","urlTemplate":"https:\/\/www.estrategiaconcursos.com.br\/blog\/?s={search_term_string}"},"query-input":{"@type":"PropertyValueSpecification","valueRequired":true,"valueName":"search_term_string"}}],"inLanguage":"pt-BR"},{"@type":"Organization","@id":"https:\/\/www.estrategiaconcursos.com.br\/blog\/#organization","name":"Estrat\u00e9gia Concursos","url":"https:\/\/www.estrategiaconcursos.com.br\/blog\/","logo":{"@type":"ImageObject","inLanguage":"pt-BR","@id":"https:\/\/www.estrategiaconcursos.com.br\/blog\/#\/schema\/logo\/image\/","url":"https:\/\/dhg1h5j42swfq.cloudfront.net\/2025\/06\/03203428\/logo_concursos-1.jpg","contentUrl":"https:\/\/dhg1h5j42swfq.cloudfront.net\/2025\/06\/03203428\/logo_concursos-1.jpg","width":230,"height":60,"caption":"Estrat\u00e9gia Concursos"},"image":{"@id":"https:\/\/www.estrategiaconcursos.com.br\/blog\/#\/schema\/logo\/image\/"},"sameAs":["https:\/\/x.com\/EstratConcursos"]},{"@type":"Person","@id":"https:\/\/www.estrategiaconcursos.com.br\/blog\/#\/schema\/person\/b4a388c97673c5f483d72185668afa1f","name":"Coordena\u00e7\u00e3o","image":{"@type":"ImageObject","inLanguage":"pt-BR","@id":"https:\/\/secure.gravatar.com\/avatar\/b720319e4c9a967eb58678d110f4fe35452fc5d5f97b202bac7b8acceb18c6ad?s=96&d=mm&r=g","url":"https:\/\/secure.gravatar.com\/avatar\/b720319e4c9a967eb58678d110f4fe35452fc5d5f97b202bac7b8acceb18c6ad?s=96&d=mm&r=g","contentUrl":"https:\/\/secure.gravatar.com\/avatar\/b720319e4c9a967eb58678d110f4fe35452fc5d5f97b202bac7b8acceb18c6ad?s=96&d=mm&r=g","caption":"Coordena\u00e7\u00e3o"},"sameAs":["https:\/\/www.facebook.com\/EstrategiaConcursos","https:\/\/x.com\/EstratConcursos"],"url":"https:\/\/www.estrategiaconcursos.com.br\/blog\/author\/estrategia2013\/"}]}},"_links":{"self":[{"href":"https:\/\/www.estrategiaconcursos.com.br\/blog\/wp-json\/wp\/v2\/posts\/17947","targetHints":{"allow":["GET"]}}],"collection":[{"href":"https:\/\/www.estrategiaconcursos.com.br\/blog\/wp-json\/wp\/v2\/posts"}],"about":[{"href":"https:\/\/www.estrategiaconcursos.com.br\/blog\/wp-json\/wp\/v2\/types\/post"}],"author":[{"embeddable":true,"href":"https:\/\/www.estrategiaconcursos.com.br\/blog\/wp-json\/wp\/v2\/users\/1"}],"replies":[{"embeddable":true,"href":"https:\/\/www.estrategiaconcursos.com.br\/blog\/wp-json\/wp\/v2\/comments?post=17947"}],"version-history":[{"count":3,"href":"https:\/\/www.estrategiaconcursos.com.br\/blog\/wp-json\/wp\/v2\/posts\/17947\/revisions"}],"predecessor-version":[{"id":26404,"href":"https:\/\/www.estrategiaconcursos.com.br\/blog\/wp-json\/wp\/v2\/posts\/17947\/revisions\/26404"}],"wp:attachment":[{"href":"https:\/\/www.estrategiaconcursos.com.br\/blog\/wp-json\/wp\/v2\/media?parent=17947"}],"wp:term":[{"taxonomy":"category","embeddable":true,"href":"https:\/\/www.estrategiaconcursos.com.br\/blog\/wp-json\/wp\/v2\/categories?post=17947"},{"taxonomy":"post_tag","embeddable":true,"href":"https:\/\/www.estrategiaconcursos.com.br\/blog\/wp-json\/wp\/v2\/tags?post=17947"},{"taxonomy":"tax_estado","embeddable":true,"href":"https:\/\/www.estrategiaconcursos.com.br\/blog\/wp-json\/wp\/v2\/tax_estado?post=17947"}],"curies":[{"name":"wp","href":"https:\/\/api.w.org\/{rel}","templated":true}]}}