{"id":17909,"date":"2014-09-09T17:05:39","date_gmt":"2014-09-09T20:05:39","guid":{"rendered":"https:\/\/www.estrategiaconcursos.com.br\/blog\/?p=17909"},"modified":"2023-04-14T10:49:32","modified_gmt":"2023-04-14T13:49:32","slug":"sesdf-comentarios-provas-de-atualidades-recurso-para-enfermeiros","status":"publish","type":"post","link":"https:\/\/www.estrategiaconcursos.com.br\/blog\/sesdf-comentarios-provas-de-atualidades-recurso-para-enfermeiros\/","title":{"rendered":"SES\/DF &#8211; Coment\u00e1rios \u00e0s provas de Atualidades &#8211; Recurso para Enfermeiros"},"content":{"rendered":"<p>Ol\u00e1, pessoal. Mais uma vez \u00e9 um prazer inenarr\u00e1vel estar aqui com voc\u00eas! =)<\/p>\n<p>Analisei as provas aplicadas no \u00faltimo domingo pela banca Iades para o concurso da Secretaria de Sa\u00fade do Distrito Federal. As quest\u00f5es n\u00e3o foram, de modo geral, dif\u00edceis\u00a0e se relacionaram, sobretudo, \u00e0 sa\u00fade p\u00fablica, como, por exemplo, quando foram abordados o programa Mais M\u00e9dicos e a epidemia de ebola.<\/p>\n<p>Vislumbrei apenas uma possibilidade de recurso. Na verdade, ontem mesmo, quando ainda nem havia visto a prova, recebi uma s\u00e9rie de e-mails e perguntas no f\u00f3rum me falando sobre essa mesma quest\u00e3o. Alguns alunos me apontaram inconsist\u00eancias na quest\u00e3o e em\u00a0seu gabarito e hoje, analisando a prova, pude ver que\u00a0eles tem raz\u00e3o.<\/p>\n<p>Abaixo transcrevo a quest\u00e3o e apresento meus coment\u00e1rios acerca do recurso:<\/p>\n<p><strong>Bras\u00edlia possui \u00f3timas op\u00e7\u00f5es para passeio ao ar livre. Os seus parques atraem pessoas interessadas na pr\u00e1tica de exerc\u00edcios f\u00edsicos, no lazer em fam\u00edlia e na observa\u00e7\u00e3o das belezas naturais. No que se refere aos parques de Bras\u00edlia, assinale a alternativa <span style=\"text-decoration: underline;\">incorreta<\/span>.<\/strong><\/p>\n<p><strong>\u00a0<\/strong><\/p>\n<p><strong>(A) No Parque Ecol\u00f3gico \u00c1guas Claras s\u00e3o encontrados gansos, tucanos, capivaras e bem-te-vis que vivem entre os ip\u00eas, ing\u00e1s e muitas outras \u00e1rvores frut\u00edferas que foram plantadas por antigos chacareiros que ali habitavam antes da implanta\u00e7\u00e3o do parque.<\/strong><\/p>\n<p><strong>\u00a0<\/strong><\/p>\n<p><strong>(B) O Parque Nacional de Bras\u00edlia, localizado em um regi\u00e3o divis\u00f3ria das bacias hidrogr\u00e1ficas Amaz\u00f4nica, do Prata e do S\u00e3o Francisco, \u00e9 tamb\u00e9m conhecido como \u00c1gua Mineral. Ele tem uma vasta \u00e1rea de preserva\u00e7\u00e3o ambiental, oferece duas piscinas de \u00e1gua mineral e corrente, espa\u00e7os para piqueniques \u00e0 sombra de \u00e1rvores, al\u00e9m de passeios e trilhas nas matas.<\/strong><\/p>\n<p><strong>\u00a0<\/strong><\/p>\n<p><strong>(C) O Jardim Bot\u00e2nico de Bras\u00edlia est\u00e1 localizado no Setor de Mans\u00f5es Dom Bosco, no Lago Sul. Ele possui vegeta\u00e7\u00e3o nativa em excelente estado de conserva\u00e7\u00e3o, jardins tem\u00e1ticos e reserva ecol\u00f3gica destinada \u00e0\u00a0pesquisa e conserva\u00e7\u00e3o do cerrado.<\/strong><\/p>\n<p><strong>\u00a0<\/strong><\/p>\n<p><strong>(D) O Parque da Cidade Dona Sarah Kubitschek, mais conhecido por Parque da Cidade , est\u00e1 localizado entre a Asa Sul e o Setor Sudoeste e \u00e9 um dos maiores parques urbanos do mundo. \u00c9 um dos principais centros de lazer ao ar livre da cidade e concentra quadras de esporte, lagos artificiais, parque de divers\u00f5es, centro h\u00edpico e pistas de caminhada, patina\u00e7\u00e3o e ciclismo.<\/strong><\/p>\n<p><strong>\u00a0<\/strong><\/p>\n<p><strong>(E) A Torre de TV Digital fica dentro do Parque Ecol\u00f3gico Dom Bosco. O parque \u00e9 uma homenagem ao padre italiano Jo\u00e3o Belchior Bosco, que sonhou existir, entre os paralelos 15\u00ba e 20\u00ba, uma terra em que leite e mel jorrariam em grande abund\u00e2ncia. Do local, tem-se uma vista panor\u00e2mica da \u00e1rea central de Bras\u00edlia e do Pal\u00e1cio da Alvorada.<\/strong><\/p>\n<p>Segundo o gabarito preliminar dado pela banca, considerou-se que a letra e est\u00e1 incorreta. Quanto a isso n\u00e3o discordamos, entretanto chamamos aten\u00e7\u00e3o para o fato de que a letra b tamb\u00e9m se encontra equivocada. Como h\u00e1 duas alternativas erradas, deve-se pedir a anula\u00e7\u00e3o da quest\u00e3o. Isso porque, conforme estabelecido pela Resolu\u00e7\u00e3o CNRH n\u00aa 32, de 15 de outubro de 2003, &#8220;a<span style=\"color: #47423a;\">\u00a0<\/span><b style=\"color: #47423a;\">Regi\u00e3o Hidrogr\u00e1fica Amaz\u00f4nica<\/b><span style=\"color: #47423a;\">\u00a0\u00e9 constitu\u00edda pela bacia hidrogr\u00e1fica do rio Amazonas\u00a0<\/span><b style=\"color: #47423a;\">situada no territ\u00f3rio nacional<\/b><span style=\"color: #47423a;\">, pelas bacias hidrogr\u00e1ficas dos rios existentes na Ilha de Maraj\u00f3, al\u00e9m das bacias hidrogr\u00e1ficas dos rios situados no Estado do Amap\u00e1 que des\u00e1guam no Atl\u00e2ntico Norte&#8221;, locais que n\u00e3o abrangem nenhuma por\u00e7\u00e3o do territ\u00f3rio de Goi\u00e1s ou do Distrito Federal. Isso poder ser facilmente observado por meio do mapa dispon\u00edvel em <a href=\"http:\/\/www2.ana.gov.br\/Paginas\/portais\/bacias\/amazonica.aspx\">http:\/\/www2.ana.gov.br\/Paginas\/portais\/bacias\/amazonica.aspx<\/a>. Para formular essa assertiva, a banca parece ter se baseado numa no\u00e7\u00e3o equivocada que, no entanto, possui alguma divulga\u00e7\u00e3o na internet. Entretanto, esse no\u00e7\u00e3o divulgada, entre outros, em\u00a0http:\/\/ebooks.pucrs.br\/edipucrs\/Ebooks\/Web\/978-85-397-0173-5\/Sumario\/5.1.4.pdf n\u00e3o possui chancela nem da Ag\u00eancia Nacional de \u00c1guas nem do Instituo Brasileiro de Geografia e Estat\u00edstica, n\u00e3o estando portanto em conson\u00e2ncia com os estudos hidrogr\u00e1ficos brasileiros. Ademais, o IBGE\u00a0considera que os afluentes do Parque Nacional de Bras\u00edlia n\u00e3o estabelecem comunica\u00e7\u00e3o com as \u00e1guas da Bacia Amaz\u00f4nica, desconfigurando a ideia de que o Distrito Federal estaria na divis\u00e3o daquelas tr\u00eas bacias apontadas, conforme o mapa dispon\u00edvel em <a href=\"ftp:\/\/geoftp.ibge.gov.br\/atlas\/atlas_nacional_do_brasil_2010\/2_territorio_e_meio_ambiente\/atlas_nacional_do_brasil_2010_pagina_80_divisao_hidrografica_nacional.pdf\">\u00a0ftp:\/\/geoftp.ibge.gov.br\/atlas\/atlas_nacional_do_brasil_2010\/2_territorio_e_meio_ambiente\/atlas_nacional_do_brasil_2010_pagina_80_divisao_hidrografica_nacional.pdf<\/a>. Por fim, a Ag\u00eancia Reguladora de \u00c1guas, Energia e Saneamento B\u00e1sico do Distrito Federal, considera que, entre as diversas bacias que cont\u00e9m parte da hidrografia distrital, n\u00e3o se incluiu a Amaz\u00f4nica, conforme vemos em\u00a0<a href=\"http:\/\/www.adasa.df.gov.br\/images\/stories\/anexos\/mapas\/mapa%20hidrografico%20-%20a4%20net.pdf\">http:\/\/www.adasa.df.gov.br\/images\/stories\/anexos\/mapas\/mapa%20hidrografico%20-%20a4%20net.pdf<\/a>.<\/span><\/p>\n<p>Bom, pessoal, est\u00e3o a\u00ed os fundamentos do que eu acredito ser um recurso plenamente aceit\u00e1vel. Sabemos que nem sempre as bancas s\u00e3o razo\u00e1veis, mas eu realmente penso que essa quest\u00e3o dever\u00e1 ser anulada. Desenvolvam essa argumenta\u00e7\u00e3o e, em caso de d\u00favida, cr\u00edtica ou sugest\u00e3o mandem um e-mail para profrodrigobarreto@gmail.com<\/p>\n<p>Espero ter ajudado e boa sorte a todos! Vamos juntos!<\/p>\n<p>Meu facebook:\u00a0<a href=\"https:\/\/www.facebook.com\/ro.sousabarreto\">https:\/\/www.facebook.com\/ro.sousabarreto<\/a><\/p>\n<p>Meu blog pessoal (n\u00e3o \u00e9 um blog de concursos): <a href=\"www.desinvencionario.com\">www.desinvencionario.com\u00a0<\/a><\/p>\n<p>Abra\u00e7os,<\/p>\n<p>Rodrigo Barreto<\/p>\n","protected":false},"excerpt":{"rendered":"<p>Ol\u00e1, pessoal. Mais uma vez \u00e9 um prazer inenarr\u00e1vel estar aqui com voc\u00eas! =) Analisei as provas aplicadas no \u00faltimo domingo pela banca Iades para o concurso da Secretaria de Sa\u00fade do Distrito Federal. As quest\u00f5es n\u00e3o foram, de modo geral, dif\u00edceis\u00a0e se relacionaram, sobretudo, \u00e0 sa\u00fade p\u00fablica, como, por exemplo, quando foram abordados o [&hellip;]<\/p>\n","protected":false},"author":88,"featured_media":0,"comment_status":"open","ping_status":"open","sticky":false,"template":"","format":"standard","meta":{"post_tipo":"article","footnotes":""},"categories":[1],"tags":[549,554],"tax_estado":[],"class_list":["post-17909","post","type-post","status-publish","format-standard","hentry","category-cursos-e-concursos","tag-atualidades","tag-ses-df"],"acf":[],"yoast_head":"<!-- This site is optimized with the Yoast SEO Premium plugin v27.2 (Yoast SEO v27.2) - https:\/\/yoast.com\/product\/yoast-seo-premium-wordpress\/ -->\n<title>SES\/DF - Coment\u00e1rios \u00e0s provas de Atualidades - Recurso para Enfermeiros<\/title>\n<meta name=\"robots\" content=\"index, follow, max-snippet:-1, max-image-preview:large, max-video-preview:-1\" \/>\n<link rel=\"canonical\" href=\"https:\/\/www.estrategiaconcursos.com.br\/blog\/sesdf-comentarios-provas-de-atualidades-recurso-para-enfermeiros\/\" \/>\n<meta property=\"og:locale\" content=\"pt_BR\" \/>\n<meta property=\"og:type\" content=\"article\" \/>\n<meta property=\"og:title\" content=\"SES\/DF - Coment\u00e1rios \u00e0s provas de Atualidades - Recurso para Enfermeiros\" \/>\n<meta property=\"og:description\" content=\"Ol\u00e1, pessoal. Mais uma vez \u00e9 um prazer inenarr\u00e1vel estar aqui com voc\u00eas! =) Analisei as provas aplicadas no \u00faltimo domingo pela banca Iades para o concurso da Secretaria de Sa\u00fade do Distrito Federal. As quest\u00f5es n\u00e3o foram, de modo geral, dif\u00edceis\u00a0e se relacionaram, sobretudo, \u00e0 sa\u00fade p\u00fablica, como, por exemplo, quando foram abordados o [&hellip;]\" \/>\n<meta property=\"og:url\" content=\"https:\/\/www.estrategiaconcursos.com.br\/blog\/sesdf-comentarios-provas-de-atualidades-recurso-para-enfermeiros\/\" \/>\n<meta property=\"og:site_name\" content=\"Estrat\u00e9gia Concursos\" \/>\n<meta property=\"article:published_time\" content=\"2014-09-09T20:05:39+00:00\" \/>\n<meta property=\"article:modified_time\" content=\"2023-04-14T13:49:32+00:00\" \/>\n<meta name=\"author\" content=\"Rodrigo Barreto\" \/>\n<meta name=\"twitter:card\" content=\"summary_large_image\" \/>\n<meta name=\"twitter:creator\" content=\"@EstratConcursos\" \/>\n<meta name=\"twitter:site\" content=\"@EstratConcursos\" \/>\n<meta name=\"twitter:label1\" content=\"Escrito por\" \/>\n\t<meta name=\"twitter:data1\" content=\"Rodrigo Barreto\" \/>\n\t<meta name=\"twitter:label2\" content=\"Est. tempo de leitura\" \/>\n\t<meta name=\"twitter:data2\" content=\"5 minutos\" \/>\n<script type=\"application\/ld+json\" class=\"yoast-schema-graph\">{\"@context\":\"https:\/\/schema.org\",\"@graph\":[{\"@type\":\"NewsArticle\",\"@id\":\"https:\/\/www.estrategiaconcursos.com.br\/blog\/sesdf-comentarios-provas-de-atualidades-recurso-para-enfermeiros\/#article\",\"isPartOf\":{\"@id\":\"https:\/\/www.estrategiaconcursos.com.br\/blog\/sesdf-comentarios-provas-de-atualidades-recurso-para-enfermeiros\/\"},\"author\":{\"name\":\"Rodrigo Barreto\",\"@id\":\"https:\/\/www.estrategiaconcursos.com.br\/blog\/#\/schema\/person\/868138e252bcfd323d1a01b063a19cf2\"},\"headline\":\"SES\/DF &#8211; Coment\u00e1rios \u00e0s provas de Atualidades &#8211; Recurso para Enfermeiros\",\"datePublished\":\"2014-09-09T20:05:39+00:00\",\"dateModified\":\"2023-04-14T13:49:32+00:00\",\"mainEntityOfPage\":{\"@id\":\"https:\/\/www.estrategiaconcursos.com.br\/blog\/sesdf-comentarios-provas-de-atualidades-recurso-para-enfermeiros\/\"},\"wordCount\":940,\"commentCount\":0,\"publisher\":{\"@id\":\"https:\/\/www.estrategiaconcursos.com.br\/blog\/#organization\"},\"keywords\":[\"Atualidades\",\"SES-DF\"],\"articleSection\":[\"Concursos P\u00fablicos\"],\"inLanguage\":\"pt-BR\",\"potentialAction\":[{\"@type\":\"CommentAction\",\"name\":\"Comment\",\"target\":[\"https:\/\/www.estrategiaconcursos.com.br\/blog\/sesdf-comentarios-provas-de-atualidades-recurso-para-enfermeiros\/#respond\"]}],\"copyrightYear\":\"2014\",\"copyrightHolder\":{\"@id\":\"https:\/\/www.estrategiaconcursos.com.br\/blog\/#organization\"}},{\"@type\":\"WebPage\",\"@id\":\"https:\/\/www.estrategiaconcursos.com.br\/blog\/sesdf-comentarios-provas-de-atualidades-recurso-para-enfermeiros\/\",\"url\":\"https:\/\/www.estrategiaconcursos.com.br\/blog\/sesdf-comentarios-provas-de-atualidades-recurso-para-enfermeiros\/\",\"name\":\"SES\/DF - Coment\u00e1rios \u00e0s provas de Atualidades - Recurso para Enfermeiros\",\"isPartOf\":{\"@id\":\"https:\/\/www.estrategiaconcursos.com.br\/blog\/#website\"},\"datePublished\":\"2014-09-09T20:05:39+00:00\",\"dateModified\":\"2023-04-14T13:49:32+00:00\",\"breadcrumb\":{\"@id\":\"https:\/\/www.estrategiaconcursos.com.br\/blog\/sesdf-comentarios-provas-de-atualidades-recurso-para-enfermeiros\/#breadcrumb\"},\"inLanguage\":\"pt-BR\",\"potentialAction\":[{\"@type\":\"ReadAction\",\"target\":[\"https:\/\/www.estrategiaconcursos.com.br\/blog\/sesdf-comentarios-provas-de-atualidades-recurso-para-enfermeiros\/\"]}]},{\"@type\":\"BreadcrumbList\",\"@id\":\"https:\/\/www.estrategiaconcursos.com.br\/blog\/sesdf-comentarios-provas-de-atualidades-recurso-para-enfermeiros\/#breadcrumb\",\"itemListElement\":[{\"@type\":\"ListItem\",\"position\":1,\"name\":\"In\u00edcio\",\"item\":\"https:\/\/www.estrategiaconcursos.com.br\/blog\/\"},{\"@type\":\"ListItem\",\"position\":2,\"name\":\"SES\/DF &#8211; Coment\u00e1rios \u00e0s provas de Atualidades &#8211; Recurso para Enfermeiros\"}]},{\"@type\":\"WebSite\",\"@id\":\"https:\/\/www.estrategiaconcursos.com.br\/blog\/#website\",\"url\":\"https:\/\/www.estrategiaconcursos.com.br\/blog\/\",\"name\":\"Estrat\u00e9gia Concursos\",\"description\":\"O blog da Estrat\u00e9gia Concursos traz not\u00edcias sobre concursos e artigos de professores oferecendo cursos para concursos (pdf + videaulas) no site.\",\"publisher\":{\"@id\":\"https:\/\/www.estrategiaconcursos.com.br\/blog\/#organization\"},\"potentialAction\":[{\"@type\":\"SearchAction\",\"target\":{\"@type\":\"EntryPoint\",\"urlTemplate\":\"https:\/\/www.estrategiaconcursos.com.br\/blog\/?s={search_term_string}\"},\"query-input\":{\"@type\":\"PropertyValueSpecification\",\"valueRequired\":true,\"valueName\":\"search_term_string\"}}],\"inLanguage\":\"pt-BR\"},{\"@type\":\"Organization\",\"@id\":\"https:\/\/www.estrategiaconcursos.com.br\/blog\/#organization\",\"name\":\"Estrat\u00e9gia Concursos\",\"url\":\"https:\/\/www.estrategiaconcursos.com.br\/blog\/\",\"logo\":{\"@type\":\"ImageObject\",\"inLanguage\":\"pt-BR\",\"@id\":\"https:\/\/www.estrategiaconcursos.com.br\/blog\/#\/schema\/logo\/image\/\",\"url\":\"https:\/\/dhg1h5j42swfq.cloudfront.net\/2025\/06\/03203428\/logo_concursos-1.jpg\",\"contentUrl\":\"https:\/\/dhg1h5j42swfq.cloudfront.net\/2025\/06\/03203428\/logo_concursos-1.jpg\",\"width\":230,\"height\":60,\"caption\":\"Estrat\u00e9gia Concursos\"},\"image\":{\"@id\":\"https:\/\/www.estrategiaconcursos.com.br\/blog\/#\/schema\/logo\/image\/\"},\"sameAs\":[\"https:\/\/x.com\/EstratConcursos\"]},{\"@type\":\"Person\",\"@id\":\"https:\/\/www.estrategiaconcursos.com.br\/blog\/#\/schema\/person\/868138e252bcfd323d1a01b063a19cf2\",\"name\":\"Rodrigo Barreto\",\"image\":{\"@type\":\"ImageObject\",\"inLanguage\":\"pt-BR\",\"@id\":\"https:\/\/secure.gravatar.com\/avatar\/fead8ec3da2f40fbca4bc2a545f699c5959018cc5ff61bdfa43c89bfee61e1d1?s=96&d=mm&r=g\",\"url\":\"https:\/\/secure.gravatar.com\/avatar\/fead8ec3da2f40fbca4bc2a545f699c5959018cc5ff61bdfa43c89bfee61e1d1?s=96&d=mm&r=g\",\"contentUrl\":\"https:\/\/secure.gravatar.com\/avatar\/fead8ec3da2f40fbca4bc2a545f699c5959018cc5ff61bdfa43c89bfee61e1d1?s=96&d=mm&r=g\",\"caption\":\"Rodrigo Barreto\"},\"url\":\"https:\/\/www.estrategiaconcursos.com.br\/blog\/author\/rodrigobarretoestrategiaconcursos-com-br\/\"}]}<\/script>\n<!-- \/ Yoast SEO Premium plugin. -->","yoast_head_json":{"title":"SES\/DF - Coment\u00e1rios \u00e0s provas de Atualidades - Recurso para Enfermeiros","robots":{"index":"index","follow":"follow","max-snippet":"max-snippet:-1","max-image-preview":"max-image-preview:large","max-video-preview":"max-video-preview:-1"},"canonical":"https:\/\/www.estrategiaconcursos.com.br\/blog\/sesdf-comentarios-provas-de-atualidades-recurso-para-enfermeiros\/","og_locale":"pt_BR","og_type":"article","og_title":"SES\/DF - Coment\u00e1rios \u00e0s provas de Atualidades - Recurso para Enfermeiros","og_description":"Ol\u00e1, pessoal. Mais uma vez \u00e9 um prazer inenarr\u00e1vel estar aqui com voc\u00eas! =) Analisei as provas aplicadas no \u00faltimo domingo pela banca Iades para o concurso da Secretaria de Sa\u00fade do Distrito Federal. As quest\u00f5es n\u00e3o foram, de modo geral, dif\u00edceis\u00a0e se relacionaram, sobretudo, \u00e0 sa\u00fade p\u00fablica, como, por exemplo, quando foram abordados o [&hellip;]","og_url":"https:\/\/www.estrategiaconcursos.com.br\/blog\/sesdf-comentarios-provas-de-atualidades-recurso-para-enfermeiros\/","og_site_name":"Estrat\u00e9gia Concursos","article_published_time":"2014-09-09T20:05:39+00:00","article_modified_time":"2023-04-14T13:49:32+00:00","author":"Rodrigo Barreto","twitter_card":"summary_large_image","twitter_creator":"@EstratConcursos","twitter_site":"@EstratConcursos","twitter_misc":{"Escrito por":"Rodrigo Barreto","Est. tempo de leitura":"5 minutos"},"schema":{"@context":"https:\/\/schema.org","@graph":[{"@type":"NewsArticle","@id":"https:\/\/www.estrategiaconcursos.com.br\/blog\/sesdf-comentarios-provas-de-atualidades-recurso-para-enfermeiros\/#article","isPartOf":{"@id":"https:\/\/www.estrategiaconcursos.com.br\/blog\/sesdf-comentarios-provas-de-atualidades-recurso-para-enfermeiros\/"},"author":{"name":"Rodrigo Barreto","@id":"https:\/\/www.estrategiaconcursos.com.br\/blog\/#\/schema\/person\/868138e252bcfd323d1a01b063a19cf2"},"headline":"SES\/DF &#8211; Coment\u00e1rios \u00e0s provas de Atualidades &#8211; Recurso para Enfermeiros","datePublished":"2014-09-09T20:05:39+00:00","dateModified":"2023-04-14T13:49:32+00:00","mainEntityOfPage":{"@id":"https:\/\/www.estrategiaconcursos.com.br\/blog\/sesdf-comentarios-provas-de-atualidades-recurso-para-enfermeiros\/"},"wordCount":940,"commentCount":0,"publisher":{"@id":"https:\/\/www.estrategiaconcursos.com.br\/blog\/#organization"},"keywords":["Atualidades","SES-DF"],"articleSection":["Concursos P\u00fablicos"],"inLanguage":"pt-BR","potentialAction":[{"@type":"CommentAction","name":"Comment","target":["https:\/\/www.estrategiaconcursos.com.br\/blog\/sesdf-comentarios-provas-de-atualidades-recurso-para-enfermeiros\/#respond"]}],"copyrightYear":"2014","copyrightHolder":{"@id":"https:\/\/www.estrategiaconcursos.com.br\/blog\/#organization"}},{"@type":"WebPage","@id":"https:\/\/www.estrategiaconcursos.com.br\/blog\/sesdf-comentarios-provas-de-atualidades-recurso-para-enfermeiros\/","url":"https:\/\/www.estrategiaconcursos.com.br\/blog\/sesdf-comentarios-provas-de-atualidades-recurso-para-enfermeiros\/","name":"SES\/DF - Coment\u00e1rios \u00e0s provas de Atualidades - Recurso para Enfermeiros","isPartOf":{"@id":"https:\/\/www.estrategiaconcursos.com.br\/blog\/#website"},"datePublished":"2014-09-09T20:05:39+00:00","dateModified":"2023-04-14T13:49:32+00:00","breadcrumb":{"@id":"https:\/\/www.estrategiaconcursos.com.br\/blog\/sesdf-comentarios-provas-de-atualidades-recurso-para-enfermeiros\/#breadcrumb"},"inLanguage":"pt-BR","potentialAction":[{"@type":"ReadAction","target":["https:\/\/www.estrategiaconcursos.com.br\/blog\/sesdf-comentarios-provas-de-atualidades-recurso-para-enfermeiros\/"]}]},{"@type":"BreadcrumbList","@id":"https:\/\/www.estrategiaconcursos.com.br\/blog\/sesdf-comentarios-provas-de-atualidades-recurso-para-enfermeiros\/#breadcrumb","itemListElement":[{"@type":"ListItem","position":1,"name":"In\u00edcio","item":"https:\/\/www.estrategiaconcursos.com.br\/blog\/"},{"@type":"ListItem","position":2,"name":"SES\/DF &#8211; Coment\u00e1rios \u00e0s provas de Atualidades &#8211; Recurso para Enfermeiros"}]},{"@type":"WebSite","@id":"https:\/\/www.estrategiaconcursos.com.br\/blog\/#website","url":"https:\/\/www.estrategiaconcursos.com.br\/blog\/","name":"Estrat\u00e9gia Concursos","description":"O blog da Estrat\u00e9gia Concursos traz not\u00edcias sobre concursos e artigos de professores oferecendo cursos para concursos (pdf + videaulas) no site.","publisher":{"@id":"https:\/\/www.estrategiaconcursos.com.br\/blog\/#organization"},"potentialAction":[{"@type":"SearchAction","target":{"@type":"EntryPoint","urlTemplate":"https:\/\/www.estrategiaconcursos.com.br\/blog\/?s={search_term_string}"},"query-input":{"@type":"PropertyValueSpecification","valueRequired":true,"valueName":"search_term_string"}}],"inLanguage":"pt-BR"},{"@type":"Organization","@id":"https:\/\/www.estrategiaconcursos.com.br\/blog\/#organization","name":"Estrat\u00e9gia Concursos","url":"https:\/\/www.estrategiaconcursos.com.br\/blog\/","logo":{"@type":"ImageObject","inLanguage":"pt-BR","@id":"https:\/\/www.estrategiaconcursos.com.br\/blog\/#\/schema\/logo\/image\/","url":"https:\/\/dhg1h5j42swfq.cloudfront.net\/2025\/06\/03203428\/logo_concursos-1.jpg","contentUrl":"https:\/\/dhg1h5j42swfq.cloudfront.net\/2025\/06\/03203428\/logo_concursos-1.jpg","width":230,"height":60,"caption":"Estrat\u00e9gia Concursos"},"image":{"@id":"https:\/\/www.estrategiaconcursos.com.br\/blog\/#\/schema\/logo\/image\/"},"sameAs":["https:\/\/x.com\/EstratConcursos"]},{"@type":"Person","@id":"https:\/\/www.estrategiaconcursos.com.br\/blog\/#\/schema\/person\/868138e252bcfd323d1a01b063a19cf2","name":"Rodrigo Barreto","image":{"@type":"ImageObject","inLanguage":"pt-BR","@id":"https:\/\/secure.gravatar.com\/avatar\/fead8ec3da2f40fbca4bc2a545f699c5959018cc5ff61bdfa43c89bfee61e1d1?s=96&d=mm&r=g","url":"https:\/\/secure.gravatar.com\/avatar\/fead8ec3da2f40fbca4bc2a545f699c5959018cc5ff61bdfa43c89bfee61e1d1?s=96&d=mm&r=g","contentUrl":"https:\/\/secure.gravatar.com\/avatar\/fead8ec3da2f40fbca4bc2a545f699c5959018cc5ff61bdfa43c89bfee61e1d1?s=96&d=mm&r=g","caption":"Rodrigo Barreto"},"url":"https:\/\/www.estrategiaconcursos.com.br\/blog\/author\/rodrigobarretoestrategiaconcursos-com-br\/"}]}},"_links":{"self":[{"href":"https:\/\/www.estrategiaconcursos.com.br\/blog\/wp-json\/wp\/v2\/posts\/17909","targetHints":{"allow":["GET"]}}],"collection":[{"href":"https:\/\/www.estrategiaconcursos.com.br\/blog\/wp-json\/wp\/v2\/posts"}],"about":[{"href":"https:\/\/www.estrategiaconcursos.com.br\/blog\/wp-json\/wp\/v2\/types\/post"}],"author":[{"embeddable":true,"href":"https:\/\/www.estrategiaconcursos.com.br\/blog\/wp-json\/wp\/v2\/users\/88"}],"replies":[{"embeddable":true,"href":"https:\/\/www.estrategiaconcursos.com.br\/blog\/wp-json\/wp\/v2\/comments?post=17909"}],"version-history":[{"count":2,"href":"https:\/\/www.estrategiaconcursos.com.br\/blog\/wp-json\/wp\/v2\/posts\/17909\/revisions"}],"predecessor-version":[{"id":1201671,"href":"https:\/\/www.estrategiaconcursos.com.br\/blog\/wp-json\/wp\/v2\/posts\/17909\/revisions\/1201671"}],"wp:attachment":[{"href":"https:\/\/www.estrategiaconcursos.com.br\/blog\/wp-json\/wp\/v2\/media?parent=17909"}],"wp:term":[{"taxonomy":"category","embeddable":true,"href":"https:\/\/www.estrategiaconcursos.com.br\/blog\/wp-json\/wp\/v2\/categories?post=17909"},{"taxonomy":"post_tag","embeddable":true,"href":"https:\/\/www.estrategiaconcursos.com.br\/blog\/wp-json\/wp\/v2\/tags?post=17909"},{"taxonomy":"tax_estado","embeddable":true,"href":"https:\/\/www.estrategiaconcursos.com.br\/blog\/wp-json\/wp\/v2\/tax_estado?post=17909"}],"curies":[{"name":"wp","href":"https:\/\/api.w.org\/{rel}","templated":true}]}}