{"id":17870,"date":"2014-09-08T14:36:06","date_gmt":"2014-09-08T17:36:06","guid":{"rendered":"https:\/\/www.estrategiaconcursos.com.br\/blog\/?p=17870"},"modified":"2017-05-26T13:08:36","modified_gmt":"2017-05-26T16:08:36","slug":"prova-microinformatica-da-secretaria-de-saude-df-comentada","status":"publish","type":"post","link":"https:\/\/www.estrategiaconcursos.com.br\/blog\/prova-microinformatica-da-secretaria-de-saude-df-comentada\/","title":{"rendered":"Prova Microinform\u00e1tica da Secretaria de Sa\u00fade do DF comentada!"},"content":{"rendered":"<p>\n\tOl&aacute;, pessoal, tudo bem?\n<\/p>\n<p>\n\tPassei aqui para comentar a prova de Microinform&aacute;tica da Secretaria de Sa&uacute;de do DF. Foi uma prova curta e f&aacute;cil, n&atilde;o &eacute;? Al&eacute;m disso, n&atilde;o encontrei erros que nos permitam apresentar recursos. O bom foi perceber que todas as quest&otilde;es foram abordadas em nosso curso!\n<\/p>\n<p>\n\t&nbsp;\n<\/p>\n<p>\n\tA primeira quest&atilde;o, sobre v&iacute;rus de computador, estava quase literalmente na p&aacute;gina 11 e comentamos uma quest&atilde;o relacionada ao tema editada pela pr&oacute;pria IADES em 2014 (quest&atilde;o 4, p&aacute;gina 48). A&iacute; ficou f&aacute;cil matar a quest&atilde;o, certo? Vejamos.\n<\/p>\n<p>\n\t<strong>(2014\/IADES\/SEAP-SES-NS\/Q20)<\/strong> Quanto ao processo de infec&ccedil;&atilde;o de v&iacute;rus em um computador e aos principais meios de propaga&ccedil;&atilde;o, &eacute; correto afirmar que, para que possa se tornar ativo e dar continuidade ao processo de infec&ccedil;&atilde;o,\n<\/p>\n<p>\n\t(A) basta ter um programa j&aacute; infectado para contaminar o computador, mesmo que o programa n&atilde;o tenha sido executado. Os principais meios de propaga&ccedil;&atilde;o de v&iacute;rus s&atilde;o o envio de <em>e-mail <\/em>e as m&iacute;dias remov&iacute;veis.\n<\/p>\n<p>\n\t(B) o v&iacute;rus n&atilde;o depende da execu&ccedil;&atilde;o do programa ou arquivo hospedeiro; dessa forma, basta ter um programa j&aacute; infectado. O principal meio de propaga&ccedil;&atilde;o de v&iacute;rus s&atilde;o as m&iacute;dias remov&iacute;veis, somente.\n<\/p>\n<p>\n\t(C) o v&iacute;rus depende da execu&ccedil;&atilde;o do programa ou arquivo hospedeiro; dessa forma, &eacute; preciso que um programa j&aacute; infectado seja executado. Os principais meios de propaga&ccedil;&atilde;o de v&iacute;rus s&atilde;o o envio de <em>e-mail <\/em>e as m&iacute;dias remov&iacute;veis.\n<\/p>\n<p>\n\t(D) o v&iacute;rus depende da execu&ccedil;&atilde;o do programa ou arquivo hospedeiro mas isso somente acontece se o programa for executado pelo administrador. O principal meio de propaga&ccedil;&atilde;o de v&iacute;rus s&atilde;o as m&iacute;dias remov&iacute;veis, apenas.\n<\/p>\n<p>\n\t(E) o v&iacute;rus n&atilde;o depende da execu&ccedil;&atilde;o do programa ou arquivo hospedeiro, mas, se o administrador fizer <em>login<\/em>, o v&iacute;rus ser&aacute; executado. O principal meio de propaga&ccedil;&atilde;o de v&iacute;rus s&atilde;o as m&iacute;dias remov&iacute;veis, somente.\n<\/p>\n<p>\n\t<strong>Coment&aacute;rios<\/strong>\n<\/p>\n<p>\n\tO gabarito preliminar est&aacute; correto. Os v&iacute;rus de computador precisam de um hospedeiro. Normalmente eles s&atilde;o acionados quando executamos um determinado arquivo ou quando executamos um c&oacute;digo malicioso presente em alguns arquivos, como os documentos do Word com macros.\n<\/p>\n<p>\n\t<strong>GABARITO PRELIMINAR: C<\/strong>\n<\/p>\n<p>\n\t&nbsp;\n<\/p>\n<p>\n\tA quest&atilde;o seguinte, sobre o Microsoft Word, n&atilde;o foi direcionada a uma vers&atilde;o espec&iacute;fica do aplicativo. Perguntou sobre uma das opera&ccedil;&atilde;o mais utilizadas e que, ainda hoje, confunde o candidato. &Eacute; o tema COPIAR-RECORTAR-COLAR.\n<\/p>\n<p>\n\tTratamos este tema em v&aacute;rios pontos da aula: na p&aacute;gina 11\/12, por exemplo, procuramos separar bem as opera&ccedil;&otilde;es para que nosso aluno n&atilde;o fosse pego de surpresa. Tenho certeza de que todos acertaram!\n<\/p>\n<p>\n\tEm nossas quest&otilde;es, ainda que a IADES n&atilde;o tenha cobrado isto recentemente, comentamos este tema na quest&atilde;o 19, banca FCC. Isto nos mostra que &eacute; importante resolver quest&otilde;es de outras bancas, pois muitas delas acabam aparecendo nas nossas provas. Vamos aos coment&aacute;rios.\n<\/p>\n<p>\n\t&nbsp;\n<\/p>\n<p>\n\t<strong>(2014\/IADES\/SEAP-SES-NS\/Q20)<\/strong> Acerca do Microsoft Word, &eacute; correto afirmar que o bot&atilde;o Recortar (Ctrl+X) do <em>menu <\/em>&Aacute;rea de Transfer&ecirc;ncia serve para\n<\/p>\n<p>\n\t(A) recortar uma &aacute;rea selecionada no documento e coloc&aacute;-la na &aacute;rea de transfer&ecirc;ncia.\n<\/p>\n<p>\n\t(B) copiar uma &aacute;rea selecionada no documento e coloc&aacute;-la na &aacute;rea de transfer&ecirc;ncia.\n<\/p>\n<p>\n\t(C) copiar e colar uma &aacute;rea selecionada no documento.\n<\/p>\n<p>\n\t(D) copiar a formata&ccedil;&atilde;o de uma &aacute;rea selecionada e aplic&aacute;-la a outra &aacute;rea.\n<\/p>\n<p>\n\t(E) recortar e copiar uma &aacute;rea selecionada no documento e coloc&aacute;-la em outro local do documento.\n<\/p>\n<p>\n\t<strong>Coment&aacute;rios<\/strong>\n<\/p>\n<p>\n\tConcordo com o gabarito. O Recortar (Ctrl+X) &eacute; o comando que copia os dados selecionados para a &aacute;rea de transfer&ecirc;ncia e os apaga do local original. Assim, ao final da opera&ccedil;&atilde;o, a &aacute;rea selecionada foi transferida para a mem&oacute;ria. Depois disso podemos colar os itens recortados em outro local do documento, como sugerido na letra (E). Mas, neste caso, precisaremos posicionar o ponto de inser&ccedil;&atilde;o no local desejado e usar o comando Colar (Ctrl+V).\n<\/p>\n<p>\n\t<strong>GABARITO PRELIMINAR: A<\/strong>\n<\/p>\n<p>\n\t&nbsp;\n<\/p>\n<p>\n\tFinalmente, a &uacute;ltima quest&atilde;o tratava do Sistema Operacional Windows 7. Foi, tamb&eacute;m, uma quest&atilde;o f&aacute;cil, perguntando sobre o menu Iniciar. Dedicamos um t&oacute;pico s&oacute; ao menu iniciar na aula 5 e mostramos como ele funciona. Vamos conferir a quest&atilde;o.\n<\/p>\n<p>\n\t<strong>(2014\/IADES\/SEAP-SES-NS\/Q20)<\/strong> Considerando o Windows 7, assinale a alternativa correta quanto ao <em>menu <\/em>Iniciar.\n<\/p>\n<p>\n\t(A) Consiste em uma se&ccedil;&atilde;o intermedi&aacute;ria que inclui um rel&oacute;gio e &iacute;cones que comunicam o <em>status <\/em>de determinados programas e das configura&ccedil;&otilde;es do computador.\n<\/p>\n<p>\n\t(B) &Eacute; o port&atilde;o de entrada para programas, pastas e configura&ccedil;&otilde;es do computador; o local onde se iniciar&aacute; ou abrir&aacute; itens.\n<\/p>\n<p>\n\t(C) &Eacute; a barra longa horizontal na parte inferior da tela, utilizada para manter o controle das janelas.\n<\/p>\n<p>\n\t(D) Permite desfazer (reverter) a&ccedil;&otilde;es ou erros cometidos pelos programas.\n<\/p>\n<p>\n\t(E) Trata-se de um programa que amplia a tela do computador, facilitando a leitura.\n<\/p>\n<p>\n\t<strong>Coment&aacute;rios<\/strong>\n<\/p>\n<p>\n\tO gabarito est&aacute; correto. Vamos analisar todos os itens.\n<\/p>\n<p>\n\t(A) O &ldquo;rel&oacute;gio e os &iacute;cones que comunicam o status de determinados programas e das configura&ccedil;&otilde;es do computador&rdquo; est&atilde;o presentes na <strong>&aacute;rea de notifica&ccedil;&atilde;o<\/strong> da <strong>barra de tarefas<\/strong>.\n<\/p>\n<p>\n\t(B) Correto. O menu iniciar &eacute; uma forma de acessar os programas, arquivos e configura&ccedil;&otilde;es do sistema.\n<\/p>\n<p>\n\t(C) O item refere-se &agrave; barra de tarefas.\n<\/p>\n<p>\n\t(D) Trata-se do comendo desfazer (Cttrl+Z).\n<\/p>\n<p>\n\t(E) O item est&aacute; falando de uma caracter&iacute;stica do comando de acessibilidade LUPA.\n<\/p>\n<p>\n\t<strong>GABARITO PRELIMINAR: B<\/strong>\n<\/p>\n<p>\n\t<strong>&nbsp;<\/strong><\/p>\n","protected":false},"excerpt":{"rendered":"<p>Ol&aacute;, pessoal, tudo bem? Passei aqui para comentar a prova de Microinform&aacute;tica da Secretaria de Sa&uacute;de do DF. Foi uma prova curta e f&aacute;cil, n&atilde;o &eacute;? Al&eacute;m disso, n&atilde;o encontrei erros que nos permitam apresentar recursos. O bom foi perceber que todas as quest&otilde;es foram abordadas em nosso curso! &nbsp; A primeira quest&atilde;o, sobre v&iacute;rus [&hellip;]<\/p>\n","protected":false},"author":48,"featured_media":0,"comment_status":"open","ping_status":"open","sticky":false,"template":"","format":"standard","meta":{"post_tipo":"article","footnotes":""},"categories":[],"tags":[554],"tax_estado":[],"class_list":["post-17870","post","type-post","status-publish","format-standard","hentry","tag-ses-df"],"acf":[],"yoast_head":"<!-- This site is optimized with the Yoast SEO Premium plugin v27.2 (Yoast SEO v27.2) - https:\/\/yoast.com\/product\/yoast-seo-premium-wordpress\/ -->\n<title>Prova Microinform\u00e1tica da Secretaria de Sa\u00fade do DF comentada!<\/title>\n<meta name=\"description\" content=\"Prova Microinform\u00e1tica da Secretaria de Sa\u00fade do DF comentada!\" \/>\n<meta name=\"robots\" content=\"index, follow, max-snippet:-1, max-image-preview:large, max-video-preview:-1\" \/>\n<link rel=\"canonical\" href=\"https:\/\/www.estrategiaconcursos.com.br\/blog\/prova-microinformatica-da-secretaria-de-saude-df-comentada\/\" \/>\n<meta property=\"og:locale\" content=\"pt_BR\" \/>\n<meta property=\"og:type\" content=\"article\" \/>\n<meta property=\"og:title\" content=\"Prova Microinform\u00e1tica da Secretaria de Sa\u00fade do DF comentada!\" \/>\n<meta property=\"og:description\" content=\"Prova Microinform\u00e1tica da Secretaria de Sa\u00fade do DF comentada!\" \/>\n<meta property=\"og:url\" content=\"https:\/\/www.estrategiaconcursos.com.br\/blog\/prova-microinformatica-da-secretaria-de-saude-df-comentada\/\" \/>\n<meta property=\"og:site_name\" content=\"Estrat\u00e9gia Concursos\" \/>\n<meta property=\"article:published_time\" content=\"2014-09-08T17:36:06+00:00\" \/>\n<meta property=\"article:modified_time\" content=\"2017-05-26T16:08:36+00:00\" \/>\n<meta name=\"author\" content=\"Coordena\u00e7\u00e3o\" \/>\n<meta name=\"twitter:card\" content=\"summary_large_image\" \/>\n<meta name=\"twitter:creator\" content=\"@EstratConcursos\" \/>\n<meta name=\"twitter:site\" content=\"@EstratConcursos\" \/>\n<meta name=\"twitter:label1\" content=\"Escrito por\" \/>\n\t<meta name=\"twitter:data1\" content=\"Coordena\u00e7\u00e3o\" \/>\n\t<meta name=\"twitter:label2\" content=\"Est. tempo de leitura\" \/>\n\t<meta name=\"twitter:data2\" content=\"6 minutos\" \/>\n<script type=\"application\/ld+json\" class=\"yoast-schema-graph\">{\"@context\":\"https:\/\/schema.org\",\"@graph\":[{\"@type\":\"NewsArticle\",\"@id\":\"https:\/\/www.estrategiaconcursos.com.br\/blog\/prova-microinformatica-da-secretaria-de-saude-df-comentada\/#article\",\"isPartOf\":{\"@id\":\"https:\/\/www.estrategiaconcursos.com.br\/blog\/prova-microinformatica-da-secretaria-de-saude-df-comentada\/\"},\"author\":{\"name\":\"Coordena\u00e7\u00e3o\",\"@id\":\"https:\/\/www.estrategiaconcursos.com.br\/blog\/#\/schema\/person\/cdad40b5818eb228a838461fcd656da7\"},\"headline\":\"Prova Microinform\u00e1tica da Secretaria de Sa\u00fade do DF comentada!\",\"datePublished\":\"2014-09-08T17:36:06+00:00\",\"dateModified\":\"2017-05-26T16:08:36+00:00\",\"mainEntityOfPage\":{\"@id\":\"https:\/\/www.estrategiaconcursos.com.br\/blog\/prova-microinformatica-da-secretaria-de-saude-df-comentada\/\"},\"wordCount\":1120,\"commentCount\":0,\"publisher\":{\"@id\":\"https:\/\/www.estrategiaconcursos.com.br\/blog\/#organization\"},\"keywords\":[\"SES-DF\"],\"inLanguage\":\"pt-BR\",\"potentialAction\":[{\"@type\":\"CommentAction\",\"name\":\"Comment\",\"target\":[\"https:\/\/www.estrategiaconcursos.com.br\/blog\/prova-microinformatica-da-secretaria-de-saude-df-comentada\/#respond\"]}],\"copyrightYear\":\"2014\",\"copyrightHolder\":{\"@id\":\"https:\/\/www.estrategiaconcursos.com.br\/blog\/#organization\"}},{\"@type\":\"WebPage\",\"@id\":\"https:\/\/www.estrategiaconcursos.com.br\/blog\/prova-microinformatica-da-secretaria-de-saude-df-comentada\/\",\"url\":\"https:\/\/www.estrategiaconcursos.com.br\/blog\/prova-microinformatica-da-secretaria-de-saude-df-comentada\/\",\"name\":\"Prova Microinform\u00e1tica da Secretaria de Sa\u00fade do DF comentada!\",\"isPartOf\":{\"@id\":\"https:\/\/www.estrategiaconcursos.com.br\/blog\/#website\"},\"datePublished\":\"2014-09-08T17:36:06+00:00\",\"dateModified\":\"2017-05-26T16:08:36+00:00\",\"description\":\"Prova Microinform\u00e1tica da Secretaria de Sa\u00fade do DF comentada!\",\"breadcrumb\":{\"@id\":\"https:\/\/www.estrategiaconcursos.com.br\/blog\/prova-microinformatica-da-secretaria-de-saude-df-comentada\/#breadcrumb\"},\"inLanguage\":\"pt-BR\",\"potentialAction\":[{\"@type\":\"ReadAction\",\"target\":[\"https:\/\/www.estrategiaconcursos.com.br\/blog\/prova-microinformatica-da-secretaria-de-saude-df-comentada\/\"]}]},{\"@type\":\"BreadcrumbList\",\"@id\":\"https:\/\/www.estrategiaconcursos.com.br\/blog\/prova-microinformatica-da-secretaria-de-saude-df-comentada\/#breadcrumb\",\"itemListElement\":[{\"@type\":\"ListItem\",\"position\":1,\"name\":\"In\u00edcio\",\"item\":\"https:\/\/www.estrategiaconcursos.com.br\/blog\/\"},{\"@type\":\"ListItem\",\"position\":2,\"name\":\"Prova Microinform\u00e1tica da Secretaria de Sa\u00fade do DF comentada!\"}]},{\"@type\":\"WebSite\",\"@id\":\"https:\/\/www.estrategiaconcursos.com.br\/blog\/#website\",\"url\":\"https:\/\/www.estrategiaconcursos.com.br\/blog\/\",\"name\":\"Estrat\u00e9gia Concursos\",\"description\":\"O blog da Estrat\u00e9gia Concursos traz not\u00edcias sobre concursos e artigos de professores oferecendo cursos para concursos (pdf + videaulas) no site.\",\"publisher\":{\"@id\":\"https:\/\/www.estrategiaconcursos.com.br\/blog\/#organization\"},\"potentialAction\":[{\"@type\":\"SearchAction\",\"target\":{\"@type\":\"EntryPoint\",\"urlTemplate\":\"https:\/\/www.estrategiaconcursos.com.br\/blog\/?s={search_term_string}\"},\"query-input\":{\"@type\":\"PropertyValueSpecification\",\"valueRequired\":true,\"valueName\":\"search_term_string\"}}],\"inLanguage\":\"pt-BR\"},{\"@type\":\"Organization\",\"@id\":\"https:\/\/www.estrategiaconcursos.com.br\/blog\/#organization\",\"name\":\"Estrat\u00e9gia Concursos\",\"url\":\"https:\/\/www.estrategiaconcursos.com.br\/blog\/\",\"logo\":{\"@type\":\"ImageObject\",\"inLanguage\":\"pt-BR\",\"@id\":\"https:\/\/www.estrategiaconcursos.com.br\/blog\/#\/schema\/logo\/image\/\",\"url\":\"https:\/\/dhg1h5j42swfq.cloudfront.net\/2025\/06\/03203428\/logo_concursos-1.jpg\",\"contentUrl\":\"https:\/\/dhg1h5j42swfq.cloudfront.net\/2025\/06\/03203428\/logo_concursos-1.jpg\",\"width\":230,\"height\":60,\"caption\":\"Estrat\u00e9gia Concursos\"},\"image\":{\"@id\":\"https:\/\/www.estrategiaconcursos.com.br\/blog\/#\/schema\/logo\/image\/\"},\"sameAs\":[\"https:\/\/x.com\/EstratConcursos\"]},{\"@type\":\"Person\",\"@id\":\"https:\/\/www.estrategiaconcursos.com.br\/blog\/#\/schema\/person\/cdad40b5818eb228a838461fcd656da7\",\"name\":\"Coordena\u00e7\u00e3o\",\"image\":{\"@type\":\"ImageObject\",\"inLanguage\":\"pt-BR\",\"@id\":\"https:\/\/secure.gravatar.com\/avatar\/a413b22da0f5009c634f6c4586a2dbe5207074fd5becd88db5183b8069ef25e4?s=96&d=mm&r=g\",\"url\":\"https:\/\/secure.gravatar.com\/avatar\/a413b22da0f5009c634f6c4586a2dbe5207074fd5becd88db5183b8069ef25e4?s=96&d=mm&r=g\",\"contentUrl\":\"https:\/\/secure.gravatar.com\/avatar\/a413b22da0f5009c634f6c4586a2dbe5207074fd5becd88db5183b8069ef25e4?s=96&d=mm&r=g\",\"caption\":\"Coordena\u00e7\u00e3o\"},\"url\":\"https:\/\/www.estrategiaconcursos.com.br\/blog\/author\/contatoestrategiaconcursos-com-br\/\"}]}<\/script>\n<!-- \/ Yoast SEO Premium plugin. -->","yoast_head_json":{"title":"Prova Microinform\u00e1tica da Secretaria de Sa\u00fade do DF comentada!","description":"Prova Microinform\u00e1tica da Secretaria de Sa\u00fade do DF comentada!","robots":{"index":"index","follow":"follow","max-snippet":"max-snippet:-1","max-image-preview":"max-image-preview:large","max-video-preview":"max-video-preview:-1"},"canonical":"https:\/\/www.estrategiaconcursos.com.br\/blog\/prova-microinformatica-da-secretaria-de-saude-df-comentada\/","og_locale":"pt_BR","og_type":"article","og_title":"Prova Microinform\u00e1tica da Secretaria de Sa\u00fade do DF comentada!","og_description":"Prova Microinform\u00e1tica da Secretaria de Sa\u00fade do DF comentada!","og_url":"https:\/\/www.estrategiaconcursos.com.br\/blog\/prova-microinformatica-da-secretaria-de-saude-df-comentada\/","og_site_name":"Estrat\u00e9gia Concursos","article_published_time":"2014-09-08T17:36:06+00:00","article_modified_time":"2017-05-26T16:08:36+00:00","author":"Coordena\u00e7\u00e3o","twitter_card":"summary_large_image","twitter_creator":"@EstratConcursos","twitter_site":"@EstratConcursos","twitter_misc":{"Escrito por":"Coordena\u00e7\u00e3o","Est. tempo de leitura":"6 minutos"},"schema":{"@context":"https:\/\/schema.org","@graph":[{"@type":"NewsArticle","@id":"https:\/\/www.estrategiaconcursos.com.br\/blog\/prova-microinformatica-da-secretaria-de-saude-df-comentada\/#article","isPartOf":{"@id":"https:\/\/www.estrategiaconcursos.com.br\/blog\/prova-microinformatica-da-secretaria-de-saude-df-comentada\/"},"author":{"name":"Coordena\u00e7\u00e3o","@id":"https:\/\/www.estrategiaconcursos.com.br\/blog\/#\/schema\/person\/cdad40b5818eb228a838461fcd656da7"},"headline":"Prova Microinform\u00e1tica da Secretaria de Sa\u00fade do DF comentada!","datePublished":"2014-09-08T17:36:06+00:00","dateModified":"2017-05-26T16:08:36+00:00","mainEntityOfPage":{"@id":"https:\/\/www.estrategiaconcursos.com.br\/blog\/prova-microinformatica-da-secretaria-de-saude-df-comentada\/"},"wordCount":1120,"commentCount":0,"publisher":{"@id":"https:\/\/www.estrategiaconcursos.com.br\/blog\/#organization"},"keywords":["SES-DF"],"inLanguage":"pt-BR","potentialAction":[{"@type":"CommentAction","name":"Comment","target":["https:\/\/www.estrategiaconcursos.com.br\/blog\/prova-microinformatica-da-secretaria-de-saude-df-comentada\/#respond"]}],"copyrightYear":"2014","copyrightHolder":{"@id":"https:\/\/www.estrategiaconcursos.com.br\/blog\/#organization"}},{"@type":"WebPage","@id":"https:\/\/www.estrategiaconcursos.com.br\/blog\/prova-microinformatica-da-secretaria-de-saude-df-comentada\/","url":"https:\/\/www.estrategiaconcursos.com.br\/blog\/prova-microinformatica-da-secretaria-de-saude-df-comentada\/","name":"Prova Microinform\u00e1tica da Secretaria de Sa\u00fade do DF comentada!","isPartOf":{"@id":"https:\/\/www.estrategiaconcursos.com.br\/blog\/#website"},"datePublished":"2014-09-08T17:36:06+00:00","dateModified":"2017-05-26T16:08:36+00:00","description":"Prova Microinform\u00e1tica da Secretaria de Sa\u00fade do DF comentada!","breadcrumb":{"@id":"https:\/\/www.estrategiaconcursos.com.br\/blog\/prova-microinformatica-da-secretaria-de-saude-df-comentada\/#breadcrumb"},"inLanguage":"pt-BR","potentialAction":[{"@type":"ReadAction","target":["https:\/\/www.estrategiaconcursos.com.br\/blog\/prova-microinformatica-da-secretaria-de-saude-df-comentada\/"]}]},{"@type":"BreadcrumbList","@id":"https:\/\/www.estrategiaconcursos.com.br\/blog\/prova-microinformatica-da-secretaria-de-saude-df-comentada\/#breadcrumb","itemListElement":[{"@type":"ListItem","position":1,"name":"In\u00edcio","item":"https:\/\/www.estrategiaconcursos.com.br\/blog\/"},{"@type":"ListItem","position":2,"name":"Prova Microinform\u00e1tica da Secretaria de Sa\u00fade do DF comentada!"}]},{"@type":"WebSite","@id":"https:\/\/www.estrategiaconcursos.com.br\/blog\/#website","url":"https:\/\/www.estrategiaconcursos.com.br\/blog\/","name":"Estrat\u00e9gia Concursos","description":"O blog da Estrat\u00e9gia Concursos traz not\u00edcias sobre concursos e artigos de professores oferecendo cursos para concursos (pdf + videaulas) no site.","publisher":{"@id":"https:\/\/www.estrategiaconcursos.com.br\/blog\/#organization"},"potentialAction":[{"@type":"SearchAction","target":{"@type":"EntryPoint","urlTemplate":"https:\/\/www.estrategiaconcursos.com.br\/blog\/?s={search_term_string}"},"query-input":{"@type":"PropertyValueSpecification","valueRequired":true,"valueName":"search_term_string"}}],"inLanguage":"pt-BR"},{"@type":"Organization","@id":"https:\/\/www.estrategiaconcursos.com.br\/blog\/#organization","name":"Estrat\u00e9gia Concursos","url":"https:\/\/www.estrategiaconcursos.com.br\/blog\/","logo":{"@type":"ImageObject","inLanguage":"pt-BR","@id":"https:\/\/www.estrategiaconcursos.com.br\/blog\/#\/schema\/logo\/image\/","url":"https:\/\/dhg1h5j42swfq.cloudfront.net\/2025\/06\/03203428\/logo_concursos-1.jpg","contentUrl":"https:\/\/dhg1h5j42swfq.cloudfront.net\/2025\/06\/03203428\/logo_concursos-1.jpg","width":230,"height":60,"caption":"Estrat\u00e9gia Concursos"},"image":{"@id":"https:\/\/www.estrategiaconcursos.com.br\/blog\/#\/schema\/logo\/image\/"},"sameAs":["https:\/\/x.com\/EstratConcursos"]},{"@type":"Person","@id":"https:\/\/www.estrategiaconcursos.com.br\/blog\/#\/schema\/person\/cdad40b5818eb228a838461fcd656da7","name":"Coordena\u00e7\u00e3o","image":{"@type":"ImageObject","inLanguage":"pt-BR","@id":"https:\/\/secure.gravatar.com\/avatar\/a413b22da0f5009c634f6c4586a2dbe5207074fd5becd88db5183b8069ef25e4?s=96&d=mm&r=g","url":"https:\/\/secure.gravatar.com\/avatar\/a413b22da0f5009c634f6c4586a2dbe5207074fd5becd88db5183b8069ef25e4?s=96&d=mm&r=g","contentUrl":"https:\/\/secure.gravatar.com\/avatar\/a413b22da0f5009c634f6c4586a2dbe5207074fd5becd88db5183b8069ef25e4?s=96&d=mm&r=g","caption":"Coordena\u00e7\u00e3o"},"url":"https:\/\/www.estrategiaconcursos.com.br\/blog\/author\/contatoestrategiaconcursos-com-br\/"}]}},"_links":{"self":[{"href":"https:\/\/www.estrategiaconcursos.com.br\/blog\/wp-json\/wp\/v2\/posts\/17870","targetHints":{"allow":["GET"]}}],"collection":[{"href":"https:\/\/www.estrategiaconcursos.com.br\/blog\/wp-json\/wp\/v2\/posts"}],"about":[{"href":"https:\/\/www.estrategiaconcursos.com.br\/blog\/wp-json\/wp\/v2\/types\/post"}],"author":[{"embeddable":true,"href":"https:\/\/www.estrategiaconcursos.com.br\/blog\/wp-json\/wp\/v2\/users\/48"}],"replies":[{"embeddable":true,"href":"https:\/\/www.estrategiaconcursos.com.br\/blog\/wp-json\/wp\/v2\/comments?post=17870"}],"version-history":[{"count":3,"href":"https:\/\/www.estrategiaconcursos.com.br\/blog\/wp-json\/wp\/v2\/posts\/17870\/revisions"}],"predecessor-version":[{"id":75461,"href":"https:\/\/www.estrategiaconcursos.com.br\/blog\/wp-json\/wp\/v2\/posts\/17870\/revisions\/75461"}],"wp:attachment":[{"href":"https:\/\/www.estrategiaconcursos.com.br\/blog\/wp-json\/wp\/v2\/media?parent=17870"}],"wp:term":[{"taxonomy":"category","embeddable":true,"href":"https:\/\/www.estrategiaconcursos.com.br\/blog\/wp-json\/wp\/v2\/categories?post=17870"},{"taxonomy":"post_tag","embeddable":true,"href":"https:\/\/www.estrategiaconcursos.com.br\/blog\/wp-json\/wp\/v2\/tags?post=17870"},{"taxonomy":"tax_estado","embeddable":true,"href":"https:\/\/www.estrategiaconcursos.com.br\/blog\/wp-json\/wp\/v2\/tax_estado?post=17870"}],"curies":[{"name":"wp","href":"https:\/\/api.w.org\/{rel}","templated":true}]}}