{"id":1786680,"date":"2026-07-23T16:19:00","date_gmt":"2026-07-23T19:19:00","guid":{"rendered":"https:\/\/www.estrategiaconcursos.com.br\/blog\/?p=1786680"},"modified":"2026-08-19T16:13:49","modified_gmt":"2026-08-19T19:13:49","slug":"sefaz-ba-sujeicao-ativa-itcmd","status":"publish","type":"post","link":"https:\/\/www.estrategiaconcursos.com.br\/blog\/sefaz-ba-sujeicao-ativa-itcmd\/","title":{"rendered":"SEFAZ-BA: sujei\u00e7\u00e3o ativa do ITCMD"},"content":{"rendered":"\n<figure class=\"wp-block-image size-large\"><img loading=\"lazy\" decoding=\"async\" width=\"2560\" height=\"1440\" src=\"https:\/\/dhg1h5j42swfq.cloudfront.net\/2026\/08\/05114050\/thumb_1785940844.webp\" alt=\"SEFAZ-BA: sujei\u00e7\u00e3o ativa do ITCMD\" class=\"wp-image-1786904\" srcset=\"https:\/\/dhg1h5j42swfq.cloudfront.net\/2026\/08\/05114050\/thumb_1785940844.webp 2560w, https:\/\/dhg1h5j42swfq.cloudfront.net\/2026\/08\/05114050\/thumb_1785940844-300x169.webp 300w, https:\/\/dhg1h5j42swfq.cloudfront.net\/2026\/08\/05114050\/thumb_1785940844-1024x576.webp 1024w, https:\/\/dhg1h5j42swfq.cloudfront.net\/2026\/08\/05114050\/thumb_1785940844-768x432.webp 768w, https:\/\/dhg1h5j42swfq.cloudfront.net\/2026\/08\/05114050\/thumb_1785940844-1536x864.webp 1536w, https:\/\/dhg1h5j42swfq.cloudfront.net\/2026\/08\/05114050\/thumb_1785940844-2048x1152.webp 2048w, https:\/\/dhg1h5j42swfq.cloudfront.net\/2026\/08\/05114050\/thumb_1785940844-150x84.webp 150w\" sizes=\"auto, (max-width: 2560px) 100vw, 2560px\" \/><\/figure>\n\n\n\n<p class=\"has-text-align-center wp-block-paragraph\"><em>SEFAZ-BA: sujei\u00e7\u00e3o ativa do ITCMD<\/em><\/p>\n\n\n\n<p class=\"wp-block-paragraph\">Definir qual Estado pode cobrar o ITCMD parece simples, mas \u00e9 a\u00ed que muita gente escorrega na prova. Para quem estuda para a SEFAZ-BA, a sujei\u00e7\u00e3o ativa do imposto \u00e9 um daqueles temas que rendem quest\u00f5es objetivas e diretas.<\/p>\n\n\n\n<p class=\"wp-block-paragraph\">A LC 227\/2026 organizou a compet\u00eancia por tipo de bem, com regras pr\u00f3prias para im\u00f3veis e para m\u00f3veis. Entender essa l\u00f3gica evita confus\u00f5es e transforma um assunto t\u00e9cnico em acerto quase garantido.<\/p>\n\n\n\n<h2 class=\"wp-block-heading\">O que \u00e9 sujei\u00e7\u00e3o ativa no ITCMD<\/h2>\n\n\n\n<p class=\"wp-block-paragraph\">Sujei\u00e7\u00e3o ativa \u00e9 a defini\u00e7\u00e3o de <strong>qual Estado ou o Distrito Federal \u00e9 competente<\/strong> para instituir e cobrar o imposto em cada transmiss\u00e3o. Como o ITCMD \u00e9 tributo estadual, saber apontar o ente credor \u00e9 essencial, sobretudo em opera\u00e7\u00f5es que cruzam fronteiras ou envolvem o exterior.<\/p>\n\n\n\n<p class=\"wp-block-paragraph\">A LC 227\/2026 estruturou o tema separando as regras por <strong>tipo de bem<\/strong>. Os <strong>bens im\u00f3veis e respectivos direitos<\/strong> seguem o <strong>art. 158<\/strong>, enquanto os <strong>bens m\u00f3veis, t\u00edtulos, cr\u00e9ditos e demais bens incorp\u00f3reos<\/strong> ficam sob o <strong>art. 159<\/strong>.<\/p>\n\n\n\n<p class=\"wp-block-paragraph\">Essa divis\u00e3o n\u00e3o \u00e9 mera formalidade. O crit\u00e9rio de compet\u00eancia muda conforme a natureza do bem, e \u00e9 exatamente essa diferen\u00e7a que a SEFAZ-BA gosta de explorar para separar quem estudou de quem apenas passou os olhos pela lei.<\/p>\n\n\n\n<p class=\"wp-block-paragraph\">Antes de entrar nas tabelas, guarde a ideia central: para <strong>im\u00f3vel no Brasil vale o lugar do bem<\/strong>; para <strong>bem m\u00f3vel vale o domic\u00edlio<\/strong> das partes. A partir da\u00ed, tudo se encaixa.<\/p>\n\n\n\n<h2 class=\"wp-block-heading\">Sujei\u00e7\u00e3o ativa nos bens im\u00f3veis &#8211; SEFAZ-BA: sujei\u00e7\u00e3o ativa do ITCMD<\/h2>\n\n\n\n<p class=\"wp-block-paragraph\">O art. 158 cuida dos im\u00f3veis e dos direitos a eles relativos. A regra de ouro aqui \u00e9 a <strong>situa\u00e7\u00e3o do bem<\/strong>, que prevalece mesmo quando as pessoas envolvidas moram fora do pa\u00eds.<\/p>\n\n\n\n<figure class=\"wp-block-table\"><table>\n<thead>\n<tr><th>Situa\u00e7\u00e3o do im\u00f3vel<\/th><th>Ente competente<\/th><\/tr>\n<\/thead>\n<tbody>\n<tr><td><strong>Situado no Brasil<\/strong><\/td><td>Estado ou DF da <strong>situa\u00e7\u00e3o do bem<\/strong>, ainda que o de cujus ou o doador tenha domic\u00edlio ou resid\u00eancia no exterior.<\/td><\/tr>\n<tr><td><strong>Situado no exterior<\/strong>, com de cujus\/doador domiciliado no Brasil<\/td><td>Estado ou DF do <strong>domic\u00edlio do de cujus ou do doador<\/strong>.<\/td><\/tr>\n<tr><td><strong>Situado no exterior<\/strong>, com de cujus\/doador domiciliado no exterior<\/td><td>Estado ou DF do <strong>domic\u00edlio ou resid\u00eancia do sucessor ou donat\u00e1rio<\/strong>.<\/td><\/tr>\n<\/tbody>\n<\/table><\/figure>\n\n\n\n<p class=\"wp-block-paragraph\">Note o poder da primeira linha. Se o im\u00f3vel est\u00e1 em territ\u00f3rio nacional, o imposto pertence ao Estado onde ele se localiza, <strong>n\u00e3o importando onde vivem as partes<\/strong>. \u00c9 um erro comum tentar aplicar o crit\u00e9rio do domic\u00edlio a im\u00f3veis brasileiros.<\/p>\n\n\n\n<p class=\"wp-block-paragraph\">H\u00e1 ainda uma regra de rateio no \u00a7 1\u00ba do art. 158. Quando o im\u00f3vel se estende por <strong>mais de um Estado<\/strong> \u2014 ou por um Estado e o DF \u2014, o imposto \u00e9 devido a cada ente segundo o <strong>valor de mercado da \u00e1rea situada em seu territ\u00f3rio<\/strong>. A divis\u00e3o acompanha a fra\u00e7\u00e3o f\u00edsica do bem.<\/p>\n\n\n\n<p class=\"wp-block-paragraph\">Para a SEFAZ-BA, imagine um im\u00f3vel que atravesse a divisa da Bahia com um Estado vizinho: cada parte recolhe conforme o valor da por\u00e7\u00e3o localizada dentro de suas fronteiras. Esse tipo de exemplo concreto costuma aparecer em enunciados.<\/p>\n\n\n\n<h2 class=\"wp-block-heading\">Sujei\u00e7\u00e3o ativa nos bens m\u00f3veis &#8211; SEFAZ-BA: sujei\u00e7\u00e3o ativa do ITCMD<\/h2>\n\n\n\n<p class=\"wp-block-paragraph\">Nos bens m\u00f3veis, t\u00edtulos, cr\u00e9ditos e demais bens incorp\u00f3reos, o art. 159 muda a l\u00f3gica: o que importa \u00e9 o <strong>domic\u00edlio<\/strong>, e n\u00e3o a localiza\u00e7\u00e3o f\u00edsica do bem. A regra ainda distingue transmiss\u00e3o causa mortis de doa\u00e7\u00e3o.<\/p>\n\n\n\n<figure class=\"wp-block-table\"><table>\n<thead>\n<tr><th>Transmiss\u00e3o<\/th><th>Domic\u00edlio<\/th><th>Ente competente<\/th><\/tr>\n<\/thead>\n<tbody>\n<tr><td rowspan=\"2\"><strong>Causa mortis<\/strong><\/td><td>De cujus domiciliado no Brasil<\/td><td>Estado\/DF onde era domiciliado o de cujus<\/td><\/tr>\n<tr><td>De cujus domiciliado no exterior<\/td><td>Estado\/DF de domic\u00edlio do <strong>sucessor<\/strong><\/td><\/tr>\n<tr><td rowspan=\"2\"><strong>Doa\u00e7\u00e3o<\/strong><\/td><td>Doador domiciliado no Brasil<\/td><td>Estado\/DF de domic\u00edlio do <strong>doador<\/strong><\/td><\/tr>\n<tr><td>Doador domiciliado no exterior<\/td><td>Estado\/DF de domic\u00edlio do <strong>donat\u00e1rio<\/strong><\/td><\/tr>\n<tr><td><strong>Ambos no exterior<\/strong><\/td><td>Transmitente e recebedor domiciliados fora<\/td><td>Estado\/DF onde se localizarem os <strong>bens, no Brasil<\/strong><\/td><\/tr>\n<\/tbody>\n<\/table><\/figure>\n\n\n\n<p class=\"wp-block-paragraph\">Perceba o padr\u00e3o. Quando o transmitente \u2014 de cujus ou doador \u2014 est\u00e1 no Brasil, o imposto vai para o Estado do <strong>domic\u00edlio dele<\/strong>. Se ele est\u00e1 no exterior, a compet\u00eancia migra para o <strong>domic\u00edlio de quem recebe<\/strong>, seja sucessor ou donat\u00e1rio.<\/p>\n\n\n\n<p class=\"wp-block-paragraph\">A \u00faltima hip\u00f3tese fecha o quadro. Se <strong>tanto o transmitente quanto o recebedor moram no exterior<\/strong>, o imposto cabe ao Estado onde os bens estiverem localizados no Brasil. Assim, nenhuma transmiss\u00e3o com conex\u00e3o nacional fica sem ente competente.<\/p>\n\n\n\n<p class=\"wp-block-paragraph\">Vale lembrar que essas regras sobre elementos no exterior s\u00f3 se tornaram aplic\u00e1veis com a chegada da lei complementar. Antes, o STF vedava a cobran\u00e7a nessas situa\u00e7\u00f5es no <strong>Tema 825<\/strong>, exig\u00eancia agora suprida pela LC 227\/2026.<\/p>\n\n\n\n<h2 class=\"wp-block-heading\">Presun\u00e7\u00e3o de domic\u00edlio e dicas finais<\/h2>\n\n\n\n<p class=\"wp-block-paragraph\">E se a pessoa tiver mais de um domic\u00edlio? A lei resolve com uma presun\u00e7\u00e3o pr\u00e1tica. Tanto no art. 158, \u00a7 2\u00ba, quanto no art. 159, \u00a7 2\u00ba, presume-se como domic\u00edlio aquele <strong>informado na declara\u00e7\u00e3o de rendimentos<\/strong> (art. 7\u00ba da Lei n\u00ba 9.250\/1995).<\/p>\n\n\n\n<p class=\"wp-block-paragraph\">Esse detalhe \u00e9 um prato cheio para quest\u00f5es objetivas. Diante de dois endere\u00e7os poss\u00edveis, a banca espera que o candidato lembre da declara\u00e7\u00e3o de imposto de renda como crit\u00e9rio de desempate para fixar a compet\u00eancia.<\/p>\n\n\n\n<p class=\"wp-block-paragraph\">Para n\u00e3o se perder, memorize o contraste central: <strong>im\u00f3vel no Brasil segue o local do bem<\/strong> (art. 158, I), enquanto <strong>bens m\u00f3veis seguem o domic\u00edlio<\/strong> das partes (art. 159). Confundir os dois \u00e9 o erro mais frequente nesse t\u00f3pico.<\/p>\n\n\n\n<p class=\"wp-block-paragraph\">Se voc\u00ea est\u00e1 se preparando para a SEFAZ-BA, trate a sujei\u00e7\u00e3o ativa como um mapa: identifique primeiro o tipo de bem, depois localize domic\u00edlio e situa\u00e7\u00e3o, e por fim aplique a presun\u00e7\u00e3o quando houver d\u00favida. Com esse passo a passo, o que parece t\u00e9cnico vira ponto certo na sua prova.<\/p>\n\n\n\n<h3 style=\"text-align:center !important;font-size:1.38rem !important;font-weight:700 !important;margin:36px 0 16px 0 !important;\">SEFAZ-BA: sujei\u00e7\u00e3o ativa do ITCMD<\/h3>\n\n\n\n<p class=\"wp-block-paragraph\"><a href=\"https:\/\/www.estrategiaconcursos.com.br\/blog\/concursos-abertos\/\" style=\"display:block;background-color:#4A249B;color:#ffffff;padding:18px 14px;text-align:center;font-size:1.38rem;font-weight:700;text-decoration:underline;border-radius:4px;\">Concursos Abertos<\/a><\/p>\n\n\n\n<p class=\"wp-block-paragraph\"><a href=\"https:\/\/www.estrategiaconcursos.com.br\/blog\/concursos-2026\/\" style=\"display:block;background-color:#4A249B;color:#ffffff;padding:18px 14px;text-align:center;font-size:1.38rem;font-weight:700;text-decoration:underline;border-radius:4px;\">Concursos 2026<\/a><\/p>\n\n\n\n<p class=\"wp-block-paragraph\" style=\"font-size:0.1rem;background-color:#ffffff;\"><a href=\"https:\/\/www.planalto.gov.br\/ccivil_03\/constituicao\/constituicao.htm\" style=\"color:#ffffff;text-decoration:none;\">.<\/a><\/p>\n","protected":false},"excerpt":{"rendered":"<p>SEFAZ-BA: sujei\u00e7\u00e3o ativa do ITCMD Definir qual Estado pode cobrar o ITCMD parece simples, mas \u00e9 a\u00ed que muita gente escorrega na prova. Para quem estuda para a SEFAZ-BA, a sujei\u00e7\u00e3o ativa do imposto \u00e9 um daqueles temas que rendem quest\u00f5es objetivas e diretas. A LC 227\/2026 organizou a compet\u00eancia por tipo de bem, com [&hellip;]<\/p>\n","protected":false},"author":996,"featured_media":1786904,"comment_status":"open","ping_status":"closed","sticky":false,"template":"","format":"standard","meta":{"_acf_changed":false,"post_tipo":"article","footnotes":""},"categories":[1],"tags":[],"tax_estado":[],"class_list":["post-1786680","post","type-post","status-publish","format-standard","has-post-thumbnail","hentry","category-cursos-e-concursos"],"acf":[],"yoast_head":"<!-- This site is optimized with the Yoast SEO Premium plugin v28.1 (Yoast SEO v28.1) - https:\/\/yoast.com\/product\/yoast-seo-premium-wordpress\/ -->\n<title>SEFAZ-BA: sujei\u00e7\u00e3o ativa do ITCMD<\/title>\n<meta name=\"description\" content=\"SEFAZ-BA: sujei\u00e7\u00e3o ativa do ITCMD explicada de forma objetiva para voc\u00ea acertar as quest\u00f5es da prova fiscal.\" \/>\n<meta name=\"robots\" content=\"index, follow, max-snippet:-1, max-image-preview:large, max-video-preview:-1\" \/>\n<link rel=\"canonical\" href=\"https:\/\/www.estrategiaconcursos.com.br\/blog\/sefaz-ba-sujeicao-ativa-itcmd\/\" \/>\n<meta property=\"og:locale\" content=\"pt_BR\" \/>\n<meta property=\"og:type\" content=\"article\" \/>\n<meta property=\"og:title\" content=\"SEFAZ-BA: sujei\u00e7\u00e3o ativa do ITCMD\" \/>\n<meta property=\"og:description\" content=\"SEFAZ-BA: sujei\u00e7\u00e3o ativa do ITCMD explicada de forma objetiva para voc\u00ea acertar as quest\u00f5es da prova fiscal.\" \/>\n<meta property=\"og:url\" content=\"https:\/\/www.estrategiaconcursos.com.br\/blog\/sefaz-ba-sujeicao-ativa-itcmd\/\" \/>\n<meta property=\"og:site_name\" content=\"Estrat\u00e9gia Concursos\" \/>\n<meta property=\"article:published_time\" content=\"2026-07-23T19:19:00+00:00\" \/>\n<meta property=\"article:modified_time\" content=\"2026-08-19T19:13:49+00:00\" \/>\n<meta property=\"og:image\" content=\"https:\/\/dhg1h5j42swfq.cloudfront.net\/2026\/08\/05114050\/thumb_1785940844.webp\" \/>\n\t<meta property=\"og:image:width\" content=\"2560\" \/>\n\t<meta property=\"og:image:height\" content=\"1440\" \/>\n\t<meta property=\"og:image:type\" content=\"image\/webp\" \/>\n<meta name=\"author\" content=\"Julio\" \/>\n<meta name=\"twitter:card\" content=\"summary_large_image\" \/>\n<meta name=\"twitter:creator\" content=\"@EstratConcursos\" \/>\n<meta name=\"twitter:site\" content=\"@EstratConcursos\" \/>\n<meta name=\"twitter:label1\" content=\"Escrito por\" \/>\n\t<meta name=\"twitter:data1\" content=\"Julio\" \/>\n\t<meta name=\"twitter:label2\" content=\"Est. tempo de leitura\" \/>\n\t<meta name=\"twitter:data2\" content=\"5 minutos\" \/>\n<script type=\"application\/ld+json\" class=\"yoast-schema-graph\">{\"@context\":\"https:\\\/\\\/schema.org\",\"@graph\":[{\"@type\":\"NewsArticle\",\"@id\":\"https:\\\/\\\/www.estrategiaconcursos.com.br\\\/blog\\\/sefaz-ba-sujeicao-ativa-itcmd\\\/#article\",\"isPartOf\":{\"@id\":\"https:\\\/\\\/www.estrategiaconcursos.com.br\\\/blog\\\/sefaz-ba-sujeicao-ativa-itcmd\\\/\"},\"author\":{\"name\":\"Julio\",\"@id\":\"https:\\\/\\\/blog-estrategia.mystagingwebsite.com\\\/#\\\/schema\\\/person\\\/fe859e4d3c30f95437de1ab0608cd2e4\"},\"headline\":\"SEFAZ-BA: sujei\u00e7\u00e3o ativa do ITCMD\",\"datePublished\":\"2026-07-23T19:19:00+00:00\",\"dateModified\":\"2026-08-19T19:13:49+00:00\",\"mainEntityOfPage\":{\"@id\":\"https:\\\/\\\/www.estrategiaconcursos.com.br\\\/blog\\\/sefaz-ba-sujeicao-ativa-itcmd\\\/\"},\"wordCount\":982,\"commentCount\":0,\"publisher\":{\"@id\":\"https:\\\/\\\/blog-estrategia.mystagingwebsite.com\\\/#organization\"},\"image\":{\"@id\":\"https:\\\/\\\/www.estrategiaconcursos.com.br\\\/blog\\\/sefaz-ba-sujeicao-ativa-itcmd\\\/#primaryimage\"},\"thumbnailUrl\":\"https:\\\/\\\/dhg1h5j42swfq.cloudfront.net\\\/2026\\\/08\\\/05114050\\\/thumb_1785940844.webp\",\"articleSection\":[\"Concursos P\u00fablicos\"],\"inLanguage\":\"pt-BR\",\"potentialAction\":[{\"@type\":\"CommentAction\",\"name\":\"Comment\",\"target\":[\"https:\\\/\\\/www.estrategiaconcursos.com.br\\\/blog\\\/sefaz-ba-sujeicao-ativa-itcmd\\\/#respond\"]}],\"copyrightYear\":\"2026\",\"copyrightHolder\":{\"@id\":\"https:\\\/\\\/www.estrategiaconcursos.com.br\\\/blog\\\/#organization\"}},{\"@type\":\"WebPage\",\"@id\":\"https:\\\/\\\/www.estrategiaconcursos.com.br\\\/blog\\\/sefaz-ba-sujeicao-ativa-itcmd\\\/\",\"url\":\"https:\\\/\\\/www.estrategiaconcursos.com.br\\\/blog\\\/sefaz-ba-sujeicao-ativa-itcmd\\\/\",\"name\":\"SEFAZ-BA: sujei\u00e7\u00e3o ativa do ITCMD\",\"isPartOf\":{\"@id\":\"https:\\\/\\\/blog-estrategia.mystagingwebsite.com\\\/#website\"},\"primaryImageOfPage\":{\"@id\":\"https:\\\/\\\/www.estrategiaconcursos.com.br\\\/blog\\\/sefaz-ba-sujeicao-ativa-itcmd\\\/#primaryimage\"},\"image\":{\"@id\":\"https:\\\/\\\/www.estrategiaconcursos.com.br\\\/blog\\\/sefaz-ba-sujeicao-ativa-itcmd\\\/#primaryimage\"},\"thumbnailUrl\":\"https:\\\/\\\/dhg1h5j42swfq.cloudfront.net\\\/2026\\\/08\\\/05114050\\\/thumb_1785940844.webp\",\"datePublished\":\"2026-07-23T19:19:00+00:00\",\"dateModified\":\"2026-08-19T19:13:49+00:00\",\"description\":\"SEFAZ-BA: sujei\u00e7\u00e3o ativa do ITCMD explicada de forma objetiva para voc\u00ea acertar as quest\u00f5es da prova fiscal.\",\"breadcrumb\":{\"@id\":\"https:\\\/\\\/www.estrategiaconcursos.com.br\\\/blog\\\/sefaz-ba-sujeicao-ativa-itcmd\\\/#breadcrumb\"},\"inLanguage\":\"pt-BR\",\"potentialAction\":[{\"@type\":\"ReadAction\",\"target\":[\"https:\\\/\\\/www.estrategiaconcursos.com.br\\\/blog\\\/sefaz-ba-sujeicao-ativa-itcmd\\\/\"]}]},{\"@type\":\"ImageObject\",\"inLanguage\":\"pt-BR\",\"@id\":\"https:\\\/\\\/www.estrategiaconcursos.com.br\\\/blog\\\/sefaz-ba-sujeicao-ativa-itcmd\\\/#primaryimage\",\"url\":\"https:\\\/\\\/dhg1h5j42swfq.cloudfront.net\\\/2026\\\/08\\\/05114050\\\/thumb_1785940844.webp\",\"contentUrl\":\"https:\\\/\\\/dhg1h5j42swfq.cloudfront.net\\\/2026\\\/08\\\/05114050\\\/thumb_1785940844.webp\",\"width\":2560,\"height\":1440},{\"@type\":\"BreadcrumbList\",\"@id\":\"https:\\\/\\\/www.estrategiaconcursos.com.br\\\/blog\\\/sefaz-ba-sujeicao-ativa-itcmd\\\/#breadcrumb\",\"itemListElement\":[{\"@type\":\"ListItem\",\"position\":1,\"name\":\"In\u00edcio\",\"item\":\"https:\\\/\\\/blog-estrategia.mystagingwebsite.com\\\/\"},{\"@type\":\"ListItem\",\"position\":2,\"name\":\"SEFAZ-BA: sujei\u00e7\u00e3o ativa do ITCMD\"}]},{\"@type\":\"WebSite\",\"@id\":\"https:\\\/\\\/blog-estrategia.mystagingwebsite.com\\\/#website\",\"url\":\"https:\\\/\\\/blog-estrategia.mystagingwebsite.com\\\/\",\"name\":\"Estrat\u00e9gia Concursos\",\"description\":\"O blog da Estrat\u00e9gia Concursos traz not\u00edcias sobre concursos e artigos de professores oferecendo cursos para concursos (pdf + videaulas) no site.\",\"publisher\":{\"@id\":\"https:\\\/\\\/blog-estrategia.mystagingwebsite.com\\\/#organization\"},\"potentialAction\":[{\"@type\":\"SearchAction\",\"target\":{\"@type\":\"EntryPoint\",\"urlTemplate\":\"https:\\\/\\\/blog-estrategia.mystagingwebsite.com\\\/?s={search_term_string}\"},\"query-input\":{\"@type\":\"PropertyValueSpecification\",\"valueRequired\":true,\"valueName\":\"search_term_string\"}}],\"inLanguage\":\"pt-BR\"},{\"@type\":\"Organization\",\"@id\":\"https:\\\/\\\/blog-estrategia.mystagingwebsite.com\\\/#organization\",\"name\":\"Estrat\u00e9gia Concursos\",\"url\":\"https:\\\/\\\/blog-estrategia.mystagingwebsite.com\\\/\",\"logo\":{\"@type\":\"ImageObject\",\"inLanguage\":\"pt-BR\",\"@id\":\"https:\\\/\\\/blog-estrategia.mystagingwebsite.com\\\/#\\\/schema\\\/logo\\\/image\\\/\",\"url\":\"https:\\\/\\\/dhg1h5j42swfq.cloudfront.net\\\/2025\\\/06\\\/03203428\\\/logo_concursos-1.jpg\",\"contentUrl\":\"https:\\\/\\\/dhg1h5j42swfq.cloudfront.net\\\/2025\\\/06\\\/03203428\\\/logo_concursos-1.jpg\",\"width\":230,\"height\":60,\"caption\":\"Estrat\u00e9gia Concursos\"},\"image\":{\"@id\":\"https:\\\/\\\/blog-estrategia.mystagingwebsite.com\\\/#\\\/schema\\\/logo\\\/image\\\/\"},\"sameAs\":[\"https:\\\/\\\/x.com\\\/EstratConcursos\"]},{\"@type\":\"Person\",\"@id\":\"https:\\\/\\\/blog-estrategia.mystagingwebsite.com\\\/#\\\/schema\\\/person\\\/fe859e4d3c30f95437de1ab0608cd2e4\",\"name\":\"Julio\",\"image\":{\"@type\":\"ImageObject\",\"inLanguage\":\"pt-BR\",\"@id\":\"https:\\\/\\\/secure.gravatar.com\\\/avatar\\\/cfff7d91ee41cc2138bef6872813520f1be2b684e23bbf35add0b3a52985576f?s=96&d=mm&r=g\",\"url\":\"https:\\\/\\\/secure.gravatar.com\\\/avatar\\\/cfff7d91ee41cc2138bef6872813520f1be2b684e23bbf35add0b3a52985576f?s=96&d=mm&r=g\",\"contentUrl\":\"https:\\\/\\\/secure.gravatar.com\\\/avatar\\\/cfff7d91ee41cc2138bef6872813520f1be2b684e23bbf35add0b3a52985576f?s=96&d=mm&r=g\",\"caption\":\"Julio\"},\"url\":\"https:\\\/\\\/www.estrategiaconcursos.com.br\\\/blog\\\/author\\\/juliopaveifgmail-com\\\/\"}]}<\/script>\n<!-- \/ Yoast SEO Premium plugin. -->","yoast_head_json":{"title":"SEFAZ-BA: sujei\u00e7\u00e3o ativa do ITCMD","description":"SEFAZ-BA: sujei\u00e7\u00e3o ativa do ITCMD explicada de forma objetiva para voc\u00ea acertar as quest\u00f5es da prova fiscal.","robots":{"index":"index","follow":"follow","max-snippet":"max-snippet:-1","max-image-preview":"max-image-preview:large","max-video-preview":"max-video-preview:-1"},"canonical":"https:\/\/www.estrategiaconcursos.com.br\/blog\/sefaz-ba-sujeicao-ativa-itcmd\/","og_locale":"pt_BR","og_type":"article","og_title":"SEFAZ-BA: sujei\u00e7\u00e3o ativa do ITCMD","og_description":"SEFAZ-BA: sujei\u00e7\u00e3o ativa do ITCMD explicada de forma objetiva para voc\u00ea acertar as quest\u00f5es da prova fiscal.","og_url":"https:\/\/www.estrategiaconcursos.com.br\/blog\/sefaz-ba-sujeicao-ativa-itcmd\/","og_site_name":"Estrat\u00e9gia Concursos","article_published_time":"2026-07-23T19:19:00+00:00","article_modified_time":"2026-08-19T19:13:49+00:00","og_image":[{"width":2560,"height":1440,"url":"https:\/\/dhg1h5j42swfq.cloudfront.net\/2026\/08\/05114050\/thumb_1785940844.webp","type":"image\/webp"}],"author":"Julio","twitter_card":"summary_large_image","twitter_creator":"@EstratConcursos","twitter_site":"@EstratConcursos","twitter_misc":{"Escrito por":"Julio","Est. tempo de leitura":"5 minutos"},"schema":{"@context":"https:\/\/schema.org","@graph":[{"@type":"NewsArticle","@id":"https:\/\/www.estrategiaconcursos.com.br\/blog\/sefaz-ba-sujeicao-ativa-itcmd\/#article","isPartOf":{"@id":"https:\/\/www.estrategiaconcursos.com.br\/blog\/sefaz-ba-sujeicao-ativa-itcmd\/"},"author":{"name":"Julio","@id":"https:\/\/blog-estrategia.mystagingwebsite.com\/#\/schema\/person\/fe859e4d3c30f95437de1ab0608cd2e4"},"headline":"SEFAZ-BA: sujei\u00e7\u00e3o ativa do ITCMD","datePublished":"2026-07-23T19:19:00+00:00","dateModified":"2026-08-19T19:13:49+00:00","mainEntityOfPage":{"@id":"https:\/\/www.estrategiaconcursos.com.br\/blog\/sefaz-ba-sujeicao-ativa-itcmd\/"},"wordCount":982,"commentCount":0,"publisher":{"@id":"https:\/\/blog-estrategia.mystagingwebsite.com\/#organization"},"image":{"@id":"https:\/\/www.estrategiaconcursos.com.br\/blog\/sefaz-ba-sujeicao-ativa-itcmd\/#primaryimage"},"thumbnailUrl":"https:\/\/dhg1h5j42swfq.cloudfront.net\/2026\/08\/05114050\/thumb_1785940844.webp","articleSection":["Concursos P\u00fablicos"],"inLanguage":"pt-BR","potentialAction":[{"@type":"CommentAction","name":"Comment","target":["https:\/\/www.estrategiaconcursos.com.br\/blog\/sefaz-ba-sujeicao-ativa-itcmd\/#respond"]}],"copyrightYear":"2026","copyrightHolder":{"@id":"https:\/\/www.estrategiaconcursos.com.br\/blog\/#organization"}},{"@type":"WebPage","@id":"https:\/\/www.estrategiaconcursos.com.br\/blog\/sefaz-ba-sujeicao-ativa-itcmd\/","url":"https:\/\/www.estrategiaconcursos.com.br\/blog\/sefaz-ba-sujeicao-ativa-itcmd\/","name":"SEFAZ-BA: sujei\u00e7\u00e3o ativa do ITCMD","isPartOf":{"@id":"https:\/\/blog-estrategia.mystagingwebsite.com\/#website"},"primaryImageOfPage":{"@id":"https:\/\/www.estrategiaconcursos.com.br\/blog\/sefaz-ba-sujeicao-ativa-itcmd\/#primaryimage"},"image":{"@id":"https:\/\/www.estrategiaconcursos.com.br\/blog\/sefaz-ba-sujeicao-ativa-itcmd\/#primaryimage"},"thumbnailUrl":"https:\/\/dhg1h5j42swfq.cloudfront.net\/2026\/08\/05114050\/thumb_1785940844.webp","datePublished":"2026-07-23T19:19:00+00:00","dateModified":"2026-08-19T19:13:49+00:00","description":"SEFAZ-BA: sujei\u00e7\u00e3o ativa do ITCMD explicada de forma objetiva para voc\u00ea acertar as quest\u00f5es da prova fiscal.","breadcrumb":{"@id":"https:\/\/www.estrategiaconcursos.com.br\/blog\/sefaz-ba-sujeicao-ativa-itcmd\/#breadcrumb"},"inLanguage":"pt-BR","potentialAction":[{"@type":"ReadAction","target":["https:\/\/www.estrategiaconcursos.com.br\/blog\/sefaz-ba-sujeicao-ativa-itcmd\/"]}]},{"@type":"ImageObject","inLanguage":"pt-BR","@id":"https:\/\/www.estrategiaconcursos.com.br\/blog\/sefaz-ba-sujeicao-ativa-itcmd\/#primaryimage","url":"https:\/\/dhg1h5j42swfq.cloudfront.net\/2026\/08\/05114050\/thumb_1785940844.webp","contentUrl":"https:\/\/dhg1h5j42swfq.cloudfront.net\/2026\/08\/05114050\/thumb_1785940844.webp","width":2560,"height":1440},{"@type":"BreadcrumbList","@id":"https:\/\/www.estrategiaconcursos.com.br\/blog\/sefaz-ba-sujeicao-ativa-itcmd\/#breadcrumb","itemListElement":[{"@type":"ListItem","position":1,"name":"In\u00edcio","item":"https:\/\/blog-estrategia.mystagingwebsite.com\/"},{"@type":"ListItem","position":2,"name":"SEFAZ-BA: sujei\u00e7\u00e3o ativa do ITCMD"}]},{"@type":"WebSite","@id":"https:\/\/blog-estrategia.mystagingwebsite.com\/#website","url":"https:\/\/blog-estrategia.mystagingwebsite.com\/","name":"Estrat\u00e9gia Concursos","description":"O blog da Estrat\u00e9gia Concursos traz not\u00edcias sobre concursos e artigos de professores oferecendo cursos para concursos (pdf + videaulas) no site.","publisher":{"@id":"https:\/\/blog-estrategia.mystagingwebsite.com\/#organization"},"potentialAction":[{"@type":"SearchAction","target":{"@type":"EntryPoint","urlTemplate":"https:\/\/blog-estrategia.mystagingwebsite.com\/?s={search_term_string}"},"query-input":{"@type":"PropertyValueSpecification","valueRequired":true,"valueName":"search_term_string"}}],"inLanguage":"pt-BR"},{"@type":"Organization","@id":"https:\/\/blog-estrategia.mystagingwebsite.com\/#organization","name":"Estrat\u00e9gia Concursos","url":"https:\/\/blog-estrategia.mystagingwebsite.com\/","logo":{"@type":"ImageObject","inLanguage":"pt-BR","@id":"https:\/\/blog-estrategia.mystagingwebsite.com\/#\/schema\/logo\/image\/","url":"https:\/\/dhg1h5j42swfq.cloudfront.net\/2025\/06\/03203428\/logo_concursos-1.jpg","contentUrl":"https:\/\/dhg1h5j42swfq.cloudfront.net\/2025\/06\/03203428\/logo_concursos-1.jpg","width":230,"height":60,"caption":"Estrat\u00e9gia Concursos"},"image":{"@id":"https:\/\/blog-estrategia.mystagingwebsite.com\/#\/schema\/logo\/image\/"},"sameAs":["https:\/\/x.com\/EstratConcursos"]},{"@type":"Person","@id":"https:\/\/blog-estrategia.mystagingwebsite.com\/#\/schema\/person\/fe859e4d3c30f95437de1ab0608cd2e4","name":"Julio","image":{"@type":"ImageObject","inLanguage":"pt-BR","@id":"https:\/\/secure.gravatar.com\/avatar\/cfff7d91ee41cc2138bef6872813520f1be2b684e23bbf35add0b3a52985576f?s=96&d=mm&r=g","url":"https:\/\/secure.gravatar.com\/avatar\/cfff7d91ee41cc2138bef6872813520f1be2b684e23bbf35add0b3a52985576f?s=96&d=mm&r=g","contentUrl":"https:\/\/secure.gravatar.com\/avatar\/cfff7d91ee41cc2138bef6872813520f1be2b684e23bbf35add0b3a52985576f?s=96&d=mm&r=g","caption":"Julio"},"url":"https:\/\/www.estrategiaconcursos.com.br\/blog\/author\/juliopaveifgmail-com\/"}]}},"_links":{"self":[{"href":"https:\/\/www.estrategiaconcursos.com.br\/blog\/wp-json\/wp\/v2\/posts\/1786680","targetHints":{"allow":["GET"]}}],"collection":[{"href":"https:\/\/www.estrategiaconcursos.com.br\/blog\/wp-json\/wp\/v2\/posts"}],"about":[{"href":"https:\/\/www.estrategiaconcursos.com.br\/blog\/wp-json\/wp\/v2\/types\/post"}],"author":[{"embeddable":true,"href":"https:\/\/www.estrategiaconcursos.com.br\/blog\/wp-json\/wp\/v2\/users\/996"}],"replies":[{"embeddable":true,"href":"https:\/\/www.estrategiaconcursos.com.br\/blog\/wp-json\/wp\/v2\/comments?post=1786680"}],"version-history":[{"count":2,"href":"https:\/\/www.estrategiaconcursos.com.br\/blog\/wp-json\/wp\/v2\/posts\/1786680\/revisions"}],"predecessor-version":[{"id":1786905,"href":"https:\/\/www.estrategiaconcursos.com.br\/blog\/wp-json\/wp\/v2\/posts\/1786680\/revisions\/1786905"}],"wp:featuredmedia":[{"embeddable":true,"href":"https:\/\/www.estrategiaconcursos.com.br\/blog\/wp-json\/wp\/v2\/media\/1786904"}],"wp:attachment":[{"href":"https:\/\/www.estrategiaconcursos.com.br\/blog\/wp-json\/wp\/v2\/media?parent=1786680"}],"wp:term":[{"taxonomy":"category","embeddable":true,"href":"https:\/\/www.estrategiaconcursos.com.br\/blog\/wp-json\/wp\/v2\/categories?post=1786680"},{"taxonomy":"post_tag","embeddable":true,"href":"https:\/\/www.estrategiaconcursos.com.br\/blog\/wp-json\/wp\/v2\/tags?post=1786680"},{"taxonomy":"tax_estado","embeddable":true,"href":"https:\/\/www.estrategiaconcursos.com.br\/blog\/wp-json\/wp\/v2\/tax_estado?post=1786680"}],"curies":[{"name":"wp","href":"https:\/\/api.w.org\/{rel}","templated":true}]}}