{"id":1782490,"date":"2026-08-14T05:53:13","date_gmt":"2026-08-14T08:53:13","guid":{"rendered":"https:\/\/www.estrategiaconcursos.com.br\/blog\/?p=1782490"},"modified":"2026-08-27T04:22:21","modified_gmt":"2026-08-27T07:22:21","slug":"concurso-prefeitura-auriflama","status":"publish","type":"post","link":"https:\/\/www.estrategiaconcursos.com.br\/blog\/concurso-prefeitura-auriflama\/","title":{"rendered":"Concurso Auriflama SP: inscri\u00e7\u00f5es abertas at\u00e9 01\/09\/2026"},"content":{"rendered":"\n<p class=\"wp-block-paragraph\" style=\"font-size:clamp(16.293px, 1.018rem + ((1vw - 3.2px) * 0.854), 25px);font-style:italic;font-weight:700\">As inscri\u00e7\u00f5es do concurso da Prefeitura de Auriflama (SP) est\u00e3o abertas para cargos de n\u00edveis fundamental, m\u00e9dio, t\u00e9cnico e superior.<\/p>\n\n\n\n<p class=\"wp-block-paragraph\">A Prefeitura de Auriflama alterna concursos p\u00fablicos e processos seletivos para atender \u00e1reas administrativas, operacionais, educacionais e de sa\u00fade. As sele\u00e7\u00f5es municipais abrangem desde postos de apoio at\u00e9 fun\u00e7\u00f5es t\u00e9cnicas e de n\u00edvel superior.<\/p>\n\n\n\n<p class=\"wp-block-paragraph\">A educa\u00e7\u00e3o aparece de forma recorrente, especialmente nas sele\u00e7\u00f5es para professores e educadores. Sa\u00fade e administra\u00e7\u00e3o tamb\u00e9m concentram oportunidades, enquanto concursos de alcance mais amplo re\u00fanem cargos de diferentes n\u00edveis de escolaridade.<\/p>\n\n\n\n<ul class=\"wp-block-list has-very-light-gray-to-cyan-bluish-gray-gradient-background has-background\">\n<li><strong>Status:<\/strong> inscri\u00e7\u00f5es abertas at\u00e9 01\/09\/2026<\/li>\n<li><strong>\u00daltimo edital:<\/strong> 2026<\/li>\n<li><strong>Vagas:<\/strong> 42<\/li>\n<li><strong>Remunera\u00e7\u00e3o:<\/strong> de R$ 1.415,06 a R$ 6.502,13<\/li>\n<li><strong>Escolaridade:<\/strong> n\u00edveis fundamental, m\u00e9dio, t\u00e9cnico e superior<\/li>\n<\/ul>\n\n\n\n<h2 class=\"wp-block-heading\" id=\"situacao-atual\">Situa\u00e7\u00e3o atual do concurso em Auriflama<\/h2>\n\n\n\n<p class=\"wp-block-paragraph\">O prazo de inscri\u00e7\u00e3o do concurso de 2026 termina em 01\/09\/2026. A oferta \u00e9 de 42 vagas para contrata\u00e7\u00e3o efetiva, al\u00e9m da forma\u00e7\u00e3o de cadastro de reserva. As remunera\u00e7\u00f5es variam de R$ 1.415,06 a R$ 6.502,13.<\/p>\n\n\n\n<p class=\"wp-block-paragraph\">Na sa\u00fade, constam postos de Agente Comunit\u00e1rio de Sa\u00fade para as micro\u00e1reas 01, 02, 03, 04, 07 e Nova. A rela\u00e7\u00e3o tamb\u00e9m contempla Auxiliar Odontol\u00f3gico, Assistente Social, Auxiliar de Desenvolvimento Infantil e Coordenador de Equipe.<\/p>\n\n\n\n<p class=\"wp-block-paragraph\">Entre as fun\u00e7\u00f5es administrativas e operacionais aparecem Agente de Patrim\u00f4nio, Agente de Servi\u00e7os Gerais Feminino, Agente de Servi\u00e7os Gerais Masculino, Almoxarife, Atendente, Auditor Fiscal, Auxiliar Administrativo, Contador, Coveiro e Cozinheiro. Encerrado o prazo de inscri\u00e7\u00e3o, o ciclo seguir\u00e1 para as avalia\u00e7\u00f5es previstas, que incluem prova objetiva, prova pr\u00e1tica e prova de t\u00edtulos.<\/p>\n\n\n\n<ul class=\"wp-block-list\">\n<li><strong>Inscri\u00e7\u00f5es abertas at\u00e9 01\/09\/2026<\/strong><\/li>\n<\/ul>\n\n\n\n<ul class=\"wp-block-list\">\n<li>Agente Comunit\u00e1rio de Sa\u00fade &#8211; Micro\u00e1rea 01<\/li>\n\n\n\n<li>Agente Comunit\u00e1rio de Sa\u00fade &#8211; Micro\u00e1rea 02<\/li>\n\n\n\n<li>Agente Comunit\u00e1rio de Sa\u00fade &#8211; Micro\u00e1rea 03<\/li>\n\n\n\n<li>Agente Comunit\u00e1rio de Sa\u00fade &#8211; Micro\u00e1rea 04<\/li>\n\n\n\n<li>Agente Comunit\u00e1rio de Sa\u00fade &#8211; Micro\u00e1rea 07<\/li>\n\n\n\n<li>Agente Comunit\u00e1rio de Sa\u00fade &#8211; Micro\u00e1rea Nova<\/li>\n\n\n\n<li>Agente de Patrim\u00f4nio<\/li>\n\n\n\n<li>Agente de Servi\u00e7os Gerais Feminino<\/li>\n\n\n\n<li>Agente de Servi\u00e7os Gerais Masculino<\/li>\n\n\n\n<li>Almoxarife<\/li>\n\n\n\n<li>Assistente Social<\/li>\n\n\n\n<li>Atendente<\/li>\n\n\n\n<li>Auditor Fiscal<\/li>\n\n\n\n<li>Auxiliar Administrativo<\/li>\n\n\n\n<li>Auxiliar de Desenvolvimento Infantil<\/li>\n\n\n\n<li>Auxiliar Odontol\u00f3gico<\/li>\n\n\n\n<li>Contador<\/li>\n\n\n\n<li>Coordenador de Equipe<\/li>\n\n\n\n<li>Coveiro<\/li>\n\n\n\n<li>Cozinheiro<\/li>\n\n\n\n<li>Diretor de Escola<\/li>\n\n\n\n<li>Enfermeiro<\/li>\n\n\n\n<li>Farmac\u00eautico<\/li>\n\n\n\n<li>Fiscal de Postura e Obras<\/li>\n\n\n\n<li>Fisioterapeuta<\/li>\n\n\n\n<li>Fonoaudi\u00f3logo<\/li>\n\n\n\n<li>Inspetor de Alunos<\/li>\n\n\n\n<li>Monitor de Transporte Escolar<\/li>\n\n\n\n<li>Motorista<\/li>\n\n\n\n<li>Nutricionista<\/li>\n<\/ul>\n\n\n\n<h2 class=\"wp-block-heading\" id=\"ultimo-concurso\">\u00daltimo concurso em Auriflama<\/h2>\n\n\n\n<p class=\"wp-block-paragraph\">O certame anterior foi o processo seletivo de 2025, objeto de retifica\u00e7\u00e3o em 14\/12\/2025. A sele\u00e7\u00e3o ofereceu nove vagas para candidatos com n\u00edveis fundamental e superior.<\/p>\n\n\n\n<h2 class=\"wp-block-heading\" id=\"historico\">Hist\u00f3rico de concursos em Auriflama<\/h2>\n\n\n\n<p class=\"wp-block-paragraph\">A remunera\u00e7\u00e3o do processo seletivo de 2025 chegou a R$ 3.650,83. Em 2024, a Prefeitura abriu um processo seletivo com 15 vagas para n\u00edveis fundamental incompleto e superior, com remunera\u00e7\u00e3o de at\u00e9 R$ 4.626,00. No mesmo ano, um concurso municipal ofereceu duas vagas para Coveiro e Motorista, com vencimentos de at\u00e9 R$ 1.895,59.<\/p>\n\n\n\n<p class=\"wp-block-paragraph\">O concurso de 2022 teve porte maior, com 40 vagas distribu\u00eddas entre n\u00edveis fundamental incompleto, fundamental, m\u00e9dio, t\u00e9cnico e superior e remunera\u00e7\u00e3o de at\u00e9 R$ 5.375,19. Outro processo seletivo municipal daquele ano abriu 22 vagas para n\u00edveis fundamental e superior, com pagamentos de at\u00e9 R$ 2.884,22.<\/p>\n\n\n\n<p class=\"wp-block-paragraph\">Em ciclos anteriores, o concurso de 2017 abriu 23 vagas, enquanto o de 2012 ofereceu 19. Tamb\u00e9m em 2012, um processo seletivo da sa\u00fade previu 32 vagas para agentes comunit\u00e1rios de sa\u00fade e t\u00e9cnicos de enfermagem. O concurso municipal de 2011 contou com 32 vagas para n\u00edveis m\u00e9dio e superior.<\/p>\n\n\n\n<h2 class=\"wp-block-heading\" id=\"linha-do-tempo\">Linha do tempo<\/h2>\n\n\n\n<ul class=\"wp-block-list\">\n<li><strong>2026:<\/strong> abertura do concurso municipal vigente para cargos de diferentes \u00e1reas e n\u00edveis de escolaridade.<\/li>\n\n\n\n<li><strong>2025:<\/strong> retifica\u00e7\u00e3o do processo seletivo municipal voltado aos n\u00edveis fundamental e superior.<\/li>\n\n\n\n<li><strong>2024:<\/strong> processo seletivo da Prefeitura e concurso municipal para Coveiro e Motorista.<\/li>\n\n\n\n<li><strong>2022:<\/strong> concurso p\u00fablico de alcance multiprofissional e processo seletivo da Prefeitura.<\/li>\n\n\n\n<li><strong>2019:<\/strong> processo seletivo municipal para fun\u00e7\u00f5es de n\u00edvel superior, incluindo professores.<\/li>\n\n\n\n<li><strong>2017:<\/strong> concurso da Prefeitura para cargos de n\u00edveis fundamental e superior.<\/li>\n\n\n\n<li><strong>2015:<\/strong> processo seletivo municipal para Educador Profissional e Professores.<\/li>\n\n\n\n<li><strong>2014:<\/strong> sele\u00e7\u00f5es municipais para professores, educadores e agentes comunit\u00e1rios de sa\u00fade.<\/li>\n\n\n\n<li><strong>2012:<\/strong> concurso da Prefeitura e processo seletivo para agentes comunit\u00e1rios de sa\u00fade e t\u00e9cnicos de enfermagem.<\/li>\n\n\n\n<li><strong>2011:<\/strong> concurso municipal para fun\u00e7\u00f5es de n\u00edveis m\u00e9dio e superior.<\/li>\n<\/ul>\n\n\n\n<h2 class=\"wp-block-heading has-text-align-center\" id=\"mapa-regiao\">Veja Concursos Abertos na mesma regi\u00e3o<\/h2>\n\n\n\n<iframe\n  src=\"https:\/\/www.estrategiaconcursos.com.br\/blog\/mapa-concursos\/embed?situacoes=Inscri%C3%A7%C3%B5es%20abertas&amp;estado=SP\"\n  width=\"100%\"\n  height=\"400\"\n  style=\"border: none; display: block;\"\n  title=\"Mapa de Concursos P\u00fablicos em S\u00e3o Paulo\"\n  loading=\"lazy\"><\/iframe>\n\n\n\n<h2 class=\"wp-block-heading has-text-align-center\" id=\"cursos\">Quer saber tudo sobre concursos previstos?<br \/>Confira nossos artigos!<\/h2>\n\n\n\n<ul class=\"wp-block-list\">\n<li><a href=\"https:\/\/www.estrategiaconcursos.com.br\/blog\/concursos-abertos\/\" target=\"_blank\" rel=\"noreferrer noopener\">Concursos Abertos<\/a><\/li>\n<li><a href=\"https:\/\/www.estrategiaconcursos.com.br\/blog\/concursos-2026\/\" target=\"_blank\" rel=\"noreferrer noopener\">Concursos 2026<\/a><\/li>\n<li><a href=\"https:\/\/www.estrategiaconcursos.com.br\/blog\/concursos-sao-paulo\/\" target=\"_blank\" rel=\"noreferrer noopener\">Concursos S\u00e3o Paulo<\/a><\/li>\n<\/ul>\n\n\n\n<div class=\"estrategia\" id=\"box-assinatura\">\n  <h3 class=\"titulo-assinatura\">Assinatura Concursos<\/h3>\n  <p class=\"subtitulo-assinatura\">Assinatura de 1 ano ou 2 anos<\/p>\n  <div class=\"box-botao\">\n    <a class=\"btn-assinatura\" target=\"_blank\" href=\"https:\/\/www.estrategiaconcursos.com.br\/assinaturas\/\" role=\"button\" rel=\"noopener noreferrer\">ASSINE AGORA<\/a>\n  <\/div>\n<\/div>\n\n\n\n<h3 class=\"wp-block-heading\" id=\"ficha\">Informa\u00e7\u00f5es do \u00faltimo concurso<\/h3>\n\n\n\n<ul class=\"wp-block-list\">\n<li><strong>\u00d3rg\u00e3o:<\/strong> Prefeitura de Auriflama (SP)<\/li>\n\n\n\n<li><strong>Ano:<\/strong> 2026<\/li>\n\n\n\n<li><strong>Tipo:<\/strong> concurso p\u00fablico<\/li>\n\n\n\n<li><strong>Cargos:<\/strong> Agente Comunit\u00e1rio de Sa\u00fade &#8211; Micro\u00e1rea 01, Agente Comunit\u00e1rio de Sa\u00fade &#8211; Micro\u00e1rea 02, Agente Comunit\u00e1rio de Sa\u00fade &#8211; Micro\u00e1rea 03, Agente Comunit\u00e1rio de Sa\u00fade &#8211; Micro\u00e1rea 04, Agente Comunit\u00e1rio de Sa\u00fade &#8211; Micro\u00e1rea 07, entre outros<\/li>\n\n\n\n<li><strong>Vagas:<\/strong> 42<\/li>\n\n\n\n<li><strong>Escolaridade:<\/strong> n\u00edveis fundamental, m\u00e9dio, t\u00e9cnico e superior<\/li>\n\n\n\n<li><strong>Remunera\u00e7\u00e3o:<\/strong> de R$ 1.415,06 a R$ 6.502,13<\/li>\n\n\n\n<li><strong>Situa\u00e7\u00e3o:<\/strong> inscri\u00e7\u00f5es abertas at\u00e9 01\/09\/2026<\/li>\n<\/ul>\n\n\n\n<div class=\"container\" id=\"boxes\">\n  <div class=\"row\">\n    <div class=\"col-sm\">\n      <div class=\"banner-prefeituras-ec\" id=\"box-assinatura\">\n        <h2 class=\"titulo-assinatura\" style=\"text-align: left;\">Concursos Prefeituras<\/h2>\n        <p class=\"subtitulo-assinatura\" style=\"text-align: left;\">Prepara\u00e7\u00e3o completa para a carreira!<\/p>\n        <div class=\"box-botao\" style=\"text-align: left;\">\n          <a class=\"btn-assinatura\" target=\"_blank\" href=\"https:\/\/www.estrategiaconcursos.com.br\/pesquisa\/?q=prefeitura+auriflama\" role=\"button\" rel=\"noopener noreferrer\">EXPLORAR CURSOS<\/a>\n        <\/div>\n      <\/div>\n    <\/div>\n  <\/div>\n<\/div>\n\n","protected":false},"excerpt":{"rendered":"<p>As inscri\u00e7\u00f5es do concurso da Prefeitura de Auriflama (SP) est\u00e3o abertas para cargos de n\u00edveis fundamental, m\u00e9dio, t\u00e9cnico e superior. A Prefeitura de Auriflama alterna concursos p\u00fablicos e processos seletivos para atender \u00e1reas administrativas, operacionais, educacionais e de sa\u00fade. As sele\u00e7\u00f5es municipais abrangem desde postos de apoio at\u00e9 fun\u00e7\u00f5es t\u00e9cnicas e de n\u00edvel superior. A [&hellip;]<\/p>\n","protected":false},"author":344,"featured_media":1540739,"comment_status":"open","ping_status":"closed","sticky":false,"template":"","format":"standard","meta":{"_acf_changed":false,"post_tipo":"news_page","footnotes":""},"categories":[222278],"tags":[],"tax_estado":[219989],"class_list":["post-1782490","post","type-post","status-publish","format-standard","has-post-thumbnail","hentry","category-prefeituras","tax_estado-sp"],"acf":[],"yoast_head":"<!-- This site is optimized with the Yoast SEO Premium plugin v28.1 (Yoast SEO v28.1) - https:\/\/yoast.com\/product\/yoast-seo-premium-wordpress\/ -->\n<title>Concurso Auriflama SP: inscri\u00e7\u00f5es abertas at\u00e9 01\/09\/2026<\/title>\n<meta name=\"description\" content=\"Concurso Auriflama (SP): 42 vagas, sal\u00e1rios de R$ 1.415,06 a R$ 6.502,13 e inscri\u00e7\u00f5es abertas at\u00e9 01\/09\/2026. Confira cargos e hist\u00f3rico.\" \/>\n<meta name=\"robots\" content=\"index, follow, max-snippet:-1, max-image-preview:large, max-video-preview:-1\" \/>\n<link rel=\"canonical\" href=\"https:\/\/www.estrategiaconcursos.com.br\/blog\/concurso-prefeitura-auriflama\/\" \/>\n<meta property=\"og:locale\" content=\"pt_BR\" \/>\n<meta property=\"og:type\" content=\"article\" \/>\n<meta property=\"og:title\" content=\"Concurso Auriflama SP: inscri\u00e7\u00f5es abertas at\u00e9 01\/09\/2026\" \/>\n<meta property=\"og:description\" content=\"Concurso Auriflama (SP): 42 vagas, sal\u00e1rios de R$ 1.415,06 a R$ 6.502,13 e inscri\u00e7\u00f5es abertas at\u00e9 01\/09\/2026. Confira cargos e hist\u00f3rico.\" \/>\n<meta property=\"og:url\" content=\"https:\/\/www.estrategiaconcursos.com.br\/blog\/concurso-prefeitura-auriflama\/\" \/>\n<meta property=\"og:site_name\" content=\"Estrat\u00e9gia Concursos\" \/>\n<meta property=\"article:author\" content=\"https:\/\/www.facebook.com\/coachluiseduardo\/\" \/>\n<meta property=\"article:published_time\" content=\"2026-08-14T08:53:13+00:00\" \/>\n<meta property=\"article:modified_time\" content=\"2026-08-27T07:22:21+00:00\" \/>\n<meta property=\"og:image\" content=\"https:\/\/dhg1h5j42swfq.cloudfront.net\/2025\/03\/05201612\/concursos-prefeituras-1024x536-1.jpg\" \/>\n\t<meta property=\"og:image:width\" content=\"1024\" \/>\n\t<meta property=\"og:image:height\" content=\"536\" \/>\n\t<meta property=\"og:image:type\" content=\"image\/jpeg\" \/>\n<meta name=\"author\" content=\"Luis Eduardo\" \/>\n<meta name=\"twitter:card\" content=\"summary_large_image\" \/>\n<meta name=\"twitter:creator\" content=\"@EstratConcursos\" \/>\n<meta name=\"twitter:site\" content=\"@EstratConcursos\" \/>\n<meta name=\"twitter:label1\" content=\"Escrito por\" \/>\n\t<meta name=\"twitter:data1\" content=\"Luis Eduardo\" \/>\n\t<meta name=\"twitter:label2\" content=\"Est. tempo de leitura\" \/>\n\t<meta name=\"twitter:data2\" content=\"4 minutos\" \/>\n<script type=\"application\/ld+json\" class=\"yoast-schema-graph\">{\"@context\":\"https:\\\/\\\/schema.org\",\"@graph\":[{\"@type\":\"NewsArticle\",\"@id\":\"https:\\\/\\\/www.estrategiaconcursos.com.br\\\/blog\\\/concurso-prefeitura-auriflama\\\/#article\",\"isPartOf\":{\"@id\":\"https:\\\/\\\/www.estrategiaconcursos.com.br\\\/blog\\\/concurso-prefeitura-auriflama\\\/\"},\"author\":{\"name\":\"Luis Eduardo\",\"@id\":\"https:\\\/\\\/blog-estrategia.mystagingwebsite.com\\\/#\\\/schema\\\/person\\\/0906ff564105056f3b05978d503ee214\"},\"headline\":\"Concurso Auriflama SP: inscri\u00e7\u00f5es abertas at\u00e9 01\\\/09\\\/2026\",\"datePublished\":\"2026-08-14T08:53:13+00:00\",\"dateModified\":\"2026-08-27T07:22:21+00:00\",\"mainEntityOfPage\":{\"@id\":\"https:\\\/\\\/www.estrategiaconcursos.com.br\\\/blog\\\/concurso-prefeitura-auriflama\\\/\"},\"wordCount\":832,\"commentCount\":0,\"publisher\":{\"@id\":\"https:\\\/\\\/blog-estrategia.mystagingwebsite.com\\\/#organization\"},\"image\":{\"@id\":\"https:\\\/\\\/www.estrategiaconcursos.com.br\\\/blog\\\/concurso-prefeitura-auriflama\\\/#primaryimage\"},\"thumbnailUrl\":\"https:\\\/\\\/dhg1h5j42swfq.cloudfront.net\\\/2025\\\/03\\\/05201612\\\/concursos-prefeituras-1024x536-1.jpg\",\"articleSection\":[\"Prefeituras\"],\"inLanguage\":\"pt-BR\",\"potentialAction\":[{\"@type\":\"CommentAction\",\"name\":\"Comment\",\"target\":[\"https:\\\/\\\/www.estrategiaconcursos.com.br\\\/blog\\\/concurso-prefeitura-auriflama\\\/#respond\"]}],\"copyrightYear\":\"2026\",\"copyrightHolder\":{\"@id\":\"https:\\\/\\\/www.estrategiaconcursos.com.br\\\/blog\\\/#organization\"}},{\"@type\":\"WebPage\",\"@id\":\"https:\\\/\\\/www.estrategiaconcursos.com.br\\\/blog\\\/concurso-prefeitura-auriflama\\\/\",\"url\":\"https:\\\/\\\/www.estrategiaconcursos.com.br\\\/blog\\\/concurso-prefeitura-auriflama\\\/\",\"name\":\"Concurso Auriflama SP: inscri\u00e7\u00f5es abertas at\u00e9 01\\\/09\\\/2026\",\"isPartOf\":{\"@id\":\"https:\\\/\\\/blog-estrategia.mystagingwebsite.com\\\/#website\"},\"primaryImageOfPage\":{\"@id\":\"https:\\\/\\\/www.estrategiaconcursos.com.br\\\/blog\\\/concurso-prefeitura-auriflama\\\/#primaryimage\"},\"image\":{\"@id\":\"https:\\\/\\\/www.estrategiaconcursos.com.br\\\/blog\\\/concurso-prefeitura-auriflama\\\/#primaryimage\"},\"thumbnailUrl\":\"https:\\\/\\\/dhg1h5j42swfq.cloudfront.net\\\/2025\\\/03\\\/05201612\\\/concursos-prefeituras-1024x536-1.jpg\",\"datePublished\":\"2026-08-14T08:53:13+00:00\",\"dateModified\":\"2026-08-27T07:22:21+00:00\",\"description\":\"Concurso Auriflama (SP): 42 vagas, sal\u00e1rios de R$ 1.415,06 a R$ 6.502,13 e inscri\u00e7\u00f5es abertas at\u00e9 01\\\/09\\\/2026. Confira cargos e hist\u00f3rico.\",\"breadcrumb\":{\"@id\":\"https:\\\/\\\/www.estrategiaconcursos.com.br\\\/blog\\\/concurso-prefeitura-auriflama\\\/#breadcrumb\"},\"inLanguage\":\"pt-BR\",\"potentialAction\":[{\"@type\":\"ReadAction\",\"target\":[\"https:\\\/\\\/www.estrategiaconcursos.com.br\\\/blog\\\/concurso-prefeitura-auriflama\\\/\"]}]},{\"@type\":\"ImageObject\",\"inLanguage\":\"pt-BR\",\"@id\":\"https:\\\/\\\/www.estrategiaconcursos.com.br\\\/blog\\\/concurso-prefeitura-auriflama\\\/#primaryimage\",\"url\":\"https:\\\/\\\/dhg1h5j42swfq.cloudfront.net\\\/2025\\\/03\\\/05201612\\\/concursos-prefeituras-1024x536-1.jpg\",\"contentUrl\":\"https:\\\/\\\/dhg1h5j42swfq.cloudfront.net\\\/2025\\\/03\\\/05201612\\\/concursos-prefeituras-1024x536-1.jpg\",\"width\":1024,\"height\":536,\"caption\":\"Concursos prefeituras\"},{\"@type\":\"BreadcrumbList\",\"@id\":\"https:\\\/\\\/www.estrategiaconcursos.com.br\\\/blog\\\/concurso-prefeitura-auriflama\\\/#breadcrumb\",\"itemListElement\":[{\"@type\":\"ListItem\",\"position\":1,\"name\":\"In\u00edcio\",\"item\":\"https:\\\/\\\/blog-estrategia.mystagingwebsite.com\\\/\"},{\"@type\":\"ListItem\",\"position\":2,\"name\":\"Concurso Auriflama SP: inscri\u00e7\u00f5es abertas at\u00e9 01\\\/09\\\/2026\"}]},{\"@type\":\"WebSite\",\"@id\":\"https:\\\/\\\/blog-estrategia.mystagingwebsite.com\\\/#website\",\"url\":\"https:\\\/\\\/blog-estrategia.mystagingwebsite.com\\\/\",\"name\":\"Estrat\u00e9gia Concursos\",\"description\":\"O blog da Estrat\u00e9gia Concursos traz not\u00edcias sobre concursos e artigos de professores oferecendo cursos para concursos (pdf + videaulas) no site.\",\"publisher\":{\"@id\":\"https:\\\/\\\/blog-estrategia.mystagingwebsite.com\\\/#organization\"},\"potentialAction\":[{\"@type\":\"SearchAction\",\"target\":{\"@type\":\"EntryPoint\",\"urlTemplate\":\"https:\\\/\\\/blog-estrategia.mystagingwebsite.com\\\/?s={search_term_string}\"},\"query-input\":{\"@type\":\"PropertyValueSpecification\",\"valueRequired\":true,\"valueName\":\"search_term_string\"}}],\"inLanguage\":\"pt-BR\"},{\"@type\":\"Organization\",\"@id\":\"https:\\\/\\\/blog-estrategia.mystagingwebsite.com\\\/#organization\",\"name\":\"Estrat\u00e9gia Concursos\",\"url\":\"https:\\\/\\\/blog-estrategia.mystagingwebsite.com\\\/\",\"logo\":{\"@type\":\"ImageObject\",\"inLanguage\":\"pt-BR\",\"@id\":\"https:\\\/\\\/blog-estrategia.mystagingwebsite.com\\\/#\\\/schema\\\/logo\\\/image\\\/\",\"url\":\"https:\\\/\\\/dhg1h5j42swfq.cloudfront.net\\\/2025\\\/06\\\/03203428\\\/logo_concursos-1.jpg\",\"contentUrl\":\"https:\\\/\\\/dhg1h5j42swfq.cloudfront.net\\\/2025\\\/06\\\/03203428\\\/logo_concursos-1.jpg\",\"width\":230,\"height\":60,\"caption\":\"Estrat\u00e9gia Concursos\"},\"image\":{\"@id\":\"https:\\\/\\\/blog-estrategia.mystagingwebsite.com\\\/#\\\/schema\\\/logo\\\/image\\\/\"},\"sameAs\":[\"https:\\\/\\\/x.com\\\/EstratConcursos\"]},{\"@type\":\"Person\",\"@id\":\"https:\\\/\\\/blog-estrategia.mystagingwebsite.com\\\/#\\\/schema\\\/person\\\/0906ff564105056f3b05978d503ee214\",\"name\":\"Luis Eduardo\",\"image\":{\"@type\":\"ImageObject\",\"inLanguage\":\"pt-BR\",\"@id\":\"https:\\\/\\\/secure.gravatar.com\\\/avatar\\\/3ce09d3c01f86018c4f3b15b9e6389f2ac325bc19863fdb79cd37fefb38517d1?s=96&d=mm&r=g\",\"url\":\"https:\\\/\\\/secure.gravatar.com\\\/avatar\\\/3ce09d3c01f86018c4f3b15b9e6389f2ac325bc19863fdb79cd37fefb38517d1?s=96&d=mm&r=g\",\"contentUrl\":\"https:\\\/\\\/secure.gravatar.com\\\/avatar\\\/3ce09d3c01f86018c4f3b15b9e6389f2ac325bc19863fdb79cd37fefb38517d1?s=96&d=mm&r=g\",\"caption\":\"Luis Eduardo\"},\"sameAs\":[\"https:\\\/\\\/www.facebook.com\\\/coachluiseduardo\\\/\"],\"url\":\"https:\\\/\\\/www.estrategiaconcursos.com.br\\\/blog\\\/author\\\/luiseduardoestrategiaconcursos-com-br\\\/\"}]}<\/script>\n<!-- \/ Yoast SEO Premium plugin. -->","yoast_head_json":{"title":"Concurso Auriflama SP: inscri\u00e7\u00f5es abertas at\u00e9 01\/09\/2026","description":"Concurso Auriflama (SP): 42 vagas, sal\u00e1rios de R$ 1.415,06 a R$ 6.502,13 e inscri\u00e7\u00f5es abertas at\u00e9 01\/09\/2026. Confira cargos e hist\u00f3rico.","robots":{"index":"index","follow":"follow","max-snippet":"max-snippet:-1","max-image-preview":"max-image-preview:large","max-video-preview":"max-video-preview:-1"},"canonical":"https:\/\/www.estrategiaconcursos.com.br\/blog\/concurso-prefeitura-auriflama\/","og_locale":"pt_BR","og_type":"article","og_title":"Concurso Auriflama SP: inscri\u00e7\u00f5es abertas at\u00e9 01\/09\/2026","og_description":"Concurso Auriflama (SP): 42 vagas, sal\u00e1rios de R$ 1.415,06 a R$ 6.502,13 e inscri\u00e7\u00f5es abertas at\u00e9 01\/09\/2026. Confira cargos e hist\u00f3rico.","og_url":"https:\/\/www.estrategiaconcursos.com.br\/blog\/concurso-prefeitura-auriflama\/","og_site_name":"Estrat\u00e9gia Concursos","article_author":"https:\/\/www.facebook.com\/coachluiseduardo\/","article_published_time":"2026-08-14T08:53:13+00:00","article_modified_time":"2026-08-27T07:22:21+00:00","og_image":[{"width":1024,"height":536,"url":"https:\/\/dhg1h5j42swfq.cloudfront.net\/2025\/03\/05201612\/concursos-prefeituras-1024x536-1.jpg","type":"image\/jpeg"}],"author":"Luis Eduardo","twitter_card":"summary_large_image","twitter_creator":"@EstratConcursos","twitter_site":"@EstratConcursos","twitter_misc":{"Escrito por":"Luis Eduardo","Est. tempo de leitura":"4 minutos"},"schema":{"@context":"https:\/\/schema.org","@graph":[{"@type":"NewsArticle","@id":"https:\/\/www.estrategiaconcursos.com.br\/blog\/concurso-prefeitura-auriflama\/#article","isPartOf":{"@id":"https:\/\/www.estrategiaconcursos.com.br\/blog\/concurso-prefeitura-auriflama\/"},"author":{"name":"Luis Eduardo","@id":"https:\/\/blog-estrategia.mystagingwebsite.com\/#\/schema\/person\/0906ff564105056f3b05978d503ee214"},"headline":"Concurso Auriflama SP: inscri\u00e7\u00f5es abertas at\u00e9 01\/09\/2026","datePublished":"2026-08-14T08:53:13+00:00","dateModified":"2026-08-27T07:22:21+00:00","mainEntityOfPage":{"@id":"https:\/\/www.estrategiaconcursos.com.br\/blog\/concurso-prefeitura-auriflama\/"},"wordCount":832,"commentCount":0,"publisher":{"@id":"https:\/\/blog-estrategia.mystagingwebsite.com\/#organization"},"image":{"@id":"https:\/\/www.estrategiaconcursos.com.br\/blog\/concurso-prefeitura-auriflama\/#primaryimage"},"thumbnailUrl":"https:\/\/dhg1h5j42swfq.cloudfront.net\/2025\/03\/05201612\/concursos-prefeituras-1024x536-1.jpg","articleSection":["Prefeituras"],"inLanguage":"pt-BR","potentialAction":[{"@type":"CommentAction","name":"Comment","target":["https:\/\/www.estrategiaconcursos.com.br\/blog\/concurso-prefeitura-auriflama\/#respond"]}],"copyrightYear":"2026","copyrightHolder":{"@id":"https:\/\/www.estrategiaconcursos.com.br\/blog\/#organization"}},{"@type":"WebPage","@id":"https:\/\/www.estrategiaconcursos.com.br\/blog\/concurso-prefeitura-auriflama\/","url":"https:\/\/www.estrategiaconcursos.com.br\/blog\/concurso-prefeitura-auriflama\/","name":"Concurso Auriflama SP: inscri\u00e7\u00f5es abertas at\u00e9 01\/09\/2026","isPartOf":{"@id":"https:\/\/blog-estrategia.mystagingwebsite.com\/#website"},"primaryImageOfPage":{"@id":"https:\/\/www.estrategiaconcursos.com.br\/blog\/concurso-prefeitura-auriflama\/#primaryimage"},"image":{"@id":"https:\/\/www.estrategiaconcursos.com.br\/blog\/concurso-prefeitura-auriflama\/#primaryimage"},"thumbnailUrl":"https:\/\/dhg1h5j42swfq.cloudfront.net\/2025\/03\/05201612\/concursos-prefeituras-1024x536-1.jpg","datePublished":"2026-08-14T08:53:13+00:00","dateModified":"2026-08-27T07:22:21+00:00","description":"Concurso Auriflama (SP): 42 vagas, sal\u00e1rios de R$ 1.415,06 a R$ 6.502,13 e inscri\u00e7\u00f5es abertas at\u00e9 01\/09\/2026. Confira cargos e hist\u00f3rico.","breadcrumb":{"@id":"https:\/\/www.estrategiaconcursos.com.br\/blog\/concurso-prefeitura-auriflama\/#breadcrumb"},"inLanguage":"pt-BR","potentialAction":[{"@type":"ReadAction","target":["https:\/\/www.estrategiaconcursos.com.br\/blog\/concurso-prefeitura-auriflama\/"]}]},{"@type":"ImageObject","inLanguage":"pt-BR","@id":"https:\/\/www.estrategiaconcursos.com.br\/blog\/concurso-prefeitura-auriflama\/#primaryimage","url":"https:\/\/dhg1h5j42swfq.cloudfront.net\/2025\/03\/05201612\/concursos-prefeituras-1024x536-1.jpg","contentUrl":"https:\/\/dhg1h5j42swfq.cloudfront.net\/2025\/03\/05201612\/concursos-prefeituras-1024x536-1.jpg","width":1024,"height":536,"caption":"Concursos prefeituras"},{"@type":"BreadcrumbList","@id":"https:\/\/www.estrategiaconcursos.com.br\/blog\/concurso-prefeitura-auriflama\/#breadcrumb","itemListElement":[{"@type":"ListItem","position":1,"name":"In\u00edcio","item":"https:\/\/blog-estrategia.mystagingwebsite.com\/"},{"@type":"ListItem","position":2,"name":"Concurso Auriflama SP: inscri\u00e7\u00f5es abertas at\u00e9 01\/09\/2026"}]},{"@type":"WebSite","@id":"https:\/\/blog-estrategia.mystagingwebsite.com\/#website","url":"https:\/\/blog-estrategia.mystagingwebsite.com\/","name":"Estrat\u00e9gia Concursos","description":"O blog da Estrat\u00e9gia Concursos traz not\u00edcias sobre concursos e artigos de professores oferecendo cursos para concursos (pdf + videaulas) no site.","publisher":{"@id":"https:\/\/blog-estrategia.mystagingwebsite.com\/#organization"},"potentialAction":[{"@type":"SearchAction","target":{"@type":"EntryPoint","urlTemplate":"https:\/\/blog-estrategia.mystagingwebsite.com\/?s={search_term_string}"},"query-input":{"@type":"PropertyValueSpecification","valueRequired":true,"valueName":"search_term_string"}}],"inLanguage":"pt-BR"},{"@type":"Organization","@id":"https:\/\/blog-estrategia.mystagingwebsite.com\/#organization","name":"Estrat\u00e9gia Concursos","url":"https:\/\/blog-estrategia.mystagingwebsite.com\/","logo":{"@type":"ImageObject","inLanguage":"pt-BR","@id":"https:\/\/blog-estrategia.mystagingwebsite.com\/#\/schema\/logo\/image\/","url":"https:\/\/dhg1h5j42swfq.cloudfront.net\/2025\/06\/03203428\/logo_concursos-1.jpg","contentUrl":"https:\/\/dhg1h5j42swfq.cloudfront.net\/2025\/06\/03203428\/logo_concursos-1.jpg","width":230,"height":60,"caption":"Estrat\u00e9gia Concursos"},"image":{"@id":"https:\/\/blog-estrategia.mystagingwebsite.com\/#\/schema\/logo\/image\/"},"sameAs":["https:\/\/x.com\/EstratConcursos"]},{"@type":"Person","@id":"https:\/\/blog-estrategia.mystagingwebsite.com\/#\/schema\/person\/0906ff564105056f3b05978d503ee214","name":"Luis Eduardo","image":{"@type":"ImageObject","inLanguage":"pt-BR","@id":"https:\/\/secure.gravatar.com\/avatar\/3ce09d3c01f86018c4f3b15b9e6389f2ac325bc19863fdb79cd37fefb38517d1?s=96&d=mm&r=g","url":"https:\/\/secure.gravatar.com\/avatar\/3ce09d3c01f86018c4f3b15b9e6389f2ac325bc19863fdb79cd37fefb38517d1?s=96&d=mm&r=g","contentUrl":"https:\/\/secure.gravatar.com\/avatar\/3ce09d3c01f86018c4f3b15b9e6389f2ac325bc19863fdb79cd37fefb38517d1?s=96&d=mm&r=g","caption":"Luis Eduardo"},"sameAs":["https:\/\/www.facebook.com\/coachluiseduardo\/"],"url":"https:\/\/www.estrategiaconcursos.com.br\/blog\/author\/luiseduardoestrategiaconcursos-com-br\/"}]}},"_links":{"self":[{"href":"https:\/\/www.estrategiaconcursos.com.br\/blog\/wp-json\/wp\/v2\/posts\/1782490","targetHints":{"allow":["GET"]}}],"collection":[{"href":"https:\/\/www.estrategiaconcursos.com.br\/blog\/wp-json\/wp\/v2\/posts"}],"about":[{"href":"https:\/\/www.estrategiaconcursos.com.br\/blog\/wp-json\/wp\/v2\/types\/post"}],"author":[{"embeddable":true,"href":"https:\/\/www.estrategiaconcursos.com.br\/blog\/wp-json\/wp\/v2\/users\/344"}],"replies":[{"embeddable":true,"href":"https:\/\/www.estrategiaconcursos.com.br\/blog\/wp-json\/wp\/v2\/comments?post=1782490"}],"version-history":[{"count":9,"href":"https:\/\/www.estrategiaconcursos.com.br\/blog\/wp-json\/wp\/v2\/posts\/1782490\/revisions"}],"predecessor-version":[{"id":1803765,"href":"https:\/\/www.estrategiaconcursos.com.br\/blog\/wp-json\/wp\/v2\/posts\/1782490\/revisions\/1803765"}],"wp:featuredmedia":[{"embeddable":true,"href":"https:\/\/www.estrategiaconcursos.com.br\/blog\/wp-json\/wp\/v2\/media\/1540739"}],"wp:attachment":[{"href":"https:\/\/www.estrategiaconcursos.com.br\/blog\/wp-json\/wp\/v2\/media?parent=1782490"}],"wp:term":[{"taxonomy":"category","embeddable":true,"href":"https:\/\/www.estrategiaconcursos.com.br\/blog\/wp-json\/wp\/v2\/categories?post=1782490"},{"taxonomy":"post_tag","embeddable":true,"href":"https:\/\/www.estrategiaconcursos.com.br\/blog\/wp-json\/wp\/v2\/tags?post=1782490"},{"taxonomy":"tax_estado","embeddable":true,"href":"https:\/\/www.estrategiaconcursos.com.br\/blog\/wp-json\/wp\/v2\/tax_estado?post=1782490"}],"curies":[{"name":"wp","href":"https:\/\/api.w.org\/{rel}","templated":true}]}}