{"id":1779317,"date":"2026-08-15T07:46:33","date_gmt":"2026-08-15T10:46:33","guid":{"rendered":"https:\/\/blog-estrategia.mystagingwebsite.com\/blog\/?p=1779317"},"modified":"2026-08-22T00:32:22","modified_gmt":"2026-08-22T03:32:22","slug":"concurso-prefeitura-tunas-do-parana","status":"publish","type":"post","link":"https:\/\/www.estrategiaconcursos.com.br\/blog\/concurso-prefeitura-tunas-do-parana\/","title":{"rendered":"Concurso Tunas do Paran\u00e1 PR: processo seletivo de 2026"},"content":{"rendered":"\n<p class=\"wp-block-paragraph\" style=\"font-size:clamp(16.293px, 1.018rem + ((1vw - 3.2px) * 0.854), 25px);font-style:italic;font-weight:700\">A Prefeitura de Tunas do Paran\u00e1 abriu em 2026 um processo seletivo tempor\u00e1rio para profissionais de diferentes n\u00edveis de escolaridade.<\/p>\n\n\n\n<p class=\"wp-block-paragraph\">As sele\u00e7\u00f5es da Prefeitura de Tunas do Paran\u00e1 abrangem com frequ\u00eancia fun\u00e7\u00f5es da educa\u00e7\u00e3o, dos servi\u00e7os operacionais e da sa\u00fade. Professor, educador infantil, merendeiro, motorista e auxiliar de servi\u00e7os gerais aparecem em diferentes anos.<\/p>\n\n\n\n<p class=\"wp-block-paragraph\">O munic\u00edpio alternou processos seletivos com concursos p\u00fablicos de maior alcance. Enquanto as sele\u00e7\u00f5es se concentraram em demandas espec\u00edficas, o concurso de 2024 reuniu oportunidades para candidatos dos n\u00edveis fundamental, m\u00e9dio, t\u00e9cnico e superior.<\/p>\n\n\n\n<ul class=\"wp-block-list has-very-light-gray-to-cyan-bluish-gray-gradient-background has-background\">\n<li><strong>Status:<\/strong> sem previs\u00e3o de novo edital<\/li>\n<li><strong>\u00daltimo edital:<\/strong> 2026 (processo seletivo)<\/li>\n<li><strong>Vagas:<\/strong> 9<\/li>\n<li><strong>Remunera\u00e7\u00e3o:<\/strong> at\u00e9 R$ 2.125,74<\/li>\n<li><strong>Escolaridade:<\/strong> n\u00edveis fundamental, m\u00e9dio, t\u00e9cnico e superior<\/li>\n<\/ul>\n\n\n\n<h2 class=\"wp-block-heading\" id=\"situacao-atual\">Situa\u00e7\u00e3o atual do concurso em Tunas do Paran\u00e1<\/h2>\n\n\n\n<p class=\"wp-block-paragraph\">A Prefeitura de Tunas do Paran\u00e1 n\u00e3o divulgou previs\u00e3o para a publica\u00e7\u00e3o de outro edital.<\/p>\n\n\n\n<h2 class=\"wp-block-heading\" id=\"ultimo-concurso\">\u00daltimo processo seletivo em Tunas do Paran\u00e1<\/h2>\n\n\n\n<p class=\"wp-block-paragraph\">O processo seletivo tempor\u00e1rio de 2026 ofereceu nove vagas imediatas e previu cadastro de reserva. As oportunidades foram destinadas a Auxiliar de Servi\u00e7os Gerais, Merendeiro, Monitor de Transporte Escolar, Motorista de Autom\u00f3vel Tempor\u00e1rio, Motorista de Caminh\u00e3o Tempor\u00e1rio, Motorista de Transporte Coletivo Tempor\u00e1rio, T\u00e9cnico em Enfermagem da Aten\u00e7\u00e3o B\u00e1sica, Educador Infantil e Professor.<\/p>\n\n\n\n<p class=\"wp-block-paragraph\">Cada fun\u00e7\u00e3o recebeu uma vaga imediata, al\u00e9m da previs\u00e3o de cadastro de reserva. A escolaridade exigida variou entre os n\u00edveis fundamental, m\u00e9dio, t\u00e9cnico e superior, e as remunera\u00e7\u00f5es ficaram entre R$ 500,00 e R$ 2.125,74.<\/p>\n\n\n\n<p class=\"wp-block-paragraph\">O processo seletivo previu prova objetiva e prova de t\u00edtulos. O objetivo declarado foi preencher as vagas imediatas e constituir cadastro para eventuais contrata\u00e7\u00f5es tempor\u00e1rias.<\/p>\n\n\n\n<ul class=\"wp-block-list\">\n<li>Auxiliar de Servi\u00e7os Gerais<\/li>\n\n\n\n<li>Merendeiro(a)<\/li>\n\n\n\n<li>Monitor(a) de Transporte Escolar<\/li>\n\n\n\n<li>Motorista de Autom\u00f3vel Tempor\u00e1rio<\/li>\n\n\n\n<li>Motorista de Caminh\u00e3o Tempor\u00e1rio<\/li>\n\n\n\n<li>Motorista de Transporte Coletivo Tempor\u00e1rio<\/li>\n\n\n\n<li>T\u00e9cnico(a) em Enfermagem da Aten\u00e7\u00e3o B\u00e1sica<\/li>\n\n\n\n<li>Educador(a) Infantil<\/li>\n\n\n\n<li>Professor(a)<\/li>\n<\/ul>\n\n\n\n<h2 class=\"wp-block-heading\" id=\"historico\">Hist\u00f3rico de concursos em Tunas do Paran\u00e1<\/h2>\n\n\n\n<p class=\"wp-block-paragraph\">Tamb\u00e9m em 2026, a prefeitura abriu uma sele\u00e7\u00e3o com duas vagas de n\u00edvel fundamental, destinadas a Auxiliar de Servi\u00e7os Gerais e Merendeira. Em 2025, uma sele\u00e7\u00e3o para Professor Tempor\u00e1rio ofertou oito vagas de n\u00edvel superior, enquanto outro processo seletivo, posteriormente retificado, registrou 27 vagas para os n\u00edveis fundamental, m\u00e9dio, t\u00e9cnico e superior.<\/p>\n\n\n\n<p class=\"wp-block-paragraph\">O concurso p\u00fablico de 2024 teve 65 vagas e remunera\u00e7\u00e3o de at\u00e9 R$ 6.257,00, alcan\u00e7ando os quatro n\u00edveis de escolaridade. Nos anos seguintes, os registros voltaram a ser de processos seletivos.<\/p>\n\n\n\n<p class=\"wp-block-paragraph\">A educa\u00e7\u00e3o apareceu repetidamente nas sele\u00e7\u00f5es municipais, com oportunidades em 2019, 2021 e 2023. A sa\u00fade tamb\u00e9m esteve presente em 2021, com M\u00e9dico e Dentista, e em 2022, quando uma sele\u00e7\u00e3o retificada ofertou cinco vagas de n\u00edvel superior, com remunera\u00e7\u00e3o de at\u00e9 R$ 13.646,57.<\/p>\n\n\n\n<h2 class=\"wp-block-heading\" id=\"linha-do-tempo\">Linha do tempo<\/h2>\n\n\n\n<ul class=\"wp-block-list\">\n<li><strong>2026:<\/strong> A prefeitura abriu o processo seletivo tempor\u00e1rio para nove fun\u00e7\u00f5es e outra sele\u00e7\u00e3o com duas vagas para Auxiliar de Servi\u00e7os Gerais e Merendeira.<\/li>\n\n\n\n<li><strong>2025:<\/strong> Foram registrados uma sele\u00e7\u00e3o com oito vagas para Professor Tempor\u00e1rio e um processo seletivo retificado com 27 vagas em diferentes n\u00edveis de escolaridade.<\/li>\n\n\n\n<li><strong>2024:<\/strong> O concurso p\u00fablico municipal, posteriormente retificado, ofertou 65 vagas para os n\u00edveis fundamental, m\u00e9dio, t\u00e9cnico e superior.<\/li>\n\n\n\n<li><strong>2023:<\/strong> A prefeitura abriu sele\u00e7\u00f5es com seis vagas para fun\u00e7\u00f5es dos n\u00edveis fundamental e m\u00e9dio e sete vagas para Educador Infantil Tempor\u00e1rio.<\/li>\n\n\n\n<li><strong>2022:<\/strong> Um processo seletivo retificado ofertou cinco vagas de n\u00edvel superior.<\/li>\n\n\n\n<li><strong>2021:<\/strong> As sele\u00e7\u00f5es abrangeram Educador Tempor\u00e1rio, Professor Tempor\u00e1rio, Educador Infantil Tempor\u00e1rio, M\u00e9dico e Dentista.<\/li>\n\n\n\n<li><strong>2020:<\/strong> Houve processo seletivo para 37 estagi\u00e1rios e outra sele\u00e7\u00e3o com tr\u00eas vagas para Assistente Ocupacional.<\/li>\n\n\n\n<li><strong>2019:<\/strong> As sele\u00e7\u00f5es municipais contemplaram Professor, Educador Infantil, Merendeira, Auxiliar de Servi\u00e7os Gerais e fun\u00e7\u00f5es dos n\u00edveis m\u00e9dio e superior.<\/li>\n\n\n\n<li><strong>2018:<\/strong> A prefeitura anunciou processo seletivo para Assistente de Alfabetiza\u00e7\u00e3o.<\/li>\n\n\n\n<li><strong>2017:<\/strong> A C\u00e2mara Municipal de Tunas do Paran\u00e1, em certame que n\u00e3o pertenceu \u00e0 prefeitura, abriu concurso p\u00fablico com uma vaga para Advogado.<\/li>\n<\/ul>\n\n\n\n<h2 class=\"wp-block-heading has-text-align-center\" id=\"mapa-regiao\">Veja Concursos Abertos na mesma regi\u00e3o<\/h2>\n\n\n\n<iframe\n  src=\"https:\/\/www.estrategiaconcursos.com.br\/blog\/mapa-concursos\/embed?situacoes=Inscri%C3%A7%C3%B5es%20abertas&amp;estado=PR\"\n  width=\"100%\"\n  height=\"400\"\n  style=\"border: none; display: block;\"\n  title=\"Mapa de Concursos P\u00fablicos em Paran\u00e1\"\n  loading=\"lazy\"><\/iframe>\n\n\n\n<h2 class=\"wp-block-heading has-text-align-center\" id=\"cursos\">Quer saber tudo sobre concursos previstos?<br \/>Confira nossos artigos!<\/h2>\n\n\n\n<ul class=\"wp-block-list\">\n<li><a href=\"https:\/\/www.estrategiaconcursos.com.br\/blog\/concursos-abertos\/\" target=\"_blank\" rel=\"noreferrer noopener\">Concursos Abertos<\/a><\/li>\n<li><a href=\"https:\/\/www.estrategiaconcursos.com.br\/blog\/concursos-2026\/\" target=\"_blank\" rel=\"noreferrer noopener\">Concursos 2026<\/a><\/li>\n<li><a href=\"https:\/\/www.estrategiaconcursos.com.br\/blog\/concursos-parana\/\" target=\"_blank\" rel=\"noreferrer noopener\">Concursos Paran\u00e1<\/a><\/li>\n<\/ul>\n\n\n\n<div class=\"estrategia\" id=\"box-assinatura\">\n  <h3 class=\"titulo-assinatura\">Assinatura Concursos<\/h3>\n  <p class=\"subtitulo-assinatura\">Assinatura de 1 ano ou 2 anos<\/p>\n  <div class=\"box-botao\">\n    <a class=\"btn-assinatura\" target=\"_blank\" href=\"https:\/\/www.estrategiaconcursos.com.br\/assinaturas\/\" role=\"button\" rel=\"noopener noreferrer\">ASSINE AGORA<\/a>\n  <\/div>\n<\/div>\n\n\n\n<h3 class=\"wp-block-heading\" id=\"ficha\">Informa\u00e7\u00f5es do \u00faltimo processo seletivo<\/h3>\n\n\n\n<ul class=\"wp-block-list\">\n<li><strong>\u00d3rg\u00e3o:<\/strong> Prefeitura de Tunas do Paran\u00e1 (PR)<\/li>\n\n\n\n<li><strong>Ano:<\/strong> 2026<\/li>\n\n\n\n<li><strong>Tipo:<\/strong> processo seletivo<\/li>\n\n\n\n<li><strong>Cargos:<\/strong> Auxiliar de Servi\u00e7os Gerais, Merendeiro(a), Monitor(a) de Transporte Escolar, Motorista de Autom\u00f3vel Tempor\u00e1rio, Motorista de Caminh\u00e3o Tempor\u00e1rio, entre outros<\/li>\n\n\n\n<li><strong>Vagas:<\/strong> 9<\/li>\n\n\n\n<li><strong>Escolaridade:<\/strong> n\u00edveis fundamental, m\u00e9dio, t\u00e9cnico e superior<\/li>\n\n\n\n<li><strong>Remunera\u00e7\u00e3o:<\/strong> at\u00e9 R$ 2.125,74<\/li>\n\n\n\n<li><strong>Situa\u00e7\u00e3o:<\/strong> sem previs\u00e3o de novo edital<\/li>\n<\/ul>\n\n\n\n<div class=\"container\" id=\"boxes\">\n  <div class=\"row\">\n    <div class=\"col-sm\">\n      <div class=\"banner-prefeituras-ec\" id=\"box-assinatura\">\n        <h2 class=\"titulo-assinatura\" style=\"text-align: left;\">Concursos Prefeituras<\/h2>\n        <p class=\"subtitulo-assinatura\" style=\"text-align: left;\">Prepara\u00e7\u00e3o completa para a carreira!<\/p>\n        <div class=\"box-botao\" style=\"text-align: left;\">\n          <a class=\"btn-assinatura\" target=\"_blank\" href=\"https:\/\/www.estrategiaconcursos.com.br\/pesquisa\/?q=prefeitura+tunas+do+parana\" role=\"button\" rel=\"noopener noreferrer\">EXPLORAR CURSOS<\/a>\n        <\/div>\n      <\/div>\n    <\/div>\n  <\/div>\n<\/div>\n\n","protected":false},"excerpt":{"rendered":"<p>A Prefeitura de Tunas do Paran\u00e1 abriu em 2026 um processo seletivo tempor\u00e1rio para profissionais de diferentes n\u00edveis de escolaridade. As sele\u00e7\u00f5es da Prefeitura de Tunas do Paran\u00e1 abrangem com frequ\u00eancia fun\u00e7\u00f5es da educa\u00e7\u00e3o, dos servi\u00e7os operacionais e da sa\u00fade. Professor, educador infantil, merendeiro, motorista e auxiliar de servi\u00e7os gerais aparecem em diferentes anos. O [&hellip;]<\/p>\n","protected":false},"author":344,"featured_media":1540739,"comment_status":"open","ping_status":"closed","sticky":false,"template":"","format":"standard","meta":{"_acf_changed":false,"post_tipo":"news_page","footnotes":""},"categories":[222278],"tags":[],"tax_estado":[219981],"class_list":["post-1779317","post","type-post","status-publish","format-standard","has-post-thumbnail","hentry","category-prefeituras","tax_estado-pr"],"acf":[],"yoast_head":"<!-- This site is optimized with the Yoast SEO Premium plugin v28.1 (Yoast SEO v28.1) - https:\/\/yoast.com\/product\/yoast-seo-premium-wordpress\/ -->\n<title>Concurso Tunas do Paran\u00e1 PR: processo seletivo de 2026<\/title>\n<meta name=\"description\" content=\"Concurso Tunas do Paran\u00e1 (PR): sele\u00e7\u00e3o de 2026 abriu 9 vagas tempor\u00e1rias do n\u00edvel fundamental ao superior. Veja cargos, etapas e hist\u00f3rico.\" \/>\n<meta name=\"robots\" content=\"index, follow, max-snippet:-1, max-image-preview:large, max-video-preview:-1\" \/>\n<link rel=\"canonical\" href=\"https:\/\/www.estrategiaconcursos.com.br\/blog\/concurso-prefeitura-tunas-do-parana\/\" \/>\n<meta property=\"og:locale\" content=\"pt_BR\" \/>\n<meta property=\"og:type\" content=\"article\" \/>\n<meta property=\"og:title\" content=\"Concurso Tunas do Paran\u00e1 PR: processo seletivo de 2026\" \/>\n<meta property=\"og:description\" content=\"Concurso Tunas do Paran\u00e1 (PR): sele\u00e7\u00e3o de 2026 abriu 9 vagas tempor\u00e1rias do n\u00edvel fundamental ao superior. Veja cargos, etapas e hist\u00f3rico.\" \/>\n<meta property=\"og:url\" content=\"https:\/\/www.estrategiaconcursos.com.br\/blog\/concurso-prefeitura-tunas-do-parana\/\" \/>\n<meta property=\"og:site_name\" content=\"Estrat\u00e9gia Concursos\" \/>\n<meta property=\"article:author\" content=\"https:\/\/www.facebook.com\/coachluiseduardo\/\" \/>\n<meta property=\"article:published_time\" content=\"2026-08-15T10:46:33+00:00\" \/>\n<meta property=\"article:modified_time\" content=\"2026-08-22T03:32:22+00:00\" \/>\n<meta property=\"og:image\" content=\"https:\/\/dhg1h5j42swfq.cloudfront.net\/2025\/03\/05201612\/concursos-prefeituras-1024x536-1.jpg\" \/>\n\t<meta property=\"og:image:width\" content=\"1024\" \/>\n\t<meta property=\"og:image:height\" content=\"536\" \/>\n\t<meta property=\"og:image:type\" content=\"image\/jpeg\" \/>\n<meta name=\"author\" content=\"Luis Eduardo\" \/>\n<meta name=\"twitter:card\" content=\"summary_large_image\" \/>\n<meta name=\"twitter:creator\" content=\"@EstratConcursos\" \/>\n<meta name=\"twitter:site\" content=\"@EstratConcursos\" \/>\n<meta name=\"twitter:label1\" content=\"Escrito por\" \/>\n\t<meta name=\"twitter:data1\" content=\"Luis Eduardo\" \/>\n\t<meta name=\"twitter:label2\" content=\"Est. tempo de leitura\" \/>\n\t<meta name=\"twitter:data2\" content=\"4 minutos\" \/>\n<script type=\"application\/ld+json\" class=\"yoast-schema-graph\">{\"@context\":\"https:\\\/\\\/schema.org\",\"@graph\":[{\"@type\":\"NewsArticle\",\"@id\":\"https:\\\/\\\/www.estrategiaconcursos.com.br\\\/blog\\\/concurso-prefeitura-tunas-do-parana\\\/#article\",\"isPartOf\":{\"@id\":\"https:\\\/\\\/www.estrategiaconcursos.com.br\\\/blog\\\/concurso-prefeitura-tunas-do-parana\\\/\"},\"author\":{\"name\":\"Luis Eduardo\",\"@id\":\"https:\\\/\\\/blog-estrategia.mystagingwebsite.com\\\/#\\\/schema\\\/person\\\/0906ff564105056f3b05978d503ee214\"},\"headline\":\"Concurso Tunas do Paran\u00e1 PR: processo seletivo de 2026\",\"datePublished\":\"2026-08-15T10:46:33+00:00\",\"dateModified\":\"2026-08-22T03:32:22+00:00\",\"mainEntityOfPage\":{\"@id\":\"https:\\\/\\\/www.estrategiaconcursos.com.br\\\/blog\\\/concurso-prefeitura-tunas-do-parana\\\/\"},\"wordCount\":802,\"commentCount\":0,\"publisher\":{\"@id\":\"https:\\\/\\\/blog-estrategia.mystagingwebsite.com\\\/#organization\"},\"image\":{\"@id\":\"https:\\\/\\\/www.estrategiaconcursos.com.br\\\/blog\\\/concurso-prefeitura-tunas-do-parana\\\/#primaryimage\"},\"thumbnailUrl\":\"https:\\\/\\\/dhg1h5j42swfq.cloudfront.net\\\/2025\\\/03\\\/05201612\\\/concursos-prefeituras-1024x536-1.jpg\",\"articleSection\":[\"Prefeituras\"],\"inLanguage\":\"pt-BR\",\"potentialAction\":[{\"@type\":\"CommentAction\",\"name\":\"Comment\",\"target\":[\"https:\\\/\\\/www.estrategiaconcursos.com.br\\\/blog\\\/concurso-prefeitura-tunas-do-parana\\\/#respond\"]}],\"copyrightYear\":\"2026\",\"copyrightHolder\":{\"@id\":\"https:\\\/\\\/www.estrategiaconcursos.com.br\\\/blog\\\/#organization\"}},{\"@type\":\"WebPage\",\"@id\":\"https:\\\/\\\/www.estrategiaconcursos.com.br\\\/blog\\\/concurso-prefeitura-tunas-do-parana\\\/\",\"url\":\"https:\\\/\\\/www.estrategiaconcursos.com.br\\\/blog\\\/concurso-prefeitura-tunas-do-parana\\\/\",\"name\":\"Concurso Tunas do Paran\u00e1 PR: processo seletivo de 2026\",\"isPartOf\":{\"@id\":\"https:\\\/\\\/blog-estrategia.mystagingwebsite.com\\\/#website\"},\"primaryImageOfPage\":{\"@id\":\"https:\\\/\\\/www.estrategiaconcursos.com.br\\\/blog\\\/concurso-prefeitura-tunas-do-parana\\\/#primaryimage\"},\"image\":{\"@id\":\"https:\\\/\\\/www.estrategiaconcursos.com.br\\\/blog\\\/concurso-prefeitura-tunas-do-parana\\\/#primaryimage\"},\"thumbnailUrl\":\"https:\\\/\\\/dhg1h5j42swfq.cloudfront.net\\\/2025\\\/03\\\/05201612\\\/concursos-prefeituras-1024x536-1.jpg\",\"datePublished\":\"2026-08-15T10:46:33+00:00\",\"dateModified\":\"2026-08-22T03:32:22+00:00\",\"description\":\"Concurso Tunas do Paran\u00e1 (PR): sele\u00e7\u00e3o de 2026 abriu 9 vagas tempor\u00e1rias do n\u00edvel fundamental ao superior. Veja cargos, etapas e hist\u00f3rico.\",\"breadcrumb\":{\"@id\":\"https:\\\/\\\/www.estrategiaconcursos.com.br\\\/blog\\\/concurso-prefeitura-tunas-do-parana\\\/#breadcrumb\"},\"inLanguage\":\"pt-BR\",\"potentialAction\":[{\"@type\":\"ReadAction\",\"target\":[\"https:\\\/\\\/www.estrategiaconcursos.com.br\\\/blog\\\/concurso-prefeitura-tunas-do-parana\\\/\"]}]},{\"@type\":\"ImageObject\",\"inLanguage\":\"pt-BR\",\"@id\":\"https:\\\/\\\/www.estrategiaconcursos.com.br\\\/blog\\\/concurso-prefeitura-tunas-do-parana\\\/#primaryimage\",\"url\":\"https:\\\/\\\/dhg1h5j42swfq.cloudfront.net\\\/2025\\\/03\\\/05201612\\\/concursos-prefeituras-1024x536-1.jpg\",\"contentUrl\":\"https:\\\/\\\/dhg1h5j42swfq.cloudfront.net\\\/2025\\\/03\\\/05201612\\\/concursos-prefeituras-1024x536-1.jpg\",\"width\":1024,\"height\":536,\"caption\":\"Concursos prefeituras\"},{\"@type\":\"BreadcrumbList\",\"@id\":\"https:\\\/\\\/www.estrategiaconcursos.com.br\\\/blog\\\/concurso-prefeitura-tunas-do-parana\\\/#breadcrumb\",\"itemListElement\":[{\"@type\":\"ListItem\",\"position\":1,\"name\":\"In\u00edcio\",\"item\":\"https:\\\/\\\/blog-estrategia.mystagingwebsite.com\\\/\"},{\"@type\":\"ListItem\",\"position\":2,\"name\":\"Concurso Tunas do Paran\u00e1 PR: processo seletivo de 2026\"}]},{\"@type\":\"WebSite\",\"@id\":\"https:\\\/\\\/blog-estrategia.mystagingwebsite.com\\\/#website\",\"url\":\"https:\\\/\\\/blog-estrategia.mystagingwebsite.com\\\/\",\"name\":\"Estrat\u00e9gia Concursos\",\"description\":\"O blog da Estrat\u00e9gia Concursos traz not\u00edcias sobre concursos e artigos de professores oferecendo cursos para concursos (pdf + videaulas) no site.\",\"publisher\":{\"@id\":\"https:\\\/\\\/blog-estrategia.mystagingwebsite.com\\\/#organization\"},\"potentialAction\":[{\"@type\":\"SearchAction\",\"target\":{\"@type\":\"EntryPoint\",\"urlTemplate\":\"https:\\\/\\\/blog-estrategia.mystagingwebsite.com\\\/?s={search_term_string}\"},\"query-input\":{\"@type\":\"PropertyValueSpecification\",\"valueRequired\":true,\"valueName\":\"search_term_string\"}}],\"inLanguage\":\"pt-BR\"},{\"@type\":\"Organization\",\"@id\":\"https:\\\/\\\/blog-estrategia.mystagingwebsite.com\\\/#organization\",\"name\":\"Estrat\u00e9gia Concursos\",\"url\":\"https:\\\/\\\/blog-estrategia.mystagingwebsite.com\\\/\",\"logo\":{\"@type\":\"ImageObject\",\"inLanguage\":\"pt-BR\",\"@id\":\"https:\\\/\\\/blog-estrategia.mystagingwebsite.com\\\/#\\\/schema\\\/logo\\\/image\\\/\",\"url\":\"https:\\\/\\\/dhg1h5j42swfq.cloudfront.net\\\/2025\\\/06\\\/03203428\\\/logo_concursos-1.jpg\",\"contentUrl\":\"https:\\\/\\\/dhg1h5j42swfq.cloudfront.net\\\/2025\\\/06\\\/03203428\\\/logo_concursos-1.jpg\",\"width\":230,\"height\":60,\"caption\":\"Estrat\u00e9gia Concursos\"},\"image\":{\"@id\":\"https:\\\/\\\/blog-estrategia.mystagingwebsite.com\\\/#\\\/schema\\\/logo\\\/image\\\/\"},\"sameAs\":[\"https:\\\/\\\/x.com\\\/EstratConcursos\"]},{\"@type\":\"Person\",\"@id\":\"https:\\\/\\\/blog-estrategia.mystagingwebsite.com\\\/#\\\/schema\\\/person\\\/0906ff564105056f3b05978d503ee214\",\"name\":\"Luis Eduardo\",\"image\":{\"@type\":\"ImageObject\",\"inLanguage\":\"pt-BR\",\"@id\":\"https:\\\/\\\/secure.gravatar.com\\\/avatar\\\/3ce09d3c01f86018c4f3b15b9e6389f2ac325bc19863fdb79cd37fefb38517d1?s=96&d=mm&r=g\",\"url\":\"https:\\\/\\\/secure.gravatar.com\\\/avatar\\\/3ce09d3c01f86018c4f3b15b9e6389f2ac325bc19863fdb79cd37fefb38517d1?s=96&d=mm&r=g\",\"contentUrl\":\"https:\\\/\\\/secure.gravatar.com\\\/avatar\\\/3ce09d3c01f86018c4f3b15b9e6389f2ac325bc19863fdb79cd37fefb38517d1?s=96&d=mm&r=g\",\"caption\":\"Luis Eduardo\"},\"sameAs\":[\"https:\\\/\\\/www.facebook.com\\\/coachluiseduardo\\\/\"],\"url\":\"https:\\\/\\\/www.estrategiaconcursos.com.br\\\/blog\\\/author\\\/luiseduardoestrategiaconcursos-com-br\\\/\"}]}<\/script>\n<!-- \/ Yoast SEO Premium plugin. -->","yoast_head_json":{"title":"Concurso Tunas do Paran\u00e1 PR: processo seletivo de 2026","description":"Concurso Tunas do Paran\u00e1 (PR): sele\u00e7\u00e3o de 2026 abriu 9 vagas tempor\u00e1rias do n\u00edvel fundamental ao superior. Veja cargos, etapas e hist\u00f3rico.","robots":{"index":"index","follow":"follow","max-snippet":"max-snippet:-1","max-image-preview":"max-image-preview:large","max-video-preview":"max-video-preview:-1"},"canonical":"https:\/\/www.estrategiaconcursos.com.br\/blog\/concurso-prefeitura-tunas-do-parana\/","og_locale":"pt_BR","og_type":"article","og_title":"Concurso Tunas do Paran\u00e1 PR: processo seletivo de 2026","og_description":"Concurso Tunas do Paran\u00e1 (PR): sele\u00e7\u00e3o de 2026 abriu 9 vagas tempor\u00e1rias do n\u00edvel fundamental ao superior. Veja cargos, etapas e hist\u00f3rico.","og_url":"https:\/\/www.estrategiaconcursos.com.br\/blog\/concurso-prefeitura-tunas-do-parana\/","og_site_name":"Estrat\u00e9gia Concursos","article_author":"https:\/\/www.facebook.com\/coachluiseduardo\/","article_published_time":"2026-08-15T10:46:33+00:00","article_modified_time":"2026-08-22T03:32:22+00:00","og_image":[{"width":1024,"height":536,"url":"https:\/\/dhg1h5j42swfq.cloudfront.net\/2025\/03\/05201612\/concursos-prefeituras-1024x536-1.jpg","type":"image\/jpeg"}],"author":"Luis Eduardo","twitter_card":"summary_large_image","twitter_creator":"@EstratConcursos","twitter_site":"@EstratConcursos","twitter_misc":{"Escrito por":"Luis Eduardo","Est. tempo de leitura":"4 minutos"},"schema":{"@context":"https:\/\/schema.org","@graph":[{"@type":"NewsArticle","@id":"https:\/\/www.estrategiaconcursos.com.br\/blog\/concurso-prefeitura-tunas-do-parana\/#article","isPartOf":{"@id":"https:\/\/www.estrategiaconcursos.com.br\/blog\/concurso-prefeitura-tunas-do-parana\/"},"author":{"name":"Luis Eduardo","@id":"https:\/\/blog-estrategia.mystagingwebsite.com\/#\/schema\/person\/0906ff564105056f3b05978d503ee214"},"headline":"Concurso Tunas do Paran\u00e1 PR: processo seletivo de 2026","datePublished":"2026-08-15T10:46:33+00:00","dateModified":"2026-08-22T03:32:22+00:00","mainEntityOfPage":{"@id":"https:\/\/www.estrategiaconcursos.com.br\/blog\/concurso-prefeitura-tunas-do-parana\/"},"wordCount":802,"commentCount":0,"publisher":{"@id":"https:\/\/blog-estrategia.mystagingwebsite.com\/#organization"},"image":{"@id":"https:\/\/www.estrategiaconcursos.com.br\/blog\/concurso-prefeitura-tunas-do-parana\/#primaryimage"},"thumbnailUrl":"https:\/\/dhg1h5j42swfq.cloudfront.net\/2025\/03\/05201612\/concursos-prefeituras-1024x536-1.jpg","articleSection":["Prefeituras"],"inLanguage":"pt-BR","potentialAction":[{"@type":"CommentAction","name":"Comment","target":["https:\/\/www.estrategiaconcursos.com.br\/blog\/concurso-prefeitura-tunas-do-parana\/#respond"]}],"copyrightYear":"2026","copyrightHolder":{"@id":"https:\/\/www.estrategiaconcursos.com.br\/blog\/#organization"}},{"@type":"WebPage","@id":"https:\/\/www.estrategiaconcursos.com.br\/blog\/concurso-prefeitura-tunas-do-parana\/","url":"https:\/\/www.estrategiaconcursos.com.br\/blog\/concurso-prefeitura-tunas-do-parana\/","name":"Concurso Tunas do Paran\u00e1 PR: processo seletivo de 2026","isPartOf":{"@id":"https:\/\/blog-estrategia.mystagingwebsite.com\/#website"},"primaryImageOfPage":{"@id":"https:\/\/www.estrategiaconcursos.com.br\/blog\/concurso-prefeitura-tunas-do-parana\/#primaryimage"},"image":{"@id":"https:\/\/www.estrategiaconcursos.com.br\/blog\/concurso-prefeitura-tunas-do-parana\/#primaryimage"},"thumbnailUrl":"https:\/\/dhg1h5j42swfq.cloudfront.net\/2025\/03\/05201612\/concursos-prefeituras-1024x536-1.jpg","datePublished":"2026-08-15T10:46:33+00:00","dateModified":"2026-08-22T03:32:22+00:00","description":"Concurso Tunas do Paran\u00e1 (PR): sele\u00e7\u00e3o de 2026 abriu 9 vagas tempor\u00e1rias do n\u00edvel fundamental ao superior. Veja cargos, etapas e hist\u00f3rico.","breadcrumb":{"@id":"https:\/\/www.estrategiaconcursos.com.br\/blog\/concurso-prefeitura-tunas-do-parana\/#breadcrumb"},"inLanguage":"pt-BR","potentialAction":[{"@type":"ReadAction","target":["https:\/\/www.estrategiaconcursos.com.br\/blog\/concurso-prefeitura-tunas-do-parana\/"]}]},{"@type":"ImageObject","inLanguage":"pt-BR","@id":"https:\/\/www.estrategiaconcursos.com.br\/blog\/concurso-prefeitura-tunas-do-parana\/#primaryimage","url":"https:\/\/dhg1h5j42swfq.cloudfront.net\/2025\/03\/05201612\/concursos-prefeituras-1024x536-1.jpg","contentUrl":"https:\/\/dhg1h5j42swfq.cloudfront.net\/2025\/03\/05201612\/concursos-prefeituras-1024x536-1.jpg","width":1024,"height":536,"caption":"Concursos prefeituras"},{"@type":"BreadcrumbList","@id":"https:\/\/www.estrategiaconcursos.com.br\/blog\/concurso-prefeitura-tunas-do-parana\/#breadcrumb","itemListElement":[{"@type":"ListItem","position":1,"name":"In\u00edcio","item":"https:\/\/blog-estrategia.mystagingwebsite.com\/"},{"@type":"ListItem","position":2,"name":"Concurso Tunas do Paran\u00e1 PR: processo seletivo de 2026"}]},{"@type":"WebSite","@id":"https:\/\/blog-estrategia.mystagingwebsite.com\/#website","url":"https:\/\/blog-estrategia.mystagingwebsite.com\/","name":"Estrat\u00e9gia Concursos","description":"O blog da Estrat\u00e9gia Concursos traz not\u00edcias sobre concursos e artigos de professores oferecendo cursos para concursos (pdf + videaulas) no site.","publisher":{"@id":"https:\/\/blog-estrategia.mystagingwebsite.com\/#organization"},"potentialAction":[{"@type":"SearchAction","target":{"@type":"EntryPoint","urlTemplate":"https:\/\/blog-estrategia.mystagingwebsite.com\/?s={search_term_string}"},"query-input":{"@type":"PropertyValueSpecification","valueRequired":true,"valueName":"search_term_string"}}],"inLanguage":"pt-BR"},{"@type":"Organization","@id":"https:\/\/blog-estrategia.mystagingwebsite.com\/#organization","name":"Estrat\u00e9gia Concursos","url":"https:\/\/blog-estrategia.mystagingwebsite.com\/","logo":{"@type":"ImageObject","inLanguage":"pt-BR","@id":"https:\/\/blog-estrategia.mystagingwebsite.com\/#\/schema\/logo\/image\/","url":"https:\/\/dhg1h5j42swfq.cloudfront.net\/2025\/06\/03203428\/logo_concursos-1.jpg","contentUrl":"https:\/\/dhg1h5j42swfq.cloudfront.net\/2025\/06\/03203428\/logo_concursos-1.jpg","width":230,"height":60,"caption":"Estrat\u00e9gia Concursos"},"image":{"@id":"https:\/\/blog-estrategia.mystagingwebsite.com\/#\/schema\/logo\/image\/"},"sameAs":["https:\/\/x.com\/EstratConcursos"]},{"@type":"Person","@id":"https:\/\/blog-estrategia.mystagingwebsite.com\/#\/schema\/person\/0906ff564105056f3b05978d503ee214","name":"Luis Eduardo","image":{"@type":"ImageObject","inLanguage":"pt-BR","@id":"https:\/\/secure.gravatar.com\/avatar\/3ce09d3c01f86018c4f3b15b9e6389f2ac325bc19863fdb79cd37fefb38517d1?s=96&d=mm&r=g","url":"https:\/\/secure.gravatar.com\/avatar\/3ce09d3c01f86018c4f3b15b9e6389f2ac325bc19863fdb79cd37fefb38517d1?s=96&d=mm&r=g","contentUrl":"https:\/\/secure.gravatar.com\/avatar\/3ce09d3c01f86018c4f3b15b9e6389f2ac325bc19863fdb79cd37fefb38517d1?s=96&d=mm&r=g","caption":"Luis Eduardo"},"sameAs":["https:\/\/www.facebook.com\/coachluiseduardo\/"],"url":"https:\/\/www.estrategiaconcursos.com.br\/blog\/author\/luiseduardoestrategiaconcursos-com-br\/"}]}},"_links":{"self":[{"href":"https:\/\/www.estrategiaconcursos.com.br\/blog\/wp-json\/wp\/v2\/posts\/1779317","targetHints":{"allow":["GET"]}}],"collection":[{"href":"https:\/\/www.estrategiaconcursos.com.br\/blog\/wp-json\/wp\/v2\/posts"}],"about":[{"href":"https:\/\/www.estrategiaconcursos.com.br\/blog\/wp-json\/wp\/v2\/types\/post"}],"author":[{"embeddable":true,"href":"https:\/\/www.estrategiaconcursos.com.br\/blog\/wp-json\/wp\/v2\/users\/344"}],"replies":[{"embeddable":true,"href":"https:\/\/www.estrategiaconcursos.com.br\/blog\/wp-json\/wp\/v2\/comments?post=1779317"}],"version-history":[{"count":10,"href":"https:\/\/www.estrategiaconcursos.com.br\/blog\/wp-json\/wp\/v2\/posts\/1779317\/revisions"}],"predecessor-version":[{"id":1799668,"href":"https:\/\/www.estrategiaconcursos.com.br\/blog\/wp-json\/wp\/v2\/posts\/1779317\/revisions\/1799668"}],"wp:featuredmedia":[{"embeddable":true,"href":"https:\/\/www.estrategiaconcursos.com.br\/blog\/wp-json\/wp\/v2\/media\/1540739"}],"wp:attachment":[{"href":"https:\/\/www.estrategiaconcursos.com.br\/blog\/wp-json\/wp\/v2\/media?parent=1779317"}],"wp:term":[{"taxonomy":"category","embeddable":true,"href":"https:\/\/www.estrategiaconcursos.com.br\/blog\/wp-json\/wp\/v2\/categories?post=1779317"},{"taxonomy":"post_tag","embeddable":true,"href":"https:\/\/www.estrategiaconcursos.com.br\/blog\/wp-json\/wp\/v2\/tags?post=1779317"},{"taxonomy":"tax_estado","embeddable":true,"href":"https:\/\/www.estrategiaconcursos.com.br\/blog\/wp-json\/wp\/v2\/tax_estado?post=1779317"}],"curies":[{"name":"wp","href":"https:\/\/api.w.org\/{rel}","templated":true}]}}