{"id":1778860,"date":"2026-07-12T16:54:07","date_gmt":"2026-07-12T19:54:07","guid":{"rendered":"https:\/\/blog-estrategia.mystagingwebsite.com\/blog\/?p=1778860"},"modified":"2026-08-22T00:28:02","modified_gmt":"2026-08-22T03:28:02","slug":"concurso-prefeitura-itauna-do-sul","status":"publish","type":"post","link":"https:\/\/www.estrategiaconcursos.com.br\/blog\/concurso-prefeitura-itauna-do-sul\/","title":{"rendered":"Concurso Ita\u00fana do Sul PR: processo seletivo de 2026"},"content":{"rendered":"\n<p class=\"wp-block-paragraph\" style=\"font-size:clamp(16.293px, 1.018rem + ((1vw - 3.2px) * 0.854), 25px);font-style:italic;font-weight:700\">As sele\u00e7\u00f5es municipais de Ita\u00fana do Sul abrangem com frequ\u00eancia fun\u00e7\u00f5es de sa\u00fade, educa\u00e7\u00e3o, administra\u00e7\u00e3o, transporte e opera\u00e7\u00e3o de m\u00e1quinas.<\/p>\n\n\n\n<p class=\"wp-block-paragraph\">A trajet\u00f3ria recente das contrata\u00e7\u00f5es p\u00fablicas de Ita\u00fana do Sul combina concursos p\u00fablicos e processos seletivos. As oportunidades alcan\u00e7am diferentes n\u00edveis de escolaridade e incluem \u00e1reas administrativas, t\u00e9cnicas, educacionais, operacionais e de sa\u00fade.<\/p>\n\n\n\n<p class=\"wp-block-paragraph\">Fun\u00e7\u00f5es como motorista, operador de m\u00e1quinas, profissionais de enfermagem e bioqu\u00edmico aparecem em diferentes anos, enquanto sele\u00e7\u00f5es mais amplas tamb\u00e9m contemplaram cargos de n\u00edvel m\u00e9dio e superior.<\/p>\n\n\n\n<ul class=\"wp-block-list has-very-light-gray-to-cyan-bluish-gray-gradient-background has-background\">\n<li><strong>Status:<\/strong> sem previs\u00e3o de novo edital<\/li>\n<li><strong>\u00daltimo edital:<\/strong> 2026 (processo seletivo)<\/li>\n<li><strong>Vagas:<\/strong> 1<\/li>\n<li><strong>Remunera\u00e7\u00e3o:<\/strong> de R$ 1.872,86 a R$ 5.130,63<\/li>\n<li><strong>Escolaridade:<\/strong> n\u00edveis fundamental, m\u00e9dio, t\u00e9cnico e superior<\/li>\n<\/ul>\n\n\n\n<h2 class=\"wp-block-heading\" id=\"situacao-atual\">Situa\u00e7\u00e3o atual do concurso em Ita\u00fana do Sul<\/h2>\n\n\n\n<p class=\"wp-block-paragraph\">O processo seletivo simplificado publicado em 2026 \u00e9 o ciclo municipal mais recente.<\/p>\n\n\n\n<h2 class=\"wp-block-heading\" id=\"ultimo-concurso\">\u00daltimo processo seletivo em Ita\u00fana do Sul<\/h2>\n\n\n\n<p class=\"wp-block-paragraph\">Publicado em julho de 2026, o processo seletivo simplificado foi aberto para contrata\u00e7\u00e3o de pessoal por tempo determinado. O edital ofereceu uma vaga imediata para motorista e previu cadastro reserva para todas as fun\u00e7\u00f5es, inclusive motorista.<\/p>\n\n\n\n<p class=\"wp-block-paragraph\">As demais oportunidades foram destinadas a agente administrativo, agente comunit\u00e1rio de sa\u00fade, auxiliar de sa\u00fade bucal, bioqu\u00edmico, enfermeiro, farmac\u00eautico, operador de m\u00e1quinas, professor de educa\u00e7\u00e3o infantil e t\u00e9cnico em enfermagem.<\/p>\n\n\n\n<p class=\"wp-block-paragraph\">As jornadas variavam de 20 a 40 horas semanais, com remunera\u00e7\u00f5es entre R$ 1.872,86 e R$ 5.130,63. Os requisitos de escolaridade abrangiam os n\u00edveis fundamental, m\u00e9dio, t\u00e9cnico e superior.<\/p>\n\n\n\n<p class=\"wp-block-paragraph\">O edital estabeleceu a an\u00e1lise de t\u00edtulos como \u00fanico m\u00e9todo de sele\u00e7\u00e3o, sem prova objetiva ou discursiva. A validade prevista era de dois anos, com possibilidade de uma prorroga\u00e7\u00e3o pelo mesmo per\u00edodo.<\/p>\n\n\n\n<ul class=\"wp-block-list\">\n<li>Agente Administrativo<\/li>\n\n\n\n<li>Agente Comunit\u00e1rio de Sa\u00fade &#8211; ACS<\/li>\n\n\n\n<li>Auxiliar de Sa\u00fade Bucal<\/li>\n\n\n\n<li>Bioqu\u00edmico<\/li>\n\n\n\n<li>Enfermeiro<\/li>\n\n\n\n<li>Farmac\u00eautico<\/li>\n\n\n\n<li>Motorista<\/li>\n\n\n\n<li>Operador de M\u00e1quinas<\/li>\n\n\n\n<li>Professor de Educa\u00e7\u00e3o Infantil<\/li>\n\n\n\n<li>T\u00e9cnico em Enfermagem<\/li>\n<\/ul>\n\n\n\n<h2 class=\"wp-block-heading\" id=\"historico\">Hist\u00f3rico de concursos em Ita\u00fana do Sul<\/h2>\n\n\n\n<p class=\"wp-block-paragraph\">Os concursos p\u00fablicos apareceram em tr\u00eas momentos pr\u00f3ximos. Em 2019, a Prefeitura anunciou 14 vagas para candidatos dos n\u00edveis fundamental, m\u00e9dio e superior, com remunera\u00e7\u00e3o de at\u00e9 R$ 6.990,98. Em 2020, outro concurso ofereceu duas vagas de n\u00edveis m\u00e9dio e superior, com sal\u00e1rios de at\u00e9 R$ 2.700,00, mas teve as provas suspensas. Em 2022, um novo concurso trouxe oito vagas, exig\u00eancias do fundamental incompleto ao superior e remunera\u00e7\u00e3o de at\u00e9 R$ 2.512,92.<\/p>\n\n\n\n<p class=\"wp-block-paragraph\">O ano de 2022 tamb\u00e9m teve publica\u00e7\u00f5es de processos seletivos. Entre elas estavam ofertas de tr\u00eas vagas, cinco vagas e outras cinco vagas, sem soma entre os diferentes registros. Uma das sele\u00e7\u00f5es contemplou auxiliar de enfermagem e bioqu\u00edmico, com remunera\u00e7\u00e3o de at\u00e9 R$ 2.094,10.<\/p>\n\n\n\n<p class=\"wp-block-paragraph\">Em 2023, as publica\u00e7\u00f5es municipais trouxeram uma vaga para operador de m\u00e1quinas pesadas e outra para operador de m\u00e1quinas. A sele\u00e7\u00e3o de 2024 apresentou cinco vagas, escolaridade do n\u00edvel fundamental ao superior e sal\u00e1rio de at\u00e9 R$ 2.784,92, al\u00e9m de ter recebido uma retifica\u00e7\u00e3o. Em 2025, foram divulgadas oportunidades para motorista e uma oferta de duas vagas para candidatos dos n\u00edveis fundamental, m\u00e9dio e superior. Os valores chegaram a R$ 3.948,68 naquele ano, conforme o cargo e a sele\u00e7\u00e3o correspondente indicada em cada publica\u00e7\u00e3o espec\u00edfica, sem agrega\u00e7\u00e3o entre os eventos distintos de 2025. O conjunto dos registros de 2025 n\u00e3o autoriza tratar cada publica\u00e7\u00e3o necessariamente como um certame independente, pois um mesmo processo pode gerar mais de um acompanhamento p\u00fablico; por isso, a leitura correta \u00e9 por oportunidade e documento, n\u00e3o por mera contagem de publica\u00e7\u00f5es. Ainda em 2023, o Conselho Municipal dos Direitos da Crian\u00e7a e do Adolescente (CMDCA), colegiado formado por poder p\u00fablico e sociedade civil que conduz o processo de escolha dos conselheiros tutelares, promoveu sele\u00e7\u00e3o para cinco vagas de conselheiro tutelar. Esse certame n\u00e3o foi realizado pela Prefeitura. A sele\u00e7\u00e3o da C\u00e2mara Municipal em 2013, com tr\u00eas vagas de n\u00edveis m\u00e9dio e superior, pertenceu ao Legislativo e tamb\u00e9m n\u00e3o foi da Prefeitura.<\/p>\n\n\n\n<h2 class=\"wp-block-heading\" id=\"linha-do-tempo\">Linha do tempo<\/h2>\n\n\n\n<ul class=\"wp-block-list\">\n<li><strong>2026:<\/strong> Publica\u00e7\u00e3o de processo seletivo simplificado para contrata\u00e7\u00e3o tempor\u00e1ria em fun\u00e7\u00f5es administrativas, operacionais, educacionais e de sa\u00fade.<\/li>\n\n\n\n<li><strong>2025:<\/strong> Publica\u00e7\u00f5es com oportunidades para engenheiro civil, motorista e cargos dos n\u00edveis fundamental, m\u00e9dio e superior.<\/li>\n\n\n\n<li><strong>2024:<\/strong> Processo seletivo municipal com cinco vagas e posterior retifica\u00e7\u00e3o.<\/li>\n\n\n\n<li><strong>2023:<\/strong> Oportunidades municipais para operador de m\u00e1quinas e operador de m\u00e1quinas pesadas; separadamente, o CMDCA promoveu a escolha de conselheiros tutelares.<\/li>\n\n\n\n<li><strong>2022:<\/strong> Concurso p\u00fablico com oito vagas e publica\u00e7\u00f5es de processos seletivos para diferentes n\u00edveis de escolaridade.<\/li>\n\n\n\n<li><strong>2021:<\/strong> Processo seletivo com quatro vagas para candidatos dos n\u00edveis m\u00e9dio e superior.<\/li>\n\n\n\n<li><strong>2020:<\/strong> Concurso p\u00fablico com duas vagas e provas suspensas.<\/li>\n\n\n\n<li><strong>2019:<\/strong> Concurso p\u00fablico com 14 vagas para os n\u00edveis fundamental, m\u00e9dio e superior.<\/li>\n\n\n\n<li><strong>2013:<\/strong> Sele\u00e7\u00e3o da C\u00e2mara Municipal, e n\u00e3o da Prefeitura, com tr\u00eas vagas de n\u00edveis m\u00e9dio e superior.<\/li>\n<\/ul>\n\n\n\n<h2 class=\"wp-block-heading has-text-align-center\" id=\"mapa-regiao\">Veja Concursos Abertos na mesma regi\u00e3o<\/h2>\n\n\n\n<iframe\n  src=\"https:\/\/www.estrategiaconcursos.com.br\/blog\/mapa-concursos\/embed?situacoes=Inscri%C3%A7%C3%B5es%20abertas&amp;estado=PR\"\n  width=\"100%\"\n  height=\"400\"\n  style=\"border: none; display: block;\"\n  title=\"Mapa de Concursos P\u00fablicos em Paran\u00e1\"\n  loading=\"lazy\"><\/iframe>\n\n\n\n<h2 class=\"wp-block-heading has-text-align-center\" id=\"cursos\">Quer saber tudo sobre concursos previstos?<br \/>Confira nossos artigos!<\/h2>\n\n\n\n<ul class=\"wp-block-list\">\n<li><a href=\"https:\/\/www.estrategiaconcursos.com.br\/blog\/concursos-abertos\/\" target=\"_blank\" rel=\"noreferrer noopener\">Concursos Abertos<\/a><\/li>\n<li><a href=\"https:\/\/www.estrategiaconcursos.com.br\/blog\/concursos-2026\/\" target=\"_blank\" rel=\"noreferrer noopener\">Concursos 2026<\/a><\/li>\n<li><a href=\"https:\/\/www.estrategiaconcursos.com.br\/blog\/concursos-parana\/\" target=\"_blank\" rel=\"noreferrer noopener\">Concursos Paran\u00e1<\/a><\/li>\n<\/ul>\n\n\n\n<div class=\"estrategia\" id=\"box-assinatura\">\n  <h3 class=\"titulo-assinatura\">Assinatura Concursos<\/h3>\n  <p class=\"subtitulo-assinatura\">Assinatura de 1 ano ou 2 anos<\/p>\n  <div class=\"box-botao\">\n    <a class=\"btn-assinatura\" target=\"_blank\" href=\"https:\/\/www.estrategiaconcursos.com.br\/assinaturas\/\" role=\"button\" rel=\"noopener noreferrer\">ASSINE AGORA<\/a>\n  <\/div>\n<\/div>\n\n\n\n<h3 class=\"wp-block-heading\" id=\"ficha\">Informa\u00e7\u00f5es do \u00faltimo processo seletivo<\/h3>\n\n\n\n<ul class=\"wp-block-list\">\n<li><strong>\u00d3rg\u00e3o:<\/strong> Prefeitura de Ita\u00fana do Sul (PR)<\/li>\n\n\n\n<li><strong>Ano:<\/strong> 2026<\/li>\n\n\n\n<li><strong>Tipo:<\/strong> processo seletivo<\/li>\n\n\n\n<li><strong>Cargos:<\/strong> Agente Administrativo, Agente Comunit\u00e1rio de Sa\u00fade &#8211; ACS, Auxiliar de Sa\u00fade Bucal, Bioqu\u00edmico, Enfermeiro, entre outros<\/li>\n\n\n\n<li><strong>Vagas:<\/strong> 1<\/li>\n\n\n\n<li><strong>Escolaridade:<\/strong> n\u00edveis fundamental, m\u00e9dio, t\u00e9cnico e superior<\/li>\n\n\n\n<li><strong>Remunera\u00e7\u00e3o:<\/strong> de R$ 1.872,86 a R$ 5.130,63<\/li>\n\n\n\n<li><strong>Situa\u00e7\u00e3o:<\/strong> sem previs\u00e3o de novo edital<\/li>\n<\/ul>\n\n\n\n<div class=\"container\" id=\"boxes\">\n  <div class=\"row\">\n    <div class=\"col-sm\">\n      <div class=\"banner-prefeituras-ec\" id=\"box-assinatura\">\n        <h2 class=\"titulo-assinatura\" style=\"text-align: left;\">Concursos Prefeituras<\/h2>\n        <p class=\"subtitulo-assinatura\" style=\"text-align: left;\">Prepara\u00e7\u00e3o completa para a carreira!<\/p>\n        <div class=\"box-botao\" style=\"text-align: left;\">\n          <a class=\"btn-assinatura\" target=\"_blank\" href=\"https:\/\/www.estrategiaconcursos.com.br\/pesquisa\/?q=prefeitura+itauna+do+sul\" role=\"button\" rel=\"noopener noreferrer\">EXPLORAR CURSOS<\/a>\n        <\/div>\n      <\/div>\n    <\/div>\n  <\/div>\n<\/div>\n\n","protected":false},"excerpt":{"rendered":"<p>As sele\u00e7\u00f5es municipais de Ita\u00fana do Sul abrangem com frequ\u00eancia fun\u00e7\u00f5es de sa\u00fade, educa\u00e7\u00e3o, administra\u00e7\u00e3o, transporte e opera\u00e7\u00e3o de m\u00e1quinas. A trajet\u00f3ria recente das contrata\u00e7\u00f5es p\u00fablicas de Ita\u00fana do Sul combina concursos p\u00fablicos e processos seletivos. As oportunidades alcan\u00e7am diferentes n\u00edveis de escolaridade e incluem \u00e1reas administrativas, t\u00e9cnicas, educacionais, operacionais e de sa\u00fade. Fun\u00e7\u00f5es como [&hellip;]<\/p>\n","protected":false},"author":344,"featured_media":1540739,"comment_status":"open","ping_status":"closed","sticky":false,"template":"","format":"standard","meta":{"_acf_changed":false,"post_tipo":"news_page","footnotes":""},"categories":[222278],"tags":[],"tax_estado":[219981],"class_list":["post-1778860","post","type-post","status-publish","format-standard","has-post-thumbnail","hentry","category-prefeituras","tax_estado-pr"],"acf":[],"yoast_head":"<!-- This site is optimized with the Yoast SEO Premium plugin v28.1 (Yoast SEO v28.1) - https:\/\/yoast.com\/product\/yoast-seo-premium-wordpress\/ -->\n<title>Concurso Ita\u00fana do Sul PR: processo seletivo de 2026<\/title>\n<meta name=\"description\" content=\"Processo seletivo de Ita\u00fana do Sul (PR) em 2026: uma vaga, cadastro reserva, sal\u00e1rios de at\u00e9 R$ 5.130,63, cargos e hist\u00f3rico municipal.\" \/>\n<meta name=\"robots\" content=\"index, follow, max-snippet:-1, max-image-preview:large, max-video-preview:-1\" \/>\n<link rel=\"canonical\" href=\"https:\/\/www.estrategiaconcursos.com.br\/blog\/concurso-prefeitura-itauna-do-sul\/\" \/>\n<meta property=\"og:locale\" content=\"pt_BR\" \/>\n<meta property=\"og:type\" content=\"article\" \/>\n<meta property=\"og:title\" content=\"Concurso Ita\u00fana do Sul PR: processo seletivo de 2026\" \/>\n<meta property=\"og:description\" content=\"Processo seletivo de Ita\u00fana do Sul (PR) em 2026: uma vaga, cadastro reserva, sal\u00e1rios de at\u00e9 R$ 5.130,63, cargos e hist\u00f3rico municipal.\" \/>\n<meta property=\"og:url\" content=\"https:\/\/www.estrategiaconcursos.com.br\/blog\/concurso-prefeitura-itauna-do-sul\/\" \/>\n<meta property=\"og:site_name\" content=\"Estrat\u00e9gia Concursos\" \/>\n<meta property=\"article:author\" content=\"https:\/\/www.facebook.com\/coachluiseduardo\/\" \/>\n<meta property=\"article:published_time\" content=\"2026-07-12T19:54:07+00:00\" \/>\n<meta property=\"article:modified_time\" content=\"2026-08-22T03:28:02+00:00\" \/>\n<meta property=\"og:image\" content=\"https:\/\/dhg1h5j42swfq.cloudfront.net\/2025\/03\/05201612\/concursos-prefeituras-1024x536-1.jpg\" \/>\n\t<meta property=\"og:image:width\" content=\"1024\" \/>\n\t<meta property=\"og:image:height\" content=\"536\" \/>\n\t<meta property=\"og:image:type\" content=\"image\/jpeg\" \/>\n<meta name=\"author\" content=\"Luis Eduardo\" \/>\n<meta name=\"twitter:card\" content=\"summary_large_image\" \/>\n<meta name=\"twitter:creator\" content=\"@EstratConcursos\" \/>\n<meta name=\"twitter:site\" content=\"@EstratConcursos\" \/>\n<meta name=\"twitter:label1\" content=\"Escrito por\" \/>\n\t<meta name=\"twitter:data1\" content=\"Luis Eduardo\" \/>\n\t<meta name=\"twitter:label2\" content=\"Est. tempo de leitura\" \/>\n\t<meta name=\"twitter:data2\" content=\"5 minutos\" \/>\n<script type=\"application\/ld+json\" class=\"yoast-schema-graph\">{\"@context\":\"https:\\\/\\\/schema.org\",\"@graph\":[{\"@type\":\"NewsArticle\",\"@id\":\"https:\\\/\\\/www.estrategiaconcursos.com.br\\\/blog\\\/concurso-prefeitura-itauna-do-sul\\\/#article\",\"isPartOf\":{\"@id\":\"https:\\\/\\\/www.estrategiaconcursos.com.br\\\/blog\\\/concurso-prefeitura-itauna-do-sul\\\/\"},\"author\":{\"name\":\"Luis Eduardo\",\"@id\":\"https:\\\/\\\/blog-estrategia.mystagingwebsite.com\\\/#\\\/schema\\\/person\\\/0906ff564105056f3b05978d503ee214\"},\"headline\":\"Concurso Ita\u00fana do Sul PR: processo seletivo de 2026\",\"datePublished\":\"2026-07-12T19:54:07+00:00\",\"dateModified\":\"2026-08-22T03:28:02+00:00\",\"mainEntityOfPage\":{\"@id\":\"https:\\\/\\\/www.estrategiaconcursos.com.br\\\/blog\\\/concurso-prefeitura-itauna-do-sul\\\/\"},\"wordCount\":962,\"commentCount\":0,\"publisher\":{\"@id\":\"https:\\\/\\\/blog-estrategia.mystagingwebsite.com\\\/#organization\"},\"image\":{\"@id\":\"https:\\\/\\\/www.estrategiaconcursos.com.br\\\/blog\\\/concurso-prefeitura-itauna-do-sul\\\/#primaryimage\"},\"thumbnailUrl\":\"https:\\\/\\\/dhg1h5j42swfq.cloudfront.net\\\/2025\\\/03\\\/05201612\\\/concursos-prefeituras-1024x536-1.jpg\",\"articleSection\":[\"Prefeituras\"],\"inLanguage\":\"pt-BR\",\"potentialAction\":[{\"@type\":\"CommentAction\",\"name\":\"Comment\",\"target\":[\"https:\\\/\\\/www.estrategiaconcursos.com.br\\\/blog\\\/concurso-prefeitura-itauna-do-sul\\\/#respond\"]}],\"copyrightYear\":\"2026\",\"copyrightHolder\":{\"@id\":\"https:\\\/\\\/www.estrategiaconcursos.com.br\\\/blog\\\/#organization\"}},{\"@type\":\"WebPage\",\"@id\":\"https:\\\/\\\/www.estrategiaconcursos.com.br\\\/blog\\\/concurso-prefeitura-itauna-do-sul\\\/\",\"url\":\"https:\\\/\\\/www.estrategiaconcursos.com.br\\\/blog\\\/concurso-prefeitura-itauna-do-sul\\\/\",\"name\":\"Concurso Ita\u00fana do Sul PR: processo seletivo de 2026\",\"isPartOf\":{\"@id\":\"https:\\\/\\\/blog-estrategia.mystagingwebsite.com\\\/#website\"},\"primaryImageOfPage\":{\"@id\":\"https:\\\/\\\/www.estrategiaconcursos.com.br\\\/blog\\\/concurso-prefeitura-itauna-do-sul\\\/#primaryimage\"},\"image\":{\"@id\":\"https:\\\/\\\/www.estrategiaconcursos.com.br\\\/blog\\\/concurso-prefeitura-itauna-do-sul\\\/#primaryimage\"},\"thumbnailUrl\":\"https:\\\/\\\/dhg1h5j42swfq.cloudfront.net\\\/2025\\\/03\\\/05201612\\\/concursos-prefeituras-1024x536-1.jpg\",\"datePublished\":\"2026-07-12T19:54:07+00:00\",\"dateModified\":\"2026-08-22T03:28:02+00:00\",\"description\":\"Processo seletivo de Ita\u00fana do Sul (PR) em 2026: uma vaga, cadastro reserva, sal\u00e1rios de at\u00e9 R$ 5.130,63, cargos e hist\u00f3rico municipal.\",\"breadcrumb\":{\"@id\":\"https:\\\/\\\/www.estrategiaconcursos.com.br\\\/blog\\\/concurso-prefeitura-itauna-do-sul\\\/#breadcrumb\"},\"inLanguage\":\"pt-BR\",\"potentialAction\":[{\"@type\":\"ReadAction\",\"target\":[\"https:\\\/\\\/www.estrategiaconcursos.com.br\\\/blog\\\/concurso-prefeitura-itauna-do-sul\\\/\"]}]},{\"@type\":\"ImageObject\",\"inLanguage\":\"pt-BR\",\"@id\":\"https:\\\/\\\/www.estrategiaconcursos.com.br\\\/blog\\\/concurso-prefeitura-itauna-do-sul\\\/#primaryimage\",\"url\":\"https:\\\/\\\/dhg1h5j42swfq.cloudfront.net\\\/2025\\\/03\\\/05201612\\\/concursos-prefeituras-1024x536-1.jpg\",\"contentUrl\":\"https:\\\/\\\/dhg1h5j42swfq.cloudfront.net\\\/2025\\\/03\\\/05201612\\\/concursos-prefeituras-1024x536-1.jpg\",\"width\":1024,\"height\":536,\"caption\":\"Concursos prefeituras\"},{\"@type\":\"BreadcrumbList\",\"@id\":\"https:\\\/\\\/www.estrategiaconcursos.com.br\\\/blog\\\/concurso-prefeitura-itauna-do-sul\\\/#breadcrumb\",\"itemListElement\":[{\"@type\":\"ListItem\",\"position\":1,\"name\":\"In\u00edcio\",\"item\":\"https:\\\/\\\/blog-estrategia.mystagingwebsite.com\\\/\"},{\"@type\":\"ListItem\",\"position\":2,\"name\":\"Concurso Ita\u00fana do Sul PR: processo seletivo de 2026\"}]},{\"@type\":\"WebSite\",\"@id\":\"https:\\\/\\\/blog-estrategia.mystagingwebsite.com\\\/#website\",\"url\":\"https:\\\/\\\/blog-estrategia.mystagingwebsite.com\\\/\",\"name\":\"Estrat\u00e9gia Concursos\",\"description\":\"O blog da Estrat\u00e9gia Concursos traz not\u00edcias sobre concursos e artigos de professores oferecendo cursos para concursos (pdf + videaulas) no site.\",\"publisher\":{\"@id\":\"https:\\\/\\\/blog-estrategia.mystagingwebsite.com\\\/#organization\"},\"potentialAction\":[{\"@type\":\"SearchAction\",\"target\":{\"@type\":\"EntryPoint\",\"urlTemplate\":\"https:\\\/\\\/blog-estrategia.mystagingwebsite.com\\\/?s={search_term_string}\"},\"query-input\":{\"@type\":\"PropertyValueSpecification\",\"valueRequired\":true,\"valueName\":\"search_term_string\"}}],\"inLanguage\":\"pt-BR\"},{\"@type\":\"Organization\",\"@id\":\"https:\\\/\\\/blog-estrategia.mystagingwebsite.com\\\/#organization\",\"name\":\"Estrat\u00e9gia Concursos\",\"url\":\"https:\\\/\\\/blog-estrategia.mystagingwebsite.com\\\/\",\"logo\":{\"@type\":\"ImageObject\",\"inLanguage\":\"pt-BR\",\"@id\":\"https:\\\/\\\/blog-estrategia.mystagingwebsite.com\\\/#\\\/schema\\\/logo\\\/image\\\/\",\"url\":\"https:\\\/\\\/dhg1h5j42swfq.cloudfront.net\\\/2025\\\/06\\\/03203428\\\/logo_concursos-1.jpg\",\"contentUrl\":\"https:\\\/\\\/dhg1h5j42swfq.cloudfront.net\\\/2025\\\/06\\\/03203428\\\/logo_concursos-1.jpg\",\"width\":230,\"height\":60,\"caption\":\"Estrat\u00e9gia Concursos\"},\"image\":{\"@id\":\"https:\\\/\\\/blog-estrategia.mystagingwebsite.com\\\/#\\\/schema\\\/logo\\\/image\\\/\"},\"sameAs\":[\"https:\\\/\\\/x.com\\\/EstratConcursos\"]},{\"@type\":\"Person\",\"@id\":\"https:\\\/\\\/blog-estrategia.mystagingwebsite.com\\\/#\\\/schema\\\/person\\\/0906ff564105056f3b05978d503ee214\",\"name\":\"Luis Eduardo\",\"image\":{\"@type\":\"ImageObject\",\"inLanguage\":\"pt-BR\",\"@id\":\"https:\\\/\\\/secure.gravatar.com\\\/avatar\\\/3ce09d3c01f86018c4f3b15b9e6389f2ac325bc19863fdb79cd37fefb38517d1?s=96&d=mm&r=g\",\"url\":\"https:\\\/\\\/secure.gravatar.com\\\/avatar\\\/3ce09d3c01f86018c4f3b15b9e6389f2ac325bc19863fdb79cd37fefb38517d1?s=96&d=mm&r=g\",\"contentUrl\":\"https:\\\/\\\/secure.gravatar.com\\\/avatar\\\/3ce09d3c01f86018c4f3b15b9e6389f2ac325bc19863fdb79cd37fefb38517d1?s=96&d=mm&r=g\",\"caption\":\"Luis Eduardo\"},\"sameAs\":[\"https:\\\/\\\/www.facebook.com\\\/coachluiseduardo\\\/\"],\"url\":\"https:\\\/\\\/www.estrategiaconcursos.com.br\\\/blog\\\/author\\\/luiseduardoestrategiaconcursos-com-br\\\/\"}]}<\/script>\n<!-- \/ Yoast SEO Premium plugin. -->","yoast_head_json":{"title":"Concurso Ita\u00fana do Sul PR: processo seletivo de 2026","description":"Processo seletivo de Ita\u00fana do Sul (PR) em 2026: uma vaga, cadastro reserva, sal\u00e1rios de at\u00e9 R$ 5.130,63, cargos e hist\u00f3rico municipal.","robots":{"index":"index","follow":"follow","max-snippet":"max-snippet:-1","max-image-preview":"max-image-preview:large","max-video-preview":"max-video-preview:-1"},"canonical":"https:\/\/www.estrategiaconcursos.com.br\/blog\/concurso-prefeitura-itauna-do-sul\/","og_locale":"pt_BR","og_type":"article","og_title":"Concurso Ita\u00fana do Sul PR: processo seletivo de 2026","og_description":"Processo seletivo de Ita\u00fana do Sul (PR) em 2026: uma vaga, cadastro reserva, sal\u00e1rios de at\u00e9 R$ 5.130,63, cargos e hist\u00f3rico municipal.","og_url":"https:\/\/www.estrategiaconcursos.com.br\/blog\/concurso-prefeitura-itauna-do-sul\/","og_site_name":"Estrat\u00e9gia Concursos","article_author":"https:\/\/www.facebook.com\/coachluiseduardo\/","article_published_time":"2026-07-12T19:54:07+00:00","article_modified_time":"2026-08-22T03:28:02+00:00","og_image":[{"width":1024,"height":536,"url":"https:\/\/dhg1h5j42swfq.cloudfront.net\/2025\/03\/05201612\/concursos-prefeituras-1024x536-1.jpg","type":"image\/jpeg"}],"author":"Luis Eduardo","twitter_card":"summary_large_image","twitter_creator":"@EstratConcursos","twitter_site":"@EstratConcursos","twitter_misc":{"Escrito por":"Luis Eduardo","Est. tempo de leitura":"5 minutos"},"schema":{"@context":"https:\/\/schema.org","@graph":[{"@type":"NewsArticle","@id":"https:\/\/www.estrategiaconcursos.com.br\/blog\/concurso-prefeitura-itauna-do-sul\/#article","isPartOf":{"@id":"https:\/\/www.estrategiaconcursos.com.br\/blog\/concurso-prefeitura-itauna-do-sul\/"},"author":{"name":"Luis Eduardo","@id":"https:\/\/blog-estrategia.mystagingwebsite.com\/#\/schema\/person\/0906ff564105056f3b05978d503ee214"},"headline":"Concurso Ita\u00fana do Sul PR: processo seletivo de 2026","datePublished":"2026-07-12T19:54:07+00:00","dateModified":"2026-08-22T03:28:02+00:00","mainEntityOfPage":{"@id":"https:\/\/www.estrategiaconcursos.com.br\/blog\/concurso-prefeitura-itauna-do-sul\/"},"wordCount":962,"commentCount":0,"publisher":{"@id":"https:\/\/blog-estrategia.mystagingwebsite.com\/#organization"},"image":{"@id":"https:\/\/www.estrategiaconcursos.com.br\/blog\/concurso-prefeitura-itauna-do-sul\/#primaryimage"},"thumbnailUrl":"https:\/\/dhg1h5j42swfq.cloudfront.net\/2025\/03\/05201612\/concursos-prefeituras-1024x536-1.jpg","articleSection":["Prefeituras"],"inLanguage":"pt-BR","potentialAction":[{"@type":"CommentAction","name":"Comment","target":["https:\/\/www.estrategiaconcursos.com.br\/blog\/concurso-prefeitura-itauna-do-sul\/#respond"]}],"copyrightYear":"2026","copyrightHolder":{"@id":"https:\/\/www.estrategiaconcursos.com.br\/blog\/#organization"}},{"@type":"WebPage","@id":"https:\/\/www.estrategiaconcursos.com.br\/blog\/concurso-prefeitura-itauna-do-sul\/","url":"https:\/\/www.estrategiaconcursos.com.br\/blog\/concurso-prefeitura-itauna-do-sul\/","name":"Concurso Ita\u00fana do Sul PR: processo seletivo de 2026","isPartOf":{"@id":"https:\/\/blog-estrategia.mystagingwebsite.com\/#website"},"primaryImageOfPage":{"@id":"https:\/\/www.estrategiaconcursos.com.br\/blog\/concurso-prefeitura-itauna-do-sul\/#primaryimage"},"image":{"@id":"https:\/\/www.estrategiaconcursos.com.br\/blog\/concurso-prefeitura-itauna-do-sul\/#primaryimage"},"thumbnailUrl":"https:\/\/dhg1h5j42swfq.cloudfront.net\/2025\/03\/05201612\/concursos-prefeituras-1024x536-1.jpg","datePublished":"2026-07-12T19:54:07+00:00","dateModified":"2026-08-22T03:28:02+00:00","description":"Processo seletivo de Ita\u00fana do Sul (PR) em 2026: uma vaga, cadastro reserva, sal\u00e1rios de at\u00e9 R$ 5.130,63, cargos e hist\u00f3rico municipal.","breadcrumb":{"@id":"https:\/\/www.estrategiaconcursos.com.br\/blog\/concurso-prefeitura-itauna-do-sul\/#breadcrumb"},"inLanguage":"pt-BR","potentialAction":[{"@type":"ReadAction","target":["https:\/\/www.estrategiaconcursos.com.br\/blog\/concurso-prefeitura-itauna-do-sul\/"]}]},{"@type":"ImageObject","inLanguage":"pt-BR","@id":"https:\/\/www.estrategiaconcursos.com.br\/blog\/concurso-prefeitura-itauna-do-sul\/#primaryimage","url":"https:\/\/dhg1h5j42swfq.cloudfront.net\/2025\/03\/05201612\/concursos-prefeituras-1024x536-1.jpg","contentUrl":"https:\/\/dhg1h5j42swfq.cloudfront.net\/2025\/03\/05201612\/concursos-prefeituras-1024x536-1.jpg","width":1024,"height":536,"caption":"Concursos prefeituras"},{"@type":"BreadcrumbList","@id":"https:\/\/www.estrategiaconcursos.com.br\/blog\/concurso-prefeitura-itauna-do-sul\/#breadcrumb","itemListElement":[{"@type":"ListItem","position":1,"name":"In\u00edcio","item":"https:\/\/blog-estrategia.mystagingwebsite.com\/"},{"@type":"ListItem","position":2,"name":"Concurso Ita\u00fana do Sul PR: processo seletivo de 2026"}]},{"@type":"WebSite","@id":"https:\/\/blog-estrategia.mystagingwebsite.com\/#website","url":"https:\/\/blog-estrategia.mystagingwebsite.com\/","name":"Estrat\u00e9gia Concursos","description":"O blog da Estrat\u00e9gia Concursos traz not\u00edcias sobre concursos e artigos de professores oferecendo cursos para concursos (pdf + videaulas) no site.","publisher":{"@id":"https:\/\/blog-estrategia.mystagingwebsite.com\/#organization"},"potentialAction":[{"@type":"SearchAction","target":{"@type":"EntryPoint","urlTemplate":"https:\/\/blog-estrategia.mystagingwebsite.com\/?s={search_term_string}"},"query-input":{"@type":"PropertyValueSpecification","valueRequired":true,"valueName":"search_term_string"}}],"inLanguage":"pt-BR"},{"@type":"Organization","@id":"https:\/\/blog-estrategia.mystagingwebsite.com\/#organization","name":"Estrat\u00e9gia Concursos","url":"https:\/\/blog-estrategia.mystagingwebsite.com\/","logo":{"@type":"ImageObject","inLanguage":"pt-BR","@id":"https:\/\/blog-estrategia.mystagingwebsite.com\/#\/schema\/logo\/image\/","url":"https:\/\/dhg1h5j42swfq.cloudfront.net\/2025\/06\/03203428\/logo_concursos-1.jpg","contentUrl":"https:\/\/dhg1h5j42swfq.cloudfront.net\/2025\/06\/03203428\/logo_concursos-1.jpg","width":230,"height":60,"caption":"Estrat\u00e9gia Concursos"},"image":{"@id":"https:\/\/blog-estrategia.mystagingwebsite.com\/#\/schema\/logo\/image\/"},"sameAs":["https:\/\/x.com\/EstratConcursos"]},{"@type":"Person","@id":"https:\/\/blog-estrategia.mystagingwebsite.com\/#\/schema\/person\/0906ff564105056f3b05978d503ee214","name":"Luis Eduardo","image":{"@type":"ImageObject","inLanguage":"pt-BR","@id":"https:\/\/secure.gravatar.com\/avatar\/3ce09d3c01f86018c4f3b15b9e6389f2ac325bc19863fdb79cd37fefb38517d1?s=96&d=mm&r=g","url":"https:\/\/secure.gravatar.com\/avatar\/3ce09d3c01f86018c4f3b15b9e6389f2ac325bc19863fdb79cd37fefb38517d1?s=96&d=mm&r=g","contentUrl":"https:\/\/secure.gravatar.com\/avatar\/3ce09d3c01f86018c4f3b15b9e6389f2ac325bc19863fdb79cd37fefb38517d1?s=96&d=mm&r=g","caption":"Luis Eduardo"},"sameAs":["https:\/\/www.facebook.com\/coachluiseduardo\/"],"url":"https:\/\/www.estrategiaconcursos.com.br\/blog\/author\/luiseduardoestrategiaconcursos-com-br\/"}]}},"_links":{"self":[{"href":"https:\/\/www.estrategiaconcursos.com.br\/blog\/wp-json\/wp\/v2\/posts\/1778860","targetHints":{"allow":["GET"]}}],"collection":[{"href":"https:\/\/www.estrategiaconcursos.com.br\/blog\/wp-json\/wp\/v2\/posts"}],"about":[{"href":"https:\/\/www.estrategiaconcursos.com.br\/blog\/wp-json\/wp\/v2\/types\/post"}],"author":[{"embeddable":true,"href":"https:\/\/www.estrategiaconcursos.com.br\/blog\/wp-json\/wp\/v2\/users\/344"}],"replies":[{"embeddable":true,"href":"https:\/\/www.estrategiaconcursos.com.br\/blog\/wp-json\/wp\/v2\/comments?post=1778860"}],"version-history":[{"count":6,"href":"https:\/\/www.estrategiaconcursos.com.br\/blog\/wp-json\/wp\/v2\/posts\/1778860\/revisions"}],"predecessor-version":[{"id":1799623,"href":"https:\/\/www.estrategiaconcursos.com.br\/blog\/wp-json\/wp\/v2\/posts\/1778860\/revisions\/1799623"}],"wp:featuredmedia":[{"embeddable":true,"href":"https:\/\/www.estrategiaconcursos.com.br\/blog\/wp-json\/wp\/v2\/media\/1540739"}],"wp:attachment":[{"href":"https:\/\/www.estrategiaconcursos.com.br\/blog\/wp-json\/wp\/v2\/media?parent=1778860"}],"wp:term":[{"taxonomy":"category","embeddable":true,"href":"https:\/\/www.estrategiaconcursos.com.br\/blog\/wp-json\/wp\/v2\/categories?post=1778860"},{"taxonomy":"post_tag","embeddable":true,"href":"https:\/\/www.estrategiaconcursos.com.br\/blog\/wp-json\/wp\/v2\/tags?post=1778860"},{"taxonomy":"tax_estado","embeddable":true,"href":"https:\/\/www.estrategiaconcursos.com.br\/blog\/wp-json\/wp\/v2\/tax_estado?post=1778860"}],"curies":[{"name":"wp","href":"https:\/\/api.w.org\/{rel}","templated":true}]}}