{"id":1778840,"date":"2026-07-12T16:43:45","date_gmt":"2026-07-12T19:43:45","guid":{"rendered":"https:\/\/blog-estrategia.mystagingwebsite.com\/blog\/?p=1778840"},"modified":"2026-08-23T10:56:00","modified_gmt":"2026-08-23T13:56:00","slug":"concurso-prefeitura-inaja-pr","status":"publish","type":"post","link":"https:\/\/www.estrategiaconcursos.com.br\/blog\/concurso-prefeitura-inaja-pr\/","title":{"rendered":"Concurso Inaj\u00e1 PR: \u00faltimo edital em 2023"},"content":{"rendered":"\n<p class=\"wp-block-paragraph\" style=\"font-size:clamp(16.293px, 1.018rem + ((1vw - 3.2px) * 0.854), 25px);font-style:italic;font-weight:700\">A abertura de 2023 reuniu fun\u00e7\u00f5es operacionais, t\u00e9cnicas e de n\u00edvel superior em um concurso para provimento efetivo.<\/p>\n\n\n\n<p class=\"wp-block-paragraph\">O hist\u00f3rico de Inaj\u00e1 re\u00fane concursos p\u00fablicos e processo seletivo para escolaridades do ensino fundamental ao superior. As fun\u00e7\u00f5es contempladas ao longo dos registros incluem atividades operacionais e administrativas, al\u00e9m de postos na sa\u00fade, na educa\u00e7\u00e3o, na assist\u00eancia social e na engenharia.<\/p>\n\n\n\n<ul class=\"wp-block-list has-very-light-gray-to-cyan-bluish-gray-gradient-background has-background\">\n<li><strong>Status:<\/strong> sem previs\u00e3o de novo edital<\/li>\n<li><strong>\u00daltimo edital:<\/strong> 2023<\/li>\n<li><strong>Vagas:<\/strong> 34<\/li>\n<li><strong>Remunera\u00e7\u00e3o:<\/strong> at\u00e9 R$ 4.755,83<\/li>\n<li><strong>Escolaridade:<\/strong> n\u00edveis fundamental incompleto, m\u00e9dio, t\u00e9cnico e superior<\/li>\n<\/ul>\n\n\n\n<h2 class=\"wp-block-heading\" id=\"situacao-atual\">Situa\u00e7\u00e3o atual do concurso em Inaj\u00e1<\/h2>\n\n\n\n<p class=\"wp-block-paragraph\">A Prefeitura de Inaj\u00e1 n\u00e3o publicou novo edital desde o concurso de 2023.<\/p>\n\n\n\n<h2 class=\"wp-block-heading\" id=\"ultimo-concurso\">\u00daltimo concurso em Inaj\u00e1<\/h2>\n\n\n\n<p class=\"wp-block-paragraph\">O concurso aberto em 2023 ofertou 34 vagas e visava tamb\u00e9m formar cadastro reserva. A sele\u00e7\u00e3o abrangia n\u00edveis fundamental incompleto, m\u00e9dio, t\u00e9cnico e superior, com remunera\u00e7\u00f5es de R$ 1.323,33 a R$ 4.755,83 para jornadas de 20 a 40 horas semanais. A organiza\u00e7\u00e3o ficou a cargo da KLC.<\/p>\n\n\n\n<p class=\"wp-block-paragraph\">No n\u00edvel fundamental incompleto, o edital contemplou Agente de Servi\u00e7os Gerais, Eletricista, Motorista, Operador de M\u00e1quinas e Tratorista. As op\u00e7\u00f5es de n\u00edvel m\u00e9dio ou t\u00e9cnico inclu\u00edram T\u00e9cnico Agr\u00edcola, T\u00e9cnico em Enfermagem, T\u00e9cnico em Higiene Dental, Auxiliar Administrativo, Auxiliar de Farm\u00e1cia, Agente de Combate a Endemias e Instrutor de Artesanato.<\/p>\n\n\n\n<p class=\"wp-block-paragraph\">Para candidatos de n\u00edvel superior, foram abertas oportunidades para Assistente Social, Educador F\u00edsico, Enfermeiro, Engenheiro Civil, Nutricionista, Farmac\u00eautico, Odont\u00f3logo, Fisioterapeuta, Psic\u00f3logo, Professor, Professor de Arte e Professor de Educa\u00e7\u00e3o F\u00edsica. O maior quantitativo nominal estava destinado a Professor, com cinco vagas.<\/p>\n\n\n\n<p class=\"wp-block-paragraph\">O edital previu prova objetiva para os inscritos, com aplica\u00e7\u00e3o marcada no cronograma para 20 de agosto de 2023. A avalia\u00e7\u00e3o teria 25 ou 30 quest\u00f5es de m\u00faltipla escolha, conforme o cargo, distribu\u00eddas entre l\u00edngua portuguesa, matem\u00e1tica, no\u00e7\u00f5es b\u00e1sicas de inform\u00e1tica e conhecimentos espec\u00edficos.<\/p>\n\n\n\n<p class=\"wp-block-paragraph\">Tamb\u00e9m foram previstas prova discursiva para os cargos de n\u00edvel superior, exceto os de professor, e prova pr\u00e1tica para algumas fun\u00e7\u00f5es de n\u00edvel fundamental. Educador F\u00edsico, Professor, Professor de Arte e Professor de Educa\u00e7\u00e3o F\u00edsica teriam ainda an\u00e1lise de t\u00edtulos. A validade prevista era de dois anos a partir da publica\u00e7\u00e3o da homologa\u00e7\u00e3o do resultado, com possibilidade de uma prorroga\u00e7\u00e3o por igual per\u00edodo.<\/p>\n\n\n\n<ul class=\"wp-block-list\">\n<li>Agente de Servi\u00e7os Gerais<\/li>\n\n\n\n<li>Eletricista<\/li>\n\n\n\n<li>Motorista<\/li>\n\n\n\n<li>Operador de M\u00e1quinas<\/li>\n\n\n\n<li>Tratorista<\/li>\n\n\n\n<li>T\u00e9cnico Agr\u00edcola<\/li>\n\n\n\n<li>T\u00e9cnico em Enfermagem<\/li>\n\n\n\n<li>T\u00e9cnico em Higiene Dental<\/li>\n\n\n\n<li>Auxiliar Administrativo<\/li>\n\n\n\n<li>Auxiliar de Farm\u00e1cia<\/li>\n\n\n\n<li>Agente de Combate a Endemias<\/li>\n\n\n\n<li>Instrutor de Artesanato<\/li>\n\n\n\n<li>Assistente Social<\/li>\n\n\n\n<li>Educador F\u00edsico<\/li>\n\n\n\n<li>Enfermeiro<\/li>\n\n\n\n<li>Engenheiro Civil<\/li>\n\n\n\n<li>Nutricionista<\/li>\n\n\n\n<li>Farmac\u00eautico<\/li>\n\n\n\n<li>Odont\u00f3logo<\/li>\n\n\n\n<li>Fisioterapeuta<\/li>\n\n\n\n<li>Psic\u00f3logo<\/li>\n\n\n\n<li>Professor<\/li>\n\n\n\n<li>Professor de Arte<\/li>\n\n\n\n<li>Professor de Educa\u00e7\u00e3o F\u00edsica<\/li>\n<\/ul>\n\n\n\n<h2 class=\"wp-block-heading\" id=\"historico\">Hist\u00f3rico de concursos em Inaj\u00e1<\/h2>\n\n\n\n<p class=\"wp-block-paragraph\">Quatro anos separaram o concurso de 2011 do processo seletivo de 2015; a abertura seguinte registrada ocorreu oito anos depois, em 2023. Em porte, o processo seletivo de 2015, com seis vagas, foi menor que o concurso de 2011, que havia ofertado dez, enquanto a abertura de 2023 superou ambos.<\/p>\n\n\n\n<p class=\"wp-block-paragraph\">Os registros de 2011 e 2015 alcan\u00e7aram candidatos dos n\u00edveis fundamental, m\u00e9dio e superior. A remunera\u00e7\u00e3o m\u00e1xima registrada no processo seletivo de 2015 foi de R$ 6.959,52, acima dos R$ 1.744,60 informados para o concurso de 2011. Em 2023, o alcance de escolaridade passou a mencionar tamb\u00e9m a forma\u00e7\u00e3o t\u00e9cnica.<\/p>\n\n\n\n<h2 class=\"wp-block-heading has-text-align-center\" id=\"mapa-regiao\">Veja Concursos Abertos na mesma regi\u00e3o<\/h2>\n\n\n\n<iframe\n  src=\"https:\/\/www.estrategiaconcursos.com.br\/blog\/mapa-concursos\/embed?situacoes=Inscri%C3%A7%C3%B5es%20abertas&amp;estado=PR\"\n  width=\"100%\"\n  height=\"400\"\n  style=\"border: none; display: block;\"\n  title=\"Mapa de Concursos P\u00fablicos em Paran\u00e1\"\n  loading=\"lazy\"><\/iframe>\n\n\n\n<h2 class=\"wp-block-heading has-text-align-center\" id=\"cursos\">Quer saber tudo sobre concursos previstos?<br \/>Confira nossos artigos!<\/h2>\n\n\n\n<ul class=\"wp-block-list\">\n<li><a href=\"https:\/\/www.estrategiaconcursos.com.br\/blog\/concursos-abertos\/\" target=\"_blank\" rel=\"noreferrer noopener\">Concursos Abertos<\/a><\/li>\n<li><a href=\"https:\/\/www.estrategiaconcursos.com.br\/blog\/concursos-2026\/\" target=\"_blank\" rel=\"noreferrer noopener\">Concursos 2026<\/a><\/li>\n<li><a href=\"https:\/\/www.estrategiaconcursos.com.br\/blog\/concursos-parana\/\" target=\"_blank\" rel=\"noreferrer noopener\">Concursos Paran\u00e1<\/a><\/li>\n<\/ul>\n\n\n\n<div class=\"estrategia\" id=\"box-assinatura\">\n  <h3 class=\"titulo-assinatura\">Assinatura Concursos<\/h3>\n  <p class=\"subtitulo-assinatura\">Assinatura de 1 ano ou 2 anos<\/p>\n  <div class=\"box-botao\">\n    <a class=\"btn-assinatura\" target=\"_blank\" href=\"https:\/\/www.estrategiaconcursos.com.br\/assinaturas\/\" role=\"button\" rel=\"noopener noreferrer\">ASSINE AGORA<\/a>\n  <\/div>\n<\/div>\n\n\n\n<h3 class=\"wp-block-heading\" id=\"ficha\">Informa\u00e7\u00f5es do \u00faltimo concurso<\/h3>\n\n\n\n<ul class=\"wp-block-list\">\n<li><strong>\u00d3rg\u00e3o:<\/strong> Prefeitura de Inaj\u00e1 (PR)<\/li>\n\n\n\n<li><strong>Ano:<\/strong> 2023<\/li>\n\n\n\n<li><strong>Tipo:<\/strong> concurso p\u00fablico<\/li>\n\n\n\n<li><strong>Banca:<\/strong> KLC<\/li>\n\n\n\n<li><strong>Cargos:<\/strong> Agente de Servi\u00e7os Gerais, Eletricista, Motorista, Operador de M\u00e1quinas, Tratorista, entre outros<\/li>\n\n\n\n<li><strong>Vagas:<\/strong> 34<\/li>\n\n\n\n<li><strong>Escolaridade:<\/strong> n\u00edveis fundamental incompleto, m\u00e9dio, t\u00e9cnico e superior<\/li>\n\n\n\n<li><strong>Remunera\u00e7\u00e3o:<\/strong> at\u00e9 R$ 4.755,83<\/li>\n\n\n\n<li><strong>Situa\u00e7\u00e3o:<\/strong> sem previs\u00e3o de novo edital<\/li>\n<\/ul>\n\n\n\n<div class=\"container\" id=\"boxes\">\n  <div class=\"row\">\n    <div class=\"col-sm\">\n      <div class=\"banner-prefeituras-ec\" id=\"box-assinatura\">\n        <h2 class=\"titulo-assinatura\" style=\"text-align: left;\">Concursos Prefeituras<\/h2>\n        <p class=\"subtitulo-assinatura\" style=\"text-align: left;\">Prepara\u00e7\u00e3o completa para a carreira!<\/p>\n        <div class=\"box-botao\" style=\"text-align: left;\">\n          <a class=\"btn-assinatura\" target=\"_blank\" href=\"https:\/\/www.estrategiaconcursos.com.br\/pesquisa\/?q=prefeitura+inaja+pr\" role=\"button\" rel=\"noopener noreferrer\">EXPLORAR CURSOS<\/a>\n        <\/div>\n      <\/div>\n    <\/div>\n  <\/div>\n<\/div>\n\n","protected":false},"excerpt":{"rendered":"<p>A abertura de 2023 reuniu fun\u00e7\u00f5es operacionais, t\u00e9cnicas e de n\u00edvel superior em um concurso para provimento efetivo. O hist\u00f3rico de Inaj\u00e1 re\u00fane concursos p\u00fablicos e processo seletivo para escolaridades do ensino fundamental ao superior. As fun\u00e7\u00f5es contempladas ao longo dos registros incluem atividades operacionais e administrativas, al\u00e9m de postos na sa\u00fade, na educa\u00e7\u00e3o, na [&hellip;]<\/p>\n","protected":false},"author":344,"featured_media":1540739,"comment_status":"open","ping_status":"closed","sticky":false,"template":"","format":"standard","meta":{"_acf_changed":false,"post_tipo":"news_page","footnotes":""},"categories":[222278],"tags":[],"tax_estado":[219981],"class_list":["post-1778840","post","type-post","status-publish","format-standard","has-post-thumbnail","hentry","category-prefeituras","tax_estado-pr"],"acf":[],"yoast_head":"<!-- This site is optimized with the Yoast SEO Premium plugin v28.1 (Yoast SEO v28.1) - https:\/\/yoast.com\/product\/yoast-seo-premium-wordpress\/ -->\n<title>Concurso Inaj\u00e1 PR: \u00faltimo edital em 2023<\/title>\n<meta name=\"description\" content=\"Concurso Inaj\u00e1 (PR): edital de 2023 ofertou 34 vagas e sal\u00e1rios de at\u00e9 R$ 4.755,83. Confira cargos, etapas de sele\u00e7\u00e3o e hist\u00f3rico municipal.\" \/>\n<meta name=\"robots\" content=\"index, follow, max-snippet:-1, max-image-preview:large, max-video-preview:-1\" \/>\n<link rel=\"canonical\" href=\"https:\/\/www.estrategiaconcursos.com.br\/blog\/concurso-prefeitura-inaja-pr\/\" \/>\n<meta property=\"og:locale\" content=\"pt_BR\" \/>\n<meta property=\"og:type\" content=\"article\" \/>\n<meta property=\"og:title\" content=\"Concurso Inaj\u00e1 PR: \u00faltimo edital em 2023\" \/>\n<meta property=\"og:description\" content=\"Concurso Inaj\u00e1 (PR): edital de 2023 ofertou 34 vagas e sal\u00e1rios de at\u00e9 R$ 4.755,83. Confira cargos, etapas de sele\u00e7\u00e3o e hist\u00f3rico municipal.\" \/>\n<meta property=\"og:url\" content=\"https:\/\/www.estrategiaconcursos.com.br\/blog\/concurso-prefeitura-inaja-pr\/\" \/>\n<meta property=\"og:site_name\" content=\"Estrat\u00e9gia Concursos\" \/>\n<meta property=\"article:author\" content=\"https:\/\/www.facebook.com\/coachluiseduardo\/\" \/>\n<meta property=\"article:published_time\" content=\"2026-07-12T19:43:45+00:00\" \/>\n<meta property=\"article:modified_time\" content=\"2026-08-23T13:56:00+00:00\" \/>\n<meta property=\"og:image\" content=\"https:\/\/dhg1h5j42swfq.cloudfront.net\/2025\/03\/05201612\/concursos-prefeituras-1024x536-1.jpg\" \/>\n\t<meta property=\"og:image:width\" content=\"1024\" \/>\n\t<meta property=\"og:image:height\" content=\"536\" \/>\n\t<meta property=\"og:image:type\" content=\"image\/jpeg\" \/>\n<meta name=\"author\" content=\"Luis Eduardo\" \/>\n<meta name=\"twitter:card\" content=\"summary_large_image\" \/>\n<meta name=\"twitter:creator\" content=\"@EstratConcursos\" \/>\n<meta name=\"twitter:site\" content=\"@EstratConcursos\" \/>\n<meta name=\"twitter:label1\" content=\"Escrito por\" \/>\n\t<meta name=\"twitter:data1\" content=\"Luis Eduardo\" \/>\n\t<meta name=\"twitter:label2\" content=\"Est. tempo de leitura\" \/>\n\t<meta name=\"twitter:data2\" content=\"3 minutos\" \/>\n<script type=\"application\/ld+json\" class=\"yoast-schema-graph\">{\"@context\":\"https:\\\/\\\/schema.org\",\"@graph\":[{\"@type\":\"NewsArticle\",\"@id\":\"https:\\\/\\\/www.estrategiaconcursos.com.br\\\/blog\\\/concurso-prefeitura-inaja-pr\\\/#article\",\"isPartOf\":{\"@id\":\"https:\\\/\\\/www.estrategiaconcursos.com.br\\\/blog\\\/concurso-prefeitura-inaja-pr\\\/\"},\"author\":{\"name\":\"Luis Eduardo\",\"@id\":\"https:\\\/\\\/blog-estrategia.mystagingwebsite.com\\\/#\\\/schema\\\/person\\\/0906ff564105056f3b05978d503ee214\"},\"headline\":\"Concurso Inaj\u00e1 PR: \u00faltimo edital em 2023\",\"datePublished\":\"2026-07-12T19:43:45+00:00\",\"dateModified\":\"2026-08-23T13:56:00+00:00\",\"mainEntityOfPage\":{\"@id\":\"https:\\\/\\\/www.estrategiaconcursos.com.br\\\/blog\\\/concurso-prefeitura-inaja-pr\\\/\"},\"wordCount\":674,\"commentCount\":0,\"publisher\":{\"@id\":\"https:\\\/\\\/blog-estrategia.mystagingwebsite.com\\\/#organization\"},\"image\":{\"@id\":\"https:\\\/\\\/www.estrategiaconcursos.com.br\\\/blog\\\/concurso-prefeitura-inaja-pr\\\/#primaryimage\"},\"thumbnailUrl\":\"https:\\\/\\\/dhg1h5j42swfq.cloudfront.net\\\/2025\\\/03\\\/05201612\\\/concursos-prefeituras-1024x536-1.jpg\",\"articleSection\":[\"Prefeituras\"],\"inLanguage\":\"pt-BR\",\"potentialAction\":[{\"@type\":\"CommentAction\",\"name\":\"Comment\",\"target\":[\"https:\\\/\\\/www.estrategiaconcursos.com.br\\\/blog\\\/concurso-prefeitura-inaja-pr\\\/#respond\"]}],\"copyrightYear\":\"2026\",\"copyrightHolder\":{\"@id\":\"https:\\\/\\\/www.estrategiaconcursos.com.br\\\/blog\\\/#organization\"}},{\"@type\":\"WebPage\",\"@id\":\"https:\\\/\\\/www.estrategiaconcursos.com.br\\\/blog\\\/concurso-prefeitura-inaja-pr\\\/\",\"url\":\"https:\\\/\\\/www.estrategiaconcursos.com.br\\\/blog\\\/concurso-prefeitura-inaja-pr\\\/\",\"name\":\"Concurso Inaj\u00e1 PR: \u00faltimo edital em 2023\",\"isPartOf\":{\"@id\":\"https:\\\/\\\/blog-estrategia.mystagingwebsite.com\\\/#website\"},\"primaryImageOfPage\":{\"@id\":\"https:\\\/\\\/www.estrategiaconcursos.com.br\\\/blog\\\/concurso-prefeitura-inaja-pr\\\/#primaryimage\"},\"image\":{\"@id\":\"https:\\\/\\\/www.estrategiaconcursos.com.br\\\/blog\\\/concurso-prefeitura-inaja-pr\\\/#primaryimage\"},\"thumbnailUrl\":\"https:\\\/\\\/dhg1h5j42swfq.cloudfront.net\\\/2025\\\/03\\\/05201612\\\/concursos-prefeituras-1024x536-1.jpg\",\"datePublished\":\"2026-07-12T19:43:45+00:00\",\"dateModified\":\"2026-08-23T13:56:00+00:00\",\"description\":\"Concurso Inaj\u00e1 (PR): edital de 2023 ofertou 34 vagas e sal\u00e1rios de at\u00e9 R$ 4.755,83. Confira cargos, etapas de sele\u00e7\u00e3o e hist\u00f3rico municipal.\",\"breadcrumb\":{\"@id\":\"https:\\\/\\\/www.estrategiaconcursos.com.br\\\/blog\\\/concurso-prefeitura-inaja-pr\\\/#breadcrumb\"},\"inLanguage\":\"pt-BR\",\"potentialAction\":[{\"@type\":\"ReadAction\",\"target\":[\"https:\\\/\\\/www.estrategiaconcursos.com.br\\\/blog\\\/concurso-prefeitura-inaja-pr\\\/\"]}]},{\"@type\":\"ImageObject\",\"inLanguage\":\"pt-BR\",\"@id\":\"https:\\\/\\\/www.estrategiaconcursos.com.br\\\/blog\\\/concurso-prefeitura-inaja-pr\\\/#primaryimage\",\"url\":\"https:\\\/\\\/dhg1h5j42swfq.cloudfront.net\\\/2025\\\/03\\\/05201612\\\/concursos-prefeituras-1024x536-1.jpg\",\"contentUrl\":\"https:\\\/\\\/dhg1h5j42swfq.cloudfront.net\\\/2025\\\/03\\\/05201612\\\/concursos-prefeituras-1024x536-1.jpg\",\"width\":1024,\"height\":536,\"caption\":\"Concursos prefeituras\"},{\"@type\":\"BreadcrumbList\",\"@id\":\"https:\\\/\\\/www.estrategiaconcursos.com.br\\\/blog\\\/concurso-prefeitura-inaja-pr\\\/#breadcrumb\",\"itemListElement\":[{\"@type\":\"ListItem\",\"position\":1,\"name\":\"In\u00edcio\",\"item\":\"https:\\\/\\\/blog-estrategia.mystagingwebsite.com\\\/\"},{\"@type\":\"ListItem\",\"position\":2,\"name\":\"Concurso Inaj\u00e1 PR: \u00faltimo edital em 2023\"}]},{\"@type\":\"WebSite\",\"@id\":\"https:\\\/\\\/blog-estrategia.mystagingwebsite.com\\\/#website\",\"url\":\"https:\\\/\\\/blog-estrategia.mystagingwebsite.com\\\/\",\"name\":\"Estrat\u00e9gia Concursos\",\"description\":\"O blog da Estrat\u00e9gia Concursos traz not\u00edcias sobre concursos e artigos de professores oferecendo cursos para concursos (pdf + videaulas) no site.\",\"publisher\":{\"@id\":\"https:\\\/\\\/blog-estrategia.mystagingwebsite.com\\\/#organization\"},\"potentialAction\":[{\"@type\":\"SearchAction\",\"target\":{\"@type\":\"EntryPoint\",\"urlTemplate\":\"https:\\\/\\\/blog-estrategia.mystagingwebsite.com\\\/?s={search_term_string}\"},\"query-input\":{\"@type\":\"PropertyValueSpecification\",\"valueRequired\":true,\"valueName\":\"search_term_string\"}}],\"inLanguage\":\"pt-BR\"},{\"@type\":\"Organization\",\"@id\":\"https:\\\/\\\/blog-estrategia.mystagingwebsite.com\\\/#organization\",\"name\":\"Estrat\u00e9gia Concursos\",\"url\":\"https:\\\/\\\/blog-estrategia.mystagingwebsite.com\\\/\",\"logo\":{\"@type\":\"ImageObject\",\"inLanguage\":\"pt-BR\",\"@id\":\"https:\\\/\\\/blog-estrategia.mystagingwebsite.com\\\/#\\\/schema\\\/logo\\\/image\\\/\",\"url\":\"https:\\\/\\\/dhg1h5j42swfq.cloudfront.net\\\/2025\\\/06\\\/03203428\\\/logo_concursos-1.jpg\",\"contentUrl\":\"https:\\\/\\\/dhg1h5j42swfq.cloudfront.net\\\/2025\\\/06\\\/03203428\\\/logo_concursos-1.jpg\",\"width\":230,\"height\":60,\"caption\":\"Estrat\u00e9gia Concursos\"},\"image\":{\"@id\":\"https:\\\/\\\/blog-estrategia.mystagingwebsite.com\\\/#\\\/schema\\\/logo\\\/image\\\/\"},\"sameAs\":[\"https:\\\/\\\/x.com\\\/EstratConcursos\"]},{\"@type\":\"Person\",\"@id\":\"https:\\\/\\\/blog-estrategia.mystagingwebsite.com\\\/#\\\/schema\\\/person\\\/0906ff564105056f3b05978d503ee214\",\"name\":\"Luis Eduardo\",\"image\":{\"@type\":\"ImageObject\",\"inLanguage\":\"pt-BR\",\"@id\":\"https:\\\/\\\/secure.gravatar.com\\\/avatar\\\/3ce09d3c01f86018c4f3b15b9e6389f2ac325bc19863fdb79cd37fefb38517d1?s=96&d=mm&r=g\",\"url\":\"https:\\\/\\\/secure.gravatar.com\\\/avatar\\\/3ce09d3c01f86018c4f3b15b9e6389f2ac325bc19863fdb79cd37fefb38517d1?s=96&d=mm&r=g\",\"contentUrl\":\"https:\\\/\\\/secure.gravatar.com\\\/avatar\\\/3ce09d3c01f86018c4f3b15b9e6389f2ac325bc19863fdb79cd37fefb38517d1?s=96&d=mm&r=g\",\"caption\":\"Luis Eduardo\"},\"sameAs\":[\"https:\\\/\\\/www.facebook.com\\\/coachluiseduardo\\\/\"],\"url\":\"https:\\\/\\\/www.estrategiaconcursos.com.br\\\/blog\\\/author\\\/luiseduardoestrategiaconcursos-com-br\\\/\"}]}<\/script>\n<!-- \/ Yoast SEO Premium plugin. -->","yoast_head_json":{"title":"Concurso Inaj\u00e1 PR: \u00faltimo edital em 2023","description":"Concurso Inaj\u00e1 (PR): edital de 2023 ofertou 34 vagas e sal\u00e1rios de at\u00e9 R$ 4.755,83. Confira cargos, etapas de sele\u00e7\u00e3o e hist\u00f3rico municipal.","robots":{"index":"index","follow":"follow","max-snippet":"max-snippet:-1","max-image-preview":"max-image-preview:large","max-video-preview":"max-video-preview:-1"},"canonical":"https:\/\/www.estrategiaconcursos.com.br\/blog\/concurso-prefeitura-inaja-pr\/","og_locale":"pt_BR","og_type":"article","og_title":"Concurso Inaj\u00e1 PR: \u00faltimo edital em 2023","og_description":"Concurso Inaj\u00e1 (PR): edital de 2023 ofertou 34 vagas e sal\u00e1rios de at\u00e9 R$ 4.755,83. Confira cargos, etapas de sele\u00e7\u00e3o e hist\u00f3rico municipal.","og_url":"https:\/\/www.estrategiaconcursos.com.br\/blog\/concurso-prefeitura-inaja-pr\/","og_site_name":"Estrat\u00e9gia Concursos","article_author":"https:\/\/www.facebook.com\/coachluiseduardo\/","article_published_time":"2026-07-12T19:43:45+00:00","article_modified_time":"2026-08-23T13:56:00+00:00","og_image":[{"width":1024,"height":536,"url":"https:\/\/dhg1h5j42swfq.cloudfront.net\/2025\/03\/05201612\/concursos-prefeituras-1024x536-1.jpg","type":"image\/jpeg"}],"author":"Luis Eduardo","twitter_card":"summary_large_image","twitter_creator":"@EstratConcursos","twitter_site":"@EstratConcursos","twitter_misc":{"Escrito por":"Luis Eduardo","Est. tempo de leitura":"3 minutos"},"schema":{"@context":"https:\/\/schema.org","@graph":[{"@type":"NewsArticle","@id":"https:\/\/www.estrategiaconcursos.com.br\/blog\/concurso-prefeitura-inaja-pr\/#article","isPartOf":{"@id":"https:\/\/www.estrategiaconcursos.com.br\/blog\/concurso-prefeitura-inaja-pr\/"},"author":{"name":"Luis Eduardo","@id":"https:\/\/blog-estrategia.mystagingwebsite.com\/#\/schema\/person\/0906ff564105056f3b05978d503ee214"},"headline":"Concurso Inaj\u00e1 PR: \u00faltimo edital em 2023","datePublished":"2026-07-12T19:43:45+00:00","dateModified":"2026-08-23T13:56:00+00:00","mainEntityOfPage":{"@id":"https:\/\/www.estrategiaconcursos.com.br\/blog\/concurso-prefeitura-inaja-pr\/"},"wordCount":674,"commentCount":0,"publisher":{"@id":"https:\/\/blog-estrategia.mystagingwebsite.com\/#organization"},"image":{"@id":"https:\/\/www.estrategiaconcursos.com.br\/blog\/concurso-prefeitura-inaja-pr\/#primaryimage"},"thumbnailUrl":"https:\/\/dhg1h5j42swfq.cloudfront.net\/2025\/03\/05201612\/concursos-prefeituras-1024x536-1.jpg","articleSection":["Prefeituras"],"inLanguage":"pt-BR","potentialAction":[{"@type":"CommentAction","name":"Comment","target":["https:\/\/www.estrategiaconcursos.com.br\/blog\/concurso-prefeitura-inaja-pr\/#respond"]}],"copyrightYear":"2026","copyrightHolder":{"@id":"https:\/\/www.estrategiaconcursos.com.br\/blog\/#organization"}},{"@type":"WebPage","@id":"https:\/\/www.estrategiaconcursos.com.br\/blog\/concurso-prefeitura-inaja-pr\/","url":"https:\/\/www.estrategiaconcursos.com.br\/blog\/concurso-prefeitura-inaja-pr\/","name":"Concurso Inaj\u00e1 PR: \u00faltimo edital em 2023","isPartOf":{"@id":"https:\/\/blog-estrategia.mystagingwebsite.com\/#website"},"primaryImageOfPage":{"@id":"https:\/\/www.estrategiaconcursos.com.br\/blog\/concurso-prefeitura-inaja-pr\/#primaryimage"},"image":{"@id":"https:\/\/www.estrategiaconcursos.com.br\/blog\/concurso-prefeitura-inaja-pr\/#primaryimage"},"thumbnailUrl":"https:\/\/dhg1h5j42swfq.cloudfront.net\/2025\/03\/05201612\/concursos-prefeituras-1024x536-1.jpg","datePublished":"2026-07-12T19:43:45+00:00","dateModified":"2026-08-23T13:56:00+00:00","description":"Concurso Inaj\u00e1 (PR): edital de 2023 ofertou 34 vagas e sal\u00e1rios de at\u00e9 R$ 4.755,83. Confira cargos, etapas de sele\u00e7\u00e3o e hist\u00f3rico municipal.","breadcrumb":{"@id":"https:\/\/www.estrategiaconcursos.com.br\/blog\/concurso-prefeitura-inaja-pr\/#breadcrumb"},"inLanguage":"pt-BR","potentialAction":[{"@type":"ReadAction","target":["https:\/\/www.estrategiaconcursos.com.br\/blog\/concurso-prefeitura-inaja-pr\/"]}]},{"@type":"ImageObject","inLanguage":"pt-BR","@id":"https:\/\/www.estrategiaconcursos.com.br\/blog\/concurso-prefeitura-inaja-pr\/#primaryimage","url":"https:\/\/dhg1h5j42swfq.cloudfront.net\/2025\/03\/05201612\/concursos-prefeituras-1024x536-1.jpg","contentUrl":"https:\/\/dhg1h5j42swfq.cloudfront.net\/2025\/03\/05201612\/concursos-prefeituras-1024x536-1.jpg","width":1024,"height":536,"caption":"Concursos prefeituras"},{"@type":"BreadcrumbList","@id":"https:\/\/www.estrategiaconcursos.com.br\/blog\/concurso-prefeitura-inaja-pr\/#breadcrumb","itemListElement":[{"@type":"ListItem","position":1,"name":"In\u00edcio","item":"https:\/\/blog-estrategia.mystagingwebsite.com\/"},{"@type":"ListItem","position":2,"name":"Concurso Inaj\u00e1 PR: \u00faltimo edital em 2023"}]},{"@type":"WebSite","@id":"https:\/\/blog-estrategia.mystagingwebsite.com\/#website","url":"https:\/\/blog-estrategia.mystagingwebsite.com\/","name":"Estrat\u00e9gia Concursos","description":"O blog da Estrat\u00e9gia Concursos traz not\u00edcias sobre concursos e artigos de professores oferecendo cursos para concursos (pdf + videaulas) no site.","publisher":{"@id":"https:\/\/blog-estrategia.mystagingwebsite.com\/#organization"},"potentialAction":[{"@type":"SearchAction","target":{"@type":"EntryPoint","urlTemplate":"https:\/\/blog-estrategia.mystagingwebsite.com\/?s={search_term_string}"},"query-input":{"@type":"PropertyValueSpecification","valueRequired":true,"valueName":"search_term_string"}}],"inLanguage":"pt-BR"},{"@type":"Organization","@id":"https:\/\/blog-estrategia.mystagingwebsite.com\/#organization","name":"Estrat\u00e9gia Concursos","url":"https:\/\/blog-estrategia.mystagingwebsite.com\/","logo":{"@type":"ImageObject","inLanguage":"pt-BR","@id":"https:\/\/blog-estrategia.mystagingwebsite.com\/#\/schema\/logo\/image\/","url":"https:\/\/dhg1h5j42swfq.cloudfront.net\/2025\/06\/03203428\/logo_concursos-1.jpg","contentUrl":"https:\/\/dhg1h5j42swfq.cloudfront.net\/2025\/06\/03203428\/logo_concursos-1.jpg","width":230,"height":60,"caption":"Estrat\u00e9gia Concursos"},"image":{"@id":"https:\/\/blog-estrategia.mystagingwebsite.com\/#\/schema\/logo\/image\/"},"sameAs":["https:\/\/x.com\/EstratConcursos"]},{"@type":"Person","@id":"https:\/\/blog-estrategia.mystagingwebsite.com\/#\/schema\/person\/0906ff564105056f3b05978d503ee214","name":"Luis Eduardo","image":{"@type":"ImageObject","inLanguage":"pt-BR","@id":"https:\/\/secure.gravatar.com\/avatar\/3ce09d3c01f86018c4f3b15b9e6389f2ac325bc19863fdb79cd37fefb38517d1?s=96&d=mm&r=g","url":"https:\/\/secure.gravatar.com\/avatar\/3ce09d3c01f86018c4f3b15b9e6389f2ac325bc19863fdb79cd37fefb38517d1?s=96&d=mm&r=g","contentUrl":"https:\/\/secure.gravatar.com\/avatar\/3ce09d3c01f86018c4f3b15b9e6389f2ac325bc19863fdb79cd37fefb38517d1?s=96&d=mm&r=g","caption":"Luis Eduardo"},"sameAs":["https:\/\/www.facebook.com\/coachluiseduardo\/"],"url":"https:\/\/www.estrategiaconcursos.com.br\/blog\/author\/luiseduardoestrategiaconcursos-com-br\/"}]}},"_links":{"self":[{"href":"https:\/\/www.estrategiaconcursos.com.br\/blog\/wp-json\/wp\/v2\/posts\/1778840","targetHints":{"allow":["GET"]}}],"collection":[{"href":"https:\/\/www.estrategiaconcursos.com.br\/blog\/wp-json\/wp\/v2\/posts"}],"about":[{"href":"https:\/\/www.estrategiaconcursos.com.br\/blog\/wp-json\/wp\/v2\/types\/post"}],"author":[{"embeddable":true,"href":"https:\/\/www.estrategiaconcursos.com.br\/blog\/wp-json\/wp\/v2\/users\/344"}],"replies":[{"embeddable":true,"href":"https:\/\/www.estrategiaconcursos.com.br\/blog\/wp-json\/wp\/v2\/comments?post=1778840"}],"version-history":[{"count":4,"href":"https:\/\/www.estrategiaconcursos.com.br\/blog\/wp-json\/wp\/v2\/posts\/1778840\/revisions"}],"predecessor-version":[{"id":1800414,"href":"https:\/\/www.estrategiaconcursos.com.br\/blog\/wp-json\/wp\/v2\/posts\/1778840\/revisions\/1800414"}],"wp:featuredmedia":[{"embeddable":true,"href":"https:\/\/www.estrategiaconcursos.com.br\/blog\/wp-json\/wp\/v2\/media\/1540739"}],"wp:attachment":[{"href":"https:\/\/www.estrategiaconcursos.com.br\/blog\/wp-json\/wp\/v2\/media?parent=1778840"}],"wp:term":[{"taxonomy":"category","embeddable":true,"href":"https:\/\/www.estrategiaconcursos.com.br\/blog\/wp-json\/wp\/v2\/categories?post=1778840"},{"taxonomy":"post_tag","embeddable":true,"href":"https:\/\/www.estrategiaconcursos.com.br\/blog\/wp-json\/wp\/v2\/tags?post=1778840"},{"taxonomy":"tax_estado","embeddable":true,"href":"https:\/\/www.estrategiaconcursos.com.br\/blog\/wp-json\/wp\/v2\/tax_estado?post=1778840"}],"curies":[{"name":"wp","href":"https:\/\/api.w.org\/{rel}","templated":true}]}}