{"id":1778606,"date":"2026-07-12T11:57:19","date_gmt":"2026-07-12T14:57:19","guid":{"rendered":"https:\/\/blog-estrategia.mystagingwebsite.com\/blog\/?p=1778606"},"modified":"2026-08-23T10:55:29","modified_gmt":"2026-08-23T13:55:29","slug":"concurso-prefeitura-barra-do-jacare","status":"publish","type":"post","link":"https:\/\/www.estrategiaconcursos.com.br\/blog\/concurso-prefeitura-barra-do-jacare\/","title":{"rendered":"Concurso Barra do Jacar\u00e9 PR: processo seletivo de 2025"},"content":{"rendered":"\n<p class=\"wp-block-paragraph\" style=\"font-size:clamp(16.293px, 1.018rem + ((1vw - 3.2px) * 0.854), 25px);font-style:italic;font-weight:700\">O processo seletivo de 2025 da Prefeitura de Barra do Jacar\u00e9 ofereceu quatro vagas e cadastro de reserva para fun\u00e7\u00f5es de n\u00edveis fundamental e m\u00e9dio.<\/p>\n\n\n\n<p class=\"wp-block-paragraph\">Processos seletivos direcionados \u00e0 educa\u00e7\u00e3o, \u00e0 sa\u00fade, aos est\u00e1gios e ao apoio operacional aparecem com frequ\u00eancia nas contrata\u00e7\u00f5es p\u00fablicas de Barra do Jacar\u00e9. Os concursos municipais, mais espa\u00e7ados, tiveram edi\u00e7\u00f5es registradas em 2011, 2015, 2020 e 2024.<\/p>\n\n\n\n<p class=\"wp-block-paragraph\">As exig\u00eancias dos certames variaram do ensino fundamental ao superior, incluindo oportunidades para candidatos com forma\u00e7\u00e3o t\u00e9cnica ou magist\u00e9rio. As sele\u00e7\u00f5es de est\u00e1gio tamb\u00e9m foram recorrentes entre 2018 e 2024.<\/p>\n\n\n\n<ul class=\"wp-block-list has-very-light-gray-to-cyan-bluish-gray-gradient-background has-background\">\n<li><strong>Status:<\/strong> sem previs\u00e3o de novo edital<\/li>\n<li><strong>\u00daltimo edital:<\/strong> 2025 (processo seletivo)<\/li>\n<li><strong>Vagas:<\/strong> 4<\/li>\n<li><strong>Remunera\u00e7\u00e3o:<\/strong> at\u00e9 R$ 1.518,00<\/li>\n<li><strong>Escolaridade:<\/strong> n\u00edveis fundamental e m\u00e9dio<\/li>\n<\/ul>\n\n\n\n<h2 class=\"wp-block-heading\" id=\"situacao-atual\">Situa\u00e7\u00e3o atual do concurso em Barra do Jacar\u00e9<\/h2>\n\n\n\n<p class=\"wp-block-paragraph\">A Prefeitura de Barra do Jacar\u00e9 n\u00e3o publicou um novo edital.<\/p>\n\n\n\n<h2 class=\"wp-block-heading\" id=\"ultimo-concurso\">\u00daltimo processo seletivo em Barra do Jacar\u00e9<\/h2>\n\n\n\n<p class=\"wp-block-paragraph\">O processo seletivo de 2025 visava preencher quatro vagas e formar cadastro de reserva. As oportunidades foram distribu\u00eddas entre Merendeira, Motorista, Oficineiro de Corte e Costura e Coveiro.<\/p>\n\n\n\n<p class=\"wp-block-paragraph\">A participa\u00e7\u00e3o exigia ensino fundamental completo ou ensino m\u00e9dio, conforme o cargo, al\u00e9m dos demais requisitos estabelecidos pelo edital. A remunera\u00e7\u00e3o prevista era de R$ 1.518,00 por m\u00eas, acrescida de aux\u00edlio-alimenta\u00e7\u00e3o, para jornada de 40 horas semanais.<\/p>\n\n\n\n<p class=\"wp-block-paragraph\">O edital previu an\u00e1lise de t\u00edtulos e prova pr\u00e1tica para a classifica\u00e7\u00e3o. As inscri\u00e7\u00f5es terminaram e esse processo seletivo foi encerrado em 2025.<\/p>\n\n\n\n<ul class=\"wp-block-list\">\n<li>Merendeira<\/li>\n\n\n\n<li>Motorista<\/li>\n\n\n\n<li>Oficineiro de Corte e Costura<\/li>\n\n\n\n<li>Coveiro<\/li>\n<\/ul>\n\n\n\n<h2 class=\"wp-block-heading\" id=\"historico\">Hist\u00f3rico de concursos em Barra do Jacar\u00e9<\/h2>\n\n\n\n<p class=\"wp-block-paragraph\">Ainda em 2025, outro processo seletivo municipal passou por retifica\u00e7\u00e3o. Esse registro contemplava sete vagas para candidatos dos n\u00edveis fundamental, m\u00e9dio e superior, com remunera\u00e7\u00e3o de at\u00e9 R$ 3.603,20.<\/p>\n\n\n\n<p class=\"wp-block-paragraph\">O ano de 2024 concentrou sele\u00e7\u00f5es de perfis distintos. O concurso p\u00fablico municipal ofereceu 50 vagas para n\u00edveis fundamental, m\u00e9dio, t\u00e9cnico e superior, al\u00e9m de fun\u00e7\u00f5es com exig\u00eancia de magist\u00e9rio, e alcan\u00e7ou remunera\u00e7\u00e3o de R$ 10.655,22. Um processo seletivo abriu quatro vagas, com vencimentos de at\u00e9 R$ 4.579,33, enquanto a sele\u00e7\u00e3o de est\u00e1gio reuniu 12 vagas para os n\u00edveis m\u00e9dio, t\u00e9cnico e superior.<\/p>\n\n\n\n<p class=\"wp-block-paragraph\">Em 2023, a prefeitura publicou sele\u00e7\u00f5es para professores, monitor de alunos, profissionais da sa\u00fade, estagi\u00e1rios e assistente de alfabetiza\u00e7\u00e3o volunt\u00e1rio. Tamb\u00e9m houve um processo seletivo com quatro vagas para candidatos dos n\u00edveis t\u00e9cnico e superior e remunera\u00e7\u00e3o de at\u00e9 R$ 10.655,22, al\u00e9m de um chamamento p\u00fablico com uma vaga para farmac\u00eautico e sal\u00e1rio de R$ 4.117,10. Na educa\u00e7\u00e3o, foram registradas uma vaga para professor, com remunera\u00e7\u00e3o de R$ 2.289,60, e tr\u00eas vagas para monitor de alunos, com sal\u00e1rio de R$ 1.320,00. Na sa\u00fade, outra sele\u00e7\u00e3o ofereceu tr\u00eas vagas e vencimentos de at\u00e9 R$ 3.725,32. Os registros daquele ano inclu\u00edram ainda uma sele\u00e7\u00e3o de quatro vagas para n\u00edveis fundamental e m\u00e9dio, com remunera\u00e7\u00e3o de R$ 1.916,80, e sete vagas de est\u00e1gio, com bolsa de R$ 500,00. A C\u00e2mara de Barra do Jacar\u00e9 realizou separadamente um concurso com duas vagas; esse certame n\u00e3o pertenceu \u00e0 prefeitura municipal.<\/p>\n\n\n\n<h2 class=\"wp-block-heading\" id=\"linha-do-tempo\">Linha do tempo<\/h2>\n\n\n\n<ul class=\"wp-block-list\">\n<li><strong>2025:<\/strong> processos seletivos municipais para fun\u00e7\u00f5es operacionais e oportunidades destinadas a diferentes n\u00edveis de escolaridade.<\/li>\n\n\n\n<li><strong>2024:<\/strong> concurso p\u00fablico com 50 vagas, processo seletivo com quatro vagas e sele\u00e7\u00e3o de est\u00e1gio com 12 oportunidades.<\/li>\n\n\n\n<li><strong>2023:<\/strong> sele\u00e7\u00f5es municipais nas \u00e1reas de educa\u00e7\u00e3o e sa\u00fade, al\u00e9m de est\u00e1gios, fun\u00e7\u00f5es de apoio e chamamento para farmac\u00eautico.<\/li>\n\n\n\n<li><strong>2022:<\/strong> processos seletivos para estagi\u00e1rios, professor e assistente de alfabetiza\u00e7\u00e3o volunt\u00e1rio.<\/li>\n\n\n\n<li><strong>2021:<\/strong> processo seletivo com 21 vagas de est\u00e1gio para estudantes do ensino superior.<\/li>\n\n\n\n<li><strong>2020:<\/strong> concurso p\u00fablico municipal com oito vagas e processo seletivo para est\u00e1gio de n\u00edvel m\u00e9dio.<\/li>\n\n\n\n<li><strong>2019:<\/strong> processo seletivo destinado a estudantes do ensino superior.<\/li>\n\n\n\n<li><strong>2018:<\/strong> publica\u00e7\u00f5es municipais voltadas principalmente \u00e0 sele\u00e7\u00e3o de estagi\u00e1rios.<\/li>\n\n\n\n<li><strong>2015:<\/strong> concurso p\u00fablico com 40 vagas para os n\u00edveis fundamental, m\u00e9dio e superior.<\/li>\n\n\n\n<li><strong>2011:<\/strong> concurso p\u00fablico com 41 vagas para candidatos dos n\u00edveis fundamental, m\u00e9dio e superior.<\/li>\n<\/ul>\n\n\n\n<h2 class=\"wp-block-heading has-text-align-center\" id=\"mapa-regiao\">Veja Concursos Abertos na mesma regi\u00e3o<\/h2>\n\n\n\n<iframe\n  src=\"https:\/\/www.estrategiaconcursos.com.br\/blog\/mapa-concursos\/embed?situacoes=Inscri%C3%A7%C3%B5es%20abertas&amp;estado=PR\"\n  width=\"100%\"\n  height=\"400\"\n  style=\"border: none; display: block;\"\n  title=\"Mapa de Concursos P\u00fablicos em Paran\u00e1\"\n  loading=\"lazy\"><\/iframe>\n\n\n\n<h2 class=\"wp-block-heading has-text-align-center\" id=\"cursos\">Quer saber tudo sobre concursos previstos?<br \/>Confira nossos artigos!<\/h2>\n\n\n\n<ul class=\"wp-block-list\">\n<li><a href=\"https:\/\/www.estrategiaconcursos.com.br\/blog\/concursos-abertos\/\" target=\"_blank\" rel=\"noreferrer noopener\">Concursos Abertos<\/a><\/li>\n<li><a href=\"https:\/\/www.estrategiaconcursos.com.br\/blog\/concursos-2026\/\" target=\"_blank\" rel=\"noreferrer noopener\">Concursos 2026<\/a><\/li>\n<li><a href=\"https:\/\/www.estrategiaconcursos.com.br\/blog\/concursos-parana\/\" target=\"_blank\" rel=\"noreferrer noopener\">Concursos Paran\u00e1<\/a><\/li>\n<\/ul>\n\n\n\n<div class=\"estrategia\" id=\"box-assinatura\">\n  <h3 class=\"titulo-assinatura\">Assinatura Concursos<\/h3>\n  <p class=\"subtitulo-assinatura\">Assinatura de 1 ano ou 2 anos<\/p>\n  <div class=\"box-botao\">\n    <a class=\"btn-assinatura\" target=\"_blank\" href=\"https:\/\/www.estrategiaconcursos.com.br\/assinaturas\/\" role=\"button\" rel=\"noopener noreferrer\">ASSINE AGORA<\/a>\n  <\/div>\n<\/div>\n\n\n\n<h3 class=\"wp-block-heading\" id=\"ficha\">Informa\u00e7\u00f5es do \u00faltimo processo seletivo<\/h3>\n\n\n\n<ul class=\"wp-block-list\">\n<li><strong>\u00d3rg\u00e3o:<\/strong> Prefeitura de Barra do Jacar\u00e9 (PR)<\/li>\n\n\n\n<li><strong>Ano:<\/strong> 2025<\/li>\n\n\n\n<li><strong>Tipo:<\/strong> processo seletivo<\/li>\n\n\n\n<li><strong>Cargos:<\/strong> Merendeira, Motorista, Oficineiro de Corte e Costura, Coveiro<\/li>\n\n\n\n<li><strong>Vagas:<\/strong> 4<\/li>\n\n\n\n<li><strong>Escolaridade:<\/strong> n\u00edveis fundamental e m\u00e9dio<\/li>\n\n\n\n<li><strong>Remunera\u00e7\u00e3o:<\/strong> at\u00e9 R$ 1.518,00<\/li>\n\n\n\n<li><strong>Situa\u00e7\u00e3o:<\/strong> sem previs\u00e3o de novo edital<\/li>\n<\/ul>\n\n\n\n<div class=\"container\" id=\"boxes\">\n  <div class=\"row\">\n    <div class=\"col-sm\">\n      <div class=\"banner-prefeituras-ec\" id=\"box-assinatura\">\n        <h2 class=\"titulo-assinatura\" style=\"text-align: left;\">Concursos Prefeituras<\/h2>\n        <p class=\"subtitulo-assinatura\" style=\"text-align: left;\">Prepara\u00e7\u00e3o completa para a carreira!<\/p>\n        <div class=\"box-botao\" style=\"text-align: left;\">\n          <a class=\"btn-assinatura\" target=\"_blank\" href=\"https:\/\/www.estrategiaconcursos.com.br\/pesquisa\/?q=prefeitura+barra+do+jacare\" role=\"button\" rel=\"noopener noreferrer\">EXPLORAR CURSOS<\/a>\n        <\/div>\n      <\/div>\n    <\/div>\n  <\/div>\n<\/div>\n\n","protected":false},"excerpt":{"rendered":"<p>O processo seletivo de 2025 da Prefeitura de Barra do Jacar\u00e9 ofereceu quatro vagas e cadastro de reserva para fun\u00e7\u00f5es de n\u00edveis fundamental e m\u00e9dio. Processos seletivos direcionados \u00e0 educa\u00e7\u00e3o, \u00e0 sa\u00fade, aos est\u00e1gios e ao apoio operacional aparecem com frequ\u00eancia nas contrata\u00e7\u00f5es p\u00fablicas de Barra do Jacar\u00e9. Os concursos municipais, mais espa\u00e7ados, tiveram edi\u00e7\u00f5es [&hellip;]<\/p>\n","protected":false},"author":344,"featured_media":1540739,"comment_status":"open","ping_status":"closed","sticky":false,"template":"","format":"standard","meta":{"_acf_changed":false,"post_tipo":"news_page","footnotes":""},"categories":[222278],"tags":[],"tax_estado":[219981],"class_list":["post-1778606","post","type-post","status-publish","format-standard","has-post-thumbnail","hentry","category-prefeituras","tax_estado-pr"],"acf":[],"yoast_head":"<!-- This site is optimized with the Yoast SEO Premium plugin v28.1 (Yoast SEO v28.1) - https:\/\/yoast.com\/product\/yoast-seo-premium-wordpress\/ -->\n<title>Concurso Barra do Jacar\u00e9 PR: processo seletivo de 2025<\/title>\n<meta name=\"description\" content=\"Concurso Barra do Jacar\u00e9 (PR): sele\u00e7\u00e3o de 2025 teve 4 vagas, prova pr\u00e1tica e sal\u00e1rio de R$ 1.518,00. Confira tamb\u00e9m o hist\u00f3rico municipal.\" \/>\n<meta name=\"robots\" content=\"index, follow, max-snippet:-1, max-image-preview:large, max-video-preview:-1\" \/>\n<link rel=\"canonical\" href=\"https:\/\/www.estrategiaconcursos.com.br\/blog\/concurso-prefeitura-barra-do-jacare\/\" \/>\n<meta property=\"og:locale\" content=\"pt_BR\" \/>\n<meta property=\"og:type\" content=\"article\" \/>\n<meta property=\"og:title\" content=\"Concurso Barra do Jacar\u00e9 PR: processo seletivo de 2025\" \/>\n<meta property=\"og:description\" content=\"Concurso Barra do Jacar\u00e9 (PR): sele\u00e7\u00e3o de 2025 teve 4 vagas, prova pr\u00e1tica e sal\u00e1rio de R$ 1.518,00. Confira tamb\u00e9m o hist\u00f3rico municipal.\" \/>\n<meta property=\"og:url\" content=\"https:\/\/www.estrategiaconcursos.com.br\/blog\/concurso-prefeitura-barra-do-jacare\/\" \/>\n<meta property=\"og:site_name\" content=\"Estrat\u00e9gia Concursos\" \/>\n<meta property=\"article:author\" content=\"https:\/\/www.facebook.com\/coachluiseduardo\/\" \/>\n<meta property=\"article:published_time\" content=\"2026-07-12T14:57:19+00:00\" \/>\n<meta property=\"article:modified_time\" content=\"2026-08-23T13:55:29+00:00\" \/>\n<meta property=\"og:image\" content=\"https:\/\/dhg1h5j42swfq.cloudfront.net\/2025\/03\/05201612\/concursos-prefeituras-1024x536-1.jpg\" \/>\n\t<meta property=\"og:image:width\" content=\"1024\" \/>\n\t<meta property=\"og:image:height\" content=\"536\" \/>\n\t<meta property=\"og:image:type\" content=\"image\/jpeg\" \/>\n<meta name=\"author\" content=\"Luis Eduardo\" \/>\n<meta name=\"twitter:card\" content=\"summary_large_image\" \/>\n<meta name=\"twitter:creator\" content=\"@EstratConcursos\" \/>\n<meta name=\"twitter:site\" content=\"@EstratConcursos\" \/>\n<meta name=\"twitter:label1\" content=\"Escrito por\" \/>\n\t<meta name=\"twitter:data1\" content=\"Luis Eduardo\" \/>\n\t<meta name=\"twitter:label2\" content=\"Est. tempo de leitura\" \/>\n\t<meta name=\"twitter:data2\" content=\"4 minutos\" \/>\n<script type=\"application\/ld+json\" class=\"yoast-schema-graph\">{\"@context\":\"https:\\\/\\\/schema.org\",\"@graph\":[{\"@type\":\"NewsArticle\",\"@id\":\"https:\\\/\\\/www.estrategiaconcursos.com.br\\\/blog\\\/concurso-prefeitura-barra-do-jacare\\\/#article\",\"isPartOf\":{\"@id\":\"https:\\\/\\\/www.estrategiaconcursos.com.br\\\/blog\\\/concurso-prefeitura-barra-do-jacare\\\/\"},\"author\":{\"name\":\"Luis Eduardo\",\"@id\":\"https:\\\/\\\/blog-estrategia.mystagingwebsite.com\\\/#\\\/schema\\\/person\\\/0906ff564105056f3b05978d503ee214\"},\"headline\":\"Concurso Barra do Jacar\u00e9 PR: processo seletivo de 2025\",\"datePublished\":\"2026-07-12T14:57:19+00:00\",\"dateModified\":\"2026-08-23T13:55:29+00:00\",\"mainEntityOfPage\":{\"@id\":\"https:\\\/\\\/www.estrategiaconcursos.com.br\\\/blog\\\/concurso-prefeitura-barra-do-jacare\\\/\"},\"wordCount\":781,\"commentCount\":0,\"publisher\":{\"@id\":\"https:\\\/\\\/blog-estrategia.mystagingwebsite.com\\\/#organization\"},\"image\":{\"@id\":\"https:\\\/\\\/www.estrategiaconcursos.com.br\\\/blog\\\/concurso-prefeitura-barra-do-jacare\\\/#primaryimage\"},\"thumbnailUrl\":\"https:\\\/\\\/dhg1h5j42swfq.cloudfront.net\\\/2025\\\/03\\\/05201612\\\/concursos-prefeituras-1024x536-1.jpg\",\"articleSection\":[\"Prefeituras\"],\"inLanguage\":\"pt-BR\",\"potentialAction\":[{\"@type\":\"CommentAction\",\"name\":\"Comment\",\"target\":[\"https:\\\/\\\/www.estrategiaconcursos.com.br\\\/blog\\\/concurso-prefeitura-barra-do-jacare\\\/#respond\"]}],\"copyrightYear\":\"2026\",\"copyrightHolder\":{\"@id\":\"https:\\\/\\\/www.estrategiaconcursos.com.br\\\/blog\\\/#organization\"}},{\"@type\":\"WebPage\",\"@id\":\"https:\\\/\\\/www.estrategiaconcursos.com.br\\\/blog\\\/concurso-prefeitura-barra-do-jacare\\\/\",\"url\":\"https:\\\/\\\/www.estrategiaconcursos.com.br\\\/blog\\\/concurso-prefeitura-barra-do-jacare\\\/\",\"name\":\"Concurso Barra do Jacar\u00e9 PR: processo seletivo de 2025\",\"isPartOf\":{\"@id\":\"https:\\\/\\\/blog-estrategia.mystagingwebsite.com\\\/#website\"},\"primaryImageOfPage\":{\"@id\":\"https:\\\/\\\/www.estrategiaconcursos.com.br\\\/blog\\\/concurso-prefeitura-barra-do-jacare\\\/#primaryimage\"},\"image\":{\"@id\":\"https:\\\/\\\/www.estrategiaconcursos.com.br\\\/blog\\\/concurso-prefeitura-barra-do-jacare\\\/#primaryimage\"},\"thumbnailUrl\":\"https:\\\/\\\/dhg1h5j42swfq.cloudfront.net\\\/2025\\\/03\\\/05201612\\\/concursos-prefeituras-1024x536-1.jpg\",\"datePublished\":\"2026-07-12T14:57:19+00:00\",\"dateModified\":\"2026-08-23T13:55:29+00:00\",\"description\":\"Concurso Barra do Jacar\u00e9 (PR): sele\u00e7\u00e3o de 2025 teve 4 vagas, prova pr\u00e1tica e sal\u00e1rio de R$ 1.518,00. Confira tamb\u00e9m o hist\u00f3rico municipal.\",\"breadcrumb\":{\"@id\":\"https:\\\/\\\/www.estrategiaconcursos.com.br\\\/blog\\\/concurso-prefeitura-barra-do-jacare\\\/#breadcrumb\"},\"inLanguage\":\"pt-BR\",\"potentialAction\":[{\"@type\":\"ReadAction\",\"target\":[\"https:\\\/\\\/www.estrategiaconcursos.com.br\\\/blog\\\/concurso-prefeitura-barra-do-jacare\\\/\"]}]},{\"@type\":\"ImageObject\",\"inLanguage\":\"pt-BR\",\"@id\":\"https:\\\/\\\/www.estrategiaconcursos.com.br\\\/blog\\\/concurso-prefeitura-barra-do-jacare\\\/#primaryimage\",\"url\":\"https:\\\/\\\/dhg1h5j42swfq.cloudfront.net\\\/2025\\\/03\\\/05201612\\\/concursos-prefeituras-1024x536-1.jpg\",\"contentUrl\":\"https:\\\/\\\/dhg1h5j42swfq.cloudfront.net\\\/2025\\\/03\\\/05201612\\\/concursos-prefeituras-1024x536-1.jpg\",\"width\":1024,\"height\":536,\"caption\":\"Concursos prefeituras\"},{\"@type\":\"BreadcrumbList\",\"@id\":\"https:\\\/\\\/www.estrategiaconcursos.com.br\\\/blog\\\/concurso-prefeitura-barra-do-jacare\\\/#breadcrumb\",\"itemListElement\":[{\"@type\":\"ListItem\",\"position\":1,\"name\":\"In\u00edcio\",\"item\":\"https:\\\/\\\/blog-estrategia.mystagingwebsite.com\\\/\"},{\"@type\":\"ListItem\",\"position\":2,\"name\":\"Concurso Barra do Jacar\u00e9 PR: processo seletivo de 2025\"}]},{\"@type\":\"WebSite\",\"@id\":\"https:\\\/\\\/blog-estrategia.mystagingwebsite.com\\\/#website\",\"url\":\"https:\\\/\\\/blog-estrategia.mystagingwebsite.com\\\/\",\"name\":\"Estrat\u00e9gia Concursos\",\"description\":\"O blog da Estrat\u00e9gia Concursos traz not\u00edcias sobre concursos e artigos de professores oferecendo cursos para concursos (pdf + videaulas) no site.\",\"publisher\":{\"@id\":\"https:\\\/\\\/blog-estrategia.mystagingwebsite.com\\\/#organization\"},\"potentialAction\":[{\"@type\":\"SearchAction\",\"target\":{\"@type\":\"EntryPoint\",\"urlTemplate\":\"https:\\\/\\\/blog-estrategia.mystagingwebsite.com\\\/?s={search_term_string}\"},\"query-input\":{\"@type\":\"PropertyValueSpecification\",\"valueRequired\":true,\"valueName\":\"search_term_string\"}}],\"inLanguage\":\"pt-BR\"},{\"@type\":\"Organization\",\"@id\":\"https:\\\/\\\/blog-estrategia.mystagingwebsite.com\\\/#organization\",\"name\":\"Estrat\u00e9gia Concursos\",\"url\":\"https:\\\/\\\/blog-estrategia.mystagingwebsite.com\\\/\",\"logo\":{\"@type\":\"ImageObject\",\"inLanguage\":\"pt-BR\",\"@id\":\"https:\\\/\\\/blog-estrategia.mystagingwebsite.com\\\/#\\\/schema\\\/logo\\\/image\\\/\",\"url\":\"https:\\\/\\\/dhg1h5j42swfq.cloudfront.net\\\/2025\\\/06\\\/03203428\\\/logo_concursos-1.jpg\",\"contentUrl\":\"https:\\\/\\\/dhg1h5j42swfq.cloudfront.net\\\/2025\\\/06\\\/03203428\\\/logo_concursos-1.jpg\",\"width\":230,\"height\":60,\"caption\":\"Estrat\u00e9gia Concursos\"},\"image\":{\"@id\":\"https:\\\/\\\/blog-estrategia.mystagingwebsite.com\\\/#\\\/schema\\\/logo\\\/image\\\/\"},\"sameAs\":[\"https:\\\/\\\/x.com\\\/EstratConcursos\"]},{\"@type\":\"Person\",\"@id\":\"https:\\\/\\\/blog-estrategia.mystagingwebsite.com\\\/#\\\/schema\\\/person\\\/0906ff564105056f3b05978d503ee214\",\"name\":\"Luis Eduardo\",\"image\":{\"@type\":\"ImageObject\",\"inLanguage\":\"pt-BR\",\"@id\":\"https:\\\/\\\/secure.gravatar.com\\\/avatar\\\/3ce09d3c01f86018c4f3b15b9e6389f2ac325bc19863fdb79cd37fefb38517d1?s=96&d=mm&r=g\",\"url\":\"https:\\\/\\\/secure.gravatar.com\\\/avatar\\\/3ce09d3c01f86018c4f3b15b9e6389f2ac325bc19863fdb79cd37fefb38517d1?s=96&d=mm&r=g\",\"contentUrl\":\"https:\\\/\\\/secure.gravatar.com\\\/avatar\\\/3ce09d3c01f86018c4f3b15b9e6389f2ac325bc19863fdb79cd37fefb38517d1?s=96&d=mm&r=g\",\"caption\":\"Luis Eduardo\"},\"sameAs\":[\"https:\\\/\\\/www.facebook.com\\\/coachluiseduardo\\\/\"],\"url\":\"https:\\\/\\\/www.estrategiaconcursos.com.br\\\/blog\\\/author\\\/luiseduardoestrategiaconcursos-com-br\\\/\"}]}<\/script>\n<!-- \/ Yoast SEO Premium plugin. -->","yoast_head_json":{"title":"Concurso Barra do Jacar\u00e9 PR: processo seletivo de 2025","description":"Concurso Barra do Jacar\u00e9 (PR): sele\u00e7\u00e3o de 2025 teve 4 vagas, prova pr\u00e1tica e sal\u00e1rio de R$ 1.518,00. Confira tamb\u00e9m o hist\u00f3rico municipal.","robots":{"index":"index","follow":"follow","max-snippet":"max-snippet:-1","max-image-preview":"max-image-preview:large","max-video-preview":"max-video-preview:-1"},"canonical":"https:\/\/www.estrategiaconcursos.com.br\/blog\/concurso-prefeitura-barra-do-jacare\/","og_locale":"pt_BR","og_type":"article","og_title":"Concurso Barra do Jacar\u00e9 PR: processo seletivo de 2025","og_description":"Concurso Barra do Jacar\u00e9 (PR): sele\u00e7\u00e3o de 2025 teve 4 vagas, prova pr\u00e1tica e sal\u00e1rio de R$ 1.518,00. Confira tamb\u00e9m o hist\u00f3rico municipal.","og_url":"https:\/\/www.estrategiaconcursos.com.br\/blog\/concurso-prefeitura-barra-do-jacare\/","og_site_name":"Estrat\u00e9gia Concursos","article_author":"https:\/\/www.facebook.com\/coachluiseduardo\/","article_published_time":"2026-07-12T14:57:19+00:00","article_modified_time":"2026-08-23T13:55:29+00:00","og_image":[{"width":1024,"height":536,"url":"https:\/\/dhg1h5j42swfq.cloudfront.net\/2025\/03\/05201612\/concursos-prefeituras-1024x536-1.jpg","type":"image\/jpeg"}],"author":"Luis Eduardo","twitter_card":"summary_large_image","twitter_creator":"@EstratConcursos","twitter_site":"@EstratConcursos","twitter_misc":{"Escrito por":"Luis Eduardo","Est. tempo de leitura":"4 minutos"},"schema":{"@context":"https:\/\/schema.org","@graph":[{"@type":"NewsArticle","@id":"https:\/\/www.estrategiaconcursos.com.br\/blog\/concurso-prefeitura-barra-do-jacare\/#article","isPartOf":{"@id":"https:\/\/www.estrategiaconcursos.com.br\/blog\/concurso-prefeitura-barra-do-jacare\/"},"author":{"name":"Luis Eduardo","@id":"https:\/\/blog-estrategia.mystagingwebsite.com\/#\/schema\/person\/0906ff564105056f3b05978d503ee214"},"headline":"Concurso Barra do Jacar\u00e9 PR: processo seletivo de 2025","datePublished":"2026-07-12T14:57:19+00:00","dateModified":"2026-08-23T13:55:29+00:00","mainEntityOfPage":{"@id":"https:\/\/www.estrategiaconcursos.com.br\/blog\/concurso-prefeitura-barra-do-jacare\/"},"wordCount":781,"commentCount":0,"publisher":{"@id":"https:\/\/blog-estrategia.mystagingwebsite.com\/#organization"},"image":{"@id":"https:\/\/www.estrategiaconcursos.com.br\/blog\/concurso-prefeitura-barra-do-jacare\/#primaryimage"},"thumbnailUrl":"https:\/\/dhg1h5j42swfq.cloudfront.net\/2025\/03\/05201612\/concursos-prefeituras-1024x536-1.jpg","articleSection":["Prefeituras"],"inLanguage":"pt-BR","potentialAction":[{"@type":"CommentAction","name":"Comment","target":["https:\/\/www.estrategiaconcursos.com.br\/blog\/concurso-prefeitura-barra-do-jacare\/#respond"]}],"copyrightYear":"2026","copyrightHolder":{"@id":"https:\/\/www.estrategiaconcursos.com.br\/blog\/#organization"}},{"@type":"WebPage","@id":"https:\/\/www.estrategiaconcursos.com.br\/blog\/concurso-prefeitura-barra-do-jacare\/","url":"https:\/\/www.estrategiaconcursos.com.br\/blog\/concurso-prefeitura-barra-do-jacare\/","name":"Concurso Barra do Jacar\u00e9 PR: processo seletivo de 2025","isPartOf":{"@id":"https:\/\/blog-estrategia.mystagingwebsite.com\/#website"},"primaryImageOfPage":{"@id":"https:\/\/www.estrategiaconcursos.com.br\/blog\/concurso-prefeitura-barra-do-jacare\/#primaryimage"},"image":{"@id":"https:\/\/www.estrategiaconcursos.com.br\/blog\/concurso-prefeitura-barra-do-jacare\/#primaryimage"},"thumbnailUrl":"https:\/\/dhg1h5j42swfq.cloudfront.net\/2025\/03\/05201612\/concursos-prefeituras-1024x536-1.jpg","datePublished":"2026-07-12T14:57:19+00:00","dateModified":"2026-08-23T13:55:29+00:00","description":"Concurso Barra do Jacar\u00e9 (PR): sele\u00e7\u00e3o de 2025 teve 4 vagas, prova pr\u00e1tica e sal\u00e1rio de R$ 1.518,00. Confira tamb\u00e9m o hist\u00f3rico municipal.","breadcrumb":{"@id":"https:\/\/www.estrategiaconcursos.com.br\/blog\/concurso-prefeitura-barra-do-jacare\/#breadcrumb"},"inLanguage":"pt-BR","potentialAction":[{"@type":"ReadAction","target":["https:\/\/www.estrategiaconcursos.com.br\/blog\/concurso-prefeitura-barra-do-jacare\/"]}]},{"@type":"ImageObject","inLanguage":"pt-BR","@id":"https:\/\/www.estrategiaconcursos.com.br\/blog\/concurso-prefeitura-barra-do-jacare\/#primaryimage","url":"https:\/\/dhg1h5j42swfq.cloudfront.net\/2025\/03\/05201612\/concursos-prefeituras-1024x536-1.jpg","contentUrl":"https:\/\/dhg1h5j42swfq.cloudfront.net\/2025\/03\/05201612\/concursos-prefeituras-1024x536-1.jpg","width":1024,"height":536,"caption":"Concursos prefeituras"},{"@type":"BreadcrumbList","@id":"https:\/\/www.estrategiaconcursos.com.br\/blog\/concurso-prefeitura-barra-do-jacare\/#breadcrumb","itemListElement":[{"@type":"ListItem","position":1,"name":"In\u00edcio","item":"https:\/\/blog-estrategia.mystagingwebsite.com\/"},{"@type":"ListItem","position":2,"name":"Concurso Barra do Jacar\u00e9 PR: processo seletivo de 2025"}]},{"@type":"WebSite","@id":"https:\/\/blog-estrategia.mystagingwebsite.com\/#website","url":"https:\/\/blog-estrategia.mystagingwebsite.com\/","name":"Estrat\u00e9gia Concursos","description":"O blog da Estrat\u00e9gia Concursos traz not\u00edcias sobre concursos e artigos de professores oferecendo cursos para concursos (pdf + videaulas) no site.","publisher":{"@id":"https:\/\/blog-estrategia.mystagingwebsite.com\/#organization"},"potentialAction":[{"@type":"SearchAction","target":{"@type":"EntryPoint","urlTemplate":"https:\/\/blog-estrategia.mystagingwebsite.com\/?s={search_term_string}"},"query-input":{"@type":"PropertyValueSpecification","valueRequired":true,"valueName":"search_term_string"}}],"inLanguage":"pt-BR"},{"@type":"Organization","@id":"https:\/\/blog-estrategia.mystagingwebsite.com\/#organization","name":"Estrat\u00e9gia Concursos","url":"https:\/\/blog-estrategia.mystagingwebsite.com\/","logo":{"@type":"ImageObject","inLanguage":"pt-BR","@id":"https:\/\/blog-estrategia.mystagingwebsite.com\/#\/schema\/logo\/image\/","url":"https:\/\/dhg1h5j42swfq.cloudfront.net\/2025\/06\/03203428\/logo_concursos-1.jpg","contentUrl":"https:\/\/dhg1h5j42swfq.cloudfront.net\/2025\/06\/03203428\/logo_concursos-1.jpg","width":230,"height":60,"caption":"Estrat\u00e9gia Concursos"},"image":{"@id":"https:\/\/blog-estrategia.mystagingwebsite.com\/#\/schema\/logo\/image\/"},"sameAs":["https:\/\/x.com\/EstratConcursos"]},{"@type":"Person","@id":"https:\/\/blog-estrategia.mystagingwebsite.com\/#\/schema\/person\/0906ff564105056f3b05978d503ee214","name":"Luis Eduardo","image":{"@type":"ImageObject","inLanguage":"pt-BR","@id":"https:\/\/secure.gravatar.com\/avatar\/3ce09d3c01f86018c4f3b15b9e6389f2ac325bc19863fdb79cd37fefb38517d1?s=96&d=mm&r=g","url":"https:\/\/secure.gravatar.com\/avatar\/3ce09d3c01f86018c4f3b15b9e6389f2ac325bc19863fdb79cd37fefb38517d1?s=96&d=mm&r=g","contentUrl":"https:\/\/secure.gravatar.com\/avatar\/3ce09d3c01f86018c4f3b15b9e6389f2ac325bc19863fdb79cd37fefb38517d1?s=96&d=mm&r=g","caption":"Luis Eduardo"},"sameAs":["https:\/\/www.facebook.com\/coachluiseduardo\/"],"url":"https:\/\/www.estrategiaconcursos.com.br\/blog\/author\/luiseduardoestrategiaconcursos-com-br\/"}]}},"_links":{"self":[{"href":"https:\/\/www.estrategiaconcursos.com.br\/blog\/wp-json\/wp\/v2\/posts\/1778606","targetHints":{"allow":["GET"]}}],"collection":[{"href":"https:\/\/www.estrategiaconcursos.com.br\/blog\/wp-json\/wp\/v2\/posts"}],"about":[{"href":"https:\/\/www.estrategiaconcursos.com.br\/blog\/wp-json\/wp\/v2\/types\/post"}],"author":[{"embeddable":true,"href":"https:\/\/www.estrategiaconcursos.com.br\/blog\/wp-json\/wp\/v2\/users\/344"}],"replies":[{"embeddable":true,"href":"https:\/\/www.estrategiaconcursos.com.br\/blog\/wp-json\/wp\/v2\/comments?post=1778606"}],"version-history":[{"count":4,"href":"https:\/\/www.estrategiaconcursos.com.br\/blog\/wp-json\/wp\/v2\/posts\/1778606\/revisions"}],"predecessor-version":[{"id":1800409,"href":"https:\/\/www.estrategiaconcursos.com.br\/blog\/wp-json\/wp\/v2\/posts\/1778606\/revisions\/1800409"}],"wp:featuredmedia":[{"embeddable":true,"href":"https:\/\/www.estrategiaconcursos.com.br\/blog\/wp-json\/wp\/v2\/media\/1540739"}],"wp:attachment":[{"href":"https:\/\/www.estrategiaconcursos.com.br\/blog\/wp-json\/wp\/v2\/media?parent=1778606"}],"wp:term":[{"taxonomy":"category","embeddable":true,"href":"https:\/\/www.estrategiaconcursos.com.br\/blog\/wp-json\/wp\/v2\/categories?post=1778606"},{"taxonomy":"post_tag","embeddable":true,"href":"https:\/\/www.estrategiaconcursos.com.br\/blog\/wp-json\/wp\/v2\/tags?post=1778606"},{"taxonomy":"tax_estado","embeddable":true,"href":"https:\/\/www.estrategiaconcursos.com.br\/blog\/wp-json\/wp\/v2\/tax_estado?post=1778606"}],"curies":[{"name":"wp","href":"https:\/\/api.w.org\/{rel}","templated":true}]}}