{"id":177818,"date":"2019-04-17T01:00:41","date_gmt":"2019-04-17T04:00:41","guid":{"rendered":"https:\/\/www.estrategiaconcursos.com.br\/blog\/?p=177818"},"modified":"2019-06-19T10:41:04","modified_gmt":"2019-06-19T13:41:04","slug":"edital-mp-sp-traz-28-vagas-para-auxiliar-de-promotoria-i","status":"publish","type":"post","link":"https:\/\/www.estrategiaconcursos.com.br\/blog\/edital-mp-sp-traz-28-vagas-para-auxiliar-de-promotoria-i\/","title":{"rendered":"Edital MP SP est\u00e1 com inscri\u00e7\u00f5es abertas ofertando 28 vagas"},"content":{"rendered":"\n<p>As inscri\u00e7\u00f5es do concurso do Minist\u00e9rio P\u00fablico de S\u00e3o Paulo est\u00e3o abertas com oferta de 28 vagas para o cargo de auxiliar de Promotoria I. <\/p>\n\n\n\n<p>Importante lembrar que o processo deve ser feito atrav\u00e9s do site da banca organizadora do certame, <strong>Vunesp<\/strong>, at\u00e9 a data do dia 22 de maio de 2019. O valor da taxa fixada \u00e9 de<strong> R$ 80<\/strong>. <\/p>\n\n\n\n<p>O certame oferta vagas para n\u00edvel fundamental, com idade m\u00ednima de 18 anos e distribu\u00eddas entre os cargos de:<\/p>\n\n\n\n<ul class=\"wp-block-list\"><li>Encanador<\/li><li>Marceneiro<\/li><li>Pedreiro<\/li><li>Pintor<\/li><li>Serralheiro<\/li><\/ul>\n\n\n\n<h2 class=\"wp-block-heading\">Principais Informa\u00e7\u00f5es<\/h2>\n\n\n\n<p>Abaixo voc\u00ea confere as principais informa\u00e7\u00f5es, valores e datas para poder participar do Concurso MP SP &#8211; Auxiliar de Promotoria I.<\/p>\n\n\n\n<p class=\"has-background has-very-light-gray-background-color\"><strong>Inscri\u00e7\u00f5es:<\/strong>  17 de abril at\u00e9 o dia 22 de maio <br \/><strong>Valor:<\/strong> R$ 80,00<br \/><strong>Data da prova<\/strong>: 04 de agosto<br \/><strong>Banca:<\/strong> Vunesp<\/p>\n\n\n\n<p class=\"has-medium-font-size\"><strong>Remunera\u00e7\u00e3o<\/strong><\/p>\n\n\n\n<p>Os aprovados ter\u00e3o jornada de trabalho de 40 horas semanais e a remunera\u00e7\u00e3o ser\u00e1 da seguinte forma:<\/p>\n\n\n\n<p><strong><em>Composi\u00e7\u00e3o Mensal:<\/em><\/strong><\/p>\n\n\n\n<ul class=\"wp-block-list\"><li>Vencimento B\u00e1sico: R$1.784,11<\/li><li>Gratifica\u00e7\u00e3o de Promotoria \u2013 R$1.005,70<br \/>Total \u2013 <strong>R$ 2.789,81<\/strong><\/li><\/ul>\n\n\n\n<p><strong><em>Benef\u00edcios:<\/em><\/strong><\/p>\n\n\n\n<ul class=\"wp-block-list\"><li>Aux\u00edlio Alimenta\u00e7\u00e3o: <strong>R$ 920,00<\/strong><\/li><li>Aux\u00edlio Transporte por dia: <strong>R$ 14,96<\/strong><\/li><\/ul>\n\n\n\n<h3 class=\"wp-block-heading\">As etapas do Concurso MP SP &#8211; Auxiliar de Promotoria I<\/h3>\n\n\n\n<p>O concurso contar\u00e1 com Prova Objetiva de m\u00faltipla escolha, com 45 quest\u00f5es e Prova Pr\u00e1tica, ambas de car\u00e1ter eliminat\u00f3rio e classificat\u00f3rio.<\/p>\n\n\n\n<p><strong>A Prova Objetiva &#8211; 03 horas<\/strong><\/p>\n\n\n\n<p>L\u00edngua portuguesa &#8211; 15 quest\u00f5es<br \/>Matem\u00e1tica &#8211; 10 quest\u00f5es<br \/>Conhecimentos Espec\u00edficos sobre o cargo &#8211; 20 quest\u00f5es<\/p>\n\n\n\n<p><strong>A Prova Pr\u00e1tica<\/strong><\/p>\n\n\n\n<p>Ser\u00e1 constitu\u00edda de tarefas relacionadas \u00e0s atribui\u00e7\u00f5es do Cargo\/ Especialidade e ao Conte\u00fado Program\u00e1tico de Conhecimentos Espec\u00edficos, definidos <\/p>\n\n\n\n<p><strong><em>\u00c1reas de aplica\u00e7\u00e3o das Provas<\/em><\/strong><\/p>\n\n\n\n<p>\u00c1reas Regionais da Capital, da Grande S\u00e3o Paulo I, II e III, de Santos e do Vale do Ribeira<br \/>\u00c1reas Regionais de Campinas e de Taubat\u00e9 &#8211; Campinas <br \/>\u00c1reas Regionais de Piracicaba e de Sorocaba &#8211; Piracicaba <br \/>\u00c1reas Regionais de Ara\u00e7atuba, de Bauru e de Presidente Prudente &#8211; Bauru <\/p>\n\n\n\n<figure class=\"wp-block-image\"><img loading=\"lazy\" decoding=\"async\" width=\"300\" height=\"102\" src=\"https:\/\/dhg1h5j42swfq.cloudfront.net\/2017\/03\/28152500\/coruja-ficha-tecnica-300x102.png\" alt=\"Ficha t\u00e9cnica concurso \" class=\"wp-image-68542\"\/><\/figure>\n\n\n\n<p><strong>\u25baInforma\u00e7\u00f5es do Edital MP SP &#8211; Auxiliar de Promotoria I<\/strong><\/p>\n\n\n\n<p>\u25ba<strong>Remunera\u00e7\u00e3o<\/strong>: mais de R$ 4.000 (soma)<br \/>\u25ba<strong>Vagas<\/strong>: 28 vagas<br \/>\u25ba<strong>Cargos<\/strong>: Auxiliar de Promotoria I<br \/>\u25ba<strong>Escolaridade<\/strong>: N\u00edvel Fundamental &#8211; 18 anos<\/p>\n\n\n\n<div class=\"wp-block-file\"><a href=\"https:\/\/dhg1h5j42swfq.cloudfront.net\/2019\/04\/09110135\/Edital-MP-SP-Auxiliar-de-Promotoria-I-2019.pdf\" target=\"_blank\" rel=\"noreferrer noopener\">Edital-MP-SP-Auxiliar-de-Promotoria-I-2019<\/a><a href=\"https:\/\/dhg1h5j42swfq.cloudfront.net\/2019\/04\/09110135\/Edital-MP-SP-Auxiliar-de-Promotoria-I-2019.pdf\" class=\"wp-block-file__button\" download>Baixar<\/a><\/div>\n\n\n\n<p><em>Nat\u00e1lia Scarano\ufeff<\/em><br \/>ascomestrategia@gmail.com\n\n<\/p>\n\n\n\n<p style=\"text-align:center\"><em><strong>Assinatura Anual Ilimitada*<\/strong><\/em><\/p>\n\n\n\n<p><em>Prepare-se com o melhor material e com quem mais aprova em&nbsp;Concursos P\u00fablicos de todo o pa\u00eds. Assine agora a nossa Assinatura Anual e tenha acesso ilimitado* a todos os nossos cursos.<\/em><\/p>\n\n\n\n<figure class=\"wp-block-image\"><a href=\"https:\/\/www.estrategiaconcursos.com.br\/assinaturas\" target=\"_blank\" rel=\"noreferrer noopener\"><img decoding=\"async\" src=\"https:\/\/www.estrategiaconcursos.com.br\/assets\/img\/banner-assinaturas.jpg\" alt=\"Assinatura Ilimitada\" class=\"wp-image-157836\"\/><\/a><\/figure>\n\n\n\n<p><em><strong>Receba not\u00edcias de Concursos no seu WhatsApp e\/ou Telegram!<\/strong><\/em><\/p>\n\n\n\n<p><em><strong>Cadastre-se clicando no \u00edcone abaixo<\/strong><\/em><\/p>\n\n\n\n<div class=\"wp-block-image\"><figure class=\"aligncenter\"><a href=\"https:\/\/www.estrategiaconcursos.com.br\/blog\/noticias-de-concursos-whatsapp-estrategia-concursos\/\" target=\"_blank\" rel=\"noreferrer noopener\"><img loading=\"lazy\" decoding=\"async\" width=\"320\" height=\"180\" src=\"https:\/\/dhg1h5j42swfq.cloudfront.net\/2018\/03\/22113932\/whatsapptelegram-e1548177162795.png\" alt=\"\" class=\"wp-image-112824\"\/><\/a><\/figure><\/div>\n\n\n\n<p><a rel=\"noreferrer noopener\" href=\"https:\/\/www.estrategiaconcursos.com.br\/blog\/noticias-de-concursos-whatsapp-estrategia-concursos\/\" target=\"_blank\">Not\u00edcias de concursos no seu WhatsApp e\/ou Telegram<\/a><\/p>\n","protected":false},"excerpt":{"rendered":"<p>As inscri\u00e7\u00f5es do concurso do Minist\u00e9rio P\u00fablico de S\u00e3o Paulo est\u00e3o abertas com oferta de 28 vagas para o cargo de auxiliar de Promotoria I. Importante lembrar que o processo deve ser feito atrav\u00e9s do site da banca organizadora do certame, Vunesp, at\u00e9 a data do dia 22 de maio de 2019. O valor da [&hellip;]<\/p>\n","protected":false},"author":1,"featured_media":146144,"comment_status":"open","ping_status":"closed","sticky":false,"template":"","format":"standard","meta":{"post_tipo":"news","footnotes":""},"categories":[1],"tags":[],"tax_estado":[],"class_list":["post-177818","post","type-post","status-publish","format-standard","has-post-thumbnail","hentry","category-cursos-e-concursos"],"acf":[],"yoast_head":"<!-- This site is optimized with the Yoast SEO Premium plugin v27.2 (Yoast SEO v27.2) - https:\/\/yoast.com\/product\/yoast-seo-premium-wordpress\/ -->\n<title>Edital MP SP est\u00e1 com inscri\u00e7\u00f5es abertas ofertando 28 vagas<\/title>\n<meta name=\"description\" content=\"Edital MP SP: inscri\u00e7\u00f5es do certame com 28 vagas para Auxiliar de Promotoria I est\u00e3o abertas no site da banca. Confira tudo sobre este concurso!\" \/>\n<meta name=\"robots\" content=\"index, follow, max-snippet:-1, max-image-preview:large, max-video-preview:-1\" \/>\n<link rel=\"canonical\" href=\"https:\/\/www.estrategiaconcursos.com.br\/blog\/edital-mp-sp-traz-28-vagas-para-auxiliar-de-promotoria-i\/\" \/>\n<meta property=\"og:locale\" content=\"pt_BR\" \/>\n<meta property=\"og:type\" content=\"article\" \/>\n<meta property=\"og:title\" content=\"Edital MP SP est\u00e1 com inscri\u00e7\u00f5es abertas ofertando 28 vagas\" \/>\n<meta property=\"og:description\" content=\"Edital MP SP: inscri\u00e7\u00f5es do certame com 28 vagas para Auxiliar de Promotoria I est\u00e3o abertas no site da banca. Confira tudo sobre este concurso!\" \/>\n<meta property=\"og:url\" content=\"https:\/\/www.estrategiaconcursos.com.br\/blog\/edital-mp-sp-traz-28-vagas-para-auxiliar-de-promotoria-i\/\" \/>\n<meta property=\"og:site_name\" content=\"Estrat\u00e9gia Concursos\" \/>\n<meta property=\"article:author\" content=\"https:\/\/www.facebook.com\/EstrategiaConcursos\" \/>\n<meta property=\"article:published_time\" content=\"2019-04-17T04:00:41+00:00\" \/>\n<meta property=\"article:modified_time\" content=\"2019-06-19T13:41:04+00:00\" \/>\n<meta property=\"og:image\" content=\"https:\/\/dhg1h5j42swfq.cloudfront.net\/2018\/10\/08173718\/saiu-edital.jpg\" \/>\n\t<meta property=\"og:image:width\" content=\"400\" \/>\n\t<meta property=\"og:image:height\" content=\"209\" \/>\n\t<meta property=\"og:image:type\" content=\"image\/jpeg\" \/>\n<meta name=\"author\" content=\"Coordena\u00e7\u00e3o\" \/>\n<meta name=\"twitter:card\" content=\"summary_large_image\" \/>\n<meta name=\"twitter:creator\" content=\"@EstratConcursos\" \/>\n<meta name=\"twitter:site\" content=\"@EstratConcursos\" \/>\n<meta name=\"twitter:label1\" content=\"Escrito por\" \/>\n\t<meta name=\"twitter:data1\" content=\"Coordena\u00e7\u00e3o\" \/>\n\t<meta name=\"twitter:label2\" content=\"Est. tempo de leitura\" \/>\n\t<meta name=\"twitter:data2\" content=\"2 minutos\" \/>\n<script type=\"application\/ld+json\" class=\"yoast-schema-graph\">{\"@context\":\"https:\/\/schema.org\",\"@graph\":[{\"@type\":\"NewsArticle\",\"@id\":\"https:\/\/www.estrategiaconcursos.com.br\/blog\/edital-mp-sp-traz-28-vagas-para-auxiliar-de-promotoria-i\/#article\",\"isPartOf\":{\"@id\":\"https:\/\/www.estrategiaconcursos.com.br\/blog\/edital-mp-sp-traz-28-vagas-para-auxiliar-de-promotoria-i\/\"},\"author\":{\"name\":\"Coordena\u00e7\u00e3o\",\"@id\":\"https:\/\/www.estrategiaconcursos.com.br\/blog\/#\/schema\/person\/b4a388c97673c5f483d72185668afa1f\"},\"headline\":\"Edital MP SP est\u00e1 com inscri\u00e7\u00f5es abertas ofertando 28 vagas\",\"datePublished\":\"2019-04-17T04:00:41+00:00\",\"dateModified\":\"2019-06-19T13:41:04+00:00\",\"mainEntityOfPage\":{\"@id\":\"https:\/\/www.estrategiaconcursos.com.br\/blog\/edital-mp-sp-traz-28-vagas-para-auxiliar-de-promotoria-i\/\"},\"wordCount\":434,\"commentCount\":0,\"publisher\":{\"@id\":\"https:\/\/www.estrategiaconcursos.com.br\/blog\/#organization\"},\"image\":{\"@id\":\"https:\/\/www.estrategiaconcursos.com.br\/blog\/edital-mp-sp-traz-28-vagas-para-auxiliar-de-promotoria-i\/#primaryimage\"},\"thumbnailUrl\":\"https:\/\/dhg1h5j42swfq.cloudfront.net\/2018\/10\/08173718\/saiu-edital.jpg\",\"articleSection\":[\"Concursos P\u00fablicos\"],\"inLanguage\":\"pt-BR\",\"potentialAction\":[{\"@type\":\"CommentAction\",\"name\":\"Comment\",\"target\":[\"https:\/\/www.estrategiaconcursos.com.br\/blog\/edital-mp-sp-traz-28-vagas-para-auxiliar-de-promotoria-i\/#respond\"]}],\"copyrightYear\":\"2019\",\"copyrightHolder\":{\"@id\":\"https:\/\/www.estrategiaconcursos.com.br\/blog\/#organization\"}},{\"@type\":\"WebPage\",\"@id\":\"https:\/\/www.estrategiaconcursos.com.br\/blog\/edital-mp-sp-traz-28-vagas-para-auxiliar-de-promotoria-i\/\",\"url\":\"https:\/\/www.estrategiaconcursos.com.br\/blog\/edital-mp-sp-traz-28-vagas-para-auxiliar-de-promotoria-i\/\",\"name\":\"Edital MP SP est\u00e1 com inscri\u00e7\u00f5es abertas ofertando 28 vagas\",\"isPartOf\":{\"@id\":\"https:\/\/www.estrategiaconcursos.com.br\/blog\/#website\"},\"primaryImageOfPage\":{\"@id\":\"https:\/\/www.estrategiaconcursos.com.br\/blog\/edital-mp-sp-traz-28-vagas-para-auxiliar-de-promotoria-i\/#primaryimage\"},\"image\":{\"@id\":\"https:\/\/www.estrategiaconcursos.com.br\/blog\/edital-mp-sp-traz-28-vagas-para-auxiliar-de-promotoria-i\/#primaryimage\"},\"thumbnailUrl\":\"https:\/\/dhg1h5j42swfq.cloudfront.net\/2018\/10\/08173718\/saiu-edital.jpg\",\"datePublished\":\"2019-04-17T04:00:41+00:00\",\"dateModified\":\"2019-06-19T13:41:04+00:00\",\"description\":\"Edital MP SP: inscri\u00e7\u00f5es do certame com 28 vagas para Auxiliar de Promotoria I est\u00e3o abertas no site da banca. Confira tudo sobre este concurso!\",\"breadcrumb\":{\"@id\":\"https:\/\/www.estrategiaconcursos.com.br\/blog\/edital-mp-sp-traz-28-vagas-para-auxiliar-de-promotoria-i\/#breadcrumb\"},\"inLanguage\":\"pt-BR\",\"potentialAction\":[{\"@type\":\"ReadAction\",\"target\":[\"https:\/\/www.estrategiaconcursos.com.br\/blog\/edital-mp-sp-traz-28-vagas-para-auxiliar-de-promotoria-i\/\"]}]},{\"@type\":\"ImageObject\",\"inLanguage\":\"pt-BR\",\"@id\":\"https:\/\/www.estrategiaconcursos.com.br\/blog\/edital-mp-sp-traz-28-vagas-para-auxiliar-de-promotoria-i\/#primaryimage\",\"url\":\"https:\/\/dhg1h5j42swfq.cloudfront.net\/2018\/10\/08173718\/saiu-edital.jpg\",\"contentUrl\":\"https:\/\/dhg1h5j42swfq.cloudfront.net\/2018\/10\/08173718\/saiu-edital.jpg\",\"width\":400,\"height\":209,\"caption\":\"CONCURSO CRESS DF\"},{\"@type\":\"BreadcrumbList\",\"@id\":\"https:\/\/www.estrategiaconcursos.com.br\/blog\/edital-mp-sp-traz-28-vagas-para-auxiliar-de-promotoria-i\/#breadcrumb\",\"itemListElement\":[{\"@type\":\"ListItem\",\"position\":1,\"name\":\"In\u00edcio\",\"item\":\"https:\/\/www.estrategiaconcursos.com.br\/blog\/\"},{\"@type\":\"ListItem\",\"position\":2,\"name\":\"Edital MP SP est\u00e1 com inscri\u00e7\u00f5es abertas ofertando 28 vagas\"}]},{\"@type\":\"WebSite\",\"@id\":\"https:\/\/www.estrategiaconcursos.com.br\/blog\/#website\",\"url\":\"https:\/\/www.estrategiaconcursos.com.br\/blog\/\",\"name\":\"Estrat\u00e9gia Concursos\",\"description\":\"O blog da Estrat\u00e9gia Concursos traz not\u00edcias sobre concursos e artigos de professores oferecendo cursos para concursos (pdf + videaulas) no site.\",\"publisher\":{\"@id\":\"https:\/\/www.estrategiaconcursos.com.br\/blog\/#organization\"},\"potentialAction\":[{\"@type\":\"SearchAction\",\"target\":{\"@type\":\"EntryPoint\",\"urlTemplate\":\"https:\/\/www.estrategiaconcursos.com.br\/blog\/?s={search_term_string}\"},\"query-input\":{\"@type\":\"PropertyValueSpecification\",\"valueRequired\":true,\"valueName\":\"search_term_string\"}}],\"inLanguage\":\"pt-BR\"},{\"@type\":\"Organization\",\"@id\":\"https:\/\/www.estrategiaconcursos.com.br\/blog\/#organization\",\"name\":\"Estrat\u00e9gia Concursos\",\"url\":\"https:\/\/www.estrategiaconcursos.com.br\/blog\/\",\"logo\":{\"@type\":\"ImageObject\",\"inLanguage\":\"pt-BR\",\"@id\":\"https:\/\/www.estrategiaconcursos.com.br\/blog\/#\/schema\/logo\/image\/\",\"url\":\"https:\/\/dhg1h5j42swfq.cloudfront.net\/2025\/06\/03203428\/logo_concursos-1.jpg\",\"contentUrl\":\"https:\/\/dhg1h5j42swfq.cloudfront.net\/2025\/06\/03203428\/logo_concursos-1.jpg\",\"width\":230,\"height\":60,\"caption\":\"Estrat\u00e9gia Concursos\"},\"image\":{\"@id\":\"https:\/\/www.estrategiaconcursos.com.br\/blog\/#\/schema\/logo\/image\/\"},\"sameAs\":[\"https:\/\/x.com\/EstratConcursos\"]},{\"@type\":\"Person\",\"@id\":\"https:\/\/www.estrategiaconcursos.com.br\/blog\/#\/schema\/person\/b4a388c97673c5f483d72185668afa1f\",\"name\":\"Coordena\u00e7\u00e3o\",\"image\":{\"@type\":\"ImageObject\",\"inLanguage\":\"pt-BR\",\"@id\":\"https:\/\/secure.gravatar.com\/avatar\/b720319e4c9a967eb58678d110f4fe35452fc5d5f97b202bac7b8acceb18c6ad?s=96&d=mm&r=g\",\"url\":\"https:\/\/secure.gravatar.com\/avatar\/b720319e4c9a967eb58678d110f4fe35452fc5d5f97b202bac7b8acceb18c6ad?s=96&d=mm&r=g\",\"contentUrl\":\"https:\/\/secure.gravatar.com\/avatar\/b720319e4c9a967eb58678d110f4fe35452fc5d5f97b202bac7b8acceb18c6ad?s=96&d=mm&r=g\",\"caption\":\"Coordena\u00e7\u00e3o\"},\"sameAs\":[\"https:\/\/www.facebook.com\/EstrategiaConcursos\",\"https:\/\/x.com\/EstratConcursos\"],\"url\":\"https:\/\/www.estrategiaconcursos.com.br\/blog\/author\/estrategia2013\/\"}]}<\/script>\n<!-- \/ Yoast SEO Premium plugin. -->","yoast_head_json":{"title":"Edital MP SP est\u00e1 com inscri\u00e7\u00f5es abertas ofertando 28 vagas","description":"Edital MP SP: inscri\u00e7\u00f5es do certame com 28 vagas para Auxiliar de Promotoria I est\u00e3o abertas no site da banca. Confira tudo sobre este concurso!","robots":{"index":"index","follow":"follow","max-snippet":"max-snippet:-1","max-image-preview":"max-image-preview:large","max-video-preview":"max-video-preview:-1"},"canonical":"https:\/\/www.estrategiaconcursos.com.br\/blog\/edital-mp-sp-traz-28-vagas-para-auxiliar-de-promotoria-i\/","og_locale":"pt_BR","og_type":"article","og_title":"Edital MP SP est\u00e1 com inscri\u00e7\u00f5es abertas ofertando 28 vagas","og_description":"Edital MP SP: inscri\u00e7\u00f5es do certame com 28 vagas para Auxiliar de Promotoria I est\u00e3o abertas no site da banca. Confira tudo sobre este concurso!","og_url":"https:\/\/www.estrategiaconcursos.com.br\/blog\/edital-mp-sp-traz-28-vagas-para-auxiliar-de-promotoria-i\/","og_site_name":"Estrat\u00e9gia Concursos","article_author":"https:\/\/www.facebook.com\/EstrategiaConcursos","article_published_time":"2019-04-17T04:00:41+00:00","article_modified_time":"2019-06-19T13:41:04+00:00","og_image":[{"width":400,"height":209,"url":"https:\/\/dhg1h5j42swfq.cloudfront.net\/2018\/10\/08173718\/saiu-edital.jpg","type":"image\/jpeg"}],"author":"Coordena\u00e7\u00e3o","twitter_card":"summary_large_image","twitter_creator":"@EstratConcursos","twitter_site":"@EstratConcursos","twitter_misc":{"Escrito por":"Coordena\u00e7\u00e3o","Est. tempo de leitura":"2 minutos"},"schema":{"@context":"https:\/\/schema.org","@graph":[{"@type":"NewsArticle","@id":"https:\/\/www.estrategiaconcursos.com.br\/blog\/edital-mp-sp-traz-28-vagas-para-auxiliar-de-promotoria-i\/#article","isPartOf":{"@id":"https:\/\/www.estrategiaconcursos.com.br\/blog\/edital-mp-sp-traz-28-vagas-para-auxiliar-de-promotoria-i\/"},"author":{"name":"Coordena\u00e7\u00e3o","@id":"https:\/\/www.estrategiaconcursos.com.br\/blog\/#\/schema\/person\/b4a388c97673c5f483d72185668afa1f"},"headline":"Edital MP SP est\u00e1 com inscri\u00e7\u00f5es abertas ofertando 28 vagas","datePublished":"2019-04-17T04:00:41+00:00","dateModified":"2019-06-19T13:41:04+00:00","mainEntityOfPage":{"@id":"https:\/\/www.estrategiaconcursos.com.br\/blog\/edital-mp-sp-traz-28-vagas-para-auxiliar-de-promotoria-i\/"},"wordCount":434,"commentCount":0,"publisher":{"@id":"https:\/\/www.estrategiaconcursos.com.br\/blog\/#organization"},"image":{"@id":"https:\/\/www.estrategiaconcursos.com.br\/blog\/edital-mp-sp-traz-28-vagas-para-auxiliar-de-promotoria-i\/#primaryimage"},"thumbnailUrl":"https:\/\/dhg1h5j42swfq.cloudfront.net\/2018\/10\/08173718\/saiu-edital.jpg","articleSection":["Concursos P\u00fablicos"],"inLanguage":"pt-BR","potentialAction":[{"@type":"CommentAction","name":"Comment","target":["https:\/\/www.estrategiaconcursos.com.br\/blog\/edital-mp-sp-traz-28-vagas-para-auxiliar-de-promotoria-i\/#respond"]}],"copyrightYear":"2019","copyrightHolder":{"@id":"https:\/\/www.estrategiaconcursos.com.br\/blog\/#organization"}},{"@type":"WebPage","@id":"https:\/\/www.estrategiaconcursos.com.br\/blog\/edital-mp-sp-traz-28-vagas-para-auxiliar-de-promotoria-i\/","url":"https:\/\/www.estrategiaconcursos.com.br\/blog\/edital-mp-sp-traz-28-vagas-para-auxiliar-de-promotoria-i\/","name":"Edital MP SP est\u00e1 com inscri\u00e7\u00f5es abertas ofertando 28 vagas","isPartOf":{"@id":"https:\/\/www.estrategiaconcursos.com.br\/blog\/#website"},"primaryImageOfPage":{"@id":"https:\/\/www.estrategiaconcursos.com.br\/blog\/edital-mp-sp-traz-28-vagas-para-auxiliar-de-promotoria-i\/#primaryimage"},"image":{"@id":"https:\/\/www.estrategiaconcursos.com.br\/blog\/edital-mp-sp-traz-28-vagas-para-auxiliar-de-promotoria-i\/#primaryimage"},"thumbnailUrl":"https:\/\/dhg1h5j42swfq.cloudfront.net\/2018\/10\/08173718\/saiu-edital.jpg","datePublished":"2019-04-17T04:00:41+00:00","dateModified":"2019-06-19T13:41:04+00:00","description":"Edital MP SP: inscri\u00e7\u00f5es do certame com 28 vagas para Auxiliar de Promotoria I est\u00e3o abertas no site da banca. Confira tudo sobre este concurso!","breadcrumb":{"@id":"https:\/\/www.estrategiaconcursos.com.br\/blog\/edital-mp-sp-traz-28-vagas-para-auxiliar-de-promotoria-i\/#breadcrumb"},"inLanguage":"pt-BR","potentialAction":[{"@type":"ReadAction","target":["https:\/\/www.estrategiaconcursos.com.br\/blog\/edital-mp-sp-traz-28-vagas-para-auxiliar-de-promotoria-i\/"]}]},{"@type":"ImageObject","inLanguage":"pt-BR","@id":"https:\/\/www.estrategiaconcursos.com.br\/blog\/edital-mp-sp-traz-28-vagas-para-auxiliar-de-promotoria-i\/#primaryimage","url":"https:\/\/dhg1h5j42swfq.cloudfront.net\/2018\/10\/08173718\/saiu-edital.jpg","contentUrl":"https:\/\/dhg1h5j42swfq.cloudfront.net\/2018\/10\/08173718\/saiu-edital.jpg","width":400,"height":209,"caption":"CONCURSO CRESS DF"},{"@type":"BreadcrumbList","@id":"https:\/\/www.estrategiaconcursos.com.br\/blog\/edital-mp-sp-traz-28-vagas-para-auxiliar-de-promotoria-i\/#breadcrumb","itemListElement":[{"@type":"ListItem","position":1,"name":"In\u00edcio","item":"https:\/\/www.estrategiaconcursos.com.br\/blog\/"},{"@type":"ListItem","position":2,"name":"Edital MP SP est\u00e1 com inscri\u00e7\u00f5es abertas ofertando 28 vagas"}]},{"@type":"WebSite","@id":"https:\/\/www.estrategiaconcursos.com.br\/blog\/#website","url":"https:\/\/www.estrategiaconcursos.com.br\/blog\/","name":"Estrat\u00e9gia Concursos","description":"O blog da Estrat\u00e9gia Concursos traz not\u00edcias sobre concursos e artigos de professores oferecendo cursos para concursos (pdf + videaulas) no site.","publisher":{"@id":"https:\/\/www.estrategiaconcursos.com.br\/blog\/#organization"},"potentialAction":[{"@type":"SearchAction","target":{"@type":"EntryPoint","urlTemplate":"https:\/\/www.estrategiaconcursos.com.br\/blog\/?s={search_term_string}"},"query-input":{"@type":"PropertyValueSpecification","valueRequired":true,"valueName":"search_term_string"}}],"inLanguage":"pt-BR"},{"@type":"Organization","@id":"https:\/\/www.estrategiaconcursos.com.br\/blog\/#organization","name":"Estrat\u00e9gia Concursos","url":"https:\/\/www.estrategiaconcursos.com.br\/blog\/","logo":{"@type":"ImageObject","inLanguage":"pt-BR","@id":"https:\/\/www.estrategiaconcursos.com.br\/blog\/#\/schema\/logo\/image\/","url":"https:\/\/dhg1h5j42swfq.cloudfront.net\/2025\/06\/03203428\/logo_concursos-1.jpg","contentUrl":"https:\/\/dhg1h5j42swfq.cloudfront.net\/2025\/06\/03203428\/logo_concursos-1.jpg","width":230,"height":60,"caption":"Estrat\u00e9gia Concursos"},"image":{"@id":"https:\/\/www.estrategiaconcursos.com.br\/blog\/#\/schema\/logo\/image\/"},"sameAs":["https:\/\/x.com\/EstratConcursos"]},{"@type":"Person","@id":"https:\/\/www.estrategiaconcursos.com.br\/blog\/#\/schema\/person\/b4a388c97673c5f483d72185668afa1f","name":"Coordena\u00e7\u00e3o","image":{"@type":"ImageObject","inLanguage":"pt-BR","@id":"https:\/\/secure.gravatar.com\/avatar\/b720319e4c9a967eb58678d110f4fe35452fc5d5f97b202bac7b8acceb18c6ad?s=96&d=mm&r=g","url":"https:\/\/secure.gravatar.com\/avatar\/b720319e4c9a967eb58678d110f4fe35452fc5d5f97b202bac7b8acceb18c6ad?s=96&d=mm&r=g","contentUrl":"https:\/\/secure.gravatar.com\/avatar\/b720319e4c9a967eb58678d110f4fe35452fc5d5f97b202bac7b8acceb18c6ad?s=96&d=mm&r=g","caption":"Coordena\u00e7\u00e3o"},"sameAs":["https:\/\/www.facebook.com\/EstrategiaConcursos","https:\/\/x.com\/EstratConcursos"],"url":"https:\/\/www.estrategiaconcursos.com.br\/blog\/author\/estrategia2013\/"}]}},"_links":{"self":[{"href":"https:\/\/www.estrategiaconcursos.com.br\/blog\/wp-json\/wp\/v2\/posts\/177818","targetHints":{"allow":["GET"]}}],"collection":[{"href":"https:\/\/www.estrategiaconcursos.com.br\/blog\/wp-json\/wp\/v2\/posts"}],"about":[{"href":"https:\/\/www.estrategiaconcursos.com.br\/blog\/wp-json\/wp\/v2\/types\/post"}],"author":[{"embeddable":true,"href":"https:\/\/www.estrategiaconcursos.com.br\/blog\/wp-json\/wp\/v2\/users\/1"}],"replies":[{"embeddable":true,"href":"https:\/\/www.estrategiaconcursos.com.br\/blog\/wp-json\/wp\/v2\/comments?post=177818"}],"version-history":[{"count":3,"href":"https:\/\/www.estrategiaconcursos.com.br\/blog\/wp-json\/wp\/v2\/posts\/177818\/revisions"}],"predecessor-version":[{"id":295646,"href":"https:\/\/www.estrategiaconcursos.com.br\/blog\/wp-json\/wp\/v2\/posts\/177818\/revisions\/295646"}],"wp:featuredmedia":[{"embeddable":true,"href":"https:\/\/www.estrategiaconcursos.com.br\/blog\/wp-json\/wp\/v2\/media\/146144"}],"wp:attachment":[{"href":"https:\/\/www.estrategiaconcursos.com.br\/blog\/wp-json\/wp\/v2\/media?parent=177818"}],"wp:term":[{"taxonomy":"category","embeddable":true,"href":"https:\/\/www.estrategiaconcursos.com.br\/blog\/wp-json\/wp\/v2\/categories?post=177818"},{"taxonomy":"post_tag","embeddable":true,"href":"https:\/\/www.estrategiaconcursos.com.br\/blog\/wp-json\/wp\/v2\/tags?post=177818"},{"taxonomy":"tax_estado","embeddable":true,"href":"https:\/\/www.estrategiaconcursos.com.br\/blog\/wp-json\/wp\/v2\/tax_estado?post=177818"}],"curies":[{"name":"wp","href":"https:\/\/api.w.org\/{rel}","templated":true}]}}