{"id":177736,"date":"2021-03-09T01:00:00","date_gmt":"2021-03-09T04:00:00","guid":{"rendered":"https:\/\/www.estrategiaconcursos.com.br\/blog\/?p=177736"},"modified":"2022-03-09T09:10:51","modified_gmt":"2022-03-09T12:10:51","slug":"edital-ifsp","status":"publish","type":"post","link":"https:\/\/www.estrategiaconcursos.com.br\/blog\/edital-ifsp\/","title":{"rendered":"Edital IFSP: ganhe at\u00e9 R$ 4,1 mil"},"content":{"rendered":"\n<p>O\u00a0<a href=\"https:\/\/www.estrategiaconcursos.com.br\/cursos\/concurso\/\" target=\"_blank\" rel=\"noreferrer noopener\">Instituto Federal de Educa\u00e7\u00e3o, Ci\u00eancia e Tecnologia de S\u00e3o Paulo<\/a> est\u00e1 com dois editais publicados. <\/p>\n\n\n\n<p>O primeiro edital IFSP a ser lan\u00e7ado (14 de fevereiro de 2022) foi para o cargo de <strong>Professor <\/strong>de Magist\u00e9rio de Ensino B\u00e1sico, T\u00e9cnico e Tecnol\u00f3gico com <strong>04 vagas<\/strong>. <\/p>\n\n\n\n<p>Inscri\u00e7\u00f5es encerradas -16 de fevereiro a 08 de mar\u00e7o de 2022. O valor da taxa de participa\u00e7\u00e3o foi de R$ 190,00.<\/p>\n\n\n\n<p>O segundo edital IFSP foi publicado no dia 22 de fevereiro de 2022. S\u00e3o\u00a0<strong>32 vagas<\/strong>\u00a0para T\u00e9cnico-Administrativo -cargos de n\u00edveis m\u00e9dio, t\u00e9cnico e superior. As remunera\u00e7\u00f5es variam entre R$ 1.945,06 e\u00a0<strong>R$ 4.180,66<\/strong>.<\/p>\n\n\n\n<p>O per\u00edodo de inscri\u00e7\u00e3o ser\u00e1 entre os dias 10 e 30 de mar\u00e7o de 2022. A taxa de participa\u00e7\u00e3o ser\u00e1 de:<\/p>\n\n\n\n<ul class=\"wp-block-list\"><li>Cargos de N\u00edvel C \u2013 R$90,00.<\/li><li>Cargos de N\u00edvel D \u2013 R$110,00.<\/li><li>Cargos de N\u00edvel E \u2013 R$130,00.<\/li><\/ul>\n\n\n\n<p>As inscri\u00e7\u00f5es devem ser feitas pelo: concursopublico.ifsp.edu.br.<\/p>\n\n\n\n<ul class=\"has-black-color has-pale-cyan-blue-background-color has-text-color has-background wp-block-list\"><li><strong>Concurso IFSP<\/strong><\/li><li><strong>Banca:<\/strong>&nbsp;comiss\u00e3o pr\u00f3pria<\/li><li><strong>Vagas:<\/strong>&nbsp;36<\/li><li><strong>Sal\u00e1rios iniciais:<\/strong>&nbsp;R$ 4.472,64<\/li><li><strong>Edital:<\/strong>&nbsp;<a href=\"https:\/\/dhg1h5j42swfq.cloudfront.net\/2022\/02\/14093952\/edital-ifsp-51-2022.pdf\" target=\"_blank\" rel=\"noreferrer noopener\">concurso IFSP<\/a> (Professor) e <a href=\"https:\/\/dhg1h5j42swfq.cloudfront.net\/2022\/02\/22082957\/concurso-ifsp.pdf\" target=\"_blank\" rel=\"noreferrer noopener\">edital IFSP<\/a> (T\u00e9cnico-Administrativo)<\/li><\/ul>\n\n\n\n<p>O novo certame o cargo de Professor de Magist\u00e9rio de Ensino B\u00e1sico, T\u00e9cnico e Tecnol\u00f3gico tem remunera\u00e7\u00e3o de R$ 4.472,64. Mas pode chegar a R<strong>$ 9.616,18<\/strong>, dependendo da titula\u00e7\u00e3o do candidato nomeado.<\/p>\n\n\n\n<p>As demais vagas variam entre R$ 1.945,06 e $ 4.180,66. <\/p>\n\n\n\n<p>Confira as informa\u00e7\u00f5es completas do concurso IFSP no \u00edndice abaixo:<\/p>\n\n\n\n<ul class=\"wp-block-list\" id=\"INDICE\"><li><a href=\"#remuneracao\">Edital IFSP: Remunera\u00e7\u00f5es e benef\u00edcios <\/a><\/li><li><a href=\"#lotacao\">Edital IFSP: Lota\u00e7\u00e3o e vagas<\/a><\/li><li><a href=\"#formacao\">Edital IFSP: Requisitos<\/a><\/li><li><a href=\"#provas\">Edital IFSP: Provas<\/a><ul><li><a href=\"#objetiva\">Prova Objetiva <\/a><\/li><li><a href=\"#desempenho\">Prova de Desempenho Did\u00e1tico <\/a><\/li><li><a href=\"#titulos\">Prova de T\u00edtulos <\/a><\/li><\/ul><\/li><\/ul>\n\n\n\n<h2 class=\"wp-block-heading\" id=\"remuneracao\">Edital IFSP: Remunera\u00e7\u00f5es e benef\u00edcios <\/h2>\n\n\n\n<h3 class=\"wp-block-heading\" id=\"professor\">Professor <\/h3>\n\n\n\n<p>Confira as remunera\u00e7\u00f5es para cada \u00e1rea prevista no edital IFSP:<\/p>\n\n\n\n<ul class=\"wp-block-list\"><li>Direito &#8211; R$ 4.472,64<\/li><li>Filosofia &#8211; R$ 4.472,64<\/li><li>Gest\u00e3o &#8211; R$ 4.472,64<\/li><\/ul>\n\n\n\n<p>Retribui\u00e7\u00e3o por titula\u00e7\u00e3o:<\/p>\n\n\n\n<ul class=\"wp-block-list\"><li>Aperfei\u00e7oamento &#8211; R$ 447,26<\/li><li>Especializa\u00e7\u00e3o &#8211; R$ 894,53<\/li><li>Mestrado &#8211; R$ 2.236,32<\/li><li>Doutorado &#8211; R$ 5.143,54<\/li><\/ul>\n\n\n\n<h3 class=\"wp-block-heading\" id=\"tecnico-administrativo\">T\u00e9cnico-Administrativo<\/h3>\n\n\n\n<ul class=\"wp-block-list\"><li>Assistente de alunos &#8211; R$ 1.945,06<\/li><li>Assistente em Administra\u00e7\u00e3o &#8211; R$ 2.446,96<\/li><li>T\u00e9cnico de Laborat\u00f3rio\/ \u00c1rea &#8211; Automa\u00e7\u00e3o Industrial &#8211; R$ 2.446,96<\/li><li>T\u00e9cnico de Laborat\u00f3rio\/ \u00c1rea &#8211; Eletr\u00f4nica &#8211; R$ 2.446,96<\/li><li>T\u00e9cnico de Laborat\u00f3rio\/ \u00c1rea &#8211; Mec\u00e2nica &#8211; R$ 2.446,96<\/li><li>T\u00e9cnico de Laborat\u00f3rio\/ \u00c1rea &#8211; Produ\u00e7\u00e3o de \u00c1udio e V\u00eddeo &#8211; R$ 2.446,96<\/li><li>T\u00e9cnico em Tecnologia da Informa\u00e7\u00e3o &#8211; R$ 2.446,96<\/li><li>Tecn\u00f3logo em Gest\u00e3o &#8211; R$ 4.180,66<\/li><li>T\u00e9cnico em Assuntos Educacionais &#8211; R$ 4.180,66<\/li><li>Pedagogo &#8211; R$ 4.180,66<\/li><li>Bibliotec\u00e1rio Documentalista &#8211; R$ 4.180,66<\/li><li>Assistente Social &#8211; R$ 4.180,66<\/li><li>Analista de Tecnologia da Informa\u00e7\u00e3o &#8211; Desenvolvimento de Sistemas &#8211; R$ 4.180,66<\/li><li>Analista de Tecnologia da Informa\u00e7\u00e3o &#8211; Ci\u00eancia de Dados &#8211; R$ 4.180,66<\/li><li>Administrador &#8211; R$ 4.180,66<\/li><\/ul>\n\n\n\n<p>Os aprovados para o cargos de professor e t\u00e9cnico-administrativo poder\u00e3o ter os seguintes <strong>benef\u00edcios<\/strong>: <\/p>\n\n\n\n<ul class=\"wp-block-list\"><li>Aux\u00edlio Alimenta\u00e7\u00e3o, <\/li><li>Aux\u00edlio Transporte, <\/li><li>Aux\u00edlio Pr\u00e9-escolar, <\/li><li>Aux\u00edlio para Sa\u00fade Suplementar e outros de acordo com a legisla\u00e7\u00e3o em vigor.<\/li><\/ul>\n\n\n\n<h2 class=\"wp-block-heading\" id=\"lotacao\">Edital IFSP: Lota\u00e7\u00e3o e vagas<\/h2>\n\n\n\n<h3 class=\"wp-block-heading\" id=\"professor-1\">Professor <\/h3>\n\n\n\n<p><strong>Campus de S\u00e3o Roque:<\/strong>&nbsp;\u00c1rea do Direito (1) \u2013 Exige diploma de conclus\u00e3o de curso superior em Direito;<\/p>\n\n\n\n<p><strong>Campus de Barretos:<\/strong>&nbsp;Filosofia (1) \u2013 Exige forma\u00e7\u00e3o superior de licenciatura em filosofia;<\/p>\n\n\n\n<p><strong>Campis de Boituva e Registro:<\/strong>&nbsp;Gest\u00e3o (2) \u2013 Exige curso superior em administra\u00e7\u00e3o ou em ci\u00eancias econ\u00f4micas ou em ci\u00eancias cont\u00e1beis ou gradua\u00e7\u00e3o em curso superior em tecnologia no eixo de gest\u00e3o e neg\u00f3cio.<\/p>\n\n\n\n<h3 class=\"wp-block-heading\" id=\"tecnico-administrativo-1\">T\u00e9cnico-Administrativo <\/h3>\n\n\n\n<ul class=\"wp-block-list\"><li><strong>Assistente de alunos<\/strong>&nbsp;&#8211; (04) &#8211; lota\u00e7\u00e3o nos Campus Barretos, Capivari, Guarulhos e Ilha Solteira.<\/li><li><strong>Assistente em Administra\u00e7\u00e3o<\/strong>&nbsp;&#8211; (04) &#8211; lota\u00e7\u00e3o nos Campus Bragan\u00e7a Paulista; Salto; S\u00e3o Jos\u00e9 dos Campos e Suzano.<\/li><li><strong>T\u00e9cnico de Laborat\u00f3rio\/ \u00c1rea &#8211; Automa\u00e7\u00e3o Industrial<\/strong>&nbsp;\u2013 (01) &#8211; lota\u00e7\u00e3o no Campus Sorocaba.<\/li><li><strong>T\u00e9cnico de Laborat\u00f3rio\/ \u00c1rea &#8211; Eletr\u00f4nica<\/strong>&nbsp;\u2013 (01) &#8211; lota\u00e7\u00e3o no Campus Sorocaba<\/li><li><strong>T\u00e9cnico de Laborat\u00f3rio\/ \u00c1rea &#8211; Mec\u00e2nica<\/strong>&nbsp;\u2013 (03) &#8211; lota\u00e7\u00e3o nos Campus Itaquaquecetuba, Registro e Sorocaba. <\/li><li><strong>T\u00e9cnico de Laborat\u00f3rio\/ \u00c1rea &#8211; Produ\u00e7\u00e3o de \u00c1udio e V\u00eddeo<\/strong>&nbsp;\u2013 (01) &#8211; lota\u00e7\u00e3o no Campus S\u00e3o Jos\u00e9 do Rio Preto.<\/li><li><strong>T\u00e9cnico em Tecnologia da Informa\u00e7\u00e3o<\/strong>&nbsp;&#8211; (04) &#8211; lota\u00e7\u00e3o nos Campus Itaquaquecetuba, Suzano e S\u00e3o Paulo.<\/li><li><strong>Administrador<\/strong>&nbsp;&#8211; (01) &#8211; lota\u00e7\u00e3o no Campus S\u00e3o Paulo. <\/li><li><strong>Analista de Tecnologia da Informa\u00e7\u00e3o \u2013 Ci\u00eancia de Dados&nbsp;<\/strong>\u2013 (01) &#8211; lota\u00e7\u00e3o no Campus Reitoria. <\/li><li><strong>Analista de Tecnologia da Informa\u00e7\u00e3o \u2013 Desenvolvimento de Sistemas&nbsp;<\/strong>\u2013 (01) &#8211; lota\u00e7\u00e3o no Campus Reitoria. <\/li><li><strong>Assistente Social&nbsp;<\/strong>\u2013 (01) &#8211; lota\u00e7\u00e3o no Campus Votuporanga.<\/li><li><strong>Bibliotec\u00e1rio Documentalista&nbsp;<\/strong>\u2013 (01) &#8211; lota\u00e7\u00e3o no Campus Catanduva. <\/li><li><strong>Pedagogo<\/strong>&nbsp;\u2013 (01) &#8211; lota\u00e7\u00e3o no Campus Avar\u00e9.<\/li><li><strong>T\u00e9cnico em Assuntos Educacionais&nbsp;<\/strong>\u2013 (05) &#8211; lota\u00e7\u00e3o nos Campus Barretos, Campos do Jord\u00e3o, Capivari, Jacare\u00ed e Presidente Epit\u00e1cio.<\/li><li><strong>Tecn\u00f3logo em Gest\u00e3o P\u00fablica<\/strong>&nbsp;\u2013 (03) &#8211; lota\u00e7\u00e3o nos Campus Campos do Jord\u00e3o, Reitoria e S\u00e3o Paulo.<\/li><\/ul>\n\n\n\n<h2 class=\"wp-block-heading\" id=\"formacao\">Edital IFSP: requisitos <\/h2>\n\n\n\n<p>De acordo com o edital IFSP \u00e9 necess\u00e1rio ter:<\/p>\n\n\n\n<ul class=\"wp-block-list\"><li><strong>Direito<\/strong> &#8211; Diploma, devidamente registrado, de conclus\u00e3o de curso superior em Direito, fornecido por institui\u00e7\u00e3o de ensino reconhecida pelo MEC<\/li><\/ul>\n\n\n\n<ul class=\"wp-block-list\"><li><strong>Filosofia<\/strong> &#8211;  Diploma, devidamente registrado, de conclus\u00e3o de curso superior de Licenciatura em Filosofia, fornecido por institui\u00e7\u00e3o de ensino reconhecida pelo MEC.<\/li><li><strong>Gest\u00e3o &#8211;<\/strong> Diploma, devidamente registrado, de conclus\u00e3o de curso superior em Administra\u00e7\u00e3o ou em Ci\u00eancias Econ\u00f4micas ou em Ci\u00eancias Cont\u00e1beis ou Gradua\u00e7\u00e3o em curso Superior em Tecnologia no eixo de Gest\u00e3o e Neg\u00f3cio do Cat\u00e1logo Nacional de Cursos Superiores de Tecnologia 2016, fornecido por institui\u00e7\u00e3o de ensino reconhecida pelo MEC.<\/li><li><strong>Assistente de alunos<\/strong>&nbsp;&#8211; Ensino m\u00e9dio completo.<\/li><li><strong>Assistente em Administra\u00e7\u00e3o<\/strong>&nbsp;&#8211; Ensino m\u00e9dio profissionalizante ou ensino m\u00e9dio completo.<\/li><li><strong>T\u00e9cnico de Laborat\u00f3rio\/ \u00c1rea &#8211; Automa\u00e7\u00e3o Industrial<\/strong>&nbsp;\u2013 Ensino M\u00e9dio Profissionalizante em T\u00e9cnico em Automa\u00e7\u00e3o Industrial ou Ensino M\u00e9dio Completo mais Curso t\u00e9cnico em Automa\u00e7\u00e3o Industrial.<\/li><li><strong>T\u00e9cnico de Laborat\u00f3rio\/ \u00c1rea &#8211; Eletr\u00f4nica<\/strong>&nbsp;\u2013 Ensino M\u00e9dio Profissionalizante em T\u00e9cnico em Eletr\u00f4nica ou Ensino M\u00e9dio Completo mais Curso t\u00e9cnico em Eletr\u00f4nica.<\/li><li><strong>T\u00e9cnico de Laborat\u00f3rio\/ \u00c1rea &#8211; Mec\u00e2nica<\/strong>&nbsp;\u2013 Ensino M\u00e9dio Profissionalizante em T\u00e9cnico em Mec\u00e2nica ou Ensino M\u00e9dio Completo mais Curso t\u00e9cnico em Mec\u00e2nica.<\/li><li><strong>T\u00e9cnico de Laborat\u00f3rio\/ \u00c1rea &#8211; Produ\u00e7\u00e3o de \u00c1udio e V\u00eddeo<\/strong>&nbsp;\u2013 Ensino M\u00e9dio Profissionalizante em T\u00e9cnico em Produ\u00e7\u00e3o de \u00c1udio e V\u00eddeo ou Ensino M\u00e9dio Completo mais Curso t\u00e9cnico em T\u00e9cnico em Produ\u00e7\u00e3o de \u00c1udio e V\u00eddeo. <\/li><li><strong>T\u00e9cnico em Tecnologia da Informa\u00e7\u00e3o<\/strong>&nbsp;&#8211; Ensino M\u00e9dio Profissionalizante em T\u00e9cnico em Inform\u00e1tica ou Ensino M\u00e9dio Completo mais Curso t\u00e9cnico em Inform\u00e1tica.<\/li><li><strong>Administrador<\/strong>&nbsp;&#8211; Diploma, devidamente registrado, de conclus\u00e3o de curso de gradua\u00e7\u00e3o em n\u00edvel superior em Administra\u00e7\u00e3o, fornecido por institui\u00e7\u00e3o de ensino superior reconhecida pelo MEC e registro no conselho competente.<\/li><li><strong>Analista de Tecnologia da Informa\u00e7\u00e3o \u2013 Ci\u00eancia de Dados&nbsp;<\/strong>\u2013 Diploma, devidamente registrado, de conclus\u00e3o de curso superior em Ci\u00eancia da Computa\u00e7\u00e3o ou Engenharia da Computa\u00e7\u00e3o ou Sistemas de Informa\u00e7\u00e3o ou An\u00e1lise e Desenvolvimento de Sistemas ou Ci\u00eancia de Dados ou Banco de Dados, fornecido por institui\u00e7\u00e3o de ensino reconhecida pelo MEC.<\/li><li><strong>Analista de Tecnologia da Informa\u00e7\u00e3o \u2013 Desenvolvimento de Sistemas&nbsp;<\/strong>\u2013 Diploma, devidamente registrado, de conclus\u00e3o de curso superior em Ci\u00eancia da Computa\u00e7\u00e3o ou Engenharia da Computa\u00e7\u00e3o ou Sistemas de Informa\u00e7\u00e3o ou An\u00e1lise e Desenvolvimento de Sistemas, fornecido por institui\u00e7\u00e3o de ensino reconhecida pelo MEC.<\/li><li><strong>Assistente Social&nbsp;<\/strong>\u2013 Diploma, devidamente registrado, de conclus\u00e3o de curso superior em Servi\u00e7o Social, fornecido por institui\u00e7\u00e3o de ensino reconhecida pelo MEC e registro no conselho competente.<\/li><li><strong>Bibliotec\u00e1rio Documentalista&nbsp;<\/strong>\u2013 Diploma, devidamente registrado, de conclus\u00e3o de curso de gradua\u00e7\u00e3o em n\u00edvel superior em Biblioteconomia ou Ci\u00eancias da Informa\u00e7\u00e3o, fornecido por institui\u00e7\u00e3o de ensino superior reconhecida pelo MEC e registro no conselho competente.<\/li><li><strong>Pedagogo<\/strong>&nbsp;\u2013 Diploma, devidamente registrado, de conclus\u00e3o de curso superior em Pedagogia, fornecido por institui\u00e7\u00e3o de ensino superior reconhecida pelo MEC.<\/li><li><strong>T\u00e9cnico em Assuntos Educacionais&nbsp;<\/strong>\u2013 Diploma, devidamente registrado, de conclus\u00e3o de curso Superior em Pedagogia ou Licenciaturas, fornecido por institui\u00e7\u00e3o reconhecida pelo MEC.<\/li><li><strong>Tecn\u00f3logo em Gest\u00e3o P\u00fablica<\/strong>&nbsp;\u2013 Diploma, devidamente registrado, de conclus\u00e3o de curso superior na \u00e1rea de Gest\u00e3o P\u00fablica ou superior na \u00e1rea de Recursos Humanos, fornecido por institui\u00e7\u00e3o reconhecida pelo MEC.<\/li><\/ul>\n\n\n\n<h2 class=\"wp-block-heading\" id=\"provas\">Edital IFSP: Provas<\/h2>\n\n\n\n<p>Os candidatos para o cargo de<strong> professo<\/strong>r ser\u00e3o avaliados por meio de<strong> provas objetiva <\/strong>de conhecimentos b\u00e1sicos e espec\u00edficos, valendo at\u00e9 100 pontos, de car\u00e1ter eliminat\u00f3rio e classificat\u00f3rio. <\/p>\n\n\n\n<p><strong>Prova de Desempenho Did\u00e1tico<\/strong>, valendo at\u00e9 100 pontos, de car\u00e1ter eliminat\u00f3rio e classificat\u00f3rio.<\/p>\n\n\n\n<p><strong>Prova de T\u00edtulos<\/strong>, valendo at\u00e9 100, de car\u00e1ter classificat\u00f3rio.<\/p>\n\n\n\n<p>J\u00e1 os candidatos que forem concorrer para o cargo <strong>t\u00e9cnico-administrativo<\/strong> ser\u00e3o avaliados por meio de prova objetiva de conhecimentos b\u00e1sicos e espec\u00edficos, valendo at\u00e9 75 pontos, de car\u00e1ter eliminat\u00f3rio e classificat\u00f3rio.<\/p>\n\n\n\n<h3 class=\"wp-block-heading\" id=\"prova-objetiva\">Prova Objetiva <\/h3>\n\n\n\n<p>Os candidatos a <strong>professor<\/strong> ser\u00e3o avaliados por meio de prova objetiva, de car\u00e1ter eliminat\u00f3ria e classificat\u00f3ria, a ser aplicada na data prov\u00e1vel do dia&nbsp;<strong>10 de abril de 2022<\/strong>.<\/p>\n\n\n\n<p>A Prova Objetiva versar\u00e1 sobre assuntos espec\u00edficos da \u00e1rea de atua\u00e7\u00e3o. A prova objetiva ser\u00e1 composta de 40 quest\u00f5es de m\u00faltipla escolha, com 4 alternativas cada uma (&#8220;a&#8221;, &#8220;b&#8221;, &#8220;c&#8221; e &#8220;d&#8221;), com uma \u00fanica op\u00e7\u00e3o correta.<\/p>\n\n\n\n<p>Para <strong>t\u00e9cnico-administrativo <\/strong>a prova objetiva ter\u00e1 dura\u00e7\u00e3o de 4 horas e ser\u00e1 aplicada na data prov\u00e1vel de <strong>15 de maio de 2022<\/strong>. <\/p>\n\n\n\n<p>As provas de n\u00edveis C e D ser\u00e3o realizadas no per\u00edodo matutino e as provas de n\u00edvel E ser\u00e3o realizadas no per\u00edodo vespertino.<br \/>A prova objetiva ser\u00e1 composta de quest\u00f5es de m\u00faltipla escolha, com 4 alternativas cada uma (&#8220;a&#8221;, &#8220;b&#8221;, &#8220;c&#8221; e &#8220;d&#8221;), com uma \u00fanica op\u00e7\u00e3o correta.<\/p>\n\n\n\n<h3 class=\"wp-block-heading\" id=\"desempenho\">Prova de Desempenho Did\u00e1tico &#8211; Professor<\/h3>\n\n\n\n<p>Na data prov\u00e1vel de <strong>04 de maio de 2022<\/strong>, ser\u00e3o divulgados, no s\u00edtio eletr\u00f4nico:<\/p>\n\n\n\n<ul class=\"wp-block-list\"><li>A rela\u00e7\u00e3o de candidatos convocados para a Prova de Desempenho Did\u00e1tico.<\/li><li>O nome do candidato, a data, hor\u00e1rio, munic\u00edpio, endere\u00e7o de realiza\u00e7\u00e3o e a lista dos membros da banca examinadora da Prova de Desempenho Did\u00e1tico.<\/li><li>O Tema, por \u00e1rea de atua\u00e7\u00e3o, para o desenvolvimento da Prova de Desempenho Did\u00e1tico, ser\u00e1 publicado no s\u00edtio eletr\u00f4nico do concurso na data de 25 de mar\u00e7o de 2022.<\/li><li>O n\u00famero de candidatos convocados para a 2\u00aa Fase obedecer\u00e1: 10 para candidatos da Ampla Concorr\u00eancia; 10 candidatos PCD; e 10 candidatos pretos, pardos e ind\u00edgenas. <\/li><\/ul>\n\n\n\n<h3 class=\"wp-block-heading\" id=\"titulos\">Prova de T\u00edtulos &#8211; Professor <\/h3>\n\n\n\n<p>Os t\u00edtulos dever\u00e3o ser entregues na data de realiza\u00e7\u00e3o da Prova de Desempenho Did\u00e1tico (2\u00aa Fase), em hor\u00e1rio e local espec\u00edfico a ser publicado no s\u00edtio eletr\u00f4nico.<\/p>\n\n\n\n<p>O resultado preliminar da Prova de T\u00edtulos ser\u00e1 divulgado no s\u00edtio eletr\u00f4nico na data prov\u00e1vel de<strong> 06 de junho de 2022 ap\u00f3s as 20h<\/strong>.<\/p>\n\n\n\n<p>O n\u00famero de candidatos convocados para a 2\u00aa Fase obedecer\u00e1: 10 para candidatos da Ampla Concorr\u00eancia; 10 candidatos PCD; e 10 candidatos pretos, pardos e ind\u00edgenas. <\/p>\n\n\n\n<p>Os documentos v\u00e1lidos para prova de t\u00edtulos s\u00e3o:<\/p>\n\n\n\n<ul class=\"wp-block-list\"><li>Para t\u00edtulos de p\u00f3s-gradua\u00e7\u00e3o (lato sensu), certificado de conclus\u00e3o do curso expedido por institui\u00e7\u00e3o credenciada pelo MEC e hist\u00f3rico escolar.<\/li><li>Para t\u00edtulos de p\u00f3s-gradua\u00e7\u00e3o (stricto sensu), diploma expedido por institui\u00e7\u00e3o credenciada pelo MEC ou certificado da institui\u00e7\u00e3o que comprove a conclus\u00e3o e hist\u00f3rico escolar.<\/li><\/ul>\n\n\n\n<h2 class=\"has-text-align-center wp-block-heading\" id=\"h-quer-saber-tudo-sobre-concursos-previstos-confira-nossos-artigos\">Quer saber tudo sobre concursos previstos?<br \/>Confira nossos artigos!<\/h2>\n\n\n\n<ul class=\"wp-block-list\"><li><a href=\"https:\/\/www.estrategiaconcursos.com.br\/blog\/concursos-abertos\/\" target=\"_blank\" rel=\"noreferrer noopener\">Concursos abertos<\/a><\/li><li><a href=\"https:\/\/www.estrategiaconcursos.com.br\/blog\/concursos-2022\/\" target=\"_blank\" rel=\"noreferrer noopener\">Concursos 2022<\/a><\/li><\/ul>\n\n\n\n<div class=\"container\" id=\"boxes\">\n  <div class=\"row\">\n\n    <div class=\"col-sm\">\n      <div class=\"estrategia\" id=\"box-assinatura\">\n        <h3 class=\"titulo-assinatura\">Assinaturas<\/h3>\n        <p class=\"subtitulo-assinatura\">Assinatura de 1 ano ou 2 anos<\/p>\n        <div class=\"box-botao\">\n          <a class=\"btn-assinatura\" target=\"_blank\" href=\"https:\/\/www.estrategiaconcursos.com.br\/assinaturas\/\" role=\"button\" rel=\"noopener noreferrer\">ASSINE AGORA<\/a>\n        <\/div>\n      <\/div>\n     \n    <\/div><\/div><\/div>\n\n\n\n\n\n<ul class=\"wp-block-list\"><li><strong>Banca:<\/strong>&nbsp;comiss\u00e3o pr\u00f3pria<\/li><li><strong>Vagas:<\/strong>&nbsp;36<\/li><li><strong>Sal\u00e1rios iniciais:<\/strong>&nbsp;R$ 4.472,64<\/li><li><strong>Edital:<\/strong>&nbsp;<a href=\"https:\/\/dhg1h5j42swfq.cloudfront.net\/2022\/02\/14093952\/edital-ifsp-51-2022.pdf\" target=\"_blank\" rel=\"noreferrer noopener\">concurso IFSP<\/a> (Professor) <\/li><li><a href=\"https:\/\/dhg1h5j42swfq.cloudfront.net\/2022\/02\/22082957\/concurso-ifsp.pdf\" target=\"_blank\" rel=\"noreferrer noopener\">Edital IFSP<\/a> (T\u00e9cnico-Administrativo)<\/li><\/ul>\n","protected":false},"excerpt":{"rendered":"<p>O\u00a0Instituto Federal de Educa\u00e7\u00e3o, Ci\u00eancia e Tecnologia de S\u00e3o Paulo est\u00e1 com dois editais publicados. O primeiro edital IFSP a ser lan\u00e7ado (14 de fevereiro de 2022) foi para o cargo de Professor de Magist\u00e9rio de Ensino B\u00e1sico, T\u00e9cnico e Tecnol\u00f3gico com 04 vagas. Inscri\u00e7\u00f5es encerradas -16 de fevereiro a 08 de mar\u00e7o de 2022. [&hellip;]<\/p>\n","protected":false},"author":1,"featured_media":127705,"comment_status":"open","ping_status":"closed","sticky":false,"template":"","format":"standard","meta":{"post_tipo":"news_page","footnotes":""},"categories":[1],"tags":[],"tax_estado":[219989],"class_list":["post-177736","post","type-post","status-publish","format-standard","has-post-thumbnail","hentry","category-cursos-e-concursos","tax_estado-sp"],"acf":[],"yoast_head":"<!-- This site is optimized with the Yoast SEO Premium plugin v27.2 (Yoast SEO v27.2) - https:\/\/yoast.com\/product\/yoast-seo-premium-wordpress\/ -->\n<title>Edital IFSP: ganhe at\u00e9 R$ 4,1 mil<\/title>\n<meta name=\"description\" content=\"Concurso IFSP: confira os detalhes do certame do Instituto Federal de Educa\u00e7\u00e3o, Ci\u00eancia e Tecnologia de S\u00e3o Paulo com o Estrat\u00e9gia Concursos\" \/>\n<meta name=\"robots\" content=\"index, follow, max-snippet:-1, max-image-preview:large, max-video-preview:-1\" \/>\n<link rel=\"canonical\" href=\"https:\/\/www.estrategiaconcursos.com.br\/blog\/edital-ifsp\/\" \/>\n<meta property=\"og:locale\" content=\"pt_BR\" \/>\n<meta property=\"og:type\" content=\"article\" \/>\n<meta property=\"og:title\" content=\"Edital IFSP: ganhe at\u00e9 R$ 4,1 mil\" \/>\n<meta property=\"og:description\" content=\"Concurso IFSP: confira os detalhes do certame do Instituto Federal de Educa\u00e7\u00e3o, Ci\u00eancia e Tecnologia de S\u00e3o Paulo com o Estrat\u00e9gia Concursos\" \/>\n<meta property=\"og:url\" content=\"https:\/\/www.estrategiaconcursos.com.br\/blog\/edital-ifsp\/\" \/>\n<meta property=\"og:site_name\" content=\"Estrat\u00e9gia Concursos\" \/>\n<meta property=\"article:author\" content=\"https:\/\/www.facebook.com\/EstrategiaConcursos\" \/>\n<meta property=\"article:published_time\" content=\"2021-03-09T04:00:00+00:00\" \/>\n<meta property=\"article:modified_time\" content=\"2022-03-09T12:10:51+00:00\" \/>\n<meta property=\"og:image\" content=\"https:\/\/dhg1h5j42swfq.cloudfront.net\/2018\/06\/20192923\/saiu-edital--e1530278784619.jpg\" \/>\n\t<meta property=\"og:image:width\" content=\"400\" \/>\n\t<meta property=\"og:image:height\" content=\"209\" \/>\n\t<meta property=\"og:image:type\" content=\"image\/jpeg\" \/>\n<meta name=\"author\" content=\"Coordena\u00e7\u00e3o\" \/>\n<meta name=\"twitter:card\" content=\"summary_large_image\" \/>\n<meta name=\"twitter:creator\" content=\"@EstratConcursos\" \/>\n<meta name=\"twitter:site\" content=\"@EstratConcursos\" \/>\n<meta name=\"twitter:label1\" content=\"Escrito por\" \/>\n\t<meta name=\"twitter:data1\" content=\"Coordena\u00e7\u00e3o\" \/>\n\t<meta name=\"twitter:label2\" content=\"Est. tempo de leitura\" \/>\n\t<meta name=\"twitter:data2\" content=\"10 minutos\" \/>\n<script type=\"application\/ld+json\" class=\"yoast-schema-graph\">{\"@context\":\"https:\/\/schema.org\",\"@graph\":[{\"@type\":\"NewsArticle\",\"@id\":\"https:\/\/www.estrategiaconcursos.com.br\/blog\/edital-ifsp\/#article\",\"isPartOf\":{\"@id\":\"https:\/\/www.estrategiaconcursos.com.br\/blog\/edital-ifsp\/\"},\"author\":{\"name\":\"Coordena\u00e7\u00e3o\",\"@id\":\"https:\/\/www.estrategiaconcursos.com.br\/blog\/#\/schema\/person\/b4a388c97673c5f483d72185668afa1f\"},\"headline\":\"Edital IFSP: ganhe at\u00e9 R$ 4,1 mil\",\"datePublished\":\"2021-03-09T04:00:00+00:00\",\"dateModified\":\"2022-03-09T12:10:51+00:00\",\"mainEntityOfPage\":{\"@id\":\"https:\/\/www.estrategiaconcursos.com.br\/blog\/edital-ifsp\/\"},\"wordCount\":2031,\"commentCount\":0,\"publisher\":{\"@id\":\"https:\/\/www.estrategiaconcursos.com.br\/blog\/#organization\"},\"image\":{\"@id\":\"https:\/\/www.estrategiaconcursos.com.br\/blog\/edital-ifsp\/#primaryimage\"},\"thumbnailUrl\":\"https:\/\/dhg1h5j42swfq.cloudfront.net\/2018\/06\/20192923\/saiu-edital--e1530278784619.jpg\",\"articleSection\":[\"Concursos P\u00fablicos\"],\"inLanguage\":\"pt-BR\",\"potentialAction\":[{\"@type\":\"CommentAction\",\"name\":\"Comment\",\"target\":[\"https:\/\/www.estrategiaconcursos.com.br\/blog\/edital-ifsp\/#respond\"]}],\"copyrightYear\":\"2021\",\"copyrightHolder\":{\"@id\":\"https:\/\/www.estrategiaconcursos.com.br\/blog\/#organization\"}},{\"@type\":\"WebPage\",\"@id\":\"https:\/\/www.estrategiaconcursos.com.br\/blog\/edital-ifsp\/\",\"url\":\"https:\/\/www.estrategiaconcursos.com.br\/blog\/edital-ifsp\/\",\"name\":\"Edital IFSP: ganhe at\u00e9 R$ 4,1 mil\",\"isPartOf\":{\"@id\":\"https:\/\/www.estrategiaconcursos.com.br\/blog\/#website\"},\"primaryImageOfPage\":{\"@id\":\"https:\/\/www.estrategiaconcursos.com.br\/blog\/edital-ifsp\/#primaryimage\"},\"image\":{\"@id\":\"https:\/\/www.estrategiaconcursos.com.br\/blog\/edital-ifsp\/#primaryimage\"},\"thumbnailUrl\":\"https:\/\/dhg1h5j42swfq.cloudfront.net\/2018\/06\/20192923\/saiu-edital--e1530278784619.jpg\",\"datePublished\":\"2021-03-09T04:00:00+00:00\",\"dateModified\":\"2022-03-09T12:10:51+00:00\",\"description\":\"Concurso IFSP: confira os detalhes do certame do Instituto Federal de Educa\u00e7\u00e3o, Ci\u00eancia e Tecnologia de S\u00e3o Paulo com o Estrat\u00e9gia Concursos\",\"breadcrumb\":{\"@id\":\"https:\/\/www.estrategiaconcursos.com.br\/blog\/edital-ifsp\/#breadcrumb\"},\"inLanguage\":\"pt-BR\",\"potentialAction\":[{\"@type\":\"ReadAction\",\"target\":[\"https:\/\/www.estrategiaconcursos.com.br\/blog\/edital-ifsp\/\"]}]},{\"@type\":\"ImageObject\",\"inLanguage\":\"pt-BR\",\"@id\":\"https:\/\/www.estrategiaconcursos.com.br\/blog\/edital-ifsp\/#primaryimage\",\"url\":\"https:\/\/dhg1h5j42swfq.cloudfront.net\/2018\/06\/20192923\/saiu-edital--e1530278784619.jpg\",\"contentUrl\":\"https:\/\/dhg1h5j42swfq.cloudfront.net\/2018\/06\/20192923\/saiu-edital--e1530278784619.jpg\",\"width\":400,\"height\":209,\"caption\":\"concurso procurador bayeux PB\"},{\"@type\":\"BreadcrumbList\",\"@id\":\"https:\/\/www.estrategiaconcursos.com.br\/blog\/edital-ifsp\/#breadcrumb\",\"itemListElement\":[{\"@type\":\"ListItem\",\"position\":1,\"name\":\"In\u00edcio\",\"item\":\"https:\/\/www.estrategiaconcursos.com.br\/blog\/\"},{\"@type\":\"ListItem\",\"position\":2,\"name\":\"Edital IFSP: ganhe at\u00e9 R$ 4,1 mil\"}]},{\"@type\":\"WebSite\",\"@id\":\"https:\/\/www.estrategiaconcursos.com.br\/blog\/#website\",\"url\":\"https:\/\/www.estrategiaconcursos.com.br\/blog\/\",\"name\":\"Estrat\u00e9gia Concursos\",\"description\":\"O blog da Estrat\u00e9gia Concursos traz not\u00edcias sobre concursos e artigos de professores oferecendo cursos para concursos (pdf + videaulas) no site.\",\"publisher\":{\"@id\":\"https:\/\/www.estrategiaconcursos.com.br\/blog\/#organization\"},\"potentialAction\":[{\"@type\":\"SearchAction\",\"target\":{\"@type\":\"EntryPoint\",\"urlTemplate\":\"https:\/\/www.estrategiaconcursos.com.br\/blog\/?s={search_term_string}\"},\"query-input\":{\"@type\":\"PropertyValueSpecification\",\"valueRequired\":true,\"valueName\":\"search_term_string\"}}],\"inLanguage\":\"pt-BR\"},{\"@type\":\"Organization\",\"@id\":\"https:\/\/www.estrategiaconcursos.com.br\/blog\/#organization\",\"name\":\"Estrat\u00e9gia Concursos\",\"url\":\"https:\/\/www.estrategiaconcursos.com.br\/blog\/\",\"logo\":{\"@type\":\"ImageObject\",\"inLanguage\":\"pt-BR\",\"@id\":\"https:\/\/www.estrategiaconcursos.com.br\/blog\/#\/schema\/logo\/image\/\",\"url\":\"https:\/\/dhg1h5j42swfq.cloudfront.net\/2025\/06\/03203428\/logo_concursos-1.jpg\",\"contentUrl\":\"https:\/\/dhg1h5j42swfq.cloudfront.net\/2025\/06\/03203428\/logo_concursos-1.jpg\",\"width\":230,\"height\":60,\"caption\":\"Estrat\u00e9gia Concursos\"},\"image\":{\"@id\":\"https:\/\/www.estrategiaconcursos.com.br\/blog\/#\/schema\/logo\/image\/\"},\"sameAs\":[\"https:\/\/x.com\/EstratConcursos\"]},{\"@type\":\"Person\",\"@id\":\"https:\/\/www.estrategiaconcursos.com.br\/blog\/#\/schema\/person\/b4a388c97673c5f483d72185668afa1f\",\"name\":\"Coordena\u00e7\u00e3o\",\"image\":{\"@type\":\"ImageObject\",\"inLanguage\":\"pt-BR\",\"@id\":\"https:\/\/secure.gravatar.com\/avatar\/b720319e4c9a967eb58678d110f4fe35452fc5d5f97b202bac7b8acceb18c6ad?s=96&d=mm&r=g\",\"url\":\"https:\/\/secure.gravatar.com\/avatar\/b720319e4c9a967eb58678d110f4fe35452fc5d5f97b202bac7b8acceb18c6ad?s=96&d=mm&r=g\",\"contentUrl\":\"https:\/\/secure.gravatar.com\/avatar\/b720319e4c9a967eb58678d110f4fe35452fc5d5f97b202bac7b8acceb18c6ad?s=96&d=mm&r=g\",\"caption\":\"Coordena\u00e7\u00e3o\"},\"sameAs\":[\"https:\/\/www.facebook.com\/EstrategiaConcursos\",\"https:\/\/x.com\/EstratConcursos\"],\"url\":\"https:\/\/www.estrategiaconcursos.com.br\/blog\/author\/estrategia2013\/\"}]}<\/script>\n<!-- \/ Yoast SEO Premium plugin. -->","yoast_head_json":{"title":"Edital IFSP: ganhe at\u00e9 R$ 4,1 mil","description":"Concurso IFSP: confira os detalhes do certame do Instituto Federal de Educa\u00e7\u00e3o, Ci\u00eancia e Tecnologia de S\u00e3o Paulo com o Estrat\u00e9gia Concursos","robots":{"index":"index","follow":"follow","max-snippet":"max-snippet:-1","max-image-preview":"max-image-preview:large","max-video-preview":"max-video-preview:-1"},"canonical":"https:\/\/www.estrategiaconcursos.com.br\/blog\/edital-ifsp\/","og_locale":"pt_BR","og_type":"article","og_title":"Edital IFSP: ganhe at\u00e9 R$ 4,1 mil","og_description":"Concurso IFSP: confira os detalhes do certame do Instituto Federal de Educa\u00e7\u00e3o, Ci\u00eancia e Tecnologia de S\u00e3o Paulo com o Estrat\u00e9gia Concursos","og_url":"https:\/\/www.estrategiaconcursos.com.br\/blog\/edital-ifsp\/","og_site_name":"Estrat\u00e9gia Concursos","article_author":"https:\/\/www.facebook.com\/EstrategiaConcursos","article_published_time":"2021-03-09T04:00:00+00:00","article_modified_time":"2022-03-09T12:10:51+00:00","og_image":[{"width":400,"height":209,"url":"https:\/\/dhg1h5j42swfq.cloudfront.net\/2018\/06\/20192923\/saiu-edital--e1530278784619.jpg","type":"image\/jpeg"}],"author":"Coordena\u00e7\u00e3o","twitter_card":"summary_large_image","twitter_creator":"@EstratConcursos","twitter_site":"@EstratConcursos","twitter_misc":{"Escrito por":"Coordena\u00e7\u00e3o","Est. tempo de leitura":"10 minutos"},"schema":{"@context":"https:\/\/schema.org","@graph":[{"@type":"NewsArticle","@id":"https:\/\/www.estrategiaconcursos.com.br\/blog\/edital-ifsp\/#article","isPartOf":{"@id":"https:\/\/www.estrategiaconcursos.com.br\/blog\/edital-ifsp\/"},"author":{"name":"Coordena\u00e7\u00e3o","@id":"https:\/\/www.estrategiaconcursos.com.br\/blog\/#\/schema\/person\/b4a388c97673c5f483d72185668afa1f"},"headline":"Edital IFSP: ganhe at\u00e9 R$ 4,1 mil","datePublished":"2021-03-09T04:00:00+00:00","dateModified":"2022-03-09T12:10:51+00:00","mainEntityOfPage":{"@id":"https:\/\/www.estrategiaconcursos.com.br\/blog\/edital-ifsp\/"},"wordCount":2031,"commentCount":0,"publisher":{"@id":"https:\/\/www.estrategiaconcursos.com.br\/blog\/#organization"},"image":{"@id":"https:\/\/www.estrategiaconcursos.com.br\/blog\/edital-ifsp\/#primaryimage"},"thumbnailUrl":"https:\/\/dhg1h5j42swfq.cloudfront.net\/2018\/06\/20192923\/saiu-edital--e1530278784619.jpg","articleSection":["Concursos P\u00fablicos"],"inLanguage":"pt-BR","potentialAction":[{"@type":"CommentAction","name":"Comment","target":["https:\/\/www.estrategiaconcursos.com.br\/blog\/edital-ifsp\/#respond"]}],"copyrightYear":"2021","copyrightHolder":{"@id":"https:\/\/www.estrategiaconcursos.com.br\/blog\/#organization"}},{"@type":"WebPage","@id":"https:\/\/www.estrategiaconcursos.com.br\/blog\/edital-ifsp\/","url":"https:\/\/www.estrategiaconcursos.com.br\/blog\/edital-ifsp\/","name":"Edital IFSP: ganhe at\u00e9 R$ 4,1 mil","isPartOf":{"@id":"https:\/\/www.estrategiaconcursos.com.br\/blog\/#website"},"primaryImageOfPage":{"@id":"https:\/\/www.estrategiaconcursos.com.br\/blog\/edital-ifsp\/#primaryimage"},"image":{"@id":"https:\/\/www.estrategiaconcursos.com.br\/blog\/edital-ifsp\/#primaryimage"},"thumbnailUrl":"https:\/\/dhg1h5j42swfq.cloudfront.net\/2018\/06\/20192923\/saiu-edital--e1530278784619.jpg","datePublished":"2021-03-09T04:00:00+00:00","dateModified":"2022-03-09T12:10:51+00:00","description":"Concurso IFSP: confira os detalhes do certame do Instituto Federal de Educa\u00e7\u00e3o, Ci\u00eancia e Tecnologia de S\u00e3o Paulo com o Estrat\u00e9gia Concursos","breadcrumb":{"@id":"https:\/\/www.estrategiaconcursos.com.br\/blog\/edital-ifsp\/#breadcrumb"},"inLanguage":"pt-BR","potentialAction":[{"@type":"ReadAction","target":["https:\/\/www.estrategiaconcursos.com.br\/blog\/edital-ifsp\/"]}]},{"@type":"ImageObject","inLanguage":"pt-BR","@id":"https:\/\/www.estrategiaconcursos.com.br\/blog\/edital-ifsp\/#primaryimage","url":"https:\/\/dhg1h5j42swfq.cloudfront.net\/2018\/06\/20192923\/saiu-edital--e1530278784619.jpg","contentUrl":"https:\/\/dhg1h5j42swfq.cloudfront.net\/2018\/06\/20192923\/saiu-edital--e1530278784619.jpg","width":400,"height":209,"caption":"concurso procurador bayeux PB"},{"@type":"BreadcrumbList","@id":"https:\/\/www.estrategiaconcursos.com.br\/blog\/edital-ifsp\/#breadcrumb","itemListElement":[{"@type":"ListItem","position":1,"name":"In\u00edcio","item":"https:\/\/www.estrategiaconcursos.com.br\/blog\/"},{"@type":"ListItem","position":2,"name":"Edital IFSP: ganhe at\u00e9 R$ 4,1 mil"}]},{"@type":"WebSite","@id":"https:\/\/www.estrategiaconcursos.com.br\/blog\/#website","url":"https:\/\/www.estrategiaconcursos.com.br\/blog\/","name":"Estrat\u00e9gia Concursos","description":"O blog da Estrat\u00e9gia Concursos traz not\u00edcias sobre concursos e artigos de professores oferecendo cursos para concursos (pdf + videaulas) no site.","publisher":{"@id":"https:\/\/www.estrategiaconcursos.com.br\/blog\/#organization"},"potentialAction":[{"@type":"SearchAction","target":{"@type":"EntryPoint","urlTemplate":"https:\/\/www.estrategiaconcursos.com.br\/blog\/?s={search_term_string}"},"query-input":{"@type":"PropertyValueSpecification","valueRequired":true,"valueName":"search_term_string"}}],"inLanguage":"pt-BR"},{"@type":"Organization","@id":"https:\/\/www.estrategiaconcursos.com.br\/blog\/#organization","name":"Estrat\u00e9gia Concursos","url":"https:\/\/www.estrategiaconcursos.com.br\/blog\/","logo":{"@type":"ImageObject","inLanguage":"pt-BR","@id":"https:\/\/www.estrategiaconcursos.com.br\/blog\/#\/schema\/logo\/image\/","url":"https:\/\/dhg1h5j42swfq.cloudfront.net\/2025\/06\/03203428\/logo_concursos-1.jpg","contentUrl":"https:\/\/dhg1h5j42swfq.cloudfront.net\/2025\/06\/03203428\/logo_concursos-1.jpg","width":230,"height":60,"caption":"Estrat\u00e9gia Concursos"},"image":{"@id":"https:\/\/www.estrategiaconcursos.com.br\/blog\/#\/schema\/logo\/image\/"},"sameAs":["https:\/\/x.com\/EstratConcursos"]},{"@type":"Person","@id":"https:\/\/www.estrategiaconcursos.com.br\/blog\/#\/schema\/person\/b4a388c97673c5f483d72185668afa1f","name":"Coordena\u00e7\u00e3o","image":{"@type":"ImageObject","inLanguage":"pt-BR","@id":"https:\/\/secure.gravatar.com\/avatar\/b720319e4c9a967eb58678d110f4fe35452fc5d5f97b202bac7b8acceb18c6ad?s=96&d=mm&r=g","url":"https:\/\/secure.gravatar.com\/avatar\/b720319e4c9a967eb58678d110f4fe35452fc5d5f97b202bac7b8acceb18c6ad?s=96&d=mm&r=g","contentUrl":"https:\/\/secure.gravatar.com\/avatar\/b720319e4c9a967eb58678d110f4fe35452fc5d5f97b202bac7b8acceb18c6ad?s=96&d=mm&r=g","caption":"Coordena\u00e7\u00e3o"},"sameAs":["https:\/\/www.facebook.com\/EstrategiaConcursos","https:\/\/x.com\/EstratConcursos"],"url":"https:\/\/www.estrategiaconcursos.com.br\/blog\/author\/estrategia2013\/"}]}},"_links":{"self":[{"href":"https:\/\/www.estrategiaconcursos.com.br\/blog\/wp-json\/wp\/v2\/posts\/177736","targetHints":{"allow":["GET"]}}],"collection":[{"href":"https:\/\/www.estrategiaconcursos.com.br\/blog\/wp-json\/wp\/v2\/posts"}],"about":[{"href":"https:\/\/www.estrategiaconcursos.com.br\/blog\/wp-json\/wp\/v2\/types\/post"}],"author":[{"embeddable":true,"href":"https:\/\/www.estrategiaconcursos.com.br\/blog\/wp-json\/wp\/v2\/users\/1"}],"replies":[{"embeddable":true,"href":"https:\/\/www.estrategiaconcursos.com.br\/blog\/wp-json\/wp\/v2\/comments?post=177736"}],"version-history":[{"count":21,"href":"https:\/\/www.estrategiaconcursos.com.br\/blog\/wp-json\/wp\/v2\/posts\/177736\/revisions"}],"predecessor-version":[{"id":983530,"href":"https:\/\/www.estrategiaconcursos.com.br\/blog\/wp-json\/wp\/v2\/posts\/177736\/revisions\/983530"}],"wp:featuredmedia":[{"embeddable":true,"href":"https:\/\/www.estrategiaconcursos.com.br\/blog\/wp-json\/wp\/v2\/media\/127705"}],"wp:attachment":[{"href":"https:\/\/www.estrategiaconcursos.com.br\/blog\/wp-json\/wp\/v2\/media?parent=177736"}],"wp:term":[{"taxonomy":"category","embeddable":true,"href":"https:\/\/www.estrategiaconcursos.com.br\/blog\/wp-json\/wp\/v2\/categories?post=177736"},{"taxonomy":"post_tag","embeddable":true,"href":"https:\/\/www.estrategiaconcursos.com.br\/blog\/wp-json\/wp\/v2\/tags?post=177736"},{"taxonomy":"tax_estado","embeddable":true,"href":"https:\/\/www.estrategiaconcursos.com.br\/blog\/wp-json\/wp\/v2\/tax_estado?post=177736"}],"curies":[{"name":"wp","href":"https:\/\/api.w.org\/{rel}","templated":true}]}}