{"id":1776675,"date":"2026-07-11T17:10:19","date_gmt":"2026-07-11T20:10:19","guid":{"rendered":"https:\/\/blog-estrategia.mystagingwebsite.com\/blog\/?p=1776675"},"modified":"2026-08-17T06:55:32","modified_gmt":"2026-08-17T09:55:32","slug":"concurso-prefeitura-augusto-correa","status":"publish","type":"post","link":"https:\/\/www.estrategiaconcursos.com.br\/blog\/concurso-prefeitura-augusto-correa\/","title":{"rendered":"Concurso Augusto Corr\u00eaa PA: processo seletivo de 2023"},"content":{"rendered":"\n<p class=\"wp-block-paragraph\" style=\"font-size:clamp(16.293px, 1.018rem + ((1vw - 3.2px) * 0.854), 25px);font-style:italic;font-weight:700\">O processo seletivo de 2023, voltado a agentes da sa\u00fade, \u00e9 o certame municipal mais recente de Augusto Corr\u00eaa.<\/p>\n\n\n\n<p class=\"wp-block-paragraph\">As sele\u00e7\u00f5es municipais mais recentes de Augusto Corr\u00eaa concentraram oportunidades em agentes de sa\u00fade. Os registros anteriores tamb\u00e9m incluem ofertas com maior variedade de escolaridades e \u00e1reas de atua\u00e7\u00e3o.<\/p>\n\n\n\n<p class=\"wp-block-paragraph\">A cronologia conhecida passa por ofertas publicadas em 2009, por uma sele\u00e7\u00e3o para agentes de sa\u00fade em 2016 e pelo processo seletivo de 2023 para Agente Comunit\u00e1rio de Sa\u00fade e Agente de Combate a Endemias.<\/p>\n\n\n\n<ul class=\"wp-block-list has-very-light-gray-to-cyan-bluish-gray-gradient-background has-background\">\n<li><strong>Status:<\/strong> sem previs\u00e3o de edital<\/li>\n<li><strong>\u00daltimo edital:<\/strong> 2023 (processo seletivo)<\/li>\n<li><strong>Vagas:<\/strong> 49<\/li>\n<li><strong>Remunera\u00e7\u00e3o:<\/strong> at\u00e9 R$ 2.604,00<\/li>\n<li><strong>Escolaridade:<\/strong> n\u00edvel m\u00e9dio<\/li>\n<\/ul>\n\n\n\n<h2 class=\"wp-block-heading\" id=\"situacao-atual\">Situa\u00e7\u00e3o atual do concurso em Augusto Corr\u00eaa<\/h2>\n\n\n\n<p class=\"wp-block-paragraph\">A Prefeitura de Augusto Corr\u00eaa est\u00e1 sem previs\u00e3o de novo edital.<\/p>\n\n\n\n<h2 class=\"wp-block-heading\" id=\"ultimo-concurso\">\u00daltimo processo seletivo em Augusto Corr\u00eaa<\/h2>\n\n\n\n<p class=\"wp-block-paragraph\">Em maio de 2023, a prefeitura anunciou processo seletivo organizado pela FADESP para preencher 49 vagas imediatas de n\u00edvel m\u00e9dio, al\u00e9m de prever cadastro de reserva. A distribui\u00e7\u00e3o contemplou 45 vagas para Agente Comunit\u00e1rio de Sa\u00fade e quatro para Agente de Combate a Endemias.<\/p>\n\n\n\n<p class=\"wp-block-paragraph\">As oportunidades para Agente Comunit\u00e1rio de Sa\u00fade foram distribu\u00eddas entre \u00e1reas urbanas e rurais, nas micro\u00e1reas de Ara, Aturia\u00ed II, Itapixuna, Nova Olinda 1, Nova Olinda 2, Z\u00e9 Castor, Vila Verde, Travessa do 10, Vila Nova, Bu\u00e7u, Patal, Perimirim, Santa Maria do A\u00e7aizal, L\u00edrios do Vale, Pratia\u00e7u, S\u00e3o Benedito, S\u00e3o Jo\u00e3o Batista, Sede e Cidade Nova.<\/p>\n\n\n\n<p class=\"wp-block-paragraph\">O edital estabeleceu jornada de 40 horas semanais e remunera\u00e7\u00e3o de R$ 2.604,00, acrescida de R$ 520,80 por insalubridade. A validade prevista para o processo seletivo era de dois anos.<\/p>\n\n\n\n<p class=\"wp-block-paragraph\">A sele\u00e7\u00e3o previu uma prova objetiva eliminat\u00f3ria e classificat\u00f3ria, marcada no cronograma para 4 de junho de 2023. A avalia\u00e7\u00e3o teria 35 quest\u00f5es de L\u00edngua Portuguesa, Matem\u00e1tica e Racioc\u00ednio L\u00f3gico e conhecimentos espec\u00edficos, al\u00e9m de no\u00e7\u00f5es de inform\u00e1tica para Agente Comunit\u00e1rio de Sa\u00fade.<\/p>\n\n\n\n<p class=\"wp-block-paragraph\">O cronograma tamb\u00e9m previa um curso introdut\u00f3rio de forma\u00e7\u00e3o inicial para os candidatos classificados \u00e0 segunda fase. Depois do curso, uma avalia\u00e7\u00e3o final com 20 quest\u00f5es sobre o conte\u00fado ministrado estava marcada para 26 de junho de 2023. O processo seletivo de 2023 foi encerrado.<\/p>\n\n\n\n<ul class=\"wp-block-list\">\n<li>Agente Comunit\u00e1rio de Sa\u00fade e Agente de Combate a Edemias<\/li>\n<\/ul>\n\n\n\n<h2 class=\"wp-block-heading\" id=\"historico\">Hist\u00f3rico de concursos em Augusto Corr\u00eaa<\/h2>\n\n\n\n<p class=\"wp-block-paragraph\">Os registros de 2009, 2016 e 2023 ficaram separados por intervalos de sete anos. A sele\u00e7\u00e3o de 2016 ofereceu 46 vagas para agentes de sa\u00fade, exigiu ensino fundamental e indicou remunera\u00e7\u00e3o de R$ 1.014,00.<\/p>\n\n\n\n<p class=\"wp-block-paragraph\">Em 2009, uma oferta reuniu 91 vagas para candidatos com ensino m\u00e9dio ou superior e remunera\u00e7\u00e3o de at\u00e9 R$ 747,00. Outro registro do mesmo ano apresentou 808 vagas para os n\u00edveis fundamental, m\u00e9dio e superior, com sal\u00e1rio de at\u00e9 R$ 1.111,63.<\/p>\n\n\n\n<p class=\"wp-block-paragraph\">O processo de 2016 teve porte pr\u00f3ximo ao de 2023, mas exig\u00eancia escolar menor e remunera\u00e7\u00e3o inferior. Em rela\u00e7\u00e3o \u00e0s ofertas mais abrangentes de 2009, o processo seletivo mais recente delimitou as oportunidades a dois cargos da sa\u00fade. A organiza\u00e7\u00e3o tamb\u00e9m mudou: a CONED aparece associada aos registros de 2009, enquanto a FADESP conduziu o processo de 2023.<\/p>\n\n\n\n<h2 class=\"wp-block-heading has-text-align-center\" id=\"mapa-regiao\">Veja Concursos Abertos na mesma regi\u00e3o<\/h2>\n\n\n\n<iframe\n  src=\"https:\/\/www.estrategiaconcursos.com.br\/blog\/mapa-concursos\/embed?situacoes=Inscri%C3%A7%C3%B5es%20abertas&amp;estado=PA\"\n  width=\"100%\"\n  height=\"400\"\n  style=\"border: none; display: block;\"\n  title=\"Mapa de Concursos P\u00fablicos em Par\u00e1\"\n  loading=\"lazy\"><\/iframe>\n\n\n\n<h2 class=\"wp-block-heading has-text-align-center\" id=\"cursos\">Quer saber tudo sobre concursos previstos?<br \/>Confira nossos artigos!<\/h2>\n\n\n\n<ul class=\"wp-block-list\">\n<li><a href=\"https:\/\/www.estrategiaconcursos.com.br\/blog\/concursos-abertos\/\" target=\"_blank\" rel=\"noreferrer noopener\">Concursos Abertos<\/a><\/li>\n<li><a href=\"https:\/\/www.estrategiaconcursos.com.br\/blog\/concursos-2026\/\" target=\"_blank\" rel=\"noreferrer noopener\">Concursos 2026<\/a><\/li>\n<li><a href=\"https:\/\/www.estrategiaconcursos.com.br\/blog\/concursos-para\/\" target=\"_blank\" rel=\"noreferrer noopener\">Concursos Par\u00e1<\/a><\/li>\n<\/ul>\n\n\n\n<div class=\"estrategia\" id=\"box-assinatura\">\n  <h3 class=\"titulo-assinatura\">Assinatura Concursos<\/h3>\n  <p class=\"subtitulo-assinatura\">Assinatura de 1 ano ou 2 anos<\/p>\n  <div class=\"box-botao\">\n    <a class=\"btn-assinatura\" target=\"_blank\" href=\"https:\/\/www.estrategiaconcursos.com.br\/assinaturas\/\" role=\"button\" rel=\"noopener noreferrer\">ASSINE AGORA<\/a>\n  <\/div>\n<\/div>\n\n\n\n<h3 class=\"wp-block-heading\" id=\"ficha\">Informa\u00e7\u00f5es do \u00faltimo processo seletivo<\/h3>\n\n\n\n<ul class=\"wp-block-list\">\n<li><strong>\u00d3rg\u00e3o:<\/strong> Prefeitura de Augusto Corr\u00eaa (PA)<\/li>\n\n\n\n<li><strong>Ano:<\/strong> 2023<\/li>\n\n\n\n<li><strong>Tipo:<\/strong> processo seletivo<\/li>\n\n\n\n<li><strong>Banca:<\/strong> FADESP<\/li>\n\n\n\n<li><strong>Cargos:<\/strong> Agente Comunit\u00e1rio de Sa\u00fade e Agente de Combate a Edemias<\/li>\n\n\n\n<li><strong>Vagas:<\/strong> 49<\/li>\n\n\n\n<li><strong>Escolaridade:<\/strong> n\u00edvel m\u00e9dio<\/li>\n\n\n\n<li><strong>Remunera\u00e7\u00e3o:<\/strong> at\u00e9 R$ 2.604,00<\/li>\n\n\n\n<li><strong>Situa\u00e7\u00e3o:<\/strong> sem previs\u00e3o de edital<\/li>\n<\/ul>\n\n\n\n<div class=\"container\" id=\"boxes\">\n  <div class=\"row\">\n    <div class=\"col-sm\">\n      <div class=\"banner-prefeituras-ec\" id=\"box-assinatura\">\n        <h2 class=\"titulo-assinatura\" style=\"text-align: left;\">Concursos Prefeituras<\/h2>\n        <p class=\"subtitulo-assinatura\" style=\"text-align: left;\">Prepara\u00e7\u00e3o completa para a carreira!<\/p>\n        <div class=\"box-botao\" style=\"text-align: left;\">\n          <a class=\"btn-assinatura\" target=\"_blank\" href=\"https:\/\/www.estrategiaconcursos.com.br\/pesquisa\/?q=prefeitura+augusto+correa\" role=\"button\" rel=\"noopener noreferrer\">EXPLORAR CURSOS<\/a>\n        <\/div>\n      <\/div>\n    <\/div>\n  <\/div>\n<\/div>\n\n","protected":false},"excerpt":{"rendered":"<p>O processo seletivo de 2023, voltado a agentes da sa\u00fade, \u00e9 o certame municipal mais recente de Augusto Corr\u00eaa. As sele\u00e7\u00f5es municipais mais recentes de Augusto Corr\u00eaa concentraram oportunidades em agentes de sa\u00fade. Os registros anteriores tamb\u00e9m incluem ofertas com maior variedade de escolaridades e \u00e1reas de atua\u00e7\u00e3o. A cronologia conhecida passa por ofertas publicadas [&hellip;]<\/p>\n","protected":false},"author":344,"featured_media":1540739,"comment_status":"open","ping_status":"closed","sticky":false,"template":"","format":"standard","meta":{"_acf_changed":false,"post_tipo":"news_page","footnotes":""},"categories":[222278],"tags":[],"tax_estado":[219977],"class_list":["post-1776675","post","type-post","status-publish","format-standard","has-post-thumbnail","hentry","category-prefeituras","tax_estado-pa"],"acf":[],"yoast_head":"<!-- This site is optimized with the Yoast SEO Premium plugin v28.1 (Yoast SEO v28.1) - https:\/\/yoast.com\/product\/yoast-seo-premium-wordpress\/ -->\n<title>Concurso Augusto Corr\u00eaa PA: processo seletivo de 2023<\/title>\n<meta name=\"description\" content=\"Concurso Augusto Corr\u00eaa (PA): situa\u00e7\u00e3o atual e detalhes do processo seletivo de 2023 para agentes comunit\u00e1rios de sa\u00fade e de endemias.\" \/>\n<meta name=\"robots\" content=\"index, follow, max-snippet:-1, max-image-preview:large, max-video-preview:-1\" \/>\n<link rel=\"canonical\" href=\"https:\/\/www.estrategiaconcursos.com.br\/blog\/concurso-prefeitura-augusto-correa\/\" \/>\n<meta property=\"og:locale\" content=\"pt_BR\" \/>\n<meta property=\"og:type\" content=\"article\" \/>\n<meta property=\"og:title\" content=\"Concurso Augusto Corr\u00eaa PA: processo seletivo de 2023\" \/>\n<meta property=\"og:description\" content=\"Concurso Augusto Corr\u00eaa (PA): situa\u00e7\u00e3o atual e detalhes do processo seletivo de 2023 para agentes comunit\u00e1rios de sa\u00fade e de endemias.\" \/>\n<meta property=\"og:url\" content=\"https:\/\/www.estrategiaconcursos.com.br\/blog\/concurso-prefeitura-augusto-correa\/\" \/>\n<meta property=\"og:site_name\" content=\"Estrat\u00e9gia Concursos\" \/>\n<meta property=\"article:author\" content=\"https:\/\/www.facebook.com\/coachluiseduardo\/\" \/>\n<meta property=\"article:published_time\" content=\"2026-07-11T20:10:19+00:00\" \/>\n<meta property=\"article:modified_time\" content=\"2026-08-17T09:55:32+00:00\" \/>\n<meta property=\"og:image\" content=\"https:\/\/dhg1h5j42swfq.cloudfront.net\/2025\/03\/05201612\/concursos-prefeituras-1024x536-1.jpg\" \/>\n\t<meta property=\"og:image:width\" content=\"1024\" \/>\n\t<meta property=\"og:image:height\" content=\"536\" \/>\n\t<meta property=\"og:image:type\" content=\"image\/jpeg\" \/>\n<meta name=\"author\" content=\"Luis Eduardo\" \/>\n<meta name=\"twitter:card\" content=\"summary_large_image\" \/>\n<meta name=\"twitter:creator\" content=\"@EstratConcursos\" \/>\n<meta name=\"twitter:site\" content=\"@EstratConcursos\" \/>\n<meta name=\"twitter:label1\" content=\"Escrito por\" \/>\n\t<meta name=\"twitter:data1\" content=\"Luis Eduardo\" \/>\n\t<meta name=\"twitter:label2\" content=\"Est. tempo de leitura\" \/>\n\t<meta name=\"twitter:data2\" content=\"3 minutos\" \/>\n<script type=\"application\/ld+json\" class=\"yoast-schema-graph\">{\"@context\":\"https:\\\/\\\/schema.org\",\"@graph\":[{\"@type\":\"NewsArticle\",\"@id\":\"https:\\\/\\\/www.estrategiaconcursos.com.br\\\/blog\\\/concurso-prefeitura-augusto-correa\\\/#article\",\"isPartOf\":{\"@id\":\"https:\\\/\\\/www.estrategiaconcursos.com.br\\\/blog\\\/concurso-prefeitura-augusto-correa\\\/\"},\"author\":{\"name\":\"Luis Eduardo\",\"@id\":\"https:\\\/\\\/blog-estrategia.mystagingwebsite.com\\\/#\\\/schema\\\/person\\\/0906ff564105056f3b05978d503ee214\"},\"headline\":\"Concurso Augusto Corr\u00eaa PA: processo seletivo de 2023\",\"datePublished\":\"2026-07-11T20:10:19+00:00\",\"dateModified\":\"2026-08-17T09:55:32+00:00\",\"mainEntityOfPage\":{\"@id\":\"https:\\\/\\\/www.estrategiaconcursos.com.br\\\/blog\\\/concurso-prefeitura-augusto-correa\\\/\"},\"wordCount\":628,\"commentCount\":0,\"publisher\":{\"@id\":\"https:\\\/\\\/blog-estrategia.mystagingwebsite.com\\\/#organization\"},\"image\":{\"@id\":\"https:\\\/\\\/www.estrategiaconcursos.com.br\\\/blog\\\/concurso-prefeitura-augusto-correa\\\/#primaryimage\"},\"thumbnailUrl\":\"https:\\\/\\\/dhg1h5j42swfq.cloudfront.net\\\/2025\\\/03\\\/05201612\\\/concursos-prefeituras-1024x536-1.jpg\",\"articleSection\":[\"Prefeituras\"],\"inLanguage\":\"pt-BR\",\"potentialAction\":[{\"@type\":\"CommentAction\",\"name\":\"Comment\",\"target\":[\"https:\\\/\\\/www.estrategiaconcursos.com.br\\\/blog\\\/concurso-prefeitura-augusto-correa\\\/#respond\"]}],\"copyrightYear\":\"2026\",\"copyrightHolder\":{\"@id\":\"https:\\\/\\\/www.estrategiaconcursos.com.br\\\/blog\\\/#organization\"}},{\"@type\":\"WebPage\",\"@id\":\"https:\\\/\\\/www.estrategiaconcursos.com.br\\\/blog\\\/concurso-prefeitura-augusto-correa\\\/\",\"url\":\"https:\\\/\\\/www.estrategiaconcursos.com.br\\\/blog\\\/concurso-prefeitura-augusto-correa\\\/\",\"name\":\"Concurso Augusto Corr\u00eaa PA: processo seletivo de 2023\",\"isPartOf\":{\"@id\":\"https:\\\/\\\/blog-estrategia.mystagingwebsite.com\\\/#website\"},\"primaryImageOfPage\":{\"@id\":\"https:\\\/\\\/www.estrategiaconcursos.com.br\\\/blog\\\/concurso-prefeitura-augusto-correa\\\/#primaryimage\"},\"image\":{\"@id\":\"https:\\\/\\\/www.estrategiaconcursos.com.br\\\/blog\\\/concurso-prefeitura-augusto-correa\\\/#primaryimage\"},\"thumbnailUrl\":\"https:\\\/\\\/dhg1h5j42swfq.cloudfront.net\\\/2025\\\/03\\\/05201612\\\/concursos-prefeituras-1024x536-1.jpg\",\"datePublished\":\"2026-07-11T20:10:19+00:00\",\"dateModified\":\"2026-08-17T09:55:32+00:00\",\"description\":\"Concurso Augusto Corr\u00eaa (PA): situa\u00e7\u00e3o atual e detalhes do processo seletivo de 2023 para agentes comunit\u00e1rios de sa\u00fade e de endemias.\",\"breadcrumb\":{\"@id\":\"https:\\\/\\\/www.estrategiaconcursos.com.br\\\/blog\\\/concurso-prefeitura-augusto-correa\\\/#breadcrumb\"},\"inLanguage\":\"pt-BR\",\"potentialAction\":[{\"@type\":\"ReadAction\",\"target\":[\"https:\\\/\\\/www.estrategiaconcursos.com.br\\\/blog\\\/concurso-prefeitura-augusto-correa\\\/\"]}]},{\"@type\":\"ImageObject\",\"inLanguage\":\"pt-BR\",\"@id\":\"https:\\\/\\\/www.estrategiaconcursos.com.br\\\/blog\\\/concurso-prefeitura-augusto-correa\\\/#primaryimage\",\"url\":\"https:\\\/\\\/dhg1h5j42swfq.cloudfront.net\\\/2025\\\/03\\\/05201612\\\/concursos-prefeituras-1024x536-1.jpg\",\"contentUrl\":\"https:\\\/\\\/dhg1h5j42swfq.cloudfront.net\\\/2025\\\/03\\\/05201612\\\/concursos-prefeituras-1024x536-1.jpg\",\"width\":1024,\"height\":536,\"caption\":\"Concursos prefeituras\"},{\"@type\":\"BreadcrumbList\",\"@id\":\"https:\\\/\\\/www.estrategiaconcursos.com.br\\\/blog\\\/concurso-prefeitura-augusto-correa\\\/#breadcrumb\",\"itemListElement\":[{\"@type\":\"ListItem\",\"position\":1,\"name\":\"In\u00edcio\",\"item\":\"https:\\\/\\\/blog-estrategia.mystagingwebsite.com\\\/\"},{\"@type\":\"ListItem\",\"position\":2,\"name\":\"Concurso Augusto Corr\u00eaa PA: processo seletivo de 2023\"}]},{\"@type\":\"WebSite\",\"@id\":\"https:\\\/\\\/blog-estrategia.mystagingwebsite.com\\\/#website\",\"url\":\"https:\\\/\\\/blog-estrategia.mystagingwebsite.com\\\/\",\"name\":\"Estrat\u00e9gia Concursos\",\"description\":\"O blog da Estrat\u00e9gia Concursos traz not\u00edcias sobre concursos e artigos de professores oferecendo cursos para concursos (pdf + videaulas) no site.\",\"publisher\":{\"@id\":\"https:\\\/\\\/blog-estrategia.mystagingwebsite.com\\\/#organization\"},\"potentialAction\":[{\"@type\":\"SearchAction\",\"target\":{\"@type\":\"EntryPoint\",\"urlTemplate\":\"https:\\\/\\\/blog-estrategia.mystagingwebsite.com\\\/?s={search_term_string}\"},\"query-input\":{\"@type\":\"PropertyValueSpecification\",\"valueRequired\":true,\"valueName\":\"search_term_string\"}}],\"inLanguage\":\"pt-BR\"},{\"@type\":\"Organization\",\"@id\":\"https:\\\/\\\/blog-estrategia.mystagingwebsite.com\\\/#organization\",\"name\":\"Estrat\u00e9gia Concursos\",\"url\":\"https:\\\/\\\/blog-estrategia.mystagingwebsite.com\\\/\",\"logo\":{\"@type\":\"ImageObject\",\"inLanguage\":\"pt-BR\",\"@id\":\"https:\\\/\\\/blog-estrategia.mystagingwebsite.com\\\/#\\\/schema\\\/logo\\\/image\\\/\",\"url\":\"https:\\\/\\\/dhg1h5j42swfq.cloudfront.net\\\/2025\\\/06\\\/03203428\\\/logo_concursos-1.jpg\",\"contentUrl\":\"https:\\\/\\\/dhg1h5j42swfq.cloudfront.net\\\/2025\\\/06\\\/03203428\\\/logo_concursos-1.jpg\",\"width\":230,\"height\":60,\"caption\":\"Estrat\u00e9gia Concursos\"},\"image\":{\"@id\":\"https:\\\/\\\/blog-estrategia.mystagingwebsite.com\\\/#\\\/schema\\\/logo\\\/image\\\/\"},\"sameAs\":[\"https:\\\/\\\/x.com\\\/EstratConcursos\"]},{\"@type\":\"Person\",\"@id\":\"https:\\\/\\\/blog-estrategia.mystagingwebsite.com\\\/#\\\/schema\\\/person\\\/0906ff564105056f3b05978d503ee214\",\"name\":\"Luis Eduardo\",\"image\":{\"@type\":\"ImageObject\",\"inLanguage\":\"pt-BR\",\"@id\":\"https:\\\/\\\/secure.gravatar.com\\\/avatar\\\/3ce09d3c01f86018c4f3b15b9e6389f2ac325bc19863fdb79cd37fefb38517d1?s=96&d=mm&r=g\",\"url\":\"https:\\\/\\\/secure.gravatar.com\\\/avatar\\\/3ce09d3c01f86018c4f3b15b9e6389f2ac325bc19863fdb79cd37fefb38517d1?s=96&d=mm&r=g\",\"contentUrl\":\"https:\\\/\\\/secure.gravatar.com\\\/avatar\\\/3ce09d3c01f86018c4f3b15b9e6389f2ac325bc19863fdb79cd37fefb38517d1?s=96&d=mm&r=g\",\"caption\":\"Luis Eduardo\"},\"sameAs\":[\"https:\\\/\\\/www.facebook.com\\\/coachluiseduardo\\\/\"],\"url\":\"https:\\\/\\\/www.estrategiaconcursos.com.br\\\/blog\\\/author\\\/luiseduardoestrategiaconcursos-com-br\\\/\"}]}<\/script>\n<!-- \/ Yoast SEO Premium plugin. -->","yoast_head_json":{"title":"Concurso Augusto Corr\u00eaa PA: processo seletivo de 2023","description":"Concurso Augusto Corr\u00eaa (PA): situa\u00e7\u00e3o atual e detalhes do processo seletivo de 2023 para agentes comunit\u00e1rios de sa\u00fade e de endemias.","robots":{"index":"index","follow":"follow","max-snippet":"max-snippet:-1","max-image-preview":"max-image-preview:large","max-video-preview":"max-video-preview:-1"},"canonical":"https:\/\/www.estrategiaconcursos.com.br\/blog\/concurso-prefeitura-augusto-correa\/","og_locale":"pt_BR","og_type":"article","og_title":"Concurso Augusto Corr\u00eaa PA: processo seletivo de 2023","og_description":"Concurso Augusto Corr\u00eaa (PA): situa\u00e7\u00e3o atual e detalhes do processo seletivo de 2023 para agentes comunit\u00e1rios de sa\u00fade e de endemias.","og_url":"https:\/\/www.estrategiaconcursos.com.br\/blog\/concurso-prefeitura-augusto-correa\/","og_site_name":"Estrat\u00e9gia Concursos","article_author":"https:\/\/www.facebook.com\/coachluiseduardo\/","article_published_time":"2026-07-11T20:10:19+00:00","article_modified_time":"2026-08-17T09:55:32+00:00","og_image":[{"width":1024,"height":536,"url":"https:\/\/dhg1h5j42swfq.cloudfront.net\/2025\/03\/05201612\/concursos-prefeituras-1024x536-1.jpg","type":"image\/jpeg"}],"author":"Luis Eduardo","twitter_card":"summary_large_image","twitter_creator":"@EstratConcursos","twitter_site":"@EstratConcursos","twitter_misc":{"Escrito por":"Luis Eduardo","Est. tempo de leitura":"3 minutos"},"schema":{"@context":"https:\/\/schema.org","@graph":[{"@type":"NewsArticle","@id":"https:\/\/www.estrategiaconcursos.com.br\/blog\/concurso-prefeitura-augusto-correa\/#article","isPartOf":{"@id":"https:\/\/www.estrategiaconcursos.com.br\/blog\/concurso-prefeitura-augusto-correa\/"},"author":{"name":"Luis Eduardo","@id":"https:\/\/blog-estrategia.mystagingwebsite.com\/#\/schema\/person\/0906ff564105056f3b05978d503ee214"},"headline":"Concurso Augusto Corr\u00eaa PA: processo seletivo de 2023","datePublished":"2026-07-11T20:10:19+00:00","dateModified":"2026-08-17T09:55:32+00:00","mainEntityOfPage":{"@id":"https:\/\/www.estrategiaconcursos.com.br\/blog\/concurso-prefeitura-augusto-correa\/"},"wordCount":628,"commentCount":0,"publisher":{"@id":"https:\/\/blog-estrategia.mystagingwebsite.com\/#organization"},"image":{"@id":"https:\/\/www.estrategiaconcursos.com.br\/blog\/concurso-prefeitura-augusto-correa\/#primaryimage"},"thumbnailUrl":"https:\/\/dhg1h5j42swfq.cloudfront.net\/2025\/03\/05201612\/concursos-prefeituras-1024x536-1.jpg","articleSection":["Prefeituras"],"inLanguage":"pt-BR","potentialAction":[{"@type":"CommentAction","name":"Comment","target":["https:\/\/www.estrategiaconcursos.com.br\/blog\/concurso-prefeitura-augusto-correa\/#respond"]}],"copyrightYear":"2026","copyrightHolder":{"@id":"https:\/\/www.estrategiaconcursos.com.br\/blog\/#organization"}},{"@type":"WebPage","@id":"https:\/\/www.estrategiaconcursos.com.br\/blog\/concurso-prefeitura-augusto-correa\/","url":"https:\/\/www.estrategiaconcursos.com.br\/blog\/concurso-prefeitura-augusto-correa\/","name":"Concurso Augusto Corr\u00eaa PA: processo seletivo de 2023","isPartOf":{"@id":"https:\/\/blog-estrategia.mystagingwebsite.com\/#website"},"primaryImageOfPage":{"@id":"https:\/\/www.estrategiaconcursos.com.br\/blog\/concurso-prefeitura-augusto-correa\/#primaryimage"},"image":{"@id":"https:\/\/www.estrategiaconcursos.com.br\/blog\/concurso-prefeitura-augusto-correa\/#primaryimage"},"thumbnailUrl":"https:\/\/dhg1h5j42swfq.cloudfront.net\/2025\/03\/05201612\/concursos-prefeituras-1024x536-1.jpg","datePublished":"2026-07-11T20:10:19+00:00","dateModified":"2026-08-17T09:55:32+00:00","description":"Concurso Augusto Corr\u00eaa (PA): situa\u00e7\u00e3o atual e detalhes do processo seletivo de 2023 para agentes comunit\u00e1rios de sa\u00fade e de endemias.","breadcrumb":{"@id":"https:\/\/www.estrategiaconcursos.com.br\/blog\/concurso-prefeitura-augusto-correa\/#breadcrumb"},"inLanguage":"pt-BR","potentialAction":[{"@type":"ReadAction","target":["https:\/\/www.estrategiaconcursos.com.br\/blog\/concurso-prefeitura-augusto-correa\/"]}]},{"@type":"ImageObject","inLanguage":"pt-BR","@id":"https:\/\/www.estrategiaconcursos.com.br\/blog\/concurso-prefeitura-augusto-correa\/#primaryimage","url":"https:\/\/dhg1h5j42swfq.cloudfront.net\/2025\/03\/05201612\/concursos-prefeituras-1024x536-1.jpg","contentUrl":"https:\/\/dhg1h5j42swfq.cloudfront.net\/2025\/03\/05201612\/concursos-prefeituras-1024x536-1.jpg","width":1024,"height":536,"caption":"Concursos prefeituras"},{"@type":"BreadcrumbList","@id":"https:\/\/www.estrategiaconcursos.com.br\/blog\/concurso-prefeitura-augusto-correa\/#breadcrumb","itemListElement":[{"@type":"ListItem","position":1,"name":"In\u00edcio","item":"https:\/\/blog-estrategia.mystagingwebsite.com\/"},{"@type":"ListItem","position":2,"name":"Concurso Augusto Corr\u00eaa PA: processo seletivo de 2023"}]},{"@type":"WebSite","@id":"https:\/\/blog-estrategia.mystagingwebsite.com\/#website","url":"https:\/\/blog-estrategia.mystagingwebsite.com\/","name":"Estrat\u00e9gia Concursos","description":"O blog da Estrat\u00e9gia Concursos traz not\u00edcias sobre concursos e artigos de professores oferecendo cursos para concursos (pdf + videaulas) no site.","publisher":{"@id":"https:\/\/blog-estrategia.mystagingwebsite.com\/#organization"},"potentialAction":[{"@type":"SearchAction","target":{"@type":"EntryPoint","urlTemplate":"https:\/\/blog-estrategia.mystagingwebsite.com\/?s={search_term_string}"},"query-input":{"@type":"PropertyValueSpecification","valueRequired":true,"valueName":"search_term_string"}}],"inLanguage":"pt-BR"},{"@type":"Organization","@id":"https:\/\/blog-estrategia.mystagingwebsite.com\/#organization","name":"Estrat\u00e9gia Concursos","url":"https:\/\/blog-estrategia.mystagingwebsite.com\/","logo":{"@type":"ImageObject","inLanguage":"pt-BR","@id":"https:\/\/blog-estrategia.mystagingwebsite.com\/#\/schema\/logo\/image\/","url":"https:\/\/dhg1h5j42swfq.cloudfront.net\/2025\/06\/03203428\/logo_concursos-1.jpg","contentUrl":"https:\/\/dhg1h5j42swfq.cloudfront.net\/2025\/06\/03203428\/logo_concursos-1.jpg","width":230,"height":60,"caption":"Estrat\u00e9gia Concursos"},"image":{"@id":"https:\/\/blog-estrategia.mystagingwebsite.com\/#\/schema\/logo\/image\/"},"sameAs":["https:\/\/x.com\/EstratConcursos"]},{"@type":"Person","@id":"https:\/\/blog-estrategia.mystagingwebsite.com\/#\/schema\/person\/0906ff564105056f3b05978d503ee214","name":"Luis Eduardo","image":{"@type":"ImageObject","inLanguage":"pt-BR","@id":"https:\/\/secure.gravatar.com\/avatar\/3ce09d3c01f86018c4f3b15b9e6389f2ac325bc19863fdb79cd37fefb38517d1?s=96&d=mm&r=g","url":"https:\/\/secure.gravatar.com\/avatar\/3ce09d3c01f86018c4f3b15b9e6389f2ac325bc19863fdb79cd37fefb38517d1?s=96&d=mm&r=g","contentUrl":"https:\/\/secure.gravatar.com\/avatar\/3ce09d3c01f86018c4f3b15b9e6389f2ac325bc19863fdb79cd37fefb38517d1?s=96&d=mm&r=g","caption":"Luis Eduardo"},"sameAs":["https:\/\/www.facebook.com\/coachluiseduardo\/"],"url":"https:\/\/www.estrategiaconcursos.com.br\/blog\/author\/luiseduardoestrategiaconcursos-com-br\/"}]}},"_links":{"self":[{"href":"https:\/\/www.estrategiaconcursos.com.br\/blog\/wp-json\/wp\/v2\/posts\/1776675","targetHints":{"allow":["GET"]}}],"collection":[{"href":"https:\/\/www.estrategiaconcursos.com.br\/blog\/wp-json\/wp\/v2\/posts"}],"about":[{"href":"https:\/\/www.estrategiaconcursos.com.br\/blog\/wp-json\/wp\/v2\/types\/post"}],"author":[{"embeddable":true,"href":"https:\/\/www.estrategiaconcursos.com.br\/blog\/wp-json\/wp\/v2\/users\/344"}],"replies":[{"embeddable":true,"href":"https:\/\/www.estrategiaconcursos.com.br\/blog\/wp-json\/wp\/v2\/comments?post=1776675"}],"version-history":[{"count":5,"href":"https:\/\/www.estrategiaconcursos.com.br\/blog\/wp-json\/wp\/v2\/posts\/1776675\/revisions"}],"predecessor-version":[{"id":1793259,"href":"https:\/\/www.estrategiaconcursos.com.br\/blog\/wp-json\/wp\/v2\/posts\/1776675\/revisions\/1793259"}],"wp:featuredmedia":[{"embeddable":true,"href":"https:\/\/www.estrategiaconcursos.com.br\/blog\/wp-json\/wp\/v2\/media\/1540739"}],"wp:attachment":[{"href":"https:\/\/www.estrategiaconcursos.com.br\/blog\/wp-json\/wp\/v2\/media?parent=1776675"}],"wp:term":[{"taxonomy":"category","embeddable":true,"href":"https:\/\/www.estrategiaconcursos.com.br\/blog\/wp-json\/wp\/v2\/categories?post=1776675"},{"taxonomy":"post_tag","embeddable":true,"href":"https:\/\/www.estrategiaconcursos.com.br\/blog\/wp-json\/wp\/v2\/tags?post=1776675"},{"taxonomy":"tax_estado","embeddable":true,"href":"https:\/\/www.estrategiaconcursos.com.br\/blog\/wp-json\/wp\/v2\/tax_estado?post=1776675"}],"curies":[{"name":"wp","href":"https:\/\/api.w.org\/{rel}","templated":true}]}}