{"id":177636,"date":"2019-04-08T17:24:31","date_gmt":"2019-04-08T20:24:31","guid":{"rendered":"https:\/\/www.estrategiaconcursos.com.br\/blog\/?p=177636"},"modified":"2019-04-08T17:24:34","modified_gmt":"2019-04-08T20:24:34","slug":"concurso-sedest-reaplicacao-das-provas","status":"publish","type":"post","link":"https:\/\/www.estrategiaconcursos.com.br\/blog\/concurso-sedest-reaplicacao-das-provas\/","title":{"rendered":"Concurso SEDEST: Ibrae divulga novas datas de reaplica\u00e7\u00e3o das provas"},"content":{"rendered":"\n<p>Ap\u00f3s a divulga\u00e7\u00e3o das datas de reaplica\u00e7\u00e3o das provas para Educadores Sociais da SEDEST, o Ibrae informa as datas previstas para os demais cargos.<\/p>\n\n\n\n<p>Se voc\u00ea est\u00e1 estudando para pleitear a uma vaga na SEDS (antiga SEDEST, localizada no distrito federal), j\u00e1 pode voltar a sorrir. Ap\u00f3s contratempos na \u00faltima aplica\u00e7\u00e3o de provas, o Ibrae apresentou um comunicado, datado de 7 de abril, com as novas datas da prova a ser realizada.<\/p>\n\n\n\n<p>\u00c9 sabido, desde o fim do m\u00eas de mar\u00e7o, que os candidatos a educadores sociais far\u00e3o suas novas provas em 14 de abril. Agora, sabemos tamb\u00e9m a data da realiza\u00e7\u00e3o das demais reaplica\u00e7\u00f5es. Abaixo voc\u00ea pode verificar os dados na \u00edntegra:<\/p>\n\n\n\n<figure class=\"wp-block-image\"><img loading=\"lazy\" decoding=\"async\" width=\"621\" height=\"276\" src=\"https:\/\/dhg1h5j42swfq.cloudfront.net\/2019\/04\/08155535\/image67.png\" alt=\"\" class=\"wp-image-177640\" srcset=\"https:\/\/dhg1h5j42swfq.cloudfront.net\/2019\/04\/08155535\/image67.png 621w, https:\/\/dhg1h5j42swfq.cloudfront.net\/2019\/04\/08155535\/image67.png 300w\" sizes=\"auto, (max-width: 621px) 100vw, 621px\" \/><figcaption><br \/><\/figcaption><\/figure>\n\n\n\n<p>Para descobrir onde far\u00e1 a prova, o estudante deve acessar a p\u00e1gina do <a rel=\"noreferrer noopener\" aria-label=\"Ibrae (opens in a new tab)\" href=\"https:\/\/www.ibrae.com.br\/portal\/concursos\" target=\"_blank\">Ibrae,<\/a> selecionar a aba &#8220;local de provas&#8221; do concurso que ira realizar e incluir as informa\u00e7\u00f5es solicitados (como CPF).<\/p>\n\n\n\n<p>Vale lembrar que o concurso visa preencher<strong>&nbsp;314 vagas<\/strong>&nbsp;imediatas mais&nbsp;<strong>1.570<\/strong>&nbsp;para cadastro de reserva para cargos de n\u00edvel m\u00e9dio e superior, sendo esses:<\/p>\n\n\n\n<ul class=\"wp-block-list\"><li><strong>N\u00edvel m\u00e9dio:&nbsp;<\/strong>Agente Social, T\u00e9cnico Administrativo e Cuidador Social<\/li><li><strong>N\u00edvel superior:<\/strong>&nbsp;diversas forma\u00e7\u00f5es, como Pedagogo, Assistente Social, Psic\u00f3logo, especialista em Direito, Nutricionista e Educador Social.<\/li><\/ul>\n\n\n\n<p>A remunera\u00e7\u00e3o inicial dos cargos da SEDEST s\u00e3o:<\/p>\n\n\n\n<p><strong>Cargos de n\u00edvel m\u00e9dio:<\/strong>&nbsp;R$2.600<br \/><strong>Cargos de n\u00edvel superior:<\/strong>R$3.600<\/p>\n\n\n\n<p style=\"font-size:25px;text-align:center\" class=\"has-background has-very-light-gray-background-color\"><em><strong>Assinatura Anual Ilimitada*<\/strong><\/em><\/p>\n\n\n\n<p style=\"text-align:center\"><em>Prepare-se com o melhor material e com quem mais aprova em&nbsp;Concursos P\u00fablicos de todo o pa\u00eds. Assine agora a nossa Assinatura Anual e tenha acesso ilimitado* a todos os nossos cursos.<\/em><\/p>\n\n\n\n<figure class=\"wp-block-image\"><a href=\"https:\/\/www.estrategiaconcursos.com.br\/assinaturas\/\" target=\"_blank\" rel=\"noreferrer noopener\"><img decoding=\"async\" src=\"https:\/\/www.estrategiaconcursos.com.br\/assets\/img\/banner-assinaturas.jpg\" alt=\"Assinatura Ilimitada\" class=\"wp-image-157836\"\/><\/a><\/figure>\n\n\n\n<p style=\"text-align:center\"><em><strong>Receba not\u00edcias de Concursos no seu WhatsApp e\/ou Telegram!<\/strong><\/em><\/p>\n\n\n\n<p style=\"text-align:center\"><em><strong>Cadastre-se clicando no \u00edcone abaixo<\/strong><\/em><\/p>\n\n\n\n<div class=\"wp-block-image\"><figure class=\"aligncenter is-resized\"><a href=\"https:\/\/www.estrategiaconcursos.com.br\/blog\/noticias-de-concursos-whatsapp-estrategia-concursos\/\" target=\"_blank\" rel=\"noreferrer noopener\"><img loading=\"lazy\" decoding=\"async\" src=\"https:\/\/dhg1h5j42swfq.cloudfront.net\/2018\/03\/22113932\/whatsapptelegram-e1548177162795.png\" alt=\"\" class=\"wp-image-112824\" width=\"160\" height=\"90\"\/><\/a><\/figure><\/div>\n\n\n\n<p style=\"text-align:center\"><a rel=\"noreferrer noopener\" href=\"https:\/\/www.estrategiaconcursos.com.br\/blog\/noticias-de-concursos-whatsapp-estrategia-concursos\/\" target=\"_blank\">Not\u00edcias de concursos no seu WhatsApp e\/ou Telegram<\/a><\/p>\n","protected":false},"excerpt":{"rendered":"<p>Ap\u00f3s a divulga\u00e7\u00e3o das datas de reaplica\u00e7\u00e3o das provas para Educadores Sociais da SEDEST, o Ibrae informa as datas previstas para os demais cargos. Se voc\u00ea est\u00e1 estudando para pleitear a uma vaga na SEDS (antiga SEDEST, localizada no distrito federal), j\u00e1 pode voltar a sorrir. Ap\u00f3s contratempos na \u00faltima aplica\u00e7\u00e3o de provas, o Ibrae [&hellip;]<\/p>\n","protected":false},"author":214,"featured_media":129702,"comment_status":"open","ping_status":"closed","sticky":false,"template":"","format":"standard","meta":{"post_tipo":"article","footnotes":""},"categories":[1],"tags":[],"tax_estado":[],"class_list":["post-177636","post","type-post","status-publish","format-standard","has-post-thumbnail","hentry","category-cursos-e-concursos"],"acf":[],"yoast_head":"<!-- This site is optimized with the Yoast SEO Premium plugin v27.2 (Yoast SEO v27.2) - https:\/\/yoast.com\/product\/yoast-seo-premium-wordpress\/ -->\n<title>Concurso SEDEST: Ibrae divulga novas datas de reaplica\u00e7\u00e3o das provas<\/title>\n<meta name=\"description\" content=\"Concurso SEDEST: Ap\u00f3s den\u00fancias na primeira aplica\u00e7\u00e3o das provas, o Ibrae anuncia as datas para reaplica\u00e7\u00e3o das provas do concurso SEDEST. Prepare-se!\" \/>\n<meta name=\"robots\" content=\"index, follow, max-snippet:-1, max-image-preview:large, max-video-preview:-1\" \/>\n<link rel=\"canonical\" href=\"https:\/\/www.estrategiaconcursos.com.br\/blog\/concurso-sedest-reaplicacao-das-provas\/\" \/>\n<meta property=\"og:locale\" content=\"pt_BR\" \/>\n<meta property=\"og:type\" content=\"article\" \/>\n<meta property=\"og:title\" content=\"Concurso SEDEST: Ibrae divulga novas datas de reaplica\u00e7\u00e3o das provas\" \/>\n<meta property=\"og:description\" content=\"Concurso SEDEST: Ap\u00f3s den\u00fancias na primeira aplica\u00e7\u00e3o das provas, o Ibrae anuncia as datas para reaplica\u00e7\u00e3o das provas do concurso SEDEST. Prepare-se!\" \/>\n<meta property=\"og:url\" content=\"https:\/\/www.estrategiaconcursos.com.br\/blog\/concurso-sedest-reaplicacao-das-provas\/\" \/>\n<meta property=\"og:site_name\" content=\"Estrat\u00e9gia Concursos\" \/>\n<meta property=\"article:published_time\" content=\"2019-04-08T20:24:31+00:00\" \/>\n<meta property=\"article:modified_time\" content=\"2019-04-08T20:24:34+00:00\" \/>\n<meta property=\"og:image\" content=\"https:\/\/dhg1h5j42swfq.cloudfront.net\/2018\/07\/03183748\/SEDEST-e1530653877941.jpg\" \/>\n\t<meta property=\"og:image:width\" content=\"400\" \/>\n\t<meta property=\"og:image:height\" content=\"209\" \/>\n\t<meta property=\"og:image:type\" content=\"image\/jpeg\" \/>\n<meta name=\"author\" content=\"D\u00e9cio Terror Filho\" \/>\n<meta name=\"twitter:card\" content=\"summary_large_image\" \/>\n<meta name=\"twitter:creator\" content=\"@EstratConcursos\" \/>\n<meta name=\"twitter:site\" content=\"@EstratConcursos\" \/>\n<meta name=\"twitter:label1\" content=\"Escrito por\" \/>\n\t<meta name=\"twitter:data1\" content=\"D\u00e9cio Terror Filho\" \/>\n\t<meta name=\"twitter:label2\" content=\"Est. tempo de leitura\" \/>\n\t<meta name=\"twitter:data2\" content=\"2 minutos\" \/>\n<script type=\"application\/ld+json\" class=\"yoast-schema-graph\">{\"@context\":\"https:\/\/schema.org\",\"@graph\":[{\"@type\":\"NewsArticle\",\"@id\":\"https:\/\/www.estrategiaconcursos.com.br\/blog\/concurso-sedest-reaplicacao-das-provas\/#article\",\"isPartOf\":{\"@id\":\"https:\/\/www.estrategiaconcursos.com.br\/blog\/concurso-sedest-reaplicacao-das-provas\/\"},\"author\":{\"name\":\"D\u00e9cio Terror Filho\",\"@id\":\"https:\/\/www.estrategiaconcursos.com.br\/blog\/#\/schema\/person\/e8165364027a31208914fc77c3314727\"},\"headline\":\"Concurso SEDEST: Ibrae divulga novas datas de reaplica\u00e7\u00e3o das provas\",\"datePublished\":\"2019-04-08T20:24:31+00:00\",\"dateModified\":\"2019-04-08T20:24:34+00:00\",\"mainEntityOfPage\":{\"@id\":\"https:\/\/www.estrategiaconcursos.com.br\/blog\/concurso-sedest-reaplicacao-das-provas\/\"},\"wordCount\":316,\"commentCount\":0,\"publisher\":{\"@id\":\"https:\/\/www.estrategiaconcursos.com.br\/blog\/#organization\"},\"image\":{\"@id\":\"https:\/\/www.estrategiaconcursos.com.br\/blog\/concurso-sedest-reaplicacao-das-provas\/#primaryimage\"},\"thumbnailUrl\":\"https:\/\/dhg1h5j42swfq.cloudfront.net\/2018\/07\/03183748\/SEDEST-e1530653877941.jpg\",\"articleSection\":[\"Concursos P\u00fablicos\"],\"inLanguage\":\"pt-BR\",\"potentialAction\":[{\"@type\":\"CommentAction\",\"name\":\"Comment\",\"target\":[\"https:\/\/www.estrategiaconcursos.com.br\/blog\/concurso-sedest-reaplicacao-das-provas\/#respond\"]}],\"copyrightYear\":\"2019\",\"copyrightHolder\":{\"@id\":\"https:\/\/www.estrategiaconcursos.com.br\/blog\/#organization\"}},{\"@type\":\"WebPage\",\"@id\":\"https:\/\/www.estrategiaconcursos.com.br\/blog\/concurso-sedest-reaplicacao-das-provas\/\",\"url\":\"https:\/\/www.estrategiaconcursos.com.br\/blog\/concurso-sedest-reaplicacao-das-provas\/\",\"name\":\"Concurso SEDEST: Ibrae divulga novas datas de reaplica\u00e7\u00e3o das provas\",\"isPartOf\":{\"@id\":\"https:\/\/www.estrategiaconcursos.com.br\/blog\/#website\"},\"primaryImageOfPage\":{\"@id\":\"https:\/\/www.estrategiaconcursos.com.br\/blog\/concurso-sedest-reaplicacao-das-provas\/#primaryimage\"},\"image\":{\"@id\":\"https:\/\/www.estrategiaconcursos.com.br\/blog\/concurso-sedest-reaplicacao-das-provas\/#primaryimage\"},\"thumbnailUrl\":\"https:\/\/dhg1h5j42swfq.cloudfront.net\/2018\/07\/03183748\/SEDEST-e1530653877941.jpg\",\"datePublished\":\"2019-04-08T20:24:31+00:00\",\"dateModified\":\"2019-04-08T20:24:34+00:00\",\"description\":\"Concurso SEDEST: Ap\u00f3s den\u00fancias na primeira aplica\u00e7\u00e3o das provas, o Ibrae anuncia as datas para reaplica\u00e7\u00e3o das provas do concurso SEDEST. Prepare-se!\",\"breadcrumb\":{\"@id\":\"https:\/\/www.estrategiaconcursos.com.br\/blog\/concurso-sedest-reaplicacao-das-provas\/#breadcrumb\"},\"inLanguage\":\"pt-BR\",\"potentialAction\":[{\"@type\":\"ReadAction\",\"target\":[\"https:\/\/www.estrategiaconcursos.com.br\/blog\/concurso-sedest-reaplicacao-das-provas\/\"]}]},{\"@type\":\"ImageObject\",\"inLanguage\":\"pt-BR\",\"@id\":\"https:\/\/www.estrategiaconcursos.com.br\/blog\/concurso-sedest-reaplicacao-das-provas\/#primaryimage\",\"url\":\"https:\/\/dhg1h5j42swfq.cloudfront.net\/2018\/07\/03183748\/SEDEST-e1530653877941.jpg\",\"contentUrl\":\"https:\/\/dhg1h5j42swfq.cloudfront.net\/2018\/07\/03183748\/SEDEST-e1530653877941.jpg\",\"width\":400,\"height\":209,\"caption\":\"Concurso SEDEST\"},{\"@type\":\"BreadcrumbList\",\"@id\":\"https:\/\/www.estrategiaconcursos.com.br\/blog\/concurso-sedest-reaplicacao-das-provas\/#breadcrumb\",\"itemListElement\":[{\"@type\":\"ListItem\",\"position\":1,\"name\":\"In\u00edcio\",\"item\":\"https:\/\/www.estrategiaconcursos.com.br\/blog\/\"},{\"@type\":\"ListItem\",\"position\":2,\"name\":\"Concurso SEDEST: Ibrae divulga novas datas de reaplica\u00e7\u00e3o das provas\"}]},{\"@type\":\"WebSite\",\"@id\":\"https:\/\/www.estrategiaconcursos.com.br\/blog\/#website\",\"url\":\"https:\/\/www.estrategiaconcursos.com.br\/blog\/\",\"name\":\"Estrat\u00e9gia Concursos\",\"description\":\"O blog da Estrat\u00e9gia Concursos traz not\u00edcias sobre concursos e artigos de professores oferecendo cursos para concursos (pdf + videaulas) no site.\",\"publisher\":{\"@id\":\"https:\/\/www.estrategiaconcursos.com.br\/blog\/#organization\"},\"potentialAction\":[{\"@type\":\"SearchAction\",\"target\":{\"@type\":\"EntryPoint\",\"urlTemplate\":\"https:\/\/www.estrategiaconcursos.com.br\/blog\/?s={search_term_string}\"},\"query-input\":{\"@type\":\"PropertyValueSpecification\",\"valueRequired\":true,\"valueName\":\"search_term_string\"}}],\"inLanguage\":\"pt-BR\"},{\"@type\":\"Organization\",\"@id\":\"https:\/\/www.estrategiaconcursos.com.br\/blog\/#organization\",\"name\":\"Estrat\u00e9gia Concursos\",\"url\":\"https:\/\/www.estrategiaconcursos.com.br\/blog\/\",\"logo\":{\"@type\":\"ImageObject\",\"inLanguage\":\"pt-BR\",\"@id\":\"https:\/\/www.estrategiaconcursos.com.br\/blog\/#\/schema\/logo\/image\/\",\"url\":\"https:\/\/dhg1h5j42swfq.cloudfront.net\/2025\/06\/03203428\/logo_concursos-1.jpg\",\"contentUrl\":\"https:\/\/dhg1h5j42swfq.cloudfront.net\/2025\/06\/03203428\/logo_concursos-1.jpg\",\"width\":230,\"height\":60,\"caption\":\"Estrat\u00e9gia Concursos\"},\"image\":{\"@id\":\"https:\/\/www.estrategiaconcursos.com.br\/blog\/#\/schema\/logo\/image\/\"},\"sameAs\":[\"https:\/\/x.com\/EstratConcursos\"]},{\"@type\":\"Person\",\"@id\":\"https:\/\/www.estrategiaconcursos.com.br\/blog\/#\/schema\/person\/e8165364027a31208914fc77c3314727\",\"name\":\"D\u00e9cio Terror Filho\",\"image\":{\"@type\":\"ImageObject\",\"inLanguage\":\"pt-BR\",\"@id\":\"https:\/\/secure.gravatar.com\/avatar\/a5b78e734de7c6482e965926e78344deb81abbc34282a3c9536cbb1a59728a37?s=96&d=mm&r=g\",\"url\":\"https:\/\/secure.gravatar.com\/avatar\/a5b78e734de7c6482e965926e78344deb81abbc34282a3c9536cbb1a59728a37?s=96&d=mm&r=g\",\"contentUrl\":\"https:\/\/secure.gravatar.com\/avatar\/a5b78e734de7c6482e965926e78344deb81abbc34282a3c9536cbb1a59728a37?s=96&d=mm&r=g\",\"caption\":\"D\u00e9cio Terror Filho\"},\"url\":\"https:\/\/www.estrategiaconcursos.com.br\/blog\/author\/contatoterrorportugues-com-br\/\"}]}<\/script>\n<!-- \/ Yoast SEO Premium plugin. -->","yoast_head_json":{"title":"Concurso SEDEST: Ibrae divulga novas datas de reaplica\u00e7\u00e3o das provas","description":"Concurso SEDEST: Ap\u00f3s den\u00fancias na primeira aplica\u00e7\u00e3o das provas, o Ibrae anuncia as datas para reaplica\u00e7\u00e3o das provas do concurso SEDEST. Prepare-se!","robots":{"index":"index","follow":"follow","max-snippet":"max-snippet:-1","max-image-preview":"max-image-preview:large","max-video-preview":"max-video-preview:-1"},"canonical":"https:\/\/www.estrategiaconcursos.com.br\/blog\/concurso-sedest-reaplicacao-das-provas\/","og_locale":"pt_BR","og_type":"article","og_title":"Concurso SEDEST: Ibrae divulga novas datas de reaplica\u00e7\u00e3o das provas","og_description":"Concurso SEDEST: Ap\u00f3s den\u00fancias na primeira aplica\u00e7\u00e3o das provas, o Ibrae anuncia as datas para reaplica\u00e7\u00e3o das provas do concurso SEDEST. Prepare-se!","og_url":"https:\/\/www.estrategiaconcursos.com.br\/blog\/concurso-sedest-reaplicacao-das-provas\/","og_site_name":"Estrat\u00e9gia Concursos","article_published_time":"2019-04-08T20:24:31+00:00","article_modified_time":"2019-04-08T20:24:34+00:00","og_image":[{"width":400,"height":209,"url":"https:\/\/dhg1h5j42swfq.cloudfront.net\/2018\/07\/03183748\/SEDEST-e1530653877941.jpg","type":"image\/jpeg"}],"author":"D\u00e9cio Terror Filho","twitter_card":"summary_large_image","twitter_creator":"@EstratConcursos","twitter_site":"@EstratConcursos","twitter_misc":{"Escrito por":"D\u00e9cio Terror Filho","Est. tempo de leitura":"2 minutos"},"schema":{"@context":"https:\/\/schema.org","@graph":[{"@type":"NewsArticle","@id":"https:\/\/www.estrategiaconcursos.com.br\/blog\/concurso-sedest-reaplicacao-das-provas\/#article","isPartOf":{"@id":"https:\/\/www.estrategiaconcursos.com.br\/blog\/concurso-sedest-reaplicacao-das-provas\/"},"author":{"name":"D\u00e9cio Terror Filho","@id":"https:\/\/www.estrategiaconcursos.com.br\/blog\/#\/schema\/person\/e8165364027a31208914fc77c3314727"},"headline":"Concurso SEDEST: Ibrae divulga novas datas de reaplica\u00e7\u00e3o das provas","datePublished":"2019-04-08T20:24:31+00:00","dateModified":"2019-04-08T20:24:34+00:00","mainEntityOfPage":{"@id":"https:\/\/www.estrategiaconcursos.com.br\/blog\/concurso-sedest-reaplicacao-das-provas\/"},"wordCount":316,"commentCount":0,"publisher":{"@id":"https:\/\/www.estrategiaconcursos.com.br\/blog\/#organization"},"image":{"@id":"https:\/\/www.estrategiaconcursos.com.br\/blog\/concurso-sedest-reaplicacao-das-provas\/#primaryimage"},"thumbnailUrl":"https:\/\/dhg1h5j42swfq.cloudfront.net\/2018\/07\/03183748\/SEDEST-e1530653877941.jpg","articleSection":["Concursos P\u00fablicos"],"inLanguage":"pt-BR","potentialAction":[{"@type":"CommentAction","name":"Comment","target":["https:\/\/www.estrategiaconcursos.com.br\/blog\/concurso-sedest-reaplicacao-das-provas\/#respond"]}],"copyrightYear":"2019","copyrightHolder":{"@id":"https:\/\/www.estrategiaconcursos.com.br\/blog\/#organization"}},{"@type":"WebPage","@id":"https:\/\/www.estrategiaconcursos.com.br\/blog\/concurso-sedest-reaplicacao-das-provas\/","url":"https:\/\/www.estrategiaconcursos.com.br\/blog\/concurso-sedest-reaplicacao-das-provas\/","name":"Concurso SEDEST: Ibrae divulga novas datas de reaplica\u00e7\u00e3o das provas","isPartOf":{"@id":"https:\/\/www.estrategiaconcursos.com.br\/blog\/#website"},"primaryImageOfPage":{"@id":"https:\/\/www.estrategiaconcursos.com.br\/blog\/concurso-sedest-reaplicacao-das-provas\/#primaryimage"},"image":{"@id":"https:\/\/www.estrategiaconcursos.com.br\/blog\/concurso-sedest-reaplicacao-das-provas\/#primaryimage"},"thumbnailUrl":"https:\/\/dhg1h5j42swfq.cloudfront.net\/2018\/07\/03183748\/SEDEST-e1530653877941.jpg","datePublished":"2019-04-08T20:24:31+00:00","dateModified":"2019-04-08T20:24:34+00:00","description":"Concurso SEDEST: Ap\u00f3s den\u00fancias na primeira aplica\u00e7\u00e3o das provas, o Ibrae anuncia as datas para reaplica\u00e7\u00e3o das provas do concurso SEDEST. Prepare-se!","breadcrumb":{"@id":"https:\/\/www.estrategiaconcursos.com.br\/blog\/concurso-sedest-reaplicacao-das-provas\/#breadcrumb"},"inLanguage":"pt-BR","potentialAction":[{"@type":"ReadAction","target":["https:\/\/www.estrategiaconcursos.com.br\/blog\/concurso-sedest-reaplicacao-das-provas\/"]}]},{"@type":"ImageObject","inLanguage":"pt-BR","@id":"https:\/\/www.estrategiaconcursos.com.br\/blog\/concurso-sedest-reaplicacao-das-provas\/#primaryimage","url":"https:\/\/dhg1h5j42swfq.cloudfront.net\/2018\/07\/03183748\/SEDEST-e1530653877941.jpg","contentUrl":"https:\/\/dhg1h5j42swfq.cloudfront.net\/2018\/07\/03183748\/SEDEST-e1530653877941.jpg","width":400,"height":209,"caption":"Concurso SEDEST"},{"@type":"BreadcrumbList","@id":"https:\/\/www.estrategiaconcursos.com.br\/blog\/concurso-sedest-reaplicacao-das-provas\/#breadcrumb","itemListElement":[{"@type":"ListItem","position":1,"name":"In\u00edcio","item":"https:\/\/www.estrategiaconcursos.com.br\/blog\/"},{"@type":"ListItem","position":2,"name":"Concurso SEDEST: Ibrae divulga novas datas de reaplica\u00e7\u00e3o das provas"}]},{"@type":"WebSite","@id":"https:\/\/www.estrategiaconcursos.com.br\/blog\/#website","url":"https:\/\/www.estrategiaconcursos.com.br\/blog\/","name":"Estrat\u00e9gia Concursos","description":"O blog da Estrat\u00e9gia Concursos traz not\u00edcias sobre concursos e artigos de professores oferecendo cursos para concursos (pdf + videaulas) no site.","publisher":{"@id":"https:\/\/www.estrategiaconcursos.com.br\/blog\/#organization"},"potentialAction":[{"@type":"SearchAction","target":{"@type":"EntryPoint","urlTemplate":"https:\/\/www.estrategiaconcursos.com.br\/blog\/?s={search_term_string}"},"query-input":{"@type":"PropertyValueSpecification","valueRequired":true,"valueName":"search_term_string"}}],"inLanguage":"pt-BR"},{"@type":"Organization","@id":"https:\/\/www.estrategiaconcursos.com.br\/blog\/#organization","name":"Estrat\u00e9gia Concursos","url":"https:\/\/www.estrategiaconcursos.com.br\/blog\/","logo":{"@type":"ImageObject","inLanguage":"pt-BR","@id":"https:\/\/www.estrategiaconcursos.com.br\/blog\/#\/schema\/logo\/image\/","url":"https:\/\/dhg1h5j42swfq.cloudfront.net\/2025\/06\/03203428\/logo_concursos-1.jpg","contentUrl":"https:\/\/dhg1h5j42swfq.cloudfront.net\/2025\/06\/03203428\/logo_concursos-1.jpg","width":230,"height":60,"caption":"Estrat\u00e9gia Concursos"},"image":{"@id":"https:\/\/www.estrategiaconcursos.com.br\/blog\/#\/schema\/logo\/image\/"},"sameAs":["https:\/\/x.com\/EstratConcursos"]},{"@type":"Person","@id":"https:\/\/www.estrategiaconcursos.com.br\/blog\/#\/schema\/person\/e8165364027a31208914fc77c3314727","name":"D\u00e9cio Terror Filho","image":{"@type":"ImageObject","inLanguage":"pt-BR","@id":"https:\/\/secure.gravatar.com\/avatar\/a5b78e734de7c6482e965926e78344deb81abbc34282a3c9536cbb1a59728a37?s=96&d=mm&r=g","url":"https:\/\/secure.gravatar.com\/avatar\/a5b78e734de7c6482e965926e78344deb81abbc34282a3c9536cbb1a59728a37?s=96&d=mm&r=g","contentUrl":"https:\/\/secure.gravatar.com\/avatar\/a5b78e734de7c6482e965926e78344deb81abbc34282a3c9536cbb1a59728a37?s=96&d=mm&r=g","caption":"D\u00e9cio Terror Filho"},"url":"https:\/\/www.estrategiaconcursos.com.br\/blog\/author\/contatoterrorportugues-com-br\/"}]}},"_links":{"self":[{"href":"https:\/\/www.estrategiaconcursos.com.br\/blog\/wp-json\/wp\/v2\/posts\/177636","targetHints":{"allow":["GET"]}}],"collection":[{"href":"https:\/\/www.estrategiaconcursos.com.br\/blog\/wp-json\/wp\/v2\/posts"}],"about":[{"href":"https:\/\/www.estrategiaconcursos.com.br\/blog\/wp-json\/wp\/v2\/types\/post"}],"author":[{"embeddable":true,"href":"https:\/\/www.estrategiaconcursos.com.br\/blog\/wp-json\/wp\/v2\/users\/214"}],"replies":[{"embeddable":true,"href":"https:\/\/www.estrategiaconcursos.com.br\/blog\/wp-json\/wp\/v2\/comments?post=177636"}],"version-history":[{"count":2,"href":"https:\/\/www.estrategiaconcursos.com.br\/blog\/wp-json\/wp\/v2\/posts\/177636\/revisions"}],"predecessor-version":[{"id":177666,"href":"https:\/\/www.estrategiaconcursos.com.br\/blog\/wp-json\/wp\/v2\/posts\/177636\/revisions\/177666"}],"wp:featuredmedia":[{"embeddable":true,"href":"https:\/\/www.estrategiaconcursos.com.br\/blog\/wp-json\/wp\/v2\/media\/129702"}],"wp:attachment":[{"href":"https:\/\/www.estrategiaconcursos.com.br\/blog\/wp-json\/wp\/v2\/media?parent=177636"}],"wp:term":[{"taxonomy":"category","embeddable":true,"href":"https:\/\/www.estrategiaconcursos.com.br\/blog\/wp-json\/wp\/v2\/categories?post=177636"},{"taxonomy":"post_tag","embeddable":true,"href":"https:\/\/www.estrategiaconcursos.com.br\/blog\/wp-json\/wp\/v2\/tags?post=177636"},{"taxonomy":"tax_estado","embeddable":true,"href":"https:\/\/www.estrategiaconcursos.com.br\/blog\/wp-json\/wp\/v2\/tax_estado?post=177636"}],"curies":[{"name":"wp","href":"https:\/\/api.w.org\/{rel}","templated":true}]}}