{"id":1776175,"date":"2026-07-11T12:54:20","date_gmt":"2026-07-11T15:54:20","guid":{"rendered":"https:\/\/blog-estrategia.mystagingwebsite.com\/blog\/?p=1776175"},"modified":"2026-08-21T23:06:53","modified_gmt":"2026-08-22T02:06:53","slug":"concurso-prefeitura-aral-moreira","status":"publish","type":"post","link":"https:\/\/www.estrategiaconcursos.com.br\/blog\/concurso-prefeitura-aral-moreira\/","title":{"rendered":"Concurso Aral Moreira MS: processo seletivo de 2017"},"content":{"rendered":"\n<p class=\"wp-block-paragraph\" style=\"font-size:clamp(16.293px, 1.018rem + ((1vw - 3.2px) * 0.854), 25px);font-style:italic;font-weight:700\">O processo seletivo de 2017 concentrou oportunidades tempor\u00e1rias em fun\u00e7\u00f5es da rede municipal de ensino.<\/p>\n\n\n\n<p class=\"wp-block-paragraph\">Em Aral Moreira, as publica\u00e7\u00f5es para ingresso no servi\u00e7o p\u00fablico alternaram certames de maior abrang\u00eancia, com exig\u00eancia dos n\u00edveis fundamental, m\u00e9dio e superior, e processos seletivos concentrados na Educa\u00e7\u00e3o. As iniciativas de 2014, 2015 e 2017 tiveram presen\u00e7a recorrente de fun\u00e7\u00f5es ligadas \u00e0 educa\u00e7\u00e3o infantil e \u00e0 rede de ensino, enquanto as publica\u00e7\u00f5es de 2007 e 2012 alcan\u00e7aram diferentes n\u00edveis de escolaridade.<\/p>\n\n\n\n<ul class=\"wp-block-list has-very-light-gray-to-cyan-bluish-gray-gradient-background has-background\">\n<li><strong>Status:<\/strong> sem previs\u00e3o de novo edital<\/li>\n<li><strong>\u00daltimo edital:<\/strong> 2017 (processo seletivo)<\/li>\n<li><strong>Vagas:<\/strong> 139<\/li>\n<li><strong>Remunera\u00e7\u00e3o:<\/strong> at\u00e9 R$ 1.951,65<\/li>\n<li><strong>Escolaridade:<\/strong> n\u00edveis fundamental, m\u00e9dio e superior<\/li>\n<\/ul>\n\n\n\n<h2 class=\"wp-block-heading\" id=\"situacao-atual\">Situa\u00e7\u00e3o atual do concurso em Aral Moreira<\/h2>\n\n\n\n<p class=\"wp-block-paragraph\">A Prefeitura de Aral Moreira est\u00e1 sem previs\u00e3o de edital.<\/p>\n\n\n\n<h2 class=\"wp-block-heading\" id=\"ultimo-concurso\">\u00daltimo processo seletivo em Aral Moreira<\/h2>\n\n\n\n<p class=\"wp-block-paragraph\">Em 2017, a Prefeitura de Aral Moreira abriu processo seletivo com 139 vagas para a Secretaria Municipal de Educa\u00e7\u00e3o. A contrata\u00e7\u00e3o prevista tinha car\u00e1ter excepcional e tempor\u00e1rio.<\/p>\n\n\n\n<p class=\"wp-block-paragraph\">As oportunidades abrangiam Educa\u00e7\u00e3o Infantil, anos iniciais do Ensino Fundamental, apoio \u00e0 Educa\u00e7\u00e3o Especial, sala de recursos, Arte e Educa\u00e7\u00e3o F\u00edsica nos anos iniciais. A escolaridade exigida variava entre os n\u00edveis fundamental, m\u00e9dio e superior.<\/p>\n\n\n\n<p class=\"wp-block-paragraph\">O edital previu prova objetiva e prova de t\u00edtulos como formas de sele\u00e7\u00e3o. A remunera\u00e7\u00e3o m\u00e1xima chegava a R$ 1.951,65. O ciclo de 2017 foi encerrado.<\/p>\n\n\n\n<ul class=\"wp-block-list\">\n<li>Educa\u00e7\u00e3o Infantil<\/li>\n\n\n\n<li>Anos Iniciais do Ensino Fundamental<\/li>\n\n\n\n<li>de Apoio &#8211; Educa\u00e7\u00e3o Especial<\/li>\n\n\n\n<li>Educa\u00e7\u00e3o Especial &#8211; Sala de recursos<\/li>\n\n\n\n<li>Arte dos anos iniciais do Ensino Fundamental<\/li>\n\n\n\n<li>Educa\u00e7\u00e3o F\u00edsica dos anos iniciais do Ensino Fundamental<\/li>\n<\/ul>\n\n\n\n<h2 class=\"wp-block-heading\" id=\"historico\">Hist\u00f3rico de concursos em Aral Moreira<\/h2>\n\n\n\n<p class=\"wp-block-paragraph\">Em 2015, houve retifica\u00e7\u00e3o de um processo seletivo para Auxiliar de Educa\u00e7\u00e3o Infantil. A sele\u00e7\u00e3o oferecia 18 vagas de n\u00edvel m\u00e9dio, com remunera\u00e7\u00e3o de R$ 957,82.<\/p>\n\n\n\n<p class=\"wp-block-paragraph\">No ano anterior, outra retifica\u00e7\u00e3o alcan\u00e7ou o edital destinado a Auxiliar da Educa\u00e7\u00e3o Infantil. A publica\u00e7\u00e3o de 2014 contemplava 16 vagas de n\u00edvel m\u00e9dio e sal\u00e1rio de R$ 868,80.<\/p>\n\n\n\n<p class=\"wp-block-paragraph\">Em 2012, a Prefeitura abriu 204 vagas para candidatos dos n\u00edveis fundamental, m\u00e9dio e superior, com remunera\u00e7\u00e3o m\u00e1xima de R$ 8.000,00. Cinco anos antes, a publica\u00e7\u00e3o de 2007 havia oferecido 86 vagas para os mesmos n\u00edveis de escolaridade, com sal\u00e1rio de at\u00e9 R$ 1.100,00. Os dois registros foram mais abrangentes que as sele\u00e7\u00f5es posteriores concentradas na Educa\u00e7\u00e3o Infantil e em outras fun\u00e7\u00f5es do ensino municipal \u2014 o processo de 2012 ofereceu mais do que o dobro das vagas anunciadas em 2007, sem que essa compara\u00e7\u00e3o represente soma entre certames distintos. Em 2019, a C\u00e2mara da cidade de Aral Moreira, \u00f3rg\u00e3o diferente da Prefeitura, teve um concurso pr\u00f3prio retificado. Esse certame da C\u00e2mara oferecia seis vagas para os n\u00edveis fundamental, m\u00e9dio e superior, com remunera\u00e7\u00e3o m\u00e1xima de R$ 2.554,41.<\/p>\n\n\n\n<h2 class=\"wp-block-heading\" id=\"linha-do-tempo\">Linha do tempo<\/h2>\n\n\n\n<ul class=\"wp-block-list\">\n<li><strong>2019:<\/strong> retifica\u00e7\u00e3o de concurso pr\u00f3prio da C\u00e2mara da cidade de Aral Moreira, distinto dos certames da Prefeitura.<\/li>\n\n\n\n<li><strong>2017:<\/strong> processo seletivo tempor\u00e1rio da Prefeitura para fun\u00e7\u00f5es da Secretaria Municipal de Educa\u00e7\u00e3o.<\/li>\n\n\n\n<li><strong>2015:<\/strong> retifica\u00e7\u00e3o de processo seletivo para Auxiliar de Educa\u00e7\u00e3o Infantil.<\/li>\n\n\n\n<li><strong>2014:<\/strong> retifica\u00e7\u00e3o de edital para Auxiliar da Educa\u00e7\u00e3o Infantil.<\/li>\n\n\n\n<li><strong>2012:<\/strong> abertura de certame da Prefeitura com oportunidades nos tr\u00eas n\u00edveis de escolaridade.<\/li>\n\n\n\n<li><strong>2007:<\/strong> oferta de vagas pela Prefeitura para candidatos dos n\u00edveis fundamental, m\u00e9dio e superior.<\/li>\n<\/ul>\n\n\n\n<h2 class=\"wp-block-heading has-text-align-center\" id=\"mapa-regiao\">Veja Concursos Abertos na mesma regi\u00e3o<\/h2>\n\n\n\n<iframe\n  src=\"https:\/\/www.estrategiaconcursos.com.br\/blog\/mapa-concursos\/embed?situacoes=Inscri%C3%A7%C3%B5es%20abertas&amp;estado=MS\"\n  width=\"100%\"\n  height=\"400\"\n  style=\"border: none; display: block;\"\n  title=\"Mapa de Concursos P\u00fablicos em Mato Grosso do Sul\"\n  loading=\"lazy\"><\/iframe>\n\n\n\n<h2 class=\"wp-block-heading has-text-align-center\" id=\"cursos\">Quer saber tudo sobre concursos previstos?<br \/>Confira nossos artigos!<\/h2>\n\n\n\n<ul class=\"wp-block-list\">\n<li><a href=\"https:\/\/www.estrategiaconcursos.com.br\/blog\/concursos-abertos\/\" target=\"_blank\" rel=\"noreferrer noopener\">Concursos Abertos<\/a><\/li>\n<li><a href=\"https:\/\/www.estrategiaconcursos.com.br\/blog\/concursos-2026\/\" target=\"_blank\" rel=\"noreferrer noopener\">Concursos 2026<\/a><\/li>\n<li><a href=\"https:\/\/www.estrategiaconcursos.com.br\/blog\/concursos-mato-grosso-do-sul\/\" target=\"_blank\" rel=\"noreferrer noopener\">Concursos Mato Grosso do Sul<\/a><\/li>\n<\/ul>\n\n\n\n<div class=\"estrategia\" id=\"box-assinatura\">\n  <h3 class=\"titulo-assinatura\">Assinatura Concursos<\/h3>\n  <p class=\"subtitulo-assinatura\">Assinatura de 1 ano ou 2 anos<\/p>\n  <div class=\"box-botao\">\n    <a class=\"btn-assinatura\" target=\"_blank\" href=\"https:\/\/www.estrategiaconcursos.com.br\/assinaturas\/\" role=\"button\" rel=\"noopener noreferrer\">ASSINE AGORA<\/a>\n  <\/div>\n<\/div>\n\n\n\n<h3 class=\"wp-block-heading\" id=\"ficha\">Informa\u00e7\u00f5es do \u00faltimo processo seletivo<\/h3>\n\n\n\n<ul class=\"wp-block-list\">\n<li><strong>\u00d3rg\u00e3o:<\/strong> Prefeitura de Aral Moreira (MS)<\/li>\n\n\n\n<li><strong>Ano:<\/strong> 2017<\/li>\n\n\n\n<li><strong>Tipo:<\/strong> processo seletivo<\/li>\n\n\n\n<li><strong>Cargos:<\/strong> Educa\u00e7\u00e3o Infantil, Anos Iniciais do Ensino Fundamental, de Apoio &#8211; Educa\u00e7\u00e3o Especial, Educa\u00e7\u00e3o Especial &#8211; Sala de recursos, Arte dos anos iniciais do Ensino Fundamental, entre outros<\/li>\n\n\n\n<li><strong>Vagas:<\/strong> 139<\/li>\n\n\n\n<li><strong>Escolaridade:<\/strong> n\u00edveis fundamental, m\u00e9dio e superior<\/li>\n\n\n\n<li><strong>Remunera\u00e7\u00e3o:<\/strong> at\u00e9 R$ 1.951,65<\/li>\n\n\n\n<li><strong>Situa\u00e7\u00e3o:<\/strong> sem previs\u00e3o de novo edital<\/li>\n<\/ul>\n\n\n\n<div class=\"container\" id=\"boxes\">\n  <div class=\"row\">\n    <div class=\"col-sm\">\n      <div class=\"banner-prefeituras-ec\" id=\"box-assinatura\">\n        <h2 class=\"titulo-assinatura\" style=\"text-align: left;\">Concursos Prefeituras<\/h2>\n        <p class=\"subtitulo-assinatura\" style=\"text-align: left;\">Prepara\u00e7\u00e3o completa para a carreira!<\/p>\n        <div class=\"box-botao\" style=\"text-align: left;\">\n          <a class=\"btn-assinatura\" target=\"_blank\" href=\"https:\/\/www.estrategiaconcursos.com.br\/pesquisa\/?q=prefeitura+aral+moreira\" role=\"button\" rel=\"noopener noreferrer\">EXPLORAR CURSOS<\/a>\n        <\/div>\n      <\/div>\n    <\/div>\n  <\/div>\n<\/div>\n\n","protected":false},"excerpt":{"rendered":"<p>O processo seletivo de 2017 concentrou oportunidades tempor\u00e1rias em fun\u00e7\u00f5es da rede municipal de ensino. Em Aral Moreira, as publica\u00e7\u00f5es para ingresso no servi\u00e7o p\u00fablico alternaram certames de maior abrang\u00eancia, com exig\u00eancia dos n\u00edveis fundamental, m\u00e9dio e superior, e processos seletivos concentrados na Educa\u00e7\u00e3o. As iniciativas de 2014, 2015 e 2017 tiveram presen\u00e7a recorrente de [&hellip;]<\/p>\n","protected":false},"author":344,"featured_media":1540739,"comment_status":"open","ping_status":"closed","sticky":false,"template":"","format":"standard","meta":{"_acf_changed":false,"post_tipo":"news_page","footnotes":""},"categories":[222278],"tags":[],"tax_estado":[219975],"class_list":["post-1776175","post","type-post","status-publish","format-standard","has-post-thumbnail","hentry","category-prefeituras","tax_estado-ms"],"acf":[],"yoast_head":"<!-- This site is optimized with the Yoast SEO Premium plugin v28.1 (Yoast SEO v28.1) - https:\/\/yoast.com\/product\/yoast-seo-premium-wordpress\/ -->\n<title>Concurso Aral Moreira MS: processo seletivo de 2017<\/title>\n<meta name=\"description\" content=\"Concurso Aral Moreira (MS): confira o processo seletivo tempor\u00e1rio de 2017 para a Educa\u00e7\u00e3o e o hist\u00f3rico de certames no munic\u00edpio.\" \/>\n<meta name=\"robots\" content=\"index, follow, max-snippet:-1, max-image-preview:large, max-video-preview:-1\" \/>\n<link rel=\"canonical\" href=\"https:\/\/www.estrategiaconcursos.com.br\/blog\/concurso-prefeitura-aral-moreira\/\" \/>\n<meta property=\"og:locale\" content=\"pt_BR\" \/>\n<meta property=\"og:type\" content=\"article\" \/>\n<meta property=\"og:title\" content=\"Concurso Aral Moreira MS: processo seletivo de 2017\" \/>\n<meta property=\"og:description\" content=\"Concurso Aral Moreira (MS): confira o processo seletivo tempor\u00e1rio de 2017 para a Educa\u00e7\u00e3o e o hist\u00f3rico de certames no munic\u00edpio.\" \/>\n<meta property=\"og:url\" content=\"https:\/\/www.estrategiaconcursos.com.br\/blog\/concurso-prefeitura-aral-moreira\/\" \/>\n<meta property=\"og:site_name\" content=\"Estrat\u00e9gia Concursos\" \/>\n<meta property=\"article:author\" content=\"https:\/\/www.facebook.com\/coachluiseduardo\/\" \/>\n<meta property=\"article:published_time\" content=\"2026-07-11T15:54:20+00:00\" \/>\n<meta property=\"article:modified_time\" content=\"2026-08-22T02:06:53+00:00\" \/>\n<meta property=\"og:image\" content=\"https:\/\/dhg1h5j42swfq.cloudfront.net\/2025\/03\/05201612\/concursos-prefeituras-1024x536-1.jpg\" \/>\n\t<meta property=\"og:image:width\" content=\"1024\" \/>\n\t<meta property=\"og:image:height\" content=\"536\" \/>\n\t<meta property=\"og:image:type\" content=\"image\/jpeg\" \/>\n<meta name=\"author\" content=\"Luis Eduardo\" \/>\n<meta name=\"twitter:card\" content=\"summary_large_image\" \/>\n<meta name=\"twitter:creator\" content=\"@EstratConcursos\" \/>\n<meta name=\"twitter:site\" content=\"@EstratConcursos\" \/>\n<meta name=\"twitter:label1\" content=\"Escrito por\" \/>\n\t<meta name=\"twitter:data1\" content=\"Luis Eduardo\" \/>\n\t<meta name=\"twitter:label2\" content=\"Est. tempo de leitura\" \/>\n\t<meta name=\"twitter:data2\" content=\"3 minutos\" \/>\n<script type=\"application\/ld+json\" class=\"yoast-schema-graph\">{\"@context\":\"https:\\\/\\\/schema.org\",\"@graph\":[{\"@type\":\"NewsArticle\",\"@id\":\"https:\\\/\\\/www.estrategiaconcursos.com.br\\\/blog\\\/concurso-prefeitura-aral-moreira\\\/#article\",\"isPartOf\":{\"@id\":\"https:\\\/\\\/www.estrategiaconcursos.com.br\\\/blog\\\/concurso-prefeitura-aral-moreira\\\/\"},\"author\":{\"name\":\"Luis Eduardo\",\"@id\":\"https:\\\/\\\/blog-estrategia.mystagingwebsite.com\\\/#\\\/schema\\\/person\\\/0906ff564105056f3b05978d503ee214\"},\"headline\":\"Concurso Aral Moreira MS: processo seletivo de 2017\",\"datePublished\":\"2026-07-11T15:54:20+00:00\",\"dateModified\":\"2026-08-22T02:06:53+00:00\",\"mainEntityOfPage\":{\"@id\":\"https:\\\/\\\/www.estrategiaconcursos.com.br\\\/blog\\\/concurso-prefeitura-aral-moreira\\\/\"},\"wordCount\":680,\"commentCount\":0,\"publisher\":{\"@id\":\"https:\\\/\\\/blog-estrategia.mystagingwebsite.com\\\/#organization\"},\"image\":{\"@id\":\"https:\\\/\\\/www.estrategiaconcursos.com.br\\\/blog\\\/concurso-prefeitura-aral-moreira\\\/#primaryimage\"},\"thumbnailUrl\":\"https:\\\/\\\/dhg1h5j42swfq.cloudfront.net\\\/2025\\\/03\\\/05201612\\\/concursos-prefeituras-1024x536-1.jpg\",\"articleSection\":[\"Prefeituras\"],\"inLanguage\":\"pt-BR\",\"potentialAction\":[{\"@type\":\"CommentAction\",\"name\":\"Comment\",\"target\":[\"https:\\\/\\\/www.estrategiaconcursos.com.br\\\/blog\\\/concurso-prefeitura-aral-moreira\\\/#respond\"]}],\"copyrightYear\":\"2026\",\"copyrightHolder\":{\"@id\":\"https:\\\/\\\/www.estrategiaconcursos.com.br\\\/blog\\\/#organization\"}},{\"@type\":\"WebPage\",\"@id\":\"https:\\\/\\\/www.estrategiaconcursos.com.br\\\/blog\\\/concurso-prefeitura-aral-moreira\\\/\",\"url\":\"https:\\\/\\\/www.estrategiaconcursos.com.br\\\/blog\\\/concurso-prefeitura-aral-moreira\\\/\",\"name\":\"Concurso Aral Moreira MS: processo seletivo de 2017\",\"isPartOf\":{\"@id\":\"https:\\\/\\\/blog-estrategia.mystagingwebsite.com\\\/#website\"},\"primaryImageOfPage\":{\"@id\":\"https:\\\/\\\/www.estrategiaconcursos.com.br\\\/blog\\\/concurso-prefeitura-aral-moreira\\\/#primaryimage\"},\"image\":{\"@id\":\"https:\\\/\\\/www.estrategiaconcursos.com.br\\\/blog\\\/concurso-prefeitura-aral-moreira\\\/#primaryimage\"},\"thumbnailUrl\":\"https:\\\/\\\/dhg1h5j42swfq.cloudfront.net\\\/2025\\\/03\\\/05201612\\\/concursos-prefeituras-1024x536-1.jpg\",\"datePublished\":\"2026-07-11T15:54:20+00:00\",\"dateModified\":\"2026-08-22T02:06:53+00:00\",\"description\":\"Concurso Aral Moreira (MS): confira o processo seletivo tempor\u00e1rio de 2017 para a Educa\u00e7\u00e3o e o hist\u00f3rico de certames no munic\u00edpio.\",\"breadcrumb\":{\"@id\":\"https:\\\/\\\/www.estrategiaconcursos.com.br\\\/blog\\\/concurso-prefeitura-aral-moreira\\\/#breadcrumb\"},\"inLanguage\":\"pt-BR\",\"potentialAction\":[{\"@type\":\"ReadAction\",\"target\":[\"https:\\\/\\\/www.estrategiaconcursos.com.br\\\/blog\\\/concurso-prefeitura-aral-moreira\\\/\"]}]},{\"@type\":\"ImageObject\",\"inLanguage\":\"pt-BR\",\"@id\":\"https:\\\/\\\/www.estrategiaconcursos.com.br\\\/blog\\\/concurso-prefeitura-aral-moreira\\\/#primaryimage\",\"url\":\"https:\\\/\\\/dhg1h5j42swfq.cloudfront.net\\\/2025\\\/03\\\/05201612\\\/concursos-prefeituras-1024x536-1.jpg\",\"contentUrl\":\"https:\\\/\\\/dhg1h5j42swfq.cloudfront.net\\\/2025\\\/03\\\/05201612\\\/concursos-prefeituras-1024x536-1.jpg\",\"width\":1024,\"height\":536,\"caption\":\"Concursos prefeituras\"},{\"@type\":\"BreadcrumbList\",\"@id\":\"https:\\\/\\\/www.estrategiaconcursos.com.br\\\/blog\\\/concurso-prefeitura-aral-moreira\\\/#breadcrumb\",\"itemListElement\":[{\"@type\":\"ListItem\",\"position\":1,\"name\":\"In\u00edcio\",\"item\":\"https:\\\/\\\/blog-estrategia.mystagingwebsite.com\\\/\"},{\"@type\":\"ListItem\",\"position\":2,\"name\":\"Concurso Aral Moreira MS: processo seletivo de 2017\"}]},{\"@type\":\"WebSite\",\"@id\":\"https:\\\/\\\/blog-estrategia.mystagingwebsite.com\\\/#website\",\"url\":\"https:\\\/\\\/blog-estrategia.mystagingwebsite.com\\\/\",\"name\":\"Estrat\u00e9gia Concursos\",\"description\":\"O blog da Estrat\u00e9gia Concursos traz not\u00edcias sobre concursos e artigos de professores oferecendo cursos para concursos (pdf + videaulas) no site.\",\"publisher\":{\"@id\":\"https:\\\/\\\/blog-estrategia.mystagingwebsite.com\\\/#organization\"},\"potentialAction\":[{\"@type\":\"SearchAction\",\"target\":{\"@type\":\"EntryPoint\",\"urlTemplate\":\"https:\\\/\\\/blog-estrategia.mystagingwebsite.com\\\/?s={search_term_string}\"},\"query-input\":{\"@type\":\"PropertyValueSpecification\",\"valueRequired\":true,\"valueName\":\"search_term_string\"}}],\"inLanguage\":\"pt-BR\"},{\"@type\":\"Organization\",\"@id\":\"https:\\\/\\\/blog-estrategia.mystagingwebsite.com\\\/#organization\",\"name\":\"Estrat\u00e9gia Concursos\",\"url\":\"https:\\\/\\\/blog-estrategia.mystagingwebsite.com\\\/\",\"logo\":{\"@type\":\"ImageObject\",\"inLanguage\":\"pt-BR\",\"@id\":\"https:\\\/\\\/blog-estrategia.mystagingwebsite.com\\\/#\\\/schema\\\/logo\\\/image\\\/\",\"url\":\"https:\\\/\\\/dhg1h5j42swfq.cloudfront.net\\\/2025\\\/06\\\/03203428\\\/logo_concursos-1.jpg\",\"contentUrl\":\"https:\\\/\\\/dhg1h5j42swfq.cloudfront.net\\\/2025\\\/06\\\/03203428\\\/logo_concursos-1.jpg\",\"width\":230,\"height\":60,\"caption\":\"Estrat\u00e9gia Concursos\"},\"image\":{\"@id\":\"https:\\\/\\\/blog-estrategia.mystagingwebsite.com\\\/#\\\/schema\\\/logo\\\/image\\\/\"},\"sameAs\":[\"https:\\\/\\\/x.com\\\/EstratConcursos\"]},{\"@type\":\"Person\",\"@id\":\"https:\\\/\\\/blog-estrategia.mystagingwebsite.com\\\/#\\\/schema\\\/person\\\/0906ff564105056f3b05978d503ee214\",\"name\":\"Luis Eduardo\",\"image\":{\"@type\":\"ImageObject\",\"inLanguage\":\"pt-BR\",\"@id\":\"https:\\\/\\\/secure.gravatar.com\\\/avatar\\\/3ce09d3c01f86018c4f3b15b9e6389f2ac325bc19863fdb79cd37fefb38517d1?s=96&d=mm&r=g\",\"url\":\"https:\\\/\\\/secure.gravatar.com\\\/avatar\\\/3ce09d3c01f86018c4f3b15b9e6389f2ac325bc19863fdb79cd37fefb38517d1?s=96&d=mm&r=g\",\"contentUrl\":\"https:\\\/\\\/secure.gravatar.com\\\/avatar\\\/3ce09d3c01f86018c4f3b15b9e6389f2ac325bc19863fdb79cd37fefb38517d1?s=96&d=mm&r=g\",\"caption\":\"Luis Eduardo\"},\"sameAs\":[\"https:\\\/\\\/www.facebook.com\\\/coachluiseduardo\\\/\"],\"url\":\"https:\\\/\\\/www.estrategiaconcursos.com.br\\\/blog\\\/author\\\/luiseduardoestrategiaconcursos-com-br\\\/\"}]}<\/script>\n<!-- \/ Yoast SEO Premium plugin. -->","yoast_head_json":{"title":"Concurso Aral Moreira MS: processo seletivo de 2017","description":"Concurso Aral Moreira (MS): confira o processo seletivo tempor\u00e1rio de 2017 para a Educa\u00e7\u00e3o e o hist\u00f3rico de certames no munic\u00edpio.","robots":{"index":"index","follow":"follow","max-snippet":"max-snippet:-1","max-image-preview":"max-image-preview:large","max-video-preview":"max-video-preview:-1"},"canonical":"https:\/\/www.estrategiaconcursos.com.br\/blog\/concurso-prefeitura-aral-moreira\/","og_locale":"pt_BR","og_type":"article","og_title":"Concurso Aral Moreira MS: processo seletivo de 2017","og_description":"Concurso Aral Moreira (MS): confira o processo seletivo tempor\u00e1rio de 2017 para a Educa\u00e7\u00e3o e o hist\u00f3rico de certames no munic\u00edpio.","og_url":"https:\/\/www.estrategiaconcursos.com.br\/blog\/concurso-prefeitura-aral-moreira\/","og_site_name":"Estrat\u00e9gia Concursos","article_author":"https:\/\/www.facebook.com\/coachluiseduardo\/","article_published_time":"2026-07-11T15:54:20+00:00","article_modified_time":"2026-08-22T02:06:53+00:00","og_image":[{"width":1024,"height":536,"url":"https:\/\/dhg1h5j42swfq.cloudfront.net\/2025\/03\/05201612\/concursos-prefeituras-1024x536-1.jpg","type":"image\/jpeg"}],"author":"Luis Eduardo","twitter_card":"summary_large_image","twitter_creator":"@EstratConcursos","twitter_site":"@EstratConcursos","twitter_misc":{"Escrito por":"Luis Eduardo","Est. tempo de leitura":"3 minutos"},"schema":{"@context":"https:\/\/schema.org","@graph":[{"@type":"NewsArticle","@id":"https:\/\/www.estrategiaconcursos.com.br\/blog\/concurso-prefeitura-aral-moreira\/#article","isPartOf":{"@id":"https:\/\/www.estrategiaconcursos.com.br\/blog\/concurso-prefeitura-aral-moreira\/"},"author":{"name":"Luis Eduardo","@id":"https:\/\/blog-estrategia.mystagingwebsite.com\/#\/schema\/person\/0906ff564105056f3b05978d503ee214"},"headline":"Concurso Aral Moreira MS: processo seletivo de 2017","datePublished":"2026-07-11T15:54:20+00:00","dateModified":"2026-08-22T02:06:53+00:00","mainEntityOfPage":{"@id":"https:\/\/www.estrategiaconcursos.com.br\/blog\/concurso-prefeitura-aral-moreira\/"},"wordCount":680,"commentCount":0,"publisher":{"@id":"https:\/\/blog-estrategia.mystagingwebsite.com\/#organization"},"image":{"@id":"https:\/\/www.estrategiaconcursos.com.br\/blog\/concurso-prefeitura-aral-moreira\/#primaryimage"},"thumbnailUrl":"https:\/\/dhg1h5j42swfq.cloudfront.net\/2025\/03\/05201612\/concursos-prefeituras-1024x536-1.jpg","articleSection":["Prefeituras"],"inLanguage":"pt-BR","potentialAction":[{"@type":"CommentAction","name":"Comment","target":["https:\/\/www.estrategiaconcursos.com.br\/blog\/concurso-prefeitura-aral-moreira\/#respond"]}],"copyrightYear":"2026","copyrightHolder":{"@id":"https:\/\/www.estrategiaconcursos.com.br\/blog\/#organization"}},{"@type":"WebPage","@id":"https:\/\/www.estrategiaconcursos.com.br\/blog\/concurso-prefeitura-aral-moreira\/","url":"https:\/\/www.estrategiaconcursos.com.br\/blog\/concurso-prefeitura-aral-moreira\/","name":"Concurso Aral Moreira MS: processo seletivo de 2017","isPartOf":{"@id":"https:\/\/blog-estrategia.mystagingwebsite.com\/#website"},"primaryImageOfPage":{"@id":"https:\/\/www.estrategiaconcursos.com.br\/blog\/concurso-prefeitura-aral-moreira\/#primaryimage"},"image":{"@id":"https:\/\/www.estrategiaconcursos.com.br\/blog\/concurso-prefeitura-aral-moreira\/#primaryimage"},"thumbnailUrl":"https:\/\/dhg1h5j42swfq.cloudfront.net\/2025\/03\/05201612\/concursos-prefeituras-1024x536-1.jpg","datePublished":"2026-07-11T15:54:20+00:00","dateModified":"2026-08-22T02:06:53+00:00","description":"Concurso Aral Moreira (MS): confira o processo seletivo tempor\u00e1rio de 2017 para a Educa\u00e7\u00e3o e o hist\u00f3rico de certames no munic\u00edpio.","breadcrumb":{"@id":"https:\/\/www.estrategiaconcursos.com.br\/blog\/concurso-prefeitura-aral-moreira\/#breadcrumb"},"inLanguage":"pt-BR","potentialAction":[{"@type":"ReadAction","target":["https:\/\/www.estrategiaconcursos.com.br\/blog\/concurso-prefeitura-aral-moreira\/"]}]},{"@type":"ImageObject","inLanguage":"pt-BR","@id":"https:\/\/www.estrategiaconcursos.com.br\/blog\/concurso-prefeitura-aral-moreira\/#primaryimage","url":"https:\/\/dhg1h5j42swfq.cloudfront.net\/2025\/03\/05201612\/concursos-prefeituras-1024x536-1.jpg","contentUrl":"https:\/\/dhg1h5j42swfq.cloudfront.net\/2025\/03\/05201612\/concursos-prefeituras-1024x536-1.jpg","width":1024,"height":536,"caption":"Concursos prefeituras"},{"@type":"BreadcrumbList","@id":"https:\/\/www.estrategiaconcursos.com.br\/blog\/concurso-prefeitura-aral-moreira\/#breadcrumb","itemListElement":[{"@type":"ListItem","position":1,"name":"In\u00edcio","item":"https:\/\/blog-estrategia.mystagingwebsite.com\/"},{"@type":"ListItem","position":2,"name":"Concurso Aral Moreira MS: processo seletivo de 2017"}]},{"@type":"WebSite","@id":"https:\/\/blog-estrategia.mystagingwebsite.com\/#website","url":"https:\/\/blog-estrategia.mystagingwebsite.com\/","name":"Estrat\u00e9gia Concursos","description":"O blog da Estrat\u00e9gia Concursos traz not\u00edcias sobre concursos e artigos de professores oferecendo cursos para concursos (pdf + videaulas) no site.","publisher":{"@id":"https:\/\/blog-estrategia.mystagingwebsite.com\/#organization"},"potentialAction":[{"@type":"SearchAction","target":{"@type":"EntryPoint","urlTemplate":"https:\/\/blog-estrategia.mystagingwebsite.com\/?s={search_term_string}"},"query-input":{"@type":"PropertyValueSpecification","valueRequired":true,"valueName":"search_term_string"}}],"inLanguage":"pt-BR"},{"@type":"Organization","@id":"https:\/\/blog-estrategia.mystagingwebsite.com\/#organization","name":"Estrat\u00e9gia Concursos","url":"https:\/\/blog-estrategia.mystagingwebsite.com\/","logo":{"@type":"ImageObject","inLanguage":"pt-BR","@id":"https:\/\/blog-estrategia.mystagingwebsite.com\/#\/schema\/logo\/image\/","url":"https:\/\/dhg1h5j42swfq.cloudfront.net\/2025\/06\/03203428\/logo_concursos-1.jpg","contentUrl":"https:\/\/dhg1h5j42swfq.cloudfront.net\/2025\/06\/03203428\/logo_concursos-1.jpg","width":230,"height":60,"caption":"Estrat\u00e9gia Concursos"},"image":{"@id":"https:\/\/blog-estrategia.mystagingwebsite.com\/#\/schema\/logo\/image\/"},"sameAs":["https:\/\/x.com\/EstratConcursos"]},{"@type":"Person","@id":"https:\/\/blog-estrategia.mystagingwebsite.com\/#\/schema\/person\/0906ff564105056f3b05978d503ee214","name":"Luis Eduardo","image":{"@type":"ImageObject","inLanguage":"pt-BR","@id":"https:\/\/secure.gravatar.com\/avatar\/3ce09d3c01f86018c4f3b15b9e6389f2ac325bc19863fdb79cd37fefb38517d1?s=96&d=mm&r=g","url":"https:\/\/secure.gravatar.com\/avatar\/3ce09d3c01f86018c4f3b15b9e6389f2ac325bc19863fdb79cd37fefb38517d1?s=96&d=mm&r=g","contentUrl":"https:\/\/secure.gravatar.com\/avatar\/3ce09d3c01f86018c4f3b15b9e6389f2ac325bc19863fdb79cd37fefb38517d1?s=96&d=mm&r=g","caption":"Luis Eduardo"},"sameAs":["https:\/\/www.facebook.com\/coachluiseduardo\/"],"url":"https:\/\/www.estrategiaconcursos.com.br\/blog\/author\/luiseduardoestrategiaconcursos-com-br\/"}]}},"_links":{"self":[{"href":"https:\/\/www.estrategiaconcursos.com.br\/blog\/wp-json\/wp\/v2\/posts\/1776175","targetHints":{"allow":["GET"]}}],"collection":[{"href":"https:\/\/www.estrategiaconcursos.com.br\/blog\/wp-json\/wp\/v2\/posts"}],"about":[{"href":"https:\/\/www.estrategiaconcursos.com.br\/blog\/wp-json\/wp\/v2\/types\/post"}],"author":[{"embeddable":true,"href":"https:\/\/www.estrategiaconcursos.com.br\/blog\/wp-json\/wp\/v2\/users\/344"}],"replies":[{"embeddable":true,"href":"https:\/\/www.estrategiaconcursos.com.br\/blog\/wp-json\/wp\/v2\/comments?post=1776175"}],"version-history":[{"count":8,"href":"https:\/\/www.estrategiaconcursos.com.br\/blog\/wp-json\/wp\/v2\/posts\/1776175\/revisions"}],"predecessor-version":[{"id":1799311,"href":"https:\/\/www.estrategiaconcursos.com.br\/blog\/wp-json\/wp\/v2\/posts\/1776175\/revisions\/1799311"}],"wp:featuredmedia":[{"embeddable":true,"href":"https:\/\/www.estrategiaconcursos.com.br\/blog\/wp-json\/wp\/v2\/media\/1540739"}],"wp:attachment":[{"href":"https:\/\/www.estrategiaconcursos.com.br\/blog\/wp-json\/wp\/v2\/media?parent=1776175"}],"wp:term":[{"taxonomy":"category","embeddable":true,"href":"https:\/\/www.estrategiaconcursos.com.br\/blog\/wp-json\/wp\/v2\/categories?post=1776175"},{"taxonomy":"post_tag","embeddable":true,"href":"https:\/\/www.estrategiaconcursos.com.br\/blog\/wp-json\/wp\/v2\/tags?post=1776175"},{"taxonomy":"tax_estado","embeddable":true,"href":"https:\/\/www.estrategiaconcursos.com.br\/blog\/wp-json\/wp\/v2\/tax_estado?post=1776175"}],"curies":[{"name":"wp","href":"https:\/\/api.w.org\/{rel}","templated":true}]}}