{"id":1775896,"date":"2026-07-11T11:21:03","date_gmt":"2026-07-11T14:21:03","guid":{"rendered":"https:\/\/blog-estrategia.mystagingwebsite.com\/blog\/?p=1775896"},"modified":"2026-08-18T02:46:25","modified_gmt":"2026-08-18T05:46:25","slug":"concurso-prefeitura-sao-pedro-dos-ferros","status":"publish","type":"post","link":"https:\/\/www.estrategiaconcursos.com.br\/blog\/concurso-prefeitura-sao-pedro-dos-ferros\/","title":{"rendered":"Concurso S\u00e3o Pedro dos Ferros MG: processo seletivo de 2024"},"content":{"rendered":"\n<p class=\"wp-block-paragraph\" style=\"font-size:clamp(16.293px, 1.018rem + ((1vw - 3.2px) * 0.854), 25px);font-style:italic;font-weight:700\">A sele\u00e7\u00e3o municipal de 2024 reuniu fun\u00e7\u00f5es de sa\u00fade, educa\u00e7\u00e3o, assist\u00eancia social, administra\u00e7\u00e3o e apoio operacional.<\/p>\n\n\n\n<p class=\"wp-block-paragraph\">A administra\u00e7\u00e3o municipal de S\u00e3o Pedro dos Ferros recorreu a processos seletivos para preencher postos com diferentes requisitos de forma\u00e7\u00e3o. As publica\u00e7\u00f5es abrangeram desde atividades operacionais at\u00e9 fun\u00e7\u00f5es t\u00e9cnicas e de n\u00edvel superior, com presen\u00e7a de cargos ligados aos servi\u00e7os p\u00fablicos essenciais.<\/p>\n\n\n\n<ul class=\"wp-block-list has-very-light-gray-to-cyan-bluish-gray-gradient-background has-background\">\n<li><strong>Status:<\/strong> sem previs\u00e3o de edital<\/li>\n<li><strong>\u00daltimo edital:<\/strong> 2024 (processo seletivo)<\/li>\n<li><strong>Vagas:<\/strong> 124<\/li>\n<li><strong>Remunera\u00e7\u00e3o:<\/strong> de R$ 1.477,23 a R$ 10.438,72<\/li>\n<li><strong>Escolaridade:<\/strong> n\u00edveis fundamental, m\u00e9dio, t\u00e9cnico e superior<\/li>\n<\/ul>\n\n\n\n<h2 class=\"wp-block-heading\" id=\"situacao-atual\">Situa\u00e7\u00e3o atual do concurso em S\u00e3o Pedro dos Ferros<\/h2>\n\n\n\n<p class=\"wp-block-paragraph\">A Prefeitura de S\u00e3o Pedro dos Ferros est\u00e1 sem previs\u00e3o de novo edital.<\/p>\n\n\n\n<h2 class=\"wp-block-heading\" id=\"ultimo-concurso\">\u00daltimo processo seletivo em S\u00e3o Pedro dos Ferros<\/h2>\n\n\n\n<p class=\"wp-block-paragraph\">Em 2024, a prefeitura abriu um processo seletivo com 124 vagas, posteriormente encerrado. A sele\u00e7\u00e3o abrangia os n\u00edveis fundamental, m\u00e9dio, t\u00e9cnico e superior, com remunera\u00e7\u00f5es de R$ 1.477,23 a R$ 10.438,72 e jornadas de 27 horas e 30 minutos a 44 horas semanais. A organiza\u00e7\u00e3o ficou sob responsabilidade da ELO Assessoria, e a abertura vinculou as admiss\u00f5es ao regime estatut\u00e1rio.<\/p>\n\n\n\n<p class=\"wp-block-paragraph\">As maiores ofertas individuais foram destinadas a auxiliar de servi\u00e7os de infraestrutura e auxiliar de servi\u00e7os gerais, com 15 vagas cada. Auxiliar de administra\u00e7\u00e3o I e professor tiveram 13 oportunidades cada, enquanto vigilante recebeu 12, motorista contou com dez e monitor teve nove.<\/p>\n\n\n\n<p class=\"wp-block-paragraph\">Na sa\u00fade, o quadro incluiu agente comunit\u00e1rio de sa\u00fade, agente de combate \u00e0s endemias, auxiliares de enfermagem, t\u00e9cnico em enfermagem, t\u00e9cnico em sa\u00fade bucal, dentista de PSF, enfermeiro, enfermeiro de PSF, m\u00e9dico de PSF, nutricionista e veterin\u00e1rio. Tamb\u00e9m foram contemplados assistente social, assistente social do Cras, orientador social, psic\u00f3logo do Cras, pedagogo, professor de Educa\u00e7\u00e3o F\u00edsica, professor de L\u00ednguas Estrangeiras, agente de apoio educacional especializado, contador, calceteiro e operador de m\u00e1quina II.<\/p>\n\n\n\n<p class=\"wp-block-paragraph\">O edital previu prova objetiva de m\u00faltipla escolha para 24 de novembro de 2024, com quest\u00f5es de l\u00edngua portuguesa, matem\u00e1tica, conhecimentos gerais e conhecimentos espec\u00edficos.<\/p>\n\n\n\n<p class=\"wp-block-paragraph\">A validade prevista era de 12 meses a partir da homologa\u00e7\u00e3o do resultado final, com possibilidade de uma prorroga\u00e7\u00e3o pelo mesmo per\u00edodo mediante ato do prefeito.<\/p>\n\n\n\n<ul class=\"wp-block-list\">\n<li>Agente de Apoio Educacional Especializado AEE<\/li>\n\n\n\n<li>Agente de Combate \u00e0s Endemias<\/li>\n\n\n\n<li>Assistente Social<\/li>\n\n\n\n<li>Assistente Social do Cras<\/li>\n\n\n\n<li>Auxiliar de Administra\u00e7\u00e3o I<\/li>\n\n\n\n<li>Auxiliar de Enfermagem<\/li>\n\n\n\n<li>Auxiliar de Servi\u00e7os de Infraestrutura<\/li>\n\n\n\n<li>Auxiliar de Servi\u00e7os Gerais<\/li>\n\n\n\n<li>Calceteiro<\/li>\n\n\n\n<li>Contador<\/li>\n\n\n\n<li>Dentista de PSF<\/li>\n\n\n\n<li>Enfermeiro<\/li>\n\n\n\n<li>Enfermeiro de PSF<\/li>\n\n\n\n<li>M\u00e9dico de PSF<\/li>\n\n\n\n<li>Monitor<\/li>\n\n\n\n<li>Motorista<\/li>\n\n\n\n<li>Nutricionista<\/li>\n\n\n\n<li>Operador de M\u00e1quina II<\/li>\n\n\n\n<li>Orientador Social<\/li>\n\n\n\n<li>Pedagogo<\/li>\n\n\n\n<li>Professor<\/li>\n\n\n\n<li>Professor de Educa\u00e7\u00e3o F\u00edsica<\/li>\n\n\n\n<li>Professor de L\u00ednguas Estrangeiras<\/li>\n\n\n\n<li>Psic\u00f3logo do Cras<\/li>\n\n\n\n<li>T\u00e9cnico em Sa\u00fade Bucal<\/li>\n\n\n\n<li>T\u00e9cnico em Enfermagem<\/li>\n\n\n\n<li>Veterin\u00e1rio<\/li>\n\n\n\n<li>Vigilante<\/li>\n<\/ul>\n\n\n\n<h2 class=\"wp-block-heading\" id=\"historico\">Hist\u00f3rico de concursos em S\u00e3o Pedro dos Ferros<\/h2>\n\n\n\n<p class=\"wp-block-paragraph\">A sele\u00e7\u00e3o de 2024 veio cinco anos depois do processo seletivo municipal de 2019. Naquele ano, foram oferecidas cinco vagas para profissionais de n\u00edvel superior, com remunera\u00e7\u00e3o indicada de R$ 1.500,00, em contraste com a abrang\u00eancia de escolaridades e o n\u00famero de oportunidades da abertura posterior.<\/p>\n\n\n\n<p class=\"wp-block-paragraph\">Quatro anos antes, a publica\u00e7\u00e3o de 2015 tratou da retifica\u00e7\u00e3o de um edital de concurso p\u00fablico e informou que o processo seletivo relacionado permanecia inalterado. A oferta indicada era de 63 vagas para os n\u00edveis fundamental, m\u00e9dio e superior, com remunera\u00e7\u00e3o de at\u00e9 R$ 9.593,99.<\/p>\n\n\n\n<p class=\"wp-block-paragraph\">A oferta registrada em 2007 alcan\u00e7ou 266 vagas para candidatos dos n\u00edveis fundamental, m\u00e9dio e superior, com remunera\u00e7\u00e3o de at\u00e9 R$ 1.103,60. Em 2012, houve ainda um concurso da C\u00e2mara de S\u00e3o Pedro dos Ferros, \u00f3rg\u00e3o distinto da prefeitura, com quatro vagas de n\u00edvel m\u00e9dio e remunera\u00e7\u00e3o de at\u00e9 R$ 600,00.<\/p>\n\n\n\n<h2 class=\"wp-block-heading\" id=\"linha-do-tempo\">Linha do tempo<\/h2>\n\n\n\n<ul class=\"wp-block-list\">\n<li><strong>2024:<\/strong> A prefeitura abriu processo seletivo para fun\u00e7\u00f5es dos n\u00edveis fundamental, m\u00e9dio, t\u00e9cnico e superior.<\/li>\n\n\n\n<li><strong>2019:<\/strong> Processo seletivo municipal ofereceu oportunidades destinadas a profissionais de n\u00edvel superior.<\/li>\n\n\n\n<li><strong>2015:<\/strong> Publica\u00e7\u00e3o mencionou a retifica\u00e7\u00e3o do edital de concurso p\u00fablico e manteve inalterado o processo seletivo relacionado.<\/li>\n\n\n\n<li><strong>2012:<\/strong> A C\u00e2mara de S\u00e3o Pedro dos Ferros, \u00f3rg\u00e3o distinto da prefeitura, abriu concurso com quatro vagas de n\u00edvel m\u00e9dio.<\/li>\n\n\n\n<li><strong>2007:<\/strong> Oferta em S\u00e3o Pedro dos Ferros reuniu oportunidades para os n\u00edveis fundamental, m\u00e9dio e superior.<\/li>\n<\/ul>\n\n\n\n<h2 class=\"wp-block-heading has-text-align-center\" id=\"mapa-regiao\">Veja Concursos Abertos na mesma regi\u00e3o<\/h2>\n\n\n\n<iframe\n  src=\"https:\/\/www.estrategiaconcursos.com.br\/blog\/mapa-concursos\/embed?situacoes=Inscri%C3%A7%C3%B5es%20abertas&amp;estado=MG\"\n  width=\"100%\"\n  height=\"400\"\n  style=\"border: none; display: block;\"\n  title=\"Mapa de Concursos P\u00fablicos em Minas Gerais\"\n  loading=\"lazy\"><\/iframe>\n\n\n\n<h2 class=\"wp-block-heading has-text-align-center\" id=\"cursos\">Quer saber tudo sobre concursos previstos?<br \/>Confira nossos artigos!<\/h2>\n\n\n\n<ul class=\"wp-block-list\">\n<li><a href=\"https:\/\/www.estrategiaconcursos.com.br\/blog\/concursos-abertos\/\" target=\"_blank\" rel=\"noreferrer noopener\">Concursos Abertos<\/a><\/li>\n<li><a href=\"https:\/\/www.estrategiaconcursos.com.br\/blog\/concursos-2026\/\" target=\"_blank\" rel=\"noreferrer noopener\">Concursos 2026<\/a><\/li>\n<li><a href=\"https:\/\/www.estrategiaconcursos.com.br\/blog\/concursos-minas-gerais\/\" target=\"_blank\" rel=\"noreferrer noopener\">Concursos Minas Gerais<\/a><\/li>\n<\/ul>\n\n\n\n<div class=\"estrategia\" id=\"box-assinatura\">\n  <h3 class=\"titulo-assinatura\">Assinatura Concursos<\/h3>\n  <p class=\"subtitulo-assinatura\">Assinatura de 1 ano ou 2 anos<\/p>\n  <div class=\"box-botao\">\n    <a class=\"btn-assinatura\" target=\"_blank\" href=\"https:\/\/www.estrategiaconcursos.com.br\/assinaturas\/\" role=\"button\" rel=\"noopener noreferrer\">ASSINE AGORA<\/a>\n  <\/div>\n<\/div>\n\n\n\n<h3 class=\"wp-block-heading\" id=\"ficha\">Informa\u00e7\u00f5es do \u00faltimo processo seletivo<\/h3>\n\n\n\n<ul class=\"wp-block-list\">\n<li><strong>\u00d3rg\u00e3o:<\/strong> Prefeitura de S\u00e3o Pedro dos Ferros (MG)<\/li>\n\n\n\n<li><strong>Ano:<\/strong> 2024<\/li>\n\n\n\n<li><strong>Tipo:<\/strong> processo seletivo<\/li>\n\n\n\n<li><strong>Banca:<\/strong> ELO Assessoria<\/li>\n\n\n\n<li><strong>Cargos:<\/strong> Agente de Apoio Educacional Especializado AEE, Agente de Combate \u00e0s Endemias, Assistente Social, Assistente Social do Cras, Auxiliar de Administra\u00e7\u00e3o I, entre outros<\/li>\n\n\n\n<li><strong>Vagas:<\/strong> 124<\/li>\n\n\n\n<li><strong>Escolaridade:<\/strong> n\u00edveis fundamental, m\u00e9dio, t\u00e9cnico e superior<\/li>\n\n\n\n<li><strong>Remunera\u00e7\u00e3o:<\/strong> de R$ 1.477,23 a R$ 10.438,72<\/li>\n\n\n\n<li><strong>Situa\u00e7\u00e3o:<\/strong> sem previs\u00e3o de edital<\/li>\n<\/ul>\n\n\n\n<div class=\"container\" id=\"boxes\">\n  <div class=\"row\">\n    <div class=\"col-sm\">\n      <div class=\"banner-prefeituras-ec\" id=\"box-assinatura\">\n        <h2 class=\"titulo-assinatura\" style=\"text-align: left;\">Concursos Prefeituras<\/h2>\n        <p class=\"subtitulo-assinatura\" style=\"text-align: left;\">Prepara\u00e7\u00e3o completa para a carreira!<\/p>\n        <div class=\"box-botao\" style=\"text-align: left;\">\n          <a class=\"btn-assinatura\" target=\"_blank\" href=\"https:\/\/www.estrategiaconcursos.com.br\/pesquisa\/?q=prefeitura+sao+pedro+dos+ferros\" role=\"button\" rel=\"noopener noreferrer\">EXPLORAR CURSOS<\/a>\n        <\/div>\n      <\/div>\n    <\/div>\n  <\/div>\n<\/div>\n\n","protected":false},"excerpt":{"rendered":"<p>A sele\u00e7\u00e3o municipal de 2024 reuniu fun\u00e7\u00f5es de sa\u00fade, educa\u00e7\u00e3o, assist\u00eancia social, administra\u00e7\u00e3o e apoio operacional. A administra\u00e7\u00e3o municipal de S\u00e3o Pedro dos Ferros recorreu a processos seletivos para preencher postos com diferentes requisitos de forma\u00e7\u00e3o. As publica\u00e7\u00f5es abrangeram desde atividades operacionais at\u00e9 fun\u00e7\u00f5es t\u00e9cnicas e de n\u00edvel superior, com presen\u00e7a de cargos ligados aos [&hellip;]<\/p>\n","protected":false},"author":344,"featured_media":1540739,"comment_status":"open","ping_status":"closed","sticky":false,"template":"","format":"standard","meta":{"_acf_changed":false,"post_tipo":"news_page","footnotes":""},"categories":[222278],"tags":[],"tax_estado":[219974],"class_list":["post-1775896","post","type-post","status-publish","format-standard","has-post-thumbnail","hentry","category-prefeituras","tax_estado-mg"],"acf":[],"yoast_head":"<!-- This site is optimized with the Yoast SEO Premium plugin v28.1 (Yoast SEO v28.1) - https:\/\/yoast.com\/product\/yoast-seo-premium-wordpress\/ -->\n<title>Concurso S\u00e3o Pedro dos Ferros MG: processo seletivo de 2024<\/title>\n<meta name=\"description\" content=\"Concurso S\u00e3o Pedro dos Ferros (MG): situa\u00e7\u00e3o atual, detalhes do processo seletivo de 2024 e hist\u00f3rico das sele\u00e7\u00f5es realizadas no munic\u00edpio.\" \/>\n<meta name=\"robots\" content=\"index, follow, max-snippet:-1, max-image-preview:large, max-video-preview:-1\" \/>\n<link rel=\"canonical\" href=\"https:\/\/www.estrategiaconcursos.com.br\/blog\/concurso-prefeitura-sao-pedro-dos-ferros\/\" \/>\n<meta property=\"og:locale\" content=\"pt_BR\" \/>\n<meta property=\"og:type\" content=\"article\" \/>\n<meta property=\"og:title\" content=\"Concurso S\u00e3o Pedro dos Ferros MG: processo seletivo de 2024\" \/>\n<meta property=\"og:description\" content=\"Concurso S\u00e3o Pedro dos Ferros (MG): situa\u00e7\u00e3o atual, detalhes do processo seletivo de 2024 e hist\u00f3rico das sele\u00e7\u00f5es realizadas no munic\u00edpio.\" \/>\n<meta property=\"og:url\" content=\"https:\/\/www.estrategiaconcursos.com.br\/blog\/concurso-prefeitura-sao-pedro-dos-ferros\/\" \/>\n<meta property=\"og:site_name\" content=\"Estrat\u00e9gia Concursos\" \/>\n<meta property=\"article:author\" content=\"https:\/\/www.facebook.com\/coachluiseduardo\/\" \/>\n<meta property=\"article:published_time\" content=\"2026-07-11T14:21:03+00:00\" \/>\n<meta property=\"article:modified_time\" content=\"2026-08-18T05:46:25+00:00\" \/>\n<meta property=\"og:image\" content=\"https:\/\/dhg1h5j42swfq.cloudfront.net\/2025\/03\/05201612\/concursos-prefeituras-1024x536-1.jpg\" \/>\n\t<meta property=\"og:image:width\" content=\"1024\" \/>\n\t<meta property=\"og:image:height\" content=\"536\" \/>\n\t<meta property=\"og:image:type\" content=\"image\/jpeg\" \/>\n<meta name=\"author\" content=\"Luis Eduardo\" \/>\n<meta name=\"twitter:card\" content=\"summary_large_image\" \/>\n<meta name=\"twitter:creator\" content=\"@EstratConcursos\" \/>\n<meta name=\"twitter:site\" content=\"@EstratConcursos\" \/>\n<meta name=\"twitter:label1\" content=\"Escrito por\" \/>\n\t<meta name=\"twitter:data1\" content=\"Luis Eduardo\" \/>\n\t<meta name=\"twitter:label2\" content=\"Est. tempo de leitura\" \/>\n\t<meta name=\"twitter:data2\" content=\"4 minutos\" \/>\n<script type=\"application\/ld+json\" class=\"yoast-schema-graph\">{\"@context\":\"https:\\\/\\\/schema.org\",\"@graph\":[{\"@type\":\"NewsArticle\",\"@id\":\"https:\\\/\\\/www.estrategiaconcursos.com.br\\\/blog\\\/concurso-prefeitura-sao-pedro-dos-ferros\\\/#article\",\"isPartOf\":{\"@id\":\"https:\\\/\\\/www.estrategiaconcursos.com.br\\\/blog\\\/concurso-prefeitura-sao-pedro-dos-ferros\\\/\"},\"author\":{\"name\":\"Luis Eduardo\",\"@id\":\"https:\\\/\\\/blog-estrategia.mystagingwebsite.com\\\/#\\\/schema\\\/person\\\/0906ff564105056f3b05978d503ee214\"},\"headline\":\"Concurso S\u00e3o Pedro dos Ferros MG: processo seletivo de 2024\",\"datePublished\":\"2026-07-11T14:21:03+00:00\",\"dateModified\":\"2026-08-18T05:46:25+00:00\",\"mainEntityOfPage\":{\"@id\":\"https:\\\/\\\/www.estrategiaconcursos.com.br\\\/blog\\\/concurso-prefeitura-sao-pedro-dos-ferros\\\/\"},\"wordCount\":849,\"commentCount\":0,\"publisher\":{\"@id\":\"https:\\\/\\\/blog-estrategia.mystagingwebsite.com\\\/#organization\"},\"image\":{\"@id\":\"https:\\\/\\\/www.estrategiaconcursos.com.br\\\/blog\\\/concurso-prefeitura-sao-pedro-dos-ferros\\\/#primaryimage\"},\"thumbnailUrl\":\"https:\\\/\\\/dhg1h5j42swfq.cloudfront.net\\\/2025\\\/03\\\/05201612\\\/concursos-prefeituras-1024x536-1.jpg\",\"articleSection\":[\"Prefeituras\"],\"inLanguage\":\"pt-BR\",\"potentialAction\":[{\"@type\":\"CommentAction\",\"name\":\"Comment\",\"target\":[\"https:\\\/\\\/www.estrategiaconcursos.com.br\\\/blog\\\/concurso-prefeitura-sao-pedro-dos-ferros\\\/#respond\"]}],\"copyrightYear\":\"2026\",\"copyrightHolder\":{\"@id\":\"https:\\\/\\\/www.estrategiaconcursos.com.br\\\/blog\\\/#organization\"}},{\"@type\":\"WebPage\",\"@id\":\"https:\\\/\\\/www.estrategiaconcursos.com.br\\\/blog\\\/concurso-prefeitura-sao-pedro-dos-ferros\\\/\",\"url\":\"https:\\\/\\\/www.estrategiaconcursos.com.br\\\/blog\\\/concurso-prefeitura-sao-pedro-dos-ferros\\\/\",\"name\":\"Concurso S\u00e3o Pedro dos Ferros MG: processo seletivo de 2024\",\"isPartOf\":{\"@id\":\"https:\\\/\\\/blog-estrategia.mystagingwebsite.com\\\/#website\"},\"primaryImageOfPage\":{\"@id\":\"https:\\\/\\\/www.estrategiaconcursos.com.br\\\/blog\\\/concurso-prefeitura-sao-pedro-dos-ferros\\\/#primaryimage\"},\"image\":{\"@id\":\"https:\\\/\\\/www.estrategiaconcursos.com.br\\\/blog\\\/concurso-prefeitura-sao-pedro-dos-ferros\\\/#primaryimage\"},\"thumbnailUrl\":\"https:\\\/\\\/dhg1h5j42swfq.cloudfront.net\\\/2025\\\/03\\\/05201612\\\/concursos-prefeituras-1024x536-1.jpg\",\"datePublished\":\"2026-07-11T14:21:03+00:00\",\"dateModified\":\"2026-08-18T05:46:25+00:00\",\"description\":\"Concurso S\u00e3o Pedro dos Ferros (MG): situa\u00e7\u00e3o atual, detalhes do processo seletivo de 2024 e hist\u00f3rico das sele\u00e7\u00f5es realizadas no munic\u00edpio.\",\"breadcrumb\":{\"@id\":\"https:\\\/\\\/www.estrategiaconcursos.com.br\\\/blog\\\/concurso-prefeitura-sao-pedro-dos-ferros\\\/#breadcrumb\"},\"inLanguage\":\"pt-BR\",\"potentialAction\":[{\"@type\":\"ReadAction\",\"target\":[\"https:\\\/\\\/www.estrategiaconcursos.com.br\\\/blog\\\/concurso-prefeitura-sao-pedro-dos-ferros\\\/\"]}]},{\"@type\":\"ImageObject\",\"inLanguage\":\"pt-BR\",\"@id\":\"https:\\\/\\\/www.estrategiaconcursos.com.br\\\/blog\\\/concurso-prefeitura-sao-pedro-dos-ferros\\\/#primaryimage\",\"url\":\"https:\\\/\\\/dhg1h5j42swfq.cloudfront.net\\\/2025\\\/03\\\/05201612\\\/concursos-prefeituras-1024x536-1.jpg\",\"contentUrl\":\"https:\\\/\\\/dhg1h5j42swfq.cloudfront.net\\\/2025\\\/03\\\/05201612\\\/concursos-prefeituras-1024x536-1.jpg\",\"width\":1024,\"height\":536,\"caption\":\"Concursos prefeituras\"},{\"@type\":\"BreadcrumbList\",\"@id\":\"https:\\\/\\\/www.estrategiaconcursos.com.br\\\/blog\\\/concurso-prefeitura-sao-pedro-dos-ferros\\\/#breadcrumb\",\"itemListElement\":[{\"@type\":\"ListItem\",\"position\":1,\"name\":\"In\u00edcio\",\"item\":\"https:\\\/\\\/blog-estrategia.mystagingwebsite.com\\\/\"},{\"@type\":\"ListItem\",\"position\":2,\"name\":\"Concurso S\u00e3o Pedro dos Ferros MG: processo seletivo de 2024\"}]},{\"@type\":\"WebSite\",\"@id\":\"https:\\\/\\\/blog-estrategia.mystagingwebsite.com\\\/#website\",\"url\":\"https:\\\/\\\/blog-estrategia.mystagingwebsite.com\\\/\",\"name\":\"Estrat\u00e9gia Concursos\",\"description\":\"O blog da Estrat\u00e9gia Concursos traz not\u00edcias sobre concursos e artigos de professores oferecendo cursos para concursos (pdf + videaulas) no site.\",\"publisher\":{\"@id\":\"https:\\\/\\\/blog-estrategia.mystagingwebsite.com\\\/#organization\"},\"potentialAction\":[{\"@type\":\"SearchAction\",\"target\":{\"@type\":\"EntryPoint\",\"urlTemplate\":\"https:\\\/\\\/blog-estrategia.mystagingwebsite.com\\\/?s={search_term_string}\"},\"query-input\":{\"@type\":\"PropertyValueSpecification\",\"valueRequired\":true,\"valueName\":\"search_term_string\"}}],\"inLanguage\":\"pt-BR\"},{\"@type\":\"Organization\",\"@id\":\"https:\\\/\\\/blog-estrategia.mystagingwebsite.com\\\/#organization\",\"name\":\"Estrat\u00e9gia Concursos\",\"url\":\"https:\\\/\\\/blog-estrategia.mystagingwebsite.com\\\/\",\"logo\":{\"@type\":\"ImageObject\",\"inLanguage\":\"pt-BR\",\"@id\":\"https:\\\/\\\/blog-estrategia.mystagingwebsite.com\\\/#\\\/schema\\\/logo\\\/image\\\/\",\"url\":\"https:\\\/\\\/dhg1h5j42swfq.cloudfront.net\\\/2025\\\/06\\\/03203428\\\/logo_concursos-1.jpg\",\"contentUrl\":\"https:\\\/\\\/dhg1h5j42swfq.cloudfront.net\\\/2025\\\/06\\\/03203428\\\/logo_concursos-1.jpg\",\"width\":230,\"height\":60,\"caption\":\"Estrat\u00e9gia Concursos\"},\"image\":{\"@id\":\"https:\\\/\\\/blog-estrategia.mystagingwebsite.com\\\/#\\\/schema\\\/logo\\\/image\\\/\"},\"sameAs\":[\"https:\\\/\\\/x.com\\\/EstratConcursos\"]},{\"@type\":\"Person\",\"@id\":\"https:\\\/\\\/blog-estrategia.mystagingwebsite.com\\\/#\\\/schema\\\/person\\\/0906ff564105056f3b05978d503ee214\",\"name\":\"Luis Eduardo\",\"image\":{\"@type\":\"ImageObject\",\"inLanguage\":\"pt-BR\",\"@id\":\"https:\\\/\\\/secure.gravatar.com\\\/avatar\\\/3ce09d3c01f86018c4f3b15b9e6389f2ac325bc19863fdb79cd37fefb38517d1?s=96&d=mm&r=g\",\"url\":\"https:\\\/\\\/secure.gravatar.com\\\/avatar\\\/3ce09d3c01f86018c4f3b15b9e6389f2ac325bc19863fdb79cd37fefb38517d1?s=96&d=mm&r=g\",\"contentUrl\":\"https:\\\/\\\/secure.gravatar.com\\\/avatar\\\/3ce09d3c01f86018c4f3b15b9e6389f2ac325bc19863fdb79cd37fefb38517d1?s=96&d=mm&r=g\",\"caption\":\"Luis Eduardo\"},\"sameAs\":[\"https:\\\/\\\/www.facebook.com\\\/coachluiseduardo\\\/\"],\"url\":\"https:\\\/\\\/www.estrategiaconcursos.com.br\\\/blog\\\/author\\\/luiseduardoestrategiaconcursos-com-br\\\/\"}]}<\/script>\n<!-- \/ Yoast SEO Premium plugin. -->","yoast_head_json":{"title":"Concurso S\u00e3o Pedro dos Ferros MG: processo seletivo de 2024","description":"Concurso S\u00e3o Pedro dos Ferros (MG): situa\u00e7\u00e3o atual, detalhes do processo seletivo de 2024 e hist\u00f3rico das sele\u00e7\u00f5es realizadas no munic\u00edpio.","robots":{"index":"index","follow":"follow","max-snippet":"max-snippet:-1","max-image-preview":"max-image-preview:large","max-video-preview":"max-video-preview:-1"},"canonical":"https:\/\/www.estrategiaconcursos.com.br\/blog\/concurso-prefeitura-sao-pedro-dos-ferros\/","og_locale":"pt_BR","og_type":"article","og_title":"Concurso S\u00e3o Pedro dos Ferros MG: processo seletivo de 2024","og_description":"Concurso S\u00e3o Pedro dos Ferros (MG): situa\u00e7\u00e3o atual, detalhes do processo seletivo de 2024 e hist\u00f3rico das sele\u00e7\u00f5es realizadas no munic\u00edpio.","og_url":"https:\/\/www.estrategiaconcursos.com.br\/blog\/concurso-prefeitura-sao-pedro-dos-ferros\/","og_site_name":"Estrat\u00e9gia Concursos","article_author":"https:\/\/www.facebook.com\/coachluiseduardo\/","article_published_time":"2026-07-11T14:21:03+00:00","article_modified_time":"2026-08-18T05:46:25+00:00","og_image":[{"width":1024,"height":536,"url":"https:\/\/dhg1h5j42swfq.cloudfront.net\/2025\/03\/05201612\/concursos-prefeituras-1024x536-1.jpg","type":"image\/jpeg"}],"author":"Luis Eduardo","twitter_card":"summary_large_image","twitter_creator":"@EstratConcursos","twitter_site":"@EstratConcursos","twitter_misc":{"Escrito por":"Luis Eduardo","Est. tempo de leitura":"4 minutos"},"schema":{"@context":"https:\/\/schema.org","@graph":[{"@type":"NewsArticle","@id":"https:\/\/www.estrategiaconcursos.com.br\/blog\/concurso-prefeitura-sao-pedro-dos-ferros\/#article","isPartOf":{"@id":"https:\/\/www.estrategiaconcursos.com.br\/blog\/concurso-prefeitura-sao-pedro-dos-ferros\/"},"author":{"name":"Luis Eduardo","@id":"https:\/\/blog-estrategia.mystagingwebsite.com\/#\/schema\/person\/0906ff564105056f3b05978d503ee214"},"headline":"Concurso S\u00e3o Pedro dos Ferros MG: processo seletivo de 2024","datePublished":"2026-07-11T14:21:03+00:00","dateModified":"2026-08-18T05:46:25+00:00","mainEntityOfPage":{"@id":"https:\/\/www.estrategiaconcursos.com.br\/blog\/concurso-prefeitura-sao-pedro-dos-ferros\/"},"wordCount":849,"commentCount":0,"publisher":{"@id":"https:\/\/blog-estrategia.mystagingwebsite.com\/#organization"},"image":{"@id":"https:\/\/www.estrategiaconcursos.com.br\/blog\/concurso-prefeitura-sao-pedro-dos-ferros\/#primaryimage"},"thumbnailUrl":"https:\/\/dhg1h5j42swfq.cloudfront.net\/2025\/03\/05201612\/concursos-prefeituras-1024x536-1.jpg","articleSection":["Prefeituras"],"inLanguage":"pt-BR","potentialAction":[{"@type":"CommentAction","name":"Comment","target":["https:\/\/www.estrategiaconcursos.com.br\/blog\/concurso-prefeitura-sao-pedro-dos-ferros\/#respond"]}],"copyrightYear":"2026","copyrightHolder":{"@id":"https:\/\/www.estrategiaconcursos.com.br\/blog\/#organization"}},{"@type":"WebPage","@id":"https:\/\/www.estrategiaconcursos.com.br\/blog\/concurso-prefeitura-sao-pedro-dos-ferros\/","url":"https:\/\/www.estrategiaconcursos.com.br\/blog\/concurso-prefeitura-sao-pedro-dos-ferros\/","name":"Concurso S\u00e3o Pedro dos Ferros MG: processo seletivo de 2024","isPartOf":{"@id":"https:\/\/blog-estrategia.mystagingwebsite.com\/#website"},"primaryImageOfPage":{"@id":"https:\/\/www.estrategiaconcursos.com.br\/blog\/concurso-prefeitura-sao-pedro-dos-ferros\/#primaryimage"},"image":{"@id":"https:\/\/www.estrategiaconcursos.com.br\/blog\/concurso-prefeitura-sao-pedro-dos-ferros\/#primaryimage"},"thumbnailUrl":"https:\/\/dhg1h5j42swfq.cloudfront.net\/2025\/03\/05201612\/concursos-prefeituras-1024x536-1.jpg","datePublished":"2026-07-11T14:21:03+00:00","dateModified":"2026-08-18T05:46:25+00:00","description":"Concurso S\u00e3o Pedro dos Ferros (MG): situa\u00e7\u00e3o atual, detalhes do processo seletivo de 2024 e hist\u00f3rico das sele\u00e7\u00f5es realizadas no munic\u00edpio.","breadcrumb":{"@id":"https:\/\/www.estrategiaconcursos.com.br\/blog\/concurso-prefeitura-sao-pedro-dos-ferros\/#breadcrumb"},"inLanguage":"pt-BR","potentialAction":[{"@type":"ReadAction","target":["https:\/\/www.estrategiaconcursos.com.br\/blog\/concurso-prefeitura-sao-pedro-dos-ferros\/"]}]},{"@type":"ImageObject","inLanguage":"pt-BR","@id":"https:\/\/www.estrategiaconcursos.com.br\/blog\/concurso-prefeitura-sao-pedro-dos-ferros\/#primaryimage","url":"https:\/\/dhg1h5j42swfq.cloudfront.net\/2025\/03\/05201612\/concursos-prefeituras-1024x536-1.jpg","contentUrl":"https:\/\/dhg1h5j42swfq.cloudfront.net\/2025\/03\/05201612\/concursos-prefeituras-1024x536-1.jpg","width":1024,"height":536,"caption":"Concursos prefeituras"},{"@type":"BreadcrumbList","@id":"https:\/\/www.estrategiaconcursos.com.br\/blog\/concurso-prefeitura-sao-pedro-dos-ferros\/#breadcrumb","itemListElement":[{"@type":"ListItem","position":1,"name":"In\u00edcio","item":"https:\/\/blog-estrategia.mystagingwebsite.com\/"},{"@type":"ListItem","position":2,"name":"Concurso S\u00e3o Pedro dos Ferros MG: processo seletivo de 2024"}]},{"@type":"WebSite","@id":"https:\/\/blog-estrategia.mystagingwebsite.com\/#website","url":"https:\/\/blog-estrategia.mystagingwebsite.com\/","name":"Estrat\u00e9gia Concursos","description":"O blog da Estrat\u00e9gia Concursos traz not\u00edcias sobre concursos e artigos de professores oferecendo cursos para concursos (pdf + videaulas) no site.","publisher":{"@id":"https:\/\/blog-estrategia.mystagingwebsite.com\/#organization"},"potentialAction":[{"@type":"SearchAction","target":{"@type":"EntryPoint","urlTemplate":"https:\/\/blog-estrategia.mystagingwebsite.com\/?s={search_term_string}"},"query-input":{"@type":"PropertyValueSpecification","valueRequired":true,"valueName":"search_term_string"}}],"inLanguage":"pt-BR"},{"@type":"Organization","@id":"https:\/\/blog-estrategia.mystagingwebsite.com\/#organization","name":"Estrat\u00e9gia Concursos","url":"https:\/\/blog-estrategia.mystagingwebsite.com\/","logo":{"@type":"ImageObject","inLanguage":"pt-BR","@id":"https:\/\/blog-estrategia.mystagingwebsite.com\/#\/schema\/logo\/image\/","url":"https:\/\/dhg1h5j42swfq.cloudfront.net\/2025\/06\/03203428\/logo_concursos-1.jpg","contentUrl":"https:\/\/dhg1h5j42swfq.cloudfront.net\/2025\/06\/03203428\/logo_concursos-1.jpg","width":230,"height":60,"caption":"Estrat\u00e9gia Concursos"},"image":{"@id":"https:\/\/blog-estrategia.mystagingwebsite.com\/#\/schema\/logo\/image\/"},"sameAs":["https:\/\/x.com\/EstratConcursos"]},{"@type":"Person","@id":"https:\/\/blog-estrategia.mystagingwebsite.com\/#\/schema\/person\/0906ff564105056f3b05978d503ee214","name":"Luis Eduardo","image":{"@type":"ImageObject","inLanguage":"pt-BR","@id":"https:\/\/secure.gravatar.com\/avatar\/3ce09d3c01f86018c4f3b15b9e6389f2ac325bc19863fdb79cd37fefb38517d1?s=96&d=mm&r=g","url":"https:\/\/secure.gravatar.com\/avatar\/3ce09d3c01f86018c4f3b15b9e6389f2ac325bc19863fdb79cd37fefb38517d1?s=96&d=mm&r=g","contentUrl":"https:\/\/secure.gravatar.com\/avatar\/3ce09d3c01f86018c4f3b15b9e6389f2ac325bc19863fdb79cd37fefb38517d1?s=96&d=mm&r=g","caption":"Luis Eduardo"},"sameAs":["https:\/\/www.facebook.com\/coachluiseduardo\/"],"url":"https:\/\/www.estrategiaconcursos.com.br\/blog\/author\/luiseduardoestrategiaconcursos-com-br\/"}]}},"_links":{"self":[{"href":"https:\/\/www.estrategiaconcursos.com.br\/blog\/wp-json\/wp\/v2\/posts\/1775896","targetHints":{"allow":["GET"]}}],"collection":[{"href":"https:\/\/www.estrategiaconcursos.com.br\/blog\/wp-json\/wp\/v2\/posts"}],"about":[{"href":"https:\/\/www.estrategiaconcursos.com.br\/blog\/wp-json\/wp\/v2\/types\/post"}],"author":[{"embeddable":true,"href":"https:\/\/www.estrategiaconcursos.com.br\/blog\/wp-json\/wp\/v2\/users\/344"}],"replies":[{"embeddable":true,"href":"https:\/\/www.estrategiaconcursos.com.br\/blog\/wp-json\/wp\/v2\/comments?post=1775896"}],"version-history":[{"count":5,"href":"https:\/\/www.estrategiaconcursos.com.br\/blog\/wp-json\/wp\/v2\/posts\/1775896\/revisions"}],"predecessor-version":[{"id":1793745,"href":"https:\/\/www.estrategiaconcursos.com.br\/blog\/wp-json\/wp\/v2\/posts\/1775896\/revisions\/1793745"}],"wp:featuredmedia":[{"embeddable":true,"href":"https:\/\/www.estrategiaconcursos.com.br\/blog\/wp-json\/wp\/v2\/media\/1540739"}],"wp:attachment":[{"href":"https:\/\/www.estrategiaconcursos.com.br\/blog\/wp-json\/wp\/v2\/media?parent=1775896"}],"wp:term":[{"taxonomy":"category","embeddable":true,"href":"https:\/\/www.estrategiaconcursos.com.br\/blog\/wp-json\/wp\/v2\/categories?post=1775896"},{"taxonomy":"post_tag","embeddable":true,"href":"https:\/\/www.estrategiaconcursos.com.br\/blog\/wp-json\/wp\/v2\/tags?post=1775896"},{"taxonomy":"tax_estado","embeddable":true,"href":"https:\/\/www.estrategiaconcursos.com.br\/blog\/wp-json\/wp\/v2\/tax_estado?post=1775896"}],"curies":[{"name":"wp","href":"https:\/\/api.w.org\/{rel}","templated":true}]}}