{"id":177430,"date":"2019-04-08T09:00:01","date_gmt":"2019-04-08T12:00:01","guid":{"rendered":"https:\/\/www.estrategiaconcursos.com.br\/blog\/?p=177430"},"modified":"2019-04-08T16:20:11","modified_gmt":"2019-04-08T19:20:11","slug":"subsecretario-da-rfb-afirma-nao-haver-previsao-para-concurso","status":"publish","type":"post","link":"https:\/\/www.estrategiaconcursos.com.br\/blog\/subsecretario-da-rfb-afirma-nao-haver-previsao-para-concurso\/","title":{"rendered":"Subsecret\u00e1rio da Receita Federal afirma n\u00e3o existir previs\u00e3o para concurso"},"content":{"rendered":"\n<p>Durante a LXXIV Reuni\u00e3o Ordin\u00e1ria do Conselho Nacional de Representantes Estaduais (CNRE) realizada no \u00faltimo s\u00e1bado, 06 de abril, o <strong>subsecret\u00e1rio-geral<\/strong> da Secretaria Especial da Receita Federal, Jo\u00e3o Paulo Ramos Fachada Martins da Silva, deu uma declara\u00e7\u00e3o que foi um banho de \u00e1gua fria nos concurseiros que est\u00e3o se preparando para o pr\u00f3ximo concurso da RFB.<\/p>\n\n\n\n<p>Segundo o subsecret\u00e1rio, <em><strong>no curto e m\u00e9dio prazo n\u00e3o existe perspectiva de um novo concurso<\/strong><\/em><strong>.<\/strong> Um dos motivos \u00e9 o fato da contrata\u00e7\u00e3o de servidores ser \u00faltima op\u00e7\u00e3o no Governo atual. Jo\u00e3o Paulo afirmou ainda n\u00e3o ter margem para amplia\u00e7\u00e3o de despesas diante de um or\u00e7amento cada vez menor.<\/p>\n\n\n\n<p>Durante a reuni\u00e3o tamb\u00e9m <strong><em>foi discutida a retirada da Escola de Administra\u00e7\u00e3o Fazend\u00e1ria, a ESAF, da estrutura<\/em><\/strong> do Minist\u00e9rio da Economia e suas poss\u00edveis consequ\u00eancias, como entraves para a forma\u00e7\u00e3o continuada e para progress\u00e3o, assim como a remo\u00e7\u00e3o de servidores.<\/p>\n\n\n\n<p>Vale lembrar que o <strong><em>\u00faltimo concurso da Receita Federal aconteceu em 2014<\/em><\/strong> com a oferta de 278 vagas para o cargo de Auditor Fiscal. Posteriormente, foram chamados mais 278 candidatos excedentes, totalizando 556 vagas preenchidas. <\/p>\n\n\n\n<p>O <a href=\"https:\/\/www.estrategiaconcursos.com.br\/blog\/concurso-receita-federal\/\">concurso da Receita Federal <\/a>dever\u00e1 ficar, portanto, para 2020. \u00c9 uma not\u00edcia boa para aqueles que ainda est\u00e3o no in\u00edcio de sua prepara\u00e7\u00e3o. Por outro lado, aqueles alunos mais avan\u00e7ados devem aproveitar, enquanto isso, outros <a href=\"https:\/\/www.estrategiaconcursos.com.br\/blog\/concursos-fiscais-2019\/\">concursos Fiscais<\/a>. <\/p>\n\n\n\n<p style=\"font-size:24px;text-align:center\" class=\"has-background has-very-light-gray-background-color\"><strong><u><a href=\"https:\/\/www.estrategiaconcursos.com.br\/cursosPorConcurso\/receita-federal-auditor-fiscal-7\/\" target=\"_blank\" rel=\"noreferrer noopener\" aria-label=\"Cursos para o concurso da Receita Federal (opens in a new tab)\">Cursos para o concurso da Receita Federal<\/a><\/u><\/strong><\/p>\n\n\n\n<p style=\"text-align:center\"><em><strong>Assinatura Anual Ilimitada*<\/strong><\/em><\/p>\n\n\n\n<p style=\"text-align:center\"><em>Prepare-se com o melhor material e com quem mais aprova em&nbsp;Concursos P\u00fablicos de todo o pa\u00eds. Assine agora a nossa Assinatura Anual e tenha acesso ilimitado* a todos os nossos cursos.<\/em><\/p>\n\n\n\n<figure class=\"wp-block-image\"><a href=\"https:\/\/www.estrategiaconcursos.com.br\/assinaturas\" target=\"_blank\" rel=\"noreferrer noopener\"><img decoding=\"async\" src=\"https:\/\/www.estrategiaconcursos.com.br\/assets\/img\/banner-assinaturas.jpg\" alt=\"Assinatura Ilimitada\" class=\"wp-image-157836\"\/><\/a><\/figure>\n\n\n\n<p><em>Ascom Estrat\u00e9gia<br \/><\/em>ascomestrategia@gmail.com<\/p>\n","protected":false},"excerpt":{"rendered":"<p>Durante a LXXIV Reuni\u00e3o Ordin\u00e1ria do Conselho Nacional de Representantes Estaduais (CNRE) realizada no \u00faltimo s\u00e1bado, 06 de abril, o subsecret\u00e1rio-geral da Secretaria Especial da Receita Federal, Jo\u00e3o Paulo Ramos Fachada Martins da Silva, deu uma declara\u00e7\u00e3o que foi um banho de \u00e1gua fria nos concurseiros que est\u00e3o se preparando para o pr\u00f3ximo concurso da [&hellip;]<\/p>\n","protected":false},"author":26,"featured_media":177431,"comment_status":"open","ping_status":"closed","sticky":false,"template":"","format":"standard","meta":{"post_tipo":"article","footnotes":""},"categories":[1],"tags":[],"tax_estado":[],"class_list":["post-177430","post","type-post","status-publish","format-standard","has-post-thumbnail","hentry","category-cursos-e-concursos"],"acf":[],"yoast_head":"<!-- This site is optimized with the Yoast SEO Premium plugin v27.2 (Yoast SEO v27.2) - https:\/\/yoast.com\/product\/yoast-seo-premium-wordpress\/ -->\n<title>Subsecret\u00e1rio da Receita Federal afirma n\u00e3o existir previs\u00e3o para concurso<\/title>\n<meta name=\"description\" content=\"Durante reuni\u00e3o no \u00faltimo s\u00e1bado, subsecret\u00e1rio-geral da Secretaria Especial da RFB debate sobre o futuro dos concursos p\u00fablicos na Receita Federal.\" \/>\n<meta name=\"robots\" content=\"index, follow, max-snippet:-1, max-image-preview:large, max-video-preview:-1\" \/>\n<link rel=\"canonical\" href=\"https:\/\/www.estrategiaconcursos.com.br\/blog\/subsecretario-da-rfb-afirma-nao-haver-previsao-para-concurso\/\" \/>\n<meta property=\"og:locale\" content=\"pt_BR\" \/>\n<meta property=\"og:type\" content=\"article\" \/>\n<meta property=\"og:title\" content=\"Subsecret\u00e1rio da Receita Federal afirma n\u00e3o existir previs\u00e3o para concurso\" \/>\n<meta property=\"og:description\" content=\"Durante reuni\u00e3o no \u00faltimo s\u00e1bado, subsecret\u00e1rio-geral da Secretaria Especial da RFB debate sobre o futuro dos concursos p\u00fablicos na Receita Federal.\" \/>\n<meta property=\"og:url\" content=\"https:\/\/www.estrategiaconcursos.com.br\/blog\/subsecretario-da-rfb-afirma-nao-haver-previsao-para-concurso\/\" \/>\n<meta property=\"og:site_name\" content=\"Estrat\u00e9gia Concursos\" \/>\n<meta property=\"article:author\" content=\"https:\/\/www.facebook.com\/rvale01\" \/>\n<meta property=\"article:published_time\" content=\"2019-04-08T12:00:01+00:00\" \/>\n<meta property=\"article:modified_time\" content=\"2019-04-08T19:20:11+00:00\" \/>\n<meta property=\"og:image\" content=\"https:\/\/dhg1h5j42swfq.cloudfront.net\/2019\/04\/08083217\/Capturar.jpg\" \/>\n\t<meta property=\"og:image:width\" content=\"1197\" \/>\n\t<meta property=\"og:image:height\" content=\"626\" \/>\n\t<meta property=\"og:image:type\" content=\"image\/jpeg\" \/>\n<meta name=\"author\" content=\"Ricardo Vale\" \/>\n<meta name=\"twitter:card\" content=\"summary_large_image\" \/>\n<meta name=\"twitter:creator\" content=\"@https:\/\/twitter.com\/EstratConcursos\" \/>\n<meta name=\"twitter:site\" content=\"@EstratConcursos\" \/>\n<meta name=\"twitter:label1\" content=\"Escrito por\" \/>\n\t<meta name=\"twitter:data1\" content=\"Ricardo Vale\" \/>\n\t<meta name=\"twitter:label2\" content=\"Est. tempo de leitura\" \/>\n\t<meta name=\"twitter:data2\" content=\"1 minuto\" \/>\n<script type=\"application\/ld+json\" class=\"yoast-schema-graph\">{\"@context\":\"https:\/\/schema.org\",\"@graph\":[{\"@type\":\"NewsArticle\",\"@id\":\"https:\/\/www.estrategiaconcursos.com.br\/blog\/subsecretario-da-rfb-afirma-nao-haver-previsao-para-concurso\/#article\",\"isPartOf\":{\"@id\":\"https:\/\/www.estrategiaconcursos.com.br\/blog\/subsecretario-da-rfb-afirma-nao-haver-previsao-para-concurso\/\"},\"author\":{\"name\":\"Ricardo Vale\",\"@id\":\"https:\/\/www.estrategiaconcursos.com.br\/blog\/#\/schema\/person\/c32e47dba2159cafe7796a9569a6ff7e\"},\"headline\":\"Subsecret\u00e1rio da Receita Federal afirma n\u00e3o existir previs\u00e3o para concurso\",\"datePublished\":\"2019-04-08T12:00:01+00:00\",\"dateModified\":\"2019-04-08T19:20:11+00:00\",\"mainEntityOfPage\":{\"@id\":\"https:\/\/www.estrategiaconcursos.com.br\/blog\/subsecretario-da-rfb-afirma-nao-haver-previsao-para-concurso\/\"},\"wordCount\":306,\"commentCount\":8,\"publisher\":{\"@id\":\"https:\/\/www.estrategiaconcursos.com.br\/blog\/#organization\"},\"image\":{\"@id\":\"https:\/\/www.estrategiaconcursos.com.br\/blog\/subsecretario-da-rfb-afirma-nao-haver-previsao-para-concurso\/#primaryimage\"},\"thumbnailUrl\":\"https:\/\/dhg1h5j42swfq.cloudfront.net\/2019\/04\/08083217\/Capturar.jpg\",\"articleSection\":[\"Concursos P\u00fablicos\"],\"inLanguage\":\"pt-BR\",\"potentialAction\":[{\"@type\":\"CommentAction\",\"name\":\"Comment\",\"target\":[\"https:\/\/www.estrategiaconcursos.com.br\/blog\/subsecretario-da-rfb-afirma-nao-haver-previsao-para-concurso\/#respond\"]}],\"copyrightYear\":\"2019\",\"copyrightHolder\":{\"@id\":\"https:\/\/www.estrategiaconcursos.com.br\/blog\/#organization\"}},{\"@type\":\"WebPage\",\"@id\":\"https:\/\/www.estrategiaconcursos.com.br\/blog\/subsecretario-da-rfb-afirma-nao-haver-previsao-para-concurso\/\",\"url\":\"https:\/\/www.estrategiaconcursos.com.br\/blog\/subsecretario-da-rfb-afirma-nao-haver-previsao-para-concurso\/\",\"name\":\"Subsecret\u00e1rio da Receita Federal afirma n\u00e3o existir previs\u00e3o para concurso\",\"isPartOf\":{\"@id\":\"https:\/\/www.estrategiaconcursos.com.br\/blog\/#website\"},\"primaryImageOfPage\":{\"@id\":\"https:\/\/www.estrategiaconcursos.com.br\/blog\/subsecretario-da-rfb-afirma-nao-haver-previsao-para-concurso\/#primaryimage\"},\"image\":{\"@id\":\"https:\/\/www.estrategiaconcursos.com.br\/blog\/subsecretario-da-rfb-afirma-nao-haver-previsao-para-concurso\/#primaryimage\"},\"thumbnailUrl\":\"https:\/\/dhg1h5j42swfq.cloudfront.net\/2019\/04\/08083217\/Capturar.jpg\",\"datePublished\":\"2019-04-08T12:00:01+00:00\",\"dateModified\":\"2019-04-08T19:20:11+00:00\",\"description\":\"Durante reuni\u00e3o no \u00faltimo s\u00e1bado, subsecret\u00e1rio-geral da Secretaria Especial da RFB debate sobre o futuro dos concursos p\u00fablicos na Receita Federal.\",\"breadcrumb\":{\"@id\":\"https:\/\/www.estrategiaconcursos.com.br\/blog\/subsecretario-da-rfb-afirma-nao-haver-previsao-para-concurso\/#breadcrumb\"},\"inLanguage\":\"pt-BR\",\"potentialAction\":[{\"@type\":\"ReadAction\",\"target\":[\"https:\/\/www.estrategiaconcursos.com.br\/blog\/subsecretario-da-rfb-afirma-nao-haver-previsao-para-concurso\/\"]}]},{\"@type\":\"ImageObject\",\"inLanguage\":\"pt-BR\",\"@id\":\"https:\/\/www.estrategiaconcursos.com.br\/blog\/subsecretario-da-rfb-afirma-nao-haver-previsao-para-concurso\/#primaryimage\",\"url\":\"https:\/\/dhg1h5j42swfq.cloudfront.net\/2019\/04\/08083217\/Capturar.jpg\",\"contentUrl\":\"https:\/\/dhg1h5j42swfq.cloudfront.net\/2019\/04\/08083217\/Capturar.jpg\",\"width\":1197,\"height\":626,\"caption\":\"Receita Federal concurso\"},{\"@type\":\"BreadcrumbList\",\"@id\":\"https:\/\/www.estrategiaconcursos.com.br\/blog\/subsecretario-da-rfb-afirma-nao-haver-previsao-para-concurso\/#breadcrumb\",\"itemListElement\":[{\"@type\":\"ListItem\",\"position\":1,\"name\":\"In\u00edcio\",\"item\":\"https:\/\/www.estrategiaconcursos.com.br\/blog\/\"},{\"@type\":\"ListItem\",\"position\":2,\"name\":\"Subsecret\u00e1rio da Receita Federal afirma n\u00e3o existir previs\u00e3o para concurso\"}]},{\"@type\":\"WebSite\",\"@id\":\"https:\/\/www.estrategiaconcursos.com.br\/blog\/#website\",\"url\":\"https:\/\/www.estrategiaconcursos.com.br\/blog\/\",\"name\":\"Estrat\u00e9gia Concursos\",\"description\":\"O blog da Estrat\u00e9gia Concursos traz not\u00edcias sobre concursos e artigos de professores oferecendo cursos para concursos (pdf + videaulas) no site.\",\"publisher\":{\"@id\":\"https:\/\/www.estrategiaconcursos.com.br\/blog\/#organization\"},\"potentialAction\":[{\"@type\":\"SearchAction\",\"target\":{\"@type\":\"EntryPoint\",\"urlTemplate\":\"https:\/\/www.estrategiaconcursos.com.br\/blog\/?s={search_term_string}\"},\"query-input\":{\"@type\":\"PropertyValueSpecification\",\"valueRequired\":true,\"valueName\":\"search_term_string\"}}],\"inLanguage\":\"pt-BR\"},{\"@type\":\"Organization\",\"@id\":\"https:\/\/www.estrategiaconcursos.com.br\/blog\/#organization\",\"name\":\"Estrat\u00e9gia Concursos\",\"url\":\"https:\/\/www.estrategiaconcursos.com.br\/blog\/\",\"logo\":{\"@type\":\"ImageObject\",\"inLanguage\":\"pt-BR\",\"@id\":\"https:\/\/www.estrategiaconcursos.com.br\/blog\/#\/schema\/logo\/image\/\",\"url\":\"https:\/\/dhg1h5j42swfq.cloudfront.net\/2025\/06\/03203428\/logo_concursos-1.jpg\",\"contentUrl\":\"https:\/\/dhg1h5j42swfq.cloudfront.net\/2025\/06\/03203428\/logo_concursos-1.jpg\",\"width\":230,\"height\":60,\"caption\":\"Estrat\u00e9gia Concursos\"},\"image\":{\"@id\":\"https:\/\/www.estrategiaconcursos.com.br\/blog\/#\/schema\/logo\/image\/\"},\"sameAs\":[\"https:\/\/x.com\/EstratConcursos\"]},{\"@type\":\"Person\",\"@id\":\"https:\/\/www.estrategiaconcursos.com.br\/blog\/#\/schema\/person\/c32e47dba2159cafe7796a9569a6ff7e\",\"name\":\"Ricardo Vale\",\"image\":{\"@type\":\"ImageObject\",\"inLanguage\":\"pt-BR\",\"@id\":\"https:\/\/secure.gravatar.com\/avatar\/e5a5658c798bb49dd53314263f59f38c192d73370fb65839a372c2ae9027be74?s=96&d=mm&r=g\",\"url\":\"https:\/\/secure.gravatar.com\/avatar\/e5a5658c798bb49dd53314263f59f38c192d73370fb65839a372c2ae9027be74?s=96&d=mm&r=g\",\"contentUrl\":\"https:\/\/secure.gravatar.com\/avatar\/e5a5658c798bb49dd53314263f59f38c192d73370fb65839a372c2ae9027be74?s=96&d=mm&r=g\",\"caption\":\"Ricardo Vale\"},\"sameAs\":[\"https:\/\/www.facebook.com\/rvale01\",\"https:\/\/x.com\/https:\/\/twitter.com\/EstratConcursos\"],\"url\":\"https:\/\/www.estrategiaconcursos.com.br\/blog\/author\/ricardovaleestrategiaconcursos-com-br\/\"}]}<\/script>\n<!-- \/ Yoast SEO Premium plugin. -->","yoast_head_json":{"title":"Subsecret\u00e1rio da Receita Federal afirma n\u00e3o existir previs\u00e3o para concurso","description":"Durante reuni\u00e3o no \u00faltimo s\u00e1bado, subsecret\u00e1rio-geral da Secretaria Especial da RFB debate sobre o futuro dos concursos p\u00fablicos na Receita Federal.","robots":{"index":"index","follow":"follow","max-snippet":"max-snippet:-1","max-image-preview":"max-image-preview:large","max-video-preview":"max-video-preview:-1"},"canonical":"https:\/\/www.estrategiaconcursos.com.br\/blog\/subsecretario-da-rfb-afirma-nao-haver-previsao-para-concurso\/","og_locale":"pt_BR","og_type":"article","og_title":"Subsecret\u00e1rio da Receita Federal afirma n\u00e3o existir previs\u00e3o para concurso","og_description":"Durante reuni\u00e3o no \u00faltimo s\u00e1bado, subsecret\u00e1rio-geral da Secretaria Especial da RFB debate sobre o futuro dos concursos p\u00fablicos na Receita Federal.","og_url":"https:\/\/www.estrategiaconcursos.com.br\/blog\/subsecretario-da-rfb-afirma-nao-haver-previsao-para-concurso\/","og_site_name":"Estrat\u00e9gia Concursos","article_author":"https:\/\/www.facebook.com\/rvale01","article_published_time":"2019-04-08T12:00:01+00:00","article_modified_time":"2019-04-08T19:20:11+00:00","og_image":[{"width":1197,"height":626,"url":"https:\/\/dhg1h5j42swfq.cloudfront.net\/2019\/04\/08083217\/Capturar.jpg","type":"image\/jpeg"}],"author":"Ricardo Vale","twitter_card":"summary_large_image","twitter_creator":"@https:\/\/twitter.com\/EstratConcursos","twitter_site":"@EstratConcursos","twitter_misc":{"Escrito por":"Ricardo Vale","Est. tempo de leitura":"1 minuto"},"schema":{"@context":"https:\/\/schema.org","@graph":[{"@type":"NewsArticle","@id":"https:\/\/www.estrategiaconcursos.com.br\/blog\/subsecretario-da-rfb-afirma-nao-haver-previsao-para-concurso\/#article","isPartOf":{"@id":"https:\/\/www.estrategiaconcursos.com.br\/blog\/subsecretario-da-rfb-afirma-nao-haver-previsao-para-concurso\/"},"author":{"name":"Ricardo Vale","@id":"https:\/\/www.estrategiaconcursos.com.br\/blog\/#\/schema\/person\/c32e47dba2159cafe7796a9569a6ff7e"},"headline":"Subsecret\u00e1rio da Receita Federal afirma n\u00e3o existir previs\u00e3o para concurso","datePublished":"2019-04-08T12:00:01+00:00","dateModified":"2019-04-08T19:20:11+00:00","mainEntityOfPage":{"@id":"https:\/\/www.estrategiaconcursos.com.br\/blog\/subsecretario-da-rfb-afirma-nao-haver-previsao-para-concurso\/"},"wordCount":306,"commentCount":8,"publisher":{"@id":"https:\/\/www.estrategiaconcursos.com.br\/blog\/#organization"},"image":{"@id":"https:\/\/www.estrategiaconcursos.com.br\/blog\/subsecretario-da-rfb-afirma-nao-haver-previsao-para-concurso\/#primaryimage"},"thumbnailUrl":"https:\/\/dhg1h5j42swfq.cloudfront.net\/2019\/04\/08083217\/Capturar.jpg","articleSection":["Concursos P\u00fablicos"],"inLanguage":"pt-BR","potentialAction":[{"@type":"CommentAction","name":"Comment","target":["https:\/\/www.estrategiaconcursos.com.br\/blog\/subsecretario-da-rfb-afirma-nao-haver-previsao-para-concurso\/#respond"]}],"copyrightYear":"2019","copyrightHolder":{"@id":"https:\/\/www.estrategiaconcursos.com.br\/blog\/#organization"}},{"@type":"WebPage","@id":"https:\/\/www.estrategiaconcursos.com.br\/blog\/subsecretario-da-rfb-afirma-nao-haver-previsao-para-concurso\/","url":"https:\/\/www.estrategiaconcursos.com.br\/blog\/subsecretario-da-rfb-afirma-nao-haver-previsao-para-concurso\/","name":"Subsecret\u00e1rio da Receita Federal afirma n\u00e3o existir previs\u00e3o para concurso","isPartOf":{"@id":"https:\/\/www.estrategiaconcursos.com.br\/blog\/#website"},"primaryImageOfPage":{"@id":"https:\/\/www.estrategiaconcursos.com.br\/blog\/subsecretario-da-rfb-afirma-nao-haver-previsao-para-concurso\/#primaryimage"},"image":{"@id":"https:\/\/www.estrategiaconcursos.com.br\/blog\/subsecretario-da-rfb-afirma-nao-haver-previsao-para-concurso\/#primaryimage"},"thumbnailUrl":"https:\/\/dhg1h5j42swfq.cloudfront.net\/2019\/04\/08083217\/Capturar.jpg","datePublished":"2019-04-08T12:00:01+00:00","dateModified":"2019-04-08T19:20:11+00:00","description":"Durante reuni\u00e3o no \u00faltimo s\u00e1bado, subsecret\u00e1rio-geral da Secretaria Especial da RFB debate sobre o futuro dos concursos p\u00fablicos na Receita Federal.","breadcrumb":{"@id":"https:\/\/www.estrategiaconcursos.com.br\/blog\/subsecretario-da-rfb-afirma-nao-haver-previsao-para-concurso\/#breadcrumb"},"inLanguage":"pt-BR","potentialAction":[{"@type":"ReadAction","target":["https:\/\/www.estrategiaconcursos.com.br\/blog\/subsecretario-da-rfb-afirma-nao-haver-previsao-para-concurso\/"]}]},{"@type":"ImageObject","inLanguage":"pt-BR","@id":"https:\/\/www.estrategiaconcursos.com.br\/blog\/subsecretario-da-rfb-afirma-nao-haver-previsao-para-concurso\/#primaryimage","url":"https:\/\/dhg1h5j42swfq.cloudfront.net\/2019\/04\/08083217\/Capturar.jpg","contentUrl":"https:\/\/dhg1h5j42swfq.cloudfront.net\/2019\/04\/08083217\/Capturar.jpg","width":1197,"height":626,"caption":"Receita Federal concurso"},{"@type":"BreadcrumbList","@id":"https:\/\/www.estrategiaconcursos.com.br\/blog\/subsecretario-da-rfb-afirma-nao-haver-previsao-para-concurso\/#breadcrumb","itemListElement":[{"@type":"ListItem","position":1,"name":"In\u00edcio","item":"https:\/\/www.estrategiaconcursos.com.br\/blog\/"},{"@type":"ListItem","position":2,"name":"Subsecret\u00e1rio da Receita Federal afirma n\u00e3o existir previs\u00e3o para concurso"}]},{"@type":"WebSite","@id":"https:\/\/www.estrategiaconcursos.com.br\/blog\/#website","url":"https:\/\/www.estrategiaconcursos.com.br\/blog\/","name":"Estrat\u00e9gia Concursos","description":"O blog da Estrat\u00e9gia Concursos traz not\u00edcias sobre concursos e artigos de professores oferecendo cursos para concursos (pdf + videaulas) no site.","publisher":{"@id":"https:\/\/www.estrategiaconcursos.com.br\/blog\/#organization"},"potentialAction":[{"@type":"SearchAction","target":{"@type":"EntryPoint","urlTemplate":"https:\/\/www.estrategiaconcursos.com.br\/blog\/?s={search_term_string}"},"query-input":{"@type":"PropertyValueSpecification","valueRequired":true,"valueName":"search_term_string"}}],"inLanguage":"pt-BR"},{"@type":"Organization","@id":"https:\/\/www.estrategiaconcursos.com.br\/blog\/#organization","name":"Estrat\u00e9gia Concursos","url":"https:\/\/www.estrategiaconcursos.com.br\/blog\/","logo":{"@type":"ImageObject","inLanguage":"pt-BR","@id":"https:\/\/www.estrategiaconcursos.com.br\/blog\/#\/schema\/logo\/image\/","url":"https:\/\/dhg1h5j42swfq.cloudfront.net\/2025\/06\/03203428\/logo_concursos-1.jpg","contentUrl":"https:\/\/dhg1h5j42swfq.cloudfront.net\/2025\/06\/03203428\/logo_concursos-1.jpg","width":230,"height":60,"caption":"Estrat\u00e9gia Concursos"},"image":{"@id":"https:\/\/www.estrategiaconcursos.com.br\/blog\/#\/schema\/logo\/image\/"},"sameAs":["https:\/\/x.com\/EstratConcursos"]},{"@type":"Person","@id":"https:\/\/www.estrategiaconcursos.com.br\/blog\/#\/schema\/person\/c32e47dba2159cafe7796a9569a6ff7e","name":"Ricardo Vale","image":{"@type":"ImageObject","inLanguage":"pt-BR","@id":"https:\/\/secure.gravatar.com\/avatar\/e5a5658c798bb49dd53314263f59f38c192d73370fb65839a372c2ae9027be74?s=96&d=mm&r=g","url":"https:\/\/secure.gravatar.com\/avatar\/e5a5658c798bb49dd53314263f59f38c192d73370fb65839a372c2ae9027be74?s=96&d=mm&r=g","contentUrl":"https:\/\/secure.gravatar.com\/avatar\/e5a5658c798bb49dd53314263f59f38c192d73370fb65839a372c2ae9027be74?s=96&d=mm&r=g","caption":"Ricardo Vale"},"sameAs":["https:\/\/www.facebook.com\/rvale01","https:\/\/x.com\/https:\/\/twitter.com\/EstratConcursos"],"url":"https:\/\/www.estrategiaconcursos.com.br\/blog\/author\/ricardovaleestrategiaconcursos-com-br\/"}]}},"_links":{"self":[{"href":"https:\/\/www.estrategiaconcursos.com.br\/blog\/wp-json\/wp\/v2\/posts\/177430","targetHints":{"allow":["GET"]}}],"collection":[{"href":"https:\/\/www.estrategiaconcursos.com.br\/blog\/wp-json\/wp\/v2\/posts"}],"about":[{"href":"https:\/\/www.estrategiaconcursos.com.br\/blog\/wp-json\/wp\/v2\/types\/post"}],"author":[{"embeddable":true,"href":"https:\/\/www.estrategiaconcursos.com.br\/blog\/wp-json\/wp\/v2\/users\/26"}],"replies":[{"embeddable":true,"href":"https:\/\/www.estrategiaconcursos.com.br\/blog\/wp-json\/wp\/v2\/comments?post=177430"}],"version-history":[{"count":8,"href":"https:\/\/www.estrategiaconcursos.com.br\/blog\/wp-json\/wp\/v2\/posts\/177430\/revisions"}],"predecessor-version":[{"id":177647,"href":"https:\/\/www.estrategiaconcursos.com.br\/blog\/wp-json\/wp\/v2\/posts\/177430\/revisions\/177647"}],"wp:featuredmedia":[{"embeddable":true,"href":"https:\/\/www.estrategiaconcursos.com.br\/blog\/wp-json\/wp\/v2\/media\/177431"}],"wp:attachment":[{"href":"https:\/\/www.estrategiaconcursos.com.br\/blog\/wp-json\/wp\/v2\/media?parent=177430"}],"wp:term":[{"taxonomy":"category","embeddable":true,"href":"https:\/\/www.estrategiaconcursos.com.br\/blog\/wp-json\/wp\/v2\/categories?post=177430"},{"taxonomy":"post_tag","embeddable":true,"href":"https:\/\/www.estrategiaconcursos.com.br\/blog\/wp-json\/wp\/v2\/tags?post=177430"},{"taxonomy":"tax_estado","embeddable":true,"href":"https:\/\/www.estrategiaconcursos.com.br\/blog\/wp-json\/wp\/v2\/tax_estado?post=177430"}],"curies":[{"name":"wp","href":"https:\/\/api.w.org\/{rel}","templated":true}]}}