{"id":176937,"date":"2026-03-17T13:04:14","date_gmt":"2026-03-17T16:04:14","guid":{"rendered":"https:\/\/www.estrategiaconcursos.com.br\/blog\/?p=176937"},"modified":"2026-03-17T13:04:16","modified_gmt":"2026-03-17T16:04:16","slug":"concurso-tj-sp","status":"publish","type":"post","link":"https:\/\/www.estrategiaconcursos.com.br\/blog\/concurso-tj-sp\/","title":{"rendered":"Concurso TJ SP: nota da discursiva para Escrevente divulgada!"},"content":{"rendered":"\n<p class=\"has-large-font-size\"><strong><em>Com edital publicado em 2025, Concurso TJ SP ofertou vagas em CR com remunera\u00e7\u00e3o de R$6,5 mil<\/em><\/strong><\/p>\n\n\n<p><center><a id=\"cta-icon\" href=\"https:\/\/sndflw.com\/i\/tj-sp-grupo\" target=\"_blank\" style=\"background:#29a61a; display:inline-flex; align-items:center; padding:10px 15px; border-radius:6px; color:#fff; text-decoration:none; font-weight:500; font-size:15px;\"><img decoding=\"async\" src=\"https:\/\/dhg1h5j42swfq.cloudfront.net\/2023\/12\/07154107\/whatsapp_13851.png\" alt=\"\" style=\"width:20px; height:20px; margin-right:8px;\"><span>Acesse agora o Grupo de Estudos para o Concurso TJ SP<\/span><\/a><\/center><\/p>\n\n\n\n<p>O <strong><a href=\"https:\/\/www.estrategiaconcursos.com.br\/cursosPorConcurso\/tj-sp\/\" target=\"_blank\" rel=\"noreferrer noopener\">Tribunal de Justi\u00e7a de S\u00e3o Paulo<\/a> (TJ SP)<\/strong> oferece vagas em cadastro de reserva para o cargo de&nbsp;<strong>Escrevente T\u00e9cnico Judici\u00e1rio<\/strong>.<\/p>\n\n\n\n<p>&nbsp;As vagas s\u00e3o de <strong>n\u00edvel m\u00e9dio<\/strong> e contam <strong>sal\u00e1rio inicial<\/strong> de&nbsp;<strong>R$ 6.345,94<\/strong>, acrescido de benef\u00edcios previstos em lei.<\/p>\n\n\n\n<p>O concurso contou com quase <a href=\"https:\/\/dhg1h5j42swfq.cloudfront.net\/2025\/09\/01142803\/tj-sp-escrevente.pdf\">132 mil inscritos<\/a> e os resultados j\u00e1 est\u00e3o sendo divulgados:<\/p>\n\n\n\n<ul class=\"wp-block-list\">\n<li><a href=\"https:\/\/dhg1h5j42swfq.cloudfront.net\/2026\/03\/04110902\/concurso-tj-sp-discursiva.pdf\" target=\"_blank\" rel=\"noreferrer noopener\">Resultado prova discursiva.<\/a><\/li>\n<\/ul>\n\n\n\n<p>Mesmo sendo para CR, podem ocorrer milhares de nomea\u00e7\u00f5es, pois, atualmente, s\u00e3o&nbsp;<strong>2.857 cargos vagos<\/strong>, conforme dados divulgados em abril de 2025, no&nbsp;<a href=\"https:\/\/www.tjsp.jus.br\/CanaisComunicacao\/Transparencia\/ResCNJ102_Default\" target=\"_blank\" rel=\"noreferrer noopener\">Portal da Transpar\u00eancia<\/a>.<\/p>\n\n\n\n<ul class=\"wp-block-list has-very-light-gray-to-cyan-bluish-gray-gradient-background has-background\">\n<li><strong>Concurso TJ SP &#8211; Escrevente<\/strong><\/li>\n\n\n\n<li><strong>Status<\/strong>: resultados divulgados<\/li>\n\n\n\n<li><strong style=\"background-color: initial; color: initial;\">Banca:<\/strong> <a href=\"https:\/\/www.vunesp.com.br\/\" target=\"_blank\" rel=\"noreferrer noopener\">Vunesp<\/a><\/li>\n\n\n\n<li><strong>Vagas:<\/strong> CR<\/li>\n\n\n\n<li><strong>Cargo<\/strong>: Escrevente<\/li>\n\n\n\n<li><strong>Sal\u00e1rio inicial:<\/strong> R$ 6.504,60 + benef\u00edcios<\/li>\n\n\n\n<li><strong>Edital<\/strong>:&nbsp;<a href=\"https:\/\/dhg1h5j42swfq.cloudfront.net\/2025\/08\/01111012\/edital-tj-sp-escrevente-2025.pdf\" target=\"_blank\" rel=\"noreferrer noopener\">TJ SP Escrevente 2025<\/a> | <a href=\"https:\/\/dhg1h5j42swfq.cloudfront.net\/2025\/09\/05071727\/image-57.png\" target=\"_blank\" rel=\"noreferrer noopener\">Retifica\u00e7\u00e3o<\/a><\/li>\n<\/ul>\n\n\n\n<div class=\"container\" id=\"boxes\">\n  <div class=\"row\">\n    <div class=\"col-sm\">\n      <div class=\"banner-tribunal\" id=\"box-assinatura\">\n        <h3 class=\"titulo-assinatura\">Curso TJ SP<\/h3>\n        <p class=\"subtitulo-assinatura\">Conhe\u00e7a os cursos<\/p>\n        <div class=\"box-botao\">\n          <a class=\"btn-assinatura\" target=\"_blank\" href=\"https:\/\/www.estrategiaconcursos.com.br\/cursosPorConcurso\/tj-sp-escrevente\/\" role=\"button\" rel=\"noopener noreferrer\">Conhe\u00e7a mais<\/a>\n        <\/div>\n      <\/div>\n      <p class=\"texto-auxiliar\">Prepare-se com o melhor material e com quem mais aprova em Concursos P\u00fablicos em todo o pa\u00eds.<\/p>\n    <\/div>\n  <\/div>\n<\/div>\n\n\n\n<p class=\"has-text-align-left\">Neste artigo, voc\u00ea encontra um Guia Completo para os editais do <strong>Concurso TJ-SP<\/strong>, com informa\u00e7\u00f5es diversas para n\u00e3o perder nada sobre as provas, os dados do cargo e muito mais. <\/p>\n\n\n\n<ul id=\"indice\" class=\"wp-block-list\">\n<li><a href=\"#novo-concurso-tj-sp-escrevente-2025\"><strong>Concurso Escrevente 2025<\/strong><\/a>\n<ul class=\"wp-block-list\">\n<li><a href=\"#principais-datas\">Absten\u00e7\u00e3o<\/a><\/li>\n\n\n\n<li><a href=\"#h-inscritos\">Inscritos<\/a><\/li>\n\n\n\n<li><a href=\"#h-resultados\">Resultados<\/a><\/li>\n\n\n\n<li><a href=\"#criacao-de-cargos\">Cria\u00e7\u00e3o de cargos<\/a><\/li>\n<\/ul>\n<\/li>\n\n\n\n<li><a href=\"#cargos-vagas-remuneracoes-e-beneficios\"><strong>Cargos, vagas, remunera\u00e7\u00f5es e benef\u00edcios<\/strong><\/a>\n<ul class=\"wp-block-list\">\n<li><a href=\"#comarcas-contempladas\">Comarcas contempladas<\/a><\/li>\n\n\n\n<li><a href=\"#requisitos\">Requisitos<\/a><\/li>\n\n\n\n<li><a href=\"#etapas-e-provas\">Etapas e provas<\/a><\/li>\n\n\n\n<li><a href=\"#historico-de-nomeacoes\">Hist\u00f3rico de nomea\u00e7\u00f5es<\/a><\/li>\n<\/ul>\n<\/li>\n\n\n\n<li id=\"carreira\"><a href=\"#carreira\"><strong>Carreira do TJ SP<\/strong><\/a>\n<ul class=\"wp-block-list\">\n<li><a href=\"#cargos- vagos\">Cargos vagos<\/a><\/li>\n\n\n\n<li><a href=\"#remuneracoes\">Remunera\u00e7\u00f5es e benef\u00edcios TJ SP<\/a><\/li>\n\n\n\n<li><a href=\"#teletrabalho\">Teletrabalho<\/a><\/li>\n<\/ul>\n<\/li>\n\n\n\n<li><a href=\"#ultimo-concurso\"><strong>\u00daltimo concurso &#8211; Escrevente<\/strong><\/a>\n<ul class=\"wp-block-list\">\n<li><a href=\"#nota\">Nota de corte<\/a><\/li>\n<\/ul>\n<\/li>\n\n\n\n<li><a href=\"#vm\"><strong>Vade-m\u00e9cum estrat\u00e9gico &#8211; Escrevente 2025<\/strong><\/a><\/li>\n\n\n\n<li><strong><a href=\"#editais\">Editais publicados<\/a><\/strong><\/li>\n\n\n\n<li><a href=\"#cursos-assinatura\"><strong>Cursos e Assinatura<\/strong><\/a><\/li>\n\n\n\n<li><a href=\"#ficha\"><strong>Ficha t\u00e9cnica<\/strong><\/a><\/li>\n<\/ul>\n\n\n\n<h2 class=\"wp-block-heading\" id=\"h-concurso-tj-sp-edital-para-escrevente\">Concurso TJ SP: edital para Escrevente<\/h2>\n\n\n\n<p>O concurso p\u00fablico para Escrevente ter\u00e1 validade de um ano a contar da data de homologa\u00e7\u00e3o, podendo ser prorrogado por igual per\u00edodo. <\/p>\n\n\n\n<h3 class=\"wp-block-heading\" id=\"datas\">Absten\u00e7\u00e3o<\/h3>\n\n\n\n<p>Segundo a Assessoria do TJ SP, as provas objetivas para escrevente aplicadas no dia 07 de dezembro, registraram 63.384 absten\u00e7\u00f5es dentro das 131.718 inscri\u00e7\u00f5es, o que corresponde ao percentual de <strong>48,12% de aus\u00eancias<\/strong>.<\/p>\n\n\n\n<h3 class=\"wp-block-heading\" id=\"h-inscritos\">Inscritos<\/h3>\n\n\n\n<p>Foram registradas quase<strong> 132 mil inscri\u00e7\u00f5es<\/strong> no concurso, sendo o maior n\u00famero registrado na capital, com 84.313 inscritos. <\/p>\n\n\n\n<ul class=\"wp-block-list\">\n<li><a href=\"https:\/\/dhg1h5j42swfq.cloudfront.net\/2025\/09\/01142803\/tj-sp-escrevente.pdf\">Distribui\u00e7\u00e3o de inscritos por comarca<\/a>.<\/li>\n<\/ul>\n\n\n\n<h3 class=\"wp-block-heading\" id=\"h-resultados\">Resultados<\/h3>\n\n\n\n<ul class=\"wp-block-list\">\n<li><a href=\"https:\/\/documento.vunesp.com.br\/documento\/stream\/NzYxNjQ2NQ%3d%3d\" target=\"_blank\" rel=\"noreferrer noopener\">Resultado objetiva;<\/a><\/li>\n\n\n\n<li><a href=\"https:\/\/dhg1h5j42swfq.cloudfront.net\/2026\/03\/04110902\/concurso-tj-sp-discursiva.pdf\" target=\"_blank\" rel=\"noreferrer noopener\">Resultado discursiva.<\/a><\/li>\n<\/ul>\n\n\n\n<h3 class=\"wp-block-heading\" id=\"h-criacao-de-cargos\">Cria\u00e7\u00e3o de cargos<\/h3>\n\n\n\n<p>O Projeto de Lei Complementar 42\/2024 (PLC), aprovado pela Assembleia Legislativa do Estado (Alesp) do dia 25 de junho de 2025, cria, ao todo, <a href=\"https:\/\/www.estrategiaconcursos.com.br\/blog\/concurso-tj-sp-escrevente-720-cargos-criados\/\" target=\"_blank\" rel=\"noreferrer noopener\">960 cargos<\/a>, sendo:<\/p>\n\n\n\n<ul class=\"wp-block-list\">\n<li>720 novos escreventes;<\/li>\n\n\n\n<li>160 novos chefes de se\u00e7\u00e3o judici\u00e1rio;<\/li>\n\n\n\n<li>50 novos cargos de coordenador; e<\/li>\n\n\n\n<li>30 novos cargos de supervisor de servi\u00e7o.<\/li>\n<\/ul>\n\n\n\n<h3 class=\"wp-block-heading\" id=\"cargos-vagas\">Cargos, vagas, remunera\u00e7\u00f5es e benef\u00edcios<\/h3>\n\n\n\n<p>Confira na tabela abaixo as oportunidades e sal\u00e1rios:<\/p>\n\n\n\n<figure class=\"wp-block-table is-style-stripes\"><table class=\"has-fixed-layout\"><thead><tr><th class=\"has-text-align-center\" data-align=\"center\">CARGOS<\/th><th class=\"has-text-align-center\" data-align=\"center\">VAGAS<\/th><th class=\"has-text-align-center\" data-align=\"center\">SAL\u00c1RIO<\/th><\/tr><\/thead><tbody><tr><td class=\"has-text-align-center\" data-align=\"center\">Escrevente<\/td><td class=\"has-text-align-center\" data-align=\"center\">CR<\/td><td class=\"has-text-align-center\" data-align=\"center\">R$ 6.504,60 + benef\u00edcios<\/td><\/tr><\/tbody><\/table><\/figure>\n\n\n\n<p>Os aprovados ter\u00e3o direito ainda aos seguintes benef\u00edcios:<\/p>\n\n\n\n<ul class=\"wp-block-list\">\n<li>Aux\u00edlio-alimenta\u00e7\u00e3o di\u00e1rio de R$ 80,00 a partir de 01 de abril de 2025 = R$ 1.784,42.&nbsp;<\/li>\n\n\n\n<li>Aux\u00edlio Creche \u2013 R$ 805,00 por filho (limite de 2 filhos);<\/li>\n\n\n\n<li>Aux\u00edlio para Filho com Defici\u00eancia \u2013 R$ 1.207,50;<\/li>\n\n\n\n<li>Aux\u00edlio Transporte e Sa\u00fade;<\/li>\n\n\n\n<li>Adicional de qualifica\u00e7\u00e3o: 5% (superior), 7,5% (p\u00f3s), 10% (mestrado) e 12,5% (doutordo);<\/li>\n\n\n\n<li>Licen\u00e7a Pr\u00eamio: R$ 1.784,42;<\/li>\n\n\n\n<li>Quinqu\u00eanio: 5% a cada 5 anos; <\/li>\n\n\n\n<li>6\u00aa parte: 20% ao completar 20 anos. <\/li>\n<\/ul>\n\n\n\n<p>O time do Estrat\u00e9gia fez o c\u00e1lculo da remunera\u00e7\u00e3o para facilitar a vida do concurserio. Veja:<\/p>\n\n\n\n<ul class=\"wp-block-list\">\n<li>Valor base: R$ 1.968,34<\/li>\n\n\n\n<li>GAJ: R$ 4.536,26<\/li>\n\n\n\n<li>Vencimento: R$ 6.504,60<\/li>\n\n\n\n<li>Total de aux\u00edlios: R$ 2.627,00<\/li>\n\n\n\n<li>Valor bruto: R$ 9.131,60<\/li>\n\n\n\n<li>Valor l\u00edquido: R$ 7.530,59<\/li>\n<\/ul>\n\n\n\n<h3 class=\"wp-block-heading\" id=\"h-comarcas-para-escrevente\">Comarcas para Escrevente<\/h3>\n\n\n\n<p>Confira as comarcas contempladas: <\/p>\n\n\n\n<figure class=\"wp-block-table is-style-stripes\"><table class=\"has-fixed-layout\"><tbody><tr><td class=\"has-text-align-center\" data-align=\"center\"><strong>COMARCAS<\/strong><\/td><\/tr><tr><td class=\"has-text-align-center\" data-align=\"center\">CAPITAL<strong>&nbsp;(S\u00c3O PAULO)<\/strong><\/td><\/tr><tr><td class=\"has-text-align-center\" data-align=\"center\"><strong>S\u00c3O BERNARDO DO CAMPO (Sede<br \/>da Circunscri\u00e7\u00e3o Judici\u00e1ria \u2013 CJ)<\/strong><br \/>DIADEMA<\/td><\/tr><tr><td class=\"has-text-align-center\" data-align=\"center\"><strong>SANTO ANDR\u00c9 (Sede da Circunscri\u00e7\u00e3o<br \/>Judici\u00e1ria \u2013 CJ)<\/strong><br \/>MAU\u00c1<br \/>RIBEIR\u00c3O PIRES<br \/>RIO GRANDE DA SERRA<br \/>S\u00c3O CAETANO DO SUL<\/td><\/tr><tr><td class=\"has-text-align-center\" data-align=\"center\"><strong>OSASCO (Sede da Circunscri\u00e7\u00e3o<br \/>Judici\u00e1ria \u2013 CJ)<\/strong><br \/>BARUERI<br \/>CARAPICUIBA<br \/>JANDIRA<br \/>SANTANA DE PARNA\u00cdBA<\/td><\/tr><tr><td class=\"has-text-align-center\" data-align=\"center\"><strong>GUARULHOS (Sede da Circunscri\u00e7\u00e3o<br \/>Judici\u00e1ria \u2013 CJ)<\/strong><br \/>ARUJ\u00c1<br \/>MAIRIPOR\u00c3<br \/>SANTA ISABEL<\/td><\/tr><tr><td class=\"has-text-align-center\" data-align=\"center\"><strong>MOGI DAS CRUZES (Sede da<br \/>Circunscri\u00e7\u00e3o Judici\u00e1ria \u2013 CJ)<\/strong><br \/>FERRAZ DE VASCONCELOS<br \/>GUARAREMA<br \/>ITAQUAQUECETUBA<br \/>PO\u00c1<br \/>SUZANO<\/td><\/tr><tr><td class=\"has-text-align-center\" data-align=\"center\"><strong>ITAPECERICA DA SERRA (Sede da<br \/>Circunscri\u00e7\u00e3o Judici\u00e1ria \u2013 CJ)<\/strong><br \/>COTIA<br \/>EMBU DAS ARTES<br \/>EMBU GUA\u00c7U<br \/>ITAPEVI<br \/>TABO\u00c3O DA SERRA<br \/>VARGEM GRANDE PAULISTA<\/td><\/tr><\/tbody><\/table><\/figure>\n\n\n\n<h3 class=\"wp-block-heading\" id=\"h-requisitos-para-escrevente\">Requisitos para Escrevente<\/h3>\n\n\n\n<p>Para concorrer \u00e9 necess\u00e1rio:<\/p>\n\n\n\n<ul class=\"wp-block-list\">\n<li>Ser brasileiro nato, naturalizado ou gozar das prerrogativas previstas no artigo 12, \u00a7 1\u00ba da Constitui\u00e7\u00e3o Federal de 1988;<\/li>\n\n\n\n<li>Ter 18 anos de idade completos at\u00e9 a data da posse;<\/li>\n\n\n\n<li>Estar em dia com as obriga\u00e7\u00f5es eleitorais;<\/li>\n\n\n\n<li>Estar em dia com as obriga\u00e7\u00f5es do Servi\u00e7o Militar;<\/li>\n\n\n\n<li>N\u00e3o ter sido condenado(a) por crime contra o patrim\u00f4nio, a Administra\u00e7\u00e3o, a f\u00e9 p\u00fablica, os costumes e os previstos na Lei n.\u00ba11.343 de 23\/08\/2006;<\/li>\n\n\n\n<li>N\u00e3o ter sido condenado(a) por ato de improbidade previsto na Lei n.\u00ba 8.429\/92, com as altera\u00e7\u00f5es posteriores;<\/li>\n\n\n\n<li><strong>Ter conclu\u00eddo, at\u00e9 a data da posse, o Ensino M\u00e9dio;<\/strong><\/li>\n\n\n\n<li>Gozar de boa sa\u00fade f\u00edsica e mental para o exerc\u00edcio das atribui\u00e7\u00f5es do cargo, comprovada em inspe\u00e7\u00e3o realizada por \u00f3rg\u00e3o m\u00e9dico oficial do Estado.<\/li>\n<\/ul>\n\n\n\n<h3 class=\"wp-block-heading\" id=\"etapas\">Etapas e provas<\/h3>\n\n\n\n<p>Os candidatos inscritos no edital do concurso TJ SP Escrevente s\u00e3o avaliados por meio da aplica\u00e7\u00e3o das seguintes etapas:<\/p>\n\n\n\n<ul class=\"wp-block-list\">\n<li><strong>Prova Objetiva<\/strong>&nbsp;\u2013 eliminat\u00f3rio e classificat\u00f3rio;<\/li>\n\n\n\n<li><strong>Prova Discursiva<\/strong>&nbsp;\u2013 eliminat\u00f3rio.<\/li>\n<\/ul>\n\n\n\n<h4 class=\"wp-block-heading\" id=\"objetiva\">Provas Objetivas<\/h4>\n\n\n\n<p>A avalia\u00e7\u00e3o teve dura\u00e7\u00e3o de 5 horas e contou com&nbsp;<strong>70 quest\u00f5es<\/strong>&nbsp;de m\u00faltipla escolha, com 5 alternativas cada e tiveram os seguintes blocos:<\/p>\n\n\n\n<ul class=\"wp-block-list\">\n<li><strong>Bloco I<\/strong>: L\u00edngua Portuguesa;<\/li>\n\n\n\n<li><strong>Bloco II<\/strong>: Conhecimentos em Direito;<\/li>\n\n\n\n<li><strong>Bloco III<\/strong>: Conhecimentos Gerais (atualidades, matem\u00e1tica, inform\u00e1tica e racioc\u00ednio l\u00f3gico).\n<ul class=\"wp-block-list\">\n<li>Atualidades (4 quest\u00f5es);<\/li>\n\n\n\n<li>Matem\u00e1tica (4 quest\u00f5es);<\/li>\n\n\n\n<li>Inform\u00e1tica (9 quest\u00f5es); e<\/li>\n\n\n\n<li>R\u00e1cioc\u00ednio L\u00f3gico (7 quest\u00f5es).<\/li>\n<\/ul>\n<\/li>\n<\/ul>\n\n\n\n<h4 class=\"wp-block-heading\" id=\"discursiva\">Prova Discursiva<\/h4>\n\n\n\n<p>Avaliou as habilidades de escrita e esperava-se que o candidato produzisse um texto dissertativo-argumentativo, coerente, coeso e de acordo com a norma-padr\u00e3o da l\u00edngua portuguesa, a partir da leitura e compreens\u00e3o de textos auxiliares, que serviram como um referencial para ampliar os argumentos produzidos pelo pr\u00f3prio candidato.<\/p>\n\n\n\n<h5 class=\"wp-block-heading\" id=\"h-quais-candidatos-terao-as-provas-discursivas-corrigidas\">Quais candidatos ter\u00e3o as provas discursivas corrigidas?<\/h5>\n\n\n\n<p>Ter\u00e3o corrigidas as provas discursivas (reda\u00e7\u00e3o) os(as) candidatos(as) habilitados(as) da Lista Geral, que obtiverem melhor classifica\u00e7\u00e3o na prova objetiva (quest\u00f5es de m\u00faltipla escolha), bem como os que empatarem na \u00faltima coloca\u00e7\u00e3o, conforme segue:<\/p>\n\n\n\n<figure class=\"wp-block-table is-style-stripes\"><table class=\"has-fixed-layout\"><tbody><tr><td class=\"has-text-align-center\" data-align=\"center\"><strong>Circunscri\u00e7\u00e3o Judici\u00e1ria <\/strong><\/td><td class=\"has-text-align-center\" data-align=\"center\"><strong>Sede da Circunscri\u00e7\u00e3o Judici\u00e1ria <\/strong><\/td><td class=\"has-text-align-center\" data-align=\"center\"><strong>N\u00famero de candidatos<\/strong><\/td><\/tr><tr><td class=\"has-text-align-center\" data-align=\"center\">&#8211;<\/td><td class=\"has-text-align-center\" data-align=\"center\">S\u00c3O PAULO (Capital) <\/td><td class=\"has-text-align-center\" data-align=\"center\">1.440<\/td><\/tr><tr><td class=\"has-text-align-center\" data-align=\"center\">2\u00aa <\/td><td class=\"has-text-align-center\" data-align=\"center\">S\u00c3O BERNARDO DO CAMPO<\/td><td class=\"has-text-align-center\" data-align=\"center\"> 110<\/td><\/tr><tr><td class=\"has-text-align-center\" data-align=\"center\">3\u00aa  <\/td><td class=\"has-text-align-center\" data-align=\"center\">SANTO ANDR\u00c9<\/td><td class=\"has-text-align-center\" data-align=\"center\">110<\/td><\/tr><tr><td class=\"has-text-align-center\" data-align=\"center\">4\u00aa <\/td><td class=\"has-text-align-center\" data-align=\"center\">OSASCO<\/td><td class=\"has-text-align-center\" data-align=\"center\"> 140<\/td><\/tr><tr><td class=\"has-text-align-center\" data-align=\"center\">44\u00aa  <\/td><td class=\"has-text-align-center\" data-align=\"center\">GUARULHOS<\/td><td class=\"has-text-align-center\" data-align=\"center\">110<\/td><\/tr><tr><td class=\"has-text-align-center\" data-align=\"center\">45\u00aa  <\/td><td class=\"has-text-align-center\" data-align=\"center\">MOGI DAS CRUZES<\/td><td class=\"has-text-align-center\" data-align=\"center\">110<\/td><\/tr><tr><td class=\"has-text-align-center\" data-align=\"center\">52\u00aa <\/td><td class=\"has-text-align-center\" data-align=\"center\">ITAPECERICA DA SERRA<\/td><td class=\"has-text-align-center\" data-align=\"center\"> 110<\/td><\/tr><\/tbody><\/table><\/figure>\n\n\n\n<h3 class=\"wp-block-heading\" id=\"h-historico-de-nomeacoes-para-escrevente\">Hist\u00f3rico de nomea\u00e7\u00f5es para Escrevente<\/h3>\n\n\n\n<ul class=\"wp-block-list\">\n<li><strong>Capital<\/strong>\n<ul class=\"wp-block-list\">\n<li>2021: 1.944<\/li>\n\n\n\n<li>2023: 2.210<\/li>\n<\/ul>\n<\/li>\n\n\n\n<li><strong>Santo Andr\u00e9<\/strong>\n<ul class=\"wp-block-list\">\n<li>2021: 153<\/li>\n\n\n\n<li>2023: 166<\/li>\n<\/ul>\n<\/li>\n\n\n\n<li><strong>Osasco<\/strong>\n<ul class=\"wp-block-list\">\n<li>2021: 166<\/li>\n\n\n\n<li>2023: 188<\/li>\n<\/ul>\n<\/li>\n\n\n\n<li><strong>Mogi das Cruzes<\/strong>\n<ul class=\"wp-block-list\">\n<li>2021: 153<\/li>\n\n\n\n<li>2023: 182<\/li>\n<\/ul>\n<\/li>\n\n\n\n<li><strong>Itapecerica<\/strong>\n<ul class=\"wp-block-list\">\n<li>2021: 151<\/li>\n\n\n\n<li>2023: 179<\/li>\n<\/ul>\n<\/li>\n\n\n\n<li><strong>Guarulhos<\/strong>\n<ul class=\"wp-block-list\">\n<li>2021: 182<\/li>\n\n\n\n<li>2023: 165<\/li>\n<\/ul>\n<\/li>\n\n\n\n<li><strong>S\u00e3o Bernardo do Campo<\/strong>\n<ul class=\"wp-block-list\">\n<li>2021: 150<\/li>\n\n\n\n<li>2023: 165<\/li>\n<\/ul>\n<\/li>\n\n\n\n<li><strong>Concurso de 2024<\/strong> &#8211;<strong> Capital e Interior<\/strong>\n<ul class=\"wp-block-list\">\n<li>at\u00e9 31\/07\/2025 &#8211; 1.051 nomeados<\/li>\n<\/ul>\n<\/li>\n<\/ul>\n\n\n\n<h2 class=\"wp-block-heading\" id=\"carreira\">Como \u00e9 a carreira no TJ SP?<\/h2>\n\n\n\n<h3 class=\"wp-block-heading\" id=\"h-remuneracoes\">Remunera\u00e7\u00f5es<\/h3>\n\n\n\n<p>Confira abaixo os inicias de algumas carreiras com base no documento\u00a0<a href=\"https:\/\/www.tjsp.jus.br\/Download\/Portal\/CanaisComunicacao\/Transparencia\/ResCNJ102_Default\/Anexo03a\/rescnj215anexo03a202505.pdf?d=1753224974935\" target=\"_blank\" rel=\"noreferrer noopener\">divulgado no portal do TJ SP<\/a>.<\/p>\n\n\n\n<figure class=\"wp-block-table is-style-stripes\"><table class=\"has-fixed-layout\"><tbody><tr><td><strong>Escrevente T\u00e9cnico Judici\u00e1rio<\/strong><\/td><td><strong>Oficial de Justi\u00e7a<\/strong><\/td><td><strong>Psic\u00f3logo e Assistente Social Judici\u00e1rio<\/strong><\/td><td><strong>Analista de Sistemas<\/strong><\/td><\/tr><tr><td>Inicial \u2013 R$6.345,94<\/td><td>Inicial \u2013 R$9.615,80<\/td><td>Inicial \u2013 R$9.890,97<\/td><td>Inicial \u2013 8.514,27<\/td><\/tr><tr><td>Final \u2013 R$6.988,35<\/td><td>Final \u2013 R$10.470,50<\/td><td>Final \u2013 R$10.747,51<\/td><td>Final \u2013 R$9.368,97<\/td><\/tr><\/tbody><\/table><\/figure>\n\n\n\n<h3 class=\"wp-block-heading\" id=\"h-beneficios\">Benef\u00edcios<\/h3>\n\n\n\n<p>O presidente do tribunal divulgou em abril de 2025 que:<\/p>\n\n\n\n<ul class=\"wp-block-list\">\n<li>Ser\u00e1 concedido, \u201cad referendum\u201d do \u00d3rg\u00e3o Especial, reajuste de 5% sobre os vencimentos iniciais por meio da majora\u00e7\u00e3o do percentual de c\u00e1lculo da Gratifica\u00e7\u00e3o Judici\u00e1ria atribu\u00edda aos servidores do quadro do Tribunal de Justi\u00e7a, a partir de 01 de mar\u00e7o de 2025.&nbsp;<\/li>\n\n\n\n<li>O aux\u00edlio-alimenta\u00e7\u00e3o di\u00e1rio passar\u00e1 dos atuais R$ 65,00 para R$ 80,00 a partir de 01 de abril de 2025.&nbsp;<\/li>\n\n\n\n<li>O aux\u00edlio-creche escola e o aux\u00edlio a filho com defici\u00eancia ter\u00e3o um reajuste de 15%, passando o aux\u00edlio-creche de R$ 700,00 para R$ 805,00 e o aux\u00edlio a filho com defici\u00eancia de R$ 1.050,00 para R$ 1.207,50, a partir de 01 de abril de 2025.&nbsp;<\/li>\n\n\n\n<li>A partir da folha de pagamento de abril\/25, cr\u00e9dito em maio\/25, o pagamento mensal de indeniza\u00e7\u00e3o ocorrer\u00e1 no patamar de 10 (dez) dias de f\u00e9rias ou 15 (quinze) dias de licen\u00e7a-pr\u00eamio, com prioridade \u00e0 licen\u00e7a-pr\u00eamio.&nbsp;<\/li>\n\n\n\n<li>indeniza\u00e7\u00e3o de dias de compensa\u00e7\u00e3o ocorrer\u00e1 no patamar de 10 (dez) dias por m\u00eas, independentemente do limite de dias de f\u00e9rias e licen\u00e7a-pr\u00eamio. Ou seja, havendo saldo e ap\u00f3s o processamento do indeferimento do gozo o servidor poder\u00e1 receber 10 dias de indeniza\u00e7\u00e3o de f\u00e9rias (ou 15 dias de indeniza\u00e7\u00e3o de licen\u00e7a-pr\u00eamio) e mais 10 dias de indeniza\u00e7\u00e3o de dias de compensa\u00e7\u00e3o no mesmo m\u00eas.&nbsp;<\/li>\n\n\n\n<li>Os pedidos de indeniza\u00e7\u00e3o protocolados at\u00e9 o dia 15 de cada m\u00eas ser\u00e3o inclu\u00eddos na folha de pagamento do m\u00eas corrente, com cr\u00e9dito no m\u00eas subsequente.&nbsp;<\/li>\n\n\n\n<li>Ser\u00e1 concedido reajuste nos vencimentos iniciais dos cargos de Assistente Social e Psic\u00f3logo Judici\u00e1rio correspondente a 20% da diferen\u00e7a para os vencimentos iniciais do cargo de Enfermeiro&nbsp;Judici\u00e1rio, por meio de majora\u00e7\u00e3o da gratifica\u00e7\u00e3o judici\u00e1ria, a partir de 01 de maio de 2025.&nbsp;<\/li>\n\n\n\n<li>Eventuais altera\u00e7\u00f5es ser\u00e3o oportunamente comunicadas, e isso se necess\u00e1ria a reavalia\u00e7\u00e3o da situa\u00e7\u00e3o or\u00e7ament\u00e1ria deste Tribunal de Justi\u00e7a.&nbsp;<\/li>\n<\/ul>\n\n\n\n<h3 class=\"wp-block-heading\" id=\"cargos-vagos\">Cargos vagos<\/h3>\n\n\n\n<p>Segundo dados dispon\u00edveis no <a href=\"https:\/\/www.tjsp.jus.br\/CanaisComunicacao\/Transparencia\/ResCNJ102_Default\" target=\"_blank\" rel=\"noreferrer noopener\">Portal da Transpar\u00eancia<\/a> do\u00a0<strong>TJ SP<\/strong>, com refer\u00eancia <a href=\"https:\/\/www.tjsp.jus.br\/Download\/Portal\/CanaisComunicacao\/Transparencia\/ResCNJ102_Default\/Anexo04a\/rescnj215anexo04a202508.pdf?d=1760458036530\" target=\"_blank\" rel=\"noreferrer noopener\">em\u00a0agosto de 2025<\/a>\u00a0a quantidade de cargos pode ser percebida na listagem abaixo:<\/p>\n\n\n\n<figure class=\"wp-block-table is-style-stripes\"><table class=\"has-fixed-layout\"><thead><tr><th class=\"has-text-align-center\" data-align=\"center\">ESCREVENTE<\/th><th class=\"has-text-align-center\" data-align=\"center\">OFICIAL DE JUSTI\u00c7A<\/th><th class=\"has-text-align-center\" data-align=\"center\">ASSISTENTE SOCIAL<\/th><th class=\"has-text-align-center\" data-align=\"center\">PSIC\u00d3LOGO<\/th><th class=\"has-text-align-center\" data-align=\"center\">ANALISTA DE SISTEMAS<\/th><\/tr><\/thead><tbody><tr><td class=\"has-text-align-center\" data-align=\"center\">3.344<\/td><td class=\"has-text-align-center\" data-align=\"center\">5.706<\/td><td class=\"has-text-align-center\" data-align=\"center\">239<\/td><td class=\"has-text-align-center\" data-align=\"center\">226<\/td><td class=\"has-text-align-center\" data-align=\"center\">100<\/td><\/tr><\/tbody><\/table><\/figure>\n\n\n\n<h3 class=\"wp-block-heading\" id=\"teletrabalho\">Teletrabalho no concurso TJ SP<\/h3>\n\n\n\n<p>A <strong><a href=\"https:\/\/www.tjsp.jus.br\/Noticias\/Noticia?codigoNoticia=64821\" target=\"_blank\" rel=\"noreferrer noopener\"><strong>Resolu\u00e7\u00e3o n\u00ba 850\/21<\/strong><\/a><\/strong>, posteriormente atualizada pela <strong><a href=\"https:\/\/www.tjsp.jus.br\/Noticias\/Noticia?codigoNoticia=82135#:~:text=Per%C3%ADodo%20de%20revezamento%20de%20servidores,850%2F21%2C%20agora%20alterada.\" target=\"_blank\" rel=\"noreferrer noopener\"><strong>Resolu\u00e7\u00e3o n\u00ba 864\/2022<\/strong><\/a><\/strong> define as regras do teletrabalho para servidores do Tribunal de Justi\u00e7a do Estado de S\u00e3o Paulo.<\/p>\n\n\n\n<p>Dependendo do setor de atividades, permite-se que<strong> at\u00e9 50% de seus servidores trabalhem de forma remota.<\/strong> Saiba mais sobre o <a href=\"https:\/\/www.estrategiaconcursos.com.br\/blog\/tj-sp-teletrabalho-comarcas-escrevente\/\">teletrabalho no TJ SP<\/a>!<\/p>\n\n\n\n<h2 class=\"wp-block-heading\" id=\"assis2024\">\u00daltimos concursos TJ SP<\/h2>\n\n\n\n<p>Em 2024 foram publicados diversos editais para os cargos de <strong>Assistente Social e Psic\u00f3logo<\/strong>, cada um com 137 vagas distribu\u00eddas na Comarca de S\u00e3o Paulo &#8211; Capital (1\u00aa Regi\u00e3o Administrativa Judici\u00e1ria) e nas Circunscri\u00e7\u00f5es Judici\u00e1rias que comp\u00f5em a 1\u00aa, 2\u00aa, 3\u00aa, 4\u00aa, 5\u00aa, 6\u00aa, 7\u00aa, 8\u00aa, 9\u00aa e 10\u00aa Regi\u00f5es Administrativas Judici\u00e1rias.<\/p>\n\n\n\n<p>Foi necess\u00e1rio ter n\u00edvel superior de forma\u00e7\u00e3o e os novos servidores tiveram sal\u00e1rio de R$ 9.061,53. A sele\u00e7\u00e3o contou com prova objetiva e de t\u00edtulos.<\/p>\n\n\n\n<p>Teve sele\u00e7\u00e3o tamb\u00e9m para <strong>Oficial de Justi\u00e7a,<\/strong> com 60 vagas para a Comarca de S\u00e3o Paulo \u2013 Capital (1\u00aa Regi\u00e3o Administrativa Judici\u00e1ria). A remunera\u00e7\u00e3o na \u00e9poca foi de R$ 9.157,82. O certo contou apenas com prova objetiva. A <a href=\"https:\/\/documento.vunesp.com.br\/documento\/stream\/NjcwNjgwMw%3d%3d\" target=\"_blank\" rel=\"noreferrer noopener\">nota de corte<\/a> tamb\u00e9m est\u00e1 dispon\u00edvel.<\/p>\n\n\n\n<p>E teve ainda 572 vagas para <strong>Escrevente T\u00e9cnico Judici\u00e1rio<\/strong> para a Comarca de S\u00e3o Paulo &#8211; Capital (1\u00aa Regi\u00e3o Administrativa Judici\u00e1ria) e nas Circunscri\u00e7\u00f5es Judici\u00e1rias que comp\u00f5em a 1\u00aa, 2\u00aa, 3\u00aa, 4\u00aa, 5\u00aa, 6\u00aa, 7\u00aa, 8\u00aa, 9\u00aa e 10\u00aa Regi\u00f5es Administrativas Judici\u00e1rias.<\/p>\n\n\n\n<p>Os aprovados ganharam R$ 6.043,54 de sal\u00e1rio e foram avaliados por prova objetiva e de digita\u00e7\u00e3o. <a href=\"https:\/\/dhg1h5j42swfq.cloudfront.net\/2024\/10\/08085124\/nju4odq3ma.pdf\" target=\"_blank\" rel=\"noreferrer noopener\">Notas de corte para a 2\u00aa, 3\u00aa, 4\u00aa, 5\u00aa, 6\u00aa, 7\u00aa, 8\u00aa, 9\u00aa e 10\u00aa REGI\u00d5ES<\/a>; <a href=\"https:\/\/dhg1h5j42swfq.cloudfront.net\/2025\/01\/14181943\/tj-sp-escrevente.pdf\" target=\"_blank\" rel=\"noreferrer noopener\">Notas de corte para S\u00e3o Paulo Capital<\/a>.<\/p>\n\n\n\n<h3 class=\"wp-block-heading\" id=\"nota\">Nota de corte <\/h3>\n\n\n\n<p>A nota m\u00ednima para aprova\u00e7\u00e3o na prova objetiva do concurso TJ SP para Escrevente T\u00e9cnico Judici\u00e1rio, em 2024, foi de&nbsp;<strong>5,0 pontos<\/strong>, em uma escala de <strong>0 a 10,0<\/strong>. <\/p>\n\n\n\n<p>Al\u00e9m disso, foi necess\u00e1rio obter pelo menos 50% de acertos nas quest\u00f5es dos blocos I (L\u00edngua Portuguesa) e II (Conhecimentos em Direito), que eram eliminat\u00f3rios.&nbsp;<\/p>\n\n\n\n<p>Confira abaixo as notas de corte para Comarca da Capital e das Circunscri\u00e7\u00f5es Judici\u00e1rias que comp\u00f5em as Regi\u00f5es Administrativas Judici\u00e1rias (RAJ).<\/p>\n\n\n\n<p><strong>Para ampla concorr\u00eancia (AC)<\/strong><\/p>\n\n\n\n<ul class=\"wp-block-list\">\n<li>a maior nota de corte foi em S\u00e3o Jos\u00e9 do Rio Preto &#8211; 7,7;<\/li>\n\n\n\n<li>a menor nota de corte foi em Dracena e Itapeva &#8211; 6,8.<\/li>\n<\/ul>\n\n\n\n<p><strong>Para negros<\/strong><\/p>\n\n\n\n<ul class=\"wp-block-list\">\n<li>a maior nota de corte foi em S\u00e3o Jos\u00e9 do Rio Preto &#8211; 6,1;<\/li>\n\n\n\n<li>a menor nota de corte foi em Mogi Mirim &#8211; 5,0.<\/li>\n<\/ul>\n\n\n\n<p><strong>Para a lista especial<\/strong><\/p>\n\n\n\n<ul class=\"wp-block-list\">\n<li>a maior nota de corte foi em S\u00e3o Jos\u00e9 do Rio Preto &#8211; 6,2;<\/li>\n\n\n\n<li>a menor nota de corte foi em Guaratinguet\u00e1 &#8211; 5,1.<\/li>\n<\/ul>\n\n\n\n<p><strong>Para a lista de ind\u00edgenas<\/strong><\/p>\n\n\n\n<ul class=\"wp-block-list\">\n<li>a maior nota de corte foi em Campinas &#8211; 5,9;<\/li>\n\n\n\n<li>a menor nota de corte foi em S\u00e3o Paulo &#8211; Capital &#8211; 5,6.<\/li>\n<\/ul>\n\n\n\n<p class=\"has-text-align-left\">Confira abaixo todas as notas de corte:<\/p>\n\n\n\n<figure class=\"wp-block-table is-style-stripes\"><table class=\"has-fixed-layout\"><thead><tr><th class=\"has-text-align-center\" data-align=\"center\"><strong>Comarca<\/strong><\/th><th class=\"has-text-align-center\" data-align=\"center\"><strong>Nota<\/strong><\/th><\/tr><\/thead><tbody><tr><td class=\"has-text-align-center\" data-align=\"center\">Capital<\/td><td class=\"has-text-align-center\" data-align=\"center\">7,0<\/td><\/tr><tr><td class=\"has-text-align-center\" data-align=\"center\">Santos<\/td><td class=\"has-text-align-center\" data-align=\"center\">7,3<\/td><\/tr><tr><td class=\"has-text-align-center\" data-align=\"center\">Jundia\u00ed<\/td><td class=\"has-text-align-center\" data-align=\"center\">7,2<\/td><\/tr><tr><td class=\"has-text-align-center\" data-align=\"center\">Bragan\u00e7a Paulista<\/td><td class=\"has-text-align-center\" data-align=\"center\">7,3<\/td><\/tr><tr><td class=\"has-text-align-center\" data-align=\"center\">Mogi Mirim<\/td><td class=\"has-text-align-center\" data-align=\"center\">6,9<\/td><\/tr><tr><td class=\"has-text-align-center\" data-align=\"center\">Campinas<\/td><td class=\"has-text-align-center\" data-align=\"center\">7,4<\/td><\/tr><tr><td class=\"has-text-align-center\" data-align=\"center\">Rio Claro<\/td><td class=\"has-text-align-center\" data-align=\"center\">7,3<\/td><\/tr><tr><td class=\"has-text-align-center\" data-align=\"center\">Limeira<\/td><td class=\"has-text-align-center\" data-align=\"center\">7,1<\/td><\/tr><tr><td class=\"has-text-align-center\" data-align=\"center\">Pirassununga<\/td><td class=\"has-text-align-center\" data-align=\"center\">6,7<\/td><\/tr><tr><td class=\"has-text-align-center\" data-align=\"center\">S\u00e3o Carlos<\/td><td class=\"has-text-align-center\" data-align=\"center\">6,7<\/td><\/tr><tr><td class=\"has-text-align-center\" data-align=\"center\">Araraquara<\/td><td class=\"has-text-align-center\" data-align=\"center\">7,3<\/td><\/tr><tr><td class=\"has-text-align-center\" data-align=\"center\">Barretos<\/td><td class=\"has-text-align-center\" data-align=\"center\">7,4<\/td><\/tr><tr><td class=\"has-text-align-center\" data-align=\"center\">Catanduva<\/td><td class=\"has-text-align-center\" data-align=\"center\">7,3<\/td><\/tr><tr><td class=\"has-text-align-center\" data-align=\"center\">S\u00e3o Jos\u00e9 do Rio Preto<\/td><td class=\"has-text-align-center\" data-align=\"center\">7,7<\/td><\/tr><tr><td class=\"has-text-align-center\" data-align=\"center\">Votuporanga<\/td><td class=\"has-text-align-center\" data-align=\"center\">6,7<\/td><\/tr><tr><td class=\"has-text-align-center\" data-align=\"center\">Fernand\u00f3polis<\/td><td class=\"has-text-align-center\" data-align=\"center\">7,2<\/td><\/tr><tr><td class=\"has-text-align-center\" data-align=\"center\">Sorocaba<\/td><td class=\"has-text-align-center\" data-align=\"center\">7,3<\/td><\/tr><tr><td class=\"has-text-align-center\" data-align=\"center\">Itu<\/td><td class=\"has-text-align-center\" data-align=\"center\">7,3<\/td><\/tr><tr><td class=\"has-text-align-center\" data-align=\"center\">Registro<\/td><td class=\"has-text-align-center\" data-align=\"center\">6,8<\/td><\/tr><tr><td class=\"has-text-align-center\" data-align=\"center\">Itapetininga<\/td><td class=\"has-text-align-center\" data-align=\"center\">6,9<\/td><\/tr><tr><td class=\"has-text-align-center\" data-align=\"center\">Botucatu<\/td><td class=\"has-text-align-center\" data-align=\"center\">7,1<\/td><\/tr><tr><td class=\"has-text-align-center\" data-align=\"center\">Avar\u00e9<\/td><td class=\"has-text-align-center\" data-align=\"center\">7,2<\/td><\/tr><tr><td class=\"has-text-align-center\" data-align=\"center\">Ourinhos<\/td><td class=\"has-text-align-center\" data-align=\"center\">7,1<\/td><\/tr><tr><td class=\"has-text-align-center\" data-align=\"center\">Assis<\/td><td class=\"has-text-align-center\" data-align=\"center\">7,2<\/td><\/tr><tr><td class=\"has-text-align-center\" data-align=\"center\">Presidente Prudente<\/td><td class=\"has-text-align-center\" data-align=\"center\">7,5<\/td><\/tr><tr><td class=\"has-text-align-center\" data-align=\"center\">Presidente Venceslau<\/td><td class=\"has-text-align-center\" data-align=\"center\">7,0<\/td><\/tr><tr><td class=\"has-text-align-center\" data-align=\"center\">Dracena<\/td><td class=\"has-text-align-center\" data-align=\"center\">6,8<\/td><\/tr><tr><td class=\"has-text-align-center\" data-align=\"center\">Tup\u00e3<\/td><td class=\"has-text-align-center\" data-align=\"center\">7,1<\/td><\/tr><tr><td class=\"has-text-align-center\" data-align=\"center\">Mar\u00edlia<\/td><td class=\"has-text-align-center\" data-align=\"center\">7,4<\/td><\/tr><tr><td class=\"has-text-align-center\" data-align=\"center\">Bauru<\/td><td class=\"has-text-align-center\" data-align=\"center\">7,4<\/td><\/tr><tr><td class=\"has-text-align-center\" data-align=\"center\">Ja\u00fa<\/td><td class=\"has-text-align-center\" data-align=\"center\">7,1<\/td><\/tr><tr><td class=\"has-text-align-center\" data-align=\"center\">Piracicaba<\/td><td class=\"has-text-align-center\" data-align=\"center\">7,4<\/td><\/tr><tr><td class=\"has-text-align-center\" data-align=\"center\">Lins<\/td><td class=\"has-text-align-center\" data-align=\"center\">7,4<\/td><\/tr><tr><td class=\"has-text-align-center\" data-align=\"center\">Ara\u00e7atuba<\/td><td class=\"has-text-align-center\" data-align=\"center\">7,2<\/td><\/tr><tr><td class=\"has-text-align-center\" data-align=\"center\">Andradina<\/td><td class=\"has-text-align-center\" data-align=\"center\">7,1<\/td><\/tr><tr><td class=\"has-text-align-center\" data-align=\"center\">Franca<\/td><td class=\"has-text-align-center\" data-align=\"center\">7,3<\/td><\/tr><tr><td class=\"has-text-align-center\" data-align=\"center\">Batatais<\/td><td class=\"has-text-align-center\" data-align=\"center\">7,3<\/td><\/tr><tr><td class=\"has-text-align-center\" data-align=\"center\">Ituverava<\/td><td class=\"has-text-align-center\" data-align=\"center\">7,1<\/td><\/tr><tr><td class=\"has-text-align-center\" data-align=\"center\">Ribeir\u00e3o Preto<\/td><td class=\"has-text-align-center\" data-align=\"center\">7,4<\/td><\/tr><tr><td class=\"has-text-align-center\" data-align=\"center\">Jaboticabal<\/td><td class=\"has-text-align-center\" data-align=\"center\">7,2<\/td><\/tr><tr><td class=\"has-text-align-center\" data-align=\"center\">Casa Branca<\/td><td class=\"has-text-align-center\" data-align=\"center\">7,3<\/td><\/tr><tr><td class=\"has-text-align-center\" data-align=\"center\">S\u00e3o Jos\u00e9 dos Campos<\/td><td class=\"has-text-align-center\" data-align=\"center\">7,4<\/td><\/tr><tr><td class=\"has-text-align-center\" data-align=\"center\">Taubat\u00e9<\/td><td class=\"has-text-align-center\" data-align=\"center\">7,3<\/td><\/tr><tr><td class=\"has-text-align-center\" data-align=\"center\">Guaratinguet\u00e1<\/td><td class=\"has-text-align-center\" data-align=\"center\">7,1<\/td><\/tr><tr><td class=\"has-text-align-center\" data-align=\"center\">Itapeva<\/td><td class=\"has-text-align-center\" data-align=\"center\">6,8<\/td><\/tr><tr><td class=\"has-text-align-center\" data-align=\"center\">S\u00e3o Jo\u00e3o da Boa Vista<\/td><td class=\"has-text-align-center\" data-align=\"center\">7,2<\/td><\/tr><tr><td class=\"has-text-align-center\" data-align=\"center\">Caraguatatuba<\/td><td class=\"has-text-align-center\" data-align=\"center\">7,1<\/td><\/tr><tr><td class=\"has-text-align-center\" data-align=\"center\">Americana<\/td><td class=\"has-text-align-center\" data-align=\"center\">7,3<\/td><\/tr><tr><td class=\"has-text-align-center\" data-align=\"center\">Amparo<\/td><td class=\"has-text-align-center\" data-align=\"center\">7,2<\/td><\/tr><tr><td class=\"has-text-align-center\" data-align=\"center\">Jales<\/td><td class=\"has-text-align-center\" data-align=\"center\">7,5<\/td><\/tr><tr><td class=\"has-text-align-center\" data-align=\"center\">Itanha\u00e9m<\/td><td class=\"has-text-align-center\" data-align=\"center\">7,2<\/td><\/tr><\/tbody><\/table><\/figure>\n\n\n\n<h2 class=\"wp-block-heading\" id=\"h-vade-mecum-estrategico-tj-sp-2025\">Vade-m\u00e9cum estrat\u00e9gico TJ SP &#8211; 2025<\/h2>\n\n\n\n<p>Confira abaixo o arquivo para que voc\u00ea possa baixar, imprimir ou acessar pelo <em>tablet<\/em> ou celular e decorar as leis de forma pr\u00e1tica e objetiva em qualquer lugar:<\/p>\n\n\n\n<h3 class=\"wp-block-heading has-text-align-center has-very-light-gray-to-cyan-bluish-gray-gradient-background has-background\" id=\"h-escrevente-pos-edital\"><strong><a href=\"https:\/\/dhg1h5j42swfq.cloudfront.net\/2025\/07\/15110255\/vm-tjsp-escrevente-2025.pdf\" target=\"_blank\" rel=\"noreferrer noopener\">Escrevente &#8211; P\u00f3s edital<\/a><\/strong><\/h3>\n\n\n\n<h2 class=\"wp-block-heading\" id=\"editais\">Concurso TJ SP: editais publicados <\/h2>\n\n\n\n<ul class=\"wp-block-list\">\n<li><a href=\"https:\/\/www.estrategiaconcursos.com.br\/blog\/concurso-tj-sp-assistente-social-e-psicologo\/\" target=\"_blank\" rel=\"noreferrer noopener\">Assistente Social e Psic\u00f3logo<\/a><\/li>\n\n\n\n<li><a href=\"https:\/\/www.estrategiaconcursos.com.br\/blog\/concurso-tj-sp-analista-de-sistemas\/\" target=\"_blank\" rel=\"noreferrer noopener\">Analista de Sistemas<\/a><\/li>\n\n\n\n<li><a href=\"https:\/\/www.estrategiaconcursos.com.br\/blog\/concurso-tj-sp-contador\/\" target=\"_blank\" rel=\"noreferrer noopener\">Contador<\/a><\/li>\n<\/ul>\n\n\n\n<h2 class=\"wp-block-heading has-text-align-center\" id=\"h-quer-saber-tudo-sobre-concursos-previstos-confira-nossos-artigos\">Quer saber tudo sobre concursos previstos?<br \/>Confira nossos artigos!<\/h2>\n\n\n\n<ul class=\"wp-block-list\">\n<li><a href=\"https:\/\/www.estrategiaconcursos.com.br\/blog\/concursos-abertos\/\" target=\"_blank\" rel=\"noreferrer noopener\">Concursos abertos<\/a><\/li>\n\n\n\n<li><a href=\"https:\/\/www.estrategiaconcursos.com.br\/blog\/concursos-tribunais\/\" target=\"_blank\" rel=\"noreferrer noopener\">Concursos tribunais<\/a><\/li>\n\n\n\n<li><a href=\"https:\/\/www.estrategiaconcursos.com.br\/blog\/concursos-2026\/\">Concursos 2026<\/a><\/li>\n<\/ul>\n\n\n\n<h2 class=\"wp-block-heading has-text-align-center\" id=\"cursos-assinatura\"><em>Quer estudar para o concurso TJ SP?<\/em><\/h2>\n\n\n\n<div class=\"container\" id=\"boxes\">\n  <div class=\"row\">\n    <div class=\"col-sm\">\n      <div class=\"banner-tribunal\" id=\"box-assinatura\">\n        <h3 class=\"titulo-assinatura\">Curso Concurso TJ SP<\/h3>\n        <p class=\"subtitulo-assinatura\">Prepara\u00e7\u00e3o completa para o certame! \u2728<\/p>\n        <div class=\"box-botao\">\n          <a class=\"btn-assinatura\" target=\"_blank\" href=\"https:\/\/www.estrategiaconcursos.com.br\/cursosPorConcurso\/tj-sp-escrevente\/\" role=\"button\" rel=\"noopener noreferrer\">INICIAR PREPARA\u00c7\u00c3O<\/a>\n        <\/div>\n      <\/div>\n      <p class=\"texto-auxiliar\">Prepare-se com o melhor material e com quem mais aprova em Concursos P\u00fablicos em todo o pa\u00eds.<\/p>\n    <\/div>\n  <\/div>\n<\/div>\n\n\n\n<div class=\"container\" id=\"boxes\">\n  <div class=\"row\">\n    <div class=\"col-sm\">\n      <div class=\"estrategia\" id=\"box-assinatura\">\n        <h3 class=\"titulo-assinatura\">Assinatura Concursos<\/h3>\n        <p class=\"subtitulo-assinatura\">Assinatura de 1 ano ou 2 anos<\/p>\n        <div class=\"box-botao\">\n          <a class=\"btn-assinatura\" target=\"_blank\" href=\"https:\/\/www.estrategiaconcursos.com.br\/assinaturas\/\" role=\"button\" rel=\"noopener noreferrer\">ASSINE AGORA<\/a>\n        <\/div>\n      <\/div>\n     \n    <\/div><\/div><\/div>\n\n\n\n<figure class=\"wp-block-image size-large is-resized\"><img loading=\"lazy\" decoding=\"async\" width=\"1024\" height=\"632\" src=\"https:\/\/dhg1h5j42swfq.cloudfront.net\/2021\/04\/05154617\/ficha-tecnica-12-1024x632.png\" alt=\"ficha t\u00e9cnica concurso TJ SP\" class=\"wp-image-707675\" style=\"width:256px;height:158px\" srcset=\"https:\/\/dhg1h5j42swfq.cloudfront.net\/2021\/04\/05154617\/ficha-tecnica-12-1024x632.png 1024w, https:\/\/dhg1h5j42swfq.cloudfront.net\/2021\/04\/05154617\/ficha-tecnica-12-300x185.png 300w, https:\/\/dhg1h5j42swfq.cloudfront.net\/2021\/04\/05154617\/ficha-tecnica-12-768x474.png 768w, https:\/\/dhg1h5j42swfq.cloudfront.net\/2021\/04\/05154617\/ficha-tecnica-12-1536x948.png 1536w, https:\/\/dhg1h5j42swfq.cloudfront.net\/2021\/04\/05154617\/ficha-tecnica-12-610x377.png 610w, https:\/\/dhg1h5j42swfq.cloudfront.net\/2021\/04\/05154617\/ficha-tecnica-12.png 1571w\" sizes=\"auto, (max-width: 1024px) 100vw, 1024px\" \/><\/figure>\n\n\n\n<h3 class=\"wp-block-heading\" id=\"block-ba1614b5-988b-41ef-892d-f4c9f7e9dd42\">Informa\u00e7\u00f5es do edital TJ SP &#8211; Escrevente<\/h3>\n\n\n\n<ul id=\"block-46dd482c-33cf-409c-8762-75c111403f14\" class=\"wp-block-list\">\n<li><strong>Provas<\/strong>: <s>07\/12\/2025<\/s><\/li>\n\n\n\n<li><strong>Vagas<\/strong>: CR<\/li>\n\n\n\n<li><strong>Cargos<\/strong>: Escrevente<\/li>\n\n\n\n<li><strong>Banca<\/strong>: Vunesp<\/li>\n\n\n\n<li><strong>Escolaridade<\/strong>: m\u00e9dio<\/li>\n\n\n\n<li><strong>Edital<\/strong>:&nbsp;<a href=\"https:\/\/dhg1h5j42swfq.cloudfront.net\/2025\/08\/01111012\/edital-tj-sp-escrevente-2025.pdf\" target=\"_blank\" rel=\"noreferrer noopener\">TJ SP Escrevente 2025<\/a><\/li>\n<\/ul>\n","protected":false},"excerpt":{"rendered":"<p>Com edital publicado em 2025, Concurso TJ SP ofertou vagas em CR com remunera\u00e7\u00e3o de R$6,5 mil O Tribunal de Justi\u00e7a de S\u00e3o Paulo (TJ SP) oferece vagas em cadastro de reserva para o cargo de&nbsp;Escrevente T\u00e9cnico Judici\u00e1rio. &nbsp;As vagas s\u00e3o de n\u00edvel m\u00e9dio e contam sal\u00e1rio inicial de&nbsp;R$ 6.345,94, acrescido de benef\u00edcios previstos em [&hellip;]<\/p>\n","protected":false},"author":1,"featured_media":698778,"comment_status":"open","ping_status":"closed","sticky":false,"template":"","format":"standard","meta":{"post_tipo":"news_page","footnotes":""},"categories":[1984,220219],"tags":[],"tax_estado":[219989],"class_list":["post-176937","post","type-post","status-publish","format-standard","has-post-thumbnail","hentry","category-tribunais","category-noticias","tax_estado-sp"],"acf":[],"yoast_head":"<!-- This site is optimized with the Yoast SEO Premium plugin v27.2 (Yoast SEO v27.2) - https:\/\/yoast.com\/product\/yoast-seo-premium-wordpress\/ -->\n<title>Concurso TJ SP: nota da discursiva para Escrevente divulgada!<\/title>\n<meta name=\"description\" content=\"Concurso TJ SP ofertou vagas em CR com remunera\u00e7\u00e3o de R$6,5 mil! Provas realizadas e resultados dispon\u00edveis; acompanhe\" \/>\n<meta name=\"robots\" content=\"index, follow, max-snippet:-1, max-image-preview:large, max-video-preview:-1\" \/>\n<link rel=\"canonical\" href=\"https:\/\/www.estrategiaconcursos.com.br\/blog\/concurso-tj-sp\/\" \/>\n<meta property=\"og:locale\" content=\"pt_BR\" \/>\n<meta property=\"og:type\" content=\"article\" \/>\n<meta property=\"og:title\" content=\"Concurso TJ SP: nota da discursiva para Escrevente divulgada!\" \/>\n<meta property=\"og:description\" content=\"Concurso TJ SP ofertou vagas em CR com remunera\u00e7\u00e3o de R$6,5 mil! Provas realizadas e resultados dispon\u00edveis; acompanhe\" \/>\n<meta property=\"og:url\" content=\"https:\/\/www.estrategiaconcursos.com.br\/blog\/concurso-tj-sp\/\" \/>\n<meta property=\"og:site_name\" content=\"Estrat\u00e9gia Concursos\" \/>\n<meta property=\"article:author\" content=\"https:\/\/www.facebook.com\/EstrategiaConcursos\" \/>\n<meta property=\"article:published_time\" content=\"2026-03-17T16:04:14+00:00\" \/>\n<meta property=\"article:modified_time\" content=\"2026-03-17T16:04:16+00:00\" \/>\n<meta property=\"og:image\" content=\"https:\/\/dhg1h5j42swfq.cloudfront.net\/2021\/03\/22175604\/tj-sp-4.jpg\" \/>\n\t<meta property=\"og:image:width\" content=\"1200\" \/>\n\t<meta property=\"og:image:height\" content=\"628\" \/>\n\t<meta property=\"og:image:type\" content=\"image\/jpeg\" \/>\n<meta name=\"author\" content=\"Coordena\u00e7\u00e3o\" \/>\n<meta name=\"twitter:card\" content=\"summary_large_image\" \/>\n<meta name=\"twitter:creator\" content=\"@EstratConcursos\" \/>\n<meta name=\"twitter:site\" content=\"@EstratConcursos\" \/>\n<meta name=\"twitter:label1\" content=\"Escrito por\" \/>\n\t<meta name=\"twitter:data1\" content=\"Coordena\u00e7\u00e3o\" \/>\n\t<meta name=\"twitter:label2\" content=\"Est. tempo de leitura\" \/>\n\t<meta name=\"twitter:data2\" content=\"20 minutos\" \/>\n<script type=\"application\/ld+json\" class=\"yoast-schema-graph\">{\"@context\":\"https:\/\/schema.org\",\"@graph\":[{\"@type\":\"NewsArticle\",\"@id\":\"https:\/\/www.estrategiaconcursos.com.br\/blog\/concurso-tj-sp\/#article\",\"isPartOf\":{\"@id\":\"https:\/\/www.estrategiaconcursos.com.br\/blog\/concurso-tj-sp\/\"},\"author\":{\"name\":\"Coordena\u00e7\u00e3o\",\"@id\":\"https:\/\/www.estrategiaconcursos.com.br\/blog\/#\/schema\/person\/b4a388c97673c5f483d72185668afa1f\"},\"headline\":\"Concurso TJ SP: nota da discursiva para Escrevente divulgada!\",\"datePublished\":\"2026-03-17T16:04:14+00:00\",\"dateModified\":\"2026-03-17T16:04:16+00:00\",\"mainEntityOfPage\":{\"@id\":\"https:\/\/www.estrategiaconcursos.com.br\/blog\/concurso-tj-sp\/\"},\"wordCount\":2245,\"commentCount\":0,\"publisher\":{\"@id\":\"https:\/\/www.estrategiaconcursos.com.br\/blog\/#organization\"},\"image\":{\"@id\":\"https:\/\/www.estrategiaconcursos.com.br\/blog\/concurso-tj-sp\/#primaryimage\"},\"thumbnailUrl\":\"https:\/\/dhg1h5j42swfq.cloudfront.net\/2021\/03\/22175604\/tj-sp-4.jpg\",\"articleSection\":[\"Tribunais\",\"\u00daltimas not\u00edcias\"],\"inLanguage\":\"pt-BR\",\"potentialAction\":[{\"@type\":\"CommentAction\",\"name\":\"Comment\",\"target\":[\"https:\/\/www.estrategiaconcursos.com.br\/blog\/concurso-tj-sp\/#respond\"]}],\"copyrightYear\":\"2026\",\"copyrightHolder\":{\"@id\":\"https:\/\/www.estrategiaconcursos.com.br\/blog\/#organization\"}},{\"@type\":\"WebPage\",\"@id\":\"https:\/\/www.estrategiaconcursos.com.br\/blog\/concurso-tj-sp\/\",\"url\":\"https:\/\/www.estrategiaconcursos.com.br\/blog\/concurso-tj-sp\/\",\"name\":\"Concurso TJ SP: nota da discursiva para Escrevente divulgada!\",\"isPartOf\":{\"@id\":\"https:\/\/www.estrategiaconcursos.com.br\/blog\/#website\"},\"primaryImageOfPage\":{\"@id\":\"https:\/\/www.estrategiaconcursos.com.br\/blog\/concurso-tj-sp\/#primaryimage\"},\"image\":{\"@id\":\"https:\/\/www.estrategiaconcursos.com.br\/blog\/concurso-tj-sp\/#primaryimage\"},\"thumbnailUrl\":\"https:\/\/dhg1h5j42swfq.cloudfront.net\/2021\/03\/22175604\/tj-sp-4.jpg\",\"datePublished\":\"2026-03-17T16:04:14+00:00\",\"dateModified\":\"2026-03-17T16:04:16+00:00\",\"description\":\"Concurso TJ SP ofertou vagas em CR com remunera\u00e7\u00e3o de R$6,5 mil! Provas realizadas e resultados dispon\u00edveis; acompanhe\",\"breadcrumb\":{\"@id\":\"https:\/\/www.estrategiaconcursos.com.br\/blog\/concurso-tj-sp\/#breadcrumb\"},\"inLanguage\":\"pt-BR\",\"potentialAction\":[{\"@type\":\"ReadAction\",\"target\":[\"https:\/\/www.estrategiaconcursos.com.br\/blog\/concurso-tj-sp\/\"]}]},{\"@type\":\"ImageObject\",\"inLanguage\":\"pt-BR\",\"@id\":\"https:\/\/www.estrategiaconcursos.com.br\/blog\/concurso-tj-sp\/#primaryimage\",\"url\":\"https:\/\/dhg1h5j42swfq.cloudfront.net\/2021\/03\/22175604\/tj-sp-4.jpg\",\"contentUrl\":\"https:\/\/dhg1h5j42swfq.cloudfront.net\/2021\/03\/22175604\/tj-sp-4.jpg\",\"width\":1200,\"height\":628,\"caption\":\"concurso tj sp\"},{\"@type\":\"BreadcrumbList\",\"@id\":\"https:\/\/www.estrategiaconcursos.com.br\/blog\/concurso-tj-sp\/#breadcrumb\",\"itemListElement\":[{\"@type\":\"ListItem\",\"position\":1,\"name\":\"In\u00edcio\",\"item\":\"https:\/\/www.estrategiaconcursos.com.br\/blog\/\"},{\"@type\":\"ListItem\",\"position\":2,\"name\":\"Concurso TJ SP: nota da discursiva para Escrevente divulgada!\"}]},{\"@type\":\"WebSite\",\"@id\":\"https:\/\/www.estrategiaconcursos.com.br\/blog\/#website\",\"url\":\"https:\/\/www.estrategiaconcursos.com.br\/blog\/\",\"name\":\"Estrat\u00e9gia Concursos\",\"description\":\"O blog da Estrat\u00e9gia Concursos traz not\u00edcias sobre concursos e artigos de professores oferecendo cursos para concursos (pdf + videaulas) no site.\",\"publisher\":{\"@id\":\"https:\/\/www.estrategiaconcursos.com.br\/blog\/#organization\"},\"potentialAction\":[{\"@type\":\"SearchAction\",\"target\":{\"@type\":\"EntryPoint\",\"urlTemplate\":\"https:\/\/www.estrategiaconcursos.com.br\/blog\/?s={search_term_string}\"},\"query-input\":{\"@type\":\"PropertyValueSpecification\",\"valueRequired\":true,\"valueName\":\"search_term_string\"}}],\"inLanguage\":\"pt-BR\"},{\"@type\":\"Organization\",\"@id\":\"https:\/\/www.estrategiaconcursos.com.br\/blog\/#organization\",\"name\":\"Estrat\u00e9gia Concursos\",\"url\":\"https:\/\/www.estrategiaconcursos.com.br\/blog\/\",\"logo\":{\"@type\":\"ImageObject\",\"inLanguage\":\"pt-BR\",\"@id\":\"https:\/\/www.estrategiaconcursos.com.br\/blog\/#\/schema\/logo\/image\/\",\"url\":\"https:\/\/dhg1h5j42swfq.cloudfront.net\/2025\/06\/03203428\/logo_concursos-1.jpg\",\"contentUrl\":\"https:\/\/dhg1h5j42swfq.cloudfront.net\/2025\/06\/03203428\/logo_concursos-1.jpg\",\"width\":230,\"height\":60,\"caption\":\"Estrat\u00e9gia Concursos\"},\"image\":{\"@id\":\"https:\/\/www.estrategiaconcursos.com.br\/blog\/#\/schema\/logo\/image\/\"},\"sameAs\":[\"https:\/\/x.com\/EstratConcursos\"]},{\"@type\":\"Person\",\"@id\":\"https:\/\/www.estrategiaconcursos.com.br\/blog\/#\/schema\/person\/b4a388c97673c5f483d72185668afa1f\",\"name\":\"Coordena\u00e7\u00e3o\",\"image\":{\"@type\":\"ImageObject\",\"inLanguage\":\"pt-BR\",\"@id\":\"https:\/\/secure.gravatar.com\/avatar\/b720319e4c9a967eb58678d110f4fe35452fc5d5f97b202bac7b8acceb18c6ad?s=96&d=mm&r=g\",\"url\":\"https:\/\/secure.gravatar.com\/avatar\/b720319e4c9a967eb58678d110f4fe35452fc5d5f97b202bac7b8acceb18c6ad?s=96&d=mm&r=g\",\"contentUrl\":\"https:\/\/secure.gravatar.com\/avatar\/b720319e4c9a967eb58678d110f4fe35452fc5d5f97b202bac7b8acceb18c6ad?s=96&d=mm&r=g\",\"caption\":\"Coordena\u00e7\u00e3o\"},\"sameAs\":[\"https:\/\/www.facebook.com\/EstrategiaConcursos\",\"https:\/\/x.com\/EstratConcursos\"],\"url\":\"https:\/\/www.estrategiaconcursos.com.br\/blog\/author\/estrategia2013\/\"}]}<\/script>\n<!-- \/ Yoast SEO Premium plugin. -->","yoast_head_json":{"title":"Concurso TJ SP: nota da discursiva para Escrevente divulgada!","description":"Concurso TJ SP ofertou vagas em CR com remunera\u00e7\u00e3o de R$6,5 mil! Provas realizadas e resultados dispon\u00edveis; acompanhe","robots":{"index":"index","follow":"follow","max-snippet":"max-snippet:-1","max-image-preview":"max-image-preview:large","max-video-preview":"max-video-preview:-1"},"canonical":"https:\/\/www.estrategiaconcursos.com.br\/blog\/concurso-tj-sp\/","og_locale":"pt_BR","og_type":"article","og_title":"Concurso TJ SP: nota da discursiva para Escrevente divulgada!","og_description":"Concurso TJ SP ofertou vagas em CR com remunera\u00e7\u00e3o de R$6,5 mil! Provas realizadas e resultados dispon\u00edveis; acompanhe","og_url":"https:\/\/www.estrategiaconcursos.com.br\/blog\/concurso-tj-sp\/","og_site_name":"Estrat\u00e9gia Concursos","article_author":"https:\/\/www.facebook.com\/EstrategiaConcursos","article_published_time":"2026-03-17T16:04:14+00:00","article_modified_time":"2026-03-17T16:04:16+00:00","og_image":[{"width":1200,"height":628,"url":"https:\/\/dhg1h5j42swfq.cloudfront.net\/2021\/03\/22175604\/tj-sp-4.jpg","type":"image\/jpeg"}],"author":"Coordena\u00e7\u00e3o","twitter_card":"summary_large_image","twitter_creator":"@EstratConcursos","twitter_site":"@EstratConcursos","twitter_misc":{"Escrito por":"Coordena\u00e7\u00e3o","Est. tempo de leitura":"20 minutos"},"schema":{"@context":"https:\/\/schema.org","@graph":[{"@type":"NewsArticle","@id":"https:\/\/www.estrategiaconcursos.com.br\/blog\/concurso-tj-sp\/#article","isPartOf":{"@id":"https:\/\/www.estrategiaconcursos.com.br\/blog\/concurso-tj-sp\/"},"author":{"name":"Coordena\u00e7\u00e3o","@id":"https:\/\/www.estrategiaconcursos.com.br\/blog\/#\/schema\/person\/b4a388c97673c5f483d72185668afa1f"},"headline":"Concurso TJ SP: nota da discursiva para Escrevente divulgada!","datePublished":"2026-03-17T16:04:14+00:00","dateModified":"2026-03-17T16:04:16+00:00","mainEntityOfPage":{"@id":"https:\/\/www.estrategiaconcursos.com.br\/blog\/concurso-tj-sp\/"},"wordCount":2245,"commentCount":0,"publisher":{"@id":"https:\/\/www.estrategiaconcursos.com.br\/blog\/#organization"},"image":{"@id":"https:\/\/www.estrategiaconcursos.com.br\/blog\/concurso-tj-sp\/#primaryimage"},"thumbnailUrl":"https:\/\/dhg1h5j42swfq.cloudfront.net\/2021\/03\/22175604\/tj-sp-4.jpg","articleSection":["Tribunais","\u00daltimas not\u00edcias"],"inLanguage":"pt-BR","potentialAction":[{"@type":"CommentAction","name":"Comment","target":["https:\/\/www.estrategiaconcursos.com.br\/blog\/concurso-tj-sp\/#respond"]}],"copyrightYear":"2026","copyrightHolder":{"@id":"https:\/\/www.estrategiaconcursos.com.br\/blog\/#organization"}},{"@type":"WebPage","@id":"https:\/\/www.estrategiaconcursos.com.br\/blog\/concurso-tj-sp\/","url":"https:\/\/www.estrategiaconcursos.com.br\/blog\/concurso-tj-sp\/","name":"Concurso TJ SP: nota da discursiva para Escrevente divulgada!","isPartOf":{"@id":"https:\/\/www.estrategiaconcursos.com.br\/blog\/#website"},"primaryImageOfPage":{"@id":"https:\/\/www.estrategiaconcursos.com.br\/blog\/concurso-tj-sp\/#primaryimage"},"image":{"@id":"https:\/\/www.estrategiaconcursos.com.br\/blog\/concurso-tj-sp\/#primaryimage"},"thumbnailUrl":"https:\/\/dhg1h5j42swfq.cloudfront.net\/2021\/03\/22175604\/tj-sp-4.jpg","datePublished":"2026-03-17T16:04:14+00:00","dateModified":"2026-03-17T16:04:16+00:00","description":"Concurso TJ SP ofertou vagas em CR com remunera\u00e7\u00e3o de R$6,5 mil! Provas realizadas e resultados dispon\u00edveis; acompanhe","breadcrumb":{"@id":"https:\/\/www.estrategiaconcursos.com.br\/blog\/concurso-tj-sp\/#breadcrumb"},"inLanguage":"pt-BR","potentialAction":[{"@type":"ReadAction","target":["https:\/\/www.estrategiaconcursos.com.br\/blog\/concurso-tj-sp\/"]}]},{"@type":"ImageObject","inLanguage":"pt-BR","@id":"https:\/\/www.estrategiaconcursos.com.br\/blog\/concurso-tj-sp\/#primaryimage","url":"https:\/\/dhg1h5j42swfq.cloudfront.net\/2021\/03\/22175604\/tj-sp-4.jpg","contentUrl":"https:\/\/dhg1h5j42swfq.cloudfront.net\/2021\/03\/22175604\/tj-sp-4.jpg","width":1200,"height":628,"caption":"concurso tj sp"},{"@type":"BreadcrumbList","@id":"https:\/\/www.estrategiaconcursos.com.br\/blog\/concurso-tj-sp\/#breadcrumb","itemListElement":[{"@type":"ListItem","position":1,"name":"In\u00edcio","item":"https:\/\/www.estrategiaconcursos.com.br\/blog\/"},{"@type":"ListItem","position":2,"name":"Concurso TJ SP: nota da discursiva para Escrevente divulgada!"}]},{"@type":"WebSite","@id":"https:\/\/www.estrategiaconcursos.com.br\/blog\/#website","url":"https:\/\/www.estrategiaconcursos.com.br\/blog\/","name":"Estrat\u00e9gia Concursos","description":"O blog da Estrat\u00e9gia Concursos traz not\u00edcias sobre concursos e artigos de professores oferecendo cursos para concursos (pdf + videaulas) no site.","publisher":{"@id":"https:\/\/www.estrategiaconcursos.com.br\/blog\/#organization"},"potentialAction":[{"@type":"SearchAction","target":{"@type":"EntryPoint","urlTemplate":"https:\/\/www.estrategiaconcursos.com.br\/blog\/?s={search_term_string}"},"query-input":{"@type":"PropertyValueSpecification","valueRequired":true,"valueName":"search_term_string"}}],"inLanguage":"pt-BR"},{"@type":"Organization","@id":"https:\/\/www.estrategiaconcursos.com.br\/blog\/#organization","name":"Estrat\u00e9gia Concursos","url":"https:\/\/www.estrategiaconcursos.com.br\/blog\/","logo":{"@type":"ImageObject","inLanguage":"pt-BR","@id":"https:\/\/www.estrategiaconcursos.com.br\/blog\/#\/schema\/logo\/image\/","url":"https:\/\/dhg1h5j42swfq.cloudfront.net\/2025\/06\/03203428\/logo_concursos-1.jpg","contentUrl":"https:\/\/dhg1h5j42swfq.cloudfront.net\/2025\/06\/03203428\/logo_concursos-1.jpg","width":230,"height":60,"caption":"Estrat\u00e9gia Concursos"},"image":{"@id":"https:\/\/www.estrategiaconcursos.com.br\/blog\/#\/schema\/logo\/image\/"},"sameAs":["https:\/\/x.com\/EstratConcursos"]},{"@type":"Person","@id":"https:\/\/www.estrategiaconcursos.com.br\/blog\/#\/schema\/person\/b4a388c97673c5f483d72185668afa1f","name":"Coordena\u00e7\u00e3o","image":{"@type":"ImageObject","inLanguage":"pt-BR","@id":"https:\/\/secure.gravatar.com\/avatar\/b720319e4c9a967eb58678d110f4fe35452fc5d5f97b202bac7b8acceb18c6ad?s=96&d=mm&r=g","url":"https:\/\/secure.gravatar.com\/avatar\/b720319e4c9a967eb58678d110f4fe35452fc5d5f97b202bac7b8acceb18c6ad?s=96&d=mm&r=g","contentUrl":"https:\/\/secure.gravatar.com\/avatar\/b720319e4c9a967eb58678d110f4fe35452fc5d5f97b202bac7b8acceb18c6ad?s=96&d=mm&r=g","caption":"Coordena\u00e7\u00e3o"},"sameAs":["https:\/\/www.facebook.com\/EstrategiaConcursos","https:\/\/x.com\/EstratConcursos"],"url":"https:\/\/www.estrategiaconcursos.com.br\/blog\/author\/estrategia2013\/"}]}},"_links":{"self":[{"href":"https:\/\/www.estrategiaconcursos.com.br\/blog\/wp-json\/wp\/v2\/posts\/176937","targetHints":{"allow":["GET"]}}],"collection":[{"href":"https:\/\/www.estrategiaconcursos.com.br\/blog\/wp-json\/wp\/v2\/posts"}],"about":[{"href":"https:\/\/www.estrategiaconcursos.com.br\/blog\/wp-json\/wp\/v2\/types\/post"}],"author":[{"embeddable":true,"href":"https:\/\/www.estrategiaconcursos.com.br\/blog\/wp-json\/wp\/v2\/users\/1"}],"replies":[{"embeddable":true,"href":"https:\/\/www.estrategiaconcursos.com.br\/blog\/wp-json\/wp\/v2\/comments?post=176937"}],"version-history":[{"count":834,"href":"https:\/\/www.estrategiaconcursos.com.br\/blog\/wp-json\/wp\/v2\/posts\/176937\/revisions"}],"predecessor-version":[{"id":1742246,"href":"https:\/\/www.estrategiaconcursos.com.br\/blog\/wp-json\/wp\/v2\/posts\/176937\/revisions\/1742246"}],"wp:featuredmedia":[{"embeddable":true,"href":"https:\/\/www.estrategiaconcursos.com.br\/blog\/wp-json\/wp\/v2\/media\/698778"}],"wp:attachment":[{"href":"https:\/\/www.estrategiaconcursos.com.br\/blog\/wp-json\/wp\/v2\/media?parent=176937"}],"wp:term":[{"taxonomy":"category","embeddable":true,"href":"https:\/\/www.estrategiaconcursos.com.br\/blog\/wp-json\/wp\/v2\/categories?post=176937"},{"taxonomy":"post_tag","embeddable":true,"href":"https:\/\/www.estrategiaconcursos.com.br\/blog\/wp-json\/wp\/v2\/tags?post=176937"},{"taxonomy":"tax_estado","embeddable":true,"href":"https:\/\/www.estrategiaconcursos.com.br\/blog\/wp-json\/wp\/v2\/tax_estado?post=176937"}],"curies":[{"name":"wp","href":"https:\/\/api.w.org\/{rel}","templated":true}]}}