{"id":176906,"date":"2019-04-06T08:00:16","date_gmt":"2019-04-06T11:00:16","guid":{"rendered":"https:\/\/www.estrategiaconcursos.com.br\/blog\/?p=176906"},"modified":"2019-04-09T15:28:00","modified_gmt":"2019-04-09T18:28:00","slug":"aquecimento-oab-xxix","status":"publish","type":"post","link":"https:\/\/www.estrategiaconcursos.com.br\/blog\/aquecimento-oab-xxix\/","title":{"rendered":"Aquecimento OAB: prepare-se para o XXIX Exame de Ordem"},"content":{"rendered":"\n<p>O Estrat\u00e9gia OAB ir\u00e1 realizar neste final de semana, dias 6 e 7 de abril, a transmiss\u00e3o ao vivo e totalmente gratuita para dar aquele g\u00e1s nos seus estudos. Se voc\u00ea n\u00e3o come\u00e7ou a sua prepara\u00e7\u00e3o, ainda d\u00e1 tempo, e n\u00f3s vamos te ajudar.<\/p>\n\n\n\n<p>Para garantir um bom desempenho na primeira fase do Exame de Ordem \u00e9 necess\u00e1rio dar aten\u00e7\u00e3o especial aos pontos centrais da mat\u00e9ria. Afinal, s\u00e3o 17 disciplinas, todas com conte\u00fados extensos.<\/p>\n\n\n\n<p>A prova do XXIX Exame de Ordem ser\u00e1 realizada dia 30 de junho, ou seja, daqui a 60 dias. Este per\u00edodo dever\u00e1 ser de dedica\u00e7\u00e3o total, e para te ajudar nessa caminhada, o Estrat\u00e9gia OAB vai disponibilizar dois dias inteirinhos de prepara\u00e7\u00e3o com nosso time de professores.<\/p>\n\n\n\n<p>As aulas s\u00e3o totalmente gratuitas. A transmiss\u00e3o ser\u00e1 atrav\u00e9s do canal do YouTube do Estrat\u00e9gia OAB, \u00e0 partir das 8:30 em ambos os dias, voc\u00ea s\u00f3 precisa acessar o link e fazer seu cadastro para garantir sua participa\u00e7\u00e3o neste evento que preparamos com tanto carinho.<\/p>\n\n\n\n<p>Confira a programa\u00e7\u00e3o completa dos dois dias.<\/p>\n\n\n\n<h2 class=\"wp-block-heading\"><strong>S\u00e1bado &#8211; 06&nbsp;de&nbsp;abril<\/strong><\/h2>\n\n\n\n<table class=\"wp-block-table is-style-stripes\"><tbody><tr><td> <strong>Direito   Processual Civil<\/strong>   <\/td><td>8:30   <\/td><td>\n  Prof. Ricardo Torques\n  <\/td><\/tr><tr><td> <strong>Direito   Ambiental<\/strong>   <\/td><td>9:30   <\/td><td>\n  Prof. Rosenval Jr.\n  <\/td><\/tr><tr><td> <strong>Direito   Penal<\/strong>   <\/td><td>10:15   <\/td><td>\n  Prof. Cristiano Rodrigues\n  <\/td><\/tr><tr><td>  <strong>Direito   Internacional<\/strong>   <\/td><td>11:45   <\/td><td>\n  Prof. Ricardo Vale\n  <\/td><\/tr><tr><td>  <em><strong>I<\/strong><\/em><em><strong>ntervalo das 12:30 \u00e0s 13:30<\/strong><\/em>   <\/td><\/tr><tr><td>\n  <strong>Direito\n  Processual Penal<\/strong>\n  <\/td><td>13:30   <\/td><td>\n  Prof. Ivan Marques\n  <\/td><\/tr><tr><td>  <strong>Direito   Tribut\u00e1rio <\/strong>   <\/td><td>14:30   <\/td><td>\n  Prof. Rodrigo Martins\n  <\/td><\/tr><tr><td> <strong>\u00c9tica   Profissional <\/strong>   <\/td><td>15:30    <\/td><td>\n  Profs. Rosenval Jr. ou Priscila\n  Ferreira\n  <\/td><\/tr><tr><td> <strong>Direitos   Humanos <\/strong>   <\/td><td>16:45    <\/td><td>\n  Prof. Jean Vilbert\n  <\/td><\/tr><tr><td><strong>Direito   da Crian\u00e7a e do Adolescente <\/strong>   <\/td><td>17:45    <\/td><td>\n  Prof. Ricardo Torques\n  <\/td><\/tr><\/tbody><\/table>\n\n\n\n<h2 class=\"wp-block-heading\" id=\"mce_31\"><strong>Domingo &#8211; 07&nbsp;de&nbsp;abril<\/strong><\/h2>\n\n\n\n<table class=\"wp-block-table is-style-stripes\"><tbody><tr><td>\n  <strong>Direito\n  Administrativo<\/strong>\n  <\/td><td>\n  8:30\n  <\/td><td>\n  Prof. Igor Maciel\n  <\/td><\/tr><tr><td>\n  <strong>Direito\n  do Consumidor<\/strong>\n  <\/td><td>\n  9:30\n  <\/td><td>\n  Prof. Igor Maciel\n  <\/td><\/tr><tr><td>\n  <strong>Direito\n  Civil<\/strong>\n  <\/td><td>\n  10:15\n  <\/td><td>\n  Prof. Paulo Sousa\n  <\/td><\/tr><tr><td>\n  <strong>Filosofia\n  do Direito<\/strong>\n  <\/td><td>\n  11:45\n  <\/td><td>\n  Prof. Jean Vilbert\n  <\/td><\/tr><tr><td>\n  <em><strong>I<\/strong><\/em><em><strong>ntervalo das 12:30 \u00e0s 13:30<\/strong><\/em><em><strong><\/strong><\/em>\n  <\/td><\/tr><tr><td>\n  <strong>Direito\n  do Trabalho<\/strong>\n  <\/td><td>\n  13:30\n  <\/td><td>\n  Prof. Ivan Marques\n  <\/td><\/tr><tr><td><strong>Direito   Processual do Trabalho<\/strong>   <\/td><td>\n  14:30\n  <\/td><td>\n  Prof. Priscila Ferreira\n  <\/td><\/tr><tr><td>\n  <strong>Direito\n  Constitucional<\/strong>\n  <\/td><td>\n  15:30\n  <\/td><td>\n  Prof. Diego Cerqueira\n  <\/td><\/tr><tr><td>\n  <strong>Direito\n  Empresarial<\/strong>\n  <\/td><td>\n  16:45\n  <\/td><td>\n  Prof. Alessandro Sanchez\n  <\/td><\/tr><\/tbody><\/table>\n\n\n\n<p style=\"font-size:25px\"><strong>XXIX Exame de Ordem Unificado<\/strong> <br \/><\/p>\n\n\n\n<p class=\"has-background has-very-light-gray-background-color\"><strong>Publica\u00e7\u00e3o do Edital de Abertura<\/strong>: 03\/05\/2019<br \/><strong>Per\u00edodo de Inscri\u00e7\u00e3o:<\/strong>&nbsp;03\/05\/2019 a 11\/05\/2019<br \/><strong>Prova Objetiva \u2013 1.\u00aa fase:<\/strong>&nbsp;30\/06\/2019<br \/><strong>Prova pr\u00e1tico-profissional \u2013 2.\u00aa fase<\/strong>: 18\/08\/2019<\/p>\n\n\n\n<p style=\"font-size:25px;text-align:center\"><a href=\"https:\/\/www.estrategiaconcursos.com.br\/gratis\/xxix-exame-de-ordem\/\"><strong><em>Acesse o link e se inscreva para participar<\/em><\/strong><\/a><\/p>\n\n\n\n<figure class=\"wp-block-image\"><a href=\"https:\/\/www.estrategiaconcursos.com.br\/gratis\/xxix-exame-de-ordem\/\" target=\"_blank\" rel=\"noreferrer noopener\"><img decoding=\"async\" src=\"https:\/\/trello-attachments.s3.amazonaws.com\/57f517a78c66961f8779e8cd\/5ca1f089ec8bad6c5332ecd1\/3836223cf79f83f59273ef5102ad0938\/BANNER-AQUECIMENTO-XXIX.jpg\" alt=\"BANNER-AQUECIMENTO-XXIX.jpg\"\/><\/a><\/figure>\n","protected":false},"excerpt":{"rendered":"<p>O Estrat\u00e9gia OAB ir\u00e1 realizar neste final de semana, dias 6 e 7 de abril, a transmiss\u00e3o ao vivo e totalmente gratuita para dar aquele g\u00e1s nos seus estudos. Se voc\u00ea n\u00e3o come\u00e7ou a sua prepara\u00e7\u00e3o, ainda d\u00e1 tempo, e n\u00f3s vamos te ajudar. Para garantir um bom desempenho na primeira fase do Exame de [&hellip;]<\/p>\n","protected":false},"author":180,"featured_media":176969,"comment_status":"open","ping_status":"closed","sticky":false,"template":"","format":"standard","meta":{"post_tipo":"article","footnotes":""},"categories":[1],"tags":[],"tax_estado":[],"class_list":["post-176906","post","type-post","status-publish","format-standard","has-post-thumbnail","hentry","category-cursos-e-concursos"],"acf":[],"yoast_head":"<!-- This site is optimized with the Yoast SEO Premium plugin v27.2 (Yoast SEO v27.2) - https:\/\/yoast.com\/product\/yoast-seo-premium-wordpress\/ -->\n<title>Aquecimento OAB: prepare-se para o XXIX Exame de Ordem<\/title>\n<meta name=\"description\" content=\"Aquecimento OAB: prepare-se para o XXIX Exame com o time de professores do Estrat\u00e9gia OAB. Ser\u00e3o dois dias inteiros de prepara\u00e7\u00e3o totalmente gr\u00e1tis.\" \/>\n<meta name=\"robots\" content=\"index, follow, max-snippet:-1, max-image-preview:large, max-video-preview:-1\" \/>\n<link rel=\"canonical\" href=\"https:\/\/www.estrategiaconcursos.com.br\/blog\/aquecimento-oab-xxix\/\" \/>\n<meta property=\"og:locale\" content=\"pt_BR\" \/>\n<meta property=\"og:type\" content=\"article\" \/>\n<meta property=\"og:title\" content=\"Aquecimento OAB: prepare-se para o XXIX Exame de Ordem\" \/>\n<meta property=\"og:description\" content=\"Aquecimento OAB: prepare-se para o XXIX Exame com o time de professores do Estrat\u00e9gia OAB. Ser\u00e3o dois dias inteiros de prepara\u00e7\u00e3o totalmente gr\u00e1tis.\" \/>\n<meta property=\"og:url\" content=\"https:\/\/www.estrategiaconcursos.com.br\/blog\/aquecimento-oab-xxix\/\" \/>\n<meta property=\"og:site_name\" content=\"Estrat\u00e9gia Concursos\" \/>\n<meta property=\"article:author\" content=\"https:\/\/www.facebook.com\/ricardo.s.torques\" \/>\n<meta property=\"article:published_time\" content=\"2019-04-06T11:00:16+00:00\" \/>\n<meta property=\"article:modified_time\" content=\"2019-04-09T18:28:00+00:00\" \/>\n<meta property=\"og:image\" content=\"https:\/\/dhg1h5j42swfq.cloudfront.net\/2019\/04\/05172226\/AQUECIMENTO-XXIX-OAB.jpg\" \/>\n\t<meta property=\"og:image:width\" content=\"1080\" \/>\n\t<meta property=\"og:image:height\" content=\"1080\" \/>\n\t<meta property=\"og:image:type\" content=\"image\/jpeg\" \/>\n<meta name=\"author\" content=\"Ricardo Torques\" \/>\n<meta name=\"twitter:card\" content=\"summary_large_image\" \/>\n<meta name=\"twitter:creator\" content=\"@EstratConcursos\" \/>\n<meta name=\"twitter:site\" content=\"@EstratConcursos\" \/>\n<meta name=\"twitter:label1\" content=\"Escrito por\" \/>\n\t<meta name=\"twitter:data1\" content=\"Ricardo Torques\" \/>\n\t<meta name=\"twitter:label2\" content=\"Est. tempo de leitura\" \/>\n\t<meta name=\"twitter:data2\" content=\"2 minutos\" \/>\n<script type=\"application\/ld+json\" class=\"yoast-schema-graph\">{\"@context\":\"https:\/\/schema.org\",\"@graph\":[{\"@type\":\"NewsArticle\",\"@id\":\"https:\/\/www.estrategiaconcursos.com.br\/blog\/aquecimento-oab-xxix\/#article\",\"isPartOf\":{\"@id\":\"https:\/\/www.estrategiaconcursos.com.br\/blog\/aquecimento-oab-xxix\/\"},\"author\":{\"name\":\"Ricardo Torques\",\"@id\":\"https:\/\/www.estrategiaconcursos.com.br\/blog\/#\/schema\/person\/aa39cf5ddb518e5bdce27c35788405e2\"},\"headline\":\"Aquecimento OAB: prepare-se para o XXIX Exame de Ordem\",\"datePublished\":\"2019-04-06T11:00:16+00:00\",\"dateModified\":\"2019-04-09T18:28:00+00:00\",\"mainEntityOfPage\":{\"@id\":\"https:\/\/www.estrategiaconcursos.com.br\/blog\/aquecimento-oab-xxix\/\"},\"wordCount\":352,\"commentCount\":0,\"publisher\":{\"@id\":\"https:\/\/www.estrategiaconcursos.com.br\/blog\/#organization\"},\"image\":{\"@id\":\"https:\/\/www.estrategiaconcursos.com.br\/blog\/aquecimento-oab-xxix\/#primaryimage\"},\"thumbnailUrl\":\"https:\/\/dhg1h5j42swfq.cloudfront.net\/2019\/04\/05172226\/AQUECIMENTO-XXIX-OAB.jpg\",\"articleSection\":[\"Concursos P\u00fablicos\"],\"inLanguage\":\"pt-BR\",\"potentialAction\":[{\"@type\":\"CommentAction\",\"name\":\"Comment\",\"target\":[\"https:\/\/www.estrategiaconcursos.com.br\/blog\/aquecimento-oab-xxix\/#respond\"]}],\"copyrightYear\":\"2019\",\"copyrightHolder\":{\"@id\":\"https:\/\/www.estrategiaconcursos.com.br\/blog\/#organization\"}},{\"@type\":\"WebPage\",\"@id\":\"https:\/\/www.estrategiaconcursos.com.br\/blog\/aquecimento-oab-xxix\/\",\"url\":\"https:\/\/www.estrategiaconcursos.com.br\/blog\/aquecimento-oab-xxix\/\",\"name\":\"Aquecimento OAB: prepare-se para o XXIX Exame de Ordem\",\"isPartOf\":{\"@id\":\"https:\/\/www.estrategiaconcursos.com.br\/blog\/#website\"},\"primaryImageOfPage\":{\"@id\":\"https:\/\/www.estrategiaconcursos.com.br\/blog\/aquecimento-oab-xxix\/#primaryimage\"},\"image\":{\"@id\":\"https:\/\/www.estrategiaconcursos.com.br\/blog\/aquecimento-oab-xxix\/#primaryimage\"},\"thumbnailUrl\":\"https:\/\/dhg1h5j42swfq.cloudfront.net\/2019\/04\/05172226\/AQUECIMENTO-XXIX-OAB.jpg\",\"datePublished\":\"2019-04-06T11:00:16+00:00\",\"dateModified\":\"2019-04-09T18:28:00+00:00\",\"description\":\"Aquecimento OAB: prepare-se para o XXIX Exame com o time de professores do Estrat\u00e9gia OAB. Ser\u00e3o dois dias inteiros de prepara\u00e7\u00e3o totalmente gr\u00e1tis.\",\"breadcrumb\":{\"@id\":\"https:\/\/www.estrategiaconcursos.com.br\/blog\/aquecimento-oab-xxix\/#breadcrumb\"},\"inLanguage\":\"pt-BR\",\"potentialAction\":[{\"@type\":\"ReadAction\",\"target\":[\"https:\/\/www.estrategiaconcursos.com.br\/blog\/aquecimento-oab-xxix\/\"]}]},{\"@type\":\"ImageObject\",\"inLanguage\":\"pt-BR\",\"@id\":\"https:\/\/www.estrategiaconcursos.com.br\/blog\/aquecimento-oab-xxix\/#primaryimage\",\"url\":\"https:\/\/dhg1h5j42swfq.cloudfront.net\/2019\/04\/05172226\/AQUECIMENTO-XXIX-OAB.jpg\",\"contentUrl\":\"https:\/\/dhg1h5j42swfq.cloudfront.net\/2019\/04\/05172226\/AQUECIMENTO-XXIX-OAB.jpg\",\"width\":1080,\"height\":1080},{\"@type\":\"BreadcrumbList\",\"@id\":\"https:\/\/www.estrategiaconcursos.com.br\/blog\/aquecimento-oab-xxix\/#breadcrumb\",\"itemListElement\":[{\"@type\":\"ListItem\",\"position\":1,\"name\":\"In\u00edcio\",\"item\":\"https:\/\/www.estrategiaconcursos.com.br\/blog\/\"},{\"@type\":\"ListItem\",\"position\":2,\"name\":\"Aquecimento OAB: prepare-se para o XXIX Exame de Ordem\"}]},{\"@type\":\"WebSite\",\"@id\":\"https:\/\/www.estrategiaconcursos.com.br\/blog\/#website\",\"url\":\"https:\/\/www.estrategiaconcursos.com.br\/blog\/\",\"name\":\"Estrat\u00e9gia Concursos\",\"description\":\"O blog da Estrat\u00e9gia Concursos traz not\u00edcias sobre concursos e artigos de professores oferecendo cursos para concursos (pdf + videaulas) no site.\",\"publisher\":{\"@id\":\"https:\/\/www.estrategiaconcursos.com.br\/blog\/#organization\"},\"potentialAction\":[{\"@type\":\"SearchAction\",\"target\":{\"@type\":\"EntryPoint\",\"urlTemplate\":\"https:\/\/www.estrategiaconcursos.com.br\/blog\/?s={search_term_string}\"},\"query-input\":{\"@type\":\"PropertyValueSpecification\",\"valueRequired\":true,\"valueName\":\"search_term_string\"}}],\"inLanguage\":\"pt-BR\"},{\"@type\":\"Organization\",\"@id\":\"https:\/\/www.estrategiaconcursos.com.br\/blog\/#organization\",\"name\":\"Estrat\u00e9gia Concursos\",\"url\":\"https:\/\/www.estrategiaconcursos.com.br\/blog\/\",\"logo\":{\"@type\":\"ImageObject\",\"inLanguage\":\"pt-BR\",\"@id\":\"https:\/\/www.estrategiaconcursos.com.br\/blog\/#\/schema\/logo\/image\/\",\"url\":\"https:\/\/dhg1h5j42swfq.cloudfront.net\/2025\/06\/03203428\/logo_concursos-1.jpg\",\"contentUrl\":\"https:\/\/dhg1h5j42swfq.cloudfront.net\/2025\/06\/03203428\/logo_concursos-1.jpg\",\"width\":230,\"height\":60,\"caption\":\"Estrat\u00e9gia Concursos\"},\"image\":{\"@id\":\"https:\/\/www.estrategiaconcursos.com.br\/blog\/#\/schema\/logo\/image\/\"},\"sameAs\":[\"https:\/\/x.com\/EstratConcursos\"]},{\"@type\":\"Person\",\"@id\":\"https:\/\/www.estrategiaconcursos.com.br\/blog\/#\/schema\/person\/aa39cf5ddb518e5bdce27c35788405e2\",\"name\":\"Ricardo Torques\",\"image\":{\"@type\":\"ImageObject\",\"inLanguage\":\"pt-BR\",\"@id\":\"https:\/\/secure.gravatar.com\/avatar\/ce9ac6c3cff25fe86d15ed568ebc64d1724baf5c0693133bcb1f6073f712f92a?s=96&d=mm&r=g\",\"url\":\"https:\/\/secure.gravatar.com\/avatar\/ce9ac6c3cff25fe86d15ed568ebc64d1724baf5c0693133bcb1f6073f712f92a?s=96&d=mm&r=g\",\"contentUrl\":\"https:\/\/secure.gravatar.com\/avatar\/ce9ac6c3cff25fe86d15ed568ebc64d1724baf5c0693133bcb1f6073f712f92a?s=96&d=mm&r=g\",\"caption\":\"Ricardo Torques\"},\"sameAs\":[\"https:\/\/www.facebook.com\/ricardo.s.torques\"],\"url\":\"https:\/\/www.estrategiaconcursos.com.br\/blog\/author\/ricardotorquesestrategiaconcursos-com-br\/\"}]}<\/script>\n<!-- \/ Yoast SEO Premium plugin. -->","yoast_head_json":{"title":"Aquecimento OAB: prepare-se para o XXIX Exame de Ordem","description":"Aquecimento OAB: prepare-se para o XXIX Exame com o time de professores do Estrat\u00e9gia OAB. Ser\u00e3o dois dias inteiros de prepara\u00e7\u00e3o totalmente gr\u00e1tis.","robots":{"index":"index","follow":"follow","max-snippet":"max-snippet:-1","max-image-preview":"max-image-preview:large","max-video-preview":"max-video-preview:-1"},"canonical":"https:\/\/www.estrategiaconcursos.com.br\/blog\/aquecimento-oab-xxix\/","og_locale":"pt_BR","og_type":"article","og_title":"Aquecimento OAB: prepare-se para o XXIX Exame de Ordem","og_description":"Aquecimento OAB: prepare-se para o XXIX Exame com o time de professores do Estrat\u00e9gia OAB. Ser\u00e3o dois dias inteiros de prepara\u00e7\u00e3o totalmente gr\u00e1tis.","og_url":"https:\/\/www.estrategiaconcursos.com.br\/blog\/aquecimento-oab-xxix\/","og_site_name":"Estrat\u00e9gia Concursos","article_author":"https:\/\/www.facebook.com\/ricardo.s.torques","article_published_time":"2019-04-06T11:00:16+00:00","article_modified_time":"2019-04-09T18:28:00+00:00","og_image":[{"width":1080,"height":1080,"url":"https:\/\/dhg1h5j42swfq.cloudfront.net\/2019\/04\/05172226\/AQUECIMENTO-XXIX-OAB.jpg","type":"image\/jpeg"}],"author":"Ricardo Torques","twitter_card":"summary_large_image","twitter_creator":"@EstratConcursos","twitter_site":"@EstratConcursos","twitter_misc":{"Escrito por":"Ricardo Torques","Est. tempo de leitura":"2 minutos"},"schema":{"@context":"https:\/\/schema.org","@graph":[{"@type":"NewsArticle","@id":"https:\/\/www.estrategiaconcursos.com.br\/blog\/aquecimento-oab-xxix\/#article","isPartOf":{"@id":"https:\/\/www.estrategiaconcursos.com.br\/blog\/aquecimento-oab-xxix\/"},"author":{"name":"Ricardo Torques","@id":"https:\/\/www.estrategiaconcursos.com.br\/blog\/#\/schema\/person\/aa39cf5ddb518e5bdce27c35788405e2"},"headline":"Aquecimento OAB: prepare-se para o XXIX Exame de Ordem","datePublished":"2019-04-06T11:00:16+00:00","dateModified":"2019-04-09T18:28:00+00:00","mainEntityOfPage":{"@id":"https:\/\/www.estrategiaconcursos.com.br\/blog\/aquecimento-oab-xxix\/"},"wordCount":352,"commentCount":0,"publisher":{"@id":"https:\/\/www.estrategiaconcursos.com.br\/blog\/#organization"},"image":{"@id":"https:\/\/www.estrategiaconcursos.com.br\/blog\/aquecimento-oab-xxix\/#primaryimage"},"thumbnailUrl":"https:\/\/dhg1h5j42swfq.cloudfront.net\/2019\/04\/05172226\/AQUECIMENTO-XXIX-OAB.jpg","articleSection":["Concursos P\u00fablicos"],"inLanguage":"pt-BR","potentialAction":[{"@type":"CommentAction","name":"Comment","target":["https:\/\/www.estrategiaconcursos.com.br\/blog\/aquecimento-oab-xxix\/#respond"]}],"copyrightYear":"2019","copyrightHolder":{"@id":"https:\/\/www.estrategiaconcursos.com.br\/blog\/#organization"}},{"@type":"WebPage","@id":"https:\/\/www.estrategiaconcursos.com.br\/blog\/aquecimento-oab-xxix\/","url":"https:\/\/www.estrategiaconcursos.com.br\/blog\/aquecimento-oab-xxix\/","name":"Aquecimento OAB: prepare-se para o XXIX Exame de Ordem","isPartOf":{"@id":"https:\/\/www.estrategiaconcursos.com.br\/blog\/#website"},"primaryImageOfPage":{"@id":"https:\/\/www.estrategiaconcursos.com.br\/blog\/aquecimento-oab-xxix\/#primaryimage"},"image":{"@id":"https:\/\/www.estrategiaconcursos.com.br\/blog\/aquecimento-oab-xxix\/#primaryimage"},"thumbnailUrl":"https:\/\/dhg1h5j42swfq.cloudfront.net\/2019\/04\/05172226\/AQUECIMENTO-XXIX-OAB.jpg","datePublished":"2019-04-06T11:00:16+00:00","dateModified":"2019-04-09T18:28:00+00:00","description":"Aquecimento OAB: prepare-se para o XXIX Exame com o time de professores do Estrat\u00e9gia OAB. Ser\u00e3o dois dias inteiros de prepara\u00e7\u00e3o totalmente gr\u00e1tis.","breadcrumb":{"@id":"https:\/\/www.estrategiaconcursos.com.br\/blog\/aquecimento-oab-xxix\/#breadcrumb"},"inLanguage":"pt-BR","potentialAction":[{"@type":"ReadAction","target":["https:\/\/www.estrategiaconcursos.com.br\/blog\/aquecimento-oab-xxix\/"]}]},{"@type":"ImageObject","inLanguage":"pt-BR","@id":"https:\/\/www.estrategiaconcursos.com.br\/blog\/aquecimento-oab-xxix\/#primaryimage","url":"https:\/\/dhg1h5j42swfq.cloudfront.net\/2019\/04\/05172226\/AQUECIMENTO-XXIX-OAB.jpg","contentUrl":"https:\/\/dhg1h5j42swfq.cloudfront.net\/2019\/04\/05172226\/AQUECIMENTO-XXIX-OAB.jpg","width":1080,"height":1080},{"@type":"BreadcrumbList","@id":"https:\/\/www.estrategiaconcursos.com.br\/blog\/aquecimento-oab-xxix\/#breadcrumb","itemListElement":[{"@type":"ListItem","position":1,"name":"In\u00edcio","item":"https:\/\/www.estrategiaconcursos.com.br\/blog\/"},{"@type":"ListItem","position":2,"name":"Aquecimento OAB: prepare-se para o XXIX Exame de Ordem"}]},{"@type":"WebSite","@id":"https:\/\/www.estrategiaconcursos.com.br\/blog\/#website","url":"https:\/\/www.estrategiaconcursos.com.br\/blog\/","name":"Estrat\u00e9gia Concursos","description":"O blog da Estrat\u00e9gia Concursos traz not\u00edcias sobre concursos e artigos de professores oferecendo cursos para concursos (pdf + videaulas) no site.","publisher":{"@id":"https:\/\/www.estrategiaconcursos.com.br\/blog\/#organization"},"potentialAction":[{"@type":"SearchAction","target":{"@type":"EntryPoint","urlTemplate":"https:\/\/www.estrategiaconcursos.com.br\/blog\/?s={search_term_string}"},"query-input":{"@type":"PropertyValueSpecification","valueRequired":true,"valueName":"search_term_string"}}],"inLanguage":"pt-BR"},{"@type":"Organization","@id":"https:\/\/www.estrategiaconcursos.com.br\/blog\/#organization","name":"Estrat\u00e9gia Concursos","url":"https:\/\/www.estrategiaconcursos.com.br\/blog\/","logo":{"@type":"ImageObject","inLanguage":"pt-BR","@id":"https:\/\/www.estrategiaconcursos.com.br\/blog\/#\/schema\/logo\/image\/","url":"https:\/\/dhg1h5j42swfq.cloudfront.net\/2025\/06\/03203428\/logo_concursos-1.jpg","contentUrl":"https:\/\/dhg1h5j42swfq.cloudfront.net\/2025\/06\/03203428\/logo_concursos-1.jpg","width":230,"height":60,"caption":"Estrat\u00e9gia Concursos"},"image":{"@id":"https:\/\/www.estrategiaconcursos.com.br\/blog\/#\/schema\/logo\/image\/"},"sameAs":["https:\/\/x.com\/EstratConcursos"]},{"@type":"Person","@id":"https:\/\/www.estrategiaconcursos.com.br\/blog\/#\/schema\/person\/aa39cf5ddb518e5bdce27c35788405e2","name":"Ricardo Torques","image":{"@type":"ImageObject","inLanguage":"pt-BR","@id":"https:\/\/secure.gravatar.com\/avatar\/ce9ac6c3cff25fe86d15ed568ebc64d1724baf5c0693133bcb1f6073f712f92a?s=96&d=mm&r=g","url":"https:\/\/secure.gravatar.com\/avatar\/ce9ac6c3cff25fe86d15ed568ebc64d1724baf5c0693133bcb1f6073f712f92a?s=96&d=mm&r=g","contentUrl":"https:\/\/secure.gravatar.com\/avatar\/ce9ac6c3cff25fe86d15ed568ebc64d1724baf5c0693133bcb1f6073f712f92a?s=96&d=mm&r=g","caption":"Ricardo Torques"},"sameAs":["https:\/\/www.facebook.com\/ricardo.s.torques"],"url":"https:\/\/www.estrategiaconcursos.com.br\/blog\/author\/ricardotorquesestrategiaconcursos-com-br\/"}]}},"_links":{"self":[{"href":"https:\/\/www.estrategiaconcursos.com.br\/blog\/wp-json\/wp\/v2\/posts\/176906","targetHints":{"allow":["GET"]}}],"collection":[{"href":"https:\/\/www.estrategiaconcursos.com.br\/blog\/wp-json\/wp\/v2\/posts"}],"about":[{"href":"https:\/\/www.estrategiaconcursos.com.br\/blog\/wp-json\/wp\/v2\/types\/post"}],"author":[{"embeddable":true,"href":"https:\/\/www.estrategiaconcursos.com.br\/blog\/wp-json\/wp\/v2\/users\/180"}],"replies":[{"embeddable":true,"href":"https:\/\/www.estrategiaconcursos.com.br\/blog\/wp-json\/wp\/v2\/comments?post=176906"}],"version-history":[{"count":4,"href":"https:\/\/www.estrategiaconcursos.com.br\/blog\/wp-json\/wp\/v2\/posts\/176906\/revisions"}],"predecessor-version":[{"id":176971,"href":"https:\/\/www.estrategiaconcursos.com.br\/blog\/wp-json\/wp\/v2\/posts\/176906\/revisions\/176971"}],"wp:featuredmedia":[{"embeddable":true,"href":"https:\/\/www.estrategiaconcursos.com.br\/blog\/wp-json\/wp\/v2\/media\/176969"}],"wp:attachment":[{"href":"https:\/\/www.estrategiaconcursos.com.br\/blog\/wp-json\/wp\/v2\/media?parent=176906"}],"wp:term":[{"taxonomy":"category","embeddable":true,"href":"https:\/\/www.estrategiaconcursos.com.br\/blog\/wp-json\/wp\/v2\/categories?post=176906"},{"taxonomy":"post_tag","embeddable":true,"href":"https:\/\/www.estrategiaconcursos.com.br\/blog\/wp-json\/wp\/v2\/tags?post=176906"},{"taxonomy":"tax_estado","embeddable":true,"href":"https:\/\/www.estrategiaconcursos.com.br\/blog\/wp-json\/wp\/v2\/tax_estado?post=176906"}],"curies":[{"name":"wp","href":"https:\/\/api.w.org\/{rel}","templated":true}]}}