{"id":176862,"date":"2019-04-06T00:00:25","date_gmt":"2019-04-06T03:00:25","guid":{"rendered":"https:\/\/www.estrategiaconcursos.com.br\/blog\/?p=176862"},"modified":"2023-01-10T12:01:40","modified_gmt":"2023-01-10T15:01:40","slug":"entrevista-joao-marcos-aprovado-no-concurso-da-sefaz-rs","status":"publish","type":"post","link":"https:\/\/www.estrategiaconcursos.com.br\/blog\/entrevista-joao-marcos-aprovado-no-concurso-da-sefaz-rs\/","title":{"rendered":"ENTREVISTA: Jo\u00e3o Marcos &#8211; Aprovado em  4\u00ba no concurso da SEFAZ RS para o cargo de Auditor-Fiscal da Receita Estadual"},"content":{"rendered":"\n<figure class=\"wp-block-image alignleft is-resized\"><img loading=\"lazy\" decoding=\"async\" src=\"https:\/\/dhg1h5j42swfq.cloudfront.net\/2019\/04\/05123542\/IMG_3245.jpg\" alt=\"\" class=\"wp-image-176854\" width=\"182\" height=\"228\" srcset=\"https:\/\/dhg1h5j42swfq.cloudfront.net\/2019\/04\/05123542\/IMG_3245.jpg 2362w, https:\/\/dhg1h5j42swfq.cloudfront.net\/2019\/04\/05123542\/IMG_3245.jpg 240w, https:\/\/dhg1h5j42swfq.cloudfront.net\/2019\/04\/05123542\/IMG_3245.jpg 768w, https:\/\/dhg1h5j42swfq.cloudfront.net\/2019\/04\/05123542\/IMG_3245.jpg 819w\" sizes=\"auto, (max-width: 182px) 100vw, 182px\" \/><\/figure>\n\n\n\n<p class=\"has-text-align-center\"><strong><em>&nbsp; &#8220;Gra\u00e7as a Deus alcancei meu objetivo e desejo que cada pessoa que leia isso tudo, alcance tamb\u00e9m. Se eu consegui, quer dizer que qualquer pessoa pode conseguir. Sempre lia os depoimentos aqui no Estrat\u00e9gia e achava que nunca chegaria minha vez&#8221;    <\/em><\/strong><\/p>\n\n\n\n<p>Confira nossa entrevista com Jo\u00e3o Marcos Turchette Clerici, aprovado em 4\u00ba lugar no concurso da Secretaria da Fazenda do Estado do Rio Grande do Sul  para o cargo de Auditor Fiscal da Receita Estadual:<\/p>\n\n\n\n<p><strong>Estrat\u00e9gia: Conte-nos um pouco sobre voc\u00ea, para que nossos leitores possam te conhecer melhor. Voc\u00ea \u00e9 formado em que \u00e1rea? Qual sua idade? De onde voc\u00ea \u00e9?<\/strong><\/p>\n\n\n\n<p><strong>Jo\u00e3o Marcos:<\/strong> Tenho 27 anos, moro em Santiago, interior do Rio Grande do Sul. Sou formado em Matem\u00e1tica e Administra\u00e7\u00e3o.<\/p>\n\n\n\n<p><strong>Estrat\u00e9gia: O que te levou a tomar a decis\u00e3o de come\u00e7ar a estudar para concursos?<\/strong><\/p>\n\n\n\n<p><strong>Jo\u00e3o: <\/strong>Primeiramente, meu sonho de ser militar fez com que me dedicasse aos estudos para me tornar Sargento do Ex\u00e9rcito.  <\/p>\n\n\n\n<p>Ap\u00f3s essa conquista e alguns anos de experi\u00eancia, decidi me dedicar \u00e0 \u00e1rea fiscal, sobretudo em busca de um melhor sal\u00e1rio e para dar condi\u00e7\u00f5es melhores para minha fam\u00edlia.<\/p>\n\n\n\n<p><strong>Estrat\u00e9gia: Durante sua caminhada como concurseiro, voc\u00ea trabalhava e estudava (como conciliava trabalho e estudos?), ou se dedicava inteiramente aos estudos para concurso? <\/strong> <\/p>\n\n\n\n<p><strong>Jo\u00e3o: <\/strong>Trabalho e estudo caminharam sempre juntos.<\/p>\n\n\n\n<p>\n<strong>Estrat\u00e9gia:\nQuantos\ne em quais concursos j\u00e1 foi aprovado? Qual o \u00faltimo? Em qual cargo\ne em que coloca\u00e7\u00e3o?<\/strong><\/p>\n\n\n\n<p>\n<strong>Jo\u00e3o:\n<\/strong>Fui aprovado em dois: 4\u00ba lugar para Sargento do Ex\u00e9rcito e\nagora em 4\u00ba lugar para Auditor Fiscal da SEFAZ RS.<\/p>\n\n\n\n<p><strong>Estrat\u00e9gia: Qual foi sua sensa\u00e7\u00e3o ao ver seu nome na lista dos aprovados\/classificados?<\/strong><\/p>\n\n\n\n<p><strong>Jo\u00e3o: <\/strong>Foi uma sensa\u00e7\u00e3o \u00fanica, quase inacredit\u00e1vel. O per\u00edodo p\u00f3s prova \u00e9 muito tenso. Ent\u00e3o, ver o nome na lista, foi um al\u00edvio muito grande e uma sensa\u00e7\u00e3o de dever cumprido.<\/p>\n\n\n\n<p><strong>Estrat\u00e9gia: Como era sua vida social durante a prepara\u00e7\u00e3o para concursos? Voc\u00ea sa\u00eda com amigos, fam\u00edlia, etc? Ou adotou uma postura radical, abdicando do conv\u00edvio social?<\/strong><\/p>\n\n\n\n<p><strong>Jo\u00e3o: <\/strong>Foi bem complicado. Como o tempo para estudar era pouco, tive que abrir m\u00e3o de muita coisa.<\/p>\n\n\n\n<p><strong>Estrat\u00e9gia: Voc\u00ea \u00e9 casado? Tem filhos? Namora? Mora com seus pais? Sua fam\u00edlia entendeu e apoiou sua caminhada como concurseiro? Se sim, de que forma? <\/strong> <\/p>\n\n\n\n<p><strong>Jo\u00e3o: <\/strong>Sou casado e tenho uma filha de 3 anos. Minha esposa teve um papel fundamental. Muitas vezes, em fun\u00e7\u00e3o dos meus estudos, ela ficou sobrecarregada, pois nem sempre eu conseguia atender a tudo.  <\/p>\n\n\n\n<p>Devo muito a ela e espero retribuir tudo que fez por mim. Sem o apoio dela, talvez eu n\u00e3o estaria escrevendo aqui hoje.<\/p>\n\n\n\n<p><strong>Estrat\u00e9gia: Voc\u00ea acha que vale a pena fazer outros concursos, com foco diferente daquele concurso que \u00e9 realmente seu objetivo maior? <\/strong><\/p>\n\n\n\n<p><strong>Jo\u00e3o: <\/strong>Esse ponto \u00e9 controverso. Para mim vale a pena fazer quando n\u00e3o s\u00e3o \u00e1reas muito distintas. Em 2018, mesmo estudando para \u00e1rea fiscal, fiz um concurso da \u00e1rea de controle, sendo aprovado na 40\u00ba posi\u00e7\u00e3o.<\/p>\n\n\n\n<p>Acredito que foi um impulso muito grande nos meus estudos.  Meu objetivo maior se tornou ser Auditor da Sefaz RS, o que acabei de alcan\u00e7ar. O futuro \u00e9 imprevis\u00edvel, mas acredito que encerrei minha jornada de concursos.<\/p>\n\n\n\n<p><strong>Estrat\u00e9gia: Voc\u00ea estudou por quanto tempo direcionado ao concurso que foi aprovado? <\/strong> <\/p>\n\n\n\n<p>\n<strong>Jo\u00e3o:\n<\/strong>Uns 2 anos.<\/p>\n\n\n\n<p><strong>Estrat\u00e9gia: Chegou a estudar sem ter edital na pra\u00e7a? Durante esse tempo, como voc\u00ea fazia para manter a disciplina nos estudos?<\/strong><\/p>\n\n\n\n<p><strong>Jo\u00e3o: <\/strong>Sim. Comecei bem antes, pois percebi o tamanho do desafio que \u00e9 ser aprovado em concursos concorridos, como esses da \u00e1rea fiscal.  <\/p>\n\n\n\n<p>Sempre fui muito disciplinado e consciente do que tinha que fazer pra alcan\u00e7ar o objetivo. Assim, pensar no bem da minha fam\u00edlia sempre foi meu maior combust\u00edvel para manter os estudos em alto n\u00edvel, mesmo sem edital publicado.<\/p>\n\n\n\n<p><strong>Estrat\u00e9gia: Que materiais voc\u00ea usou em sua prepara\u00e7\u00e3o para o concurso? Aulas presenciais, telepresenciais, livros, cursos em PDF, videoaulas? Quais foram as principais vantagens e desvantagens de cada um?<\/strong><\/p>\n\n\n\n<p><strong>Jo\u00e3o: <\/strong>Usei somente PDFs. Tentei estudar por alguns livros, mas n\u00e3o me adaptei. O PDF \u00e9 imbat\u00edvel.<\/p>\n\n\n\n<p><strong>Estrat\u00e9gia: Como conheceu o Estrat\u00e9gia Concursos? <\/strong> <\/p>\n\n\n\n<p><strong>Jo\u00e3o: <\/strong>Indica\u00e7\u00e3o de outras pessoas que j\u00e1 utilizavam os materiais.<\/p>\n\n\n\n<p><strong>Estrat\u00e9gia: Uma das principais dificuldades de todo o concursando \u00e9 a quantidade de assuntos que devem ser memorizados. Como voc\u00ea fez para estudar todo o conte\u00fado do concurso? Falando de modo mais espec\u00edfico: voc\u00ea estudava v\u00e1rias mat\u00e9rias ao mesmo tempo? Quantas? Costumava fazer resumos? Focava mais em exerc\u00edcios, ou na leitura e releitura da teoria? Como montou seu plano de estudos? Quantas horas por dia costumava estudar?<\/strong><\/p>\n\n\n\n<p><strong>Jo\u00e3o: <\/strong>Com certeza \u00e9 um grande desafio manter v\u00e1rias mat\u00e9rias ao mesmo tempo. Eu dividia as mat\u00e9rias de modo que estudasse todas as previstas no edital ao longo de 3 dias.  <\/p>\n\n\n\n<p>Ao meu ver, \u00e9 muito importante repetir as mat\u00e9rias o maior n\u00famero de vezes poss\u00edvel durante a semana, para que conseguisse assimilar bem. Estudava 4 mat\u00e9rias por dia, em geral.<\/p>\n\n\n\n<p>Quanto aos resumos, sempre foram uma dor de cabe\u00e7a. Tentei de todas as formas e nunca consegui fazer nada de qualidade (rsrs). Acredito que aprendi muito pela repeti\u00e7\u00e3o, j\u00e1 que eu n\u00e3o fazia resumos.  <\/p>\n\n\n\n<p>Inicialmente, montei meu plano de estudos de acordo com dicas que os professores do Estrat\u00e9gia passavam em v\u00eddeos sobre o assunto. Posteriormente, entrei para um \u201cCoaching\u201d, onde otimizei o que no momento fazia.<\/p>\n\n\n\n<p>Estudava de 4 a 5 horas por dia, mas \u00e0s vezes eram apenas 2 ou 3. Nos finais de semana estudava sempre de 6 a 8 horas.<\/p>\n\n\n\n<p><strong>Estrat\u00e9gia: Voc\u00ea tinha mais dificuldades em alguma(s) disciplina(s)? Quais? Como voc\u00ea fez para superar estas dificuldades?<\/strong><\/p>\n\n\n\n<p><strong>Jo\u00e3o: <\/strong>Tecnologia da Informa\u00e7\u00e3o. Essa mat\u00e9ria tem se mantido constante nos concursos da \u00e1rea fiscal. \u00c9 um desafio aprend\u00ea-la. Usei muitos materiais diferentes e fiz milhares de exerc\u00edcios. As outras mat\u00e9rias levava com tranquilidade.<\/p>\n\n\n\n<p><strong>Estrat\u00e9gia: A reta final \u00e9 sempre um per\u00edodo estressante. Como foi sua rotina de estudos na semana que antecedeu a prova? E v\u00e9spera de prova: foi dia de descanso ou dia de estudo?<\/strong><\/p>\n\n\n\n<p><strong>Jo\u00e3o: <\/strong>Como meu tempo de estudo era quase sempre constante, n\u00e3o mudou muito. Na v\u00e9spera eu estudei alguns pontos de inseguran\u00e7a ainda presentes.<\/p>\n\n\n\n<p><strong>Estrat\u00e9gia: Se voc\u00ea tivesse que apontar ERROS em sua prepara\u00e7\u00e3o (se \u00e9 que houve), quais seriam? Diga-nos tamb\u00e9m quais foram os maiores ACERTOS?<\/strong><\/p>\n\n\n\n<p><strong>Jo\u00e3o: <\/strong>O maior erro foi demorar para procurar uma orienta\u00e7\u00e3o especializada. Al\u00e9m disso, no come\u00e7o utilizei o material inadequado e olhava muitas aulas em v\u00eddeo. Perdi uns 3 meses assim.  <\/p>\n\n\n\n<p>Meu maior acerto foi a const\u00e2ncia no estudo. Nesses 2 anos n\u00e3o deixei um dia sequer de estudar.<\/p>\n\n\n\n<p><strong>Estrat\u00e9gia: O que foi mais dif\u00edcil nessa caminhada rumo \u00e0 aprova\u00e7\u00e3o? Chegou a pensar, por algum momento, em desistir? Se sim, como fez para seguir em frente?<\/strong><\/p>\n\n\n\n<p><strong>Jo\u00e3o: <\/strong>O mais dif\u00edcil foi abrir m\u00e3o de tempo com minha fam\u00edlia. Minha filha v\u00e1rias vezes me puxava da mesa pela m\u00e3o, para brincar com ela ou subia no meu colo e dizia que era a vez dela estudar. Eu e minha mulher tamb\u00e9m sentimos um certo distanciamento, muitas vezes. <\/p>\n\n\n\n<p>Al\u00e9m disso, manter uma rotina utilizando todas as horas poss\u00edveis para estudar, desgasta fisicamente. Acabei abrindo m\u00e3o de muitas horas de sono. Estava quase sempre no meu limite de cansa\u00e7o.  <\/p>\n\n\n\n<p>Nesse tempo, acabei dormindo na mesa de estudos v\u00e1rias vezes. Estudei de p\u00e9 ou ajoelhado para n\u00e3o dormir.  <\/p>\n\n\n\n<p>Desistir nunca me passou pela cabe\u00e7a, visto que tinha muita coisa em jogo. Apesar de tudo isso, sabia que minha determina\u00e7\u00e3o me levaria a ser aprovado.<\/p>\n\n\n\n<p><strong>Estrat\u00e9gia: Qual foi sua principal motiva\u00e7\u00e3o? <\/strong> <\/p>\n\n\n\n<p><strong>Jo\u00e3o: <\/strong>Minha esposa e minha filha.<\/p>\n\n\n\n<p><strong>Estrat\u00e9gia: Por fim, o que voc\u00ea aconselharia a algu\u00e9m que est\u00e1 iniciando seus estudos para concurso. Deixe-nos sua mensagem para todos aqueles que um dia almejam chegar aonde voc\u00ea chegou!<\/strong><\/p>\n\n\n\n<p><strong>Jo\u00e3o: <\/strong>Estudar com seriedade \u00e9 um desafio enorme. Nem todo mundo se d\u00e1 conta disso. Apesar de n\u00e3o ter muitas horas para estudar, eu mantive uma regularidade que permitiu a mim chegar a um n\u00edvel suficiente de conhecimento.  <\/p>\n\n\n\n<p>Uma frase muito dita pelo professor Ricardo Vale nunca sa\u00eda da minha cabe\u00e7a: \u201cO SEGREDO DO SUCESSO \u00c9 A CONST\u00c2NCIA NO OBJETIVO.\u201d  <\/p>\n\n\n\n<p>Fiquei apavorado com dois concursos, em que fiquei fora das vagas: SEFAZ Goi\u00e1s e SEFAZ Santa Catarina. Logo viria SEFAZ RS, meu maior objetivo! N\u00e3o poderia deixar isso acontecer novamente.  Cada reprova\u00e7\u00e3o traz um ensinamento importante.  <\/p>\n\n\n\n<p>Gra\u00e7as a Deus alcancei meu objetivo e desejo que cada pessoa que leia isso tudo, alcance tamb\u00e9m. Se eu consegui, quer dizer que qualquer pessoa pode conseguir. Sempre lia os depoimentos aqui no Estrat\u00e9gia e achava que nunca chegaria minha vez.  <\/p>\n\n\n\n<p>Esse depoimento de hoje j\u00e1 foi escrito mentalmente por mim h\u00e1 muito tempo e v\u00e1rias vezes. Agora ele est\u00e1 mais real do que nunca. Agrade\u00e7o muito ao Estrat\u00e9gia, ele foi fundamental na minha aprova\u00e7\u00e3o.<\/p>\n\n\n\n<p><strong>Confira outras entrevistas em:<\/strong><\/p>\n\n\n\n<p><a rel=\"noreferrer noopener\" href=\"https:\/\/www.estrategiaconcursos.com.br\/depoimentos\/\" target=\"_blank\">Depoimentos de Aprovados<\/a><\/p>\n\n\n\n<p><a rel=\"noreferrer noopener\" href=\"https:\/\/www.estrategiaconcursos.com.br\/cursos\/concurso\" target=\"_blank\">Cursos Online para Concursos<\/a><\/p>\n\n\n\n<p class=\"has-text-align-center\"><em><strong>Foi aprovado e deseja dividir com a gente e com outros concurseiros como foi sua trajet\u00f3ria at\u00e9 a aprova\u00e7\u00e3o?! Mande um e-mail para:&nbsp;<\/strong><\/em><strong>comunicacao@estrategiaconcursos.com.br<\/strong><\/p>\n\n\n\n<p>Abra\u00e7os,<\/p>\n\n\n\n<p>Tha\u00eds Mendes<\/p>\n\n\n<p><!--EndFragment--><\/p>\n<p><\/p>","protected":false},"excerpt":{"rendered":"<p>&nbsp; &#8220;Gra\u00e7as a Deus alcancei meu objetivo e desejo que cada pessoa que leia isso tudo, alcance tamb\u00e9m. Se eu consegui, quer dizer que qualquer pessoa pode conseguir. Sempre lia os depoimentos aqui no Estrat\u00e9gia e achava que nunca chegaria minha vez&#8221; Confira nossa entrevista com Jo\u00e3o Marcos Turchette Clerici, aprovado em 4\u00ba lugar no [&hellip;]<\/p>\n","protected":false},"author":1,"featured_media":177332,"comment_status":"open","ping_status":"closed","sticky":false,"template":"","format":"standard","meta":{"post_tipo":"news","footnotes":""},"categories":[1],"tags":[],"tax_estado":[],"class_list":["post-176862","post","type-post","status-publish","format-standard","has-post-thumbnail","hentry","category-cursos-e-concursos"],"acf":[],"yoast_head":"<!-- This site is optimized with the Yoast SEO Premium plugin v27.2 (Yoast SEO v27.2) - https:\/\/yoast.com\/product\/yoast-seo-premium-wordpress\/ -->\n<title>ENTREVISTA: Jo\u00e3o Marcos - Aprovado em 4\u00ba no concurso da SEFAZ RS para o cargo de Auditor-Fiscal da Receita Estadual<\/title>\n<meta name=\"description\" content=\"Confira nossa entrevista com Jo\u00e3o Marcos Turchette Clerici, aprovado em 4\u00ba lugar no concurso da SEFAZ RS para o cargo de Auditor Fiscal da Receita Estadual\" \/>\n<meta name=\"robots\" content=\"index, follow, max-snippet:-1, max-image-preview:large, max-video-preview:-1\" \/>\n<link rel=\"canonical\" href=\"https:\/\/www.estrategiaconcursos.com.br\/blog\/entrevista-joao-marcos-aprovado-no-concurso-da-sefaz-rs\/\" \/>\n<meta property=\"og:locale\" content=\"pt_BR\" \/>\n<meta property=\"og:type\" content=\"article\" \/>\n<meta property=\"og:title\" content=\"ENTREVISTA: Jo\u00e3o Marcos - Aprovado em 4\u00ba no concurso da SEFAZ RS para o cargo de Auditor-Fiscal da Receita Estadual\" \/>\n<meta property=\"og:description\" content=\"Confira nossa entrevista com Jo\u00e3o Marcos Turchette Clerici, aprovado em 4\u00ba lugar no concurso da SEFAZ RS para o cargo de Auditor Fiscal da Receita Estadual\" \/>\n<meta property=\"og:url\" content=\"https:\/\/www.estrategiaconcursos.com.br\/blog\/entrevista-joao-marcos-aprovado-no-concurso-da-sefaz-rs\/\" \/>\n<meta property=\"og:site_name\" content=\"Estrat\u00e9gia Concursos\" \/>\n<meta property=\"article:author\" content=\"https:\/\/www.facebook.com\/EstrategiaConcursos\" \/>\n<meta property=\"article:published_time\" content=\"2019-04-06T03:00:25+00:00\" \/>\n<meta property=\"article:modified_time\" content=\"2023-01-10T15:01:40+00:00\" \/>\n<meta property=\"og:image\" content=\"https:\/\/dhg1h5j42swfq.cloudfront.net\/2019\/04\/07180642\/Jo%C3%A3o-YT1.jpg\" \/>\n\t<meta property=\"og:image:width\" content=\"967\" \/>\n\t<meta property=\"og:image:height\" content=\"548\" \/>\n\t<meta property=\"og:image:type\" content=\"image\/jpeg\" \/>\n<meta name=\"author\" content=\"Coordena\u00e7\u00e3o\" \/>\n<meta name=\"twitter:card\" content=\"summary_large_image\" \/>\n<meta name=\"twitter:creator\" content=\"@EstratConcursos\" \/>\n<meta name=\"twitter:site\" content=\"@EstratConcursos\" \/>\n<meta name=\"twitter:label1\" content=\"Escrito por\" \/>\n\t<meta name=\"twitter:data1\" content=\"Coordena\u00e7\u00e3o\" \/>\n\t<meta name=\"twitter:label2\" content=\"Est. tempo de leitura\" \/>\n\t<meta name=\"twitter:data2\" content=\"8 minutos\" \/>\n<script type=\"application\/ld+json\" class=\"yoast-schema-graph\">{\"@context\":\"https:\/\/schema.org\",\"@graph\":[{\"@type\":\"NewsArticle\",\"@id\":\"https:\/\/www.estrategiaconcursos.com.br\/blog\/entrevista-joao-marcos-aprovado-no-concurso-da-sefaz-rs\/#article\",\"isPartOf\":{\"@id\":\"https:\/\/www.estrategiaconcursos.com.br\/blog\/entrevista-joao-marcos-aprovado-no-concurso-da-sefaz-rs\/\"},\"author\":{\"name\":\"Coordena\u00e7\u00e3o\",\"@id\":\"https:\/\/www.estrategiaconcursos.com.br\/blog\/#\/schema\/person\/b4a388c97673c5f483d72185668afa1f\"},\"headline\":\"ENTREVISTA: Jo\u00e3o Marcos &#8211; Aprovado em 4\u00ba no concurso da SEFAZ RS para o cargo de Auditor-Fiscal da Receita Estadual\",\"datePublished\":\"2019-04-06T03:00:25+00:00\",\"dateModified\":\"2023-01-10T15:01:40+00:00\",\"mainEntityOfPage\":{\"@id\":\"https:\/\/www.estrategiaconcursos.com.br\/blog\/entrevista-joao-marcos-aprovado-no-concurso-da-sefaz-rs\/\"},\"wordCount\":1630,\"commentCount\":3,\"publisher\":{\"@id\":\"https:\/\/www.estrategiaconcursos.com.br\/blog\/#organization\"},\"image\":{\"@id\":\"https:\/\/www.estrategiaconcursos.com.br\/blog\/entrevista-joao-marcos-aprovado-no-concurso-da-sefaz-rs\/#primaryimage\"},\"thumbnailUrl\":\"https:\/\/dhg1h5j42swfq.cloudfront.net\/2019\/04\/07180642\/Jo%C3%A3o-YT1.jpg\",\"articleSection\":[\"Concursos P\u00fablicos\"],\"inLanguage\":\"pt-BR\",\"potentialAction\":[{\"@type\":\"CommentAction\",\"name\":\"Comment\",\"target\":[\"https:\/\/www.estrategiaconcursos.com.br\/blog\/entrevista-joao-marcos-aprovado-no-concurso-da-sefaz-rs\/#respond\"]}],\"copyrightYear\":\"2019\",\"copyrightHolder\":{\"@id\":\"https:\/\/www.estrategiaconcursos.com.br\/blog\/#organization\"}},{\"@type\":\"WebPage\",\"@id\":\"https:\/\/www.estrategiaconcursos.com.br\/blog\/entrevista-joao-marcos-aprovado-no-concurso-da-sefaz-rs\/\",\"url\":\"https:\/\/www.estrategiaconcursos.com.br\/blog\/entrevista-joao-marcos-aprovado-no-concurso-da-sefaz-rs\/\",\"name\":\"ENTREVISTA: Jo\u00e3o Marcos - Aprovado em 4\u00ba no concurso da SEFAZ RS para o cargo de Auditor-Fiscal da Receita Estadual\",\"isPartOf\":{\"@id\":\"https:\/\/www.estrategiaconcursos.com.br\/blog\/#website\"},\"primaryImageOfPage\":{\"@id\":\"https:\/\/www.estrategiaconcursos.com.br\/blog\/entrevista-joao-marcos-aprovado-no-concurso-da-sefaz-rs\/#primaryimage\"},\"image\":{\"@id\":\"https:\/\/www.estrategiaconcursos.com.br\/blog\/entrevista-joao-marcos-aprovado-no-concurso-da-sefaz-rs\/#primaryimage\"},\"thumbnailUrl\":\"https:\/\/dhg1h5j42swfq.cloudfront.net\/2019\/04\/07180642\/Jo%C3%A3o-YT1.jpg\",\"datePublished\":\"2019-04-06T03:00:25+00:00\",\"dateModified\":\"2023-01-10T15:01:40+00:00\",\"description\":\"Confira nossa entrevista com Jo\u00e3o Marcos Turchette Clerici, aprovado em 4\u00ba lugar no concurso da SEFAZ RS para o cargo de Auditor Fiscal da Receita Estadual\",\"breadcrumb\":{\"@id\":\"https:\/\/www.estrategiaconcursos.com.br\/blog\/entrevista-joao-marcos-aprovado-no-concurso-da-sefaz-rs\/#breadcrumb\"},\"inLanguage\":\"pt-BR\",\"potentialAction\":[{\"@type\":\"ReadAction\",\"target\":[\"https:\/\/www.estrategiaconcursos.com.br\/blog\/entrevista-joao-marcos-aprovado-no-concurso-da-sefaz-rs\/\"]}]},{\"@type\":\"ImageObject\",\"inLanguage\":\"pt-BR\",\"@id\":\"https:\/\/www.estrategiaconcursos.com.br\/blog\/entrevista-joao-marcos-aprovado-no-concurso-da-sefaz-rs\/#primaryimage\",\"url\":\"https:\/\/dhg1h5j42swfq.cloudfront.net\/2019\/04\/07180642\/Jo%C3%A3o-YT1.jpg\",\"contentUrl\":\"https:\/\/dhg1h5j42swfq.cloudfront.net\/2019\/04\/07180642\/Jo%C3%A3o-YT1.jpg\",\"width\":967,\"height\":548},{\"@type\":\"BreadcrumbList\",\"@id\":\"https:\/\/www.estrategiaconcursos.com.br\/blog\/entrevista-joao-marcos-aprovado-no-concurso-da-sefaz-rs\/#breadcrumb\",\"itemListElement\":[{\"@type\":\"ListItem\",\"position\":1,\"name\":\"In\u00edcio\",\"item\":\"https:\/\/www.estrategiaconcursos.com.br\/blog\/\"},{\"@type\":\"ListItem\",\"position\":2,\"name\":\"ENTREVISTA: Jo\u00e3o Marcos &#8211; Aprovado em 4\u00ba no concurso da SEFAZ RS para o cargo de Auditor-Fiscal da Receita Estadual\"}]},{\"@type\":\"WebSite\",\"@id\":\"https:\/\/www.estrategiaconcursos.com.br\/blog\/#website\",\"url\":\"https:\/\/www.estrategiaconcursos.com.br\/blog\/\",\"name\":\"Estrat\u00e9gia Concursos\",\"description\":\"O blog da Estrat\u00e9gia Concursos traz not\u00edcias sobre concursos e artigos de professores oferecendo cursos para concursos (pdf + videaulas) no site.\",\"publisher\":{\"@id\":\"https:\/\/www.estrategiaconcursos.com.br\/blog\/#organization\"},\"potentialAction\":[{\"@type\":\"SearchAction\",\"target\":{\"@type\":\"EntryPoint\",\"urlTemplate\":\"https:\/\/www.estrategiaconcursos.com.br\/blog\/?s={search_term_string}\"},\"query-input\":{\"@type\":\"PropertyValueSpecification\",\"valueRequired\":true,\"valueName\":\"search_term_string\"}}],\"inLanguage\":\"pt-BR\"},{\"@type\":\"Organization\",\"@id\":\"https:\/\/www.estrategiaconcursos.com.br\/blog\/#organization\",\"name\":\"Estrat\u00e9gia Concursos\",\"url\":\"https:\/\/www.estrategiaconcursos.com.br\/blog\/\",\"logo\":{\"@type\":\"ImageObject\",\"inLanguage\":\"pt-BR\",\"@id\":\"https:\/\/www.estrategiaconcursos.com.br\/blog\/#\/schema\/logo\/image\/\",\"url\":\"https:\/\/dhg1h5j42swfq.cloudfront.net\/2025\/06\/03203428\/logo_concursos-1.jpg\",\"contentUrl\":\"https:\/\/dhg1h5j42swfq.cloudfront.net\/2025\/06\/03203428\/logo_concursos-1.jpg\",\"width\":230,\"height\":60,\"caption\":\"Estrat\u00e9gia Concursos\"},\"image\":{\"@id\":\"https:\/\/www.estrategiaconcursos.com.br\/blog\/#\/schema\/logo\/image\/\"},\"sameAs\":[\"https:\/\/x.com\/EstratConcursos\"]},{\"@type\":\"Person\",\"@id\":\"https:\/\/www.estrategiaconcursos.com.br\/blog\/#\/schema\/person\/b4a388c97673c5f483d72185668afa1f\",\"name\":\"Coordena\u00e7\u00e3o\",\"image\":{\"@type\":\"ImageObject\",\"inLanguage\":\"pt-BR\",\"@id\":\"https:\/\/secure.gravatar.com\/avatar\/b720319e4c9a967eb58678d110f4fe35452fc5d5f97b202bac7b8acceb18c6ad?s=96&d=mm&r=g\",\"url\":\"https:\/\/secure.gravatar.com\/avatar\/b720319e4c9a967eb58678d110f4fe35452fc5d5f97b202bac7b8acceb18c6ad?s=96&d=mm&r=g\",\"contentUrl\":\"https:\/\/secure.gravatar.com\/avatar\/b720319e4c9a967eb58678d110f4fe35452fc5d5f97b202bac7b8acceb18c6ad?s=96&d=mm&r=g\",\"caption\":\"Coordena\u00e7\u00e3o\"},\"sameAs\":[\"https:\/\/www.facebook.com\/EstrategiaConcursos\",\"https:\/\/x.com\/EstratConcursos\"],\"url\":\"https:\/\/www.estrategiaconcursos.com.br\/blog\/author\/estrategia2013\/\"}]}<\/script>\n<!-- \/ Yoast SEO Premium plugin. -->","yoast_head_json":{"title":"ENTREVISTA: Jo\u00e3o Marcos - Aprovado em 4\u00ba no concurso da SEFAZ RS para o cargo de Auditor-Fiscal da Receita Estadual","description":"Confira nossa entrevista com Jo\u00e3o Marcos Turchette Clerici, aprovado em 4\u00ba lugar no concurso da SEFAZ RS para o cargo de Auditor Fiscal da Receita Estadual","robots":{"index":"index","follow":"follow","max-snippet":"max-snippet:-1","max-image-preview":"max-image-preview:large","max-video-preview":"max-video-preview:-1"},"canonical":"https:\/\/www.estrategiaconcursos.com.br\/blog\/entrevista-joao-marcos-aprovado-no-concurso-da-sefaz-rs\/","og_locale":"pt_BR","og_type":"article","og_title":"ENTREVISTA: Jo\u00e3o Marcos - Aprovado em 4\u00ba no concurso da SEFAZ RS para o cargo de Auditor-Fiscal da Receita Estadual","og_description":"Confira nossa entrevista com Jo\u00e3o Marcos Turchette Clerici, aprovado em 4\u00ba lugar no concurso da SEFAZ RS para o cargo de Auditor Fiscal da Receita Estadual","og_url":"https:\/\/www.estrategiaconcursos.com.br\/blog\/entrevista-joao-marcos-aprovado-no-concurso-da-sefaz-rs\/","og_site_name":"Estrat\u00e9gia Concursos","article_author":"https:\/\/www.facebook.com\/EstrategiaConcursos","article_published_time":"2019-04-06T03:00:25+00:00","article_modified_time":"2023-01-10T15:01:40+00:00","og_image":[{"width":967,"height":548,"url":"https:\/\/dhg1h5j42swfq.cloudfront.net\/2019\/04\/07180642\/Jo%C3%A3o-YT1.jpg","type":"image\/jpeg"}],"author":"Coordena\u00e7\u00e3o","twitter_card":"summary_large_image","twitter_creator":"@EstratConcursos","twitter_site":"@EstratConcursos","twitter_misc":{"Escrito por":"Coordena\u00e7\u00e3o","Est. tempo de leitura":"8 minutos"},"schema":{"@context":"https:\/\/schema.org","@graph":[{"@type":"NewsArticle","@id":"https:\/\/www.estrategiaconcursos.com.br\/blog\/entrevista-joao-marcos-aprovado-no-concurso-da-sefaz-rs\/#article","isPartOf":{"@id":"https:\/\/www.estrategiaconcursos.com.br\/blog\/entrevista-joao-marcos-aprovado-no-concurso-da-sefaz-rs\/"},"author":{"name":"Coordena\u00e7\u00e3o","@id":"https:\/\/www.estrategiaconcursos.com.br\/blog\/#\/schema\/person\/b4a388c97673c5f483d72185668afa1f"},"headline":"ENTREVISTA: Jo\u00e3o Marcos &#8211; Aprovado em 4\u00ba no concurso da SEFAZ RS para o cargo de Auditor-Fiscal da Receita Estadual","datePublished":"2019-04-06T03:00:25+00:00","dateModified":"2023-01-10T15:01:40+00:00","mainEntityOfPage":{"@id":"https:\/\/www.estrategiaconcursos.com.br\/blog\/entrevista-joao-marcos-aprovado-no-concurso-da-sefaz-rs\/"},"wordCount":1630,"commentCount":3,"publisher":{"@id":"https:\/\/www.estrategiaconcursos.com.br\/blog\/#organization"},"image":{"@id":"https:\/\/www.estrategiaconcursos.com.br\/blog\/entrevista-joao-marcos-aprovado-no-concurso-da-sefaz-rs\/#primaryimage"},"thumbnailUrl":"https:\/\/dhg1h5j42swfq.cloudfront.net\/2019\/04\/07180642\/Jo%C3%A3o-YT1.jpg","articleSection":["Concursos P\u00fablicos"],"inLanguage":"pt-BR","potentialAction":[{"@type":"CommentAction","name":"Comment","target":["https:\/\/www.estrategiaconcursos.com.br\/blog\/entrevista-joao-marcos-aprovado-no-concurso-da-sefaz-rs\/#respond"]}],"copyrightYear":"2019","copyrightHolder":{"@id":"https:\/\/www.estrategiaconcursos.com.br\/blog\/#organization"}},{"@type":"WebPage","@id":"https:\/\/www.estrategiaconcursos.com.br\/blog\/entrevista-joao-marcos-aprovado-no-concurso-da-sefaz-rs\/","url":"https:\/\/www.estrategiaconcursos.com.br\/blog\/entrevista-joao-marcos-aprovado-no-concurso-da-sefaz-rs\/","name":"ENTREVISTA: Jo\u00e3o Marcos - Aprovado em 4\u00ba no concurso da SEFAZ RS para o cargo de Auditor-Fiscal da Receita Estadual","isPartOf":{"@id":"https:\/\/www.estrategiaconcursos.com.br\/blog\/#website"},"primaryImageOfPage":{"@id":"https:\/\/www.estrategiaconcursos.com.br\/blog\/entrevista-joao-marcos-aprovado-no-concurso-da-sefaz-rs\/#primaryimage"},"image":{"@id":"https:\/\/www.estrategiaconcursos.com.br\/blog\/entrevista-joao-marcos-aprovado-no-concurso-da-sefaz-rs\/#primaryimage"},"thumbnailUrl":"https:\/\/dhg1h5j42swfq.cloudfront.net\/2019\/04\/07180642\/Jo%C3%A3o-YT1.jpg","datePublished":"2019-04-06T03:00:25+00:00","dateModified":"2023-01-10T15:01:40+00:00","description":"Confira nossa entrevista com Jo\u00e3o Marcos Turchette Clerici, aprovado em 4\u00ba lugar no concurso da SEFAZ RS para o cargo de Auditor Fiscal da Receita Estadual","breadcrumb":{"@id":"https:\/\/www.estrategiaconcursos.com.br\/blog\/entrevista-joao-marcos-aprovado-no-concurso-da-sefaz-rs\/#breadcrumb"},"inLanguage":"pt-BR","potentialAction":[{"@type":"ReadAction","target":["https:\/\/www.estrategiaconcursos.com.br\/blog\/entrevista-joao-marcos-aprovado-no-concurso-da-sefaz-rs\/"]}]},{"@type":"ImageObject","inLanguage":"pt-BR","@id":"https:\/\/www.estrategiaconcursos.com.br\/blog\/entrevista-joao-marcos-aprovado-no-concurso-da-sefaz-rs\/#primaryimage","url":"https:\/\/dhg1h5j42swfq.cloudfront.net\/2019\/04\/07180642\/Jo%C3%A3o-YT1.jpg","contentUrl":"https:\/\/dhg1h5j42swfq.cloudfront.net\/2019\/04\/07180642\/Jo%C3%A3o-YT1.jpg","width":967,"height":548},{"@type":"BreadcrumbList","@id":"https:\/\/www.estrategiaconcursos.com.br\/blog\/entrevista-joao-marcos-aprovado-no-concurso-da-sefaz-rs\/#breadcrumb","itemListElement":[{"@type":"ListItem","position":1,"name":"In\u00edcio","item":"https:\/\/www.estrategiaconcursos.com.br\/blog\/"},{"@type":"ListItem","position":2,"name":"ENTREVISTA: Jo\u00e3o Marcos &#8211; Aprovado em 4\u00ba no concurso da SEFAZ RS para o cargo de Auditor-Fiscal da Receita Estadual"}]},{"@type":"WebSite","@id":"https:\/\/www.estrategiaconcursos.com.br\/blog\/#website","url":"https:\/\/www.estrategiaconcursos.com.br\/blog\/","name":"Estrat\u00e9gia Concursos","description":"O blog da Estrat\u00e9gia Concursos traz not\u00edcias sobre concursos e artigos de professores oferecendo cursos para concursos (pdf + videaulas) no site.","publisher":{"@id":"https:\/\/www.estrategiaconcursos.com.br\/blog\/#organization"},"potentialAction":[{"@type":"SearchAction","target":{"@type":"EntryPoint","urlTemplate":"https:\/\/www.estrategiaconcursos.com.br\/blog\/?s={search_term_string}"},"query-input":{"@type":"PropertyValueSpecification","valueRequired":true,"valueName":"search_term_string"}}],"inLanguage":"pt-BR"},{"@type":"Organization","@id":"https:\/\/www.estrategiaconcursos.com.br\/blog\/#organization","name":"Estrat\u00e9gia Concursos","url":"https:\/\/www.estrategiaconcursos.com.br\/blog\/","logo":{"@type":"ImageObject","inLanguage":"pt-BR","@id":"https:\/\/www.estrategiaconcursos.com.br\/blog\/#\/schema\/logo\/image\/","url":"https:\/\/dhg1h5j42swfq.cloudfront.net\/2025\/06\/03203428\/logo_concursos-1.jpg","contentUrl":"https:\/\/dhg1h5j42swfq.cloudfront.net\/2025\/06\/03203428\/logo_concursos-1.jpg","width":230,"height":60,"caption":"Estrat\u00e9gia Concursos"},"image":{"@id":"https:\/\/www.estrategiaconcursos.com.br\/blog\/#\/schema\/logo\/image\/"},"sameAs":["https:\/\/x.com\/EstratConcursos"]},{"@type":"Person","@id":"https:\/\/www.estrategiaconcursos.com.br\/blog\/#\/schema\/person\/b4a388c97673c5f483d72185668afa1f","name":"Coordena\u00e7\u00e3o","image":{"@type":"ImageObject","inLanguage":"pt-BR","@id":"https:\/\/secure.gravatar.com\/avatar\/b720319e4c9a967eb58678d110f4fe35452fc5d5f97b202bac7b8acceb18c6ad?s=96&d=mm&r=g","url":"https:\/\/secure.gravatar.com\/avatar\/b720319e4c9a967eb58678d110f4fe35452fc5d5f97b202bac7b8acceb18c6ad?s=96&d=mm&r=g","contentUrl":"https:\/\/secure.gravatar.com\/avatar\/b720319e4c9a967eb58678d110f4fe35452fc5d5f97b202bac7b8acceb18c6ad?s=96&d=mm&r=g","caption":"Coordena\u00e7\u00e3o"},"sameAs":["https:\/\/www.facebook.com\/EstrategiaConcursos","https:\/\/x.com\/EstratConcursos"],"url":"https:\/\/www.estrategiaconcursos.com.br\/blog\/author\/estrategia2013\/"}]}},"_links":{"self":[{"href":"https:\/\/www.estrategiaconcursos.com.br\/blog\/wp-json\/wp\/v2\/posts\/176862","targetHints":{"allow":["GET"]}}],"collection":[{"href":"https:\/\/www.estrategiaconcursos.com.br\/blog\/wp-json\/wp\/v2\/posts"}],"about":[{"href":"https:\/\/www.estrategiaconcursos.com.br\/blog\/wp-json\/wp\/v2\/types\/post"}],"author":[{"embeddable":true,"href":"https:\/\/www.estrategiaconcursos.com.br\/blog\/wp-json\/wp\/v2\/users\/1"}],"replies":[{"embeddable":true,"href":"https:\/\/www.estrategiaconcursos.com.br\/blog\/wp-json\/wp\/v2\/comments?post=176862"}],"version-history":[{"count":5,"href":"https:\/\/www.estrategiaconcursos.com.br\/blog\/wp-json\/wp\/v2\/posts\/176862\/revisions"}],"predecessor-version":[{"id":1150224,"href":"https:\/\/www.estrategiaconcursos.com.br\/blog\/wp-json\/wp\/v2\/posts\/176862\/revisions\/1150224"}],"wp:featuredmedia":[{"embeddable":true,"href":"https:\/\/www.estrategiaconcursos.com.br\/blog\/wp-json\/wp\/v2\/media\/177332"}],"wp:attachment":[{"href":"https:\/\/www.estrategiaconcursos.com.br\/blog\/wp-json\/wp\/v2\/media?parent=176862"}],"wp:term":[{"taxonomy":"category","embeddable":true,"href":"https:\/\/www.estrategiaconcursos.com.br\/blog\/wp-json\/wp\/v2\/categories?post=176862"},{"taxonomy":"post_tag","embeddable":true,"href":"https:\/\/www.estrategiaconcursos.com.br\/blog\/wp-json\/wp\/v2\/tags?post=176862"},{"taxonomy":"tax_estado","embeddable":true,"href":"https:\/\/www.estrategiaconcursos.com.br\/blog\/wp-json\/wp\/v2\/tax_estado?post=176862"}],"curies":[{"name":"wp","href":"https:\/\/api.w.org\/{rel}","templated":true}]}}