{"id":1764086,"date":"2026-07-13T14:18:00","date_gmt":"2026-07-13T17:18:00","guid":{"rendered":"https:\/\/blog-estrategia.mystagingwebsite.com\/blog\/?p=1764086"},"modified":"2026-07-13T14:54:41","modified_gmt":"2026-07-13T17:54:41","slug":"concurso-camara-de-princesa-isabel","status":"publish","type":"post","link":"https:\/\/www.estrategiaconcursos.com.br\/blog\/concurso-camara-de-princesa-isabel\/","title":{"rendered":"Concurso C\u00e2mara de Princesa Isabel: veja o gabarito!"},"content":{"rendered":"\n<p class=\"wp-block-paragraph\">Foi publicado o <strong>gabarito preliminar parcial do<\/strong> <strong>Concurso C\u00e2mara de Princesa Isabel<\/strong>, na Para\u00edba. Lembrando que as provas foram aplicadas no dia 12 de julho.<\/p>\n\n\n\n<ul class=\"wp-block-list\">\n<li><a href=\"https:\/\/funvapi.com.br\/index.php\/2026\/05\/22\/camara-municipal-de-princesa-isabel-pb\/\" target=\"_blank\" rel=\"noreferrer noopener\">Gabarito preliminar parcial<\/a><\/li>\n<\/ul>\n\n\n\n<p class=\"wp-block-paragraph\">Agora, os candidatos poder\u00e3o interpor recursos entre os dias 14 e 15 de julho, atrav\u00e9s do site da banca organizadora, a FUNVAPI.<\/p>\n\n\n\n<p class=\"wp-block-paragraph\">Ao todo, s\u00e3o contempladas <strong>9 vagas <\/strong>para cargos de n\u00edveis<strong> fundamental e superior de escolaridade<\/strong>.<\/p>\n\n\n\n<p class=\"wp-block-paragraph\">J\u00e1 as remunera\u00e7\u00f5es variam de <strong>R$ 1.621,00 a R$ 3.000,00<\/strong>, a depender da fun\u00e7\u00e3o escolhida. Os futuros aprovados ter\u00e3o que cumprir jornadas de at\u00e9 40 horas semanais. <\/p>\n\n\n\n<ul class=\"wp-block-list has-very-light-gray-to-cyan-bluish-gray-gradient-background has-background\">\n<li><strong>C\u00e2mara de Princesa Isabel<\/strong> <strong>&#8211; PB<\/strong><\/li>\n\n\n\n<li><strong>Status:<\/strong> em andamento<\/li>\n\n\n\n<li><strong>Banca:<\/strong> <a href=\"https:\/\/funvapi.com.br\/index.php\/2026\/05\/22\/camara-municipal-de-princesa-isabel-pb\/\" target=\"_blank\" rel=\"noreferrer noopener\">FUNVAPI<\/a><\/li>\n\n\n\n<li><strong>Vagas:<\/strong> 9<\/li>\n\n\n\n<li><strong>Sal\u00e1rio inicial:<\/strong> R$ 1.621,00 a R$ 3.000,00<\/li>\n\n\n\n<li><strong>Edital:<\/strong> <a href=\"https:\/\/dhg1h5j42swfq.cloudfront.net\/2026\/05\/25104215\/edital-de-concurso-publico-princesa-isabel-sem-marca-dagua.pdf\" target=\"_blank\" rel=\"noreferrer noopener\">CM C\u00e2mara de Princesa Isabel 2026<\/a><\/li>\n<\/ul>\n\n\n\n<p class=\"wp-block-paragraph\">A fim de te deixar sempre bem informado, elaboramos este artigo com as principais informa\u00e7\u00f5es e novidades sobre o concurso. Acompanhe os t\u00f3picos abaixo e n\u00e3o perca nenhum detalhe:<\/p>\n\n\n\n<ul id=\"indice\" class=\"wp-block-list\">\n<li><a href=\"#datas\">Principais datas<\/a><\/li>\n\n\n\n<li><a href=\"#cargos-vagas\">Cargo e vagas<\/a><\/li>\n\n\n\n<li><a href=\"#etapas\">Etapas e provas<\/a><\/li>\n\n\n\n<li><a href=\"#cursos\">Cursos e assinaturas<\/a><\/li>\n\n\n\n<li><a href=\"#ficha\">Ficha t\u00e9cnica<\/a><\/li>\n<\/ul>\n\n\n\n<div class=\"container\" id=\"boxes\">\n  <div class=\"row\">\n\n    <div class=\"col-sm\">\n      <div class=\"banner-camaras\" id=\"box-assinatura\">\n        <h3 class=\"titulo-assinatura\">C\u00e2mara de Santo Ant\u00f4nio de Posse<\/h3>\n        <p class=\"subtitulo-assinatura\">Conhe\u00e7a os cursos<\/p>\n        <div class=\"box-botao\">\n          <a class=\"btn-assinatura\" target=\"_blank\" href=\"https:\/\/www.estrategiaconcursos.com.br\/blog\/pesquisa\/?q=C%C3%A2mara+de+Princesa+Isabel\" role=\"button\" rel=\"noopener noreferrer\">Saiba mais<\/a>\n        <\/div>\n      <\/div>\n     \n    <\/div>\n\n  <\/div>\n<\/div>\n\n\n\n<h2 id=\"datas\" class=\"wp-block-heading\"><strong>Principais datas do concurso Concurso C\u00e2mara de Princesa Isabel<\/strong><\/h2>\n\n\n\n<ul class=\"wp-block-list\">\n<li><strong>Inscri\u00e7\u00f5es<\/strong>:<s> 27\/05 a 29\/06<\/s><\/li>\n\n\n\n<li><strong>Isen\u00e7\u00e3o da taxa<\/strong>:<s> 27 a 28\/05<\/s><\/li>\n\n\n\n<li><strong>\u00daltimo dia para pagamento<\/strong>:<s> at\u00e9 30\/06<\/s><\/li>\n\n\n\n<li><strong>Prova<\/strong>: <s>12\/07<\/s><\/li>\n<\/ul>\n\n\n\n<h2 id=\"cargos-vagas\" class=\"wp-block-heading\"><strong>Cargos e vagas do Concurso C\u00e2mara de Princesa Isabel <\/strong><\/h2>\n\n\n\n<figure class=\"wp-block-table is-style-stripes\"><table class=\"has-fixed-layout\"><thead><tr><th class=\"has-text-align-center\" data-align=\"center\">Cargos<\/th><th class=\"has-text-align-center\" data-align=\"center\">N\u00edvel<\/th><th class=\"has-text-align-center\" data-align=\"center\">Vagas<\/th><th class=\"has-text-align-center\" data-align=\"center\">Sal\u00e1rio (R$)<\/th><th class=\"has-text-align-center\" data-align=\"center\">Requisitos-chave<\/th><\/tr><\/thead><tbody><tr><td class=\"has-text-align-center\" data-align=\"center\">Agente de comunica\u00e7\u00e3o<\/td><td class=\"has-text-align-center\" data-align=\"center\">superior<\/td><td class=\"has-text-align-center\" data-align=\"center\">2 (1 AC + 1 PCD)<\/td><td class=\"has-text-align-center\" data-align=\"center\">2.500<\/td><td class=\"has-text-align-center\" data-align=\"center\">Gradua\u00e7\u00e3o em Comunica\u00e7\u00e3o Social, Publicidade e Propaganda ou RP (MEC) + 5 anos de experi\u00eancia em \u00f3rg\u00e3os\/entidades p\u00fablicas de comunica\u00e7\u00e3o institucional<\/td><\/tr><tr><td class=\"has-text-align-center\" data-align=\"center\">Analista legislativo<\/td><td class=\"has-text-align-center\" data-align=\"center\">superior<\/td><td class=\"has-text-align-center\" data-align=\"center\">1<\/td><td class=\"has-text-align-center\" data-align=\"center\">3.000<\/td><td class=\"has-text-align-center\" data-align=\"center\">Bacharel em Direito + OAB + 5 anos ininterruptos em \u00f3rg\u00e3os\/entidades p\u00fablicas<\/td><\/tr><tr><td class=\"has-text-align-center\" data-align=\"center\">Controlador interno<\/td><td class=\"has-text-align-center\" data-align=\"center\">superior<\/td><td class=\"has-text-align-center\" data-align=\"center\">CR<\/td><td class=\"has-text-align-center\" data-align=\"center\">3.000<\/td><td class=\"has-text-align-center\" data-align=\"center\">Gradua\u00e7\u00e3o (qualquer \u00e1rea, MEC) + 5 anos ininterruptos em \u00f3rg\u00e3os\/entidades p\u00fablicas nas \u00e1reas de controladoria, contabilidade, finan\u00e7as, or\u00e7amento, patrim\u00f4nio, fiscaliza\u00e7\u00e3o, contratos ou RH<\/td><\/tr><tr><td class=\"has-text-align-center\" data-align=\"center\">T\u00e9cnico legislativo<\/td><td class=\"has-text-align-center\" data-align=\"center\">superior<\/td><td class=\"has-text-align-center\" data-align=\"center\">1<\/td><td class=\"has-text-align-center\" data-align=\"center\">2.500<\/td><td class=\"has-text-align-center\" data-align=\"center\">Ensino superior completo<\/td><\/tr><tr><td class=\"has-text-align-center\" data-align=\"center\">Copeiro(a)<\/td><td class=\"has-text-align-center\" data-align=\"center\">fundamental<\/td><td class=\"has-text-align-center\" data-align=\"center\">2 (1 AC + 1 PCD)<\/td><td class=\"has-text-align-center\" data-align=\"center\">1.621<\/td><td class=\"has-text-align-center\" data-align=\"center\">Ensino fundamental<\/td><\/tr><tr><td class=\"has-text-align-center\" data-align=\"center\">Recepcionista<\/td><td class=\"has-text-align-center\" data-align=\"center\">fundamental<\/td><td class=\"has-text-align-center\" data-align=\"center\">1<\/td><td class=\"has-text-align-center\" data-align=\"center\">1.621<\/td><td class=\"has-text-align-center\" data-align=\"center\">Ensino fundamental<\/td><\/tr><tr><td class=\"has-text-align-center\" data-align=\"center\">Vigia<\/td><td class=\"has-text-align-center\" data-align=\"center\">fundamental<\/td><td class=\"has-text-align-center\" data-align=\"center\">2 (1 AC + 1 PCD)<\/td><td class=\"has-text-align-center\" data-align=\"center\">1.621<\/td><td class=\"has-text-align-center\" data-align=\"center\">Ensino fundamental<\/td><\/tr><\/tbody><\/table><\/figure>\n\n\n\n<h2 id=\"etapas\" class=\"wp-block-heading\"><strong>Etapas e provas do <\/strong><strong>Concurso C\u00e2mara de Princesa Isabel<\/strong><\/h2>\n\n\n\n<p class=\"wp-block-paragraph\">A sele\u00e7\u00e3o foi composta por <strong>prova objetiva de m\u00faltipla escolha para todos os cargos<\/strong>.<\/p>\n\n\n\n<h3 id=\"h-prova-objetiva\" class=\"wp-block-heading\">Prova objetiva<\/h3>\n\n\n\n<p class=\"wp-block-paragraph\">A etapa consistiu de <strong>40 quest\u00f5es<\/strong>, com quatro alternativas (<strong>A, B, C e D<\/strong>), sendo uma s\u00f3 correta.<\/p>\n\n\n\n<figure class=\"wp-block-image aligncenter size-full\"><img loading=\"lazy\" decoding=\"async\" width=\"888\" height=\"538\" src=\"https:\/\/dhg1h5j42swfq.cloudfront.net\/2026\/05\/25105613\/captura-de-tela-2026-05-25-105557.png\" alt=\"Concurso C\u00e2mara de Princesa Isabel: 9 vagas\" class=\"wp-image-1764101\" srcset=\"https:\/\/dhg1h5j42swfq.cloudfront.net\/2026\/05\/25105613\/captura-de-tela-2026-05-25-105557.png 888w, https:\/\/dhg1h5j42swfq.cloudfront.net\/2026\/05\/25105613\/captura-de-tela-2026-05-25-105557-300x182.png 300w, https:\/\/dhg1h5j42swfq.cloudfront.net\/2026\/05\/25105613\/captura-de-tela-2026-05-25-105557-768x465.png 768w, https:\/\/dhg1h5j42swfq.cloudfront.net\/2026\/05\/25105613\/captura-de-tela-2026-05-25-105557-150x91.png 150w\" sizes=\"auto, (max-width: 888px) 100vw, 888px\" \/><\/figure>\n\n\n\n<hr class=\"wp-block-separator has-css-opacity\"\/>\n\n\n\n<p class=\"has-text-align-center wp-block-paragraph\" id=\"h-quer-saber-tudo-sobre-concursos-previstos-confira-nossos-artigos\" style=\"font-size:clamp(17.371px, 1.086rem + ((1vw - 3.2px) * 0.944), 27px);\"><strong>Quer saber tudo sobre concursos previstos?<br \/>Confira nossos artigos!<\/strong><\/p>\n\n\n\n<ul class=\"wp-block-list\">\n<li><a href=\"https:\/\/www.estrategiaconcursos.com.br\/blog\/concursos-abertos\/\" target=\"_blank\" rel=\"noreferrer noopener\">Concursos abertos<\/a><\/li>\n\n\n\n<li><a href=\"https:\/\/www.estrategiaconcursos.com.br\/blog\/concursos-2026\/\" target=\"_blank\" rel=\"noreferrer noopener\">Concursos 2026<\/a><\/li>\n\n\n\n<li><a href=\"https:\/\/www.estrategiaconcursos.com.br\/blog\/concursos-2027\/\" target=\"_blank\" rel=\"noreferrer noopener\">Concursos 2027<\/a><\/li>\n\n\n\n<li><a href=\"https:\/\/www.estrategiaconcursos.com.br\/blog\/concursos-camaras-municipais\/\" target=\"_blank\" rel=\"noreferrer noopener\">Concursos C\u00e2maras<\/a><\/li>\n<\/ul>\n\n\n\n<p class=\"has-text-align-center wp-block-paragraph\" id=\"cursos\" style=\"font-size:clamp(17.371px, 1.086rem + ((1vw - 3.2px) * 0.944), 27px);\"><strong>Quer estudar para o concurso da C\u00e2mara Municipal?<\/strong><\/p>\n\n\n\n<div class=\"container\" id=\"boxes\">\r\n  <div class=\"row\">\r\n\r\n    <div class=\"col-sm\">\r\n      <div class=\"banner-camaras\" id=\"box-assinatura\">\r\n        <h3 class=\"titulo-assinatura\">C\u00e2mara de Santo Ant\u00f4nio de Posse<\/h3>\r\n        <p class=\"subtitulo-assinatura\">Conhe\u00e7a os cursos<\/p>\r\n        <div class=\"box-botao\">\r\n          <a class=\"btn-assinatura\" target=\"_blank\" href=\"https:\/\/www.estrategiaconcursos.com.br\/blog\/pesquisa\/?q=C%C3%A2mara+de+Princesa+Isabel\" role=\"button\" rel=\"noopener noreferrer\">Saiba mais<\/a>\r\n        <\/div>\r\n      <\/div>\r\n     \r\n    <\/div>\r\n\r\n  <\/div>\r\n<\/div>\n\n\n\n<div class=\"container\" id=\"boxes\">\n  <div class=\"row\">\n\n    <div class=\"col-sm\">\n      <div class=\"estrategia\" id=\"box-assinatura\">\n        <h3 class=\"titulo-assinatura\">Assinatura Concursos<\/h3>\n        <p class=\"subtitulo-assinatura\">Assinatura de 1 ano ou 2 anos<\/p>\n        <div class=\"box-botao\">\n          <a class=\"btn-assinatura\" target=\"_blank\" href=\"https:\/\/www.estrategiaconcursos.com.br\/blog\/assinaturas\/\" role=\"button\" rel=\"noopener noreferrer\">ASSINE AGORA<\/a>\n        <\/div>\n      <\/div><\/div><\/div><\/div>\n\n\n\n<figure class=\"wp-block-image size-large is-resized\"><img loading=\"lazy\" decoding=\"async\" width=\"1024\" height=\"632\" src=\"https:\/\/www.estrategiaconcursos.com.br\/blog\/wp-content\/uploads\/2025\/06\/ficha-tecnica-1-1024x632.png\" alt=\"Informa\u00e7\u00f5es do Concurso C\u00e2mara de Princesa Isabel - PB\" class=\"wp-image-702728\" style=\"aspect-ratio:1.620253164556962;width:282px;height:auto\" srcset=\"https:\/\/dhg1h5j42swfq.cloudfront.net\/2025\/06\/27101122\/ficha-tecnica-1-1024x632.png 1024w, https:\/\/dhg1h5j42swfq.cloudfront.net\/2025\/06\/27101122\/ficha-tecnica-1-300x185.png 300w, https:\/\/dhg1h5j42swfq.cloudfront.net\/2025\/06\/27101122\/ficha-tecnica-1-768x474.png 768w, https:\/\/dhg1h5j42swfq.cloudfront.net\/2025\/06\/27101122\/ficha-tecnica-1-1536x948.png 1536w, https:\/\/dhg1h5j42swfq.cloudfront.net\/2025\/06\/27101122\/ficha-tecnica-1-610x377.png 610w, https:\/\/dhg1h5j42swfq.cloudfront.net\/2025\/06\/27101122\/ficha-tecnica-1.png 1571w\" sizes=\"auto, (max-width: 1024px) 100vw, 1024px\" \/><\/figure>\n\n\n\n<h3 id=\"ficha\" class=\"wp-block-heading\">Informa\u00e7\u00f5es do Concurso C\u00e2mara de Princesa Isabel &#8211; PB<\/h3>\n\n\n\n<ul class=\"wp-block-list\">\n<li><strong>Provas<\/strong>: <s>12\/07\/2026<\/s><\/li>\n\n\n\n<li><strong>Vagas<\/strong>: 9<\/li>\n\n\n\n<li><strong>Cargos<\/strong>: diversos<\/li>\n\n\n\n<li><strong>Banca<\/strong>: FUNVAPI<\/li>\n\n\n\n<li><strong>Escolaridade<\/strong>: n\u00edveis fundamental e superior<\/li>\n\n\n\n<li><strong>Edital:<\/strong> <a href=\"https:\/\/dhg1h5j42swfq.cloudfront.net\/2026\/05\/25104215\/edital-de-concurso-publico-princesa-isabel-sem-marca-dagua.pdf\" target=\"_blank\" rel=\"noreferrer noopener\">CM C\u00e2mara de Princesa Isabel 2026<\/a><\/li>\n<\/ul>\n","protected":false},"excerpt":{"rendered":"<p>Foi publicado o gabarito preliminar parcial do Concurso C\u00e2mara de Princesa Isabel, na Para\u00edba. Lembrando que as provas foram aplicadas no dia 12 de julho. Agora, os candidatos poder\u00e3o interpor recursos entre os dias 14 e 15 de julho, atrav\u00e9s do site da banca organizadora, a FUNVAPI. Ao todo, s\u00e3o contempladas 9 vagas para cargos [&hellip;]<\/p>\n","protected":false},"author":2018,"featured_media":1096074,"comment_status":"open","ping_status":"closed","sticky":false,"template":"","format":"standard","meta":{"_acf_changed":false,"post_tipo":"news_page","footnotes":""},"categories":[2017],"tags":[],"tax_estado":[219978],"class_list":["post-1764086","post","type-post","status-publish","format-standard","has-post-thumbnail","hentry","category-concursos-legislativos","tax_estado-pb"],"acf":[],"yoast_head":"<!-- This site is optimized with the Yoast SEO Premium plugin v28.1 (Yoast SEO v28.1) - https:\/\/yoast.com\/product\/yoast-seo-premium-wordpress\/ -->\n<title>Concurso C\u00e2mara de Princesa Isabel: veja o gabarito!<\/title>\n<meta name=\"description\" content=\"Concurso C\u00e2mara de Princesa Isabel: provas aplicadas e gabaritos preliminares publicados! O edital oferece vagas imediatas e em CR.\" \/>\n<meta name=\"robots\" content=\"index, follow, max-snippet:-1, max-image-preview:large, max-video-preview:-1\" \/>\n<link rel=\"canonical\" href=\"https:\/\/www.estrategiaconcursos.com.br\/blog\/concurso-camara-de-princesa-isabel\/\" \/>\n<meta property=\"og:locale\" content=\"pt_BR\" \/>\n<meta property=\"og:type\" content=\"article\" \/>\n<meta property=\"og:title\" content=\"Concurso C\u00e2mara de Princesa Isabel: veja o gabarito!\" \/>\n<meta property=\"og:description\" content=\"Concurso C\u00e2mara de Princesa Isabel: provas aplicadas e gabaritos preliminares publicados! O edital oferece vagas imediatas e em CR.\" \/>\n<meta property=\"og:url\" content=\"https:\/\/www.estrategiaconcursos.com.br\/blog\/concurso-camara-de-princesa-isabel\/\" \/>\n<meta property=\"og:site_name\" content=\"Estrat\u00e9gia Concursos\" \/>\n<meta property=\"article:published_time\" content=\"2026-07-13T17:18:00+00:00\" \/>\n<meta property=\"article:modified_time\" content=\"2026-07-13T17:54:41+00:00\" \/>\n<meta property=\"og:image\" content=\"https:\/\/dhg1h5j42swfq.cloudfront.net\/2022\/09\/16121343\/concursos-camaras.jpg\" \/>\n\t<meta property=\"og:image:width\" content=\"768\" \/>\n\t<meta property=\"og:image:height\" content=\"432\" \/>\n\t<meta property=\"og:image:type\" content=\"image\/jpeg\" \/>\n<meta name=\"author\" content=\"B\u00e1rbara Carvalho Santos\" \/>\n<meta name=\"twitter:card\" content=\"summary_large_image\" \/>\n<meta name=\"twitter:creator\" content=\"@EstratConcursos\" \/>\n<meta name=\"twitter:site\" content=\"@EstratConcursos\" \/>\n<meta name=\"twitter:label1\" content=\"Escrito por\" \/>\n\t<meta name=\"twitter:data1\" content=\"B\u00e1rbara Carvalho Santos\" \/>\n\t<meta name=\"twitter:label2\" content=\"Est. tempo de leitura\" \/>\n\t<meta name=\"twitter:data2\" content=\"2 minutos\" \/>\n<script type=\"application\/ld+json\" class=\"yoast-schema-graph\">{\"@context\":\"https:\\\/\\\/schema.org\",\"@graph\":[{\"@type\":\"NewsArticle\",\"@id\":\"https:\\\/\\\/www.estrategiaconcursos.com.br\\\/blog\\\/concurso-camara-de-princesa-isabel\\\/#article\",\"isPartOf\":{\"@id\":\"https:\\\/\\\/www.estrategiaconcursos.com.br\\\/blog\\\/concurso-camara-de-princesa-isabel\\\/\"},\"author\":{\"name\":\"B\u00e1rbara Carvalho Santos\",\"@id\":\"https:\\\/\\\/blog-estrategia.mystagingwebsite.com\\\/#\\\/schema\\\/person\\\/e3882259fa157d54c44c21f4ee4e0e60\"},\"headline\":\"Concurso C\u00e2mara de Princesa Isabel: veja o gabarito!\",\"datePublished\":\"2026-07-13T17:18:00+00:00\",\"dateModified\":\"2026-07-13T17:54:41+00:00\",\"mainEntityOfPage\":{\"@id\":\"https:\\\/\\\/www.estrategiaconcursos.com.br\\\/blog\\\/concurso-camara-de-princesa-isabel\\\/\"},\"wordCount\":460,\"commentCount\":0,\"publisher\":{\"@id\":\"https:\\\/\\\/blog-estrategia.mystagingwebsite.com\\\/#organization\"},\"image\":{\"@id\":\"https:\\\/\\\/www.estrategiaconcursos.com.br\\\/blog\\\/concurso-camara-de-princesa-isabel\\\/#primaryimage\"},\"thumbnailUrl\":\"https:\\\/\\\/dhg1h5j42swfq.cloudfront.net\\\/2022\\\/09\\\/16121343\\\/concursos-camaras.jpg\",\"articleSection\":[\"Legislativo\"],\"inLanguage\":\"pt-BR\",\"potentialAction\":[{\"@type\":\"CommentAction\",\"name\":\"Comment\",\"target\":[\"https:\\\/\\\/www.estrategiaconcursos.com.br\\\/blog\\\/concurso-camara-de-princesa-isabel\\\/#respond\"]}],\"copyrightYear\":\"2026\",\"copyrightHolder\":{\"@id\":\"https:\\\/\\\/www.estrategiaconcursos.com.br\\\/blog\\\/#organization\"}},{\"@type\":\"WebPage\",\"@id\":\"https:\\\/\\\/www.estrategiaconcursos.com.br\\\/blog\\\/concurso-camara-de-princesa-isabel\\\/\",\"url\":\"https:\\\/\\\/www.estrategiaconcursos.com.br\\\/blog\\\/concurso-camara-de-princesa-isabel\\\/\",\"name\":\"Concurso C\u00e2mara de Princesa Isabel: veja o gabarito!\",\"isPartOf\":{\"@id\":\"https:\\\/\\\/blog-estrategia.mystagingwebsite.com\\\/#website\"},\"primaryImageOfPage\":{\"@id\":\"https:\\\/\\\/www.estrategiaconcursos.com.br\\\/blog\\\/concurso-camara-de-princesa-isabel\\\/#primaryimage\"},\"image\":{\"@id\":\"https:\\\/\\\/www.estrategiaconcursos.com.br\\\/blog\\\/concurso-camara-de-princesa-isabel\\\/#primaryimage\"},\"thumbnailUrl\":\"https:\\\/\\\/dhg1h5j42swfq.cloudfront.net\\\/2022\\\/09\\\/16121343\\\/concursos-camaras.jpg\",\"datePublished\":\"2026-07-13T17:18:00+00:00\",\"dateModified\":\"2026-07-13T17:54:41+00:00\",\"description\":\"Concurso C\u00e2mara de Princesa Isabel: provas aplicadas e gabaritos preliminares publicados! O edital oferece vagas imediatas e em CR.\",\"breadcrumb\":{\"@id\":\"https:\\\/\\\/www.estrategiaconcursos.com.br\\\/blog\\\/concurso-camara-de-princesa-isabel\\\/#breadcrumb\"},\"inLanguage\":\"pt-BR\",\"potentialAction\":[{\"@type\":\"ReadAction\",\"target\":[\"https:\\\/\\\/www.estrategiaconcursos.com.br\\\/blog\\\/concurso-camara-de-princesa-isabel\\\/\"]}]},{\"@type\":\"ImageObject\",\"inLanguage\":\"pt-BR\",\"@id\":\"https:\\\/\\\/www.estrategiaconcursos.com.br\\\/blog\\\/concurso-camara-de-princesa-isabel\\\/#primaryimage\",\"url\":\"https:\\\/\\\/dhg1h5j42swfq.cloudfront.net\\\/2022\\\/09\\\/16121343\\\/concursos-camaras.jpg\",\"contentUrl\":\"https:\\\/\\\/dhg1h5j42swfq.cloudfront.net\\\/2022\\\/09\\\/16121343\\\/concursos-camaras.jpg\",\"width\":768,\"height\":432,\"caption\":\"Concursos C\u00e2maras\"},{\"@type\":\"BreadcrumbList\",\"@id\":\"https:\\\/\\\/www.estrategiaconcursos.com.br\\\/blog\\\/concurso-camara-de-princesa-isabel\\\/#breadcrumb\",\"itemListElement\":[{\"@type\":\"ListItem\",\"position\":1,\"name\":\"In\u00edcio\",\"item\":\"https:\\\/\\\/blog-estrategia.mystagingwebsite.com\\\/\"},{\"@type\":\"ListItem\",\"position\":2,\"name\":\"Concurso C\u00e2mara de Princesa Isabel: veja o gabarito!\"}]},{\"@type\":\"WebSite\",\"@id\":\"https:\\\/\\\/blog-estrategia.mystagingwebsite.com\\\/#website\",\"url\":\"https:\\\/\\\/blog-estrategia.mystagingwebsite.com\\\/\",\"name\":\"Estrat\u00e9gia Concursos\",\"description\":\"O blog da Estrat\u00e9gia Concursos traz not\u00edcias sobre concursos e artigos de professores oferecendo cursos para concursos (pdf + videaulas) no site.\",\"publisher\":{\"@id\":\"https:\\\/\\\/blog-estrategia.mystagingwebsite.com\\\/#organization\"},\"potentialAction\":[{\"@type\":\"SearchAction\",\"target\":{\"@type\":\"EntryPoint\",\"urlTemplate\":\"https:\\\/\\\/blog-estrategia.mystagingwebsite.com\\\/?s={search_term_string}\"},\"query-input\":{\"@type\":\"PropertyValueSpecification\",\"valueRequired\":true,\"valueName\":\"search_term_string\"}}],\"inLanguage\":\"pt-BR\"},{\"@type\":\"Organization\",\"@id\":\"https:\\\/\\\/blog-estrategia.mystagingwebsite.com\\\/#organization\",\"name\":\"Estrat\u00e9gia Concursos\",\"url\":\"https:\\\/\\\/blog-estrategia.mystagingwebsite.com\\\/\",\"logo\":{\"@type\":\"ImageObject\",\"inLanguage\":\"pt-BR\",\"@id\":\"https:\\\/\\\/blog-estrategia.mystagingwebsite.com\\\/#\\\/schema\\\/logo\\\/image\\\/\",\"url\":\"https:\\\/\\\/dhg1h5j42swfq.cloudfront.net\\\/2025\\\/06\\\/03203428\\\/logo_concursos-1.jpg\",\"contentUrl\":\"https:\\\/\\\/dhg1h5j42swfq.cloudfront.net\\\/2025\\\/06\\\/03203428\\\/logo_concursos-1.jpg\",\"width\":230,\"height\":60,\"caption\":\"Estrat\u00e9gia Concursos\"},\"image\":{\"@id\":\"https:\\\/\\\/blog-estrategia.mystagingwebsite.com\\\/#\\\/schema\\\/logo\\\/image\\\/\"},\"sameAs\":[\"https:\\\/\\\/x.com\\\/EstratConcursos\"]},{\"@type\":\"Person\",\"@id\":\"https:\\\/\\\/blog-estrategia.mystagingwebsite.com\\\/#\\\/schema\\\/person\\\/e3882259fa157d54c44c21f4ee4e0e60\",\"name\":\"B\u00e1rbara Carvalho Santos\",\"image\":{\"@type\":\"ImageObject\",\"inLanguage\":\"pt-BR\",\"@id\":\"https:\\\/\\\/secure.gravatar.com\\\/avatar\\\/353300f73140f779692b9be2b39f434d1341e4e34c7f55bd5a990fe29ef352eb?s=96&d=mm&r=g\",\"url\":\"https:\\\/\\\/secure.gravatar.com\\\/avatar\\\/353300f73140f779692b9be2b39f434d1341e4e34c7f55bd5a990fe29ef352eb?s=96&d=mm&r=g\",\"contentUrl\":\"https:\\\/\\\/secure.gravatar.com\\\/avatar\\\/353300f73140f779692b9be2b39f434d1341e4e34c7f55bd5a990fe29ef352eb?s=96&d=mm&r=g\",\"caption\":\"B\u00e1rbara Carvalho Santos\"},\"description\":\"M\u00e3e e jornalista formada pela UNIP, possui ampla experi\u00eancia na cobertura de entretenimento em grandes ve\u00edculos, como o site da CNN, RedeTV! e Estrat\u00e9gia Educacional. Atuou tamb\u00e9m em ag\u00eancias de marketing, produtoras musicais e assessorias de imprensa, com foco especial no trabalho com personalidades p\u00fablicas. Atualmente, integra a equipe do Estrat\u00e9gia Concursos, onde \u00e9 respons\u00e1vel pela produ\u00e7\u00e3o de conte\u00fados estrat\u00e9gicos voltados para o setor de concursos p\u00fablicos, com destaque para a \u00e1rea fiscal, gest\u00e3o, controle, concursos administrativos e Minist\u00e9rios participantes do CNU, al\u00e9m de diversos \u00f3rg\u00e3os federais. Tem como miss\u00e3o transformar informa\u00e7\u00f5es complexas em conte\u00fados acess\u00edveis, relevantes e de alto valor para quem sonha com uma carreira no servi\u00e7o p\u00fablico.\",\"url\":\"https:\\\/\\\/www.estrategiaconcursos.com.br\\\/blog\\\/author\\\/barbara-santos\\\/\"}]}<\/script>\n<!-- \/ Yoast SEO Premium plugin. -->","yoast_head_json":{"title":"Concurso C\u00e2mara de Princesa Isabel: veja o gabarito!","description":"Concurso C\u00e2mara de Princesa Isabel: provas aplicadas e gabaritos preliminares publicados! O edital oferece vagas imediatas e em CR.","robots":{"index":"index","follow":"follow","max-snippet":"max-snippet:-1","max-image-preview":"max-image-preview:large","max-video-preview":"max-video-preview:-1"},"canonical":"https:\/\/www.estrategiaconcursos.com.br\/blog\/concurso-camara-de-princesa-isabel\/","og_locale":"pt_BR","og_type":"article","og_title":"Concurso C\u00e2mara de Princesa Isabel: veja o gabarito!","og_description":"Concurso C\u00e2mara de Princesa Isabel: provas aplicadas e gabaritos preliminares publicados! O edital oferece vagas imediatas e em CR.","og_url":"https:\/\/www.estrategiaconcursos.com.br\/blog\/concurso-camara-de-princesa-isabel\/","og_site_name":"Estrat\u00e9gia Concursos","article_published_time":"2026-07-13T17:18:00+00:00","article_modified_time":"2026-07-13T17:54:41+00:00","og_image":[{"width":768,"height":432,"url":"https:\/\/dhg1h5j42swfq.cloudfront.net\/2022\/09\/16121343\/concursos-camaras.jpg","type":"image\/jpeg"}],"author":"B\u00e1rbara Carvalho Santos","twitter_card":"summary_large_image","twitter_creator":"@EstratConcursos","twitter_site":"@EstratConcursos","twitter_misc":{"Escrito por":"B\u00e1rbara Carvalho Santos","Est. tempo de leitura":"2 minutos"},"schema":{"@context":"https:\/\/schema.org","@graph":[{"@type":"NewsArticle","@id":"https:\/\/www.estrategiaconcursos.com.br\/blog\/concurso-camara-de-princesa-isabel\/#article","isPartOf":{"@id":"https:\/\/www.estrategiaconcursos.com.br\/blog\/concurso-camara-de-princesa-isabel\/"},"author":{"name":"B\u00e1rbara Carvalho Santos","@id":"https:\/\/blog-estrategia.mystagingwebsite.com\/#\/schema\/person\/e3882259fa157d54c44c21f4ee4e0e60"},"headline":"Concurso C\u00e2mara de Princesa Isabel: veja o gabarito!","datePublished":"2026-07-13T17:18:00+00:00","dateModified":"2026-07-13T17:54:41+00:00","mainEntityOfPage":{"@id":"https:\/\/www.estrategiaconcursos.com.br\/blog\/concurso-camara-de-princesa-isabel\/"},"wordCount":460,"commentCount":0,"publisher":{"@id":"https:\/\/blog-estrategia.mystagingwebsite.com\/#organization"},"image":{"@id":"https:\/\/www.estrategiaconcursos.com.br\/blog\/concurso-camara-de-princesa-isabel\/#primaryimage"},"thumbnailUrl":"https:\/\/dhg1h5j42swfq.cloudfront.net\/2022\/09\/16121343\/concursos-camaras.jpg","articleSection":["Legislativo"],"inLanguage":"pt-BR","potentialAction":[{"@type":"CommentAction","name":"Comment","target":["https:\/\/www.estrategiaconcursos.com.br\/blog\/concurso-camara-de-princesa-isabel\/#respond"]}],"copyrightYear":"2026","copyrightHolder":{"@id":"https:\/\/www.estrategiaconcursos.com.br\/blog\/#organization"}},{"@type":"WebPage","@id":"https:\/\/www.estrategiaconcursos.com.br\/blog\/concurso-camara-de-princesa-isabel\/","url":"https:\/\/www.estrategiaconcursos.com.br\/blog\/concurso-camara-de-princesa-isabel\/","name":"Concurso C\u00e2mara de Princesa Isabel: veja o gabarito!","isPartOf":{"@id":"https:\/\/blog-estrategia.mystagingwebsite.com\/#website"},"primaryImageOfPage":{"@id":"https:\/\/www.estrategiaconcursos.com.br\/blog\/concurso-camara-de-princesa-isabel\/#primaryimage"},"image":{"@id":"https:\/\/www.estrategiaconcursos.com.br\/blog\/concurso-camara-de-princesa-isabel\/#primaryimage"},"thumbnailUrl":"https:\/\/dhg1h5j42swfq.cloudfront.net\/2022\/09\/16121343\/concursos-camaras.jpg","datePublished":"2026-07-13T17:18:00+00:00","dateModified":"2026-07-13T17:54:41+00:00","description":"Concurso C\u00e2mara de Princesa Isabel: provas aplicadas e gabaritos preliminares publicados! O edital oferece vagas imediatas e em CR.","breadcrumb":{"@id":"https:\/\/www.estrategiaconcursos.com.br\/blog\/concurso-camara-de-princesa-isabel\/#breadcrumb"},"inLanguage":"pt-BR","potentialAction":[{"@type":"ReadAction","target":["https:\/\/www.estrategiaconcursos.com.br\/blog\/concurso-camara-de-princesa-isabel\/"]}]},{"@type":"ImageObject","inLanguage":"pt-BR","@id":"https:\/\/www.estrategiaconcursos.com.br\/blog\/concurso-camara-de-princesa-isabel\/#primaryimage","url":"https:\/\/dhg1h5j42swfq.cloudfront.net\/2022\/09\/16121343\/concursos-camaras.jpg","contentUrl":"https:\/\/dhg1h5j42swfq.cloudfront.net\/2022\/09\/16121343\/concursos-camaras.jpg","width":768,"height":432,"caption":"Concursos C\u00e2maras"},{"@type":"BreadcrumbList","@id":"https:\/\/www.estrategiaconcursos.com.br\/blog\/concurso-camara-de-princesa-isabel\/#breadcrumb","itemListElement":[{"@type":"ListItem","position":1,"name":"In\u00edcio","item":"https:\/\/blog-estrategia.mystagingwebsite.com\/"},{"@type":"ListItem","position":2,"name":"Concurso C\u00e2mara de Princesa Isabel: veja o gabarito!"}]},{"@type":"WebSite","@id":"https:\/\/blog-estrategia.mystagingwebsite.com\/#website","url":"https:\/\/blog-estrategia.mystagingwebsite.com\/","name":"Estrat\u00e9gia Concursos","description":"O blog da Estrat\u00e9gia Concursos traz not\u00edcias sobre concursos e artigos de professores oferecendo cursos para concursos (pdf + videaulas) no site.","publisher":{"@id":"https:\/\/blog-estrategia.mystagingwebsite.com\/#organization"},"potentialAction":[{"@type":"SearchAction","target":{"@type":"EntryPoint","urlTemplate":"https:\/\/blog-estrategia.mystagingwebsite.com\/?s={search_term_string}"},"query-input":{"@type":"PropertyValueSpecification","valueRequired":true,"valueName":"search_term_string"}}],"inLanguage":"pt-BR"},{"@type":"Organization","@id":"https:\/\/blog-estrategia.mystagingwebsite.com\/#organization","name":"Estrat\u00e9gia Concursos","url":"https:\/\/blog-estrategia.mystagingwebsite.com\/","logo":{"@type":"ImageObject","inLanguage":"pt-BR","@id":"https:\/\/blog-estrategia.mystagingwebsite.com\/#\/schema\/logo\/image\/","url":"https:\/\/dhg1h5j42swfq.cloudfront.net\/2025\/06\/03203428\/logo_concursos-1.jpg","contentUrl":"https:\/\/dhg1h5j42swfq.cloudfront.net\/2025\/06\/03203428\/logo_concursos-1.jpg","width":230,"height":60,"caption":"Estrat\u00e9gia Concursos"},"image":{"@id":"https:\/\/blog-estrategia.mystagingwebsite.com\/#\/schema\/logo\/image\/"},"sameAs":["https:\/\/x.com\/EstratConcursos"]},{"@type":"Person","@id":"https:\/\/blog-estrategia.mystagingwebsite.com\/#\/schema\/person\/e3882259fa157d54c44c21f4ee4e0e60","name":"B\u00e1rbara Carvalho Santos","image":{"@type":"ImageObject","inLanguage":"pt-BR","@id":"https:\/\/secure.gravatar.com\/avatar\/353300f73140f779692b9be2b39f434d1341e4e34c7f55bd5a990fe29ef352eb?s=96&d=mm&r=g","url":"https:\/\/secure.gravatar.com\/avatar\/353300f73140f779692b9be2b39f434d1341e4e34c7f55bd5a990fe29ef352eb?s=96&d=mm&r=g","contentUrl":"https:\/\/secure.gravatar.com\/avatar\/353300f73140f779692b9be2b39f434d1341e4e34c7f55bd5a990fe29ef352eb?s=96&d=mm&r=g","caption":"B\u00e1rbara Carvalho Santos"},"description":"M\u00e3e e jornalista formada pela UNIP, possui ampla experi\u00eancia na cobertura de entretenimento em grandes ve\u00edculos, como o site da CNN, RedeTV! e Estrat\u00e9gia Educacional. Atuou tamb\u00e9m em ag\u00eancias de marketing, produtoras musicais e assessorias de imprensa, com foco especial no trabalho com personalidades p\u00fablicas. Atualmente, integra a equipe do Estrat\u00e9gia Concursos, onde \u00e9 respons\u00e1vel pela produ\u00e7\u00e3o de conte\u00fados estrat\u00e9gicos voltados para o setor de concursos p\u00fablicos, com destaque para a \u00e1rea fiscal, gest\u00e3o, controle, concursos administrativos e Minist\u00e9rios participantes do CNU, al\u00e9m de diversos \u00f3rg\u00e3os federais. Tem como miss\u00e3o transformar informa\u00e7\u00f5es complexas em conte\u00fados acess\u00edveis, relevantes e de alto valor para quem sonha com uma carreira no servi\u00e7o p\u00fablico.","url":"https:\/\/www.estrategiaconcursos.com.br\/blog\/author\/barbara-santos\/"}]}},"_links":{"self":[{"href":"https:\/\/www.estrategiaconcursos.com.br\/blog\/wp-json\/wp\/v2\/posts\/1764086","targetHints":{"allow":["GET"]}}],"collection":[{"href":"https:\/\/www.estrategiaconcursos.com.br\/blog\/wp-json\/wp\/v2\/posts"}],"about":[{"href":"https:\/\/www.estrategiaconcursos.com.br\/blog\/wp-json\/wp\/v2\/types\/post"}],"author":[{"embeddable":true,"href":"https:\/\/www.estrategiaconcursos.com.br\/blog\/wp-json\/wp\/v2\/users\/2018"}],"replies":[{"embeddable":true,"href":"https:\/\/www.estrategiaconcursos.com.br\/blog\/wp-json\/wp\/v2\/comments?post=1764086"}],"version-history":[{"count":5,"href":"https:\/\/www.estrategiaconcursos.com.br\/blog\/wp-json\/wp\/v2\/posts\/1764086\/revisions"}],"predecessor-version":[{"id":1780593,"href":"https:\/\/www.estrategiaconcursos.com.br\/blog\/wp-json\/wp\/v2\/posts\/1764086\/revisions\/1780593"}],"wp:featuredmedia":[{"embeddable":true,"href":"https:\/\/www.estrategiaconcursos.com.br\/blog\/wp-json\/wp\/v2\/media\/1096074"}],"wp:attachment":[{"href":"https:\/\/www.estrategiaconcursos.com.br\/blog\/wp-json\/wp\/v2\/media?parent=1764086"}],"wp:term":[{"taxonomy":"category","embeddable":true,"href":"https:\/\/www.estrategiaconcursos.com.br\/blog\/wp-json\/wp\/v2\/categories?post=1764086"},{"taxonomy":"post_tag","embeddable":true,"href":"https:\/\/www.estrategiaconcursos.com.br\/blog\/wp-json\/wp\/v2\/tags?post=1764086"},{"taxonomy":"tax_estado","embeddable":true,"href":"https:\/\/www.estrategiaconcursos.com.br\/blog\/wp-json\/wp\/v2\/tax_estado?post=1764086"}],"curies":[{"name":"wp","href":"https:\/\/api.w.org\/{rel}","templated":true}]}}