{"id":17635,"date":"2014-09-01T11:20:00","date_gmt":"2014-09-01T14:20:00","guid":{"rendered":"https:\/\/www.estrategiaconcursos.com.br\/blog\/?p=17635"},"modified":"2015-01-05T16:24:47","modified_gmt":"2015-01-05T19:24:47","slug":"comentarios-prova-de-mp-junto-ao-tribunal-de-contas-mptce-sc","status":"publish","type":"post","link":"https:\/\/www.estrategiaconcursos.com.br\/blog\/comentarios-prova-de-mp-junto-ao-tribunal-de-contas-mptce-sc\/","title":{"rendered":"Coment\u00e1rios \u00e0 prova de MP junto ao Tribunal de Contas &#8211; MPTCE-SC"},"content":{"rendered":"<p>Oi pessoal!<\/p>\n<p>A prova n\u00e3o foi t\u00e3o f\u00e1cil, mas tamb\u00e9m n\u00e3o exigiu for\u00e7as alien\u00edgenas. Houve uma quest\u00e3o retirada diretamente do Regimento Interno do MP de Contas de Santa Catarina, o que me surpreendeu, pois eu n\u00e3o acreditava que a banca ia descer a esse grau de detalhes. Por outro lado, as demais quest\u00f5es foram tranquilas.<\/p>\n<p>Aten\u00e7\u00e3o ao coment\u00e1rio acerca da quest\u00e3o 24, pois em algumas alternativas ela fala em \u201crecurso de revis\u00e3o\u201d, quando na realidade a revis\u00e3o, nos termos da Lei Org\u00e2nica do TCE-SC, n\u00e3o \u00e9 um recurso.<\/p>\n<p>Est\u00e3o a\u00ed os coment\u00e1rios!<\/p>\n<p>21. Assinale a alternativa correta de acordo com a estrutura organizacional da Procuradoria Geral junto ao Tribunal de Contas.<br \/>\na) Ao Gabinete do Procurador Geral compete acompanhar os servi\u00e7os prestados pelos Procuradores.<br \/>\nb) \u00c0 Dire\u00e7\u00e3o Geral compete prestar assessoria ao Procurador-Geral no desempenho das atividades administrativas e de representa\u00e7\u00e3o pol\u00edtica e social.<br \/>\nc) O Conselho de Procuradores \u00e9 composto por cinco membros do Minist\u00e9rio P\u00fablico junto ao Tribunal de Contas, escolhidos pelo crit\u00e9rio de antiguidade.<br \/>\nd) Ao Servi\u00e7o de Administra\u00e7\u00e3o de Pessoal, subordinado diretamente \u00e0 Dire\u00e7\u00e3o Geral, compete processar a folha de pagamento da Procuradoria.<br \/>\ne) O Corpo de Procuradores \u00e9 integrado por sete membros do Minist\u00e9rio P\u00fablico junto ao Tribunal de Contas e \u00e9 o \u00f3rg\u00e3o de delibera\u00e7\u00e3o superior da Procuradoria.<\/p>\n<p>COMENT\u00c1RIOS: Essa quest\u00e3o foi retirada da literalidade do Regimento Interno da Procuradoria Geral junto ao Tribunal de Contas. Essas atribui\u00e7\u00f5es de cada \u00f3rg\u00e3o est\u00e3o nos arts. 8\u00ba a 11 do Regimento. A alternativa B est\u00e1 incorreta porque se refere a uma atribui\u00e7\u00e3o do Gabinete. A alternativa C est\u00e1 incorreta porque o Conselho de Procuradores \u00e9 composto por 7 membros. A alternativa D est\u00e1 incorreta porque a compet\u00eancia mencionada \u00e9 do Servi\u00e7o de Processamento de Dados. A alternativa E est\u00e1 incorreta porque o \u00f3rg\u00e3o de delibera\u00e7\u00e3o superior \u00e9 o Conselho de Procuradores.<\/p>\n<p>GABARITO: A<\/p>\n<p>22. Acerca do Minist\u00e9rio P\u00fablico junto ao Tribunal de Contas, assinale a alternativa correta de acordo com a jurisprud\u00eancia do Supremo Tribunal Federal.<br \/>\na) Os Procuradores da Fazenda junto ao Tribunal de Contas exercer\u00e3o as fun\u00e7\u00f5es do Minist\u00e9rio P\u00fablico especial.<br \/>\nb) A Constitui\u00e7\u00e3o federal conferiu ao Minist\u00e9rio P\u00fablico especial, junto aos Tribunais de Contas, autonomia administrativa, financeira e funcional, como sucede ao Minist\u00e9rio P\u00fablico comum.<br \/>\nc) O Minist\u00e9rio P\u00fablico junto ao Tribunal de Contas possui fisionomia institucional pr\u00f3pria, que n\u00e3o se confunde com a do Minist\u00e9rio P\u00fablico comum, sejam os dos Estados, seja o da Uni\u00e3o.<br \/>\nd) O Minist\u00e9rio P\u00fablico especial junto aos Tribunais de Contas estaduais, por dispor de personalidade institucional pr\u00f3pria, n\u00e3o est\u00e1, para nenhum efeito, vinculado a Cortes de Contas junto as quais oficia.<br \/>\ne) A investidura no cargo de Procurador-Geral, no Minist\u00e9rio P\u00fablico junto ao Tribunal de Contas do Estado, ser\u00e1 por meio da forma\u00e7\u00e3o de lista tr\u00edplice para sua escolha, depois, por nomea\u00e7\u00e3o pelo Presidente do Tribunal de Contas respectivo.<\/p>\n<p>COMENT\u00c1RIOS: A alternativa A est\u00e1 incorreta porque o dispositivo que trazia essa regra na Constitui\u00e7\u00e3o de Santa Catarina foi julgado inconstitucional pelo STF.  Quanto \u00e0 alternativa B, ela est\u00e1 incorreta porque as prerrogativas foram concedidas pela Constitui\u00e7\u00e3o Federal aos Procuradores, e n\u00e3o \u00e0 institui\u00e7\u00e3o do Minist\u00e9rio P\u00fablico de Contas. A alternativa D est\u00e1 incorreta porque, em regra, o MP de Contas est\u00e1 vinculado administrativamente ao Tribunal, como ocorre no TCU. A alternativa E est\u00e1 incorreta porque a nomea\u00e7\u00e3o do Procurador Geral em geral \u00e9 ato do Governador, e n\u00e3o do Presidente do TCE.<\/p>\n<p>GABARITO: C<\/p>\n<p>23. Ao Minist\u00e9rio P\u00fablico junto ao Tribunal de Contas do Estado de Santa Catarina compete:<br \/>\na) Promover a defesa dos interesses dos Poderes e da Administra\u00e7\u00e3o P\u00fablica.<br \/>\nb) Emitir parecer em todos os processos sujeitos a julgamento no Tribunal de Contas.<br \/>\nc) Promover dilig\u00eancia de qualquer natureza, quando autorizado em procedimento de audi\u00eancia do Plen\u00e1rio do Tribunal de Contas.<br \/>\nd) Avaliar o cumprimento das metas previstas no plano plurianual, a execu\u00e7\u00e3o dos programas de governo e dos or\u00e7amentos do Estado.<br \/>\ne) Zelar pelo efetivo respeito dos Poderes P\u00fablicos e dos servi\u00e7os de relev\u00e2ncia p\u00fablica aos direitos assegurados na Constitui\u00e7\u00e3o, promovendo as medidas necess\u00e1rias a sua garantia.<\/p>\n<p>COMENT\u00c1RIOS: O MP de Contas n\u00e3o defende os Poderes e a Administra\u00e7\u00e3o, pois n\u00e3o \u00e9 um \u00f3rg\u00e3o de defesa judicial do Estado Sua miss\u00e3o \u00e9 promover a defesa da ordem jur\u00eddica. Por isso a alternativa A est\u00e1 incorreta. A alternativa C est\u00e1 incorreta porque as dilig\u00eancias promovidas pelo MP de Contas n\u00e3o dependem de autoriza\u00e7\u00e3o. A alternativa D est\u00e1 incorreta porque essa compet\u00eancia \u00e9 do sistema de controle interno. A alternativa E est\u00e1 incorreta porque menciona uma fun\u00e7\u00e3o institucional do Minist\u00e9rio P\u00fablico, e n\u00e3o do Minist\u00e9rio P\u00fablico de Contas.<\/p>\n<p>GABARITO: B<\/p>\n<p>24. Assinale a alternativa correta em rela\u00e7\u00e3o aos Recursos ao Tribunal de Contas do Estado de Santa Catarina.<br \/>\na) Os Embargos de Declara\u00e7\u00e3o ser\u00e3o opostos por escrito pelo respons\u00e1vel, interessado ou pelo Minist\u00e9rio P\u00fablico junto ao Tribunal, dentro de cinco dias contados a partir da publica\u00e7\u00e3o da decis\u00e3o no Di\u00e1rio Oficial Eletr\u00f4nico do Tribunal de Contas.<br \/>\nb) Apenas o respons\u00e1vel no processo ou seus sucessores t\u00eam legitimidade para propor recurso de revis\u00e3o, quando se verificar super\u00acveni\u00eancia de documentos, com efic\u00e1cia sobre a prova produzida.<br \/>\nc) De decis\u00e3o preliminar do Tribunal e das C\u00e2maras e de despacho singular do relator que ordenar cita\u00e7\u00e3o e audi\u00eancia cabe Agravo, sem efeito suspensivo, podendo ser inter\u00acposto pelo respons\u00e1vel, interessado ou pelo Minist\u00e9rio P\u00fablico junto ao Tribunal de Contas.<br \/>\nd) O Recurso de Revis\u00e3o proposto pelo Minist\u00e9rio P\u00fablico junto ao Tribunal de Contas com base em falsidade ou insufici\u00eancia de documentos em que se tenha fundamentado a decis\u00e3o que se pretende rever suspende a execu\u00e7\u00e3o da decis\u00e3o definitiva.<br \/>\ne) O Recurso de Reexame, com efeito suspen\u00acsivo, poder\u00e1 ser interposto uma s\u00f3 vez por escrito, pelo respons\u00e1vel, interessado, ou pelo Minist\u00e9rio P\u00fablico junto ao Tribunal, dentro do prazo de trinta dias contados a partir da publica\u00e7\u00e3o da decis\u00e3o no Di\u00e1rio Oficial Eletr\u00f4nico do Tribunal de Contas.<\/p>\n<p>COMENT\u00c1RIOS: A alternativa A est\u00e1 incorreta porque o prazo para os embargos de declara\u00e7\u00e3o \u00e9 de 10 dias. A alternativa B est\u00e1 incorreta porque a revis\u00e3o pode ser proposta pelo respons\u00e1vel, seus sucessores, ou pelo MP de Contas. Aqui cabe uma considera\u00e7\u00e3o, pois as alternativas B e D na realidade n\u00e3o tratam de um recurso, e sim da revis\u00e3o, que a rigor n\u00e3o \u00e9 recurso. \u00c9 poss\u00edvel recorrer dessa quest\u00e3o sob o argumento de que o assunto cobrado n\u00e3o est\u00e1 previsto no conte\u00fado program\u00e1tico. A alternativa C est\u00e1 incorreta porque o agravo n\u00e3o tem efeito suspensivo. Al\u00e9m disso, o agravo n\u00e3o pode ser interposto pelo MP de Contas.<\/p>\n<p>GABARITO: E<\/p>\n<p>25. Assinale a alternativa correta acerca da composi\u00ac\u00e7\u00e3o do Minist\u00e9rio P\u00fablico junto ao Tribunal de Contas do Estado de Santa Catarina.<br \/>\na) \u00c9 composto de um Procurador-Geral, um Procurador-Geral Adjunto, um Procurador Corregedor e cinco Procuradores, bachar\u00e9is em Direito.<br \/>\nb) \u00c9 composto de um Procurador-Geral, um Procurador-Geral Adjunto e seis Procuradores, bachar\u00e9is em Direito.<br \/>\nc) \u00c9 composto de um Procurador-Geral, um Procurador-Geral Administrativo, um Procurador-Geral Adjunto, um Procurador Corregedor e tr\u00eas Procuradores, bachar\u00e9is em Direito.<br \/>\nd) \u00c9 composto de um Procurador-Geral, um Procurador-Geral Adjunto e tr\u00eas Procuradores, bachar\u00e9is em Direito.<br \/>\ne) \u00c9 composto de um Procurador-Geral, um Procurador-Geral Adjunto, um Procurador-Geral Administrativo e tr\u00eas Procuradores, bachar\u00e9is em Direito.<\/p>\n<p>COMENT\u00c1RIOS: De acordo com a Lei Org\u00e2nica, h\u00e1 um Procurador-Geral, um Procurador-Geral Adjunto e tr\u00eas Procuradores. Apenas a alternativa D, portanto, est\u00e1 correta.<\/p>\n<p>GABARITO: C<\/p>\n<p>N\u00e3o deixe de conhecer nossos outros cursos: https:\/\/www.estrategiaconcursos.com.br\/cursosPorProfessor\/paulo-guimaraes-3271\/<\/p>\n<p>Grande abra\u00e7o!<\/p>\n<p>Paulo Guimar\u00e3es<br \/>\npauloguimaraes@estrategiaconcursos.com.br<br \/>\nwww.facebook.com\/pauloguimaraesfilho<\/p>\n","protected":false},"excerpt":{"rendered":"<p>Oi pessoal! A prova n\u00e3o foi t\u00e3o f\u00e1cil, mas tamb\u00e9m n\u00e3o exigiu for\u00e7as alien\u00edgenas. Houve uma quest\u00e3o retirada diretamente do Regimento Interno do MP de Contas de Santa Catarina, o que me surpreendeu, pois eu n\u00e3o acreditava que a banca ia descer a esse grau de detalhes. Por outro lado, as demais quest\u00f5es foram tranquilas. [&hellip;]<\/p>\n","protected":false},"author":99,"featured_media":0,"comment_status":"open","ping_status":"open","sticky":false,"template":"","format":"standard","meta":{"post_tipo":"article","footnotes":""},"categories":[],"tags":[],"tax_estado":[],"class_list":["post-17635","post","type-post","status-publish","format-standard","hentry"],"acf":[],"yoast_head":"<!-- This site is optimized with the Yoast SEO Premium plugin v27.2 (Yoast SEO v27.2) - https:\/\/yoast.com\/product\/yoast-seo-premium-wordpress\/ -->\n<title>Coment\u00e1rios \u00e0 prova de MP junto ao Tribunal de Contas - MPTCE-SC<\/title>\n<meta name=\"robots\" content=\"index, follow, max-snippet:-1, max-image-preview:large, max-video-preview:-1\" \/>\n<link rel=\"canonical\" href=\"https:\/\/www.estrategiaconcursos.com.br\/blog\/comentarios-prova-de-mp-junto-ao-tribunal-de-contas-mptce-sc\/\" \/>\n<meta property=\"og:locale\" content=\"pt_BR\" \/>\n<meta property=\"og:type\" content=\"article\" \/>\n<meta property=\"og:title\" content=\"Coment\u00e1rios \u00e0 prova de MP junto ao Tribunal de Contas - MPTCE-SC\" \/>\n<meta property=\"og:description\" content=\"Oi pessoal! A prova n\u00e3o foi t\u00e3o f\u00e1cil, mas tamb\u00e9m n\u00e3o exigiu for\u00e7as alien\u00edgenas. Houve uma quest\u00e3o retirada diretamente do Regimento Interno do MP de Contas de Santa Catarina, o que me surpreendeu, pois eu n\u00e3o acreditava que a banca ia descer a esse grau de detalhes. Por outro lado, as demais quest\u00f5es foram tranquilas. [&hellip;]\" \/>\n<meta property=\"og:url\" content=\"https:\/\/www.estrategiaconcursos.com.br\/blog\/comentarios-prova-de-mp-junto-ao-tribunal-de-contas-mptce-sc\/\" \/>\n<meta property=\"og:site_name\" content=\"Estrat\u00e9gia Concursos\" \/>\n<meta property=\"article:published_time\" content=\"2014-09-01T14:20:00+00:00\" \/>\n<meta property=\"article:modified_time\" content=\"2015-01-05T19:24:47+00:00\" \/>\n<meta name=\"author\" content=\"Paulo Guimar\u00e3es\" \/>\n<meta name=\"twitter:card\" content=\"summary_large_image\" \/>\n<meta name=\"twitter:creator\" content=\"@EstratConcursos\" \/>\n<meta name=\"twitter:site\" content=\"@EstratConcursos\" \/>\n<meta name=\"twitter:label1\" content=\"Escrito por\" \/>\n\t<meta name=\"twitter:data1\" content=\"Paulo Guimar\u00e3es\" \/>\n\t<meta name=\"twitter:label2\" content=\"Est. tempo de leitura\" \/>\n\t<meta name=\"twitter:data2\" content=\"7 minutos\" \/>\n<script type=\"application\/ld+json\" class=\"yoast-schema-graph\">{\"@context\":\"https:\/\/schema.org\",\"@graph\":[{\"@type\":\"NewsArticle\",\"@id\":\"https:\/\/www.estrategiaconcursos.com.br\/blog\/comentarios-prova-de-mp-junto-ao-tribunal-de-contas-mptce-sc\/#article\",\"isPartOf\":{\"@id\":\"https:\/\/www.estrategiaconcursos.com.br\/blog\/comentarios-prova-de-mp-junto-ao-tribunal-de-contas-mptce-sc\/\"},\"author\":{\"name\":\"Paulo Guimar\u00e3es\",\"@id\":\"https:\/\/www.estrategiaconcursos.com.br\/blog\/#\/schema\/person\/80ff9f9f52e43a90b6efd99f2869d22b\"},\"headline\":\"Coment\u00e1rios \u00e0 prova de MP junto ao Tribunal de Contas &#8211; MPTCE-SC\",\"datePublished\":\"2014-09-01T14:20:00+00:00\",\"dateModified\":\"2015-01-05T19:24:47+00:00\",\"mainEntityOfPage\":{\"@id\":\"https:\/\/www.estrategiaconcursos.com.br\/blog\/comentarios-prova-de-mp-junto-ao-tribunal-de-contas-mptce-sc\/\"},\"wordCount\":1406,\"commentCount\":0,\"publisher\":{\"@id\":\"https:\/\/www.estrategiaconcursos.com.br\/blog\/#organization\"},\"inLanguage\":\"pt-BR\",\"potentialAction\":[{\"@type\":\"CommentAction\",\"name\":\"Comment\",\"target\":[\"https:\/\/www.estrategiaconcursos.com.br\/blog\/comentarios-prova-de-mp-junto-ao-tribunal-de-contas-mptce-sc\/#respond\"]}],\"copyrightYear\":\"2014\",\"copyrightHolder\":{\"@id\":\"https:\/\/www.estrategiaconcursos.com.br\/blog\/#organization\"}},{\"@type\":\"WebPage\",\"@id\":\"https:\/\/www.estrategiaconcursos.com.br\/blog\/comentarios-prova-de-mp-junto-ao-tribunal-de-contas-mptce-sc\/\",\"url\":\"https:\/\/www.estrategiaconcursos.com.br\/blog\/comentarios-prova-de-mp-junto-ao-tribunal-de-contas-mptce-sc\/\",\"name\":\"Coment\u00e1rios \u00e0 prova de MP junto ao Tribunal de Contas - MPTCE-SC\",\"isPartOf\":{\"@id\":\"https:\/\/www.estrategiaconcursos.com.br\/blog\/#website\"},\"datePublished\":\"2014-09-01T14:20:00+00:00\",\"dateModified\":\"2015-01-05T19:24:47+00:00\",\"breadcrumb\":{\"@id\":\"https:\/\/www.estrategiaconcursos.com.br\/blog\/comentarios-prova-de-mp-junto-ao-tribunal-de-contas-mptce-sc\/#breadcrumb\"},\"inLanguage\":\"pt-BR\",\"potentialAction\":[{\"@type\":\"ReadAction\",\"target\":[\"https:\/\/www.estrategiaconcursos.com.br\/blog\/comentarios-prova-de-mp-junto-ao-tribunal-de-contas-mptce-sc\/\"]}]},{\"@type\":\"BreadcrumbList\",\"@id\":\"https:\/\/www.estrategiaconcursos.com.br\/blog\/comentarios-prova-de-mp-junto-ao-tribunal-de-contas-mptce-sc\/#breadcrumb\",\"itemListElement\":[{\"@type\":\"ListItem\",\"position\":1,\"name\":\"In\u00edcio\",\"item\":\"https:\/\/www.estrategiaconcursos.com.br\/blog\/\"},{\"@type\":\"ListItem\",\"position\":2,\"name\":\"Coment\u00e1rios \u00e0 prova de MP junto ao Tribunal de Contas &#8211; MPTCE-SC\"}]},{\"@type\":\"WebSite\",\"@id\":\"https:\/\/www.estrategiaconcursos.com.br\/blog\/#website\",\"url\":\"https:\/\/www.estrategiaconcursos.com.br\/blog\/\",\"name\":\"Estrat\u00e9gia Concursos\",\"description\":\"O blog da Estrat\u00e9gia Concursos traz not\u00edcias sobre concursos e artigos de professores oferecendo cursos para concursos (pdf + videaulas) no site.\",\"publisher\":{\"@id\":\"https:\/\/www.estrategiaconcursos.com.br\/blog\/#organization\"},\"potentialAction\":[{\"@type\":\"SearchAction\",\"target\":{\"@type\":\"EntryPoint\",\"urlTemplate\":\"https:\/\/www.estrategiaconcursos.com.br\/blog\/?s={search_term_string}\"},\"query-input\":{\"@type\":\"PropertyValueSpecification\",\"valueRequired\":true,\"valueName\":\"search_term_string\"}}],\"inLanguage\":\"pt-BR\"},{\"@type\":\"Organization\",\"@id\":\"https:\/\/www.estrategiaconcursos.com.br\/blog\/#organization\",\"name\":\"Estrat\u00e9gia Concursos\",\"url\":\"https:\/\/www.estrategiaconcursos.com.br\/blog\/\",\"logo\":{\"@type\":\"ImageObject\",\"inLanguage\":\"pt-BR\",\"@id\":\"https:\/\/www.estrategiaconcursos.com.br\/blog\/#\/schema\/logo\/image\/\",\"url\":\"https:\/\/dhg1h5j42swfq.cloudfront.net\/2025\/06\/03203428\/logo_concursos-1.jpg\",\"contentUrl\":\"https:\/\/dhg1h5j42swfq.cloudfront.net\/2025\/06\/03203428\/logo_concursos-1.jpg\",\"width\":230,\"height\":60,\"caption\":\"Estrat\u00e9gia Concursos\"},\"image\":{\"@id\":\"https:\/\/www.estrategiaconcursos.com.br\/blog\/#\/schema\/logo\/image\/\"},\"sameAs\":[\"https:\/\/x.com\/EstratConcursos\"]},{\"@type\":\"Person\",\"@id\":\"https:\/\/www.estrategiaconcursos.com.br\/blog\/#\/schema\/person\/80ff9f9f52e43a90b6efd99f2869d22b\",\"name\":\"Paulo Guimar\u00e3es\",\"image\":{\"@type\":\"ImageObject\",\"inLanguage\":\"pt-BR\",\"@id\":\"https:\/\/secure.gravatar.com\/avatar\/08d24bbaa2d103a1d6aba72ee81baa1680267436588d5d9cfb8d32c3aa4ca278?s=96&d=mm&r=g\",\"url\":\"https:\/\/secure.gravatar.com\/avatar\/08d24bbaa2d103a1d6aba72ee81baa1680267436588d5d9cfb8d32c3aa4ca278?s=96&d=mm&r=g\",\"contentUrl\":\"https:\/\/secure.gravatar.com\/avatar\/08d24bbaa2d103a1d6aba72ee81baa1680267436588d5d9cfb8d32c3aa4ca278?s=96&d=mm&r=g\",\"caption\":\"Paulo Guimar\u00e3es\"},\"url\":\"https:\/\/www.estrategiaconcursos.com.br\/blog\/author\/pauloguimaraesestrategiaconcursos-com-br\/\"}]}<\/script>\n<!-- \/ Yoast SEO Premium plugin. -->","yoast_head_json":{"title":"Coment\u00e1rios \u00e0 prova de MP junto ao Tribunal de Contas - MPTCE-SC","robots":{"index":"index","follow":"follow","max-snippet":"max-snippet:-1","max-image-preview":"max-image-preview:large","max-video-preview":"max-video-preview:-1"},"canonical":"https:\/\/www.estrategiaconcursos.com.br\/blog\/comentarios-prova-de-mp-junto-ao-tribunal-de-contas-mptce-sc\/","og_locale":"pt_BR","og_type":"article","og_title":"Coment\u00e1rios \u00e0 prova de MP junto ao Tribunal de Contas - MPTCE-SC","og_description":"Oi pessoal! A prova n\u00e3o foi t\u00e3o f\u00e1cil, mas tamb\u00e9m n\u00e3o exigiu for\u00e7as alien\u00edgenas. Houve uma quest\u00e3o retirada diretamente do Regimento Interno do MP de Contas de Santa Catarina, o que me surpreendeu, pois eu n\u00e3o acreditava que a banca ia descer a esse grau de detalhes. Por outro lado, as demais quest\u00f5es foram tranquilas. [&hellip;]","og_url":"https:\/\/www.estrategiaconcursos.com.br\/blog\/comentarios-prova-de-mp-junto-ao-tribunal-de-contas-mptce-sc\/","og_site_name":"Estrat\u00e9gia Concursos","article_published_time":"2014-09-01T14:20:00+00:00","article_modified_time":"2015-01-05T19:24:47+00:00","author":"Paulo Guimar\u00e3es","twitter_card":"summary_large_image","twitter_creator":"@EstratConcursos","twitter_site":"@EstratConcursos","twitter_misc":{"Escrito por":"Paulo Guimar\u00e3es","Est. tempo de leitura":"7 minutos"},"schema":{"@context":"https:\/\/schema.org","@graph":[{"@type":"NewsArticle","@id":"https:\/\/www.estrategiaconcursos.com.br\/blog\/comentarios-prova-de-mp-junto-ao-tribunal-de-contas-mptce-sc\/#article","isPartOf":{"@id":"https:\/\/www.estrategiaconcursos.com.br\/blog\/comentarios-prova-de-mp-junto-ao-tribunal-de-contas-mptce-sc\/"},"author":{"name":"Paulo Guimar\u00e3es","@id":"https:\/\/www.estrategiaconcursos.com.br\/blog\/#\/schema\/person\/80ff9f9f52e43a90b6efd99f2869d22b"},"headline":"Coment\u00e1rios \u00e0 prova de MP junto ao Tribunal de Contas &#8211; MPTCE-SC","datePublished":"2014-09-01T14:20:00+00:00","dateModified":"2015-01-05T19:24:47+00:00","mainEntityOfPage":{"@id":"https:\/\/www.estrategiaconcursos.com.br\/blog\/comentarios-prova-de-mp-junto-ao-tribunal-de-contas-mptce-sc\/"},"wordCount":1406,"commentCount":0,"publisher":{"@id":"https:\/\/www.estrategiaconcursos.com.br\/blog\/#organization"},"inLanguage":"pt-BR","potentialAction":[{"@type":"CommentAction","name":"Comment","target":["https:\/\/www.estrategiaconcursos.com.br\/blog\/comentarios-prova-de-mp-junto-ao-tribunal-de-contas-mptce-sc\/#respond"]}],"copyrightYear":"2014","copyrightHolder":{"@id":"https:\/\/www.estrategiaconcursos.com.br\/blog\/#organization"}},{"@type":"WebPage","@id":"https:\/\/www.estrategiaconcursos.com.br\/blog\/comentarios-prova-de-mp-junto-ao-tribunal-de-contas-mptce-sc\/","url":"https:\/\/www.estrategiaconcursos.com.br\/blog\/comentarios-prova-de-mp-junto-ao-tribunal-de-contas-mptce-sc\/","name":"Coment\u00e1rios \u00e0 prova de MP junto ao Tribunal de Contas - MPTCE-SC","isPartOf":{"@id":"https:\/\/www.estrategiaconcursos.com.br\/blog\/#website"},"datePublished":"2014-09-01T14:20:00+00:00","dateModified":"2015-01-05T19:24:47+00:00","breadcrumb":{"@id":"https:\/\/www.estrategiaconcursos.com.br\/blog\/comentarios-prova-de-mp-junto-ao-tribunal-de-contas-mptce-sc\/#breadcrumb"},"inLanguage":"pt-BR","potentialAction":[{"@type":"ReadAction","target":["https:\/\/www.estrategiaconcursos.com.br\/blog\/comentarios-prova-de-mp-junto-ao-tribunal-de-contas-mptce-sc\/"]}]},{"@type":"BreadcrumbList","@id":"https:\/\/www.estrategiaconcursos.com.br\/blog\/comentarios-prova-de-mp-junto-ao-tribunal-de-contas-mptce-sc\/#breadcrumb","itemListElement":[{"@type":"ListItem","position":1,"name":"In\u00edcio","item":"https:\/\/www.estrategiaconcursos.com.br\/blog\/"},{"@type":"ListItem","position":2,"name":"Coment\u00e1rios \u00e0 prova de MP junto ao Tribunal de Contas &#8211; MPTCE-SC"}]},{"@type":"WebSite","@id":"https:\/\/www.estrategiaconcursos.com.br\/blog\/#website","url":"https:\/\/www.estrategiaconcursos.com.br\/blog\/","name":"Estrat\u00e9gia Concursos","description":"O blog da Estrat\u00e9gia Concursos traz not\u00edcias sobre concursos e artigos de professores oferecendo cursos para concursos (pdf + videaulas) no site.","publisher":{"@id":"https:\/\/www.estrategiaconcursos.com.br\/blog\/#organization"},"potentialAction":[{"@type":"SearchAction","target":{"@type":"EntryPoint","urlTemplate":"https:\/\/www.estrategiaconcursos.com.br\/blog\/?s={search_term_string}"},"query-input":{"@type":"PropertyValueSpecification","valueRequired":true,"valueName":"search_term_string"}}],"inLanguage":"pt-BR"},{"@type":"Organization","@id":"https:\/\/www.estrategiaconcursos.com.br\/blog\/#organization","name":"Estrat\u00e9gia Concursos","url":"https:\/\/www.estrategiaconcursos.com.br\/blog\/","logo":{"@type":"ImageObject","inLanguage":"pt-BR","@id":"https:\/\/www.estrategiaconcursos.com.br\/blog\/#\/schema\/logo\/image\/","url":"https:\/\/dhg1h5j42swfq.cloudfront.net\/2025\/06\/03203428\/logo_concursos-1.jpg","contentUrl":"https:\/\/dhg1h5j42swfq.cloudfront.net\/2025\/06\/03203428\/logo_concursos-1.jpg","width":230,"height":60,"caption":"Estrat\u00e9gia Concursos"},"image":{"@id":"https:\/\/www.estrategiaconcursos.com.br\/blog\/#\/schema\/logo\/image\/"},"sameAs":["https:\/\/x.com\/EstratConcursos"]},{"@type":"Person","@id":"https:\/\/www.estrategiaconcursos.com.br\/blog\/#\/schema\/person\/80ff9f9f52e43a90b6efd99f2869d22b","name":"Paulo Guimar\u00e3es","image":{"@type":"ImageObject","inLanguage":"pt-BR","@id":"https:\/\/secure.gravatar.com\/avatar\/08d24bbaa2d103a1d6aba72ee81baa1680267436588d5d9cfb8d32c3aa4ca278?s=96&d=mm&r=g","url":"https:\/\/secure.gravatar.com\/avatar\/08d24bbaa2d103a1d6aba72ee81baa1680267436588d5d9cfb8d32c3aa4ca278?s=96&d=mm&r=g","contentUrl":"https:\/\/secure.gravatar.com\/avatar\/08d24bbaa2d103a1d6aba72ee81baa1680267436588d5d9cfb8d32c3aa4ca278?s=96&d=mm&r=g","caption":"Paulo Guimar\u00e3es"},"url":"https:\/\/www.estrategiaconcursos.com.br\/blog\/author\/pauloguimaraesestrategiaconcursos-com-br\/"}]}},"_links":{"self":[{"href":"https:\/\/www.estrategiaconcursos.com.br\/blog\/wp-json\/wp\/v2\/posts\/17635","targetHints":{"allow":["GET"]}}],"collection":[{"href":"https:\/\/www.estrategiaconcursos.com.br\/blog\/wp-json\/wp\/v2\/posts"}],"about":[{"href":"https:\/\/www.estrategiaconcursos.com.br\/blog\/wp-json\/wp\/v2\/types\/post"}],"author":[{"embeddable":true,"href":"https:\/\/www.estrategiaconcursos.com.br\/blog\/wp-json\/wp\/v2\/users\/99"}],"replies":[{"embeddable":true,"href":"https:\/\/www.estrategiaconcursos.com.br\/blog\/wp-json\/wp\/v2\/comments?post=17635"}],"version-history":[{"count":1,"href":"https:\/\/www.estrategiaconcursos.com.br\/blog\/wp-json\/wp\/v2\/posts\/17635\/revisions"}],"predecessor-version":[{"id":17636,"href":"https:\/\/www.estrategiaconcursos.com.br\/blog\/wp-json\/wp\/v2\/posts\/17635\/revisions\/17636"}],"wp:attachment":[{"href":"https:\/\/www.estrategiaconcursos.com.br\/blog\/wp-json\/wp\/v2\/media?parent=17635"}],"wp:term":[{"taxonomy":"category","embeddable":true,"href":"https:\/\/www.estrategiaconcursos.com.br\/blog\/wp-json\/wp\/v2\/categories?post=17635"},{"taxonomy":"post_tag","embeddable":true,"href":"https:\/\/www.estrategiaconcursos.com.br\/blog\/wp-json\/wp\/v2\/tags?post=17635"},{"taxonomy":"tax_estado","embeddable":true,"href":"https:\/\/www.estrategiaconcursos.com.br\/blog\/wp-json\/wp\/v2\/tax_estado?post=17635"}],"curies":[{"name":"wp","href":"https:\/\/api.w.org\/{rel}","templated":true}]}}