{"id":1760258,"date":"2026-05-06T14:52:37","date_gmt":"2026-05-06T17:52:37","guid":{"rendered":"https:\/\/blog-estrategia.mystagingwebsite.com\/blog\/?p=1760258"},"modified":"2026-08-04T09:32:56","modified_gmt":"2026-08-04T12:32:56","slug":"concurso-inmetro-pedido-com-269-vagas-e-encaminhado-ao-mgi","status":"publish","type":"post","link":"https:\/\/www.estrategiaconcursos.com.br\/blog\/concurso-inmetro-pedido-com-269-vagas-e-encaminhado-ao-mgi\/","title":{"rendered":"Concurso Inmetro: pedido com 269 vagas \u00e9 encaminhado ao MGI"},"content":{"rendered":"\n<p class=\"wp-block-paragraph\">Informa\u00e7\u00f5es sobre um poss\u00edvel novo concurso do Instituto Nacional de Metrologia, Qualidade e Tecnologia (Inmetro) circulam pela internet. De acordo com esses dados, que ainda est\u00e3o sendo verificados pelo Estrat\u00e9gia Concursos, a autarquia teria encaminhado ao Minist\u00e9rio da Gest\u00e3o e da Inova\u00e7\u00e3o (MGI) um pedido para realiza\u00e7\u00e3o de um certame com 269 vagas para n\u00edveis m\u00e9dio e superior.<\/p>\n\n\n\n<div class=\"container\" id=\"boxes\">\n  <div class=\"row\">\n\n    <div class=\"col-sm\">\n      <div class=\"banner-adm-ec\" id=\"box-assinatura\">\n        <h2 class=\"titulo-assinatura\">Cursos para o Concurso INMETRO<\/h2>\n        <p class=\"subtitulo-assinatura\">Estude conosco<\/p>\n        <div class=\"box-botao\">\n          <a class=\"btn-assinatura\" target=\"_blank\" href=\"https:\/\/www.estrategiaconcursos.com.br\/cursosPorConcurso\/inmetro-337\/\" role=\"button\" rel=\"noopener noreferrer\">Conhe\u00e7a os cursos<\/a>\n        <\/div>\n      <\/div>\n     \n    <\/div>\n\n  <\/div>\n<\/div>\n\n\n\n<p class=\"wp-block-paragraph\">Segundo o que circula online, o planejamento interno do \u00f3rg\u00e3o incluiria at\u00e9 mesmo uma previs\u00e3o de cronograma. A expectativa seria de publica\u00e7\u00e3o do edital em junho de 2027, com abertura das inscri\u00e7\u00f5es no mesmo per\u00edodo.<\/p>\n\n\n\n<p class=\"wp-block-paragraph\">Ainda conforme essas informa\u00e7\u00f5es preliminares, as provas objetivas e discursivas poderiam ocorrer em agosto de 2027. J\u00e1 o resultado final do concurso teria homologa\u00e7\u00e3o estimada para dezembro do mesmo ano, enquanto as nomea\u00e7\u00f5es dos aprovados estariam previstas para janeiro de 2028.<\/p>\n\n\n\n<p class=\"wp-block-paragraph\">Apesar do detalhamento, \u00e9 importante destacar que esse cronograma seria apenas uma proje\u00e7\u00e3o interna e, portanto, pode passar por mudan\u00e7as. Al\u00e9m disso, a realiza\u00e7\u00e3o do concurso depende, obrigatoriamente, da autoriza\u00e7\u00e3o oficial do MGI.<\/p>\n\n\n\n<h2 class=\"wp-block-heading\" id=\"h-distribuicao-das-vagas\"><strong>Distribui\u00e7\u00e3o das vagas<\/strong><\/h2>\n\n\n\n<p class=\"wp-block-paragraph\">Do total de 269 vagas solicitadas, 93 seriam destinadas a cargos de n\u00edvel m\u00e9dio. J\u00e1 para n\u00edvel superior, a divis\u00e3o prevista nas informa\u00e7\u00f5es que circulam \u00e9 a seguinte:<\/p>\n\n\n\n<ul class=\"wp-block-list\">\n<li>Analista executivo em metrologia e qualidade: 70 vagas<\/li>\n\n\n\n<li>Especialista em metrologia e qualidade s\u00eanior: 1 vaga<\/li>\n\n\n\n<li>Pesquisador-tecnologista em metrologia e qualidade: 105 vagas<\/li>\n<\/ul>\n\n\n\n<p class=\"has-text-align-center has-very-light-gray-to-cyan-bluish-gray-gradient-background has-background wp-block-paragraph\">Saiba mais: <a href=\"https:\/\/www.estrategiaconcursos.com.br\/blog\/concurso-inmetro\/\" target=\"_blank\" rel=\"noreferrer noopener\">Concurso INMETRO<\/a><\/p>\n\n\n\n<h2 class=\"wp-block-heading\" id=\"sobre\">Sobre o INMETRO<\/h2>\n\n\n\n<p class=\"wp-block-paragraph\">O Instituto Nacional de Metrologia, Qualidade e Tecnologia \u00e9 uma autarquia federal, vinculada \u00e0 Secretaria Especial de Produtividade, Emprego e Competitividade, do Minist\u00e9rio da Economia. <\/p>\n\n\n\n<p class=\"wp-block-paragraph\">O Instituto atua como Secretaria Executiva do Conselho Nacional de Metrologia, Normaliza\u00e7\u00e3o e Qualidade Industrial (Conmetro), colegiado interministerial, que \u00e9 o \u00f3rg\u00e3o normativo do Sistema Nacional de Metrologia, Normaliza\u00e7\u00e3o e Qualidade Industrial (Sinmetro).<\/p>\n\n\n\n<hr class=\"wp-block-separator has-css-opacity\"\/>\n\n\n\n<h2 class=\"wp-block-heading has-text-align-center\" id=\"cursos-assinatura\"><em>Quer estudar para o concurso INMETRO?<\/em><\/h2>\n\n\n\n<div class=\"container\" id=\"boxes\">\n  <div class=\"row\">\n\n    <div class=\"col-sm\">\n      <div class=\"banner-adm-ec\" id=\"box-assinatura\">\n        <h2 class=\"titulo-assinatura\">Cursos para o Concurso INMETRO<\/h2>\n        <p class=\"subtitulo-assinatura\">Estude conosco<\/p>\n        <div class=\"box-botao\">\n          <a class=\"btn-assinatura\" target=\"_blank\" href=\"https:\/\/www.estrategiaconcursos.com.br\/cursosPorConcurso\/inmetro-337\/\" role=\"button\" rel=\"noopener noreferrer\">Conhe\u00e7a os cursos<\/a>\n        <\/div>\n      <\/div>\n     \n    <\/div>\n\n  <\/div>\n<\/div>\n\n\n\n<div class=\"container\" id=\"boxes\">\n  <div class=\"row\">\n\n    <div class=\"col-sm\">\n      <div class=\"estrategia\" id=\"box-assinatura\">\n        <h3 class=\"titulo-assinatura\">Assinatura Concursos<\/h3>\n        <p class=\"subtitulo-assinatura\">Assinatura de 1 ano ou 2 anos<\/p>\n        <div class=\"box-botao\">\n          <a class=\"btn-assinatura\" target=\"_blank\" href=\"https:\/\/www.estrategiaconcursos.com.br\/blog\/assinaturas\/\" role=\"button\" rel=\"noopener noreferrer\">ASSINE AGORA<\/a>\n        <\/div>\n      <\/div><\/div><\/div><\/div>\n\n\n\n<h2 class=\"wp-block-heading has-text-align-center\" id=\"h-quer-saber-tudo-sobre-concursos-previstos-confira-nossos-artigos\">Quer saber tudo sobre concursos previstos?<br \/>Confira nossos artigos!<\/h2>\n\n\n\n<ul class=\"wp-block-list\">\n<li><a href=\"https:\/\/www.estrategiaconcursos.com.br\/blog\/concursos-abertos\/\" target=\"_blank\" rel=\"noreferrer noopener\">Concursos Abertos<\/a><\/li>\n\n\n\n<li><a href=\"https:\/\/www.estrategiaconcursos.com.br\/blog\/concursos-federais-2023\/\" target=\"_blank\" rel=\"noreferrer noopener\">Concursos Federais<\/a><\/li>\n\n\n\n<li><a href=\"https:\/\/www.estrategiaconcursos.com.br\/blog\/concursos-2026\/\" target=\"_blank\" rel=\"noreferrer noopener\">Concursos 2026<\/a><\/li>\n<\/ul>\n","protected":false},"excerpt":{"rendered":"<p>Pedido de novo concurso com 269 vagas para o Inmetro circula nas redes sociais, mas ainda n\u00e3o foi confirmado oficialmente; entenda.<\/p>\n","protected":false},"author":656,"featured_media":741272,"comment_status":"open","ping_status":"closed","sticky":false,"template":"","format":"standard","meta":{"_acf_changed":false,"post_tipo":"news","footnotes":""},"categories":[214992],"tags":[],"tax_estado":[219963],"class_list":["post-1760258","post","type-post","status-publish","format-standard","has-post-thumbnail","hentry","category-concursos-administrativos","tax_estado-concursos-federais"],"acf":[],"yoast_head":"<!-- This site is optimized with the Yoast SEO Premium plugin v28.1 (Yoast SEO v28.1) - https:\/\/yoast.com\/product\/yoast-seo-premium-wordpress\/ -->\n<title>Concurso Inmetro: pedido com 269 vagas \u00e9 encaminhado ao MGI<\/title>\n<meta name=\"description\" content=\"Pedido de novo concurso com 269 vagas para o Inmetro circula nas redes sociais, mas ainda n\u00e3o foi confirmado oficialmente; entenda.\" \/>\n<meta name=\"robots\" content=\"index, follow, max-snippet:-1, max-image-preview:large, max-video-preview:-1\" \/>\n<link rel=\"canonical\" href=\"https:\/\/www.estrategiaconcursos.com.br\/blog\/concurso-inmetro-pedido-com-269-vagas-e-encaminhado-ao-mgi\/\" \/>\n<meta property=\"og:locale\" content=\"pt_BR\" \/>\n<meta property=\"og:type\" content=\"article\" \/>\n<meta property=\"og:title\" content=\"Concurso Inmetro: pedido com 269 vagas \u00e9 encaminhado ao MGI\" \/>\n<meta property=\"og:description\" content=\"Pedido de novo concurso com 269 vagas para o Inmetro circula nas redes sociais, mas ainda n\u00e3o foi confirmado oficialmente; entenda.\" \/>\n<meta property=\"og:url\" content=\"https:\/\/www.estrategiaconcursos.com.br\/blog\/concurso-inmetro-pedido-com-269-vagas-e-encaminhado-ao-mgi\/\" \/>\n<meta property=\"og:site_name\" content=\"Estrat\u00e9gia Concursos\" \/>\n<meta property=\"article:published_time\" content=\"2026-05-06T17:52:37+00:00\" \/>\n<meta property=\"article:modified_time\" content=\"2026-08-04T12:32:56+00:00\" \/>\n<meta property=\"og:image\" content=\"https:\/\/dhg1h5j42swfq.cloudfront.net\/2021\/05\/14154642\/inmetro.jpg\" \/>\n\t<meta property=\"og:image:width\" content=\"768\" \/>\n\t<meta property=\"og:image:height\" content=\"432\" \/>\n\t<meta property=\"og:image:type\" content=\"image\/jpeg\" \/>\n<meta name=\"author\" content=\"F\u00e1bio Scaldelai\" \/>\n<meta name=\"twitter:card\" content=\"summary_large_image\" \/>\n<meta name=\"twitter:creator\" content=\"@EstratConcursos\" \/>\n<meta name=\"twitter:site\" content=\"@EstratConcursos\" \/>\n<meta name=\"twitter:label1\" content=\"Escrito por\" \/>\n\t<meta name=\"twitter:data1\" content=\"F\u00e1bio Scaldelai\" \/>\n\t<meta name=\"twitter:label2\" content=\"Est. tempo de leitura\" \/>\n\t<meta name=\"twitter:data2\" content=\"2 minutos\" \/>\n<script type=\"application\/ld+json\" class=\"yoast-schema-graph\">{\"@context\":\"https:\\\/\\\/schema.org\",\"@graph\":[{\"@type\":\"NewsArticle\",\"@id\":\"https:\\\/\\\/www.estrategiaconcursos.com.br\\\/blog\\\/concurso-inmetro-pedido-com-269-vagas-e-encaminhado-ao-mgi\\\/#article\",\"isPartOf\":{\"@id\":\"https:\\\/\\\/www.estrategiaconcursos.com.br\\\/blog\\\/concurso-inmetro-pedido-com-269-vagas-e-encaminhado-ao-mgi\\\/\"},\"author\":{\"name\":\"F\u00e1bio Scaldelai\",\"@id\":\"https:\\\/\\\/blog-estrategia.mystagingwebsite.com\\\/#\\\/schema\\\/person\\\/e3b6b7ce0192dd4ad270655969d61750\"},\"headline\":\"Concurso Inmetro: pedido com 269 vagas \u00e9 encaminhado ao MGI\",\"datePublished\":\"2026-05-06T17:52:37+00:00\",\"dateModified\":\"2026-08-04T12:32:56+00:00\",\"mainEntityOfPage\":{\"@id\":\"https:\\\/\\\/www.estrategiaconcursos.com.br\\\/blog\\\/concurso-inmetro-pedido-com-269-vagas-e-encaminhado-ao-mgi\\\/\"},\"wordCount\":365,\"commentCount\":0,\"publisher\":{\"@id\":\"https:\\\/\\\/blog-estrategia.mystagingwebsite.com\\\/#organization\"},\"image\":{\"@id\":\"https:\\\/\\\/www.estrategiaconcursos.com.br\\\/blog\\\/concurso-inmetro-pedido-com-269-vagas-e-encaminhado-ao-mgi\\\/#primaryimage\"},\"thumbnailUrl\":\"https:\\\/\\\/dhg1h5j42swfq.cloudfront.net\\\/2021\\\/05\\\/14154642\\\/inmetro.jpg\",\"articleSection\":[\"Executivo (Administrativa)\"],\"inLanguage\":\"pt-BR\",\"potentialAction\":[{\"@type\":\"CommentAction\",\"name\":\"Comment\",\"target\":[\"https:\\\/\\\/www.estrategiaconcursos.com.br\\\/blog\\\/concurso-inmetro-pedido-com-269-vagas-e-encaminhado-ao-mgi\\\/#respond\"]}],\"copyrightYear\":\"2026\",\"copyrightHolder\":{\"@id\":\"https:\\\/\\\/www.estrategiaconcursos.com.br\\\/blog\\\/#organization\"}},{\"@type\":\"WebPage\",\"@id\":\"https:\\\/\\\/www.estrategiaconcursos.com.br\\\/blog\\\/concurso-inmetro-pedido-com-269-vagas-e-encaminhado-ao-mgi\\\/\",\"url\":\"https:\\\/\\\/www.estrategiaconcursos.com.br\\\/blog\\\/concurso-inmetro-pedido-com-269-vagas-e-encaminhado-ao-mgi\\\/\",\"name\":\"Concurso Inmetro: pedido com 269 vagas \u00e9 encaminhado ao MGI\",\"isPartOf\":{\"@id\":\"https:\\\/\\\/blog-estrategia.mystagingwebsite.com\\\/#website\"},\"primaryImageOfPage\":{\"@id\":\"https:\\\/\\\/www.estrategiaconcursos.com.br\\\/blog\\\/concurso-inmetro-pedido-com-269-vagas-e-encaminhado-ao-mgi\\\/#primaryimage\"},\"image\":{\"@id\":\"https:\\\/\\\/www.estrategiaconcursos.com.br\\\/blog\\\/concurso-inmetro-pedido-com-269-vagas-e-encaminhado-ao-mgi\\\/#primaryimage\"},\"thumbnailUrl\":\"https:\\\/\\\/dhg1h5j42swfq.cloudfront.net\\\/2021\\\/05\\\/14154642\\\/inmetro.jpg\",\"datePublished\":\"2026-05-06T17:52:37+00:00\",\"dateModified\":\"2026-08-04T12:32:56+00:00\",\"description\":\"Pedido de novo concurso com 269 vagas para o Inmetro circula nas redes sociais, mas ainda n\u00e3o foi confirmado oficialmente; entenda.\",\"breadcrumb\":{\"@id\":\"https:\\\/\\\/www.estrategiaconcursos.com.br\\\/blog\\\/concurso-inmetro-pedido-com-269-vagas-e-encaminhado-ao-mgi\\\/#breadcrumb\"},\"inLanguage\":\"pt-BR\",\"potentialAction\":[{\"@type\":\"ReadAction\",\"target\":[\"https:\\\/\\\/www.estrategiaconcursos.com.br\\\/blog\\\/concurso-inmetro-pedido-com-269-vagas-e-encaminhado-ao-mgi\\\/\"]}]},{\"@type\":\"ImageObject\",\"inLanguage\":\"pt-BR\",\"@id\":\"https:\\\/\\\/www.estrategiaconcursos.com.br\\\/blog\\\/concurso-inmetro-pedido-com-269-vagas-e-encaminhado-ao-mgi\\\/#primaryimage\",\"url\":\"https:\\\/\\\/dhg1h5j42swfq.cloudfront.net\\\/2021\\\/05\\\/14154642\\\/inmetro.jpg\",\"contentUrl\":\"https:\\\/\\\/dhg1h5j42swfq.cloudfront.net\\\/2021\\\/05\\\/14154642\\\/inmetro.jpg\",\"width\":768,\"height\":432,\"caption\":\"Provas concurso Inmetro\"},{\"@type\":\"BreadcrumbList\",\"@id\":\"https:\\\/\\\/www.estrategiaconcursos.com.br\\\/blog\\\/concurso-inmetro-pedido-com-269-vagas-e-encaminhado-ao-mgi\\\/#breadcrumb\",\"itemListElement\":[{\"@type\":\"ListItem\",\"position\":1,\"name\":\"In\u00edcio\",\"item\":\"https:\\\/\\\/blog-estrategia.mystagingwebsite.com\\\/\"},{\"@type\":\"ListItem\",\"position\":2,\"name\":\"Concurso Inmetro: pedido com 269 vagas \u00e9 encaminhado ao MGI\"}]},{\"@type\":\"WebSite\",\"@id\":\"https:\\\/\\\/blog-estrategia.mystagingwebsite.com\\\/#website\",\"url\":\"https:\\\/\\\/blog-estrategia.mystagingwebsite.com\\\/\",\"name\":\"Estrat\u00e9gia Concursos\",\"description\":\"O blog da Estrat\u00e9gia Concursos traz not\u00edcias sobre concursos e artigos de professores oferecendo cursos para concursos (pdf + videaulas) no site.\",\"publisher\":{\"@id\":\"https:\\\/\\\/blog-estrategia.mystagingwebsite.com\\\/#organization\"},\"potentialAction\":[{\"@type\":\"SearchAction\",\"target\":{\"@type\":\"EntryPoint\",\"urlTemplate\":\"https:\\\/\\\/blog-estrategia.mystagingwebsite.com\\\/?s={search_term_string}\"},\"query-input\":{\"@type\":\"PropertyValueSpecification\",\"valueRequired\":true,\"valueName\":\"search_term_string\"}}],\"inLanguage\":\"pt-BR\"},{\"@type\":\"Organization\",\"@id\":\"https:\\\/\\\/blog-estrategia.mystagingwebsite.com\\\/#organization\",\"name\":\"Estrat\u00e9gia Concursos\",\"url\":\"https:\\\/\\\/blog-estrategia.mystagingwebsite.com\\\/\",\"logo\":{\"@type\":\"ImageObject\",\"inLanguage\":\"pt-BR\",\"@id\":\"https:\\\/\\\/blog-estrategia.mystagingwebsite.com\\\/#\\\/schema\\\/logo\\\/image\\\/\",\"url\":\"https:\\\/\\\/dhg1h5j42swfq.cloudfront.net\\\/2025\\\/06\\\/03203428\\\/logo_concursos-1.jpg\",\"contentUrl\":\"https:\\\/\\\/dhg1h5j42swfq.cloudfront.net\\\/2025\\\/06\\\/03203428\\\/logo_concursos-1.jpg\",\"width\":230,\"height\":60,\"caption\":\"Estrat\u00e9gia Concursos\"},\"image\":{\"@id\":\"https:\\\/\\\/blog-estrategia.mystagingwebsite.com\\\/#\\\/schema\\\/logo\\\/image\\\/\"},\"sameAs\":[\"https:\\\/\\\/x.com\\\/EstratConcursos\"]},{\"@type\":\"Person\",\"@id\":\"https:\\\/\\\/blog-estrategia.mystagingwebsite.com\\\/#\\\/schema\\\/person\\\/e3b6b7ce0192dd4ad270655969d61750\",\"name\":\"F\u00e1bio Scaldelai\",\"image\":{\"@type\":\"ImageObject\",\"inLanguage\":\"pt-BR\",\"@id\":\"https:\\\/\\\/secure.gravatar.com\\\/avatar\\\/8ed7492c4d88d8495bc0cb24cda6847b8ae23eec459a919e08e77d0ca0fd79ec?s=96&d=mm&r=g\",\"url\":\"https:\\\/\\\/secure.gravatar.com\\\/avatar\\\/8ed7492c4d88d8495bc0cb24cda6847b8ae23eec459a919e08e77d0ca0fd79ec?s=96&d=mm&r=g\",\"contentUrl\":\"https:\\\/\\\/secure.gravatar.com\\\/avatar\\\/8ed7492c4d88d8495bc0cb24cda6847b8ae23eec459a919e08e77d0ca0fd79ec?s=96&d=mm&r=g\",\"caption\":\"F\u00e1bio Scaldelai\"},\"description\":\"Jornalista no Estrat\u00e9gia Concursos e Produtor de Televis\u00e3o, formado em Jornalismo, R\u00e1dio e TV pela Faculdade Integrada Rio Branco, com especializa\u00e7\u00f5es em Gest\u00e3o Empresarial e Marketing pelo M\u00f3dulo. Atuou como produtor no SBT, TV Bandeirantes e R\u00e1dio Band FM, al\u00e9m de acumular tr\u00eas anos de experi\u00eancia no setor de concursos p\u00fablicos pela LFG (Luiz Fl\u00e1vio Gomes). No Estrat\u00e9gia Concursos, atua na apura\u00e7\u00e3o de not\u00edcias da \u00e1rea fiscal, al\u00e9m de coberturas sobre concursos das \u00e1reas de controle (TCU, TCE, etc), concurso AFT, \u00e1rea de gest\u00e3o e administrativa, bem como dos \u00f3rg\u00e3os participantes do CNU. Tamb\u00e9m possui experi\u00eancia em link building e an\u00e1lise de m\u00eddia, adquirida durante sua atua\u00e7\u00e3o na ag\u00eancia SEO Marketing.\",\"url\":\"https:\\\/\\\/www.estrategiaconcursos.com.br\\\/blog\\\/author\\\/fabio-scaldelaiestrategiaconcursos-com-br\\\/\"}]}<\/script>\n<!-- \/ Yoast SEO Premium plugin. -->","yoast_head_json":{"title":"Concurso Inmetro: pedido com 269 vagas \u00e9 encaminhado ao MGI","description":"Pedido de novo concurso com 269 vagas para o Inmetro circula nas redes sociais, mas ainda n\u00e3o foi confirmado oficialmente; entenda.","robots":{"index":"index","follow":"follow","max-snippet":"max-snippet:-1","max-image-preview":"max-image-preview:large","max-video-preview":"max-video-preview:-1"},"canonical":"https:\/\/www.estrategiaconcursos.com.br\/blog\/concurso-inmetro-pedido-com-269-vagas-e-encaminhado-ao-mgi\/","og_locale":"pt_BR","og_type":"article","og_title":"Concurso Inmetro: pedido com 269 vagas \u00e9 encaminhado ao MGI","og_description":"Pedido de novo concurso com 269 vagas para o Inmetro circula nas redes sociais, mas ainda n\u00e3o foi confirmado oficialmente; entenda.","og_url":"https:\/\/www.estrategiaconcursos.com.br\/blog\/concurso-inmetro-pedido-com-269-vagas-e-encaminhado-ao-mgi\/","og_site_name":"Estrat\u00e9gia Concursos","article_published_time":"2026-05-06T17:52:37+00:00","article_modified_time":"2026-08-04T12:32:56+00:00","og_image":[{"width":768,"height":432,"url":"https:\/\/dhg1h5j42swfq.cloudfront.net\/2021\/05\/14154642\/inmetro.jpg","type":"image\/jpeg"}],"author":"F\u00e1bio Scaldelai","twitter_card":"summary_large_image","twitter_creator":"@EstratConcursos","twitter_site":"@EstratConcursos","twitter_misc":{"Escrito por":"F\u00e1bio Scaldelai","Est. tempo de leitura":"2 minutos"},"schema":{"@context":"https:\/\/schema.org","@graph":[{"@type":"NewsArticle","@id":"https:\/\/www.estrategiaconcursos.com.br\/blog\/concurso-inmetro-pedido-com-269-vagas-e-encaminhado-ao-mgi\/#article","isPartOf":{"@id":"https:\/\/www.estrategiaconcursos.com.br\/blog\/concurso-inmetro-pedido-com-269-vagas-e-encaminhado-ao-mgi\/"},"author":{"name":"F\u00e1bio Scaldelai","@id":"https:\/\/blog-estrategia.mystagingwebsite.com\/#\/schema\/person\/e3b6b7ce0192dd4ad270655969d61750"},"headline":"Concurso Inmetro: pedido com 269 vagas \u00e9 encaminhado ao MGI","datePublished":"2026-05-06T17:52:37+00:00","dateModified":"2026-08-04T12:32:56+00:00","mainEntityOfPage":{"@id":"https:\/\/www.estrategiaconcursos.com.br\/blog\/concurso-inmetro-pedido-com-269-vagas-e-encaminhado-ao-mgi\/"},"wordCount":365,"commentCount":0,"publisher":{"@id":"https:\/\/blog-estrategia.mystagingwebsite.com\/#organization"},"image":{"@id":"https:\/\/www.estrategiaconcursos.com.br\/blog\/concurso-inmetro-pedido-com-269-vagas-e-encaminhado-ao-mgi\/#primaryimage"},"thumbnailUrl":"https:\/\/dhg1h5j42swfq.cloudfront.net\/2021\/05\/14154642\/inmetro.jpg","articleSection":["Executivo (Administrativa)"],"inLanguage":"pt-BR","potentialAction":[{"@type":"CommentAction","name":"Comment","target":["https:\/\/www.estrategiaconcursos.com.br\/blog\/concurso-inmetro-pedido-com-269-vagas-e-encaminhado-ao-mgi\/#respond"]}],"copyrightYear":"2026","copyrightHolder":{"@id":"https:\/\/www.estrategiaconcursos.com.br\/blog\/#organization"}},{"@type":"WebPage","@id":"https:\/\/www.estrategiaconcursos.com.br\/blog\/concurso-inmetro-pedido-com-269-vagas-e-encaminhado-ao-mgi\/","url":"https:\/\/www.estrategiaconcursos.com.br\/blog\/concurso-inmetro-pedido-com-269-vagas-e-encaminhado-ao-mgi\/","name":"Concurso Inmetro: pedido com 269 vagas \u00e9 encaminhado ao MGI","isPartOf":{"@id":"https:\/\/blog-estrategia.mystagingwebsite.com\/#website"},"primaryImageOfPage":{"@id":"https:\/\/www.estrategiaconcursos.com.br\/blog\/concurso-inmetro-pedido-com-269-vagas-e-encaminhado-ao-mgi\/#primaryimage"},"image":{"@id":"https:\/\/www.estrategiaconcursos.com.br\/blog\/concurso-inmetro-pedido-com-269-vagas-e-encaminhado-ao-mgi\/#primaryimage"},"thumbnailUrl":"https:\/\/dhg1h5j42swfq.cloudfront.net\/2021\/05\/14154642\/inmetro.jpg","datePublished":"2026-05-06T17:52:37+00:00","dateModified":"2026-08-04T12:32:56+00:00","description":"Pedido de novo concurso com 269 vagas para o Inmetro circula nas redes sociais, mas ainda n\u00e3o foi confirmado oficialmente; entenda.","breadcrumb":{"@id":"https:\/\/www.estrategiaconcursos.com.br\/blog\/concurso-inmetro-pedido-com-269-vagas-e-encaminhado-ao-mgi\/#breadcrumb"},"inLanguage":"pt-BR","potentialAction":[{"@type":"ReadAction","target":["https:\/\/www.estrategiaconcursos.com.br\/blog\/concurso-inmetro-pedido-com-269-vagas-e-encaminhado-ao-mgi\/"]}]},{"@type":"ImageObject","inLanguage":"pt-BR","@id":"https:\/\/www.estrategiaconcursos.com.br\/blog\/concurso-inmetro-pedido-com-269-vagas-e-encaminhado-ao-mgi\/#primaryimage","url":"https:\/\/dhg1h5j42swfq.cloudfront.net\/2021\/05\/14154642\/inmetro.jpg","contentUrl":"https:\/\/dhg1h5j42swfq.cloudfront.net\/2021\/05\/14154642\/inmetro.jpg","width":768,"height":432,"caption":"Provas concurso Inmetro"},{"@type":"BreadcrumbList","@id":"https:\/\/www.estrategiaconcursos.com.br\/blog\/concurso-inmetro-pedido-com-269-vagas-e-encaminhado-ao-mgi\/#breadcrumb","itemListElement":[{"@type":"ListItem","position":1,"name":"In\u00edcio","item":"https:\/\/blog-estrategia.mystagingwebsite.com\/"},{"@type":"ListItem","position":2,"name":"Concurso Inmetro: pedido com 269 vagas \u00e9 encaminhado ao MGI"}]},{"@type":"WebSite","@id":"https:\/\/blog-estrategia.mystagingwebsite.com\/#website","url":"https:\/\/blog-estrategia.mystagingwebsite.com\/","name":"Estrat\u00e9gia Concursos","description":"O blog da Estrat\u00e9gia Concursos traz not\u00edcias sobre concursos e artigos de professores oferecendo cursos para concursos (pdf + videaulas) no site.","publisher":{"@id":"https:\/\/blog-estrategia.mystagingwebsite.com\/#organization"},"potentialAction":[{"@type":"SearchAction","target":{"@type":"EntryPoint","urlTemplate":"https:\/\/blog-estrategia.mystagingwebsite.com\/?s={search_term_string}"},"query-input":{"@type":"PropertyValueSpecification","valueRequired":true,"valueName":"search_term_string"}}],"inLanguage":"pt-BR"},{"@type":"Organization","@id":"https:\/\/blog-estrategia.mystagingwebsite.com\/#organization","name":"Estrat\u00e9gia Concursos","url":"https:\/\/blog-estrategia.mystagingwebsite.com\/","logo":{"@type":"ImageObject","inLanguage":"pt-BR","@id":"https:\/\/blog-estrategia.mystagingwebsite.com\/#\/schema\/logo\/image\/","url":"https:\/\/dhg1h5j42swfq.cloudfront.net\/2025\/06\/03203428\/logo_concursos-1.jpg","contentUrl":"https:\/\/dhg1h5j42swfq.cloudfront.net\/2025\/06\/03203428\/logo_concursos-1.jpg","width":230,"height":60,"caption":"Estrat\u00e9gia Concursos"},"image":{"@id":"https:\/\/blog-estrategia.mystagingwebsite.com\/#\/schema\/logo\/image\/"},"sameAs":["https:\/\/x.com\/EstratConcursos"]},{"@type":"Person","@id":"https:\/\/blog-estrategia.mystagingwebsite.com\/#\/schema\/person\/e3b6b7ce0192dd4ad270655969d61750","name":"F\u00e1bio Scaldelai","image":{"@type":"ImageObject","inLanguage":"pt-BR","@id":"https:\/\/secure.gravatar.com\/avatar\/8ed7492c4d88d8495bc0cb24cda6847b8ae23eec459a919e08e77d0ca0fd79ec?s=96&d=mm&r=g","url":"https:\/\/secure.gravatar.com\/avatar\/8ed7492c4d88d8495bc0cb24cda6847b8ae23eec459a919e08e77d0ca0fd79ec?s=96&d=mm&r=g","contentUrl":"https:\/\/secure.gravatar.com\/avatar\/8ed7492c4d88d8495bc0cb24cda6847b8ae23eec459a919e08e77d0ca0fd79ec?s=96&d=mm&r=g","caption":"F\u00e1bio Scaldelai"},"description":"Jornalista no Estrat\u00e9gia Concursos e Produtor de Televis\u00e3o, formado em Jornalismo, R\u00e1dio e TV pela Faculdade Integrada Rio Branco, com especializa\u00e7\u00f5es em Gest\u00e3o Empresarial e Marketing pelo M\u00f3dulo. Atuou como produtor no SBT, TV Bandeirantes e R\u00e1dio Band FM, al\u00e9m de acumular tr\u00eas anos de experi\u00eancia no setor de concursos p\u00fablicos pela LFG (Luiz Fl\u00e1vio Gomes). No Estrat\u00e9gia Concursos, atua na apura\u00e7\u00e3o de not\u00edcias da \u00e1rea fiscal, al\u00e9m de coberturas sobre concursos das \u00e1reas de controle (TCU, TCE, etc), concurso AFT, \u00e1rea de gest\u00e3o e administrativa, bem como dos \u00f3rg\u00e3os participantes do CNU. Tamb\u00e9m possui experi\u00eancia em link building e an\u00e1lise de m\u00eddia, adquirida durante sua atua\u00e7\u00e3o na ag\u00eancia SEO Marketing.","url":"https:\/\/www.estrategiaconcursos.com.br\/blog\/author\/fabio-scaldelaiestrategiaconcursos-com-br\/"}]}},"_links":{"self":[{"href":"https:\/\/www.estrategiaconcursos.com.br\/blog\/wp-json\/wp\/v2\/posts\/1760258","targetHints":{"allow":["GET"]}}],"collection":[{"href":"https:\/\/www.estrategiaconcursos.com.br\/blog\/wp-json\/wp\/v2\/posts"}],"about":[{"href":"https:\/\/www.estrategiaconcursos.com.br\/blog\/wp-json\/wp\/v2\/types\/post"}],"author":[{"embeddable":true,"href":"https:\/\/www.estrategiaconcursos.com.br\/blog\/wp-json\/wp\/v2\/users\/656"}],"replies":[{"embeddable":true,"href":"https:\/\/www.estrategiaconcursos.com.br\/blog\/wp-json\/wp\/v2\/comments?post=1760258"}],"version-history":[{"count":1,"href":"https:\/\/www.estrategiaconcursos.com.br\/blog\/wp-json\/wp\/v2\/posts\/1760258\/revisions"}],"predecessor-version":[{"id":1781883,"href":"https:\/\/www.estrategiaconcursos.com.br\/blog\/wp-json\/wp\/v2\/posts\/1760258\/revisions\/1781883"}],"wp:featuredmedia":[{"embeddable":true,"href":"https:\/\/www.estrategiaconcursos.com.br\/blog\/wp-json\/wp\/v2\/media\/741272"}],"wp:attachment":[{"href":"https:\/\/www.estrategiaconcursos.com.br\/blog\/wp-json\/wp\/v2\/media?parent=1760258"}],"wp:term":[{"taxonomy":"category","embeddable":true,"href":"https:\/\/www.estrategiaconcursos.com.br\/blog\/wp-json\/wp\/v2\/categories?post=1760258"},{"taxonomy":"post_tag","embeddable":true,"href":"https:\/\/www.estrategiaconcursos.com.br\/blog\/wp-json\/wp\/v2\/tags?post=1760258"},{"taxonomy":"tax_estado","embeddable":true,"href":"https:\/\/www.estrategiaconcursos.com.br\/blog\/wp-json\/wp\/v2\/tax_estado?post=1760258"}],"curies":[{"name":"wp","href":"https:\/\/api.w.org\/{rel}","templated":true}]}}