{"id":1759209,"date":"2026-04-30T17:19:24","date_gmt":"2026-04-30T20:19:24","guid":{"rendered":"https:\/\/www.estrategiaconcursos.com.br\/blog\/?p=1759209"},"modified":"2026-04-30T17:19:27","modified_gmt":"2026-04-30T20:19:27","slug":"concurso-seduc-pa-termo-de-referencia-revela-detalhes-das-vagas","status":"publish","type":"post","link":"https:\/\/www.estrategiaconcursos.com.br\/blog\/concurso-seduc-pa-termo-de-referencia-revela-detalhes-das-vagas\/","title":{"rendered":"Concurso SEDUC PA: Termo de Refer\u00eancia revela detalhes das 2.000 vagas!"},"content":{"rendered":"\n<p>O concurso da Secretaria de Educa\u00e7\u00e3o do Par\u00e1 (SEDUC PA) acaba de dar um passo gigante. <\/p>\n\n\n\n<p>Foi acessado o <strong>Termo de Refer\u00eancia<\/strong> do certame, confirmando a oferta de <strong>2.000 vagas<\/strong> imediatas e revelando a distribui\u00e7\u00e3o exata entre disciplinas e cargos administrativos.<\/p>\n\n\n\n<p>A governadora Hana Ghassan confirmou que o Estado j\u00e1 est\u00e1 na fase final de escolha da banca organizadora. Se est\u00e1s a estudar, este \u00e9 o momento de acelerar!<\/p>\n\n\n\n<div class=\"col-sm\">\n      <div class=\"banner-estrategia\" id=\"box-assinatura\">\n        <h3 class=\"titulo-assinatura\">Cursos para SEDUC PA<\/h3>\n        <p class=\"subtitulo-assinatura\">Conhe\u00e7a os cursos<\/p>\n        <div class=\"box-botao\">\n          <a class=\"btn-assinatura\" target=\"_blank\" href=\"https:\/\/www.estrategiaconcursos.com.br\/cursosPorConcurso\/seduc-pa\/\" role=\"button\" rel=\"noopener noreferrer\">Conhe\u00e7a mais<\/a>\n        <\/div>\n      <\/div>\n      <p class=\"texto-auxiliar\">Prepare-se com o melhor material e com quem mais aprova em Concursos P\u00fablicos em todo o pa\u00eds.<\/p>\n    <\/div>\n\n\n\n<h2 class=\"wp-block-heading\" id=\"h-o-que-precisas-saber\"><strong>O que precisas saber:<\/strong><\/h2>\n\n\n\n<ul class=\"wp-block-list\">\n<li><strong>Vagas Totais:<\/strong> 2.000 postos confirmados.<\/li>\n\n\n\n<li><strong>Remunera\u00e7\u00e3o:<\/strong> At\u00e9 <strong>R$ 6.500,00<\/strong> iniciais + aux\u00edlio de <strong>R$ 1.500,00<\/strong>.<\/li>\n\n\n\n<li><strong>Cargas Hor\u00e1rias:<\/strong> Possibilidade de jornadas de apenas 20h semanais para professores.<\/li>\n\n\n\n<li><strong>Etapa Inovadora:<\/strong> O concurso ter\u00e1 <strong>prova pr\u00e1tica (defesa de aula)<\/strong> para professores, al\u00e9m das provas objetivas, discursivas e de t\u00edtulos.<\/li>\n<\/ul>\n\n\n\n<h3 class=\"wp-block-heading\" id=\"h-distribuicao-das-vagas-quadro-de-vagas\"><strong>Distribui\u00e7\u00e3o das Vagas (Quadro de Vagas):<\/strong><\/h3>\n\n\n\n<p>A maior fatia das oportunidades vai para a <strong>\u00c1rea Fim (1.806 vagas)<\/strong>, com destaque para:<\/p>\n\n\n\n<ul class=\"wp-block-list\">\n<li><strong>Matem\u00e1tica:<\/strong> 167 vagas<\/li>\n\n\n\n<li><strong>L\u00edngua Inglesa:<\/strong> 149 vagas<\/li>\n\n\n\n<li><strong>F\u00edsica:<\/strong> 142 vagas<\/li>\n\n\n\n<li><strong>L\u00edngua Portuguesa:<\/strong> 141 vagas<\/li>\n\n\n\n<li><strong>Artes:<\/strong> 129 vagas<\/li>\n\n\n\n<li><strong>Educa\u00e7\u00e3o Especial:<\/strong> 119 vagas<\/li>\n<\/ul>\n\n\n\n<p>Para a <strong>\u00c1rea Meio (194 vagas)<\/strong>, as oportunidades contemplam:<\/p>\n\n\n\n<ul class=\"wp-block-list\">\n<li><strong>N\u00edvel Superior:<\/strong> Psic\u00f3logos, Nutricionistas, Assistentes Sociais, Engenheiros, Arquitetos, Administradores e Contadores.<\/li>\n\n\n\n<li><strong>N\u00edvel M\u00e9dio:<\/strong> Assistentes em Educa\u00e7\u00e3o Especial (Int\u00e9rpretes de Libras, Brailistas, etc.).<\/li>\n<\/ul>\n\n\n\n<h2 class=\"wp-block-heading\" id=\"h-analise\"><strong>An\u00e1lise:<\/strong><\/h2>\n\n\n\n<p>Com o Tribunal de Contas a pressionar pela substitui\u00e7\u00e3o de tempor\u00e1rios, a expectativa \u00e9 de que o edital seja publicado em breve e que o n\u00famero de nomea\u00e7\u00f5es supere as vagas imediatas durante a validade do concurso. <\/p>\n\n\n\n<p>O corte ser\u00e1 rigoroso: ser\u00e1 necess\u00e1rio atingir pelo menos 50% da prova para seguir na disputa.<\/p>\n\n\n\n<p class=\"has-text-align-center has-very-light-gray-to-cyan-bluish-gray-gradient-background has-background\"><strong>Saiba mais: <a href=\"https:\/\/www.estrategiaconcursos.com.br\/blog\/concurso-seduc-pa\/\" target=\"_blank\" rel=\"noreferrer noopener\">Concurso SEDUC PA<\/a><\/strong><\/p>\n\n\n\n<h2 class=\"wp-block-heading has-text-align-center\" id=\"h-quer-saber-tudo-sobre-concursos-previstos-confira-nossos-artigos\">Quer saber tudo sobre concursos previstos?<br \/>Confira nossos artigos!<\/h2>\n\n\n\n<ul class=\"wp-block-list\">\n<li><a href=\"https:\/\/www.estrategiaconcursos.com.br\/blog\/concursos-abertos\/\" target=\"_blank\" rel=\"noreferrer noopener\">Concursos abertos<\/a><\/li>\n\n\n\n<li><a href=\"https:\/\/www.estrategiaconcursos.com.br\/blog\/concursos-educacao\/\">Concursos educa\u00e7\u00e3o<\/a><\/li>\n\n\n\n<li><a href=\"https:\/\/www.estrategiaconcursos.com.br\/blog\/concursos-2026\/\">Concursos 2026<\/a><\/li>\n<\/ul>\n\n\n\n<h2 class=\"wp-block-heading has-text-align-center\" id=\"assinatura-e-cursos\"><em>Quer estudar para o concurso SEDUC PA?<\/em><\/h2>\n\n\n\n<p class=\"has-text-align-center\"><em>Gostou desta oportunidade e deseja come\u00e7ar a se preparar agora mesmo? Ent\u00e3o, confira os nossos cursos e comece a estudar:<\/em><\/p>\n\n\n\n<div class=\"col-sm\">\n      <div class=\"banner-estrategia\" id=\"box-assinatura\">\n        <h3 class=\"titulo-assinatura\">Cursos para SEDUC PA<\/h3>\n        <p class=\"subtitulo-assinatura\">Conhe\u00e7a os cursos<\/p>\n        <div class=\"box-botao\">\n          <a class=\"btn-assinatura\" target=\"_blank\" href=\"https:\/\/www.estrategiaconcursos.com.br\/cursosPorConcurso\/seduc-pa\/\" role=\"button\" rel=\"noopener noreferrer\">Conhe\u00e7a mais<\/a>\n        <\/div>\n      <\/div>\n      <p class=\"texto-auxiliar\">Prepare-se com o melhor material e com quem mais aprova em Concursos P\u00fablicos em todo o pa\u00eds.<\/p>\n    <\/div>\n\n\n\n<div class=\"container\" id=\"boxes\">\n  <div class=\"row\">\n\n    <div class=\"col-sm\">\n      <div class=\"estrategia\" id=\"box-assinatura\">\n        <h3 class=\"titulo-assinatura\">Assinatura Concursos<\/h3>\n        <p class=\"subtitulo-assinatura\">Assinatura de 1 ano ou 2 anos<\/p>\n        <div class=\"box-botao\">\n          <a class=\"btn-assinatura\" target=\"_blank\" href=\"https:\/\/www.estrategiaconcursos.com.br\/assinaturas\/\" role=\"button\" rel=\"noopener noreferrer\">ASSINE AGORA<\/a>\n        <\/div>\n      <\/div>\n     \n    <\/div><\/div><\/div>\n","protected":false},"excerpt":{"rendered":"<p>Saiba tudo sobre o Concurso SEDUC PA: 2.000 vagas, provas pr\u00e1ticas e informa\u00e7\u00f5es sobre a escolha da banca organizadora.<\/p>\n","protected":false},"author":3079,"featured_media":987583,"comment_status":"open","ping_status":"closed","sticky":false,"template":"","format":"standard","meta":{"post_tipo":"news","footnotes":""},"categories":[3766,220219],"tags":[],"tax_estado":[219977],"class_list":["post-1759209","post","type-post","status-publish","format-standard","has-post-thumbnail","hentry","category-educacional","category-noticias","tax_estado-pa"],"acf":[],"yoast_head":"<!-- This site is optimized with the Yoast SEO Premium plugin v27.2 (Yoast SEO v27.2) - https:\/\/yoast.com\/product\/yoast-seo-premium-wordpress\/ -->\n<title>Concurso SEDUC PA: Termo de Refer\u00eancia revela detalhes das 2.000 vagas!<\/title>\n<meta name=\"description\" content=\"Saiba tudo sobre o Concurso SEDUC PA: 2.000 vagas, provas pr\u00e1ticas e informa\u00e7\u00f5es sobre a escolha da banca organizadora.\" \/>\n<meta name=\"robots\" content=\"index, follow, max-snippet:-1, max-image-preview:large, max-video-preview:-1\" \/>\n<link rel=\"canonical\" href=\"https:\/\/www.estrategiaconcursos.com.br\/blog\/concurso-seduc-pa-termo-de-referencia-revela-detalhes-das-vagas\/\" \/>\n<meta property=\"og:locale\" content=\"pt_BR\" \/>\n<meta property=\"og:type\" content=\"article\" \/>\n<meta property=\"og:title\" content=\"Concurso SEDUC PA: Termo de Refer\u00eancia revela detalhes das 2.000 vagas!\" \/>\n<meta property=\"og:description\" content=\"Saiba tudo sobre o Concurso SEDUC PA: 2.000 vagas, provas pr\u00e1ticas e informa\u00e7\u00f5es sobre a escolha da banca organizadora.\" \/>\n<meta property=\"og:url\" content=\"https:\/\/www.estrategiaconcursos.com.br\/blog\/concurso-seduc-pa-termo-de-referencia-revela-detalhes-das-vagas\/\" \/>\n<meta property=\"og:site_name\" content=\"Estrat\u00e9gia Concursos\" \/>\n<meta property=\"article:published_time\" content=\"2026-04-30T20:19:24+00:00\" \/>\n<meta property=\"article:modified_time\" content=\"2026-04-30T20:19:27+00:00\" \/>\n<meta property=\"og:image\" content=\"https:\/\/dhg1h5j42swfq.cloudfront.net\/2022\/03\/15081806\/concurso-seduc-pa.jpg\" \/>\n\t<meta property=\"og:image:width\" content=\"300\" \/>\n\t<meta property=\"og:image:height\" content=\"168\" \/>\n\t<meta property=\"og:image:type\" content=\"image\/jpeg\" \/>\n<meta name=\"author\" content=\"Jos\u00e9 Ferreira\" \/>\n<meta name=\"twitter:card\" content=\"summary_large_image\" \/>\n<meta name=\"twitter:creator\" content=\"@EstratConcursos\" \/>\n<meta name=\"twitter:site\" content=\"@EstratConcursos\" \/>\n<meta name=\"twitter:label1\" content=\"Escrito por\" \/>\n\t<meta name=\"twitter:data1\" content=\"Jos\u00e9 Ferreira\" \/>\n\t<meta name=\"twitter:label2\" content=\"Est. tempo de leitura\" \/>\n\t<meta name=\"twitter:data2\" content=\"2 minutos\" \/>\n<script type=\"application\/ld+json\" class=\"yoast-schema-graph\">{\"@context\":\"https:\/\/schema.org\",\"@graph\":[{\"@type\":\"NewsArticle\",\"@id\":\"https:\/\/www.estrategiaconcursos.com.br\/blog\/concurso-seduc-pa-termo-de-referencia-revela-detalhes-das-vagas\/#article\",\"isPartOf\":{\"@id\":\"https:\/\/www.estrategiaconcursos.com.br\/blog\/concurso-seduc-pa-termo-de-referencia-revela-detalhes-das-vagas\/\"},\"author\":{\"name\":\"Jos\u00e9 Ferreira\",\"@id\":\"https:\/\/www.estrategiaconcursos.com.br\/blog\/#\/schema\/person\/c6c0e1eadd39622c9352ddfc08a634b8\"},\"headline\":\"Concurso SEDUC PA: Termo de Refer\u00eancia revela detalhes das 2.000 vagas!\",\"datePublished\":\"2026-04-30T20:19:24+00:00\",\"dateModified\":\"2026-04-30T20:19:27+00:00\",\"mainEntityOfPage\":{\"@id\":\"https:\/\/www.estrategiaconcursos.com.br\/blog\/concurso-seduc-pa-termo-de-referencia-revela-detalhes-das-vagas\/\"},\"wordCount\":387,\"commentCount\":0,\"publisher\":{\"@id\":\"https:\/\/www.estrategiaconcursos.com.br\/blog\/#organization\"},\"image\":{\"@id\":\"https:\/\/www.estrategiaconcursos.com.br\/blog\/concurso-seduc-pa-termo-de-referencia-revela-detalhes-das-vagas\/#primaryimage\"},\"thumbnailUrl\":\"https:\/\/dhg1h5j42swfq.cloudfront.net\/2022\/03\/15081806\/concurso-seduc-pa.jpg\",\"articleSection\":[\"Educa\u00e7\u00e3o\",\"\u00daltimas not\u00edcias\"],\"inLanguage\":\"pt-BR\",\"potentialAction\":[{\"@type\":\"CommentAction\",\"name\":\"Comment\",\"target\":[\"https:\/\/www.estrategiaconcursos.com.br\/blog\/concurso-seduc-pa-termo-de-referencia-revela-detalhes-das-vagas\/#respond\"]}],\"copyrightYear\":\"2026\",\"copyrightHolder\":{\"@id\":\"https:\/\/www.estrategiaconcursos.com.br\/blog\/#organization\"}},{\"@type\":\"WebPage\",\"@id\":\"https:\/\/www.estrategiaconcursos.com.br\/blog\/concurso-seduc-pa-termo-de-referencia-revela-detalhes-das-vagas\/\",\"url\":\"https:\/\/www.estrategiaconcursos.com.br\/blog\/concurso-seduc-pa-termo-de-referencia-revela-detalhes-das-vagas\/\",\"name\":\"Concurso SEDUC PA: Termo de Refer\u00eancia revela detalhes das 2.000 vagas!\",\"isPartOf\":{\"@id\":\"https:\/\/www.estrategiaconcursos.com.br\/blog\/#website\"},\"primaryImageOfPage\":{\"@id\":\"https:\/\/www.estrategiaconcursos.com.br\/blog\/concurso-seduc-pa-termo-de-referencia-revela-detalhes-das-vagas\/#primaryimage\"},\"image\":{\"@id\":\"https:\/\/www.estrategiaconcursos.com.br\/blog\/concurso-seduc-pa-termo-de-referencia-revela-detalhes-das-vagas\/#primaryimage\"},\"thumbnailUrl\":\"https:\/\/dhg1h5j42swfq.cloudfront.net\/2022\/03\/15081806\/concurso-seduc-pa.jpg\",\"datePublished\":\"2026-04-30T20:19:24+00:00\",\"dateModified\":\"2026-04-30T20:19:27+00:00\",\"description\":\"Saiba tudo sobre o Concurso SEDUC PA: 2.000 vagas, provas pr\u00e1ticas e informa\u00e7\u00f5es sobre a escolha da banca organizadora.\",\"breadcrumb\":{\"@id\":\"https:\/\/www.estrategiaconcursos.com.br\/blog\/concurso-seduc-pa-termo-de-referencia-revela-detalhes-das-vagas\/#breadcrumb\"},\"inLanguage\":\"pt-BR\",\"potentialAction\":[{\"@type\":\"ReadAction\",\"target\":[\"https:\/\/www.estrategiaconcursos.com.br\/blog\/concurso-seduc-pa-termo-de-referencia-revela-detalhes-das-vagas\/\"]}]},{\"@type\":\"ImageObject\",\"inLanguage\":\"pt-BR\",\"@id\":\"https:\/\/www.estrategiaconcursos.com.br\/blog\/concurso-seduc-pa-termo-de-referencia-revela-detalhes-das-vagas\/#primaryimage\",\"url\":\"https:\/\/dhg1h5j42swfq.cloudfront.net\/2022\/03\/15081806\/concurso-seduc-pa.jpg\",\"contentUrl\":\"https:\/\/dhg1h5j42swfq.cloudfront.net\/2022\/03\/15081806\/concurso-seduc-pa.jpg\",\"width\":300,\"height\":168},{\"@type\":\"BreadcrumbList\",\"@id\":\"https:\/\/www.estrategiaconcursos.com.br\/blog\/concurso-seduc-pa-termo-de-referencia-revela-detalhes-das-vagas\/#breadcrumb\",\"itemListElement\":[{\"@type\":\"ListItem\",\"position\":1,\"name\":\"In\u00edcio\",\"item\":\"https:\/\/www.estrategiaconcursos.com.br\/blog\/\"},{\"@type\":\"ListItem\",\"position\":2,\"name\":\"Concurso SEDUC PA: Termo de Refer\u00eancia revela detalhes das 2.000 vagas!\"}]},{\"@type\":\"WebSite\",\"@id\":\"https:\/\/www.estrategiaconcursos.com.br\/blog\/#website\",\"url\":\"https:\/\/www.estrategiaconcursos.com.br\/blog\/\",\"name\":\"Estrat\u00e9gia Concursos\",\"description\":\"O blog da Estrat\u00e9gia Concursos traz not\u00edcias sobre concursos e artigos de professores oferecendo cursos para concursos (pdf + videaulas) no site.\",\"publisher\":{\"@id\":\"https:\/\/www.estrategiaconcursos.com.br\/blog\/#organization\"},\"potentialAction\":[{\"@type\":\"SearchAction\",\"target\":{\"@type\":\"EntryPoint\",\"urlTemplate\":\"https:\/\/www.estrategiaconcursos.com.br\/blog\/?s={search_term_string}\"},\"query-input\":{\"@type\":\"PropertyValueSpecification\",\"valueRequired\":true,\"valueName\":\"search_term_string\"}}],\"inLanguage\":\"pt-BR\"},{\"@type\":\"Organization\",\"@id\":\"https:\/\/www.estrategiaconcursos.com.br\/blog\/#organization\",\"name\":\"Estrat\u00e9gia Concursos\",\"url\":\"https:\/\/www.estrategiaconcursos.com.br\/blog\/\",\"logo\":{\"@type\":\"ImageObject\",\"inLanguage\":\"pt-BR\",\"@id\":\"https:\/\/www.estrategiaconcursos.com.br\/blog\/#\/schema\/logo\/image\/\",\"url\":\"https:\/\/dhg1h5j42swfq.cloudfront.net\/2025\/06\/03203428\/logo_concursos-1.jpg\",\"contentUrl\":\"https:\/\/dhg1h5j42swfq.cloudfront.net\/2025\/06\/03203428\/logo_concursos-1.jpg\",\"width\":230,\"height\":60,\"caption\":\"Estrat\u00e9gia Concursos\"},\"image\":{\"@id\":\"https:\/\/www.estrategiaconcursos.com.br\/blog\/#\/schema\/logo\/image\/\"},\"sameAs\":[\"https:\/\/x.com\/EstratConcursos\"]},{\"@type\":\"Person\",\"@id\":\"https:\/\/www.estrategiaconcursos.com.br\/blog\/#\/schema\/person\/c6c0e1eadd39622c9352ddfc08a634b8\",\"name\":\"Jos\u00e9 Ferreira\",\"image\":{\"@type\":\"ImageObject\",\"inLanguage\":\"pt-BR\",\"@id\":\"https:\/\/secure.gravatar.com\/avatar\/4905709ae29b7da88ab39fb7f37bdaaf136d2b021cc441fdccfd11728a0dcf4f?s=96&d=mm&r=g\",\"url\":\"https:\/\/secure.gravatar.com\/avatar\/4905709ae29b7da88ab39fb7f37bdaaf136d2b021cc441fdccfd11728a0dcf4f?s=96&d=mm&r=g\",\"contentUrl\":\"https:\/\/secure.gravatar.com\/avatar\/4905709ae29b7da88ab39fb7f37bdaaf136d2b021cc441fdccfd11728a0dcf4f?s=96&d=mm&r=g\",\"caption\":\"Jos\u00e9 Ferreira\"},\"url\":\"https:\/\/www.estrategiaconcursos.com.br\/blog\/author\/jose-ferreira\/\"}]}<\/script>\n<!-- \/ Yoast SEO Premium plugin. -->","yoast_head_json":{"title":"Concurso SEDUC PA: Termo de Refer\u00eancia revela detalhes das 2.000 vagas!","description":"Saiba tudo sobre o Concurso SEDUC PA: 2.000 vagas, provas pr\u00e1ticas e informa\u00e7\u00f5es sobre a escolha da banca organizadora.","robots":{"index":"index","follow":"follow","max-snippet":"max-snippet:-1","max-image-preview":"max-image-preview:large","max-video-preview":"max-video-preview:-1"},"canonical":"https:\/\/www.estrategiaconcursos.com.br\/blog\/concurso-seduc-pa-termo-de-referencia-revela-detalhes-das-vagas\/","og_locale":"pt_BR","og_type":"article","og_title":"Concurso SEDUC PA: Termo de Refer\u00eancia revela detalhes das 2.000 vagas!","og_description":"Saiba tudo sobre o Concurso SEDUC PA: 2.000 vagas, provas pr\u00e1ticas e informa\u00e7\u00f5es sobre a escolha da banca organizadora.","og_url":"https:\/\/www.estrategiaconcursos.com.br\/blog\/concurso-seduc-pa-termo-de-referencia-revela-detalhes-das-vagas\/","og_site_name":"Estrat\u00e9gia Concursos","article_published_time":"2026-04-30T20:19:24+00:00","article_modified_time":"2026-04-30T20:19:27+00:00","og_image":[{"width":300,"height":168,"url":"https:\/\/dhg1h5j42swfq.cloudfront.net\/2022\/03\/15081806\/concurso-seduc-pa.jpg","type":"image\/jpeg"}],"author":"Jos\u00e9 Ferreira","twitter_card":"summary_large_image","twitter_creator":"@EstratConcursos","twitter_site":"@EstratConcursos","twitter_misc":{"Escrito por":"Jos\u00e9 Ferreira","Est. tempo de leitura":"2 minutos"},"schema":{"@context":"https:\/\/schema.org","@graph":[{"@type":"NewsArticle","@id":"https:\/\/www.estrategiaconcursos.com.br\/blog\/concurso-seduc-pa-termo-de-referencia-revela-detalhes-das-vagas\/#article","isPartOf":{"@id":"https:\/\/www.estrategiaconcursos.com.br\/blog\/concurso-seduc-pa-termo-de-referencia-revela-detalhes-das-vagas\/"},"author":{"name":"Jos\u00e9 Ferreira","@id":"https:\/\/www.estrategiaconcursos.com.br\/blog\/#\/schema\/person\/c6c0e1eadd39622c9352ddfc08a634b8"},"headline":"Concurso SEDUC PA: Termo de Refer\u00eancia revela detalhes das 2.000 vagas!","datePublished":"2026-04-30T20:19:24+00:00","dateModified":"2026-04-30T20:19:27+00:00","mainEntityOfPage":{"@id":"https:\/\/www.estrategiaconcursos.com.br\/blog\/concurso-seduc-pa-termo-de-referencia-revela-detalhes-das-vagas\/"},"wordCount":387,"commentCount":0,"publisher":{"@id":"https:\/\/www.estrategiaconcursos.com.br\/blog\/#organization"},"image":{"@id":"https:\/\/www.estrategiaconcursos.com.br\/blog\/concurso-seduc-pa-termo-de-referencia-revela-detalhes-das-vagas\/#primaryimage"},"thumbnailUrl":"https:\/\/dhg1h5j42swfq.cloudfront.net\/2022\/03\/15081806\/concurso-seduc-pa.jpg","articleSection":["Educa\u00e7\u00e3o","\u00daltimas not\u00edcias"],"inLanguage":"pt-BR","potentialAction":[{"@type":"CommentAction","name":"Comment","target":["https:\/\/www.estrategiaconcursos.com.br\/blog\/concurso-seduc-pa-termo-de-referencia-revela-detalhes-das-vagas\/#respond"]}],"copyrightYear":"2026","copyrightHolder":{"@id":"https:\/\/www.estrategiaconcursos.com.br\/blog\/#organization"}},{"@type":"WebPage","@id":"https:\/\/www.estrategiaconcursos.com.br\/blog\/concurso-seduc-pa-termo-de-referencia-revela-detalhes-das-vagas\/","url":"https:\/\/www.estrategiaconcursos.com.br\/blog\/concurso-seduc-pa-termo-de-referencia-revela-detalhes-das-vagas\/","name":"Concurso SEDUC PA: Termo de Refer\u00eancia revela detalhes das 2.000 vagas!","isPartOf":{"@id":"https:\/\/www.estrategiaconcursos.com.br\/blog\/#website"},"primaryImageOfPage":{"@id":"https:\/\/www.estrategiaconcursos.com.br\/blog\/concurso-seduc-pa-termo-de-referencia-revela-detalhes-das-vagas\/#primaryimage"},"image":{"@id":"https:\/\/www.estrategiaconcursos.com.br\/blog\/concurso-seduc-pa-termo-de-referencia-revela-detalhes-das-vagas\/#primaryimage"},"thumbnailUrl":"https:\/\/dhg1h5j42swfq.cloudfront.net\/2022\/03\/15081806\/concurso-seduc-pa.jpg","datePublished":"2026-04-30T20:19:24+00:00","dateModified":"2026-04-30T20:19:27+00:00","description":"Saiba tudo sobre o Concurso SEDUC PA: 2.000 vagas, provas pr\u00e1ticas e informa\u00e7\u00f5es sobre a escolha da banca organizadora.","breadcrumb":{"@id":"https:\/\/www.estrategiaconcursos.com.br\/blog\/concurso-seduc-pa-termo-de-referencia-revela-detalhes-das-vagas\/#breadcrumb"},"inLanguage":"pt-BR","potentialAction":[{"@type":"ReadAction","target":["https:\/\/www.estrategiaconcursos.com.br\/blog\/concurso-seduc-pa-termo-de-referencia-revela-detalhes-das-vagas\/"]}]},{"@type":"ImageObject","inLanguage":"pt-BR","@id":"https:\/\/www.estrategiaconcursos.com.br\/blog\/concurso-seduc-pa-termo-de-referencia-revela-detalhes-das-vagas\/#primaryimage","url":"https:\/\/dhg1h5j42swfq.cloudfront.net\/2022\/03\/15081806\/concurso-seduc-pa.jpg","contentUrl":"https:\/\/dhg1h5j42swfq.cloudfront.net\/2022\/03\/15081806\/concurso-seduc-pa.jpg","width":300,"height":168},{"@type":"BreadcrumbList","@id":"https:\/\/www.estrategiaconcursos.com.br\/blog\/concurso-seduc-pa-termo-de-referencia-revela-detalhes-das-vagas\/#breadcrumb","itemListElement":[{"@type":"ListItem","position":1,"name":"In\u00edcio","item":"https:\/\/www.estrategiaconcursos.com.br\/blog\/"},{"@type":"ListItem","position":2,"name":"Concurso SEDUC PA: Termo de Refer\u00eancia revela detalhes das 2.000 vagas!"}]},{"@type":"WebSite","@id":"https:\/\/www.estrategiaconcursos.com.br\/blog\/#website","url":"https:\/\/www.estrategiaconcursos.com.br\/blog\/","name":"Estrat\u00e9gia Concursos","description":"O blog da Estrat\u00e9gia Concursos traz not\u00edcias sobre concursos e artigos de professores oferecendo cursos para concursos (pdf + videaulas) no site.","publisher":{"@id":"https:\/\/www.estrategiaconcursos.com.br\/blog\/#organization"},"potentialAction":[{"@type":"SearchAction","target":{"@type":"EntryPoint","urlTemplate":"https:\/\/www.estrategiaconcursos.com.br\/blog\/?s={search_term_string}"},"query-input":{"@type":"PropertyValueSpecification","valueRequired":true,"valueName":"search_term_string"}}],"inLanguage":"pt-BR"},{"@type":"Organization","@id":"https:\/\/www.estrategiaconcursos.com.br\/blog\/#organization","name":"Estrat\u00e9gia Concursos","url":"https:\/\/www.estrategiaconcursos.com.br\/blog\/","logo":{"@type":"ImageObject","inLanguage":"pt-BR","@id":"https:\/\/www.estrategiaconcursos.com.br\/blog\/#\/schema\/logo\/image\/","url":"https:\/\/dhg1h5j42swfq.cloudfront.net\/2025\/06\/03203428\/logo_concursos-1.jpg","contentUrl":"https:\/\/dhg1h5j42swfq.cloudfront.net\/2025\/06\/03203428\/logo_concursos-1.jpg","width":230,"height":60,"caption":"Estrat\u00e9gia Concursos"},"image":{"@id":"https:\/\/www.estrategiaconcursos.com.br\/blog\/#\/schema\/logo\/image\/"},"sameAs":["https:\/\/x.com\/EstratConcursos"]},{"@type":"Person","@id":"https:\/\/www.estrategiaconcursos.com.br\/blog\/#\/schema\/person\/c6c0e1eadd39622c9352ddfc08a634b8","name":"Jos\u00e9 Ferreira","image":{"@type":"ImageObject","inLanguage":"pt-BR","@id":"https:\/\/secure.gravatar.com\/avatar\/4905709ae29b7da88ab39fb7f37bdaaf136d2b021cc441fdccfd11728a0dcf4f?s=96&d=mm&r=g","url":"https:\/\/secure.gravatar.com\/avatar\/4905709ae29b7da88ab39fb7f37bdaaf136d2b021cc441fdccfd11728a0dcf4f?s=96&d=mm&r=g","contentUrl":"https:\/\/secure.gravatar.com\/avatar\/4905709ae29b7da88ab39fb7f37bdaaf136d2b021cc441fdccfd11728a0dcf4f?s=96&d=mm&r=g","caption":"Jos\u00e9 Ferreira"},"url":"https:\/\/www.estrategiaconcursos.com.br\/blog\/author\/jose-ferreira\/"}]}},"_links":{"self":[{"href":"https:\/\/www.estrategiaconcursos.com.br\/blog\/wp-json\/wp\/v2\/posts\/1759209","targetHints":{"allow":["GET"]}}],"collection":[{"href":"https:\/\/www.estrategiaconcursos.com.br\/blog\/wp-json\/wp\/v2\/posts"}],"about":[{"href":"https:\/\/www.estrategiaconcursos.com.br\/blog\/wp-json\/wp\/v2\/types\/post"}],"author":[{"embeddable":true,"href":"https:\/\/www.estrategiaconcursos.com.br\/blog\/wp-json\/wp\/v2\/users\/3079"}],"replies":[{"embeddable":true,"href":"https:\/\/www.estrategiaconcursos.com.br\/blog\/wp-json\/wp\/v2\/comments?post=1759209"}],"version-history":[{"count":2,"href":"https:\/\/www.estrategiaconcursos.com.br\/blog\/wp-json\/wp\/v2\/posts\/1759209\/revisions"}],"predecessor-version":[{"id":1759225,"href":"https:\/\/www.estrategiaconcursos.com.br\/blog\/wp-json\/wp\/v2\/posts\/1759209\/revisions\/1759225"}],"wp:featuredmedia":[{"embeddable":true,"href":"https:\/\/www.estrategiaconcursos.com.br\/blog\/wp-json\/wp\/v2\/media\/987583"}],"wp:attachment":[{"href":"https:\/\/www.estrategiaconcursos.com.br\/blog\/wp-json\/wp\/v2\/media?parent=1759209"}],"wp:term":[{"taxonomy":"category","embeddable":true,"href":"https:\/\/www.estrategiaconcursos.com.br\/blog\/wp-json\/wp\/v2\/categories?post=1759209"},{"taxonomy":"post_tag","embeddable":true,"href":"https:\/\/www.estrategiaconcursos.com.br\/blog\/wp-json\/wp\/v2\/tags?post=1759209"},{"taxonomy":"tax_estado","embeddable":true,"href":"https:\/\/www.estrategiaconcursos.com.br\/blog\/wp-json\/wp\/v2\/tax_estado?post=1759209"}],"curies":[{"name":"wp","href":"https:\/\/api.w.org\/{rel}","templated":true}]}}