{"id":1759172,"date":"2026-04-30T16:50:41","date_gmt":"2026-04-30T19:50:41","guid":{"rendered":"https:\/\/www.estrategiaconcursos.com.br\/blog\/?p=1759172"},"modified":"2026-04-30T16:52:40","modified_gmt":"2026-04-30T19:52:40","slug":"prova-do-concurso-urbam-sjc","status":"publish","type":"post","link":"https:\/\/www.estrategiaconcursos.com.br\/blog\/prova-do-concurso-urbam-sjc\/","title":{"rendered":"Como se preparar para a prova do Concurso URBAM SJC?"},"content":{"rendered":"\n<p style=\"font-size:clamp(16.293px, 1.018rem + ((1vw - 3.2px) * 0.854), 25px);\"><em><strong>As provas do Concurso URBAM SJC ser\u00e3o aplicadas no dia 10 de maio! A organiza\u00e7\u00e3o \u00e9 do pr\u00f3prio \u00f3rg\u00e3o.<\/strong><\/em><\/p>\n\n\n\n<p>O <strong><a href=\"https:\/\/www.estrategiaconcursos.com.br\/cursosPorConcurso\/urbanizadora-municipal-s-a-urbam-sao-jose-dos-campos-sp\/\" target=\"_blank\" rel=\"noreferrer noopener\">Concurso URBAM SJC<\/a><\/strong> j\u00e1 tem data marcada para aplica\u00e7\u00e3o das provas: <strong>10 de maio de 2026<\/strong>. <\/p>\n\n\n\n<p>Lembrando que o certame oferece <strong>5 vagas imediatas<\/strong> para cargos de n\u00edveis fundamental e m\u00e9dio, com sal\u00e1rios iniciais entre <strong>R$ 2.400,29 e R$ 2.516,59<\/strong>.<\/p>\n\n\n\n<p>Com a reta final se aproximando, este \u00e9 o momento ideal para organizar os estudos e aumentar as chances de aprova\u00e7\u00e3o. Neste artigo, voc\u00ea confere como se preparar da forma certa para a prova do Concurso URBAM SJC.<\/p>\n\n\n\n<h2 class=\"wp-block-heading\" id=\"h-conheca-o-formato-da-prova\"><strong>Conhe\u00e7a o formato da prova<\/strong><\/h2>\n\n\n\n<p>Conforme aponta o edital do Concurso URBAM SJC, a sele\u00e7\u00e3o contar\u00e1 com <strong>prova objetiva<\/strong>, de car\u00e1ter eliminat\u00f3rio e classificat\u00f3rio.<\/p>\n\n\n\n<p>As avalia\u00e7\u00f5es ter\u00e3o entre <strong>30 e 40 quest\u00f5es de m\u00faltipla escolha<\/strong>, com quatro alternativas cada, e dura\u00e7\u00e3o total de <strong>3 horas<\/strong>. Confira a divis\u00e3o por cargo:<\/p>\n\n\n\n<h3 class=\"wp-block-heading\" id=\"h-pedreiro\"><strong>Pedreiro<\/strong><\/h3>\n\n\n\n<ul class=\"wp-block-list\">\n<li>30 quest\u00f5es de Conhecimentos Espec\u00edficos.<\/li>\n<\/ul>\n\n\n\n<h3 class=\"wp-block-heading\" id=\"h-monitor-de-servicos-gerais\"><strong>Monitor de Servi\u00e7os Gerais<\/strong><\/h3>\n\n\n\n<ul class=\"wp-block-list\">\n<li>L\u00edngua Portuguesa: 10 quest\u00f5es<\/li>\n\n\n\n<li>Matem\u00e1tica: 10 quest\u00f5es<\/li>\n\n\n\n<li>Inform\u00e1tica: 10 quest\u00f5es<\/li>\n\n\n\n<li>Conhecimentos Espec\u00edficos e Seguran\u00e7a do Trabalho: 10 quest\u00f5es<\/li>\n<\/ul>\n\n\n\n<h2 class=\"wp-block-heading\" id=\"h-monte-um-plano-de-estudos-estrategico\">Monte um plano de estudos estrat\u00e9gico<\/h2>\n\n\n\n<p>Com pouco tempo at\u00e9 a prova, o ideal \u00e9 focar no que realmente cai.<\/p>\n\n\n\n<h3 class=\"wp-block-heading\" id=\"h-para-o-cargo-de-pedreiro-priorize-conteudos-tecnicos-da-funcao-como\">Para o cargo de Pedreiro, priorize conte\u00fados t\u00e9cnicos da fun\u00e7\u00e3o, como:<\/h3>\n\n\n\n<ul class=\"wp-block-list\">\n<li>Alvenaria<\/li>\n\n\n\n<li>Ferramentas e materiais<\/li>\n\n\n\n<li>Tipos de acabamento<\/li>\n\n\n\n<li>Seguran\u00e7a no trabalho<\/li>\n\n\n\n<li>Leitura b\u00e1sica de projetos<\/li>\n\n\n\n<li>No\u00e7\u00f5es de manuten\u00e7\u00e3o predial<\/li>\n<\/ul>\n\n\n\n<h3 class=\"wp-block-heading\" id=\"h-ja-para-o-cargo-de-monitor-de-servicos-gerais-e-necessario-dividir-sua-rotina-entre-as-quatro-disciplinas-previstas-no-edital\">J\u00e1 para o cargo de Monitor de Servi\u00e7os Gerais, \u00e9 necess\u00e1rio dividir sua rotina entre as quatro disciplinas previstas no edital:<\/h3>\n\n\n\n<ul class=\"wp-block-list\">\n<li><strong>Portugu\u00eas:<\/strong> interpreta\u00e7\u00e3o de texto, gram\u00e1tica e ortografia<\/li>\n\n\n\n<li><strong>Matem\u00e1tica:<\/strong> porcentagem, regra de tr\u00eas, opera\u00e7\u00f5es b\u00e1sicas e problemas<\/li>\n\n\n\n<li><strong>Inform\u00e1tica:<\/strong> Windows, Word, Excel e internet<\/li>\n\n\n\n<li><strong>Espec\u00edficos:<\/strong> rotinas operacionais e normas de seguran\u00e7a<\/li>\n<\/ul>\n\n\n\n<h2 class=\"wp-block-heading\" id=\"h-resolva-questoes-todos-os-dias\">Resolva quest\u00f5es todos os dias<\/h2>\n\n\n\n<p>Mesmo que a banca seja de organiza\u00e7\u00e3o pr\u00f3pria, praticar quest\u00f5es similares ajuda a:<\/p>\n\n\n\n<ul class=\"wp-block-list\">\n<li>ganhar velocidade;<\/li>\n\n\n\n<li>identificar erros recorrentes;<\/li>\n\n\n\n<li>melhorar interpreta\u00e7\u00e3o;<\/li>\n\n\n\n<li>aumentar confian\u00e7a.<\/li>\n<\/ul>\n\n\n\n<p>Busque exerc\u00edcios de concursos municipais e empresas p\u00fablicas.<\/p>\n\n\n\n<h2 class=\"wp-block-heading\" id=\"h-faca-revisoes-curtas-e-constantes\">Fa\u00e7a revis\u00f5es curtas e constantes<\/h2>\n\n\n\n<p>Na reta final, revisar vale mais do que come\u00e7ar conte\u00fados novos. Use t\u00e9cnicas como:<\/p>\n\n\n\n<ul class=\"wp-block-list\">\n<li>resumos r\u00e1pidos;<\/li>\n\n\n\n<li>mapas mentais;<\/li>\n\n\n\n<li>flashcards;<\/li>\n\n\n\n<li>leitura de anota\u00e7\u00f5es;<\/li>\n\n\n\n<li>simulados comentados.<\/li>\n<\/ul>\n\n\n\n<h2 class=\"wp-block-heading\" id=\"h-cuide-da-parte-mental-e-fisica\">Cuide da parte mental e f\u00edsica<\/h2>\n\n\n\n<p>Nas \u00faltimas semanas antes das provas do Concurso URBAM SJC:<\/p>\n\n\n\n<ul class=\"wp-block-list\">\n<li>mantenha rotina de sono;<\/li>\n\n\n\n<li>evite exageros;<\/li>\n\n\n\n<li>organize documentos;<\/li>\n\n\n\n<li>confira local de prova;<\/li>\n\n\n\n<li>reduza ansiedade com planejamento.<\/li>\n<\/ul>\n\n\n\n<h2 class=\"wp-block-heading\" id=\"h-vale-a-pena-fazer-o-concurso-urbam-sjc\">Vale a pena fazer o Concurso URBAM SJC?<\/h2>\n\n\n\n<p>Sim. O concurso oferece estabilidade no regime celetista, sal\u00e1rios competitivos para os n\u00edveis exigidos e chance de ingresso em uma empresa p\u00fablica importante do munic\u00edpio de S\u00e3o Jos\u00e9 dos Campos.<\/p>\n\n\n\n<p>Para saber TODOS os detalhes das provas e demais disposi\u00e7\u00f5es do Concurso URBAM SJC, acesse agora mesmo o nosso artigo completo:<\/p>\n\n\n\n<p class=\"has-text-align-center has-background\" style=\"background-color:#f2f2f2;font-size:clamp(1.039rem, 1.039rem + ((1vw - 0.2rem) * 0.88), 1.6rem);\"><strong>Saiba mais: <a href=\"https:\/\/www.estrategiaconcursos.com.br\/blog\/concurso-urbam-sjc\/\" target=\"_blank\" rel=\"noreferrer noopener\">Concurso URBAM SJC<\/a><\/strong><\/p>\n\n\n\n<hr class=\"wp-block-separator has-alpha-channel-opacity\"\/>\n\n\n\n<p class=\"has-text-align-center has-x-large-font-size\"><em>Cursos e assinaturas:<\/em><\/p>\n\n\n\n<div class=\"container\" id=\"boxes\">\n  <div class=\"row\">\n\n    <div class=\"col-sm\">\n      <div class=\"estrategia\" id=\"box-assinatura\">\n        <h3 class=\"titulo-assinatura\">Assinatura Concursos<\/h3>\n        <p class=\"subtitulo-assinatura\">Assinatura de 1 ano ou 2 anos<\/p>\n        <div class=\"box-botao\">\n          <a class=\"btn-assinatura\" target=\"_blank\" href=\"https:\/\/www.estrategiaconcursos.com.br\/assinaturas\/\" role=\"button\" rel=\"noopener noreferrer\">ASSINE AGORA<\/a>\n        <\/div>\n      <\/div><\/div><\/div><\/div>\n\n\n\n<p class=\"has-text-align-center has-x-large-font-size\" id=\"h-quer-saber-tudo-sobre-concursos-previstos-confira-nossos-artigos\">Quer saber tudo sobre concursos previstos?<br \/>Confira  nossos artigos!<\/p>\n\n\n\n<ul class=\"wp-block-list\">\n<li><a href=\"https:\/\/www.estrategiaconcursos.com.br\/blog\/concursos-abertos\/\" target=\"_blank\" rel=\"noreferrer noopener\">Concursos Abertos<\/a><\/li>\n\n\n\n<li><a href=\"https:\/\/www.estrategiaconcursos.com.br\/blog\/concursos-2026\/\" target=\"_blank\" rel=\"noreferrer noopener\">Concursos 2026<\/a><\/li>\n\n\n\n<li><a href=\"https:\/\/www.estrategiaconcursos.com.br\/blog\/concursos-sp\/\" target=\"_blank\" rel=\"noreferrer noopener\">Concursos SP<\/a><\/li>\n<\/ul>\n\n\n\n<p><\/p>\n","protected":false},"excerpt":{"rendered":"<p>As provas do Concurso URBAM SJC ser\u00e3o aplicadas no dia 10 de maio! A organiza\u00e7\u00e3o \u00e9 do pr\u00f3prio \u00f3rg\u00e3o. O Concurso URBAM SJC j\u00e1 tem data marcada para aplica\u00e7\u00e3o das provas: 10 de maio de 2026. Lembrando que o certame oferece 5 vagas imediatas para cargos de n\u00edveis fundamental e m\u00e9dio, com sal\u00e1rios iniciais entre [&hellip;]<\/p>\n","protected":false},"author":656,"featured_media":1318828,"comment_status":"open","ping_status":"closed","sticky":false,"template":"","format":"standard","meta":{"post_tipo":"news","footnotes":""},"categories":[214992,220219],"tags":[],"tax_estado":[],"class_list":["post-1759172","post","type-post","status-publish","format-standard","has-post-thumbnail","hentry","category-concursos-administrativos","category-noticias"],"acf":[],"yoast_head":"<!-- This site is optimized with the Yoast SEO Premium plugin v27.2 (Yoast SEO v27.2) - https:\/\/yoast.com\/product\/yoast-seo-premium-wordpress\/ -->\n<title>Como se preparar para a prova do Concurso URBAM SJC?<\/title>\n<meta name=\"description\" content=\"Saiba como se preparar para a prova do Concurso URBAM SJC! As avalia\u00e7\u00f5es ser\u00e3o aplicadas no dia 5 de maio. Acesse aqui!\" \/>\n<meta name=\"robots\" content=\"index, follow, max-snippet:-1, max-image-preview:large, max-video-preview:-1\" \/>\n<link rel=\"canonical\" href=\"https:\/\/www.estrategiaconcursos.com.br\/blog\/prova-do-concurso-urbam-sjc\/\" \/>\n<meta property=\"og:locale\" content=\"pt_BR\" \/>\n<meta property=\"og:type\" content=\"article\" \/>\n<meta property=\"og:title\" content=\"Como se preparar para a prova do Concurso URBAM SJC?\" \/>\n<meta property=\"og:description\" content=\"Saiba como se preparar para a prova do Concurso URBAM SJC! As avalia\u00e7\u00f5es ser\u00e3o aplicadas no dia 5 de maio. Acesse aqui!\" \/>\n<meta property=\"og:url\" content=\"https:\/\/www.estrategiaconcursos.com.br\/blog\/prova-do-concurso-urbam-sjc\/\" \/>\n<meta property=\"og:site_name\" content=\"Estrat\u00e9gia Concursos\" \/>\n<meta property=\"article:published_time\" content=\"2026-04-30T19:50:41+00:00\" \/>\n<meta property=\"article:modified_time\" content=\"2026-04-30T19:52:40+00:00\" \/>\n<meta property=\"og:image\" content=\"https:\/\/dhg1h5j42swfq.cloudfront.net\/2023\/12\/09093435\/urbam-sjc.jpg\" \/>\n\t<meta property=\"og:image:width\" content=\"768\" \/>\n\t<meta property=\"og:image:height\" content=\"432\" \/>\n\t<meta property=\"og:image:type\" content=\"image\/jpeg\" \/>\n<meta name=\"author\" content=\"F\u00e1bio Scaldelai\" \/>\n<meta name=\"twitter:card\" content=\"summary_large_image\" \/>\n<meta name=\"twitter:creator\" content=\"@EstratConcursos\" \/>\n<meta name=\"twitter:site\" content=\"@EstratConcursos\" \/>\n<meta name=\"twitter:label1\" content=\"Escrito por\" \/>\n\t<meta name=\"twitter:data1\" content=\"F\u00e1bio Scaldelai\" \/>\n\t<meta name=\"twitter:label2\" content=\"Est. tempo de leitura\" \/>\n\t<meta name=\"twitter:data2\" content=\"3 minutos\" \/>\n<script type=\"application\/ld+json\" class=\"yoast-schema-graph\">{\"@context\":\"https:\/\/schema.org\",\"@graph\":[{\"@type\":\"NewsArticle\",\"@id\":\"https:\/\/www.estrategiaconcursos.com.br\/blog\/prova-do-concurso-urbam-sjc\/#article\",\"isPartOf\":{\"@id\":\"https:\/\/www.estrategiaconcursos.com.br\/blog\/prova-do-concurso-urbam-sjc\/\"},\"author\":{\"name\":\"F\u00e1bio Scaldelai\",\"@id\":\"https:\/\/www.estrategiaconcursos.com.br\/blog\/#\/schema\/person\/e3b6b7ce0192dd4ad270655969d61750\"},\"headline\":\"Como se preparar para a prova do Concurso URBAM SJC?\",\"datePublished\":\"2026-04-30T19:50:41+00:00\",\"dateModified\":\"2026-04-30T19:52:40+00:00\",\"mainEntityOfPage\":{\"@id\":\"https:\/\/www.estrategiaconcursos.com.br\/blog\/prova-do-concurso-urbam-sjc\/\"},\"wordCount\":527,\"commentCount\":0,\"publisher\":{\"@id\":\"https:\/\/www.estrategiaconcursos.com.br\/blog\/#organization\"},\"image\":{\"@id\":\"https:\/\/www.estrategiaconcursos.com.br\/blog\/prova-do-concurso-urbam-sjc\/#primaryimage\"},\"thumbnailUrl\":\"https:\/\/dhg1h5j42swfq.cloudfront.net\/2023\/12\/09093435\/urbam-sjc.jpg\",\"articleSection\":[\"Executivo (Administrativa)\",\"\u00daltimas not\u00edcias\"],\"inLanguage\":\"pt-BR\",\"potentialAction\":[{\"@type\":\"CommentAction\",\"name\":\"Comment\",\"target\":[\"https:\/\/www.estrategiaconcursos.com.br\/blog\/prova-do-concurso-urbam-sjc\/#respond\"]}],\"copyrightYear\":\"2026\",\"copyrightHolder\":{\"@id\":\"https:\/\/www.estrategiaconcursos.com.br\/blog\/#organization\"}},{\"@type\":\"WebPage\",\"@id\":\"https:\/\/www.estrategiaconcursos.com.br\/blog\/prova-do-concurso-urbam-sjc\/\",\"url\":\"https:\/\/www.estrategiaconcursos.com.br\/blog\/prova-do-concurso-urbam-sjc\/\",\"name\":\"Como se preparar para a prova do Concurso URBAM SJC?\",\"isPartOf\":{\"@id\":\"https:\/\/www.estrategiaconcursos.com.br\/blog\/#website\"},\"primaryImageOfPage\":{\"@id\":\"https:\/\/www.estrategiaconcursos.com.br\/blog\/prova-do-concurso-urbam-sjc\/#primaryimage\"},\"image\":{\"@id\":\"https:\/\/www.estrategiaconcursos.com.br\/blog\/prova-do-concurso-urbam-sjc\/#primaryimage\"},\"thumbnailUrl\":\"https:\/\/dhg1h5j42swfq.cloudfront.net\/2023\/12\/09093435\/urbam-sjc.jpg\",\"datePublished\":\"2026-04-30T19:50:41+00:00\",\"dateModified\":\"2026-04-30T19:52:40+00:00\",\"description\":\"Saiba como se preparar para a prova do Concurso URBAM SJC! As avalia\u00e7\u00f5es ser\u00e3o aplicadas no dia 5 de maio. Acesse aqui!\",\"breadcrumb\":{\"@id\":\"https:\/\/www.estrategiaconcursos.com.br\/blog\/prova-do-concurso-urbam-sjc\/#breadcrumb\"},\"inLanguage\":\"pt-BR\",\"potentialAction\":[{\"@type\":\"ReadAction\",\"target\":[\"https:\/\/www.estrategiaconcursos.com.br\/blog\/prova-do-concurso-urbam-sjc\/\"]}]},{\"@type\":\"ImageObject\",\"inLanguage\":\"pt-BR\",\"@id\":\"https:\/\/www.estrategiaconcursos.com.br\/blog\/prova-do-concurso-urbam-sjc\/#primaryimage\",\"url\":\"https:\/\/dhg1h5j42swfq.cloudfront.net\/2023\/12\/09093435\/urbam-sjc.jpg\",\"contentUrl\":\"https:\/\/dhg1h5j42swfq.cloudfront.net\/2023\/12\/09093435\/urbam-sjc.jpg\",\"width\":768,\"height\":432,\"caption\":\"provas Concurso URBAM SJC\"},{\"@type\":\"BreadcrumbList\",\"@id\":\"https:\/\/www.estrategiaconcursos.com.br\/blog\/prova-do-concurso-urbam-sjc\/#breadcrumb\",\"itemListElement\":[{\"@type\":\"ListItem\",\"position\":1,\"name\":\"In\u00edcio\",\"item\":\"https:\/\/www.estrategiaconcursos.com.br\/blog\/\"},{\"@type\":\"ListItem\",\"position\":2,\"name\":\"Como se preparar para a prova do Concurso URBAM SJC?\"}]},{\"@type\":\"WebSite\",\"@id\":\"https:\/\/www.estrategiaconcursos.com.br\/blog\/#website\",\"url\":\"https:\/\/www.estrategiaconcursos.com.br\/blog\/\",\"name\":\"Estrat\u00e9gia Concursos\",\"description\":\"O blog da Estrat\u00e9gia Concursos traz not\u00edcias sobre concursos e artigos de professores oferecendo cursos para concursos (pdf + videaulas) no site.\",\"publisher\":{\"@id\":\"https:\/\/www.estrategiaconcursos.com.br\/blog\/#organization\"},\"potentialAction\":[{\"@type\":\"SearchAction\",\"target\":{\"@type\":\"EntryPoint\",\"urlTemplate\":\"https:\/\/www.estrategiaconcursos.com.br\/blog\/?s={search_term_string}\"},\"query-input\":{\"@type\":\"PropertyValueSpecification\",\"valueRequired\":true,\"valueName\":\"search_term_string\"}}],\"inLanguage\":\"pt-BR\"},{\"@type\":\"Organization\",\"@id\":\"https:\/\/www.estrategiaconcursos.com.br\/blog\/#organization\",\"name\":\"Estrat\u00e9gia Concursos\",\"url\":\"https:\/\/www.estrategiaconcursos.com.br\/blog\/\",\"logo\":{\"@type\":\"ImageObject\",\"inLanguage\":\"pt-BR\",\"@id\":\"https:\/\/www.estrategiaconcursos.com.br\/blog\/#\/schema\/logo\/image\/\",\"url\":\"https:\/\/dhg1h5j42swfq.cloudfront.net\/2025\/06\/03203428\/logo_concursos-1.jpg\",\"contentUrl\":\"https:\/\/dhg1h5j42swfq.cloudfront.net\/2025\/06\/03203428\/logo_concursos-1.jpg\",\"width\":230,\"height\":60,\"caption\":\"Estrat\u00e9gia Concursos\"},\"image\":{\"@id\":\"https:\/\/www.estrategiaconcursos.com.br\/blog\/#\/schema\/logo\/image\/\"},\"sameAs\":[\"https:\/\/x.com\/EstratConcursos\"]},{\"@type\":\"Person\",\"@id\":\"https:\/\/www.estrategiaconcursos.com.br\/blog\/#\/schema\/person\/e3b6b7ce0192dd4ad270655969d61750\",\"name\":\"F\u00e1bio Scaldelai\",\"image\":{\"@type\":\"ImageObject\",\"inLanguage\":\"pt-BR\",\"@id\":\"https:\/\/secure.gravatar.com\/avatar\/8ed7492c4d88d8495bc0cb24cda6847b8ae23eec459a919e08e77d0ca0fd79ec?s=96&d=mm&r=g\",\"url\":\"https:\/\/secure.gravatar.com\/avatar\/8ed7492c4d88d8495bc0cb24cda6847b8ae23eec459a919e08e77d0ca0fd79ec?s=96&d=mm&r=g\",\"contentUrl\":\"https:\/\/secure.gravatar.com\/avatar\/8ed7492c4d88d8495bc0cb24cda6847b8ae23eec459a919e08e77d0ca0fd79ec?s=96&d=mm&r=g\",\"caption\":\"F\u00e1bio Scaldelai\"},\"description\":\"Jornalista no Estrat\u00e9gia Concursos e Produtor de Televis\u00e3o, formado em Jornalismo, R\u00e1dio e TV pela Faculdade Integrada Rio Branco, com especializa\u00e7\u00f5es em Gest\u00e3o Empresarial e Marketing pelo M\u00f3dulo. Atuou como produtor no SBT, TV Bandeirantes e R\u00e1dio Band FM, al\u00e9m de acumular tr\u00eas anos de experi\u00eancia no setor de concursos p\u00fablicos pela LFG (Luiz Fl\u00e1vio Gomes). No Estrat\u00e9gia Concursos, atua na apura\u00e7\u00e3o de not\u00edcias da \u00e1rea fiscal, al\u00e9m de coberturas sobre concursos das \u00e1reas de controle (TCU, TCE, etc), concurso AFT, \u00e1rea de gest\u00e3o e administrativa, bem como dos \u00f3rg\u00e3os participantes do CNU. Tamb\u00e9m possui experi\u00eancia em link building e an\u00e1lise de m\u00eddia, adquirida durante sua atua\u00e7\u00e3o na ag\u00eancia SEO Marketing.\",\"url\":\"https:\/\/www.estrategiaconcursos.com.br\/blog\/author\/fabio-scaldelaiestrategiaconcursos-com-br\/\"}]}<\/script>\n<!-- \/ Yoast SEO Premium plugin. -->","yoast_head_json":{"title":"Como se preparar para a prova do Concurso URBAM SJC?","description":"Saiba como se preparar para a prova do Concurso URBAM SJC! As avalia\u00e7\u00f5es ser\u00e3o aplicadas no dia 5 de maio. Acesse aqui!","robots":{"index":"index","follow":"follow","max-snippet":"max-snippet:-1","max-image-preview":"max-image-preview:large","max-video-preview":"max-video-preview:-1"},"canonical":"https:\/\/www.estrategiaconcursos.com.br\/blog\/prova-do-concurso-urbam-sjc\/","og_locale":"pt_BR","og_type":"article","og_title":"Como se preparar para a prova do Concurso URBAM SJC?","og_description":"Saiba como se preparar para a prova do Concurso URBAM SJC! As avalia\u00e7\u00f5es ser\u00e3o aplicadas no dia 5 de maio. Acesse aqui!","og_url":"https:\/\/www.estrategiaconcursos.com.br\/blog\/prova-do-concurso-urbam-sjc\/","og_site_name":"Estrat\u00e9gia Concursos","article_published_time":"2026-04-30T19:50:41+00:00","article_modified_time":"2026-04-30T19:52:40+00:00","og_image":[{"width":768,"height":432,"url":"https:\/\/dhg1h5j42swfq.cloudfront.net\/2023\/12\/09093435\/urbam-sjc.jpg","type":"image\/jpeg"}],"author":"F\u00e1bio Scaldelai","twitter_card":"summary_large_image","twitter_creator":"@EstratConcursos","twitter_site":"@EstratConcursos","twitter_misc":{"Escrito por":"F\u00e1bio Scaldelai","Est. tempo de leitura":"3 minutos"},"schema":{"@context":"https:\/\/schema.org","@graph":[{"@type":"NewsArticle","@id":"https:\/\/www.estrategiaconcursos.com.br\/blog\/prova-do-concurso-urbam-sjc\/#article","isPartOf":{"@id":"https:\/\/www.estrategiaconcursos.com.br\/blog\/prova-do-concurso-urbam-sjc\/"},"author":{"name":"F\u00e1bio Scaldelai","@id":"https:\/\/www.estrategiaconcursos.com.br\/blog\/#\/schema\/person\/e3b6b7ce0192dd4ad270655969d61750"},"headline":"Como se preparar para a prova do Concurso URBAM SJC?","datePublished":"2026-04-30T19:50:41+00:00","dateModified":"2026-04-30T19:52:40+00:00","mainEntityOfPage":{"@id":"https:\/\/www.estrategiaconcursos.com.br\/blog\/prova-do-concurso-urbam-sjc\/"},"wordCount":527,"commentCount":0,"publisher":{"@id":"https:\/\/www.estrategiaconcursos.com.br\/blog\/#organization"},"image":{"@id":"https:\/\/www.estrategiaconcursos.com.br\/blog\/prova-do-concurso-urbam-sjc\/#primaryimage"},"thumbnailUrl":"https:\/\/dhg1h5j42swfq.cloudfront.net\/2023\/12\/09093435\/urbam-sjc.jpg","articleSection":["Executivo (Administrativa)","\u00daltimas not\u00edcias"],"inLanguage":"pt-BR","potentialAction":[{"@type":"CommentAction","name":"Comment","target":["https:\/\/www.estrategiaconcursos.com.br\/blog\/prova-do-concurso-urbam-sjc\/#respond"]}],"copyrightYear":"2026","copyrightHolder":{"@id":"https:\/\/www.estrategiaconcursos.com.br\/blog\/#organization"}},{"@type":"WebPage","@id":"https:\/\/www.estrategiaconcursos.com.br\/blog\/prova-do-concurso-urbam-sjc\/","url":"https:\/\/www.estrategiaconcursos.com.br\/blog\/prova-do-concurso-urbam-sjc\/","name":"Como se preparar para a prova do Concurso URBAM SJC?","isPartOf":{"@id":"https:\/\/www.estrategiaconcursos.com.br\/blog\/#website"},"primaryImageOfPage":{"@id":"https:\/\/www.estrategiaconcursos.com.br\/blog\/prova-do-concurso-urbam-sjc\/#primaryimage"},"image":{"@id":"https:\/\/www.estrategiaconcursos.com.br\/blog\/prova-do-concurso-urbam-sjc\/#primaryimage"},"thumbnailUrl":"https:\/\/dhg1h5j42swfq.cloudfront.net\/2023\/12\/09093435\/urbam-sjc.jpg","datePublished":"2026-04-30T19:50:41+00:00","dateModified":"2026-04-30T19:52:40+00:00","description":"Saiba como se preparar para a prova do Concurso URBAM SJC! As avalia\u00e7\u00f5es ser\u00e3o aplicadas no dia 5 de maio. Acesse aqui!","breadcrumb":{"@id":"https:\/\/www.estrategiaconcursos.com.br\/blog\/prova-do-concurso-urbam-sjc\/#breadcrumb"},"inLanguage":"pt-BR","potentialAction":[{"@type":"ReadAction","target":["https:\/\/www.estrategiaconcursos.com.br\/blog\/prova-do-concurso-urbam-sjc\/"]}]},{"@type":"ImageObject","inLanguage":"pt-BR","@id":"https:\/\/www.estrategiaconcursos.com.br\/blog\/prova-do-concurso-urbam-sjc\/#primaryimage","url":"https:\/\/dhg1h5j42swfq.cloudfront.net\/2023\/12\/09093435\/urbam-sjc.jpg","contentUrl":"https:\/\/dhg1h5j42swfq.cloudfront.net\/2023\/12\/09093435\/urbam-sjc.jpg","width":768,"height":432,"caption":"provas Concurso URBAM SJC"},{"@type":"BreadcrumbList","@id":"https:\/\/www.estrategiaconcursos.com.br\/blog\/prova-do-concurso-urbam-sjc\/#breadcrumb","itemListElement":[{"@type":"ListItem","position":1,"name":"In\u00edcio","item":"https:\/\/www.estrategiaconcursos.com.br\/blog\/"},{"@type":"ListItem","position":2,"name":"Como se preparar para a prova do Concurso URBAM SJC?"}]},{"@type":"WebSite","@id":"https:\/\/www.estrategiaconcursos.com.br\/blog\/#website","url":"https:\/\/www.estrategiaconcursos.com.br\/blog\/","name":"Estrat\u00e9gia Concursos","description":"O blog da Estrat\u00e9gia Concursos traz not\u00edcias sobre concursos e artigos de professores oferecendo cursos para concursos (pdf + videaulas) no site.","publisher":{"@id":"https:\/\/www.estrategiaconcursos.com.br\/blog\/#organization"},"potentialAction":[{"@type":"SearchAction","target":{"@type":"EntryPoint","urlTemplate":"https:\/\/www.estrategiaconcursos.com.br\/blog\/?s={search_term_string}"},"query-input":{"@type":"PropertyValueSpecification","valueRequired":true,"valueName":"search_term_string"}}],"inLanguage":"pt-BR"},{"@type":"Organization","@id":"https:\/\/www.estrategiaconcursos.com.br\/blog\/#organization","name":"Estrat\u00e9gia Concursos","url":"https:\/\/www.estrategiaconcursos.com.br\/blog\/","logo":{"@type":"ImageObject","inLanguage":"pt-BR","@id":"https:\/\/www.estrategiaconcursos.com.br\/blog\/#\/schema\/logo\/image\/","url":"https:\/\/dhg1h5j42swfq.cloudfront.net\/2025\/06\/03203428\/logo_concursos-1.jpg","contentUrl":"https:\/\/dhg1h5j42swfq.cloudfront.net\/2025\/06\/03203428\/logo_concursos-1.jpg","width":230,"height":60,"caption":"Estrat\u00e9gia Concursos"},"image":{"@id":"https:\/\/www.estrategiaconcursos.com.br\/blog\/#\/schema\/logo\/image\/"},"sameAs":["https:\/\/x.com\/EstratConcursos"]},{"@type":"Person","@id":"https:\/\/www.estrategiaconcursos.com.br\/blog\/#\/schema\/person\/e3b6b7ce0192dd4ad270655969d61750","name":"F\u00e1bio Scaldelai","image":{"@type":"ImageObject","inLanguage":"pt-BR","@id":"https:\/\/secure.gravatar.com\/avatar\/8ed7492c4d88d8495bc0cb24cda6847b8ae23eec459a919e08e77d0ca0fd79ec?s=96&d=mm&r=g","url":"https:\/\/secure.gravatar.com\/avatar\/8ed7492c4d88d8495bc0cb24cda6847b8ae23eec459a919e08e77d0ca0fd79ec?s=96&d=mm&r=g","contentUrl":"https:\/\/secure.gravatar.com\/avatar\/8ed7492c4d88d8495bc0cb24cda6847b8ae23eec459a919e08e77d0ca0fd79ec?s=96&d=mm&r=g","caption":"F\u00e1bio Scaldelai"},"description":"Jornalista no Estrat\u00e9gia Concursos e Produtor de Televis\u00e3o, formado em Jornalismo, R\u00e1dio e TV pela Faculdade Integrada Rio Branco, com especializa\u00e7\u00f5es em Gest\u00e3o Empresarial e Marketing pelo M\u00f3dulo. Atuou como produtor no SBT, TV Bandeirantes e R\u00e1dio Band FM, al\u00e9m de acumular tr\u00eas anos de experi\u00eancia no setor de concursos p\u00fablicos pela LFG (Luiz Fl\u00e1vio Gomes). No Estrat\u00e9gia Concursos, atua na apura\u00e7\u00e3o de not\u00edcias da \u00e1rea fiscal, al\u00e9m de coberturas sobre concursos das \u00e1reas de controle (TCU, TCE, etc), concurso AFT, \u00e1rea de gest\u00e3o e administrativa, bem como dos \u00f3rg\u00e3os participantes do CNU. Tamb\u00e9m possui experi\u00eancia em link building e an\u00e1lise de m\u00eddia, adquirida durante sua atua\u00e7\u00e3o na ag\u00eancia SEO Marketing.","url":"https:\/\/www.estrategiaconcursos.com.br\/blog\/author\/fabio-scaldelaiestrategiaconcursos-com-br\/"}]}},"_links":{"self":[{"href":"https:\/\/www.estrategiaconcursos.com.br\/blog\/wp-json\/wp\/v2\/posts\/1759172","targetHints":{"allow":["GET"]}}],"collection":[{"href":"https:\/\/www.estrategiaconcursos.com.br\/blog\/wp-json\/wp\/v2\/posts"}],"about":[{"href":"https:\/\/www.estrategiaconcursos.com.br\/blog\/wp-json\/wp\/v2\/types\/post"}],"author":[{"embeddable":true,"href":"https:\/\/www.estrategiaconcursos.com.br\/blog\/wp-json\/wp\/v2\/users\/656"}],"replies":[{"embeddable":true,"href":"https:\/\/www.estrategiaconcursos.com.br\/blog\/wp-json\/wp\/v2\/comments?post=1759172"}],"version-history":[{"count":5,"href":"https:\/\/www.estrategiaconcursos.com.br\/blog\/wp-json\/wp\/v2\/posts\/1759172\/revisions"}],"predecessor-version":[{"id":1759199,"href":"https:\/\/www.estrategiaconcursos.com.br\/blog\/wp-json\/wp\/v2\/posts\/1759172\/revisions\/1759199"}],"wp:featuredmedia":[{"embeddable":true,"href":"https:\/\/www.estrategiaconcursos.com.br\/blog\/wp-json\/wp\/v2\/media\/1318828"}],"wp:attachment":[{"href":"https:\/\/www.estrategiaconcursos.com.br\/blog\/wp-json\/wp\/v2\/media?parent=1759172"}],"wp:term":[{"taxonomy":"category","embeddable":true,"href":"https:\/\/www.estrategiaconcursos.com.br\/blog\/wp-json\/wp\/v2\/categories?post=1759172"},{"taxonomy":"post_tag","embeddable":true,"href":"https:\/\/www.estrategiaconcursos.com.br\/blog\/wp-json\/wp\/v2\/tags?post=1759172"},{"taxonomy":"tax_estado","embeddable":true,"href":"https:\/\/www.estrategiaconcursos.com.br\/blog\/wp-json\/wp\/v2\/tax_estado?post=1759172"}],"curies":[{"name":"wp","href":"https:\/\/api.w.org\/{rel}","templated":true}]}}