{"id":1759148,"date":"2026-04-30T15:48:49","date_gmt":"2026-04-30T18:48:49","guid":{"rendered":"https:\/\/www.estrategiaconcursos.com.br\/blog\/?p=1759148"},"modified":"2026-04-30T17:17:43","modified_gmt":"2026-04-30T20:17:43","slug":"concurso-alece-2026-idecan-banca","status":"publish","type":"post","link":"https:\/\/www.estrategiaconcursos.com.br\/blog\/concurso-alece-2026-idecan-banca\/","title":{"rendered":"Concurso ALECE: Idecan \u00e9 a banca para 200 vagas!"},"content":{"rendered":"\n<p style=\"font-size:clamp(15.747px, 0.984rem + ((1vw - 3.2px) * 0.809), 24px);\"><em><strong>Com organiza\u00e7\u00e3o da banca Idecan, Concurso ALECE tem edital previsto para maio<\/strong><\/em><\/p>\n\n\n\n<p>O <strong>Concurso ALECE<\/strong>\u00a0(<a href=\"https:\/\/www.estrategiaconcursos.com.br\/cursosPorConcurso\/assembleia-legislativa-do-estado-do-ceara-alce\/\" target=\"_blank\" rel=\"noreferrer noopener\">Assembleia Legislativa do Estado do Cear\u00e1<\/a>) est\u00e1 com a <strong>banca organizadora oficialmente definida<\/strong>: o <strong>IDECAN<\/strong>!<\/p>\n\n\n\n<p>O nome da empresa foi confirmado em publica\u00e7\u00e3o no Di\u00e1rio Oficial do Legislativo nesta quinta-feira (30). <\/p>\n\n\n\n<p>Lembrando que ser\u00e3o ofertadas <strong>200 vagas imediatas<\/strong>, al\u00e9m de outras forma\u00e7\u00e3o de cadastro de reserva, para os cargos de <strong>Analista Legislativo <\/strong>(n\u00edvel superior) e <strong>T\u00e9cnico Legislativo <\/strong>(n\u00edvel m\u00e9dio).<\/p>\n\n\n\n<figure class=\"wp-block-image aligncenter size-large\"><img loading=\"lazy\" decoding=\"async\" width=\"1024\" height=\"184\" src=\"https:\/\/dhg1h5j42swfq.cloudfront.net\/2026\/04\/30154431\/banca-idecan-concurso-alece-1024x184.jpg\" alt=\"Concurso ALECE: Idecan \u00e9 a banca para 200 vagas!\" class=\"wp-image-1759158\" srcset=\"https:\/\/dhg1h5j42swfq.cloudfront.net\/2026\/04\/30154431\/banca-idecan-concurso-alece-1024x184.jpg 1024w, https:\/\/dhg1h5j42swfq.cloudfront.net\/2026\/04\/30154431\/banca-idecan-concurso-alece-300x54.jpg 300w, https:\/\/dhg1h5j42swfq.cloudfront.net\/2026\/04\/30154431\/banca-idecan-concurso-alece-768x138.jpg 768w, https:\/\/dhg1h5j42swfq.cloudfront.net\/2026\/04\/30154431\/banca-idecan-concurso-alece-150x27.jpg 150w, https:\/\/dhg1h5j42swfq.cloudfront.net\/2026\/04\/30154431\/banca-idecan-concurso-alece.jpg 1087w\" sizes=\"auto, (max-width: 1024px) 100vw, 1024px\" \/><figcaption class=\"wp-element-caption\">Concurso ALECE: Idecan \u00e9 a banca para 200 vagas!<\/figcaption><\/figure>\n\n\n\n<p>No documento, \u00e9 justificada a realiza\u00e7\u00e3o do novo concurso em alinhamento aos objetivos estrat\u00e9gicos previstos no Planejamento Estrat\u00e9gico da Alece (ALECE 2030), de modo a \u201caumentar o n\u00edvel de satisfa\u00e7\u00e3o da sociedade quanto aos servi\u00e7os prestados pelo Poder Legislativo&#8221;.<\/p>\n\n\n\n<p>Al\u00e9m disso, a Comiss\u00e3o Organizadora do certame verificou que o atual quadro de servidores efetivos da Assembleia \u00e9 insuficiente para atender satisfatoriamente \u00e0s demandas institucionais, constatando <strong>quantidade significativa de cargos vagos<\/strong>.<\/p>\n\n\n\n<ul class=\"wp-block-list\">\n<li><strong><a href=\"https:\/\/dhg1h5j42swfq.cloudfront.net\/2026\/04\/30154007\/alece-banca.pdf\" target=\"_blank\" rel=\"noreferrer noopener nofollow\">Ato que define o Idecan como a banca do concurso ALECE<\/a><\/strong><\/li>\n<\/ul>\n\n\n\n<div class=\"container\" id=\"boxes\">\n  <div class=\"row\">\n\n    <div class=\"col-sm\">\n      <div class=\"banner-ale\" id=\"box-assinatura\">\n        <h3 class=\"titulo-assinatura\">Concurso ALECE<\/h3>\n        <p class=\"subtitulo-assinatura\">Prepara\u00e7\u00e3o completa para a carreira na AL CE<\/p>\n        <div class=\"box-botao\">\n          <a class=\"btn-assinatura\" target=\"_blank\" href=\"https:\/\/www.estrategiaconcursos.com.br\/cursosPorConcurso\/assembleia-legislativa-do-estado-do-ceara-alce\/\" role=\"button\" rel=\"noopener noreferrer\">VER CURSOS<\/a>\n        <\/div>\n      <\/div>\n    \n    <\/div>\n\n  <\/div>\n<\/div>\n\n\n\n<h2 class=\"wp-block-heading\" id=\"h-edital-anunciado-para-maio\">Edital anunciado para maio!<\/h2>\n\n\n\n<p>O edital do&nbsp;Concurso ALECE&nbsp;ser\u00e1&nbsp;<a href=\"https:\/\/www.estrategiaconcursos.com.br\/blog\/edital-concurso-alece-maio-2026\/\" target=\"_blank\" rel=\"noreferrer noopener\">publicado em&nbsp;maio de 2026<\/a>! A previs\u00e3o \u00e9 do presidente da Casa, Romeu Aldigueri:<\/p>\n\n\n\n<p>\u201c<em>Podem estudar, o edital sai em maio. N\u00f3s estamos fazendo a burocracia, os procedimentos licitat\u00f3rios e acredito que, em meados de maio, est\u00e1 na rua [o edital] com 200 vagas iniciais, o maior concurso p\u00fablico da hist\u00f3ria<\/em>\u201c, disse.<\/p>\n\n\n\n<hr class=\"wp-block-separator has-alpha-channel-opacity is-style-dots\"\/>\n\n\n\n<p class=\"has-text-align-center\"><em>Para ficar por dentro de todas as informa\u00e7\u00f5es sobre o Concurso ALECE, que est\u00e1 com banca definida, n\u00e3o deixe de conferir nosso artigo completo sobre a sele\u00e7\u00e3o:<\/em><\/p>\n\n\n\n<p class=\"has-text-align-center has-cyan-bluish-gray-background-color has-background has-medium-font-size\"><strong>Saiba mais: <a href=\"https:\/\/www.estrategiaconcursos.com.br\/blog\/concurso-assembleia-legislativa-ce\/\" target=\"_blank\" rel=\"noreferrer noopener\">Concurso ALECE<\/a><\/strong><\/p>\n\n\n\n<p class=\"has-text-align-center\" id=\"h-quer-ficar-por-dentro-de-todos-os-concursos-confira-nossos-artigos\" style=\"font-size:clamp(17.905px, 1.119rem + ((1vw - 3.2px) * 0.99), 28px);\"><strong>Quer ficar por dentro de todos os concursos?<br \/>Confira nossos artigos:<\/strong><\/p>\n\n\n\n<ul class=\"wp-block-list\">\n<li><a href=\"https:\/\/www.estrategiaconcursos.com.br\/blog\/concursos-abertos\/\" target=\"_blank\" rel=\"noreferrer noopener\">Concursos Abertos<\/a><\/li>\n\n\n\n<li><a href=\"https:\/\/www.estrategiaconcursos.com.br\/blog\/concursos-area-legislativa\" target=\"_blank\" rel=\"noreferrer noopener\">Concursos Legislativos<\/a><\/li>\n\n\n\n<li><a href=\"https:\/\/www.estrategiaconcursos.com.br\/blog\/concursos-2026\/\" target=\"_blank\" rel=\"noreferrer noopener\">Concursos 2026<\/a><\/li>\n<\/ul>\n\n\n\n<div class=\"container\" id=\"boxes\">\n  <div class=\"row\">\n\n    <div class=\"col-sm\">\n      <div class=\"estrategia\" id=\"box-assinatura\">\n        <h3 class=\"titulo-assinatura\">Assinatura de Concursos<\/h3>\n        <p class=\"subtitulo-assinatura\">Assinatura de 1 ou 2 anos<\/p>\n        <div class=\"box-botao\">\n          <a class=\"btn-assinatura\" target=\"_blank\" href=\"https:\/\/www.estrategiaconcursos.com.br\/assinaturas\/\" role=\"button\" rel=\"noopener noreferrer\">ASSINE AGORA<\/a>\n        <\/div>\n      <\/div>\n      <p class=\"texto-auxiliar\"><\/p>\n    <\/div><\/div><\/div>\n","protected":false},"excerpt":{"rendered":"<p>Com organiza\u00e7\u00e3o da banca Idecan, Concurso ALECE tem edital previsto para maio O Concurso ALECE\u00a0(Assembleia Legislativa do Estado do Cear\u00e1) est\u00e1 com a banca organizadora oficialmente definida: o IDECAN! O nome da empresa foi confirmado em publica\u00e7\u00e3o no Di\u00e1rio Oficial do Legislativo nesta quinta-feira (30). Lembrando que ser\u00e3o ofertadas 200 vagas imediatas, al\u00e9m de outras [&hellip;]<\/p>\n","protected":false},"author":659,"featured_media":1727025,"comment_status":"open","ping_status":"closed","sticky":false,"template":"","format":"standard","meta":{"post_tipo":"news","footnotes":""},"categories":[2017,220219],"tags":[],"tax_estado":[219969],"class_list":["post-1759148","post","type-post","status-publish","format-standard","has-post-thumbnail","hentry","category-concursos-legislativos","category-noticias","tax_estado-ce"],"acf":[],"yoast_head":"<!-- This site is optimized with the Yoast SEO Premium plugin v27.2 (Yoast SEO v27.2) - https:\/\/yoast.com\/product\/yoast-seo-premium-wordpress\/ -->\n<title>Concurso ALECE: Idecan \u00e9 a banca para 200 vagas!<\/title>\n<meta name=\"description\" content=\"Saiba tudo sobre o Concurso ALECE com a banca Idecan e as 200 vagas dispon\u00edveis. Edital previsto para maio de 2026!\" \/>\n<meta name=\"robots\" content=\"index, follow, max-snippet:-1, max-image-preview:large, max-video-preview:-1\" \/>\n<link rel=\"canonical\" href=\"https:\/\/www.estrategiaconcursos.com.br\/blog\/concurso-alece-2026-idecan-banca\/\" \/>\n<meta property=\"og:locale\" content=\"pt_BR\" \/>\n<meta property=\"og:type\" content=\"article\" \/>\n<meta property=\"og:title\" content=\"Concurso ALECE: Idecan \u00e9 a banca para 200 vagas!\" \/>\n<meta property=\"og:description\" content=\"Saiba tudo sobre o Concurso ALECE com a banca Idecan e as 200 vagas dispon\u00edveis. Edital previsto para maio de 2026!\" \/>\n<meta property=\"og:url\" content=\"https:\/\/www.estrategiaconcursos.com.br\/blog\/concurso-alece-2026-idecan-banca\/\" \/>\n<meta property=\"og:site_name\" content=\"Estrat\u00e9gia Concursos\" \/>\n<meta property=\"article:published_time\" content=\"2026-04-30T18:48:49+00:00\" \/>\n<meta property=\"article:modified_time\" content=\"2026-04-30T20:17:43+00:00\" \/>\n<meta property=\"og:image\" content=\"https:\/\/dhg1h5j42swfq.cloudfront.net\/2026\/03\/06153734\/concurso-alece.jpg\" \/>\n\t<meta property=\"og:image:width\" content=\"768\" \/>\n\t<meta property=\"og:image:height\" content=\"432\" \/>\n\t<meta property=\"og:image:type\" content=\"image\/jpeg\" \/>\n<meta name=\"author\" content=\"Camila Leite\" \/>\n<meta name=\"twitter:card\" content=\"summary_large_image\" \/>\n<meta name=\"twitter:creator\" content=\"@EstratConcursos\" \/>\n<meta name=\"twitter:site\" content=\"@EstratConcursos\" \/>\n<meta name=\"twitter:label1\" content=\"Escrito por\" \/>\n\t<meta name=\"twitter:data1\" content=\"Camila Leite\" \/>\n\t<meta name=\"twitter:label2\" content=\"Est. tempo de leitura\" \/>\n\t<meta name=\"twitter:data2\" content=\"2 minutos\" \/>\n<script type=\"application\/ld+json\" class=\"yoast-schema-graph\">{\"@context\":\"https:\/\/schema.org\",\"@graph\":[{\"@type\":\"NewsArticle\",\"@id\":\"https:\/\/www.estrategiaconcursos.com.br\/blog\/concurso-alece-2026-idecan-banca\/#article\",\"isPartOf\":{\"@id\":\"https:\/\/www.estrategiaconcursos.com.br\/blog\/concurso-alece-2026-idecan-banca\/\"},\"author\":{\"name\":\"Camila Leite\",\"@id\":\"https:\/\/www.estrategiaconcursos.com.br\/blog\/#\/schema\/person\/84ecdc6eb58d3cf1689bf76c5cd8fb38\"},\"headline\":\"Concurso ALECE: Idecan \u00e9 a banca para 200 vagas!\",\"datePublished\":\"2026-04-30T18:48:49+00:00\",\"dateModified\":\"2026-04-30T20:17:43+00:00\",\"mainEntityOfPage\":{\"@id\":\"https:\/\/www.estrategiaconcursos.com.br\/blog\/concurso-alece-2026-idecan-banca\/\"},\"wordCount\":322,\"commentCount\":0,\"publisher\":{\"@id\":\"https:\/\/www.estrategiaconcursos.com.br\/blog\/#organization\"},\"image\":{\"@id\":\"https:\/\/www.estrategiaconcursos.com.br\/blog\/concurso-alece-2026-idecan-banca\/#primaryimage\"},\"thumbnailUrl\":\"https:\/\/dhg1h5j42swfq.cloudfront.net\/2026\/03\/06153734\/concurso-alece.jpg\",\"articleSection\":[\"Legislativo\",\"\u00daltimas not\u00edcias\"],\"inLanguage\":\"pt-BR\",\"potentialAction\":[{\"@type\":\"CommentAction\",\"name\":\"Comment\",\"target\":[\"https:\/\/www.estrategiaconcursos.com.br\/blog\/concurso-alece-2026-idecan-banca\/#respond\"]}],\"copyrightYear\":\"2026\",\"copyrightHolder\":{\"@id\":\"https:\/\/www.estrategiaconcursos.com.br\/blog\/#organization\"}},{\"@type\":\"WebPage\",\"@id\":\"https:\/\/www.estrategiaconcursos.com.br\/blog\/concurso-alece-2026-idecan-banca\/\",\"url\":\"https:\/\/www.estrategiaconcursos.com.br\/blog\/concurso-alece-2026-idecan-banca\/\",\"name\":\"Concurso ALECE: Idecan \u00e9 a banca para 200 vagas!\",\"isPartOf\":{\"@id\":\"https:\/\/www.estrategiaconcursos.com.br\/blog\/#website\"},\"primaryImageOfPage\":{\"@id\":\"https:\/\/www.estrategiaconcursos.com.br\/blog\/concurso-alece-2026-idecan-banca\/#primaryimage\"},\"image\":{\"@id\":\"https:\/\/www.estrategiaconcursos.com.br\/blog\/concurso-alece-2026-idecan-banca\/#primaryimage\"},\"thumbnailUrl\":\"https:\/\/dhg1h5j42swfq.cloudfront.net\/2026\/03\/06153734\/concurso-alece.jpg\",\"datePublished\":\"2026-04-30T18:48:49+00:00\",\"dateModified\":\"2026-04-30T20:17:43+00:00\",\"description\":\"Saiba tudo sobre o Concurso ALECE com a banca Idecan e as 200 vagas dispon\u00edveis. Edital previsto para maio de 2026!\",\"breadcrumb\":{\"@id\":\"https:\/\/www.estrategiaconcursos.com.br\/blog\/concurso-alece-2026-idecan-banca\/#breadcrumb\"},\"inLanguage\":\"pt-BR\",\"potentialAction\":[{\"@type\":\"ReadAction\",\"target\":[\"https:\/\/www.estrategiaconcursos.com.br\/blog\/concurso-alece-2026-idecan-banca\/\"]}]},{\"@type\":\"ImageObject\",\"inLanguage\":\"pt-BR\",\"@id\":\"https:\/\/www.estrategiaconcursos.com.br\/blog\/concurso-alece-2026-idecan-banca\/#primaryimage\",\"url\":\"https:\/\/dhg1h5j42swfq.cloudfront.net\/2026\/03\/06153734\/concurso-alece.jpg\",\"contentUrl\":\"https:\/\/dhg1h5j42swfq.cloudfront.net\/2026\/03\/06153734\/concurso-alece.jpg\",\"width\":768,\"height\":432,\"caption\":\"ALECE empossa servidores\"},{\"@type\":\"BreadcrumbList\",\"@id\":\"https:\/\/www.estrategiaconcursos.com.br\/blog\/concurso-alece-2026-idecan-banca\/#breadcrumb\",\"itemListElement\":[{\"@type\":\"ListItem\",\"position\":1,\"name\":\"In\u00edcio\",\"item\":\"https:\/\/www.estrategiaconcursos.com.br\/blog\/\"},{\"@type\":\"ListItem\",\"position\":2,\"name\":\"Concurso ALECE: Idecan \u00e9 a banca para 200 vagas!\"}]},{\"@type\":\"WebSite\",\"@id\":\"https:\/\/www.estrategiaconcursos.com.br\/blog\/#website\",\"url\":\"https:\/\/www.estrategiaconcursos.com.br\/blog\/\",\"name\":\"Estrat\u00e9gia Concursos\",\"description\":\"O blog da Estrat\u00e9gia Concursos traz not\u00edcias sobre concursos e artigos de professores oferecendo cursos para concursos (pdf + videaulas) no site.\",\"publisher\":{\"@id\":\"https:\/\/www.estrategiaconcursos.com.br\/blog\/#organization\"},\"potentialAction\":[{\"@type\":\"SearchAction\",\"target\":{\"@type\":\"EntryPoint\",\"urlTemplate\":\"https:\/\/www.estrategiaconcursos.com.br\/blog\/?s={search_term_string}\"},\"query-input\":{\"@type\":\"PropertyValueSpecification\",\"valueRequired\":true,\"valueName\":\"search_term_string\"}}],\"inLanguage\":\"pt-BR\"},{\"@type\":\"Organization\",\"@id\":\"https:\/\/www.estrategiaconcursos.com.br\/blog\/#organization\",\"name\":\"Estrat\u00e9gia Concursos\",\"url\":\"https:\/\/www.estrategiaconcursos.com.br\/blog\/\",\"logo\":{\"@type\":\"ImageObject\",\"inLanguage\":\"pt-BR\",\"@id\":\"https:\/\/www.estrategiaconcursos.com.br\/blog\/#\/schema\/logo\/image\/\",\"url\":\"https:\/\/dhg1h5j42swfq.cloudfront.net\/2025\/06\/03203428\/logo_concursos-1.jpg\",\"contentUrl\":\"https:\/\/dhg1h5j42swfq.cloudfront.net\/2025\/06\/03203428\/logo_concursos-1.jpg\",\"width\":230,\"height\":60,\"caption\":\"Estrat\u00e9gia Concursos\"},\"image\":{\"@id\":\"https:\/\/www.estrategiaconcursos.com.br\/blog\/#\/schema\/logo\/image\/\"},\"sameAs\":[\"https:\/\/x.com\/EstratConcursos\"]},{\"@type\":\"Person\",\"@id\":\"https:\/\/www.estrategiaconcursos.com.br\/blog\/#\/schema\/person\/84ecdc6eb58d3cf1689bf76c5cd8fb38\",\"name\":\"Camila Leite\",\"image\":{\"@type\":\"ImageObject\",\"inLanguage\":\"pt-BR\",\"@id\":\"https:\/\/secure.gravatar.com\/avatar\/f2f8faef639c8a2bfb7fb909912a56917f4c3a0aed064500168e2fb8ea55cf61?s=96&d=mm&r=g\",\"url\":\"https:\/\/secure.gravatar.com\/avatar\/f2f8faef639c8a2bfb7fb909912a56917f4c3a0aed064500168e2fb8ea55cf61?s=96&d=mm&r=g\",\"contentUrl\":\"https:\/\/secure.gravatar.com\/avatar\/f2f8faef639c8a2bfb7fb909912a56917f4c3a0aed064500168e2fb8ea55cf61?s=96&d=mm&r=g\",\"caption\":\"Camila Leite\"},\"description\":\"Formada em Design Gr\u00e1fico e em Propaganda e Marketing pela UNIP, integra a equipe de jornalismo do Estrat\u00e9gia Concursos desde 2018. Ao longo dos anos, construiu uma s\u00f3lida experi\u00eancia na produ\u00e7\u00e3o de conte\u00fado informativo e relevante para concurseiros. Desde 2020, atua na cobertura das \u00e1reas Fiscal \u2014 com \u00eanfase nas Secretarias de Fazenda (Sefaz) das regi\u00f5es Sul e Sudeste \u2014, al\u00e9m da cobertura de concursos federais, como CNU, Petrobras, CGU, Receita Federal, ag\u00eancias reguladoras (Anvisa, ANAC, entre outras) e INSS. Mant\u00e9m contato direto com os principais \u00f3rg\u00e3os p\u00fablicos, acompanhando editais, atualiza\u00e7\u00f5es e movimenta\u00e7\u00f5es importantes para os candidatos.\",\"sameAs\":[\"https:\/\/www.linkedin.com\/in\/camila-pinheiro-leite-9ba135b6\/\"],\"url\":\"https:\/\/www.estrategiaconcursos.com.br\/blog\/author\/camila-leiteestrategiaconcursos-com-br\/\"}]}<\/script>\n<!-- \/ Yoast SEO Premium plugin. -->","yoast_head_json":{"title":"Concurso ALECE: Idecan \u00e9 a banca para 200 vagas!","description":"Saiba tudo sobre o Concurso ALECE com a banca Idecan e as 200 vagas dispon\u00edveis. Edital previsto para maio de 2026!","robots":{"index":"index","follow":"follow","max-snippet":"max-snippet:-1","max-image-preview":"max-image-preview:large","max-video-preview":"max-video-preview:-1"},"canonical":"https:\/\/www.estrategiaconcursos.com.br\/blog\/concurso-alece-2026-idecan-banca\/","og_locale":"pt_BR","og_type":"article","og_title":"Concurso ALECE: Idecan \u00e9 a banca para 200 vagas!","og_description":"Saiba tudo sobre o Concurso ALECE com a banca Idecan e as 200 vagas dispon\u00edveis. Edital previsto para maio de 2026!","og_url":"https:\/\/www.estrategiaconcursos.com.br\/blog\/concurso-alece-2026-idecan-banca\/","og_site_name":"Estrat\u00e9gia Concursos","article_published_time":"2026-04-30T18:48:49+00:00","article_modified_time":"2026-04-30T20:17:43+00:00","og_image":[{"width":768,"height":432,"url":"https:\/\/dhg1h5j42swfq.cloudfront.net\/2026\/03\/06153734\/concurso-alece.jpg","type":"image\/jpeg"}],"author":"Camila Leite","twitter_card":"summary_large_image","twitter_creator":"@EstratConcursos","twitter_site":"@EstratConcursos","twitter_misc":{"Escrito por":"Camila Leite","Est. tempo de leitura":"2 minutos"},"schema":{"@context":"https:\/\/schema.org","@graph":[{"@type":"NewsArticle","@id":"https:\/\/www.estrategiaconcursos.com.br\/blog\/concurso-alece-2026-idecan-banca\/#article","isPartOf":{"@id":"https:\/\/www.estrategiaconcursos.com.br\/blog\/concurso-alece-2026-idecan-banca\/"},"author":{"name":"Camila Leite","@id":"https:\/\/www.estrategiaconcursos.com.br\/blog\/#\/schema\/person\/84ecdc6eb58d3cf1689bf76c5cd8fb38"},"headline":"Concurso ALECE: Idecan \u00e9 a banca para 200 vagas!","datePublished":"2026-04-30T18:48:49+00:00","dateModified":"2026-04-30T20:17:43+00:00","mainEntityOfPage":{"@id":"https:\/\/www.estrategiaconcursos.com.br\/blog\/concurso-alece-2026-idecan-banca\/"},"wordCount":322,"commentCount":0,"publisher":{"@id":"https:\/\/www.estrategiaconcursos.com.br\/blog\/#organization"},"image":{"@id":"https:\/\/www.estrategiaconcursos.com.br\/blog\/concurso-alece-2026-idecan-banca\/#primaryimage"},"thumbnailUrl":"https:\/\/dhg1h5j42swfq.cloudfront.net\/2026\/03\/06153734\/concurso-alece.jpg","articleSection":["Legislativo","\u00daltimas not\u00edcias"],"inLanguage":"pt-BR","potentialAction":[{"@type":"CommentAction","name":"Comment","target":["https:\/\/www.estrategiaconcursos.com.br\/blog\/concurso-alece-2026-idecan-banca\/#respond"]}],"copyrightYear":"2026","copyrightHolder":{"@id":"https:\/\/www.estrategiaconcursos.com.br\/blog\/#organization"}},{"@type":"WebPage","@id":"https:\/\/www.estrategiaconcursos.com.br\/blog\/concurso-alece-2026-idecan-banca\/","url":"https:\/\/www.estrategiaconcursos.com.br\/blog\/concurso-alece-2026-idecan-banca\/","name":"Concurso ALECE: Idecan \u00e9 a banca para 200 vagas!","isPartOf":{"@id":"https:\/\/www.estrategiaconcursos.com.br\/blog\/#website"},"primaryImageOfPage":{"@id":"https:\/\/www.estrategiaconcursos.com.br\/blog\/concurso-alece-2026-idecan-banca\/#primaryimage"},"image":{"@id":"https:\/\/www.estrategiaconcursos.com.br\/blog\/concurso-alece-2026-idecan-banca\/#primaryimage"},"thumbnailUrl":"https:\/\/dhg1h5j42swfq.cloudfront.net\/2026\/03\/06153734\/concurso-alece.jpg","datePublished":"2026-04-30T18:48:49+00:00","dateModified":"2026-04-30T20:17:43+00:00","description":"Saiba tudo sobre o Concurso ALECE com a banca Idecan e as 200 vagas dispon\u00edveis. Edital previsto para maio de 2026!","breadcrumb":{"@id":"https:\/\/www.estrategiaconcursos.com.br\/blog\/concurso-alece-2026-idecan-banca\/#breadcrumb"},"inLanguage":"pt-BR","potentialAction":[{"@type":"ReadAction","target":["https:\/\/www.estrategiaconcursos.com.br\/blog\/concurso-alece-2026-idecan-banca\/"]}]},{"@type":"ImageObject","inLanguage":"pt-BR","@id":"https:\/\/www.estrategiaconcursos.com.br\/blog\/concurso-alece-2026-idecan-banca\/#primaryimage","url":"https:\/\/dhg1h5j42swfq.cloudfront.net\/2026\/03\/06153734\/concurso-alece.jpg","contentUrl":"https:\/\/dhg1h5j42swfq.cloudfront.net\/2026\/03\/06153734\/concurso-alece.jpg","width":768,"height":432,"caption":"ALECE empossa servidores"},{"@type":"BreadcrumbList","@id":"https:\/\/www.estrategiaconcursos.com.br\/blog\/concurso-alece-2026-idecan-banca\/#breadcrumb","itemListElement":[{"@type":"ListItem","position":1,"name":"In\u00edcio","item":"https:\/\/www.estrategiaconcursos.com.br\/blog\/"},{"@type":"ListItem","position":2,"name":"Concurso ALECE: Idecan \u00e9 a banca para 200 vagas!"}]},{"@type":"WebSite","@id":"https:\/\/www.estrategiaconcursos.com.br\/blog\/#website","url":"https:\/\/www.estrategiaconcursos.com.br\/blog\/","name":"Estrat\u00e9gia Concursos","description":"O blog da Estrat\u00e9gia Concursos traz not\u00edcias sobre concursos e artigos de professores oferecendo cursos para concursos (pdf + videaulas) no site.","publisher":{"@id":"https:\/\/www.estrategiaconcursos.com.br\/blog\/#organization"},"potentialAction":[{"@type":"SearchAction","target":{"@type":"EntryPoint","urlTemplate":"https:\/\/www.estrategiaconcursos.com.br\/blog\/?s={search_term_string}"},"query-input":{"@type":"PropertyValueSpecification","valueRequired":true,"valueName":"search_term_string"}}],"inLanguage":"pt-BR"},{"@type":"Organization","@id":"https:\/\/www.estrategiaconcursos.com.br\/blog\/#organization","name":"Estrat\u00e9gia Concursos","url":"https:\/\/www.estrategiaconcursos.com.br\/blog\/","logo":{"@type":"ImageObject","inLanguage":"pt-BR","@id":"https:\/\/www.estrategiaconcursos.com.br\/blog\/#\/schema\/logo\/image\/","url":"https:\/\/dhg1h5j42swfq.cloudfront.net\/2025\/06\/03203428\/logo_concursos-1.jpg","contentUrl":"https:\/\/dhg1h5j42swfq.cloudfront.net\/2025\/06\/03203428\/logo_concursos-1.jpg","width":230,"height":60,"caption":"Estrat\u00e9gia Concursos"},"image":{"@id":"https:\/\/www.estrategiaconcursos.com.br\/blog\/#\/schema\/logo\/image\/"},"sameAs":["https:\/\/x.com\/EstratConcursos"]},{"@type":"Person","@id":"https:\/\/www.estrategiaconcursos.com.br\/blog\/#\/schema\/person\/84ecdc6eb58d3cf1689bf76c5cd8fb38","name":"Camila Leite","image":{"@type":"ImageObject","inLanguage":"pt-BR","@id":"https:\/\/secure.gravatar.com\/avatar\/f2f8faef639c8a2bfb7fb909912a56917f4c3a0aed064500168e2fb8ea55cf61?s=96&d=mm&r=g","url":"https:\/\/secure.gravatar.com\/avatar\/f2f8faef639c8a2bfb7fb909912a56917f4c3a0aed064500168e2fb8ea55cf61?s=96&d=mm&r=g","contentUrl":"https:\/\/secure.gravatar.com\/avatar\/f2f8faef639c8a2bfb7fb909912a56917f4c3a0aed064500168e2fb8ea55cf61?s=96&d=mm&r=g","caption":"Camila Leite"},"description":"Formada em Design Gr\u00e1fico e em Propaganda e Marketing pela UNIP, integra a equipe de jornalismo do Estrat\u00e9gia Concursos desde 2018. Ao longo dos anos, construiu uma s\u00f3lida experi\u00eancia na produ\u00e7\u00e3o de conte\u00fado informativo e relevante para concurseiros. Desde 2020, atua na cobertura das \u00e1reas Fiscal \u2014 com \u00eanfase nas Secretarias de Fazenda (Sefaz) das regi\u00f5es Sul e Sudeste \u2014, al\u00e9m da cobertura de concursos federais, como CNU, Petrobras, CGU, Receita Federal, ag\u00eancias reguladoras (Anvisa, ANAC, entre outras) e INSS. Mant\u00e9m contato direto com os principais \u00f3rg\u00e3os p\u00fablicos, acompanhando editais, atualiza\u00e7\u00f5es e movimenta\u00e7\u00f5es importantes para os candidatos.","sameAs":["https:\/\/www.linkedin.com\/in\/camila-pinheiro-leite-9ba135b6\/"],"url":"https:\/\/www.estrategiaconcursos.com.br\/blog\/author\/camila-leiteestrategiaconcursos-com-br\/"}]}},"_links":{"self":[{"href":"https:\/\/www.estrategiaconcursos.com.br\/blog\/wp-json\/wp\/v2\/posts\/1759148","targetHints":{"allow":["GET"]}}],"collection":[{"href":"https:\/\/www.estrategiaconcursos.com.br\/blog\/wp-json\/wp\/v2\/posts"}],"about":[{"href":"https:\/\/www.estrategiaconcursos.com.br\/blog\/wp-json\/wp\/v2\/types\/post"}],"author":[{"embeddable":true,"href":"https:\/\/www.estrategiaconcursos.com.br\/blog\/wp-json\/wp\/v2\/users\/659"}],"replies":[{"embeddable":true,"href":"https:\/\/www.estrategiaconcursos.com.br\/blog\/wp-json\/wp\/v2\/comments?post=1759148"}],"version-history":[{"count":9,"href":"https:\/\/www.estrategiaconcursos.com.br\/blog\/wp-json\/wp\/v2\/posts\/1759148\/revisions"}],"predecessor-version":[{"id":1759220,"href":"https:\/\/www.estrategiaconcursos.com.br\/blog\/wp-json\/wp\/v2\/posts\/1759148\/revisions\/1759220"}],"wp:featuredmedia":[{"embeddable":true,"href":"https:\/\/www.estrategiaconcursos.com.br\/blog\/wp-json\/wp\/v2\/media\/1727025"}],"wp:attachment":[{"href":"https:\/\/www.estrategiaconcursos.com.br\/blog\/wp-json\/wp\/v2\/media?parent=1759148"}],"wp:term":[{"taxonomy":"category","embeddable":true,"href":"https:\/\/www.estrategiaconcursos.com.br\/blog\/wp-json\/wp\/v2\/categories?post=1759148"},{"taxonomy":"post_tag","embeddable":true,"href":"https:\/\/www.estrategiaconcursos.com.br\/blog\/wp-json\/wp\/v2\/tags?post=1759148"},{"taxonomy":"tax_estado","embeddable":true,"href":"https:\/\/www.estrategiaconcursos.com.br\/blog\/wp-json\/wp\/v2\/tax_estado?post=1759148"}],"curies":[{"name":"wp","href":"https:\/\/api.w.org\/{rel}","templated":true}]}}