{"id":1758488,"date":"2026-04-28T18:18:08","date_gmt":"2026-04-28T21:18:08","guid":{"rendered":"https:\/\/www.estrategiaconcursos.com.br\/blog\/?p=1758488"},"modified":"2026-04-28T18:18:10","modified_gmt":"2026-04-28T21:18:10","slug":"concurso-pm-pi-2026-edital-junho-mil-vagas","status":"publish","type":"post","link":"https:\/\/www.estrategiaconcursos.com.br\/blog\/concurso-pm-pi-2026-edital-junho-mil-vagas\/","title":{"rendered":"Concurso PM PI 2026: edital em junho; mais de MIL vagas"},"content":{"rendered":"\n<p style=\"font-size:clamp(15.197px, 0.95rem + ((1vw - 3.2px) * 0.765), 23px);\"><strong><em>Governador do Piau\u00ed, Rafael Fonteles, confirmou previs\u00e3o de edital em junho para o novo Concurso PM PI<\/em><\/strong><\/p>\n\n\n\n<details class='resumo-estrategia-noticias'>\n    <summary>Resumo da not\u00edcia<\/summary>\n    <div class='content'>\n        <ul>\n            <li>Concurso PM PI definiu a Funda\u00e7\u00e3o Carlos Chagas (FCC) como a banca organizadora do novo edital.<\/li>\n            <li>Comandante-geral Cel. Scheiwann Lopes anunciou a expectativa de aplicar as provas objetivas no dia 28 de junho.<\/li>\n            <li>Sele\u00e7\u00e3o ofertar\u00e1 1.000 vagas para Soldado, exigindo n\u00edvel superior, CNH e idade entre 18 e 35 anos.<\/li>\n        <\/ul>\n    <\/div>\n<\/details>\n\n\n\n<p>O novo <strong>concurso PM PI (Pol\u00edcia Militar do Estado do Piau\u00ed) <\/strong>teve mais uma importante atualiza\u00e7\u00e3o. <\/p>\n\n\n\n<p>Nesta ter\u00e7a-feira, 28, o governador do Piau\u00ed, Rafael Fonteles, anunciou que o <strong>edital do certame est\u00e1 previsto para ser publicado em junho.<\/strong><\/p>\n\n\n\n<p>O an\u00fancio foi realizado durante solenidade em homenagem aos profissionais da Pol\u00edcia Civil, em Teresina, ocasi\u00e3o em que tamb\u00e9m foram oficializadas mais de 150 promo\u00e7\u00f5es de policiais civis, entre delegados, peritos e oficiais investigadores, al\u00e9m da entrega de medalhas e homenagens.<\/p>\n\n\n\n<p>Segundo o governador, a publica\u00e7\u00e3o do edital integra um conjunto de a\u00e7\u00f5es voltadas ao fortalecimento da seguran\u00e7a p\u00fablica no estado.<\/p>\n\n\n\n<p><em>\u201cEstamos promovendo mais de 150 profissionais da Pol\u00edcia Civil e, em breve, teremos o edital do novo concurso da Pol\u00edcia Militar, al\u00e9m da nomea\u00e7\u00e3o de mais de 200 bombeiros militares. \u00c9 uma pol\u00edtica cont\u00ednua de valoriza\u00e7\u00e3o e amplia\u00e7\u00e3o das nossas for\u00e7as\u201d,<\/em> afirmou o governador.<\/p>\n\n\n\n<p>Vale lembrar que a previs\u00e3o inicial era de publica\u00e7\u00e3o do edital em abril, com aplica\u00e7\u00e3o das provas em junho. <\/p>\n\n\n\n<p>Al\u00e9m disso, a banca organizadora j\u00e1 est\u00e1 definida. A Funda\u00e7\u00e3o Carlos Chagas \u2014 Funda\u00e7\u00e3o Carlos Chagas (FCC) \u2014 foi a empresa escolhida para organizar o concurso, ap\u00f3s apresentar a melhor proposta.<\/p>\n\n\n\n<p>O certame ofertar\u00e1 mais de 1.000 vagas, sendo 1.000 destinadas ao cargo de Soldado (500 vagas imediatas e 500 para forma\u00e7\u00e3o de cadastro de reserva), al\u00e9m de 1 oportunidade para Capel\u00e3o.<\/p>\n\n\n\n<div class=\"container\" id=\"boxes\">\n  <div class=\"row\">\n\n    <div class=\"col-sm\">\n      <div class=\"banner-policia-militar\" id=\"box-assinatura\">\n        <h2 class=\"titulo-assinatura\">Concurso PM PI<\/h2>\n        <p class=\"subtitulo-assinatura\">Explore os cursos para a carreira na PM \u2728<\/p>\n        <div class=\"box-botao\">\n          <a class=\"btn-assinatura\" target=\"_blank\" href=\"https:\/\/www.estrategiaconcursos.com.br\/cursosPorConcurso\/policia-militar-do-piaui-pm-pi\" role=\"button\" rel=\"noopener noreferrer\">ESTUDE CONOSCO<\/a>\n        <\/div>\n      <\/div><\/div><\/div><\/div>\n\n\n\n<h2 class=\"wp-block-heading\" id=\"h-vagas-do-novo-concurso-pm-pi\">Vagas do novo concurso PM PI<\/h2>\n\n\n\n<p>Ser\u00e3o ofertadas <strong>1.000 vagas para o cargo de Soldado<\/strong>, sendo 500 imediatas e 500 para forma\u00e7\u00e3o de cadastro de reserva, al\u00e9m de 1 vaga para Capel\u00e3o.<\/p>\n\n\n\n<p>A carreira exige escolaridade de n\u00edvel superior, idade de 18 a 35 anos, altura m\u00ednima de 1,60m para homens e 1,55m para mulheres, al\u00e9m de Carteira Nacional de Habilita\u00e7\u00e3o (CNH A-B).<\/p>\n\n\n\n<p>O \u00faltimo concurso para Soldado PM PI ocorreu em 2021, sob organiza\u00e7\u00e3o do NUCEPE. Na \u00e9poca, foram ofertadas mil vagas e sal\u00e1rio inicial de R$ 3.470,66.<\/p>\n\n\n\n<p class=\"has-text-align-center\"><em>Para mais informa\u00e7\u00f5es sobre o concurso PM PI 2026, acesse nosso artigo na \u00edntegra:<\/em><\/p>\n\n\n\n<p class=\"has-text-align-center has-cyan-bluish-gray-background-color has-background\" id=\"h-saiba-mais-concurso-policia-militar-pi\" style=\"font-size:clamp(14.642px, 0.915rem + ((1vw - 3.2px) * 0.721), 22px);\"><strong>Saiba mais: <a href=\"https:\/\/www.estrategiaconcursos.com.br\/blog\/concurso-pm-pi\/\" target=\"_blank\" rel=\"noreferrer noopener\">Concurso Pol\u00edcia Militar PI<\/a><\/strong><\/p>\n\n\n\n<hr class=\"wp-block-separator has-alpha-channel-opacity\"\/>\n\n\n\n<h2 class=\"wp-block-heading has-text-align-center\" id=\"h-quer-saber-tudo-sobre-concursos-previstos-confira-nossos-artigos\">Quer saber tudo sobre concursos previstos?<br \/>Confira nossos artigos!<\/h2>\n\n\n\n<ul class=\"wp-block-list\">\n<li><a href=\"https:\/\/www.estrategiaconcursos.com.br\/blog\/concursos-policia-militar\/\" target=\"_blank\" rel=\"noreferrer noopener\">Concursos Pol\u00edcia Militar<\/a><\/li>\n\n\n\n<li><a href=\"https:\/\/www.estrategiaconcursos.com.br\/blog\/concursos-abertos\/\" target=\"_blank\" rel=\"noreferrer noopener\">Concursos abertos<\/a><\/li>\n\n\n\n<li><a href=\"https:\/\/www.estrategiaconcursos.com.br\/blog\/concursos-2026\/\" target=\"_blank\" rel=\"noreferrer noopener\">Concursos 2026<\/a><\/li>\n<\/ul>\n\n\n\n<div class=\"container\" id=\"boxes\">\n  <div class=\"row\">\n\n    <div class=\"col-sm\">\n      <div class=\"estrategia\" id=\"box-assinatura\">\n        <h3 class=\"titulo-assinatura\">Assinatura de Concursos<\/h3>\n        <p class=\"subtitulo-assinatura\">Assinatura de 1 ano ou 2 anos<\/p>\n        <div class=\"box-botao\">\n          <a class=\"btn-assinatura\" target=\"_blank\" href=\"https:\/\/www.estrategiaconcursos.com.br\/assinaturas\/\" role=\"button\" rel=\"noopener noreferrer\">ASSINE AGORA<\/a>\n        <\/div>\n      <\/div>\n     \n    <\/div><\/div><\/div>\n","protected":false},"excerpt":{"rendered":"<p>Governador do Piau\u00ed, Rafael Fonteles, confirmou previs\u00e3o de edital em junho para o novo Concurso PM PI Resumo da not\u00edcia Concurso PM PI definiu a Funda\u00e7\u00e3o Carlos Chagas (FCC) como a banca organizadora do novo edital. Comandante-geral Cel. Scheiwann Lopes anunciou a expectativa de aplicar as provas objetivas no dia 28 de junho. Sele\u00e7\u00e3o ofertar\u00e1 [&hellip;]<\/p>\n","protected":false},"author":2134,"featured_media":745399,"comment_status":"open","ping_status":"closed","sticky":false,"template":"","format":"standard","meta":{"post_tipo":"article","footnotes":""},"categories":[220186,220187,220219],"tags":[],"tax_estado":[219980],"class_list":["post-1758488","post","type-post","status-publish","format-standard","has-post-thumbnail","hentry","category-policial-oficial","category-policial-pracas","category-noticias","tax_estado-pi"],"acf":[],"yoast_head":"<!-- This site is optimized with the Yoast SEO Premium plugin v27.2 (Yoast SEO v27.2) - https:\/\/yoast.com\/product\/yoast-seo-premium-wordpress\/ -->\n<title>Concurso PM PI 2026: edital em junho; mais de MIL vagas<\/title>\n<meta name=\"description\" content=\"Governador do Piau\u00ed, Rafael Fonteles, confirmou previs\u00e3o de edital em junho para o novo Concurso PM PI. Ser\u00e3o mais de MIL vagas!\" \/>\n<meta name=\"robots\" content=\"index, follow, max-snippet:-1, max-image-preview:large, max-video-preview:-1\" \/>\n<link rel=\"canonical\" href=\"https:\/\/www.estrategiaconcursos.com.br\/blog\/concurso-pm-pi-2026-edital-junho-mil-vagas\/\" \/>\n<meta property=\"og:locale\" content=\"pt_BR\" \/>\n<meta property=\"og:type\" content=\"article\" \/>\n<meta property=\"og:title\" content=\"Concurso PM PI 2026: edital em junho; mais de MIL vagas\" \/>\n<meta property=\"og:description\" content=\"Governador do Piau\u00ed, Rafael Fonteles, confirmou previs\u00e3o de edital em junho para o novo Concurso PM PI. Ser\u00e3o mais de MIL vagas!\" \/>\n<meta property=\"og:url\" content=\"https:\/\/www.estrategiaconcursos.com.br\/blog\/concurso-pm-pi-2026-edital-junho-mil-vagas\/\" \/>\n<meta property=\"og:site_name\" content=\"Estrat\u00e9gia Concursos\" \/>\n<meta property=\"article:published_time\" content=\"2026-04-28T21:18:08+00:00\" \/>\n<meta property=\"article:modified_time\" content=\"2026-04-28T21:18:10+00:00\" \/>\n<meta property=\"og:image\" content=\"https:\/\/dhg1h5j42swfq.cloudfront.net\/2021\/05\/19160237\/pm-pi.jpg\" \/>\n\t<meta property=\"og:image:width\" content=\"768\" \/>\n\t<meta property=\"og:image:height\" content=\"432\" \/>\n\t<meta property=\"og:image:type\" content=\"image\/jpeg\" \/>\n<meta name=\"author\" content=\"Rafaela Teixeira\" \/>\n<meta name=\"twitter:card\" content=\"summary_large_image\" \/>\n<meta name=\"twitter:creator\" content=\"@EstratConcursos\" \/>\n<meta name=\"twitter:site\" content=\"@EstratConcursos\" \/>\n<meta name=\"twitter:label1\" content=\"Escrito por\" \/>\n\t<meta name=\"twitter:data1\" content=\"Rafaela Teixeira\" \/>\n\t<meta name=\"twitter:label2\" content=\"Est. tempo de leitura\" \/>\n\t<meta name=\"twitter:data2\" content=\"2 minutos\" \/>\n<script type=\"application\/ld+json\" class=\"yoast-schema-graph\">{\"@context\":\"https:\/\/schema.org\",\"@graph\":[{\"@type\":\"NewsArticle\",\"@id\":\"https:\/\/www.estrategiaconcursos.com.br\/blog\/concurso-pm-pi-2026-edital-junho-mil-vagas\/#article\",\"isPartOf\":{\"@id\":\"https:\/\/www.estrategiaconcursos.com.br\/blog\/concurso-pm-pi-2026-edital-junho-mil-vagas\/\"},\"author\":{\"name\":\"Rafaela Teixeira\",\"@id\":\"https:\/\/www.estrategiaconcursos.com.br\/blog\/#\/schema\/person\/e75352021ea7f60781c599934f916eb1\"},\"headline\":\"Concurso PM PI 2026: edital em junho; mais de MIL vagas\",\"datePublished\":\"2026-04-28T21:18:08+00:00\",\"dateModified\":\"2026-04-28T21:18:10+00:00\",\"mainEntityOfPage\":{\"@id\":\"https:\/\/www.estrategiaconcursos.com.br\/blog\/concurso-pm-pi-2026-edital-junho-mil-vagas\/\"},\"wordCount\":476,\"commentCount\":0,\"publisher\":{\"@id\":\"https:\/\/www.estrategiaconcursos.com.br\/blog\/#organization\"},\"image\":{\"@id\":\"https:\/\/www.estrategiaconcursos.com.br\/blog\/concurso-pm-pi-2026-edital-junho-mil-vagas\/#primaryimage\"},\"thumbnailUrl\":\"https:\/\/dhg1h5j42swfq.cloudfront.net\/2021\/05\/19160237\/pm-pi.jpg\",\"articleSection\":[\"Policial (PM\/BM - Oficial)\",\"Policial (PM\/BM - Pra\u00e7as)\",\"\u00daltimas not\u00edcias\"],\"inLanguage\":\"pt-BR\",\"potentialAction\":[{\"@type\":\"CommentAction\",\"name\":\"Comment\",\"target\":[\"https:\/\/www.estrategiaconcursos.com.br\/blog\/concurso-pm-pi-2026-edital-junho-mil-vagas\/#respond\"]}],\"copyrightYear\":\"2026\",\"copyrightHolder\":{\"@id\":\"https:\/\/www.estrategiaconcursos.com.br\/blog\/#organization\"}},{\"@type\":\"WebPage\",\"@id\":\"https:\/\/www.estrategiaconcursos.com.br\/blog\/concurso-pm-pi-2026-edital-junho-mil-vagas\/\",\"url\":\"https:\/\/www.estrategiaconcursos.com.br\/blog\/concurso-pm-pi-2026-edital-junho-mil-vagas\/\",\"name\":\"Concurso PM PI 2026: edital em junho; mais de MIL vagas\",\"isPartOf\":{\"@id\":\"https:\/\/www.estrategiaconcursos.com.br\/blog\/#website\"},\"primaryImageOfPage\":{\"@id\":\"https:\/\/www.estrategiaconcursos.com.br\/blog\/concurso-pm-pi-2026-edital-junho-mil-vagas\/#primaryimage\"},\"image\":{\"@id\":\"https:\/\/www.estrategiaconcursos.com.br\/blog\/concurso-pm-pi-2026-edital-junho-mil-vagas\/#primaryimage\"},\"thumbnailUrl\":\"https:\/\/dhg1h5j42swfq.cloudfront.net\/2021\/05\/19160237\/pm-pi.jpg\",\"datePublished\":\"2026-04-28T21:18:08+00:00\",\"dateModified\":\"2026-04-28T21:18:10+00:00\",\"description\":\"Governador do Piau\u00ed, Rafael Fonteles, confirmou previs\u00e3o de edital em junho para o novo Concurso PM PI. Ser\u00e3o mais de MIL vagas!\",\"breadcrumb\":{\"@id\":\"https:\/\/www.estrategiaconcursos.com.br\/blog\/concurso-pm-pi-2026-edital-junho-mil-vagas\/#breadcrumb\"},\"inLanguage\":\"pt-BR\",\"potentialAction\":[{\"@type\":\"ReadAction\",\"target\":[\"https:\/\/www.estrategiaconcursos.com.br\/blog\/concurso-pm-pi-2026-edital-junho-mil-vagas\/\"]}]},{\"@type\":\"ImageObject\",\"inLanguage\":\"pt-BR\",\"@id\":\"https:\/\/www.estrategiaconcursos.com.br\/blog\/concurso-pm-pi-2026-edital-junho-mil-vagas\/#primaryimage\",\"url\":\"https:\/\/dhg1h5j42swfq.cloudfront.net\/2021\/05\/19160237\/pm-pi.jpg\",\"contentUrl\":\"https:\/\/dhg1h5j42swfq.cloudfront.net\/2021\/05\/19160237\/pm-pi.jpg\",\"width\":768,\"height\":432,\"caption\":\"PM PI\"},{\"@type\":\"BreadcrumbList\",\"@id\":\"https:\/\/www.estrategiaconcursos.com.br\/blog\/concurso-pm-pi-2026-edital-junho-mil-vagas\/#breadcrumb\",\"itemListElement\":[{\"@type\":\"ListItem\",\"position\":1,\"name\":\"In\u00edcio\",\"item\":\"https:\/\/www.estrategiaconcursos.com.br\/blog\/\"},{\"@type\":\"ListItem\",\"position\":2,\"name\":\"Concurso PM PI 2026: edital em junho; mais de MIL vagas\"}]},{\"@type\":\"WebSite\",\"@id\":\"https:\/\/www.estrategiaconcursos.com.br\/blog\/#website\",\"url\":\"https:\/\/www.estrategiaconcursos.com.br\/blog\/\",\"name\":\"Estrat\u00e9gia Concursos\",\"description\":\"O blog da Estrat\u00e9gia Concursos traz not\u00edcias sobre concursos e artigos de professores oferecendo cursos para concursos (pdf + videaulas) no site.\",\"publisher\":{\"@id\":\"https:\/\/www.estrategiaconcursos.com.br\/blog\/#organization\"},\"potentialAction\":[{\"@type\":\"SearchAction\",\"target\":{\"@type\":\"EntryPoint\",\"urlTemplate\":\"https:\/\/www.estrategiaconcursos.com.br\/blog\/?s={search_term_string}\"},\"query-input\":{\"@type\":\"PropertyValueSpecification\",\"valueRequired\":true,\"valueName\":\"search_term_string\"}}],\"inLanguage\":\"pt-BR\"},{\"@type\":\"Organization\",\"@id\":\"https:\/\/www.estrategiaconcursos.com.br\/blog\/#organization\",\"name\":\"Estrat\u00e9gia Concursos\",\"url\":\"https:\/\/www.estrategiaconcursos.com.br\/blog\/\",\"logo\":{\"@type\":\"ImageObject\",\"inLanguage\":\"pt-BR\",\"@id\":\"https:\/\/www.estrategiaconcursos.com.br\/blog\/#\/schema\/logo\/image\/\",\"url\":\"https:\/\/dhg1h5j42swfq.cloudfront.net\/2025\/06\/03203428\/logo_concursos-1.jpg\",\"contentUrl\":\"https:\/\/dhg1h5j42swfq.cloudfront.net\/2025\/06\/03203428\/logo_concursos-1.jpg\",\"width\":230,\"height\":60,\"caption\":\"Estrat\u00e9gia Concursos\"},\"image\":{\"@id\":\"https:\/\/www.estrategiaconcursos.com.br\/blog\/#\/schema\/logo\/image\/\"},\"sameAs\":[\"https:\/\/x.com\/EstratConcursos\"]},{\"@type\":\"Person\",\"@id\":\"https:\/\/www.estrategiaconcursos.com.br\/blog\/#\/schema\/person\/e75352021ea7f60781c599934f916eb1\",\"name\":\"Rafaela Teixeira\",\"image\":{\"@type\":\"ImageObject\",\"inLanguage\":\"pt-BR\",\"@id\":\"https:\/\/secure.gravatar.com\/avatar\/8a349a2b22039b1ee88fc06461487c950fd6aa411ea8af8633314b43334ae793?s=96&d=mm&r=g\",\"url\":\"https:\/\/secure.gravatar.com\/avatar\/8a349a2b22039b1ee88fc06461487c950fd6aa411ea8af8633314b43334ae793?s=96&d=mm&r=g\",\"contentUrl\":\"https:\/\/secure.gravatar.com\/avatar\/8a349a2b22039b1ee88fc06461487c950fd6aa411ea8af8633314b43334ae793?s=96&d=mm&r=g\",\"caption\":\"Rafaela Teixeira\"},\"description\":\"Rafaela Teixeira \u00e9 advogada conveniada \u00e0 Defensoria P\u00fablica de S\u00e3o Paulo pela OAB, com experi\u00eancia em reda\u00e7\u00e3o jur\u00eddica e atua\u00e7\u00e3o em institui\u00e7\u00f5es p\u00fablicas, incluindo est\u00e1gio no TRE-SP. Possui mais de 7 anos de experi\u00eancia na produ\u00e7\u00e3o de conte\u00fados voltados ao nicho de concursos p\u00fablicos, com foco em apura\u00e7\u00e3o jornal\u00edstica cont\u00ednua, an\u00e1lise de editais e obten\u00e7\u00e3o de informa\u00e7\u00f5es diretamente junto a \u00f3rg\u00e3os e fontes oficiais. No Blog do Estrat\u00e9gia Concursos, atua como Analista de Conte\u00fado S\u00eanior, respons\u00e1vel pelo jornalismo do per\u00edodo noturno e da madrugada, com atua\u00e7\u00e3o transversal na cobertura de concursos p\u00fablicos, garantindo a continuidade, fluidez e confiabilidade das publica\u00e7\u00f5es e dos bastidores dos certames.\",\"url\":\"https:\/\/www.estrategiaconcursos.com.br\/blog\/author\/rafaela-teixeira\/\"}]}<\/script>\n<!-- \/ Yoast SEO Premium plugin. -->","yoast_head_json":{"title":"Concurso PM PI 2026: edital em junho; mais de MIL vagas","description":"Governador do Piau\u00ed, Rafael Fonteles, confirmou previs\u00e3o de edital em junho para o novo Concurso PM PI. Ser\u00e3o mais de MIL vagas!","robots":{"index":"index","follow":"follow","max-snippet":"max-snippet:-1","max-image-preview":"max-image-preview:large","max-video-preview":"max-video-preview:-1"},"canonical":"https:\/\/www.estrategiaconcursos.com.br\/blog\/concurso-pm-pi-2026-edital-junho-mil-vagas\/","og_locale":"pt_BR","og_type":"article","og_title":"Concurso PM PI 2026: edital em junho; mais de MIL vagas","og_description":"Governador do Piau\u00ed, Rafael Fonteles, confirmou previs\u00e3o de edital em junho para o novo Concurso PM PI. Ser\u00e3o mais de MIL vagas!","og_url":"https:\/\/www.estrategiaconcursos.com.br\/blog\/concurso-pm-pi-2026-edital-junho-mil-vagas\/","og_site_name":"Estrat\u00e9gia Concursos","article_published_time":"2026-04-28T21:18:08+00:00","article_modified_time":"2026-04-28T21:18:10+00:00","og_image":[{"width":768,"height":432,"url":"https:\/\/dhg1h5j42swfq.cloudfront.net\/2021\/05\/19160237\/pm-pi.jpg","type":"image\/jpeg"}],"author":"Rafaela Teixeira","twitter_card":"summary_large_image","twitter_creator":"@EstratConcursos","twitter_site":"@EstratConcursos","twitter_misc":{"Escrito por":"Rafaela Teixeira","Est. tempo de leitura":"2 minutos"},"schema":{"@context":"https:\/\/schema.org","@graph":[{"@type":"NewsArticle","@id":"https:\/\/www.estrategiaconcursos.com.br\/blog\/concurso-pm-pi-2026-edital-junho-mil-vagas\/#article","isPartOf":{"@id":"https:\/\/www.estrategiaconcursos.com.br\/blog\/concurso-pm-pi-2026-edital-junho-mil-vagas\/"},"author":{"name":"Rafaela Teixeira","@id":"https:\/\/www.estrategiaconcursos.com.br\/blog\/#\/schema\/person\/e75352021ea7f60781c599934f916eb1"},"headline":"Concurso PM PI 2026: edital em junho; mais de MIL vagas","datePublished":"2026-04-28T21:18:08+00:00","dateModified":"2026-04-28T21:18:10+00:00","mainEntityOfPage":{"@id":"https:\/\/www.estrategiaconcursos.com.br\/blog\/concurso-pm-pi-2026-edital-junho-mil-vagas\/"},"wordCount":476,"commentCount":0,"publisher":{"@id":"https:\/\/www.estrategiaconcursos.com.br\/blog\/#organization"},"image":{"@id":"https:\/\/www.estrategiaconcursos.com.br\/blog\/concurso-pm-pi-2026-edital-junho-mil-vagas\/#primaryimage"},"thumbnailUrl":"https:\/\/dhg1h5j42swfq.cloudfront.net\/2021\/05\/19160237\/pm-pi.jpg","articleSection":["Policial (PM\/BM - Oficial)","Policial (PM\/BM - Pra\u00e7as)","\u00daltimas not\u00edcias"],"inLanguage":"pt-BR","potentialAction":[{"@type":"CommentAction","name":"Comment","target":["https:\/\/www.estrategiaconcursos.com.br\/blog\/concurso-pm-pi-2026-edital-junho-mil-vagas\/#respond"]}],"copyrightYear":"2026","copyrightHolder":{"@id":"https:\/\/www.estrategiaconcursos.com.br\/blog\/#organization"}},{"@type":"WebPage","@id":"https:\/\/www.estrategiaconcursos.com.br\/blog\/concurso-pm-pi-2026-edital-junho-mil-vagas\/","url":"https:\/\/www.estrategiaconcursos.com.br\/blog\/concurso-pm-pi-2026-edital-junho-mil-vagas\/","name":"Concurso PM PI 2026: edital em junho; mais de MIL vagas","isPartOf":{"@id":"https:\/\/www.estrategiaconcursos.com.br\/blog\/#website"},"primaryImageOfPage":{"@id":"https:\/\/www.estrategiaconcursos.com.br\/blog\/concurso-pm-pi-2026-edital-junho-mil-vagas\/#primaryimage"},"image":{"@id":"https:\/\/www.estrategiaconcursos.com.br\/blog\/concurso-pm-pi-2026-edital-junho-mil-vagas\/#primaryimage"},"thumbnailUrl":"https:\/\/dhg1h5j42swfq.cloudfront.net\/2021\/05\/19160237\/pm-pi.jpg","datePublished":"2026-04-28T21:18:08+00:00","dateModified":"2026-04-28T21:18:10+00:00","description":"Governador do Piau\u00ed, Rafael Fonteles, confirmou previs\u00e3o de edital em junho para o novo Concurso PM PI. Ser\u00e3o mais de MIL vagas!","breadcrumb":{"@id":"https:\/\/www.estrategiaconcursos.com.br\/blog\/concurso-pm-pi-2026-edital-junho-mil-vagas\/#breadcrumb"},"inLanguage":"pt-BR","potentialAction":[{"@type":"ReadAction","target":["https:\/\/www.estrategiaconcursos.com.br\/blog\/concurso-pm-pi-2026-edital-junho-mil-vagas\/"]}]},{"@type":"ImageObject","inLanguage":"pt-BR","@id":"https:\/\/www.estrategiaconcursos.com.br\/blog\/concurso-pm-pi-2026-edital-junho-mil-vagas\/#primaryimage","url":"https:\/\/dhg1h5j42swfq.cloudfront.net\/2021\/05\/19160237\/pm-pi.jpg","contentUrl":"https:\/\/dhg1h5j42swfq.cloudfront.net\/2021\/05\/19160237\/pm-pi.jpg","width":768,"height":432,"caption":"PM PI"},{"@type":"BreadcrumbList","@id":"https:\/\/www.estrategiaconcursos.com.br\/blog\/concurso-pm-pi-2026-edital-junho-mil-vagas\/#breadcrumb","itemListElement":[{"@type":"ListItem","position":1,"name":"In\u00edcio","item":"https:\/\/www.estrategiaconcursos.com.br\/blog\/"},{"@type":"ListItem","position":2,"name":"Concurso PM PI 2026: edital em junho; mais de MIL vagas"}]},{"@type":"WebSite","@id":"https:\/\/www.estrategiaconcursos.com.br\/blog\/#website","url":"https:\/\/www.estrategiaconcursos.com.br\/blog\/","name":"Estrat\u00e9gia Concursos","description":"O blog da Estrat\u00e9gia Concursos traz not\u00edcias sobre concursos e artigos de professores oferecendo cursos para concursos (pdf + videaulas) no site.","publisher":{"@id":"https:\/\/www.estrategiaconcursos.com.br\/blog\/#organization"},"potentialAction":[{"@type":"SearchAction","target":{"@type":"EntryPoint","urlTemplate":"https:\/\/www.estrategiaconcursos.com.br\/blog\/?s={search_term_string}"},"query-input":{"@type":"PropertyValueSpecification","valueRequired":true,"valueName":"search_term_string"}}],"inLanguage":"pt-BR"},{"@type":"Organization","@id":"https:\/\/www.estrategiaconcursos.com.br\/blog\/#organization","name":"Estrat\u00e9gia Concursos","url":"https:\/\/www.estrategiaconcursos.com.br\/blog\/","logo":{"@type":"ImageObject","inLanguage":"pt-BR","@id":"https:\/\/www.estrategiaconcursos.com.br\/blog\/#\/schema\/logo\/image\/","url":"https:\/\/dhg1h5j42swfq.cloudfront.net\/2025\/06\/03203428\/logo_concursos-1.jpg","contentUrl":"https:\/\/dhg1h5j42swfq.cloudfront.net\/2025\/06\/03203428\/logo_concursos-1.jpg","width":230,"height":60,"caption":"Estrat\u00e9gia Concursos"},"image":{"@id":"https:\/\/www.estrategiaconcursos.com.br\/blog\/#\/schema\/logo\/image\/"},"sameAs":["https:\/\/x.com\/EstratConcursos"]},{"@type":"Person","@id":"https:\/\/www.estrategiaconcursos.com.br\/blog\/#\/schema\/person\/e75352021ea7f60781c599934f916eb1","name":"Rafaela Teixeira","image":{"@type":"ImageObject","inLanguage":"pt-BR","@id":"https:\/\/secure.gravatar.com\/avatar\/8a349a2b22039b1ee88fc06461487c950fd6aa411ea8af8633314b43334ae793?s=96&d=mm&r=g","url":"https:\/\/secure.gravatar.com\/avatar\/8a349a2b22039b1ee88fc06461487c950fd6aa411ea8af8633314b43334ae793?s=96&d=mm&r=g","contentUrl":"https:\/\/secure.gravatar.com\/avatar\/8a349a2b22039b1ee88fc06461487c950fd6aa411ea8af8633314b43334ae793?s=96&d=mm&r=g","caption":"Rafaela Teixeira"},"description":"Rafaela Teixeira \u00e9 advogada conveniada \u00e0 Defensoria P\u00fablica de S\u00e3o Paulo pela OAB, com experi\u00eancia em reda\u00e7\u00e3o jur\u00eddica e atua\u00e7\u00e3o em institui\u00e7\u00f5es p\u00fablicas, incluindo est\u00e1gio no TRE-SP. Possui mais de 7 anos de experi\u00eancia na produ\u00e7\u00e3o de conte\u00fados voltados ao nicho de concursos p\u00fablicos, com foco em apura\u00e7\u00e3o jornal\u00edstica cont\u00ednua, an\u00e1lise de editais e obten\u00e7\u00e3o de informa\u00e7\u00f5es diretamente junto a \u00f3rg\u00e3os e fontes oficiais. No Blog do Estrat\u00e9gia Concursos, atua como Analista de Conte\u00fado S\u00eanior, respons\u00e1vel pelo jornalismo do per\u00edodo noturno e da madrugada, com atua\u00e7\u00e3o transversal na cobertura de concursos p\u00fablicos, garantindo a continuidade, fluidez e confiabilidade das publica\u00e7\u00f5es e dos bastidores dos certames.","url":"https:\/\/www.estrategiaconcursos.com.br\/blog\/author\/rafaela-teixeira\/"}]}},"_links":{"self":[{"href":"https:\/\/www.estrategiaconcursos.com.br\/blog\/wp-json\/wp\/v2\/posts\/1758488","targetHints":{"allow":["GET"]}}],"collection":[{"href":"https:\/\/www.estrategiaconcursos.com.br\/blog\/wp-json\/wp\/v2\/posts"}],"about":[{"href":"https:\/\/www.estrategiaconcursos.com.br\/blog\/wp-json\/wp\/v2\/types\/post"}],"author":[{"embeddable":true,"href":"https:\/\/www.estrategiaconcursos.com.br\/blog\/wp-json\/wp\/v2\/users\/2134"}],"replies":[{"embeddable":true,"href":"https:\/\/www.estrategiaconcursos.com.br\/blog\/wp-json\/wp\/v2\/comments?post=1758488"}],"version-history":[{"count":1,"href":"https:\/\/www.estrategiaconcursos.com.br\/blog\/wp-json\/wp\/v2\/posts\/1758488\/revisions"}],"predecessor-version":[{"id":1758489,"href":"https:\/\/www.estrategiaconcursos.com.br\/blog\/wp-json\/wp\/v2\/posts\/1758488\/revisions\/1758489"}],"wp:featuredmedia":[{"embeddable":true,"href":"https:\/\/www.estrategiaconcursos.com.br\/blog\/wp-json\/wp\/v2\/media\/745399"}],"wp:attachment":[{"href":"https:\/\/www.estrategiaconcursos.com.br\/blog\/wp-json\/wp\/v2\/media?parent=1758488"}],"wp:term":[{"taxonomy":"category","embeddable":true,"href":"https:\/\/www.estrategiaconcursos.com.br\/blog\/wp-json\/wp\/v2\/categories?post=1758488"},{"taxonomy":"post_tag","embeddable":true,"href":"https:\/\/www.estrategiaconcursos.com.br\/blog\/wp-json\/wp\/v2\/tags?post=1758488"},{"taxonomy":"tax_estado","embeddable":true,"href":"https:\/\/www.estrategiaconcursos.com.br\/blog\/wp-json\/wp\/v2\/tax_estado?post=1758488"}],"curies":[{"name":"wp","href":"https:\/\/api.w.org\/{rel}","templated":true}]}}