{"id":1758195,"date":"2026-04-30T21:00:10","date_gmt":"2026-05-01T00:00:10","guid":{"rendered":"https:\/\/www.estrategiaconcursos.com.br\/blog\/?p=1758195"},"modified":"2026-04-30T21:45:18","modified_gmt":"2026-05-01T00:45:18","slug":"concurso-gcm-sp-2026-possiveis-recursos","status":"publish","type":"post","link":"https:\/\/www.estrategiaconcursos.com.br\/blog\/concurso-gcm-sp-2026-possiveis-recursos\/","title":{"rendered":"Concurso GCM SP 2026: confira os poss\u00edveis recursos!"},"content":{"rendered":"\n<p><em><strong>Quer interpor recursos contra os gabaritos preliminares das provas do Concurso GCM SP 2026? Confira neste artigo!<\/strong><\/em><\/p>\n\n\n\n<p>Aconteceram neste domingo (26) as <strong>provas do concurso p\u00fablico GCM SP<\/strong> (<a href=\"https:\/\/www.estrategiaconcursos.com.br\/cursosPorConcurso\/guarda-civil-metropolitana-de-sao-paulo-gcm-sp\" target=\"_blank\" rel=\"noreferrer noopener\">Guarda Civil Metropolitana de S\u00e3o Paulo<\/a>).<\/p>\n\n\n\n<p>A interposi\u00e7\u00e3o de recursos pode ser realizada nos dias 29 e 30 de abril. O procedimento deve ser feito atrav\u00e9s do site da <a href=\"https:\/\/www.vunesp.com.br\/SMSU2501\" target=\"_blank\" rel=\"noreferrer noopener\">Vunesp<\/a>.<\/p>\n\n\n\n<ul class=\"wp-block-list\">\n<li><a href=\"https:\/\/dhg1h5j42swfq.cloudfront.net\/2026\/04\/28101723\/gabarito-preliminar-gcm-sp-2026.pdf\" target=\"_blank\" rel=\"noreferrer noopener nofollow\">Gabaritos preliminares &#8211; Concurso GCM SP<\/a><\/li>\n<\/ul>\n\n\n\n<p>E para te ajudar, nossos professores analisaram o resultado e identificaram algumas possibilidades de recursos. Confira abaixo!<\/p>\n\n\n\n<p class=\"has-very-light-gray-to-cyan-bluish-gray-gradient-background has-background has-large-font-size\" id=\"h-concurso-gcm-sp-veja-os-possiveis-recursos\"><strong>Concurso GCM SP 2026: veja os poss\u00edveis recursos<\/strong><\/p>\n\n\n\n<p>Quest\u00e3o 41<\/p>\n\n\n\n<p>\u00c9 dia de vota\u00e7\u00e3o, na C\u00e2mara Municipal da cidade X, do projeto de lei que trata da revis\u00e3o geral anual da remunera\u00e7\u00e3o dos servidores p\u00fablicos. <\/p>\n\n\n\n<p>O tema desperta forte mobiliza\u00e7\u00e3o no funcionalismo, pois, segundo os representantes das categorias profissionais, a revis\u00e3o n\u00e3o tem sido suficiente para recompor, em termos reais, o poder de compra dos agentes p\u00fablicos.<\/p>\n\n\n\n<p>Por essa raz\u00e3o, foi organizada uma grande manifesta\u00e7\u00e3o, havendo not\u00edcias de que milhares de servidores, ativos e aposentados, est\u00e3o se dirigindo \u00e0 sede do Poder Legislativo para exercer press\u00e3o pol\u00edtica sobre os vereadores. <\/p>\n\n\n\n<p>Diante desse cen\u00e1rio, a presid\u00eancia da C\u00e2mara Municipal comunica o fato \u00e0 Guarda Municipal e solicita o deslocamento de efetivo para o local. Antes de determinar a atua\u00e7\u00e3o da corpora\u00e7\u00e3o, o comandante da Guarda decide rememorar, com seus subordinados, alguns aspectos constitucionalmente relevantes acerca da situa\u00e7\u00e3o.<\/p>\n\n\n\n<p>Com base na hip\u00f3tese apresentada e na Constitui\u00e7\u00e3o Federal, \u00e9 correto afirmar que <br \/>A) a guarda municipal n\u00e3o pode, em qualquer hip\u00f3tese, adotar provid\u00eancias para impedir que os manifestantes, ainda que em grande n\u00famero, entrem nas depend\u00eancias da C\u00e2mara.<br \/>B) os servidores p\u00fablicos possuem, de fato, o direito \u00e0 revis\u00e3o da remunera\u00e7\u00e3o anual, pelos \u00edndices oficiais de infla\u00e7\u00e3o. <br \/>C) a manifesta\u00e7\u00e3o ser\u00e1 ilegal, caso n\u00e3o tenha sido previamente autorizada pela autoridade p\u00fablica competente. <br \/>D) os servidores p\u00fablicos possuem, como qualquer indiv\u00edduo, o direito fundamental \u00e0 reuni\u00e3o e de associa\u00e7\u00e3o, e a realiza\u00e7\u00e3o da manifesta\u00e7\u00e3o deve ter sido previamente avisada \u00e0 autoridade competente. <br \/>E) a manifesta\u00e7\u00e3o ser\u00e1 v\u00e1lida se n\u00e3o implicar obstru\u00e7\u00e3o de vias p\u00fablicas, autoriza\u00e7\u00e3o judicial e n\u00e3o afetar o direito de ir e vir dos demais mun\u00edcipes.<\/p>\n\n\n\n<p><strong>Com base na hip\u00f3tese apresentada e na Constitui\u00e7\u00e3o Federal, a afirmativa CORRETA \u00e9 a letra B<\/strong>, visto que o art. 37, X da CF 88 consagra aos servidores p\u00fablicos o direito \u00e0 reposi\u00e7\u00e3o das perdas inflacion\u00e1rias com a revis\u00e3o geral e anual sem distin\u00e7\u00e3o de \u00edndices. <\/p>\n\n\n\n<p>Trata-se de disposi\u00e7\u00e3o literal do texto constitucional, segundo o qual: <br \/>Art. 37, X &#8211; a remunera\u00e7\u00e3o dos servidores p\u00fablicos e o subs\u00eddio de que trata o \u00a7 4\u00ba do art. 39 somente poder\u00e3o ser fixados ou alterados por lei espec\u00edfica, observada a iniciativa privativa em cada caso, assegurada revis\u00e3o geral anual, sempre na mesma data e sem distin\u00e7\u00e3o de \u00edndices; (Reda\u00e7\u00e3o dada pela Emenda Constitucional n\u00ba 19, de 1998) <\/p>\n\n\n\n<p>Ou seja, letra B integralmente em conformidade com a Constitui\u00e7\u00e3o da Rep\u00fablica, sendo claramente uma afirmativa correta.<\/p>\n\n\n\n<p>Superada essa quest\u00e3o, a afirmativa D tamb\u00e9m n\u00e3o pode ser considerada a resposta da quest\u00e3o? A resposta inequ\u00edvoca \u00e9 N\u00c3O. <\/p>\n\n\n\n<p>Disp\u00f5e a afirmativa \u201cD\u201d que: D) os servidores p\u00fablicos possuem, como qualquer indiv\u00edduo, o direito fundamental \u00e0 reuni\u00e3o e de associa\u00e7\u00e3o, e a realiza\u00e7\u00e3o da manifesta\u00e7\u00e3o deve avisada \u00e0 autoridade competente. ter sido previamente <\/p>\n\n\n\n<p>Em uma an\u00e1lise preliminar, tendo em vista t\u00e3o somente a literalidade do texto constitucional, seria poss\u00edvel afirmar que a quest\u00e3o possui duas respostas, visto que a literalidade do art. 5\u00ba, XVI da CF88 disp\u00f5e que:<\/p>\n\n\n\n<p>Entretanto, tendo em vista o enunciado, a afirmativa D n\u00e3o pode ser considerada a resposta da quest\u00e3o, pois afronta quest\u00e3o de repercuss\u00e3o geral pacificada na jurisprud\u00eancia do Supremo Tribunal Federal, int\u00e9rprete maior da Constitui\u00e7\u00e3o. <\/p>\n\n\n\n<p>Atente-se para a seguinte parte do enunciado: <\/p>\n\n\n\n<p>(\u2026) Por essa raz\u00e3o, foi organizada uma grande manifesta\u00e7\u00e3o, havendo not\u00edcias de que milhares de servidores, ativos e aposentados, est\u00e3o se dirigindo \u00e0 sede do Poder Legislativo para exercer press\u00e3o pol\u00edtica sobre os vereadores. Diante desse cen\u00e1rio, a presid\u00eancia da C\u00e2mara Municipal comunica o fato \u00e0 Guarda Municipal e solicita o deslocamento de efetivo para o local. (\u2026) <\/p>\n\n\n\n<p>Est\u00e1 claro que a Administra\u00e7\u00e3o Municipal estava ciente, pois existiam not\u00edcias a respeito da manifesta\u00e7\u00e3o. Tanto o \u00e9, que a pr\u00f3pria C\u00e2mara Municipal comunicou a Guarda Municipal para que deslocasse efetivo para o local.<\/p>\n\n\n\n<p>Jurisprud\u00eancia STF: &#8220;A exig\u00eancia constitucional de aviso pr\u00e9vio relativamente ao direito de reuni\u00e3o \u00e9 satisfeita com a veicula\u00e7\u00e3o de informa\u00e7\u00e3o que permita ao poder p\u00fablico zelar para que seu exerc\u00edcio se d\u00ea de forma pac\u00edfica ou para que n\u00e3o frustre outra reuni\u00e3o no mesmo local. STF. Plen\u00e1rio. <\/p>\n\n\n\n<p>RE 806339\/SE, Rel. Min. Marco Aur\u00e9lio, redator do ac\u00f3rd\u00e3o Min. Edson Fachin, julgado em 14\/12\/2020 (Repercuss\u00e3o Geral \u2013 Tema 855) (Info 1003).&#8221; \u201cRE 806339\/SE: RECURSO EXTRAORDIN\u00c1RIO COM REPERCUSS\u00c3O GERAL. DIREITO CONSTITUCIONAL. DIREITO DE MANIFESTA\u00c7\u00c3O. DIREITO DE REUNI\u00c3O E DE EXPRESS\u00c3O. AVISO PR\u00c9VIO. DESNECESSIDADE. PROVIMENTO DO RECURSO EXTRAORDIN\u00c1RIO. <\/p>\n\n\n\n<p>1. Em uma sociedade democr\u00e1tica, o espa\u00e7o p\u00fablico n\u00e3o \u00e9 apenas um lugar de circula\u00e7\u00e3o, mas tamb\u00e9m de participa\u00e7\u00e3o. H\u00e1 um custo m\u00f3dico na conviv\u00eancia democr\u00e1tica e \u00e9 em rela\u00e7\u00e3o a ele que eventual restri\u00e7\u00e3o a t\u00e3o relevante direito deve ser estimada.<\/p>\n\n\n\n<p>2. O aviso ou notifica\u00e7\u00e3o pr\u00e9via visa permitir que o poder p\u00fablico zele para que o exerc\u00edcio do direito de reuni\u00e3o se d\u00ea de forma pac\u00edfica e que n\u00e3o frustre outra reuni\u00e3o no mesmo local. Para que seja viabilizado, basta que a notifica\u00e7\u00e3o seja efetiva, isto \u00e9, que permita ao poder p\u00fablico realizar a seguran\u00e7a da manifesta\u00e7\u00e3o ou reuni\u00e3o. <\/p>\n\n\n\n<p>3. Manifesta\u00e7\u00f5es espont\u00e2neas n\u00e3o est\u00e3o proibidas nem pelo texto constitucional, nem pelos tratados de direitos humanos. A inexist\u00eancia de notifica\u00e7\u00e3o n\u00e3o torna ipso facto ilegal a reuni\u00e3o. (\u2026)\u201d <\/p>\n\n\n\n<p>Em resumo, o aviso pr\u00e9vio \u00e9 mero requisito formal, ainda mais quando o Poder P\u00fablico j\u00e1 se encontra avisado pela veicula\u00e7\u00e3o de informa\u00e7\u00e3o que o permita zelar para que seu exerc\u00edcio se d\u00ea de forma pac\u00edfica ou para que n\u00e3o frustre outra reuni\u00e3o no mesmo local. A C\u00e2mara Municipal tanto sabia sobre a manifesta\u00e7\u00e3o, que pediu provid\u00eancias para a Guarda Municipal.<\/p>\n\n\n\n<p>Dessa forma, diante do enunciado da quest\u00e3o, bem como da s\u00f3lida e vinculativa jurisprud\u00eancia do STF sobre o tema,<strong> requer-se a mudan\u00e7a do gabarito da quest\u00e3o para a letra \u201cB\u201d, que se encontra totalmente de acordo com o texto constitucional. <\/strong><\/p>\n\n\n\n<p>Com base na hip\u00f3tese apresentada pelo enunciado e na Constitui\u00e7\u00e3o Federal a letra \u201cD\u201d \u00e9 claramente INCORRETA.<\/p>\n\n\n\n<p>Para saber tudo sobre os poss\u00edveis recursos das provas do Concurso GCM SP 2026, basta acessar o link a seguir:<\/p>\n\n\n\n<p class=\"has-text-align-center has-very-light-gray-to-cyan-bluish-gray-gradient-background has-background\" id=\"assinatura\" style=\"font-size:clamp(14.642px, 0.915rem + ((1vw - 3.2px) * 0.721), 22px);\"><strong>Saiba tudo sobre o <a href=\"https:\/\/www.estrategiaconcursos.com.br\/blog\/concurso-gcm-sp\/\" target=\"_blank\" rel=\"noreferrer noopener\">Concurso GCM SP 2026<\/a><\/strong><\/p>\n\n\n\n<hr class=\"wp-block-separator has-alpha-channel-opacity\"\/>\n\n\n\n<h2 class=\"wp-block-heading has-text-align-center\" id=\"h-quer-saber-tudo-sobre-concursos-previstos-confira-nossos-artigos\">Quer saber tudo sobre concursos previstos?<br \/>Confira  nossos artigos!<\/h2>\n\n\n\n<ul class=\"wp-block-list\">\n<li><a href=\"https:\/\/www.estrategiaconcursos.com.br\/blog\/concursos-abertos\/\" target=\"_blank\" rel=\"noreferrer noopener\">Concursos abertos<\/a><\/li>\n\n\n\n<li><a href=\"https:\/\/www.estrategiaconcursos.com.br\/blog\/concursos-guarda-municipal\/\" target=\"_blank\" rel=\"noreferrer noopener\">Concursos Guardas Municipais<\/a><\/li>\n\n\n\n<li><a href=\"https:\/\/www.estrategiaconcursos.com.br\/blog\/concursos-2026\/\" target=\"_blank\" rel=\"noreferrer noopener\">Concursos 2026<\/a><\/li>\n\n\n\n<li><a href=\"https:\/\/www.estrategiaconcursos.com.br\/blog\/concursos\/sp\/\" target=\"_blank\" rel=\"noreferrer noopener\">Concursos SP<\/a><\/li>\n<\/ul>\n\n\n\n<div class=\"container\" id=\"boxes\">\n  <div class=\"row\">\n\n    <div class=\"col-sm\">\n      <div class=\"estrategia\" id=\"box-assinatura\">\n        <h3 class=\"titulo-assinatura\">Assinatura de Concursos<\/h3>\n        <p class=\"subtitulo-assinatura\">Assinatura de 1 ano ou 2 anos<\/p>\n        <div class=\"box-botao\">\n          <a class=\"btn-assinatura\" target=\"_blank\" href=\"https:\/\/www.estrategiaconcursos.com.br\/assinaturas\/\" role=\"button\" rel=\"noopener noreferrer\">ASSINE AGORA<\/a>\n        <\/div>\n      <\/div><\/div><\/div><\/div>\n\n\n\n<p><\/p>\n","protected":false},"excerpt":{"rendered":"<p>Quer interpor recursos contra os gabaritos preliminares das provas do Concurso GCM SP 2026? Confira neste artigo! Aconteceram neste domingo (26) as provas do concurso p\u00fablico GCM SP (Guarda Civil Metropolitana de S\u00e3o Paulo). A interposi\u00e7\u00e3o de recursos pode ser realizada nos dias 29 e 30 de abril. O procedimento deve ser feito atrav\u00e9s do [&hellip;]<\/p>\n","protected":false},"author":2134,"featured_media":1016655,"comment_status":"open","ping_status":"closed","sticky":false,"template":"","format":"standard","meta":{"post_tipo":"news","footnotes":""},"categories":[220189,220219],"tags":[],"tax_estado":[219989],"class_list":["post-1758195","post","type-post","status-publish","format-standard","has-post-thumbnail","hentry","category-policial-guarda-civis","category-noticias","tax_estado-sp"],"acf":[],"yoast_head":"<!-- This site is optimized with the Yoast SEO Premium plugin v27.2 (Yoast SEO v27.2) - https:\/\/yoast.com\/product\/yoast-seo-premium-wordpress\/ -->\n<title>Concurso GCM SP 2026: confira os poss\u00edveis recursos!<\/title>\n<meta name=\"description\" content=\"Quer interpor recursos contra os gabaritos preliminares das provas do Concurso GCM SP 2026? Confira os detalhes neste artigo!\" \/>\n<meta name=\"robots\" content=\"index, follow, max-snippet:-1, max-image-preview:large, max-video-preview:-1\" \/>\n<link rel=\"canonical\" href=\"https:\/\/www.estrategiaconcursos.com.br\/blog\/concurso-gcm-sp-2026-possiveis-recursos\/\" \/>\n<meta property=\"og:locale\" content=\"pt_BR\" \/>\n<meta property=\"og:type\" content=\"article\" \/>\n<meta property=\"og:title\" content=\"Concurso GCM SP 2026: confira os poss\u00edveis recursos!\" \/>\n<meta property=\"og:description\" content=\"Quer interpor recursos contra os gabaritos preliminares das provas do Concurso GCM SP 2026? Confira os detalhes neste artigo!\" \/>\n<meta property=\"og:url\" content=\"https:\/\/www.estrategiaconcursos.com.br\/blog\/concurso-gcm-sp-2026-possiveis-recursos\/\" \/>\n<meta property=\"og:site_name\" content=\"Estrat\u00e9gia Concursos\" \/>\n<meta property=\"article:published_time\" content=\"2026-05-01T00:00:10+00:00\" \/>\n<meta property=\"article:modified_time\" content=\"2026-05-01T00:45:18+00:00\" \/>\n<meta property=\"og:image\" content=\"https:\/\/dhg1h5j42swfq.cloudfront.net\/2022\/04\/27150726\/gcm-sp.jpg\" \/>\n\t<meta property=\"og:image:width\" content=\"768\" \/>\n\t<meta property=\"og:image:height\" content=\"432\" \/>\n\t<meta property=\"og:image:type\" content=\"image\/jpeg\" \/>\n<meta name=\"author\" content=\"Rafaela Teixeira\" \/>\n<meta name=\"twitter:card\" content=\"summary_large_image\" \/>\n<meta name=\"twitter:creator\" content=\"@EstratConcursos\" \/>\n<meta name=\"twitter:site\" content=\"@EstratConcursos\" \/>\n<meta name=\"twitter:label1\" content=\"Escrito por\" \/>\n\t<meta name=\"twitter:data1\" content=\"Rafaela Teixeira\" \/>\n\t<meta name=\"twitter:label2\" content=\"Est. tempo de leitura\" \/>\n\t<meta name=\"twitter:data2\" content=\"6 minutos\" \/>\n<script type=\"application\/ld+json\" class=\"yoast-schema-graph\">{\"@context\":\"https:\/\/schema.org\",\"@graph\":[{\"@type\":\"NewsArticle\",\"@id\":\"https:\/\/www.estrategiaconcursos.com.br\/blog\/concurso-gcm-sp-2026-possiveis-recursos\/#article\",\"isPartOf\":{\"@id\":\"https:\/\/www.estrategiaconcursos.com.br\/blog\/concurso-gcm-sp-2026-possiveis-recursos\/\"},\"author\":{\"name\":\"Rafaela Teixeira\",\"@id\":\"https:\/\/www.estrategiaconcursos.com.br\/blog\/#\/schema\/person\/e75352021ea7f60781c599934f916eb1\"},\"headline\":\"Concurso GCM SP 2026: confira os poss\u00edveis recursos!\",\"datePublished\":\"2026-05-01T00:00:10+00:00\",\"dateModified\":\"2026-05-01T00:45:18+00:00\",\"mainEntityOfPage\":{\"@id\":\"https:\/\/www.estrategiaconcursos.com.br\/blog\/concurso-gcm-sp-2026-possiveis-recursos\/\"},\"wordCount\":1254,\"commentCount\":0,\"publisher\":{\"@id\":\"https:\/\/www.estrategiaconcursos.com.br\/blog\/#organization\"},\"image\":{\"@id\":\"https:\/\/www.estrategiaconcursos.com.br\/blog\/concurso-gcm-sp-2026-possiveis-recursos\/#primaryimage\"},\"thumbnailUrl\":\"https:\/\/dhg1h5j42swfq.cloudfront.net\/2022\/04\/27150726\/gcm-sp.jpg\",\"articleSection\":[\"Policial (Guardas Civis)\",\"\u00daltimas not\u00edcias\"],\"inLanguage\":\"pt-BR\",\"potentialAction\":[{\"@type\":\"CommentAction\",\"name\":\"Comment\",\"target\":[\"https:\/\/www.estrategiaconcursos.com.br\/blog\/concurso-gcm-sp-2026-possiveis-recursos\/#respond\"]}],\"copyrightYear\":\"2026\",\"copyrightHolder\":{\"@id\":\"https:\/\/www.estrategiaconcursos.com.br\/blog\/#organization\"}},{\"@type\":\"WebPage\",\"@id\":\"https:\/\/www.estrategiaconcursos.com.br\/blog\/concurso-gcm-sp-2026-possiveis-recursos\/\",\"url\":\"https:\/\/www.estrategiaconcursos.com.br\/blog\/concurso-gcm-sp-2026-possiveis-recursos\/\",\"name\":\"Concurso GCM SP 2026: confira os poss\u00edveis recursos!\",\"isPartOf\":{\"@id\":\"https:\/\/www.estrategiaconcursos.com.br\/blog\/#website\"},\"primaryImageOfPage\":{\"@id\":\"https:\/\/www.estrategiaconcursos.com.br\/blog\/concurso-gcm-sp-2026-possiveis-recursos\/#primaryimage\"},\"image\":{\"@id\":\"https:\/\/www.estrategiaconcursos.com.br\/blog\/concurso-gcm-sp-2026-possiveis-recursos\/#primaryimage\"},\"thumbnailUrl\":\"https:\/\/dhg1h5j42swfq.cloudfront.net\/2022\/04\/27150726\/gcm-sp.jpg\",\"datePublished\":\"2026-05-01T00:00:10+00:00\",\"dateModified\":\"2026-05-01T00:45:18+00:00\",\"description\":\"Quer interpor recursos contra os gabaritos preliminares das provas do Concurso GCM SP 2026? Confira os detalhes neste artigo!\",\"breadcrumb\":{\"@id\":\"https:\/\/www.estrategiaconcursos.com.br\/blog\/concurso-gcm-sp-2026-possiveis-recursos\/#breadcrumb\"},\"inLanguage\":\"pt-BR\",\"potentialAction\":[{\"@type\":\"ReadAction\",\"target\":[\"https:\/\/www.estrategiaconcursos.com.br\/blog\/concurso-gcm-sp-2026-possiveis-recursos\/\"]}]},{\"@type\":\"ImageObject\",\"inLanguage\":\"pt-BR\",\"@id\":\"https:\/\/www.estrategiaconcursos.com.br\/blog\/concurso-gcm-sp-2026-possiveis-recursos\/#primaryimage\",\"url\":\"https:\/\/dhg1h5j42swfq.cloudfront.net\/2022\/04\/27150726\/gcm-sp.jpg\",\"contentUrl\":\"https:\/\/dhg1h5j42swfq.cloudfront.net\/2022\/04\/27150726\/gcm-sp.jpg\",\"width\":768,\"height\":432,\"caption\":\"concurso GCM SP\"},{\"@type\":\"BreadcrumbList\",\"@id\":\"https:\/\/www.estrategiaconcursos.com.br\/blog\/concurso-gcm-sp-2026-possiveis-recursos\/#breadcrumb\",\"itemListElement\":[{\"@type\":\"ListItem\",\"position\":1,\"name\":\"In\u00edcio\",\"item\":\"https:\/\/www.estrategiaconcursos.com.br\/blog\/\"},{\"@type\":\"ListItem\",\"position\":2,\"name\":\"Concurso GCM SP 2026: confira os poss\u00edveis recursos!\"}]},{\"@type\":\"WebSite\",\"@id\":\"https:\/\/www.estrategiaconcursos.com.br\/blog\/#website\",\"url\":\"https:\/\/www.estrategiaconcursos.com.br\/blog\/\",\"name\":\"Estrat\u00e9gia Concursos\",\"description\":\"O blog da Estrat\u00e9gia Concursos traz not\u00edcias sobre concursos e artigos de professores oferecendo cursos para concursos (pdf + videaulas) no site.\",\"publisher\":{\"@id\":\"https:\/\/www.estrategiaconcursos.com.br\/blog\/#organization\"},\"potentialAction\":[{\"@type\":\"SearchAction\",\"target\":{\"@type\":\"EntryPoint\",\"urlTemplate\":\"https:\/\/www.estrategiaconcursos.com.br\/blog\/?s={search_term_string}\"},\"query-input\":{\"@type\":\"PropertyValueSpecification\",\"valueRequired\":true,\"valueName\":\"search_term_string\"}}],\"inLanguage\":\"pt-BR\"},{\"@type\":\"Organization\",\"@id\":\"https:\/\/www.estrategiaconcursos.com.br\/blog\/#organization\",\"name\":\"Estrat\u00e9gia Concursos\",\"url\":\"https:\/\/www.estrategiaconcursos.com.br\/blog\/\",\"logo\":{\"@type\":\"ImageObject\",\"inLanguage\":\"pt-BR\",\"@id\":\"https:\/\/www.estrategiaconcursos.com.br\/blog\/#\/schema\/logo\/image\/\",\"url\":\"https:\/\/dhg1h5j42swfq.cloudfront.net\/2025\/06\/03203428\/logo_concursos-1.jpg\",\"contentUrl\":\"https:\/\/dhg1h5j42swfq.cloudfront.net\/2025\/06\/03203428\/logo_concursos-1.jpg\",\"width\":230,\"height\":60,\"caption\":\"Estrat\u00e9gia Concursos\"},\"image\":{\"@id\":\"https:\/\/www.estrategiaconcursos.com.br\/blog\/#\/schema\/logo\/image\/\"},\"sameAs\":[\"https:\/\/x.com\/EstratConcursos\"]},{\"@type\":\"Person\",\"@id\":\"https:\/\/www.estrategiaconcursos.com.br\/blog\/#\/schema\/person\/e75352021ea7f60781c599934f916eb1\",\"name\":\"Rafaela Teixeira\",\"image\":{\"@type\":\"ImageObject\",\"inLanguage\":\"pt-BR\",\"@id\":\"https:\/\/secure.gravatar.com\/avatar\/8a349a2b22039b1ee88fc06461487c950fd6aa411ea8af8633314b43334ae793?s=96&d=mm&r=g\",\"url\":\"https:\/\/secure.gravatar.com\/avatar\/8a349a2b22039b1ee88fc06461487c950fd6aa411ea8af8633314b43334ae793?s=96&d=mm&r=g\",\"contentUrl\":\"https:\/\/secure.gravatar.com\/avatar\/8a349a2b22039b1ee88fc06461487c950fd6aa411ea8af8633314b43334ae793?s=96&d=mm&r=g\",\"caption\":\"Rafaela Teixeira\"},\"description\":\"Rafaela Teixeira \u00e9 advogada conveniada \u00e0 Defensoria P\u00fablica de S\u00e3o Paulo pela OAB, com experi\u00eancia em reda\u00e7\u00e3o jur\u00eddica e atua\u00e7\u00e3o em institui\u00e7\u00f5es p\u00fablicas, incluindo est\u00e1gio no TRE-SP. Possui mais de 7 anos de experi\u00eancia na produ\u00e7\u00e3o de conte\u00fados voltados ao nicho de concursos p\u00fablicos, com foco em apura\u00e7\u00e3o jornal\u00edstica cont\u00ednua, an\u00e1lise de editais e obten\u00e7\u00e3o de informa\u00e7\u00f5es diretamente junto a \u00f3rg\u00e3os e fontes oficiais. No Blog do Estrat\u00e9gia Concursos, atua como Analista de Conte\u00fado S\u00eanior, respons\u00e1vel pelo jornalismo do per\u00edodo noturno e da madrugada, com atua\u00e7\u00e3o transversal na cobertura de concursos p\u00fablicos, garantindo a continuidade, fluidez e confiabilidade das publica\u00e7\u00f5es e dos bastidores dos certames.\",\"url\":\"https:\/\/www.estrategiaconcursos.com.br\/blog\/author\/rafaela-teixeira\/\"}]}<\/script>\n<!-- \/ Yoast SEO Premium plugin. -->","yoast_head_json":{"title":"Concurso GCM SP 2026: confira os poss\u00edveis recursos!","description":"Quer interpor recursos contra os gabaritos preliminares das provas do Concurso GCM SP 2026? Confira os detalhes neste artigo!","robots":{"index":"index","follow":"follow","max-snippet":"max-snippet:-1","max-image-preview":"max-image-preview:large","max-video-preview":"max-video-preview:-1"},"canonical":"https:\/\/www.estrategiaconcursos.com.br\/blog\/concurso-gcm-sp-2026-possiveis-recursos\/","og_locale":"pt_BR","og_type":"article","og_title":"Concurso GCM SP 2026: confira os poss\u00edveis recursos!","og_description":"Quer interpor recursos contra os gabaritos preliminares das provas do Concurso GCM SP 2026? Confira os detalhes neste artigo!","og_url":"https:\/\/www.estrategiaconcursos.com.br\/blog\/concurso-gcm-sp-2026-possiveis-recursos\/","og_site_name":"Estrat\u00e9gia Concursos","article_published_time":"2026-05-01T00:00:10+00:00","article_modified_time":"2026-05-01T00:45:18+00:00","og_image":[{"width":768,"height":432,"url":"https:\/\/dhg1h5j42swfq.cloudfront.net\/2022\/04\/27150726\/gcm-sp.jpg","type":"image\/jpeg"}],"author":"Rafaela Teixeira","twitter_card":"summary_large_image","twitter_creator":"@EstratConcursos","twitter_site":"@EstratConcursos","twitter_misc":{"Escrito por":"Rafaela Teixeira","Est. tempo de leitura":"6 minutos"},"schema":{"@context":"https:\/\/schema.org","@graph":[{"@type":"NewsArticle","@id":"https:\/\/www.estrategiaconcursos.com.br\/blog\/concurso-gcm-sp-2026-possiveis-recursos\/#article","isPartOf":{"@id":"https:\/\/www.estrategiaconcursos.com.br\/blog\/concurso-gcm-sp-2026-possiveis-recursos\/"},"author":{"name":"Rafaela Teixeira","@id":"https:\/\/www.estrategiaconcursos.com.br\/blog\/#\/schema\/person\/e75352021ea7f60781c599934f916eb1"},"headline":"Concurso GCM SP 2026: confira os poss\u00edveis recursos!","datePublished":"2026-05-01T00:00:10+00:00","dateModified":"2026-05-01T00:45:18+00:00","mainEntityOfPage":{"@id":"https:\/\/www.estrategiaconcursos.com.br\/blog\/concurso-gcm-sp-2026-possiveis-recursos\/"},"wordCount":1254,"commentCount":0,"publisher":{"@id":"https:\/\/www.estrategiaconcursos.com.br\/blog\/#organization"},"image":{"@id":"https:\/\/www.estrategiaconcursos.com.br\/blog\/concurso-gcm-sp-2026-possiveis-recursos\/#primaryimage"},"thumbnailUrl":"https:\/\/dhg1h5j42swfq.cloudfront.net\/2022\/04\/27150726\/gcm-sp.jpg","articleSection":["Policial (Guardas Civis)","\u00daltimas not\u00edcias"],"inLanguage":"pt-BR","potentialAction":[{"@type":"CommentAction","name":"Comment","target":["https:\/\/www.estrategiaconcursos.com.br\/blog\/concurso-gcm-sp-2026-possiveis-recursos\/#respond"]}],"copyrightYear":"2026","copyrightHolder":{"@id":"https:\/\/www.estrategiaconcursos.com.br\/blog\/#organization"}},{"@type":"WebPage","@id":"https:\/\/www.estrategiaconcursos.com.br\/blog\/concurso-gcm-sp-2026-possiveis-recursos\/","url":"https:\/\/www.estrategiaconcursos.com.br\/blog\/concurso-gcm-sp-2026-possiveis-recursos\/","name":"Concurso GCM SP 2026: confira os poss\u00edveis recursos!","isPartOf":{"@id":"https:\/\/www.estrategiaconcursos.com.br\/blog\/#website"},"primaryImageOfPage":{"@id":"https:\/\/www.estrategiaconcursos.com.br\/blog\/concurso-gcm-sp-2026-possiveis-recursos\/#primaryimage"},"image":{"@id":"https:\/\/www.estrategiaconcursos.com.br\/blog\/concurso-gcm-sp-2026-possiveis-recursos\/#primaryimage"},"thumbnailUrl":"https:\/\/dhg1h5j42swfq.cloudfront.net\/2022\/04\/27150726\/gcm-sp.jpg","datePublished":"2026-05-01T00:00:10+00:00","dateModified":"2026-05-01T00:45:18+00:00","description":"Quer interpor recursos contra os gabaritos preliminares das provas do Concurso GCM SP 2026? Confira os detalhes neste artigo!","breadcrumb":{"@id":"https:\/\/www.estrategiaconcursos.com.br\/blog\/concurso-gcm-sp-2026-possiveis-recursos\/#breadcrumb"},"inLanguage":"pt-BR","potentialAction":[{"@type":"ReadAction","target":["https:\/\/www.estrategiaconcursos.com.br\/blog\/concurso-gcm-sp-2026-possiveis-recursos\/"]}]},{"@type":"ImageObject","inLanguage":"pt-BR","@id":"https:\/\/www.estrategiaconcursos.com.br\/blog\/concurso-gcm-sp-2026-possiveis-recursos\/#primaryimage","url":"https:\/\/dhg1h5j42swfq.cloudfront.net\/2022\/04\/27150726\/gcm-sp.jpg","contentUrl":"https:\/\/dhg1h5j42swfq.cloudfront.net\/2022\/04\/27150726\/gcm-sp.jpg","width":768,"height":432,"caption":"concurso GCM SP"},{"@type":"BreadcrumbList","@id":"https:\/\/www.estrategiaconcursos.com.br\/blog\/concurso-gcm-sp-2026-possiveis-recursos\/#breadcrumb","itemListElement":[{"@type":"ListItem","position":1,"name":"In\u00edcio","item":"https:\/\/www.estrategiaconcursos.com.br\/blog\/"},{"@type":"ListItem","position":2,"name":"Concurso GCM SP 2026: confira os poss\u00edveis recursos!"}]},{"@type":"WebSite","@id":"https:\/\/www.estrategiaconcursos.com.br\/blog\/#website","url":"https:\/\/www.estrategiaconcursos.com.br\/blog\/","name":"Estrat\u00e9gia Concursos","description":"O blog da Estrat\u00e9gia Concursos traz not\u00edcias sobre concursos e artigos de professores oferecendo cursos para concursos (pdf + videaulas) no site.","publisher":{"@id":"https:\/\/www.estrategiaconcursos.com.br\/blog\/#organization"},"potentialAction":[{"@type":"SearchAction","target":{"@type":"EntryPoint","urlTemplate":"https:\/\/www.estrategiaconcursos.com.br\/blog\/?s={search_term_string}"},"query-input":{"@type":"PropertyValueSpecification","valueRequired":true,"valueName":"search_term_string"}}],"inLanguage":"pt-BR"},{"@type":"Organization","@id":"https:\/\/www.estrategiaconcursos.com.br\/blog\/#organization","name":"Estrat\u00e9gia Concursos","url":"https:\/\/www.estrategiaconcursos.com.br\/blog\/","logo":{"@type":"ImageObject","inLanguage":"pt-BR","@id":"https:\/\/www.estrategiaconcursos.com.br\/blog\/#\/schema\/logo\/image\/","url":"https:\/\/dhg1h5j42swfq.cloudfront.net\/2025\/06\/03203428\/logo_concursos-1.jpg","contentUrl":"https:\/\/dhg1h5j42swfq.cloudfront.net\/2025\/06\/03203428\/logo_concursos-1.jpg","width":230,"height":60,"caption":"Estrat\u00e9gia Concursos"},"image":{"@id":"https:\/\/www.estrategiaconcursos.com.br\/blog\/#\/schema\/logo\/image\/"},"sameAs":["https:\/\/x.com\/EstratConcursos"]},{"@type":"Person","@id":"https:\/\/www.estrategiaconcursos.com.br\/blog\/#\/schema\/person\/e75352021ea7f60781c599934f916eb1","name":"Rafaela Teixeira","image":{"@type":"ImageObject","inLanguage":"pt-BR","@id":"https:\/\/secure.gravatar.com\/avatar\/8a349a2b22039b1ee88fc06461487c950fd6aa411ea8af8633314b43334ae793?s=96&d=mm&r=g","url":"https:\/\/secure.gravatar.com\/avatar\/8a349a2b22039b1ee88fc06461487c950fd6aa411ea8af8633314b43334ae793?s=96&d=mm&r=g","contentUrl":"https:\/\/secure.gravatar.com\/avatar\/8a349a2b22039b1ee88fc06461487c950fd6aa411ea8af8633314b43334ae793?s=96&d=mm&r=g","caption":"Rafaela Teixeira"},"description":"Rafaela Teixeira \u00e9 advogada conveniada \u00e0 Defensoria P\u00fablica de S\u00e3o Paulo pela OAB, com experi\u00eancia em reda\u00e7\u00e3o jur\u00eddica e atua\u00e7\u00e3o em institui\u00e7\u00f5es p\u00fablicas, incluindo est\u00e1gio no TRE-SP. Possui mais de 7 anos de experi\u00eancia na produ\u00e7\u00e3o de conte\u00fados voltados ao nicho de concursos p\u00fablicos, com foco em apura\u00e7\u00e3o jornal\u00edstica cont\u00ednua, an\u00e1lise de editais e obten\u00e7\u00e3o de informa\u00e7\u00f5es diretamente junto a \u00f3rg\u00e3os e fontes oficiais. No Blog do Estrat\u00e9gia Concursos, atua como Analista de Conte\u00fado S\u00eanior, respons\u00e1vel pelo jornalismo do per\u00edodo noturno e da madrugada, com atua\u00e7\u00e3o transversal na cobertura de concursos p\u00fablicos, garantindo a continuidade, fluidez e confiabilidade das publica\u00e7\u00f5es e dos bastidores dos certames.","url":"https:\/\/www.estrategiaconcursos.com.br\/blog\/author\/rafaela-teixeira\/"}]}},"_links":{"self":[{"href":"https:\/\/www.estrategiaconcursos.com.br\/blog\/wp-json\/wp\/v2\/posts\/1758195","targetHints":{"allow":["GET"]}}],"collection":[{"href":"https:\/\/www.estrategiaconcursos.com.br\/blog\/wp-json\/wp\/v2\/posts"}],"about":[{"href":"https:\/\/www.estrategiaconcursos.com.br\/blog\/wp-json\/wp\/v2\/types\/post"}],"author":[{"embeddable":true,"href":"https:\/\/www.estrategiaconcursos.com.br\/blog\/wp-json\/wp\/v2\/users\/2134"}],"replies":[{"embeddable":true,"href":"https:\/\/www.estrategiaconcursos.com.br\/blog\/wp-json\/wp\/v2\/comments?post=1758195"}],"version-history":[{"count":5,"href":"https:\/\/www.estrategiaconcursos.com.br\/blog\/wp-json\/wp\/v2\/posts\/1758195\/revisions"}],"predecessor-version":[{"id":1759247,"href":"https:\/\/www.estrategiaconcursos.com.br\/blog\/wp-json\/wp\/v2\/posts\/1758195\/revisions\/1759247"}],"wp:featuredmedia":[{"embeddable":true,"href":"https:\/\/www.estrategiaconcursos.com.br\/blog\/wp-json\/wp\/v2\/media\/1016655"}],"wp:attachment":[{"href":"https:\/\/www.estrategiaconcursos.com.br\/blog\/wp-json\/wp\/v2\/media?parent=1758195"}],"wp:term":[{"taxonomy":"category","embeddable":true,"href":"https:\/\/www.estrategiaconcursos.com.br\/blog\/wp-json\/wp\/v2\/categories?post=1758195"},{"taxonomy":"post_tag","embeddable":true,"href":"https:\/\/www.estrategiaconcursos.com.br\/blog\/wp-json\/wp\/v2\/tags?post=1758195"},{"taxonomy":"tax_estado","embeddable":true,"href":"https:\/\/www.estrategiaconcursos.com.br\/blog\/wp-json\/wp\/v2\/tax_estado?post=1758195"}],"curies":[{"name":"wp","href":"https:\/\/api.w.org\/{rel}","templated":true}]}}