{"id":1758149,"date":"2026-04-28T09:17:22","date_gmt":"2026-04-28T12:17:22","guid":{"rendered":"https:\/\/www.estrategiaconcursos.com.br\/blog\/?p=1758149"},"modified":"2026-04-28T09:19:29","modified_gmt":"2026-04-28T12:19:29","slug":"concurso-pcdf-projeto-lei-vetos-governo-federal","status":"publish","type":"post","link":"https:\/\/www.estrategiaconcursos.com.br\/blog\/concurso-pcdf-projeto-lei-vetos-governo-federal\/","title":{"rendered":"Concurso PCDF: projeto de lei sofre vetos do Governo Federal"},"content":{"rendered":"\n<p style=\"font-size:clamp(15.197px, 0.95rem + ((1vw - 3.2px) * 0.765), 23px);\"><strong><em>Governo Federal realiza veto na unifica\u00e7\u00e3o de cargos e concurso autom\u00e1tico para a PCDF; entenda os detalhes<\/em><\/strong><\/p>\n\n\n\n<details class='resumo-estrategia-noticias'>\n    <summary>Resumo da not\u00edcia<\/summary>\n    <div class='content'>\n        <ul>\n            <li>Concurso PCDF teve o projeto de unifica\u00e7\u00e3o das carreiras vetado pelo Governo Federal por inconstitucionalidade.<\/li>\n            <li>Veto presidencial tamb\u00e9m barrou a regra de autoriza\u00e7\u00e3o autom\u00e1tica para certames quando a vac\u00e2ncia atingisse 30%.<\/li>\n            <li>Novas gratifica\u00e7\u00f5es foram rejeitadas por serem incompat\u00edveis com o regime salarial de subs\u00eddio em parcela \u00fanica.<\/li>\n        <\/ul>\n    <\/div>\n<\/details>\n\n\n\n<p id=\"p-rc_3e49f941d8c30113-60\">O cen\u00e1rio para os concurseiros da <strong>Pol\u00edcia Civil do Distrito Federal (PCDF)<\/strong> sofreu uma reviravolta importante nesta ter\u00e7a-feira, 28 de abril. <\/p>\n\n\n\n<p id=\"p-rc_3e49f941d8c30113-60\">O Di\u00e1rio Oficial da Uni\u00e3o trouxe o despacho do Presidente da Rep\u00fablica com uma s\u00e9rie de <strong>vetos estrat\u00e9gicos<\/strong> ao Projeto de Lei de Convers\u00e3o n\u00ba 2 de 2026.<\/p>\n\n\n\n<p id=\"p-rc_3e49f941d8c30113-61\">Embora o <strong>reajuste salarial das for\u00e7as de seguran\u00e7a do DF tenha sido mantido<\/strong>, pontos que alterariam profundamente a estrutura das carreiras e a periodicidade dos editais foram barrados pelo Planalto.<\/p>\n\n\n\n<div class=\"container\" id=\"boxes\">\n  <div class=\"row\">\n\n    <div class=\"col-sm\">\n      <div class=\"banner-adm\" id=\"box-assinatura\">\n        <h3 class=\"titulo-assinatura\">Concurso PCDF<\/h3>\n        <p class=\"subtitulo-assinatura\">Estude conosco<\/p>\n        <div class=\"box-botao\">\n          <a class=\"btn-assinatura\" target=\"_blank\" href=\"https:\/\/www.estrategiaconcursos.com.br\/cursosPorConcurso\/policia-civil-do-distrito-federal-pc-df\/\" role=\"button\" rel=\"noopener noreferrer\">Conhe\u00e7a os cursos<\/a>\n        <\/div>\n      <\/div>\n      \n    <\/div>\n\n  <\/div>\n<\/div>\n\n\n\n<h2 class=\"wp-block-heading\" id=\"h-veto-a-carreira-unica-da-pcdf-fim-do-oficial-investigador\">Veto \u00e0 Carreira \u00danica da PCDF: fim do Oficial Investigador?<\/h2>\n\n\n\n<p id=\"p-rc_3e49f941d8c30113-62\">Um dos pontos mais aguardados pela categoria era a transforma\u00e7\u00e3o dos cargos de Agente, Escriv\u00e3o e Agente de Cust\u00f3dia em <strong>Oficial Investigador de Pol\u00edcia<\/strong><sup><\/sup><sup><\/sup><sup><\/sup><sup><\/sup>.<\/p>\n\n\n\n<ul class=\"wp-block-list\">\n<li><strong>A decis\u00e3o:<\/strong> O governo vetou a unifica\u00e7\u00e3o por consider\u00e1-la inconstitucional.<\/li>\n\n\n\n<li><strong>A justificativa:<\/strong> Segundo o veto, a medida aglutinaria cargos com atribui\u00e7\u00f5es e requisitos de ingresso distintos, o que fere o princ\u00edpio do concurso p\u00fablico e a S\u00famula Vinculante 43 do STF. Al\u00e9m disso, a falta de um c\u00e1lculo de impacto financeiro inviabilizou a proposta.<\/li>\n<\/ul>\n\n\n\n<h2 class=\"wp-block-heading\">Concurso Autom\u00e1tico Barrado<\/h2>\n\n\n\n<p id=\"p-rc_3e49f941d8c30113-65\">O texto previa uma regra que facilitaria a vida de quem aguarda novos editais: a autoriza\u00e7\u00e3o autom\u00e1tica para concurso PCF sempre que a vac\u00e2ncia de um cargo atingisse <strong>30%<\/strong>.<\/p>\n\n\n\n<ul class=\"wp-block-list\">\n<li><strong>Por que foi vetado?<\/strong> O Planalto entendeu que essa regra retira a &#8220;discricionariedade administrativa&#8221; do Executivo. Ou seja, o governo quer manter o poder de decidir quando e como realizar novos certames de acordo com seu pr\u00f3prio planejamento e or\u00e7amento.<\/li>\n<\/ul>\n\n\n\n<h2 class=\"wp-block-heading\">Gratifica\u00e7\u00f5es e Subs\u00eddio em Parcela \u00danica<\/h2>\n\n\n\n<p id=\"p-rc_3e49f941d8c30113-67\">Havia a expectativa da cria\u00e7\u00e3o de uma <strong>Gratifica\u00e7\u00e3o de Desempenho<\/strong> e de uma <strong>Indeniza\u00e7\u00e3o por Desgastes Org\u00e2nicos<\/strong><sup><\/sup><sup><\/sup><sup><\/sup><sup><\/sup>.<\/p>\n\n\n\n<ul class=\"wp-block-list\">\n<li><strong>O entrave:<\/strong> O governo barrou as vantagens por serem incompat\u00edveis com o regime de <strong>subs\u00eddio<\/strong>. Como os policiais civis do DF recebem em parcela \u00fanica, a cria\u00e7\u00e3o de novos &#8220;penduricalhos&#8221; permanentes foi considerada ilegal e sem amparo or\u00e7ament\u00e1rio pr\u00e9vio.<\/li>\n<\/ul>\n\n\n\n<p class=\"has-text-align-center has-very-light-gray-to-cyan-bluish-gray-gradient-background has-background\"><a href=\"https:\/\/dhg1h5j42swfq.cloudfront.net\/2026\/04\/28091557\/vetos-pl-pcdf.pdf\" target=\"_blank\" rel=\"noreferrer noopener nofollow\"><strong>Projeto de Lei PCDF &#8211; Vetos do Governo Federal<\/strong><\/a><\/p>\n\n\n\n<hr class=\"wp-block-separator has-alpha-channel-opacity is-style-dots\"\/>\n\n\n\n<h2 class=\"wp-block-heading\" id=\"h-resumo-dos-vetos-para-o-concurso-pcdf\">Resumo dos vetos para o concurso PCDF<\/h2>\n\n\n\n<figure class=\"wp-block-table is-style-stripes\"><table class=\"has-very-light-gray-to-cyan-bluish-gray-gradient-background has-background has-fixed-layout\"><thead><tr><td class=\"has-text-align-center\" data-align=\"center\"><strong>Ponto Proposto<\/strong><\/td><td class=\"has-text-align-center\" data-align=\"center\"><strong>Status Final<\/strong><\/td><td class=\"has-text-align-center\" data-align=\"center\"><strong>Justificativa do Veto<\/strong><\/td><\/tr><\/thead><tbody><tr><td class=\"has-text-align-center\" data-align=\"center\"><strong>Oficial Investigador<\/strong><\/td><td class=\"has-text-align-center\" data-align=\"center\"><strong>Vetado<\/strong><\/td><td class=\"has-text-align-center\" data-align=\"center\">Inconstitucionalidade e viola\u00e7\u00e3o \u00e0 regra do concurso p\u00fablico<\/td><\/tr><tr><td class=\"has-text-align-center\" data-align=\"center\"><strong>Concurso com 30% de vac\u00e2ncia<\/strong><\/td><td class=\"has-text-align-center\" data-align=\"center\"><strong>Vetado<\/strong><\/td><td class=\"has-text-align-center\" data-align=\"center\">Viola\u00e7\u00e3o da autonomia do Poder Executivo em planejar sua for\u00e7a de trabalho<\/td><\/tr><tr><td class=\"has-text-align-center\" data-align=\"center\"><strong>Novas Gratifica\u00e7\u00f5es<\/strong><\/td><td class=\"has-text-align-center\" data-align=\"center\"><strong>Vetado<\/strong><\/td><td class=\"has-text-align-center\" data-align=\"center\">Incompat\u00edvel com o regime de subs\u00eddio (parcela \u00fanica)<\/td><\/tr><tr><td class=\"has-text-align-center\" data-align=\"center\"><strong>Paridade com ex-Territ\u00f3rios<\/strong><\/td><td class=\"has-text-align-center\" data-align=\"center\"><strong>Vetado<\/strong><\/td><td class=\"has-text-align-center\" data-align=\"center\">Veda\u00e7\u00e3o constitucional de equipara\u00e7\u00e3o salarial autom\u00e1tica<\/td><\/tr><\/tbody><\/table><\/figure>\n\n\n\n<p class=\"has-text-align-center\"><em>Quer saber mais detalhes e as informa\u00e7\u00f5es completas do concurso PCDF? Ent\u00e3o, acesse nosso artigo na \u00edntegra:<\/em><\/p>\n\n\n\n<p class=\"has-text-align-center has-cyan-bluish-gray-background-color has-background\" id=\"curso\" style=\"font-size:clamp(15.197px, 0.95rem + ((1vw - 3.2px) * 0.765), 23px);\"><strong>Saiba mais: <a href=\"https:\/\/www.estrategiaconcursos.com.br\/blog\/concurso-pcdf\/\" target=\"_blank\" rel=\"noreferrer noopener\">Concurso Pol\u00edcia Civil DF<\/a><\/strong><\/p>\n\n\n\n<hr class=\"wp-block-separator has-alpha-channel-opacity\"\/>\n\n\n\n<h2 class=\"wp-block-heading has-text-align-center\" id=\"h-quer-saber-tudo-sobre-concursos-previstos-confira-nossos-artigos\">Quer saber tudo sobre concursos previstos?<br \/>Confira nossos artigos!<\/h2>\n\n\n\n<ul class=\"wp-block-list\">\n<li><a href=\"https:\/\/www.estrategiaconcursos.com.br\/blog\/concursos-df\/\" target=\"_blank\" rel=\"noreferrer noopener\">Concursos DF<\/a><\/li>\n\n\n\n<li><a href=\"https:\/\/www.estrategiaconcursos.com.br\/blog\/concursos-abertos\/\" target=\"_blank\" rel=\"noreferrer noopener\">Concursos abertos<\/a><\/li>\n\n\n\n<li><a href=\"https:\/\/www.estrategiaconcursos.com.br\/blog\/concursos-de-policia\/\" target=\"_blank\" rel=\"noreferrer noopener\">Concursos de pol\u00edcia<\/a><\/li>\n\n\n\n<li><a href=\"https:\/\/www.estrategiaconcursos.com.br\/blog\/concursos-2026\/\" target=\"_blank\" rel=\"noreferrer noopener\">Concursos 2026<\/a><\/li>\n<\/ul>\n\n\n\n<div class=\"container\" id=\"boxes\">\n  <div class=\"row\">\n\n    <div class=\"col-sm\">\n      <div class=\"estrategia\" id=\"box-assinatura\">\n        <h3 class=\"titulo-assinatura\">Assinatura Concursos<\/h3>\n        <p class=\"subtitulo-assinatura\">Assinatura de 1 ano ou 2 anos<\/p>\n        <div class=\"box-botao\">\n          <a class=\"btn-assinatura\" target=\"_blank\" href=\"https:\/\/www.estrategiaconcursos.com.br\/assinaturas\/\" role=\"button\" rel=\"noopener noreferrer\">ASSINE AGORA<\/a>\n        <\/div>\n      <\/div>\n     \n    <\/div><\/div><\/div>\n","protected":false},"excerpt":{"rendered":"<p>Governo Federal realiza veto na unifica\u00e7\u00e3o de cargos e concurso autom\u00e1tico para a PCDF; entenda os detalhes Resumo da not\u00edcia Concurso PCDF teve o projeto de unifica\u00e7\u00e3o das carreiras vetado pelo Governo Federal por inconstitucionalidade. Veto presidencial tamb\u00e9m barrou a regra de autoriza\u00e7\u00e3o autom\u00e1tica para certames quando a vac\u00e2ncia atingisse 30%. Novas gratifica\u00e7\u00f5es foram rejeitadas [&hellip;]<\/p>\n","protected":false},"author":1206,"featured_media":1503862,"comment_status":"open","ping_status":"closed","sticky":false,"template":"","format":"standard","meta":{"post_tipo":"news","footnotes":""},"categories":[220188,1988,220219],"tags":[],"tax_estado":[219970],"class_list":["post-1758149","post","type-post","status-publish","format-standard","has-post-thumbnail","hentry","category-policial-agente-penitenciario","category-policia","category-noticias","tax_estado-df"],"acf":[],"yoast_head":"<!-- This site is optimized with the Yoast SEO Premium plugin v27.2 (Yoast SEO v27.2) - https:\/\/yoast.com\/product\/yoast-seo-premium-wordpress\/ -->\n<title>Concurso PCDF: projeto de lei sofre vetos do Governo Federal<\/title>\n<meta name=\"description\" content=\"Governo Federal realiza veto na unifica\u00e7\u00e3o de cargos e concurso autom\u00e1tico para a PCDF. Acesse e entenda os detalhes!\" \/>\n<meta name=\"robots\" content=\"index, follow, max-snippet:-1, max-image-preview:large, max-video-preview:-1\" \/>\n<link rel=\"canonical\" href=\"https:\/\/www.estrategiaconcursos.com.br\/blog\/concurso-pcdf-projeto-lei-vetos-governo-federal\/\" \/>\n<meta property=\"og:locale\" content=\"pt_BR\" \/>\n<meta property=\"og:type\" content=\"article\" \/>\n<meta property=\"og:title\" content=\"Concurso PCDF: projeto de lei sofre vetos do Governo Federal\" \/>\n<meta property=\"og:description\" content=\"Governo Federal realiza veto na unifica\u00e7\u00e3o de cargos e concurso autom\u00e1tico para a PCDF. Acesse e entenda os detalhes!\" \/>\n<meta property=\"og:url\" content=\"https:\/\/www.estrategiaconcursos.com.br\/blog\/concurso-pcdf-projeto-lei-vetos-governo-federal\/\" \/>\n<meta property=\"og:site_name\" content=\"Estrat\u00e9gia Concursos\" \/>\n<meta property=\"article:published_time\" content=\"2026-04-28T12:17:22+00:00\" \/>\n<meta property=\"article:modified_time\" content=\"2026-04-28T12:19:29+00:00\" \/>\n<meta property=\"og:image\" content=\"https:\/\/dhg1h5j42swfq.cloudfront.net\/2024\/12\/11163251\/pcdf.jpg\" \/>\n\t<meta property=\"og:image:width\" content=\"768\" \/>\n\t<meta property=\"og:image:height\" content=\"432\" \/>\n\t<meta property=\"og:image:type\" content=\"image\/jpeg\" \/>\n<meta name=\"author\" content=\"Bruna de Andrade Fran\u00e7a\" \/>\n<meta name=\"twitter:card\" content=\"summary_large_image\" \/>\n<meta name=\"twitter:creator\" content=\"@EstratConcursos\" \/>\n<meta name=\"twitter:site\" content=\"@EstratConcursos\" \/>\n<meta name=\"twitter:label1\" content=\"Escrito por\" \/>\n\t<meta name=\"twitter:data1\" content=\"Bruna de Andrade Fran\u00e7a\" \/>\n\t<meta name=\"twitter:label2\" content=\"Est. tempo de leitura\" \/>\n\t<meta name=\"twitter:data2\" content=\"3 minutos\" \/>\n<script type=\"application\/ld+json\" class=\"yoast-schema-graph\">{\"@context\":\"https:\/\/schema.org\",\"@graph\":[{\"@type\":\"NewsArticle\",\"@id\":\"https:\/\/www.estrategiaconcursos.com.br\/blog\/concurso-pcdf-projeto-lei-vetos-governo-federal\/#article\",\"isPartOf\":{\"@id\":\"https:\/\/www.estrategiaconcursos.com.br\/blog\/concurso-pcdf-projeto-lei-vetos-governo-federal\/\"},\"author\":{\"name\":\"Bruna de Andrade Fran\u00e7a\",\"@id\":\"https:\/\/www.estrategiaconcursos.com.br\/blog\/#\/schema\/person\/6630f91134abc08115cca62ce6372855\"},\"headline\":\"Concurso PCDF: projeto de lei sofre vetos do Governo Federal\",\"datePublished\":\"2026-04-28T12:17:22+00:00\",\"dateModified\":\"2026-04-28T12:19:29+00:00\",\"mainEntityOfPage\":{\"@id\":\"https:\/\/www.estrategiaconcursos.com.br\/blog\/concurso-pcdf-projeto-lei-vetos-governo-federal\/\"},\"wordCount\":568,\"commentCount\":0,\"publisher\":{\"@id\":\"https:\/\/www.estrategiaconcursos.com.br\/blog\/#organization\"},\"image\":{\"@id\":\"https:\/\/www.estrategiaconcursos.com.br\/blog\/concurso-pcdf-projeto-lei-vetos-governo-federal\/#primaryimage\"},\"thumbnailUrl\":\"https:\/\/dhg1h5j42swfq.cloudfront.net\/2024\/12\/11163251\/pcdf.jpg\",\"articleSection\":[\"Policial (Agente Penitenci\u00e1rio)\",\"Policial (Agente, Escriv\u00e3o e Investigador)\",\"\u00daltimas not\u00edcias\"],\"inLanguage\":\"pt-BR\",\"potentialAction\":[{\"@type\":\"CommentAction\",\"name\":\"Comment\",\"target\":[\"https:\/\/www.estrategiaconcursos.com.br\/blog\/concurso-pcdf-projeto-lei-vetos-governo-federal\/#respond\"]}],\"copyrightYear\":\"2026\",\"copyrightHolder\":{\"@id\":\"https:\/\/www.estrategiaconcursos.com.br\/blog\/#organization\"}},{\"@type\":\"WebPage\",\"@id\":\"https:\/\/www.estrategiaconcursos.com.br\/blog\/concurso-pcdf-projeto-lei-vetos-governo-federal\/\",\"url\":\"https:\/\/www.estrategiaconcursos.com.br\/blog\/concurso-pcdf-projeto-lei-vetos-governo-federal\/\",\"name\":\"Concurso PCDF: projeto de lei sofre vetos do Governo Federal\",\"isPartOf\":{\"@id\":\"https:\/\/www.estrategiaconcursos.com.br\/blog\/#website\"},\"primaryImageOfPage\":{\"@id\":\"https:\/\/www.estrategiaconcursos.com.br\/blog\/concurso-pcdf-projeto-lei-vetos-governo-federal\/#primaryimage\"},\"image\":{\"@id\":\"https:\/\/www.estrategiaconcursos.com.br\/blog\/concurso-pcdf-projeto-lei-vetos-governo-federal\/#primaryimage\"},\"thumbnailUrl\":\"https:\/\/dhg1h5j42swfq.cloudfront.net\/2024\/12\/11163251\/pcdf.jpg\",\"datePublished\":\"2026-04-28T12:17:22+00:00\",\"dateModified\":\"2026-04-28T12:19:29+00:00\",\"description\":\"Governo Federal realiza veto na unifica\u00e7\u00e3o de cargos e concurso autom\u00e1tico para a PCDF. Acesse e entenda os detalhes!\",\"breadcrumb\":{\"@id\":\"https:\/\/www.estrategiaconcursos.com.br\/blog\/concurso-pcdf-projeto-lei-vetos-governo-federal\/#breadcrumb\"},\"inLanguage\":\"pt-BR\",\"potentialAction\":[{\"@type\":\"ReadAction\",\"target\":[\"https:\/\/www.estrategiaconcursos.com.br\/blog\/concurso-pcdf-projeto-lei-vetos-governo-federal\/\"]}]},{\"@type\":\"ImageObject\",\"inLanguage\":\"pt-BR\",\"@id\":\"https:\/\/www.estrategiaconcursos.com.br\/blog\/concurso-pcdf-projeto-lei-vetos-governo-federal\/#primaryimage\",\"url\":\"https:\/\/dhg1h5j42swfq.cloudfront.net\/2024\/12\/11163251\/pcdf.jpg\",\"contentUrl\":\"https:\/\/dhg1h5j42swfq.cloudfront.net\/2024\/12\/11163251\/pcdf.jpg\",\"width\":768,\"height\":432,\"caption\":\"concurso PCDF\"},{\"@type\":\"BreadcrumbList\",\"@id\":\"https:\/\/www.estrategiaconcursos.com.br\/blog\/concurso-pcdf-projeto-lei-vetos-governo-federal\/#breadcrumb\",\"itemListElement\":[{\"@type\":\"ListItem\",\"position\":1,\"name\":\"In\u00edcio\",\"item\":\"https:\/\/www.estrategiaconcursos.com.br\/blog\/\"},{\"@type\":\"ListItem\",\"position\":2,\"name\":\"Concurso PCDF: projeto de lei sofre vetos do Governo Federal\"}]},{\"@type\":\"WebSite\",\"@id\":\"https:\/\/www.estrategiaconcursos.com.br\/blog\/#website\",\"url\":\"https:\/\/www.estrategiaconcursos.com.br\/blog\/\",\"name\":\"Estrat\u00e9gia Concursos\",\"description\":\"O blog da Estrat\u00e9gia Concursos traz not\u00edcias sobre concursos e artigos de professores oferecendo cursos para concursos (pdf + videaulas) no site.\",\"publisher\":{\"@id\":\"https:\/\/www.estrategiaconcursos.com.br\/blog\/#organization\"},\"potentialAction\":[{\"@type\":\"SearchAction\",\"target\":{\"@type\":\"EntryPoint\",\"urlTemplate\":\"https:\/\/www.estrategiaconcursos.com.br\/blog\/?s={search_term_string}\"},\"query-input\":{\"@type\":\"PropertyValueSpecification\",\"valueRequired\":true,\"valueName\":\"search_term_string\"}}],\"inLanguage\":\"pt-BR\"},{\"@type\":\"Organization\",\"@id\":\"https:\/\/www.estrategiaconcursos.com.br\/blog\/#organization\",\"name\":\"Estrat\u00e9gia Concursos\",\"url\":\"https:\/\/www.estrategiaconcursos.com.br\/blog\/\",\"logo\":{\"@type\":\"ImageObject\",\"inLanguage\":\"pt-BR\",\"@id\":\"https:\/\/www.estrategiaconcursos.com.br\/blog\/#\/schema\/logo\/image\/\",\"url\":\"https:\/\/dhg1h5j42swfq.cloudfront.net\/2025\/06\/03203428\/logo_concursos-1.jpg\",\"contentUrl\":\"https:\/\/dhg1h5j42swfq.cloudfront.net\/2025\/06\/03203428\/logo_concursos-1.jpg\",\"width\":230,\"height\":60,\"caption\":\"Estrat\u00e9gia Concursos\"},\"image\":{\"@id\":\"https:\/\/www.estrategiaconcursos.com.br\/blog\/#\/schema\/logo\/image\/\"},\"sameAs\":[\"https:\/\/x.com\/EstratConcursos\"]},{\"@type\":\"Person\",\"@id\":\"https:\/\/www.estrategiaconcursos.com.br\/blog\/#\/schema\/person\/6630f91134abc08115cca62ce6372855\",\"name\":\"Bruna de Andrade Fran\u00e7a\",\"image\":{\"@type\":\"ImageObject\",\"inLanguage\":\"pt-BR\",\"@id\":\"https:\/\/secure.gravatar.com\/avatar\/d6316d36d50cea0fadae28ed3015b8870cc90a2d3d8a95c37b44006af36a00e3?s=96&d=mm&r=g\",\"url\":\"https:\/\/secure.gravatar.com\/avatar\/d6316d36d50cea0fadae28ed3015b8870cc90a2d3d8a95c37b44006af36a00e3?s=96&d=mm&r=g\",\"contentUrl\":\"https:\/\/secure.gravatar.com\/avatar\/d6316d36d50cea0fadae28ed3015b8870cc90a2d3d8a95c37b44006af36a00e3?s=96&d=mm&r=g\",\"caption\":\"Bruna de Andrade Fran\u00e7a\"},\"description\":\"Bruna de Andrade Fran\u00e7a \u00e9 publicit\u00e1ria com p\u00f3s-gradua\u00e7\u00e3o em Marketing &amp; Growth, atuando h\u00e1 mais de 6 anos no universo dos concursos p\u00fablicos. Desde 2021, lidera no Blog do Estrat\u00e9gia Concursos a cobertura editorial especializada em Concursos Policiais (PF, PRF, PM, PC, etc.), al\u00e9m das frentes de concursos banc\u00e1rios, de sa\u00fade e da \u00e1rea legislativa. Especialista em reda\u00e7\u00e3o, com pr\u00e1ticas de SEO e Copywriting, possui tamb\u00e9m atua\u00e7\u00e3o pr\u00e1tica de contato direto com \u00f3rg\u00e3os p\u00fablicos respons\u00e1veis por editais, permitindo acesso antecipado a informa\u00e7\u00f5es, desdobramentos importantes e atualiza\u00e7\u00e3o eficiente dos concursos p\u00fablicos.\",\"url\":\"https:\/\/www.estrategiaconcursos.com.br\/blog\/author\/bruna-andrade\/\"}]}<\/script>\n<!-- \/ Yoast SEO Premium plugin. -->","yoast_head_json":{"title":"Concurso PCDF: projeto de lei sofre vetos do Governo Federal","description":"Governo Federal realiza veto na unifica\u00e7\u00e3o de cargos e concurso autom\u00e1tico para a PCDF. Acesse e entenda os detalhes!","robots":{"index":"index","follow":"follow","max-snippet":"max-snippet:-1","max-image-preview":"max-image-preview:large","max-video-preview":"max-video-preview:-1"},"canonical":"https:\/\/www.estrategiaconcursos.com.br\/blog\/concurso-pcdf-projeto-lei-vetos-governo-federal\/","og_locale":"pt_BR","og_type":"article","og_title":"Concurso PCDF: projeto de lei sofre vetos do Governo Federal","og_description":"Governo Federal realiza veto na unifica\u00e7\u00e3o de cargos e concurso autom\u00e1tico para a PCDF. Acesse e entenda os detalhes!","og_url":"https:\/\/www.estrategiaconcursos.com.br\/blog\/concurso-pcdf-projeto-lei-vetos-governo-federal\/","og_site_name":"Estrat\u00e9gia Concursos","article_published_time":"2026-04-28T12:17:22+00:00","article_modified_time":"2026-04-28T12:19:29+00:00","og_image":[{"width":768,"height":432,"url":"https:\/\/dhg1h5j42swfq.cloudfront.net\/2024\/12\/11163251\/pcdf.jpg","type":"image\/jpeg"}],"author":"Bruna de Andrade Fran\u00e7a","twitter_card":"summary_large_image","twitter_creator":"@EstratConcursos","twitter_site":"@EstratConcursos","twitter_misc":{"Escrito por":"Bruna de Andrade Fran\u00e7a","Est. tempo de leitura":"3 minutos"},"schema":{"@context":"https:\/\/schema.org","@graph":[{"@type":"NewsArticle","@id":"https:\/\/www.estrategiaconcursos.com.br\/blog\/concurso-pcdf-projeto-lei-vetos-governo-federal\/#article","isPartOf":{"@id":"https:\/\/www.estrategiaconcursos.com.br\/blog\/concurso-pcdf-projeto-lei-vetos-governo-federal\/"},"author":{"name":"Bruna de Andrade Fran\u00e7a","@id":"https:\/\/www.estrategiaconcursos.com.br\/blog\/#\/schema\/person\/6630f91134abc08115cca62ce6372855"},"headline":"Concurso PCDF: projeto de lei sofre vetos do Governo Federal","datePublished":"2026-04-28T12:17:22+00:00","dateModified":"2026-04-28T12:19:29+00:00","mainEntityOfPage":{"@id":"https:\/\/www.estrategiaconcursos.com.br\/blog\/concurso-pcdf-projeto-lei-vetos-governo-federal\/"},"wordCount":568,"commentCount":0,"publisher":{"@id":"https:\/\/www.estrategiaconcursos.com.br\/blog\/#organization"},"image":{"@id":"https:\/\/www.estrategiaconcursos.com.br\/blog\/concurso-pcdf-projeto-lei-vetos-governo-federal\/#primaryimage"},"thumbnailUrl":"https:\/\/dhg1h5j42swfq.cloudfront.net\/2024\/12\/11163251\/pcdf.jpg","articleSection":["Policial (Agente Penitenci\u00e1rio)","Policial (Agente, Escriv\u00e3o e Investigador)","\u00daltimas not\u00edcias"],"inLanguage":"pt-BR","potentialAction":[{"@type":"CommentAction","name":"Comment","target":["https:\/\/www.estrategiaconcursos.com.br\/blog\/concurso-pcdf-projeto-lei-vetos-governo-federal\/#respond"]}],"copyrightYear":"2026","copyrightHolder":{"@id":"https:\/\/www.estrategiaconcursos.com.br\/blog\/#organization"}},{"@type":"WebPage","@id":"https:\/\/www.estrategiaconcursos.com.br\/blog\/concurso-pcdf-projeto-lei-vetos-governo-federal\/","url":"https:\/\/www.estrategiaconcursos.com.br\/blog\/concurso-pcdf-projeto-lei-vetos-governo-federal\/","name":"Concurso PCDF: projeto de lei sofre vetos do Governo Federal","isPartOf":{"@id":"https:\/\/www.estrategiaconcursos.com.br\/blog\/#website"},"primaryImageOfPage":{"@id":"https:\/\/www.estrategiaconcursos.com.br\/blog\/concurso-pcdf-projeto-lei-vetos-governo-federal\/#primaryimage"},"image":{"@id":"https:\/\/www.estrategiaconcursos.com.br\/blog\/concurso-pcdf-projeto-lei-vetos-governo-federal\/#primaryimage"},"thumbnailUrl":"https:\/\/dhg1h5j42swfq.cloudfront.net\/2024\/12\/11163251\/pcdf.jpg","datePublished":"2026-04-28T12:17:22+00:00","dateModified":"2026-04-28T12:19:29+00:00","description":"Governo Federal realiza veto na unifica\u00e7\u00e3o de cargos e concurso autom\u00e1tico para a PCDF. Acesse e entenda os detalhes!","breadcrumb":{"@id":"https:\/\/www.estrategiaconcursos.com.br\/blog\/concurso-pcdf-projeto-lei-vetos-governo-federal\/#breadcrumb"},"inLanguage":"pt-BR","potentialAction":[{"@type":"ReadAction","target":["https:\/\/www.estrategiaconcursos.com.br\/blog\/concurso-pcdf-projeto-lei-vetos-governo-federal\/"]}]},{"@type":"ImageObject","inLanguage":"pt-BR","@id":"https:\/\/www.estrategiaconcursos.com.br\/blog\/concurso-pcdf-projeto-lei-vetos-governo-federal\/#primaryimage","url":"https:\/\/dhg1h5j42swfq.cloudfront.net\/2024\/12\/11163251\/pcdf.jpg","contentUrl":"https:\/\/dhg1h5j42swfq.cloudfront.net\/2024\/12\/11163251\/pcdf.jpg","width":768,"height":432,"caption":"concurso PCDF"},{"@type":"BreadcrumbList","@id":"https:\/\/www.estrategiaconcursos.com.br\/blog\/concurso-pcdf-projeto-lei-vetos-governo-federal\/#breadcrumb","itemListElement":[{"@type":"ListItem","position":1,"name":"In\u00edcio","item":"https:\/\/www.estrategiaconcursos.com.br\/blog\/"},{"@type":"ListItem","position":2,"name":"Concurso PCDF: projeto de lei sofre vetos do Governo Federal"}]},{"@type":"WebSite","@id":"https:\/\/www.estrategiaconcursos.com.br\/blog\/#website","url":"https:\/\/www.estrategiaconcursos.com.br\/blog\/","name":"Estrat\u00e9gia Concursos","description":"O blog da Estrat\u00e9gia Concursos traz not\u00edcias sobre concursos e artigos de professores oferecendo cursos para concursos (pdf + videaulas) no site.","publisher":{"@id":"https:\/\/www.estrategiaconcursos.com.br\/blog\/#organization"},"potentialAction":[{"@type":"SearchAction","target":{"@type":"EntryPoint","urlTemplate":"https:\/\/www.estrategiaconcursos.com.br\/blog\/?s={search_term_string}"},"query-input":{"@type":"PropertyValueSpecification","valueRequired":true,"valueName":"search_term_string"}}],"inLanguage":"pt-BR"},{"@type":"Organization","@id":"https:\/\/www.estrategiaconcursos.com.br\/blog\/#organization","name":"Estrat\u00e9gia Concursos","url":"https:\/\/www.estrategiaconcursos.com.br\/blog\/","logo":{"@type":"ImageObject","inLanguage":"pt-BR","@id":"https:\/\/www.estrategiaconcursos.com.br\/blog\/#\/schema\/logo\/image\/","url":"https:\/\/dhg1h5j42swfq.cloudfront.net\/2025\/06\/03203428\/logo_concursos-1.jpg","contentUrl":"https:\/\/dhg1h5j42swfq.cloudfront.net\/2025\/06\/03203428\/logo_concursos-1.jpg","width":230,"height":60,"caption":"Estrat\u00e9gia Concursos"},"image":{"@id":"https:\/\/www.estrategiaconcursos.com.br\/blog\/#\/schema\/logo\/image\/"},"sameAs":["https:\/\/x.com\/EstratConcursos"]},{"@type":"Person","@id":"https:\/\/www.estrategiaconcursos.com.br\/blog\/#\/schema\/person\/6630f91134abc08115cca62ce6372855","name":"Bruna de Andrade Fran\u00e7a","image":{"@type":"ImageObject","inLanguage":"pt-BR","@id":"https:\/\/secure.gravatar.com\/avatar\/d6316d36d50cea0fadae28ed3015b8870cc90a2d3d8a95c37b44006af36a00e3?s=96&d=mm&r=g","url":"https:\/\/secure.gravatar.com\/avatar\/d6316d36d50cea0fadae28ed3015b8870cc90a2d3d8a95c37b44006af36a00e3?s=96&d=mm&r=g","contentUrl":"https:\/\/secure.gravatar.com\/avatar\/d6316d36d50cea0fadae28ed3015b8870cc90a2d3d8a95c37b44006af36a00e3?s=96&d=mm&r=g","caption":"Bruna de Andrade Fran\u00e7a"},"description":"Bruna de Andrade Fran\u00e7a \u00e9 publicit\u00e1ria com p\u00f3s-gradua\u00e7\u00e3o em Marketing &amp; Growth, atuando h\u00e1 mais de 6 anos no universo dos concursos p\u00fablicos. Desde 2021, lidera no Blog do Estrat\u00e9gia Concursos a cobertura editorial especializada em Concursos Policiais (PF, PRF, PM, PC, etc.), al\u00e9m das frentes de concursos banc\u00e1rios, de sa\u00fade e da \u00e1rea legislativa. Especialista em reda\u00e7\u00e3o, com pr\u00e1ticas de SEO e Copywriting, possui tamb\u00e9m atua\u00e7\u00e3o pr\u00e1tica de contato direto com \u00f3rg\u00e3os p\u00fablicos respons\u00e1veis por editais, permitindo acesso antecipado a informa\u00e7\u00f5es, desdobramentos importantes e atualiza\u00e7\u00e3o eficiente dos concursos p\u00fablicos.","url":"https:\/\/www.estrategiaconcursos.com.br\/blog\/author\/bruna-andrade\/"}]}},"_links":{"self":[{"href":"https:\/\/www.estrategiaconcursos.com.br\/blog\/wp-json\/wp\/v2\/posts\/1758149","targetHints":{"allow":["GET"]}}],"collection":[{"href":"https:\/\/www.estrategiaconcursos.com.br\/blog\/wp-json\/wp\/v2\/posts"}],"about":[{"href":"https:\/\/www.estrategiaconcursos.com.br\/blog\/wp-json\/wp\/v2\/types\/post"}],"author":[{"embeddable":true,"href":"https:\/\/www.estrategiaconcursos.com.br\/blog\/wp-json\/wp\/v2\/users\/1206"}],"replies":[{"embeddable":true,"href":"https:\/\/www.estrategiaconcursos.com.br\/blog\/wp-json\/wp\/v2\/comments?post=1758149"}],"version-history":[{"count":4,"href":"https:\/\/www.estrategiaconcursos.com.br\/blog\/wp-json\/wp\/v2\/posts\/1758149\/revisions"}],"predecessor-version":[{"id":1758164,"href":"https:\/\/www.estrategiaconcursos.com.br\/blog\/wp-json\/wp\/v2\/posts\/1758149\/revisions\/1758164"}],"wp:featuredmedia":[{"embeddable":true,"href":"https:\/\/www.estrategiaconcursos.com.br\/blog\/wp-json\/wp\/v2\/media\/1503862"}],"wp:attachment":[{"href":"https:\/\/www.estrategiaconcursos.com.br\/blog\/wp-json\/wp\/v2\/media?parent=1758149"}],"wp:term":[{"taxonomy":"category","embeddable":true,"href":"https:\/\/www.estrategiaconcursos.com.br\/blog\/wp-json\/wp\/v2\/categories?post=1758149"},{"taxonomy":"post_tag","embeddable":true,"href":"https:\/\/www.estrategiaconcursos.com.br\/blog\/wp-json\/wp\/v2\/tags?post=1758149"},{"taxonomy":"tax_estado","embeddable":true,"href":"https:\/\/www.estrategiaconcursos.com.br\/blog\/wp-json\/wp\/v2\/tax_estado?post=1758149"}],"curies":[{"name":"wp","href":"https:\/\/api.w.org\/{rel}","templated":true}]}}