{"id":175809,"date":"2025-05-15T19:06:03","date_gmt":"2025-05-15T22:06:03","guid":{"rendered":"https:\/\/www.estrategiaconcursos.com.br\/blog\/?p=175809"},"modified":"2025-05-16T09:00:27","modified_gmt":"2025-05-16T12:00:27","slug":"concurso-iprev-df","status":"publish","type":"post","link":"https:\/\/www.estrategiaconcursos.com.br\/blog\/concurso-iprev-df\/","title":{"rendered":"Concurso IPREV DF: validade deve ser prorrogada!"},"content":{"rendered":"\n<p>Boa not\u00edcia para os aprovados no \u00faltimo <strong>concurso IPREV DF (Instituto de Previd\u00eancia dos Servidores do DF)<\/strong>. O Governo do Distrito Federal confirmou que pretende prorrogar a validade para mais dois anos.<\/p>\n\n\n\n<p>O or\u00e7amento deste ano, inclusive, prev\u00ea a nomea\u00e7\u00e3o de mais 33 analista previdenci\u00e1rios, mas n\u00e3o houve informa\u00e7\u00f5es oficiais sobre essas nomea\u00e7\u00f5es.<\/p>\n\n\n\n<p>Vale lembrar que, em fevereiro de 2024, foram <strong>nomeados 39 candidatos aprovados<\/strong>. A informa\u00e7\u00e3o foi divulgada no Di\u00e1rio Oficial. Veja:<\/p>\n\n\n\n<ul class=\"wp-block-list\">\n<li><a href=\"https:\/\/dhg1h5j42swfq.cloudfront.net\/2024\/02\/20174412\/diario-iprev-df.pdf\" target=\"_blank\" rel=\"noreferrer noopener nofollow\">Nomea\u00e7\u00f5es IPREV DF<\/a><\/li>\n<\/ul>\n\n\n\n<p>Com o \u00faltimo edital contemplando cerca de <strong>85 oportunidades<\/strong>, distribu\u00eddas entre imediatas e cadastro reserva, a expectativa \u00e9 que os demais aprovados tamb\u00e9m sejam convocados em momento oportuno.<\/p>\n\n\n\n<p>A <strong>validade<\/strong> come\u00e7ou a ser contada quando a <a href=\"https:\/\/dhg1h5j42swfq.cloudfront.net\/2023\/06\/02073129\/diariooficial-2023-06-02t065132-426-28-30-1.pdf\" target=\"_blank\" rel=\"noreferrer noopener nofollow\">homologa\u00e7\u00e3o<\/a> foi oficialmente publicada e tem um prazo de dois anos, isto \u00e9, at\u00e9 <strong>02 de junho de 2025<\/strong>, e deve ser prorrogada por mais dois anos, conforme mencionado.<\/p>\n\n\n\n<ul style=\"background-color:#f0f0f0\" class=\"wp-block-list has-background\">\n<li><strong>Instituto de Previd\u00eancia dos Servidores do Distrito Federal &#8211; IPREV DF<\/strong><\/li>\n\n\n\n<li><strong>Status:<\/strong>\u00a0homologado<\/li>\n\n\n\n<li><strong>Banca:&nbsp;<\/strong><a href=\"https:\/\/www.quadrix.org.br\/todos-os-concursos\/em-andamento\/iprevdf_2022.aspx\" target=\"_blank\" rel=\"noreferrer noopener\">Instituto Quadrix<\/a><\/li>\n\n\n\n<li><strong>Vagas:&nbsp;<\/strong>65 + 20 CR<\/li>\n\n\n\n<li><strong>Sal\u00e1rio inicial:<\/strong>\u00a0R$ 7.595,53 (atualizado)<\/li>\n\n\n\n<li><strong>Edital: <\/strong><a href=\"https:\/\/dhg1h5j42swfq.cloudfront.net\/2022\/12\/02113702\/1_iprev_concurso_publico_2022_edital_1_abertura.pdf\" target=\"_blank\" rel=\"noreferrer noopener nofollow\">IPREV-DF 2022<\/a><\/li>\n<\/ul>\n\n\n\n<p>Se voc\u00ea tem interesse no certame, chegou ao lugar certo! Confira as novidades e as principais informa\u00e7\u00f5es sobre o concurso IPREV DF pelos t\u00f3picos abaixo:<\/p>\n\n\n\n<ul id=\"indice\" class=\"wp-block-list\">\n<li><a href=\"#vagas\"><strong>Distribui\u00e7\u00e3o das vagas<\/strong><\/a>\n<ul class=\"wp-block-list\">\n<li><a href=\"#demanda\">Demanda de inscritos<\/a><\/li>\n<\/ul>\n<\/li>\n\n\n\n<li><a href=\"#carreira\"><strong>Carreira Previdenci\u00e1ria<\/strong><\/a>\n<ul class=\"wp-block-list\">\n<li><a href=\"#requisitos\">Requisitos<\/a><\/li>\n\n\n\n<li><a href=\"#atribuicoes\">Atribui\u00e7\u00f5es<\/a><\/li>\n\n\n\n<li><a href=\"#remuneracao\">Remunera\u00e7\u00e3o<\/a><\/li>\n<\/ul>\n<\/li>\n\n\n\n<li><a href=\"#etapas\"><strong>Etapas<\/strong><\/a>\n<ul class=\"wp-block-list\">\n<li><a href=\"#objetiva\">Prova objetiva<\/a><\/li>\n\n\n\n<li><a href=\"#discursiva\">Prova discursiva<\/a><\/li>\n<\/ul>\n<\/li>\n\n\n\n<li><a href=\"#sobre\"><strong>Sobre o Iprev DF<\/strong><\/a><\/li>\n\n\n\n<li><a href=\"#cursos\"><strong>Assinatura e cursos<\/strong><\/a><\/li>\n\n\n\n<li><a href=\"#ficha-tecnica\"><strong>Ficha t\u00e9cnica<\/strong><\/a><\/li>\n<\/ul>\n\n\n\n<div class=\"container\" id=\"boxes\">\n  <div class=\"row\">\n\n    <div class=\"col-sm\">\n      <div class=\"banner-adm\" id=\"box-assinatura\">\n        <h3 class=\"titulo-assinatura\">Curso IPREV DF<\/h3>\n        <p class=\"subtitulo-assinatura\">Conhe\u00e7a os cursos<\/p>\n        <div class=\"box-botao\">\n          <a class=\"btn-assinatura\" target=\"_blank\" href=\"https:\/\/www.estrategiaconcursos.com.br\/cursosPorConcurso\/instituto-de-previdencia-dos-servidores-do-distrito-federal-iprev-df\/\" role=\"button\" rel=\"noopener noreferrer\">Conhe\u00e7a mais<\/a>\n        <\/div>\n      <\/div>\n      \n    <\/div>\n\n  <\/div>\n<\/div>\n\n\n\n<h2 class=\"wp-block-heading\" id=\"vagas\">Concurso IPREV DF: distribui\u00e7\u00e3o das vagas<\/h2>\n\n\n\n<p>Confira abaixo a distribui\u00e7\u00e3o dos cargos, vagas e sal\u00e1rios do concurso IPREV DF:<\/p>\n\n\n\n<ul class=\"wp-block-list\">\n<li><strong>Analista Previdenci\u00e1rio \u2013<\/strong> <strong>Especialista em Atu\u00e1ria:<\/strong> 02 vagas + 01 CR;<\/li>\n\n\n\n<li><strong>Analista Previdenci\u00e1rio \u2013 Especialista em Investimentos:<\/strong> 03 + 01 CR; e<\/li>\n\n\n\n<li><strong>Analista Previdenci\u00e1rio \u2013 Especialista em Previdenci\u00e1rio: <\/strong>60 + 18 CR.<\/li>\n<\/ul>\n\n\n\n<h3 class=\"wp-block-heading\" id=\"demanda\">Demanda de inscritos<\/h3>\n\n\n\n<p>Foram registrados, no total, <strong>3.284<\/strong> <strong>inscri\u00e7\u00f5es<\/strong>, sendo que o cargo com maior procura foi a de <strong>Especialista Previdenci\u00e1rio<\/strong>:<\/p>\n\n\n\n<figure class=\"wp-block-image aligncenter size-full\"><img loading=\"lazy\" decoding=\"async\" width=\"804\" height=\"110\" src=\"https:\/\/dhg1h5j42swfq.cloudfront.net\/2023\/02\/24101606\/image-287.png\" alt=\"N\u00famero de inscri\u00e7\u00f5es do \u00faltimo Concurso IPREV DF\" class=\"wp-image-1176877\" srcset=\"https:\/\/dhg1h5j42swfq.cloudfront.net\/2023\/02\/24101606\/image-287.png 804w, https:\/\/dhg1h5j42swfq.cloudfront.net\/2023\/02\/24101606\/image-287-300x41.png 300w, https:\/\/dhg1h5j42swfq.cloudfront.net\/2023\/02\/24101606\/image-287-768x105.png 768w, https:\/\/dhg1h5j42swfq.cloudfront.net\/2023\/02\/24101606\/image-287-610x83.png 610w, https:\/\/dhg1h5j42swfq.cloudfront.net\/2023\/02\/24101606\/image-287-150x21.png 150w\" sizes=\"auto, (max-width: 804px) 100vw, 804px\" \/><\/figure>\n\n\n\n<h2 class=\"wp-block-heading\" id=\"carreira\">Concurso IPREV DF: carreira Previdenci\u00e1ria<\/h2>\n\n\n\n<h3 class=\"wp-block-heading\" id=\"requisitos\">Requisitos<\/h3>\n\n\n\n<p><strong>Especialista em Previdenci\u00e1rio<\/strong>: Diploma de conclus\u00e3o de curso de gradua\u00e7\u00e3o em qualquer \u00e1rea de forma\u00e7\u00e3o, e registro no Sistema de Registro Profissional ou Conselho de Classe Profissional, quando exigido.<\/p>\n\n\n\n<p><strong>Especialista em Investimentos: <\/strong>Diploma de conclus\u00e3o de curso de gradua\u00e7\u00e3o em Administra\u00e7\u00e3o, Ci\u00eancias Econ\u00f4micas, Ci\u00eancias Cont\u00e1beis, Com\u00e9rcio Exterior ou Matem\u00e1tica, Certifica\u00e7\u00e3o Profissional ANBIMA &#8211; CPA-10 e registro no Sistema de Registro Profissional ou Conselho de Classe Profissional, quando exigido.<\/p>\n\n\n\n<p><strong>Especialista em Atu\u00e1ria: <\/strong>Diploma de conclus\u00e3o de curso de gradua\u00e7\u00e3o em Ci\u00eancias Atuariais, e o devido registro no respectivo \u00f3rg\u00e3o de classe (IBA e\/ou TEM).<\/p>\n\n\n\n<h3 class=\"wp-block-heading\" id=\"atribuicoes\">Atribui\u00e7\u00f5es sum\u00e1rias do cargo<\/h3>\n\n\n\n<ol class=\"wp-block-list\">\n<li>formular, planejar, coordenar, supervisionar e avaliar atividades relacionadas \u00e0s Atividades Previdenci\u00e1rias, no \u00e2mbito do Instituto de Previd\u00eancia dos Servidores do Distrito Federal &#8211; Iprev\/DF;<\/li>\n\n\n\n<li>executar outras atividades de mesma natureza e n\u00edvel de complexidade determinadas em legisla\u00e7\u00e3o espec\u00edfica, observadas as peculiaridades da especialidade do cargo;<\/li>\n\n\n\n<li>atuar na an\u00e1lise e instru\u00e7\u00e3o de processos;<\/li>\n\n\n\n<li>utilizar e alimentar sistemas informatizados.<\/li>\n<\/ol>\n\n\n\n<h3 class=\"wp-block-heading\" id=\"remuneracao\">Remunera\u00e7\u00e3o<\/h3>\n\n\n\n<p>Conforme o anexo \u00fanico da Lei, a remunera\u00e7\u00e3o inicial do cargo \u00e9 de<strong> R$ 7.595,53<\/strong> para uma carga hor\u00e1ria semanal de 40 horas. Com cinco padr\u00f5es dentro de quatro classes, o sal\u00e1rio final b\u00e1sico alcan\u00e7a R$ 10.196,46.<\/p>\n\n\n\n<figure class=\"wp-block-image aligncenter size-full\"><img loading=\"lazy\" decoding=\"async\" width=\"698\" height=\"421\" src=\"https:\/\/dhg1h5j42swfq.cloudfront.net\/2025\/05\/16085833\/image-149.png\" alt=\"Estrutura Remunerat\u00f3ria do concurso IPREV DF\" class=\"wp-image-1576730\" srcset=\"https:\/\/dhg1h5j42swfq.cloudfront.net\/2025\/05\/16085833\/image-149.png 698w, https:\/\/dhg1h5j42swfq.cloudfront.net\/2025\/05\/16085833\/image-149-300x181.png 300w, https:\/\/dhg1h5j42swfq.cloudfront.net\/2025\/05\/16085833\/image-149-150x90.png 150w\" sizes=\"auto, (max-width: 698px) 100vw, 698px\" \/><\/figure>\n\n\n\n<p>Al\u00e9m da remunera\u00e7\u00e3o b\u00e1sica, o servidor tamb\u00e9m poder\u00e1 receber uma <strong>Gratifica\u00e7\u00e3o <\/strong>por Habilita\u00e7\u00e3o em Atividades Previdenci\u00e1rias (<strong>GHPrev<\/strong>), concedida aos integrantes da carreira, quando portadores de t\u00edtulos, diplomas, certificados de gradua\u00e7\u00e3o, especializa\u00e7\u00e3o, mestrado e doutorado.<\/p>\n\n\n\n<ol class=\"wp-block-list\">\n<li><strong>2\u00aa Gradua\u00e7\u00e3o:<\/strong> equivalente a 13%;<\/li>\n\n\n\n<li><strong>Especializa\u00e7\u00e3o: <\/strong>equivalente a 20%;<\/li>\n\n\n\n<li><strong>Mestrado: <\/strong>equivalente a 30%;<\/li>\n\n\n\n<li><strong>Doutorado: <\/strong>equivalente a 35%.<\/li>\n<\/ol>\n\n\n\n<h2 class=\"wp-block-heading\" id=\"etapas\">Concurso IPREV DF: etapas<\/h2>\n\n\n\n<p>O concurso IPREV DF compreendeu as seguintes fases:<\/p>\n\n\n\n<ol class=\"wp-block-list\">\n<li><strong>prova objetiva<\/strong>, de car\u00e1ter eliminat\u00f3rio e classificat\u00f3rio; e<\/li>\n\n\n\n<li><strong>prova discursiva<\/strong>, de car\u00e1ter eliminat\u00f3rio e classificat\u00f3rio.<\/li>\n<\/ol>\n\n\n\n<h3 class=\"wp-block-heading\" id=\"objetiva\">Prova objetiva<\/h3>\n\n\n\n<p>A prova objetiva foi composta de 120 itens do tipo CERTO ou ERRADO, valendo 120,00 pontos e avaliou as habilidades e os conhecimentos do candidato. <\/p>\n\n\n\n<ul class=\"wp-block-list\">\n<li><strong>Conhecimentos B\u00e1sicos<\/strong> &#8211; 50 quest\u00f5es\n<ul class=\"wp-block-list\">\n<li>L\u00edngua Portuguesa;<\/li>\n\n\n\n<li>Atualidades;<\/li>\n\n\n\n<li>No\u00e7\u00f5es de Inform\u00e1tica e do Sistema Eletr\u00f4nico de Informa\u00e7\u00e3o &#8211; SEI;<\/li>\n\n\n\n<li>No\u00e7\u00f5es de Matem\u00e1tica e Racioc\u00ednio L\u00f3gico;<\/li>\n\n\n\n<li>Legisla\u00e7\u00e3o.<\/li>\n<\/ul>\n<\/li>\n\n\n\n<li><strong>Conhecimentos Espec\u00edficos<\/strong> &#8211; 70 quest\u00f5es<\/li>\n<\/ul>\n\n\n\n<p>Foi reprovado na prova objetiva e eliminado do concurso p\u00fablico o candidato que se enquadrou em pelo menos um dos itens a seguir:<\/p>\n\n\n\n<ul class=\"wp-block-list\">\n<li>obteve nota inferior a 12,00 pontos na \u00e1rea de conhecimentos b\u00e1sicos;<\/li>\n\n\n\n<li>obteve nota inferior a 21,00 pontos na \u00e1rea de conhecimentos espec\u00edficos;<\/li>\n\n\n\n<li>obteve nota inferior a 36,00 pontos na nota final da prova objetiva.<\/li>\n<\/ul>\n\n\n\n<h3 class=\"wp-block-heading\" id=\"discursiva\">Prova discursiva<\/h3>\n\n\n\n<p>A prova discursiva, de car\u00e1ter eliminat\u00f3rio e classificat\u00f3rio, valeu 30,00 pontos e consistiu na elabora\u00e7\u00e3o de texto dissertativo, com extens\u00e3o m\u00ednima de 20 linhas e m\u00e1xima de 30 linhas.<\/p>\n\n\n\n<p>Foram corrigidas as provas discursivas dos candidatos aprovados nas provas objetivas e melhores classificados at\u00e9 o quantitativo equivalente a tr\u00eas vezes o somat\u00f3rio das vagas imediatas, respeitados os empates na \u00faltima coloca\u00e7\u00e3o.<\/p>\n\n\n\n<h2 class=\"wp-block-heading\" id=\"sobre\">Sobre o IPREV DF<\/h2>\n\n\n\n<p>O Instituto de Previd\u00eancia dos Servidores do Distrito Federal, institu\u00eddo como \u00f3rg\u00e3o gestor \u00fanico do Regime Pr\u00f3prio de Previd\u00eancia Social do DF, sob a denomina\u00e7\u00e3o de, autarquia em regime especial, com personalidade jur\u00eddica de direito p\u00fablico, dotada de autonomia administrativa, financeira e patrimonial, tem como atribui\u00e7\u00e3o principal captar e capitalizar os recursos necess\u00e1rios \u00e0 garantia de pagamento dos benef\u00edcios previdenci\u00e1rios atuais e futuros dos segurados e dependentes.<\/p>\n\n\n\n<hr class=\"wp-block-separator has-css-opacity\"\/>\n\n\n\n<h2 class=\"wp-block-heading has-text-align-center\" id=\"cursos\"><em>Quer estudar para o concurso IPREV DF?<\/em><\/h2>\n\n\n\n<div class=\"container\" id=\"boxes\">\n  <div class=\"row\">\n\n    <div class=\"col-sm\">\n      <div class=\"banner-adm\" id=\"box-assinatura\">\n        <h3 class=\"titulo-assinatura\">Curso IPREV DF<\/h3>\n        <p class=\"subtitulo-assinatura\">Conhe\u00e7a os cursos<\/p>\n        <div class=\"box-botao\">\n          <a class=\"btn-assinatura\" target=\"_blank\" href=\"https:\/\/www.estrategiaconcursos.com.br\/cursosPorConcurso\/instituto-de-previdencia-dos-servidores-do-distrito-federal-iprev-df\/\" role=\"button\" rel=\"noopener noreferrer\">Conhe\u00e7a mais<\/a>\n        <\/div>\n      <\/div>\n      \n    <\/div>\n\n  <\/div>\n<\/div>\n\n\n\n<div class=\"container\" id=\"boxes\">\n  <div class=\"row\">\n\n    <div class=\"col-sm\">\n      <div class=\"estrategia\" id=\"box-assinatura\">\n        <h3 class=\"titulo-assinatura\">Assinatura Concursos<\/h3>\n        <p class=\"subtitulo-assinatura\">Assinatura de 1 ano ou 2 anos<\/p>\n        <div class=\"box-botao\">\n          <a class=\"btn-assinatura\" target=\"_blank\" href=\"https:\/\/www.estrategiaconcursos.com.br\/assinaturas\/\" role=\"button\" rel=\"noopener noreferrer\">ASSINE AGORA<\/a>\n        <\/div>\n      <\/div><\/div><\/div><\/div>\n\n\n\n<h2 class=\"wp-block-heading has-text-align-center\" id=\"h-quer-saber-tudo-sobre-concursos-previstos-confira-nossos-artigos\">Quer saber tudo sobre concursos previstos?<br \/>Confira nossos artigos!<\/h2>\n\n\n\n<ul class=\"wp-block-list\">\n<li><a href=\"https:\/\/www.estrategiaconcursos.com.br\/blog\/concursos-abertos\/\" target=\"_blank\" rel=\"noreferrer noopener\">Concursos Abertos<\/a><\/li>\n\n\n\n<li><a href=\"https:\/\/www.estrategiaconcursos.com.br\/blog\/concurso-administrativos\/\">Concursos Administrativos<\/a><\/li>\n\n\n\n<li><a href=\"https:\/\/www.estrategiaconcursos.com.br\/blog\/concursos-2025\/\" target=\"_blank\" rel=\"noreferrer noopener\">Concursos 2025<\/a><\/li>\n\n\n\n<li><a href=\"https:\/\/www.estrategiaconcursos.com.br\/blog\/concursos-2026\/\" target=\"_blank\" rel=\"noreferrer noopener\">Concursos 2026<\/a><\/li>\n\n\n\n<li><a href=\"https:\/\/www.estrategiaconcursos.com.br\/blog\/concursos-df\/\" target=\"_blank\" rel=\"noreferrer noopener\">Concursos DF<\/a><\/li>\n<\/ul>\n\n\n\n<figure class=\"wp-block-image size-large is-resized\"><img loading=\"lazy\" decoding=\"async\" width=\"1024\" height=\"632\" src=\"https:\/\/dhg1h5j42swfq.cloudfront.net\/2021\/07\/06093407\/ficha-tecnica-1-1024x632.png\" alt=\"Ficha t\u00e9cnica concurso IPREV DF\" class=\"wp-image-788054\" style=\"width:279px;height:172px\" srcset=\"https:\/\/dhg1h5j42swfq.cloudfront.net\/2021\/07\/06093407\/ficha-tecnica-1-1024x632.png 1024w, https:\/\/dhg1h5j42swfq.cloudfront.net\/2021\/07\/06093407\/ficha-tecnica-1-300x185.png 300w, https:\/\/dhg1h5j42swfq.cloudfront.net\/2021\/07\/06093407\/ficha-tecnica-1-768x474.png 768w, https:\/\/dhg1h5j42swfq.cloudfront.net\/2021\/07\/06093407\/ficha-tecnica-1-1536x948.png 1536w, https:\/\/dhg1h5j42swfq.cloudfront.net\/2021\/07\/06093407\/ficha-tecnica-1-610x377.png 610w, https:\/\/dhg1h5j42swfq.cloudfront.net\/2021\/07\/06093407\/ficha-tecnica-1.png 1571w\" sizes=\"auto, (max-width: 1024px) 100vw, 1024px\" \/><\/figure>\n\n\n\n<h3 class=\"wp-block-heading\" id=\"ficha-tecnica\">\u2666 Informa\u00e7\u00f5es do \u00faltimo Concurso\u00a0IPREV\u00a0DF<\/h3>\n\n\n\n<ul class=\"wp-block-list\">\n<li><strong>Ano:<\/strong> 2022\/2023<\/li>\n\n\n\n<li><strong>Vagas:<\/strong> 65 + 20 CR<\/li>\n\n\n\n<li><strong>Cargo:<\/strong> Analista Previdenci\u00e1rio<\/li>\n\n\n\n<li><strong>Escolaridade: <\/strong>N\u00edvel superior<\/li>\n\n\n\n<li><strong>Banca:<\/strong> Instituto Quadrix<\/li>\n\n\n\n<li><strong>Edital: <\/strong><a href=\"https:\/\/dhg1h5j42swfq.cloudfront.net\/2022\/12\/02113702\/1_iprev_concurso_publico_2022_edital_1_abertura.pdf\" target=\"_blank\" rel=\"noreferrer noopener nofollow\">IPREV-DF 2022<\/a> | <a href=\"https:\/\/dhg1h5j42swfq.cloudfront.net\/2023\/01\/13110148\/1_iprev_concurso_publico_2022_edital_2_retificacao.pdf\" target=\"_blank\" rel=\"noreferrer noopener nofollow\">Retifica\u00e7\u00e3o<\/a> | <a href=\"https:\/\/dhg1h5j42swfq.cloudfront.net\/2023\/01\/16112204\/1_iprev_concurso_publico_2022_edital_3_retificacao.pdf\" target=\"_blank\" rel=\"noreferrer noopener nofollow\">Retifica\u00e7\u00e3o II<\/a><\/li>\n<\/ul>\n","protected":false},"excerpt":{"rendered":"<p>Boa not\u00edcia para os aprovados no \u00faltimo concurso IPREV DF (Instituto de Previd\u00eancia dos Servidores do DF). O Governo do Distrito Federal confirmou que pretende prorrogar a validade para mais dois anos. O or\u00e7amento deste ano, inclusive, prev\u00ea a nomea\u00e7\u00e3o de mais 33 analista previdenci\u00e1rios, mas n\u00e3o houve informa\u00e7\u00f5es oficiais sobre essas nomea\u00e7\u00f5es. Vale lembrar [&hellip;]<\/p>\n","protected":false},"author":1,"featured_media":851668,"comment_status":"open","ping_status":"closed","sticky":false,"template":"","format":"standard","meta":{"post_tipo":"news_page","footnotes":""},"categories":[214992,220191],"tags":[],"tax_estado":[219970],"class_list":["post-175809","post","type-post","status-publish","format-standard","has-post-thumbnail","hentry","category-concursos-administrativos","category-previdenciaria","tax_estado-df"],"acf":[],"yoast_head":"<!-- This site is optimized with the Yoast SEO Premium plugin v27.2 (Yoast SEO v27.2) - https:\/\/yoast.com\/product\/yoast-seo-premium-wordpress\/ -->\n<title>Concurso IPREV DF: validade deve ser prorrogada!<\/title>\n<meta name=\"description\" content=\"Concurso IPREV DF: com concurso homologado e vigente at\u00e9 junho de 2025, primeiros aprovados come\u00e7am a ser nomeados. Confira!\" \/>\n<meta name=\"robots\" content=\"index, follow, max-snippet:-1, max-image-preview:large, max-video-preview:-1\" \/>\n<link rel=\"canonical\" href=\"https:\/\/www.estrategiaconcursos.com.br\/blog\/concurso-iprev-df\/\" \/>\n<meta property=\"og:locale\" content=\"pt_BR\" \/>\n<meta property=\"og:type\" content=\"article\" \/>\n<meta property=\"og:title\" content=\"Concurso IPREV DF: validade deve ser prorrogada!\" \/>\n<meta property=\"og:description\" content=\"Concurso IPREV DF: com concurso homologado e vigente at\u00e9 junho de 2025, primeiros aprovados come\u00e7am a ser nomeados. Confira!\" \/>\n<meta property=\"og:url\" content=\"https:\/\/www.estrategiaconcursos.com.br\/blog\/concurso-iprev-df\/\" \/>\n<meta property=\"og:site_name\" content=\"Estrat\u00e9gia Concursos\" \/>\n<meta property=\"article:author\" content=\"https:\/\/www.facebook.com\/EstrategiaConcursos\" \/>\n<meta property=\"article:published_time\" content=\"2025-05-15T22:06:03+00:00\" \/>\n<meta property=\"article:modified_time\" content=\"2025-05-16T12:00:27+00:00\" \/>\n<meta property=\"og:image\" content=\"https:\/\/dhg1h5j42swfq.cloudfront.net\/2021\/08\/01181116\/iprev-df.jpg\" \/>\n\t<meta property=\"og:image:width\" content=\"766\" \/>\n\t<meta property=\"og:image:height\" content=\"432\" \/>\n\t<meta property=\"og:image:type\" content=\"image\/jpeg\" \/>\n<meta name=\"author\" content=\"Coordena\u00e7\u00e3o\" \/>\n<meta name=\"twitter:card\" content=\"summary_large_image\" \/>\n<meta name=\"twitter:creator\" content=\"@EstratConcursos\" \/>\n<meta name=\"twitter:site\" content=\"@EstratConcursos\" \/>\n<meta name=\"twitter:label1\" content=\"Escrito por\" \/>\n\t<meta name=\"twitter:data1\" content=\"Coordena\u00e7\u00e3o\" \/>\n\t<meta name=\"twitter:label2\" content=\"Est. tempo de leitura\" \/>\n\t<meta name=\"twitter:data2\" content=\"6 minutos\" \/>\n<script type=\"application\/ld+json\" class=\"yoast-schema-graph\">{\"@context\":\"https:\/\/schema.org\",\"@graph\":[{\"@type\":\"NewsArticle\",\"@id\":\"https:\/\/www.estrategiaconcursos.com.br\/blog\/concurso-iprev-df\/#article\",\"isPartOf\":{\"@id\":\"https:\/\/www.estrategiaconcursos.com.br\/blog\/concurso-iprev-df\/\"},\"author\":{\"name\":\"Coordena\u00e7\u00e3o\",\"@id\":\"https:\/\/www.estrategiaconcursos.com.br\/blog\/#\/schema\/person\/b4a388c97673c5f483d72185668afa1f\"},\"headline\":\"Concurso IPREV DF: validade deve ser prorrogada!\",\"datePublished\":\"2025-05-15T22:06:03+00:00\",\"dateModified\":\"2025-05-16T12:00:27+00:00\",\"mainEntityOfPage\":{\"@id\":\"https:\/\/www.estrategiaconcursos.com.br\/blog\/concurso-iprev-df\/\"},\"wordCount\":990,\"commentCount\":0,\"publisher\":{\"@id\":\"https:\/\/www.estrategiaconcursos.com.br\/blog\/#organization\"},\"image\":{\"@id\":\"https:\/\/www.estrategiaconcursos.com.br\/blog\/concurso-iprev-df\/#primaryimage\"},\"thumbnailUrl\":\"https:\/\/dhg1h5j42swfq.cloudfront.net\/2021\/08\/01181116\/iprev-df.jpg\",\"articleSection\":[\"Executivo (Administrativa)\",\"Previdenci\u00e1ria (INSS, PREVIC)\"],\"inLanguage\":\"pt-BR\",\"potentialAction\":[{\"@type\":\"CommentAction\",\"name\":\"Comment\",\"target\":[\"https:\/\/www.estrategiaconcursos.com.br\/blog\/concurso-iprev-df\/#respond\"]}],\"copyrightYear\":\"2025\",\"copyrightHolder\":{\"@id\":\"https:\/\/www.estrategiaconcursos.com.br\/blog\/#organization\"}},{\"@type\":\"WebPage\",\"@id\":\"https:\/\/www.estrategiaconcursos.com.br\/blog\/concurso-iprev-df\/\",\"url\":\"https:\/\/www.estrategiaconcursos.com.br\/blog\/concurso-iprev-df\/\",\"name\":\"Concurso IPREV DF: validade deve ser prorrogada!\",\"isPartOf\":{\"@id\":\"https:\/\/www.estrategiaconcursos.com.br\/blog\/#website\"},\"primaryImageOfPage\":{\"@id\":\"https:\/\/www.estrategiaconcursos.com.br\/blog\/concurso-iprev-df\/#primaryimage\"},\"image\":{\"@id\":\"https:\/\/www.estrategiaconcursos.com.br\/blog\/concurso-iprev-df\/#primaryimage\"},\"thumbnailUrl\":\"https:\/\/dhg1h5j42swfq.cloudfront.net\/2021\/08\/01181116\/iprev-df.jpg\",\"datePublished\":\"2025-05-15T22:06:03+00:00\",\"dateModified\":\"2025-05-16T12:00:27+00:00\",\"description\":\"Concurso IPREV DF: com concurso homologado e vigente at\u00e9 junho de 2025, primeiros aprovados come\u00e7am a ser nomeados. Confira!\",\"breadcrumb\":{\"@id\":\"https:\/\/www.estrategiaconcursos.com.br\/blog\/concurso-iprev-df\/#breadcrumb\"},\"inLanguage\":\"pt-BR\",\"potentialAction\":[{\"@type\":\"ReadAction\",\"target\":[\"https:\/\/www.estrategiaconcursos.com.br\/blog\/concurso-iprev-df\/\"]}]},{\"@type\":\"ImageObject\",\"inLanguage\":\"pt-BR\",\"@id\":\"https:\/\/www.estrategiaconcursos.com.br\/blog\/concurso-iprev-df\/#primaryimage\",\"url\":\"https:\/\/dhg1h5j42swfq.cloudfront.net\/2021\/08\/01181116\/iprev-df.jpg\",\"contentUrl\":\"https:\/\/dhg1h5j42swfq.cloudfront.net\/2021\/08\/01181116\/iprev-df.jpg\",\"width\":766,\"height\":432,\"caption\":\"Concurso IPREV DF resultado\"},{\"@type\":\"BreadcrumbList\",\"@id\":\"https:\/\/www.estrategiaconcursos.com.br\/blog\/concurso-iprev-df\/#breadcrumb\",\"itemListElement\":[{\"@type\":\"ListItem\",\"position\":1,\"name\":\"In\u00edcio\",\"item\":\"https:\/\/www.estrategiaconcursos.com.br\/blog\/\"},{\"@type\":\"ListItem\",\"position\":2,\"name\":\"Concurso IPREV DF: validade deve ser prorrogada!\"}]},{\"@type\":\"WebSite\",\"@id\":\"https:\/\/www.estrategiaconcursos.com.br\/blog\/#website\",\"url\":\"https:\/\/www.estrategiaconcursos.com.br\/blog\/\",\"name\":\"Estrat\u00e9gia Concursos\",\"description\":\"O blog da Estrat\u00e9gia Concursos traz not\u00edcias sobre concursos e artigos de professores oferecendo cursos para concursos (pdf + videaulas) no site.\",\"publisher\":{\"@id\":\"https:\/\/www.estrategiaconcursos.com.br\/blog\/#organization\"},\"potentialAction\":[{\"@type\":\"SearchAction\",\"target\":{\"@type\":\"EntryPoint\",\"urlTemplate\":\"https:\/\/www.estrategiaconcursos.com.br\/blog\/?s={search_term_string}\"},\"query-input\":{\"@type\":\"PropertyValueSpecification\",\"valueRequired\":true,\"valueName\":\"search_term_string\"}}],\"inLanguage\":\"pt-BR\"},{\"@type\":\"Organization\",\"@id\":\"https:\/\/www.estrategiaconcursos.com.br\/blog\/#organization\",\"name\":\"Estrat\u00e9gia Concursos\",\"url\":\"https:\/\/www.estrategiaconcursos.com.br\/blog\/\",\"logo\":{\"@type\":\"ImageObject\",\"inLanguage\":\"pt-BR\",\"@id\":\"https:\/\/www.estrategiaconcursos.com.br\/blog\/#\/schema\/logo\/image\/\",\"url\":\"https:\/\/dhg1h5j42swfq.cloudfront.net\/2025\/06\/03203428\/logo_concursos-1.jpg\",\"contentUrl\":\"https:\/\/dhg1h5j42swfq.cloudfront.net\/2025\/06\/03203428\/logo_concursos-1.jpg\",\"width\":230,\"height\":60,\"caption\":\"Estrat\u00e9gia Concursos\"},\"image\":{\"@id\":\"https:\/\/www.estrategiaconcursos.com.br\/blog\/#\/schema\/logo\/image\/\"},\"sameAs\":[\"https:\/\/x.com\/EstratConcursos\"]},{\"@type\":\"Person\",\"@id\":\"https:\/\/www.estrategiaconcursos.com.br\/blog\/#\/schema\/person\/b4a388c97673c5f483d72185668afa1f\",\"name\":\"Coordena\u00e7\u00e3o\",\"image\":{\"@type\":\"ImageObject\",\"inLanguage\":\"pt-BR\",\"@id\":\"https:\/\/secure.gravatar.com\/avatar\/b720319e4c9a967eb58678d110f4fe35452fc5d5f97b202bac7b8acceb18c6ad?s=96&d=mm&r=g\",\"url\":\"https:\/\/secure.gravatar.com\/avatar\/b720319e4c9a967eb58678d110f4fe35452fc5d5f97b202bac7b8acceb18c6ad?s=96&d=mm&r=g\",\"contentUrl\":\"https:\/\/secure.gravatar.com\/avatar\/b720319e4c9a967eb58678d110f4fe35452fc5d5f97b202bac7b8acceb18c6ad?s=96&d=mm&r=g\",\"caption\":\"Coordena\u00e7\u00e3o\"},\"sameAs\":[\"https:\/\/www.facebook.com\/EstrategiaConcursos\",\"https:\/\/x.com\/EstratConcursos\"],\"url\":\"https:\/\/www.estrategiaconcursos.com.br\/blog\/author\/estrategia2013\/\"}]}<\/script>\n<!-- \/ Yoast SEO Premium plugin. -->","yoast_head_json":{"title":"Concurso IPREV DF: validade deve ser prorrogada!","description":"Concurso IPREV DF: com concurso homologado e vigente at\u00e9 junho de 2025, primeiros aprovados come\u00e7am a ser nomeados. Confira!","robots":{"index":"index","follow":"follow","max-snippet":"max-snippet:-1","max-image-preview":"max-image-preview:large","max-video-preview":"max-video-preview:-1"},"canonical":"https:\/\/www.estrategiaconcursos.com.br\/blog\/concurso-iprev-df\/","og_locale":"pt_BR","og_type":"article","og_title":"Concurso IPREV DF: validade deve ser prorrogada!","og_description":"Concurso IPREV DF: com concurso homologado e vigente at\u00e9 junho de 2025, primeiros aprovados come\u00e7am a ser nomeados. Confira!","og_url":"https:\/\/www.estrategiaconcursos.com.br\/blog\/concurso-iprev-df\/","og_site_name":"Estrat\u00e9gia Concursos","article_author":"https:\/\/www.facebook.com\/EstrategiaConcursos","article_published_time":"2025-05-15T22:06:03+00:00","article_modified_time":"2025-05-16T12:00:27+00:00","og_image":[{"width":766,"height":432,"url":"https:\/\/dhg1h5j42swfq.cloudfront.net\/2021\/08\/01181116\/iprev-df.jpg","type":"image\/jpeg"}],"author":"Coordena\u00e7\u00e3o","twitter_card":"summary_large_image","twitter_creator":"@EstratConcursos","twitter_site":"@EstratConcursos","twitter_misc":{"Escrito por":"Coordena\u00e7\u00e3o","Est. tempo de leitura":"6 minutos"},"schema":{"@context":"https:\/\/schema.org","@graph":[{"@type":"NewsArticle","@id":"https:\/\/www.estrategiaconcursos.com.br\/blog\/concurso-iprev-df\/#article","isPartOf":{"@id":"https:\/\/www.estrategiaconcursos.com.br\/blog\/concurso-iprev-df\/"},"author":{"name":"Coordena\u00e7\u00e3o","@id":"https:\/\/www.estrategiaconcursos.com.br\/blog\/#\/schema\/person\/b4a388c97673c5f483d72185668afa1f"},"headline":"Concurso IPREV DF: validade deve ser prorrogada!","datePublished":"2025-05-15T22:06:03+00:00","dateModified":"2025-05-16T12:00:27+00:00","mainEntityOfPage":{"@id":"https:\/\/www.estrategiaconcursos.com.br\/blog\/concurso-iprev-df\/"},"wordCount":990,"commentCount":0,"publisher":{"@id":"https:\/\/www.estrategiaconcursos.com.br\/blog\/#organization"},"image":{"@id":"https:\/\/www.estrategiaconcursos.com.br\/blog\/concurso-iprev-df\/#primaryimage"},"thumbnailUrl":"https:\/\/dhg1h5j42swfq.cloudfront.net\/2021\/08\/01181116\/iprev-df.jpg","articleSection":["Executivo (Administrativa)","Previdenci\u00e1ria (INSS, PREVIC)"],"inLanguage":"pt-BR","potentialAction":[{"@type":"CommentAction","name":"Comment","target":["https:\/\/www.estrategiaconcursos.com.br\/blog\/concurso-iprev-df\/#respond"]}],"copyrightYear":"2025","copyrightHolder":{"@id":"https:\/\/www.estrategiaconcursos.com.br\/blog\/#organization"}},{"@type":"WebPage","@id":"https:\/\/www.estrategiaconcursos.com.br\/blog\/concurso-iprev-df\/","url":"https:\/\/www.estrategiaconcursos.com.br\/blog\/concurso-iprev-df\/","name":"Concurso IPREV DF: validade deve ser prorrogada!","isPartOf":{"@id":"https:\/\/www.estrategiaconcursos.com.br\/blog\/#website"},"primaryImageOfPage":{"@id":"https:\/\/www.estrategiaconcursos.com.br\/blog\/concurso-iprev-df\/#primaryimage"},"image":{"@id":"https:\/\/www.estrategiaconcursos.com.br\/blog\/concurso-iprev-df\/#primaryimage"},"thumbnailUrl":"https:\/\/dhg1h5j42swfq.cloudfront.net\/2021\/08\/01181116\/iprev-df.jpg","datePublished":"2025-05-15T22:06:03+00:00","dateModified":"2025-05-16T12:00:27+00:00","description":"Concurso IPREV DF: com concurso homologado e vigente at\u00e9 junho de 2025, primeiros aprovados come\u00e7am a ser nomeados. Confira!","breadcrumb":{"@id":"https:\/\/www.estrategiaconcursos.com.br\/blog\/concurso-iprev-df\/#breadcrumb"},"inLanguage":"pt-BR","potentialAction":[{"@type":"ReadAction","target":["https:\/\/www.estrategiaconcursos.com.br\/blog\/concurso-iprev-df\/"]}]},{"@type":"ImageObject","inLanguage":"pt-BR","@id":"https:\/\/www.estrategiaconcursos.com.br\/blog\/concurso-iprev-df\/#primaryimage","url":"https:\/\/dhg1h5j42swfq.cloudfront.net\/2021\/08\/01181116\/iprev-df.jpg","contentUrl":"https:\/\/dhg1h5j42swfq.cloudfront.net\/2021\/08\/01181116\/iprev-df.jpg","width":766,"height":432,"caption":"Concurso IPREV DF resultado"},{"@type":"BreadcrumbList","@id":"https:\/\/www.estrategiaconcursos.com.br\/blog\/concurso-iprev-df\/#breadcrumb","itemListElement":[{"@type":"ListItem","position":1,"name":"In\u00edcio","item":"https:\/\/www.estrategiaconcursos.com.br\/blog\/"},{"@type":"ListItem","position":2,"name":"Concurso IPREV DF: validade deve ser prorrogada!"}]},{"@type":"WebSite","@id":"https:\/\/www.estrategiaconcursos.com.br\/blog\/#website","url":"https:\/\/www.estrategiaconcursos.com.br\/blog\/","name":"Estrat\u00e9gia Concursos","description":"O blog da Estrat\u00e9gia Concursos traz not\u00edcias sobre concursos e artigos de professores oferecendo cursos para concursos (pdf + videaulas) no site.","publisher":{"@id":"https:\/\/www.estrategiaconcursos.com.br\/blog\/#organization"},"potentialAction":[{"@type":"SearchAction","target":{"@type":"EntryPoint","urlTemplate":"https:\/\/www.estrategiaconcursos.com.br\/blog\/?s={search_term_string}"},"query-input":{"@type":"PropertyValueSpecification","valueRequired":true,"valueName":"search_term_string"}}],"inLanguage":"pt-BR"},{"@type":"Organization","@id":"https:\/\/www.estrategiaconcursos.com.br\/blog\/#organization","name":"Estrat\u00e9gia Concursos","url":"https:\/\/www.estrategiaconcursos.com.br\/blog\/","logo":{"@type":"ImageObject","inLanguage":"pt-BR","@id":"https:\/\/www.estrategiaconcursos.com.br\/blog\/#\/schema\/logo\/image\/","url":"https:\/\/dhg1h5j42swfq.cloudfront.net\/2025\/06\/03203428\/logo_concursos-1.jpg","contentUrl":"https:\/\/dhg1h5j42swfq.cloudfront.net\/2025\/06\/03203428\/logo_concursos-1.jpg","width":230,"height":60,"caption":"Estrat\u00e9gia Concursos"},"image":{"@id":"https:\/\/www.estrategiaconcursos.com.br\/blog\/#\/schema\/logo\/image\/"},"sameAs":["https:\/\/x.com\/EstratConcursos"]},{"@type":"Person","@id":"https:\/\/www.estrategiaconcursos.com.br\/blog\/#\/schema\/person\/b4a388c97673c5f483d72185668afa1f","name":"Coordena\u00e7\u00e3o","image":{"@type":"ImageObject","inLanguage":"pt-BR","@id":"https:\/\/secure.gravatar.com\/avatar\/b720319e4c9a967eb58678d110f4fe35452fc5d5f97b202bac7b8acceb18c6ad?s=96&d=mm&r=g","url":"https:\/\/secure.gravatar.com\/avatar\/b720319e4c9a967eb58678d110f4fe35452fc5d5f97b202bac7b8acceb18c6ad?s=96&d=mm&r=g","contentUrl":"https:\/\/secure.gravatar.com\/avatar\/b720319e4c9a967eb58678d110f4fe35452fc5d5f97b202bac7b8acceb18c6ad?s=96&d=mm&r=g","caption":"Coordena\u00e7\u00e3o"},"sameAs":["https:\/\/www.facebook.com\/EstrategiaConcursos","https:\/\/x.com\/EstratConcursos"],"url":"https:\/\/www.estrategiaconcursos.com.br\/blog\/author\/estrategia2013\/"}]}},"_links":{"self":[{"href":"https:\/\/www.estrategiaconcursos.com.br\/blog\/wp-json\/wp\/v2\/posts\/175809","targetHints":{"allow":["GET"]}}],"collection":[{"href":"https:\/\/www.estrategiaconcursos.com.br\/blog\/wp-json\/wp\/v2\/posts"}],"about":[{"href":"https:\/\/www.estrategiaconcursos.com.br\/blog\/wp-json\/wp\/v2\/types\/post"}],"author":[{"embeddable":true,"href":"https:\/\/www.estrategiaconcursos.com.br\/blog\/wp-json\/wp\/v2\/users\/1"}],"replies":[{"embeddable":true,"href":"https:\/\/www.estrategiaconcursos.com.br\/blog\/wp-json\/wp\/v2\/comments?post=175809"}],"version-history":[{"count":106,"href":"https:\/\/www.estrategiaconcursos.com.br\/blog\/wp-json\/wp\/v2\/posts\/175809\/revisions"}],"predecessor-version":[{"id":1576731,"href":"https:\/\/www.estrategiaconcursos.com.br\/blog\/wp-json\/wp\/v2\/posts\/175809\/revisions\/1576731"}],"wp:featuredmedia":[{"embeddable":true,"href":"https:\/\/www.estrategiaconcursos.com.br\/blog\/wp-json\/wp\/v2\/media\/851668"}],"wp:attachment":[{"href":"https:\/\/www.estrategiaconcursos.com.br\/blog\/wp-json\/wp\/v2\/media?parent=175809"}],"wp:term":[{"taxonomy":"category","embeddable":true,"href":"https:\/\/www.estrategiaconcursos.com.br\/blog\/wp-json\/wp\/v2\/categories?post=175809"},{"taxonomy":"post_tag","embeddable":true,"href":"https:\/\/www.estrategiaconcursos.com.br\/blog\/wp-json\/wp\/v2\/tags?post=175809"},{"taxonomy":"tax_estado","embeddable":true,"href":"https:\/\/www.estrategiaconcursos.com.br\/blog\/wp-json\/wp\/v2\/tax_estado?post=175809"}],"curies":[{"name":"wp","href":"https:\/\/api.w.org\/{rel}","templated":true}]}}