{"id":1758043,"date":"2026-05-01T11:39:00","date_gmt":"2026-05-01T14:39:00","guid":{"rendered":"https:\/\/www.estrategiaconcursos.com.br\/blog\/?p=1758043"},"modified":"2026-04-28T15:03:57","modified_gmt":"2026-04-28T18:03:57","slug":"inadimplemento-codigo-civil","status":"publish","type":"post","link":"https:\/\/www.estrategiaconcursos.com.br\/blog\/inadimplemento-codigo-civil\/","title":{"rendered":"O inadimplemento \u00e0 luz do C\u00f3digo Civil"},"content":{"rendered":"\n<p>Ol\u00e1, pessoal! Tudo bem? No nosso encontro de hoje, vamos conhecer um pouco mais sobre o direito das obriga\u00e7\u00f5es, especialmente no que diz respeito ao <strong>inadimplemento<\/strong> e \u00e0s suas consequ\u00eancias.<\/p>\n\n\n\n<p><\/p>\n\n\n\n<h2 class=\"wp-block-heading\" id=\"h-inadimplemento\"><strong>Inadimplemento<\/strong><\/h2>\n\n\n\n<p>O inadimplemento consiste na <strong>aus\u00eancia de cumprimento, volunt\u00e1ria ou involunt\u00e1ria, da obriga\u00e7\u00e3o por parte do devedor<\/strong>. Segundo Schneider et. al (2018, p. 188), \u201co inadimplemento surge de uma <strong>falta do devedor, de algo que deveria ter feito e n\u00e3o fez<\/strong>, ou a uma absten\u00e7\u00e3o que n\u00e3o cumpriu\u201d.<\/p>\n\n\n\n<p>O inadimplemento <strong>pode ou n\u00e3o ser imput\u00e1vel ao devedor<\/strong>. No primeiro caso, o devedor <strong>poder\u00e1 responder por perdas e danos<\/strong> decorrentes de sua inadimpl\u00eancia.<\/p>\n\n\n\n<p>\u00c9 o que diz o art. 389 do C\u00f3digo Civil, nos seguintes termos:<\/p>\n\n\n\n<p class=\"has-pale-cyan-blue-background-color has-background\"><em>Art. 389.&nbsp; <\/em><strong><em>N\u00e3o cumprida a obriga\u00e7\u00e3o, responde o devedor por perdas e danos<\/em><\/strong><em>, mais juros, atualiza\u00e7\u00e3o monet\u00e1ria e honor\u00e1rios de advogado.<\/em><\/p>\n\n\n\n<p>No entanto, <strong>nas hip\u00f3teses de caso fortuito ou de for\u00e7a maior, o inadimplemento n\u00e3o \u00e9 imput\u00e1vel ao devedor<\/strong>, o qual fica exonerado do pagamento dos preju\u00edzos dele decorrentes, caso n\u00e3o tenha expressamente se responsabilizado por eles (art. 393, CC).<\/p>\n\n\n\n<p><\/p>\n\n\n\n<p style=\"font-size:clamp(18.959px, 1.185rem + ((1vw - 3.2px) * 1.082), 30px);\"><strong>Inadimplemento absoluto e relativo&nbsp;<\/strong><\/p>\n\n\n\n<p>O <strong>inadimplemento absoluto<\/strong> \u00e9 a falta de cumprimento, total ou parcial, da obriga\u00e7\u00e3o pelo devedor, que n\u00e3o mais poder\u00e1 ser cumprida.<\/p>\n\n\n\n<p>Em outras palavras, o inadimplemento absoluto \u00e9 um descumprimento definitivo da obriga\u00e7\u00e3o, cuja presta\u00e7\u00e3o se torna <strong>in\u00fatil ao credor<\/strong>.<\/p>\n\n\n\n<p>Por outro lado, o <strong>inadimplemento relativo <\/strong>\u00e9 o descumprimento da obriga\u00e7\u00e3o pelo devedor, mas que a sua presta\u00e7\u00e3o, ainda que tardia, tem utilidade para o credor.<\/p>\n\n\n\n<p>Ou seja, no inadimplemento relativo, o devedor <strong>ainda poder\u00e1 cumprir a presta\u00e7\u00e3o devida<\/strong>, de modo a satisfazer a obriga\u00e7\u00e3o junto ao credor.&nbsp;<\/p>\n\n\n\n<p><\/p>\n\n\n\n<p style=\"font-size:clamp(18.959px, 1.185rem + ((1vw - 3.2px) * 1.082), 30px);\"><strong>Mora<\/strong><\/p>\n\n\n\n<p>A mora consiste no <strong>atraso injustificado<\/strong> do devedor para o cumprimento da obriga\u00e7\u00e3o assumida.&nbsp;<\/p>\n\n\n\n<p>De forma semelhante do que falamos sobre o inadimplemento, <strong>a mora sujeita o devedor a indenizar o credor pelos preju\u00edzos dela decorrentes<\/strong>, mais juros, atualiza\u00e7\u00e3o dos valores monet\u00e1rios e honor\u00e1rios de advogado (art. 395, CC).&nbsp;&nbsp;<\/p>\n\n\n\n<p>Vale ressaltar que a mora pode ocorrer por parte do <strong>devedor <\/strong>ou do <strong>credor<\/strong>.<\/p>\n\n\n\n<p>Nesse sentido, disp\u00f5e o C\u00f3digo Civil:<\/p>\n\n\n\n<p class=\"has-pale-cyan-blue-background-color has-background\"><em>Art. 394. Considera-se em mora <\/em><strong><em>o devedor<\/em><\/strong><em> que n\u00e3o efetuar o pagamento e <\/em><strong><em>o credor<\/em><\/strong><em> que n\u00e3o quiser receb\u00ea-lo no tempo, lugar e forma que a lei ou a conven\u00e7\u00e3o estabelecer.<\/em><\/p>\n\n\n\n<p>Ou seja:<\/p>\n\n\n\n<ul class=\"wp-block-list\">\n<li><strong>Mora do devedor ou mora <\/strong><strong><em>solvendi<\/em><\/strong>: Decorre do atraso injustificado do pagamento por parte do devedor.<\/li>\n\n\n\n<li><strong>Mora do credor ou mora <\/strong><strong><em>accipiendi<\/em><\/strong>: Ocorre quando o credor se recusa a receber o pagamento do devedor na hora, no local e na forma convencionados.<\/li>\n<\/ul>\n\n\n\n<p><\/p>\n\n\n\n<p>Destaca-se que <strong>a mora e o inadimplemento n\u00e3o se confundem<\/strong>, pois <strong>a mora consiste no atraso<\/strong> no cumprimento da obriga\u00e7\u00e3o, ao passo que no inadimplemento a obriga\u00e7\u00e3o <strong>n\u00e3o \u00e9 cumprida<\/strong>.<\/p>\n\n\n\n<p><\/p>\n\n\n\n<p style=\"font-size:clamp(18.959px, 1.185rem + ((1vw - 3.2px) * 1.082), 30px);\"><strong>Perdas e danos<\/strong><\/p>\n\n\n\n<p>Perdas e danos nada mais s\u00e3o do que <strong>aquilo que o credor perdeu ou deixou de lucrar<\/strong> em virtude do inadimplemento do devedor.<\/p>\n\n\n\n<p>Nesse sentido, disp\u00f5e o C\u00f3digo Civil:<\/p>\n\n\n\n<p class=\"has-pale-cyan-blue-background-color has-background\"><em>Art. 402. Salvo as exce\u00e7\u00f5es expressamente previstas em lei, as perdas e danos devidas ao credor <\/em><strong><em>abrangem, al\u00e9m do que ele efetivamente perdeu, o que razoavelmente deixou de lucrar<\/em><\/strong><em>.<\/em><\/p>\n\n\n\n<p>As perdas e danos somente t\u00eam lugar quando o <strong>inadimplemento for volunt\u00e1rio<\/strong>, isto \u00e9, quando o devedor agir com <strong>dolo ou culpa<\/strong>, deixando de cumprir a obriga\u00e7\u00e3o assumida.<\/p>\n\n\n\n<p>Isso equivale a dizer que, quando o inadimplemento for involunt\u00e1rio, como nas hip\u00f3teses de <strong>caso fortuito e de for\u00e7a maior,<\/strong> <strong>o devedor n\u00e3o ser\u00e1 obrigado a ressarcir o credor<\/strong> pelos preju\u00edzos decorrentes de seu inadimplemento.<\/p>\n\n\n\n<p>Nesse contexto, \u00e9 importante destacar que as <strong>obriga\u00e7\u00f5es de pagamento em dinheiro<\/strong> exigem o pagamento das <strong>as perdas e danos com atualiza\u00e7\u00e3o monet\u00e1ria, juros, custas e honor\u00e1rios de advogado<\/strong>, sem preju\u00edzo da pena convencional (art. 404, CC).&nbsp;<\/p>\n\n\n\n<p><\/p>\n\n\n\n<p style=\"font-size:clamp(18.959px, 1.185rem + ((1vw - 3.2px) * 1.082), 30px);\"><strong>Juros morat\u00f3rios e compensat\u00f3rios<\/strong><\/p>\n\n\n\n<p>Os juros correspondem a uma <strong>presta\u00e7\u00e3o acess\u00f3ria \u00e0 obriga\u00e7\u00e3o principal<\/strong> e consistem em coisas fung\u00edveis pagas para a utiliza\u00e7\u00e3o de coisas da mesma esp\u00e9cie (SCHNEIDER, 2018, p. 198).<\/p>\n\n\n\n<p>Os juros podem ser <strong>convencionais, legais, morat\u00f3rios e compensat\u00f3rios<\/strong>.<\/p>\n\n\n\n<p><strong><span style=\"text-decoration: underline;\">Juros legais<\/span><\/strong>: Decorrem da imposi\u00e7\u00e3o da lei.<\/p>\n\n\n\n<p><strong><span style=\"text-decoration: underline;\">Juros convencionais<\/span><\/strong>: S\u00e3o estipulados pelas partes e acompanham a obriga\u00e7\u00e3o principal.<\/p>\n\n\n\n<p><strong><span style=\"text-decoration: underline;\">Juros morat\u00f3rios<\/span><\/strong>: Decorrem de pena imposta ao devedor em fun\u00e7\u00e3o da demora no cumprimento da obriga\u00e7\u00e3o.<\/p>\n\n\n\n<p><strong><span style=\"text-decoration: underline;\">Juros compensat\u00f3rios<\/span><\/strong>: Trata-se da remunera\u00e7\u00e3o do capital que o credor deixou de utilizar em prol do devedor.<\/p>\n\n\n\n<p><\/p>\n\n\n\n<p style=\"font-size:clamp(18.959px, 1.185rem + ((1vw - 3.2px) * 1.082), 30px);\"><strong>Cl\u00e1usula penal e arras<\/strong><\/p>\n\n\n\n<p>A <strong>cl\u00e1usula penal<\/strong> se refere \u00e0 multa prevista para o devedor que n\u00e3o cumprir ou atrasar injustificadamente o cumprimento da obriga\u00e7\u00e3o.<\/p>\n\n\n\n<p>Se a multa decorrer de atraso no adimplemento da obriga\u00e7\u00e3o, ela ser\u00e1 <strong>morat\u00f3ria<\/strong>. Por outro lado, se a multa decorrer do inadimplemento da obriga\u00e7\u00e3o, ela ser\u00e1 <strong>compensat\u00f3ria<\/strong>.<\/p>\n\n\n\n<p>J\u00e1 <strong>as arras s\u00e3o uma esp\u00e9cie de sinal pago no contrato preliminar<\/strong>, com vistas a torn\u00e1-lo definitivo. Assim, as arras funcionam como antecipa\u00e7\u00e3o das perdas e danos.<\/p>\n\n\n\n<p>As arras podem ser <strong>confirmat\u00f3rias ou penitenciais<\/strong>. As <strong>confirmat\u00f3rias <\/strong>s\u00e3o aquelas em que n\u00e3o h\u00e1 possibilidade de arrependimento no contrato definitivo, ao passo que as arras <strong>penitenciais <\/strong>admitem o arrependimento.<\/p>\n\n\n\n<p><\/p>\n\n\n\n<p>Ficamos por aqui\u2026<\/p>\n\n\n\n<p>Para se aprofundar no assunto, estude com nossos <a href=\"https:\/\/www.estrategiaconcursos.com.br\/cursos\/concurso\/\">materiais em pdf e em v\u00eddeo aulas<\/a>, e aumente as suas chances de aprova\u00e7\u00e3o.<\/p>\n\n\n\n<p>Bons estudos e at\u00e9 a pr\u00f3xima!<\/p>\n\n\n\n<p>Nilson Assis<\/p>\n\n\n\n<p>Analista Legislativo do Senado Federal<\/p>\n\n\n\n<p>@nsassis.concursos<\/p>\n\n\n\n<ul class=\"wp-block-list\">\n<li><a href=\"https:\/\/www.estrategiaconcursos.com.br\/blog\/concursos-2026\/\">Concursos 2026<\/a><\/li>\n\n\n\n<li><a href=\"https:\/\/www.estrategiaconcursos.com.br\/blog\/concursos-2025\/\">Concursos 2025<\/a><\/li>\n\n\n\n<li><a href=\"https:\/\/www.estrategiaconcursos.com.br\/blog\/concursos-federais-2023\/\">Concursos federais<\/a><\/li>\n\n\n\n<li><a href=\"https:\/\/cj.estrategia.com\/portal\/concursos-abertos-carreiras-juridicas\/\">Concursos abertos Carreiras Jur\u00eddicas<\/a><\/li>\n\n\n\n<li><a href=\"https:\/\/www.estrategiaconcursos.com.br\/blog\/concursos-abertos\/\">Concursos abertos<\/a><\/li>\n<\/ul>\n\n\n\n<p><\/p>\n\n\n\n<p style=\"font-size:clamp(18.959px, 1.185rem + ((1vw - 3.2px) * 1.082), 30px);\"><strong>Refer\u00eancias<\/strong><sup data-fn=\"626cecb4-28c3-4bdc-a871-6a879eecd378\" class=\"fn\"><a href=\"#626cecb4-28c3-4bdc-a871-6a879eecd378\" id=\"626cecb4-28c3-4bdc-a871-6a879eecd378-link\">1<\/a><\/sup><strong>:<\/strong><\/p>\n\n\n<ol class=\"wp-block-footnotes\"><li id=\"626cecb4-28c3-4bdc-a871-6a879eecd378\">ALMEIDA, Washington Carlos de. <strong>DIREITO CIVIL &#8211; 6\u00aa Edi\u00e7\u00e3o 2015<\/strong>. Rio de Janeiro: Atlas, 2015. E-book. ISBN 9788522495696. Dispon\u00edvel em: https:\/\/app.minhabiblioteca.com.br\/reader\/books\/9788522495696\/. Acesso em: 27 abr. 2026.<br><br>BRASIL. Lei n\u00ba 10.406, de 10 de janeiro de 2002.<strong> Institui o C\u00f3digo Civil<\/strong>. Bras\u00edlia, DF: Di\u00e1rio Oficial da Uni\u00e3o, 2002. Dispon\u00edvel em: http:\/\/www.planalto.gov.br\/ccivil_03\/leis\/2002\/l10406compilada.htm. Acesso em: 27 abr. 2026.<br><br>SCHNEIDER, Marcelo N.; DUARTE, Melissa de F.; GIACOMELLI, Cinthia L F.; et al. <strong>Direito Civil II<\/strong>. Porto Alegre: SAGAH, 2018. E-book. ISBN 9788595025387. Dispon\u00edvel em: https:\/\/app.minhabiblioteca.com.br\/reader\/books\/9788595025387\/. Acesso em: 27 abr. 2026. <a href=\"#626cecb4-28c3-4bdc-a871-6a879eecd378-link\" aria-label=\"Ir para a refer\u00eancia 1 na nota de rodap\u00e9\">\u21a9\ufe0e<\/a><\/li><\/ol>","protected":false},"excerpt":{"rendered":"<p>Ol\u00e1, pessoal! Tudo bem? No nosso encontro de hoje, vamos conhecer um pouco mais sobre o direito das obriga\u00e7\u00f5es, especialmente no que diz respeito ao inadimplemento e \u00e0s suas consequ\u00eancias. Inadimplemento O inadimplemento consiste na aus\u00eancia de cumprimento, volunt\u00e1ria ou involunt\u00e1ria, da obriga\u00e7\u00e3o por parte do devedor. Segundo Schneider et. al (2018, p. 188), \u201co [&hellip;]<\/p>\n","protected":false},"author":2894,"featured_media":1031713,"comment_status":"open","ping_status":"closed","sticky":false,"template":"","format":"standard","meta":{"post_tipo":"article","footnotes":"[{\"content\":\"ALMEIDA, Washington Carlos de. <strong>DIREITO CIVIL - 6\u00aa Edi\u00e7\u00e3o 2015<\/strong>. Rio de Janeiro: Atlas, 2015. E-book. ISBN 9788522495696. Dispon\u00edvel em: https:\/\/app.minhabiblioteca.com.br\/reader\/books\/9788522495696\/. Acesso em: 27 abr. 2026.<br><br>BRASIL. Lei n\u00ba 10.406, de 10 de janeiro de 2002.<strong> Institui o C\u00f3digo Civil<\/strong>. Bras\u00edlia, DF: Di\u00e1rio Oficial da Uni\u00e3o, 2002. Dispon\u00edvel em: http:\/\/www.planalto.gov.br\/ccivil_03\/leis\/2002\/l10406compilada.htm. Acesso em: 27 abr. 2026.<br><br>SCHNEIDER, Marcelo N.; DUARTE, Melissa de F.; GIACOMELLI, Cinthia L F.; et al. <strong>Direito Civil II<\/strong>. Porto Alegre: SAGAH, 2018. E-book. ISBN 9788595025387. Dispon\u00edvel em: https:\/\/app.minhabiblioteca.com.br\/reader\/books\/9788595025387\/. Acesso em: 27 abr. 2026.\",\"id\":\"626cecb4-28c3-4bdc-a871-6a879eecd378\"}]"},"categories":[1],"tags":[],"tax_estado":[],"class_list":["post-1758043","post","type-post","status-publish","format-standard","has-post-thumbnail","hentry","category-cursos-e-concursos"],"acf":[],"yoast_head":"<!-- This site is optimized with the Yoast SEO Premium plugin v27.2 (Yoast SEO v27.2) - https:\/\/yoast.com\/product\/yoast-seo-premium-wordpress\/ -->\n<title>O inadimplemento \u00e0 luz do C\u00f3digo Civil<\/title>\n<meta name=\"description\" content=\"Vamos conhecer um pouco mais sobre o direito das obriga\u00e7\u00f5es, especialmente no que diz respeito ao inadimplemento e \u00e0s suas consequ\u00eancias.\" \/>\n<meta name=\"robots\" content=\"index, follow, max-snippet:-1, max-image-preview:large, max-video-preview:-1\" \/>\n<link rel=\"canonical\" href=\"https:\/\/www.estrategiaconcursos.com.br\/blog\/inadimplemento-codigo-civil\/\" \/>\n<meta property=\"og:locale\" content=\"pt_BR\" \/>\n<meta property=\"og:type\" content=\"article\" \/>\n<meta property=\"og:title\" content=\"O inadimplemento \u00e0 luz do C\u00f3digo Civil\" \/>\n<meta property=\"og:description\" content=\"Vamos conhecer um pouco mais sobre o direito das obriga\u00e7\u00f5es, especialmente no que diz respeito ao inadimplemento e \u00e0s suas consequ\u00eancias.\" \/>\n<meta property=\"og:url\" content=\"https:\/\/www.estrategiaconcursos.com.br\/blog\/inadimplemento-codigo-civil\/\" \/>\n<meta property=\"og:site_name\" content=\"Estrat\u00e9gia Concursos\" \/>\n<meta property=\"article:published_time\" content=\"2026-05-01T14:39:00+00:00\" \/>\n<meta property=\"og:image\" content=\"https:\/\/dhg1h5j42swfq.cloudfront.net\/2022\/05\/20154739\/image-261.png\" \/>\n\t<meta property=\"og:image:width\" content=\"333\" \/>\n\t<meta property=\"og:image:height\" content=\"217\" \/>\n\t<meta property=\"og:image:type\" content=\"image\/png\" \/>\n<meta name=\"author\" content=\"Nilson Silva de Assis\" \/>\n<meta name=\"twitter:card\" content=\"summary_large_image\" \/>\n<meta name=\"twitter:creator\" content=\"@EstratConcursos\" \/>\n<meta name=\"twitter:site\" content=\"@EstratConcursos\" \/>\n<meta name=\"twitter:label1\" content=\"Escrito por\" \/>\n\t<meta name=\"twitter:data1\" content=\"Nilson Silva de Assis\" \/>\n\t<meta name=\"twitter:label2\" content=\"Est. tempo de leitura\" \/>\n\t<meta name=\"twitter:data2\" content=\"5 minutos\" \/>\n<script type=\"application\/ld+json\" class=\"yoast-schema-graph\">{\"@context\":\"https:\/\/schema.org\",\"@graph\":[{\"@type\":\"NewsArticle\",\"@id\":\"https:\/\/www.estrategiaconcursos.com.br\/blog\/inadimplemento-codigo-civil\/#article\",\"isPartOf\":{\"@id\":\"https:\/\/www.estrategiaconcursos.com.br\/blog\/inadimplemento-codigo-civil\/\"},\"author\":{\"name\":\"Nilson Silva de Assis\",\"@id\":\"https:\/\/www.estrategiaconcursos.com.br\/blog\/#\/schema\/person\/2602628e49ec93d5f782b149f91603ab\"},\"headline\":\"O inadimplemento \u00e0 luz do C\u00f3digo Civil\",\"datePublished\":\"2026-05-01T14:39:00+00:00\",\"mainEntityOfPage\":{\"@id\":\"https:\/\/www.estrategiaconcursos.com.br\/blog\/inadimplemento-codigo-civil\/\"},\"wordCount\":953,\"commentCount\":0,\"publisher\":{\"@id\":\"https:\/\/www.estrategiaconcursos.com.br\/blog\/#organization\"},\"image\":{\"@id\":\"https:\/\/www.estrategiaconcursos.com.br\/blog\/inadimplemento-codigo-civil\/#primaryimage\"},\"thumbnailUrl\":\"https:\/\/dhg1h5j42swfq.cloudfront.net\/2022\/05\/20154739\/image-261.png\",\"articleSection\":[\"Concursos P\u00fablicos\"],\"inLanguage\":\"pt-BR\",\"potentialAction\":[{\"@type\":\"CommentAction\",\"name\":\"Comment\",\"target\":[\"https:\/\/www.estrategiaconcursos.com.br\/blog\/inadimplemento-codigo-civil\/#respond\"]}],\"copyrightYear\":\"2026\",\"copyrightHolder\":{\"@id\":\"https:\/\/www.estrategiaconcursos.com.br\/blog\/#organization\"}},{\"@type\":\"WebPage\",\"@id\":\"https:\/\/www.estrategiaconcursos.com.br\/blog\/inadimplemento-codigo-civil\/\",\"url\":\"https:\/\/www.estrategiaconcursos.com.br\/blog\/inadimplemento-codigo-civil\/\",\"name\":\"O inadimplemento \u00e0 luz do C\u00f3digo Civil\",\"isPartOf\":{\"@id\":\"https:\/\/www.estrategiaconcursos.com.br\/blog\/#website\"},\"primaryImageOfPage\":{\"@id\":\"https:\/\/www.estrategiaconcursos.com.br\/blog\/inadimplemento-codigo-civil\/#primaryimage\"},\"image\":{\"@id\":\"https:\/\/www.estrategiaconcursos.com.br\/blog\/inadimplemento-codigo-civil\/#primaryimage\"},\"thumbnailUrl\":\"https:\/\/dhg1h5j42swfq.cloudfront.net\/2022\/05\/20154739\/image-261.png\",\"datePublished\":\"2026-05-01T14:39:00+00:00\",\"description\":\"Vamos conhecer um pouco mais sobre o direito das obriga\u00e7\u00f5es, especialmente no que diz respeito ao inadimplemento e \u00e0s suas consequ\u00eancias.\",\"breadcrumb\":{\"@id\":\"https:\/\/www.estrategiaconcursos.com.br\/blog\/inadimplemento-codigo-civil\/#breadcrumb\"},\"inLanguage\":\"pt-BR\",\"potentialAction\":[{\"@type\":\"ReadAction\",\"target\":[\"https:\/\/www.estrategiaconcursos.com.br\/blog\/inadimplemento-codigo-civil\/\"]}]},{\"@type\":\"ImageObject\",\"inLanguage\":\"pt-BR\",\"@id\":\"https:\/\/www.estrategiaconcursos.com.br\/blog\/inadimplemento-codigo-civil\/#primaryimage\",\"url\":\"https:\/\/dhg1h5j42swfq.cloudfront.net\/2022\/05\/20154739\/image-261.png\",\"contentUrl\":\"https:\/\/dhg1h5j42swfq.cloudfront.net\/2022\/05\/20154739\/image-261.png\",\"width\":333,\"height\":217,\"caption\":\"inadimplemento\"},{\"@type\":\"BreadcrumbList\",\"@id\":\"https:\/\/www.estrategiaconcursos.com.br\/blog\/inadimplemento-codigo-civil\/#breadcrumb\",\"itemListElement\":[{\"@type\":\"ListItem\",\"position\":1,\"name\":\"In\u00edcio\",\"item\":\"https:\/\/www.estrategiaconcursos.com.br\/blog\/\"},{\"@type\":\"ListItem\",\"position\":2,\"name\":\"O inadimplemento \u00e0 luz do C\u00f3digo Civil\"}]},{\"@type\":\"WebSite\",\"@id\":\"https:\/\/www.estrategiaconcursos.com.br\/blog\/#website\",\"url\":\"https:\/\/www.estrategiaconcursos.com.br\/blog\/\",\"name\":\"Estrat\u00e9gia Concursos\",\"description\":\"O blog da Estrat\u00e9gia Concursos traz not\u00edcias sobre concursos e artigos de professores oferecendo cursos para concursos (pdf + videaulas) no site.\",\"publisher\":{\"@id\":\"https:\/\/www.estrategiaconcursos.com.br\/blog\/#organization\"},\"potentialAction\":[{\"@type\":\"SearchAction\",\"target\":{\"@type\":\"EntryPoint\",\"urlTemplate\":\"https:\/\/www.estrategiaconcursos.com.br\/blog\/?s={search_term_string}\"},\"query-input\":{\"@type\":\"PropertyValueSpecification\",\"valueRequired\":true,\"valueName\":\"search_term_string\"}}],\"inLanguage\":\"pt-BR\"},{\"@type\":\"Organization\",\"@id\":\"https:\/\/www.estrategiaconcursos.com.br\/blog\/#organization\",\"name\":\"Estrat\u00e9gia Concursos\",\"url\":\"https:\/\/www.estrategiaconcursos.com.br\/blog\/\",\"logo\":{\"@type\":\"ImageObject\",\"inLanguage\":\"pt-BR\",\"@id\":\"https:\/\/www.estrategiaconcursos.com.br\/blog\/#\/schema\/logo\/image\/\",\"url\":\"https:\/\/dhg1h5j42swfq.cloudfront.net\/2025\/06\/03203428\/logo_concursos-1.jpg\",\"contentUrl\":\"https:\/\/dhg1h5j42swfq.cloudfront.net\/2025\/06\/03203428\/logo_concursos-1.jpg\",\"width\":230,\"height\":60,\"caption\":\"Estrat\u00e9gia Concursos\"},\"image\":{\"@id\":\"https:\/\/www.estrategiaconcursos.com.br\/blog\/#\/schema\/logo\/image\/\"},\"sameAs\":[\"https:\/\/x.com\/EstratConcursos\"]},{\"@type\":\"Person\",\"@id\":\"https:\/\/www.estrategiaconcursos.com.br\/blog\/#\/schema\/person\/2602628e49ec93d5f782b149f91603ab\",\"name\":\"Nilson Silva de Assis\",\"image\":{\"@type\":\"ImageObject\",\"inLanguage\":\"pt-BR\",\"@id\":\"https:\/\/secure.gravatar.com\/avatar\/cdec26ae7042f64d4ddcb70bcf78a4fcbc02661bfa30a7ce3d8bf515b625a75a?s=96&d=mm&r=g\",\"url\":\"https:\/\/secure.gravatar.com\/avatar\/cdec26ae7042f64d4ddcb70bcf78a4fcbc02661bfa30a7ce3d8bf515b625a75a?s=96&d=mm&r=g\",\"contentUrl\":\"https:\/\/secure.gravatar.com\/avatar\/cdec26ae7042f64d4ddcb70bcf78a4fcbc02661bfa30a7ce3d8bf515b625a75a?s=96&d=mm&r=g\",\"caption\":\"Nilson Silva de Assis\"},\"description\":\"Atualmente \u00e9 Analista Legislativo do Senado Federal e Professor do Estrat\u00e9gia Concursos. Suas principais aprova\u00e7\u00f5es: Analista Legislativo do Senado Federal; Auditor Federal de Finan\u00e7as e Controle da CGU; Auditor-Fiscal da Receita Estadual da SEFAZ ES; T\u00e9cnico Fazend\u00e1rio do ISS Manaus; Assistente Executivo em Metrologia e Qualidade do Inmetro; Agente Fazend\u00e1rio do ISS Niter\u00f3i\/RJ; Assistente Administrativo da Prefeitura do Rio (RioSa\u00fade); Assistente Administrativo da Secretaria de Administra\u00e7\u00e3o do Munic\u00edpio do RJ.\",\"sameAs\":[\"https:\/\/www.instagram.com\/nilsonassis.concursos\/\",\"kedin.com\/in\/nilson-assis-954132295\/\"],\"url\":\"https:\/\/www.estrategiaconcursos.com.br\/blog\/author\/nilson-sdeassisgmail-com\/\"}]}<\/script>\n<!-- \/ Yoast SEO Premium plugin. -->","yoast_head_json":{"title":"O inadimplemento \u00e0 luz do C\u00f3digo Civil","description":"Vamos conhecer um pouco mais sobre o direito das obriga\u00e7\u00f5es, especialmente no que diz respeito ao inadimplemento e \u00e0s suas consequ\u00eancias.","robots":{"index":"index","follow":"follow","max-snippet":"max-snippet:-1","max-image-preview":"max-image-preview:large","max-video-preview":"max-video-preview:-1"},"canonical":"https:\/\/www.estrategiaconcursos.com.br\/blog\/inadimplemento-codigo-civil\/","og_locale":"pt_BR","og_type":"article","og_title":"O inadimplemento \u00e0 luz do C\u00f3digo Civil","og_description":"Vamos conhecer um pouco mais sobre o direito das obriga\u00e7\u00f5es, especialmente no que diz respeito ao inadimplemento e \u00e0s suas consequ\u00eancias.","og_url":"https:\/\/www.estrategiaconcursos.com.br\/blog\/inadimplemento-codigo-civil\/","og_site_name":"Estrat\u00e9gia Concursos","article_published_time":"2026-05-01T14:39:00+00:00","og_image":[{"width":333,"height":217,"url":"https:\/\/dhg1h5j42swfq.cloudfront.net\/2022\/05\/20154739\/image-261.png","type":"image\/png"}],"author":"Nilson Silva de Assis","twitter_card":"summary_large_image","twitter_creator":"@EstratConcursos","twitter_site":"@EstratConcursos","twitter_misc":{"Escrito por":"Nilson Silva de Assis","Est. tempo de leitura":"5 minutos"},"schema":{"@context":"https:\/\/schema.org","@graph":[{"@type":"NewsArticle","@id":"https:\/\/www.estrategiaconcursos.com.br\/blog\/inadimplemento-codigo-civil\/#article","isPartOf":{"@id":"https:\/\/www.estrategiaconcursos.com.br\/blog\/inadimplemento-codigo-civil\/"},"author":{"name":"Nilson Silva de Assis","@id":"https:\/\/www.estrategiaconcursos.com.br\/blog\/#\/schema\/person\/2602628e49ec93d5f782b149f91603ab"},"headline":"O inadimplemento \u00e0 luz do C\u00f3digo Civil","datePublished":"2026-05-01T14:39:00+00:00","mainEntityOfPage":{"@id":"https:\/\/www.estrategiaconcursos.com.br\/blog\/inadimplemento-codigo-civil\/"},"wordCount":953,"commentCount":0,"publisher":{"@id":"https:\/\/www.estrategiaconcursos.com.br\/blog\/#organization"},"image":{"@id":"https:\/\/www.estrategiaconcursos.com.br\/blog\/inadimplemento-codigo-civil\/#primaryimage"},"thumbnailUrl":"https:\/\/dhg1h5j42swfq.cloudfront.net\/2022\/05\/20154739\/image-261.png","articleSection":["Concursos P\u00fablicos"],"inLanguage":"pt-BR","potentialAction":[{"@type":"CommentAction","name":"Comment","target":["https:\/\/www.estrategiaconcursos.com.br\/blog\/inadimplemento-codigo-civil\/#respond"]}],"copyrightYear":"2026","copyrightHolder":{"@id":"https:\/\/www.estrategiaconcursos.com.br\/blog\/#organization"}},{"@type":"WebPage","@id":"https:\/\/www.estrategiaconcursos.com.br\/blog\/inadimplemento-codigo-civil\/","url":"https:\/\/www.estrategiaconcursos.com.br\/blog\/inadimplemento-codigo-civil\/","name":"O inadimplemento \u00e0 luz do C\u00f3digo Civil","isPartOf":{"@id":"https:\/\/www.estrategiaconcursos.com.br\/blog\/#website"},"primaryImageOfPage":{"@id":"https:\/\/www.estrategiaconcursos.com.br\/blog\/inadimplemento-codigo-civil\/#primaryimage"},"image":{"@id":"https:\/\/www.estrategiaconcursos.com.br\/blog\/inadimplemento-codigo-civil\/#primaryimage"},"thumbnailUrl":"https:\/\/dhg1h5j42swfq.cloudfront.net\/2022\/05\/20154739\/image-261.png","datePublished":"2026-05-01T14:39:00+00:00","description":"Vamos conhecer um pouco mais sobre o direito das obriga\u00e7\u00f5es, especialmente no que diz respeito ao inadimplemento e \u00e0s suas consequ\u00eancias.","breadcrumb":{"@id":"https:\/\/www.estrategiaconcursos.com.br\/blog\/inadimplemento-codigo-civil\/#breadcrumb"},"inLanguage":"pt-BR","potentialAction":[{"@type":"ReadAction","target":["https:\/\/www.estrategiaconcursos.com.br\/blog\/inadimplemento-codigo-civil\/"]}]},{"@type":"ImageObject","inLanguage":"pt-BR","@id":"https:\/\/www.estrategiaconcursos.com.br\/blog\/inadimplemento-codigo-civil\/#primaryimage","url":"https:\/\/dhg1h5j42swfq.cloudfront.net\/2022\/05\/20154739\/image-261.png","contentUrl":"https:\/\/dhg1h5j42swfq.cloudfront.net\/2022\/05\/20154739\/image-261.png","width":333,"height":217,"caption":"inadimplemento"},{"@type":"BreadcrumbList","@id":"https:\/\/www.estrategiaconcursos.com.br\/blog\/inadimplemento-codigo-civil\/#breadcrumb","itemListElement":[{"@type":"ListItem","position":1,"name":"In\u00edcio","item":"https:\/\/www.estrategiaconcursos.com.br\/blog\/"},{"@type":"ListItem","position":2,"name":"O inadimplemento \u00e0 luz do C\u00f3digo Civil"}]},{"@type":"WebSite","@id":"https:\/\/www.estrategiaconcursos.com.br\/blog\/#website","url":"https:\/\/www.estrategiaconcursos.com.br\/blog\/","name":"Estrat\u00e9gia Concursos","description":"O blog da Estrat\u00e9gia Concursos traz not\u00edcias sobre concursos e artigos de professores oferecendo cursos para concursos (pdf + videaulas) no site.","publisher":{"@id":"https:\/\/www.estrategiaconcursos.com.br\/blog\/#organization"},"potentialAction":[{"@type":"SearchAction","target":{"@type":"EntryPoint","urlTemplate":"https:\/\/www.estrategiaconcursos.com.br\/blog\/?s={search_term_string}"},"query-input":{"@type":"PropertyValueSpecification","valueRequired":true,"valueName":"search_term_string"}}],"inLanguage":"pt-BR"},{"@type":"Organization","@id":"https:\/\/www.estrategiaconcursos.com.br\/blog\/#organization","name":"Estrat\u00e9gia Concursos","url":"https:\/\/www.estrategiaconcursos.com.br\/blog\/","logo":{"@type":"ImageObject","inLanguage":"pt-BR","@id":"https:\/\/www.estrategiaconcursos.com.br\/blog\/#\/schema\/logo\/image\/","url":"https:\/\/dhg1h5j42swfq.cloudfront.net\/2025\/06\/03203428\/logo_concursos-1.jpg","contentUrl":"https:\/\/dhg1h5j42swfq.cloudfront.net\/2025\/06\/03203428\/logo_concursos-1.jpg","width":230,"height":60,"caption":"Estrat\u00e9gia Concursos"},"image":{"@id":"https:\/\/www.estrategiaconcursos.com.br\/blog\/#\/schema\/logo\/image\/"},"sameAs":["https:\/\/x.com\/EstratConcursos"]},{"@type":"Person","@id":"https:\/\/www.estrategiaconcursos.com.br\/blog\/#\/schema\/person\/2602628e49ec93d5f782b149f91603ab","name":"Nilson Silva de Assis","image":{"@type":"ImageObject","inLanguage":"pt-BR","@id":"https:\/\/secure.gravatar.com\/avatar\/cdec26ae7042f64d4ddcb70bcf78a4fcbc02661bfa30a7ce3d8bf515b625a75a?s=96&d=mm&r=g","url":"https:\/\/secure.gravatar.com\/avatar\/cdec26ae7042f64d4ddcb70bcf78a4fcbc02661bfa30a7ce3d8bf515b625a75a?s=96&d=mm&r=g","contentUrl":"https:\/\/secure.gravatar.com\/avatar\/cdec26ae7042f64d4ddcb70bcf78a4fcbc02661bfa30a7ce3d8bf515b625a75a?s=96&d=mm&r=g","caption":"Nilson Silva de Assis"},"description":"Atualmente \u00e9 Analista Legislativo do Senado Federal e Professor do Estrat\u00e9gia Concursos. Suas principais aprova\u00e7\u00f5es: Analista Legislativo do Senado Federal; Auditor Federal de Finan\u00e7as e Controle da CGU; Auditor-Fiscal da Receita Estadual da SEFAZ ES; T\u00e9cnico Fazend\u00e1rio do ISS Manaus; Assistente Executivo em Metrologia e Qualidade do Inmetro; Agente Fazend\u00e1rio do ISS Niter\u00f3i\/RJ; Assistente Administrativo da Prefeitura do Rio (RioSa\u00fade); Assistente Administrativo da Secretaria de Administra\u00e7\u00e3o do Munic\u00edpio do RJ.","sameAs":["https:\/\/www.instagram.com\/nilsonassis.concursos\/","kedin.com\/in\/nilson-assis-954132295\/"],"url":"https:\/\/www.estrategiaconcursos.com.br\/blog\/author\/nilson-sdeassisgmail-com\/"}]}},"_links":{"self":[{"href":"https:\/\/www.estrategiaconcursos.com.br\/blog\/wp-json\/wp\/v2\/posts\/1758043","targetHints":{"allow":["GET"]}}],"collection":[{"href":"https:\/\/www.estrategiaconcursos.com.br\/blog\/wp-json\/wp\/v2\/posts"}],"about":[{"href":"https:\/\/www.estrategiaconcursos.com.br\/blog\/wp-json\/wp\/v2\/types\/post"}],"author":[{"embeddable":true,"href":"https:\/\/www.estrategiaconcursos.com.br\/blog\/wp-json\/wp\/v2\/users\/2894"}],"replies":[{"embeddable":true,"href":"https:\/\/www.estrategiaconcursos.com.br\/blog\/wp-json\/wp\/v2\/comments?post=1758043"}],"version-history":[{"count":2,"href":"https:\/\/www.estrategiaconcursos.com.br\/blog\/wp-json\/wp\/v2\/posts\/1758043\/revisions"}],"predecessor-version":[{"id":1758045,"href":"https:\/\/www.estrategiaconcursos.com.br\/blog\/wp-json\/wp\/v2\/posts\/1758043\/revisions\/1758045"}],"wp:featuredmedia":[{"embeddable":true,"href":"https:\/\/www.estrategiaconcursos.com.br\/blog\/wp-json\/wp\/v2\/media\/1031713"}],"wp:attachment":[{"href":"https:\/\/www.estrategiaconcursos.com.br\/blog\/wp-json\/wp\/v2\/media?parent=1758043"}],"wp:term":[{"taxonomy":"category","embeddable":true,"href":"https:\/\/www.estrategiaconcursos.com.br\/blog\/wp-json\/wp\/v2\/categories?post=1758043"},{"taxonomy":"post_tag","embeddable":true,"href":"https:\/\/www.estrategiaconcursos.com.br\/blog\/wp-json\/wp\/v2\/tags?post=1758043"},{"taxonomy":"tax_estado","embeddable":true,"href":"https:\/\/www.estrategiaconcursos.com.br\/blog\/wp-json\/wp\/v2\/tax_estado?post=1758043"}],"curies":[{"name":"wp","href":"https:\/\/api.w.org\/{rel}","templated":true}]}}