{"id":1757959,"date":"2026-04-27T17:10:49","date_gmt":"2026-04-27T20:10:49","guid":{"rendered":"https:\/\/www.estrategiaconcursos.com.br\/blog\/?p=1757959"},"modified":"2026-04-27T17:10:51","modified_gmt":"2026-04-27T20:10:51","slug":"processo-seletivo-ibge-9-bancas-na-disputa","status":"publish","type":"post","link":"https:\/\/www.estrategiaconcursos.com.br\/blog\/processo-seletivo-ibge-9-bancas-na-disputa\/","title":{"rendered":"Processo seletivo IBGE: 9 bancas na disputa; 36 mil vagas!"},"content":{"rendered":"\n<p style=\"font-size:clamp(15.747px, 0.984rem + ((1vw - 3.2px) * 0.809), 24px);\"><strong><em>Processo seletivo do IBGE recebeu propostas de nove bancas. Ser\u00e3o tr\u00eas editais totalizando quase 37 mil vagas<\/em><\/strong><\/p>\n\n\n\n<p>O <strong>Instituto Brasileiro de Geografia e Estat\u00edstica (<a href=\"https:\/\/www.estrategiaconcursos.com.br\/cursosPorConcurso\/ibge-204\/\" target=\"_blank\" rel=\"noreferrer noopener\">IBGE<\/a>)<\/strong> deu um passo decisivo para a realiza\u00e7\u00e3o de seu novo Processo Seletivo Simplificado (PSS). <\/p>\n\n\n\n<p>Nada menos que <strong>nove institui\u00e7\u00f5es<\/strong> apresentaram propostas para organizar o certame, que ofertar\u00e1 um total de <strong>36.946 vagas tempor\u00e1rias<\/strong>.<\/p>\n\n\n\n<p>A disputa pela organiza\u00e7\u00e3o do concurso \u00e9 um term\u00f4metro da sua magnitude. Entre as empresas interessadas, figuram gigantes do setor de concursos, o que sinaliza um processo de sele\u00e7\u00e3o rigoroso e bem estruturado.<\/p>\n\n\n\n<h2 class=\"wp-block-heading\" id=\"h-quais-sao-as-empresas-que-disputam-a-organizacao-do-processo-seletivo-do-ibge\">Quais s\u00e3o as empresas que disputam a organiza\u00e7\u00e3o do Processo seletivo do IBGE?<\/h2>\n\n\n\n<h3 class=\"wp-block-heading\" id=\"h-grupo-1-analista-censitario-e-agente-censitario-de-qualidade\"><strong>Grupo 1 &#8211; Analista Censit\u00e1rio e Agente Censit\u00e1rio de Qualidade:<\/strong><\/h3>\n\n\n\n<ol class=\"wp-block-list\">\n<li>Instituto Avalia;<\/li>\n\n\n\n<li>Instituto Brasileiro de Forma\u00e7\u00e3o e Capacita\u00e7\u00e3o (IBFC);<\/li>\n\n\n\n<li>Funda\u00e7\u00e3o Cesgranrio;<\/li>\n\n\n\n<li>Funda\u00e7\u00e3o Getulio Vargas (FGV);<\/li>\n\n\n\n<li>Assertiva Concursos e Sele\u00e7\u00f5es P\u00fablicas;<\/li>\n\n\n\n<li>D2N Solu\u00e7\u00f5es Integradas;<\/li>\n\n\n\n<li>Seletrix Organiza\u00e7\u00e3o e Servi\u00e7os;<\/li>\n\n\n\n<li>Legalle Concursos; e<\/li>\n\n\n\n<li>Cebraspe.<\/li>\n<\/ol>\n\n\n\n<h3 class=\"wp-block-heading\" id=\"h-grupo-2-assistente-operacional-regional-agente-censitario-regional-agente-censitario-administrativo-agente-censitario-de-informatica-e-agente-censitario-supervisor\"><strong>Grupo 2 &#8211; Assistente Operacional Regional; Agente Censit\u00e1rio Regional; Agente Censit\u00e1rio Administrativo; Agente Censit\u00e1rio de Inform\u00e1tica e Agente Censit\u00e1rio Supervisor:<\/strong><\/h3>\n\n\n\n<ol class=\"wp-block-list\">\n<li>Instituto Brasileiro de Forma\u00e7\u00e3o e Capacita\u00e7\u00e3o (IBFC);<\/li>\n\n\n\n<li>Funda\u00e7\u00e3o Getulio Vargas (FGV);<\/li>\n\n\n\n<li>Funda\u00e7\u00e3o Cesgranrio;<\/li>\n\n\n\n<li>Assertiva Concursos e Sele\u00e7\u00f5es P\u00fablicas;<\/li>\n\n\n\n<li>Seletrix Organiza\u00e7\u00e3o e Servi\u00e7os;<\/li>\n\n\n\n<li>D2N Solu\u00e7\u00f5es Integradas;<\/li>\n\n\n\n<li>Legalle Concursos;<\/li>\n\n\n\n<li>Instituto Avalia; e<\/li>\n\n\n\n<li>Cebraspe.<\/li>\n<\/ol>\n\n\n\n<h3 class=\"wp-block-heading\" id=\"h-grupo-3-recenseador\"><strong>Grupo 3 &#8211; Recenseador:<\/strong><\/h3>\n\n\n\n<ol class=\"wp-block-list\">\n<li>Assertiva Concursos e Sele\u00e7\u00f5es P\u00fablicas;<\/li>\n\n\n\n<li>Seletrix Organiza\u00e7\u00e3o e Servi\u00e7os;<\/li>\n\n\n\n<li>D2N Solu\u00e7\u00f5es Integradas;<\/li>\n\n\n\n<li>Legalle Concursos;<\/li>\n\n\n\n<li>Instituto Brasileiro de Forma\u00e7\u00e3o e Capacita\u00e7\u00e3o (IBFC);<\/li>\n\n\n\n<li>Instituto Avalia;<\/li>\n\n\n\n<li>Cebraspe; e<\/li>\n\n\n\n<li>Funda\u00e7\u00e3o Getulio Vargas (FGV).<\/li>\n<\/ol>\n\n\n\n<p>Agora, todas as propostas recebidas ser\u00e3o analisadas, considerando n\u00e3o s\u00f3 as melhores propostas, mas tamb\u00e9m os demais crit\u00e9rios estabelecidos no edital de licita\u00e7\u00e3o.<\/p>\n\n\n\n<p>Se necess\u00e1rio, poder\u00e1 haver a abertura de um prazo para recursos. Com editais previstos para o m\u00eas de maio, o nome da ou das empresas vencedoras deve ser divulgado j\u00e1 nos pr\u00f3ximos dias.<\/p>\n\n\n\n<div id=\"boxes\" class=\"container\">\n<div class=\"row\">\n<div class=\"col-sm\">\n<div id=\"box-assinatura\" class=\"banner-ibge-ec\">\n<h3 class=\"titulo-assinatura\">Cursos IBGE<\/h3>\n<p class=\"subtitulo-assinatura\">Inicie a sua prepara\u00e7\u00e3o para o concurso IBGE<\/p>\n<div class=\"box-botao\"><a class=\"btn-assinatura\" role=\"button\" href=\"https:\/\/www.estrategiaconcursos.com.br\/cursosPorConcurso\/ibge-204\/\" target=\"_blank\" rel=\"noopener noreferrer\">EXPLORAR CURSOS<\/a><\/div>\n<\/div>\n<\/div>\n<\/div>\n<\/div>\n\n\n\n<p>Confira abaixo a distribui\u00e7\u00e3o das vagas por fun\u00e7\u00e3o e a previs\u00e3o de chamamento dos futuros aprovados:<\/p>\n\n\n\n<figure class=\"wp-block-table is-style-stripes\"><table class=\"has-fixed-layout\"><thead><tr><th class=\"has-text-align-center\" data-align=\"center\">Fun\u00e7\u00e3o<\/th><th class=\"has-text-align-center\" data-align=\"center\">Escolaridade<\/th><th class=\"has-text-align-center\" data-align=\"center\">Vagas<\/th><th class=\"has-text-align-center\" data-align=\"center\">Previs\u00e3o de entrada<\/th><\/tr><\/thead><tbody><tr><td class=\"has-text-align-center\" data-align=\"center\">Analista Censit\u00e1rio<\/td><td class=\"has-text-align-center\" data-align=\"center\">Ensino superior completo<\/td><td class=\"has-text-align-center\" data-align=\"center\">1.020<\/td><td class=\"has-text-align-center\" data-align=\"center\">Janeiro\/2027<\/td><\/tr><tr><td class=\"has-text-align-center\" data-align=\"center\">Agente Censit\u00e1rio de Qualidade<\/td><td class=\"has-text-align-center\" data-align=\"center\">Ensino m\u00e9dio completo<\/td><td class=\"has-text-align-center\" data-align=\"center\">446<\/td><td class=\"has-text-align-center\" data-align=\"center\">Fevereiro\/2027<\/td><\/tr><tr><td class=\"has-text-align-center\" data-align=\"center\">Agente Operacional Regional<\/td><td class=\"has-text-align-center\" data-align=\"center\">Ensino m\u00e9dio completo<\/td><td class=\"has-text-align-center\" data-align=\"center\">938<\/td><td class=\"has-text-align-center\" data-align=\"center\">Fevereiro\/2027<\/td><\/tr><tr><td class=\"has-text-align-center\" data-align=\"center\">Agente Censit\u00e1rio Regional<\/td><td class=\"has-text-align-center\" data-align=\"center\">Ensino m\u00e9dio completo<\/td><td class=\"has-text-align-center\" data-align=\"center\">938<\/td><td class=\"has-text-align-center\" data-align=\"center\">Fevereiro\/2027<\/td><\/tr><tr><td class=\"has-text-align-center\" data-align=\"center\">Agente Censit\u00e1rio Administrativo<\/td><td class=\"has-text-align-center\" data-align=\"center\">Ensino m\u00e9dio completo<\/td><td class=\"has-text-align-center\" data-align=\"center\">1.084<\/td><td class=\"has-text-align-center\" data-align=\"center\">Janeiro\/2027<\/td><\/tr><tr><td class=\"has-text-align-center\" data-align=\"center\">Agente Censit\u00e1rio de Inform\u00e1tica<\/td><td class=\"has-text-align-center\" data-align=\"center\">Ensino m\u00e9dio completo<\/td><td class=\"has-text-align-center\" data-align=\"center\">1.098<\/td><td class=\"has-text-align-center\" data-align=\"center\">Janeiro\/2027<\/td><\/tr><tr><td class=\"has-text-align-center\" data-align=\"center\">Agente Censit\u00e1rio Supervisor<\/td><td class=\"has-text-align-center\" data-align=\"center\">Ensino m\u00e9dio completo<\/td><td class=\"has-text-align-center\" data-align=\"center\">4.143<\/td><td class=\"has-text-align-center\" data-align=\"center\">Abril\/2027<\/td><\/tr><tr><td class=\"has-text-align-center\" data-align=\"center\">Recenseador<\/td><td class=\"has-text-align-center\" data-align=\"center\">Ensino m\u00e9dio completo<\/td><td class=\"has-text-align-center\" data-align=\"center\">27.279<\/td><td class=\"has-text-align-center\" data-align=\"center\">Maio\/2027<\/td><\/tr><\/tbody><\/table><\/figure>\n\n\n\n<hr class=\"wp-block-separator has-alpha-channel-opacity is-style-dots\"\/>\n\n\n\n<p class=\"has-text-align-center\"><em>Para ficar por dentro de todas as informa\u00e7\u00f5es sobre o Concurso IBGE, al\u00e9m das bancas interessadas em organizar o novo processo seletivo, n\u00e3o deixe de conferir nosso artigo completo sobre a sele\u00e7\u00e3o:<\/em><\/p>\n\n\n\n<p class=\"has-text-align-center has-background has-medium-font-size\" style=\"background-color:#d6dde1\"><strong><a href=\"https:\/\/www.estrategiaconcursos.com.br\/blog\/concurso-ibge\/\" target=\"_blank\" rel=\"noreferrer noopener\">Concurso IBGE<\/a><\/strong><\/p>\n\n\n\n<hr class=\"wp-block-separator has-alpha-channel-opacity\"\/>\n\n\n\n<p class=\"has-text-align-center\" id=\"assinatura-e-cursos\" style=\"font-size:clamp(15.747px, 0.984rem + ((1vw - 3.2px) * 0.809), 24px);\"><em><strong>Quer estudar para o Concurso IBGE 2026?<\/strong><\/em> <em><strong>Confira as nossas assinaturas de 1 ou 2 anos:<\/strong><\/em><\/p>\n\n\n\n<div class=\"container\" id=\"boxes\">\r\n  <div class=\"row\">\r\n\r\n    <div class=\"col-sm\">\r\n      <div class=\"estrategia\" id=\"box-assinatura\">\r\n        <h3 class=\"titulo-assinatura\">Assinatura Concursos<\/h3>\r\n        <p class=\"subtitulo-assinatura\">Assinatura de 1 ano ou 2 anos<\/p>\r\n        <div class=\"box-botao\">\r\n          <a class=\"btn-assinatura\" target=\"_blank\" href=\"https:\/\/www.estrategiaconcursos.com.br\/assinaturas\/\" role=\"button\" rel=\"noopener noreferrer\">ASSINE AGORA<\/a>\r\n        <\/div>\r\n      <\/div><\/div><\/div><\/div>\n\n\n\n<p class=\"has-text-align-center\" id=\"h-quer-saber-tudo-sobre-concursos-previstos-confira-nossos-artigos\" style=\"font-size:clamp(15.747px, 0.984rem + ((1vw - 3.2px) * 0.809), 24px);\"><strong><em>Quer saber tudo sobre os concursos previstos? Confira os nossos artigos!<\/em><\/strong><\/p>\n\n\n\n<ul class=\"wp-block-list\">\n<li><a href=\"https:\/\/www.estrategiaconcursos.com.br\/blog\/concursos-abertos\/\" target=\"_blank\" rel=\"noreferrer noopener\">Concursos Abertos<\/a><\/li>\n\n\n\n<li><a href=\"https:\/\/www.estrategiaconcursos.com.br\/blog\/concursos-federais\/\" target=\"_blank\" rel=\"noreferrer noopener\">Concursos Federais<\/a><\/li>\n\n\n\n<li><a href=\"https:\/\/www.estrategiaconcursos.com.br\/blog\/concurso-administrativos\/\" target=\"_blank\" rel=\"noreferrer noopener\">Concursos Administrativos<\/a><\/li>\n\n\n\n<li><a href=\"https:\/\/www.estrategiaconcursos.com.br\/blog\/concursos-2026\/\" target=\"_blank\" rel=\"noreferrer noopener\">Concursos 2026<\/a><\/li>\n<\/ul>\n","protected":false},"excerpt":{"rendered":"<p>Processo seletivo do IBGE recebeu propostas de nove bancas. Ser\u00e3o tr\u00eas editais totalizando quase 37 mil vagas O Instituto Brasileiro de Geografia e Estat\u00edstica (IBGE) deu um passo decisivo para a realiza\u00e7\u00e3o de seu novo Processo Seletivo Simplificado (PSS). Nada menos que nove institui\u00e7\u00f5es apresentaram propostas para organizar o certame, que ofertar\u00e1 um total de [&hellip;]<\/p>\n","protected":false},"author":659,"featured_media":1230118,"comment_status":"open","ping_status":"closed","sticky":false,"template":"","format":"standard","meta":{"post_tipo":"news","footnotes":""},"categories":[214992,220219],"tags":[],"tax_estado":[219963],"class_list":["post-1757959","post","type-post","status-publish","format-standard","has-post-thumbnail","hentry","category-concursos-administrativos","category-noticias","tax_estado-concursos-federais"],"acf":[],"yoast_head":"<!-- This site is optimized with the Yoast SEO Premium plugin v27.2 (Yoast SEO v27.2) - https:\/\/yoast.com\/product\/yoast-seo-premium-wordpress\/ -->\n<title>Processo seletivo IBGE: 9 bancas na disputa; 36 mil vagas!<\/title>\n<meta name=\"description\" content=\"Saiba tudo sobre o processo seletivo do IBGE e as bancas que podem organizar a sele\u00e7\u00e3o com quase 37 mil vagas tempor\u00e1rias.\" \/>\n<meta name=\"robots\" content=\"index, follow, max-snippet:-1, max-image-preview:large, max-video-preview:-1\" \/>\n<link rel=\"canonical\" href=\"https:\/\/www.estrategiaconcursos.com.br\/blog\/processo-seletivo-ibge-9-bancas-na-disputa\/\" \/>\n<meta property=\"og:locale\" content=\"pt_BR\" \/>\n<meta property=\"og:type\" content=\"article\" \/>\n<meta property=\"og:title\" content=\"Processo seletivo IBGE: 9 bancas na disputa; 36 mil vagas!\" \/>\n<meta property=\"og:description\" content=\"Saiba tudo sobre o processo seletivo do IBGE e as bancas que podem organizar a sele\u00e7\u00e3o com quase 37 mil vagas tempor\u00e1rias.\" \/>\n<meta property=\"og:url\" content=\"https:\/\/www.estrategiaconcursos.com.br\/blog\/processo-seletivo-ibge-9-bancas-na-disputa\/\" \/>\n<meta property=\"og:site_name\" content=\"Estrat\u00e9gia Concursos\" \/>\n<meta property=\"article:published_time\" content=\"2026-04-27T20:10:49+00:00\" \/>\n<meta property=\"article:modified_time\" content=\"2026-04-27T20:10:51+00:00\" \/>\n<meta property=\"og:image\" content=\"https:\/\/dhg1h5j42swfq.cloudfront.net\/2023\/06\/09212019\/concurso-ibge.jpg\" \/>\n\t<meta property=\"og:image:width\" content=\"1024\" \/>\n\t<meta property=\"og:image:height\" content=\"536\" \/>\n\t<meta property=\"og:image:type\" content=\"image\/jpeg\" \/>\n<meta name=\"author\" content=\"Camila Leite\" \/>\n<meta name=\"twitter:card\" content=\"summary_large_image\" \/>\n<meta name=\"twitter:creator\" content=\"@EstratConcursos\" \/>\n<meta name=\"twitter:site\" content=\"@EstratConcursos\" \/>\n<meta name=\"twitter:label1\" content=\"Escrito por\" \/>\n\t<meta name=\"twitter:data1\" content=\"Camila Leite\" \/>\n\t<meta name=\"twitter:label2\" content=\"Est. tempo de leitura\" \/>\n\t<meta name=\"twitter:data2\" content=\"3 minutos\" \/>\n<script type=\"application\/ld+json\" class=\"yoast-schema-graph\">{\"@context\":\"https:\/\/schema.org\",\"@graph\":[{\"@type\":\"NewsArticle\",\"@id\":\"https:\/\/www.estrategiaconcursos.com.br\/blog\/processo-seletivo-ibge-9-bancas-na-disputa\/#article\",\"isPartOf\":{\"@id\":\"https:\/\/www.estrategiaconcursos.com.br\/blog\/processo-seletivo-ibge-9-bancas-na-disputa\/\"},\"author\":{\"name\":\"Camila Leite\",\"@id\":\"https:\/\/www.estrategiaconcursos.com.br\/blog\/#\/schema\/person\/84ecdc6eb58d3cf1689bf76c5cd8fb38\"},\"headline\":\"Processo seletivo IBGE: 9 bancas na disputa; 36 mil vagas!\",\"datePublished\":\"2026-04-27T20:10:49+00:00\",\"dateModified\":\"2026-04-27T20:10:51+00:00\",\"mainEntityOfPage\":{\"@id\":\"https:\/\/www.estrategiaconcursos.com.br\/blog\/processo-seletivo-ibge-9-bancas-na-disputa\/\"},\"wordCount\":529,\"commentCount\":0,\"publisher\":{\"@id\":\"https:\/\/www.estrategiaconcursos.com.br\/blog\/#organization\"},\"image\":{\"@id\":\"https:\/\/www.estrategiaconcursos.com.br\/blog\/processo-seletivo-ibge-9-bancas-na-disputa\/#primaryimage\"},\"thumbnailUrl\":\"https:\/\/dhg1h5j42swfq.cloudfront.net\/2023\/06\/09212019\/concurso-ibge.jpg\",\"articleSection\":[\"Executivo (Administrativa)\",\"\u00daltimas not\u00edcias\"],\"inLanguage\":\"pt-BR\",\"potentialAction\":[{\"@type\":\"CommentAction\",\"name\":\"Comment\",\"target\":[\"https:\/\/www.estrategiaconcursos.com.br\/blog\/processo-seletivo-ibge-9-bancas-na-disputa\/#respond\"]}],\"copyrightYear\":\"2026\",\"copyrightHolder\":{\"@id\":\"https:\/\/www.estrategiaconcursos.com.br\/blog\/#organization\"}},{\"@type\":\"WebPage\",\"@id\":\"https:\/\/www.estrategiaconcursos.com.br\/blog\/processo-seletivo-ibge-9-bancas-na-disputa\/\",\"url\":\"https:\/\/www.estrategiaconcursos.com.br\/blog\/processo-seletivo-ibge-9-bancas-na-disputa\/\",\"name\":\"Processo seletivo IBGE: 9 bancas na disputa; 36 mil vagas!\",\"isPartOf\":{\"@id\":\"https:\/\/www.estrategiaconcursos.com.br\/blog\/#website\"},\"primaryImageOfPage\":{\"@id\":\"https:\/\/www.estrategiaconcursos.com.br\/blog\/processo-seletivo-ibge-9-bancas-na-disputa\/#primaryimage\"},\"image\":{\"@id\":\"https:\/\/www.estrategiaconcursos.com.br\/blog\/processo-seletivo-ibge-9-bancas-na-disputa\/#primaryimage\"},\"thumbnailUrl\":\"https:\/\/dhg1h5j42swfq.cloudfront.net\/2023\/06\/09212019\/concurso-ibge.jpg\",\"datePublished\":\"2026-04-27T20:10:49+00:00\",\"dateModified\":\"2026-04-27T20:10:51+00:00\",\"description\":\"Saiba tudo sobre o processo seletivo do IBGE e as bancas que podem organizar a sele\u00e7\u00e3o com quase 37 mil vagas tempor\u00e1rias.\",\"breadcrumb\":{\"@id\":\"https:\/\/www.estrategiaconcursos.com.br\/blog\/processo-seletivo-ibge-9-bancas-na-disputa\/#breadcrumb\"},\"inLanguage\":\"pt-BR\",\"potentialAction\":[{\"@type\":\"ReadAction\",\"target\":[\"https:\/\/www.estrategiaconcursos.com.br\/blog\/processo-seletivo-ibge-9-bancas-na-disputa\/\"]}]},{\"@type\":\"ImageObject\",\"inLanguage\":\"pt-BR\",\"@id\":\"https:\/\/www.estrategiaconcursos.com.br\/blog\/processo-seletivo-ibge-9-bancas-na-disputa\/#primaryimage\",\"url\":\"https:\/\/dhg1h5j42swfq.cloudfront.net\/2023\/06\/09212019\/concurso-ibge.jpg\",\"contentUrl\":\"https:\/\/dhg1h5j42swfq.cloudfront.net\/2023\/06\/09212019\/concurso-ibge.jpg\",\"width\":1024,\"height\":536,\"caption\":\"Processo seletivo IBGE: editais s\u00e3o previstos para maio!\"},{\"@type\":\"BreadcrumbList\",\"@id\":\"https:\/\/www.estrategiaconcursos.com.br\/blog\/processo-seletivo-ibge-9-bancas-na-disputa\/#breadcrumb\",\"itemListElement\":[{\"@type\":\"ListItem\",\"position\":1,\"name\":\"In\u00edcio\",\"item\":\"https:\/\/www.estrategiaconcursos.com.br\/blog\/\"},{\"@type\":\"ListItem\",\"position\":2,\"name\":\"Processo seletivo IBGE: 9 bancas na disputa; 36 mil vagas!\"}]},{\"@type\":\"WebSite\",\"@id\":\"https:\/\/www.estrategiaconcursos.com.br\/blog\/#website\",\"url\":\"https:\/\/www.estrategiaconcursos.com.br\/blog\/\",\"name\":\"Estrat\u00e9gia Concursos\",\"description\":\"O blog da Estrat\u00e9gia Concursos traz not\u00edcias sobre concursos e artigos de professores oferecendo cursos para concursos (pdf + videaulas) no site.\",\"publisher\":{\"@id\":\"https:\/\/www.estrategiaconcursos.com.br\/blog\/#organization\"},\"potentialAction\":[{\"@type\":\"SearchAction\",\"target\":{\"@type\":\"EntryPoint\",\"urlTemplate\":\"https:\/\/www.estrategiaconcursos.com.br\/blog\/?s={search_term_string}\"},\"query-input\":{\"@type\":\"PropertyValueSpecification\",\"valueRequired\":true,\"valueName\":\"search_term_string\"}}],\"inLanguage\":\"pt-BR\"},{\"@type\":\"Organization\",\"@id\":\"https:\/\/www.estrategiaconcursos.com.br\/blog\/#organization\",\"name\":\"Estrat\u00e9gia Concursos\",\"url\":\"https:\/\/www.estrategiaconcursos.com.br\/blog\/\",\"logo\":{\"@type\":\"ImageObject\",\"inLanguage\":\"pt-BR\",\"@id\":\"https:\/\/www.estrategiaconcursos.com.br\/blog\/#\/schema\/logo\/image\/\",\"url\":\"https:\/\/dhg1h5j42swfq.cloudfront.net\/2025\/06\/03203428\/logo_concursos-1.jpg\",\"contentUrl\":\"https:\/\/dhg1h5j42swfq.cloudfront.net\/2025\/06\/03203428\/logo_concursos-1.jpg\",\"width\":230,\"height\":60,\"caption\":\"Estrat\u00e9gia Concursos\"},\"image\":{\"@id\":\"https:\/\/www.estrategiaconcursos.com.br\/blog\/#\/schema\/logo\/image\/\"},\"sameAs\":[\"https:\/\/x.com\/EstratConcursos\"]},{\"@type\":\"Person\",\"@id\":\"https:\/\/www.estrategiaconcursos.com.br\/blog\/#\/schema\/person\/84ecdc6eb58d3cf1689bf76c5cd8fb38\",\"name\":\"Camila Leite\",\"image\":{\"@type\":\"ImageObject\",\"inLanguage\":\"pt-BR\",\"@id\":\"https:\/\/secure.gravatar.com\/avatar\/f2f8faef639c8a2bfb7fb909912a56917f4c3a0aed064500168e2fb8ea55cf61?s=96&d=mm&r=g\",\"url\":\"https:\/\/secure.gravatar.com\/avatar\/f2f8faef639c8a2bfb7fb909912a56917f4c3a0aed064500168e2fb8ea55cf61?s=96&d=mm&r=g\",\"contentUrl\":\"https:\/\/secure.gravatar.com\/avatar\/f2f8faef639c8a2bfb7fb909912a56917f4c3a0aed064500168e2fb8ea55cf61?s=96&d=mm&r=g\",\"caption\":\"Camila Leite\"},\"description\":\"Formada em Design Gr\u00e1fico e em Propaganda e Marketing pela UNIP, integra a equipe de jornalismo do Estrat\u00e9gia Concursos desde 2018. Ao longo dos anos, construiu uma s\u00f3lida experi\u00eancia na produ\u00e7\u00e3o de conte\u00fado informativo e relevante para concurseiros. Desde 2020, atua na cobertura das \u00e1reas Fiscal \u2014 com \u00eanfase nas Secretarias de Fazenda (Sefaz) das regi\u00f5es Sul e Sudeste \u2014, al\u00e9m da cobertura de concursos federais, como CNU, Petrobras, CGU, Receita Federal, ag\u00eancias reguladoras (Anvisa, ANAC, entre outras) e INSS. Mant\u00e9m contato direto com os principais \u00f3rg\u00e3os p\u00fablicos, acompanhando editais, atualiza\u00e7\u00f5es e movimenta\u00e7\u00f5es importantes para os candidatos.\",\"sameAs\":[\"https:\/\/www.linkedin.com\/in\/camila-pinheiro-leite-9ba135b6\/\"],\"url\":\"https:\/\/www.estrategiaconcursos.com.br\/blog\/author\/camila-leiteestrategiaconcursos-com-br\/\"}]}<\/script>\n<!-- \/ Yoast SEO Premium plugin. -->","yoast_head_json":{"title":"Processo seletivo IBGE: 9 bancas na disputa; 36 mil vagas!","description":"Saiba tudo sobre o processo seletivo do IBGE e as bancas que podem organizar a sele\u00e7\u00e3o com quase 37 mil vagas tempor\u00e1rias.","robots":{"index":"index","follow":"follow","max-snippet":"max-snippet:-1","max-image-preview":"max-image-preview:large","max-video-preview":"max-video-preview:-1"},"canonical":"https:\/\/www.estrategiaconcursos.com.br\/blog\/processo-seletivo-ibge-9-bancas-na-disputa\/","og_locale":"pt_BR","og_type":"article","og_title":"Processo seletivo IBGE: 9 bancas na disputa; 36 mil vagas!","og_description":"Saiba tudo sobre o processo seletivo do IBGE e as bancas que podem organizar a sele\u00e7\u00e3o com quase 37 mil vagas tempor\u00e1rias.","og_url":"https:\/\/www.estrategiaconcursos.com.br\/blog\/processo-seletivo-ibge-9-bancas-na-disputa\/","og_site_name":"Estrat\u00e9gia Concursos","article_published_time":"2026-04-27T20:10:49+00:00","article_modified_time":"2026-04-27T20:10:51+00:00","og_image":[{"width":1024,"height":536,"url":"https:\/\/dhg1h5j42swfq.cloudfront.net\/2023\/06\/09212019\/concurso-ibge.jpg","type":"image\/jpeg"}],"author":"Camila Leite","twitter_card":"summary_large_image","twitter_creator":"@EstratConcursos","twitter_site":"@EstratConcursos","twitter_misc":{"Escrito por":"Camila Leite","Est. tempo de leitura":"3 minutos"},"schema":{"@context":"https:\/\/schema.org","@graph":[{"@type":"NewsArticle","@id":"https:\/\/www.estrategiaconcursos.com.br\/blog\/processo-seletivo-ibge-9-bancas-na-disputa\/#article","isPartOf":{"@id":"https:\/\/www.estrategiaconcursos.com.br\/blog\/processo-seletivo-ibge-9-bancas-na-disputa\/"},"author":{"name":"Camila Leite","@id":"https:\/\/www.estrategiaconcursos.com.br\/blog\/#\/schema\/person\/84ecdc6eb58d3cf1689bf76c5cd8fb38"},"headline":"Processo seletivo IBGE: 9 bancas na disputa; 36 mil vagas!","datePublished":"2026-04-27T20:10:49+00:00","dateModified":"2026-04-27T20:10:51+00:00","mainEntityOfPage":{"@id":"https:\/\/www.estrategiaconcursos.com.br\/blog\/processo-seletivo-ibge-9-bancas-na-disputa\/"},"wordCount":529,"commentCount":0,"publisher":{"@id":"https:\/\/www.estrategiaconcursos.com.br\/blog\/#organization"},"image":{"@id":"https:\/\/www.estrategiaconcursos.com.br\/blog\/processo-seletivo-ibge-9-bancas-na-disputa\/#primaryimage"},"thumbnailUrl":"https:\/\/dhg1h5j42swfq.cloudfront.net\/2023\/06\/09212019\/concurso-ibge.jpg","articleSection":["Executivo (Administrativa)","\u00daltimas not\u00edcias"],"inLanguage":"pt-BR","potentialAction":[{"@type":"CommentAction","name":"Comment","target":["https:\/\/www.estrategiaconcursos.com.br\/blog\/processo-seletivo-ibge-9-bancas-na-disputa\/#respond"]}],"copyrightYear":"2026","copyrightHolder":{"@id":"https:\/\/www.estrategiaconcursos.com.br\/blog\/#organization"}},{"@type":"WebPage","@id":"https:\/\/www.estrategiaconcursos.com.br\/blog\/processo-seletivo-ibge-9-bancas-na-disputa\/","url":"https:\/\/www.estrategiaconcursos.com.br\/blog\/processo-seletivo-ibge-9-bancas-na-disputa\/","name":"Processo seletivo IBGE: 9 bancas na disputa; 36 mil vagas!","isPartOf":{"@id":"https:\/\/www.estrategiaconcursos.com.br\/blog\/#website"},"primaryImageOfPage":{"@id":"https:\/\/www.estrategiaconcursos.com.br\/blog\/processo-seletivo-ibge-9-bancas-na-disputa\/#primaryimage"},"image":{"@id":"https:\/\/www.estrategiaconcursos.com.br\/blog\/processo-seletivo-ibge-9-bancas-na-disputa\/#primaryimage"},"thumbnailUrl":"https:\/\/dhg1h5j42swfq.cloudfront.net\/2023\/06\/09212019\/concurso-ibge.jpg","datePublished":"2026-04-27T20:10:49+00:00","dateModified":"2026-04-27T20:10:51+00:00","description":"Saiba tudo sobre o processo seletivo do IBGE e as bancas que podem organizar a sele\u00e7\u00e3o com quase 37 mil vagas tempor\u00e1rias.","breadcrumb":{"@id":"https:\/\/www.estrategiaconcursos.com.br\/blog\/processo-seletivo-ibge-9-bancas-na-disputa\/#breadcrumb"},"inLanguage":"pt-BR","potentialAction":[{"@type":"ReadAction","target":["https:\/\/www.estrategiaconcursos.com.br\/blog\/processo-seletivo-ibge-9-bancas-na-disputa\/"]}]},{"@type":"ImageObject","inLanguage":"pt-BR","@id":"https:\/\/www.estrategiaconcursos.com.br\/blog\/processo-seletivo-ibge-9-bancas-na-disputa\/#primaryimage","url":"https:\/\/dhg1h5j42swfq.cloudfront.net\/2023\/06\/09212019\/concurso-ibge.jpg","contentUrl":"https:\/\/dhg1h5j42swfq.cloudfront.net\/2023\/06\/09212019\/concurso-ibge.jpg","width":1024,"height":536,"caption":"Processo seletivo IBGE: editais s\u00e3o previstos para maio!"},{"@type":"BreadcrumbList","@id":"https:\/\/www.estrategiaconcursos.com.br\/blog\/processo-seletivo-ibge-9-bancas-na-disputa\/#breadcrumb","itemListElement":[{"@type":"ListItem","position":1,"name":"In\u00edcio","item":"https:\/\/www.estrategiaconcursos.com.br\/blog\/"},{"@type":"ListItem","position":2,"name":"Processo seletivo IBGE: 9 bancas na disputa; 36 mil vagas!"}]},{"@type":"WebSite","@id":"https:\/\/www.estrategiaconcursos.com.br\/blog\/#website","url":"https:\/\/www.estrategiaconcursos.com.br\/blog\/","name":"Estrat\u00e9gia Concursos","description":"O blog da Estrat\u00e9gia Concursos traz not\u00edcias sobre concursos e artigos de professores oferecendo cursos para concursos (pdf + videaulas) no site.","publisher":{"@id":"https:\/\/www.estrategiaconcursos.com.br\/blog\/#organization"},"potentialAction":[{"@type":"SearchAction","target":{"@type":"EntryPoint","urlTemplate":"https:\/\/www.estrategiaconcursos.com.br\/blog\/?s={search_term_string}"},"query-input":{"@type":"PropertyValueSpecification","valueRequired":true,"valueName":"search_term_string"}}],"inLanguage":"pt-BR"},{"@type":"Organization","@id":"https:\/\/www.estrategiaconcursos.com.br\/blog\/#organization","name":"Estrat\u00e9gia Concursos","url":"https:\/\/www.estrategiaconcursos.com.br\/blog\/","logo":{"@type":"ImageObject","inLanguage":"pt-BR","@id":"https:\/\/www.estrategiaconcursos.com.br\/blog\/#\/schema\/logo\/image\/","url":"https:\/\/dhg1h5j42swfq.cloudfront.net\/2025\/06\/03203428\/logo_concursos-1.jpg","contentUrl":"https:\/\/dhg1h5j42swfq.cloudfront.net\/2025\/06\/03203428\/logo_concursos-1.jpg","width":230,"height":60,"caption":"Estrat\u00e9gia Concursos"},"image":{"@id":"https:\/\/www.estrategiaconcursos.com.br\/blog\/#\/schema\/logo\/image\/"},"sameAs":["https:\/\/x.com\/EstratConcursos"]},{"@type":"Person","@id":"https:\/\/www.estrategiaconcursos.com.br\/blog\/#\/schema\/person\/84ecdc6eb58d3cf1689bf76c5cd8fb38","name":"Camila Leite","image":{"@type":"ImageObject","inLanguage":"pt-BR","@id":"https:\/\/secure.gravatar.com\/avatar\/f2f8faef639c8a2bfb7fb909912a56917f4c3a0aed064500168e2fb8ea55cf61?s=96&d=mm&r=g","url":"https:\/\/secure.gravatar.com\/avatar\/f2f8faef639c8a2bfb7fb909912a56917f4c3a0aed064500168e2fb8ea55cf61?s=96&d=mm&r=g","contentUrl":"https:\/\/secure.gravatar.com\/avatar\/f2f8faef639c8a2bfb7fb909912a56917f4c3a0aed064500168e2fb8ea55cf61?s=96&d=mm&r=g","caption":"Camila Leite"},"description":"Formada em Design Gr\u00e1fico e em Propaganda e Marketing pela UNIP, integra a equipe de jornalismo do Estrat\u00e9gia Concursos desde 2018. Ao longo dos anos, construiu uma s\u00f3lida experi\u00eancia na produ\u00e7\u00e3o de conte\u00fado informativo e relevante para concurseiros. Desde 2020, atua na cobertura das \u00e1reas Fiscal \u2014 com \u00eanfase nas Secretarias de Fazenda (Sefaz) das regi\u00f5es Sul e Sudeste \u2014, al\u00e9m da cobertura de concursos federais, como CNU, Petrobras, CGU, Receita Federal, ag\u00eancias reguladoras (Anvisa, ANAC, entre outras) e INSS. Mant\u00e9m contato direto com os principais \u00f3rg\u00e3os p\u00fablicos, acompanhando editais, atualiza\u00e7\u00f5es e movimenta\u00e7\u00f5es importantes para os candidatos.","sameAs":["https:\/\/www.linkedin.com\/in\/camila-pinheiro-leite-9ba135b6\/"],"url":"https:\/\/www.estrategiaconcursos.com.br\/blog\/author\/camila-leiteestrategiaconcursos-com-br\/"}]}},"_links":{"self":[{"href":"https:\/\/www.estrategiaconcursos.com.br\/blog\/wp-json\/wp\/v2\/posts\/1757959","targetHints":{"allow":["GET"]}}],"collection":[{"href":"https:\/\/www.estrategiaconcursos.com.br\/blog\/wp-json\/wp\/v2\/posts"}],"about":[{"href":"https:\/\/www.estrategiaconcursos.com.br\/blog\/wp-json\/wp\/v2\/types\/post"}],"author":[{"embeddable":true,"href":"https:\/\/www.estrategiaconcursos.com.br\/blog\/wp-json\/wp\/v2\/users\/659"}],"replies":[{"embeddable":true,"href":"https:\/\/www.estrategiaconcursos.com.br\/blog\/wp-json\/wp\/v2\/comments?post=1757959"}],"version-history":[{"count":4,"href":"https:\/\/www.estrategiaconcursos.com.br\/blog\/wp-json\/wp\/v2\/posts\/1757959\/revisions"}],"predecessor-version":[{"id":1757966,"href":"https:\/\/www.estrategiaconcursos.com.br\/blog\/wp-json\/wp\/v2\/posts\/1757959\/revisions\/1757966"}],"wp:featuredmedia":[{"embeddable":true,"href":"https:\/\/www.estrategiaconcursos.com.br\/blog\/wp-json\/wp\/v2\/media\/1230118"}],"wp:attachment":[{"href":"https:\/\/www.estrategiaconcursos.com.br\/blog\/wp-json\/wp\/v2\/media?parent=1757959"}],"wp:term":[{"taxonomy":"category","embeddable":true,"href":"https:\/\/www.estrategiaconcursos.com.br\/blog\/wp-json\/wp\/v2\/categories?post=1757959"},{"taxonomy":"post_tag","embeddable":true,"href":"https:\/\/www.estrategiaconcursos.com.br\/blog\/wp-json\/wp\/v2\/tags?post=1757959"},{"taxonomy":"tax_estado","embeddable":true,"href":"https:\/\/www.estrategiaconcursos.com.br\/blog\/wp-json\/wp\/v2\/tax_estado?post=1757959"}],"curies":[{"name":"wp","href":"https:\/\/api.w.org\/{rel}","templated":true}]}}