{"id":1757737,"date":"2026-04-27T11:08:48","date_gmt":"2026-04-27T14:08:48","guid":{"rendered":"https:\/\/www.estrategiaconcursos.com.br\/blog\/?p=1757737"},"modified":"2026-04-27T11:44:22","modified_gmt":"2026-04-27T14:44:22","slug":"gabarito-extraoficial-gcm-sp-2026","status":"publish","type":"post","link":"https:\/\/www.estrategiaconcursos.com.br\/blog\/gabarito-extraoficial-gcm-sp-2026\/","title":{"rendered":"Gabarito Extraoficial GCM SP: veja a corre\u00e7\u00e3o!"},"content":{"rendered":"\n<p style=\"font-size:clamp(15.747px, 0.984rem + ((1vw - 3.2px) * 0.809), 24px);\"><strong><em>Confira a corre\u00e7\u00e3o AO VIVO do gabarito extraoficial da prova do Concurso GCM SP!<\/em><\/strong><\/p>\n\n\n\n<p>Aconteceram neste domingo (26) as <strong>provas do <\/strong><strong>concurso p\u00fablico GCM SP<\/strong> (<a href=\"https:\/\/www.estrategiaconcursos.com.br\/cursosPorConcurso\/guarda-civil-metropolitana-de-sao-paulo-gcm-sp\" target=\"_blank\" rel=\"noreferrer noopener\">Guarda Civil Metropolitana de S\u00e3o Paulo<\/a>).<\/p>\n\n\n\n<p>Sob organiza\u00e7\u00e3o da Funda\u00e7\u00e3o Vunesp, s\u00e3o ofertadas 500 vagas distribu\u00eddas entre ampla concorr\u00eancia, pessoas com defici\u00eancia e negros. <\/p>\n\n\n\n<p>Com <strong>sal\u00e1rio inicial de R$ 4.127,52<\/strong>, a carreira exige n\u00edvel m\u00e9dio, CNH (categorias \u201cB\u201d a \u201cE\u201d) e idade m\u00e1xima de 30 anos.<\/p>\n\n\n\n<p>Com isso, nosso time de professores realizar\u00e1 a corre\u00e7\u00e3o do gabarito extraoficial nesta segunda-feira, (27), a partir das 18h.<\/p>\n\n\n\n<h2 class=\"wp-block-heading\" id=\"h-gabarito-extraoficial-gcm-sp-confira-ao-vivo-a-correcao\">Gabarito Extraoficial GCM SP: confira AO VIVO a corre\u00e7\u00e3o<\/h2>\n\n\n\n<figure class=\"wp-block-embed is-type-video is-provider-youtube wp-block-embed-youtube wp-embed-aspect-16-9 wp-has-aspect-ratio\"><div class=\"wp-block-embed__wrapper\">\n<div class=\"lyte-wrapper\" style=\"width:853px;max-width:100%;margin:5px;\"><div class=\"lyMe\" id=\"WYL_Lksp2pJVXU8\"><div id=\"lyte_Lksp2pJVXU8\" data-src=\"\/\/i.ytimg.com\/vi\/Lksp2pJVXU8\/hqdefault.jpg\" class=\"pL\"><div class=\"tC\"><div class=\"tT\"><\/div><\/div><div class=\"play\"><\/div><div class=\"ctrl\"><div class=\"Lctrl\"><\/div><div class=\"Rctrl\"><\/div><\/div><\/div><noscript><a href=\"https:\/\/youtu.be\/Lksp2pJVXU8\" rel=\"nofollow\"><img loading=\"lazy\" decoding=\"async\" src=\"https:\/\/i.ytimg.com\/vi\/Lksp2pJVXU8\/0.jpg\" alt=\"YouTube video thumbnail\" width=\"853\" height=\"460\" \/><br \/>Assista a este v\u00eddeo no YouTube<\/a><\/noscript><\/div><\/div><div class=\"lL\" style=\"max-width:100%;width:853px;margin:5px;\"><\/div>\n<\/div><\/figure>\n\n\n\n<ul class=\"wp-block-list\">\n<li><strong><a href=\"https:\/\/dhg1h5j42swfq.cloudfront.net\/2026\/04\/27105215\/prova-gcm-sp-26-de-abril.pdf\" target=\"_blank\" rel=\"noreferrer noopener nofollow\">Caderno de prova &#8211; Concurso GCM SP<\/a><\/strong><\/li>\n<\/ul>\n\n\n\n<p>Abaixo, voc\u00ea confere os gabaritos das quest\u00f5es corrigidas pelos nossos professores.<\/p>\n\n\n\n<p><strong>Quest\u00e3o 01:<\/strong>\u00a0A fala do sargento&#8230;<br \/><strong><em>Resposta:<\/em><\/strong><\/p>\n\n\n\n<p><strong>Quest\u00e3o 02:<\/strong>\u00a0A frase do segundo quadro&#8230;<br \/><strong><em>Resposta:<\/em><\/strong><\/p>\n\n\n\n<p><strong>Quest\u00e3o 03:<\/strong>\u00a0A comida do local nem sempre&#8230;<br \/><strong><em>Resposta:<\/em><\/strong><\/p>\n\n\n\n<p><strong>Quest\u00e3o 04:<\/strong>\u00a0De acordo com o texto, as novas&#8230;<br \/><strong><em>Resposta:<\/em><\/strong><\/p>\n\n\n\n<p><strong>Quest\u00e3o 05:<\/strong>\u00a0De acordo com o secret\u00e1rio&#8230;<br \/><strong><em>Resposta:<\/em><\/strong><\/p>\n\n\n\n<p><strong>Quest\u00e3o 06:<\/strong>\u00a0Sem preju\u00edzo ao sentido original&#8230;<br \/><strong><em>Resposta:<\/em><\/strong><\/p>\n\n\n\n<p><strong>Quest\u00e3o 07:<\/strong>\u00a0&#8220;&#8230; e priorizar produtos&#8230;&#8221;<br \/><strong><em>Resposta:<\/em><\/strong><\/p>\n\n\n\n<p><strong>Quest\u00e3o 08:<\/strong>\u00a0Assinale a alternativa em que a v\u00edrgula&#8230;<br \/><strong><em>Resposta:<\/em><\/strong><\/p>\n\n\n\n<p><strong>Quest\u00e3o 09:<\/strong>\u00a0Assinale a alternativa que atende&#8230;<br \/><strong><em>Resposta:<\/em><\/strong><\/p>\n\n\n\n<p><strong>Quest\u00e3o 10:<\/strong>\u00a0Considere as frases a seguir:<br \/><strong><em>Resposta:<\/em><\/strong><\/p>\n\n\n\n<p><strong>Quest\u00e3o 11:<\/strong>\u00a0A leitura do texto permite&#8230;<br \/><strong><em>Resposta:<\/em><\/strong><\/p>\n\n\n\n<p><strong>Quest\u00e3o 12:<\/strong>\u00a0&#8220;Fabiano tamb\u00e9m \u00e0s vezes&#8230;&#8221;<br \/><strong><em>Resposta:<\/em><\/strong><\/p>\n\n\n\n<p><strong>Quest\u00e3o 13:<\/strong>\u00a0Quanto \u00e0 conjuga\u00e7\u00e3o e ao sentido&#8230;<br \/><strong><em>Resposta:<\/em><\/strong><\/p>\n\n\n\n<p><strong>Quest\u00e3o 14:<\/strong>\u00a0Na passagem &#8220;Despertara-a um grito&#8230;&#8221;<br \/><strong><em>Resposta:<\/em><\/strong><\/p>\n\n\n\n<p><strong>Quest\u00e3o 15:<\/strong>\u00a0Assinale a alternativa em que a frase atende&#8230;<br \/><strong><em>Resposta:<\/em><\/strong><\/p>\n\n\n\n<p><strong>Quest\u00e3o 16:<\/strong>\u00a0Em 20219, a Organiza\u00e7\u00e3o&#8230;<br \/><strong><em>Resposta:<\/em><\/strong><\/p>\n\n\n\n<p><strong>Quest\u00e3o 17:<\/strong>\u00a0A cada 15 minutos&#8230;<br \/><strong><em>Resposta:<\/em><\/strong><\/p>\n\n\n\n<p><strong>Quest\u00e3o 18:<\/strong>\u00a0Todo ano \u00e9 publicado o Anu\u00e1rio&#8230;<br \/><strong><em>Resposta:<\/em><\/strong><\/p>\n\n\n\n<p><strong>Quest\u00e3o 19:<\/strong>\u00a0Suponha que os materiais&#8230;<br \/><strong><em>Resposta:<\/em><\/strong><\/p>\n\n\n\n<p><strong>Quest\u00e3o 20:<\/strong>\u00a0Em rela\u00e7\u00e3o \u00e0 \u00e1rea da sa\u00fade&#8230;<br \/><strong><em>Resposta:<\/em><\/strong><\/p>\n\n\n\n<p><strong>Quest\u00e3o 21:<\/strong>\u00a0De acordo com informa\u00e7\u00f5es&#8230;<br \/><strong><em>Resposta:<\/em><\/strong><\/p>\n\n\n\n<p><strong>Quest\u00e3o 22:<\/strong>\u00a0A Funda\u00e7\u00e3o Centro de Hemoterapia&#8230;<br \/><strong><em>Resposta:<\/em><\/strong><\/p>\n\n\n\n<p><strong>Quest\u00e3o 23:<\/strong>\u00a0A Guarda Civil Metropolitana \u00e9 um&#8230;<br \/><strong><em>Resposta:<\/em><\/strong><\/p>\n\n\n\n<p><strong>Quest\u00e3o 24:<\/strong>\u00a0Uma pesquisa foi feita com 100&#8230;<br \/><strong><em>Resposta:<\/em><\/strong><\/p>\n\n\n\n<p><strong>Quest\u00e3o 25:<\/strong>\u00a0Analise a sequ\u00eancia a seguir&#8230;<br \/><strong><em>Resposta:<\/em><\/strong><\/p>\n\n\n\n<p><strong>Quest\u00e3o 26:<\/strong>\u00a0O homic\u00eddio, um dos principais&#8230;<br \/><strong><em>Resposta:<\/em><\/strong><\/p>\n\n\n\n<p><strong>Quest\u00e3o 27:<\/strong>\u00a0O desenvolvimento intenso em termos&#8230;<br \/><strong><em>Resposta:<\/em><\/strong><\/p>\n\n\n\n<p><strong>Quest\u00e3o 28:<\/strong>\u00a0As comemora\u00e7\u00f5es do Quarto Centen\u00e1rio&#8230;<br \/><strong><em>Resposta:<\/em><\/strong><\/p>\n\n\n\n<p><strong>Quest\u00e3o 29:<\/strong>\u00a0Comemora\u00e7\u00f5es caracterizadas pela&#8230;<br \/><strong><em>Resposta:<\/em><\/strong><\/p>\n\n\n\n<p><strong>Quest\u00e3o 30:<\/strong>\u00a0Segundo o organograma&#8230;<br \/><strong><em>Resposta:<\/em><\/strong><\/p>\n\n\n\n<p><strong>Quest\u00e3o 31:<\/strong>\u00a0O \u00f3rg\u00e3o de assessoramento&#8230;<br \/><strong><em>Resposta:<\/em><\/strong><\/p>\n\n\n\n<p><strong>Quest\u00e3o 32:<\/strong>\u00a0Desequil\u00edbrios estruturais&#8230;<br \/><strong><em>Resposta:<\/em><\/strong><\/p>\n\n\n\n<p><strong>Quest\u00e3o 33:<\/strong>\u00a0Observando-se o mapa&#8230;<br \/><strong><em>Resposta:<\/em><\/strong><\/p>\n\n\n\n<p><strong>Quest\u00e3o 34:<\/strong>\u00a0Marco na paisagem do Centro&#8230;<br \/><strong><em>Resposta:<\/em><\/strong><\/p>\n\n\n\n<p><strong>Quest\u00e3o 35:<\/strong>\u00a0Observe a figura a seguir&#8230;<br \/><strong><em>Resposta:<\/em><\/strong><\/p>\n\n\n\n<p><strong>Quest\u00e3o 36:<\/strong>\u00a0Um servidor p\u00fablico, utilizando&#8230;<br \/><strong><em>Resposta:<\/em><\/strong><\/p>\n\n\n\n<p><strong>Quest\u00e3o 37:<\/strong>\u00a0Um avaliador, utilizando o MS&#8230;<br \/><strong><em>Resposta:<\/em><\/strong><\/p>\n\n\n\n<p><strong>Quest\u00e3o 38:<\/strong>\u00a0Duas funcionalidades muito&#8230;<br \/><strong><em>Resposta:<\/em><\/strong><\/p>\n\n\n\n<p><strong>Quest\u00e3o 39:<\/strong>\u00a0Um usu\u00e1rio, ao acessar&#8230;<br \/><strong><em>Resposta:<\/em><\/strong><\/p>\n\n\n\n<p><strong>Quest\u00e3o 40:<\/strong>\u00a0Usando o navegador padr\u00e3o&#8230;<br \/><strong><em>Resposta:<\/em><\/strong><\/p>\n\n\n\n<p><strong>Quest\u00e3o 41:<\/strong>\u00a0\u00c9 dia de vota\u00e7\u00e3o&#8230;<br \/><strong><em>Resposta:<\/em><\/strong><\/p>\n\n\n\n<p><strong>Quest\u00e3o 42:<\/strong>\u00a0A defesa da cidade foi alertada&#8230;<br \/><strong><em>Resposta:<\/em><\/strong><\/p>\n\n\n\n<p><strong>Quest\u00e3o 43:<\/strong>\u00a0Com rela\u00e7\u00e3o \u00e0s regras&#8230;<br \/><strong><em>Resposta:<\/em><\/strong><\/p>\n\n\n\n<p><strong>Quest\u00e3o 44:<\/strong>\u00a0Hipoteticamente, tr\u00eas meses&#8230;<br \/><strong><em>Resposta:<\/em><\/strong><\/p>\n\n\n\n<p><strong>Quest\u00e3o 45:<\/strong>\u00a0As guardas municipais t\u00eam assumido&#8230;<br \/><strong><em>Resposta:<\/em><\/strong><\/p>\n\n\n\n<p><strong>Quest\u00e3o 46:<\/strong>\u00a0De acordo com a Lei n\u00ba. 13.022&#8230;<br \/><strong><em>Resposta:<\/em><\/strong><\/p>\n\n\n\n<p><strong>Quest\u00e3o 47:<\/strong>\u00a0Hipoteticamente, F\u00e1bio foi condenado&#8230;<br \/><strong><em>Resposta:<\/em><\/strong><\/p>\n\n\n\n<p><strong>Quest\u00e3o 48:<\/strong>\u00a0Hipoteticamente, Leandro&#8230;<br \/><strong><em>Resposta:<\/em><\/strong><\/p>\n\n\n\n<p><strong>Quest\u00e3o 49:<\/strong>\u00a0A corregedoria da Guarda&#8230;<br \/><strong><em>Resposta:<\/em><\/strong><\/p>\n\n\n\n<p><strong>Quest\u00e3o 50:<\/strong>\u00a0A respeito da Lei de Improbidade&#8230;<br \/><strong><em>Resposta:<\/em><\/strong><\/p>\n\n\n\n<p><strong>Quest\u00e3o 51:<\/strong>\u00a0Com rela\u00e7\u00e3o \u00e0s prerrogativas&#8230;<br \/><strong><em>Resposta:<\/em><\/strong><\/p>\n\n\n\n<p><strong>Quest\u00e3o 52:<\/strong>\u00a0De acordo com o Estatuto&#8230;<br \/><strong><em>Resposta:<\/em><\/strong><\/p>\n\n\n\n<p><strong>Quest\u00e3o 53:<\/strong>\u00a0Hipoteticamente, M\u00e1rio foi&#8230;<br \/><strong><em>Resposta:<\/em><\/strong><\/p>\n\n\n\n<p><strong>Quest\u00e3o 54:<\/strong>\u00a0De acordo com a Lei n\u00ba. 11.340&#8230;<br \/><strong><em>Resposta:<\/em><\/strong><\/p>\n\n\n\n<p><strong>Quest\u00e3o 55:<\/strong>\u00a0Roberto e Samuel s\u00e3o guardas&#8230;<br \/><strong><em>Resposta:<\/em><\/strong><\/p>\n\n\n\n<p><strong>Quest\u00e3o 56:<\/strong>\u00a0A respeito da pris\u00e3o em flagrante&#8230;<br \/><strong><em>Resposta:<\/em><\/strong><\/p>\n\n\n\n<p><strong>Quest\u00e3o 57:<\/strong>\u00a0Em decorr\u00eancia da agress\u00e3o&#8230;<br \/><strong><em>Resposta:<\/em><\/strong><\/p>\n\n\n\n<p><strong>Quest\u00e3o 58:<\/strong>\u00a0Assinale a alternativa que est\u00e1 de acordo&#8230; (ECA).<br \/><strong><em>Resposta:<\/em><\/strong><\/p>\n\n\n\n<p><strong>Quest\u00e3o 59:<\/strong>\u00a0Bernardo trabalha em uma empresa&#8230;<br \/><strong><em>Resposta:<\/em><\/strong><\/p>\n\n\n\n<p><strong>Quest\u00e3o 60:<\/strong>\u00a0De acordo com o C\u00f3digo Penal&#8230;<br \/><strong><em>Resposta:<\/em><\/strong><\/p>\n\n\n\n<p class=\"has-text-align-center has-very-light-gray-to-cyan-bluish-gray-gradient-background has-background\" id=\"assinatura\" style=\"font-size:clamp(16.293px, 1.018rem + ((1vw - 3.2px) * 0.854), 25px);\"><strong>Saiba mais: <a href=\"https:\/\/www.estrategiaconcursos.com.br\/blog\/concurso-gcm-sp\/\" target=\"_blank\" rel=\"noreferrer noopener\">Concurso GCM SP 2026<\/a><\/strong><\/p>\n\n\n\n<hr class=\"wp-block-separator has-alpha-channel-opacity\"\/>\n\n\n\n<h2 class=\"wp-block-heading has-text-align-center\" id=\"h-quer-saber-tudo-sobre-concursos-previstos-confira-nossos-artigos\">Quer saber tudo sobre concursos previstos?<br \/>Confira  nossos artigos!<\/h2>\n\n\n\n<ul class=\"wp-block-list\">\n<li><a href=\"https:\/\/www.estrategiaconcursos.com.br\/blog\/concursos-abertos\/\" target=\"_blank\" rel=\"noreferrer noopener\">Concursos abertos<\/a><\/li>\n\n\n\n<li><a href=\"https:\/\/www.estrategiaconcursos.com.br\/blog\/concursos-guarda-municipal\/\" target=\"_blank\" rel=\"noreferrer noopener\">Concursos Guardas Municipais<\/a><\/li>\n\n\n\n<li><a href=\"https:\/\/www.estrategiaconcursos.com.br\/blog\/concursos-2026\/\" target=\"_blank\" rel=\"noreferrer noopener\">Concursos 2026<\/a><\/li>\n\n\n\n<li><a href=\"https:\/\/www.estrategiaconcursos.com.br\/blog\/concursos\/sp\/\" target=\"_blank\" rel=\"noreferrer noopener\">Concursos SP<\/a><\/li>\n<\/ul>\n\n\n\n<div class=\"container\" id=\"boxes\">\n  <div class=\"row\">\n\n    <div class=\"col-sm\">\n      <div class=\"estrategia\" id=\"box-assinatura\">\n        <h3 class=\"titulo-assinatura\">Assinatura de Concursos<\/h3>\n        <p class=\"subtitulo-assinatura\">Assinatura de 1 ano ou 2 anos<\/p>\n        <div class=\"box-botao\">\n          <a class=\"btn-assinatura\" target=\"_blank\" href=\"https:\/\/www.estrategiaconcursos.com.br\/assinaturas\/\" role=\"button\" rel=\"noopener noreferrer\">ASSINE AGORA<\/a>\n        <\/div>\n      <\/div><\/div><\/div><\/div>\n\n\n\n<p><\/p>\n","protected":false},"excerpt":{"rendered":"<p>Confira a corre\u00e7\u00e3o AO VIVO do gabarito extraoficial da prova do Concurso GCM SP! Aconteceram neste domingo (26) as provas do concurso p\u00fablico GCM SP (Guarda Civil Metropolitana de S\u00e3o Paulo). Sob organiza\u00e7\u00e3o da Funda\u00e7\u00e3o Vunesp, s\u00e3o ofertadas 500 vagas distribu\u00eddas entre ampla concorr\u00eancia, pessoas com defici\u00eancia e negros. Com sal\u00e1rio inicial de R$ 4.127,52, [&hellip;]<\/p>\n","protected":false},"author":2134,"featured_media":1757819,"comment_status":"open","ping_status":"closed","sticky":false,"template":"","format":"standard","meta":{"post_tipo":"news","footnotes":""},"categories":[220189,220219],"tags":[],"tax_estado":[219989],"class_list":["post-1757737","post","type-post","status-publish","format-standard","has-post-thumbnail","hentry","category-policial-guarda-civis","category-noticias","tax_estado-sp"],"acf":[],"yoast_head":"<!-- This site is optimized with the Yoast SEO Premium plugin v27.2 (Yoast SEO v27.2) - https:\/\/yoast.com\/product\/yoast-seo-premium-wordpress\/ -->\n<title>Gabarito Extraoficial GCM SP: veja a corre\u00e7\u00e3o!<\/title>\n<meta name=\"description\" content=\"Confira a corre\u00e7\u00e3o AO VIVO do gabarito extraoficial da prova do Concurso GCM SP! Avalia\u00e7\u00e3o ocorreu em 26 de abril!\" \/>\n<meta name=\"robots\" content=\"index, follow, max-snippet:-1, max-image-preview:large, max-video-preview:-1\" \/>\n<link rel=\"canonical\" href=\"https:\/\/www.estrategiaconcursos.com.br\/blog\/gabarito-extraoficial-gcm-sp-2026\/\" \/>\n<meta property=\"og:locale\" content=\"pt_BR\" \/>\n<meta property=\"og:type\" content=\"article\" \/>\n<meta property=\"og:title\" content=\"Gabarito Extraoficial GCM SP: veja a corre\u00e7\u00e3o!\" \/>\n<meta property=\"og:description\" content=\"Confira a corre\u00e7\u00e3o AO VIVO do gabarito extraoficial da prova do Concurso GCM SP! Avalia\u00e7\u00e3o ocorreu em 26 de abril!\" \/>\n<meta property=\"og:url\" content=\"https:\/\/www.estrategiaconcursos.com.br\/blog\/gabarito-extraoficial-gcm-sp-2026\/\" \/>\n<meta property=\"og:site_name\" content=\"Estrat\u00e9gia Concursos\" \/>\n<meta property=\"article:published_time\" content=\"2026-04-27T14:08:48+00:00\" \/>\n<meta property=\"article:modified_time\" content=\"2026-04-27T14:44:22+00:00\" \/>\n<meta property=\"og:image\" content=\"https:\/\/dhg1h5j42swfq.cloudfront.net\/2026\/04\/27114414\/ytb_rev-vesp-gcm-sp.jpg\" \/>\n\t<meta property=\"og:image:width\" content=\"1280\" \/>\n\t<meta property=\"og:image:height\" content=\"720\" \/>\n\t<meta property=\"og:image:type\" content=\"image\/jpeg\" \/>\n<meta name=\"author\" content=\"Rafaela Teixeira\" \/>\n<meta name=\"twitter:card\" content=\"summary_large_image\" \/>\n<meta name=\"twitter:creator\" content=\"@EstratConcursos\" \/>\n<meta name=\"twitter:site\" content=\"@EstratConcursos\" \/>\n<meta name=\"twitter:label1\" content=\"Escrito por\" \/>\n\t<meta name=\"twitter:data1\" content=\"Rafaela Teixeira\" \/>\n\t<meta name=\"twitter:label2\" content=\"Est. tempo de leitura\" \/>\n\t<meta name=\"twitter:data2\" content=\"3 minutos\" \/>\n<script type=\"application\/ld+json\" class=\"yoast-schema-graph\">{\"@context\":\"https:\/\/schema.org\",\"@graph\":[{\"@type\":\"NewsArticle\",\"@id\":\"https:\/\/www.estrategiaconcursos.com.br\/blog\/gabarito-extraoficial-gcm-sp-2026\/#article\",\"isPartOf\":{\"@id\":\"https:\/\/www.estrategiaconcursos.com.br\/blog\/gabarito-extraoficial-gcm-sp-2026\/\"},\"author\":{\"name\":\"Rafaela Teixeira\",\"@id\":\"https:\/\/www.estrategiaconcursos.com.br\/blog\/#\/schema\/person\/e75352021ea7f60781c599934f916eb1\"},\"headline\":\"Gabarito Extraoficial GCM SP: veja a corre\u00e7\u00e3o!\",\"datePublished\":\"2026-04-27T14:08:48+00:00\",\"dateModified\":\"2026-04-27T14:44:22+00:00\",\"mainEntityOfPage\":{\"@id\":\"https:\/\/www.estrategiaconcursos.com.br\/blog\/gabarito-extraoficial-gcm-sp-2026\/\"},\"wordCount\":668,\"commentCount\":0,\"publisher\":{\"@id\":\"https:\/\/www.estrategiaconcursos.com.br\/blog\/#organization\"},\"image\":{\"@id\":\"https:\/\/www.estrategiaconcursos.com.br\/blog\/gabarito-extraoficial-gcm-sp-2026\/#primaryimage\"},\"thumbnailUrl\":\"https:\/\/dhg1h5j42swfq.cloudfront.net\/2026\/04\/27114414\/ytb_rev-vesp-gcm-sp.jpg\",\"articleSection\":[\"Policial (Guardas Civis)\",\"\u00daltimas not\u00edcias\"],\"inLanguage\":\"pt-BR\",\"potentialAction\":[{\"@type\":\"CommentAction\",\"name\":\"Comment\",\"target\":[\"https:\/\/www.estrategiaconcursos.com.br\/blog\/gabarito-extraoficial-gcm-sp-2026\/#respond\"]}],\"copyrightYear\":\"2026\",\"copyrightHolder\":{\"@id\":\"https:\/\/www.estrategiaconcursos.com.br\/blog\/#organization\"}},{\"@type\":\"WebPage\",\"@id\":\"https:\/\/www.estrategiaconcursos.com.br\/blog\/gabarito-extraoficial-gcm-sp-2026\/\",\"url\":\"https:\/\/www.estrategiaconcursos.com.br\/blog\/gabarito-extraoficial-gcm-sp-2026\/\",\"name\":\"Gabarito Extraoficial GCM SP: veja a corre\u00e7\u00e3o!\",\"isPartOf\":{\"@id\":\"https:\/\/www.estrategiaconcursos.com.br\/blog\/#website\"},\"primaryImageOfPage\":{\"@id\":\"https:\/\/www.estrategiaconcursos.com.br\/blog\/gabarito-extraoficial-gcm-sp-2026\/#primaryimage\"},\"image\":{\"@id\":\"https:\/\/www.estrategiaconcursos.com.br\/blog\/gabarito-extraoficial-gcm-sp-2026\/#primaryimage\"},\"thumbnailUrl\":\"https:\/\/dhg1h5j42swfq.cloudfront.net\/2026\/04\/27114414\/ytb_rev-vesp-gcm-sp.jpg\",\"datePublished\":\"2026-04-27T14:08:48+00:00\",\"dateModified\":\"2026-04-27T14:44:22+00:00\",\"description\":\"Confira a corre\u00e7\u00e3o AO VIVO do gabarito extraoficial da prova do Concurso GCM SP! Avalia\u00e7\u00e3o ocorreu em 26 de abril!\",\"breadcrumb\":{\"@id\":\"https:\/\/www.estrategiaconcursos.com.br\/blog\/gabarito-extraoficial-gcm-sp-2026\/#breadcrumb\"},\"inLanguage\":\"pt-BR\",\"potentialAction\":[{\"@type\":\"ReadAction\",\"target\":[\"https:\/\/www.estrategiaconcursos.com.br\/blog\/gabarito-extraoficial-gcm-sp-2026\/\"]}]},{\"@type\":\"ImageObject\",\"inLanguage\":\"pt-BR\",\"@id\":\"https:\/\/www.estrategiaconcursos.com.br\/blog\/gabarito-extraoficial-gcm-sp-2026\/#primaryimage\",\"url\":\"https:\/\/dhg1h5j42swfq.cloudfront.net\/2026\/04\/27114414\/ytb_rev-vesp-gcm-sp.jpg\",\"contentUrl\":\"https:\/\/dhg1h5j42swfq.cloudfront.net\/2026\/04\/27114414\/ytb_rev-vesp-gcm-sp.jpg\",\"width\":1280,\"height\":720},{\"@type\":\"BreadcrumbList\",\"@id\":\"https:\/\/www.estrategiaconcursos.com.br\/blog\/gabarito-extraoficial-gcm-sp-2026\/#breadcrumb\",\"itemListElement\":[{\"@type\":\"ListItem\",\"position\":1,\"name\":\"In\u00edcio\",\"item\":\"https:\/\/www.estrategiaconcursos.com.br\/blog\/\"},{\"@type\":\"ListItem\",\"position\":2,\"name\":\"Gabarito Extraoficial GCM SP: veja a corre\u00e7\u00e3o!\"}]},{\"@type\":\"WebSite\",\"@id\":\"https:\/\/www.estrategiaconcursos.com.br\/blog\/#website\",\"url\":\"https:\/\/www.estrategiaconcursos.com.br\/blog\/\",\"name\":\"Estrat\u00e9gia Concursos\",\"description\":\"O blog da Estrat\u00e9gia Concursos traz not\u00edcias sobre concursos e artigos de professores oferecendo cursos para concursos (pdf + videaulas) no site.\",\"publisher\":{\"@id\":\"https:\/\/www.estrategiaconcursos.com.br\/blog\/#organization\"},\"potentialAction\":[{\"@type\":\"SearchAction\",\"target\":{\"@type\":\"EntryPoint\",\"urlTemplate\":\"https:\/\/www.estrategiaconcursos.com.br\/blog\/?s={search_term_string}\"},\"query-input\":{\"@type\":\"PropertyValueSpecification\",\"valueRequired\":true,\"valueName\":\"search_term_string\"}}],\"inLanguage\":\"pt-BR\"},{\"@type\":\"Organization\",\"@id\":\"https:\/\/www.estrategiaconcursos.com.br\/blog\/#organization\",\"name\":\"Estrat\u00e9gia Concursos\",\"url\":\"https:\/\/www.estrategiaconcursos.com.br\/blog\/\",\"logo\":{\"@type\":\"ImageObject\",\"inLanguage\":\"pt-BR\",\"@id\":\"https:\/\/www.estrategiaconcursos.com.br\/blog\/#\/schema\/logo\/image\/\",\"url\":\"https:\/\/dhg1h5j42swfq.cloudfront.net\/2025\/06\/03203428\/logo_concursos-1.jpg\",\"contentUrl\":\"https:\/\/dhg1h5j42swfq.cloudfront.net\/2025\/06\/03203428\/logo_concursos-1.jpg\",\"width\":230,\"height\":60,\"caption\":\"Estrat\u00e9gia Concursos\"},\"image\":{\"@id\":\"https:\/\/www.estrategiaconcursos.com.br\/blog\/#\/schema\/logo\/image\/\"},\"sameAs\":[\"https:\/\/x.com\/EstratConcursos\"]},{\"@type\":\"Person\",\"@id\":\"https:\/\/www.estrategiaconcursos.com.br\/blog\/#\/schema\/person\/e75352021ea7f60781c599934f916eb1\",\"name\":\"Rafaela Teixeira\",\"image\":{\"@type\":\"ImageObject\",\"inLanguage\":\"pt-BR\",\"@id\":\"https:\/\/secure.gravatar.com\/avatar\/8a349a2b22039b1ee88fc06461487c950fd6aa411ea8af8633314b43334ae793?s=96&d=mm&r=g\",\"url\":\"https:\/\/secure.gravatar.com\/avatar\/8a349a2b22039b1ee88fc06461487c950fd6aa411ea8af8633314b43334ae793?s=96&d=mm&r=g\",\"contentUrl\":\"https:\/\/secure.gravatar.com\/avatar\/8a349a2b22039b1ee88fc06461487c950fd6aa411ea8af8633314b43334ae793?s=96&d=mm&r=g\",\"caption\":\"Rafaela Teixeira\"},\"description\":\"Rafaela Teixeira \u00e9 advogada conveniada \u00e0 Defensoria P\u00fablica de S\u00e3o Paulo pela OAB, com experi\u00eancia em reda\u00e7\u00e3o jur\u00eddica e atua\u00e7\u00e3o em institui\u00e7\u00f5es p\u00fablicas, incluindo est\u00e1gio no TRE-SP. Possui mais de 7 anos de experi\u00eancia na produ\u00e7\u00e3o de conte\u00fados voltados ao nicho de concursos p\u00fablicos, com foco em apura\u00e7\u00e3o jornal\u00edstica cont\u00ednua, an\u00e1lise de editais e obten\u00e7\u00e3o de informa\u00e7\u00f5es diretamente junto a \u00f3rg\u00e3os e fontes oficiais. No Blog do Estrat\u00e9gia Concursos, atua como Analista de Conte\u00fado S\u00eanior, respons\u00e1vel pelo jornalismo do per\u00edodo noturno e da madrugada, com atua\u00e7\u00e3o transversal na cobertura de concursos p\u00fablicos, garantindo a continuidade, fluidez e confiabilidade das publica\u00e7\u00f5es e dos bastidores dos certames.\",\"url\":\"https:\/\/www.estrategiaconcursos.com.br\/blog\/author\/rafaela-teixeira\/\"}]}<\/script>\n<!-- \/ Yoast SEO Premium plugin. -->","yoast_head_json":{"title":"Gabarito Extraoficial GCM SP: veja a corre\u00e7\u00e3o!","description":"Confira a corre\u00e7\u00e3o AO VIVO do gabarito extraoficial da prova do Concurso GCM SP! Avalia\u00e7\u00e3o ocorreu em 26 de abril!","robots":{"index":"index","follow":"follow","max-snippet":"max-snippet:-1","max-image-preview":"max-image-preview:large","max-video-preview":"max-video-preview:-1"},"canonical":"https:\/\/www.estrategiaconcursos.com.br\/blog\/gabarito-extraoficial-gcm-sp-2026\/","og_locale":"pt_BR","og_type":"article","og_title":"Gabarito Extraoficial GCM SP: veja a corre\u00e7\u00e3o!","og_description":"Confira a corre\u00e7\u00e3o AO VIVO do gabarito extraoficial da prova do Concurso GCM SP! Avalia\u00e7\u00e3o ocorreu em 26 de abril!","og_url":"https:\/\/www.estrategiaconcursos.com.br\/blog\/gabarito-extraoficial-gcm-sp-2026\/","og_site_name":"Estrat\u00e9gia Concursos","article_published_time":"2026-04-27T14:08:48+00:00","article_modified_time":"2026-04-27T14:44:22+00:00","og_image":[{"width":1280,"height":720,"url":"https:\/\/dhg1h5j42swfq.cloudfront.net\/2026\/04\/27114414\/ytb_rev-vesp-gcm-sp.jpg","type":"image\/jpeg"}],"author":"Rafaela Teixeira","twitter_card":"summary_large_image","twitter_creator":"@EstratConcursos","twitter_site":"@EstratConcursos","twitter_misc":{"Escrito por":"Rafaela Teixeira","Est. tempo de leitura":"3 minutos"},"schema":{"@context":"https:\/\/schema.org","@graph":[{"@type":"NewsArticle","@id":"https:\/\/www.estrategiaconcursos.com.br\/blog\/gabarito-extraoficial-gcm-sp-2026\/#article","isPartOf":{"@id":"https:\/\/www.estrategiaconcursos.com.br\/blog\/gabarito-extraoficial-gcm-sp-2026\/"},"author":{"name":"Rafaela Teixeira","@id":"https:\/\/www.estrategiaconcursos.com.br\/blog\/#\/schema\/person\/e75352021ea7f60781c599934f916eb1"},"headline":"Gabarito Extraoficial GCM SP: veja a corre\u00e7\u00e3o!","datePublished":"2026-04-27T14:08:48+00:00","dateModified":"2026-04-27T14:44:22+00:00","mainEntityOfPage":{"@id":"https:\/\/www.estrategiaconcursos.com.br\/blog\/gabarito-extraoficial-gcm-sp-2026\/"},"wordCount":668,"commentCount":0,"publisher":{"@id":"https:\/\/www.estrategiaconcursos.com.br\/blog\/#organization"},"image":{"@id":"https:\/\/www.estrategiaconcursos.com.br\/blog\/gabarito-extraoficial-gcm-sp-2026\/#primaryimage"},"thumbnailUrl":"https:\/\/dhg1h5j42swfq.cloudfront.net\/2026\/04\/27114414\/ytb_rev-vesp-gcm-sp.jpg","articleSection":["Policial (Guardas Civis)","\u00daltimas not\u00edcias"],"inLanguage":"pt-BR","potentialAction":[{"@type":"CommentAction","name":"Comment","target":["https:\/\/www.estrategiaconcursos.com.br\/blog\/gabarito-extraoficial-gcm-sp-2026\/#respond"]}],"copyrightYear":"2026","copyrightHolder":{"@id":"https:\/\/www.estrategiaconcursos.com.br\/blog\/#organization"}},{"@type":"WebPage","@id":"https:\/\/www.estrategiaconcursos.com.br\/blog\/gabarito-extraoficial-gcm-sp-2026\/","url":"https:\/\/www.estrategiaconcursos.com.br\/blog\/gabarito-extraoficial-gcm-sp-2026\/","name":"Gabarito Extraoficial GCM SP: veja a corre\u00e7\u00e3o!","isPartOf":{"@id":"https:\/\/www.estrategiaconcursos.com.br\/blog\/#website"},"primaryImageOfPage":{"@id":"https:\/\/www.estrategiaconcursos.com.br\/blog\/gabarito-extraoficial-gcm-sp-2026\/#primaryimage"},"image":{"@id":"https:\/\/www.estrategiaconcursos.com.br\/blog\/gabarito-extraoficial-gcm-sp-2026\/#primaryimage"},"thumbnailUrl":"https:\/\/dhg1h5j42swfq.cloudfront.net\/2026\/04\/27114414\/ytb_rev-vesp-gcm-sp.jpg","datePublished":"2026-04-27T14:08:48+00:00","dateModified":"2026-04-27T14:44:22+00:00","description":"Confira a corre\u00e7\u00e3o AO VIVO do gabarito extraoficial da prova do Concurso GCM SP! Avalia\u00e7\u00e3o ocorreu em 26 de abril!","breadcrumb":{"@id":"https:\/\/www.estrategiaconcursos.com.br\/blog\/gabarito-extraoficial-gcm-sp-2026\/#breadcrumb"},"inLanguage":"pt-BR","potentialAction":[{"@type":"ReadAction","target":["https:\/\/www.estrategiaconcursos.com.br\/blog\/gabarito-extraoficial-gcm-sp-2026\/"]}]},{"@type":"ImageObject","inLanguage":"pt-BR","@id":"https:\/\/www.estrategiaconcursos.com.br\/blog\/gabarito-extraoficial-gcm-sp-2026\/#primaryimage","url":"https:\/\/dhg1h5j42swfq.cloudfront.net\/2026\/04\/27114414\/ytb_rev-vesp-gcm-sp.jpg","contentUrl":"https:\/\/dhg1h5j42swfq.cloudfront.net\/2026\/04\/27114414\/ytb_rev-vesp-gcm-sp.jpg","width":1280,"height":720},{"@type":"BreadcrumbList","@id":"https:\/\/www.estrategiaconcursos.com.br\/blog\/gabarito-extraoficial-gcm-sp-2026\/#breadcrumb","itemListElement":[{"@type":"ListItem","position":1,"name":"In\u00edcio","item":"https:\/\/www.estrategiaconcursos.com.br\/blog\/"},{"@type":"ListItem","position":2,"name":"Gabarito Extraoficial GCM SP: veja a corre\u00e7\u00e3o!"}]},{"@type":"WebSite","@id":"https:\/\/www.estrategiaconcursos.com.br\/blog\/#website","url":"https:\/\/www.estrategiaconcursos.com.br\/blog\/","name":"Estrat\u00e9gia Concursos","description":"O blog da Estrat\u00e9gia Concursos traz not\u00edcias sobre concursos e artigos de professores oferecendo cursos para concursos (pdf + videaulas) no site.","publisher":{"@id":"https:\/\/www.estrategiaconcursos.com.br\/blog\/#organization"},"potentialAction":[{"@type":"SearchAction","target":{"@type":"EntryPoint","urlTemplate":"https:\/\/www.estrategiaconcursos.com.br\/blog\/?s={search_term_string}"},"query-input":{"@type":"PropertyValueSpecification","valueRequired":true,"valueName":"search_term_string"}}],"inLanguage":"pt-BR"},{"@type":"Organization","@id":"https:\/\/www.estrategiaconcursos.com.br\/blog\/#organization","name":"Estrat\u00e9gia Concursos","url":"https:\/\/www.estrategiaconcursos.com.br\/blog\/","logo":{"@type":"ImageObject","inLanguage":"pt-BR","@id":"https:\/\/www.estrategiaconcursos.com.br\/blog\/#\/schema\/logo\/image\/","url":"https:\/\/dhg1h5j42swfq.cloudfront.net\/2025\/06\/03203428\/logo_concursos-1.jpg","contentUrl":"https:\/\/dhg1h5j42swfq.cloudfront.net\/2025\/06\/03203428\/logo_concursos-1.jpg","width":230,"height":60,"caption":"Estrat\u00e9gia Concursos"},"image":{"@id":"https:\/\/www.estrategiaconcursos.com.br\/blog\/#\/schema\/logo\/image\/"},"sameAs":["https:\/\/x.com\/EstratConcursos"]},{"@type":"Person","@id":"https:\/\/www.estrategiaconcursos.com.br\/blog\/#\/schema\/person\/e75352021ea7f60781c599934f916eb1","name":"Rafaela Teixeira","image":{"@type":"ImageObject","inLanguage":"pt-BR","@id":"https:\/\/secure.gravatar.com\/avatar\/8a349a2b22039b1ee88fc06461487c950fd6aa411ea8af8633314b43334ae793?s=96&d=mm&r=g","url":"https:\/\/secure.gravatar.com\/avatar\/8a349a2b22039b1ee88fc06461487c950fd6aa411ea8af8633314b43334ae793?s=96&d=mm&r=g","contentUrl":"https:\/\/secure.gravatar.com\/avatar\/8a349a2b22039b1ee88fc06461487c950fd6aa411ea8af8633314b43334ae793?s=96&d=mm&r=g","caption":"Rafaela Teixeira"},"description":"Rafaela Teixeira \u00e9 advogada conveniada \u00e0 Defensoria P\u00fablica de S\u00e3o Paulo pela OAB, com experi\u00eancia em reda\u00e7\u00e3o jur\u00eddica e atua\u00e7\u00e3o em institui\u00e7\u00f5es p\u00fablicas, incluindo est\u00e1gio no TRE-SP. Possui mais de 7 anos de experi\u00eancia na produ\u00e7\u00e3o de conte\u00fados voltados ao nicho de concursos p\u00fablicos, com foco em apura\u00e7\u00e3o jornal\u00edstica cont\u00ednua, an\u00e1lise de editais e obten\u00e7\u00e3o de informa\u00e7\u00f5es diretamente junto a \u00f3rg\u00e3os e fontes oficiais. No Blog do Estrat\u00e9gia Concursos, atua como Analista de Conte\u00fado S\u00eanior, respons\u00e1vel pelo jornalismo do per\u00edodo noturno e da madrugada, com atua\u00e7\u00e3o transversal na cobertura de concursos p\u00fablicos, garantindo a continuidade, fluidez e confiabilidade das publica\u00e7\u00f5es e dos bastidores dos certames.","url":"https:\/\/www.estrategiaconcursos.com.br\/blog\/author\/rafaela-teixeira\/"}]}},"_links":{"self":[{"href":"https:\/\/www.estrategiaconcursos.com.br\/blog\/wp-json\/wp\/v2\/posts\/1757737","targetHints":{"allow":["GET"]}}],"collection":[{"href":"https:\/\/www.estrategiaconcursos.com.br\/blog\/wp-json\/wp\/v2\/posts"}],"about":[{"href":"https:\/\/www.estrategiaconcursos.com.br\/blog\/wp-json\/wp\/v2\/types\/post"}],"author":[{"embeddable":true,"href":"https:\/\/www.estrategiaconcursos.com.br\/blog\/wp-json\/wp\/v2\/users\/2134"}],"replies":[{"embeddable":true,"href":"https:\/\/www.estrategiaconcursos.com.br\/blog\/wp-json\/wp\/v2\/comments?post=1757737"}],"version-history":[{"count":2,"href":"https:\/\/www.estrategiaconcursos.com.br\/blog\/wp-json\/wp\/v2\/posts\/1757737\/revisions"}],"predecessor-version":[{"id":1757774,"href":"https:\/\/www.estrategiaconcursos.com.br\/blog\/wp-json\/wp\/v2\/posts\/1757737\/revisions\/1757774"}],"wp:featuredmedia":[{"embeddable":true,"href":"https:\/\/www.estrategiaconcursos.com.br\/blog\/wp-json\/wp\/v2\/media\/1757819"}],"wp:attachment":[{"href":"https:\/\/www.estrategiaconcursos.com.br\/blog\/wp-json\/wp\/v2\/media?parent=1757737"}],"wp:term":[{"taxonomy":"category","embeddable":true,"href":"https:\/\/www.estrategiaconcursos.com.br\/blog\/wp-json\/wp\/v2\/categories?post=1757737"},{"taxonomy":"post_tag","embeddable":true,"href":"https:\/\/www.estrategiaconcursos.com.br\/blog\/wp-json\/wp\/v2\/tags?post=1757737"},{"taxonomy":"tax_estado","embeddable":true,"href":"https:\/\/www.estrategiaconcursos.com.br\/blog\/wp-json\/wp\/v2\/tax_estado?post=1757737"}],"curies":[{"name":"wp","href":"https:\/\/api.w.org\/{rel}","templated":true}]}}