{"id":1751751,"date":"2026-05-01T11:24:00","date_gmt":"2026-05-01T14:24:00","guid":{"rendered":"https:\/\/www.estrategiaconcursos.com.br\/blog\/?p=1751751"},"modified":"2026-04-21T16:15:30","modified_gmt":"2026-04-21T19:15:30","slug":"o-que-computacao-nuvem","status":"publish","type":"post","link":"https:\/\/www.estrategiaconcursos.com.br\/blog\/o-que-computacao-nuvem\/","title":{"rendered":"O que \u00e9 computa\u00e7\u00e3o em nuvem?"},"content":{"rendered":"\n<p><strong><em>Confira neste artigo o que \u00e9 computa\u00e7\u00e3o em nuvem. Entenda o conceito de forma simples e estruturada sob a \u00f3tica institucional<\/em><\/strong><\/p>\n\n\n\n<figure class=\"wp-block-image aligncenter size-large\"><img loading=\"lazy\" decoding=\"async\" width=\"1024\" height=\"503\" src=\"https:\/\/dhg1h5j42swfq.cloudfront.net\/2026\/04\/10154901\/whatsapp-image-2026-04-10-at-15-48-14-1024x503.jpeg\" alt=\"O que \u00e9 computa\u00e7\u00e3o em nuvem?\" class=\"wp-image-1751756\" srcset=\"https:\/\/dhg1h5j42swfq.cloudfront.net\/2026\/04\/10154901\/whatsapp-image-2026-04-10-at-15-48-14-1024x503.jpeg 1024w, https:\/\/dhg1h5j42swfq.cloudfront.net\/2026\/04\/10154901\/whatsapp-image-2026-04-10-at-15-48-14-300x147.jpeg 300w, https:\/\/dhg1h5j42swfq.cloudfront.net\/2026\/04\/10154901\/whatsapp-image-2026-04-10-at-15-48-14-768x377.jpeg 768w, https:\/\/dhg1h5j42swfq.cloudfront.net\/2026\/04\/10154901\/whatsapp-image-2026-04-10-at-15-48-14-1536x755.jpeg 1536w, https:\/\/dhg1h5j42swfq.cloudfront.net\/2026\/04\/10154901\/whatsapp-image-2026-04-10-at-15-48-14-150x74.jpeg 150w, https:\/\/dhg1h5j42swfq.cloudfront.net\/2026\/04\/10154901\/whatsapp-image-2026-04-10-at-15-48-14.jpeg 1600w\" sizes=\"auto, (max-width: 1024px) 100vw, 1024px\" \/><figcaption class=\"wp-element-caption\">O que \u00e9 computa\u00e7\u00e3o em nuvem?<\/figcaption><\/figure>\n\n\n\n<p>Ol\u00e1, pessoal! Tudo bem? Hoje faremos uma breve exposi\u00e7\u00e3o a respeito do que \u00e9 <strong>computa\u00e7\u00e3o em nuvem.<\/strong><\/p>\n\n\n\n<p>Redes sociais, plataformas de streaming e acesso a e-mails. Tudo isso faz parte da <strong>computa\u00e7\u00e3o em nuvem.<\/strong> Longe de se tratar apenas de entretenimento, a tecnologia se faz presente em diversas \u00e1reas de nosso cotidiano e contribui, inclusive, para a constru\u00e7\u00e3o de uma administra\u00e7\u00e3o p\u00fablica mais moderna.&nbsp;<\/p>\n\n\n\n<p>\u200bCom efeito, a ess\u00eancia do mecanismo \u00e9 caracterizada principalmente pela capacidade de <strong>acessar dados de qualquer lugar, com seguran\u00e7a e baixo custo.<\/strong> Mas, o que exatamente a computa\u00e7\u00e3o em nuvem representa?&nbsp;<\/p>\n\n\n\n<p>Neste artigo, vamos analisar o tema de forma simples e estruturada, dissecando-o, sobretudo, sob a <strong>\u00f3tica institucional.<\/strong> Acompanhe!<\/p>\n\n\n\n<h2 class=\"wp-block-heading has-vivid-cyan-blue-color has-very-light-gray-to-cyan-bluish-gray-gradient-background has-text-color has-background has-link-color wp-elements-a68539449c03160eb8980d16c55cb3d7\" id=\"h-o-que-e-a-nuvem\"><strong>\u200bO que \u00e9 a nuvem?<\/strong><\/h2>\n\n\n\n<p>\u200bAo contr\u00e1rio do que se pode imaginar, <strong>a &#8220;nuvem&#8221; (ou <\/strong><strong><em>cloud computing<\/em><\/strong><strong>) n\u00e3o \u00e9 algo et\u00e9reo ou invis\u00edvel.<\/strong> Em s\u00edntese,&nbsp; trata-se de computadores e servidores de alt\u00edssima pot\u00eancia, de propriedade de grandes empresas (como Google, Amazon e Microsoft), que ficam localizados em enormes centros de processamento de dados espalhados pelo mundo.<\/p>\n\n\n\n<p>\u200bDesse modo, em vez de cada usu\u00e1rio ter seu pr\u00f3prio equipamento caro e dif\u00edcil de manter, <strong>\u00e9 como se as empresas &#8220;alugassem&#8221; um espa\u00e7o<\/strong> nesses supercomputadores via internet. \u200bPara facilitar o entendimento, precisamos analisar a computa\u00e7\u00e3o em nuvem em seus tr\u00eas principais n\u00edveis. Vejamos:<\/p>\n\n\n\n<ul class=\"wp-block-list\">\n<li>\u200b<strong>Software como Servi\u00e7o (SaaS):<\/strong> \u00e9 o n\u00edvel mais comum. Voc\u00ea usa um programa que j\u00e1 est\u00e1 pronto na internet, como o Gmail ou o Google Drive. Voc\u00ea n\u00e3o precisa instalar nada no seu computador; basta fazer o login e usar.<\/li>\n\n\n\n<li>\u200b<strong>Plataforma como Servi\u00e7o (PaaS):<\/strong> aqui o foco \u00e9 para quem cria. Imagine que voc\u00ea quer desenvolver um aplicativo. Em vez de comprar servidores, voc\u00ea aluga uma plataforma pronta para &#8220;construir&#8221; sua ideia l\u00e1 dentro.<\/li>\n\n\n\n<li>\u200b<strong>Infraestrutura como Servi\u00e7o (IaaS):<\/strong> \u00e9 o n\u00edvel mais t\u00e9cnico. O \u00f3rg\u00e3o p\u00fablico ou a empresa aluga a &#8220;m\u00e1quina nua&#8221; (processamento e armazenamento) para configurar do seu jeito, evitando gastos com hardware f\u00edsico.<\/li>\n<\/ul>\n\n\n\n<h2 class=\"wp-block-heading has-vivid-cyan-blue-color has-very-light-gray-to-cyan-bluish-gray-gradient-background has-text-color has-background has-link-color wp-elements-616827f324632358f3019f5203be7ba8\" id=\"h-qual-a-importancia-da-computacao-em-nuvem-sob-a-otica-institucional\"><strong>Qual a import\u00e2ncia da computa\u00e7\u00e3o em nuvem sob a \u00f3tica institucional?<\/strong><\/h2>\n\n\n\n<p>\u200bAo analisar o movimento de digitaliza\u00e7\u00e3o do governo brasileiro (como o portal GOV.BR) \u00e9 poss\u00edvel constatar que <strong>a computa\u00e7\u00e3o em nuvem \u00e9 pe\u00e7a-chave<\/strong> e os motivos s\u00e3o baseados na efici\u00eancia:<\/p>\n\n\n\n<ul class=\"wp-block-list\">\n<li>\u200b<strong>Economia de escala:<\/strong> comprar e manter servidores f\u00edsicos \u00e9 car\u00edssimo. Al\u00e9m disso, eles estragam, ficam obsoletos em poucos anos e exigem equipes de manuten\u00e7\u00e3o 24 horas. Na nuvem, o governo paga apenas pelo espa\u00e7o que ocupa. Se a demanda cresce (como na \u00e9poca do Imposto de Renda), o sistema &#8220;estica&#8221;; se a demanda cai, o custo diminui.<\/li>\n\n\n\n<li>\u200b<strong>Seguran\u00e7a de dados:<\/strong> certamente, \u00e9 muito mais seguro guardar dados em um datacenter profissional, com sistemas de criptografia e prote\u00e7\u00e3o contra invas\u00f5es, do que em um servidor simples dentro de uma reparti\u00e7\u00e3o p\u00fablica sujeita a quedas de energia ou falhas humanas.<\/li>\n\n\n\n<li>\u200b<strong>Mobilidade e colabora\u00e7\u00e3o:<\/strong> a nuvem permite que servidores p\u00fablicos, por exemplo, acessem ferramentas de trabalho de qualquer lugar. Desse modo, quebram-se as barreiras f\u00edsicas da burocracia e acelera-se o bom atendimento ao cidad\u00e3o.<\/li>\n<\/ul>\n\n\n\n<h2 class=\"wp-block-heading has-vivid-cyan-blue-color has-very-light-gray-to-cyan-bluish-gray-gradient-background has-text-color has-background has-link-color wp-elements-dd76c80e975423054ac320a59f3cee65\" id=\"h-computacao-em-nuvem-transparencia-publica-e-novos-desafios\"><strong>\u200bComputa\u00e7\u00e3o em nuvem, transpar\u00eancia p\u00fablica e novos desafios<\/strong><\/h2>\n\n\n\n<p>Ainda sob a \u00f3tica institucional, cabe ressaltar que \u200ba computa\u00e7\u00e3o em nuvem facilitou a exist\u00eancia dos <strong>Portais da Transpar\u00eancia<\/strong>. Ou seja, com os dados sendo processados de forma centralizada e organizada na nuvem, ficou muito mais f\u00e1cil extrair relat\u00f3rios, gr\u00e1ficos e planilhas para que qualquer cidad\u00e3o possa fiscalizar os gastos do governo em tempo real.&nbsp;<\/p>\n\n\n\n<p>\u200bEntretanto, <strong>inovar traz desafios.<\/strong> Nesse contexto, o principal deles \u00e9 a <strong>soberania de dados.<\/strong> Imagine que dados brasileiros estejam guardados em servidores que fisicamente ficam em outros pa\u00edses. Como garantir que as nossas leis, como a LGPD (Lei Geral de Prote\u00e7\u00e3o de Dados) sejam respeitadas?&nbsp;<\/p>\n\n\n\n<p>\u00c9 um questionamento e tanto. Nessa esteira, o governo brasileiro tem investido em <strong>&#8220;nuvens governamentais&#8221;<\/strong> ou contratos rigorosos que garantem que, mesmo que a tecnologia seja estrangeira, o controle dos dados continue sendo do Estado brasileiro.<\/p>\n\n\n\n<p>Para quem estuda o tema ou apenas quer entender o conceito, a li\u00e7\u00e3o \u00e9 clara: entre os <strong>muitos benef\u00edcios da tecnologia,<\/strong> a presta\u00e7\u00e3o de um servi\u00e7o p\u00fablico de excel\u00eancia tem se efetivado com sucesso, com custos menores e resultados maiores.&nbsp;<\/p>\n\n\n\n<p>Em \u00faltima an\u00e1lise, a nuvem \u00e9 <strong>uma ferramenta que permite que o Estado seja mais leve, r\u00e1pido e presente na vida dos cidad\u00e3os.<\/strong> Hoje, uma pequena prefeitura no interior do pa\u00eds pode ter acesso aos mesmos sistemas de seguran\u00e7a e processamento que uma grande multinacional, gra\u00e7as \u00e0 nuvem.<\/p>\n\n\n\n<h2 class=\"wp-block-heading has-vivid-cyan-blue-color has-text-color has-link-color wp-elements-b1b81023c7d99605d4f67996ac462964\" id=\"h-consideracoes-finais-nbsp\"><strong>Considera\u00e7\u00f5es finais&nbsp;<\/strong><\/h2>\n\n\n\n<p>Ent\u00e3o, \u00e9 isso, pessoal! Chegamos ao fim de nossa an\u00e1lise sobre <strong>o que \u00e9 computa\u00e7\u00e3o em nuvem. <\/strong>Esperamos que tenham gostado.<\/p>\n\n\n\n<p>Leia tamb\u00e9m:<\/p>\n\n\n\n<ul class=\"wp-block-list\">\n<li><a href=\"https:\/\/www.estrategiaconcursos.com.br\/blog\/teletrabalho-servico-publico\/\"><strong>Como funciona o teletrabalho no servi\u00e7o p\u00fablico?<\/strong><\/a><\/li>\n\n\n\n<li><a href=\"https:\/\/www.estrategiaconcursos.com.br\/blog\/agentes_tratamento_dados_pessoais\/\"><strong>LGPD: quem s\u00e3o os Agentes de Tratamento de Dados Pessoais?<\/strong><\/a><\/li>\n\n\n\n<li><a href=\"https:\/\/www.estrategiaconcursos.com.br\/blog\/tecnologia-iot\/\"><strong>O que voc\u00ea precisa saber sobre a tecnologia IoT?<\/strong><\/a><\/li>\n<\/ul>\n\n\n\n<p>Se voc\u00ea quer se preparar para chegar <strong>competitivo <\/strong>em qualquer prova de concurso p\u00fablico, invista nos <strong>cursos <\/strong>do <a href=\"https:\/\/www.estrategiaconcursos.com.br\/\"><strong>Estrat\u00e9gia Concursos<\/strong><\/a>. L\u00e1 voc\u00ea encontrar\u00e1 <strong>aulas completas e detalhadas, com os melhores professores do mercado<\/strong>.<\/p>\n\n\n\n<p>Conhe\u00e7a tamb\u00e9m o <a href=\"https:\/\/concursos.estrategia.com\/\"><strong>Sistema de Quest\u00f5es do Estrat\u00e9gia<\/strong><\/a>. Afinal, a \u00fanica forma de <strong>consolidar o conte\u00fado <\/strong>de maneira satisfat\u00f3ria \u00e9 atrav\u00e9s da <strong>resolu\u00e7\u00e3o de quest\u00f5es.<\/strong><\/p>\n\n\n\n<p class=\"has-text-align-center\">Bons estudos a todos e at\u00e9 a pr\u00f3xima!<\/p>\n\n\n\n<p class=\"has-text-align-center\"><strong>Cursos e Assinaturas<\/strong><\/p>\n\n\n\n<p class=\"has-text-align-center\"><strong>Quer saber quais ser\u00e3o os pr\u00f3ximos concursos?<\/strong><\/p>\n\n\n\n<p class=\"has-text-align-center\"><strong>Confira nossos artigos!<\/strong><\/p>\n\n\n\n<p class=\"has-text-align-center has-base-color has-vivid-cyan-blue-background-color has-text-color has-background has-link-color wp-elements-4cb6a55ca579d0d19abc007978235cb6\"><a href=\"https:\/\/www.estrategiaconcursos.com.br\/blog\/concursos-abertos\/\"><strong>Concursos Abertos<\/strong><\/a><\/p>\n\n\n\n<p class=\"has-text-align-center has-base-color has-vivid-cyan-blue-background-color has-text-color has-background has-link-color wp-elements-16f7b5fae50a7f1637e589624541fe63\"><a href=\"https:\/\/www.estrategiaconcursos.com.br\/blog\/concursos-2026\/\"><strong>Concursos 2026<\/strong>\u200b<\/a><\/p>\n","protected":false},"excerpt":{"rendered":"<p>Confira neste artigo o que \u00e9 computa\u00e7\u00e3o em nuvem. Entenda o conceito de forma simples e estruturada sob a \u00f3tica institucional Ol\u00e1, pessoal! Tudo bem? Hoje faremos uma breve exposi\u00e7\u00e3o a respeito do que \u00e9 computa\u00e7\u00e3o em nuvem. Redes sociais, plataformas de streaming e acesso a e-mails. Tudo isso faz parte da computa\u00e7\u00e3o em nuvem. [&hellip;]<\/p>\n","protected":false},"author":2974,"featured_media":1751756,"comment_status":"open","ping_status":"closed","sticky":false,"template":"","format":"standard","meta":{"post_tipo":"article","footnotes":""},"categories":[1],"tags":[],"tax_estado":[],"class_list":["post-1751751","post","type-post","status-publish","format-standard","has-post-thumbnail","hentry","category-cursos-e-concursos"],"acf":[],"yoast_head":"<!-- This site is optimized with the Yoast SEO Premium plugin v27.2 (Yoast SEO v27.2) - https:\/\/yoast.com\/product\/yoast-seo-premium-wordpress\/ -->\n<title>O que \u00e9 Computa\u00e7\u00e3o em nuvem?<\/title>\n<meta name=\"description\" content=\"Confira neste artigo o que \u00e9 computa\u00e7\u00e3o em nuvem. Entenda o conceito de forma simples e estruturada sob a \u00f3tica institucional.\" \/>\n<meta name=\"robots\" content=\"index, follow, max-snippet:-1, max-image-preview:large, max-video-preview:-1\" \/>\n<link rel=\"canonical\" href=\"https:\/\/www.estrategiaconcursos.com.br\/blog\/o-que-computacao-nuvem\/\" \/>\n<meta property=\"og:locale\" content=\"pt_BR\" \/>\n<meta property=\"og:type\" content=\"article\" \/>\n<meta property=\"og:title\" content=\"O que \u00e9 computa\u00e7\u00e3o em nuvem?\" \/>\n<meta property=\"og:description\" content=\"Confira neste artigo o que \u00e9 computa\u00e7\u00e3o em nuvem. Entenda o conceito de forma simples e estruturada sob a \u00f3tica institucional.\" \/>\n<meta property=\"og:url\" content=\"https:\/\/www.estrategiaconcursos.com.br\/blog\/o-que-computacao-nuvem\/\" \/>\n<meta property=\"og:site_name\" content=\"Estrat\u00e9gia Concursos\" \/>\n<meta property=\"article:published_time\" content=\"2026-05-01T14:24:00+00:00\" \/>\n<meta property=\"og:image\" content=\"https:\/\/dhg1h5j42swfq.cloudfront.net\/2026\/04\/10154901\/whatsapp-image-2026-04-10-at-15-48-14.jpeg\" \/>\n\t<meta property=\"og:image:width\" content=\"1600\" \/>\n\t<meta property=\"og:image:height\" content=\"786\" \/>\n\t<meta property=\"og:image:type\" content=\"image\/jpeg\" \/>\n<meta name=\"author\" content=\"Edmar Bezerra Araujo\" \/>\n<meta name=\"twitter:card\" content=\"summary_large_image\" \/>\n<meta name=\"twitter:creator\" content=\"@EstratConcursos\" \/>\n<meta name=\"twitter:site\" content=\"@EstratConcursos\" \/>\n<meta name=\"twitter:label1\" content=\"Escrito por\" \/>\n\t<meta name=\"twitter:data1\" content=\"Edmar Bezerra Araujo\" \/>\n\t<meta name=\"twitter:label2\" content=\"Est. tempo de leitura\" \/>\n\t<meta name=\"twitter:data2\" content=\"5 minutos\" \/>\n<script type=\"application\/ld+json\" class=\"yoast-schema-graph\">{\"@context\":\"https:\/\/schema.org\",\"@graph\":[{\"@type\":\"NewsArticle\",\"@id\":\"https:\/\/www.estrategiaconcursos.com.br\/blog\/o-que-computacao-nuvem\/#article\",\"isPartOf\":{\"@id\":\"https:\/\/www.estrategiaconcursos.com.br\/blog\/o-que-computacao-nuvem\/\"},\"author\":{\"name\":\"Edmar Bezerra Araujo\",\"@id\":\"https:\/\/www.estrategiaconcursos.com.br\/blog\/#\/schema\/person\/5516090bbe46c1c8aab9a7c5bf8595da\"},\"headline\":\"O que \u00e9 computa\u00e7\u00e3o em nuvem?\",\"datePublished\":\"2026-05-01T14:24:00+00:00\",\"mainEntityOfPage\":{\"@id\":\"https:\/\/www.estrategiaconcursos.com.br\/blog\/o-que-computacao-nuvem\/\"},\"wordCount\":978,\"commentCount\":0,\"publisher\":{\"@id\":\"https:\/\/www.estrategiaconcursos.com.br\/blog\/#organization\"},\"image\":{\"@id\":\"https:\/\/www.estrategiaconcursos.com.br\/blog\/o-que-computacao-nuvem\/#primaryimage\"},\"thumbnailUrl\":\"https:\/\/dhg1h5j42swfq.cloudfront.net\/2026\/04\/10154901\/whatsapp-image-2026-04-10-at-15-48-14.jpeg\",\"articleSection\":[\"Concursos P\u00fablicos\"],\"inLanguage\":\"pt-BR\",\"potentialAction\":[{\"@type\":\"CommentAction\",\"name\":\"Comment\",\"target\":[\"https:\/\/www.estrategiaconcursos.com.br\/blog\/o-que-computacao-nuvem\/#respond\"]}],\"copyrightYear\":\"2026\",\"copyrightHolder\":{\"@id\":\"https:\/\/www.estrategiaconcursos.com.br\/blog\/#organization\"}},{\"@type\":\"WebPage\",\"@id\":\"https:\/\/www.estrategiaconcursos.com.br\/blog\/o-que-computacao-nuvem\/\",\"url\":\"https:\/\/www.estrategiaconcursos.com.br\/blog\/o-que-computacao-nuvem\/\",\"name\":\"O que \u00e9 Computa\u00e7\u00e3o em nuvem?\",\"isPartOf\":{\"@id\":\"https:\/\/www.estrategiaconcursos.com.br\/blog\/#website\"},\"primaryImageOfPage\":{\"@id\":\"https:\/\/www.estrategiaconcursos.com.br\/blog\/o-que-computacao-nuvem\/#primaryimage\"},\"image\":{\"@id\":\"https:\/\/www.estrategiaconcursos.com.br\/blog\/o-que-computacao-nuvem\/#primaryimage\"},\"thumbnailUrl\":\"https:\/\/dhg1h5j42swfq.cloudfront.net\/2026\/04\/10154901\/whatsapp-image-2026-04-10-at-15-48-14.jpeg\",\"datePublished\":\"2026-05-01T14:24:00+00:00\",\"description\":\"Confira neste artigo o que \u00e9 computa\u00e7\u00e3o em nuvem. Entenda o conceito de forma simples e estruturada sob a \u00f3tica institucional.\",\"breadcrumb\":{\"@id\":\"https:\/\/www.estrategiaconcursos.com.br\/blog\/o-que-computacao-nuvem\/#breadcrumb\"},\"inLanguage\":\"pt-BR\",\"potentialAction\":[{\"@type\":\"ReadAction\",\"target\":[\"https:\/\/www.estrategiaconcursos.com.br\/blog\/o-que-computacao-nuvem\/\"]}]},{\"@type\":\"ImageObject\",\"inLanguage\":\"pt-BR\",\"@id\":\"https:\/\/www.estrategiaconcursos.com.br\/blog\/o-que-computacao-nuvem\/#primaryimage\",\"url\":\"https:\/\/dhg1h5j42swfq.cloudfront.net\/2026\/04\/10154901\/whatsapp-image-2026-04-10-at-15-48-14.jpeg\",\"contentUrl\":\"https:\/\/dhg1h5j42swfq.cloudfront.net\/2026\/04\/10154901\/whatsapp-image-2026-04-10-at-15-48-14.jpeg\",\"width\":1600,\"height\":786,\"caption\":\"O que \u00e9 computa\u00e7\u00e3o em nuvem?\"},{\"@type\":\"BreadcrumbList\",\"@id\":\"https:\/\/www.estrategiaconcursos.com.br\/blog\/o-que-computacao-nuvem\/#breadcrumb\",\"itemListElement\":[{\"@type\":\"ListItem\",\"position\":1,\"name\":\"In\u00edcio\",\"item\":\"https:\/\/www.estrategiaconcursos.com.br\/blog\/\"},{\"@type\":\"ListItem\",\"position\":2,\"name\":\"O que \u00e9 computa\u00e7\u00e3o em nuvem?\"}]},{\"@type\":\"WebSite\",\"@id\":\"https:\/\/www.estrategiaconcursos.com.br\/blog\/#website\",\"url\":\"https:\/\/www.estrategiaconcursos.com.br\/blog\/\",\"name\":\"Estrat\u00e9gia Concursos\",\"description\":\"O blog da Estrat\u00e9gia Concursos traz not\u00edcias sobre concursos e artigos de professores oferecendo cursos para concursos (pdf + videaulas) no site.\",\"publisher\":{\"@id\":\"https:\/\/www.estrategiaconcursos.com.br\/blog\/#organization\"},\"potentialAction\":[{\"@type\":\"SearchAction\",\"target\":{\"@type\":\"EntryPoint\",\"urlTemplate\":\"https:\/\/www.estrategiaconcursos.com.br\/blog\/?s={search_term_string}\"},\"query-input\":{\"@type\":\"PropertyValueSpecification\",\"valueRequired\":true,\"valueName\":\"search_term_string\"}}],\"inLanguage\":\"pt-BR\"},{\"@type\":\"Organization\",\"@id\":\"https:\/\/www.estrategiaconcursos.com.br\/blog\/#organization\",\"name\":\"Estrat\u00e9gia Concursos\",\"url\":\"https:\/\/www.estrategiaconcursos.com.br\/blog\/\",\"logo\":{\"@type\":\"ImageObject\",\"inLanguage\":\"pt-BR\",\"@id\":\"https:\/\/www.estrategiaconcursos.com.br\/blog\/#\/schema\/logo\/image\/\",\"url\":\"https:\/\/dhg1h5j42swfq.cloudfront.net\/2025\/06\/03203428\/logo_concursos-1.jpg\",\"contentUrl\":\"https:\/\/dhg1h5j42swfq.cloudfront.net\/2025\/06\/03203428\/logo_concursos-1.jpg\",\"width\":230,\"height\":60,\"caption\":\"Estrat\u00e9gia Concursos\"},\"image\":{\"@id\":\"https:\/\/www.estrategiaconcursos.com.br\/blog\/#\/schema\/logo\/image\/\"},\"sameAs\":[\"https:\/\/x.com\/EstratConcursos\"]},{\"@type\":\"Person\",\"@id\":\"https:\/\/www.estrategiaconcursos.com.br\/blog\/#\/schema\/person\/5516090bbe46c1c8aab9a7c5bf8595da\",\"name\":\"Edmar Bezerra Araujo\",\"image\":{\"@type\":\"ImageObject\",\"inLanguage\":\"pt-BR\",\"@id\":\"https:\/\/secure.gravatar.com\/avatar\/3ec0a15819de7eef1b7fcba85aadb329188a10da1e37eb279bb6e0f264e6b9c7?s=96&d=mm&r=g\",\"url\":\"https:\/\/secure.gravatar.com\/avatar\/3ec0a15819de7eef1b7fcba85aadb329188a10da1e37eb279bb6e0f264e6b9c7?s=96&d=mm&r=g\",\"contentUrl\":\"https:\/\/secure.gravatar.com\/avatar\/3ec0a15819de7eef1b7fcba85aadb329188a10da1e37eb279bb6e0f264e6b9c7?s=96&d=mm&r=g\",\"caption\":\"Edmar Bezerra Araujo\"},\"sameAs\":[\"https:\/\/www.instagram.com\/edmarbezerraaraujo\/\"],\"url\":\"https:\/\/www.estrategiaconcursos.com.br\/blog\/author\/edmarbezerraaraujogmail-com\/\"}]}<\/script>\n<!-- \/ Yoast SEO Premium plugin. -->","yoast_head_json":{"title":"O que \u00e9 Computa\u00e7\u00e3o em nuvem?","description":"Confira neste artigo o que \u00e9 computa\u00e7\u00e3o em nuvem. Entenda o conceito de forma simples e estruturada sob a \u00f3tica institucional.","robots":{"index":"index","follow":"follow","max-snippet":"max-snippet:-1","max-image-preview":"max-image-preview:large","max-video-preview":"max-video-preview:-1"},"canonical":"https:\/\/www.estrategiaconcursos.com.br\/blog\/o-que-computacao-nuvem\/","og_locale":"pt_BR","og_type":"article","og_title":"O que \u00e9 computa\u00e7\u00e3o em nuvem?","og_description":"Confira neste artigo o que \u00e9 computa\u00e7\u00e3o em nuvem. Entenda o conceito de forma simples e estruturada sob a \u00f3tica institucional.","og_url":"https:\/\/www.estrategiaconcursos.com.br\/blog\/o-que-computacao-nuvem\/","og_site_name":"Estrat\u00e9gia Concursos","article_published_time":"2026-05-01T14:24:00+00:00","og_image":[{"width":1600,"height":786,"url":"https:\/\/dhg1h5j42swfq.cloudfront.net\/2026\/04\/10154901\/whatsapp-image-2026-04-10-at-15-48-14.jpeg","type":"image\/jpeg"}],"author":"Edmar Bezerra Araujo","twitter_card":"summary_large_image","twitter_creator":"@EstratConcursos","twitter_site":"@EstratConcursos","twitter_misc":{"Escrito por":"Edmar Bezerra Araujo","Est. tempo de leitura":"5 minutos"},"schema":{"@context":"https:\/\/schema.org","@graph":[{"@type":"NewsArticle","@id":"https:\/\/www.estrategiaconcursos.com.br\/blog\/o-que-computacao-nuvem\/#article","isPartOf":{"@id":"https:\/\/www.estrategiaconcursos.com.br\/blog\/o-que-computacao-nuvem\/"},"author":{"name":"Edmar Bezerra Araujo","@id":"https:\/\/www.estrategiaconcursos.com.br\/blog\/#\/schema\/person\/5516090bbe46c1c8aab9a7c5bf8595da"},"headline":"O que \u00e9 computa\u00e7\u00e3o em nuvem?","datePublished":"2026-05-01T14:24:00+00:00","mainEntityOfPage":{"@id":"https:\/\/www.estrategiaconcursos.com.br\/blog\/o-que-computacao-nuvem\/"},"wordCount":978,"commentCount":0,"publisher":{"@id":"https:\/\/www.estrategiaconcursos.com.br\/blog\/#organization"},"image":{"@id":"https:\/\/www.estrategiaconcursos.com.br\/blog\/o-que-computacao-nuvem\/#primaryimage"},"thumbnailUrl":"https:\/\/dhg1h5j42swfq.cloudfront.net\/2026\/04\/10154901\/whatsapp-image-2026-04-10-at-15-48-14.jpeg","articleSection":["Concursos P\u00fablicos"],"inLanguage":"pt-BR","potentialAction":[{"@type":"CommentAction","name":"Comment","target":["https:\/\/www.estrategiaconcursos.com.br\/blog\/o-que-computacao-nuvem\/#respond"]}],"copyrightYear":"2026","copyrightHolder":{"@id":"https:\/\/www.estrategiaconcursos.com.br\/blog\/#organization"}},{"@type":"WebPage","@id":"https:\/\/www.estrategiaconcursos.com.br\/blog\/o-que-computacao-nuvem\/","url":"https:\/\/www.estrategiaconcursos.com.br\/blog\/o-que-computacao-nuvem\/","name":"O que \u00e9 Computa\u00e7\u00e3o em nuvem?","isPartOf":{"@id":"https:\/\/www.estrategiaconcursos.com.br\/blog\/#website"},"primaryImageOfPage":{"@id":"https:\/\/www.estrategiaconcursos.com.br\/blog\/o-que-computacao-nuvem\/#primaryimage"},"image":{"@id":"https:\/\/www.estrategiaconcursos.com.br\/blog\/o-que-computacao-nuvem\/#primaryimage"},"thumbnailUrl":"https:\/\/dhg1h5j42swfq.cloudfront.net\/2026\/04\/10154901\/whatsapp-image-2026-04-10-at-15-48-14.jpeg","datePublished":"2026-05-01T14:24:00+00:00","description":"Confira neste artigo o que \u00e9 computa\u00e7\u00e3o em nuvem. Entenda o conceito de forma simples e estruturada sob a \u00f3tica institucional.","breadcrumb":{"@id":"https:\/\/www.estrategiaconcursos.com.br\/blog\/o-que-computacao-nuvem\/#breadcrumb"},"inLanguage":"pt-BR","potentialAction":[{"@type":"ReadAction","target":["https:\/\/www.estrategiaconcursos.com.br\/blog\/o-que-computacao-nuvem\/"]}]},{"@type":"ImageObject","inLanguage":"pt-BR","@id":"https:\/\/www.estrategiaconcursos.com.br\/blog\/o-que-computacao-nuvem\/#primaryimage","url":"https:\/\/dhg1h5j42swfq.cloudfront.net\/2026\/04\/10154901\/whatsapp-image-2026-04-10-at-15-48-14.jpeg","contentUrl":"https:\/\/dhg1h5j42swfq.cloudfront.net\/2026\/04\/10154901\/whatsapp-image-2026-04-10-at-15-48-14.jpeg","width":1600,"height":786,"caption":"O que \u00e9 computa\u00e7\u00e3o em nuvem?"},{"@type":"BreadcrumbList","@id":"https:\/\/www.estrategiaconcursos.com.br\/blog\/o-que-computacao-nuvem\/#breadcrumb","itemListElement":[{"@type":"ListItem","position":1,"name":"In\u00edcio","item":"https:\/\/www.estrategiaconcursos.com.br\/blog\/"},{"@type":"ListItem","position":2,"name":"O que \u00e9 computa\u00e7\u00e3o em nuvem?"}]},{"@type":"WebSite","@id":"https:\/\/www.estrategiaconcursos.com.br\/blog\/#website","url":"https:\/\/www.estrategiaconcursos.com.br\/blog\/","name":"Estrat\u00e9gia Concursos","description":"O blog da Estrat\u00e9gia Concursos traz not\u00edcias sobre concursos e artigos de professores oferecendo cursos para concursos (pdf + videaulas) no site.","publisher":{"@id":"https:\/\/www.estrategiaconcursos.com.br\/blog\/#organization"},"potentialAction":[{"@type":"SearchAction","target":{"@type":"EntryPoint","urlTemplate":"https:\/\/www.estrategiaconcursos.com.br\/blog\/?s={search_term_string}"},"query-input":{"@type":"PropertyValueSpecification","valueRequired":true,"valueName":"search_term_string"}}],"inLanguage":"pt-BR"},{"@type":"Organization","@id":"https:\/\/www.estrategiaconcursos.com.br\/blog\/#organization","name":"Estrat\u00e9gia Concursos","url":"https:\/\/www.estrategiaconcursos.com.br\/blog\/","logo":{"@type":"ImageObject","inLanguage":"pt-BR","@id":"https:\/\/www.estrategiaconcursos.com.br\/blog\/#\/schema\/logo\/image\/","url":"https:\/\/dhg1h5j42swfq.cloudfront.net\/2025\/06\/03203428\/logo_concursos-1.jpg","contentUrl":"https:\/\/dhg1h5j42swfq.cloudfront.net\/2025\/06\/03203428\/logo_concursos-1.jpg","width":230,"height":60,"caption":"Estrat\u00e9gia Concursos"},"image":{"@id":"https:\/\/www.estrategiaconcursos.com.br\/blog\/#\/schema\/logo\/image\/"},"sameAs":["https:\/\/x.com\/EstratConcursos"]},{"@type":"Person","@id":"https:\/\/www.estrategiaconcursos.com.br\/blog\/#\/schema\/person\/5516090bbe46c1c8aab9a7c5bf8595da","name":"Edmar Bezerra Araujo","image":{"@type":"ImageObject","inLanguage":"pt-BR","@id":"https:\/\/secure.gravatar.com\/avatar\/3ec0a15819de7eef1b7fcba85aadb329188a10da1e37eb279bb6e0f264e6b9c7?s=96&d=mm&r=g","url":"https:\/\/secure.gravatar.com\/avatar\/3ec0a15819de7eef1b7fcba85aadb329188a10da1e37eb279bb6e0f264e6b9c7?s=96&d=mm&r=g","contentUrl":"https:\/\/secure.gravatar.com\/avatar\/3ec0a15819de7eef1b7fcba85aadb329188a10da1e37eb279bb6e0f264e6b9c7?s=96&d=mm&r=g","caption":"Edmar Bezerra Araujo"},"sameAs":["https:\/\/www.instagram.com\/edmarbezerraaraujo\/"],"url":"https:\/\/www.estrategiaconcursos.com.br\/blog\/author\/edmarbezerraaraujogmail-com\/"}]}},"_links":{"self":[{"href":"https:\/\/www.estrategiaconcursos.com.br\/blog\/wp-json\/wp\/v2\/posts\/1751751","targetHints":{"allow":["GET"]}}],"collection":[{"href":"https:\/\/www.estrategiaconcursos.com.br\/blog\/wp-json\/wp\/v2\/posts"}],"about":[{"href":"https:\/\/www.estrategiaconcursos.com.br\/blog\/wp-json\/wp\/v2\/types\/post"}],"author":[{"embeddable":true,"href":"https:\/\/www.estrategiaconcursos.com.br\/blog\/wp-json\/wp\/v2\/users\/2974"}],"replies":[{"embeddable":true,"href":"https:\/\/www.estrategiaconcursos.com.br\/blog\/wp-json\/wp\/v2\/comments?post=1751751"}],"version-history":[{"count":4,"href":"https:\/\/www.estrategiaconcursos.com.br\/blog\/wp-json\/wp\/v2\/posts\/1751751\/revisions"}],"predecessor-version":[{"id":1756267,"href":"https:\/\/www.estrategiaconcursos.com.br\/blog\/wp-json\/wp\/v2\/posts\/1751751\/revisions\/1756267"}],"wp:featuredmedia":[{"embeddable":true,"href":"https:\/\/www.estrategiaconcursos.com.br\/blog\/wp-json\/wp\/v2\/media\/1751756"}],"wp:attachment":[{"href":"https:\/\/www.estrategiaconcursos.com.br\/blog\/wp-json\/wp\/v2\/media?parent=1751751"}],"wp:term":[{"taxonomy":"category","embeddable":true,"href":"https:\/\/www.estrategiaconcursos.com.br\/blog\/wp-json\/wp\/v2\/categories?post=1751751"},{"taxonomy":"post_tag","embeddable":true,"href":"https:\/\/www.estrategiaconcursos.com.br\/blog\/wp-json\/wp\/v2\/tags?post=1751751"},{"taxonomy":"tax_estado","embeddable":true,"href":"https:\/\/www.estrategiaconcursos.com.br\/blog\/wp-json\/wp\/v2\/tax_estado?post=1751751"}],"curies":[{"name":"wp","href":"https:\/\/api.w.org\/{rel}","templated":true}]}}