{"id":1750652,"date":"2026-04-27T08:14:00","date_gmt":"2026-04-27T11:14:00","guid":{"rendered":"https:\/\/www.estrategiaconcursos.com.br\/blog\/?p=1750652"},"modified":"2026-04-10T17:16:18","modified_gmt":"2026-04-10T20:16:18","slug":"pat-esfera-administrativa-sefaz-go","status":"publish","type":"post","link":"https:\/\/www.estrategiaconcursos.com.br\/blog\/pat-esfera-administrativa-sefaz-go\/","title":{"rendered":"Decis\u00f5es do PAT na esfera administrativa\u00a0para SEFAZ\/GO"},"content":{"rendered":"\n<p>Ol\u00e1,&nbsp;tudo certo contigo?!!&nbsp;Neste&nbsp;presente&nbsp;artigo&nbsp;do Estrat\u00e9gia Concursos&nbsp;vamos&nbsp;analisar&nbsp;um assunto muito importante&nbsp;para&nbsp;a prova de&nbsp;Auditor Fiscal de&nbsp;Goi\u00e1s:&nbsp;<strong>decis\u00f5es do PAT na esfera administrativa&nbsp;para SEFAZ\/GO<\/strong>&nbsp;de&nbsp;acordo com&nbsp;a legisla\u00e7\u00e3o&nbsp;nacional e&nbsp;estadual.&nbsp;<\/p>\n\n\n\n<figure class=\"wp-block-image aligncenter size-full\"><img loading=\"lazy\" decoding=\"async\" width=\"900\" height=\"507\" src=\"https:\/\/dhg1h5j42swfq.cloudfront.net\/2026\/04\/08174535\/image-55.png\" alt=\"Decis\u00f5es do PAT na esfera administrativa\u00a0para SEFAZ\/GO\" class=\"wp-image-1750653\" srcset=\"https:\/\/dhg1h5j42swfq.cloudfront.net\/2026\/04\/08174535\/image-55.png 900w, https:\/\/dhg1h5j42swfq.cloudfront.net\/2026\/04\/08174535\/image-55-300x169.png 300w, https:\/\/dhg1h5j42swfq.cloudfront.net\/2026\/04\/08174535\/image-55-768x433.png 768w, https:\/\/dhg1h5j42swfq.cloudfront.net\/2026\/04\/08174535\/image-55-150x85.png 150w\" sizes=\"auto, (max-width: 900px) 100vw, 900px\" \/><figcaption class=\"wp-element-caption\">Decis\u00f5es do PAT na esfera administrativa\u00a0para SEFAZ\/GO<\/figcaption><\/figure>\n\n\n\n<p>Concretamente,&nbsp;iremos&nbsp;passar&nbsp;pelos seguintes t\u00f3picos:&nbsp;<\/p>\n\n\n\n<ul class=\"wp-block-list\">\n<li>Conhecer\u00a0disposi\u00e7\u00f5es\u00a0normativas sobre\u00a0decis\u00f5es do PAT na esfera administrativa\u00a0para SEFAZ\/GO;\u00a0<\/li>\n<\/ul>\n\n\n\n<ul class=\"wp-block-list\">\n<li>Entender\u00a0observa\u00e7\u00f5es relevantes sobre o tema;\u00a0<\/li>\n<\/ul>\n\n\n\n<ul class=\"wp-block-list\">\n<li>Trazer trechos da legisla\u00e7\u00e3o que podem cair na prova;\u00a0<\/li>\n<\/ul>\n\n\n\n<ul class=\"wp-block-list\">\n<li>Encerrar com considera\u00e7\u00f5es finais.\u00a0<\/li>\n<\/ul>\n\n\n\n<p>Logo,\u00a0tendo como refer\u00eancia\u00a0a\u00a0<a href=\"https:\/\/www.legisweb.com.br\/legislacao\/?id=128785\" target=\"_blank\" rel=\"noreferrer noopener\">Lei estadual n\u00ba\u00a016.469\/2009<\/a>,\u00a0constante\u00a0no edital,\u00a0vamos\u00a0agora\u00a0estudar\u00a0um pouco mais sobre\u00a0decis\u00f5es do PAT na esfera administrativa\u00a0para SEFAZ\/GO.\u00a0<\/p>\n\n\n\n<p class=\"has-text-align-center\"><img loading=\"lazy\" decoding=\"async\" width=\"150\" height=\"101\" class=\"wp-image-1624841\" style=\"width: 150px;\" src=\"https:\/\/dhg1h5j42swfq.cloudfront.net\/2025\/08\/16234956\/coruja_atencao.jpg\" alt=\"\" srcset=\"https:\/\/dhg1h5j42swfq.cloudfront.net\/2025\/08\/16234956\/coruja_atencao.jpg 628w, https:\/\/dhg1h5j42swfq.cloudfront.net\/2025\/08\/16234956\/coruja_atencao-300x202.jpg 300w, https:\/\/dhg1h5j42swfq.cloudfront.net\/2025\/08\/16234956\/coruja_atencao-150x101.jpg 150w\" sizes=\"auto, (max-width: 150px) 100vw, 150px\" \/><\/p>\n\n\n\n<h2 class=\"wp-block-heading\" id=\"h-decisoes-do-pat-na-esfera-administrativa-nbsp-para-sefaz-go-nbsp\"><strong>Decis\u00f5es do PAT na esfera administrativa&nbsp;para SEFAZ\/GO<\/strong>&nbsp;<\/h2>\n\n\n\n<p>O PAT (<strong>Procedimento Administrativo Tribut\u00e1rio<\/strong>) \u00e9 o instrumento por meio do qual o sujeito passivo pode recorrer para contestar uma cobran\u00e7a tribut\u00e1ria recebida.&nbsp;<\/p>\n\n\n\n<p>Iniciando um PAT, ter\u00e1 o sujeito passivo a oportunidade de demonstrar que tem raz\u00e3o em sua contesta\u00e7\u00e3o, e, em contrapartida, a&nbsp;<strong>administra\u00e7\u00e3o tribut\u00e1ria&nbsp;<\/strong>tamb\u00e9m ter\u00e1 espa\u00e7o para se manifestar buscando a manuten\u00e7\u00e3o do tributo cobrado.&nbsp;<\/p>\n\n\n\n<p>Ao final do processo, uma decis\u00e3o ser\u00e1 tomada, podendo esta ocorrer j\u00e1 na&nbsp;<strong>primeira&nbsp;inst\u00e2ncia<\/strong>, caso n\u00e3o haja recurso da parte perdedora, ou nas&nbsp;<strong>inst\u00e2ncias seguintes<\/strong>, em havendo recursos sendo impetrados.&nbsp;<\/p>\n\n\n\n<p>Independentemente de em qual inst\u00e2ncia ocorreu, a decis\u00e3o publicada dever\u00e1 ser respeitada pelas partes, sendo poss\u00edvel, obviamente, que quem se sentir prejudicado pelo\u00a0desfecho\u00a0possa buscar o<mark style=\"background-color:rgba(0, 0, 0, 0)\" class=\"has-inline-color has-accent-1-color\">\u00a0<strong>Poder Judici\u00e1rio,<\/strong>\u00a0<\/mark>a qualquer momento, para ainda tentar\u00a0defender seus direitos.\u00a0<\/p>\n\n\n\n<p><mark style=\"background-color:#abb8c3\" class=\"has-inline-color\">Assim, perceba que a decis\u00e3o tomada no PAT n\u00e3o possui o cond\u00e3o de encerrar definitivamente o lit\u00edgio, pois sempre haver\u00e1 o acesso ao Judici\u00e1rio permitido para qualquer das partes. Dessa forma, dizemos que a decis\u00e3o do\u00a0<strong>PAT\u00a0possui\u00a0car\u00e1ter\u00a0definitivo somente no \u00e2mbito administrativo.<\/strong>\u00a0<\/mark><\/p>\n\n\n\n<p>Nesse sentido, as decis\u00f5es do PAT na esfera administrativa&nbsp;para SEFAZ\/GO<strong>&nbsp;n\u00e3o vinculam<\/strong>&nbsp;eventuais an\u00e1lises do Poder Judici\u00e1rio, tendo em vista que h\u00e1 a separa\u00e7\u00e3o dos Poderes e o respeito ao Pacto Federativo no Brasil, que funcionam objetivando&nbsp;estabelecer limites \u00e0s atua\u00e7\u00f5es dos 3 Poderes.&nbsp;<\/p>\n\n\n\n<p>\u00c9 importante&nbsp;destacar&nbsp;que essa decis\u00e3o deve tomar como base as provas apresentadas pelos participantes do lit\u00edgio, pois deve ser devidamente&nbsp;fundamentada. Como voc\u00ea deve saber, a&nbsp;<strong>motiva\u00e7\u00e3o \u00e9 requisito em atos administrativos,&nbsp;<\/strong>e como essa&nbsp;decis\u00e3o em tela refere-se&nbsp;justamente&nbsp;a um ato, precisa ter a motiva\u00e7\u00e3o expressa, ficando essa fundamenta\u00e7\u00e3o ligada \u00e0quela decis\u00e3o.&nbsp;<\/p>\n\n\n\n<p>Com isso, vamos acompanhar o que consta de mais relevante na lei 16469\/2009 sobre decis\u00f5es do PAT na esfera administrativa para SEFAZ\/GO, sendo este um tema quente para a sua prova:\u00a0<\/p>\n\n\n\n<p class=\"has-text-align-center\"><img loading=\"lazy\" decoding=\"async\" width=\"150\" height=\"105\" class=\"wp-image-1542466\" style=\"width: 150px;\" src=\"https:\/\/dhg1h5j42swfq.cloudfront.net\/2025\/03\/09200407\/tome-nota-5.png\" alt=\"Aten\u00e7\u00e3o\" srcset=\"https:\/\/dhg1h5j42swfq.cloudfront.net\/2025\/03\/09200407\/tome-nota-5.png 258w, https:\/\/dhg1h5j42swfq.cloudfront.net\/2025\/03\/09200407\/tome-nota-5-150x105.png 150w\" sizes=\"auto, (max-width: 150px) 100vw, 150px\" \/><\/p>\n\n\n\n<p><mark style=\"background-color:#abb8c3\" class=\"has-inline-color\">Art. 23. S\u00e3o definitivas, na esfera administrativa,\u00a0<strong>as decis\u00f5es que n\u00e3o possam ser objeto de defesa.<\/strong>\u00a0<\/mark><\/p>\n\n\n\n<p>Art. 24. S\u00e3o&nbsp;<strong>exequ\u00edveis os cr\u00e9ditos tribut\u00e1rios decorrentes:<\/strong>&nbsp;<\/p>\n\n\n\n<p>I &#8211;&nbsp;da&nbsp;Notifica\u00e7\u00e3o de Lan\u00e7amento ou do Auto de Infra\u00e7\u00e3o com caracter\u00edstica de<strong>&nbsp;n\u00e3o contenciosidade<\/strong>&nbsp;que:&nbsp;<\/p>\n\n\n\n<p>a)&nbsp;<strong>n\u00e3o&nbsp;<\/strong>foi objeto de pedido de descaracteriza\u00e7\u00e3o de n\u00e3o contenciosidade:&nbsp;<\/p>\n\n\n\n<p>b) teve o pedido de descaracteriza\u00e7\u00e3o de n\u00e3o contenciosidade&nbsp;<strong>inadmitido pelo Julgador de Primeira Inst\u00e2ncia.<\/strong>&nbsp;<\/p>\n\n\n\n<p>II &#8211;&nbsp;<strong>do&nbsp;Auto de Infra\u00e7\u00e3o que n\u00e3o foi objeto de impugna\u00e7\u00e3o:<\/strong>&nbsp;<\/p>\n\n\n\n<p>a)&nbsp;<strong>em inst\u00e2ncia \u00fanica;<\/strong>&nbsp;<\/p>\n\n\n\n<p>b)&nbsp;<strong>em segunda inst\u00e2ncia.<\/strong>&nbsp;<\/p>\n\n\n\n<p>III &#8211; da decis\u00e3o condenat\u00f3ria,<strong>&nbsp;no caso de inst\u00e2ncia \u00fanica;<\/strong>&nbsp;<\/p>\n\n\n\n<p>IV &#8211;&nbsp;da&nbsp;decis\u00e3o em primeira inst\u00e2ncia condenat\u00f3ria recorr\u00edvel,&nbsp;<strong>quando n\u00e3o<\/strong>&nbsp;apresentado recurso volunt\u00e1rio no prazo legal;&nbsp;<\/p>\n\n\n\n<p>V &#8211;&nbsp;da&nbsp;decis\u00e3o&nbsp;cameral&nbsp;condenat\u00f3ria<strong>&nbsp;n\u00e3o recorrida<\/strong>&nbsp;para o Conselho Superior no prazo legal;&nbsp;<\/p>\n\n\n\n<p>VI &#8211;&nbsp;da&nbsp;decis\u00e3o condenat\u00f3ria&nbsp;<strong>proferida pelo Conselho Superior.&nbsp;<\/strong>&nbsp;<\/p>\n\n\n\n<p>Para concluir, chegando ao fim do nosso texto sobre decis\u00f5es do PAT na esfera administrativa para SEFAZ\/GO, memorize para sua prova ainda que o cr\u00e9dito tribut\u00e1rio exequ\u00edvel,\u00a0<strong><mark style=\"background-color:rgba(0, 0, 0, 0);color:#f78da7\" class=\"has-inline-color\">quando esgotado o prazo para pagamento,\u00a0<\/mark><\/strong>deve ser inscrito em d\u00edvida ativa. Aqui saiba algo crucial, apesar de\u00a0n\u00f3s Auditores Fiscais fazermos o lan\u00e7amento tribut\u00e1rio, constituindo assim este cr\u00e9dito, quem faz a inscri\u00e7\u00e3o em D\u00edvida Ativa (DA), quando este\u00a0cr\u00e9dito\u00a0est\u00e1 vencido, \u00e9 a Procuradoria, ou seja, um \u00f3rg\u00e3o e uma carreia distinta. Se liga nisso!!\u00a0<\/p>\n\n\n\n<p>Passamos, portanto, pelo tema&nbsp;decis\u00f5es do PAT na esfera administrativa&nbsp;para SEFAZ\/GO, assunto fundamental para o concurso de auditor fiscal deste Estado.&nbsp;<\/p>\n\n\n\n<h2 class=\"wp-block-heading\" id=\"h-consideracoes-finais-nbsp\"><strong>Considera\u00e7\u00f5es Finais<\/strong>&nbsp;<\/h2>\n\n\n\n<p>Chegamos ao final do nosso&nbsp;breve&nbsp;artigo&nbsp;sobre&nbsp;decis\u00f5es do PAT na esfera administrativa&nbsp;para SEFAZ\/GO,&nbsp;e esperamos que seja muito \u00fatil para a sua prepara\u00e7\u00e3o&nbsp;e aprova\u00e7\u00e3o.&nbsp;<\/p>\n\n\n\n<p>Temos neste concurso, bastante aguardado por muitos, uma grande oportunidade para ingressar no servi\u00e7o p\u00fablico, ocupando um cargo de destaque e que apresenta excelente remunera\u00e7\u00e3o, al\u00e9m de diversos outros pontos positivos! Vale a pena o esfor\u00e7o para alcan\u00e7ar essa conquista! Por isso, siga firme com os estudos e conte conosco em sua jornada!&nbsp;V\u00e1 adiante!!&nbsp;<\/p>\n\n\n\n<p><em>Lembre-se que \u00e9 essencial a&nbsp;<\/em><a href=\"https:\/\/www.estrategiaconcursos.com.br\/\" target=\"_blank\" rel=\"noreferrer noopener\"><em>leitura dos PDF\u2019s e a revis\u00e3o frequente dos conte\u00fados, para que assim os seus estudos fiquem cada vez mais avan\u00e7ados.<\/em><\/a><em>&nbsp;<\/em>&nbsp;&nbsp;<\/p>\n\n\n\n<p>Um grande abra\u00e7o e at\u00e9 mais!&nbsp;<\/p>\n\n\n\n<p class=\"has-text-align-center\"><strong>Quer saber quais ser\u00e3o os pr\u00f3ximos concursos?<\/strong>&nbsp;<\/p>\n\n\n\n<p class=\"has-text-align-center\"><strong>Confira nossos artigos!<\/strong>&nbsp;<\/p>\n\n\n\n<p class=\"has-text-align-center has-luminous-vivid-amber-background-color has-background\"><a href=\"https:\/\/www.estrategiaconcursos.com.br\/blog\/concursos-abertos\/\" target=\"_blank\" rel=\"noreferrer noopener\">Concursos abertos<\/a>&nbsp;<\/p>\n\n\n\n<p class=\"has-text-align-center has-luminous-vivid-amber-background-color has-background\"><a href=\"https:\/\/www.estrategiaconcursos.com.br\/blog\/concursos-2026\/\" target=\"_blank\" rel=\"noreferrer noopener\">Concursos 2026<\/a>&nbsp;<\/p>\n","protected":false},"excerpt":{"rendered":"<p>Ol\u00e1,&nbsp;tudo certo contigo?!!&nbsp;Neste&nbsp;presente&nbsp;artigo&nbsp;do Estrat\u00e9gia Concursos&nbsp;vamos&nbsp;analisar&nbsp;um assunto muito importante&nbsp;para&nbsp;a prova de&nbsp;Auditor Fiscal de&nbsp;Goi\u00e1s:&nbsp;decis\u00f5es do PAT na esfera administrativa&nbsp;para SEFAZ\/GO&nbsp;de&nbsp;acordo com&nbsp;a legisla\u00e7\u00e3o&nbsp;nacional e&nbsp;estadual.&nbsp; Concretamente,&nbsp;iremos&nbsp;passar&nbsp;pelos seguintes t\u00f3picos:&nbsp; Logo,\u00a0tendo como refer\u00eancia\u00a0a\u00a0Lei estadual n\u00ba\u00a016.469\/2009,\u00a0constante\u00a0no edital,\u00a0vamos\u00a0agora\u00a0estudar\u00a0um pouco mais sobre\u00a0decis\u00f5es do PAT na esfera administrativa\u00a0para SEFAZ\/GO.\u00a0 Decis\u00f5es do PAT na esfera administrativa&nbsp;para SEFAZ\/GO&nbsp; O PAT (Procedimento Administrativo Tribut\u00e1rio) \u00e9 o instrumento por [&hellip;]<\/p>\n","protected":false},"author":2887,"featured_media":1750653,"comment_status":"open","ping_status":"closed","sticky":false,"template":"","format":"standard","meta":{"post_tipo":"article","footnotes":""},"categories":[1,1983],"tags":[],"tax_estado":[219963,219972],"class_list":["post-1750652","post","type-post","status-publish","format-standard","has-post-thumbnail","hentry","category-cursos-e-concursos","category-fiscal-estadual","tax_estado-concursos-federais","tax_estado-go"],"acf":[],"yoast_head":"<!-- This site is optimized with the Yoast SEO Premium plugin v27.2 (Yoast SEO v27.2) - https:\/\/yoast.com\/product\/yoast-seo-premium-wordpress\/ -->\n<title>Decis\u00f5es do PAT na esfera administrativa\u00a0para SEFAZ\/GO<\/title>\n<meta name=\"description\" content=\"O artigo trata de um assunto muito importante para a prova de Auditor Fiscal de Goi\u00e1s: decis\u00f5es do PAT na esfera administrativa para SEFAZ\/GO.\" \/>\n<meta name=\"robots\" content=\"index, follow, max-snippet:-1, max-image-preview:large, max-video-preview:-1\" \/>\n<link rel=\"canonical\" href=\"https:\/\/www.estrategiaconcursos.com.br\/blog\/pat-esfera-administrativa-sefaz-go\/\" \/>\n<meta property=\"og:locale\" content=\"pt_BR\" \/>\n<meta property=\"og:type\" content=\"article\" \/>\n<meta property=\"og:title\" content=\"Decis\u00f5es do PAT na esfera administrativa\u00a0para SEFAZ\/GO\" \/>\n<meta property=\"og:description\" content=\"O artigo trata de um assunto muito importante para a prova de Auditor Fiscal de Goi\u00e1s: decis\u00f5es do PAT na esfera administrativa para SEFAZ\/GO.\" \/>\n<meta property=\"og:url\" content=\"https:\/\/www.estrategiaconcursos.com.br\/blog\/pat-esfera-administrativa-sefaz-go\/\" \/>\n<meta property=\"og:site_name\" content=\"Estrat\u00e9gia Concursos\" \/>\n<meta property=\"article:published_time\" content=\"2026-04-27T11:14:00+00:00\" \/>\n<meta property=\"og:image\" content=\"https:\/\/dhg1h5j42swfq.cloudfront.net\/2026\/04\/08174535\/image-55.png\" \/>\n\t<meta property=\"og:image:width\" content=\"900\" \/>\n\t<meta property=\"og:image:height\" content=\"507\" \/>\n\t<meta property=\"og:image:type\" content=\"image\/png\" \/>\n<meta name=\"author\" content=\"F\u00e1bio Prado dos Santos Santana\" \/>\n<meta name=\"twitter:card\" content=\"summary_large_image\" \/>\n<meta name=\"twitter:creator\" content=\"@EstratConcursos\" \/>\n<meta name=\"twitter:site\" content=\"@EstratConcursos\" \/>\n<meta name=\"twitter:label1\" content=\"Escrito por\" \/>\n\t<meta name=\"twitter:data1\" content=\"F\u00e1bio Prado dos Santos Santana\" \/>\n\t<meta name=\"twitter:label2\" content=\"Est. tempo de leitura\" \/>\n\t<meta name=\"twitter:data2\" content=\"5 minutos\" \/>\n<script type=\"application\/ld+json\" class=\"yoast-schema-graph\">{\"@context\":\"https:\/\/schema.org\",\"@graph\":[{\"@type\":\"NewsArticle\",\"@id\":\"https:\/\/www.estrategiaconcursos.com.br\/blog\/pat-esfera-administrativa-sefaz-go\/#article\",\"isPartOf\":{\"@id\":\"https:\/\/www.estrategiaconcursos.com.br\/blog\/pat-esfera-administrativa-sefaz-go\/\"},\"author\":{\"name\":\"F\u00e1bio Prado dos Santos Santana\",\"@id\":\"https:\/\/www.estrategiaconcursos.com.br\/blog\/#\/schema\/person\/b1af3515254fed0a6861d754def3f005\"},\"headline\":\"Decis\u00f5es do PAT na esfera administrativa\u00a0para SEFAZ\/GO\",\"datePublished\":\"2026-04-27T11:14:00+00:00\",\"mainEntityOfPage\":{\"@id\":\"https:\/\/www.estrategiaconcursos.com.br\/blog\/pat-esfera-administrativa-sefaz-go\/\"},\"wordCount\":1034,\"commentCount\":0,\"publisher\":{\"@id\":\"https:\/\/www.estrategiaconcursos.com.br\/blog\/#organization\"},\"image\":{\"@id\":\"https:\/\/www.estrategiaconcursos.com.br\/blog\/pat-esfera-administrativa-sefaz-go\/#primaryimage\"},\"thumbnailUrl\":\"https:\/\/dhg1h5j42swfq.cloudfront.net\/2026\/04\/08174535\/image-55.png\",\"articleSection\":[\"Concursos P\u00fablicos\",\"Fiscal - Estadual (ICMS)\"],\"inLanguage\":\"pt-BR\",\"potentialAction\":[{\"@type\":\"CommentAction\",\"name\":\"Comment\",\"target\":[\"https:\/\/www.estrategiaconcursos.com.br\/blog\/pat-esfera-administrativa-sefaz-go\/#respond\"]}],\"copyrightYear\":\"2026\",\"copyrightHolder\":{\"@id\":\"https:\/\/www.estrategiaconcursos.com.br\/blog\/#organization\"}},{\"@type\":\"WebPage\",\"@id\":\"https:\/\/www.estrategiaconcursos.com.br\/blog\/pat-esfera-administrativa-sefaz-go\/\",\"url\":\"https:\/\/www.estrategiaconcursos.com.br\/blog\/pat-esfera-administrativa-sefaz-go\/\",\"name\":\"Decis\u00f5es do PAT na esfera administrativa\u00a0para SEFAZ\/GO\",\"isPartOf\":{\"@id\":\"https:\/\/www.estrategiaconcursos.com.br\/blog\/#website\"},\"primaryImageOfPage\":{\"@id\":\"https:\/\/www.estrategiaconcursos.com.br\/blog\/pat-esfera-administrativa-sefaz-go\/#primaryimage\"},\"image\":{\"@id\":\"https:\/\/www.estrategiaconcursos.com.br\/blog\/pat-esfera-administrativa-sefaz-go\/#primaryimage\"},\"thumbnailUrl\":\"https:\/\/dhg1h5j42swfq.cloudfront.net\/2026\/04\/08174535\/image-55.png\",\"datePublished\":\"2026-04-27T11:14:00+00:00\",\"description\":\"O artigo trata de um assunto muito importante para a prova de Auditor Fiscal de Goi\u00e1s: decis\u00f5es do PAT na esfera administrativa para SEFAZ\/GO.\",\"breadcrumb\":{\"@id\":\"https:\/\/www.estrategiaconcursos.com.br\/blog\/pat-esfera-administrativa-sefaz-go\/#breadcrumb\"},\"inLanguage\":\"pt-BR\",\"potentialAction\":[{\"@type\":\"ReadAction\",\"target\":[\"https:\/\/www.estrategiaconcursos.com.br\/blog\/pat-esfera-administrativa-sefaz-go\/\"]}]},{\"@type\":\"ImageObject\",\"inLanguage\":\"pt-BR\",\"@id\":\"https:\/\/www.estrategiaconcursos.com.br\/blog\/pat-esfera-administrativa-sefaz-go\/#primaryimage\",\"url\":\"https:\/\/dhg1h5j42swfq.cloudfront.net\/2026\/04\/08174535\/image-55.png\",\"contentUrl\":\"https:\/\/dhg1h5j42swfq.cloudfront.net\/2026\/04\/08174535\/image-55.png\",\"width\":900,\"height\":507,\"caption\":\"Decis\u00f5es do PAT na esfera administrativa\u00a0para SEFAZ\/GO\"},{\"@type\":\"BreadcrumbList\",\"@id\":\"https:\/\/www.estrategiaconcursos.com.br\/blog\/pat-esfera-administrativa-sefaz-go\/#breadcrumb\",\"itemListElement\":[{\"@type\":\"ListItem\",\"position\":1,\"name\":\"In\u00edcio\",\"item\":\"https:\/\/www.estrategiaconcursos.com.br\/blog\/\"},{\"@type\":\"ListItem\",\"position\":2,\"name\":\"Decis\u00f5es do PAT na esfera administrativa\u00a0para SEFAZ\/GO\"}]},{\"@type\":\"WebSite\",\"@id\":\"https:\/\/www.estrategiaconcursos.com.br\/blog\/#website\",\"url\":\"https:\/\/www.estrategiaconcursos.com.br\/blog\/\",\"name\":\"Estrat\u00e9gia Concursos\",\"description\":\"O blog da Estrat\u00e9gia Concursos traz not\u00edcias sobre concursos e artigos de professores oferecendo cursos para concursos (pdf + videaulas) no site.\",\"publisher\":{\"@id\":\"https:\/\/www.estrategiaconcursos.com.br\/blog\/#organization\"},\"potentialAction\":[{\"@type\":\"SearchAction\",\"target\":{\"@type\":\"EntryPoint\",\"urlTemplate\":\"https:\/\/www.estrategiaconcursos.com.br\/blog\/?s={search_term_string}\"},\"query-input\":{\"@type\":\"PropertyValueSpecification\",\"valueRequired\":true,\"valueName\":\"search_term_string\"}}],\"inLanguage\":\"pt-BR\"},{\"@type\":\"Organization\",\"@id\":\"https:\/\/www.estrategiaconcursos.com.br\/blog\/#organization\",\"name\":\"Estrat\u00e9gia Concursos\",\"url\":\"https:\/\/www.estrategiaconcursos.com.br\/blog\/\",\"logo\":{\"@type\":\"ImageObject\",\"inLanguage\":\"pt-BR\",\"@id\":\"https:\/\/www.estrategiaconcursos.com.br\/blog\/#\/schema\/logo\/image\/\",\"url\":\"https:\/\/dhg1h5j42swfq.cloudfront.net\/2025\/06\/03203428\/logo_concursos-1.jpg\",\"contentUrl\":\"https:\/\/dhg1h5j42swfq.cloudfront.net\/2025\/06\/03203428\/logo_concursos-1.jpg\",\"width\":230,\"height\":60,\"caption\":\"Estrat\u00e9gia Concursos\"},\"image\":{\"@id\":\"https:\/\/www.estrategiaconcursos.com.br\/blog\/#\/schema\/logo\/image\/\"},\"sameAs\":[\"https:\/\/x.com\/EstratConcursos\"]},{\"@type\":\"Person\",\"@id\":\"https:\/\/www.estrategiaconcursos.com.br\/blog\/#\/schema\/person\/b1af3515254fed0a6861d754def3f005\",\"name\":\"F\u00e1bio Prado dos Santos Santana\",\"image\":{\"@type\":\"ImageObject\",\"inLanguage\":\"pt-BR\",\"@id\":\"https:\/\/secure.gravatar.com\/avatar\/0e3399436850f804c1d7731313952ccf303887c14b1711595235048e3ec0299b?s=96&d=mm&r=g\",\"url\":\"https:\/\/secure.gravatar.com\/avatar\/0e3399436850f804c1d7731313952ccf303887c14b1711595235048e3ec0299b?s=96&d=mm&r=g\",\"contentUrl\":\"https:\/\/secure.gravatar.com\/avatar\/0e3399436850f804c1d7731313952ccf303887c14b1711595235048e3ec0299b?s=96&d=mm&r=g\",\"caption\":\"F\u00e1bio Prado dos Santos Santana\"},\"description\":\"Principais Aprova\u00e7\u00f5es em Concursos: Auditor Fiscal Tribut\u00e1rio Municipal - ISS S\u00e3o Paulo (2024); Auditor Fiscal - Receita Federal do Brasil (2023); Professor Efetivo - Universidade Federal de Sergipe (2014).\",\"url\":\"https:\/\/www.estrategiaconcursos.com.br\/blog\/author\/fabioprado-ufsgmail-com\/\"}]}<\/script>\n<!-- \/ Yoast SEO Premium plugin. -->","yoast_head_json":{"title":"Decis\u00f5es do PAT na esfera administrativa\u00a0para SEFAZ\/GO","description":"O artigo trata de um assunto muito importante para a prova de Auditor Fiscal de Goi\u00e1s: decis\u00f5es do PAT na esfera administrativa para SEFAZ\/GO.","robots":{"index":"index","follow":"follow","max-snippet":"max-snippet:-1","max-image-preview":"max-image-preview:large","max-video-preview":"max-video-preview:-1"},"canonical":"https:\/\/www.estrategiaconcursos.com.br\/blog\/pat-esfera-administrativa-sefaz-go\/","og_locale":"pt_BR","og_type":"article","og_title":"Decis\u00f5es do PAT na esfera administrativa\u00a0para SEFAZ\/GO","og_description":"O artigo trata de um assunto muito importante para a prova de Auditor Fiscal de Goi\u00e1s: decis\u00f5es do PAT na esfera administrativa para SEFAZ\/GO.","og_url":"https:\/\/www.estrategiaconcursos.com.br\/blog\/pat-esfera-administrativa-sefaz-go\/","og_site_name":"Estrat\u00e9gia Concursos","article_published_time":"2026-04-27T11:14:00+00:00","og_image":[{"width":900,"height":507,"url":"https:\/\/dhg1h5j42swfq.cloudfront.net\/2026\/04\/08174535\/image-55.png","type":"image\/png"}],"author":"F\u00e1bio Prado dos Santos Santana","twitter_card":"summary_large_image","twitter_creator":"@EstratConcursos","twitter_site":"@EstratConcursos","twitter_misc":{"Escrito por":"F\u00e1bio Prado dos Santos Santana","Est. tempo de leitura":"5 minutos"},"schema":{"@context":"https:\/\/schema.org","@graph":[{"@type":"NewsArticle","@id":"https:\/\/www.estrategiaconcursos.com.br\/blog\/pat-esfera-administrativa-sefaz-go\/#article","isPartOf":{"@id":"https:\/\/www.estrategiaconcursos.com.br\/blog\/pat-esfera-administrativa-sefaz-go\/"},"author":{"name":"F\u00e1bio Prado dos Santos Santana","@id":"https:\/\/www.estrategiaconcursos.com.br\/blog\/#\/schema\/person\/b1af3515254fed0a6861d754def3f005"},"headline":"Decis\u00f5es do PAT na esfera administrativa\u00a0para SEFAZ\/GO","datePublished":"2026-04-27T11:14:00+00:00","mainEntityOfPage":{"@id":"https:\/\/www.estrategiaconcursos.com.br\/blog\/pat-esfera-administrativa-sefaz-go\/"},"wordCount":1034,"commentCount":0,"publisher":{"@id":"https:\/\/www.estrategiaconcursos.com.br\/blog\/#organization"},"image":{"@id":"https:\/\/www.estrategiaconcursos.com.br\/blog\/pat-esfera-administrativa-sefaz-go\/#primaryimage"},"thumbnailUrl":"https:\/\/dhg1h5j42swfq.cloudfront.net\/2026\/04\/08174535\/image-55.png","articleSection":["Concursos P\u00fablicos","Fiscal - Estadual (ICMS)"],"inLanguage":"pt-BR","potentialAction":[{"@type":"CommentAction","name":"Comment","target":["https:\/\/www.estrategiaconcursos.com.br\/blog\/pat-esfera-administrativa-sefaz-go\/#respond"]}],"copyrightYear":"2026","copyrightHolder":{"@id":"https:\/\/www.estrategiaconcursos.com.br\/blog\/#organization"}},{"@type":"WebPage","@id":"https:\/\/www.estrategiaconcursos.com.br\/blog\/pat-esfera-administrativa-sefaz-go\/","url":"https:\/\/www.estrategiaconcursos.com.br\/blog\/pat-esfera-administrativa-sefaz-go\/","name":"Decis\u00f5es do PAT na esfera administrativa\u00a0para SEFAZ\/GO","isPartOf":{"@id":"https:\/\/www.estrategiaconcursos.com.br\/blog\/#website"},"primaryImageOfPage":{"@id":"https:\/\/www.estrategiaconcursos.com.br\/blog\/pat-esfera-administrativa-sefaz-go\/#primaryimage"},"image":{"@id":"https:\/\/www.estrategiaconcursos.com.br\/blog\/pat-esfera-administrativa-sefaz-go\/#primaryimage"},"thumbnailUrl":"https:\/\/dhg1h5j42swfq.cloudfront.net\/2026\/04\/08174535\/image-55.png","datePublished":"2026-04-27T11:14:00+00:00","description":"O artigo trata de um assunto muito importante para a prova de Auditor Fiscal de Goi\u00e1s: decis\u00f5es do PAT na esfera administrativa para SEFAZ\/GO.","breadcrumb":{"@id":"https:\/\/www.estrategiaconcursos.com.br\/blog\/pat-esfera-administrativa-sefaz-go\/#breadcrumb"},"inLanguage":"pt-BR","potentialAction":[{"@type":"ReadAction","target":["https:\/\/www.estrategiaconcursos.com.br\/blog\/pat-esfera-administrativa-sefaz-go\/"]}]},{"@type":"ImageObject","inLanguage":"pt-BR","@id":"https:\/\/www.estrategiaconcursos.com.br\/blog\/pat-esfera-administrativa-sefaz-go\/#primaryimage","url":"https:\/\/dhg1h5j42swfq.cloudfront.net\/2026\/04\/08174535\/image-55.png","contentUrl":"https:\/\/dhg1h5j42swfq.cloudfront.net\/2026\/04\/08174535\/image-55.png","width":900,"height":507,"caption":"Decis\u00f5es do PAT na esfera administrativa\u00a0para SEFAZ\/GO"},{"@type":"BreadcrumbList","@id":"https:\/\/www.estrategiaconcursos.com.br\/blog\/pat-esfera-administrativa-sefaz-go\/#breadcrumb","itemListElement":[{"@type":"ListItem","position":1,"name":"In\u00edcio","item":"https:\/\/www.estrategiaconcursos.com.br\/blog\/"},{"@type":"ListItem","position":2,"name":"Decis\u00f5es do PAT na esfera administrativa\u00a0para SEFAZ\/GO"}]},{"@type":"WebSite","@id":"https:\/\/www.estrategiaconcursos.com.br\/blog\/#website","url":"https:\/\/www.estrategiaconcursos.com.br\/blog\/","name":"Estrat\u00e9gia Concursos","description":"O blog da Estrat\u00e9gia Concursos traz not\u00edcias sobre concursos e artigos de professores oferecendo cursos para concursos (pdf + videaulas) no site.","publisher":{"@id":"https:\/\/www.estrategiaconcursos.com.br\/blog\/#organization"},"potentialAction":[{"@type":"SearchAction","target":{"@type":"EntryPoint","urlTemplate":"https:\/\/www.estrategiaconcursos.com.br\/blog\/?s={search_term_string}"},"query-input":{"@type":"PropertyValueSpecification","valueRequired":true,"valueName":"search_term_string"}}],"inLanguage":"pt-BR"},{"@type":"Organization","@id":"https:\/\/www.estrategiaconcursos.com.br\/blog\/#organization","name":"Estrat\u00e9gia Concursos","url":"https:\/\/www.estrategiaconcursos.com.br\/blog\/","logo":{"@type":"ImageObject","inLanguage":"pt-BR","@id":"https:\/\/www.estrategiaconcursos.com.br\/blog\/#\/schema\/logo\/image\/","url":"https:\/\/dhg1h5j42swfq.cloudfront.net\/2025\/06\/03203428\/logo_concursos-1.jpg","contentUrl":"https:\/\/dhg1h5j42swfq.cloudfront.net\/2025\/06\/03203428\/logo_concursos-1.jpg","width":230,"height":60,"caption":"Estrat\u00e9gia Concursos"},"image":{"@id":"https:\/\/www.estrategiaconcursos.com.br\/blog\/#\/schema\/logo\/image\/"},"sameAs":["https:\/\/x.com\/EstratConcursos"]},{"@type":"Person","@id":"https:\/\/www.estrategiaconcursos.com.br\/blog\/#\/schema\/person\/b1af3515254fed0a6861d754def3f005","name":"F\u00e1bio Prado dos Santos Santana","image":{"@type":"ImageObject","inLanguage":"pt-BR","@id":"https:\/\/secure.gravatar.com\/avatar\/0e3399436850f804c1d7731313952ccf303887c14b1711595235048e3ec0299b?s=96&d=mm&r=g","url":"https:\/\/secure.gravatar.com\/avatar\/0e3399436850f804c1d7731313952ccf303887c14b1711595235048e3ec0299b?s=96&d=mm&r=g","contentUrl":"https:\/\/secure.gravatar.com\/avatar\/0e3399436850f804c1d7731313952ccf303887c14b1711595235048e3ec0299b?s=96&d=mm&r=g","caption":"F\u00e1bio Prado dos Santos Santana"},"description":"Principais Aprova\u00e7\u00f5es em Concursos: Auditor Fiscal Tribut\u00e1rio Municipal - ISS S\u00e3o Paulo (2024); Auditor Fiscal - Receita Federal do Brasil (2023); Professor Efetivo - Universidade Federal de Sergipe (2014).","url":"https:\/\/www.estrategiaconcursos.com.br\/blog\/author\/fabioprado-ufsgmail-com\/"}]}},"_links":{"self":[{"href":"https:\/\/www.estrategiaconcursos.com.br\/blog\/wp-json\/wp\/v2\/posts\/1750652","targetHints":{"allow":["GET"]}}],"collection":[{"href":"https:\/\/www.estrategiaconcursos.com.br\/blog\/wp-json\/wp\/v2\/posts"}],"about":[{"href":"https:\/\/www.estrategiaconcursos.com.br\/blog\/wp-json\/wp\/v2\/types\/post"}],"author":[{"embeddable":true,"href":"https:\/\/www.estrategiaconcursos.com.br\/blog\/wp-json\/wp\/v2\/users\/2887"}],"replies":[{"embeddable":true,"href":"https:\/\/www.estrategiaconcursos.com.br\/blog\/wp-json\/wp\/v2\/comments?post=1750652"}],"version-history":[{"count":1,"href":"https:\/\/www.estrategiaconcursos.com.br\/blog\/wp-json\/wp\/v2\/posts\/1750652\/revisions"}],"predecessor-version":[{"id":1750655,"href":"https:\/\/www.estrategiaconcursos.com.br\/blog\/wp-json\/wp\/v2\/posts\/1750652\/revisions\/1750655"}],"wp:featuredmedia":[{"embeddable":true,"href":"https:\/\/www.estrategiaconcursos.com.br\/blog\/wp-json\/wp\/v2\/media\/1750653"}],"wp:attachment":[{"href":"https:\/\/www.estrategiaconcursos.com.br\/blog\/wp-json\/wp\/v2\/media?parent=1750652"}],"wp:term":[{"taxonomy":"category","embeddable":true,"href":"https:\/\/www.estrategiaconcursos.com.br\/blog\/wp-json\/wp\/v2\/categories?post=1750652"},{"taxonomy":"post_tag","embeddable":true,"href":"https:\/\/www.estrategiaconcursos.com.br\/blog\/wp-json\/wp\/v2\/tags?post=1750652"},{"taxonomy":"tax_estado","embeddable":true,"href":"https:\/\/www.estrategiaconcursos.com.br\/blog\/wp-json\/wp\/v2\/tax_estado?post=1750652"}],"curies":[{"name":"wp","href":"https:\/\/api.w.org\/{rel}","templated":true}]}}