{"id":1748587,"date":"2026-04-26T08:40:00","date_gmt":"2026-04-26T11:40:00","guid":{"rendered":"https:\/\/www.estrategiaconcursos.com.br\/blog\/?p=1748587"},"modified":"2026-04-07T14:53:31","modified_gmt":"2026-04-07T17:53:31","slug":"tudo-sobre-periodo-composto","status":"publish","type":"post","link":"https:\/\/www.estrategiaconcursos.com.br\/blog\/tudo-sobre-periodo-composto\/","title":{"rendered":"Tudo o que voc\u00ea precisa saber sobre per\u00edodo composto"},"content":{"rendered":"\n<p>Ol\u00e1, alunos do Estrat\u00e9gia! Nesse artigo, vamos dar um panorama geral sobre per\u00edodo composto. O estudo do <strong><mark style=\"background-color:rgba(0, 0, 0, 0);color:#ff6900\" class=\"has-inline-color\">per\u00edodo composto<\/mark><\/strong> \u00e9 essencial para voc\u00ea que est\u00e1 se preparando para concursos p\u00fablicos.<\/p>\n\n\n\n<p>N\u00e3o se trata apenas de um conte\u00fado te\u00f3rico: \u00e9 um dos temas mais recorrentes em <strong>provas de alto n\u00edvel<\/strong>, especialmente quando a banca pretende avaliar a capacidade do candidato de interpretar <em>rela\u00e7\u00f5es sint\u00e1ticas e sem\u00e2nticas entre ora\u00e7\u00f5es.<\/em><\/p>\n\n\n\n<p>Neste artigo, voc\u00ea encontrar\u00e1 uma abordagem completa e estrat\u00e9gica: da base conceitual at\u00e9 a aplica\u00e7\u00e3o direta em provas, com foco naquilo que efetivamente \u00e9 cobrado.<\/p>\n\n\n\n<h2 class=\"wp-block-heading\" id=\"h-conceito-de-periodo-composto\">Conceito de Per\u00edodo Composto<\/h2>\n\n\n\n<p>O <strong><mark style=\"background-color:rgba(0, 0, 0, 0);color:#ff6900\" class=\"has-inline-color\">per\u00edodo composto<\/mark><\/strong> \u00e9 caracterizado pela presen\u00e7a de<mark style=\"background-color:rgba(0, 0, 0, 0);color:#ff6900\" class=\"has-inline-color\"> <strong>duas ou mais ora\u00e7\u00f5es<\/strong><\/mark>, cada uma organizada em torno de um verbo ou locu\u00e7\u00e3o verbal. Essas ora\u00e7\u00f5es poder\u00e3o estar ligadas<br \/>por<em> coordena\u00e7\u00e3o ou subordina\u00e7\u00e3o<\/em>.<\/p>\n\n\n\n<p>Veja o exemplo a seguir:<\/p>\n\n\n\n<p>&#8220;Acordei atrasado para o trabalho e logo fui tomar banho&#8221;.<\/p>\n\n\n\n<p>Nesse caso, h\u00e1 duas ora\u00e7\u00f5es distintas \u2014 \u201cAcordei atrasado para o trabalho\u201d e \u201ce logo fui tomar banho\u201d \u2014 que se articulam dentro de um mesmo enunciado. Essa articula\u00e7\u00e3o \u00e9 justamente o que define o per\u00edodo composto.<\/p>\n\n\n\n<p>A distin\u00e7\u00e3o em rela\u00e7\u00e3o ao per\u00edodo simples \u00e9 direta: enquanto o per\u00edodo simples possui apenas uma ora\u00e7\u00e3o (e, portanto, um verbo), o composto envolve <strong><mark style=\"background-color:rgba(0, 0, 0, 0);color:#ff6900\" class=\"has-inline-color\">m\u00faltiplas estruturas oracionais<\/mark><\/strong>. <\/p>\n\n\n\n<h2 class=\"wp-block-heading\" id=\"h-classificacao-do-periodo-composto\">Classifica\u00e7\u00e3o do Per\u00edodo Composto<\/h2>\n\n\n\n<h3 class=\"wp-block-heading\" id=\"h-periodo-composto-por-coordenacao\"><strong>Per\u00edodo Composto por Coordena\u00e7\u00e3o<\/strong><\/h3>\n\n\n\n<p>No <strong><mark style=\"background-color:rgba(0, 0, 0, 0)\" class=\"has-inline-color has-accent-3-color\">per\u00edodo composto por coordena\u00e7\u00e3o<\/mark><\/strong>, as ora\u00e7\u00f5es do per\u00edodo est\u00e3o unidas por coordena\u00e7\u00e3o, uma n\u00e3o depende sintaticamente da outra, pois, ainda que separadas, ambas t\u00eam <em>sentido completo, autonomia<\/em>, ou seja, s\u00e3o frases. <\/p>\n\n\n\n<p>As ora\u00e7\u00f5es coordenadas podem aparecer sem conectivo (<em>assind\u00e9ticas<\/em>) ou com conectivo (<em>sind\u00e9ticas<\/em>). Quando h\u00e1 conjun\u00e7\u00e3o, ela carrega um valor sem\u00e2ntico espec\u00edfico \u2014<em> adi\u00e7\u00e3o, oposi\u00e7\u00e3o, conclus\u00e3o, explica\u00e7\u00e3o ou altern\u00e2ncia<\/em> \u2014, e \u00e9 justamente esse valor que a banca explora.<\/p>\n\n\n\n<p>Em provas, \u00e9 extremamente comum que se pe\u00e7a a classifica\u00e7\u00e3o da conjun\u00e7\u00e3o ou a identifica\u00e7\u00e3o da rela\u00e7\u00e3o sem\u00e2ntica entre as ora\u00e7\u00f5es. <\/p>\n\n\n\n<figure class=\"wp-block-image size-full is-resized\"><img loading=\"lazy\" decoding=\"async\" width=\"435\" height=\"247\" src=\"https:\/\/dhg1h5j42swfq.cloudfront.net\/2026\/03\/03205704\/portugues.jpg\" alt=\"per\u00edodo composto\" class=\"wp-image-1748323\" style=\"aspect-ratio:1.7612093637631174;width:537px;height:auto\" srcset=\"https:\/\/dhg1h5j42swfq.cloudfront.net\/2026\/03\/03205704\/portugues.jpg 435w, https:\/\/dhg1h5j42swfq.cloudfront.net\/2026\/03\/03205704\/portugues-300x170.jpg 300w, https:\/\/dhg1h5j42swfq.cloudfront.net\/2026\/03\/03205704\/portugues-150x85.jpg 150w\" sizes=\"auto, (max-width: 435px) 100vw, 435px\" \/><\/figure>\n\n\n\n<h2 class=\"wp-block-heading\" id=\"h-periodo-composto-por-subordinacao\">Per\u00edodo Composto por Subordina\u00e7\u00e3o<\/h2>\n\n\n\n<p>Em contrapartida, o <strong><mark style=\"background-color:rgba(0, 0, 0, 0);color:#0693e3\" class=\"has-inline-color\">per\u00edodo composto por subordina\u00e7\u00e3o<\/mark><\/strong> se estrutura a partir de uma <strong><mark style=\"background-color:rgba(0, 0, 0, 0);color:#0693e3\" class=\"has-inline-color\">rela\u00e7\u00e3o de depend\u00eancia sint\u00e1tica<\/mark><\/strong>. Uma ora\u00e7\u00e3o (<em>subordinada<\/em>) exerce fun\u00e7\u00e3o dentro da outra (<em>principal<\/em>), funcionando como um termo da ora\u00e7\u00e3o.<\/p>\n\n\n\n<p>Observe: \u201cApesar de ter esse contratempo, cheguei ao trabalho no hor\u00e1rio\u201d<\/p>\n\n\n\n<p>A ora\u00e7\u00e3o \u201cApesar de ter esse contratempo\u201d n\u00e3o possui autonomia plena; ela funciona como complemento do verbo \u201ccheguei\u201d. Trata-se, portanto, de uma ora\u00e7\u00e3o subordinada.<\/p>\n\n\n\n<p>Esse tipo de estrutura exige uma leitura mais anal\u00edtica, pois o candidato precisa identificar n\u00e3o apenas a exist\u00eancia da ora\u00e7\u00e3o, mas tamb\u00e9m sua fun\u00e7\u00e3o sint\u00e1tica \u2014<em> sujeito, objeto, adjunto, entre outros.<\/em><\/p>\n\n\n\n<h2 class=\"wp-block-heading\" id=\"h-periodo-composto-por-coordenacao-e-subordinacao\">Per\u00edodo Composto por Coordena\u00e7\u00e3o e Subordina\u00e7\u00e3o<\/h2>\n\n\n\n<p>H\u00e1 casos em que coordena\u00e7\u00e3o e subordina\u00e7\u00e3o coexistem no mesmo per\u00edodo, formando estruturas mistas.<\/p>\n\n\n\n<p>Exemplo: <em>&#8220;Acordei atrasado para o trabalho e sa\u00ed sem tomar caf\u00e9&#8221;.<\/em><\/p>\n\n\n\n<p>Nesse caso, perceba que as duas primeiras ora\u00e7\u00f5es do per\u00edodo acima est\u00e3o unidas por coordena\u00e7\u00e3o, pois, ainda que separadas, ambas <strong><mark style=\"background-color:rgba(0, 0, 0, 0)\" class=\"has-inline-color has-accent-3-color\">t\u00eam sentido completo<\/mark><\/strong>.<\/p>\n\n\n\n<p>No entanto, a terceira ora\u00e7\u00e3o n\u00e3o possui sentido completo quando isolada. Ela funciona como um adjunto adverbial do verbo &#8220;sa\u00ed&#8221;, modificando-o.<\/p>\n\n\n\n<h2 class=\"wp-block-heading\" id=\"h-principais-tipos-de-oracoes-subordinadas\">Principais Tipos de Ora\u00e7\u00f5es Subordinadas<\/h2>\n\n\n\n<p>As ora\u00e7\u00f5es subordinadas s\u00e3o classificadas de acordo com a fun\u00e7\u00e3o que exercem na estrutura da ora\u00e7\u00e3o principal. Tendo isso em vista, h\u00e1 tr\u00eas tipos de ora\u00e7\u00f5es subordinadas: <strong><mark style=\"background-color:rgba(0, 0, 0, 0);color:#f78da7\" class=\"has-inline-color\">substantivas<\/mark>, <mark style=\"background-color:rgba(0, 0, 0, 0);color:#cf2e2e\" class=\"has-inline-color\">adjetivas <\/mark>e <mark style=\"background-color:rgba(0, 0, 0, 0);color:#fcb900\" class=\"has-inline-color\">adverbiais<\/mark><\/strong>. Logo, vamos explicar cada uma delas.<\/p>\n\n\n\n<p>As <strong><mark style=\"background-color:rgba(0, 0, 0, 0);color:#f78da7\" class=\"has-inline-color\">subordinadas substantivas<\/mark><\/strong> desempenham pap\u00e9is t\u00edpicos de substantivo, como sujeito, objeto direto ou indireto. Em geral, s\u00e3o introduzidas pelas conjun\u00e7\u00f5es \u201cque\u201d ou \u201cse\u201d. Exemplo disso \u00e9: <em>\u201c\u00c9 necess\u00e1rio que voc\u00ea estude\u201d<\/em>, em que a ora\u00e7\u00e3o subordinada exerce a fun\u00e7\u00e3o de sujeito.<\/p>\n\n\n\n<p>J\u00e1 as <strong><mark style=\"background-color:rgba(0, 0, 0, 0);color:#cf2e2e\" class=\"has-inline-color\">subordinadas adjetivas<\/mark><\/strong> t\u00eam a fun\u00e7\u00e3o de caracterizar um substantivo, funcionando como adjunto adnominal. Um ponto crucial \u2014 e muito cobrado \u2014 \u00e9 a distin\u00e7\u00e3o entre ora\u00e7\u00f5es restritivas (<em>sem v\u00edrgula<\/em>) e explicativas (<em>com v\u00edrgula<\/em>). Essa diferen\u00e7a de pontua\u00e7\u00e3o implica mudan\u00e7a de sentido, o que frequentemente aparece em quest\u00f5es interpretativas.<\/p>\n\n\n\n<p>Por fim, as <strong><mark style=\"background-color:rgba(0, 0, 0, 0);color:#fcb900\" class=\"has-inline-color\">subordinadas adverbiais<\/mark><\/strong> expressam circunst\u00e2ncias como causa, condi\u00e7\u00e3o, tempo, concess\u00e3o, finalidade, entre outras. O candidato deve identificar o valor sem\u00e2ntico da conjun\u00e7\u00e3o, pois \u00e9 isso que define a classifica\u00e7\u00e3o. Em <em>\u201cPassei porque estudei\u201d<\/em>, por exemplo, a rela\u00e7\u00e3o \u00e9 de causa.<\/p>\n\n\n\n<h2 class=\"wp-block-heading\" id=\"h-dicas-estrategicas-para-prova\">Dicas Estrat\u00e9gicas para Prova<\/h2>\n\n\n\n<p>Pois bem. Agora que voc\u00ea j\u00e1 entendeu os tipos e fun\u00e7\u00f5es do per\u00edodo composto, voc\u00ea deve aprender como agir diante de uma quest\u00e3o na hora da prova. <\/p>\n\n\n\n<p>Primeiramente, voc\u00ea precisa sempre identificar o<strong><em> n\u00famero de verbos<\/em><\/strong>, pois isso define se o per\u00edodo \u00e9 simples ou composto. Em segundo lugar, deve-se observar os <strong><em>conectivos<\/em><\/strong>, que indicam a rela\u00e7\u00e3o entre as ora\u00e7\u00f5es.<\/p>\n\n\n\n<p>Uma t\u00e9cnica eficaz \u00e9 testar substitui\u00e7\u00f5es: trocar a conjun\u00e7\u00e3o por outra equivalente ajuda a confirmar o sentido. Al\u00e9m disso, a pontua\u00e7\u00e3o \u2014 especialmente a presen\u00e7a ou aus\u00eancia de v\u00edrgulas \u2014 deve ser analisada com aten\u00e7\u00e3o.<\/p>\n\n\n\n<p>Um crit\u00e9rio pr\u00e1tico bastante \u00fatil \u00e9 o seguinte: se a ora\u00e7\u00e3o possui sentido completo isoladamente, trata-se de <strong><em>coordena\u00e7\u00e3o<\/em><\/strong>; se depende da outra para fazer sentido, h\u00e1 <strong><em>subordina\u00e7\u00e3o<\/em><\/strong>.<\/p>\n\n\n\n<p>Agora veja uma quest\u00e3o para fixar o conte\u00fado:<\/p>\n\n\n\n<p><strong>Ano:\u00a0<\/strong>2019\u00a0<strong>Banca:\u00a0<\/strong>FUNDATEC\u00a0<strong>\u00d3rg\u00e3o:\u00a0<\/strong><a href=\"https:\/\/www.qconcursos.com\/concursos\/prefeitura-municipal-de-agua-santa\">Prefeitura de \u00c1gua Santa &#8211; RS<\/a>\u00a0<strong>Prova:\u00a0<\/strong>FUNDATEC &#8211; 2019 &#8211; Prefeitura de \u00c1gua Santa &#8211; RS &#8211; Professor de L\u00edngua Portuguesa<\/p>\n\n\n\n<p>\u2013 Sobre per\u00edodos compostos, avalie as assertivas abaixo:<\/p>\n\n\n\n<p>I. No per\u00edodo composto por coordena\u00e7\u00e3o, as ora\u00e7\u00f5es se sucedem igualitariamente, sem que umas dependam das outras.<\/p>\n\n\n\n<p>II. Na subordina\u00e7\u00e3o, h\u00e1 ora\u00e7\u00f5es que dependem sintaticamente de outras, isto \u00e9, s\u00e3o termos de outras, podendo representar sujeito, objetos \u2013 direto e indireto, complementos nominais, predicativos, apostos, adjuntos adnominais e adverbiais.<\/p>\n\n\n\n<p>III. \u00c9 poss\u00edvel haver a forma\u00e7\u00e3o de per\u00edodos mistos \u2013 per\u00edodos compostos por coordena\u00e7\u00e3o e subordina\u00e7\u00e3o \u2013, em que se tenha ora\u00e7\u00f5es coordenadas independentes, ora\u00e7\u00f5es principais e ora\u00e7\u00f5es subordinadas.<\/p>\n\n\n\n<p>Quais est\u00e3o corretas?<\/p>\n\n\n\n<p>Alternativas<\/p>\n\n\n\n<p>A &#8211; Apenas I.<\/p>\n\n\n\n<p>B &#8211; Apenas II.<\/p>\n\n\n\n<p>C &#8211; Apenas I e II.<\/p>\n\n\n\n<p>D &#8211; Apenas II e III.<\/p>\n\n\n\n<p>E &#8211; I, II e III.<\/p>\n\n\n\n<p><strong>Gabarito E &#8211;<\/strong> Conforme visto acima, todas as assertivas s\u00e3o corretas e resumem o que vimos at\u00e9 aqui. <\/p>\n\n\n\n<h2 class=\"wp-block-heading\" id=\"h-consideracoes-finais\">Considera\u00e7\u00f5es finais<\/h2>\n\n\n\n<p>Em resumo, o <strong><mark style=\"background-color:rgba(0, 0, 0, 0);color:#ff6900\" class=\"has-inline-color\">per\u00edodo composto<\/mark><\/strong> \u00e9 um tema estruturante da gram\u00e1tica para concursos e, ao mesmo tempo, uma excelente oportunidade de pontua\u00e7\u00e3o para quem domina sua l\u00f3gica interna.<\/p>\n\n\n\n<p>Por fim, espero que o artigo seja \u00fatil para a sua prepara\u00e7\u00e3o. Desejo bons estudos e boa sorte em sua jornada!<\/p>\n\n\n\n<h2 class=\"wp-block-heading has-text-align-center\" id=\"h-cursos-e-assinaturas\">Cursos e Assinaturas<\/h2>\n\n\n\n<p>Prepare-se com o melhor material e com quem mais aprova em Concursos P\u00fablicos em todo o pa\u00eds!<\/p>\n\n\n\n<p class=\"has-text-align-center has-vivid-cyan-blue-color has-text-color has-background\" style=\"background-color:#0078bd\"><a href=\"https:\/\/www.estrategiaconcursos.com.br\/blog\/concursos-abertos\/\" target=\"_blank\" rel=\"noreferrer noopener\"><strong><mark style=\"background-color:rgba(0, 0, 0, 0)\" class=\"has-inline-color has-white-color\">Concursos Abertos<\/mark><\/strong><\/a><\/p>\n\n\n\n<p class=\"has-text-align-center has-white-color has-text-color has-background has-link-color wp-elements-b29a7bbc0bcffbd58c1c4bdda015b222\" style=\"background-color:#0078bd\"><strong><a href=\"https:\/\/www.estrategiaconcursos.com.br\/blog\/concursos-2026\/#\">Concursos 202<strong>6<\/strong><\/a><\/strong><\/p>\n","protected":false},"excerpt":{"rendered":"<p>Ol\u00e1, alunos do Estrat\u00e9gia! Nesse artigo, vamos dar um panorama geral sobre per\u00edodo composto. O estudo do per\u00edodo composto \u00e9 essencial para voc\u00ea que est\u00e1 se preparando para concursos p\u00fablicos. N\u00e3o se trata apenas de um conte\u00fado te\u00f3rico: \u00e9 um dos temas mais recorrentes em provas de alto n\u00edvel, especialmente quando a banca pretende avaliar [&hellip;]<\/p>\n","protected":false},"author":2983,"featured_media":1748323,"comment_status":"open","ping_status":"closed","sticky":false,"template":"","format":"standard","meta":{"post_tipo":"article","footnotes":""},"categories":[1],"tags":[],"tax_estado":[],"class_list":["post-1748587","post","type-post","status-publish","format-standard","has-post-thumbnail","hentry","category-cursos-e-concursos"],"acf":[],"yoast_head":"<!-- This site is optimized with the Yoast SEO Premium plugin v27.2 (Yoast SEO v27.2) - https:\/\/yoast.com\/product\/yoast-seo-premium-wordpress\/ -->\n<title>Tudo o que voc\u00ea precisa saber sobre per\u00edodo composto<\/title>\n<meta name=\"description\" content=\"Nesse artigo, vamos falar sobre per\u00edodo composto. O estudo desse tema \u00e9 essencial para voc\u00ea ir bem nas provas de concursos p\u00fablicos.\" \/>\n<meta name=\"robots\" content=\"index, follow, max-snippet:-1, max-image-preview:large, max-video-preview:-1\" \/>\n<link rel=\"canonical\" href=\"https:\/\/www.estrategiaconcursos.com.br\/blog\/tudo-sobre-periodo-composto\/\" \/>\n<meta property=\"og:locale\" content=\"pt_BR\" \/>\n<meta property=\"og:type\" content=\"article\" \/>\n<meta property=\"og:title\" content=\"Tudo o que voc\u00ea precisa saber sobre per\u00edodo composto\" \/>\n<meta property=\"og:description\" content=\"Nesse artigo, vamos falar sobre per\u00edodo composto. O estudo desse tema \u00e9 essencial para voc\u00ea ir bem nas provas de concursos p\u00fablicos.\" \/>\n<meta property=\"og:url\" content=\"https:\/\/www.estrategiaconcursos.com.br\/blog\/tudo-sobre-periodo-composto\/\" \/>\n<meta property=\"og:site_name\" content=\"Estrat\u00e9gia Concursos\" \/>\n<meta property=\"article:published_time\" content=\"2026-04-26T11:40:00+00:00\" \/>\n<meta property=\"og:image\" content=\"https:\/\/dhg1h5j42swfq.cloudfront.net\/2026\/03\/03205704\/portugues.jpg\" \/>\n\t<meta property=\"og:image:width\" content=\"435\" \/>\n\t<meta property=\"og:image:height\" content=\"247\" \/>\n\t<meta property=\"og:image:type\" content=\"image\/jpeg\" \/>\n<meta name=\"author\" content=\"Juliana Bastos Martins Alves\" \/>\n<meta name=\"twitter:card\" content=\"summary_large_image\" \/>\n<meta name=\"twitter:creator\" content=\"@EstratConcursos\" \/>\n<meta name=\"twitter:site\" content=\"@EstratConcursos\" \/>\n<meta name=\"twitter:label1\" content=\"Escrito por\" \/>\n\t<meta name=\"twitter:data1\" content=\"Juliana Bastos Martins Alves\" \/>\n\t<meta name=\"twitter:label2\" content=\"Est. tempo de leitura\" \/>\n\t<meta name=\"twitter:data2\" content=\"6 minutos\" \/>\n<script type=\"application\/ld+json\" class=\"yoast-schema-graph\">{\"@context\":\"https:\/\/schema.org\",\"@graph\":[{\"@type\":\"NewsArticle\",\"@id\":\"https:\/\/www.estrategiaconcursos.com.br\/blog\/tudo-sobre-periodo-composto\/#article\",\"isPartOf\":{\"@id\":\"https:\/\/www.estrategiaconcursos.com.br\/blog\/tudo-sobre-periodo-composto\/\"},\"author\":{\"name\":\"Juliana Bastos Martins Alves\",\"@id\":\"https:\/\/www.estrategiaconcursos.com.br\/blog\/#\/schema\/person\/07c6b32a2ff6a5917c5ea78d62b544dd\"},\"headline\":\"Tudo o que voc\u00ea precisa saber sobre per\u00edodo composto\",\"datePublished\":\"2026-04-26T11:40:00+00:00\",\"mainEntityOfPage\":{\"@id\":\"https:\/\/www.estrategiaconcursos.com.br\/blog\/tudo-sobre-periodo-composto\/\"},\"wordCount\":1182,\"commentCount\":0,\"publisher\":{\"@id\":\"https:\/\/www.estrategiaconcursos.com.br\/blog\/#organization\"},\"image\":{\"@id\":\"https:\/\/www.estrategiaconcursos.com.br\/blog\/tudo-sobre-periodo-composto\/#primaryimage\"},\"thumbnailUrl\":\"https:\/\/dhg1h5j42swfq.cloudfront.net\/2026\/03\/03205704\/portugues.jpg\",\"articleSection\":[\"Concursos P\u00fablicos\"],\"inLanguage\":\"pt-BR\",\"potentialAction\":[{\"@type\":\"CommentAction\",\"name\":\"Comment\",\"target\":[\"https:\/\/www.estrategiaconcursos.com.br\/blog\/tudo-sobre-periodo-composto\/#respond\"]}],\"copyrightYear\":\"2026\",\"copyrightHolder\":{\"@id\":\"https:\/\/www.estrategiaconcursos.com.br\/blog\/#organization\"}},{\"@type\":\"WebPage\",\"@id\":\"https:\/\/www.estrategiaconcursos.com.br\/blog\/tudo-sobre-periodo-composto\/\",\"url\":\"https:\/\/www.estrategiaconcursos.com.br\/blog\/tudo-sobre-periodo-composto\/\",\"name\":\"Tudo o que voc\u00ea precisa saber sobre per\u00edodo composto\",\"isPartOf\":{\"@id\":\"https:\/\/www.estrategiaconcursos.com.br\/blog\/#website\"},\"primaryImageOfPage\":{\"@id\":\"https:\/\/www.estrategiaconcursos.com.br\/blog\/tudo-sobre-periodo-composto\/#primaryimage\"},\"image\":{\"@id\":\"https:\/\/www.estrategiaconcursos.com.br\/blog\/tudo-sobre-periodo-composto\/#primaryimage\"},\"thumbnailUrl\":\"https:\/\/dhg1h5j42swfq.cloudfront.net\/2026\/03\/03205704\/portugues.jpg\",\"datePublished\":\"2026-04-26T11:40:00+00:00\",\"description\":\"Nesse artigo, vamos falar sobre per\u00edodo composto. O estudo desse tema \u00e9 essencial para voc\u00ea ir bem nas provas de concursos p\u00fablicos.\",\"breadcrumb\":{\"@id\":\"https:\/\/www.estrategiaconcursos.com.br\/blog\/tudo-sobre-periodo-composto\/#breadcrumb\"},\"inLanguage\":\"pt-BR\",\"potentialAction\":[{\"@type\":\"ReadAction\",\"target\":[\"https:\/\/www.estrategiaconcursos.com.br\/blog\/tudo-sobre-periodo-composto\/\"]}]},{\"@type\":\"ImageObject\",\"inLanguage\":\"pt-BR\",\"@id\":\"https:\/\/www.estrategiaconcursos.com.br\/blog\/tudo-sobre-periodo-composto\/#primaryimage\",\"url\":\"https:\/\/dhg1h5j42swfq.cloudfront.net\/2026\/03\/03205704\/portugues.jpg\",\"contentUrl\":\"https:\/\/dhg1h5j42swfq.cloudfront.net\/2026\/03\/03205704\/portugues.jpg\",\"width\":435,\"height\":247},{\"@type\":\"BreadcrumbList\",\"@id\":\"https:\/\/www.estrategiaconcursos.com.br\/blog\/tudo-sobre-periodo-composto\/#breadcrumb\",\"itemListElement\":[{\"@type\":\"ListItem\",\"position\":1,\"name\":\"In\u00edcio\",\"item\":\"https:\/\/www.estrategiaconcursos.com.br\/blog\/\"},{\"@type\":\"ListItem\",\"position\":2,\"name\":\"Tudo o que voc\u00ea precisa saber sobre per\u00edodo composto\"}]},{\"@type\":\"WebSite\",\"@id\":\"https:\/\/www.estrategiaconcursos.com.br\/blog\/#website\",\"url\":\"https:\/\/www.estrategiaconcursos.com.br\/blog\/\",\"name\":\"Estrat\u00e9gia Concursos\",\"description\":\"O blog da Estrat\u00e9gia Concursos traz not\u00edcias sobre concursos e artigos de professores oferecendo cursos para concursos (pdf + videaulas) no site.\",\"publisher\":{\"@id\":\"https:\/\/www.estrategiaconcursos.com.br\/blog\/#organization\"},\"potentialAction\":[{\"@type\":\"SearchAction\",\"target\":{\"@type\":\"EntryPoint\",\"urlTemplate\":\"https:\/\/www.estrategiaconcursos.com.br\/blog\/?s={search_term_string}\"},\"query-input\":{\"@type\":\"PropertyValueSpecification\",\"valueRequired\":true,\"valueName\":\"search_term_string\"}}],\"inLanguage\":\"pt-BR\"},{\"@type\":\"Organization\",\"@id\":\"https:\/\/www.estrategiaconcursos.com.br\/blog\/#organization\",\"name\":\"Estrat\u00e9gia Concursos\",\"url\":\"https:\/\/www.estrategiaconcursos.com.br\/blog\/\",\"logo\":{\"@type\":\"ImageObject\",\"inLanguage\":\"pt-BR\",\"@id\":\"https:\/\/www.estrategiaconcursos.com.br\/blog\/#\/schema\/logo\/image\/\",\"url\":\"https:\/\/dhg1h5j42swfq.cloudfront.net\/2025\/06\/03203428\/logo_concursos-1.jpg\",\"contentUrl\":\"https:\/\/dhg1h5j42swfq.cloudfront.net\/2025\/06\/03203428\/logo_concursos-1.jpg\",\"width\":230,\"height\":60,\"caption\":\"Estrat\u00e9gia Concursos\"},\"image\":{\"@id\":\"https:\/\/www.estrategiaconcursos.com.br\/blog\/#\/schema\/logo\/image\/\"},\"sameAs\":[\"https:\/\/x.com\/EstratConcursos\"]},{\"@type\":\"Person\",\"@id\":\"https:\/\/www.estrategiaconcursos.com.br\/blog\/#\/schema\/person\/07c6b32a2ff6a5917c5ea78d62b544dd\",\"name\":\"Juliana Bastos Martins Alves\",\"image\":{\"@type\":\"ImageObject\",\"inLanguage\":\"pt-BR\",\"@id\":\"https:\/\/secure.gravatar.com\/avatar\/453e6e681663a9e479bd1162e5a8cd14b922b15ff643b99f0778c472b6a305c5?s=96&d=mm&r=g\",\"url\":\"https:\/\/secure.gravatar.com\/avatar\/453e6e681663a9e479bd1162e5a8cd14b922b15ff643b99f0778c472b6a305c5?s=96&d=mm&r=g\",\"contentUrl\":\"https:\/\/secure.gravatar.com\/avatar\/453e6e681663a9e479bd1162e5a8cd14b922b15ff643b99f0778c472b6a305c5?s=96&d=mm&r=g\",\"caption\":\"Juliana Bastos Martins Alves\"},\"description\":\"T\u00e9cnica Legislativa na C\u00e2mara Municipal de S\u00e3o Paulo. Graduada em Direito pela Pontif\u00edcia Universidade Cat\u00f3lica de S\u00e3o Paulo\/SP. P\u00f3s-graduada em Processo Civil pela Escola Superior do Minist\u00e9rio P\u00fablico (ESMP).\",\"url\":\"https:\/\/www.estrategiaconcursos.com.br\/blog\/author\/juliana199405gmail-com\/\"}]}<\/script>\n<!-- \/ Yoast SEO Premium plugin. -->","yoast_head_json":{"title":"Tudo o que voc\u00ea precisa saber sobre per\u00edodo composto","description":"Nesse artigo, vamos falar sobre per\u00edodo composto. O estudo desse tema \u00e9 essencial para voc\u00ea ir bem nas provas de concursos p\u00fablicos.","robots":{"index":"index","follow":"follow","max-snippet":"max-snippet:-1","max-image-preview":"max-image-preview:large","max-video-preview":"max-video-preview:-1"},"canonical":"https:\/\/www.estrategiaconcursos.com.br\/blog\/tudo-sobre-periodo-composto\/","og_locale":"pt_BR","og_type":"article","og_title":"Tudo o que voc\u00ea precisa saber sobre per\u00edodo composto","og_description":"Nesse artigo, vamos falar sobre per\u00edodo composto. O estudo desse tema \u00e9 essencial para voc\u00ea ir bem nas provas de concursos p\u00fablicos.","og_url":"https:\/\/www.estrategiaconcursos.com.br\/blog\/tudo-sobre-periodo-composto\/","og_site_name":"Estrat\u00e9gia Concursos","article_published_time":"2026-04-26T11:40:00+00:00","og_image":[{"width":435,"height":247,"url":"https:\/\/dhg1h5j42swfq.cloudfront.net\/2026\/03\/03205704\/portugues.jpg","type":"image\/jpeg"}],"author":"Juliana Bastos Martins Alves","twitter_card":"summary_large_image","twitter_creator":"@EstratConcursos","twitter_site":"@EstratConcursos","twitter_misc":{"Escrito por":"Juliana Bastos Martins Alves","Est. tempo de leitura":"6 minutos"},"schema":{"@context":"https:\/\/schema.org","@graph":[{"@type":"NewsArticle","@id":"https:\/\/www.estrategiaconcursos.com.br\/blog\/tudo-sobre-periodo-composto\/#article","isPartOf":{"@id":"https:\/\/www.estrategiaconcursos.com.br\/blog\/tudo-sobre-periodo-composto\/"},"author":{"name":"Juliana Bastos Martins Alves","@id":"https:\/\/www.estrategiaconcursos.com.br\/blog\/#\/schema\/person\/07c6b32a2ff6a5917c5ea78d62b544dd"},"headline":"Tudo o que voc\u00ea precisa saber sobre per\u00edodo composto","datePublished":"2026-04-26T11:40:00+00:00","mainEntityOfPage":{"@id":"https:\/\/www.estrategiaconcursos.com.br\/blog\/tudo-sobre-periodo-composto\/"},"wordCount":1182,"commentCount":0,"publisher":{"@id":"https:\/\/www.estrategiaconcursos.com.br\/blog\/#organization"},"image":{"@id":"https:\/\/www.estrategiaconcursos.com.br\/blog\/tudo-sobre-periodo-composto\/#primaryimage"},"thumbnailUrl":"https:\/\/dhg1h5j42swfq.cloudfront.net\/2026\/03\/03205704\/portugues.jpg","articleSection":["Concursos P\u00fablicos"],"inLanguage":"pt-BR","potentialAction":[{"@type":"CommentAction","name":"Comment","target":["https:\/\/www.estrategiaconcursos.com.br\/blog\/tudo-sobre-periodo-composto\/#respond"]}],"copyrightYear":"2026","copyrightHolder":{"@id":"https:\/\/www.estrategiaconcursos.com.br\/blog\/#organization"}},{"@type":"WebPage","@id":"https:\/\/www.estrategiaconcursos.com.br\/blog\/tudo-sobre-periodo-composto\/","url":"https:\/\/www.estrategiaconcursos.com.br\/blog\/tudo-sobre-periodo-composto\/","name":"Tudo o que voc\u00ea precisa saber sobre per\u00edodo composto","isPartOf":{"@id":"https:\/\/www.estrategiaconcursos.com.br\/blog\/#website"},"primaryImageOfPage":{"@id":"https:\/\/www.estrategiaconcursos.com.br\/blog\/tudo-sobre-periodo-composto\/#primaryimage"},"image":{"@id":"https:\/\/www.estrategiaconcursos.com.br\/blog\/tudo-sobre-periodo-composto\/#primaryimage"},"thumbnailUrl":"https:\/\/dhg1h5j42swfq.cloudfront.net\/2026\/03\/03205704\/portugues.jpg","datePublished":"2026-04-26T11:40:00+00:00","description":"Nesse artigo, vamos falar sobre per\u00edodo composto. O estudo desse tema \u00e9 essencial para voc\u00ea ir bem nas provas de concursos p\u00fablicos.","breadcrumb":{"@id":"https:\/\/www.estrategiaconcursos.com.br\/blog\/tudo-sobre-periodo-composto\/#breadcrumb"},"inLanguage":"pt-BR","potentialAction":[{"@type":"ReadAction","target":["https:\/\/www.estrategiaconcursos.com.br\/blog\/tudo-sobre-periodo-composto\/"]}]},{"@type":"ImageObject","inLanguage":"pt-BR","@id":"https:\/\/www.estrategiaconcursos.com.br\/blog\/tudo-sobre-periodo-composto\/#primaryimage","url":"https:\/\/dhg1h5j42swfq.cloudfront.net\/2026\/03\/03205704\/portugues.jpg","contentUrl":"https:\/\/dhg1h5j42swfq.cloudfront.net\/2026\/03\/03205704\/portugues.jpg","width":435,"height":247},{"@type":"BreadcrumbList","@id":"https:\/\/www.estrategiaconcursos.com.br\/blog\/tudo-sobre-periodo-composto\/#breadcrumb","itemListElement":[{"@type":"ListItem","position":1,"name":"In\u00edcio","item":"https:\/\/www.estrategiaconcursos.com.br\/blog\/"},{"@type":"ListItem","position":2,"name":"Tudo o que voc\u00ea precisa saber sobre per\u00edodo composto"}]},{"@type":"WebSite","@id":"https:\/\/www.estrategiaconcursos.com.br\/blog\/#website","url":"https:\/\/www.estrategiaconcursos.com.br\/blog\/","name":"Estrat\u00e9gia Concursos","description":"O blog da Estrat\u00e9gia Concursos traz not\u00edcias sobre concursos e artigos de professores oferecendo cursos para concursos (pdf + videaulas) no site.","publisher":{"@id":"https:\/\/www.estrategiaconcursos.com.br\/blog\/#organization"},"potentialAction":[{"@type":"SearchAction","target":{"@type":"EntryPoint","urlTemplate":"https:\/\/www.estrategiaconcursos.com.br\/blog\/?s={search_term_string}"},"query-input":{"@type":"PropertyValueSpecification","valueRequired":true,"valueName":"search_term_string"}}],"inLanguage":"pt-BR"},{"@type":"Organization","@id":"https:\/\/www.estrategiaconcursos.com.br\/blog\/#organization","name":"Estrat\u00e9gia Concursos","url":"https:\/\/www.estrategiaconcursos.com.br\/blog\/","logo":{"@type":"ImageObject","inLanguage":"pt-BR","@id":"https:\/\/www.estrategiaconcursos.com.br\/blog\/#\/schema\/logo\/image\/","url":"https:\/\/dhg1h5j42swfq.cloudfront.net\/2025\/06\/03203428\/logo_concursos-1.jpg","contentUrl":"https:\/\/dhg1h5j42swfq.cloudfront.net\/2025\/06\/03203428\/logo_concursos-1.jpg","width":230,"height":60,"caption":"Estrat\u00e9gia Concursos"},"image":{"@id":"https:\/\/www.estrategiaconcursos.com.br\/blog\/#\/schema\/logo\/image\/"},"sameAs":["https:\/\/x.com\/EstratConcursos"]},{"@type":"Person","@id":"https:\/\/www.estrategiaconcursos.com.br\/blog\/#\/schema\/person\/07c6b32a2ff6a5917c5ea78d62b544dd","name":"Juliana Bastos Martins Alves","image":{"@type":"ImageObject","inLanguage":"pt-BR","@id":"https:\/\/secure.gravatar.com\/avatar\/453e6e681663a9e479bd1162e5a8cd14b922b15ff643b99f0778c472b6a305c5?s=96&d=mm&r=g","url":"https:\/\/secure.gravatar.com\/avatar\/453e6e681663a9e479bd1162e5a8cd14b922b15ff643b99f0778c472b6a305c5?s=96&d=mm&r=g","contentUrl":"https:\/\/secure.gravatar.com\/avatar\/453e6e681663a9e479bd1162e5a8cd14b922b15ff643b99f0778c472b6a305c5?s=96&d=mm&r=g","caption":"Juliana Bastos Martins Alves"},"description":"T\u00e9cnica Legislativa na C\u00e2mara Municipal de S\u00e3o Paulo. Graduada em Direito pela Pontif\u00edcia Universidade Cat\u00f3lica de S\u00e3o Paulo\/SP. P\u00f3s-graduada em Processo Civil pela Escola Superior do Minist\u00e9rio P\u00fablico (ESMP).","url":"https:\/\/www.estrategiaconcursos.com.br\/blog\/author\/juliana199405gmail-com\/"}]}},"_links":{"self":[{"href":"https:\/\/www.estrategiaconcursos.com.br\/blog\/wp-json\/wp\/v2\/posts\/1748587","targetHints":{"allow":["GET"]}}],"collection":[{"href":"https:\/\/www.estrategiaconcursos.com.br\/blog\/wp-json\/wp\/v2\/posts"}],"about":[{"href":"https:\/\/www.estrategiaconcursos.com.br\/blog\/wp-json\/wp\/v2\/types\/post"}],"author":[{"embeddable":true,"href":"https:\/\/www.estrategiaconcursos.com.br\/blog\/wp-json\/wp\/v2\/users\/2983"}],"replies":[{"embeddable":true,"href":"https:\/\/www.estrategiaconcursos.com.br\/blog\/wp-json\/wp\/v2\/comments?post=1748587"}],"version-history":[{"count":28,"href":"https:\/\/www.estrategiaconcursos.com.br\/blog\/wp-json\/wp\/v2\/posts\/1748587\/revisions"}],"predecessor-version":[{"id":1748640,"href":"https:\/\/www.estrategiaconcursos.com.br\/blog\/wp-json\/wp\/v2\/posts\/1748587\/revisions\/1748640"}],"wp:featuredmedia":[{"embeddable":true,"href":"https:\/\/www.estrategiaconcursos.com.br\/blog\/wp-json\/wp\/v2\/media\/1748323"}],"wp:attachment":[{"href":"https:\/\/www.estrategiaconcursos.com.br\/blog\/wp-json\/wp\/v2\/media?parent=1748587"}],"wp:term":[{"taxonomy":"category","embeddable":true,"href":"https:\/\/www.estrategiaconcursos.com.br\/blog\/wp-json\/wp\/v2\/categories?post=1748587"},{"taxonomy":"post_tag","embeddable":true,"href":"https:\/\/www.estrategiaconcursos.com.br\/blog\/wp-json\/wp\/v2\/tags?post=1748587"},{"taxonomy":"tax_estado","embeddable":true,"href":"https:\/\/www.estrategiaconcursos.com.br\/blog\/wp-json\/wp\/v2\/tax_estado?post=1748587"}],"curies":[{"name":"wp","href":"https:\/\/api.w.org\/{rel}","templated":true}]}}