{"id":174800,"date":"2019-03-30T08:40:54","date_gmt":"2019-03-30T11:40:54","guid":{"rendered":"https:\/\/www.estrategiaconcursos.com.br\/blog\/?p=174800"},"modified":"2021-01-14T14:09:40","modified_gmt":"2021-01-14T17:09:40","slug":"entrevista-pedro-wendt-farias-aprovado-no-concurso-da-prf","status":"publish","type":"post","link":"https:\/\/www.estrategiaconcursos.com.br\/blog\/entrevista-pedro-wendt-farias-aprovado-no-concurso-da-prf\/","title":{"rendered":"ENTREVISTA: Pedro Wendt Farias &#8211; Aprovado em 1\u00ba lugar no concurso da PRF para o estado da Bahia"},"content":{"rendered":"\n<div class=\"wp-block-image\"><figure class=\"alignleft is-resized\"><img loading=\"lazy\" decoding=\"async\" src=\"https:\/\/dhg1h5j42swfq.cloudfront.net\/2019\/03\/22170019\/IMG_20190309_170220.jpg\" alt=\"\" class=\"wp-image-173402\" width=\"265\" height=\"274\" srcset=\"https:\/\/dhg1h5j42swfq.cloudfront.net\/2019\/03\/22170019\/IMG_20190309_170220.jpg 841w, https:\/\/dhg1h5j42swfq.cloudfront.net\/2019\/03\/22170019\/IMG_20190309_170220.jpg 289w, https:\/\/dhg1h5j42swfq.cloudfront.net\/2019\/03\/22170019\/IMG_20190309_170220.jpg 768w\" sizes=\"auto, (max-width: 265px) 100vw, 265px\" \/><\/figure><\/div>\n\n\n\n<p class=\"has-text-align-center\"> <br \/><strong><em>&#8220;Durante a prepara\u00e7\u00e3o, a PRF se transformou em um sonho. Coloquei fotos das viaturas na tela do computador e quando estava cansado, sem querer estudar, eu olhava para elas. Pensava no meu objetivo, na minha fam\u00edlia, na minha namorada, nos meus amigos e falava para mim mesmo: eu vou chegar l\u00e1!&#8221;<\/em><\/strong><\/p>\n\n\n\n<p>Confira nossa entrevista com Pedro Wendt Farias, aprovado em 1\u00ba lugar no concurso da Pol\u00edcia Rodovi\u00e1ria Federal para o estado da Bahia (provas objetiva e discursiva): <\/p>\n\n\n\n<p><strong>Estrat\u00e9gia Concursos: Conte-nos um pouco sobre voc\u00ea, para que nossos leitores possam te conhecer melhor. Voc\u00ea \u00e9 formado em que \u00e1rea? Qual sua idade? De onde voc\u00ea \u00e9? <\/strong><\/p>\n\n\n\n<p><strong>Pedro Farias:<\/strong> Ga\u00facho de sangue e baiano de cora\u00e7\u00e3o, tenho 31 anos e sou bi\u00f3logo.<\/p>\n\n\n\n<p><strong>Estrat\u00e9gia: O que te levou a tomar a decis\u00e3o de come\u00e7ar a estudar para concursos? Porque a \u00e1rea Policial?<\/strong><\/p>\n\n\n\n<p><strong>Pedro: <\/strong>Meu dindo, concurseiro pioneiro na fam\u00edlia, meu grande incentivador. Em 2013 fiz uma viagem com ele e, ap\u00f3s muitos dias de conversas, ele me convenceu que era um caminho produtivo a se seguir. <\/p>\n\n\n\n<p>Al\u00e9m dele, minha ex namorada, Manuela, foi uma pessoa importante no in\u00edcio dessa jornada. Quando a conheci, ela estava iniciando os estudos e me influenciou nesta caminhada.<\/p>\n\n\n\n<p>Meu objetivo nunca foi ser policial, mas sim Policial Rodovi\u00e1rio Federal. Essa institui\u00e7\u00e3o faz meus olhos brilharem.<\/p>\n\n\n\n<p><strong>Estrat\u00e9gia: Durante sua caminhada como concurseiro, voc\u00ea trabalhava e estudava (como conciliava trabalho e estudos?), ou se dedicava inteiramente aos estudos para concurso? <\/strong> <\/p>\n\n\n\n<p><strong>Pedro: <\/strong>Em 2013, quando decidi estudar para concursos, larguei tudo e fiz um curso presencial. Decidi que, se era para estudar, eu iria focar em um dos cargos mais cobi\u00e7ados do pa\u00eds: Auditor Fiscal da Receita Federal.<\/p>\n\n\n\n<p>Passei quase 2 anos me enganando, fingindo estudar. Apenas comparecia \u00e0s aulas no turno da manh\u00e3 e depois partia para a praia surfar. At\u00e9 que Manuela decidiu que estudaria para o concurso do INSS e eu entrei na onda.<\/p>\n\n\n\n<p>Ap\u00f3s alguns meses, passei em um concurso municipal de Salvador e comecei a conciliar o trabalho com os estudos. Em dezembro de 2015 saiu o edital do INSS e meu pai foi demitido, ele sustentava a fam\u00edlia e foi um momento muito dif\u00edcil.  <\/p>\n\n\n\n<p>A partir disso a \u201cchave virou\u201d, coloquei na cabe\u00e7a que passaria em um concurso com um bom sal\u00e1rio para poder me sustentar e ajudar meus pais. <\/p>\n\n\n\n<p>Assim aconteceu! Fui aben\u00e7oado com a aprova\u00e7\u00e3o em um dos concursos mais concorridos do pa\u00eds, cargo que exer\u00e7o atualmente (T\u00e9cnico do Seguro Social).<\/p>\n\n\n\n<p>Ap\u00f3s a posse no INSS, a hist\u00f3ria mudou completamente. Passei a morar a 400km do mar, longe de tudo que eu gostava. Apesar da felicidade da aprova\u00e7\u00e3o, da estabilidade, do sal\u00e1rio, fiquei bastante insatisfeito. <\/p>\n\n\n\n<p>Percebi que o trabalho sentado, no ar condicionado, n\u00e3o \u00e9 para mim. A maior parte da prepara\u00e7\u00e3o para PRF foi conciliando muito trabalho e estudos.<\/p>\n\n\n\n<p><strong>Estrat\u00e9gia: Quantos e em quais concursos j\u00e1 foi aprovado? Qual o \u00faltimo? Em qual cargo e em que coloca\u00e7\u00e3o?<\/strong><\/p>\n\n\n\n<p><strong>Pedro: <\/strong>Fui aprovado em 2 concursos: Prefeitura Municipal de Salvador, em 42\u00b0 (eu acho); e no INSS (14\u00b0 para a ger\u00eancia de Juazeiro). Al\u00e9m deles, fiquei em 10\u00b0 no concurso da PCBA de 2018, mas n\u00e3o entreguei um exame m\u00e9dico obrigat\u00f3rio e fui eliminado.<\/p>\n\n\n\n<p><strong>Estrat\u00e9gia: Qual foi sua sensa\u00e7\u00e3o ao ver seu nome na lista dos aprovados\/classificados na primeira fase do certame?<\/strong><\/p>\n\n\n\n<p><strong>Pedro: <\/strong>Foi indescrit\u00edvel, uma sensa\u00e7\u00e3o dif\u00edcil de externar por palavras. No entanto, sempre fui muito \u201cp\u00e9 no ch\u00e3o\u201d, sei que foi apenas a primeira etapa.  <\/p>\n\n\n\n<p>Al\u00e9m disso, ao mesmo tempo que transbordava felicidade pelo meu nome estar na lista de aprovados, tive uma tristeza profunda em n\u00e3o ver o nome da minha namorada (Aline Braunstein), a qual se esfor\u00e7ou e se sacrificou igual ou at\u00e9 mais que eu. <\/p>\n\n\n\n<p>Ela fez 85 pontos e ficou de fora. Mas tenho absoluta certeza que no pr\u00f3ximo, seja em 2020, seja em 2024, o nome dela estar\u00e1 no topo.<\/p>\n\n\n\n<p><strong>Estrat\u00e9gia: Como era sua vida social durante a prepara\u00e7\u00e3o para concursos? Voc\u00ea sa\u00eda com amigos, fam\u00edlia, etc? Ou adotou uma postura radical, abdicando do conv\u00edvio social?<\/strong><\/p>\n\n\n\n<p><strong>Pedro: <\/strong>Durante minha prepara\u00e7\u00e3o para os concursos anteriores, eu tive uma vida social normal: sa\u00eda com amigos, surfava, viajava, curtia bastante. <\/p>\n\n\n\n<p>Entretanto, em dois momentos adotei uma postura radical: ap\u00f3s a publica\u00e7\u00e3o do edital do INSS e a autoriza\u00e7\u00e3o do concurso da PRF. Nesses dois momentos eu abdiquei completamente do conv\u00edvio social.<\/p>\n\n\n\n<p><strong>Estrat\u00e9gia: Voc\u00ea \u00e9 casado? Tem filhos? Namora? Mora com seus pais? Sua fam\u00edlia entendeu e apoiou sua caminhada como concurseiro? Se sim, de que forma? <\/strong> <\/p>\n\n\n\n<p><strong>Pedro: <\/strong>Eu gostaria de ter dispon\u00edvel um livro em branco para responder essa pergunta, talvez assim eu pudesse chegar perto de explicar como foi importante a presen\u00e7a da minha namorada Aline e do apoio da minha fam\u00edlia.  <\/p>\n\n\n\n<p>Eu namoro com ela desde dezembro de 2017. N\u00e3o tenho filhos e moro sozinho desde os 21 anos. Minha fam\u00edlia sempre me apoiou, obviamente que houve pux\u00f5es de orelhas e cr\u00edticas mas, no geral, s\u00f3 tenho a agradecer meus pais pelo apoio incondicional.<\/p>\n\n\n\n<p>Escolhi reservar um par\u00e1grafo para falar sobre o apoio da minha namorada nessa caminhada para o concurso da PRF. Aline Alem Braunstein, esse nome, sem d\u00favida, deveria estar no topo da lista de aprovados (repito). <\/p>\n\n\n\n<p>Se foi o meu que apareceu l\u00e1, posso dizer que ela o colocou. Investigadora da Pol\u00edcia Civil da Bahia, guerreira, determinada, inteligente, honesta, futura PRF. A mulher que tenho a sorte de ter conhecido e me apaixonado. <\/p>\n\n\n\n<p>Sinceramente, n\u00e3o existir\u00e3o palavras para definir a minha gratid\u00e3o por todo apoio, companheirismo, amor e incentivo que ela me deu na prepara\u00e7\u00e3o para a PRF.<\/p>\n\n\n\n<p><strong>Estrat\u00e9gia: Voc\u00ea acha que vale a pena fazer outros concursos, com foco diferente daquele concurso que \u00e9 realmente seu objetivo maior? <\/strong><\/p>\n\n\n\n<p><strong>Pedro: <\/strong>Acho importante fazer outros concursos, desde que n\u00e3o tire voc\u00ea do objetivo. Ou seja, concursos que tenham mat\u00e9rias semelhantes. A pr\u00e1tica de prova \u00e9 t\u00e3o importante quanto o estudo. Acredito ser indispens\u00e1vel.<\/p>\n\n\n\n<p>Esse \u00e9 o concurso dos meus sonhos. Ao longo da prepara\u00e7\u00e3o para a PRF, fiquei apaixonado pela institui\u00e7\u00e3o.   <\/p>\n\n\n\n<p><strong>Estrat\u00e9gia: Voc\u00ea estudou por quanto tempo direcionado ao concurso que foi aprovado? <\/strong> <\/p>\n\n\n\n<p><strong>Pedro: <\/strong>Estudei pouco mais de 2 anos para a PRF.<\/p>\n\n\n\n<p><strong>Estrat\u00e9gia: Chegou a estudar sem ter edital na pra\u00e7a? Durante esse tempo, como voc\u00ea fazia para manter a disciplina nos estudos?<\/strong><\/p>\n\n\n\n<p><strong>Pedro: <\/strong>Sim. Concurso p\u00fablico atualmente se profissionalizou, n\u00e3o h\u00e1 chance de aprova\u00e7\u00e3o (na minha opini\u00e3o) estudando s\u00f3 ap\u00f3s o edital publicado.<\/p>\n\n\n\n<p>O que me motivou a manter a disciplina foi a insatisfa\u00e7\u00e3o do cargo atual e o sonho de vestir o uniforme da PRF.<\/p>\n\n\n\n<p><strong>Estrat\u00e9gia: Que materiais voc\u00ea usou em sua prepara\u00e7\u00e3o para o concurso? Aulas presenciais, telepresenciais, livros, cursos em PDF, videoaulas? Quais foram as principais vantagens e desvantagens de cada um?<\/strong><\/p>\n\n\n\n<p><strong>Pedro: <\/strong>Utilizei PDF\u2019s e videoaulas. Na minha opini\u00e3o, aulas presenciais s\u00e3o pouco eficientes, fazem voc\u00ea perder tempo com deslocamentos, distra\u00e7\u00f5es e assuntos que voc\u00ea n\u00e3o precisaria se dedicar tanto.<\/p>\n\n\n\n<p>Em rela\u00e7\u00e3o aos livros, acredito que para a maioria dos cargos p\u00fablicos, n\u00e3o s\u00e3o necess\u00e1rios (com exce\u00e7\u00e3o dos concursos para magistratura, promotoria, defensoria). <\/p>\n\n\n\n<p>Para mim, PDF\u2019s e videoaulas s\u00e3o as melhores ferramentas, estas apenas para complementar aqueles.<\/p>\n\n\n\n<p><strong>Estrat\u00e9gia: Como conheceu o Estrat\u00e9gia Concursos? <\/strong> <\/p>\n\n\n\n<p> <strong>Pedro: <\/strong>Conheci o Estrat\u00e9gia por indica\u00e7\u00e3o de amigos concurseiros.  Por volta de 2013, tive aula com um cara \u201cpouco conhecido\u201d nesse meio, Ricardo Vale (rsrs). Eu n\u00e3o era um aluno dedicado. S\u00f3 pensava em surfar, ap\u00f3s 8 horas de aula de com\u00e9rcio internacional com esse monstro. <\/p>\n\n\n\n<p>Infelizmente, n\u00e3o aproveitei a grande oportunidade de conhec\u00ea-lo pessoalmente.<\/p>\n\n\n\n<p><strong>Estrat\u00e9gia: Uma das principais dificuldades de todo o concursando \u00e9 a quantidade de assuntos que devem ser memorizados. Como voc\u00ea fez para estudar todo o conte\u00fado do concurso? Falando de modo mais espec\u00edfico: voc\u00ea estudava v\u00e1rias mat\u00e9rias ao mesmo tempo? Quantas? Costumava fazer resumos? Focava mais em exerc\u00edcios, ou na leitura e releitura da teoria? Como montou seu plano de estudos? Quantas horas por dia costumava estudar?<\/strong><\/p>\n\n\n\n<p><strong>Pedro: <\/strong>Separava, em m\u00e9dia, 4 mat\u00e9rias para estudar por dia e prosseguia o caminho estudando mat\u00e9rias do edital, em um ciclo semanal. Nunca gostei de fazer resumos, utilizava os p\u00f3s-aulas do Estrat\u00e9gia e fazia pequenos apontamentos, de assuntos espec\u00edficos.<\/p>\n\n\n\n<p>Sobre exerc\u00edcios e teoria, em um primeiro momento eu focava mais na teoria, em um segundo, teoria + exerc\u00edcios e, na reta final, exerc\u00edcios at\u00e9 \u201csangrar os olhos\u201d.<\/p>\n\n\n\n<p>At\u00e9 a autoriza\u00e7\u00e3o do concurso, fazia uma m\u00e9dia de 4 a 5 horas por dia. Depois de autorizado, passei a fazer de 5 a 6 horas. Em dezembro, com edital na pra\u00e7a, tirei f\u00e9rias e fiz uma m\u00e9dia de 9 horas l\u00edquidas por dia.<\/p>\n\n\n\n<p>Em janeiro, voltei ao trabalho e acordava 4:30h para conseguir fechar 7 horas de estudos.<\/p>\n\n\n\n<p><strong>Estrat\u00e9gia: Voc\u00ea tinha mais dificuldades em alguma(s) disciplina(s)? Quais? Como voc\u00ea fez para superar estas dificuldades?<\/strong><\/p>\n\n\n\n<p><strong>Pedro: <\/strong>Sim, tive muita dificuldade em f\u00edsica e matem\u00e1tica. Ao longo da prepara\u00e7\u00e3o, eu separava de 3 a 4x mais horas de estudo para essas mat\u00e9rias. O resultado foi a nota m\u00e1xima nas duas disciplinas.<\/p>\n\n\n\n<p><strong>Estrat\u00e9gia: A reta final \u00e9 sempre um per\u00edodo estressante. Como foi sua rotina de estudos na semana que antecedeu a prova? E v\u00e9spera de prova: foi dia de descanso ou dia de estudo?<\/strong><\/p>\n\n\n\n<p><strong>Pedro: <\/strong>A reta final foi uma loucura. Foi um m\u00eas de muito trabalho, poucas horas de sono e muitos sacrif\u00edcios. Na semana anterior, eu mantive a mesma rotina, em m\u00e9dia 7 horas l\u00edquidas de estudo com muitos exerc\u00edcios.<\/p>\n\n\n\n<p>A v\u00e9spera de prova foi dia de descanso. Tema pol\u00eamico (rsrs), mas eu prefiro descansar.<\/p>\n\n\n\n<p><strong>Estrat\u00e9gia: No seu concurso, tivemos, al\u00e9m das provas objetivas, as provas discursivas. Como foi seu estudo para esta importante parte do certame? O que voc\u00ea aconselha?<\/strong><\/p>\n\n\n\n<p><strong>Pedro: <\/strong>Foi o primeiro concurso em que eu precisaria fazer uma reda\u00e7\u00e3o de 30 linhas (e apostei muitas fichas nessa etapa). Eu acreditava que a nota da reda\u00e7\u00e3o faria toda diferen\u00e7a. Por isso, dediquei 4 horas semanais para treinar.  <\/p>\n\n\n\n<p>Foram 2 reda\u00e7\u00f5es por semana, por alguns meses. Meu conselho \u00e9 escolher um professor e seguir os ensinamentos dele, al\u00e9m de treinar bastante. Hoje voc\u00ea encontra dezenas de professores, cada um com seus pr\u00f3prios m\u00e9todos, e um erro que cometi foi ficar estudando por v\u00e1rios deles. Nesse per\u00edodo, meu aproveitamento na discursiva n\u00e3o evoluiu.  <\/p>\n\n\n\n<p>A partir do momento que escolhi um profissional e o segui, vi claramente minha produtividade aumentar. O resultado foi quase uma nota m\u00e1xima: 19,87 de 20.<\/p>\n\n\n\n<p><strong>Estrat\u00e9gia: Como est\u00e1 sendo sua prepara\u00e7\u00e3o para o TAF e para as demais etapas? <\/strong> <\/p>\n\n\n\n<p><strong>Pedro: <\/strong>Sempre gostei de atividade f\u00edsica, mas ap\u00f3s entrar no INSS (devido ao trabalho e estudo), fiquei sedent\u00e1rio. Por sorte, a mem\u00f3ria muscular existe e eu estou voltando \u00e0s atividades com certa facilidade. <\/p>\n\n\n\n<p>N\u00e3o estou tendo uma prepara\u00e7\u00e3o espec\u00edfica, apenas tentando correr umas 2x na semana e malhando.<\/p>\n\n\n\n<p><strong>Estrategia: Se voc\u00ea tivesse que apontar ERROS em sua prepara\u00e7\u00e3o (se \u00e9 que houve), quais seriam? Diga-nos tamb\u00e9m quais foram os maiores ACERTOS?<\/strong><\/p>\n\n\n\n<p><strong>Pedro: <\/strong>Com certeza, meu maior erro foi ficar pulando de concurso em concurso. Fiquei 2 anos fingindo estudar e fazendo tudo que aparecia. Hoje tenho consci\u00eancia que escolher um concurso ou uma \u00e1rea, iniciar a prepara\u00e7\u00e3o com anteced\u00eancia e estudar com materiais de qualidade, faz voc\u00ea ser aprovado.<\/p>\n\n\n\n<p><strong>Estrat\u00e9gia: O que foi mais dif\u00edcil nessa caminhada rumo \u00e0 aprova\u00e7\u00e3o? Chegou a pensar, por algum momento, em desistir? Se sim, como fez para seguir em frente?<\/strong><\/p>\n\n\n\n<p><strong>Pedro: <\/strong>Essa caminhada foi muito dif\u00edcil. Quem \u00e9 concurseiro de verdade sabe que \u00e9 uma montanha russa de sentimentos. Tem dia que voc\u00ea est\u00e1 motivado, estudando igual uma m\u00e1quina. Mas tem dia que voc\u00ea n\u00e3o quer nem olhar para o computador, n\u00e3o aguenta mais e s\u00f3 quer desistir.<\/p>\n\n\n\n<p>Gosto da compara\u00e7\u00e3o entre o estudo para concursos e a maratona: nos dois a parte mental faz toda diferen\u00e7a e \u00e9 ela que vai fazer voc\u00ea chegar onde quer.  <\/p>\n\n\n\n<p>Como citei anteriormente, durante a prepara\u00e7\u00e3o, a PRF se transformou em um sonho. Coloquei fotos das viaturas na tela do computador e quando estava cansado, sem querer estudar, eu olhava para elas. Pensava no meu objetivo, na minha fam\u00edlia, na minha namorada, nos meus amigos e falava para mim mesmo: eu vou chegar l\u00e1!<\/p>\n\n\n\n<p>Tentava fazer minha mente entender que, para realizar um sonho, \u00e9 necess\u00e1rio sacrif\u00edcio. Confesso que algumas vezes eu largava tudo e ia assistir Netflix (rsrsrs), n\u00e3o me julguem por isso.<\/p>\n\n\n\n<p><strong>Estrat\u00e9gia: Qual foi sua principal motiva\u00e7\u00e3o? <\/strong> <\/p>\n\n\n\n<p><strong>Pedro: <\/strong>Minha principal motiva\u00e7\u00e3o foi a insatisfa\u00e7\u00e3o no atual cargo. A constata\u00e7\u00e3o de que ficar sentado em uma mesa, no ar condicionado, n\u00e3o servia pra mim. <\/p>\n\n\n\n<p>Al\u00e9m disso, a grandiosidade da PRF e sua atua\u00e7\u00e3o. Acredito que serei muito feliz exercendo o cargo de Policial Rodovi\u00e1rio Federal. Isso fez eu seguir em frente.<\/p>\n\n\n\n<p><strong>Estrat\u00e9gia: Por fim, o que voc\u00ea aconselharia a algu\u00e9m que est\u00e1 iniciando seus estudos para concurso. Deixe-nos sua mensagem para todos aqueles que um dia almejam chegar aonde voc\u00ea chegou!<\/strong><\/p>\n\n\n\n<p><strong>Pedro: <\/strong>Eu aconselharia: disciplina, determina\u00e7\u00e3o, paci\u00eancia e perseveran\u00e7a. Mais do que isso, eu diria para escolher um cargo em que voc\u00ea seja feliz exercendo-o. Sal\u00e1rio e estabilidade n\u00e3o fazem algu\u00e9m feliz. Pelo seu bem e pelo bem dos cidad\u00e3os que pagar\u00e3o seu sal\u00e1rio, escolha uma institui\u00e7\u00e3o que voc\u00ea se orgulhe de trabalhar.  <\/p>\n\n\n\n<p>A partir desse momento, ap\u00f3s ter a certeza da farda ou uniforme que quer vestir, dedique-se ao m\u00e1ximo. D\u00ea tudo de si, esforce-se, sacrifique-se pois, dessa forma, a vit\u00f3ria ter\u00e1 muito mais valor.  <\/p>\n\n\n\n<p>Por fim, gostaria de deixar uma mensagem de Fernando Pessoa que muito eu mentalizei nesses meses de prepara\u00e7\u00e3o: \u201cPedras no caminho? Guardo todas. Um dia construirei um castelo. \u201d<\/p>\n\n\n\n<p class=\"has-text-align-center has-black-background-color has-background\"><a rel=\"noreferrer noopener\" href=\"https:\/\/www.estrategiaconcursos.com.br\/depoimentos\/\" target=\"_blank\"><strong>Depoimentos de Aprovados<\/strong><\/a><\/p>\n\n\n\n<p class=\"has-text-align-center has-vivid-cyan-blue-background-color has-background\"><a href=\"https:\/\/www.estrategiaconcursos.com.br\/curso\/pacote-completo-p-prf-policial-rodoviario-federal-com-videoaulas-2020\/\/\" target=\"_blank\" rel=\"noreferrer noopener\"><strong>Cursos Online para PRF<\/strong><\/a><\/p>\n\n\n\n<p class=\"has-text-align-center has-luminous-vivid-amber-background-color has-background\"><a href=\"https:\/\/www.estrategiaconcursos.com.br\/blog\/concurso-prf-3\/\"><strong>CONFIRA AQUI o nosso artigo principal com todas as informa\u00e7\u00f5es do Concurso PRF<\/strong><\/a><\/p>\n\n\n\n<p class=\"has-text-align-center\"><em><strong>Foi aprovado e deseja dividir com a gente e com outros concurseiros como foi sua trajet\u00f3ria at\u00e9 a aprova\u00e7\u00e3o?! Mande um e-mail para:&nbsp;<\/strong><\/em><strong>comunicacao@estrategiaconcursos.com.br<\/strong><\/p>\n\n\n\n<p>Abra\u00e7os,<\/p>\n\n\n\n<p>Tha\u00eds Mendes<\/p>\n\n\n<p><!--EndFragment--><\/p>\n<p><\/p>","protected":false},"excerpt":{"rendered":"<p>&#8220;Durante a prepara\u00e7\u00e3o, a PRF se transformou em um sonho. Coloquei fotos das viaturas na tela do computador e quando estava cansado, sem querer estudar, eu olhava para elas. Pensava no meu objetivo, na minha fam\u00edlia, na minha namorada, nos meus amigos e falava para mim mesmo: eu vou chegar l\u00e1!&#8221; Confira nossa entrevista com [&hellip;]<\/p>\n","protected":false},"author":1,"featured_media":174808,"comment_status":"open","ping_status":"closed","sticky":false,"template":"","format":"standard","meta":{"post_tipo":"news","footnotes":""},"categories":[1,1988],"tags":[],"tax_estado":[219963],"class_list":["post-174800","post","type-post","status-publish","format-standard","has-post-thumbnail","hentry","category-cursos-e-concursos","category-policia","tax_estado-concursos-federais"],"acf":[],"yoast_head":"<!-- This site is optimized with the Yoast SEO Premium plugin v27.2 (Yoast SEO v27.2) - https:\/\/yoast.com\/product\/yoast-seo-premium-wordpress\/ -->\n<title>ENTREVISTA: Pedro Wendt Farias - Aprovado em 1\u00ba lugar no concurso da PRF para o estado da Bahia<\/title>\n<meta name=\"description\" content=\"Confira nossa entrevista com Pedro Wendt Farias, aprovado em 1\u00ba lugar no concurso da Pol\u00edcia Rodovi\u00e1ria Federal para o estado da Bahia\" \/>\n<meta name=\"robots\" content=\"index, follow, max-snippet:-1, max-image-preview:large, max-video-preview:-1\" \/>\n<link rel=\"canonical\" href=\"https:\/\/www.estrategiaconcursos.com.br\/blog\/entrevista-pedro-wendt-farias-aprovado-no-concurso-da-prf\/\" \/>\n<meta property=\"og:locale\" content=\"pt_BR\" \/>\n<meta property=\"og:type\" content=\"article\" \/>\n<meta property=\"og:title\" content=\"ENTREVISTA: Pedro Wendt Farias - Aprovado em 1\u00ba lugar no concurso da PRF para o estado da Bahia\" \/>\n<meta property=\"og:description\" content=\"Confira nossa entrevista com Pedro Wendt Farias, aprovado em 1\u00ba lugar no concurso da Pol\u00edcia Rodovi\u00e1ria Federal para o estado da Bahia\" \/>\n<meta property=\"og:url\" content=\"https:\/\/www.estrategiaconcursos.com.br\/blog\/entrevista-pedro-wendt-farias-aprovado-no-concurso-da-prf\/\" \/>\n<meta property=\"og:site_name\" content=\"Estrat\u00e9gia Concursos\" \/>\n<meta property=\"article:author\" content=\"https:\/\/www.facebook.com\/EstrategiaConcursos\" \/>\n<meta property=\"article:published_time\" content=\"2019-03-30T11:40:54+00:00\" \/>\n<meta property=\"article:modified_time\" content=\"2021-01-14T17:09:40+00:00\" \/>\n<meta property=\"og:image\" content=\"https:\/\/dhg1h5j42swfq.cloudfront.net\/2019\/03\/28161553\/Pedro-Home-post.jpg\" \/>\n\t<meta property=\"og:image:width\" content=\"841\" \/>\n\t<meta property=\"og:image:height\" content=\"442\" \/>\n\t<meta property=\"og:image:type\" content=\"image\/jpeg\" \/>\n<meta name=\"author\" content=\"Coordena\u00e7\u00e3o\" \/>\n<meta name=\"twitter:card\" content=\"summary_large_image\" \/>\n<meta name=\"twitter:creator\" content=\"@EstratConcursos\" \/>\n<meta name=\"twitter:site\" content=\"@EstratConcursos\" \/>\n<meta name=\"twitter:label1\" content=\"Escrito por\" \/>\n\t<meta name=\"twitter:data1\" content=\"Coordena\u00e7\u00e3o\" \/>\n\t<meta name=\"twitter:label2\" content=\"Est. tempo de leitura\" \/>\n\t<meta name=\"twitter:data2\" content=\"12 minutos\" \/>\n<script type=\"application\/ld+json\" class=\"yoast-schema-graph\">{\"@context\":\"https:\/\/schema.org\",\"@graph\":[{\"@type\":\"NewsArticle\",\"@id\":\"https:\/\/www.estrategiaconcursos.com.br\/blog\/entrevista-pedro-wendt-farias-aprovado-no-concurso-da-prf\/#article\",\"isPartOf\":{\"@id\":\"https:\/\/www.estrategiaconcursos.com.br\/blog\/entrevista-pedro-wendt-farias-aprovado-no-concurso-da-prf\/\"},\"author\":{\"name\":\"Coordena\u00e7\u00e3o\",\"@id\":\"https:\/\/www.estrategiaconcursos.com.br\/blog\/#\/schema\/person\/b4a388c97673c5f483d72185668afa1f\"},\"headline\":\"ENTREVISTA: Pedro Wendt Farias &#8211; Aprovado em 1\u00ba lugar no concurso da PRF para o estado da Bahia\",\"datePublished\":\"2019-03-30T11:40:54+00:00\",\"dateModified\":\"2021-01-14T17:09:40+00:00\",\"mainEntityOfPage\":{\"@id\":\"https:\/\/www.estrategiaconcursos.com.br\/blog\/entrevista-pedro-wendt-farias-aprovado-no-concurso-da-prf\/\"},\"wordCount\":2485,\"commentCount\":8,\"publisher\":{\"@id\":\"https:\/\/www.estrategiaconcursos.com.br\/blog\/#organization\"},\"image\":{\"@id\":\"https:\/\/www.estrategiaconcursos.com.br\/blog\/entrevista-pedro-wendt-farias-aprovado-no-concurso-da-prf\/#primaryimage\"},\"thumbnailUrl\":\"https:\/\/dhg1h5j42swfq.cloudfront.net\/2019\/03\/28161553\/Pedro-Home-post.jpg\",\"articleSection\":[\"Concursos P\u00fablicos\",\"Policial (Agente, Escriv\u00e3o e Investigador)\"],\"inLanguage\":\"pt-BR\",\"potentialAction\":[{\"@type\":\"CommentAction\",\"name\":\"Comment\",\"target\":[\"https:\/\/www.estrategiaconcursos.com.br\/blog\/entrevista-pedro-wendt-farias-aprovado-no-concurso-da-prf\/#respond\"]}],\"copyrightYear\":\"2019\",\"copyrightHolder\":{\"@id\":\"https:\/\/www.estrategiaconcursos.com.br\/blog\/#organization\"}},{\"@type\":\"WebPage\",\"@id\":\"https:\/\/www.estrategiaconcursos.com.br\/blog\/entrevista-pedro-wendt-farias-aprovado-no-concurso-da-prf\/\",\"url\":\"https:\/\/www.estrategiaconcursos.com.br\/blog\/entrevista-pedro-wendt-farias-aprovado-no-concurso-da-prf\/\",\"name\":\"ENTREVISTA: Pedro Wendt Farias - Aprovado em 1\u00ba lugar no concurso da PRF para o estado da Bahia\",\"isPartOf\":{\"@id\":\"https:\/\/www.estrategiaconcursos.com.br\/blog\/#website\"},\"primaryImageOfPage\":{\"@id\":\"https:\/\/www.estrategiaconcursos.com.br\/blog\/entrevista-pedro-wendt-farias-aprovado-no-concurso-da-prf\/#primaryimage\"},\"image\":{\"@id\":\"https:\/\/www.estrategiaconcursos.com.br\/blog\/entrevista-pedro-wendt-farias-aprovado-no-concurso-da-prf\/#primaryimage\"},\"thumbnailUrl\":\"https:\/\/dhg1h5j42swfq.cloudfront.net\/2019\/03\/28161553\/Pedro-Home-post.jpg\",\"datePublished\":\"2019-03-30T11:40:54+00:00\",\"dateModified\":\"2021-01-14T17:09:40+00:00\",\"description\":\"Confira nossa entrevista com Pedro Wendt Farias, aprovado em 1\u00ba lugar no concurso da Pol\u00edcia Rodovi\u00e1ria Federal para o estado da Bahia\",\"breadcrumb\":{\"@id\":\"https:\/\/www.estrategiaconcursos.com.br\/blog\/entrevista-pedro-wendt-farias-aprovado-no-concurso-da-prf\/#breadcrumb\"},\"inLanguage\":\"pt-BR\",\"potentialAction\":[{\"@type\":\"ReadAction\",\"target\":[\"https:\/\/www.estrategiaconcursos.com.br\/blog\/entrevista-pedro-wendt-farias-aprovado-no-concurso-da-prf\/\"]}]},{\"@type\":\"ImageObject\",\"inLanguage\":\"pt-BR\",\"@id\":\"https:\/\/www.estrategiaconcursos.com.br\/blog\/entrevista-pedro-wendt-farias-aprovado-no-concurso-da-prf\/#primaryimage\",\"url\":\"https:\/\/dhg1h5j42swfq.cloudfront.net\/2019\/03\/28161553\/Pedro-Home-post.jpg\",\"contentUrl\":\"https:\/\/dhg1h5j42swfq.cloudfront.net\/2019\/03\/28161553\/Pedro-Home-post.jpg\",\"width\":841,\"height\":442},{\"@type\":\"BreadcrumbList\",\"@id\":\"https:\/\/www.estrategiaconcursos.com.br\/blog\/entrevista-pedro-wendt-farias-aprovado-no-concurso-da-prf\/#breadcrumb\",\"itemListElement\":[{\"@type\":\"ListItem\",\"position\":1,\"name\":\"In\u00edcio\",\"item\":\"https:\/\/www.estrategiaconcursos.com.br\/blog\/\"},{\"@type\":\"ListItem\",\"position\":2,\"name\":\"ENTREVISTA: Pedro Wendt Farias &#8211; Aprovado em 1\u00ba lugar no concurso da PRF para o estado da Bahia\"}]},{\"@type\":\"WebSite\",\"@id\":\"https:\/\/www.estrategiaconcursos.com.br\/blog\/#website\",\"url\":\"https:\/\/www.estrategiaconcursos.com.br\/blog\/\",\"name\":\"Estrat\u00e9gia Concursos\",\"description\":\"O blog da Estrat\u00e9gia Concursos traz not\u00edcias sobre concursos e artigos de professores oferecendo cursos para concursos (pdf + videaulas) no site.\",\"publisher\":{\"@id\":\"https:\/\/www.estrategiaconcursos.com.br\/blog\/#organization\"},\"potentialAction\":[{\"@type\":\"SearchAction\",\"target\":{\"@type\":\"EntryPoint\",\"urlTemplate\":\"https:\/\/www.estrategiaconcursos.com.br\/blog\/?s={search_term_string}\"},\"query-input\":{\"@type\":\"PropertyValueSpecification\",\"valueRequired\":true,\"valueName\":\"search_term_string\"}}],\"inLanguage\":\"pt-BR\"},{\"@type\":\"Organization\",\"@id\":\"https:\/\/www.estrategiaconcursos.com.br\/blog\/#organization\",\"name\":\"Estrat\u00e9gia Concursos\",\"url\":\"https:\/\/www.estrategiaconcursos.com.br\/blog\/\",\"logo\":{\"@type\":\"ImageObject\",\"inLanguage\":\"pt-BR\",\"@id\":\"https:\/\/www.estrategiaconcursos.com.br\/blog\/#\/schema\/logo\/image\/\",\"url\":\"https:\/\/dhg1h5j42swfq.cloudfront.net\/2025\/06\/03203428\/logo_concursos-1.jpg\",\"contentUrl\":\"https:\/\/dhg1h5j42swfq.cloudfront.net\/2025\/06\/03203428\/logo_concursos-1.jpg\",\"width\":230,\"height\":60,\"caption\":\"Estrat\u00e9gia Concursos\"},\"image\":{\"@id\":\"https:\/\/www.estrategiaconcursos.com.br\/blog\/#\/schema\/logo\/image\/\"},\"sameAs\":[\"https:\/\/x.com\/EstratConcursos\"]},{\"@type\":\"Person\",\"@id\":\"https:\/\/www.estrategiaconcursos.com.br\/blog\/#\/schema\/person\/b4a388c97673c5f483d72185668afa1f\",\"name\":\"Coordena\u00e7\u00e3o\",\"image\":{\"@type\":\"ImageObject\",\"inLanguage\":\"pt-BR\",\"@id\":\"https:\/\/secure.gravatar.com\/avatar\/b720319e4c9a967eb58678d110f4fe35452fc5d5f97b202bac7b8acceb18c6ad?s=96&d=mm&r=g\",\"url\":\"https:\/\/secure.gravatar.com\/avatar\/b720319e4c9a967eb58678d110f4fe35452fc5d5f97b202bac7b8acceb18c6ad?s=96&d=mm&r=g\",\"contentUrl\":\"https:\/\/secure.gravatar.com\/avatar\/b720319e4c9a967eb58678d110f4fe35452fc5d5f97b202bac7b8acceb18c6ad?s=96&d=mm&r=g\",\"caption\":\"Coordena\u00e7\u00e3o\"},\"sameAs\":[\"https:\/\/www.facebook.com\/EstrategiaConcursos\",\"https:\/\/x.com\/EstratConcursos\"],\"url\":\"https:\/\/www.estrategiaconcursos.com.br\/blog\/author\/estrategia2013\/\"}]}<\/script>\n<!-- \/ Yoast SEO Premium plugin. -->","yoast_head_json":{"title":"ENTREVISTA: Pedro Wendt Farias - Aprovado em 1\u00ba lugar no concurso da PRF para o estado da Bahia","description":"Confira nossa entrevista com Pedro Wendt Farias, aprovado em 1\u00ba lugar no concurso da Pol\u00edcia Rodovi\u00e1ria Federal para o estado da Bahia","robots":{"index":"index","follow":"follow","max-snippet":"max-snippet:-1","max-image-preview":"max-image-preview:large","max-video-preview":"max-video-preview:-1"},"canonical":"https:\/\/www.estrategiaconcursos.com.br\/blog\/entrevista-pedro-wendt-farias-aprovado-no-concurso-da-prf\/","og_locale":"pt_BR","og_type":"article","og_title":"ENTREVISTA: Pedro Wendt Farias - Aprovado em 1\u00ba lugar no concurso da PRF para o estado da Bahia","og_description":"Confira nossa entrevista com Pedro Wendt Farias, aprovado em 1\u00ba lugar no concurso da Pol\u00edcia Rodovi\u00e1ria Federal para o estado da Bahia","og_url":"https:\/\/www.estrategiaconcursos.com.br\/blog\/entrevista-pedro-wendt-farias-aprovado-no-concurso-da-prf\/","og_site_name":"Estrat\u00e9gia Concursos","article_author":"https:\/\/www.facebook.com\/EstrategiaConcursos","article_published_time":"2019-03-30T11:40:54+00:00","article_modified_time":"2021-01-14T17:09:40+00:00","og_image":[{"width":841,"height":442,"url":"https:\/\/dhg1h5j42swfq.cloudfront.net\/2019\/03\/28161553\/Pedro-Home-post.jpg","type":"image\/jpeg"}],"author":"Coordena\u00e7\u00e3o","twitter_card":"summary_large_image","twitter_creator":"@EstratConcursos","twitter_site":"@EstratConcursos","twitter_misc":{"Escrito por":"Coordena\u00e7\u00e3o","Est. tempo de leitura":"12 minutos"},"schema":{"@context":"https:\/\/schema.org","@graph":[{"@type":"NewsArticle","@id":"https:\/\/www.estrategiaconcursos.com.br\/blog\/entrevista-pedro-wendt-farias-aprovado-no-concurso-da-prf\/#article","isPartOf":{"@id":"https:\/\/www.estrategiaconcursos.com.br\/blog\/entrevista-pedro-wendt-farias-aprovado-no-concurso-da-prf\/"},"author":{"name":"Coordena\u00e7\u00e3o","@id":"https:\/\/www.estrategiaconcursos.com.br\/blog\/#\/schema\/person\/b4a388c97673c5f483d72185668afa1f"},"headline":"ENTREVISTA: Pedro Wendt Farias &#8211; Aprovado em 1\u00ba lugar no concurso da PRF para o estado da Bahia","datePublished":"2019-03-30T11:40:54+00:00","dateModified":"2021-01-14T17:09:40+00:00","mainEntityOfPage":{"@id":"https:\/\/www.estrategiaconcursos.com.br\/blog\/entrevista-pedro-wendt-farias-aprovado-no-concurso-da-prf\/"},"wordCount":2485,"commentCount":8,"publisher":{"@id":"https:\/\/www.estrategiaconcursos.com.br\/blog\/#organization"},"image":{"@id":"https:\/\/www.estrategiaconcursos.com.br\/blog\/entrevista-pedro-wendt-farias-aprovado-no-concurso-da-prf\/#primaryimage"},"thumbnailUrl":"https:\/\/dhg1h5j42swfq.cloudfront.net\/2019\/03\/28161553\/Pedro-Home-post.jpg","articleSection":["Concursos P\u00fablicos","Policial (Agente, Escriv\u00e3o e Investigador)"],"inLanguage":"pt-BR","potentialAction":[{"@type":"CommentAction","name":"Comment","target":["https:\/\/www.estrategiaconcursos.com.br\/blog\/entrevista-pedro-wendt-farias-aprovado-no-concurso-da-prf\/#respond"]}],"copyrightYear":"2019","copyrightHolder":{"@id":"https:\/\/www.estrategiaconcursos.com.br\/blog\/#organization"}},{"@type":"WebPage","@id":"https:\/\/www.estrategiaconcursos.com.br\/blog\/entrevista-pedro-wendt-farias-aprovado-no-concurso-da-prf\/","url":"https:\/\/www.estrategiaconcursos.com.br\/blog\/entrevista-pedro-wendt-farias-aprovado-no-concurso-da-prf\/","name":"ENTREVISTA: Pedro Wendt Farias - Aprovado em 1\u00ba lugar no concurso da PRF para o estado da Bahia","isPartOf":{"@id":"https:\/\/www.estrategiaconcursos.com.br\/blog\/#website"},"primaryImageOfPage":{"@id":"https:\/\/www.estrategiaconcursos.com.br\/blog\/entrevista-pedro-wendt-farias-aprovado-no-concurso-da-prf\/#primaryimage"},"image":{"@id":"https:\/\/www.estrategiaconcursos.com.br\/blog\/entrevista-pedro-wendt-farias-aprovado-no-concurso-da-prf\/#primaryimage"},"thumbnailUrl":"https:\/\/dhg1h5j42swfq.cloudfront.net\/2019\/03\/28161553\/Pedro-Home-post.jpg","datePublished":"2019-03-30T11:40:54+00:00","dateModified":"2021-01-14T17:09:40+00:00","description":"Confira nossa entrevista com Pedro Wendt Farias, aprovado em 1\u00ba lugar no concurso da Pol\u00edcia Rodovi\u00e1ria Federal para o estado da Bahia","breadcrumb":{"@id":"https:\/\/www.estrategiaconcursos.com.br\/blog\/entrevista-pedro-wendt-farias-aprovado-no-concurso-da-prf\/#breadcrumb"},"inLanguage":"pt-BR","potentialAction":[{"@type":"ReadAction","target":["https:\/\/www.estrategiaconcursos.com.br\/blog\/entrevista-pedro-wendt-farias-aprovado-no-concurso-da-prf\/"]}]},{"@type":"ImageObject","inLanguage":"pt-BR","@id":"https:\/\/www.estrategiaconcursos.com.br\/blog\/entrevista-pedro-wendt-farias-aprovado-no-concurso-da-prf\/#primaryimage","url":"https:\/\/dhg1h5j42swfq.cloudfront.net\/2019\/03\/28161553\/Pedro-Home-post.jpg","contentUrl":"https:\/\/dhg1h5j42swfq.cloudfront.net\/2019\/03\/28161553\/Pedro-Home-post.jpg","width":841,"height":442},{"@type":"BreadcrumbList","@id":"https:\/\/www.estrategiaconcursos.com.br\/blog\/entrevista-pedro-wendt-farias-aprovado-no-concurso-da-prf\/#breadcrumb","itemListElement":[{"@type":"ListItem","position":1,"name":"In\u00edcio","item":"https:\/\/www.estrategiaconcursos.com.br\/blog\/"},{"@type":"ListItem","position":2,"name":"ENTREVISTA: Pedro Wendt Farias &#8211; Aprovado em 1\u00ba lugar no concurso da PRF para o estado da Bahia"}]},{"@type":"WebSite","@id":"https:\/\/www.estrategiaconcursos.com.br\/blog\/#website","url":"https:\/\/www.estrategiaconcursos.com.br\/blog\/","name":"Estrat\u00e9gia Concursos","description":"O blog da Estrat\u00e9gia Concursos traz not\u00edcias sobre concursos e artigos de professores oferecendo cursos para concursos (pdf + videaulas) no site.","publisher":{"@id":"https:\/\/www.estrategiaconcursos.com.br\/blog\/#organization"},"potentialAction":[{"@type":"SearchAction","target":{"@type":"EntryPoint","urlTemplate":"https:\/\/www.estrategiaconcursos.com.br\/blog\/?s={search_term_string}"},"query-input":{"@type":"PropertyValueSpecification","valueRequired":true,"valueName":"search_term_string"}}],"inLanguage":"pt-BR"},{"@type":"Organization","@id":"https:\/\/www.estrategiaconcursos.com.br\/blog\/#organization","name":"Estrat\u00e9gia Concursos","url":"https:\/\/www.estrategiaconcursos.com.br\/blog\/","logo":{"@type":"ImageObject","inLanguage":"pt-BR","@id":"https:\/\/www.estrategiaconcursos.com.br\/blog\/#\/schema\/logo\/image\/","url":"https:\/\/dhg1h5j42swfq.cloudfront.net\/2025\/06\/03203428\/logo_concursos-1.jpg","contentUrl":"https:\/\/dhg1h5j42swfq.cloudfront.net\/2025\/06\/03203428\/logo_concursos-1.jpg","width":230,"height":60,"caption":"Estrat\u00e9gia Concursos"},"image":{"@id":"https:\/\/www.estrategiaconcursos.com.br\/blog\/#\/schema\/logo\/image\/"},"sameAs":["https:\/\/x.com\/EstratConcursos"]},{"@type":"Person","@id":"https:\/\/www.estrategiaconcursos.com.br\/blog\/#\/schema\/person\/b4a388c97673c5f483d72185668afa1f","name":"Coordena\u00e7\u00e3o","image":{"@type":"ImageObject","inLanguage":"pt-BR","@id":"https:\/\/secure.gravatar.com\/avatar\/b720319e4c9a967eb58678d110f4fe35452fc5d5f97b202bac7b8acceb18c6ad?s=96&d=mm&r=g","url":"https:\/\/secure.gravatar.com\/avatar\/b720319e4c9a967eb58678d110f4fe35452fc5d5f97b202bac7b8acceb18c6ad?s=96&d=mm&r=g","contentUrl":"https:\/\/secure.gravatar.com\/avatar\/b720319e4c9a967eb58678d110f4fe35452fc5d5f97b202bac7b8acceb18c6ad?s=96&d=mm&r=g","caption":"Coordena\u00e7\u00e3o"},"sameAs":["https:\/\/www.facebook.com\/EstrategiaConcursos","https:\/\/x.com\/EstratConcursos"],"url":"https:\/\/www.estrategiaconcursos.com.br\/blog\/author\/estrategia2013\/"}]}},"_links":{"self":[{"href":"https:\/\/www.estrategiaconcursos.com.br\/blog\/wp-json\/wp\/v2\/posts\/174800","targetHints":{"allow":["GET"]}}],"collection":[{"href":"https:\/\/www.estrategiaconcursos.com.br\/blog\/wp-json\/wp\/v2\/posts"}],"about":[{"href":"https:\/\/www.estrategiaconcursos.com.br\/blog\/wp-json\/wp\/v2\/types\/post"}],"author":[{"embeddable":true,"href":"https:\/\/www.estrategiaconcursos.com.br\/blog\/wp-json\/wp\/v2\/users\/1"}],"replies":[{"embeddable":true,"href":"https:\/\/www.estrategiaconcursos.com.br\/blog\/wp-json\/wp\/v2\/comments?post=174800"}],"version-history":[{"count":3,"href":"https:\/\/www.estrategiaconcursos.com.br\/blog\/wp-json\/wp\/v2\/posts\/174800\/revisions"}],"predecessor-version":[{"id":650552,"href":"https:\/\/www.estrategiaconcursos.com.br\/blog\/wp-json\/wp\/v2\/posts\/174800\/revisions\/650552"}],"wp:featuredmedia":[{"embeddable":true,"href":"https:\/\/www.estrategiaconcursos.com.br\/blog\/wp-json\/wp\/v2\/media\/174808"}],"wp:attachment":[{"href":"https:\/\/www.estrategiaconcursos.com.br\/blog\/wp-json\/wp\/v2\/media?parent=174800"}],"wp:term":[{"taxonomy":"category","embeddable":true,"href":"https:\/\/www.estrategiaconcursos.com.br\/blog\/wp-json\/wp\/v2\/categories?post=174800"},{"taxonomy":"post_tag","embeddable":true,"href":"https:\/\/www.estrategiaconcursos.com.br\/blog\/wp-json\/wp\/v2\/tags?post=174800"},{"taxonomy":"tax_estado","embeddable":true,"href":"https:\/\/www.estrategiaconcursos.com.br\/blog\/wp-json\/wp\/v2\/tax_estado?post=174800"}],"curies":[{"name":"wp","href":"https:\/\/api.w.org\/{rel}","templated":true}]}}