{"id":174792,"date":"2019-03-29T07:54:16","date_gmt":"2019-03-29T10:54:16","guid":{"rendered":"https:\/\/www.estrategiaconcursos.com.br\/blog\/?p=174792"},"modified":"2023-01-10T12:13:30","modified_gmt":"2023-01-10T15:13:30","slug":"entrevista-felipe-bacelar-aprovado-no-concurso-prf","status":"publish","type":"post","link":"https:\/\/www.estrategiaconcursos.com.br\/blog\/entrevista-felipe-bacelar-aprovado-no-concurso-prf\/","title":{"rendered":"ENTREVISTA: Felipe Bacelar &#8211; Aprovado em  18\u00ba lugar no concurso PRF para o estado de Amazonas"},"content":{"rendered":"\n<figure class=\"wp-block-image alignleft is-resized\"><img loading=\"lazy\" decoding=\"async\" src=\"https:\/\/dhg1h5j42swfq.cloudfront.net\/2019\/03\/25111857\/Foto.jpeg\" alt=\"\" class=\"wp-image-173886\" width=\"226\" height=\"393\" srcset=\"https:\/\/dhg1h5j42swfq.cloudfront.net\/2019\/03\/25111857\/Foto.jpeg 704w, https:\/\/dhg1h5j42swfq.cloudfront.net\/2019\/03\/25111857\/Foto.jpeg 172w, https:\/\/dhg1h5j42swfq.cloudfront.net\/2019\/03\/25111857\/Foto.jpeg 588w\" sizes=\"auto, (max-width: 226px) 100vw, 226px\" \/><\/figure>\n\n\n\n<p class=\"has-text-align-center\"><strong><em>&nbsp;&#8220;Escolha e foque na \u00e1rea e no cargo almejado. Tenha um planejamento adequado \u00e0 sua rotina, estude por materiais de qualidade, fa\u00e7a muitas quest\u00f5es, prepare seu material de revis\u00e3o e revise-os, fa\u00e7a simulados. <\/em><\/strong><strong><em>Por fim, mantenha sempre a tranquilidade, persista at\u00e9 o limite, que sua hora vai chegar! &#8220;<\/em><\/strong><\/p>\n\n\n\n<p>Confira nossa entrevista com Felipe Bacelar, aprovado em 18\u00ba lugar  no concurso da Pol\u00edcia Rodovi\u00e1ria Federal para o estado de Amazonas (provas objetiva e discursiva): <\/p>\n\n\n\n<p><strong>Estrat\u00e9gia Concursos: Conte-nos um pouco sobre voc\u00ea, para que nossos leitores possam te conhecer melhor. Voc\u00ea \u00e9 formado em que \u00e1rea? Qual sua idade? De onde voc\u00ea \u00e9? <\/strong> <\/p>\n\n\n\n<p><strong>Felipe Bacelar:<\/strong> Tenho 25 anos, nasci e moro em Aracaju\/SE. Sou formado em engenharia civil pela Universidade Federal de Sergipe (UFS) e estou fazendo mestrado na \u00e1rea de engenharia geot\u00e9cnica e de pavimentos, nesta mesma institui\u00e7\u00e3o.  <\/p>\n\n\n\n<p><strong>Estrat\u00e9gia: O que te levou a tomar a decis\u00e3o de come\u00e7ar a estudar para concursos? Porque a \u00e1rea Policial?<\/strong><\/p>\n\n\n\n<p><strong>Felipe: <\/strong>Desde crian\u00e7a eu achava muito interessante a profiss\u00e3o de policial, bem como a \u00e1rea militar. Quando estava perto do vestibular, pensei em fazer algum curso na \u00e1rea militar (como agulhas negras ou o NPOR). Contudo, acabei desistindo e fiz a gradua\u00e7\u00e3o convencional.<\/p>\n\n\n\n<p>No momento que acabei a gradua\u00e7\u00e3o, decidi que tinha chegado a hora de realizar meu sonho e me tornar policial. Foi ent\u00e3o, no in\u00edcio de 2017, que comecei minha jornada de concurseiro.<\/p>\n\n\n\n<p><strong>Estrat\u00e9gia: Durante sua caminhada como concurseiro, voc\u00ea trabalhava e estudava (como conciliava trabalho e estudos?), ou se dedicava inteiramente aos estudos para concurso? <\/strong> <\/p>\n\n\n\n<p><strong>Felipe: <\/strong>No in\u00edcio, eu conciliava os estudos para concurso com as disciplinas de mestrado. \u00c0 medida que foram acabando as disciplinas, eu comecei a conciliar com a parte laboratorial.  <\/p>\n\n\n\n<p>Em resumo, eu estudava para concurso no per\u00edodo da tarde e noite. No entanto, quando saiu o edital, eu reduzi a carga hor\u00e1ria do mestrado para me dedicar quase que integralmente ao concurso (primeiramente na PF 2018 e depois na PRF 2018).<\/p>\n\n\n\n<p><strong>Estrat\u00e9gia: Quantos e em quais concursos j\u00e1 foi aprovado? Qual o \u00faltimo? Em qual cargo e em que coloca\u00e7\u00e3o?<\/strong><\/p>\n\n\n\n<p><strong>Felipe: <\/strong>Em ordem cronol\u00f3gica, eu fui aprovado nos concursos: Sele\u00e7\u00e3o de Mestrado UFS \u2013 1\u00b0; Soldado da PM-AL (2017) \u2013 141\u00b0; Soldado da PM-SE (2018) \u2013 1141\u00b0; Agente de Pol\u00edcia Federal (2018) \u2013 170\u00b0; Pol\u00edcia Rodovi\u00e1ria Federal (2018) \u2013 18\u00b0 (Amazonas)<\/p>\n\n\n\n<p>No concurso da PF, o processo foi interessante. Logo\nquando saiu a lista de classifica\u00e7\u00e3o eu estava em 170\u00b0, ou seja, fora das\nvagas, mas bem pr\u00f3ximo de alcan\u00e7ar meu sonho. No decorrer das etapas, que os\nconcursos da \u00e1rea policial t\u00eam, eu me classifiquei dentro das vagas!<\/p>\n\n\n\n<p><strong>Estrat\u00e9gia: Qual foi sua sensa\u00e7\u00e3o ao ver seu nome na lista dos aprovados\/classificados na primeira fase do certame?<\/strong><\/p>\n\n\n\n<p><strong>Felipe: <\/strong>No \u00faltimo resultado (PRF), a lista de aprovados foi lan\u00e7ada no site sem pr\u00e9vio aviso, ent\u00e3o foi uma surpresa quando recebi a not\u00edcia que tinha sa\u00eddo.  <\/p>\n\n\n\n<p>Logo ap\u00f3s saber, corri na dire\u00e7\u00e3o do computador para fazer a lista em ordem de classifica\u00e7\u00e3o. Nesse momento, as m\u00e3os tremiam e o cora\u00e7\u00e3o batia acelerado.  <\/p>\n\n\n\n<p>Quando fiz a lista, n\u00e3o encontrei meu nome porque fui procurar mais embaixo na lista de classifica\u00e7\u00e3o. Depois fiquei sem acreditar, quando vi que meu nome estava dentro das vagas estipuladas.   <\/p>\n\n\n\n<p>A sensa\u00e7\u00e3o \u00e9 \u00fanica, uma euforia que toma conta do corpo. Se passam v\u00e1rias lembran\u00e7as dos estudos e do resultado alcan\u00e7ado. Uma sensa\u00e7\u00e3o de dever cumprido e de que todo o esfor\u00e7o valeu a pena.  <\/p>\n\n\n\n<p>Uma alegria maior ao compartilhar o resultado com meus pais, namorada e amigos pr\u00f3ximos.<\/p>\n\n\n\n<p><strong>Estrat\u00e9gia: Como era sua vida social durante a prepara\u00e7\u00e3o para concursos? Voc\u00ea sa\u00eda com amigos, fam\u00edlia, etc? Ou adotou uma postura radical, abdicando do conv\u00edvio social?<\/strong><\/p>\n\n\n\n<p><strong>Felipe: <\/strong>Minha vida social na prepara\u00e7\u00e3o e durante o per\u00edodo pr\u00e9-edital, foi mais amena. Me privei de algumas festas, mas ainda assim sa\u00eda com amigos e familiares (principalmente no primeiro ano de estudo).  <\/p>\n\n\n\n<p>J\u00e1 no segundo ano, eu me abdiquei mais ainda de sa\u00eddas com amigos e familiares. No per\u00edodo p\u00f3s-edital, eu adotei uma postura radical: cancelei minha conta no whatsapp e a divers\u00e3o era fazer simulados com meu grupo de estudos aos finais de semana (rsrs) o que, no caso, realmente dava um \u00e2nimo para reiniciar a semana.<\/p>\n\n\n\n<p><strong>Estrat\u00e9gia: Voc\u00ea \u00e9 casado? Tem filhos? Namora? Mora com seus pais? Sua fam\u00edlia entendeu e apoiou sua caminhada como concurseiro? Se sim, de que forma? <\/strong> <\/p>\n\n\n\n<p><strong>Felipe: <\/strong>Eu moro com meus pais. Eles me deram todo o apoio nessa fase de concurseiro, principalmente emocional. Me serviram de conselheiros e de ouvintes para os momentos mais dif\u00edceis. Eles sofriam junto comigo durante essa jornada, bem como ficavam ansiosos ao esperar os resultados das etapas dos concursos como PF e PRF.<\/p>\n\n\n\n<p>Tenho uma namorada. Ela entendeu que eu necessitava da ajuda dela para trilhar esse caminho, al\u00e9m de compreender que esse seria um per\u00edodo de abdica\u00e7\u00e3o e precisaria dela ao meu lado. Ela me ajudava com dicas e incentivos para me reanimar sempre que eu estava desmotivado. Ela me lembrava qual era o meu sonho e me estimulava a voltar aos estudos. <\/p>\n\n\n\n<p>Posso dizer eles foram um fator fundamental para\nminha prepara\u00e7\u00e3o, todo o apoio e sofrimento foi dividido com eles.<\/p>\n\n\n\n<p><strong>Estrat\u00e9gia: Voc\u00ea acha que vale a pena fazer outros concursos, com foco diferente daquele concurso que \u00e9 realmente seu objetivo maior?<\/strong><\/p>\n\n\n\n<p><strong>Felipe:<\/strong> Meu concurso do sonho era a Pol\u00edcia Federal. Realizei outros concursos nessa \u00e1rea (chamada de \u00e1rea policial), para ganhar experi\u00eancia, pois as mat\u00e9rias eram bem semelhantes. <\/p>\n\n\n\n<p>Acredito que fazer outros concursos seja um ponto positivo para ganhar experi\u00eancia. Por\u00e9m, para servir como aprendizado, o certame deve ser relacionado com a \u00e1rea do concurso almejado e deve apresentar grande semelhan\u00e7a de mat\u00e9rias, para n\u00e3o sair do foco principal. Al\u00e9m disso, o concurso fim n\u00e3o deve se encontrar pr\u00f3ximo&nbsp;ao lan\u00e7amento do edital.<\/p>\n\n\n\n<p><strong>Estrat\u00e9gia: Chegou a estudar sem ter edital na pra\u00e7a? Durante esse tempo, como voc\u00ea fazia para manter a disciplina nos estudos?<\/strong><\/p>\n\n\n\n<p><strong>Felipe: <\/strong>Inicialmente eu n\u00e3o tive um direcionamento adequado. Estudei muito para carreiras policiais (acho que isso foi um erro meu, por\u00e9m, por outro lado foi positivo, pois eu fiquei com um n\u00edvel bom nas mat\u00e9rias b\u00e1sicas).  <\/p>\n\n\n\n<p>Depois de aproximadamente 8 meses de estudo \u201csem direcionamento\u201d, comecei a focar para o cargo de Agente da PF, incluindo as mat\u00e9rias do edital anterior como contabilidade, AFO e economia. Al\u00e9m das b\u00e1sicas, estudei por mais 11 meses antes de sair o t\u00e3o esperado edital da PF 2018.  <\/p>\n\n\n\n<p>Ap\u00f3s as mudan\u00e7as do edital, adaptei meu cronograma para as mat\u00e9rias novas, com foco primordial em portugu\u00eas, contabilidade e inform\u00e1tica (pois eu j\u00e1 tinha uma boa base nas mat\u00e9rias b\u00e1sicas).  <\/p>\n\n\n\n<p>Ap\u00f3s a prova da PF, eu reduzi a carga hor\u00e1ria dos estudos e foquei principalmente nas mat\u00e9rias espec\u00edficas da PRF antes do lan\u00e7amento do edital, tais como CTB, f\u00edsica e matem\u00e1tica.<\/p>\n\n\n\n<p>Quando o edital da PRF 2018 foi lan\u00e7ado, eu j\u00e1 tinha uma no\u00e7\u00e3o melhor de organiza\u00e7\u00e3o p\u00f3s-edital. Foquei principalmente nas mat\u00e9rias de CTB e resolu\u00e7\u00f5es do CONTRAN, pois eram as mat\u00e9rias que eu tinha pouco manejo (as demais eu j\u00e1 tirava notas elevadas nos simulados por conta da base que eu tinha da PF).  <\/p>\n\n\n\n<p>Em nenhum momento eu desprezei as mat\u00e9rias b\u00e1sicas, pelo contr\u00e1rio, mantive as revis\u00f5es constantes. Acredito que nenhuma mat\u00e9ria do edital deve ser totalmente desprezada.<\/p>\n\n\n\n<p><strong>Estrat\u00e9gia: Que materiais voc\u00ea usou em sua prepara\u00e7\u00e3o para o concurso? Aulas presenciais, telepresenciais, livros, cursos em PDF, videoaulas? Quais foram as principais vantagens e desvantagens de cada um? Como conheceu o Estrat\u00e9gia Concursos? <\/strong><\/p>\n\n\n\n<p><strong>Felipe: <\/strong>No in\u00edcio da prepara\u00e7\u00e3o, eu fiz 3 meses de curso presencial. Eu achava que estudar para concurso iniciava-se com um curso presencial (engano meu rsrs). Depois desse tempo, eu comecei a estudar pelas apostilas do curso presencial, livro da parte de direito, algumas videoaulas da internet e fazendo quest\u00f5es em sites espec\u00edficos. <\/p>\n\n\n\n<p>Eu conheci o Estrat\u00e9gia atrav\u00e9s de um amigo e comecei a estudar pelos cursos em PDF. Acredito que essa fase foi a revolu\u00e7\u00e3o de meus estudos, a partir da\u00ed eu estudei apenas por PDF, pois percebi que meu tempo era melhor aproveitado. Apenas em caso de d\u00favidas, eu utilizava videoaulas.<\/p>\n\n\n\n<p>Contudo, n\u00e3o acredito que n\u00e3o h\u00e1 uma forma melhor\nque outra, cada pessoa deve utilizar o meio que melhor se adequa.<\/p>\n\n\n\n<p><strong>Estrat\u00e9gia: Uma das principais dificuldades de todo o concursando \u00e9 a quantidade de assuntos que devem ser memorizados. Como voc\u00ea fez para estudar todo o conte\u00fado do concurso? Falando de modo mais espec\u00edfico: voc\u00ea estudava v\u00e1rias mat\u00e9rias ao mesmo tempo? Quantas? Costumava fazer resumos? Focava mais em exerc\u00edcios, ou na leitura e releitura da teoria? Como montou seu plano de estudos? Quantas horas por dia costumava estudar?<\/strong><\/p>\n\n\n\n<p><strong>Felipe: <\/strong>Quando comecei a estudar focado para PF, eu estudava por ciclos de estudos com 5 mat\u00e9rias. A medida que eu finalizava os cursos em PDF de cada mat\u00e9ria, eu acrescentava outra ao ciclo e iria revisando e fazendo exerc\u00edcios das mat\u00e9rias finalizadas.  <\/p>\n\n\n\n<p>Nessa \u00e9poca, fiz alguns resumos e mapas mentais (que foram importantes para o per\u00edodo p\u00f3s-edital), al\u00e9m de resolver muitas quest\u00f5es. Aqui eu estudava aproximadamente 5 horas l\u00edquidas por dia e tirava o domingo para descanso.<\/p>\n\n\n\n<p>J\u00e1 no p\u00f3s-edital, eu montei um quadro hor\u00e1rio. Eu planejava meus estudos semanalmente, de acordo com a necessidade de cada mat\u00e9ria, principalmente conforme meu desempenho nos simulados. Nesse per\u00edodo, eu me adaptei melhor a utiliza\u00e7\u00e3o de resumos e fichas e, continuamente, a resolu\u00e7\u00e3o de quest\u00f5es! Eu estudei, em m\u00e9dia, 6 a 7h l\u00edquidas por dia.<\/p>\n\n\n\n<p>Acredito que um bom material de revis\u00e3o seja fundamental, principalmente para o per\u00edodo pr\u00f3ximo a prova <\/p>\n\n\n\n<p><strong>Estrat\u00e9gia: Voc\u00ea tinha mais dificuldades em alguma(s) disciplina(s)? Quais? Como voc\u00ea fez para superar estas dificuldades?<\/strong><\/p>\n\n\n\n<p><strong>Felipe: <\/strong>No in\u00edcio, minha dificuldade era Direito Constitucional e Portugu\u00eas. Com o tempo peguei o jeito de estudar essas mat\u00e9rias e as demais mat\u00e9rias b\u00e1sicas.  <\/p>\n\n\n\n<p>Mais \u00e0 frente, o empecilho foi contabilidade, por ser uma mat\u00e9ria muito extensa e com muitos detalhes. Por\u00e9m, depois de muita luta, muitos resumos e muitos exerc\u00edcios, fui pegando o jeito e entendo como a mat\u00e9ria funcionava.<\/p>\n\n\n\n<p>Acredito que o segredo para aprender uma disciplina \u00e9 come\u00e7ar a gostar dela!&nbsp;<\/p>\n\n\n\n<p><strong>Estrat\u00e9gia: A reta final \u00e9 sempre um per\u00edodo estressante. Como foi sua rotina de estudos na semana que antecedeu a prova? E v\u00e9spera de prova: foi dia de descanso ou dia de estudo?<\/strong><\/p>\n\n\n\n<p><strong>Felipe:<\/strong> No per\u00edodo p\u00f3s-edital, minha rotina era revis\u00e3o e exerc\u00edcios das mat\u00e9rias antigas; e conte\u00fado, revis\u00e3o e exerc\u00edcios das mat\u00e9rias novas. Na semana que antecedeu a prova, realizei apenas revis\u00f5es e exerc\u00edcios de assuntos j\u00e1 vistos at\u00e9 o momento. N\u00e3o tentei absorver conte\u00fados novos.<\/p>\n\n\n\n<p>J\u00e1 na v\u00e9spera da prova, eu realizei algumas revis\u00f5es de alguns t\u00f3picos das mat\u00e9rias que eu julguei mais importantes. Tentei conciliar essas revis\u00f5es com um pouco de lazer (corrida na orla e sair com minha namorada). Ou seja, foi um dia tranquilo mesclado com estudo. <\/p>\n\n\n\n<p><strong>Estrat\u00e9gia: No seu concurso, tivemos, al\u00e9m das provas objetivas, as provas discursivas. Como foi seu estudo para esta importante parte do certame? O que voc\u00ea aconselha?<\/strong><\/p>\n\n\n\n<p><strong>Felipe: <\/strong>Para a prova discursiva, eu realizei um curso presencial. Al\u00e9m disso, eu fiz o curso em PDF do Estrat\u00e9gia, onde tive minha reda\u00e7\u00e3o corrigida por diversos professores durante essa etapa de prepara\u00e7\u00e3o, atrav\u00e9s da compra de pacotes de corre\u00e7\u00e3o.  <\/p>\n\n\n\n<p>Na prova da PF 2018, minha nota da reda\u00e7\u00e3o foi muita baixa e, por conta dela, perdi posi\u00e7\u00f5es. Caso n\u00e3o houvesse reda\u00e7\u00e3o, eu me classificaria dentro das vagas. <\/p>\n\n\n\n<p>Por essa raz\u00e3o, intensifiquei meu estudo nesta disciplina para prova da PRF 2018. Ent\u00e3o, ap\u00f3s an\u00e1lises de padr\u00f5es de resposta e de reda\u00e7\u00f5es com nota m\u00e1xima da CESPE, eu consegui verificar o estilo da banca e comecei a treinar, bem como comprei mais algumas corre\u00e7\u00f5es para avaliar minha evolu\u00e7\u00e3o durante o per\u00edodo p\u00f3s-edital da PRF. <\/p>\n\n\n\n<p>Neste certame, eu obtive nota m\u00e1xima na reda\u00e7\u00e3o no quesito conte\u00fado, perdi apenas pelos erros gramaticais.<\/p>\n\n\n\n<p><strong>Estrat\u00e9gia: Como est\u00e1 sendo sua prepara\u00e7\u00e3o para o TAF e para as demais etapas? <\/strong> <\/p>\n\n\n\n<p><strong>Felipe: <\/strong>Para mim, o TAF \u00e9 bastante tranquilo, pois desde crian\u00e7a eu pratico exerc\u00edcios f\u00edsicos. Contudo, requer um certo esfor\u00e7o para manter o ritmo de treinamentos, os quais foram mantidos desde o in\u00edcio dos estudos para concurso, j\u00e1 sonhando em realizar o TAF.&nbsp;<\/p>\n\n\n\n<p><strong>Estrat\u00e9gia: Se voc\u00ea tivesse que apontar ERROS em sua prepara\u00e7\u00e3o (se \u00e9 que houve), quais seriam? Diga-nos tamb\u00e9m quais foram os maiores ACERTOS?<\/strong><\/p>\n\n\n\n<p><strong>Felipe: <\/strong>Em rela\u00e7\u00e3o aos erros, acredito que os principais aconteceram no in\u00edcio da minha prepara\u00e7\u00e3o, que foram: fazer poucas quest\u00f5es; n\u00e3o fazer material para revis\u00e3o adequado; e n\u00e3o ter um planejamento de estudos.<\/p>\n\n\n\n<p>Em rela\u00e7\u00e3o aos acertos, acredito que foram: ajustar um m\u00e9todo de estudo que melhor me adaptasse (ap\u00f3s comprar um curso de mentoria voltado para PF); realizar um planejamento nos estudos e um controle emocional durante o p\u00f3s-edital; fazer simulados (no p\u00f3s-edital da PF 2018 e PRF 2018, eu realizei cerca de 20 simulados antes de cada certame); e ter um grupo de estudos com pessoas que realmente queriam o mesmo objetivo que o meu (muito cuidado! Devem ser pessoas com o mesmo afinco que o seu).<\/p>\n\n\n\n<p><strong>Estrat\u00e9gia: O que foi mais dif\u00edcil nessa caminhada rumo \u00e0 aprova\u00e7\u00e3o? Chegou a pensar, por algum momento, em desistir? Se sim, como fez para seguir em frente?<\/strong><\/p>\n\n\n\n<p><strong>Felipe: <\/strong>O mais dif\u00edcil, nessa jornada, foram as abdica\u00e7\u00f5es de ver os amigos. Al\u00e9m disso, o estudo \u00e9 uma tarefa solit\u00e1ria, temos o apoio dos pais, dos amigos, da namorada, mas ele \u00e9 mon\u00f3tono e individual.  <\/p>\n\n\n\n<p>Nunca pensei em desistir, mesmo sendo pouco tempo de jornada at\u00e9 agora (cerca de 2 anos). Sempre que batia o desanimo, eu conversava com meus amigos do grupo de estudo, assistia alguns v\u00eddeos motivacionais da \u00e1rea policial no youtube, bem como de algumas pessoas que me inspiravam.<\/p>\n\n\n\n<p><strong>Estrat\u00e9gia: Qual foi sua principal motiva\u00e7\u00e3o? <\/strong> <\/p>\n\n\n\n<p><strong>Felipe: <\/strong>Minha principal&nbsp;motiva\u00e7\u00e3o era o sonho de me tornar Policial Federal! \u00c9 um desejo fora do comum, os olhos brilham, o corpo arrepia, o cora\u00e7\u00e3o acelera quando me imagino nessa profiss\u00e3o.<\/p>\n\n\n\n<p>Acho que para quem tem um sonho parecido, a jornada se torna muito mais f\u00e1cil e glorificante.<\/p>\n\n\n\n<p>Para a prova da PRF, meu grande incentivo foi meu\ngrupo de estudos, que me ajudaram a continuar essa jornada at\u00e9 o final com\neles.<\/p>\n\n\n\n<p><strong>Estrat\u00e9gia: Por fim, o que voc\u00ea aconselharia a algu\u00e9m que est\u00e1 iniciando seus estudos para concurso. Deixe-nos sua mensagem para todos aqueles que um dia almejam chegar aonde voc\u00ea chegou!<\/strong><\/p>\n\n\n\n<p><strong>Felipe: <\/strong>Para quem est\u00e1 iniciando, a primeira coisa que deve ter em mente \u00e9 que todo sonho \u00e9 poss\u00edvel e s\u00f3 depende de voc\u00ea, independente do tempo que leve. Procure ajuda de profissionais que possam te auxiliar a trilhar pelo caminho certo, pois n\u00e3o adianta estudar desesperadamente sem um norte.  <\/p>\n\n\n\n<p>Escolha e foque na \u00e1rea e no cargo almejado. Tenha um planejamento adequado \u00e0 sua rotina, estude por materiais de qualidade, fa\u00e7a muitas quest\u00f5es (eu falo MUITAS mesmo e sem medo de errar, rsrs), prepare seu material de revis\u00e3o e revise-os, fa\u00e7a simulados. Por fim, mantenha sempre a tranquilidade, persista at\u00e9 o limite, que sua hora vai chegar!<\/p>\n\n\n\n<p><strong>Confira outras entrevistas em:<\/strong><\/p>\n\n\n\n<p><a rel=\"noreferrer noopener\" href=\"https:\/\/www.estrategiaconcursos.com.br\/depoimentos\/\" target=\"_blank\">Depoimentos de Aprovados<\/a><\/p>\n\n\n\n<p><a rel=\"noreferrer noopener\" href=\"https:\/\/www.estrategiaconcursos.com.br\/cursos\/concurso\" target=\"_blank\">Cursos Online para Concursos<\/a><\/p>\n\n\n\n<p><em><strong>Foi aprovado e deseja dividir com a gente e com outros concurseiros como foi sua trajet\u00f3ria at\u00e9 a aprova\u00e7\u00e3o?! Mande um e-mail para:&nbsp;<\/strong><\/em><strong>comunicacao@estrategiaconcursos.com.br<\/strong><\/p>\n\n\n\n<p>Abra\u00e7os,<\/p>\n\n\n\n<p>Tha\u00eds Mendes<\/p>\n","protected":false},"excerpt":{"rendered":"<p>&nbsp;&#8220;Escolha e foque na \u00e1rea e no cargo almejado. Tenha um planejamento adequado \u00e0 sua rotina, estude por materiais de qualidade, fa\u00e7a muitas quest\u00f5es, prepare seu material de revis\u00e3o e revise-os, fa\u00e7a simulados. Por fim, mantenha sempre a tranquilidade, persista at\u00e9 o limite, que sua hora vai chegar! &#8220; Confira nossa entrevista com Felipe Bacelar, [&hellip;]<\/p>\n","protected":false},"author":1,"featured_media":174795,"comment_status":"open","ping_status":"closed","sticky":false,"template":"","format":"standard","meta":{"post_tipo":"news","footnotes":""},"categories":[1,1988],"tags":[],"tax_estado":[],"class_list":["post-174792","post","type-post","status-publish","format-standard","has-post-thumbnail","hentry","category-cursos-e-concursos","category-policia"],"acf":[],"yoast_head":"<!-- This site is optimized with the Yoast SEO Premium plugin v27.2 (Yoast SEO v27.2) - https:\/\/yoast.com\/product\/yoast-seo-premium-wordpress\/ -->\n<title>ENTREVISTA: Felipe Bacelar - Aprovado em 18\u00ba lugar no concurso PRF para o estado de Amazonas<\/title>\n<meta name=\"description\" content=\"Confira nossa entrevista com Felipe Bacelar, aprovado em 18\u00ba lugar no concurso da Pol\u00edcia Rodovi\u00e1ria Federal para o estado de Amazonas\" \/>\n<meta name=\"robots\" content=\"index, follow, max-snippet:-1, max-image-preview:large, max-video-preview:-1\" \/>\n<link rel=\"canonical\" href=\"https:\/\/www.estrategiaconcursos.com.br\/blog\/entrevista-felipe-bacelar-aprovado-no-concurso-prf\/\" \/>\n<meta property=\"og:locale\" content=\"pt_BR\" \/>\n<meta property=\"og:type\" content=\"article\" \/>\n<meta property=\"og:title\" content=\"ENTREVISTA: Felipe Bacelar - Aprovado em 18\u00ba lugar no concurso PRF para o estado de Amazonas\" \/>\n<meta property=\"og:description\" content=\"Confira nossa entrevista com Felipe Bacelar, aprovado em 18\u00ba lugar no concurso da Pol\u00edcia Rodovi\u00e1ria Federal para o estado de Amazonas\" \/>\n<meta property=\"og:url\" content=\"https:\/\/www.estrategiaconcursos.com.br\/blog\/entrevista-felipe-bacelar-aprovado-no-concurso-prf\/\" \/>\n<meta property=\"og:site_name\" content=\"Estrat\u00e9gia Concursos\" \/>\n<meta property=\"article:author\" content=\"https:\/\/www.facebook.com\/EstrategiaConcursos\" \/>\n<meta property=\"article:published_time\" content=\"2019-03-29T10:54:16+00:00\" \/>\n<meta property=\"article:modified_time\" content=\"2023-01-10T15:13:30+00:00\" \/>\n<meta property=\"og:image\" content=\"https:\/\/dhg1h5j42swfq.cloudfront.net\/2019\/03\/28160839\/Felipe-Home.jpeg\" \/>\n\t<meta property=\"og:image:width\" content=\"704\" \/>\n\t<meta property=\"og:image:height\" content=\"445\" \/>\n\t<meta property=\"og:image:type\" content=\"image\/jpeg\" \/>\n<meta name=\"author\" content=\"Coordena\u00e7\u00e3o\" \/>\n<meta name=\"twitter:card\" content=\"summary_large_image\" \/>\n<meta name=\"twitter:creator\" content=\"@EstratConcursos\" \/>\n<meta name=\"twitter:site\" content=\"@EstratConcursos\" \/>\n<meta name=\"twitter:label1\" content=\"Escrito por\" \/>\n\t<meta name=\"twitter:data1\" content=\"Coordena\u00e7\u00e3o\" \/>\n\t<meta name=\"twitter:label2\" content=\"Est. tempo de leitura\" \/>\n\t<meta name=\"twitter:data2\" content=\"14 minutos\" \/>\n<script type=\"application\/ld+json\" class=\"yoast-schema-graph\">{\"@context\":\"https:\/\/schema.org\",\"@graph\":[{\"@type\":\"NewsArticle\",\"@id\":\"https:\/\/www.estrategiaconcursos.com.br\/blog\/entrevista-felipe-bacelar-aprovado-no-concurso-prf\/#article\",\"isPartOf\":{\"@id\":\"https:\/\/www.estrategiaconcursos.com.br\/blog\/entrevista-felipe-bacelar-aprovado-no-concurso-prf\/\"},\"author\":{\"name\":\"Coordena\u00e7\u00e3o\",\"@id\":\"https:\/\/www.estrategiaconcursos.com.br\/blog\/#\/schema\/person\/b4a388c97673c5f483d72185668afa1f\"},\"headline\":\"ENTREVISTA: Felipe Bacelar &#8211; Aprovado em 18\u00ba lugar no concurso PRF para o estado de Amazonas\",\"datePublished\":\"2019-03-29T10:54:16+00:00\",\"dateModified\":\"2023-01-10T15:13:30+00:00\",\"mainEntityOfPage\":{\"@id\":\"https:\/\/www.estrategiaconcursos.com.br\/blog\/entrevista-felipe-bacelar-aprovado-no-concurso-prf\/\"},\"wordCount\":2766,\"commentCount\":2,\"publisher\":{\"@id\":\"https:\/\/www.estrategiaconcursos.com.br\/blog\/#organization\"},\"image\":{\"@id\":\"https:\/\/www.estrategiaconcursos.com.br\/blog\/entrevista-felipe-bacelar-aprovado-no-concurso-prf\/#primaryimage\"},\"thumbnailUrl\":\"https:\/\/dhg1h5j42swfq.cloudfront.net\/2019\/03\/28160839\/Felipe-Home.jpeg\",\"articleSection\":[\"Concursos P\u00fablicos\",\"Policial (Agente, Escriv\u00e3o e Investigador)\"],\"inLanguage\":\"pt-BR\",\"potentialAction\":[{\"@type\":\"CommentAction\",\"name\":\"Comment\",\"target\":[\"https:\/\/www.estrategiaconcursos.com.br\/blog\/entrevista-felipe-bacelar-aprovado-no-concurso-prf\/#respond\"]}],\"copyrightYear\":\"2019\",\"copyrightHolder\":{\"@id\":\"https:\/\/www.estrategiaconcursos.com.br\/blog\/#organization\"}},{\"@type\":\"WebPage\",\"@id\":\"https:\/\/www.estrategiaconcursos.com.br\/blog\/entrevista-felipe-bacelar-aprovado-no-concurso-prf\/\",\"url\":\"https:\/\/www.estrategiaconcursos.com.br\/blog\/entrevista-felipe-bacelar-aprovado-no-concurso-prf\/\",\"name\":\"ENTREVISTA: Felipe Bacelar - Aprovado em 18\u00ba lugar no concurso PRF para o estado de Amazonas\",\"isPartOf\":{\"@id\":\"https:\/\/www.estrategiaconcursos.com.br\/blog\/#website\"},\"primaryImageOfPage\":{\"@id\":\"https:\/\/www.estrategiaconcursos.com.br\/blog\/entrevista-felipe-bacelar-aprovado-no-concurso-prf\/#primaryimage\"},\"image\":{\"@id\":\"https:\/\/www.estrategiaconcursos.com.br\/blog\/entrevista-felipe-bacelar-aprovado-no-concurso-prf\/#primaryimage\"},\"thumbnailUrl\":\"https:\/\/dhg1h5j42swfq.cloudfront.net\/2019\/03\/28160839\/Felipe-Home.jpeg\",\"datePublished\":\"2019-03-29T10:54:16+00:00\",\"dateModified\":\"2023-01-10T15:13:30+00:00\",\"description\":\"Confira nossa entrevista com Felipe Bacelar, aprovado em 18\u00ba lugar no concurso da Pol\u00edcia Rodovi\u00e1ria Federal para o estado de Amazonas\",\"breadcrumb\":{\"@id\":\"https:\/\/www.estrategiaconcursos.com.br\/blog\/entrevista-felipe-bacelar-aprovado-no-concurso-prf\/#breadcrumb\"},\"inLanguage\":\"pt-BR\",\"potentialAction\":[{\"@type\":\"ReadAction\",\"target\":[\"https:\/\/www.estrategiaconcursos.com.br\/blog\/entrevista-felipe-bacelar-aprovado-no-concurso-prf\/\"]}]},{\"@type\":\"ImageObject\",\"inLanguage\":\"pt-BR\",\"@id\":\"https:\/\/www.estrategiaconcursos.com.br\/blog\/entrevista-felipe-bacelar-aprovado-no-concurso-prf\/#primaryimage\",\"url\":\"https:\/\/dhg1h5j42swfq.cloudfront.net\/2019\/03\/28160839\/Felipe-Home.jpeg\",\"contentUrl\":\"https:\/\/dhg1h5j42swfq.cloudfront.net\/2019\/03\/28160839\/Felipe-Home.jpeg\",\"width\":704,\"height\":445},{\"@type\":\"BreadcrumbList\",\"@id\":\"https:\/\/www.estrategiaconcursos.com.br\/blog\/entrevista-felipe-bacelar-aprovado-no-concurso-prf\/#breadcrumb\",\"itemListElement\":[{\"@type\":\"ListItem\",\"position\":1,\"name\":\"In\u00edcio\",\"item\":\"https:\/\/www.estrategiaconcursos.com.br\/blog\/\"},{\"@type\":\"ListItem\",\"position\":2,\"name\":\"ENTREVISTA: Felipe Bacelar &#8211; Aprovado em 18\u00ba lugar no concurso PRF para o estado de Amazonas\"}]},{\"@type\":\"WebSite\",\"@id\":\"https:\/\/www.estrategiaconcursos.com.br\/blog\/#website\",\"url\":\"https:\/\/www.estrategiaconcursos.com.br\/blog\/\",\"name\":\"Estrat\u00e9gia Concursos\",\"description\":\"O blog da Estrat\u00e9gia Concursos traz not\u00edcias sobre concursos e artigos de professores oferecendo cursos para concursos (pdf + videaulas) no site.\",\"publisher\":{\"@id\":\"https:\/\/www.estrategiaconcursos.com.br\/blog\/#organization\"},\"potentialAction\":[{\"@type\":\"SearchAction\",\"target\":{\"@type\":\"EntryPoint\",\"urlTemplate\":\"https:\/\/www.estrategiaconcursos.com.br\/blog\/?s={search_term_string}\"},\"query-input\":{\"@type\":\"PropertyValueSpecification\",\"valueRequired\":true,\"valueName\":\"search_term_string\"}}],\"inLanguage\":\"pt-BR\"},{\"@type\":\"Organization\",\"@id\":\"https:\/\/www.estrategiaconcursos.com.br\/blog\/#organization\",\"name\":\"Estrat\u00e9gia Concursos\",\"url\":\"https:\/\/www.estrategiaconcursos.com.br\/blog\/\",\"logo\":{\"@type\":\"ImageObject\",\"inLanguage\":\"pt-BR\",\"@id\":\"https:\/\/www.estrategiaconcursos.com.br\/blog\/#\/schema\/logo\/image\/\",\"url\":\"https:\/\/dhg1h5j42swfq.cloudfront.net\/2025\/06\/03203428\/logo_concursos-1.jpg\",\"contentUrl\":\"https:\/\/dhg1h5j42swfq.cloudfront.net\/2025\/06\/03203428\/logo_concursos-1.jpg\",\"width\":230,\"height\":60,\"caption\":\"Estrat\u00e9gia Concursos\"},\"image\":{\"@id\":\"https:\/\/www.estrategiaconcursos.com.br\/blog\/#\/schema\/logo\/image\/\"},\"sameAs\":[\"https:\/\/x.com\/EstratConcursos\"]},{\"@type\":\"Person\",\"@id\":\"https:\/\/www.estrategiaconcursos.com.br\/blog\/#\/schema\/person\/b4a388c97673c5f483d72185668afa1f\",\"name\":\"Coordena\u00e7\u00e3o\",\"image\":{\"@type\":\"ImageObject\",\"inLanguage\":\"pt-BR\",\"@id\":\"https:\/\/secure.gravatar.com\/avatar\/b720319e4c9a967eb58678d110f4fe35452fc5d5f97b202bac7b8acceb18c6ad?s=96&d=mm&r=g\",\"url\":\"https:\/\/secure.gravatar.com\/avatar\/b720319e4c9a967eb58678d110f4fe35452fc5d5f97b202bac7b8acceb18c6ad?s=96&d=mm&r=g\",\"contentUrl\":\"https:\/\/secure.gravatar.com\/avatar\/b720319e4c9a967eb58678d110f4fe35452fc5d5f97b202bac7b8acceb18c6ad?s=96&d=mm&r=g\",\"caption\":\"Coordena\u00e7\u00e3o\"},\"sameAs\":[\"https:\/\/www.facebook.com\/EstrategiaConcursos\",\"https:\/\/x.com\/EstratConcursos\"],\"url\":\"https:\/\/www.estrategiaconcursos.com.br\/blog\/author\/estrategia2013\/\"}]}<\/script>\n<!-- \/ Yoast SEO Premium plugin. -->","yoast_head_json":{"title":"ENTREVISTA: Felipe Bacelar - Aprovado em 18\u00ba lugar no concurso PRF para o estado de Amazonas","description":"Confira nossa entrevista com Felipe Bacelar, aprovado em 18\u00ba lugar no concurso da Pol\u00edcia Rodovi\u00e1ria Federal para o estado de Amazonas","robots":{"index":"index","follow":"follow","max-snippet":"max-snippet:-1","max-image-preview":"max-image-preview:large","max-video-preview":"max-video-preview:-1"},"canonical":"https:\/\/www.estrategiaconcursos.com.br\/blog\/entrevista-felipe-bacelar-aprovado-no-concurso-prf\/","og_locale":"pt_BR","og_type":"article","og_title":"ENTREVISTA: Felipe Bacelar - Aprovado em 18\u00ba lugar no concurso PRF para o estado de Amazonas","og_description":"Confira nossa entrevista com Felipe Bacelar, aprovado em 18\u00ba lugar no concurso da Pol\u00edcia Rodovi\u00e1ria Federal para o estado de Amazonas","og_url":"https:\/\/www.estrategiaconcursos.com.br\/blog\/entrevista-felipe-bacelar-aprovado-no-concurso-prf\/","og_site_name":"Estrat\u00e9gia Concursos","article_author":"https:\/\/www.facebook.com\/EstrategiaConcursos","article_published_time":"2019-03-29T10:54:16+00:00","article_modified_time":"2023-01-10T15:13:30+00:00","og_image":[{"width":704,"height":445,"url":"https:\/\/dhg1h5j42swfq.cloudfront.net\/2019\/03\/28160839\/Felipe-Home.jpeg","type":"image\/jpeg"}],"author":"Coordena\u00e7\u00e3o","twitter_card":"summary_large_image","twitter_creator":"@EstratConcursos","twitter_site":"@EstratConcursos","twitter_misc":{"Escrito por":"Coordena\u00e7\u00e3o","Est. tempo de leitura":"14 minutos"},"schema":{"@context":"https:\/\/schema.org","@graph":[{"@type":"NewsArticle","@id":"https:\/\/www.estrategiaconcursos.com.br\/blog\/entrevista-felipe-bacelar-aprovado-no-concurso-prf\/#article","isPartOf":{"@id":"https:\/\/www.estrategiaconcursos.com.br\/blog\/entrevista-felipe-bacelar-aprovado-no-concurso-prf\/"},"author":{"name":"Coordena\u00e7\u00e3o","@id":"https:\/\/www.estrategiaconcursos.com.br\/blog\/#\/schema\/person\/b4a388c97673c5f483d72185668afa1f"},"headline":"ENTREVISTA: Felipe Bacelar &#8211; Aprovado em 18\u00ba lugar no concurso PRF para o estado de Amazonas","datePublished":"2019-03-29T10:54:16+00:00","dateModified":"2023-01-10T15:13:30+00:00","mainEntityOfPage":{"@id":"https:\/\/www.estrategiaconcursos.com.br\/blog\/entrevista-felipe-bacelar-aprovado-no-concurso-prf\/"},"wordCount":2766,"commentCount":2,"publisher":{"@id":"https:\/\/www.estrategiaconcursos.com.br\/blog\/#organization"},"image":{"@id":"https:\/\/www.estrategiaconcursos.com.br\/blog\/entrevista-felipe-bacelar-aprovado-no-concurso-prf\/#primaryimage"},"thumbnailUrl":"https:\/\/dhg1h5j42swfq.cloudfront.net\/2019\/03\/28160839\/Felipe-Home.jpeg","articleSection":["Concursos P\u00fablicos","Policial (Agente, Escriv\u00e3o e Investigador)"],"inLanguage":"pt-BR","potentialAction":[{"@type":"CommentAction","name":"Comment","target":["https:\/\/www.estrategiaconcursos.com.br\/blog\/entrevista-felipe-bacelar-aprovado-no-concurso-prf\/#respond"]}],"copyrightYear":"2019","copyrightHolder":{"@id":"https:\/\/www.estrategiaconcursos.com.br\/blog\/#organization"}},{"@type":"WebPage","@id":"https:\/\/www.estrategiaconcursos.com.br\/blog\/entrevista-felipe-bacelar-aprovado-no-concurso-prf\/","url":"https:\/\/www.estrategiaconcursos.com.br\/blog\/entrevista-felipe-bacelar-aprovado-no-concurso-prf\/","name":"ENTREVISTA: Felipe Bacelar - Aprovado em 18\u00ba lugar no concurso PRF para o estado de Amazonas","isPartOf":{"@id":"https:\/\/www.estrategiaconcursos.com.br\/blog\/#website"},"primaryImageOfPage":{"@id":"https:\/\/www.estrategiaconcursos.com.br\/blog\/entrevista-felipe-bacelar-aprovado-no-concurso-prf\/#primaryimage"},"image":{"@id":"https:\/\/www.estrategiaconcursos.com.br\/blog\/entrevista-felipe-bacelar-aprovado-no-concurso-prf\/#primaryimage"},"thumbnailUrl":"https:\/\/dhg1h5j42swfq.cloudfront.net\/2019\/03\/28160839\/Felipe-Home.jpeg","datePublished":"2019-03-29T10:54:16+00:00","dateModified":"2023-01-10T15:13:30+00:00","description":"Confira nossa entrevista com Felipe Bacelar, aprovado em 18\u00ba lugar no concurso da Pol\u00edcia Rodovi\u00e1ria Federal para o estado de Amazonas","breadcrumb":{"@id":"https:\/\/www.estrategiaconcursos.com.br\/blog\/entrevista-felipe-bacelar-aprovado-no-concurso-prf\/#breadcrumb"},"inLanguage":"pt-BR","potentialAction":[{"@type":"ReadAction","target":["https:\/\/www.estrategiaconcursos.com.br\/blog\/entrevista-felipe-bacelar-aprovado-no-concurso-prf\/"]}]},{"@type":"ImageObject","inLanguage":"pt-BR","@id":"https:\/\/www.estrategiaconcursos.com.br\/blog\/entrevista-felipe-bacelar-aprovado-no-concurso-prf\/#primaryimage","url":"https:\/\/dhg1h5j42swfq.cloudfront.net\/2019\/03\/28160839\/Felipe-Home.jpeg","contentUrl":"https:\/\/dhg1h5j42swfq.cloudfront.net\/2019\/03\/28160839\/Felipe-Home.jpeg","width":704,"height":445},{"@type":"BreadcrumbList","@id":"https:\/\/www.estrategiaconcursos.com.br\/blog\/entrevista-felipe-bacelar-aprovado-no-concurso-prf\/#breadcrumb","itemListElement":[{"@type":"ListItem","position":1,"name":"In\u00edcio","item":"https:\/\/www.estrategiaconcursos.com.br\/blog\/"},{"@type":"ListItem","position":2,"name":"ENTREVISTA: Felipe Bacelar &#8211; Aprovado em 18\u00ba lugar no concurso PRF para o estado de Amazonas"}]},{"@type":"WebSite","@id":"https:\/\/www.estrategiaconcursos.com.br\/blog\/#website","url":"https:\/\/www.estrategiaconcursos.com.br\/blog\/","name":"Estrat\u00e9gia Concursos","description":"O blog da Estrat\u00e9gia Concursos traz not\u00edcias sobre concursos e artigos de professores oferecendo cursos para concursos (pdf + videaulas) no site.","publisher":{"@id":"https:\/\/www.estrategiaconcursos.com.br\/blog\/#organization"},"potentialAction":[{"@type":"SearchAction","target":{"@type":"EntryPoint","urlTemplate":"https:\/\/www.estrategiaconcursos.com.br\/blog\/?s={search_term_string}"},"query-input":{"@type":"PropertyValueSpecification","valueRequired":true,"valueName":"search_term_string"}}],"inLanguage":"pt-BR"},{"@type":"Organization","@id":"https:\/\/www.estrategiaconcursos.com.br\/blog\/#organization","name":"Estrat\u00e9gia Concursos","url":"https:\/\/www.estrategiaconcursos.com.br\/blog\/","logo":{"@type":"ImageObject","inLanguage":"pt-BR","@id":"https:\/\/www.estrategiaconcursos.com.br\/blog\/#\/schema\/logo\/image\/","url":"https:\/\/dhg1h5j42swfq.cloudfront.net\/2025\/06\/03203428\/logo_concursos-1.jpg","contentUrl":"https:\/\/dhg1h5j42swfq.cloudfront.net\/2025\/06\/03203428\/logo_concursos-1.jpg","width":230,"height":60,"caption":"Estrat\u00e9gia Concursos"},"image":{"@id":"https:\/\/www.estrategiaconcursos.com.br\/blog\/#\/schema\/logo\/image\/"},"sameAs":["https:\/\/x.com\/EstratConcursos"]},{"@type":"Person","@id":"https:\/\/www.estrategiaconcursos.com.br\/blog\/#\/schema\/person\/b4a388c97673c5f483d72185668afa1f","name":"Coordena\u00e7\u00e3o","image":{"@type":"ImageObject","inLanguage":"pt-BR","@id":"https:\/\/secure.gravatar.com\/avatar\/b720319e4c9a967eb58678d110f4fe35452fc5d5f97b202bac7b8acceb18c6ad?s=96&d=mm&r=g","url":"https:\/\/secure.gravatar.com\/avatar\/b720319e4c9a967eb58678d110f4fe35452fc5d5f97b202bac7b8acceb18c6ad?s=96&d=mm&r=g","contentUrl":"https:\/\/secure.gravatar.com\/avatar\/b720319e4c9a967eb58678d110f4fe35452fc5d5f97b202bac7b8acceb18c6ad?s=96&d=mm&r=g","caption":"Coordena\u00e7\u00e3o"},"sameAs":["https:\/\/www.facebook.com\/EstrategiaConcursos","https:\/\/x.com\/EstratConcursos"],"url":"https:\/\/www.estrategiaconcursos.com.br\/blog\/author\/estrategia2013\/"}]}},"_links":{"self":[{"href":"https:\/\/www.estrategiaconcursos.com.br\/blog\/wp-json\/wp\/v2\/posts\/174792","targetHints":{"allow":["GET"]}}],"collection":[{"href":"https:\/\/www.estrategiaconcursos.com.br\/blog\/wp-json\/wp\/v2\/posts"}],"about":[{"href":"https:\/\/www.estrategiaconcursos.com.br\/blog\/wp-json\/wp\/v2\/types\/post"}],"author":[{"embeddable":true,"href":"https:\/\/www.estrategiaconcursos.com.br\/blog\/wp-json\/wp\/v2\/users\/1"}],"replies":[{"embeddable":true,"href":"https:\/\/www.estrategiaconcursos.com.br\/blog\/wp-json\/wp\/v2\/comments?post=174792"}],"version-history":[{"count":3,"href":"https:\/\/www.estrategiaconcursos.com.br\/blog\/wp-json\/wp\/v2\/posts\/174792\/revisions"}],"predecessor-version":[{"id":1150237,"href":"https:\/\/www.estrategiaconcursos.com.br\/blog\/wp-json\/wp\/v2\/posts\/174792\/revisions\/1150237"}],"wp:featuredmedia":[{"embeddable":true,"href":"https:\/\/www.estrategiaconcursos.com.br\/blog\/wp-json\/wp\/v2\/media\/174795"}],"wp:attachment":[{"href":"https:\/\/www.estrategiaconcursos.com.br\/blog\/wp-json\/wp\/v2\/media?parent=174792"}],"wp:term":[{"taxonomy":"category","embeddable":true,"href":"https:\/\/www.estrategiaconcursos.com.br\/blog\/wp-json\/wp\/v2\/categories?post=174792"},{"taxonomy":"post_tag","embeddable":true,"href":"https:\/\/www.estrategiaconcursos.com.br\/blog\/wp-json\/wp\/v2\/tags?post=174792"},{"taxonomy":"tax_estado","embeddable":true,"href":"https:\/\/www.estrategiaconcursos.com.br\/blog\/wp-json\/wp\/v2\/tax_estado?post=174792"}],"curies":[{"name":"wp","href":"https:\/\/api.w.org\/{rel}","templated":true}]}}