{"id":174744,"date":"2019-03-28T14:05:53","date_gmt":"2019-03-28T17:05:53","guid":{"rendered":"https:\/\/www.estrategiaconcursos.com.br\/blog\/?p=174744"},"modified":"2019-03-29T15:24:17","modified_gmt":"2019-03-29T18:24:17","slug":"mpce-recomenda-que-camara-municipal-de-fortaleza-realize-concurso","status":"publish","type":"post","link":"https:\/\/www.estrategiaconcursos.com.br\/blog\/mpce-recomenda-que-camara-municipal-de-fortaleza-realize-concurso\/","title":{"rendered":"MP CE recomenda que C\u00e2mara Municipal de Fortaleza realize novo concurso"},"content":{"rendered":"\n<p style=\"font-size:25px\"><em>Concurso C\u00e2mara Municipal de Fortaleza:&nbsp;Casa&nbsp;tem&nbsp;cerca&nbsp;de&nbsp;200&nbsp;servidores&nbsp;efetivos<\/em><\/p>\n\n\n\n<p>O Minist\u00e9rio P\u00fablico do Cear\u00e1 protocolizou no dia 19 de fevereiro, uma recomenda\u00e7\u00e3o no Gabinete do Presidente da C\u00e2mara Municipal de Fortaleza (CMF)&nbsp;no qual d\u00e1 o prazo de 90 dias para que a C\u00e2mara Municipal de Fortaleza realize um novo concurso p\u00fablico para preencher as vagas que atualmente s\u00e3o ocupados por servidores terceirizados ou comissionados.<\/p>\n\n\n\n<p>Essa n\u00e3o \u00e9 a primeira vez que o MP CE faz esse tipo de solicita\u00e7\u00e3o. Desde 2015 o Minist\u00e9rio tenta exigir um novo certame para a Casa, por conta da quantidade de servidores terceirizados e comissionados, que fere a Constitui\u00e7\u00e3o Federal da Rep\u00fablica. Atualmente, a C\u00e2mara de Fortaleza possui aproximadamente 2.000 servidores, sendo que somente 10% s\u00e3o efetivos. <\/p>\n\n\n\n<p>Vale lembrar, que consta no quadro de detalhamento de despesas da Prefeitura de Fortaleza para 2019, a realiza\u00e7\u00e3o do Concurso C\u00e2mara Municipal de Fortaleza. A realiza\u00e7\u00e3o do certame tamb\u00e9m constava no or\u00e7amento do ano passado.<\/p>\n\n\n\n<p>Caso o edital n\u00e3o seja publicado dentro do prazo, at\u00e9 o dia 20 de maio, o Minist\u00e9rio P\u00fablico do Estado deve abrir uma a\u00e7\u00e3o civil p\u00fablica na Justi\u00e7a por ato de improbidade administrativa contra a C\u00e2mara de  Fortaleza. <\/p>\n\n\n\n<div class=\"wp-block-image\"><figure class=\"aligncenter\"><img loading=\"lazy\" decoding=\"async\" width=\"854\" height=\"495\" src=\"https:\/\/dhg1h5j42swfq.cloudfront.net\/2019\/03\/28142015\/Capturar-min8.jpg\" alt=\"\" class=\"wp-image-174754\" srcset=\"https:\/\/dhg1h5j42swfq.cloudfront.net\/2019\/03\/28142015\/Capturar-min8.jpg 854w, https:\/\/dhg1h5j42swfq.cloudfront.net\/2019\/03\/28142015\/Capturar-min8.jpg 300w, https:\/\/dhg1h5j42swfq.cloudfront.net\/2019\/03\/28142015\/Capturar-min8.jpg 768w\" sizes=\"auto, (max-width: 854px) 100vw, 854px\" \/><\/figure><\/div>\n\n\n\n<p style=\"font-size:23px;text-align:center\"><strong><u><a href=\"https:\/\/www.estrategiaconcursos.com.br\/blog\/concurso-camara-municipal-de-fortaleza\/\" target=\"_blank\" rel=\"noreferrer noopener\" aria-label=\"Confira AQUI mais informa\u00e7\u00f5es sobre o concurso da C\u00e2mara Municipal de Fortaleza (opens in a new tab)\">Confira AQUI mais informa\u00e7\u00f5es sobre o concurso da C\u00e2mara Municipal de Fortaleza<\/a><\/u><\/strong><\/p>\n\n\n\n<p style=\"text-align:center\"><em><strong>Assinatura Anual Ilimitada*<\/strong><\/em><\/p>\n\n\n\n<p style=\"text-align:center\"><em>Prepare-se com o melhor material e com quem mais aprova em&nbsp;Concursos P\u00fablicos de todo o pa\u00eds. Assine agora a nossa Assinatura Anual e tenha acesso ilimitado* a todos os nossos cursos.<\/em><\/p>\n\n\n\n<figure class=\"wp-block-image\"><a href=\"https:\/\/www.estrategiaconcursos.com.br\/assinaturas\" target=\"_blank\" rel=\"noreferrer noopener\"><img decoding=\"async\" src=\"https:\/\/www.estrategiaconcursos.com.br\/assets\/img\/banner-assinaturas.jpg\" alt=\"Assinatura Ilimitada Concurso C\u00e2mara Municipal de Fortaleza\" class=\"wp-image-157836\"\/><\/a><\/figure>\n\n\n\n<p><em>Ascom Estrat\u00e9gia<br \/><\/em>ascomestrategia@gmail.com<\/p>\n","protected":false},"excerpt":{"rendered":"<p>Concurso C\u00e2mara Municipal de Fortaleza:&nbsp;Casa&nbsp;tem&nbsp;cerca&nbsp;de&nbsp;200&nbsp;servidores&nbsp;efetivos O Minist\u00e9rio P\u00fablico do Cear\u00e1 protocolizou no dia 19 de fevereiro, uma recomenda\u00e7\u00e3o no Gabinete do Presidente da C\u00e2mara Municipal de Fortaleza (CMF)&nbsp;no qual d\u00e1 o prazo de 90 dias para que a C\u00e2mara Municipal de Fortaleza realize um novo concurso p\u00fablico para preencher as vagas que atualmente s\u00e3o ocupados [&hellip;]<\/p>\n","protected":false},"author":1,"featured_media":174747,"comment_status":"open","ping_status":"closed","sticky":false,"template":"","format":"standard","meta":{"post_tipo":"news","footnotes":""},"categories":[1,2017],"tags":[],"tax_estado":[],"class_list":["post-174744","post","type-post","status-publish","format-standard","has-post-thumbnail","hentry","category-cursos-e-concursos","category-concursos-legislativos"],"acf":[],"yoast_head":"<!-- This site is optimized with the Yoast SEO Premium plugin v27.2 (Yoast SEO v27.2) - https:\/\/yoast.com\/product\/yoast-seo-premium-wordpress\/ -->\n<title>MP CE recomenda que C\u00e2mara Municipal de Fortaleza realize novo concurso<\/title>\n<meta name=\"description\" content=\"Minist\u00e9rio P\u00fablico do Cear\u00e1 recomenda que Concurso C\u00e2mara Municipal de Fortaleza seja realizado para cobrir cargos comissionadas e terceirizadas.\" \/>\n<meta name=\"robots\" content=\"index, follow, max-snippet:-1, max-image-preview:large, max-video-preview:-1\" \/>\n<link rel=\"canonical\" href=\"https:\/\/www.estrategiaconcursos.com.br\/blog\/mpce-recomenda-que-camara-municipal-de-fortaleza-realize-concurso\/\" \/>\n<meta property=\"og:locale\" content=\"pt_BR\" \/>\n<meta property=\"og:type\" content=\"article\" \/>\n<meta property=\"og:title\" content=\"MP CE recomenda que C\u00e2mara Municipal de Fortaleza realize novo concurso\" \/>\n<meta property=\"og:description\" content=\"Minist\u00e9rio P\u00fablico do Cear\u00e1 recomenda que Concurso C\u00e2mara Municipal de Fortaleza seja realizado para cobrir cargos comissionadas e terceirizadas.\" \/>\n<meta property=\"og:url\" content=\"https:\/\/www.estrategiaconcursos.com.br\/blog\/mpce-recomenda-que-camara-municipal-de-fortaleza-realize-concurso\/\" \/>\n<meta property=\"og:site_name\" content=\"Estrat\u00e9gia Concursos\" \/>\n<meta property=\"article:author\" content=\"https:\/\/www.facebook.com\/EstrategiaConcursos\" \/>\n<meta property=\"article:published_time\" content=\"2019-03-28T17:05:53+00:00\" \/>\n<meta property=\"article:modified_time\" content=\"2019-03-29T18:24:17+00:00\" \/>\n<meta property=\"og:image\" content=\"https:\/\/dhg1h5j42swfq.cloudfront.net\/2019\/03\/28140521\/concurso-cammara-de-fortaleza-e1553792730802.jpg\" \/>\n\t<meta property=\"og:image:width\" content=\"400\" \/>\n\t<meta property=\"og:image:height\" content=\"209\" \/>\n\t<meta property=\"og:image:type\" content=\"image\/jpeg\" \/>\n<meta name=\"author\" content=\"Coordena\u00e7\u00e3o\" \/>\n<meta name=\"twitter:card\" content=\"summary_large_image\" \/>\n<meta name=\"twitter:creator\" content=\"@EstratConcursos\" \/>\n<meta name=\"twitter:site\" content=\"@EstratConcursos\" \/>\n<meta name=\"twitter:label1\" content=\"Escrito por\" \/>\n\t<meta name=\"twitter:data1\" content=\"Coordena\u00e7\u00e3o\" \/>\n\t<meta name=\"twitter:label2\" content=\"Est. tempo de leitura\" \/>\n\t<meta name=\"twitter:data2\" content=\"1 minuto\" \/>\n<script type=\"application\/ld+json\" class=\"yoast-schema-graph\">{\"@context\":\"https:\/\/schema.org\",\"@graph\":[{\"@type\":\"NewsArticle\",\"@id\":\"https:\/\/www.estrategiaconcursos.com.br\/blog\/mpce-recomenda-que-camara-municipal-de-fortaleza-realize-concurso\/#article\",\"isPartOf\":{\"@id\":\"https:\/\/www.estrategiaconcursos.com.br\/blog\/mpce-recomenda-que-camara-municipal-de-fortaleza-realize-concurso\/\"},\"author\":{\"name\":\"Coordena\u00e7\u00e3o\",\"@id\":\"https:\/\/www.estrategiaconcursos.com.br\/blog\/#\/schema\/person\/b4a388c97673c5f483d72185668afa1f\"},\"headline\":\"MP CE recomenda que C\u00e2mara Municipal de Fortaleza realize novo concurso\",\"datePublished\":\"2019-03-28T17:05:53+00:00\",\"dateModified\":\"2019-03-29T18:24:17+00:00\",\"mainEntityOfPage\":{\"@id\":\"https:\/\/www.estrategiaconcursos.com.br\/blog\/mpce-recomenda-que-camara-municipal-de-fortaleza-realize-concurso\/\"},\"wordCount\":295,\"commentCount\":0,\"publisher\":{\"@id\":\"https:\/\/www.estrategiaconcursos.com.br\/blog\/#organization\"},\"image\":{\"@id\":\"https:\/\/www.estrategiaconcursos.com.br\/blog\/mpce-recomenda-que-camara-municipal-de-fortaleza-realize-concurso\/#primaryimage\"},\"thumbnailUrl\":\"https:\/\/dhg1h5j42swfq.cloudfront.net\/2019\/03\/28140521\/concurso-cammara-de-fortaleza-e1553792730802.jpg\",\"articleSection\":[\"Concursos P\u00fablicos\",\"Legislativo\"],\"inLanguage\":\"pt-BR\",\"potentialAction\":[{\"@type\":\"CommentAction\",\"name\":\"Comment\",\"target\":[\"https:\/\/www.estrategiaconcursos.com.br\/blog\/mpce-recomenda-que-camara-municipal-de-fortaleza-realize-concurso\/#respond\"]}],\"copyrightYear\":\"2019\",\"copyrightHolder\":{\"@id\":\"https:\/\/www.estrategiaconcursos.com.br\/blog\/#organization\"}},{\"@type\":\"WebPage\",\"@id\":\"https:\/\/www.estrategiaconcursos.com.br\/blog\/mpce-recomenda-que-camara-municipal-de-fortaleza-realize-concurso\/\",\"url\":\"https:\/\/www.estrategiaconcursos.com.br\/blog\/mpce-recomenda-que-camara-municipal-de-fortaleza-realize-concurso\/\",\"name\":\"MP CE recomenda que C\u00e2mara Municipal de Fortaleza realize novo concurso\",\"isPartOf\":{\"@id\":\"https:\/\/www.estrategiaconcursos.com.br\/blog\/#website\"},\"primaryImageOfPage\":{\"@id\":\"https:\/\/www.estrategiaconcursos.com.br\/blog\/mpce-recomenda-que-camara-municipal-de-fortaleza-realize-concurso\/#primaryimage\"},\"image\":{\"@id\":\"https:\/\/www.estrategiaconcursos.com.br\/blog\/mpce-recomenda-que-camara-municipal-de-fortaleza-realize-concurso\/#primaryimage\"},\"thumbnailUrl\":\"https:\/\/dhg1h5j42swfq.cloudfront.net\/2019\/03\/28140521\/concurso-cammara-de-fortaleza-e1553792730802.jpg\",\"datePublished\":\"2019-03-28T17:05:53+00:00\",\"dateModified\":\"2019-03-29T18:24:17+00:00\",\"description\":\"Minist\u00e9rio P\u00fablico do Cear\u00e1 recomenda que Concurso C\u00e2mara Municipal de Fortaleza seja realizado para cobrir cargos comissionadas e terceirizadas.\",\"breadcrumb\":{\"@id\":\"https:\/\/www.estrategiaconcursos.com.br\/blog\/mpce-recomenda-que-camara-municipal-de-fortaleza-realize-concurso\/#breadcrumb\"},\"inLanguage\":\"pt-BR\",\"potentialAction\":[{\"@type\":\"ReadAction\",\"target\":[\"https:\/\/www.estrategiaconcursos.com.br\/blog\/mpce-recomenda-que-camara-municipal-de-fortaleza-realize-concurso\/\"]}]},{\"@type\":\"ImageObject\",\"inLanguage\":\"pt-BR\",\"@id\":\"https:\/\/www.estrategiaconcursos.com.br\/blog\/mpce-recomenda-que-camara-municipal-de-fortaleza-realize-concurso\/#primaryimage\",\"url\":\"https:\/\/dhg1h5j42swfq.cloudfront.net\/2019\/03\/28140521\/concurso-cammara-de-fortaleza-e1553792730802.jpg\",\"contentUrl\":\"https:\/\/dhg1h5j42swfq.cloudfront.net\/2019\/03\/28140521\/concurso-cammara-de-fortaleza-e1553792730802.jpg\",\"width\":400,\"height\":209,\"caption\":\"Concurso C\u00e2mara Municipal de Fortaleza\"},{\"@type\":\"BreadcrumbList\",\"@id\":\"https:\/\/www.estrategiaconcursos.com.br\/blog\/mpce-recomenda-que-camara-municipal-de-fortaleza-realize-concurso\/#breadcrumb\",\"itemListElement\":[{\"@type\":\"ListItem\",\"position\":1,\"name\":\"In\u00edcio\",\"item\":\"https:\/\/www.estrategiaconcursos.com.br\/blog\/\"},{\"@type\":\"ListItem\",\"position\":2,\"name\":\"MP CE recomenda que C\u00e2mara Municipal de Fortaleza realize novo concurso\"}]},{\"@type\":\"WebSite\",\"@id\":\"https:\/\/www.estrategiaconcursos.com.br\/blog\/#website\",\"url\":\"https:\/\/www.estrategiaconcursos.com.br\/blog\/\",\"name\":\"Estrat\u00e9gia Concursos\",\"description\":\"O blog da Estrat\u00e9gia Concursos traz not\u00edcias sobre concursos e artigos de professores oferecendo cursos para concursos (pdf + videaulas) no site.\",\"publisher\":{\"@id\":\"https:\/\/www.estrategiaconcursos.com.br\/blog\/#organization\"},\"potentialAction\":[{\"@type\":\"SearchAction\",\"target\":{\"@type\":\"EntryPoint\",\"urlTemplate\":\"https:\/\/www.estrategiaconcursos.com.br\/blog\/?s={search_term_string}\"},\"query-input\":{\"@type\":\"PropertyValueSpecification\",\"valueRequired\":true,\"valueName\":\"search_term_string\"}}],\"inLanguage\":\"pt-BR\"},{\"@type\":\"Organization\",\"@id\":\"https:\/\/www.estrategiaconcursos.com.br\/blog\/#organization\",\"name\":\"Estrat\u00e9gia Concursos\",\"url\":\"https:\/\/www.estrategiaconcursos.com.br\/blog\/\",\"logo\":{\"@type\":\"ImageObject\",\"inLanguage\":\"pt-BR\",\"@id\":\"https:\/\/www.estrategiaconcursos.com.br\/blog\/#\/schema\/logo\/image\/\",\"url\":\"https:\/\/dhg1h5j42swfq.cloudfront.net\/2025\/06\/03203428\/logo_concursos-1.jpg\",\"contentUrl\":\"https:\/\/dhg1h5j42swfq.cloudfront.net\/2025\/06\/03203428\/logo_concursos-1.jpg\",\"width\":230,\"height\":60,\"caption\":\"Estrat\u00e9gia Concursos\"},\"image\":{\"@id\":\"https:\/\/www.estrategiaconcursos.com.br\/blog\/#\/schema\/logo\/image\/\"},\"sameAs\":[\"https:\/\/x.com\/EstratConcursos\"]},{\"@type\":\"Person\",\"@id\":\"https:\/\/www.estrategiaconcursos.com.br\/blog\/#\/schema\/person\/b4a388c97673c5f483d72185668afa1f\",\"name\":\"Coordena\u00e7\u00e3o\",\"image\":{\"@type\":\"ImageObject\",\"inLanguage\":\"pt-BR\",\"@id\":\"https:\/\/secure.gravatar.com\/avatar\/b720319e4c9a967eb58678d110f4fe35452fc5d5f97b202bac7b8acceb18c6ad?s=96&d=mm&r=g\",\"url\":\"https:\/\/secure.gravatar.com\/avatar\/b720319e4c9a967eb58678d110f4fe35452fc5d5f97b202bac7b8acceb18c6ad?s=96&d=mm&r=g\",\"contentUrl\":\"https:\/\/secure.gravatar.com\/avatar\/b720319e4c9a967eb58678d110f4fe35452fc5d5f97b202bac7b8acceb18c6ad?s=96&d=mm&r=g\",\"caption\":\"Coordena\u00e7\u00e3o\"},\"sameAs\":[\"https:\/\/www.facebook.com\/EstrategiaConcursos\",\"https:\/\/x.com\/EstratConcursos\"],\"url\":\"https:\/\/www.estrategiaconcursos.com.br\/blog\/author\/estrategia2013\/\"}]}<\/script>\n<!-- \/ Yoast SEO Premium plugin. -->","yoast_head_json":{"title":"MP CE recomenda que C\u00e2mara Municipal de Fortaleza realize novo concurso","description":"Minist\u00e9rio P\u00fablico do Cear\u00e1 recomenda que Concurso C\u00e2mara Municipal de Fortaleza seja realizado para cobrir cargos comissionadas e terceirizadas.","robots":{"index":"index","follow":"follow","max-snippet":"max-snippet:-1","max-image-preview":"max-image-preview:large","max-video-preview":"max-video-preview:-1"},"canonical":"https:\/\/www.estrategiaconcursos.com.br\/blog\/mpce-recomenda-que-camara-municipal-de-fortaleza-realize-concurso\/","og_locale":"pt_BR","og_type":"article","og_title":"MP CE recomenda que C\u00e2mara Municipal de Fortaleza realize novo concurso","og_description":"Minist\u00e9rio P\u00fablico do Cear\u00e1 recomenda que Concurso C\u00e2mara Municipal de Fortaleza seja realizado para cobrir cargos comissionadas e terceirizadas.","og_url":"https:\/\/www.estrategiaconcursos.com.br\/blog\/mpce-recomenda-que-camara-municipal-de-fortaleza-realize-concurso\/","og_site_name":"Estrat\u00e9gia Concursos","article_author":"https:\/\/www.facebook.com\/EstrategiaConcursos","article_published_time":"2019-03-28T17:05:53+00:00","article_modified_time":"2019-03-29T18:24:17+00:00","og_image":[{"width":400,"height":209,"url":"https:\/\/dhg1h5j42swfq.cloudfront.net\/2019\/03\/28140521\/concurso-cammara-de-fortaleza-e1553792730802.jpg","type":"image\/jpeg"}],"author":"Coordena\u00e7\u00e3o","twitter_card":"summary_large_image","twitter_creator":"@EstratConcursos","twitter_site":"@EstratConcursos","twitter_misc":{"Escrito por":"Coordena\u00e7\u00e3o","Est. tempo de leitura":"1 minuto"},"schema":{"@context":"https:\/\/schema.org","@graph":[{"@type":"NewsArticle","@id":"https:\/\/www.estrategiaconcursos.com.br\/blog\/mpce-recomenda-que-camara-municipal-de-fortaleza-realize-concurso\/#article","isPartOf":{"@id":"https:\/\/www.estrategiaconcursos.com.br\/blog\/mpce-recomenda-que-camara-municipal-de-fortaleza-realize-concurso\/"},"author":{"name":"Coordena\u00e7\u00e3o","@id":"https:\/\/www.estrategiaconcursos.com.br\/blog\/#\/schema\/person\/b4a388c97673c5f483d72185668afa1f"},"headline":"MP CE recomenda que C\u00e2mara Municipal de Fortaleza realize novo concurso","datePublished":"2019-03-28T17:05:53+00:00","dateModified":"2019-03-29T18:24:17+00:00","mainEntityOfPage":{"@id":"https:\/\/www.estrategiaconcursos.com.br\/blog\/mpce-recomenda-que-camara-municipal-de-fortaleza-realize-concurso\/"},"wordCount":295,"commentCount":0,"publisher":{"@id":"https:\/\/www.estrategiaconcursos.com.br\/blog\/#organization"},"image":{"@id":"https:\/\/www.estrategiaconcursos.com.br\/blog\/mpce-recomenda-que-camara-municipal-de-fortaleza-realize-concurso\/#primaryimage"},"thumbnailUrl":"https:\/\/dhg1h5j42swfq.cloudfront.net\/2019\/03\/28140521\/concurso-cammara-de-fortaleza-e1553792730802.jpg","articleSection":["Concursos P\u00fablicos","Legislativo"],"inLanguage":"pt-BR","potentialAction":[{"@type":"CommentAction","name":"Comment","target":["https:\/\/www.estrategiaconcursos.com.br\/blog\/mpce-recomenda-que-camara-municipal-de-fortaleza-realize-concurso\/#respond"]}],"copyrightYear":"2019","copyrightHolder":{"@id":"https:\/\/www.estrategiaconcursos.com.br\/blog\/#organization"}},{"@type":"WebPage","@id":"https:\/\/www.estrategiaconcursos.com.br\/blog\/mpce-recomenda-que-camara-municipal-de-fortaleza-realize-concurso\/","url":"https:\/\/www.estrategiaconcursos.com.br\/blog\/mpce-recomenda-que-camara-municipal-de-fortaleza-realize-concurso\/","name":"MP CE recomenda que C\u00e2mara Municipal de Fortaleza realize novo concurso","isPartOf":{"@id":"https:\/\/www.estrategiaconcursos.com.br\/blog\/#website"},"primaryImageOfPage":{"@id":"https:\/\/www.estrategiaconcursos.com.br\/blog\/mpce-recomenda-que-camara-municipal-de-fortaleza-realize-concurso\/#primaryimage"},"image":{"@id":"https:\/\/www.estrategiaconcursos.com.br\/blog\/mpce-recomenda-que-camara-municipal-de-fortaleza-realize-concurso\/#primaryimage"},"thumbnailUrl":"https:\/\/dhg1h5j42swfq.cloudfront.net\/2019\/03\/28140521\/concurso-cammara-de-fortaleza-e1553792730802.jpg","datePublished":"2019-03-28T17:05:53+00:00","dateModified":"2019-03-29T18:24:17+00:00","description":"Minist\u00e9rio P\u00fablico do Cear\u00e1 recomenda que Concurso C\u00e2mara Municipal de Fortaleza seja realizado para cobrir cargos comissionadas e terceirizadas.","breadcrumb":{"@id":"https:\/\/www.estrategiaconcursos.com.br\/blog\/mpce-recomenda-que-camara-municipal-de-fortaleza-realize-concurso\/#breadcrumb"},"inLanguage":"pt-BR","potentialAction":[{"@type":"ReadAction","target":["https:\/\/www.estrategiaconcursos.com.br\/blog\/mpce-recomenda-que-camara-municipal-de-fortaleza-realize-concurso\/"]}]},{"@type":"ImageObject","inLanguage":"pt-BR","@id":"https:\/\/www.estrategiaconcursos.com.br\/blog\/mpce-recomenda-que-camara-municipal-de-fortaleza-realize-concurso\/#primaryimage","url":"https:\/\/dhg1h5j42swfq.cloudfront.net\/2019\/03\/28140521\/concurso-cammara-de-fortaleza-e1553792730802.jpg","contentUrl":"https:\/\/dhg1h5j42swfq.cloudfront.net\/2019\/03\/28140521\/concurso-cammara-de-fortaleza-e1553792730802.jpg","width":400,"height":209,"caption":"Concurso C\u00e2mara Municipal de Fortaleza"},{"@type":"BreadcrumbList","@id":"https:\/\/www.estrategiaconcursos.com.br\/blog\/mpce-recomenda-que-camara-municipal-de-fortaleza-realize-concurso\/#breadcrumb","itemListElement":[{"@type":"ListItem","position":1,"name":"In\u00edcio","item":"https:\/\/www.estrategiaconcursos.com.br\/blog\/"},{"@type":"ListItem","position":2,"name":"MP CE recomenda que C\u00e2mara Municipal de Fortaleza realize novo concurso"}]},{"@type":"WebSite","@id":"https:\/\/www.estrategiaconcursos.com.br\/blog\/#website","url":"https:\/\/www.estrategiaconcursos.com.br\/blog\/","name":"Estrat\u00e9gia Concursos","description":"O blog da Estrat\u00e9gia Concursos traz not\u00edcias sobre concursos e artigos de professores oferecendo cursos para concursos (pdf + videaulas) no site.","publisher":{"@id":"https:\/\/www.estrategiaconcursos.com.br\/blog\/#organization"},"potentialAction":[{"@type":"SearchAction","target":{"@type":"EntryPoint","urlTemplate":"https:\/\/www.estrategiaconcursos.com.br\/blog\/?s={search_term_string}"},"query-input":{"@type":"PropertyValueSpecification","valueRequired":true,"valueName":"search_term_string"}}],"inLanguage":"pt-BR"},{"@type":"Organization","@id":"https:\/\/www.estrategiaconcursos.com.br\/blog\/#organization","name":"Estrat\u00e9gia Concursos","url":"https:\/\/www.estrategiaconcursos.com.br\/blog\/","logo":{"@type":"ImageObject","inLanguage":"pt-BR","@id":"https:\/\/www.estrategiaconcursos.com.br\/blog\/#\/schema\/logo\/image\/","url":"https:\/\/dhg1h5j42swfq.cloudfront.net\/2025\/06\/03203428\/logo_concursos-1.jpg","contentUrl":"https:\/\/dhg1h5j42swfq.cloudfront.net\/2025\/06\/03203428\/logo_concursos-1.jpg","width":230,"height":60,"caption":"Estrat\u00e9gia Concursos"},"image":{"@id":"https:\/\/www.estrategiaconcursos.com.br\/blog\/#\/schema\/logo\/image\/"},"sameAs":["https:\/\/x.com\/EstratConcursos"]},{"@type":"Person","@id":"https:\/\/www.estrategiaconcursos.com.br\/blog\/#\/schema\/person\/b4a388c97673c5f483d72185668afa1f","name":"Coordena\u00e7\u00e3o","image":{"@type":"ImageObject","inLanguage":"pt-BR","@id":"https:\/\/secure.gravatar.com\/avatar\/b720319e4c9a967eb58678d110f4fe35452fc5d5f97b202bac7b8acceb18c6ad?s=96&d=mm&r=g","url":"https:\/\/secure.gravatar.com\/avatar\/b720319e4c9a967eb58678d110f4fe35452fc5d5f97b202bac7b8acceb18c6ad?s=96&d=mm&r=g","contentUrl":"https:\/\/secure.gravatar.com\/avatar\/b720319e4c9a967eb58678d110f4fe35452fc5d5f97b202bac7b8acceb18c6ad?s=96&d=mm&r=g","caption":"Coordena\u00e7\u00e3o"},"sameAs":["https:\/\/www.facebook.com\/EstrategiaConcursos","https:\/\/x.com\/EstratConcursos"],"url":"https:\/\/www.estrategiaconcursos.com.br\/blog\/author\/estrategia2013\/"}]}},"_links":{"self":[{"href":"https:\/\/www.estrategiaconcursos.com.br\/blog\/wp-json\/wp\/v2\/posts\/174744","targetHints":{"allow":["GET"]}}],"collection":[{"href":"https:\/\/www.estrategiaconcursos.com.br\/blog\/wp-json\/wp\/v2\/posts"}],"about":[{"href":"https:\/\/www.estrategiaconcursos.com.br\/blog\/wp-json\/wp\/v2\/types\/post"}],"author":[{"embeddable":true,"href":"https:\/\/www.estrategiaconcursos.com.br\/blog\/wp-json\/wp\/v2\/users\/1"}],"replies":[{"embeddable":true,"href":"https:\/\/www.estrategiaconcursos.com.br\/blog\/wp-json\/wp\/v2\/comments?post=174744"}],"version-history":[{"count":5,"href":"https:\/\/www.estrategiaconcursos.com.br\/blog\/wp-json\/wp\/v2\/posts\/174744\/revisions"}],"predecessor-version":[{"id":174884,"href":"https:\/\/www.estrategiaconcursos.com.br\/blog\/wp-json\/wp\/v2\/posts\/174744\/revisions\/174884"}],"wp:featuredmedia":[{"embeddable":true,"href":"https:\/\/www.estrategiaconcursos.com.br\/blog\/wp-json\/wp\/v2\/media\/174747"}],"wp:attachment":[{"href":"https:\/\/www.estrategiaconcursos.com.br\/blog\/wp-json\/wp\/v2\/media?parent=174744"}],"wp:term":[{"taxonomy":"category","embeddable":true,"href":"https:\/\/www.estrategiaconcursos.com.br\/blog\/wp-json\/wp\/v2\/categories?post=174744"},{"taxonomy":"post_tag","embeddable":true,"href":"https:\/\/www.estrategiaconcursos.com.br\/blog\/wp-json\/wp\/v2\/tags?post=174744"},{"taxonomy":"tax_estado","embeddable":true,"href":"https:\/\/www.estrategiaconcursos.com.br\/blog\/wp-json\/wp\/v2\/tax_estado?post=174744"}],"curies":[{"name":"wp","href":"https:\/\/api.w.org\/{rel}","templated":true}]}}