{"id":174708,"date":"2019-03-28T11:30:30","date_gmt":"2019-03-28T14:30:30","guid":{"rendered":"https:\/\/www.estrategiaconcursos.com.br\/blog\/?p=174708"},"modified":"2019-03-29T15:25:09","modified_gmt":"2019-03-29T18:25:09","slug":"concurso-pc-es-delegado-alterado","status":"publish","type":"post","link":"https:\/\/www.estrategiaconcursos.com.br\/blog\/concurso-pc-es-delegado-alterado\/","title":{"rendered":"Concurso Delegado ES: cobran\u00e7a de pr\u00e1tica jur\u00eddica \u00e9 alterada"},"content":{"rendered":"\n<p style=\"font-size:25px\"><em>Edital para 33 vagas \u00e9 alterado e comprova\u00e7\u00e3o de pr\u00e1tica forense dever\u00e1 ser no ato da posse<\/em><\/p>\n\n\n\n<p>A banca organizado do concurso da Pol\u00edcia Civil do Esp\u00edrito Santo para Delegado, Instituto Acesso, publicou a nota de esclarecimento quanto a comprova\u00e7\u00e3o da atividade forense prevista no edital. A entrega da documenta\u00e7\u00e3o estava prevista para a 5\u00aa fase do certame.<\/p>\n\n\n\n<p>Por\u00e9m, em raz\u00e3o da S\u00famula 266 do STJ, houve a altera\u00e7\u00e3o de tal comprova\u00e7\u00e3o para a data da posse. <\/p>\n\n\n\n<p>S\u00famula 266 do STJ: &#8220;<em>o diploma ou habilita\u00e7\u00e3o legal para o exerc\u00edcio do cargo deve ser exigido na posse e n\u00e3o na inscri\u00e7\u00e3o para o concurso p\u00fablico<\/em>.&#8221;<\/p>\n\n\n\n<figure class=\"wp-block-image\"><img loading=\"lazy\" decoding=\"async\" width=\"1024\" height=\"420\" src=\"https:\/\/dhg1h5j42swfq.cloudfront.net\/2019\/03\/28111015\/image117.png\" alt=\"\" class=\"wp-image-174714\" srcset=\"https:\/\/dhg1h5j42swfq.cloudfront.net\/2019\/03\/28111015\/image117.png 1024w, https:\/\/dhg1h5j42swfq.cloudfront.net\/2019\/03\/28111015\/image117.png 300w, https:\/\/dhg1h5j42swfq.cloudfront.net\/2019\/03\/28111015\/image117.png 768w\" sizes=\"auto, (max-width: 1024px) 100vw, 1024px\" \/><\/figure>\n\n\n\n<p>Com esta altera\u00e7\u00e3o, o candidato que ainda n\u00e3o tiver os tr\u00eas anos de atividade jur\u00eddica, ter\u00e1 maior tempo para realizar a comprova\u00e7\u00e3o, aumentando a abrang\u00eancia desse requisito.<\/p>\n\n\n\n<h3 class=\"wp-block-heading\"><em>O que \u00e9 Pr\u00e1tica forense?<\/em><\/h3>\n\n\n\n<ol class=\"wp-block-list\"><li>Atividade exercida privativamente por bacharel em Direito;<\/li><li>Efetivo exerc\u00edcio da advocacia (inclusive volunt\u00e1ria), com a participa\u00e7\u00e3o anual em 5 atos privativos de advogado em causas ou quest\u00f5es distintas;<\/li><li>Exerc\u00edcio de cargos, empregos ou fun\u00e7\u00f5es (inclusive magist\u00e9rio superior) que exija utiliza\u00e7\u00e3o preponderante de conhecimento jur\u00eddico;<\/li><li>Exerc\u00edcio da fun\u00e7\u00e3o de conciliador junto ao Poder Judici\u00e1rio: 16 horas mensais durante 1 ano;<\/li><li>Exerc\u00edcio regular da atividade de media\u00e7\u00e3o ou arbitragem.<\/li><\/ol>\n\n\n\n<h3 class=\"wp-block-heading\">Principais datas<\/h3>\n\n\n\n<p>As inscri\u00e7\u00f5es est\u00e3o abertas e os interessados poder\u00e3o se inscrever para o certame at\u00e9 o dia <strong>24&nbsp;de&nbsp;abril&nbsp;de&nbsp;2019<\/strong>, exclusivamente pela internet, no portal do <strong>Instituto&nbsp;Acesso<\/strong>. O valor da taxa foi fixado em R$ 138,00. <\/p>\n\n\n\n<p>A primeira etapa do certame, que consistir\u00e1 em uma prova objetiva, ser\u00e1 aplicada no dia <strong>14&nbsp;de&nbsp;julho&nbsp;de&nbsp;2019<\/strong> e ser\u00e1 aplicada na capital do Esp\u00edrito Santo, Vit\u00f3ria, e em cidades da regi\u00e3o metropolitana. <\/p>\n\n\n\n<p style=\"font-size:25px;text-align:center\"><em><strong>Assinatura Anual Ilimitada*<\/strong><\/em><\/p>\n\n\n\n<p style=\"text-align:center\"><em>Prepare-se com o melhor material e com quem mais aprova em&nbsp;Concursos P\u00fablicos de todo o pa\u00eds. Assine agora a nossa Assinatura Anual e tenha acesso ilimitado a todos* os nossos cursos.<\/em><\/p>\n\n\n\n<div class=\"wp-block-image\"><figure class=\"aligncenter\"><a href=\"https:\/\/www.estrategiaconcursos.com.br\/assinaturas\" target=\"_blank\" rel=\"noreferrer noopener\"><img decoding=\"async\" src=\"https:\/\/www.estrategiaconcursos.com.br\/assets\/img\/banner-assinaturas.jpg\" alt=\"Assinatura Ilimitada\" class=\"wp-image-157836\"\/><\/a><figcaption><br \/><\/figcaption><\/figure><\/div>\n\n\n\n<p style=\"font-size:23px;text-align:center\"><em><strong><a href=\"https:\/\/www.estrategiaconcursos.com.br\/blog\/concurso-delegado-es\/\" target=\"_blank\" rel=\"noreferrer noopener\" aria-label=\"Confira a mat\u00e9ria completa sobre o concurso PC ES Delegado (opens in a new tab)\">Confira a mat\u00e9ria completa sobre o concurso PC ES Delegado<\/a><\/strong><\/em><\/p>\n\n\n\n<p style=\"font-size:25px;text-align:center\" class=\"has-background has-very-light-gray-background-color\"><a rel=\"noreferrer noopener\" href=\"https:\/\/www.estrategiaconcursos.com.br\/cursosPorConcurso\/policia-civil-do-espirito-santo-pc-es-delegado\/\" target=\"_blank\">CURSOS&nbsp;CONCURSO&nbsp;DELEGADO&nbsp;ES<\/a><\/p>\n","protected":false},"excerpt":{"rendered":"<p>Edital para 33 vagas \u00e9 alterado e comprova\u00e7\u00e3o de pr\u00e1tica forense dever\u00e1 ser no ato da posse A banca organizado do concurso da Pol\u00edcia Civil do Esp\u00edrito Santo para Delegado, Instituto Acesso, publicou a nota de esclarecimento quanto a comprova\u00e7\u00e3o da atividade forense prevista no edital. A entrega da documenta\u00e7\u00e3o estava prevista para a 5\u00aa [&hellip;]<\/p>\n","protected":false},"author":552,"featured_media":136871,"comment_status":"open","ping_status":"closed","sticky":false,"template":"","format":"standard","meta":{"post_tipo":"article","footnotes":""},"categories":[1,2185],"tags":[],"tax_estado":[],"class_list":["post-174708","post","type-post","status-publish","format-standard","has-post-thumbnail","hentry","category-cursos-e-concursos","category-carreiras-juridicas"],"acf":[],"yoast_head":"<!-- This site is optimized with the Yoast SEO Premium plugin v27.2 (Yoast SEO v27.2) - https:\/\/yoast.com\/product\/yoast-seo-premium-wordpress\/ -->\n<title>Concurso Delegado ES: cobran\u00e7a de pr\u00e1tica jur\u00eddica \u00e9 alterada<\/title>\n<meta name=\"description\" content=\"Concurso PC ES Delegado: alterado edital quanto a exig\u00eancia de comprova\u00e7\u00e3o de atividade jur\u00eddica para depois da posse. Oferta de 33 vagas!\" \/>\n<meta name=\"robots\" content=\"index, follow, max-snippet:-1, max-image-preview:large, max-video-preview:-1\" \/>\n<link rel=\"canonical\" href=\"https:\/\/www.estrategiaconcursos.com.br\/blog\/concurso-pc-es-delegado-alterado\/\" \/>\n<meta property=\"og:locale\" content=\"pt_BR\" \/>\n<meta property=\"og:type\" content=\"article\" \/>\n<meta property=\"og:title\" content=\"Concurso Delegado ES: cobran\u00e7a de pr\u00e1tica jur\u00eddica \u00e9 alterada\" \/>\n<meta property=\"og:description\" content=\"Concurso PC ES Delegado: alterado edital quanto a exig\u00eancia de comprova\u00e7\u00e3o de atividade jur\u00eddica para depois da posse. Oferta de 33 vagas!\" \/>\n<meta property=\"og:url\" content=\"https:\/\/www.estrategiaconcursos.com.br\/blog\/concurso-pc-es-delegado-alterado\/\" \/>\n<meta property=\"og:site_name\" content=\"Estrat\u00e9gia Concursos\" \/>\n<meta property=\"article:published_time\" content=\"2019-03-28T14:30:30+00:00\" \/>\n<meta property=\"article:modified_time\" content=\"2019-03-29T18:25:09+00:00\" \/>\n<meta property=\"og:image\" content=\"https:\/\/dhg1h5j42swfq.cloudfront.net\/2018\/08\/20133013\/concurso-delegaodo-pc-es.jpg\" \/>\n\t<meta property=\"og:image:width\" content=\"980\" \/>\n\t<meta property=\"og:image:height\" content=\"516\" \/>\n\t<meta property=\"og:image:type\" content=\"image\/jpeg\" \/>\n<meta name=\"author\" content=\"Paulo Bilynskyj\" \/>\n<meta name=\"twitter:card\" content=\"summary_large_image\" \/>\n<meta name=\"twitter:creator\" content=\"@EstratConcursos\" \/>\n<meta name=\"twitter:site\" content=\"@EstratConcursos\" \/>\n<meta name=\"twitter:label1\" content=\"Escrito por\" \/>\n\t<meta name=\"twitter:data1\" content=\"Paulo Bilynskyj\" \/>\n\t<meta name=\"twitter:label2\" content=\"Est. tempo de leitura\" \/>\n\t<meta name=\"twitter:data2\" content=\"2 minutos\" \/>\n<script type=\"application\/ld+json\" class=\"yoast-schema-graph\">{\"@context\":\"https:\/\/schema.org\",\"@graph\":[{\"@type\":\"NewsArticle\",\"@id\":\"https:\/\/www.estrategiaconcursos.com.br\/blog\/concurso-pc-es-delegado-alterado\/#article\",\"isPartOf\":{\"@id\":\"https:\/\/www.estrategiaconcursos.com.br\/blog\/concurso-pc-es-delegado-alterado\/\"},\"author\":{\"name\":\"Paulo Bilynskyj\",\"@id\":\"https:\/\/www.estrategiaconcursos.com.br\/blog\/#\/schema\/person\/a630b15e36f45b4c21fed01219843cb5\"},\"headline\":\"Concurso Delegado ES: cobran\u00e7a de pr\u00e1tica jur\u00eddica \u00e9 alterada\",\"datePublished\":\"2019-03-28T14:30:30+00:00\",\"dateModified\":\"2019-03-29T18:25:09+00:00\",\"mainEntityOfPage\":{\"@id\":\"https:\/\/www.estrategiaconcursos.com.br\/blog\/concurso-pc-es-delegado-alterado\/\"},\"wordCount\":384,\"commentCount\":0,\"publisher\":{\"@id\":\"https:\/\/www.estrategiaconcursos.com.br\/blog\/#organization\"},\"image\":{\"@id\":\"https:\/\/www.estrategiaconcursos.com.br\/blog\/concurso-pc-es-delegado-alterado\/#primaryimage\"},\"thumbnailUrl\":\"https:\/\/dhg1h5j42swfq.cloudfront.net\/2018\/08\/20133013\/concurso-delegaodo-pc-es.jpg\",\"articleSection\":[\"Concursos P\u00fablicos\",\"Jur\u00eddico\"],\"inLanguage\":\"pt-BR\",\"potentialAction\":[{\"@type\":\"CommentAction\",\"name\":\"Comment\",\"target\":[\"https:\/\/www.estrategiaconcursos.com.br\/blog\/concurso-pc-es-delegado-alterado\/#respond\"]}],\"copyrightYear\":\"2019\",\"copyrightHolder\":{\"@id\":\"https:\/\/www.estrategiaconcursos.com.br\/blog\/#organization\"}},{\"@type\":\"WebPage\",\"@id\":\"https:\/\/www.estrategiaconcursos.com.br\/blog\/concurso-pc-es-delegado-alterado\/\",\"url\":\"https:\/\/www.estrategiaconcursos.com.br\/blog\/concurso-pc-es-delegado-alterado\/\",\"name\":\"Concurso Delegado ES: cobran\u00e7a de pr\u00e1tica jur\u00eddica \u00e9 alterada\",\"isPartOf\":{\"@id\":\"https:\/\/www.estrategiaconcursos.com.br\/blog\/#website\"},\"primaryImageOfPage\":{\"@id\":\"https:\/\/www.estrategiaconcursos.com.br\/blog\/concurso-pc-es-delegado-alterado\/#primaryimage\"},\"image\":{\"@id\":\"https:\/\/www.estrategiaconcursos.com.br\/blog\/concurso-pc-es-delegado-alterado\/#primaryimage\"},\"thumbnailUrl\":\"https:\/\/dhg1h5j42swfq.cloudfront.net\/2018\/08\/20133013\/concurso-delegaodo-pc-es.jpg\",\"datePublished\":\"2019-03-28T14:30:30+00:00\",\"dateModified\":\"2019-03-29T18:25:09+00:00\",\"description\":\"Concurso PC ES Delegado: alterado edital quanto a exig\u00eancia de comprova\u00e7\u00e3o de atividade jur\u00eddica para depois da posse. Oferta de 33 vagas!\",\"breadcrumb\":{\"@id\":\"https:\/\/www.estrategiaconcursos.com.br\/blog\/concurso-pc-es-delegado-alterado\/#breadcrumb\"},\"inLanguage\":\"pt-BR\",\"potentialAction\":[{\"@type\":\"ReadAction\",\"target\":[\"https:\/\/www.estrategiaconcursos.com.br\/blog\/concurso-pc-es-delegado-alterado\/\"]}]},{\"@type\":\"ImageObject\",\"inLanguage\":\"pt-BR\",\"@id\":\"https:\/\/www.estrategiaconcursos.com.br\/blog\/concurso-pc-es-delegado-alterado\/#primaryimage\",\"url\":\"https:\/\/dhg1h5j42swfq.cloudfront.net\/2018\/08\/20133013\/concurso-delegaodo-pc-es.jpg\",\"contentUrl\":\"https:\/\/dhg1h5j42swfq.cloudfront.net\/2018\/08\/20133013\/concurso-delegaodo-pc-es.jpg\",\"width\":980,\"height\":516,\"caption\":\"concurso delegado pc es\"},{\"@type\":\"BreadcrumbList\",\"@id\":\"https:\/\/www.estrategiaconcursos.com.br\/blog\/concurso-pc-es-delegado-alterado\/#breadcrumb\",\"itemListElement\":[{\"@type\":\"ListItem\",\"position\":1,\"name\":\"In\u00edcio\",\"item\":\"https:\/\/www.estrategiaconcursos.com.br\/blog\/\"},{\"@type\":\"ListItem\",\"position\":2,\"name\":\"Concurso Delegado ES: cobran\u00e7a de pr\u00e1tica jur\u00eddica \u00e9 alterada\"}]},{\"@type\":\"WebSite\",\"@id\":\"https:\/\/www.estrategiaconcursos.com.br\/blog\/#website\",\"url\":\"https:\/\/www.estrategiaconcursos.com.br\/blog\/\",\"name\":\"Estrat\u00e9gia Concursos\",\"description\":\"O blog da Estrat\u00e9gia Concursos traz not\u00edcias sobre concursos e artigos de professores oferecendo cursos para concursos (pdf + videaulas) no site.\",\"publisher\":{\"@id\":\"https:\/\/www.estrategiaconcursos.com.br\/blog\/#organization\"},\"potentialAction\":[{\"@type\":\"SearchAction\",\"target\":{\"@type\":\"EntryPoint\",\"urlTemplate\":\"https:\/\/www.estrategiaconcursos.com.br\/blog\/?s={search_term_string}\"},\"query-input\":{\"@type\":\"PropertyValueSpecification\",\"valueRequired\":true,\"valueName\":\"search_term_string\"}}],\"inLanguage\":\"pt-BR\"},{\"@type\":\"Organization\",\"@id\":\"https:\/\/www.estrategiaconcursos.com.br\/blog\/#organization\",\"name\":\"Estrat\u00e9gia Concursos\",\"url\":\"https:\/\/www.estrategiaconcursos.com.br\/blog\/\",\"logo\":{\"@type\":\"ImageObject\",\"inLanguage\":\"pt-BR\",\"@id\":\"https:\/\/www.estrategiaconcursos.com.br\/blog\/#\/schema\/logo\/image\/\",\"url\":\"https:\/\/dhg1h5j42swfq.cloudfront.net\/2025\/06\/03203428\/logo_concursos-1.jpg\",\"contentUrl\":\"https:\/\/dhg1h5j42swfq.cloudfront.net\/2025\/06\/03203428\/logo_concursos-1.jpg\",\"width\":230,\"height\":60,\"caption\":\"Estrat\u00e9gia Concursos\"},\"image\":{\"@id\":\"https:\/\/www.estrategiaconcursos.com.br\/blog\/#\/schema\/logo\/image\/\"},\"sameAs\":[\"https:\/\/x.com\/EstratConcursos\"]},{\"@type\":\"Person\",\"@id\":\"https:\/\/www.estrategiaconcursos.com.br\/blog\/#\/schema\/person\/a630b15e36f45b4c21fed01219843cb5\",\"name\":\"Paulo Bilynskyj\",\"image\":{\"@type\":\"ImageObject\",\"inLanguage\":\"pt-BR\",\"@id\":\"https:\/\/secure.gravatar.com\/avatar\/37e21f70c9042e7456beffdc6d31fe051f3f6dcbf252f69343a791b144852057?s=96&d=mm&r=g\",\"url\":\"https:\/\/secure.gravatar.com\/avatar\/37e21f70c9042e7456beffdc6d31fe051f3f6dcbf252f69343a791b144852057?s=96&d=mm&r=g\",\"contentUrl\":\"https:\/\/secure.gravatar.com\/avatar\/37e21f70c9042e7456beffdc6d31fe051f3f6dcbf252f69343a791b144852057?s=96&d=mm&r=g\",\"caption\":\"Paulo Bilynskyj\"},\"url\":\"https:\/\/www.estrategiaconcursos.com.br\/blog\/author\/pbilynskyjgmail-com\/\"}]}<\/script>\n<!-- \/ Yoast SEO Premium plugin. -->","yoast_head_json":{"title":"Concurso Delegado ES: cobran\u00e7a de pr\u00e1tica jur\u00eddica \u00e9 alterada","description":"Concurso PC ES Delegado: alterado edital quanto a exig\u00eancia de comprova\u00e7\u00e3o de atividade jur\u00eddica para depois da posse. Oferta de 33 vagas!","robots":{"index":"index","follow":"follow","max-snippet":"max-snippet:-1","max-image-preview":"max-image-preview:large","max-video-preview":"max-video-preview:-1"},"canonical":"https:\/\/www.estrategiaconcursos.com.br\/blog\/concurso-pc-es-delegado-alterado\/","og_locale":"pt_BR","og_type":"article","og_title":"Concurso Delegado ES: cobran\u00e7a de pr\u00e1tica jur\u00eddica \u00e9 alterada","og_description":"Concurso PC ES Delegado: alterado edital quanto a exig\u00eancia de comprova\u00e7\u00e3o de atividade jur\u00eddica para depois da posse. Oferta de 33 vagas!","og_url":"https:\/\/www.estrategiaconcursos.com.br\/blog\/concurso-pc-es-delegado-alterado\/","og_site_name":"Estrat\u00e9gia Concursos","article_published_time":"2019-03-28T14:30:30+00:00","article_modified_time":"2019-03-29T18:25:09+00:00","og_image":[{"width":980,"height":516,"url":"https:\/\/dhg1h5j42swfq.cloudfront.net\/2018\/08\/20133013\/concurso-delegaodo-pc-es.jpg","type":"image\/jpeg"}],"author":"Paulo Bilynskyj","twitter_card":"summary_large_image","twitter_creator":"@EstratConcursos","twitter_site":"@EstratConcursos","twitter_misc":{"Escrito por":"Paulo Bilynskyj","Est. tempo de leitura":"2 minutos"},"schema":{"@context":"https:\/\/schema.org","@graph":[{"@type":"NewsArticle","@id":"https:\/\/www.estrategiaconcursos.com.br\/blog\/concurso-pc-es-delegado-alterado\/#article","isPartOf":{"@id":"https:\/\/www.estrategiaconcursos.com.br\/blog\/concurso-pc-es-delegado-alterado\/"},"author":{"name":"Paulo Bilynskyj","@id":"https:\/\/www.estrategiaconcursos.com.br\/blog\/#\/schema\/person\/a630b15e36f45b4c21fed01219843cb5"},"headline":"Concurso Delegado ES: cobran\u00e7a de pr\u00e1tica jur\u00eddica \u00e9 alterada","datePublished":"2019-03-28T14:30:30+00:00","dateModified":"2019-03-29T18:25:09+00:00","mainEntityOfPage":{"@id":"https:\/\/www.estrategiaconcursos.com.br\/blog\/concurso-pc-es-delegado-alterado\/"},"wordCount":384,"commentCount":0,"publisher":{"@id":"https:\/\/www.estrategiaconcursos.com.br\/blog\/#organization"},"image":{"@id":"https:\/\/www.estrategiaconcursos.com.br\/blog\/concurso-pc-es-delegado-alterado\/#primaryimage"},"thumbnailUrl":"https:\/\/dhg1h5j42swfq.cloudfront.net\/2018\/08\/20133013\/concurso-delegaodo-pc-es.jpg","articleSection":["Concursos P\u00fablicos","Jur\u00eddico"],"inLanguage":"pt-BR","potentialAction":[{"@type":"CommentAction","name":"Comment","target":["https:\/\/www.estrategiaconcursos.com.br\/blog\/concurso-pc-es-delegado-alterado\/#respond"]}],"copyrightYear":"2019","copyrightHolder":{"@id":"https:\/\/www.estrategiaconcursos.com.br\/blog\/#organization"}},{"@type":"WebPage","@id":"https:\/\/www.estrategiaconcursos.com.br\/blog\/concurso-pc-es-delegado-alterado\/","url":"https:\/\/www.estrategiaconcursos.com.br\/blog\/concurso-pc-es-delegado-alterado\/","name":"Concurso Delegado ES: cobran\u00e7a de pr\u00e1tica jur\u00eddica \u00e9 alterada","isPartOf":{"@id":"https:\/\/www.estrategiaconcursos.com.br\/blog\/#website"},"primaryImageOfPage":{"@id":"https:\/\/www.estrategiaconcursos.com.br\/blog\/concurso-pc-es-delegado-alterado\/#primaryimage"},"image":{"@id":"https:\/\/www.estrategiaconcursos.com.br\/blog\/concurso-pc-es-delegado-alterado\/#primaryimage"},"thumbnailUrl":"https:\/\/dhg1h5j42swfq.cloudfront.net\/2018\/08\/20133013\/concurso-delegaodo-pc-es.jpg","datePublished":"2019-03-28T14:30:30+00:00","dateModified":"2019-03-29T18:25:09+00:00","description":"Concurso PC ES Delegado: alterado edital quanto a exig\u00eancia de comprova\u00e7\u00e3o de atividade jur\u00eddica para depois da posse. Oferta de 33 vagas!","breadcrumb":{"@id":"https:\/\/www.estrategiaconcursos.com.br\/blog\/concurso-pc-es-delegado-alterado\/#breadcrumb"},"inLanguage":"pt-BR","potentialAction":[{"@type":"ReadAction","target":["https:\/\/www.estrategiaconcursos.com.br\/blog\/concurso-pc-es-delegado-alterado\/"]}]},{"@type":"ImageObject","inLanguage":"pt-BR","@id":"https:\/\/www.estrategiaconcursos.com.br\/blog\/concurso-pc-es-delegado-alterado\/#primaryimage","url":"https:\/\/dhg1h5j42swfq.cloudfront.net\/2018\/08\/20133013\/concurso-delegaodo-pc-es.jpg","contentUrl":"https:\/\/dhg1h5j42swfq.cloudfront.net\/2018\/08\/20133013\/concurso-delegaodo-pc-es.jpg","width":980,"height":516,"caption":"concurso delegado pc es"},{"@type":"BreadcrumbList","@id":"https:\/\/www.estrategiaconcursos.com.br\/blog\/concurso-pc-es-delegado-alterado\/#breadcrumb","itemListElement":[{"@type":"ListItem","position":1,"name":"In\u00edcio","item":"https:\/\/www.estrategiaconcursos.com.br\/blog\/"},{"@type":"ListItem","position":2,"name":"Concurso Delegado ES: cobran\u00e7a de pr\u00e1tica jur\u00eddica \u00e9 alterada"}]},{"@type":"WebSite","@id":"https:\/\/www.estrategiaconcursos.com.br\/blog\/#website","url":"https:\/\/www.estrategiaconcursos.com.br\/blog\/","name":"Estrat\u00e9gia Concursos","description":"O blog da Estrat\u00e9gia Concursos traz not\u00edcias sobre concursos e artigos de professores oferecendo cursos para concursos (pdf + videaulas) no site.","publisher":{"@id":"https:\/\/www.estrategiaconcursos.com.br\/blog\/#organization"},"potentialAction":[{"@type":"SearchAction","target":{"@type":"EntryPoint","urlTemplate":"https:\/\/www.estrategiaconcursos.com.br\/blog\/?s={search_term_string}"},"query-input":{"@type":"PropertyValueSpecification","valueRequired":true,"valueName":"search_term_string"}}],"inLanguage":"pt-BR"},{"@type":"Organization","@id":"https:\/\/www.estrategiaconcursos.com.br\/blog\/#organization","name":"Estrat\u00e9gia Concursos","url":"https:\/\/www.estrategiaconcursos.com.br\/blog\/","logo":{"@type":"ImageObject","inLanguage":"pt-BR","@id":"https:\/\/www.estrategiaconcursos.com.br\/blog\/#\/schema\/logo\/image\/","url":"https:\/\/dhg1h5j42swfq.cloudfront.net\/2025\/06\/03203428\/logo_concursos-1.jpg","contentUrl":"https:\/\/dhg1h5j42swfq.cloudfront.net\/2025\/06\/03203428\/logo_concursos-1.jpg","width":230,"height":60,"caption":"Estrat\u00e9gia Concursos"},"image":{"@id":"https:\/\/www.estrategiaconcursos.com.br\/blog\/#\/schema\/logo\/image\/"},"sameAs":["https:\/\/x.com\/EstratConcursos"]},{"@type":"Person","@id":"https:\/\/www.estrategiaconcursos.com.br\/blog\/#\/schema\/person\/a630b15e36f45b4c21fed01219843cb5","name":"Paulo Bilynskyj","image":{"@type":"ImageObject","inLanguage":"pt-BR","@id":"https:\/\/secure.gravatar.com\/avatar\/37e21f70c9042e7456beffdc6d31fe051f3f6dcbf252f69343a791b144852057?s=96&d=mm&r=g","url":"https:\/\/secure.gravatar.com\/avatar\/37e21f70c9042e7456beffdc6d31fe051f3f6dcbf252f69343a791b144852057?s=96&d=mm&r=g","contentUrl":"https:\/\/secure.gravatar.com\/avatar\/37e21f70c9042e7456beffdc6d31fe051f3f6dcbf252f69343a791b144852057?s=96&d=mm&r=g","caption":"Paulo Bilynskyj"},"url":"https:\/\/www.estrategiaconcursos.com.br\/blog\/author\/pbilynskyjgmail-com\/"}]}},"_links":{"self":[{"href":"https:\/\/www.estrategiaconcursos.com.br\/blog\/wp-json\/wp\/v2\/posts\/174708","targetHints":{"allow":["GET"]}}],"collection":[{"href":"https:\/\/www.estrategiaconcursos.com.br\/blog\/wp-json\/wp\/v2\/posts"}],"about":[{"href":"https:\/\/www.estrategiaconcursos.com.br\/blog\/wp-json\/wp\/v2\/types\/post"}],"author":[{"embeddable":true,"href":"https:\/\/www.estrategiaconcursos.com.br\/blog\/wp-json\/wp\/v2\/users\/552"}],"replies":[{"embeddable":true,"href":"https:\/\/www.estrategiaconcursos.com.br\/blog\/wp-json\/wp\/v2\/comments?post=174708"}],"version-history":[{"count":3,"href":"https:\/\/www.estrategiaconcursos.com.br\/blog\/wp-json\/wp\/v2\/posts\/174708\/revisions"}],"predecessor-version":[{"id":174719,"href":"https:\/\/www.estrategiaconcursos.com.br\/blog\/wp-json\/wp\/v2\/posts\/174708\/revisions\/174719"}],"wp:featuredmedia":[{"embeddable":true,"href":"https:\/\/www.estrategiaconcursos.com.br\/blog\/wp-json\/wp\/v2\/media\/136871"}],"wp:attachment":[{"href":"https:\/\/www.estrategiaconcursos.com.br\/blog\/wp-json\/wp\/v2\/media?parent=174708"}],"wp:term":[{"taxonomy":"category","embeddable":true,"href":"https:\/\/www.estrategiaconcursos.com.br\/blog\/wp-json\/wp\/v2\/categories?post=174708"},{"taxonomy":"post_tag","embeddable":true,"href":"https:\/\/www.estrategiaconcursos.com.br\/blog\/wp-json\/wp\/v2\/tags?post=174708"},{"taxonomy":"tax_estado","embeddable":true,"href":"https:\/\/www.estrategiaconcursos.com.br\/blog\/wp-json\/wp\/v2\/tax_estado?post=174708"}],"curies":[{"name":"wp","href":"https:\/\/api.w.org\/{rel}","templated":true}]}}