{"id":17445,"date":"2014-08-18T12:25:09","date_gmt":"2014-08-18T15:25:09","guid":{"rendered":"https:\/\/www.estrategiaconcursos.com.br\/blog\/?p=17445"},"modified":"2015-01-05T16:26:28","modified_gmt":"2015-01-05T19:26:28","slug":"investigador-pcmg-comentarios-prova-de-nocoes-de-medicina-legal","status":"publish","type":"post","link":"https:\/\/www.estrategiaconcursos.com.br\/blog\/investigador-pcmg-comentarios-prova-de-nocoes-de-medicina-legal\/","title":{"rendered":"Investigador PC\/MG &#8211; Coment\u00e1rios \u00e0 prova de No\u00e7\u00f5es de Medicina Legal"},"content":{"rendered":"<p style=\"text-align: justify;\"><strong>COMENT\u00c1RIOS \u00c0 PROVA DE NO\u00c7\u00d5ES DE MEDICINA LEGAL \u2013 INVESTIGADOR PC\/MG<\/strong><\/p>\n<p style=\"text-align: justify;\">Ol\u00e1, pessoal!<\/p>\n<p style=\"text-align: justify;\">Vamos tecer alguns coment\u00e1rios sobre as quest\u00f5es da prova de <strong>No\u00e7\u00f5es de Medicina Legal<\/strong> para <strong>Investigador da Pol\u00edcia Civil de Minas Gerais<\/strong>, recentemente realizada, para fins de orienta\u00e7\u00e3o dos candidatos quanto a poss\u00edveis recursos.<\/p>\n<p style=\"text-align: justify;\">Infelizmente, pessoal, n\u00e3o vislumbro possibilidades para recursos nessa prova. Isso porque a banca, ao indicar a bibliografia em seu edital \u2212 atitude muito louv\u00e1vel, por sinal! \u2212, &#8220;delimitou&#8221; o conte\u00fado para, em tese, poder tirar &#8220;qualquer coisa&#8221; de dentro do livro!<\/p>\n<p style=\"text-align: justify;\">E foi exatamente o que ela fez: retirou, de maneira pontual, detalhes muito espec\u00edficos em um n\u00edvel de detalhamento que, sinceramente, n\u00e3o s\u00e3o vistos nem em prova para m\u00e9dico legista! Tudo o que foi cobrado &#8220;existe&#8221; e est\u00e1 no livro. No entanto, a abordagem teria sido razo\u00e1vel e proporcional? Bem, h\u00e1 amparo legal para a atua\u00e7\u00e3o da banca. Seria o caso de invocarmos os princ\u00edpios da proporcionalidade e da razoabilidade insculpidos nessa atua\u00e7\u00e3o para analisarmos a cobran\u00e7a desses pontos?<\/p>\n<p style=\"text-align: justify;\">Lendo a prova, confesso a voc\u00eas que nem acreditei que muitas daquelas quest\u00f5es estavam, de fato, na prova! Coloquei-me no lugar dos candidatos e passei raiva. Isso mesmo, e estou passando raiva at\u00e9 agora!<\/p>\n<p style=\"text-align: justify;\">L\u00eanio Streck, grande jurista, recentemente teceu brilhante cr\u00edtica ao modelo que tem sido frequentemente adotado pelas bancas na elabora\u00e7\u00e3o de suas quest\u00f5es de concurso. Vale a pena a leitura\u00a0 deste artigo em: <a href=\"http:\/\/www.conjur.com.br\/2014-ago-14\/senso-incomum-concurso-publico-principio-vira-regra-estatica-porque-sim\">http:\/\/www.conjur.com.br\/2014-ago-14\/senso-incomum-concurso-publico-principio-vira-regra-estatica-porque-sim<\/a>.<\/p>\n<p style=\"text-align: justify;\">Nessa passagem, ele explicita claramente o que todos j\u00e1 vivenciamos alguma vez em provas de concurso: &#8220;<em>de que modo decorar \u2014 sem compreender \u2014 a frase de Hegel ajudar\u00e1 um t\u00e9cnico do Judici\u00e1rio a exercer melhor suas fun\u00e7\u00f5es? Lembro de uma pesquisa encomendada pelo ministro da Justi\u00e7a \u00e0 Funda\u00e7\u00e3o Get\u00falio Vargas que <span style=\"text-decoration: underline;\">comprovou que h\u00e1 uma incoer\u00eancia<\/span>\u00a0entre as compet\u00eancias esperadas de um servidor p\u00fablico e o \u201cconhecimento\u201d exigido nos concursos. (&#8230;) Resultado: perdemos a capacidade de separar o joio do trigo. Na verdade, separamos o joio do trigo&#8230; ficando com o joio&#8221;.<\/em><\/p>\n<p style=\"text-align: justify;\">Ent\u00e3o, vemo-nos em uma situa\u00e7\u00e3o como essa: uma prova elaborada para um cargo de forma\u00e7\u00e3o multidisciplinar (e n\u00e3o para cargos da \u00e1rea da sa\u00fade), intitulada pelo edital como <strong>NO\u00c7\u00d5ES <\/strong>de medicina legal, em que foram abordadas passagens extremamente espec\u00edficas do livro indicado, com ind\u00edcios de que possam ter sido elaboradas pontualmente, fora do contexto da disciplina, com o objetivo de fazer &#8220;pegadinhas&#8221; de prova por meio da abordagem de pontos inusitados, que &#8220;pouqu\u00edssimas pessoas saberiam&#8221;.<\/p>\n<p style=\"text-align: justify;\">Agora, a pergunta: quem teria sido capaz de acertar todas as quest\u00f5es dessa prova de maneira consciente (sem ser &#8220;na base da sorte&#8221;)? Um candidato que leu todas as p\u00e1ginas da edi\u00e7\u00e3o mais recente do livro do Professor Genival Veloso de Fran\u00e7a? N\u00e3o creio.<\/p>\n<p style=\"text-align: justify;\">A \u00faltima edi\u00e7\u00e3o do livro do Fran\u00e7a tem quase 700 enormes p\u00e1ginas, muitas delas com conte\u00fado extremamente &#8220;denso&#8221;, at\u00e9 mesmo para m\u00e9dicos e outros profissionais da \u00e1rea de sa\u00fade. E mesmo que o candidato tivesse uma mem\u00f3ria fant\u00e1stica para ler e assimilar todo aquele conte\u00fado \u2212 digamos \u2212 novo, o custo seria enorme devido ao grande gasto de tempo para um benef\u00edcio duvidoso e nada garantido de se acertar algumas das quest\u00f5es que ca\u00edram nesta prova!<\/p>\n<p style=\"text-align: justify;\">Lamentavelmente, fico triste em saber que \u00e9 prov\u00e1vel que tenhamos tido pessoas bem preparadas na mat\u00e9ria, mas que auferiram nota similar \u2212 ou mesmo inferior \u2212 \u00e0 de candidatos que dispuseram apenas de &#8220;sorte&#8221; para escolher a alternativa certa com base no velho e bom &#8220;chute&#8221;.<\/p>\n<p style=\"text-align: justify;\">Apesar de tudo, ainda foi poss\u00edvel amealhar alguns pontinhos importantes nessa prova. Vamos \u00e0s quest\u00f5es:<\/p>\n<p style=\"text-align: justify;\"><strong>PROVA DE NO\u00c7\u00d5ES DE MEDICINA LEGAL<\/strong><\/p>\n<p style=\"text-align: justify;\"><strong>QUEST\u00c3O 41<\/strong><\/p>\n<p style=\"text-align: justify;\"><strong>Experimentalmente, o enforcamento evolui em tr\u00eas per\u00edodos at\u00e9 o \u00eaxito letal.<\/strong><\/p>\n<p style=\"text-align: justify;\"><strong>Constitui um sinal cl\u00ednico caracter\u00edstico da evolu\u00e7\u00e3o do seu \u201csegundo per\u00edodo\u201d:<\/strong><\/p>\n<p style=\"text-align: justify;\"><strong>(A) Calor.<\/strong><\/p>\n<p style=\"text-align: justify;\"><strong>(B) Convuls\u00e3o.<\/strong><\/p>\n<p style=\"text-align: justify;\"><strong>(C) Fosfeno.<\/strong><\/p>\n<p style=\"text-align: justify;\"><strong>(D) Zumbido.<\/strong><\/p>\n<p style=\"text-align: justify;\">Gabarito: Letra B.<\/p>\n<p style=\"text-align: justify;\">Vimos na aula que o enforcamento desenvolve-se em tr\u00eas per\u00edodos, sendo o <strong>segundo per\u00edodo<\/strong> caracterizado por <strong>convuls\u00f5es <\/strong>e excita\u00e7\u00e3o do corpo decorrente de fen\u00f4menos respirat\u00f3rios (hipoxemia \u2212 diminui\u00e7\u00e3o do oxig\u00eanio \u2212 e hipercapneia \u2212 aumento do g\u00e1s carb\u00f4nico), bem como da compress\u00e3o do feixe vasculonervoso do pesco\u00e7o, em especial do nervo vago, exercida pelo la\u00e7o.<\/p>\n<p style=\"text-align: justify;\"><strong>QUEST\u00c3O 42<\/strong><\/p>\n<p style=\"text-align: justify;\"><strong>\u00c9 muito importante em Medicina Legal a estimativa do tempo aproximado de perman\u00eancia de um corpo dentro da \u00e1gua e sua transforma\u00e7\u00e3o ap\u00f3s a morte. Mesmo tendo em conta as m\u00faltiplas vari\u00e1veis que podem atuar, o tempo aproximado de morte e perman\u00eancia em meio l\u00edquido de um corpo que mostrou as seguintes caracter\u00edsticas: \u201cpequenas crostas arredondadas de sais calc\u00e1rios sobre remanescentes da pele\u201d \u00e9 de<\/strong><\/p>\n<p style=\"text-align: justify;\"><strong>(A) tr\u00eas meses de morte.<\/strong><\/p>\n<p style=\"text-align: justify;\"><strong>(B) seis meses de morte.<\/strong><\/p>\n<p style=\"text-align: justify;\"><strong>(C) um dia de morte.<\/strong><\/p>\n<p style=\"text-align: justify;\"><strong>(D) uma semana de morte.<\/strong><\/p>\n<p style=\"text-align: justify;\">Gabarito: Letra A.<\/p>\n<p style=\"text-align: justify;\">Vejam a especificidade da cronologia do afogamento que foi cobrada: no livro, o autor FRAN\u00c7A discorre sobre os fen\u00f4menos que ocorrem no afogamento (aqueles que vimos na aula, que n\u00e3o s\u00e3o poucos!). No finalzinho do par\u00e1grafo, h\u00e1 a seguinte men\u00e7\u00e3o, que ora transcrevemos: &#8220;<em>Em torno do terceiro m\u00eas (de morte), <span style=\"text-decoration: underline;\"><strong>podem ser<\/strong><\/span> encontradas sobre a pele pequenas crostas a<\/em><em>rredondadas de sais calca\u0301rios&#8221;<\/em>.<\/p>\n<p style=\"text-align: justify;\">E fim. Mas virou quest\u00e3o de prova.<\/p>\n<p style=\"text-align: justify;\"><strong>QUEST\u00c3O 43<\/strong><\/p>\n<p style=\"text-align: justify;\"><strong>Considerando as les\u00f5es produzidas por proj\u00e9teis de arma de fogo, n\u00e3o \u00e9 raro encontrar eventos em que um \u00fanico proj\u00e9til \u00e9 capaz de transfixar v\u00e1rias partes do corpo, determinando v\u00e1rios orif\u00edcios de entrada e sa\u00edda. Essa condi\u00e7\u00e3o \u00e9 denominada trajeto em<\/strong><\/p>\n<p style=\"text-align: justify;\"><strong>(A) chuleio.<\/strong><\/p>\n<p style=\"text-align: justify;\"><strong>(B) diagonal.<\/strong><\/p>\n<p style=\"text-align: justify;\"><strong>(C) giro.<\/strong><\/p>\n<p style=\"text-align: justify;\"><strong>(D) p\u00eandulo.<\/strong><\/p>\n<p style=\"text-align: justify;\">Gabarito: Letra A.<\/p>\n<p style=\"text-align: justify;\">Vimos na aula que um proj\u00e9til de arma de fogo pode percorrer v\u00e1rios caminhos no interior do corpo (reto, curvo, semici\u0301rculo ou &#8220;fen\u00f4meno da bala girato\u0301ria&#8221;). Pode ainda um \u00fanico proj\u00e9til transfixar v\u00e1rias partes do corpo (&#8220;<strong>trajeto em chuleio<\/strong>&#8220;).<\/p>\n<p style=\"text-align: justify;\"><strong>QUEST\u00c3O 44<\/strong><\/p>\n<p style=\"text-align: justify;\"><strong>A a\u00e7\u00e3o potencializadora dos efeitos t\u00f3xicos determinados pela ingest\u00e3o simult\u00e2nea de v\u00e1rias subst\u00e2ncias venenosas \u00e9 denominada<\/strong><\/p>\n<p style=\"text-align: justify;\"><strong>(A) Fixa\u00e7\u00e3o.<\/strong><\/p>\n<p style=\"text-align: justify;\"><strong>(B) Sinergismo.<\/strong><\/p>\n<p style=\"text-align: justify;\"><strong>(C) Toxicidade.<\/strong><\/p>\n<p style=\"text-align: justify;\"><strong>(D) Transforma\u00e7\u00e3o.<\/strong><\/p>\n<p style=\"text-align: justify;\">Gabarito: Letra B.<\/p>\n<p style=\"text-align: justify;\">Vimos no curso que <strong>sinergismo<\/strong> \u00e9 a a\u00e7a\u0303o potencializadora dos efeitos to\u0301xicos decorrentes da ingesta\u0303o simult\u00e2nea de va\u0301rias subst\u00e2ncias venenosas.<\/p>\n<p style=\"text-align: justify;\"><strong>QUEST\u00c3O 45<\/strong><\/p>\n<p style=\"text-align: justify;\"><strong>O registro da anamnese do paciente, dos cuidados m\u00e9dicos e dos documentos relativos \u00e0 assist\u00eancia prestada \u00e9 denominado<\/strong><\/p>\n<p style=\"text-align: justify;\"><strong>(A) Atestado.<\/strong><\/p>\n<p style=\"text-align: justify;\"><strong>(B) Notifica\u00e7\u00e3o.<\/strong><\/p>\n<p style=\"text-align: justify;\"><strong>(C) Prontu\u00e1rio.<\/strong><\/p>\n<p style=\"text-align: justify;\"><strong>(D) Relat\u00f3rio.<\/strong><\/p>\n<p style=\"text-align: justify;\">Gabarito: Letra C.<\/p>\n<p style=\"text-align: justify;\">No in\u00edcio do nosso curso, vimos que o prontua\u0301rio consiste em um \u2018dossi\u00ea\u2019 que registra todo o <strong>acervo documental referente aos cuidados m\u00e9dicos<\/strong>, incluindo a <strong>anamnese<\/strong> e o <strong>exame cl\u00ednico<\/strong> do paciente, bem como aos <strong>documentos<\/strong> relacionados. Deve ser organizado de maneira padronizada e concisa.<\/p>\n<p style=\"text-align: justify;\"><strong>QUEST\u00c3O 46<\/strong><\/p>\n<p style=\"text-align: justify;\"><strong>A presen\u00e7a de co\u00e1gulos brancos (fibrinosos) nos vasos da base do cora\u00e7\u00e3o, em um exame de aut\u00f3psia, denota uma morte<\/strong><\/p>\n<p style=\"text-align: justify;\"><strong>(A) ag\u00f4nica.<\/strong><\/p>\n<p style=\"text-align: justify;\"><strong>(B) reflexa.<\/strong><\/p>\n<p style=\"text-align: justify;\"><strong>(C) s\u00fabita.<\/strong><\/p>\n<p style=\"text-align: justify;\"><strong>(D) violenta.<\/strong><\/p>\n<p style=\"text-align: justify;\">Gabarito: Letra A.<\/p>\n<p style=\"text-align: justify;\">Adentraram na t\u00e9cnica da necropsia com detalhes cujo conhecimento m\u00e9dico \u00e9 imprescind\u00edvel, tanto de anatomia como de bioqu\u00edmica e fisiologia. N\u00e3o vejo raz\u00e3o plaus\u00edvel para se cobrar isso de um potencial investigador de pol\u00edcia, mas&#8230; vamos ao excerto do livro em que isso consta:<\/p>\n<p style=\"text-align: justify;\"><em>&#8220;Logo apo\u0301s, passa-se ao exame do cora\u00e7<\/em><em>a\u0303o, abrindo-se de ini\u0301cio o perica\u0301rdio, analisando sua consiste<\/em><em>\u0302<\/em><em>ncia e conteu\u0301do. Normalmente, existe a presenc<\/em><em>\u0327<\/em><em>a de pouco li\u0301quido citrino-amarelado, seroso, que pode encontrar-se em quantidade maior no hidroperica\u0301rdio<\/em><em> ou na agonia demorada. Cortam-se os <strong>vasos da base do cora\u00e7<\/strong><\/em><strong><em>a\u0303o<\/em><\/strong><em> e examina-se o sangue de seu interior, observando-se a presen\u00e7a de li\u0301quido escuro, como nas mortes por asfixia, ou a presen\u00e7a de coa\u0301gulos negros (cruo\u0301ricos) ou brancos (fibrinosos). Estes<\/em><em> <strong>coa\u0301gulos fibrinosos<\/strong> sa\u0303o decorrentes da fibrina do serum e denunciam a <strong>morte por agonia prolongada<\/strong>, e os coa\u0301gulos negros ou vermelho-escuros sa\u0303o resultantes do componente so\u0301lido do sangue, principalmente as hema\u0301cias.&#8221;<\/em><\/p>\n<p style=\"text-align: justify;\"><strong>QUEST\u00c3O 47<\/strong><\/p>\n<p style=\"text-align: justify;\"><strong>O aparecimento dos n\u00facleos de ossifica\u00e7\u00e3o no esqueleto \u00e9 fundamental para avaliar a idade fetal em um exame m\u00e9dico-legal. O in\u00edcio da ossifica\u00e7\u00e3o da clav\u00edcula (ponto radiol\u00f3gico de ossifica\u00e7\u00e3o) d\u00e1-se em meados do<\/strong><\/p>\n<p style=\"text-align: justify;\"><strong>(A) oitavo m\u00eas de gesta\u00e7\u00e3o.<\/strong><\/p>\n<p style=\"text-align: justify;\"><strong>(B) quarto m\u00eas de gesta\u00e7\u00e3o.<\/strong><\/p>\n<p style=\"text-align: justify;\"><strong>(C) segundo m\u00eas de gesta\u00e7\u00e3o.<\/strong><\/p>\n<p style=\"text-align: justify;\"><strong>(D) sexto m\u00eas de gesta\u00e7\u00e3o.<\/strong><\/p>\n<p style=\"text-align: justify;\">Gabarito: Letra C.<\/p>\n<p style=\"text-align: justify;\">Essa foi outra quest\u00e3o de se arrancar os cabelos! rs. Tratou do assunto &#8220;sinais de presun\u00e7\u00e3o, probabilidade e certeza da gravidez&#8221;. S\u00f3 nesse ponto da mat\u00e9ria j\u00e1 encontramos mais de DEZ sinais e ep\u00f4nimos, alguns espec\u00edficos da \u00e1rea de obstetr\u00edcia, com exig\u00eancia patente de conhecimentos m\u00e9dicos para entendimento! O assunto tamb\u00e9m \u00e9 abordado no cap\u00edtulo do livro que aborda o &#8220;infantici\u0301dio seguido de carboniza\u00e7a\u0303o do cada\u0301ver&#8221;, dessa vez de maneira ainda mais espec\u00edfica, quanto ao c\u00e1lculo da idade fetal em corpos parcialmente carbonizados por meio da an\u00e1lise, dentre outros, dos nu\u0301cleos de ossifica\u00e7a\u0303o do feto.<\/p>\n<p style=\"text-align: justify;\">A seguir, transcrevo a passagem do livro que o candidato n\u00e3o formado em medicina deveria saber para responder a essa quest\u00e3o. Tirem suas pr\u00f3prias conclus\u00f5es&#8230;<\/p>\n<p style=\"text-align: justify;\"><em>&#8220;Quanto aos pontos radiolo\u0301gicos de ossifica\u00e7<\/em><em>a\u0303o, os mais <\/em><em>importantes sa\u0303o:<\/em><\/p>\n<p style=\"text-align: justify;\"><strong><em>Clavi\u0301cula<\/em><\/strong><em> \u2014 meados do <strong>2\u00b0 m\u00ea<\/strong><\/em><strong><em>s<\/em><\/strong><em>;<\/em><\/p>\n<p style=\"text-align: justify;\"><em>Ra\u0301dio \u2014 come\u00e7<\/em><em>o do 2<\/em><em>\u00b0<\/em><em> m\u00eas;<\/em><\/p>\n<p style=\"text-align: justify;\"><em>Ulna \u2014 come\u00e7<\/em><em>o do 2<\/em><em>\u00b0<\/em><em> m\u00eas;<\/em><\/p>\n<p style=\"text-align: justify;\"><em>U\u0301mero \u2014 final do 2\u00b0 m\u00eas;<\/em><\/p>\n<p style=\"text-align: justify;\"><em>F\u00ea<\/em><em>mur<\/em><em> \u2014 meados do 2\u00b0 m\u00eas;<\/em><\/p>\n<p style=\"text-align: justify;\"><em>Falanges das ma\u0303os \u2014 final do 3\u00b0 m\u00eas<\/em><em>;<\/em><\/p>\n<p style=\"text-align: justify;\"><em>Temporal \u2014 meados do 4\u00b0 m\u00eas;<\/em><\/p>\n<p style=\"text-align: justify;\"><em>Pu\u0301bis \u2014 comec<\/em><em>\u0327<\/em><em>o do 5<\/em><em>\u00b0<\/em><em> m\u00eas;<\/em><\/p>\n<p style=\"text-align: justify;\"><em>Calc\u00e2<\/em><em>neo<\/em><em>\u2014 comec<\/em><em>\u0327<\/em><em>o do 6<\/em><em>\u00b0 <\/em><em>m\u00eas;<\/em><\/p>\n<p style=\"text-align: justify;\"><em>Ta\u0301lua \u2014 meados do 7\u00b0 m\u00eas;<\/em><\/p>\n<p style=\"text-align: justify;\"><em>Cuboide \u2014 feto a termo;<\/em><\/p>\n<p style=\"text-align: justify;\"><em>Epi\u0301fise distal do f\u00ea<\/em><em>mur (ponto de Be\u0301clard)<\/em><em> \u2014 feto a termo.&#8221;<\/em><\/p>\n<p style=\"text-align: justify;\"><strong>QUEST\u00c3O 48<\/strong><\/p>\n<p style=\"text-align: justify;\"><strong>A perda da tens\u00e3o do globo ocular, o enrugamento da c\u00f3rnea e a mancha negra da escler\u00f3tica caracterizam um fen\u00f4meno abi\u00f3tico consecutivo denominado<\/strong><\/p>\n<p style=\"text-align: justify;\"><strong>(A) rigidez cadav\u00e9rica.<\/strong><\/p>\n<p style=\"text-align: justify;\"><strong>(B) espasmo cadav\u00e9rico.<\/strong><\/p>\n<p style=\"text-align: justify;\"><strong>(C) esfriamento cadav\u00e9rico.<\/strong><\/p>\n<p style=\"text-align: justify;\"><strong>(D) desidrata\u00e7\u00e3o cadav\u00e9rica.<\/strong><\/p>\n<p style=\"text-align: justify;\">Gabarito: Letra D.<\/p>\n<p style=\"text-align: justify;\">Tamb\u00e9m vimos em nossas aulas que, com a desidrata\u00e7\u00e3o cadav\u00e9rica, ocorrem os fen\u00f4menos de modifica\u00e7\u00e3o dos globos oculares (forma\u00e7a\u0303o da tela viscosa, a <strong>perda da tensa\u0303o do globo ocular<\/strong>, a <strong>turva\u00e7\u00e3o e o enrugamento da co\u0301rnea<\/strong> e a <strong>mancha negra da escler<\/strong>a (Sinal de Sommer e Larcher), que traduz-se por uma mancha enegrecida com formato circular, oval ou triangular no quadrante externo ou interno do olho.<\/p>\n<p style=\"text-align: justify;\"><strong>QUEST\u00c3O 49<\/strong><\/p>\n<p style=\"text-align: justify;\"><strong>Um cad\u00e1ver de homem adulto, exumado, apresentava redu\u00e7\u00e3o do peso, pele dura, seca, enrugada e de tonalidade enegrecida; A sua face conservava, de maneira vaga, os tra\u00e7os fision\u00f4micos mostrados em vida.<\/strong><\/p>\n<p style=\"text-align: justify;\"><strong>O fen\u00f4meno transformativo caracterizado pela descri\u00e7\u00e3o \u00e9 de<\/strong><\/p>\n<p style=\"text-align: justify;\"><strong>(A) macera\u00e7\u00e3o.<\/strong><\/p>\n<p style=\"text-align: justify;\"><strong>(B) mumifica\u00e7\u00e3o.<\/strong><\/p>\n<p style=\"text-align: justify;\"><strong>(C) putrefa\u00e7\u00e3o.<\/strong><\/p>\n<p style=\"text-align: justify;\"><strong>(D) saponifica\u00e7\u00e3o. \u00a0 \u00a0 \u00a0<\/strong><\/p>\n<p style=\"text-align: justify;\">Gabarito: Letra B.<\/p>\n<p style=\"text-align: justify;\">Na aula de tanatologia pudemos aprender que, no fen\u00f4meno transformativo da <strong>mumifica\u00e7<\/strong><strong>a\u0303o<\/strong>, o cada\u0301ver apresenta <strong>peso diminu\u00eddo<\/strong>, <strong>pele dura, seca, enegrecida e enrugada<\/strong>, cabe\u00e7a diminui\u0301da de volume, tra\u00e7os da fisionomia apagados (a face conserva vagamente os tra\u00e7os fision\u00f4micos), m\u00fasculos, tend\u00f5es e v\u00edsceras destru\u00eddas e transformadas em p\u00f3. Conservam-se melhor os dentes e as unhas.<\/p>\n<p style=\"text-align: justify;\"><strong>QUEST\u00c3O 50<\/strong><\/p>\n<p style=\"text-align: justify;\"><strong>Um homem de 25 anos morreu com um f\u00edgado preservado quanto \u00e0 sua reserva de glicog\u00eanio, apurada pela <em>docim\u00e1sia hep\u00e1tica qu\u00edmica<\/em>. Diante dessa informa\u00e7\u00e3o, pode-se concluir que a morte se deu de forma<\/strong><\/p>\n<p style=\"text-align: justify;\"><strong>(A) tardia.<\/strong><\/p>\n<p style=\"text-align: justify;\"><strong>(B) ag\u00f4nica.<\/strong><\/p>\n<p style=\"text-align: justify;\"><strong>(C) mediata.<\/strong><\/p>\n<p style=\"text-align: justify;\"><strong>(D) instant\u00e2nea.<\/strong><\/p>\n<p style=\"text-align: justify;\">Gabarito: Letra D.<\/p>\n<p style=\"text-align: justify;\">A quest\u00e3o resolveu abordar as docim\u00e1sias da per\u00edcia do tempo de sobreviv\u00eancia! \u00c9 um assunto bem espec\u00edfico sobre rea\u00e7\u00f5es qu\u00edmicas que auxiliam o diagn\u00f3stico do tempo de sobrevida. Al\u00e9m da docima\u0301sia hepa\u0301tica qui\u0301mica, tratada na quest\u00e3o, temos, dentre outras, a Docima\u0301sia hepa\u0301tica histolo\u0301gica de Meissner, a Docima\u0301sia suprarrenal qui\u0301mica de Leoucini e Cevidalli, a Docima\u0301sia suprarrenal fisiolo\u0301gica, a Docima\u0301sia suprarrenal histolo\u0301gica&#8230; cada qual com amplos detalhes bioqu\u00edmicos e com a especifica\u00e7\u00e3o de sua t\u00e9cnica e seu objetivo.<\/p>\n<p style=\"text-align: justify;\">Bem a docima\u0301sia hepa\u0301tica qui\u0301mica refere-se \u00e0 pesquisa do glicog\u00eanio e da glicose, em que uma pessoa que morreu com o fi\u0301gado funcionalmente espoliado esteve sob o efeito da morte ag\u00f4nica, e um fi\u0301gado com toda a <strong>reserva de glicog\u00eanio <\/strong>presente refere-se a uma <strong>morte instant\u00e2nea<\/strong>.<\/p>\n","protected":false},"excerpt":{"rendered":"<p>COMENT\u00c1RIOS \u00c0 PROVA DE NO\u00c7\u00d5ES DE MEDICINA LEGAL \u2013 INVESTIGADOR PC\/MG Ol\u00e1, pessoal! Vamos tecer alguns coment\u00e1rios sobre as quest\u00f5es da prova de No\u00e7\u00f5es de Medicina Legal para Investigador da Pol\u00edcia Civil de Minas Gerais, recentemente realizada, para fins de orienta\u00e7\u00e3o dos candidatos quanto a poss\u00edveis recursos. Infelizmente, pessoal, n\u00e3o vislumbro possibilidades para recursos nessa [&hellip;]<\/p>\n","protected":false},"author":144,"featured_media":0,"comment_status":"open","ping_status":"open","sticky":false,"template":"","format":"standard","meta":{"post_tipo":"article","footnotes":""},"categories":[],"tags":[574,575],"tax_estado":[],"class_list":["post-17445","post","type-post","status-publish","format-standard","hentry","tag-medicina-legal","tag-pc-mg"],"acf":[],"yoast_head":"<!-- This site is optimized with the Yoast SEO Premium plugin v27.2 (Yoast SEO v27.2) - https:\/\/yoast.com\/product\/yoast-seo-premium-wordpress\/ -->\n<title>Investigador PC\/MG - Coment\u00e1rios \u00e0 prova de No\u00e7\u00f5es de Medicina Legal<\/title>\n<meta name=\"description\" content=\"Coment\u00e1rios sobre as quest\u00f5es da prova de No\u00e7\u00f5es de Medicina Legal para Investigador da Pol\u00edcia Civil de Minas Gerais, recentemente realizada.\" \/>\n<meta name=\"robots\" content=\"index, follow, max-snippet:-1, max-image-preview:large, max-video-preview:-1\" \/>\n<link rel=\"canonical\" href=\"https:\/\/www.estrategiaconcursos.com.br\/blog\/investigador-pcmg-comentarios-prova-de-nocoes-de-medicina-legal\/\" \/>\n<meta property=\"og:locale\" content=\"pt_BR\" \/>\n<meta property=\"og:type\" content=\"article\" \/>\n<meta property=\"og:title\" content=\"Investigador PC\/MG - Coment\u00e1rios \u00e0 prova de No\u00e7\u00f5es de Medicina Legal\" \/>\n<meta property=\"og:description\" content=\"Coment\u00e1rios sobre as quest\u00f5es da prova de No\u00e7\u00f5es de Medicina Legal para Investigador da Pol\u00edcia Civil de Minas Gerais, recentemente realizada.\" \/>\n<meta property=\"og:url\" content=\"https:\/\/www.estrategiaconcursos.com.br\/blog\/investigador-pcmg-comentarios-prova-de-nocoes-de-medicina-legal\/\" \/>\n<meta property=\"og:site_name\" content=\"Estrat\u00e9gia Concursos\" \/>\n<meta property=\"article:published_time\" content=\"2014-08-18T15:25:09+00:00\" \/>\n<meta property=\"article:modified_time\" content=\"2015-01-05T19:26:28+00:00\" \/>\n<meta name=\"author\" content=\"Fatima Albuquerque Taufick\" \/>\n<meta name=\"twitter:card\" content=\"summary_large_image\" \/>\n<meta name=\"twitter:creator\" content=\"@EstratConcursos\" \/>\n<meta name=\"twitter:site\" content=\"@EstratConcursos\" \/>\n<meta name=\"twitter:label1\" content=\"Escrito por\" \/>\n\t<meta name=\"twitter:data1\" content=\"Fatima Albuquerque Taufick\" \/>\n\t<meta name=\"twitter:label2\" content=\"Est. tempo de leitura\" \/>\n\t<meta name=\"twitter:data2\" content=\"11 minutos\" \/>\n<script type=\"application\/ld+json\" class=\"yoast-schema-graph\">{\"@context\":\"https:\/\/schema.org\",\"@graph\":[{\"@type\":\"NewsArticle\",\"@id\":\"https:\/\/www.estrategiaconcursos.com.br\/blog\/investigador-pcmg-comentarios-prova-de-nocoes-de-medicina-legal\/#article\",\"isPartOf\":{\"@id\":\"https:\/\/www.estrategiaconcursos.com.br\/blog\/investigador-pcmg-comentarios-prova-de-nocoes-de-medicina-legal\/\"},\"author\":{\"name\":\"Fatima Albuquerque Taufick\",\"@id\":\"https:\/\/www.estrategiaconcursos.com.br\/blog\/#\/schema\/person\/e864f429c3ffda632c0bf58c9c267514\"},\"headline\":\"Investigador PC\/MG &#8211; Coment\u00e1rios \u00e0 prova de No\u00e7\u00f5es de Medicina Legal\",\"datePublished\":\"2014-08-18T15:25:09+00:00\",\"dateModified\":\"2015-01-05T19:26:28+00:00\",\"mainEntityOfPage\":{\"@id\":\"https:\/\/www.estrategiaconcursos.com.br\/blog\/investigador-pcmg-comentarios-prova-de-nocoes-de-medicina-legal\/\"},\"wordCount\":2190,\"commentCount\":1,\"publisher\":{\"@id\":\"https:\/\/www.estrategiaconcursos.com.br\/blog\/#organization\"},\"keywords\":[\"Medicina Legal\",\"PC-MG\"],\"inLanguage\":\"pt-BR\",\"potentialAction\":[{\"@type\":\"CommentAction\",\"name\":\"Comment\",\"target\":[\"https:\/\/www.estrategiaconcursos.com.br\/blog\/investigador-pcmg-comentarios-prova-de-nocoes-de-medicina-legal\/#respond\"]}],\"copyrightYear\":\"2014\",\"copyrightHolder\":{\"@id\":\"https:\/\/www.estrategiaconcursos.com.br\/blog\/#organization\"}},{\"@type\":\"WebPage\",\"@id\":\"https:\/\/www.estrategiaconcursos.com.br\/blog\/investigador-pcmg-comentarios-prova-de-nocoes-de-medicina-legal\/\",\"url\":\"https:\/\/www.estrategiaconcursos.com.br\/blog\/investigador-pcmg-comentarios-prova-de-nocoes-de-medicina-legal\/\",\"name\":\"Investigador PC\/MG - Coment\u00e1rios \u00e0 prova de No\u00e7\u00f5es de Medicina Legal\",\"isPartOf\":{\"@id\":\"https:\/\/www.estrategiaconcursos.com.br\/blog\/#website\"},\"datePublished\":\"2014-08-18T15:25:09+00:00\",\"dateModified\":\"2015-01-05T19:26:28+00:00\",\"description\":\"Coment\u00e1rios sobre as quest\u00f5es da prova de No\u00e7\u00f5es de Medicina Legal para Investigador da Pol\u00edcia Civil de Minas Gerais, recentemente realizada.\",\"breadcrumb\":{\"@id\":\"https:\/\/www.estrategiaconcursos.com.br\/blog\/investigador-pcmg-comentarios-prova-de-nocoes-de-medicina-legal\/#breadcrumb\"},\"inLanguage\":\"pt-BR\",\"potentialAction\":[{\"@type\":\"ReadAction\",\"target\":[\"https:\/\/www.estrategiaconcursos.com.br\/blog\/investigador-pcmg-comentarios-prova-de-nocoes-de-medicina-legal\/\"]}]},{\"@type\":\"BreadcrumbList\",\"@id\":\"https:\/\/www.estrategiaconcursos.com.br\/blog\/investigador-pcmg-comentarios-prova-de-nocoes-de-medicina-legal\/#breadcrumb\",\"itemListElement\":[{\"@type\":\"ListItem\",\"position\":1,\"name\":\"In\u00edcio\",\"item\":\"https:\/\/www.estrategiaconcursos.com.br\/blog\/\"},{\"@type\":\"ListItem\",\"position\":2,\"name\":\"Investigador PC\/MG &#8211; Coment\u00e1rios \u00e0 prova de No\u00e7\u00f5es de Medicina Legal\"}]},{\"@type\":\"WebSite\",\"@id\":\"https:\/\/www.estrategiaconcursos.com.br\/blog\/#website\",\"url\":\"https:\/\/www.estrategiaconcursos.com.br\/blog\/\",\"name\":\"Estrat\u00e9gia Concursos\",\"description\":\"O blog da Estrat\u00e9gia Concursos traz not\u00edcias sobre concursos e artigos de professores oferecendo cursos para concursos (pdf + videaulas) no site.\",\"publisher\":{\"@id\":\"https:\/\/www.estrategiaconcursos.com.br\/blog\/#organization\"},\"potentialAction\":[{\"@type\":\"SearchAction\",\"target\":{\"@type\":\"EntryPoint\",\"urlTemplate\":\"https:\/\/www.estrategiaconcursos.com.br\/blog\/?s={search_term_string}\"},\"query-input\":{\"@type\":\"PropertyValueSpecification\",\"valueRequired\":true,\"valueName\":\"search_term_string\"}}],\"inLanguage\":\"pt-BR\"},{\"@type\":\"Organization\",\"@id\":\"https:\/\/www.estrategiaconcursos.com.br\/blog\/#organization\",\"name\":\"Estrat\u00e9gia Concursos\",\"url\":\"https:\/\/www.estrategiaconcursos.com.br\/blog\/\",\"logo\":{\"@type\":\"ImageObject\",\"inLanguage\":\"pt-BR\",\"@id\":\"https:\/\/www.estrategiaconcursos.com.br\/blog\/#\/schema\/logo\/image\/\",\"url\":\"https:\/\/dhg1h5j42swfq.cloudfront.net\/2025\/06\/03203428\/logo_concursos-1.jpg\",\"contentUrl\":\"https:\/\/dhg1h5j42swfq.cloudfront.net\/2025\/06\/03203428\/logo_concursos-1.jpg\",\"width\":230,\"height\":60,\"caption\":\"Estrat\u00e9gia Concursos\"},\"image\":{\"@id\":\"https:\/\/www.estrategiaconcursos.com.br\/blog\/#\/schema\/logo\/image\/\"},\"sameAs\":[\"https:\/\/x.com\/EstratConcursos\"]},{\"@type\":\"Person\",\"@id\":\"https:\/\/www.estrategiaconcursos.com.br\/blog\/#\/schema\/person\/e864f429c3ffda632c0bf58c9c267514\",\"name\":\"Fatima Albuquerque Taufick\",\"image\":{\"@type\":\"ImageObject\",\"inLanguage\":\"pt-BR\",\"@id\":\"https:\/\/secure.gravatar.com\/avatar\/db40025c5c0023b630eb7435c10fe66c23a5aa27d87207464eda1b9417016bee?s=96&d=mm&r=g\",\"url\":\"https:\/\/secure.gravatar.com\/avatar\/db40025c5c0023b630eb7435c10fe66c23a5aa27d87207464eda1b9417016bee?s=96&d=mm&r=g\",\"contentUrl\":\"https:\/\/secure.gravatar.com\/avatar\/db40025c5c0023b630eb7435c10fe66c23a5aa27d87207464eda1b9417016bee?s=96&d=mm&r=g\",\"caption\":\"Fatima Albuquerque Taufick\"},\"url\":\"https:\/\/www.estrategiaconcursos.com.br\/blog\/author\/fatimaestrategiaconcursos-com-br\/\"}]}<\/script>\n<!-- \/ Yoast SEO Premium plugin. -->","yoast_head_json":{"title":"Investigador PC\/MG - Coment\u00e1rios \u00e0 prova de No\u00e7\u00f5es de Medicina Legal","description":"Coment\u00e1rios sobre as quest\u00f5es da prova de No\u00e7\u00f5es de Medicina Legal para Investigador da Pol\u00edcia Civil de Minas Gerais, recentemente realizada.","robots":{"index":"index","follow":"follow","max-snippet":"max-snippet:-1","max-image-preview":"max-image-preview:large","max-video-preview":"max-video-preview:-1"},"canonical":"https:\/\/www.estrategiaconcursos.com.br\/blog\/investigador-pcmg-comentarios-prova-de-nocoes-de-medicina-legal\/","og_locale":"pt_BR","og_type":"article","og_title":"Investigador PC\/MG - Coment\u00e1rios \u00e0 prova de No\u00e7\u00f5es de Medicina Legal","og_description":"Coment\u00e1rios sobre as quest\u00f5es da prova de No\u00e7\u00f5es de Medicina Legal para Investigador da Pol\u00edcia Civil de Minas Gerais, recentemente realizada.","og_url":"https:\/\/www.estrategiaconcursos.com.br\/blog\/investigador-pcmg-comentarios-prova-de-nocoes-de-medicina-legal\/","og_site_name":"Estrat\u00e9gia Concursos","article_published_time":"2014-08-18T15:25:09+00:00","article_modified_time":"2015-01-05T19:26:28+00:00","author":"Fatima Albuquerque Taufick","twitter_card":"summary_large_image","twitter_creator":"@EstratConcursos","twitter_site":"@EstratConcursos","twitter_misc":{"Escrito por":"Fatima Albuquerque Taufick","Est. tempo de leitura":"11 minutos"},"schema":{"@context":"https:\/\/schema.org","@graph":[{"@type":"NewsArticle","@id":"https:\/\/www.estrategiaconcursos.com.br\/blog\/investigador-pcmg-comentarios-prova-de-nocoes-de-medicina-legal\/#article","isPartOf":{"@id":"https:\/\/www.estrategiaconcursos.com.br\/blog\/investigador-pcmg-comentarios-prova-de-nocoes-de-medicina-legal\/"},"author":{"name":"Fatima Albuquerque Taufick","@id":"https:\/\/www.estrategiaconcursos.com.br\/blog\/#\/schema\/person\/e864f429c3ffda632c0bf58c9c267514"},"headline":"Investigador PC\/MG &#8211; Coment\u00e1rios \u00e0 prova de No\u00e7\u00f5es de Medicina Legal","datePublished":"2014-08-18T15:25:09+00:00","dateModified":"2015-01-05T19:26:28+00:00","mainEntityOfPage":{"@id":"https:\/\/www.estrategiaconcursos.com.br\/blog\/investigador-pcmg-comentarios-prova-de-nocoes-de-medicina-legal\/"},"wordCount":2190,"commentCount":1,"publisher":{"@id":"https:\/\/www.estrategiaconcursos.com.br\/blog\/#organization"},"keywords":["Medicina Legal","PC-MG"],"inLanguage":"pt-BR","potentialAction":[{"@type":"CommentAction","name":"Comment","target":["https:\/\/www.estrategiaconcursos.com.br\/blog\/investigador-pcmg-comentarios-prova-de-nocoes-de-medicina-legal\/#respond"]}],"copyrightYear":"2014","copyrightHolder":{"@id":"https:\/\/www.estrategiaconcursos.com.br\/blog\/#organization"}},{"@type":"WebPage","@id":"https:\/\/www.estrategiaconcursos.com.br\/blog\/investigador-pcmg-comentarios-prova-de-nocoes-de-medicina-legal\/","url":"https:\/\/www.estrategiaconcursos.com.br\/blog\/investigador-pcmg-comentarios-prova-de-nocoes-de-medicina-legal\/","name":"Investigador PC\/MG - Coment\u00e1rios \u00e0 prova de No\u00e7\u00f5es de Medicina Legal","isPartOf":{"@id":"https:\/\/www.estrategiaconcursos.com.br\/blog\/#website"},"datePublished":"2014-08-18T15:25:09+00:00","dateModified":"2015-01-05T19:26:28+00:00","description":"Coment\u00e1rios sobre as quest\u00f5es da prova de No\u00e7\u00f5es de Medicina Legal para Investigador da Pol\u00edcia Civil de Minas Gerais, recentemente realizada.","breadcrumb":{"@id":"https:\/\/www.estrategiaconcursos.com.br\/blog\/investigador-pcmg-comentarios-prova-de-nocoes-de-medicina-legal\/#breadcrumb"},"inLanguage":"pt-BR","potentialAction":[{"@type":"ReadAction","target":["https:\/\/www.estrategiaconcursos.com.br\/blog\/investigador-pcmg-comentarios-prova-de-nocoes-de-medicina-legal\/"]}]},{"@type":"BreadcrumbList","@id":"https:\/\/www.estrategiaconcursos.com.br\/blog\/investigador-pcmg-comentarios-prova-de-nocoes-de-medicina-legal\/#breadcrumb","itemListElement":[{"@type":"ListItem","position":1,"name":"In\u00edcio","item":"https:\/\/www.estrategiaconcursos.com.br\/blog\/"},{"@type":"ListItem","position":2,"name":"Investigador PC\/MG &#8211; Coment\u00e1rios \u00e0 prova de No\u00e7\u00f5es de Medicina Legal"}]},{"@type":"WebSite","@id":"https:\/\/www.estrategiaconcursos.com.br\/blog\/#website","url":"https:\/\/www.estrategiaconcursos.com.br\/blog\/","name":"Estrat\u00e9gia Concursos","description":"O blog da Estrat\u00e9gia Concursos traz not\u00edcias sobre concursos e artigos de professores oferecendo cursos para concursos (pdf + videaulas) no site.","publisher":{"@id":"https:\/\/www.estrategiaconcursos.com.br\/blog\/#organization"},"potentialAction":[{"@type":"SearchAction","target":{"@type":"EntryPoint","urlTemplate":"https:\/\/www.estrategiaconcursos.com.br\/blog\/?s={search_term_string}"},"query-input":{"@type":"PropertyValueSpecification","valueRequired":true,"valueName":"search_term_string"}}],"inLanguage":"pt-BR"},{"@type":"Organization","@id":"https:\/\/www.estrategiaconcursos.com.br\/blog\/#organization","name":"Estrat\u00e9gia Concursos","url":"https:\/\/www.estrategiaconcursos.com.br\/blog\/","logo":{"@type":"ImageObject","inLanguage":"pt-BR","@id":"https:\/\/www.estrategiaconcursos.com.br\/blog\/#\/schema\/logo\/image\/","url":"https:\/\/dhg1h5j42swfq.cloudfront.net\/2025\/06\/03203428\/logo_concursos-1.jpg","contentUrl":"https:\/\/dhg1h5j42swfq.cloudfront.net\/2025\/06\/03203428\/logo_concursos-1.jpg","width":230,"height":60,"caption":"Estrat\u00e9gia Concursos"},"image":{"@id":"https:\/\/www.estrategiaconcursos.com.br\/blog\/#\/schema\/logo\/image\/"},"sameAs":["https:\/\/x.com\/EstratConcursos"]},{"@type":"Person","@id":"https:\/\/www.estrategiaconcursos.com.br\/blog\/#\/schema\/person\/e864f429c3ffda632c0bf58c9c267514","name":"Fatima Albuquerque Taufick","image":{"@type":"ImageObject","inLanguage":"pt-BR","@id":"https:\/\/secure.gravatar.com\/avatar\/db40025c5c0023b630eb7435c10fe66c23a5aa27d87207464eda1b9417016bee?s=96&d=mm&r=g","url":"https:\/\/secure.gravatar.com\/avatar\/db40025c5c0023b630eb7435c10fe66c23a5aa27d87207464eda1b9417016bee?s=96&d=mm&r=g","contentUrl":"https:\/\/secure.gravatar.com\/avatar\/db40025c5c0023b630eb7435c10fe66c23a5aa27d87207464eda1b9417016bee?s=96&d=mm&r=g","caption":"Fatima Albuquerque Taufick"},"url":"https:\/\/www.estrategiaconcursos.com.br\/blog\/author\/fatimaestrategiaconcursos-com-br\/"}]}},"_links":{"self":[{"href":"https:\/\/www.estrategiaconcursos.com.br\/blog\/wp-json\/wp\/v2\/posts\/17445","targetHints":{"allow":["GET"]}}],"collection":[{"href":"https:\/\/www.estrategiaconcursos.com.br\/blog\/wp-json\/wp\/v2\/posts"}],"about":[{"href":"https:\/\/www.estrategiaconcursos.com.br\/blog\/wp-json\/wp\/v2\/types\/post"}],"author":[{"embeddable":true,"href":"https:\/\/www.estrategiaconcursos.com.br\/blog\/wp-json\/wp\/v2\/users\/144"}],"replies":[{"embeddable":true,"href":"https:\/\/www.estrategiaconcursos.com.br\/blog\/wp-json\/wp\/v2\/comments?post=17445"}],"version-history":[{"count":5,"href":"https:\/\/www.estrategiaconcursos.com.br\/blog\/wp-json\/wp\/v2\/posts\/17445\/revisions"}],"predecessor-version":[{"id":17490,"href":"https:\/\/www.estrategiaconcursos.com.br\/blog\/wp-json\/wp\/v2\/posts\/17445\/revisions\/17490"}],"wp:attachment":[{"href":"https:\/\/www.estrategiaconcursos.com.br\/blog\/wp-json\/wp\/v2\/media?parent=17445"}],"wp:term":[{"taxonomy":"category","embeddable":true,"href":"https:\/\/www.estrategiaconcursos.com.br\/blog\/wp-json\/wp\/v2\/categories?post=17445"},{"taxonomy":"post_tag","embeddable":true,"href":"https:\/\/www.estrategiaconcursos.com.br\/blog\/wp-json\/wp\/v2\/tags?post=17445"},{"taxonomy":"tax_estado","embeddable":true,"href":"https:\/\/www.estrategiaconcursos.com.br\/blog\/wp-json\/wp\/v2\/tax_estado?post=17445"}],"curies":[{"name":"wp","href":"https:\/\/api.w.org\/{rel}","templated":true}]}}