{"id":174437,"date":"2019-03-27T08:07:35","date_gmt":"2019-03-27T11:07:35","guid":{"rendered":"https:\/\/www.estrategiaconcursos.com.br\/blog\/?p=174437"},"modified":"2019-06-14T14:36:44","modified_gmt":"2019-06-14T17:36:44","slug":"concurso-ibge-projeto-basico","status":"publish","type":"post","link":"https:\/\/www.estrategiaconcursos.com.br\/blog\/concurso-ibge-projeto-basico\/","title":{"rendered":"Concurso IBGE: saiu o projeto b\u00e1sico da sele\u00e7\u00e3o de tempor\u00e1rios"},"content":{"rendered":"\n<p style=\"font-size:25px\"><em>Novo concurso IBGE oferecer\u00e1 2.459 vagas<\/em><\/p>\n\n\n\n<p>O Instituto Brasileiro de Geografia e Estat\u00edstica divulgou o <strong>projeto&nbsp;b\u00e1sico<\/strong> do concurso que oferecer\u00e1 vagas tempor\u00e1rias para a realiza\u00e7\u00e3o do  Censo Experimental e do Censo Demogr\u00e1fico 2020.<\/p>\n\n\n\n<p>Segundo o documento, ser\u00e3o realizados <strong>dois<\/strong> processos seletivos simplificados para a contrata\u00e7\u00e3o de Coordenador Censit\u00e1rio de Sub\u00e1rea, Agente Censit\u00e1rio Operacional, Agente Censit\u00e1rio Municipal, Agente Censit\u00e1rio Supervisor e Recenseador.<\/p>\n\n\n\n<p>O projeto b\u00e1sico cont\u00e9m os aspectos centrais do processo seletivo, como a estrutura das provas, munic\u00edpios abrangidos e dura\u00e7\u00e3o dos contratos para cada cargo. De acordo com o documento, o edital deve ser publicado at\u00e9 19 dias depois da assinatura do contrato com a organizadora.<\/p>\n\n\n\n<p>Nesta segunda-feira, 25 de mar\u00e7o, o Minist\u00e9rio da Economia j\u00e1 havia expedido uma portaria autorizando o provimento de 209 cargos para o Censo Experimental 2019. O projeto b\u00e1sico prev\u00ea ainda outras 2.250 vagas.<\/p>\n\n\n\n<h2 class=\"wp-block-heading\"> Vagas previstas<\/h2>\n\n\n\n<figure class=\"wp-block-image\"><img loading=\"lazy\" decoding=\"async\" width=\"821\" height=\"225\" src=\"https:\/\/dhg1h5j42swfq.cloudfront.net\/2019\/03\/27075431\/image96.png\" alt=\"Concurso IBGE\" class=\"wp-image-174441\" srcset=\"https:\/\/dhg1h5j42swfq.cloudfront.net\/2019\/03\/27075431\/image96.png 821w, https:\/\/dhg1h5j42swfq.cloudfront.net\/2019\/03\/27075431\/image96.png 300w, https:\/\/dhg1h5j42swfq.cloudfront.net\/2019\/03\/27075431\/image96.png 768w\" sizes=\"auto, (max-width: 821px) 100vw, 821px\" \/><figcaption>Projeto B\u00e1sico Concurso IBGE<\/figcaption><\/figure>\n\n\n\n<h2 class=\"wp-block-heading\">Remunera\u00e7\u00e3o<\/h2>\n\n\n\n<figure class=\"wp-block-image\"><img loading=\"lazy\" decoding=\"async\" width=\"967\" height=\"338\" src=\"https:\/\/dhg1h5j42swfq.cloudfront.net\/2019\/03\/27075549\/image97.png\" alt=\"Concurso IBGE\" class=\"wp-image-174442\" srcset=\"https:\/\/dhg1h5j42swfq.cloudfront.net\/2019\/03\/27075549\/image97.png 967w, https:\/\/dhg1h5j42swfq.cloudfront.net\/2019\/03\/27075549\/image97.png 300w, https:\/\/dhg1h5j42swfq.cloudfront.net\/2019\/03\/27075549\/image97.png 768w\" sizes=\"auto, (max-width: 967px) 100vw, 967px\" \/><figcaption>Projeto B\u00e1sico Concurso IBGE<\/figcaption><\/figure>\n\n\n\n<h2 class=\"wp-block-heading\">Provas<\/h2>\n\n\n\n<p>O concurso ter\u00e1 uma prova objetiva com 60 quest\u00f5es de m\u00faltipla escolha com cinco alternativas e dura\u00e7\u00e3o m\u00e1xima de quatro horas. O projeto b\u00e1sico do certame j\u00e1 prev\u00ea a distribui\u00e7\u00e3o de quest\u00f5es por disciplina nas provas de cada cargo. Confira abaixo:<\/p>\n\n\n\n<p class=\"has-medium-font-size\"><em>Coordenador&nbsp;Censit\u00e1rio&nbsp;de&nbsp;Sub\u00e1rea<\/em><\/p>\n\n\n\n<figure class=\"wp-block-image\"><img loading=\"lazy\" decoding=\"async\" width=\"1037\" height=\"212\" src=\"https:\/\/dhg1h5j42swfq.cloudfront.net\/2019\/03\/27075847\/image98.png\" alt=\"\" class=\"wp-image-174444\" srcset=\"https:\/\/dhg1h5j42swfq.cloudfront.net\/2019\/03\/27075847\/image98.png 1037w, https:\/\/dhg1h5j42swfq.cloudfront.net\/2019\/03\/27075847\/image98.png 300w, https:\/\/dhg1h5j42swfq.cloudfront.net\/2019\/03\/27075847\/image98.png 768w, https:\/\/dhg1h5j42swfq.cloudfront.net\/2019\/03\/27075847\/image98.png 1024w\" sizes=\"auto, (max-width: 1037px) 100vw, 1037px\" \/><figcaption><br \/><\/figcaption><\/figure>\n\n\n\n<p class=\"has-medium-font-size\"><em>Agente&nbsp;Censit\u00e1rio&nbsp;Operacional<\/em><\/p>\n\n\n\n<figure class=\"wp-block-image\"><img loading=\"lazy\" decoding=\"async\" width=\"1041\" height=\"206\" src=\"https:\/\/dhg1h5j42swfq.cloudfront.net\/2019\/03\/27075922\/image99.png\" alt=\"\" class=\"wp-image-174445\" srcset=\"https:\/\/dhg1h5j42swfq.cloudfront.net\/2019\/03\/27075922\/image99.png 1041w, https:\/\/dhg1h5j42swfq.cloudfront.net\/2019\/03\/27075922\/image99.png 300w, https:\/\/dhg1h5j42swfq.cloudfront.net\/2019\/03\/27075922\/image99.png 768w, https:\/\/dhg1h5j42swfq.cloudfront.net\/2019\/03\/27075922\/image99.png 1024w\" sizes=\"auto, (max-width: 1041px) 100vw, 1041px\" \/><\/figure>\n\n\n\n<p class=\"has-medium-font-size\"><em>Agente&nbsp;Censit\u00e1rio&nbsp;Supervisor&nbsp;e&nbsp;Agente&nbsp;Censit\u00e1rio&nbsp;Municipal<\/em><\/p>\n\n\n\n<figure class=\"wp-block-image\"><img loading=\"lazy\" decoding=\"async\" width=\"1036\" height=\"235\" src=\"https:\/\/dhg1h5j42swfq.cloudfront.net\/2019\/03\/27075958\/image100.png\" alt=\"\" class=\"wp-image-174446\" srcset=\"https:\/\/dhg1h5j42swfq.cloudfront.net\/2019\/03\/27075958\/image100.png 1036w, https:\/\/dhg1h5j42swfq.cloudfront.net\/2019\/03\/27075958\/image100.png 300w, https:\/\/dhg1h5j42swfq.cloudfront.net\/2019\/03\/27075958\/image100.png 768w, https:\/\/dhg1h5j42swfq.cloudfront.net\/2019\/03\/27075958\/image100.png 1024w\" sizes=\"auto, (max-width: 1036px) 100vw, 1036px\" \/><\/figure>\n\n\n\n<p class=\"has-medium-font-size\"><em>Recenseador<\/em><\/p>\n\n\n\n<figure class=\"wp-block-image\"><img loading=\"lazy\" decoding=\"async\" width=\"1036\" height=\"206\" src=\"https:\/\/dhg1h5j42swfq.cloudfront.net\/2019\/03\/27080016\/image101.png\" alt=\"\" class=\"wp-image-174447\" srcset=\"https:\/\/dhg1h5j42swfq.cloudfront.net\/2019\/03\/27080016\/image101.png 1036w, https:\/\/dhg1h5j42swfq.cloudfront.net\/2019\/03\/27080016\/image101.png 300w, https:\/\/dhg1h5j42swfq.cloudfront.net\/2019\/03\/27080016\/image101.png 768w, https:\/\/dhg1h5j42swfq.cloudfront.net\/2019\/03\/27080016\/image101.png 1024w\" sizes=\"auto, (max-width: 1036px) 100vw, 1036px\" \/><\/figure>\n\n\n\n<p style=\"font-size:25px\"><strong>Baixe o Projeto B\u00e1sico<\/strong><\/p>\n\n\n\n<div class=\"wp-block-file\"><a href=\"https:\/\/dhg1h5j42swfq.cloudfront.net\/2019\/03\/27080321\/Projeto-B%C3%A1sico-Censo-Experimental-2020.pdf\">Projeto B\u00e1sico Concurso IBGE<\/a><a href=\"https:\/\/dhg1h5j42swfq.cloudfront.net\/2019\/03\/27080321\/Projeto-B%C3%A1sico-Censo-Experimental-2020.pdf\" class=\"wp-block-file__button\" download>Baixar<\/a><\/div>\n\n\n\n<h2 class=\"wp-block-heading\">\u00daltimo concurso IBGE Tempor\u00e1rios<\/h2>\n\n\n\n<p>O \u00faltimo certame para cargos tempor\u00e1rios promovido pelo Instituto Brasileiro de Geografia e Estat\u00edstica ocorreu em 2017, e ofertou um total de 26 mil vagas divididas entre os cargos de&nbsp;Analista, Agente Censit\u00e1rio e Recenseador.<\/p>\n\n\n\n<p style=\"font-size:25px\"><em><a href=\"https:\/\/www.estrategiaconcursos.com.br\/blog\/concurso-ibge-2\/\" target=\"_blank\" rel=\"noreferrer noopener\" aria-label=\"Saiba&nbsp;tudo&nbsp;sobre&nbsp;o&nbsp;concurso&nbsp;IBGE&nbsp;Tempor\u00e1rios&nbsp;aqui (opens in a new tab)\">Saiba&nbsp;tudo&nbsp;sobre&nbsp;o&nbsp;concurso&nbsp;IBGE&nbsp;Tempor\u00e1rios&nbsp;aqui<\/a><\/em><\/p>\n\n\n\n<p><em>Ascom&nbsp;Estrat\u00e9gia<\/em><br \/>ascomestrategia@gmail.com<\/p>\n\n\n\n<p style=\"font-size:25px;text-align:center\" class=\"has-background has-very-light-gray-background-color\"><a href=\"https:\/\/www.estrategiaconcursos.com.br\/cursosPorConcurso\/ibge-204\/\"><strong>CURSO&nbsp;PARA&nbsp;O&nbsp;CONCURSO&nbsp;IBGE<\/strong><\/a><\/p>\n\n\n\n<p style=\"text-align:center\"><em><strong>Assinatura Anual Ilimitada*<\/strong><\/em><\/p>\n\n\n\n<p><em>Prepare-se com o melhor material e com quem mais aprova em&nbsp;Concursos P\u00fablicos de todo o pa\u00eds. Assine agora a nossa Assinatura Anual e tenha acesso ilimitado* a todos os nossos cursos.<\/em><\/p>\n\n\n\n<div class=\"wp-block-image\"><figure class=\"aligncenter\"><a href=\"https:\/\/www.estrategiaconcursos.com.br\/assinaturas\" target=\"_blank\" rel=\"noreferrer noopener\"><img decoding=\"async\" src=\"https:\/\/www.estrategiaconcursos.com.br\/assets\/img\/banner-assinaturas.jpg\" alt=\"Assinatura Ilimitada\" class=\"wp-image-157836\"\/><\/a><\/figure><\/div>\n","protected":false},"excerpt":{"rendered":"<p>Novo concurso IBGE oferecer\u00e1 2.459 vagas O Instituto Brasileiro de Geografia e Estat\u00edstica divulgou o projeto&nbsp;b\u00e1sico do concurso que oferecer\u00e1 vagas tempor\u00e1rias para a realiza\u00e7\u00e3o do Censo Experimental e do Censo Demogr\u00e1fico 2020. Segundo o documento, ser\u00e3o realizados dois processos seletivos simplificados para a contrata\u00e7\u00e3o de Coordenador Censit\u00e1rio de Sub\u00e1rea, Agente Censit\u00e1rio Operacional, Agente Censit\u00e1rio [&hellip;]<\/p>\n","protected":false},"author":73,"featured_media":173887,"comment_status":"open","ping_status":"closed","sticky":false,"template":"","format":"standard","meta":{"post_tipo":"article","footnotes":""},"categories":[1],"tags":[],"tax_estado":[],"class_list":["post-174437","post","type-post","status-publish","format-standard","has-post-thumbnail","hentry","category-cursos-e-concursos"],"acf":[],"yoast_head":"<!-- This site is optimized with the Yoast SEO Premium plugin v27.2 (Yoast SEO v27.2) - https:\/\/yoast.com\/product\/yoast-seo-premium-wordpress\/ -->\n<title>Concurso IBGE: saiu o projeto b\u00e1sico da sele\u00e7\u00e3o de tempor\u00e1rios<\/title>\n<meta name=\"description\" content=\"Novo concurso IBGE oferecer\u00e1 2.459 vagas segundo projeto b\u00e1sico da sele\u00e7\u00e3o divulgado pelo Instituto Brasileiro de Geografia e Estat\u00edstica.\" \/>\n<meta name=\"robots\" content=\"index, follow, max-snippet:-1, max-image-preview:large, max-video-preview:-1\" \/>\n<link rel=\"canonical\" href=\"https:\/\/www.estrategiaconcursos.com.br\/blog\/concurso-ibge-projeto-basico\/\" \/>\n<meta property=\"og:locale\" content=\"pt_BR\" \/>\n<meta property=\"og:type\" content=\"article\" \/>\n<meta property=\"og:title\" content=\"Concurso IBGE: saiu o projeto b\u00e1sico da sele\u00e7\u00e3o de tempor\u00e1rios\" \/>\n<meta property=\"og:description\" content=\"Novo concurso IBGE oferecer\u00e1 2.459 vagas segundo projeto b\u00e1sico da sele\u00e7\u00e3o divulgado pelo Instituto Brasileiro de Geografia e Estat\u00edstica.\" \/>\n<meta property=\"og:url\" content=\"https:\/\/www.estrategiaconcursos.com.br\/blog\/concurso-ibge-projeto-basico\/\" \/>\n<meta property=\"og:site_name\" content=\"Estrat\u00e9gia Concursos\" \/>\n<meta property=\"article:author\" content=\"https:\/\/www.facebook.com\/rosenvaljr\" \/>\n<meta property=\"article:published_time\" content=\"2019-03-27T11:07:35+00:00\" \/>\n<meta property=\"article:modified_time\" content=\"2019-06-14T17:36:44+00:00\" \/>\n<meta property=\"og:image\" content=\"https:\/\/dhg1h5j42swfq.cloudfront.net\/2019\/03\/25112137\/IBGE-AUTORIZADO.jpg\" \/>\n\t<meta property=\"og:image:width\" content=\"1200\" \/>\n\t<meta property=\"og:image:height\" content=\"628\" \/>\n\t<meta property=\"og:image:type\" content=\"image\/jpeg\" \/>\n<meta name=\"author\" content=\"Rosenval J\u00fanior\" \/>\n<meta name=\"twitter:card\" content=\"summary_large_image\" \/>\n<meta name=\"twitter:creator\" content=\"@EstratConcursos\" \/>\n<meta name=\"twitter:site\" content=\"@EstratConcursos\" \/>\n<meta name=\"twitter:label1\" content=\"Escrito por\" \/>\n\t<meta name=\"twitter:data1\" content=\"Rosenval J\u00fanior\" \/>\n\t<meta name=\"twitter:label2\" content=\"Est. tempo de leitura\" \/>\n\t<meta name=\"twitter:data2\" content=\"2 minutos\" \/>\n<script type=\"application\/ld+json\" class=\"yoast-schema-graph\">{\"@context\":\"https:\/\/schema.org\",\"@graph\":[{\"@type\":\"NewsArticle\",\"@id\":\"https:\/\/www.estrategiaconcursos.com.br\/blog\/concurso-ibge-projeto-basico\/#article\",\"isPartOf\":{\"@id\":\"https:\/\/www.estrategiaconcursos.com.br\/blog\/concurso-ibge-projeto-basico\/\"},\"author\":{\"name\":\"Rosenval J\u00fanior\",\"@id\":\"https:\/\/www.estrategiaconcursos.com.br\/blog\/#\/schema\/person\/3489eb8fb39ff11193689cf7762b03b0\"},\"headline\":\"Concurso IBGE: saiu o projeto b\u00e1sico da sele\u00e7\u00e3o de tempor\u00e1rios\",\"datePublished\":\"2019-03-27T11:07:35+00:00\",\"dateModified\":\"2019-06-14T17:36:44+00:00\",\"mainEntityOfPage\":{\"@id\":\"https:\/\/www.estrategiaconcursos.com.br\/blog\/concurso-ibge-projeto-basico\/\"},\"wordCount\":382,\"commentCount\":0,\"publisher\":{\"@id\":\"https:\/\/www.estrategiaconcursos.com.br\/blog\/#organization\"},\"image\":{\"@id\":\"https:\/\/www.estrategiaconcursos.com.br\/blog\/concurso-ibge-projeto-basico\/#primaryimage\"},\"thumbnailUrl\":\"https:\/\/dhg1h5j42swfq.cloudfront.net\/2019\/03\/25112137\/IBGE-AUTORIZADO.jpg\",\"articleSection\":[\"Concursos P\u00fablicos\"],\"inLanguage\":\"pt-BR\",\"potentialAction\":[{\"@type\":\"CommentAction\",\"name\":\"Comment\",\"target\":[\"https:\/\/www.estrategiaconcursos.com.br\/blog\/concurso-ibge-projeto-basico\/#respond\"]}],\"copyrightYear\":\"2019\",\"copyrightHolder\":{\"@id\":\"https:\/\/www.estrategiaconcursos.com.br\/blog\/#organization\"}},{\"@type\":\"WebPage\",\"@id\":\"https:\/\/www.estrategiaconcursos.com.br\/blog\/concurso-ibge-projeto-basico\/\",\"url\":\"https:\/\/www.estrategiaconcursos.com.br\/blog\/concurso-ibge-projeto-basico\/\",\"name\":\"Concurso IBGE: saiu o projeto b\u00e1sico da sele\u00e7\u00e3o de tempor\u00e1rios\",\"isPartOf\":{\"@id\":\"https:\/\/www.estrategiaconcursos.com.br\/blog\/#website\"},\"primaryImageOfPage\":{\"@id\":\"https:\/\/www.estrategiaconcursos.com.br\/blog\/concurso-ibge-projeto-basico\/#primaryimage\"},\"image\":{\"@id\":\"https:\/\/www.estrategiaconcursos.com.br\/blog\/concurso-ibge-projeto-basico\/#primaryimage\"},\"thumbnailUrl\":\"https:\/\/dhg1h5j42swfq.cloudfront.net\/2019\/03\/25112137\/IBGE-AUTORIZADO.jpg\",\"datePublished\":\"2019-03-27T11:07:35+00:00\",\"dateModified\":\"2019-06-14T17:36:44+00:00\",\"description\":\"Novo concurso IBGE oferecer\u00e1 2.459 vagas segundo projeto b\u00e1sico da sele\u00e7\u00e3o divulgado pelo Instituto Brasileiro de Geografia e Estat\u00edstica.\",\"breadcrumb\":{\"@id\":\"https:\/\/www.estrategiaconcursos.com.br\/blog\/concurso-ibge-projeto-basico\/#breadcrumb\"},\"inLanguage\":\"pt-BR\",\"potentialAction\":[{\"@type\":\"ReadAction\",\"target\":[\"https:\/\/www.estrategiaconcursos.com.br\/blog\/concurso-ibge-projeto-basico\/\"]}]},{\"@type\":\"ImageObject\",\"inLanguage\":\"pt-BR\",\"@id\":\"https:\/\/www.estrategiaconcursos.com.br\/blog\/concurso-ibge-projeto-basico\/#primaryimage\",\"url\":\"https:\/\/dhg1h5j42swfq.cloudfront.net\/2019\/03\/25112137\/IBGE-AUTORIZADO.jpg\",\"contentUrl\":\"https:\/\/dhg1h5j42swfq.cloudfront.net\/2019\/03\/25112137\/IBGE-AUTORIZADO.jpg\",\"width\":1200,\"height\":628,\"caption\":\"concurso ibge\"},{\"@type\":\"BreadcrumbList\",\"@id\":\"https:\/\/www.estrategiaconcursos.com.br\/blog\/concurso-ibge-projeto-basico\/#breadcrumb\",\"itemListElement\":[{\"@type\":\"ListItem\",\"position\":1,\"name\":\"In\u00edcio\",\"item\":\"https:\/\/www.estrategiaconcursos.com.br\/blog\/\"},{\"@type\":\"ListItem\",\"position\":2,\"name\":\"Concurso IBGE: saiu o projeto b\u00e1sico da sele\u00e7\u00e3o de tempor\u00e1rios\"}]},{\"@type\":\"WebSite\",\"@id\":\"https:\/\/www.estrategiaconcursos.com.br\/blog\/#website\",\"url\":\"https:\/\/www.estrategiaconcursos.com.br\/blog\/\",\"name\":\"Estrat\u00e9gia Concursos\",\"description\":\"O blog da Estrat\u00e9gia Concursos traz not\u00edcias sobre concursos e artigos de professores oferecendo cursos para concursos (pdf + videaulas) no site.\",\"publisher\":{\"@id\":\"https:\/\/www.estrategiaconcursos.com.br\/blog\/#organization\"},\"potentialAction\":[{\"@type\":\"SearchAction\",\"target\":{\"@type\":\"EntryPoint\",\"urlTemplate\":\"https:\/\/www.estrategiaconcursos.com.br\/blog\/?s={search_term_string}\"},\"query-input\":{\"@type\":\"PropertyValueSpecification\",\"valueRequired\":true,\"valueName\":\"search_term_string\"}}],\"inLanguage\":\"pt-BR\"},{\"@type\":\"Organization\",\"@id\":\"https:\/\/www.estrategiaconcursos.com.br\/blog\/#organization\",\"name\":\"Estrat\u00e9gia Concursos\",\"url\":\"https:\/\/www.estrategiaconcursos.com.br\/blog\/\",\"logo\":{\"@type\":\"ImageObject\",\"inLanguage\":\"pt-BR\",\"@id\":\"https:\/\/www.estrategiaconcursos.com.br\/blog\/#\/schema\/logo\/image\/\",\"url\":\"https:\/\/dhg1h5j42swfq.cloudfront.net\/2025\/06\/03203428\/logo_concursos-1.jpg\",\"contentUrl\":\"https:\/\/dhg1h5j42swfq.cloudfront.net\/2025\/06\/03203428\/logo_concursos-1.jpg\",\"width\":230,\"height\":60,\"caption\":\"Estrat\u00e9gia Concursos\"},\"image\":{\"@id\":\"https:\/\/www.estrategiaconcursos.com.br\/blog\/#\/schema\/logo\/image\/\"},\"sameAs\":[\"https:\/\/x.com\/EstratConcursos\"]},{\"@type\":\"Person\",\"@id\":\"https:\/\/www.estrategiaconcursos.com.br\/blog\/#\/schema\/person\/3489eb8fb39ff11193689cf7762b03b0\",\"name\":\"Rosenval J\u00fanior\",\"image\":{\"@type\":\"ImageObject\",\"inLanguage\":\"pt-BR\",\"@id\":\"https:\/\/secure.gravatar.com\/avatar\/dc38e7bcadccb99c8a28b35b027bdc6b8b6a65ee938a25ed335e3e31eed462e0?s=96&d=mm&r=g\",\"url\":\"https:\/\/secure.gravatar.com\/avatar\/dc38e7bcadccb99c8a28b35b027bdc6b8b6a65ee938a25ed335e3e31eed462e0?s=96&d=mm&r=g\",\"contentUrl\":\"https:\/\/secure.gravatar.com\/avatar\/dc38e7bcadccb99c8a28b35b027bdc6b8b6a65ee938a25ed335e3e31eed462e0?s=96&d=mm&r=g\",\"caption\":\"Rosenval J\u00fanior\"},\"description\":\"Graduado pela Universidade Federal de Vi\u00e7osa - UFV. P\u00f3s-graduado em Direito Ambiental. Graduado tamb\u00e9m em Gest\u00e3o Ambiental, com tr\u00eas especializa\u00e7\u00f5es na \u00e1rea ambiental. Mestrando em Engenharia Ambiental. Servidor p\u00fablico do Minist\u00e9rio da Justi\u00e7a e professor de Direito Ambiental, Meio Ambiente, Direito Agr\u00e1rio e Direito Urban\u00edstico para concursos p\u00fablicos. Professor de Direito Ambiental para o Exame de Ordem. Aprovado em 15 concursos p\u00fablicos na \u00e1rea de Meio Ambiente como Analista Ambiental do Instituto Brasileiro do Meio Ambiente e dos Recursos Naturais Renov\u00e1veis - IBAMA; Analista Pericial - Especialidade Engenharia Florestal do Minist\u00e9rio P\u00fablico da Uni\u00e3o - MPU; Analista de Infraestrutura - \u00c1rea de Especializa\u00e7\u00e3o Ambiental do Departamento Nacional de Infraestrutura de Transportes - DNIT; Especialista em Regula\u00e7\u00e3o - \u00c1rea Engenharia Ambiental e Engenharia Florestal, com \u00eanfase em Meio Ambiente da Ag\u00eancia Nacional de Transportes Terrestres - ANTT; Consultor Legislativo em Meio Ambiente e Direito Ambiental, Organiza\u00e7\u00e3o Territorial, Desenvolvimento Urbano e Regional da C\u00e2mara dos Deputados; entre outros. Autor do livro \\\"Direito Ambiental para Concursos e Exame de Ordem\\\", Editora Juru\u00e1. Iniciou sua carreira no servi\u00e7o p\u00fablico federal em 2006, quando obteve aprova\u00e7\u00e3o em 1\u00b0 lugar para o cargo de engenheiro florestal da Casa Civil da Presid\u00eancia da Rep\u00fablica\/Arquivo Nacional. Alguns concursos em que foi aprovado: 1\u00b0 lugar para Analista do Minist\u00e9rio P\u00fablico de MG; 1\u00ba lugar para Engenheiro da Casa Civil da Presid\u00eancia da Rep\u00fablica; 1\u00b0 lugar para T\u00e9cnico em Recursos Naturais \u2013 n\u00edvel II \u2013 \u00c1rea Engenharia Florestal do IDAF; 2\u00b0 lugar para Analista Pericial do Minist\u00e9rio P\u00fablico da Uni\u00e3o - MPU; 2\u00b0 lugar para Analista em Reforma e Desenvolvimento Agr\u00e1rio do INCRA; 7\u00ba lugar Engenheiro J\u00fanior da Caixa Econ\u00f4mica Federal; 10\u00ba lugar para Analista Ambiental do Instituto Estadual de Florestas - IEF\/MG; 6\u00ba lugar para Analista de Infraestrutura (\u00c1rea de Especializa\u00e7\u00e3o Ambiental) do Departamento Nacional de Infraestrutura de Transportes \u2013 DNIT (Prova objetiva e discursiva); 2\u00b0 lugar para Perito Criminal da Pol\u00edcia Civil do Estado do Rio de Janeiro \u2013PCERJ (Resultado na Prova objetiva, TAF, Avalia\u00e7\u00e3o M\u00e9dica, e Psicot\u00e9cnico); 10\u00ba lugar para Perito Criminal da Pol\u00edcia Federal \u2013 DPF \u2013 \u00c1rea 9 (Resultado definitivo na prova objetiva e discursiva); 2\u00b0 lugar para Analista Ambiental do Instituto Brasileiro do Meio Ambiente e dos Recursos Naturais Renov\u00e1veis \u2013 IBAMA (Prova objetiva e discursiva); 1\u00b0 lugar para Especialista em Regula\u00e7\u00e3o Engenharia Ambiental e Engenharia Florestal (com \u00eanfase em meio ambiente) da Ag\u00eancia Nacional de Transportes Terrestres - ANTT (Resultado da prova objetiva, discursiva e de t\u00edtulos); 10\u00ba lugar para Consultor Legislativo em Meio Ambiente e Direito Ambiental, Organiza\u00e7\u00e3o Territorial, Desenvolvimento Urbano e Regional da C\u00e2mara dos Deputados. (Resultado da prova objetiva, discursiva e de t\u00edtulos) Entre em contato comigo pelo facebook e pelo Youtube. Basta colocar na busca: Rosenval J\u00fanior. Ou copiar e colar o endere\u00e7o: www.facebook.com\/rosenvaljr Acesse o meu site e saiba mais: www.aprendadireitoambiental.com.br\",\"sameAs\":[\"http:\/\/www.aprendadireitoambiental.com.br\",\"https:\/\/www.facebook.com\/rosenvaljr\"],\"url\":\"https:\/\/www.estrategiaconcursos.com.br\/blog\/author\/rosenvaljuniorestrategiaconcursos-com-br\/\"}]}<\/script>\n<!-- \/ Yoast SEO Premium plugin. -->","yoast_head_json":{"title":"Concurso IBGE: saiu o projeto b\u00e1sico da sele\u00e7\u00e3o de tempor\u00e1rios","description":"Novo concurso IBGE oferecer\u00e1 2.459 vagas segundo projeto b\u00e1sico da sele\u00e7\u00e3o divulgado pelo Instituto Brasileiro de Geografia e Estat\u00edstica.","robots":{"index":"index","follow":"follow","max-snippet":"max-snippet:-1","max-image-preview":"max-image-preview:large","max-video-preview":"max-video-preview:-1"},"canonical":"https:\/\/www.estrategiaconcursos.com.br\/blog\/concurso-ibge-projeto-basico\/","og_locale":"pt_BR","og_type":"article","og_title":"Concurso IBGE: saiu o projeto b\u00e1sico da sele\u00e7\u00e3o de tempor\u00e1rios","og_description":"Novo concurso IBGE oferecer\u00e1 2.459 vagas segundo projeto b\u00e1sico da sele\u00e7\u00e3o divulgado pelo Instituto Brasileiro de Geografia e Estat\u00edstica.","og_url":"https:\/\/www.estrategiaconcursos.com.br\/blog\/concurso-ibge-projeto-basico\/","og_site_name":"Estrat\u00e9gia Concursos","article_author":"https:\/\/www.facebook.com\/rosenvaljr","article_published_time":"2019-03-27T11:07:35+00:00","article_modified_time":"2019-06-14T17:36:44+00:00","og_image":[{"width":1200,"height":628,"url":"https:\/\/dhg1h5j42swfq.cloudfront.net\/2019\/03\/25112137\/IBGE-AUTORIZADO.jpg","type":"image\/jpeg"}],"author":"Rosenval J\u00fanior","twitter_card":"summary_large_image","twitter_creator":"@EstratConcursos","twitter_site":"@EstratConcursos","twitter_misc":{"Escrito por":"Rosenval J\u00fanior","Est. tempo de leitura":"2 minutos"},"schema":{"@context":"https:\/\/schema.org","@graph":[{"@type":"NewsArticle","@id":"https:\/\/www.estrategiaconcursos.com.br\/blog\/concurso-ibge-projeto-basico\/#article","isPartOf":{"@id":"https:\/\/www.estrategiaconcursos.com.br\/blog\/concurso-ibge-projeto-basico\/"},"author":{"name":"Rosenval J\u00fanior","@id":"https:\/\/www.estrategiaconcursos.com.br\/blog\/#\/schema\/person\/3489eb8fb39ff11193689cf7762b03b0"},"headline":"Concurso IBGE: saiu o projeto b\u00e1sico da sele\u00e7\u00e3o de tempor\u00e1rios","datePublished":"2019-03-27T11:07:35+00:00","dateModified":"2019-06-14T17:36:44+00:00","mainEntityOfPage":{"@id":"https:\/\/www.estrategiaconcursos.com.br\/blog\/concurso-ibge-projeto-basico\/"},"wordCount":382,"commentCount":0,"publisher":{"@id":"https:\/\/www.estrategiaconcursos.com.br\/blog\/#organization"},"image":{"@id":"https:\/\/www.estrategiaconcursos.com.br\/blog\/concurso-ibge-projeto-basico\/#primaryimage"},"thumbnailUrl":"https:\/\/dhg1h5j42swfq.cloudfront.net\/2019\/03\/25112137\/IBGE-AUTORIZADO.jpg","articleSection":["Concursos P\u00fablicos"],"inLanguage":"pt-BR","potentialAction":[{"@type":"CommentAction","name":"Comment","target":["https:\/\/www.estrategiaconcursos.com.br\/blog\/concurso-ibge-projeto-basico\/#respond"]}],"copyrightYear":"2019","copyrightHolder":{"@id":"https:\/\/www.estrategiaconcursos.com.br\/blog\/#organization"}},{"@type":"WebPage","@id":"https:\/\/www.estrategiaconcursos.com.br\/blog\/concurso-ibge-projeto-basico\/","url":"https:\/\/www.estrategiaconcursos.com.br\/blog\/concurso-ibge-projeto-basico\/","name":"Concurso IBGE: saiu o projeto b\u00e1sico da sele\u00e7\u00e3o de tempor\u00e1rios","isPartOf":{"@id":"https:\/\/www.estrategiaconcursos.com.br\/blog\/#website"},"primaryImageOfPage":{"@id":"https:\/\/www.estrategiaconcursos.com.br\/blog\/concurso-ibge-projeto-basico\/#primaryimage"},"image":{"@id":"https:\/\/www.estrategiaconcursos.com.br\/blog\/concurso-ibge-projeto-basico\/#primaryimage"},"thumbnailUrl":"https:\/\/dhg1h5j42swfq.cloudfront.net\/2019\/03\/25112137\/IBGE-AUTORIZADO.jpg","datePublished":"2019-03-27T11:07:35+00:00","dateModified":"2019-06-14T17:36:44+00:00","description":"Novo concurso IBGE oferecer\u00e1 2.459 vagas segundo projeto b\u00e1sico da sele\u00e7\u00e3o divulgado pelo Instituto Brasileiro de Geografia e Estat\u00edstica.","breadcrumb":{"@id":"https:\/\/www.estrategiaconcursos.com.br\/blog\/concurso-ibge-projeto-basico\/#breadcrumb"},"inLanguage":"pt-BR","potentialAction":[{"@type":"ReadAction","target":["https:\/\/www.estrategiaconcursos.com.br\/blog\/concurso-ibge-projeto-basico\/"]}]},{"@type":"ImageObject","inLanguage":"pt-BR","@id":"https:\/\/www.estrategiaconcursos.com.br\/blog\/concurso-ibge-projeto-basico\/#primaryimage","url":"https:\/\/dhg1h5j42swfq.cloudfront.net\/2019\/03\/25112137\/IBGE-AUTORIZADO.jpg","contentUrl":"https:\/\/dhg1h5j42swfq.cloudfront.net\/2019\/03\/25112137\/IBGE-AUTORIZADO.jpg","width":1200,"height":628,"caption":"concurso ibge"},{"@type":"BreadcrumbList","@id":"https:\/\/www.estrategiaconcursos.com.br\/blog\/concurso-ibge-projeto-basico\/#breadcrumb","itemListElement":[{"@type":"ListItem","position":1,"name":"In\u00edcio","item":"https:\/\/www.estrategiaconcursos.com.br\/blog\/"},{"@type":"ListItem","position":2,"name":"Concurso IBGE: saiu o projeto b\u00e1sico da sele\u00e7\u00e3o de tempor\u00e1rios"}]},{"@type":"WebSite","@id":"https:\/\/www.estrategiaconcursos.com.br\/blog\/#website","url":"https:\/\/www.estrategiaconcursos.com.br\/blog\/","name":"Estrat\u00e9gia Concursos","description":"O blog da Estrat\u00e9gia Concursos traz not\u00edcias sobre concursos e artigos de professores oferecendo cursos para concursos (pdf + videaulas) no site.","publisher":{"@id":"https:\/\/www.estrategiaconcursos.com.br\/blog\/#organization"},"potentialAction":[{"@type":"SearchAction","target":{"@type":"EntryPoint","urlTemplate":"https:\/\/www.estrategiaconcursos.com.br\/blog\/?s={search_term_string}"},"query-input":{"@type":"PropertyValueSpecification","valueRequired":true,"valueName":"search_term_string"}}],"inLanguage":"pt-BR"},{"@type":"Organization","@id":"https:\/\/www.estrategiaconcursos.com.br\/blog\/#organization","name":"Estrat\u00e9gia Concursos","url":"https:\/\/www.estrategiaconcursos.com.br\/blog\/","logo":{"@type":"ImageObject","inLanguage":"pt-BR","@id":"https:\/\/www.estrategiaconcursos.com.br\/blog\/#\/schema\/logo\/image\/","url":"https:\/\/dhg1h5j42swfq.cloudfront.net\/2025\/06\/03203428\/logo_concursos-1.jpg","contentUrl":"https:\/\/dhg1h5j42swfq.cloudfront.net\/2025\/06\/03203428\/logo_concursos-1.jpg","width":230,"height":60,"caption":"Estrat\u00e9gia Concursos"},"image":{"@id":"https:\/\/www.estrategiaconcursos.com.br\/blog\/#\/schema\/logo\/image\/"},"sameAs":["https:\/\/x.com\/EstratConcursos"]},{"@type":"Person","@id":"https:\/\/www.estrategiaconcursos.com.br\/blog\/#\/schema\/person\/3489eb8fb39ff11193689cf7762b03b0","name":"Rosenval J\u00fanior","image":{"@type":"ImageObject","inLanguage":"pt-BR","@id":"https:\/\/secure.gravatar.com\/avatar\/dc38e7bcadccb99c8a28b35b027bdc6b8b6a65ee938a25ed335e3e31eed462e0?s=96&d=mm&r=g","url":"https:\/\/secure.gravatar.com\/avatar\/dc38e7bcadccb99c8a28b35b027bdc6b8b6a65ee938a25ed335e3e31eed462e0?s=96&d=mm&r=g","contentUrl":"https:\/\/secure.gravatar.com\/avatar\/dc38e7bcadccb99c8a28b35b027bdc6b8b6a65ee938a25ed335e3e31eed462e0?s=96&d=mm&r=g","caption":"Rosenval J\u00fanior"},"description":"Graduado pela Universidade Federal de Vi\u00e7osa - UFV. P\u00f3s-graduado em Direito Ambiental. Graduado tamb\u00e9m em Gest\u00e3o Ambiental, com tr\u00eas especializa\u00e7\u00f5es na \u00e1rea ambiental. Mestrando em Engenharia Ambiental. Servidor p\u00fablico do Minist\u00e9rio da Justi\u00e7a e professor de Direito Ambiental, Meio Ambiente, Direito Agr\u00e1rio e Direito Urban\u00edstico para concursos p\u00fablicos. Professor de Direito Ambiental para o Exame de Ordem. Aprovado em 15 concursos p\u00fablicos na \u00e1rea de Meio Ambiente como Analista Ambiental do Instituto Brasileiro do Meio Ambiente e dos Recursos Naturais Renov\u00e1veis - IBAMA; Analista Pericial - Especialidade Engenharia Florestal do Minist\u00e9rio P\u00fablico da Uni\u00e3o - MPU; Analista de Infraestrutura - \u00c1rea de Especializa\u00e7\u00e3o Ambiental do Departamento Nacional de Infraestrutura de Transportes - DNIT; Especialista em Regula\u00e7\u00e3o - \u00c1rea Engenharia Ambiental e Engenharia Florestal, com \u00eanfase em Meio Ambiente da Ag\u00eancia Nacional de Transportes Terrestres - ANTT; Consultor Legislativo em Meio Ambiente e Direito Ambiental, Organiza\u00e7\u00e3o Territorial, Desenvolvimento Urbano e Regional da C\u00e2mara dos Deputados; entre outros. Autor do livro \"Direito Ambiental para Concursos e Exame de Ordem\", Editora Juru\u00e1. Iniciou sua carreira no servi\u00e7o p\u00fablico federal em 2006, quando obteve aprova\u00e7\u00e3o em 1\u00b0 lugar para o cargo de engenheiro florestal da Casa Civil da Presid\u00eancia da Rep\u00fablica\/Arquivo Nacional. Alguns concursos em que foi aprovado: 1\u00b0 lugar para Analista do Minist\u00e9rio P\u00fablico de MG; 1\u00ba lugar para Engenheiro da Casa Civil da Presid\u00eancia da Rep\u00fablica; 1\u00b0 lugar para T\u00e9cnico em Recursos Naturais \u2013 n\u00edvel II \u2013 \u00c1rea Engenharia Florestal do IDAF; 2\u00b0 lugar para Analista Pericial do Minist\u00e9rio P\u00fablico da Uni\u00e3o - MPU; 2\u00b0 lugar para Analista em Reforma e Desenvolvimento Agr\u00e1rio do INCRA; 7\u00ba lugar Engenheiro J\u00fanior da Caixa Econ\u00f4mica Federal; 10\u00ba lugar para Analista Ambiental do Instituto Estadual de Florestas - IEF\/MG; 6\u00ba lugar para Analista de Infraestrutura (\u00c1rea de Especializa\u00e7\u00e3o Ambiental) do Departamento Nacional de Infraestrutura de Transportes \u2013 DNIT (Prova objetiva e discursiva); 2\u00b0 lugar para Perito Criminal da Pol\u00edcia Civil do Estado do Rio de Janeiro \u2013PCERJ (Resultado na Prova objetiva, TAF, Avalia\u00e7\u00e3o M\u00e9dica, e Psicot\u00e9cnico); 10\u00ba lugar para Perito Criminal da Pol\u00edcia Federal \u2013 DPF \u2013 \u00c1rea 9 (Resultado definitivo na prova objetiva e discursiva); 2\u00b0 lugar para Analista Ambiental do Instituto Brasileiro do Meio Ambiente e dos Recursos Naturais Renov\u00e1veis \u2013 IBAMA (Prova objetiva e discursiva); 1\u00b0 lugar para Especialista em Regula\u00e7\u00e3o Engenharia Ambiental e Engenharia Florestal (com \u00eanfase em meio ambiente) da Ag\u00eancia Nacional de Transportes Terrestres - ANTT (Resultado da prova objetiva, discursiva e de t\u00edtulos); 10\u00ba lugar para Consultor Legislativo em Meio Ambiente e Direito Ambiental, Organiza\u00e7\u00e3o Territorial, Desenvolvimento Urbano e Regional da C\u00e2mara dos Deputados. (Resultado da prova objetiva, discursiva e de t\u00edtulos) Entre em contato comigo pelo facebook e pelo Youtube. Basta colocar na busca: Rosenval J\u00fanior. Ou copiar e colar o endere\u00e7o: www.facebook.com\/rosenvaljr Acesse o meu site e saiba mais: www.aprendadireitoambiental.com.br","sameAs":["http:\/\/www.aprendadireitoambiental.com.br","https:\/\/www.facebook.com\/rosenvaljr"],"url":"https:\/\/www.estrategiaconcursos.com.br\/blog\/author\/rosenvaljuniorestrategiaconcursos-com-br\/"}]}},"_links":{"self":[{"href":"https:\/\/www.estrategiaconcursos.com.br\/blog\/wp-json\/wp\/v2\/posts\/174437","targetHints":{"allow":["GET"]}}],"collection":[{"href":"https:\/\/www.estrategiaconcursos.com.br\/blog\/wp-json\/wp\/v2\/posts"}],"about":[{"href":"https:\/\/www.estrategiaconcursos.com.br\/blog\/wp-json\/wp\/v2\/types\/post"}],"author":[{"embeddable":true,"href":"https:\/\/www.estrategiaconcursos.com.br\/blog\/wp-json\/wp\/v2\/users\/73"}],"replies":[{"embeddable":true,"href":"https:\/\/www.estrategiaconcursos.com.br\/blog\/wp-json\/wp\/v2\/comments?post=174437"}],"version-history":[{"count":2,"href":"https:\/\/www.estrategiaconcursos.com.br\/blog\/wp-json\/wp\/v2\/posts\/174437\/revisions"}],"predecessor-version":[{"id":174456,"href":"https:\/\/www.estrategiaconcursos.com.br\/blog\/wp-json\/wp\/v2\/posts\/174437\/revisions\/174456"}],"wp:featuredmedia":[{"embeddable":true,"href":"https:\/\/www.estrategiaconcursos.com.br\/blog\/wp-json\/wp\/v2\/media\/173887"}],"wp:attachment":[{"href":"https:\/\/www.estrategiaconcursos.com.br\/blog\/wp-json\/wp\/v2\/media?parent=174437"}],"wp:term":[{"taxonomy":"category","embeddable":true,"href":"https:\/\/www.estrategiaconcursos.com.br\/blog\/wp-json\/wp\/v2\/categories?post=174437"},{"taxonomy":"post_tag","embeddable":true,"href":"https:\/\/www.estrategiaconcursos.com.br\/blog\/wp-json\/wp\/v2\/tags?post=174437"},{"taxonomy":"tax_estado","embeddable":true,"href":"https:\/\/www.estrategiaconcursos.com.br\/blog\/wp-json\/wp\/v2\/tax_estado?post=174437"}],"curies":[{"name":"wp","href":"https:\/\/api.w.org\/{rel}","templated":true}]}}